{"id":380315,"date":"2023-05-08T11:30:56","date_gmt":"2023-05-08T09:30:56","guid":{"rendered":"https:\/\/dicodusport.fr\/blog\/?p=380315&#038;preview=true&#038;preview_id=380315"},"modified":"2023-05-08T14:51:49","modified_gmt":"2023-05-08T12:51:49","slug":"triathlon-razzia-francaise-aux-mondiaux-militaires-mathilde-gautier-et-pierre-le-corre-en-or","status":"publish","type":"post","link":"https:\/\/dicodusport.fr\/blog\/triathlon-razzia-francaise-aux-mondiaux-militaires-mathilde-gautier-et-pierre-le-corre-en-or\/","title":{"rendered":"Triathlon : Razzia fran\u00e7aise aux Mondiaux militaires, Mathilde Gautier et Pierre Le Corre en or"},"content":{"rendered":"<p style=\"text-align: justify;\" align=\"justify\"><em><strong>TRIATHLON FRAN\u00c7AIS &#8211; La France organisait hier les Championnats du monde militaires, et a tout simplement rafl\u00e9 cinq des six m\u00e9dailles mises en jeu, avec le titre pour Mathilde Gautier et Pierre Le Corre.\u00a0<\/strong><\/em><\/p>\n<p style=\"text-align: justify;\" align=\"justify\">\u00c0 33 ans,<strong> Pierre Le Corre<\/strong> poss\u00e8de un palmar\u00e8s long comme le bras. <a href=\"https:\/\/dicodusport.fr\/blog\/triathlon-longue-distance-pierre-le-corre-sacre-champion-du-monde\/\">Champion du monde longue distance<\/a>, <a href=\"https:\/\/dicodusport.fr\/blog\/championnats-europe-triathlon-pierre-le-corre-en-or\/\">champion d&rsquo;Europe<\/a>, vainqueur des Jeux Mondiaux militaires \u00e0 trois reprises entre autres. Rattach\u00e9 au r\u00e9giment de Fontainebleau, il participait hier aux Championnats du monde militaires \u00e0 Brive-La-Gaillarde, une \u00e9preuve qui manquait sur son CV. Oubli r\u00e9par\u00e9, puisqu&rsquo;il s&rsquo;est impos\u00e9 en <strong>1h54:56<\/strong>, devan\u00e7ant de 14 secondes son compatriote <strong>Nathan Lessmann<\/strong>. Doubl\u00e9 fran\u00e7ais chez les hommes.<\/p>\n<blockquote class=\"twitter-tweet\">\n<p dir=\"ltr\" lang=\"fr\">Pierre Le Corre \ud83c\uddeb\ud83c\uddf7d\u00e9croche le titre de champion du monde militaire \u00e0 Brive. \ud83e\udd47\ud83c\udfc6\ud83d\udcaa<\/p>\n<p>Il devance un autre \ud83c\uddeb\ud83c\uddf7 Nathan Lessmann et le \ud83c\udde7\ud83c\uddea Noah Servais.<\/p>\n<p>\ud83d\udcf7 Activ\u2019Images-Fabien Boukla <a href=\"https:\/\/twitter.com\/hashtag\/Triathlon?src=hash&amp;ref_src=twsrc%5Etfw\">#Triathlon<\/a> <a href=\"https:\/\/t.co\/OY5vC1LTZe\">pic.twitter.com\/OY5vC1LTZe<\/a><\/p>\n<p>\u2014 F.F.TRI. &#8211; F\u00e9d\u00e9ration Fran\u00e7aise de Triathlon (@FFTRI) <a href=\"https:\/\/twitter.com\/FFTRI\/status\/1655271918021271552?ref_src=twsrc%5Etfw\">May 7, 2023<\/a><\/p><\/blockquote>\n<p style=\"text-align: justify;\"><script async src=\"https:\/\/platform.twitter.com\/widgets.js\" charset=\"utf-8\"><\/script><\/p>\n<p style=\"text-align: justify;\" align=\"justify\">Et tripl\u00e9 fran\u00e7ais chez les femmes, rien que \u00e7a. C&rsquo;est <strong>Mathilde Gautier<\/strong> qui a remport\u00e9 l&rsquo;\u00e9preuve en 2h12:46, et ce alors qu&rsquo;elle a chut\u00e9 pendant le parcours \u00e0 v\u00e9lo ! Ce qui ne l&rsquo;a pas emp\u00each\u00e9e d&rsquo;aller chercher la victoire devant <strong>Audrey Merle<\/strong> et <strong>Sandra Dodet<\/strong>, devant une foule venue nombreuse acclamer les sp\u00e9cialistes du triathlon. C&rsquo;est la premi\u00e8re fois que la repr\u00e9sentante du 40e r\u00e9giment de transmission de Thionville remporte ce troph\u00e9e, et elle parach\u00e8ve un nouveau grand week-end pour le triathlon fran\u00e7ais, apr\u00e8s <a href=\"https:\/\/dicodusport.fr\/blog\/triathlon-longue-distance-marjolaine-pierre-et-clement-mignon-en-or-aux-mondiaux\/\">les titres mondiaux sur longue distance, remport\u00e9s par <strong>Marjolaine Pierr\u00e9<\/strong> et <strong>Cl\u00e9ment Mignon<\/strong><\/a>.<\/p>\n<blockquote class=\"twitter-tweet\">\n<p dir=\"ltr\" lang=\"fr\">La fran\u00e7aise Mathilde Gautier championne du monde militaire a Brive ! <a href=\"https:\/\/t.co\/ZRCp0brQBV\">pic.twitter.com\/ZRCp0brQBV<\/a><\/p>\n<p>\u2014 La Montagne Brive (@Montagnecorreze) <a href=\"https:\/\/twitter.com\/Montagnecorreze\/status\/1655231631010025472?ref_src=twsrc%5Etfw\">May 7, 2023<\/a><\/p><\/blockquote>\n<p style=\"text-align: justify;\"><script async src=\"https:\/\/platform.twitter.com\/widgets.js\" charset=\"utf-8\"><\/script><\/p>\n","protected":false},"excerpt":{"rendered":"<p>TRIATHLON FRAN\u00c7AIS &#8211; La France organisait hier les Championnats du monde militaires, et a tout simplement rafl\u00e9 cinq des six m\u00e9dailles mises en jeu, avec le titre pour Mathilde Gautier et Pierre Le Corre.\u00a0<\/p>\n","protected":false},"author":59,"featured_media":380347,"comment_status":"open","ping_status":"closed","sticky":false,"template":"","format":"standard","meta":{"_acf_changed":false,"_daextam_enable_autolinks":"","footnotes":""},"categories":[8303],"tags":[16878,3620,25064],"class_list":["post-380315","post","type-post","status-publish","format-standard","has-post-thumbnail","hentry","category-triathlon","tag-breve","tag-pierre-le-corre","tag-triathlon-francais"],"acf":[],"yoast_head":"<!-- This site is optimized with the Yoast SEO Premium plugin v26.7 (Yoast SEO v26.7) - https:\/\/yoast.com\/wordpress\/plugins\/seo\/ -->\n<title>Triathlon : Razzia fran\u00e7aise aux Mondiaux militaires, Mathilde Gautier et Pierre Le Corre en or<\/title>\n<meta name=\"description\" content=\"TRIATHLON FRAN\u00c7AIS - La France a rafl\u00e9 cinq des six m\u00e9dailles mises en jeu, avec le titre pour Mathilde Gautier et Pierre Le Corre.\u00a0\" \/>\n<meta name=\"robots\" content=\"index, follow, max-snippet:-1, max-image-preview:large, max-video-preview:-1\" \/>\n<link rel=\"canonical\" href=\"https:\/\/dicodusport.fr\/blog\/triathlon-razzia-francaise-aux-mondiaux-militaires-mathilde-gautier-et-pierre-le-corre-en-or\/\" \/>\n<meta property=\"og:locale\" content=\"fr_FR\" \/>\n<meta property=\"og:type\" content=\"article\" \/>\n<meta property=\"og:title\" content=\"Triathlon : Razzia fran\u00e7aise aux Mondiaux militaires, Mathilde Gautier et Pierre Le Corre en or\" \/>\n<meta property=\"og:description\" content=\"TRIATHLON FRAN\u00c7AIS - La France a rafl\u00e9 cinq des six m\u00e9dailles mises en jeu, avec le titre pour Mathilde Gautier et Pierre Le Corre.\u00a0\" \/>\n<meta property=\"og:url\" content=\"https:\/\/dicodusport.fr\/blog\/triathlon-razzia-francaise-aux-mondiaux-militaires-mathilde-gautier-et-pierre-le-corre-en-or\/\" \/>\n<meta property=\"og:site_name\" content=\"Dicodusport\" \/>\n<meta property=\"article:publisher\" content=\"https:\/\/www.facebook.com\/dicodusport\" \/>\n<meta property=\"article:author\" content=\"https:\/\/www.facebook.com\/sebastien.gente\/\" \/>\n<meta property=\"article:published_time\" content=\"2023-05-08T09:30:56+00:00\" \/>\n<meta property=\"article:modified_time\" content=\"2023-05-08T12:51:49+00:00\" \/>\n<meta property=\"og:image\" content=\"https:\/\/dicodusport.fr\/blog\/wp-content\/uploads\/2023\/05\/Triathlon-Razzia-francaise-aux-Mondiaux-militaires-Mathilde-Gautier-et-Pierre-Le-Corre-en-or.png\" \/>\n\t<meta property=\"og:image:width\" content=\"800\" \/>\n\t<meta property=\"og:image:height\" content=\"445\" \/>\n\t<meta property=\"og:image:type\" content=\"image\/png\" \/>\n<meta name=\"author\" content=\"S\u00e9bastien Gente\" \/>\n<meta name=\"twitter:card\" content=\"summary_large_image\" \/>\n<meta name=\"twitter:title\" content=\"Triathlon : Razzia fran\u00e7aise aux Mondiaux militaires, Mathilde Gautier et Pierre Le Corre en or\" \/>\n<meta name=\"twitter:creator\" content=\"@https:\/\/twitter.com\/globulo24\" \/>\n<meta name=\"twitter:site\" content=\"@dicodusport\" \/>\n<script type=\"application\/ld+json\" class=\"yoast-schema-graph\">{\"@context\":\"https:\/\/schema.org\",\"@graph\":[{\"@type\":\"NewsArticle\",\"@id\":\"https:\/\/dicodusport.fr\/blog\/triathlon-razzia-francaise-aux-mondiaux-militaires-mathilde-gautier-et-pierre-le-corre-en-or\/#article\",\"isPartOf\":{\"@id\":\"https:\/\/dicodusport.fr\/blog\/triathlon-razzia-francaise-aux-mondiaux-militaires-mathilde-gautier-et-pierre-le-corre-en-or\/\"},\"author\":{\"name\":\"S\u00e9bastien Gente\",\"@id\":\"https:\/\/dicodusport.fr\/blog\/#\/schema\/person\/627966a6cde45dbd8c5e36ac85d783da\"},\"headline\":\"Triathlon : Razzia fran\u00e7aise aux Mondiaux militaires, Mathilde Gautier et Pierre Le Corre en or\",\"datePublished\":\"2023-05-08T09:30:56+00:00\",\"dateModified\":\"2023-05-08T12:51:49+00:00\",\"mainEntityOfPage\":{\"@id\":\"https:\/\/dicodusport.fr\/blog\/triathlon-razzia-francaise-aux-mondiaux-militaires-mathilde-gautier-et-pierre-le-corre-en-or\/\"},\"wordCount\":310,\"commentCount\":0,\"publisher\":{\"@id\":\"https:\/\/dicodusport.fr\/blog\/#organization\"},\"image\":{\"@id\":\"https:\/\/dicodusport.fr\/blog\/triathlon-razzia-francaise-aux-mondiaux-militaires-mathilde-gautier-et-pierre-le-corre-en-or\/#primaryimage\"},\"thumbnailUrl\":\"https:\/\/dicodusport.fr\/blog\/wp-content\/uploads\/2023\/05\/Triathlon-Razzia-francaise-aux-Mondiaux-militaires-Mathilde-Gautier-et-Pierre-Le-Corre-en-or.png\",\"keywords\":[\"br\u00e8ve\",\"Pierre Le Corre\",\"Triathlon fran\u00e7ais\"],\"articleSection\":[\"Triathlon\"],\"inLanguage\":\"fr-FR\",\"potentialAction\":[{\"@type\":\"CommentAction\",\"name\":\"Comment\",\"target\":[\"https:\/\/dicodusport.fr\/blog\/triathlon-razzia-francaise-aux-mondiaux-militaires-mathilde-gautier-et-pierre-le-corre-en-or\/#respond\"]}],\"copyrightYear\":\"2023\",\"copyrightHolder\":{\"@id\":\"https:\/\/dicodusport.fr\/blog\/#organization\"}},{\"@type\":\"WebPage\",\"@id\":\"https:\/\/dicodusport.fr\/blog\/triathlon-razzia-francaise-aux-mondiaux-militaires-mathilde-gautier-et-pierre-le-corre-en-or\/\",\"url\":\"https:\/\/dicodusport.fr\/blog\/triathlon-razzia-francaise-aux-mondiaux-militaires-mathilde-gautier-et-pierre-le-corre-en-or\/\",\"name\":\"Triathlon : Razzia fran\u00e7aise aux Mondiaux militaires, Mathilde Gautier et Pierre Le Corre en or\",\"isPartOf\":{\"@id\":\"https:\/\/dicodusport.fr\/blog\/#website\"},\"primaryImageOfPage\":{\"@id\":\"https:\/\/dicodusport.fr\/blog\/triathlon-razzia-francaise-aux-mondiaux-militaires-mathilde-gautier-et-pierre-le-corre-en-or\/#primaryimage\"},\"image\":{\"@id\":\"https:\/\/dicodusport.fr\/blog\/triathlon-razzia-francaise-aux-mondiaux-militaires-mathilde-gautier-et-pierre-le-corre-en-or\/#primaryimage\"},\"thumbnailUrl\":\"https:\/\/dicodusport.fr\/blog\/wp-content\/uploads\/2023\/05\/Triathlon-Razzia-francaise-aux-Mondiaux-militaires-Mathilde-Gautier-et-Pierre-Le-Corre-en-or.png\",\"datePublished\":\"2023-05-08T09:30:56+00:00\",\"dateModified\":\"2023-05-08T12:51:49+00:00\",\"description\":\"TRIATHLON FRAN\u00c7AIS - La France a rafl\u00e9 cinq des six m\u00e9dailles mises en jeu, avec le titre pour Mathilde Gautier et Pierre Le Corre.\u00a0\",\"breadcrumb\":{\"@id\":\"https:\/\/dicodusport.fr\/blog\/triathlon-razzia-francaise-aux-mondiaux-militaires-mathilde-gautier-et-pierre-le-corre-en-or\/#breadcrumb\"},\"inLanguage\":\"fr-FR\",\"potentialAction\":[{\"@type\":\"ReadAction\",\"target\":[\"https:\/\/dicodusport.fr\/blog\/triathlon-razzia-francaise-aux-mondiaux-militaires-mathilde-gautier-et-pierre-le-corre-en-or\/\"]}]},{\"@type\":\"ImageObject\",\"inLanguage\":\"fr-FR\",\"@id\":\"https:\/\/dicodusport.fr\/blog\/triathlon-razzia-francaise-aux-mondiaux-militaires-mathilde-gautier-et-pierre-le-corre-en-or\/#primaryimage\",\"url\":\"https:\/\/dicodusport.fr\/blog\/wp-content\/uploads\/2023\/05\/Triathlon-Razzia-francaise-aux-Mondiaux-militaires-Mathilde-Gautier-et-Pierre-Le-Corre-en-or.png\",\"contentUrl\":\"https:\/\/dicodusport.fr\/blog\/wp-content\/uploads\/2023\/05\/Triathlon-Razzia-francaise-aux-Mondiaux-militaires-Mathilde-Gautier-et-Pierre-Le-Corre-en-or.png\",\"width\":800,\"height\":445,\"caption\":\"Triathlon Razzia fran\u00e7aise aux Mondiaux militaires, Mathilde Gautier et Pierre Le Corre en or\"},{\"@type\":\"BreadcrumbList\",\"@id\":\"https:\/\/dicodusport.fr\/blog\/triathlon-razzia-francaise-aux-mondiaux-militaires-mathilde-gautier-et-pierre-le-corre-en-or\/#breadcrumb\",\"itemListElement\":[{\"@type\":\"ListItem\",\"position\":1,\"name\":\"Accueil\",\"item\":\"https:\/\/dicodusport.fr\/blog\/\"},{\"@type\":\"ListItem\",\"position\":2,\"name\":\"Triathlon : Razzia fran\u00e7aise aux Mondiaux militaires, Mathilde Gautier et Pierre Le Corre en or\"}]},{\"@type\":\"WebSite\",\"@id\":\"https:\/\/dicodusport.fr\/blog\/#website\",\"url\":\"https:\/\/dicodusport.fr\/blog\/\",\"name\":\"Dicodusport\",\"description\":\"L&#039;encyclop\u00e9die de l&#039;actualit\u00e9 sportive\",\"publisher\":{\"@id\":\"https:\/\/dicodusport.fr\/blog\/#organization\"},\"potentialAction\":[{\"@type\":\"SearchAction\",\"target\":{\"@type\":\"EntryPoint\",\"urlTemplate\":\"https:\/\/dicodusport.fr\/blog\/?s={search_term_string}\"},\"query-input\":{\"@type\":\"PropertyValueSpecification\",\"valueRequired\":true,\"valueName\":\"search_term_string\"}}],\"inLanguage\":\"fr-FR\"},{\"@type\":\"NewsMediaOrganization\",\"@id\":\"https:\/\/dicodusport.fr\/blog\/#organization\",\"name\":\"Dicodusport\",\"url\":\"https:\/\/dicodusport.fr\/blog\/\",\"logo\":{\"@type\":\"ImageObject\",\"inLanguage\":\"fr-FR\",\"@id\":\"https:\/\/dicodusport.fr\/blog\/#\/schema\/logo\/image\/\",\"url\":\"https:\/\/dicodusport.fr\/blog\/wp-content\/uploads\/2020\/06\/cropped-LOGO-DICODUSPORT-2020-SANS-FOND-SANS-TEXTE.png\",\"contentUrl\":\"https:\/\/dicodusport.fr\/blog\/wp-content\/uploads\/2020\/06\/cropped-LOGO-DICODUSPORT-2020-SANS-FOND-SANS-TEXTE.png\",\"width\":512,\"height\":512,\"caption\":\"Dicodusport\"},\"image\":{\"@id\":\"https:\/\/dicodusport.fr\/blog\/#\/schema\/logo\/image\/\"},\"sameAs\":[\"https:\/\/www.facebook.com\/dicodusport\",\"https:\/\/x.com\/dicodusport\",\"https:\/\/www.instagram.com\/dicodusport\/\",\"https:\/\/www.youtube.com\/channel\/UC7V2KZ5sd3htJivAbA4ZG3w\"],\"description\":\"Dicodusport est l'encyclop\u00e9die de l'actualit\u00e9 sportive.\",\"email\":\"bonjour@dicodusport.fr\",\"legalName\":\"DICODUSPORT\",\"foundingDate\":\"2018-01-14\",\"vatID\":\"FR71834470973\",\"taxID\":\"83447097300043\",\"numberOfEmployees\":{\"@type\":\"QuantitativeValue\",\"minValue\":\"1\",\"maxValue\":\"10\"}},{\"@type\":\"Person\",\"@id\":\"https:\/\/dicodusport.fr\/blog\/#\/schema\/person\/627966a6cde45dbd8c5e36ac85d783da\",\"name\":\"S\u00e9bastien Gente\",\"image\":{\"@type\":\"ImageObject\",\"inLanguage\":\"fr-FR\",\"@id\":\"https:\/\/dicodusport.fr\/blog\/#\/schema\/person\/image\/\",\"url\":\"https:\/\/dicodusport.fr\/blog\/wp-content\/uploads\/2021\/09\/1510990_10205810251400683_4124423575079401707_n-150x150.jpg\",\"contentUrl\":\"https:\/\/dicodusport.fr\/blog\/wp-content\/uploads\/2021\/09\/1510990_10205810251400683_4124423575079401707_n-150x150.jpg\",\"caption\":\"S\u00e9bastien Gente\"},\"description\":\"John Stockton, Gianni Bugno, Zinedine Zidane, Steffi Graf, Frode Andresen, St\u00e9phane Stoecklin, Davis Kamoga, Primoz Peterka, Werner Schlager et Aur\u00e9lien Rougerie. Point commun entre ces sportifs? Ils m'ont fait r\u00eaver et ont berc\u00e9 mon adolescence. Je suis un fondu de sports et j'essaie de retranscrire ma passion \u00e0 travers mes articles. Originaire du P\u00e9rigord, ma passion pour les Girondins, les Jaunards et les Jazzmen transpire dans mes \u00e9crits. \u00c0 Dicodusport depuis 2021, je d\u00e9niche les sports m\u00e9connus dans lesquels la France brille, et il y en a !\",\"sameAs\":[\"https:\/\/www.facebook.com\/sebastien.gente\/\",\"https:\/\/www.instagram.com\/sebgente\/\",\"https:\/\/www.linkedin.com\/in\/sbastien-gente-a29583169\/\",\"https:\/\/x.com\/https:\/\/twitter.com\/globulo24\",\"SebastienGente\"],\"worksFor\":\"S\u00e9bastien GENTE\",\"url\":\"https:\/\/dicodusport.fr\/blog\/author\/sebastiengente\/\"}]}<\/script>\n<!-- \/ Yoast SEO Premium plugin. -->","yoast_head_json":{"title":"Triathlon : Razzia fran\u00e7aise aux Mondiaux militaires, Mathilde Gautier et Pierre Le Corre en or","description":"TRIATHLON FRAN\u00c7AIS - La France a rafl\u00e9 cinq des six m\u00e9dailles mises en jeu, avec le titre pour Mathilde Gautier et Pierre Le Corre.\u00a0","robots":{"index":"index","follow":"follow","max-snippet":"max-snippet:-1","max-image-preview":"max-image-preview:large","max-video-preview":"max-video-preview:-1"},"canonical":"https:\/\/dicodusport.fr\/blog\/triathlon-razzia-francaise-aux-mondiaux-militaires-mathilde-gautier-et-pierre-le-corre-en-or\/","og_locale":"fr_FR","og_type":"article","og_title":"Triathlon : Razzia fran\u00e7aise aux Mondiaux militaires, Mathilde Gautier et Pierre Le Corre en or","og_description":"TRIATHLON FRAN\u00c7AIS - La France a rafl\u00e9 cinq des six m\u00e9dailles mises en jeu, avec le titre pour Mathilde Gautier et Pierre Le Corre.\u00a0","og_url":"https:\/\/dicodusport.fr\/blog\/triathlon-razzia-francaise-aux-mondiaux-militaires-mathilde-gautier-et-pierre-le-corre-en-or\/","og_site_name":"Dicodusport","article_publisher":"https:\/\/www.facebook.com\/dicodusport","article_author":"https:\/\/www.facebook.com\/sebastien.gente\/","article_published_time":"2023-05-08T09:30:56+00:00","article_modified_time":"2023-05-08T12:51:49+00:00","og_image":[{"width":800,"height":445,"url":"https:\/\/dicodusport.fr\/blog\/wp-content\/uploads\/2023\/05\/Triathlon-Razzia-francaise-aux-Mondiaux-militaires-Mathilde-Gautier-et-Pierre-Le-Corre-en-or.png","type":"image\/png"}],"author":"S\u00e9bastien Gente","twitter_card":"summary_large_image","twitter_title":"Triathlon : Razzia fran\u00e7aise aux Mondiaux militaires, Mathilde Gautier et Pierre Le Corre en or","twitter_creator":"@https:\/\/twitter.com\/globulo24","twitter_site":"@dicodusport","schema":{"@context":"https:\/\/schema.org","@graph":[{"@type":"NewsArticle","@id":"https:\/\/dicodusport.fr\/blog\/triathlon-razzia-francaise-aux-mondiaux-militaires-mathilde-gautier-et-pierre-le-corre-en-or\/#article","isPartOf":{"@id":"https:\/\/dicodusport.fr\/blog\/triathlon-razzia-francaise-aux-mondiaux-militaires-mathilde-gautier-et-pierre-le-corre-en-or\/"},"author":{"name":"S\u00e9bastien Gente","@id":"https:\/\/dicodusport.fr\/blog\/#\/schema\/person\/627966a6cde45dbd8c5e36ac85d783da"},"headline":"Triathlon : Razzia fran\u00e7aise aux Mondiaux militaires, Mathilde Gautier et Pierre Le Corre en or","datePublished":"2023-05-08T09:30:56+00:00","dateModified":"2023-05-08T12:51:49+00:00","mainEntityOfPage":{"@id":"https:\/\/dicodusport.fr\/blog\/triathlon-razzia-francaise-aux-mondiaux-militaires-mathilde-gautier-et-pierre-le-corre-en-or\/"},"wordCount":310,"commentCount":0,"publisher":{"@id":"https:\/\/dicodusport.fr\/blog\/#organization"},"image":{"@id":"https:\/\/dicodusport.fr\/blog\/triathlon-razzia-francaise-aux-mondiaux-militaires-mathilde-gautier-et-pierre-le-corre-en-or\/#primaryimage"},"thumbnailUrl":"https:\/\/dicodusport.fr\/blog\/wp-content\/uploads\/2023\/05\/Triathlon-Razzia-francaise-aux-Mondiaux-militaires-Mathilde-Gautier-et-Pierre-Le-Corre-en-or.png","keywords":["br\u00e8ve","Pierre Le Corre","Triathlon fran\u00e7ais"],"articleSection":["Triathlon"],"inLanguage":"fr-FR","potentialAction":[{"@type":"CommentAction","name":"Comment","target":["https:\/\/dicodusport.fr\/blog\/triathlon-razzia-francaise-aux-mondiaux-militaires-mathilde-gautier-et-pierre-le-corre-en-or\/#respond"]}],"copyrightYear":"2023","copyrightHolder":{"@id":"https:\/\/dicodusport.fr\/blog\/#organization"}},{"@type":"WebPage","@id":"https:\/\/dicodusport.fr\/blog\/triathlon-razzia-francaise-aux-mondiaux-militaires-mathilde-gautier-et-pierre-le-corre-en-or\/","url":"https:\/\/dicodusport.fr\/blog\/triathlon-razzia-francaise-aux-mondiaux-militaires-mathilde-gautier-et-pierre-le-corre-en-or\/","name":"Triathlon : Razzia fran\u00e7aise aux Mondiaux militaires, Mathilde Gautier et Pierre Le Corre en or","isPartOf":{"@id":"https:\/\/dicodusport.fr\/blog\/#website"},"primaryImageOfPage":{"@id":"https:\/\/dicodusport.fr\/blog\/triathlon-razzia-francaise-aux-mondiaux-militaires-mathilde-gautier-et-pierre-le-corre-en-or\/#primaryimage"},"image":{"@id":"https:\/\/dicodusport.fr\/blog\/triathlon-razzia-francaise-aux-mondiaux-militaires-mathilde-gautier-et-pierre-le-corre-en-or\/#primaryimage"},"thumbnailUrl":"https:\/\/dicodusport.fr\/blog\/wp-content\/uploads\/2023\/05\/Triathlon-Razzia-francaise-aux-Mondiaux-militaires-Mathilde-Gautier-et-Pierre-Le-Corre-en-or.png","datePublished":"2023-05-08T09:30:56+00:00","dateModified":"2023-05-08T12:51:49+00:00","description":"TRIATHLON FRAN\u00c7AIS - La France a rafl\u00e9 cinq des six m\u00e9dailles mises en jeu, avec le titre pour Mathilde Gautier et Pierre Le Corre.\u00a0","breadcrumb":{"@id":"https:\/\/dicodusport.fr\/blog\/triathlon-razzia-francaise-aux-mondiaux-militaires-mathilde-gautier-et-pierre-le-corre-en-or\/#breadcrumb"},"inLanguage":"fr-FR","potentialAction":[{"@type":"ReadAction","target":["https:\/\/dicodusport.fr\/blog\/triathlon-razzia-francaise-aux-mondiaux-militaires-mathilde-gautier-et-pierre-le-corre-en-or\/"]}]},{"@type":"ImageObject","inLanguage":"fr-FR","@id":"https:\/\/dicodusport.fr\/blog\/triathlon-razzia-francaise-aux-mondiaux-militaires-mathilde-gautier-et-pierre-le-corre-en-or\/#primaryimage","url":"https:\/\/dicodusport.fr\/blog\/wp-content\/uploads\/2023\/05\/Triathlon-Razzia-francaise-aux-Mondiaux-militaires-Mathilde-Gautier-et-Pierre-Le-Corre-en-or.png","contentUrl":"https:\/\/dicodusport.fr\/blog\/wp-content\/uploads\/2023\/05\/Triathlon-Razzia-francaise-aux-Mondiaux-militaires-Mathilde-Gautier-et-Pierre-Le-Corre-en-or.png","width":800,"height":445,"caption":"Triathlon Razzia fran\u00e7aise aux Mondiaux militaires, Mathilde Gautier et Pierre Le Corre en or"},{"@type":"BreadcrumbList","@id":"https:\/\/dicodusport.fr\/blog\/triathlon-razzia-francaise-aux-mondiaux-militaires-mathilde-gautier-et-pierre-le-corre-en-or\/#breadcrumb","itemListElement":[{"@type":"ListItem","position":1,"name":"Accueil","item":"https:\/\/dicodusport.fr\/blog\/"},{"@type":"ListItem","position":2,"name":"Triathlon : Razzia fran\u00e7aise aux Mondiaux militaires, Mathilde Gautier et Pierre Le Corre en or"}]},{"@type":"WebSite","@id":"https:\/\/dicodusport.fr\/blog\/#website","url":"https:\/\/dicodusport.fr\/blog\/","name":"Dicodusport","description":"L&#039;encyclop\u00e9die de l&#039;actualit\u00e9 sportive","publisher":{"@id":"https:\/\/dicodusport.fr\/blog\/#organization"},"potentialAction":[{"@type":"SearchAction","target":{"@type":"EntryPoint","urlTemplate":"https:\/\/dicodusport.fr\/blog\/?s={search_term_string}"},"query-input":{"@type":"PropertyValueSpecification","valueRequired":true,"valueName":"search_term_string"}}],"inLanguage":"fr-FR"},{"@type":"NewsMediaOrganization","@id":"https:\/\/dicodusport.fr\/blog\/#organization","name":"Dicodusport","url":"https:\/\/dicodusport.fr\/blog\/","logo":{"@type":"ImageObject","inLanguage":"fr-FR","@id":"https:\/\/dicodusport.fr\/blog\/#\/schema\/logo\/image\/","url":"https:\/\/dicodusport.fr\/blog\/wp-content\/uploads\/2020\/06\/cropped-LOGO-DICODUSPORT-2020-SANS-FOND-SANS-TEXTE.png","contentUrl":"https:\/\/dicodusport.fr\/blog\/wp-content\/uploads\/2020\/06\/cropped-LOGO-DICODUSPORT-2020-SANS-FOND-SANS-TEXTE.png","width":512,"height":512,"caption":"Dicodusport"},"image":{"@id":"https:\/\/dicodusport.fr\/blog\/#\/schema\/logo\/image\/"},"sameAs":["https:\/\/www.facebook.com\/dicodusport","https:\/\/x.com\/dicodusport","https:\/\/www.instagram.com\/dicodusport\/","https:\/\/www.youtube.com\/channel\/UC7V2KZ5sd3htJivAbA4ZG3w"],"description":"Dicodusport est l'encyclop\u00e9die de l'actualit\u00e9 sportive.","email":"bonjour@dicodusport.fr","legalName":"DICODUSPORT","foundingDate":"2018-01-14","vatID":"FR71834470973","taxID":"83447097300043","numberOfEmployees":{"@type":"QuantitativeValue","minValue":"1","maxValue":"10"}},{"@type":"Person","@id":"https:\/\/dicodusport.fr\/blog\/#\/schema\/person\/627966a6cde45dbd8c5e36ac85d783da","name":"S\u00e9bastien Gente","image":{"@type":"ImageObject","inLanguage":"fr-FR","@id":"https:\/\/dicodusport.fr\/blog\/#\/schema\/person\/image\/","url":"https:\/\/dicodusport.fr\/blog\/wp-content\/uploads\/2021\/09\/1510990_10205810251400683_4124423575079401707_n-150x150.jpg","contentUrl":"https:\/\/dicodusport.fr\/blog\/wp-content\/uploads\/2021\/09\/1510990_10205810251400683_4124423575079401707_n-150x150.jpg","caption":"S\u00e9bastien Gente"},"description":"John Stockton, Gianni Bugno, Zinedine Zidane, Steffi Graf, Frode Andresen, St\u00e9phane Stoecklin, Davis Kamoga, Primoz Peterka, Werner Schlager et Aur\u00e9lien Rougerie. Point commun entre ces sportifs? Ils m'ont fait r\u00eaver et ont berc\u00e9 mon adolescence. Je suis un fondu de sports et j'essaie de retranscrire ma passion \u00e0 travers mes articles. Originaire du P\u00e9rigord, ma passion pour les Girondins, les Jaunards et les Jazzmen transpire dans mes \u00e9crits. \u00c0 Dicodusport depuis 2021, je d\u00e9niche les sports m\u00e9connus dans lesquels la France brille, et il y en a !","sameAs":["https:\/\/www.facebook.com\/sebastien.gente\/","https:\/\/www.instagram.com\/sebgente\/","https:\/\/www.linkedin.com\/in\/sbastien-gente-a29583169\/","https:\/\/x.com\/https:\/\/twitter.com\/globulo24","SebastienGente"],"worksFor":"S\u00e9bastien GENTE","url":"https:\/\/dicodusport.fr\/blog\/author\/sebastiengente\/"}]}},"_links":{"self":[{"href":"https:\/\/dicodusport.fr\/blog\/wp-json\/wp\/v2\/posts\/380315","targetHints":{"allow":["GET"]}}],"collection":[{"href":"https:\/\/dicodusport.fr\/blog\/wp-json\/wp\/v2\/posts"}],"about":[{"href":"https:\/\/dicodusport.fr\/blog\/wp-json\/wp\/v2\/types\/post"}],"author":[{"embeddable":true,"href":"https:\/\/dicodusport.fr\/blog\/wp-json\/wp\/v2\/users\/59"}],"replies":[{"embeddable":true,"href":"https:\/\/dicodusport.fr\/blog\/wp-json\/wp\/v2\/comments?post=380315"}],"version-history":[{"count":0,"href":"https:\/\/dicodusport.fr\/blog\/wp-json\/wp\/v2\/posts\/380315\/revisions"}],"wp:featuredmedia":[{"embeddable":true,"href":"https:\/\/dicodusport.fr\/blog\/wp-json\/wp\/v2\/media\/380347"}],"wp:attachment":[{"href":"https:\/\/dicodusport.fr\/blog\/wp-json\/wp\/v2\/media?parent=380315"}],"wp:term":[{"taxonomy":"category","embeddable":true,"href":"https:\/\/dicodusport.fr\/blog\/wp-json\/wp\/v2\/categories?post=380315"},{"taxonomy":"post_tag","embeddable":true,"href":"https:\/\/dicodusport.fr\/blog\/wp-json\/wp\/v2\/tags?post=380315"}],"curies":[{"name":"wp","href":"https:\/\/api.w.org\/{rel}","templated":true}]}}