{"id":380321,"date":"2023-10-08T23:13:38","date_gmt":"2023-10-08T21:13:38","guid":{"rendered":"https:\/\/dicodusport.fr\/blog\/?p=380321&#038;preview=true&#038;preview_id=380321"},"modified":"2023-10-08T23:13:46","modified_gmt":"2023-10-08T21:13:46","slug":"vtt-xc-coupe-du-monde-2023-calendrier-et-resultats","status":"publish","type":"post","link":"https:\/\/dicodusport.fr\/blog\/vtt-xc-coupe-du-monde-2023-calendrier-et-resultats\/","title":{"rendered":"VTT Cross-country : Palmar\u00e8s et r\u00e9sultats Coupe du monde 2023"},"content":{"rendered":"<p style=\"text-align: justify;\"><strong><em>COUPE DU MONDE DE VTT 2023 &#8211; D\u00e9couvrez le calendrier et les r\u00e9sultats de la Coupe du monde de VTT Cross-country 2023. Premier round \u00e0 Nove Mesto (R\u00e9publique Tch\u00e8que). La derni\u00e8re \u00e9tape aura lieu \u00e0 Mont-Sainte-Anne (Canada) en octobre.<\/em><\/strong><\/p>\n<h2 style=\"text-align: justify;\">Coupe de monde de VTT XC 2023 Femmes &#8211; Calendrier et r\u00e9sultats<\/h2>\n<table style=\"width: 800px; border-collapse: collapse;\">\n<tbody>\n<tr>\n<td style=\"width: 15.775%; background-color: #000000; text-align: center; vertical-align: middle;\"><span style=\"color: #ffffff; font-size: 0.9em;\"><strong>Lieu et Dates<\/strong><\/span><\/td>\n<td style=\"width: 18.5871%; background-color: #000000; text-align: center; vertical-align: middle;\"><span style=\"color: #ffffff; font-size: 0.9em;\"><strong>\u00c9preuve<\/strong><\/span><\/td>\n<td style=\"width: 5.62414%; background-color: #000000; text-align: center; vertical-align: middle;\"><span style=\"color: #ffffff; font-size: 0.9em;\"><strong>Vainqueur<\/strong><\/span><\/td>\n<td style=\"width: 4.52675%; background-color: #000000; text-align: center; vertical-align: middle;\"><span style=\"color: #ffffff; font-size: 0.9em;\"><strong>Deuxi\u00e8me<\/strong><\/span><\/td>\n<td style=\"width: 4.52675%; background-color: #000000; text-align: center; vertical-align: middle;\"><span style=\"color: #ffffff; font-size: 0.9em;\"><strong>Troisi\u00e8me<\/strong><\/span><\/td>\n<\/tr>\n<tr>\n<td style=\"text-align: center; vertical-align: middle; width: 20%; background-color: #ffffff;\" rowspan=\"2\"><span style=\"font-size: 0.9em;\"><b>\ud83c\udde8\ud83c\uddff Nove Mesto<\/b><\/span><br \/>\n<em><span style=\"font-size: 0.9em;\">12 et 14 mai 2023<\/span><\/em><\/td>\n<td style=\"text-align: center; vertical-align: middle; width: 20%; background-color: #ffffff;\"><span style=\"font-size: 0.9em;\">XC Short Track<br \/>\n<strong><em><span style=\"font-size: 0.8em;\"><a href=\"https:\/\/dicodusport.fr\/blog\/xcc-nove-mesto-laura-stigger-remporte-la-course-ferrand-prevot-4e\/\">R\u00e9sum\u00e9<\/a> &#8211; <a href=\"https:\/\/dicodusport.fr\/blog\/vtt-short-track-nove-mesto-classement-de-la-course-femmes\/\">Classement<\/a><\/span><\/em><\/strong><br \/>\n<\/span><\/td>\n<td style=\"text-align: center; vertical-align: middle; width: 20%; background-color: #ffffff;\"><strong style=\"font-size: 0.9em;\">\ud83c\udde6\ud83c\uddf9 LAURA STIGGER<\/strong><br \/>\n<span style=\"font-size: 0.9em;\"><span style=\"font-size: 0.8em;\">SPECIALIZED FACTORY RACING<\/span><\/span><\/td>\n<td style=\"text-align: center; vertical-align: middle; width: 20%; background-color: #ffffff;\"><strong style=\"font-size: 0.9em;\">\ud83c\udde8\ud83c\udded ALESSANDRA KELLER<\/strong><br \/>\n<span style=\"font-size: 0.9em;\"><span style=\"font-size: 0.8em;\">TH\u00d6MUS MAXON<\/span><\/span><\/td>\n<td style=\"text-align: center; vertical-align: middle; width: 20%; background-color: #ffffff;\"><strong style=\"font-size: 0.9em;\">\ud83c\udde8\ud83c\udded SINA FREI<\/strong><br \/>\n<span style=\"font-size: 0.9em;\"><span style=\"font-size: 0.8em;\">SPECIALIZED FACTORY RACING<\/span><\/span><\/td>\n<\/tr>\n<tr>\n<td style=\"text-align: center; vertical-align: middle; width: 20%; background-color: #ffffff;\"><span style=\"font-size: 0.9em;\">XC Olympique<br \/>\n<strong><em><span style=\"font-size: 0.8em;\"><a href=\"https:\/\/dicodusport.fr\/blog\/xco-nove-mesto-puck-pieterse-devance-pauline-ferrand-prevot-et-loana-lecomte\/\">R\u00e9sum\u00e9<\/a> &#8211; <a href=\"https:\/\/dicodusport.fr\/blog\/vtt-xco-nove-mesto-2023-classement-course-femmes\/?utm_source=rss&amp;utm_medium=rss&amp;utm_campaign=vtt-xco-nove-mesto-2023-classement-course-femmes\">Classement<\/a><\/span><\/em><\/strong><br \/>\n<\/span><\/td>\n<td style=\"text-align: center; vertical-align: middle; width: 20%; background-color: #ffffff;\"><strong style=\"font-size: 0.9em;\">\ud83c\uddf3\ud83c\uddf1 PUCK PIETERSE<\/strong><br \/>\n<span style=\"font-size: 0.9em;\"><span style=\"font-size: 0.8em;\">ALPECIN-DECEUNINCK<\/span><\/span><\/td>\n<td style=\"text-align: center; vertical-align: middle; width: 20%; background-color: #ffffff;\"><strong style=\"font-size: 0.9em;\">\ud83c\uddeb\ud83c\uddf7 PAULINE FERRAND-PR\u00c9VOT<\/strong><br \/>\n<span style=\"font-size: 0.9em;\"><span style=\"font-size: 0.8em;\">INEOS GRENADIERS<\/span><\/span><\/td>\n<td style=\"text-align: center; vertical-align: middle; width: 20%; background-color: #ffffff;\"><strong style=\"font-size: 0.9em;\">\ud83c\uddeb\ud83c\uddf7 LOANA LECOMTE<\/strong><br \/>\n<span style=\"font-size: 0.9em;\"><span style=\"font-size: 0.8em;\">CANYON CLLCTV<\/span><\/span><\/td>\n<\/tr>\n<tr>\n<td style=\"width: 20%; background-color: #b8b8b8; height: 2px; text-align: center; vertical-align: middle;\" colspan=\"5\"><\/td>\n<\/tr>\n<tr>\n<td style=\"text-align: center; vertical-align: middle; width: 20%; background-color: #ffffff;\" rowspan=\"2\"><span style=\"font-size: 0.9em;\"><b>\ud83c\udde8\ud83c\udded Lenzerheide<\/b><\/span><br \/>\n<em><span style=\"font-size: 0.9em;\">9 et 11 juin 2023<\/span><\/em><\/td>\n<td style=\"text-align: center; vertical-align: middle; width: 20%; background-color: #ffffff;\"><span style=\"font-size: 0.9em;\">XC Short Track<br \/>\n<strong><em><span style=\"font-size: 0.8em;\"><a href=\"http:\/\/sport.fr\/blog\/vtt-xcc-lenzerheide-jenny-rissveds-imperiale-pauline-ferrand-prevot-3e\/\">R\u00e9sum\u00e9<\/a> &#8211; <a href=\"https:\/\/dicodusport.fr\/blog\/vtt-xcc-lenzerheide-classement-de-la-course-femmes\/\">Classement<\/a><\/span><\/em><\/strong><br \/>\n<\/span><\/td>\n<td style=\"text-align: center; vertical-align: middle; width: 20%; background-color: #ffffff;\"><strong style=\"font-size: 0.9em;\">\ud83c\uddf8\ud83c\uddea JENNY RISSVEDS<\/strong><br \/>\n<span style=\"font-size: 0.9em;\"><span style=\"font-size: 0.8em;\">TEAM 31 IBIS CYCLES CONTINENTAL<\/span><\/span><\/td>\n<td style=\"text-align: center; vertical-align: middle; width: 20%; background-color: #ffffff;\"><strong style=\"font-size: 0.9em;\">\ud83c\udde8\ud83c\udded ALESSANDRA KELLER<\/strong><br \/>\n<span style=\"font-size: 0.9em;\"><span style=\"font-size: 0.8em;\">TH\u00d6MUS MAXON<\/span><\/span><\/td>\n<td style=\"text-align: center; vertical-align: middle; width: 20%; background-color: #ffffff;\"><strong style=\"font-size: 0.9em;\">\ud83c\uddeb\ud83c\uddf7 PAULINE FERRAND-PR\u00c9VOT<\/strong><br \/>\n<span style=\"font-size: 0.9em;\"><span style=\"font-size: 0.8em;\">INEOS GRENADIERS<\/span><\/span><\/td>\n<\/tr>\n<tr>\n<td style=\"text-align: center; vertical-align: middle; width: 20%; background-color: #ffffff;\"><span style=\"font-size: 0.9em;\">XC Olympique<br \/>\n<strong><em><span style=\"font-size: 0.8em;\"><a href=\"https:\/\/dicodusport.fr\/blog\/vtt-xco-lenzerheide-loana-lecomte-simpose-en-suisse-devant-anne-terpstra\/\">R\u00e9sum\u00e9<\/a> &#8211; <a href=\"https:\/\/dicodusport.fr\/blog\/vtt-xco-lenzerheide-classement-de-la-course-femmes\/\">Classement<\/a><\/span><\/em><\/strong><br \/>\n<\/span><\/td>\n<td style=\"text-align: center; vertical-align: middle; width: 20%; background-color: #ffffff;\"><strong style=\"font-size: 0.9em;\">\ud83c\uddeb\ud83c\uddf7 LOANA LECOMTE<\/strong><br \/>\n<span style=\"font-size: 0.9em;\"><span style=\"font-size: 0.8em;\">CANYON CLLCTV<\/span><\/span><\/td>\n<td style=\"text-align: center; vertical-align: middle; width: 20%; background-color: #ffffff;\"><strong style=\"font-size: 0.9em;\">\ud83c\uddf3\ud83c\uddf1 ANNE TERPSTRA<\/strong><br \/>\n<span style=\"font-size: 0.9em;\"><span style=\"font-size: 0.8em;\">GHOST FACTORY RACING<\/span><\/span><\/td>\n<td style=\"text-align: center; vertical-align: middle; width: 20%; background-color: #ffffff;\"><strong style=\"font-size: 0.9em;\">\ud83c\udde8\ud83c\udded ALESSANDRA KELLER<\/strong><br \/>\n<span style=\"font-size: 0.9em;\"><span style=\"font-size: 0.8em;\">TH\u00d6MUS MAXON<\/span><\/span><\/td>\n<\/tr>\n<tr>\n<td style=\"width: 20%; background-color: #b8b8b8; height: 2px; text-align: center; vertical-align: middle;\" colspan=\"5\"><\/td>\n<\/tr>\n<tr>\n<td style=\"text-align: center; vertical-align: middle; width: 15.775%; background-color: #ffffff;\" rowspan=\"2\"><span style=\"font-size: 0.9em;\"><b>\ud83c\udde6\ud83c\uddf9 Leogang<\/b><\/span><br \/>\n<em><span style=\"font-size: 0.9em;\">16 et 18 juin 2023<\/span><\/em><\/td>\n<td style=\"text-align: center; vertical-align: middle; width: 18.5871%; background-color: #ffffff;\"><span style=\"font-size: 0.9em;\">XC Short Track<br \/>\n<strong><em><span style=\"font-size: 0.8em;\"><a href=\"https:\/\/dicodusport.fr\/blog\/vtt-xcc-leogang-premiere-victoire-de-la-saison-pour-pauline-ferrand-prevot\/\">R\u00e9sum\u00e9<\/a> &#8211; <a href=\"https:\/\/dicodusport.fr\/blog\/vtt-xcc-leogang-classement-de-la-course-femmes\/\">Classement<\/a><\/span><\/em><\/strong><br \/>\n<\/span><\/td>\n<td style=\"text-align: center; vertical-align: middle; width: 5.62414%; background-color: #ffffff;\"><strong style=\"font-size: 0.9em;\">\ud83c\uddeb\ud83c\uddf7 PAULINE FERRAND-PR\u00c9VOT<\/strong><br \/>\n<span style=\"font-size: 0.9em;\"><span style=\"font-size: 0.8em;\">INEOS GRENADIERS<\/span><\/span><\/td>\n<td style=\"text-align: center; vertical-align: middle; width: 4.52675%; background-color: #ffffff;\"><strong style=\"font-size: 0.9em;\">\ud83c\uddf3\ud83c\uddf1 PUCK PIETERSE<\/strong><br \/>\n<span style=\"font-size: 0.9em;\"><span style=\"font-size: 0.8em;\">ALPECIN-DECEUNINCK<\/span><\/span><\/td>\n<td style=\"text-align: center; vertical-align: middle; width: 4.52675%; background-color: #ffffff;\"><strong style=\"font-size: 0.9em;\">\ud83c\uddec\ud83c\udde7 EVIE RICHARDS<\/strong><br \/>\n<span style=\"font-size: 0.9em;\"><span style=\"font-size: 0.8em;\">TREK FACTORY RACING XC<\/span><\/span><\/td>\n<\/tr>\n<tr>\n<td style=\"text-align: center; vertical-align: middle; width: 18.5871%; background-color: #ffffff;\"><span style=\"font-size: 0.9em;\">XC Olympique<br \/>\n<strong><em><span style=\"font-size: 0.8em;\"><a href=\"https:\/\/dicodusport.fr\/blog\/vtt-xco-leogang-le-nouveau-numero-de-puck-pieterse\/\">R\u00e9sum\u00e9<\/a> &#8211; <a href=\"https:\/\/dicodusport.fr\/blog\/vtt-xco-leogang-classement-de-la-course-femmes\/\">Classement<\/a><\/span><\/em><\/strong><br \/>\n<\/span><\/td>\n<td style=\"text-align: center; vertical-align: middle; width: 5.62414%; background-color: #ffffff;\"><strong style=\"font-size: 0.9em;\">\ud83c\uddf3\ud83c\uddf1 PUCK PIETERSE<\/strong><br \/>\n<span style=\"font-size: 0.9em;\"><span style=\"font-size: 0.8em;\">ALPECIN-DECEUNINCK<\/span><\/span><\/td>\n<td style=\"text-align: center; vertical-align: middle; width: 4.52675%; background-color: #ffffff;\"><strong style=\"font-size: 0.9em;\">\ud83c\udde6\ud83c\uddf9 MONA MITTERWALLNER<\/strong><br \/>\n<span style=\"font-size: 0.9em;\"><span style=\"font-size: 0.8em;\">CANNONDALE FACTORY RACING<\/span><\/span><\/td>\n<td style=\"text-align: center; vertical-align: middle; width: 4.52675%; background-color: #ffffff;\"><strong style=\"font-size: 0.9em;\">\ud83c\udde6\ud83c\uddf9 LAURA STIGGER<\/strong><br \/>\n<span style=\"font-size: 0.9em;\"><span style=\"font-size: 0.8em;\">SPECIALIZED FACTORY RACING<\/span><\/span><\/td>\n<\/tr>\n<tr>\n<td style=\"width: 20%; background-color: #b8b8b8; height: 2px; text-align: center; vertical-align: middle;\" colspan=\"5\"><\/td>\n<\/tr>\n<tr>\n<td style=\"text-align: center; vertical-align: middle; width: 15.775%; background-color: #ffffff;\" rowspan=\"2\"><span style=\"font-size: 0.9em;\"><b>\ud83c\uddee\ud83c\uddf9 Val di Sole<\/b><\/span><br \/>\n<em><span style=\"font-size: 0.9em;\">30 juin et 2 juillet 2023<\/span><\/em><\/td>\n<td style=\"text-align: center; vertical-align: middle; width: 18.5871%; background-color: #ffffff;\"><span style=\"font-size: 0.9em;\">XC Short Track<br \/>\n<strong><em><span style=\"font-size: 0.8em;\"><a href=\"https:\/\/dicodusport.fr\/blog\/vtt-xcc-val-di-sole-laura-stigger-lemporte-pauline-ferrand-prevot-troisieme\/\">R\u00e9sum\u00e9<\/a> &#8211; <a href=\"https:\/\/dicodusport.fr\/blog\/vtt-xcc-val-di-sole-classement-de-la-course-femmes\/\">Classement<\/a><\/span><\/em><\/strong><br \/>\n<\/span><\/td>\n<td style=\"text-align: center; vertical-align: middle; width: 5.62414%; background-color: #ffffff;\"><strong style=\"font-size: 0.9em;\">\ud83c\udde6\ud83c\uddf9 LAURA STIGGER<\/strong><br \/>\n<span style=\"font-size: 0.9em;\"><span style=\"font-size: 0.8em;\">SPECIALIZED FACTORY RACING<\/span><\/span><\/td>\n<td style=\"text-align: center; vertical-align: middle; width: 4.52675%; background-color: #ffffff;\"><strong style=\"font-size: 0.9em;\">\ud83c\uddf3\ud83c\uddf1 PUCK PIETERSE<\/strong><br \/>\n<span style=\"font-size: 0.9em;\"><span style=\"font-size: 0.8em;\">ALPECIN-DECEUNINCK<\/span><\/span><\/td>\n<td style=\"text-align: center; vertical-align: middle; width: 4.52675%; background-color: #ffffff;\"><strong style=\"font-size: 0.9em;\">\ud83c\uddeb\ud83c\uddf7 PAULINE FERRAND-PR\u00c9VOT<\/strong><br \/>\n<span style=\"font-size: 0.9em;\"><span style=\"font-size: 0.8em;\">INEOS GRENADIERS<\/span><\/span><\/td>\n<\/tr>\n<tr>\n<td style=\"text-align: center; vertical-align: middle; width: 18.5871%; background-color: #ffffff;\"><span style=\"font-size: 0.9em;\">XC Olympique<br \/>\n<strong><em><span style=\"font-size: 0.8em;\"><a href=\"https:\/\/dicodusport.fr\/blog\/vtt-xco-val-di-sole-puck-pieterse-gagne-en-patronne-devant-martina-berta\/\">R\u00e9sum\u00e9<\/a> &#8211; <a href=\"https:\/\/dicodusport.fr\/blog\/vtt-xco-val-di-sole-classement-de-la-course-femmes\/\">Classement<\/a><\/span><\/em><\/strong><br \/>\n<\/span><\/td>\n<td style=\"text-align: center; vertical-align: middle; width: 5.62414%; background-color: #ffffff;\"><strong style=\"font-size: 0.9em;\">\ud83c\uddf3\ud83c\uddf1 PUCK PIETERSE<\/strong><br \/>\n<span style=\"font-size: 0.9em;\"><span style=\"font-size: 0.8em;\">ALPECIN-DECEUNINCK<\/span><\/span><\/td>\n<td style=\"text-align: center; vertical-align: middle; width: 4.52675%; background-color: #ffffff;\"><strong style=\"font-size: 0.9em;\">\ud83c\uddee\ud83c\uddf9 MARTINA BERTA<\/strong><br \/>\n<span style=\"font-size: 0.9em;\"><span style=\"font-size: 0.8em;\">SANTA CRUZ ROCKSHOX PRO TEAM<\/span><\/span><\/td>\n<td style=\"text-align: center; vertical-align: middle; width: 4.52675%; background-color: #ffffff;\"><strong style=\"font-size: 0.9em;\">\ud83c\udde6\ud83c\uddfa REBECCA HENDERSON<\/strong><br \/>\n<span style=\"font-size: 0.9em;\"><span style=\"font-size: 0.8em;\">PRIMAFLOR MONDRAKER GENUINS RACING TEAM<\/span><\/span><\/td>\n<\/tr>\n<tr>\n<td style=\"width: 20%; background-color: #b8b8b8; height: 2px; text-align: center; vertical-align: middle;\" colspan=\"5\"><\/td>\n<\/tr>\n<tr>\n<td style=\"text-align: center; vertical-align: middle; width: 15.775%; background-color: #ffffff;\" rowspan=\"2\"><span style=\"font-size: 0.9em;\"><b>\ud83c\udde6\ud83c\udde9 Pal Arinsal<\/b><\/span><br \/>\n<em><span style=\"font-size: 0.9em;\">25 et 27 ao\u00fbt 2023<\/span><\/em><\/td>\n<td style=\"text-align: center; vertical-align: middle; width: 18.5871%; background-color: #ffffff;\"><span style=\"font-size: 0.9em;\">XC Short Track<br \/>\n<strong><em><span style=\"font-size: 0.8em;\"><a href=\"https:\/\/dicodusport.fr\/blog\/vtt-xcc-pal-arinsal-victoire-dalessandra-keller-en-andorre\/\">R\u00e9sum\u00e9<\/a> &#8211; <a href=\"https:\/\/dicodusport.fr\/blog\/vtt-xcc-pal-arinsal-classement-de-la-course-femmes\/\">Classement<\/a><\/span><\/em><\/strong><br \/>\n<\/span><\/td>\n<td style=\"text-align: center; vertical-align: middle; width: 5.62414%; background-color: #ffffff;\"><strong style=\"font-size: 0.9em;\">\ud83c\udde8\ud83c\udded ALESSANDRA KELLER<\/strong><br \/>\n<span style=\"font-size: 0.9em;\"><span style=\"font-size: 0.8em;\">TH\u00d6MUS MAXON<\/span><\/span><\/td>\n<td style=\"text-align: center; vertical-align: middle; width: 4.52675%; background-color: #ffffff;\"><strong style=\"font-size: 0.9em;\">\ud83c\uddec\ud83c\udde7 EVIE RICHARDS<\/strong><br \/>\n<span style=\"font-size: 0.9em;\"><span style=\"font-size: 0.8em;\">TREK FACTORY RACING XC<\/span><\/span><\/td>\n<td style=\"text-align: center; vertical-align: middle; width: 4.52675%; background-color: #ffffff;\"><strong style=\"font-size: 0.9em;\">\ud83c\uddf3\ud83c\uddf1 PUCK PIETERSE<\/strong><br \/>\n<span style=\"font-size: 0.9em;\"><span style=\"font-size: 0.8em;\">ALPECIN-DECEUNINCK<\/span><\/span><\/td>\n<\/tr>\n<tr>\n<td style=\"text-align: center; vertical-align: middle; width: 18.5871%; background-color: #ffffff;\"><span style=\"font-size: 0.9em;\">XC Olympique<br \/>\n<strong><em><span style=\"font-size: 0.8em;\"><a href=\"https:\/\/dicodusport.fr\/blog\/vtt-xco-pal-arinsal-premiere-victoire-en-coupe-du-monde-pour-mona-mitterwallner\/\">R\u00e9sum\u00e9<\/a> &#8211; <a href=\"https:\/\/dicodusport.fr\/blog\/vtt-xco-pal-arinsal-classement-de-la-course-femmes\/\">Classement<\/a><\/span><\/em><\/strong><br \/>\n<\/span><\/td>\n<td style=\"text-align: center; vertical-align: middle; width: 5.62414%; background-color: #ffffff;\"><strong style=\"font-size: 0.9em;\">\ud83c\udde6\ud83c\uddf9 MONA MITTERWALLNER<\/strong><br \/>\n<span style=\"font-size: 0.9em;\"><span style=\"font-size: 0.8em;\">CANNONDALE FACTORY RACING<\/span><\/span><\/td>\n<td style=\"text-align: center; vertical-align: middle; width: 4.52675%; background-color: #ffffff;\"><strong style=\"font-size: 0.9em;\">\ud83c\udde8\ud83c\udded ALESSANDRA KELLER<\/strong><br \/>\n<span style=\"font-size: 0.9em;\"><span style=\"font-size: 0.8em;\">TH\u00d6MUS MAXON<\/span><\/span><\/td>\n<td style=\"text-align: center; vertical-align: middle; width: 4.52675%; background-color: #ffffff;\"><strong style=\"font-size: 0.9em;\">\ud83c\uddeb\ud83c\uddf7 PAULINE FERRAND-PR\u00c9VOT<\/strong><br \/>\n<span style=\"font-size: 0.9em;\"><span style=\"font-size: 0.8em;\">INEOS GRENADIERS<\/span><\/span><\/td>\n<\/tr>\n<tr>\n<td style=\"width: 20%; background-color: #b8b8b8; height: 2px; text-align: center; vertical-align: middle;\" colspan=\"5\"><\/td>\n<\/tr>\n<tr>\n<td style=\"text-align: center; vertical-align: middle; width: 15.775%; background-color: #ffffff;\" rowspan=\"2\"><span style=\"font-size: 0.9em;\"><b>\ud83c\uddeb\ud83c\uddf7 Les Gets &#8211; Portes du Soleil<\/b><\/span><br \/>\n<em><span style=\"font-size: 0.9em;\">8 et 10 septembre 2023<\/span><\/em><\/td>\n<td style=\"text-align: center; vertical-align: middle; width: 18.5871%; background-color: #ffffff;\"><span style=\"font-size: 0.9em;\">XC Short Track<br \/>\n<strong><em><span style=\"font-size: 0.8em;\"><a href=\"https:\/\/dicodusport.fr\/blog\/vtt-xcc-les-gets-puck-pieterse-simpose-avec-autorite\/\">R\u00e9sum\u00e9<\/a> &#8211; <a href=\"https:\/\/dicodusport.fr\/blog\/vtt-xcc-les-gets-classement-de-la-course-femmes\/\">Classement<\/a><\/span><\/em><\/strong><br \/>\n<\/span><\/td>\n<td style=\"text-align: center; vertical-align: middle; width: 5.62414%; background-color: #ffffff;\"><strong style=\"font-size: 0.9em;\">\ud83c\uddf3\ud83c\uddf1 PUCK PIETERSE<\/strong><br \/>\n<span style=\"font-size: 0.9em;\"><span style=\"font-size: 0.8em;\">ALPECIN-DECEUNINCK<\/span><\/span><\/td>\n<td style=\"text-align: center; vertical-align: middle; width: 4.52675%; background-color: #ffffff;\"><strong style=\"font-size: 0.9em;\">\ud83c\uddec\ud83c\udde7 EVIE RICHARDS<\/strong><br \/>\n<span style=\"font-size: 0.9em;\"><span style=\"font-size: 0.8em;\">TREK FACTORY RACING XC<\/span><\/span><\/td>\n<td style=\"text-align: center; vertical-align: middle; width: 4.52675%; background-color: #ffffff;\"><strong style=\"font-size: 0.9em;\">\ud83c\udde8\ud83c\udded ALESSANDRA KELLER<\/strong><br \/>\n<span style=\"font-size: 0.9em;\"><span style=\"font-size: 0.8em;\">TH\u00d6MUS MAXON<\/span><\/span><\/td>\n<\/tr>\n<tr>\n<td style=\"text-align: center; vertical-align: middle; width: 18.5871%; background-color: #ffffff;\"><span style=\"font-size: 0.9em;\">XC Olympique<br \/>\n<strong><em><span style=\"font-size: 0.8em;\"><a href=\"https:\/\/dicodusport.fr\/blog\/vtt-xco-les-gets-mona-mitterwallner-encore-gagnante-pauline-ferrand-prevot-sur-le-podium\/\">R\u00e9sum\u00e9<\/a> &#8211; <a href=\"https:\/\/dicodusport.fr\/blog\/vtt-xco-les-gets-classement-de-la-course-femmes\/\">Classement<\/a><\/span><\/em><\/strong><br \/>\n<\/span><\/td>\n<td style=\"text-align: center; vertical-align: middle; width: 5.62414%; background-color: #ffffff;\"><strong style=\"font-size: 0.9em;\">\ud83c\udde6\ud83c\uddf9 MONA MITTERWALLNER<\/strong><br \/>\n<span style=\"font-size: 0.9em;\"><span style=\"font-size: 0.8em;\">CANNONDALE FACTORY RACING<\/span><\/span><\/td>\n<td style=\"text-align: center; vertical-align: middle; width: 4.52675%; background-color: #ffffff;\"><strong style=\"font-size: 0.9em;\">\ud83c\uddf3\ud83c\uddf1 PUCK PIETERSE<\/strong><br \/>\n<span style=\"font-size: 0.9em;\"><span style=\"font-size: 0.8em;\">ALPECIN-DECEUNINCK<\/span><\/span><\/td>\n<td style=\"text-align: center; vertical-align: middle; width: 4.52675%; background-color: #ffffff;\"><strong style=\"font-size: 0.9em;\">\ud83c\uddeb\ud83c\uddf7 PAULINE FERRAND-PR\u00c9VOT<\/strong><br \/>\n<span style=\"font-size: 0.9em;\"><span style=\"font-size: 0.8em;\">INEOS GRENADIERS<\/span><\/span><\/td>\n<\/tr>\n<tr>\n<td style=\"width: 20%; background-color: #b8b8b8; height: 2px; text-align: center; vertical-align: middle;\" colspan=\"5\"><\/td>\n<\/tr>\n<tr>\n<td style=\"text-align: center; vertical-align: middle; width: 15.775%; background-color: #ffffff;\" rowspan=\"2\"><span style=\"font-size: 0.9em;\"><b>\ud83c\uddfa\ud83c\uddf8 Snowshoe<\/b><\/span><br \/>\n<em><span style=\"font-size: 0.9em;\">29 septembre et 1er octobre 2023<\/span><\/em><\/td>\n<td style=\"text-align: center; vertical-align: middle; width: 18.5871%; background-color: #ffffff;\"><span style=\"font-size: 0.9em;\">XC Short Track<br \/>\n<strong><em><span style=\"font-size: 0.8em;\"><a href=\"https:\/\/dicodusport.fr\/blog\/vtt-xcc-snowshoe-premiere-victoire-de-la-saison-pour-evie-richards\/\">R\u00e9sum\u00e9<\/a> &#8211; <a href=\"https:\/\/dicodusport.fr\/blog\/vtt-xcc-snowshoe-classement-de-la-course-femmes\/\">Classement<\/a><\/span><\/em><\/strong><br \/>\n<\/span><\/td>\n<td style=\"text-align: center; vertical-align: middle; width: 5.62414%; background-color: #ffffff;\"><strong style=\"font-size: 0.9em;\">\ud83c\uddec\ud83c\udde7 EVIE RICHARDS<\/strong><br \/>\n<span style=\"font-size: 0.9em;\"><span style=\"font-size: 0.8em;\">TREK FACTORY RACING XC<\/span><\/span><\/td>\n<td style=\"text-align: center; vertical-align: middle; width: 4.52675%; background-color: #ffffff;\"><strong style=\"font-size: 0.9em;\">\ud83c\uddf3\ud83c\uddf1 PUCK PIETERSE<\/strong><br \/>\n<span style=\"font-size: 0.9em;\"><span style=\"font-size: 0.8em;\">ALPECIN-DECEUNINCK<\/span><\/span><\/td>\n<td style=\"text-align: center; vertical-align: middle; width: 4.52675%; background-color: #ffffff;\"><strong style=\"font-size: 0.9em;\">\ud83c\udde6\ud83c\uddfa REBECCA HENDERSON<\/strong><br \/>\n<span style=\"font-size: 0.9em;\"><span style=\"font-size: 0.8em;\">PRIMAFLOR MONDRAKER GENUINS RACING TEAM<\/span><\/span><\/td>\n<\/tr>\n<tr>\n<td style=\"text-align: center; vertical-align: middle; width: 18.5871%; background-color: #ffffff;\"><span style=\"font-size: 0.9em;\">XC Olympique<br \/>\n<strong><em><span style=\"font-size: 0.8em;\"><a href=\"https:\/\/dicodusport.fr\/blog\/vtt-xco-snowshoe-loana-lecomte-deuxieme-derriere-laura-stigger\/\">R\u00e9sum\u00e9<\/a> &#8211; <a href=\"https:\/\/dicodusport.fr\/blog\/vtt-xco-snowshoe-classement-de-la-course-femmes\/\">Classement<\/a><\/span><\/em><\/strong><br \/>\n<\/span><\/td>\n<td style=\"text-align: center; vertical-align: middle; width: 5.62414%; background-color: #ffffff;\"><strong style=\"font-size: 0.9em;\">\ud83c\udde6\ud83c\uddf9 LAURA STIGGER<\/strong><br \/>\n<span style=\"font-size: 0.9em;\"><span style=\"font-size: 0.8em;\">SPECIALIZED FACTORY RACING<\/span><\/span><\/td>\n<td style=\"text-align: center; vertical-align: middle; width: 4.52675%; background-color: #ffffff;\"><strong style=\"font-size: 0.9em;\">\ud83c\uddeb\ud83c\uddf7 LOANA LECOMTE<\/strong><br \/>\n<span style=\"font-size: 0.9em;\"><span style=\"font-size: 0.8em;\">CANYON CLLCTV<\/span><\/span><\/td>\n<td style=\"text-align: center; vertical-align: middle; width: 4.52675%; background-color: #ffffff;\"><strong style=\"font-size: 0.9em;\">\ud83c\uddee\ud83c\uddf9 MARTINA BERTA<\/strong><br \/>\n<span style=\"font-size: 0.9em;\"><span style=\"font-size: 0.8em;\">SANTA CRUZ ROCKSHOX PRO TEAM<\/span><\/span><\/td>\n<\/tr>\n<tr>\n<td style=\"width: 20%; background-color: #b8b8b8; height: 2px; text-align: center; vertical-align: middle;\" colspan=\"5\"><\/td>\n<\/tr>\n<tr>\n<td style=\"text-align: center; vertical-align: middle; width: 15.775%; background-color: #ffffff;\" rowspan=\"2\"><span style=\"font-size: 0.9em;\"><b>\ud83c\udde8\ud83c\udde6 Mont-Sainte-Anne<\/b><\/span><br \/>\n<em><span style=\"font-size: 0.9em;\">6 et 8 octobre 2023<\/span><\/em><\/td>\n<td style=\"text-align: center; vertical-align: middle; width: 18.5871%; background-color: #ffffff;\"><span style=\"font-size: 0.9em;\">XC Short Track<br \/>\n<strong><em><span style=\"font-size: 0.8em;\"><a href=\"https:\/\/dicodusport.fr\/blog\/vtt-xcc-mont-sainte-anne-laura-stigger-et-victor-koretzky-victorieux\/#femmes\">R\u00e9sum\u00e9<\/a> &#8211; <a href=\"https:\/\/dicodusport.fr\/blog\/vtt-xcc-mont-sainte-anne-classement-de-la-course-femmes\/\">Classement<\/a><\/span><\/em><\/strong><\/span><\/td>\n<td style=\"text-align: center; vertical-align: middle; width: 5.62414%; background-color: #ffffff;\"><strong style=\"font-size: 0.9em;\">\ud83c\udde6\ud83c\uddf9 LAURA STIGGER<\/strong><br \/>\n<span style=\"font-size: 0.9em;\"><span style=\"font-size: 0.8em;\">SPECIALIZED FACTORY RACING<\/span><\/span><\/td>\n<td style=\"text-align: center; vertical-align: middle; width: 4.52675%; background-color: #ffffff;\"><strong style=\"font-size: 0.9em;\">\ud83c\uddeb\ud83c\uddf7 LOANA LECOMTE<\/strong><br \/>\n<span style=\"font-size: 0.9em;\"><span style=\"font-size: 0.8em;\">CANYON CLLCTV<\/span><\/span><\/td>\n<td style=\"text-align: center; vertical-align: middle; width: 4.52675%; background-color: #ffffff;\"><strong style=\"font-size: 0.9em;\">\ud83c\udde6\ud83c\uddfa REBECCA HENDERSON<\/strong><br \/>\n<span style=\"font-size: 0.9em;\"><span style=\"font-size: 0.8em;\">PRIMAFLOR MONDRAKER GENUINS RACING TEAM<\/span><\/span><\/td>\n<\/tr>\n<tr>\n<td style=\"text-align: center; vertical-align: middle; width: 18.5871%; background-color: #ffffff;\"><span style=\"font-size: 0.9em;\">XC Olympique<br \/>\n<strong><em><span style=\"font-size: 0.8em;\"><a href=\"https:\/\/dicodusport.fr\/blog\/vtt-xco-mont-sainte-anne-loana-lecomte-remporte-une-course-dantesque-apres-une-crevaison\/\">R\u00e9sum\u00e9<\/a> &#8211; <a href=\"https:\/\/dicodusport.fr\/blog\/vtt-xco-mont-sainte-anne-classement-de-la-course-femmes\/\">Classement<\/a><\/span><\/em><\/strong><br \/>\n<\/span><\/td>\n<td style=\"text-align: center; vertical-align: middle; width: 5.62414%; background-color: #ffffff;\"><strong style=\"font-size: 0.9em;\">\ud83c\uddeb\ud83c\uddf7 LOANA LECOMTE<\/strong><br \/>\n<span style=\"font-size: 0.9em;\"><span style=\"font-size: 0.8em;\">CANYON CLLCTV<\/span><\/span><\/td>\n<td style=\"text-align: center; vertical-align: middle; width: 4.52675%; background-color: #ffffff;\"><strong style=\"font-size: 0.9em;\">\ud83c\uddf8\ud83c\uddea JENNY RISSVEDS<\/strong><br \/>\n<span style=\"font-size: 0.9em;\"><span style=\"font-size: 0.8em;\">TEAM 31 IBIS CYCLES CONTINENTAL<\/span><\/span><\/td>\n<td style=\"text-align: center; vertical-align: middle; width: 4.52675%; background-color: #ffffff;\"><strong style=\"font-size: 0.9em;\">\ud83c\uddf3\ud83c\uddf1 PUCK PIETERSE<\/strong><br \/>\n<span style=\"font-size: 0.9em;\"><span style=\"font-size: 0.8em;\">ALPECIN-DECEUNINCK<\/span><\/span><\/td>\n<\/tr>\n<tr>\n<td style=\"width: 20%; background-color: #b8b8b8; height: 2px; text-align: center; vertical-align: middle;\" colspan=\"5\"><\/td>\n<\/tr>\n<\/tbody>\n<\/table>\n<ul>\n<li style=\"text-align: justify;\"><strong>\u00c0 lire aussi &#8211; <a href=\"https:\/\/dicodusport.fr\/blog\/vtt-cross-country-classement-general-coupe-du-monde-2023\/#femmes\">Classement g\u00e9n\u00e9ral de la Coupe du monde de VTT XC Femmes<\/a>\u00a0<\/strong><\/li>\n<\/ul>\n<hr \/>\n<h2 style=\"text-align: justify;\">Coupe de monde de VTT XC 2023 Hommes &#8211; Calendrier et r\u00e9sultats<\/h2>\n<table style=\"width: 800px; border-collapse: collapse;\">\n<tbody>\n<tr>\n<td style=\"width: 15.775%; background-color: #000000; text-align: center; vertical-align: middle;\"><span style=\"color: #ffffff; font-size: 0.9em;\"><strong>Lieu et Dates<\/strong><\/span><\/td>\n<td style=\"width: 18.5871%; background-color: #000000; text-align: center; vertical-align: middle;\"><span style=\"color: #ffffff; font-size: 0.9em;\"><strong>\u00c9preuve<\/strong><\/span><\/td>\n<td style=\"width: 5.62414%; background-color: #000000; text-align: center; vertical-align: middle;\"><span style=\"color: #ffffff; font-size: 0.9em;\"><strong>Vainqueur<\/strong><\/span><\/td>\n<td style=\"width: 4.52675%; background-color: #000000; text-align: center; vertical-align: middle;\"><span style=\"color: #ffffff; font-size: 0.9em;\"><strong>Deuxi\u00e8me<\/strong><\/span><\/td>\n<td style=\"width: 4.52675%; background-color: #000000; text-align: center; vertical-align: middle;\"><span style=\"color: #ffffff; font-size: 0.9em;\"><strong>Troisi\u00e8me<\/strong><\/span><\/td>\n<\/tr>\n<tr>\n<td style=\"text-align: center; vertical-align: middle; width: 20%; background-color: #ffffff;\" rowspan=\"2\"><span style=\"font-size: 0.9em;\"><b>\ud83c\udde8\ud83c\uddff Nove Mesto<\/b><\/span><br \/>\n<em><span style=\"font-size: 0.9em;\">12 et 14 mai 2023<\/span><\/em><\/td>\n<td style=\"text-align: center; vertical-align: middle; width: 20%; background-color: #ffffff;\"><span style=\"font-size: 0.9em;\">XC Short Track<br \/>\n<strong><em><span style=\"font-size: 0.8em;\"><a href=\"https:\/\/dicodusport.fr\/blog\/xcc-nove-mesto-tom-pidcock-simpose-en-patron\/\">R\u00e9sum\u00e9<\/a> &#8211; <a href=\"https:\/\/dicodusport.fr\/blog\/vtt-short-track-nove-mesto-classement-de-la-course-hommes\/\">Classement<\/a><\/span><\/em><\/strong><br \/>\n<\/span><\/td>\n<td style=\"text-align: center; vertical-align: middle; width: 20%; background-color: #ffffff;\"><strong style=\"font-size: 0.9em;\">\ud83c\uddec\ud83c\udde7 TOM PIDCOCK<\/strong><br \/>\n<span style=\"font-size: 0.9em;\"><span style=\"font-size: 0.8em;\">INEOS GRENADIERS<\/span><\/span><\/td>\n<td style=\"text-align: center; vertical-align: middle; width: 20%; background-color: #ffffff;\"><strong style=\"font-size: 0.9em;\">\ud83c\uddf3\ud83c\uddff SAM GAZE<\/strong><br \/>\n<span style=\"font-size: 0.9em;\"><span style=\"font-size: 0.8em;\">ALPECIN-DECEUNINCK<\/span><\/span><\/td>\n<td style=\"text-align: center; vertical-align: middle; width: 20%; background-color: #ffffff;\"><strong style=\"font-size: 0.9em;\">\ud83c\udde9\ud83c\uddea LUCA SCHWARZBAUER<\/strong><br \/>\n<span style=\"font-size: 0.9em;\"><span style=\"font-size: 0.8em;\">CANYON CLLCTV<\/span><\/span><\/td>\n<\/tr>\n<tr>\n<td style=\"text-align: center; vertical-align: middle; width: 20%; background-color: #ffffff;\"><span style=\"font-size: 0.9em;\">XC Olympique<br \/>\n<strong><em><span style=\"font-size: 0.8em;\"><a href=\"https:\/\/dicodusport.fr\/blog\/xco-nove-mesto-thomas-pidcock-fait-le-double-joshua-dubau-2e\/\">R\u00e9sum\u00e9<\/a> &#8211; <a href=\"https:\/\/dicodusport.fr\/blog\/vtt-xco-nove-mesto-2023-classement-course-hommes\/\">Classement<\/a><\/span><\/em><\/strong><br \/>\n<\/span><\/td>\n<td style=\"text-align: center; vertical-align: middle; width: 20%; background-color: #ffffff;\"><strong style=\"font-size: 0.9em;\">\ud83c\uddec\ud83c\udde7 TOM PIDCOCK<\/strong><br \/>\n<span style=\"font-size: 0.9em;\"><span style=\"font-size: 0.8em;\">INEOS GRENADIERS<\/span><\/span><\/td>\n<td style=\"text-align: center; vertical-align: middle; width: 20%; background-color: #ffffff;\"><strong style=\"font-size: 0.9em;\">\ud83c\uddeb\ud83c\uddf7 JOSHUA DUBAU<\/strong><br \/>\n<span style=\"font-size: 0.9em;\"><span style=\"font-size: 0.8em;\">ROCKRIDER FORD RACING TEAM<\/span><\/span><\/td>\n<td style=\"text-align: center; vertical-align: middle; width: 20%; background-color: #ffffff;\"><strong style=\"font-size: 0.9em;\">\ud83c\udde8\ud83c\udded NINO SCHURTER<\/strong><br \/>\n<span style=\"font-size: 0.9em;\"><span style=\"font-size: 0.8em;\">SCOTT-SRAM MTB RACING TEAM<\/span><\/span><\/td>\n<\/tr>\n<tr>\n<td style=\"width: 20%; background-color: #b8b8b8; height: 2px; text-align: center; vertical-align: middle;\" colspan=\"5\"><\/td>\n<\/tr>\n<tr>\n<td style=\"text-align: center; vertical-align: middle; width: 20%; background-color: #ffffff;\" rowspan=\"2\"><span style=\"font-size: 0.9em;\"><b>\ud83c\udde8\ud83c\udded Lenzerheide<\/b><\/span><br \/>\n<em><span style=\"font-size: 0.9em;\">9 et 11 juin 2023<\/span><\/em><\/td>\n<td style=\"text-align: center; vertical-align: middle; width: 20%; background-color: #ffffff;\"><span style=\"font-size: 0.9em;\">XC Short Track<br \/>\n<strong><em><span style=\"font-size: 0.8em;\"><a href=\"https:\/\/dicodusport.fr\/blog\/vtt-xcc-lenzerheide-luca-schwarzbauer-victorieux-devant-jordan-sarrou\/\">R\u00e9sum\u00e9<\/a> &#8211; <a href=\"https:\/\/dicodusport.fr\/blog\/vtt-xcc-lenzerheide-classement-de-la-course-hommes\/\">Classement<\/a><\/span><\/em><\/strong><br \/>\n<\/span><\/td>\n<td style=\"text-align: center; vertical-align: middle; width: 20%; background-color: #ffffff;\"><strong style=\"font-size: 0.9em;\">\ud83c\udde9\ud83c\uddea LUCA SCHWARZBAUER<\/strong><br \/>\n<span style=\"font-size: 0.9em;\"><span style=\"font-size: 0.8em;\">CANYON CLLCTV<\/span><\/span><\/td>\n<td style=\"text-align: center; vertical-align: middle; width: 20%; background-color: #ffffff;\"><strong style=\"font-size: 0.9em;\">\ud83c\uddeb\ud83c\uddf7 JORDAN SARROU<\/strong><br \/>\n<span style=\"font-size: 0.9em;\"><span style=\"font-size: 0.8em;\">TEAM BMC<\/span><\/span><\/td>\n<td style=\"text-align: center; vertical-align: middle; width: 20%; background-color: #ffffff;\"><strong style=\"font-size: 0.9em;\">\ud83c\udde9\ud83c\uddf0 SEBASTIAN FINI CARSTENSEN<\/strong><br \/>\n<span style=\"font-size: 0.9em;\"><span style=\"font-size: 0.8em;\">LAPIERRE MAVIC UNITY<\/span><\/span><\/td>\n<\/tr>\n<tr>\n<td style=\"text-align: center; vertical-align: middle; width: 20%; background-color: #ffffff;\"><span style=\"font-size: 0.9em;\">XC Olympique<br \/>\n<strong><em><span style=\"font-size: 0.8em;\"><a href=\"https:\/\/dicodusport.fr\/blog\/vtt-xco-lenzerheide-un-nino-schurter-record-devance-le-francais-thomas-griot\/\">R\u00e9sum\u00e9<\/a> &#8211; <a href=\"https:\/\/dicodusport.fr\/blog\/vtt-xco-lenzerheide-classement-de-la-course-hommes\/\">Classement<\/a><\/span><\/em><\/strong><br \/>\n<\/span><\/td>\n<td style=\"text-align: center; vertical-align: middle; width: 20%; background-color: #ffffff;\"><strong style=\"font-size: 0.9em;\">\ud83c\udde8\ud83c\udded NINO SCHURTER<\/strong><br \/>\n<span style=\"font-size: 0.9em;\"><span style=\"font-size: 0.8em;\">SCOTT-SRAM MTB RACING TEAM<\/span><\/span><\/td>\n<td style=\"text-align: center; vertical-align: middle; width: 20%; background-color: #ffffff;\"><strong style=\"font-size: 0.9em;\">\ud83c\uddff\ud83c\udde6 ALAN HATHERLY<\/strong><br \/>\n<span style=\"font-size: 0.9em;\"><span style=\"font-size: 0.8em;\">CANNONDALE FACTORY RACING<\/span><\/span><\/td>\n<td style=\"text-align: center; vertical-align: middle; width: 20%; background-color: #ffffff;\"><strong style=\"font-size: 0.9em;\">\ud83c\uddeb\ud83c\uddf7 JORDAN SARROU<\/strong><br \/>\n<span style=\"font-size: 0.9em;\"><span style=\"font-size: 0.8em;\">TEAM BMC<\/span><\/span><\/td>\n<\/tr>\n<tr>\n<td style=\"width: 20%; background-color: #b8b8b8; height: 2px; text-align: center; vertical-align: middle;\" colspan=\"5\"><\/td>\n<\/tr>\n<tr>\n<td style=\"text-align: center; vertical-align: middle; width: 15.775%; background-color: #ffffff;\" rowspan=\"2\"><span style=\"font-size: 0.9em;\"><b>\ud83c\udde6\ud83c\uddf9 Leogang<\/b><\/span><br \/>\n<em><span style=\"font-size: 0.9em;\">16 et 18 juin 2023<\/span><\/em><\/td>\n<td style=\"text-align: center; vertical-align: middle; width: 18.5871%; background-color: #ffffff;\"><span style=\"font-size: 0.9em;\">XC Short Track<br \/>\n<strong><em><span style=\"font-size: 0.8em;\"><a href=\"https:\/\/dicodusport.fr\/blog\/vtt-xcc-leogang-jordan-sarrou-grand-vainqueur-du-format-court\/\">R\u00e9sum\u00e9<\/a> &#8211; <a href=\"https:\/\/dicodusport.fr\/blog\/vtt-xcc-leogang-classement-de-la-course-hommes\/\">Classement<\/a><\/span><\/em><\/strong><br \/>\n<\/span><\/td>\n<td style=\"text-align: center; vertical-align: middle; width: 5.62414%; background-color: #ffffff;\"><strong style=\"font-size: 0.9em;\">\ud83c\uddeb\ud83c\uddf7 JORDAN SARROU<\/strong><br \/>\n<span style=\"font-size: 0.9em;\"><span style=\"font-size: 0.8em;\">TEAM BMC<\/span><\/span><\/td>\n<td style=\"text-align: center; vertical-align: middle; width: 4.52675%; background-color: #ffffff;\"><strong style=\"font-size: 0.9em;\">\ud83c\udde9\ud83c\uddea LUCA SCHWARZBAUER<\/strong><br \/>\n<span style=\"font-size: 0.9em;\"><span style=\"font-size: 0.8em;\">CANYON CLLCTV<\/span><\/span><\/td>\n<td style=\"text-align: center; vertical-align: middle; width: 4.52675%; background-color: #ffffff;\"><strong style=\"font-size: 0.9em;\">\ud83c\uddf1\ud83c\uddfb MARTINS BLUMS<\/strong><br \/>\n<span style=\"font-size: 0.9em;\"><span style=\"font-size: 0.8em;\">KMC MTB RACING TEAM<\/span><\/span><\/td>\n<\/tr>\n<tr>\n<td style=\"text-align: center; vertical-align: middle; width: 18.5871%; background-color: #ffffff;\"><span style=\"font-size: 0.9em;\">XC Olympique<br \/>\n<strong><em><span style=\"font-size: 0.8em;\"><a href=\"https:\/\/dicodusport.fr\/blog\/vtt-xco-leogang-lars-forster-simpose-en-autriche-devant-luca-schwarzbauer\/\">R\u00e9sum\u00e9<\/a> &#8211; <a href=\"https:\/\/dicodusport.fr\/blog\/vtt-xco-leogang-classement-de-la-course-hommes\/\">Classement<\/a><\/span><\/em><\/strong><br \/>\n<\/span><\/td>\n<td style=\"text-align: center; vertical-align: middle; width: 5.62414%; background-color: #ffffff;\"><strong style=\"font-size: 0.9em;\">\ud83c\udde8\ud83c\udded LARS FORSTER<\/strong><br \/>\n<span style=\"font-size: 0.9em;\"><span style=\"font-size: 0.8em;\">TH\u00d6MUS MAXON<\/span><\/span><\/td>\n<td style=\"text-align: center; vertical-align: middle; width: 4.52675%; background-color: #ffffff;\"><strong style=\"font-size: 0.9em;\">\ud83c\udde9\ud83c\uddea LUCA SCHWARZBAUER<\/strong><br \/>\n<span style=\"font-size: 0.9em;\"><span style=\"font-size: 0.8em;\">CANYON CLLCTV<\/span><\/span><\/td>\n<td style=\"text-align: center; vertical-align: middle; width: 4.52675%; background-color: #ffffff;\"><strong style=\"font-size: 0.9em;\">\ud83c\udde8\ud83c\uddff ONDREJ CINK<\/strong><br \/>\n<span style=\"font-size: 0.9em;\"><span style=\"font-size: 0.8em;\">PRIMAFLOR MONDRAKER GENUINS RACING TEAM<\/span><\/span><\/td>\n<\/tr>\n<tr>\n<td style=\"width: 20%; background-color: #b8b8b8; height: 2px; text-align: center; vertical-align: middle;\" colspan=\"5\"><\/td>\n<\/tr>\n<tr>\n<td style=\"text-align: center; vertical-align: middle; width: 15.775%; background-color: #ffffff;\" rowspan=\"2\"><span style=\"font-size: 0.9em;\"><b>\ud83c\uddee\ud83c\uddf9 Val di Sole<\/b><\/span><br \/>\n<em><span style=\"font-size: 0.9em;\">30 juin et 2 juillet 2023<\/span><\/em><\/td>\n<td style=\"text-align: center; vertical-align: middle; width: 18.5871%; background-color: #ffffff;\"><span style=\"font-size: 0.9em;\">XC Short Track<br \/>\n<strong><em><span style=\"font-size: 0.8em;\"><a href=\"https:\/\/dicodusport.fr\/blog\/vtt-xcc-val-di-sole-luca-schwarzbauer-lemporte-joshua-dubau-troisieme\/\">R\u00e9sum\u00e9<\/a> &#8211; <a href=\"https:\/\/dicodusport.fr\/blog\/vtt-xcc-val-di-sole-classement-de-la-course-hommes\/\">Classement<\/a><\/span><\/em><\/strong><br \/>\n<\/span><\/td>\n<td style=\"text-align: center; vertical-align: middle; width: 5.62414%; background-color: #ffffff;\"><strong style=\"font-size: 0.9em;\">\ud83c\udde9\ud83c\uddea LUCA SCHWARZBAUER<\/strong><br \/>\n<span style=\"font-size: 0.9em;\"><span style=\"font-size: 0.8em;\">CANYON CLLCTV<\/span><\/span><\/td>\n<td style=\"text-align: center; vertical-align: middle; width: 4.52675%; background-color: #ffffff;\"><strong style=\"font-size: 0.9em;\">\ud83c\uddff\ud83c\udde6 ALAN HATHERLY<\/strong><br \/>\n<span style=\"font-size: 0.9em;\"><span style=\"font-size: 0.8em;\">CANNONDALE FACTORY RACING<\/span><\/span><\/td>\n<td style=\"text-align: center; vertical-align: middle; width: 4.52675%; background-color: #ffffff;\"><strong style=\"font-size: 0.9em;\">\ud83c\uddeb\ud83c\uddf7 JOSHUA DUBAU<\/strong><br \/>\n<span style=\"font-size: 0.9em;\"><span style=\"font-size: 0.8em;\">ROCKRIDER FORD RACING TEAM<\/span><\/span><\/td>\n<\/tr>\n<tr>\n<td style=\"text-align: center; vertical-align: middle; width: 18.5871%; background-color: #ffffff;\"><span style=\"font-size: 0.9em;\">XC Olympique<br \/>\n<strong><em><span style=\"font-size: 0.8em;\"><a href=\"https:\/\/dicodusport.fr\/blog\/vtt-xco-val-di-sole-nino-schurter-vainqueur-en-italie-dubau-4e\/\">R\u00e9sum\u00e9<\/a> &#8211; <a href=\"https:\/\/dicodusport.fr\/blog\/vtt-xco-val-di-sole-classement-de-la-course-hommes\/\">Classement<\/a><\/span><\/em><\/strong><br \/>\n<\/span><\/td>\n<td style=\"text-align: center; vertical-align: middle; width: 5.62414%; background-color: #ffffff;\"><strong style=\"font-size: 0.9em;\">\ud83c\udde8\ud83c\udded NINO SCHURTER<\/strong><br \/>\n<span style=\"font-size: 0.9em;\"><span style=\"font-size: 0.8em;\">SCOTT-SRAM MTB RACING TEAM<\/span><\/span><\/td>\n<td style=\"text-align: center; vertical-align: middle; width: 4.52675%; background-color: #ffffff;\"><strong style=\"font-size: 0.9em;\">\ud83c\udde8\ud83c\udded MATHIAS FL\u00dcCKIGER<\/strong><br \/>\n<span style=\"font-size: 0.9em;\"><span style=\"font-size: 0.8em;\">TH\u00d6MUS MAXON<\/span><\/span><\/td>\n<td style=\"text-align: center; vertical-align: middle; width: 4.52675%; background-color: #ffffff;\"><strong style=\"font-size: 0.9em;\">\ud83c\uddf7\ud83c\uddf4 VLAD DASCALU<\/strong><br \/>\n<span style=\"font-size: 0.9em;\"><span style=\"font-size: 0.8em;\">TREK FACTORY RACING XC<\/span><\/span><\/td>\n<\/tr>\n<tr>\n<td style=\"width: 20%; background-color: #b8b8b8; height: 2px; text-align: center; vertical-align: middle;\" colspan=\"5\"><\/td>\n<\/tr>\n<tr>\n<td style=\"text-align: center; vertical-align: middle; width: 15.775%; background-color: #ffffff;\" rowspan=\"2\"><span style=\"font-size: 0.9em;\"><b>\ud83c\udde6\ud83c\udde9 Pal Arinsal<\/b><\/span><br \/>\n<em><span style=\"font-size: 0.9em;\">25 et 27 ao\u00fbt 2023<\/span><\/em><\/td>\n<td style=\"text-align: center; vertical-align: middle; width: 18.5871%; background-color: #ffffff;\"><span style=\"font-size: 0.9em;\">XC Short Track<br \/>\n<strong><em><span style=\"font-size: 0.8em;\"><a href=\"https:\/\/dicodusport.fr\/blog\/vtt-xcc-pal-arinsal-sarrou-3eme-luca-schwarzbauer-vainqueur-au-sprint-devant-nino-schurter\/\">R\u00e9sum\u00e9<\/a> &#8211; <a href=\"https:\/\/dicodusport.fr\/blog\/vtt-xcc-pal-arinsal-classement-de-la-course-hommes\/\">Classement<\/a><\/span><\/em><\/strong><br \/>\n<\/span><\/td>\n<td style=\"text-align: center; vertical-align: middle; width: 5.62414%; background-color: #ffffff;\"><strong style=\"font-size: 0.9em;\">\ud83c\udde9\ud83c\uddea LUCA SCHWARZBAUER<\/strong><br \/>\n<span style=\"font-size: 0.9em;\"><span style=\"font-size: 0.8em;\">CANYON CLLCTV<\/span><\/span><\/td>\n<td style=\"text-align: center; vertical-align: middle; width: 4.52675%; background-color: #ffffff;\"><strong style=\"font-size: 0.9em;\">\ud83c\udde8\ud83c\udded NINO SCHURTER<\/strong><br \/>\n<span style=\"font-size: 0.9em;\"><span style=\"font-size: 0.8em;\">SCOTT-SRAM MTB RACING TEAM<\/span><\/span><\/td>\n<td style=\"text-align: center; vertical-align: middle; width: 4.52675%; background-color: #ffffff;\"><strong style=\"font-size: 0.9em;\">\ud83c\uddeb\ud83c\uddf7 JORDAN SARROU<\/strong><br \/>\n<span style=\"font-size: 0.9em;\"><span style=\"font-size: 0.8em;\">TEAM BMC<\/span><\/span><\/td>\n<\/tr>\n<tr>\n<td style=\"text-align: center; vertical-align: middle; width: 18.5871%; background-color: #ffffff;\"><span style=\"font-size: 0.9em;\">XC Olympique<br \/>\n<strong><em><span style=\"font-size: 0.8em;\"><a href=\"https:\/\/dicodusport.fr\/blog\/vtt-xco-pal-arinsal-mathias-fluckiger-simpose-devant-le-francais-thomas-griot\/\">R\u00e9sum\u00e9<\/a> &#8211; <a href=\"https:\/\/dicodusport.fr\/blog\/vtt-xco-pal-arinsal-classement-de-la-course-hommes\/\">Classement<\/a><\/span><\/em><\/strong><br \/>\n<\/span><\/td>\n<td style=\"text-align: center; vertical-align: middle; width: 5.62414%; background-color: #ffffff;\"><strong style=\"font-size: 0.9em;\">\ud83c\udde8\ud83c\udded MATHIAS FL\u00dcCKIGER<\/strong><br \/>\n<span style=\"font-size: 0.9em;\"><span style=\"font-size: 0.8em;\">TH\u00d6MUS MAXON<\/span><\/span><\/td>\n<td style=\"text-align: center; vertical-align: middle; width: 4.52675%; background-color: #ffffff;\"><strong style=\"font-size: 0.9em;\">\ud83c\uddeb\ud83c\uddf7 THOMAS GRIOT<\/strong><br \/>\n<span style=\"font-size: 0.9em;\"><span style=\"font-size: 0.8em;\">CANYON CLLCTV<\/span><\/span><\/td>\n<td style=\"text-align: center; vertical-align: middle; width: 4.52675%; background-color: #ffffff;\"><strong style=\"font-size: 0.9em;\">\ud83c\uddec\ud83c\udde7 TOM PIDCOCK<\/strong><br \/>\n<span style=\"font-size: 0.9em;\"><span style=\"font-size: 0.8em;\">INEOS GRENADIERS<\/span><\/span><\/td>\n<\/tr>\n<tr>\n<td style=\"width: 20%; background-color: #b8b8b8; height: 2px; text-align: center; vertical-align: middle;\" colspan=\"5\"><\/td>\n<\/tr>\n<tr>\n<td style=\"text-align: center; vertical-align: middle; width: 15.775%; background-color: #ffffff;\" rowspan=\"2\"><span style=\"font-size: 0.9em;\"><b>\ud83c\uddeb\ud83c\uddf7 Les Gets &#8211; Portes du Soleil<\/b><\/span><br \/>\n<em><span style=\"font-size: 0.9em;\">8 et 10 septembre 2023<\/span><\/em><\/td>\n<td style=\"text-align: center; vertical-align: middle; width: 18.5871%; background-color: #ffffff;\"><span style=\"font-size: 0.9em;\">XC Short Track<br \/>\n<strong><em><span style=\"font-size: 0.8em;\"><a href=\"https:\/\/dicodusport.fr\/blog\/vtt-xcc-les-gets-double-francais-victor-koretzky-gagne-devant-jordan-sarrou\/\">R\u00e9sum\u00e9<\/a> &#8211; <a href=\"https:\/\/dicodusport.fr\/blog\/vtt-xcc-les-gets-classement-de-la-course-hommes\/\">Classement<\/a><\/span><\/em><\/strong><br \/>\n<\/span><\/td>\n<td style=\"text-align: center; vertical-align: middle; width: 5.62414%; background-color: #ffffff;\"><strong style=\"font-size: 0.9em;\">\ud83c\uddeb\ud83c\uddf7 VICTOR KORETZKY<\/strong><br \/>\n<span style=\"font-size: 0.9em;\"><span style=\"font-size: 0.8em;\">SPECIALIZED FACTORY RACING<\/span><\/span><\/td>\n<td style=\"text-align: center; vertical-align: middle; width: 4.52675%; background-color: #ffffff;\"><strong style=\"font-size: 0.9em;\">\ud83c\uddeb\ud83c\uddf7 JORDAN SARROU<\/strong><br \/>\n<span style=\"font-size: 0.9em;\"><span style=\"font-size: 0.8em;\">TEAM BMC<\/span><\/span><\/td>\n<td style=\"text-align: center; vertical-align: middle; width: 4.52675%; background-color: #ffffff;\"><strong style=\"font-size: 0.9em;\">\ud83c\udde9\ud83c\uddea LUCA SCHWARZBAUER<\/strong><br \/>\n<span style=\"font-size: 0.9em;\"><span style=\"font-size: 0.8em;\">CANYON CLLCTV<\/span><\/span><\/td>\n<\/tr>\n<tr>\n<td style=\"text-align: center; vertical-align: middle; width: 18.5871%; background-color: #ffffff;\"><span style=\"font-size: 0.9em;\">XC Olympique<br \/>\n<strong><em><span style=\"font-size: 0.8em;\"><a href=\"https:\/\/dicodusport.fr\/blog\/vtt-xco-les-gets-le-double-pour-victor-koretzky-imperial-a-domicile\/\">R\u00e9sum\u00e9<\/a> &#8211; <a href=\"https:\/\/dicodusport.fr\/blog\/vtt-xco-les-gets-classement-de-la-course-hommes\/\">Classement<\/a><\/span><\/em><\/strong><br \/>\n<\/span><\/td>\n<td style=\"text-align: center; vertical-align: middle; width: 5.62414%; background-color: #ffffff;\"><strong style=\"font-size: 0.9em;\">\ud83c\uddeb\ud83c\uddf7 VICTOR KORETZKY<\/strong><br \/>\n<span style=\"font-size: 0.9em;\"><span style=\"font-size: 0.8em;\">SPECIALIZED FACTORY RACING<\/span><\/span><\/td>\n<td style=\"text-align: center; vertical-align: middle; width: 4.52675%; background-color: #ffffff;\"><strong style=\"font-size: 0.9em;\">\ud83c\udde8\ud83c\udded NINO SCHURTER<\/strong><br \/>\n<span style=\"font-size: 0.9em;\"><span style=\"font-size: 0.8em;\">SCOTT-SRAM MTB RACING TEAM<\/span><\/span><\/td>\n<td style=\"text-align: center; vertical-align: middle; width: 4.52675%; background-color: #ffffff;\"><strong style=\"font-size: 0.9em;\">\ud83c\uddf7\ud83c\uddf4 VLAD DASCALU<\/strong><br \/>\n<span style=\"font-size: 0.9em;\"><span style=\"font-size: 0.8em;\">TREK FACTORY RACING XC<\/span><\/span><\/td>\n<\/tr>\n<tr>\n<td style=\"width: 20%; background-color: #b8b8b8; height: 2px; text-align: center; vertical-align: middle;\" colspan=\"5\"><\/td>\n<\/tr>\n<tr>\n<td style=\"text-align: center; vertical-align: middle; width: 15.775%; background-color: #ffffff;\" rowspan=\"2\"><span style=\"font-size: 0.9em;\"><b>\ud83c\uddfa\ud83c\uddf8 Snowshoe<\/b><\/span><br \/>\n<em><span style=\"font-size: 0.9em;\">29 septembre et 1er octobre 2023<\/span><\/em><\/td>\n<td style=\"text-align: center; vertical-align: middle; width: 18.5871%; background-color: #ffffff;\"><span style=\"font-size: 0.9em;\">XC Short Track<br \/>\n<strong><em><span style=\"font-size: 0.8em;\"><a href=\"https:\/\/dicodusport.fr\/blog\/vtt-xcc-snowshoe-nouvelle-victoire-de-victor-koretzky-devant-jordan-sarrou\/\">R\u00e9sum\u00e9<\/a> &#8211; <a href=\"https:\/\/dicodusport.fr\/blog\/vtt-xcc-snowshoe-classement-de-la-course-hommes\/\">Classement<\/a><\/span><\/em><\/strong><br \/>\n<\/span><\/td>\n<td style=\"text-align: center; vertical-align: middle; width: 5.62414%; background-color: #ffffff;\"><strong style=\"font-size: 0.9em;\">\ud83c\uddeb\ud83c\uddf7 VICTOR KORETZKY<\/strong><br \/>\n<span style=\"font-size: 0.9em;\"><span style=\"font-size: 0.8em;\">SPECIALIZED FACTORY RACING<\/span><\/span><\/td>\n<td style=\"text-align: center; vertical-align: middle; width: 4.52675%; background-color: #ffffff;\"><strong style=\"font-size: 0.9em;\">\ud83c\uddeb\ud83c\uddf7 JORDAN SARROU<\/strong><br \/>\n<span style=\"font-size: 0.9em;\"><span style=\"font-size: 0.8em;\">TEAM BMC<\/span><\/span><\/td>\n<td style=\"text-align: center; vertical-align: middle; width: 4.52675%; background-color: #ffffff;\"><strong style=\"font-size: 0.9em;\">\ud83c\udde9\ud83c\uddea LUCA SCHWARZBAUER<\/strong><br \/>\n<span style=\"font-size: 0.9em;\"><span style=\"font-size: 0.8em;\">CANYON CLLCTV<\/span><\/span><\/td>\n<\/tr>\n<tr>\n<td style=\"text-align: center; vertical-align: middle; width: 18.5871%; background-color: #ffffff;\"><span style=\"font-size: 0.9em;\">XC Olympique<br \/>\n<strong><em><span style=\"font-size: 0.8em;\"><a href=\"https:\/\/dicodusport.fr\/blog\/vtt-xco-snowshoe-jordan-sarrou-soffre-nino-schurter\/\">R\u00e9sum\u00e9<\/a> &#8211; <a href=\"https:\/\/dicodusport.fr\/blog\/vtt-xco-snowshoe-classement-de-la-course-hommes\/\">Classement<\/a><\/span><\/em><\/strong><br \/>\n<\/span><\/td>\n<td style=\"text-align: center; vertical-align: middle; width: 5.62414%; background-color: #ffffff;\"><strong style=\"font-size: 0.9em;\">\ud83c\uddeb\ud83c\uddf7 JORDAN SARROU<\/strong><br \/>\n<span style=\"font-size: 0.9em;\"><span style=\"font-size: 0.8em;\">TEAM BMC<\/span><\/span><\/td>\n<td style=\"text-align: center; vertical-align: middle; width: 4.52675%; background-color: #ffffff;\"><strong style=\"font-size: 0.9em;\">\ud83c\udde8\ud83c\udded NINO SCHURTER<\/strong><br \/>\n<span style=\"font-size: 0.9em;\"><span style=\"font-size: 0.8em;\">SCOTT-SRAM MTB RACING TEAM<\/span><\/span><\/td>\n<td style=\"text-align: center; vertical-align: middle; width: 4.52675%; background-color: #ffffff;\"><strong style=\"font-size: 0.9em;\">\ud83c\udde8\ud83c\udded MARCEL GUERRINI<\/strong><br \/>\n<span style=\"font-size: 0.9em;\"><span style=\"font-size: 0.8em;\">BIXS PERFORMANCE RACE TEAM<\/span><\/span><\/td>\n<\/tr>\n<tr>\n<td style=\"width: 20%; background-color: #b8b8b8; height: 2px; text-align: center; vertical-align: middle;\" colspan=\"5\"><\/td>\n<\/tr>\n<tr>\n<td style=\"text-align: center; vertical-align: middle; width: 15.775%; background-color: #ffffff;\" rowspan=\"2\"><span style=\"font-size: 0.9em;\"><b>\ud83c\udde8\ud83c\udde6 Mont-Sainte-Anne<\/b><\/span><br \/>\n<em><span style=\"font-size: 0.9em;\">6 et 8 octobre 2023<\/span><\/em><\/td>\n<td style=\"text-align: center; vertical-align: middle; width: 18.5871%; background-color: #ffffff;\"><span style=\"font-size: 0.9em;\">XC Short Track<br \/>\n<strong><em><span style=\"font-size: 0.8em;\"><a href=\"https:\/\/dicodusport.fr\/blog\/vtt-xcc-mont-sainte-anne-laura-stigger-et-victor-koretzky-victorieux\/#hommes\">R\u00e9sum\u00e9<\/a> &#8211; <a href=\"https:\/\/dicodusport.fr\/blog\/vtt-xcc-mont-sainte-anne-classement-de-la-course-hommes\/\">Classement<\/a><\/span><\/em><\/strong><\/span><\/td>\n<td style=\"text-align: center; vertical-align: middle; width: 5.62414%; background-color: #ffffff;\"><strong style=\"font-size: 0.9em;\">\ud83c\uddeb\ud83c\uddf7 VICTOR KORETZKY<\/strong><br \/>\n<span style=\"font-size: 0.9em;\"><span style=\"font-size: 0.8em;\">SPECIALIZED FACTORY RACING<\/span><\/span><\/td>\n<td style=\"text-align: center; vertical-align: middle; width: 4.52675%; background-color: #ffffff;\"><strong style=\"font-size: 0.9em;\">\ud83c\uddeb\ud83c\uddf7 JORDAN SARROU<\/strong><br \/>\n<span style=\"font-size: 0.9em;\"><span style=\"font-size: 0.8em;\">TEAM BMC<\/span><\/span><\/td>\n<td style=\"text-align: center; vertical-align: middle; width: 4.52675%; background-color: #ffffff;\"><strong style=\"font-size: 0.9em;\"><span style=\"font-size: 0.9em;\"><b>\ud83c\uddfa\ud83c\uddf8<\/b><\/span> CHRISTOPHER BLEVINS<\/strong><br \/>\n<span style=\"font-size: 0.9em;\"><span style=\"font-size: 0.8em;\">SPECIALIZED FACTORY RACING<\/span><\/span><\/td>\n<\/tr>\n<tr>\n<td style=\"text-align: center; vertical-align: middle; width: 18.5871%; background-color: #ffffff;\"><span style=\"font-size: 0.9em;\">XC Olympique<br \/>\n<strong><em><span style=\"font-size: 0.8em;\"><a href=\"https:\/\/dicodusport.fr\/blog\/vtt-xco-mont-sainte-anne-thomas-pidcock-lemporte-le-general-pour-nino-schurter\/\">R\u00e9sum\u00e9<\/a> &#8211; <a href=\"https:\/\/dicodusport.fr\/blog\/vtt-xco-mont-sainte-anne-classement-de-la-course-hommes\/\">Classement<\/a><\/span><\/em><\/strong><br \/>\n<\/span><\/td>\n<td style=\"text-align: center; vertical-align: middle; width: 5.62414%; background-color: #ffffff;\"><strong style=\"font-size: 0.9em;\">\ud83c\uddec\ud83c\udde7 TOM PIDCOCK<\/strong><br \/>\n<span style=\"font-size: 0.9em;\"><span style=\"font-size: 0.8em;\">INEOS GRENADIERS<\/span><\/span><\/td>\n<td style=\"text-align: center; vertical-align: middle; width: 4.52675%; background-color: #ffffff;\"><strong style=\"font-size: 0.9em;\">\ud83c\udde8\ud83c\udded MATHIAS FL\u00dcCKIGER<\/strong><br \/>\n<span style=\"font-size: 0.9em;\"><span style=\"font-size: 0.8em;\">TH\u00d6MUS MAXON<\/span><\/span><\/td>\n<td style=\"text-align: center; vertical-align: middle; width: 4.52675%; background-color: #ffffff;\"><strong style=\"font-size: 0.9em;\">\ud83c\udde8\ud83c\udded MARCEL GUERRINI<\/strong><br \/>\n<span style=\"font-size: 0.9em;\"><span style=\"font-size: 0.8em;\">BIXS PERFORMANCE RACE TEAM<\/span><\/span><\/td>\n<\/tr>\n<tr>\n<td style=\"width: 20%; background-color: #b8b8b8; height: 2px; text-align: center; vertical-align: middle;\" colspan=\"5\"><\/td>\n<\/tr>\n<\/tbody>\n<\/table>\n<ul>\n<li style=\"text-align: justify;\"><strong>\u00c0 lire aussi &#8211; <a href=\"https:\/\/dicodusport.fr\/blog\/vtt-cross-country-classement-general-coupe-du-monde-2023\/#hommes\">Classement g\u00e9n\u00e9ral de la Coupe du monde de VTT XC Hommes<\/a>\u00a0<\/strong><\/li>\n<\/ul>\n","protected":false},"excerpt":{"rendered":"<p>COUPE DU MONDE DE VTT 2023 &#8211; D\u00e9couvrez le calendrier et les r\u00e9sultats de la Coupe du monde de VTT Cross-country 2023.<\/p>\n","protected":false},"author":4,"featured_media":396692,"comment_status":"open","ping_status":"closed","sticky":false,"template":"","format":"standard","meta":{"_acf_changed":false,"_daextam_enable_autolinks":"1","footnotes":""},"categories":[10279],"tags":[16878,11873,692],"class_list":["post-380321","post","type-post","status-publish","format-standard","has-post-thumbnail","hentry","category-vtt","tag-breve","tag-coupe-du-monde-de-vtt","tag-vtt"],"acf":[],"yoast_head":"<!-- This site is optimized with the Yoast SEO Premium plugin v26.7 (Yoast SEO v26.7) - https:\/\/yoast.com\/wordpress\/plugins\/seo\/ -->\n<title>VTT Cross-country : Palmar\u00e8s et r\u00e9sultats Coupe du monde 2023<\/title>\n<meta name=\"description\" content=\"COUPE DU MONDE DE VTT 2023 - D\u00e9couvrez le calendrier et les r\u00e9sultats de la Coupe du monde de VTT Cross-country 2023.\" \/>\n<meta name=\"robots\" content=\"index, follow, max-snippet:-1, max-image-preview:large, max-video-preview:-1\" \/>\n<link rel=\"canonical\" href=\"https:\/\/dicodusport.fr\/blog\/vtt-xc-coupe-du-monde-2023-calendrier-et-resultats\/\" \/>\n<meta property=\"og:locale\" content=\"fr_FR\" \/>\n<meta property=\"og:type\" content=\"article\" \/>\n<meta property=\"og:title\" content=\"VTT Cross-country : Palmar\u00e8s et r\u00e9sultats Coupe du monde 2023\" \/>\n<meta property=\"og:description\" content=\"COUPE DU MONDE DE VTT 2023 - D\u00e9couvrez le calendrier et les r\u00e9sultats de la Coupe du monde de VTT Cross-country 2023.\" \/>\n<meta property=\"og:url\" content=\"https:\/\/dicodusport.fr\/blog\/vtt-xc-coupe-du-monde-2023-calendrier-et-resultats\/\" \/>\n<meta property=\"og:site_name\" content=\"Dicodusport\" \/>\n<meta property=\"article:publisher\" content=\"https:\/\/www.facebook.com\/dicodusport\" \/>\n<meta property=\"article:author\" content=\"https:\/\/www.facebook.com\/florent.ostermann\" \/>\n<meta property=\"article:published_time\" content=\"2023-10-08T21:13:38+00:00\" \/>\n<meta property=\"article:modified_time\" content=\"2023-10-08T21:13:46+00:00\" \/>\n<meta property=\"og:image\" content=\"https:\/\/dicodusport.fr\/blog\/wp-content\/uploads\/2023\/07\/VTT-XCO-Val-di-Sole-Puck-Pieterse-gagne-en-patronne-devant-Martina-Berta.png\" \/>\n\t<meta property=\"og:image:width\" content=\"800\" \/>\n\t<meta property=\"og:image:height\" content=\"445\" \/>\n\t<meta property=\"og:image:type\" content=\"image\/png\" \/>\n<meta name=\"author\" content=\"Flo Ostermann\" \/>\n<meta name=\"twitter:card\" content=\"summary_large_image\" \/>\n<meta name=\"twitter:title\" content=\"VTT Cross-country : Palmar\u00e8s et r\u00e9sultats Coupe du monde 2023\" \/>\n<meta name=\"twitter:creator\" content=\"@https:\/\/twitter.com\/FlOstermann\" \/>\n<meta name=\"twitter:site\" content=\"@dicodusport\" \/>\n<script type=\"application\/ld+json\" class=\"yoast-schema-graph\">{\"@context\":\"https:\/\/schema.org\",\"@graph\":[{\"@type\":\"NewsArticle\",\"@id\":\"https:\/\/dicodusport.fr\/blog\/vtt-xc-coupe-du-monde-2023-calendrier-et-resultats\/#article\",\"isPartOf\":{\"@id\":\"https:\/\/dicodusport.fr\/blog\/vtt-xc-coupe-du-monde-2023-calendrier-et-resultats\/\"},\"author\":{\"name\":\"Flo Ostermann\",\"@id\":\"https:\/\/dicodusport.fr\/blog\/#\/schema\/person\/cb02af4c173ce4a653b55e9baf388d4a\"},\"headline\":\"VTT Cross-country : Palmar\u00e8s et r\u00e9sultats Coupe du monde 2023\",\"datePublished\":\"2023-10-08T21:13:38+00:00\",\"dateModified\":\"2023-10-08T21:13:46+00:00\",\"mainEntityOfPage\":{\"@id\":\"https:\/\/dicodusport.fr\/blog\/vtt-xc-coupe-du-monde-2023-calendrier-et-resultats\/\"},\"wordCount\":873,\"commentCount\":1,\"publisher\":{\"@id\":\"https:\/\/dicodusport.fr\/blog\/#organization\"},\"image\":{\"@id\":\"https:\/\/dicodusport.fr\/blog\/vtt-xc-coupe-du-monde-2023-calendrier-et-resultats\/#primaryimage\"},\"thumbnailUrl\":\"https:\/\/dicodusport.fr\/blog\/wp-content\/uploads\/2023\/07\/VTT-XCO-Val-di-Sole-Puck-Pieterse-gagne-en-patronne-devant-Martina-Berta.png\",\"keywords\":[\"br\u00e8ve\",\"Coupe du monde de VTT\",\"VTT\"],\"articleSection\":[\"VTT\"],\"inLanguage\":\"fr-FR\",\"potentialAction\":[{\"@type\":\"CommentAction\",\"name\":\"Comment\",\"target\":[\"https:\/\/dicodusport.fr\/blog\/vtt-xc-coupe-du-monde-2023-calendrier-et-resultats\/#respond\"]}],\"copyrightYear\":\"2023\",\"copyrightHolder\":{\"@id\":\"https:\/\/dicodusport.fr\/blog\/#organization\"}},{\"@type\":\"WebPage\",\"@id\":\"https:\/\/dicodusport.fr\/blog\/vtt-xc-coupe-du-monde-2023-calendrier-et-resultats\/\",\"url\":\"https:\/\/dicodusport.fr\/blog\/vtt-xc-coupe-du-monde-2023-calendrier-et-resultats\/\",\"name\":\"VTT Cross-country : Palmar\u00e8s et r\u00e9sultats Coupe du monde 2023\",\"isPartOf\":{\"@id\":\"https:\/\/dicodusport.fr\/blog\/#website\"},\"primaryImageOfPage\":{\"@id\":\"https:\/\/dicodusport.fr\/blog\/vtt-xc-coupe-du-monde-2023-calendrier-et-resultats\/#primaryimage\"},\"image\":{\"@id\":\"https:\/\/dicodusport.fr\/blog\/vtt-xc-coupe-du-monde-2023-calendrier-et-resultats\/#primaryimage\"},\"thumbnailUrl\":\"https:\/\/dicodusport.fr\/blog\/wp-content\/uploads\/2023\/07\/VTT-XCO-Val-di-Sole-Puck-Pieterse-gagne-en-patronne-devant-Martina-Berta.png\",\"datePublished\":\"2023-10-08T21:13:38+00:00\",\"dateModified\":\"2023-10-08T21:13:46+00:00\",\"description\":\"COUPE DU MONDE DE VTT 2023 - D\u00e9couvrez le calendrier et les r\u00e9sultats de la Coupe du monde de VTT Cross-country 2023.\",\"breadcrumb\":{\"@id\":\"https:\/\/dicodusport.fr\/blog\/vtt-xc-coupe-du-monde-2023-calendrier-et-resultats\/#breadcrumb\"},\"inLanguage\":\"fr-FR\",\"potentialAction\":[{\"@type\":\"ReadAction\",\"target\":[\"https:\/\/dicodusport.fr\/blog\/vtt-xc-coupe-du-monde-2023-calendrier-et-resultats\/\"]}]},{\"@type\":\"ImageObject\",\"inLanguage\":\"fr-FR\",\"@id\":\"https:\/\/dicodusport.fr\/blog\/vtt-xc-coupe-du-monde-2023-calendrier-et-resultats\/#primaryimage\",\"url\":\"https:\/\/dicodusport.fr\/blog\/wp-content\/uploads\/2023\/07\/VTT-XCO-Val-di-Sole-Puck-Pieterse-gagne-en-patronne-devant-Martina-Berta.png\",\"contentUrl\":\"https:\/\/dicodusport.fr\/blog\/wp-content\/uploads\/2023\/07\/VTT-XCO-Val-di-Sole-Puck-Pieterse-gagne-en-patronne-devant-Martina-Berta.png\",\"width\":800,\"height\":445,\"caption\":\"VTT XCO Val di Sole Puck Pieterse gagne en patronne devant Martina Berta\"},{\"@type\":\"BreadcrumbList\",\"@id\":\"https:\/\/dicodusport.fr\/blog\/vtt-xc-coupe-du-monde-2023-calendrier-et-resultats\/#breadcrumb\",\"itemListElement\":[{\"@type\":\"ListItem\",\"position\":1,\"name\":\"Accueil\",\"item\":\"https:\/\/dicodusport.fr\/blog\/\"},{\"@type\":\"ListItem\",\"position\":2,\"name\":\"VTT Cross-country : Palmar\u00e8s et r\u00e9sultats Coupe du monde 2023\"}]},{\"@type\":\"WebSite\",\"@id\":\"https:\/\/dicodusport.fr\/blog\/#website\",\"url\":\"https:\/\/dicodusport.fr\/blog\/\",\"name\":\"Dicodusport\",\"description\":\"L&#039;encyclop\u00e9die de l&#039;actualit\u00e9 sportive\",\"publisher\":{\"@id\":\"https:\/\/dicodusport.fr\/blog\/#organization\"},\"potentialAction\":[{\"@type\":\"SearchAction\",\"target\":{\"@type\":\"EntryPoint\",\"urlTemplate\":\"https:\/\/dicodusport.fr\/blog\/?s={search_term_string}\"},\"query-input\":{\"@type\":\"PropertyValueSpecification\",\"valueRequired\":true,\"valueName\":\"search_term_string\"}}],\"inLanguage\":\"fr-FR\"},{\"@type\":\"NewsMediaOrganization\",\"@id\":\"https:\/\/dicodusport.fr\/blog\/#organization\",\"name\":\"Dicodusport\",\"url\":\"https:\/\/dicodusport.fr\/blog\/\",\"logo\":{\"@type\":\"ImageObject\",\"inLanguage\":\"fr-FR\",\"@id\":\"https:\/\/dicodusport.fr\/blog\/#\/schema\/logo\/image\/\",\"url\":\"https:\/\/dicodusport.fr\/blog\/wp-content\/uploads\/2020\/06\/cropped-LOGO-DICODUSPORT-2020-SANS-FOND-SANS-TEXTE.png\",\"contentUrl\":\"https:\/\/dicodusport.fr\/blog\/wp-content\/uploads\/2020\/06\/cropped-LOGO-DICODUSPORT-2020-SANS-FOND-SANS-TEXTE.png\",\"width\":512,\"height\":512,\"caption\":\"Dicodusport\"},\"image\":{\"@id\":\"https:\/\/dicodusport.fr\/blog\/#\/schema\/logo\/image\/\"},\"sameAs\":[\"https:\/\/www.facebook.com\/dicodusport\",\"https:\/\/x.com\/dicodusport\",\"https:\/\/www.instagram.com\/dicodusport\/\",\"https:\/\/www.youtube.com\/channel\/UC7V2KZ5sd3htJivAbA4ZG3w\"],\"description\":\"Dicodusport est l'encyclop\u00e9die de l'actualit\u00e9 sportive.\",\"email\":\"bonjour@dicodusport.fr\",\"legalName\":\"DICODUSPORT\",\"foundingDate\":\"2018-01-14\",\"vatID\":\"FR71834470973\",\"taxID\":\"83447097300043\",\"numberOfEmployees\":{\"@type\":\"QuantitativeValue\",\"minValue\":\"1\",\"maxValue\":\"10\"}},{\"@type\":\"Person\",\"@id\":\"https:\/\/dicodusport.fr\/blog\/#\/schema\/person\/cb02af4c173ce4a653b55e9baf388d4a\",\"name\":\"Flo Ostermann\",\"image\":{\"@type\":\"ImageObject\",\"inLanguage\":\"fr-FR\",\"@id\":\"https:\/\/dicodusport.fr\/blog\/#\/schema\/person\/image\/\",\"url\":\"https:\/\/dicodusport.fr\/blog\/wp-content\/uploads\/2021\/05\/Flo-Ostermann-150x150.jpg\",\"contentUrl\":\"https:\/\/dicodusport.fr\/blog\/wp-content\/uploads\/2021\/05\/Flo-Ostermann-150x150.jpg\",\"caption\":\"Flo Ostermann\"},\"description\":\"Journaliste\/R\u00e9dacteur depuis septembre 2015 - Mes premiers souvenirs dans le sport ? Les envol\u00e9es du Stade Toulousain et les duels Villeneuve-Schumacher et H\u00e4kkinen-Schumacher \u00e0 la fin des ann\u00e9es 90, la Coupe du monde de football en 1998, l\u2019exploit du XV de France face aux All Blacks en 1999, mais aussi Richard C\u0153ur de Lion qui vole sur les montagnes du Tour de France. Bien parti pour devenir professeur d\u2019EPS, les \u00e9v\u00e9nements de la vie (et la flemme d\u2019animer des s\u00e9ances de 3x500 m\u00e8tres toute ma vie) m\u2019ont conduit \u00e0 revoir mes plans. Me voil\u00e0 depuis fin 2017 sur Dicodusport, m\u00e9dia gr\u00e2ce (et pour) lequel je partage ma passion : le sport dans tous ses \u00e9tats. Le tout accompagn\u00e9 par les fous furieux et folles furieuses cit\u00e9s sur cette page !\",\"sameAs\":[\"https:\/\/www.facebook.com\/florent.ostermann\",\"https:\/\/x.com\/https:\/\/twitter.com\/FlOstermann\",\"admin\"],\"url\":\"https:\/\/dicodusport.fr\/blog\/author\/flo\/\"}]}<\/script>\n<!-- \/ Yoast SEO Premium plugin. -->","yoast_head_json":{"title":"VTT Cross-country : Palmar\u00e8s et r\u00e9sultats Coupe du monde 2023","description":"COUPE DU MONDE DE VTT 2023 - D\u00e9couvrez le calendrier et les r\u00e9sultats de la Coupe du monde de VTT Cross-country 2023.","robots":{"index":"index","follow":"follow","max-snippet":"max-snippet:-1","max-image-preview":"max-image-preview:large","max-video-preview":"max-video-preview:-1"},"canonical":"https:\/\/dicodusport.fr\/blog\/vtt-xc-coupe-du-monde-2023-calendrier-et-resultats\/","og_locale":"fr_FR","og_type":"article","og_title":"VTT Cross-country : Palmar\u00e8s et r\u00e9sultats Coupe du monde 2023","og_description":"COUPE DU MONDE DE VTT 2023 - D\u00e9couvrez le calendrier et les r\u00e9sultats de la Coupe du monde de VTT Cross-country 2023.","og_url":"https:\/\/dicodusport.fr\/blog\/vtt-xc-coupe-du-monde-2023-calendrier-et-resultats\/","og_site_name":"Dicodusport","article_publisher":"https:\/\/www.facebook.com\/dicodusport","article_author":"https:\/\/www.facebook.com\/florent.ostermann","article_published_time":"2023-10-08T21:13:38+00:00","article_modified_time":"2023-10-08T21:13:46+00:00","og_image":[{"width":800,"height":445,"url":"https:\/\/dicodusport.fr\/blog\/wp-content\/uploads\/2023\/07\/VTT-XCO-Val-di-Sole-Puck-Pieterse-gagne-en-patronne-devant-Martina-Berta.png","type":"image\/png"}],"author":"Flo Ostermann","twitter_card":"summary_large_image","twitter_title":"VTT Cross-country : Palmar\u00e8s et r\u00e9sultats Coupe du monde 2023","twitter_creator":"@https:\/\/twitter.com\/FlOstermann","twitter_site":"@dicodusport","schema":{"@context":"https:\/\/schema.org","@graph":[{"@type":"NewsArticle","@id":"https:\/\/dicodusport.fr\/blog\/vtt-xc-coupe-du-monde-2023-calendrier-et-resultats\/#article","isPartOf":{"@id":"https:\/\/dicodusport.fr\/blog\/vtt-xc-coupe-du-monde-2023-calendrier-et-resultats\/"},"author":{"name":"Flo Ostermann","@id":"https:\/\/dicodusport.fr\/blog\/#\/schema\/person\/cb02af4c173ce4a653b55e9baf388d4a"},"headline":"VTT Cross-country : Palmar\u00e8s et r\u00e9sultats Coupe du monde 2023","datePublished":"2023-10-08T21:13:38+00:00","dateModified":"2023-10-08T21:13:46+00:00","mainEntityOfPage":{"@id":"https:\/\/dicodusport.fr\/blog\/vtt-xc-coupe-du-monde-2023-calendrier-et-resultats\/"},"wordCount":873,"commentCount":1,"publisher":{"@id":"https:\/\/dicodusport.fr\/blog\/#organization"},"image":{"@id":"https:\/\/dicodusport.fr\/blog\/vtt-xc-coupe-du-monde-2023-calendrier-et-resultats\/#primaryimage"},"thumbnailUrl":"https:\/\/dicodusport.fr\/blog\/wp-content\/uploads\/2023\/07\/VTT-XCO-Val-di-Sole-Puck-Pieterse-gagne-en-patronne-devant-Martina-Berta.png","keywords":["br\u00e8ve","Coupe du monde de VTT","VTT"],"articleSection":["VTT"],"inLanguage":"fr-FR","potentialAction":[{"@type":"CommentAction","name":"Comment","target":["https:\/\/dicodusport.fr\/blog\/vtt-xc-coupe-du-monde-2023-calendrier-et-resultats\/#respond"]}],"copyrightYear":"2023","copyrightHolder":{"@id":"https:\/\/dicodusport.fr\/blog\/#organization"}},{"@type":"WebPage","@id":"https:\/\/dicodusport.fr\/blog\/vtt-xc-coupe-du-monde-2023-calendrier-et-resultats\/","url":"https:\/\/dicodusport.fr\/blog\/vtt-xc-coupe-du-monde-2023-calendrier-et-resultats\/","name":"VTT Cross-country : Palmar\u00e8s et r\u00e9sultats Coupe du monde 2023","isPartOf":{"@id":"https:\/\/dicodusport.fr\/blog\/#website"},"primaryImageOfPage":{"@id":"https:\/\/dicodusport.fr\/blog\/vtt-xc-coupe-du-monde-2023-calendrier-et-resultats\/#primaryimage"},"image":{"@id":"https:\/\/dicodusport.fr\/blog\/vtt-xc-coupe-du-monde-2023-calendrier-et-resultats\/#primaryimage"},"thumbnailUrl":"https:\/\/dicodusport.fr\/blog\/wp-content\/uploads\/2023\/07\/VTT-XCO-Val-di-Sole-Puck-Pieterse-gagne-en-patronne-devant-Martina-Berta.png","datePublished":"2023-10-08T21:13:38+00:00","dateModified":"2023-10-08T21:13:46+00:00","description":"COUPE DU MONDE DE VTT 2023 - D\u00e9couvrez le calendrier et les r\u00e9sultats de la Coupe du monde de VTT Cross-country 2023.","breadcrumb":{"@id":"https:\/\/dicodusport.fr\/blog\/vtt-xc-coupe-du-monde-2023-calendrier-et-resultats\/#breadcrumb"},"inLanguage":"fr-FR","potentialAction":[{"@type":"ReadAction","target":["https:\/\/dicodusport.fr\/blog\/vtt-xc-coupe-du-monde-2023-calendrier-et-resultats\/"]}]},{"@type":"ImageObject","inLanguage":"fr-FR","@id":"https:\/\/dicodusport.fr\/blog\/vtt-xc-coupe-du-monde-2023-calendrier-et-resultats\/#primaryimage","url":"https:\/\/dicodusport.fr\/blog\/wp-content\/uploads\/2023\/07\/VTT-XCO-Val-di-Sole-Puck-Pieterse-gagne-en-patronne-devant-Martina-Berta.png","contentUrl":"https:\/\/dicodusport.fr\/blog\/wp-content\/uploads\/2023\/07\/VTT-XCO-Val-di-Sole-Puck-Pieterse-gagne-en-patronne-devant-Martina-Berta.png","width":800,"height":445,"caption":"VTT XCO Val di Sole Puck Pieterse gagne en patronne devant Martina Berta"},{"@type":"BreadcrumbList","@id":"https:\/\/dicodusport.fr\/blog\/vtt-xc-coupe-du-monde-2023-calendrier-et-resultats\/#breadcrumb","itemListElement":[{"@type":"ListItem","position":1,"name":"Accueil","item":"https:\/\/dicodusport.fr\/blog\/"},{"@type":"ListItem","position":2,"name":"VTT Cross-country : Palmar\u00e8s et r\u00e9sultats Coupe du monde 2023"}]},{"@type":"WebSite","@id":"https:\/\/dicodusport.fr\/blog\/#website","url":"https:\/\/dicodusport.fr\/blog\/","name":"Dicodusport","description":"L&#039;encyclop\u00e9die de l&#039;actualit\u00e9 sportive","publisher":{"@id":"https:\/\/dicodusport.fr\/blog\/#organization"},"potentialAction":[{"@type":"SearchAction","target":{"@type":"EntryPoint","urlTemplate":"https:\/\/dicodusport.fr\/blog\/?s={search_term_string}"},"query-input":{"@type":"PropertyValueSpecification","valueRequired":true,"valueName":"search_term_string"}}],"inLanguage":"fr-FR"},{"@type":"NewsMediaOrganization","@id":"https:\/\/dicodusport.fr\/blog\/#organization","name":"Dicodusport","url":"https:\/\/dicodusport.fr\/blog\/","logo":{"@type":"ImageObject","inLanguage":"fr-FR","@id":"https:\/\/dicodusport.fr\/blog\/#\/schema\/logo\/image\/","url":"https:\/\/dicodusport.fr\/blog\/wp-content\/uploads\/2020\/06\/cropped-LOGO-DICODUSPORT-2020-SANS-FOND-SANS-TEXTE.png","contentUrl":"https:\/\/dicodusport.fr\/blog\/wp-content\/uploads\/2020\/06\/cropped-LOGO-DICODUSPORT-2020-SANS-FOND-SANS-TEXTE.png","width":512,"height":512,"caption":"Dicodusport"},"image":{"@id":"https:\/\/dicodusport.fr\/blog\/#\/schema\/logo\/image\/"},"sameAs":["https:\/\/www.facebook.com\/dicodusport","https:\/\/x.com\/dicodusport","https:\/\/www.instagram.com\/dicodusport\/","https:\/\/www.youtube.com\/channel\/UC7V2KZ5sd3htJivAbA4ZG3w"],"description":"Dicodusport est l'encyclop\u00e9die de l'actualit\u00e9 sportive.","email":"bonjour@dicodusport.fr","legalName":"DICODUSPORT","foundingDate":"2018-01-14","vatID":"FR71834470973","taxID":"83447097300043","numberOfEmployees":{"@type":"QuantitativeValue","minValue":"1","maxValue":"10"}},{"@type":"Person","@id":"https:\/\/dicodusport.fr\/blog\/#\/schema\/person\/cb02af4c173ce4a653b55e9baf388d4a","name":"Flo Ostermann","image":{"@type":"ImageObject","inLanguage":"fr-FR","@id":"https:\/\/dicodusport.fr\/blog\/#\/schema\/person\/image\/","url":"https:\/\/dicodusport.fr\/blog\/wp-content\/uploads\/2021\/05\/Flo-Ostermann-150x150.jpg","contentUrl":"https:\/\/dicodusport.fr\/blog\/wp-content\/uploads\/2021\/05\/Flo-Ostermann-150x150.jpg","caption":"Flo Ostermann"},"description":"Journaliste\/R\u00e9dacteur depuis septembre 2015 - Mes premiers souvenirs dans le sport ? Les envol\u00e9es du Stade Toulousain et les duels Villeneuve-Schumacher et H\u00e4kkinen-Schumacher \u00e0 la fin des ann\u00e9es 90, la Coupe du monde de football en 1998, l\u2019exploit du XV de France face aux All Blacks en 1999, mais aussi Richard C\u0153ur de Lion qui vole sur les montagnes du Tour de France. Bien parti pour devenir professeur d\u2019EPS, les \u00e9v\u00e9nements de la vie (et la flemme d\u2019animer des s\u00e9ances de 3x500 m\u00e8tres toute ma vie) m\u2019ont conduit \u00e0 revoir mes plans. Me voil\u00e0 depuis fin 2017 sur Dicodusport, m\u00e9dia gr\u00e2ce (et pour) lequel je partage ma passion : le sport dans tous ses \u00e9tats. Le tout accompagn\u00e9 par les fous furieux et folles furieuses cit\u00e9s sur cette page !","sameAs":["https:\/\/www.facebook.com\/florent.ostermann","https:\/\/x.com\/https:\/\/twitter.com\/FlOstermann","admin"],"url":"https:\/\/dicodusport.fr\/blog\/author\/flo\/"}]}},"_links":{"self":[{"href":"https:\/\/dicodusport.fr\/blog\/wp-json\/wp\/v2\/posts\/380321","targetHints":{"allow":["GET"]}}],"collection":[{"href":"https:\/\/dicodusport.fr\/blog\/wp-json\/wp\/v2\/posts"}],"about":[{"href":"https:\/\/dicodusport.fr\/blog\/wp-json\/wp\/v2\/types\/post"}],"author":[{"embeddable":true,"href":"https:\/\/dicodusport.fr\/blog\/wp-json\/wp\/v2\/users\/4"}],"replies":[{"embeddable":true,"href":"https:\/\/dicodusport.fr\/blog\/wp-json\/wp\/v2\/comments?post=380321"}],"version-history":[{"count":1,"href":"https:\/\/dicodusport.fr\/blog\/wp-json\/wp\/v2\/posts\/380321\/revisions"}],"predecessor-version":[{"id":478207,"href":"https:\/\/dicodusport.fr\/blog\/wp-json\/wp\/v2\/posts\/380321\/revisions\/478207"}],"wp:featuredmedia":[{"embeddable":true,"href":"https:\/\/dicodusport.fr\/blog\/wp-json\/wp\/v2\/media\/396692"}],"wp:attachment":[{"href":"https:\/\/dicodusport.fr\/blog\/wp-json\/wp\/v2\/media?parent=380321"}],"wp:term":[{"taxonomy":"category","embeddable":true,"href":"https:\/\/dicodusport.fr\/blog\/wp-json\/wp\/v2\/categories?post=380321"},{"taxonomy":"post_tag","embeddable":true,"href":"https:\/\/dicodusport.fr\/blog\/wp-json\/wp\/v2\/tags?post=380321"}],"curies":[{"name":"wp","href":"https:\/\/api.w.org\/{rel}","templated":true}]}}