{"id":380329,"date":"2023-05-08T18:11:05","date_gmt":"2023-05-08T16:11:05","guid":{"rendered":"https:\/\/dicodusport.fr\/blog\/?p=380329&#038;preview=true&#038;preview_id=380329"},"modified":"2023-05-08T22:06:02","modified_gmt":"2023-05-08T20:06:02","slug":"championnats-du-monde-de-judo-2023-amandine-buchard-et-walide-khyar-remportent-le-bronze","status":"publish","type":"post","link":"https:\/\/dicodusport.fr\/blog\/championnats-du-monde-de-judo-2023-amandine-buchard-et-walide-khyar-remportent-le-bronze\/","title":{"rendered":"Championnats du monde de judo 2023 : Amandine Buchard et Walide Khyar remportent le bronze"},"content":{"rendered":"<p style=\"text-align: justify;\"><strong><em><a title=\"Judo Championnats du monde 2023 : Programme et r\u00e9sultats\" href=\"https:\/\/dicodusport.fr\/blog\/judo-championnats-du-monde-2023-programme-et-resultats\/\" target=\"_blank\" rel=\"noopener\">MONDIAUX DE JUDO 2023<\/a> &#8211; La moisson de m\u00e9dailles se poursuit pour l&rsquo;\u00e9quipe de France. Aujourd&rsquo;hui, Amandine Buchard et Walide Khyar ont remport\u00e9 le bronze.<br \/>\n<\/em><\/strong><\/p>\n<p style=\"text-align: justify;\">Les fossoyeurs des Bleus aujourd&rsquo;hui sont les <strong>Abe<\/strong>. En effet, Uta Abe a battu Amandine Buchard en quarts quand son fr\u00e8re Hifumi a battu Walide Khyar en demies. Et comme l&rsquo;ann\u00e9e derni\u00e8re, ils ont fait le doubl\u00e9 !<\/p>\n<h2>Amandine Buchard en bronze<\/h2>\n<p style=\"text-align: justify;\"><strong>Amandine Buchard<\/strong> (-52 kg) affrontait <strong>Angelica Delgado<\/strong> au 2e tour. Apr\u00e8s un bon travail au sol, sur l&rsquo;action suivante, elle a fini par marquer un waza-ari. Au 3e tour, elle affrontait une <strong>Gultaj Mammadaliyeva<\/strong> en forme. La Fran\u00e7aise s&rsquo;est impos\u00e9e sur ippon \u00e0 40 secondes de la fin du combat. En quarts se pr\u00e9sentait sa b\u00eate noire : <strong>Uta Abe<\/strong> la tenante du titre, <strong>triple championne du monde<\/strong> et <strong>championne olympique<\/strong>. En 8 affrontements, Buchard ne s&rsquo;\u00e9tait impos\u00e9e qu&rsquo;une fois, notamment battue en <a href=\"https:\/\/dicodusport.fr\/blog\/championnats-du-monde-de-judo-2022-amandine-buchard-remporte-le-bronze\/\" target=\"_blank\" rel=\"noopener\">demies des derniers Mondiaux<\/a> et en finale des JO. Alors que la Fran\u00e7aise avait 2 p\u00e9nalit\u00e9s et qu&rsquo;on pensait se diriger vers un golden score, Uta Abe a mis fin au combat avec un ippon sur o-soto-gari.<\/p>\n<blockquote class=\"twitter-tweet\">\n<p dir=\"ltr\" lang=\"en\">\ud83c\uddef\ud83c\uddf5 Abe silences the doubters (if there were any)<\/p>\n<p>\ud83d\udcfa Get your <a href=\"https:\/\/t.co\/AVIXV0hBw7\">https:\/\/t.co\/AVIXV0hBw7<\/a> premium now!<a href=\"https:\/\/twitter.com\/hashtag\/JudoWorlds?src=hash&amp;ref_src=twsrc%5Etfw\">#JudoWorlds<\/a> <a href=\"https:\/\/twitter.com\/hashtag\/Judo?src=hash&amp;ref_src=twsrc%5Etfw\">#Judo<\/a> <a href=\"https:\/\/twitter.com\/hashtag\/Qatar?src=hash&amp;ref_src=twsrc%5Etfw\">#Qatar<\/a> <a href=\"https:\/\/twitter.com\/hashtag\/Doha?src=hash&amp;ref_src=twsrc%5Etfw\">#Doha<\/a> <a href=\"https:\/\/twitter.com\/hashtag\/Sport?src=hash&amp;ref_src=twsrc%5Etfw\">#Sport<\/a> <a href=\"https:\/\/twitter.com\/hashtag\/OlympicQualifiers?src=hash&amp;ref_src=twsrc%5Etfw\">#OlympicQualifiers<\/a> <a href=\"https:\/\/twitter.com\/hashtag\/RoadToParis2024?src=hash&amp;ref_src=twsrc%5Etfw\">#RoadToParis2024<\/a> <a href=\"https:\/\/twitter.com\/hashtag\/WJT?src=hash&amp;ref_src=twsrc%5Etfw\">#WJT<\/a> <a href=\"https:\/\/twitter.com\/hashtag\/Olympics?src=hash&amp;ref_src=twsrc%5Etfw\">#Olympics<\/a> <a href=\"https:\/\/t.co\/tGSAfGKhLu\">pic.twitter.com\/tGSAfGKhLu<\/a><\/p>\n<p>\u2014 Judo (@Judo) <a href=\"https:\/\/twitter.com\/Judo\/status\/1655583137085157381?ref_src=twsrc%5Etfw\">May 8, 2023<\/a><\/p><\/blockquote>\n<p><script async src=\"https:\/\/platform.twitter.com\/widgets.js\" charset=\"utf-8\"><\/script><\/p>\n<p style=\"text-align: justify;\">En rep\u00eachages, Buchard a battu <strong>Seyun Jang<\/strong> et affrontait ensuite <strong>Reka Pupp<\/strong> pour le bronze. Face \u00e0 la Hongroise, elle s&rsquo;\u00e9tait toujours impos\u00e9e en 4 combats. \u00c0 3 secondes de la fin du combat, <strong>Amandine Buchard<\/strong> est parvenue \u00e0 mettre sa technique en place pour s&rsquo;offrir le bronze L&rsquo;\u00e9motion \u00e9tait pr\u00e9sente sur le visage de celle qui combat depuis des mois avec des <a href=\"https:\/\/rmcsport.bfmtv.com\/judo\/mondiaux-de-judo-amandine-buchard-dos-mineur-espoir-majeur_AN-202305070368.html\">probl\u00e8mes au dos<\/a>. Comme elle l&rsquo;a confi\u00e9, c&rsquo;\u00e9tait difficile pour elle de se remettre de son quart puisqu&rsquo;elle voulait un titre. Mais elle y est parvenue. Et elle remporte une <strong>quatri\u00e8me m\u00e9daille mondiale<\/strong>, la troisi\u00e8me dans cette cat\u00e9gorie.<\/p>\n<blockquote class=\"twitter-tweet\">\n<p dir=\"ltr\" lang=\"fr\">L&rsquo;\u00e9motion d&rsquo;Amandine Buchard !<\/p>\n<p>La Fran\u00e7aise (-52kg) a remport\u00e9 une quatri\u00e8me m\u00e9daille mondiale dans les toutes derni\u00e8res secondes. <a href=\"https:\/\/twitter.com\/hashtag\/lequipeJUDO?src=hash&amp;ref_src=twsrc%5Etfw\">#lequipeJUDO<\/a> <a href=\"https:\/\/t.co\/dnK8KB3jaB\">pic.twitter.com\/dnK8KB3jaB<\/a><\/p>\n<p>\u2014 la chaine L&rsquo;\u00c9quipe (@lachainelequipe) <a href=\"https:\/\/twitter.com\/lachainelequipe\/status\/1655592444363259905?ref_src=twsrc%5Etfw\">May 8, 2023<\/a><\/p><\/blockquote>\n<p><script async src=\"https:\/\/platform.twitter.com\/widgets.js\" charset=\"utf-8\"><\/script><\/p>\n<h2>Premi\u00e8re m\u00e9daille mondiale pour Walide Khyar !<\/h2>\n<p style=\"text-align: justify;\"><strong>Walide Khyar<\/strong> (-66 kg) a battu <strong>Lenin Preciado<\/strong> au 2e tour. Face \u00e0 <strong>Willian Lima<\/strong>, s&rsquo;il \u00e9tait p\u00e9nalis\u00e9 \u00e0 deux reprises, le Fran\u00e7ais semblait tout de m\u00eame le plus proche d&rsquo;inscrire un waza-ari. Finalement, apr\u00e8s quasiment 4 minutes au golden score, Khyar s&rsquo;est impos\u00e9. En quarts, il a \u00e9t\u00e9 proche de faire tomber <strong>Yago Abuladze<\/strong> en fin de combat mais il n&rsquo;est pas parvenu \u00e0 effectuer un changement de direction. Cela s&rsquo;est donc jou\u00e9 au golden score. O\u00f9 il s&rsquo;est impos\u00e9.<\/p>\n<p style=\"text-align: justify;\">En demi-finale, le Fran\u00e7ais n&rsquo;a rien pu faire face au ippon apr\u00e8s 30 secondes de <strong>Hifumi Abe<\/strong>. Le triple champion du monde et champion olympique \u00e9tait trop fort.<\/p>\n<p style=\"text-align: justify;\">Dans le combat pour le bronze, il affrontait <strong>Baul An<\/strong>. Le Sud-Cor\u00e9en, champion du monde 2015, avait remport\u00e9 le bronze l&rsquo;ann\u00e9e derni\u00e8re. Khyar est parvenu \u00e0 le crocheter pour inscrire un waza-ari. Il fallait ensuite tenir et le Fran\u00e7ais a continu\u00e9 \u00e0 proposer des attaques. Il s&rsquo;impose finalement et remporte le bronze ! C&rsquo;est sa premi\u00e8re meilleure mondiale.<\/p>\n<blockquote class=\"twitter-tweet\">\n<p dir=\"ltr\" lang=\"fr\">\ud83e\udd49 Walide Khyar m\u00e9daill\u00e9 de bronze !<\/p>\n<p>\u00c0 27 ans, le Fran\u00e7ais (-66kg) d\u00e9croche sa premi\u00e8re m\u00e9daille mondiale en battant le Sud-Cor\u00e9en Baul An ! <a href=\"https:\/\/twitter.com\/hashtag\/lequipeJUDO?src=hash&amp;ref_src=twsrc%5Etfw\">#lequipeJUDO<\/a> <a href=\"https:\/\/t.co\/33KiYKyIZk\">pic.twitter.com\/33KiYKyIZk<\/a><\/p>\n<p>\u2014 la chaine L&rsquo;\u00c9quipe (@lachainelequipe) <a href=\"https:\/\/twitter.com\/lachainelequipe\/status\/1655606099884556296?ref_src=twsrc%5Etfw\">May 8, 2023<\/a><\/p><\/blockquote>\n<p><script async src=\"https:\/\/platform.twitter.com\/widgets.js\" charset=\"utf-8\"><\/script><\/p>\n<p style=\"text-align: justify;\">Dans la m\u00eame cat\u00e9gorie, <strong>Daikii Bouba<\/strong> s&rsquo;est impos\u00e9 face \u00e0 Ahmed Abdelrahman sur hansoku-make. Au 2e tour, il s&rsquo;est inclin\u00e9 face \u00e0 Orkhan Safarov, vice-champion du monde 2017 et r\u00e9cemment 2e \u00e0 Tel Aviv. Le Fran\u00e7ais a fait un bon combat et longtemps r\u00e9sist\u00e9. Mais il a finalement c\u00e9d\u00e9 apr\u00e8s 3 minutes au golden score.<\/p>\n<h2>\u00c0 lire aussi<\/h2>\n<ul>\n<li><a title=\"Mondiaux de judo 2023 : Enjeux et chances fran\u00e7aises\" href=\"https:\/\/dicodusport.fr\/blog\/mondiaux-de-judo-2023-enjeux-et-chances-francaises\/\" target=\"_blank\" rel=\"noopener\"><strong>Mondiaux de judo 2023 : Enjeux et chances<\/strong><strong> fran\u00e7aises<\/strong><\/a><\/li>\n<li><a title=\"Championnats du monde de judo 2023 : \u00c0 quelle heure et sur quelle cha\u00eene ?\" href=\"https:\/\/dicodusport.fr\/blog\/championnats-du-monde-de-judo-2023-a-quelle-heure-et-sur-quelle-chaine\/\" target=\"_blank\" rel=\"noopener\"><strong>Championnats du monde de judo : \u00c0 quelle heure et sur quelle cha\u00eene<\/strong><\/a><\/li>\n<li><strong><a href=\"https:\/\/dicodusport.fr\/blog\/tableau-des-medailles-championnats-du-monde-judo-2023\/\">Le tableau des m\u00e9dailles<\/a><br \/>\n<\/strong><\/li>\n<\/ul>\n","protected":false},"excerpt":{"rendered":"<p>MONDIAUX DE JUDO 2023 &#8211; La moisson de m\u00e9dailles se poursuit pour l&rsquo;\u00e9quipe de France. Aujourd&rsquo;hui, Amandine Buchard et Walide Khyar ont remport\u00e9 le bronze.<\/p>\n","protected":false},"author":12,"featured_media":380493,"comment_status":"open","ping_status":"closed","sticky":false,"template":"","format":"standard","meta":{"_acf_changed":false,"_daextam_enable_autolinks":"","footnotes":""},"categories":[8651],"tags":[6032,16878,23199,68,15625],"class_list":["post-380329","post","type-post","status-publish","format-standard","has-post-thumbnail","hentry","category-judo","tag-amandine-buchard","tag-breve","tag-daikii-bouba","tag-judo","tag-walide-khyar"],"acf":[],"yoast_head":"<!-- This site is optimized with the Yoast SEO Premium plugin v26.7 (Yoast SEO v26.7) - https:\/\/yoast.com\/wordpress\/plugins\/seo\/ -->\n<title>Championnats du monde de judo 2023 : Amandine Buchard et Walide Khyar remportent le bronze<\/title>\n<meta name=\"description\" content=\"La moisson de m\u00e9dailles se poursuit pour l&#039;\u00e9quipe de France. Aujourd&#039;hui, Amandine Buchard et Walide Khyar ont remport\u00e9 le bronze.\" \/>\n<meta name=\"robots\" content=\"index, follow, max-snippet:-1, max-image-preview:large, max-video-preview:-1\" \/>\n<link rel=\"canonical\" href=\"https:\/\/dicodusport.fr\/blog\/championnats-du-monde-de-judo-2023-amandine-buchard-et-walide-khyar-remportent-le-bronze\/\" \/>\n<meta property=\"og:locale\" content=\"fr_FR\" \/>\n<meta property=\"og:type\" content=\"article\" \/>\n<meta property=\"og:title\" content=\"Championnats du monde de judo 2023 : Amandine Buchard et Walide Khyar remportent le bronze\" \/>\n<meta property=\"og:description\" content=\"La moisson de m\u00e9dailles se poursuit pour l&#039;\u00e9quipe de France. Aujourd&#039;hui, Amandine Buchard et Walide Khyar ont remport\u00e9 le bronze.\" \/>\n<meta property=\"og:url\" content=\"https:\/\/dicodusport.fr\/blog\/championnats-du-monde-de-judo-2023-amandine-buchard-et-walide-khyar-remportent-le-bronze\/\" \/>\n<meta property=\"og:site_name\" content=\"Dicodusport\" \/>\n<meta property=\"article:publisher\" content=\"https:\/\/www.facebook.com\/dicodusport\" \/>\n<meta property=\"article:published_time\" content=\"2023-05-08T16:11:05+00:00\" \/>\n<meta property=\"article:modified_time\" content=\"2023-05-08T20:06:02+00:00\" \/>\n<meta property=\"og:image\" content=\"https:\/\/dicodusport.fr\/blog\/wp-content\/uploads\/2023\/05\/Mondiaux-de-judo-2023-Amandine-Buchard-et-Walide-Khyar-remportent-le-bronze.png\" \/>\n\t<meta property=\"og:image:width\" content=\"800\" \/>\n\t<meta property=\"og:image:height\" content=\"445\" \/>\n\t<meta property=\"og:image:type\" content=\"image\/png\" \/>\n<meta name=\"author\" content=\"Arlette Yeye\" \/>\n<meta name=\"twitter:card\" content=\"summary_large_image\" \/>\n<meta name=\"twitter:title\" content=\"Championnats du monde de judo 2023 : Amandine Buchard et Walide Khyar remportent le bronze\" \/>\n<meta name=\"twitter:creator\" content=\"@https:\/\/twitter.com\/Shiclette94\" \/>\n<meta name=\"twitter:site\" content=\"@dicodusport\" \/>\n<script type=\"application\/ld+json\" class=\"yoast-schema-graph\">{\"@context\":\"https:\/\/schema.org\",\"@graph\":[{\"@type\":\"NewsArticle\",\"@id\":\"https:\/\/dicodusport.fr\/blog\/championnats-du-monde-de-judo-2023-amandine-buchard-et-walide-khyar-remportent-le-bronze\/#article\",\"isPartOf\":{\"@id\":\"https:\/\/dicodusport.fr\/blog\/championnats-du-monde-de-judo-2023-amandine-buchard-et-walide-khyar-remportent-le-bronze\/\"},\"author\":{\"name\":\"Arlette Yeye\",\"@id\":\"https:\/\/dicodusport.fr\/blog\/#\/schema\/person\/cce96fa88785bd8573e3d43078ac8c79\"},\"headline\":\"Championnats du monde de judo 2023 : Amandine Buchard et Walide Khyar remportent le bronze\",\"datePublished\":\"2023-05-08T16:11:05+00:00\",\"dateModified\":\"2023-05-08T20:06:02+00:00\",\"mainEntityOfPage\":{\"@id\":\"https:\/\/dicodusport.fr\/blog\/championnats-du-monde-de-judo-2023-amandine-buchard-et-walide-khyar-remportent-le-bronze\/\"},\"wordCount\":706,\"commentCount\":0,\"publisher\":{\"@id\":\"https:\/\/dicodusport.fr\/blog\/#organization\"},\"image\":{\"@id\":\"https:\/\/dicodusport.fr\/blog\/championnats-du-monde-de-judo-2023-amandine-buchard-et-walide-khyar-remportent-le-bronze\/#primaryimage\"},\"thumbnailUrl\":\"https:\/\/dicodusport.fr\/blog\/wp-content\/uploads\/2023\/05\/Mondiaux-de-judo-2023-Amandine-Buchard-et-Walide-Khyar-remportent-le-bronze.png\",\"keywords\":[\"Amandine Buchard\",\"br\u00e8ve\",\"Daikii Bouba\",\"Judo\",\"Walide Khyar\"],\"articleSection\":[\"Judo\"],\"inLanguage\":\"fr-FR\",\"potentialAction\":[{\"@type\":\"CommentAction\",\"name\":\"Comment\",\"target\":[\"https:\/\/dicodusport.fr\/blog\/championnats-du-monde-de-judo-2023-amandine-buchard-et-walide-khyar-remportent-le-bronze\/#respond\"]}],\"copyrightYear\":\"2023\",\"copyrightHolder\":{\"@id\":\"https:\/\/dicodusport.fr\/blog\/#organization\"}},{\"@type\":\"WebPage\",\"@id\":\"https:\/\/dicodusport.fr\/blog\/championnats-du-monde-de-judo-2023-amandine-buchard-et-walide-khyar-remportent-le-bronze\/\",\"url\":\"https:\/\/dicodusport.fr\/blog\/championnats-du-monde-de-judo-2023-amandine-buchard-et-walide-khyar-remportent-le-bronze\/\",\"name\":\"Championnats du monde de judo 2023 : Amandine Buchard et Walide Khyar remportent le bronze\",\"isPartOf\":{\"@id\":\"https:\/\/dicodusport.fr\/blog\/#website\"},\"primaryImageOfPage\":{\"@id\":\"https:\/\/dicodusport.fr\/blog\/championnats-du-monde-de-judo-2023-amandine-buchard-et-walide-khyar-remportent-le-bronze\/#primaryimage\"},\"image\":{\"@id\":\"https:\/\/dicodusport.fr\/blog\/championnats-du-monde-de-judo-2023-amandine-buchard-et-walide-khyar-remportent-le-bronze\/#primaryimage\"},\"thumbnailUrl\":\"https:\/\/dicodusport.fr\/blog\/wp-content\/uploads\/2023\/05\/Mondiaux-de-judo-2023-Amandine-Buchard-et-Walide-Khyar-remportent-le-bronze.png\",\"datePublished\":\"2023-05-08T16:11:05+00:00\",\"dateModified\":\"2023-05-08T20:06:02+00:00\",\"description\":\"La moisson de m\u00e9dailles se poursuit pour l'\u00e9quipe de France. Aujourd'hui, Amandine Buchard et Walide Khyar ont remport\u00e9 le bronze.\",\"breadcrumb\":{\"@id\":\"https:\/\/dicodusport.fr\/blog\/championnats-du-monde-de-judo-2023-amandine-buchard-et-walide-khyar-remportent-le-bronze\/#breadcrumb\"},\"inLanguage\":\"fr-FR\",\"potentialAction\":[{\"@type\":\"ReadAction\",\"target\":[\"https:\/\/dicodusport.fr\/blog\/championnats-du-monde-de-judo-2023-amandine-buchard-et-walide-khyar-remportent-le-bronze\/\"]}]},{\"@type\":\"ImageObject\",\"inLanguage\":\"fr-FR\",\"@id\":\"https:\/\/dicodusport.fr\/blog\/championnats-du-monde-de-judo-2023-amandine-buchard-et-walide-khyar-remportent-le-bronze\/#primaryimage\",\"url\":\"https:\/\/dicodusport.fr\/blog\/wp-content\/uploads\/2023\/05\/Mondiaux-de-judo-2023-Amandine-Buchard-et-Walide-Khyar-remportent-le-bronze.png\",\"contentUrl\":\"https:\/\/dicodusport.fr\/blog\/wp-content\/uploads\/2023\/05\/Mondiaux-de-judo-2023-Amandine-Buchard-et-Walide-Khyar-remportent-le-bronze.png\",\"width\":800,\"height\":445,\"caption\":\"Mondiaux de judo 2023 Amandine Buchard et Walide Khyar remportent le bronze\"},{\"@type\":\"BreadcrumbList\",\"@id\":\"https:\/\/dicodusport.fr\/blog\/championnats-du-monde-de-judo-2023-amandine-buchard-et-walide-khyar-remportent-le-bronze\/#breadcrumb\",\"itemListElement\":[{\"@type\":\"ListItem\",\"position\":1,\"name\":\"Accueil\",\"item\":\"https:\/\/dicodusport.fr\/blog\/\"},{\"@type\":\"ListItem\",\"position\":2,\"name\":\"Championnats du monde de judo 2023 : Amandine Buchard et Walide Khyar remportent le bronze\"}]},{\"@type\":\"WebSite\",\"@id\":\"https:\/\/dicodusport.fr\/blog\/#website\",\"url\":\"https:\/\/dicodusport.fr\/blog\/\",\"name\":\"Dicodusport\",\"description\":\"L&#039;encyclop\u00e9die de l&#039;actualit\u00e9 sportive\",\"publisher\":{\"@id\":\"https:\/\/dicodusport.fr\/blog\/#organization\"},\"potentialAction\":[{\"@type\":\"SearchAction\",\"target\":{\"@type\":\"EntryPoint\",\"urlTemplate\":\"https:\/\/dicodusport.fr\/blog\/?s={search_term_string}\"},\"query-input\":{\"@type\":\"PropertyValueSpecification\",\"valueRequired\":true,\"valueName\":\"search_term_string\"}}],\"inLanguage\":\"fr-FR\"},{\"@type\":\"NewsMediaOrganization\",\"@id\":\"https:\/\/dicodusport.fr\/blog\/#organization\",\"name\":\"Dicodusport\",\"url\":\"https:\/\/dicodusport.fr\/blog\/\",\"logo\":{\"@type\":\"ImageObject\",\"inLanguage\":\"fr-FR\",\"@id\":\"https:\/\/dicodusport.fr\/blog\/#\/schema\/logo\/image\/\",\"url\":\"https:\/\/dicodusport.fr\/blog\/wp-content\/uploads\/2020\/06\/cropped-LOGO-DICODUSPORT-2020-SANS-FOND-SANS-TEXTE.png\",\"contentUrl\":\"https:\/\/dicodusport.fr\/blog\/wp-content\/uploads\/2020\/06\/cropped-LOGO-DICODUSPORT-2020-SANS-FOND-SANS-TEXTE.png\",\"width\":512,\"height\":512,\"caption\":\"Dicodusport\"},\"image\":{\"@id\":\"https:\/\/dicodusport.fr\/blog\/#\/schema\/logo\/image\/\"},\"sameAs\":[\"https:\/\/www.facebook.com\/dicodusport\",\"https:\/\/x.com\/dicodusport\",\"https:\/\/www.instagram.com\/dicodusport\/\",\"https:\/\/www.youtube.com\/channel\/UC7V2KZ5sd3htJivAbA4ZG3w\"],\"description\":\"Dicodusport est l'encyclop\u00e9die de l'actualit\u00e9 sportive.\",\"email\":\"bonjour@dicodusport.fr\",\"legalName\":\"DICODUSPORT\",\"foundingDate\":\"2018-01-14\",\"vatID\":\"FR71834470973\",\"taxID\":\"83447097300043\",\"numberOfEmployees\":{\"@type\":\"QuantitativeValue\",\"minValue\":\"1\",\"maxValue\":\"10\"}},{\"@type\":\"Person\",\"@id\":\"https:\/\/dicodusport.fr\/blog\/#\/schema\/person\/cce96fa88785bd8573e3d43078ac8c79\",\"name\":\"Arlette Yeye\",\"image\":{\"@type\":\"ImageObject\",\"inLanguage\":\"fr-FR\",\"@id\":\"https:\/\/dicodusport.fr\/blog\/#\/schema\/person\/image\/\",\"url\":\"https:\/\/secure.gravatar.com\/avatar\/dca4a6239e6d708e46c45d60e160de6c?s=96&d=wp_user_avatar&r=g\",\"contentUrl\":\"https:\/\/secure.gravatar.com\/avatar\/dca4a6239e6d708e46c45d60e160de6c?s=96&d=wp_user_avatar&r=g\",\"caption\":\"Arlette Yeye\"},\"description\":\"Journaliste\/r\u00e9dactrice depuis septembre 2015 - Supportrice de Chelsea, j'ai pour sports de pr\u00e9dilection le handball, l'athl\u00e9tisme et le tennis. Si je tweete plus vite que mon ombre, vous pouvez aussi me retrouver les week-ends sur les playgrounds de Bruxelles pour un petit foot ou basket entre potes. Parcourir la France, l'Europe et plus si affinit\u00e9s pour suivre mes sportifs pr\u00e9f\u00e9r\u00e9s ? Mon kif ! Et c'est avec plaisir que je partage les r\u00e9sultats des sports populaires mais \u00e9galement plus confidentiels pour Dicodusport.\",\"sameAs\":[\"https:\/\/x.com\/https:\/\/twitter.com\/Shiclette94\"],\"url\":\"https:\/\/dicodusport.fr\/blog\/author\/arlette\/\"}]}<\/script>\n<!-- \/ Yoast SEO Premium plugin. -->","yoast_head_json":{"title":"Championnats du monde de judo 2023 : Amandine Buchard et Walide Khyar remportent le bronze","description":"La moisson de m\u00e9dailles se poursuit pour l'\u00e9quipe de France. Aujourd'hui, Amandine Buchard et Walide Khyar ont remport\u00e9 le bronze.","robots":{"index":"index","follow":"follow","max-snippet":"max-snippet:-1","max-image-preview":"max-image-preview:large","max-video-preview":"max-video-preview:-1"},"canonical":"https:\/\/dicodusport.fr\/blog\/championnats-du-monde-de-judo-2023-amandine-buchard-et-walide-khyar-remportent-le-bronze\/","og_locale":"fr_FR","og_type":"article","og_title":"Championnats du monde de judo 2023 : Amandine Buchard et Walide Khyar remportent le bronze","og_description":"La moisson de m\u00e9dailles se poursuit pour l'\u00e9quipe de France. Aujourd'hui, Amandine Buchard et Walide Khyar ont remport\u00e9 le bronze.","og_url":"https:\/\/dicodusport.fr\/blog\/championnats-du-monde-de-judo-2023-amandine-buchard-et-walide-khyar-remportent-le-bronze\/","og_site_name":"Dicodusport","article_publisher":"https:\/\/www.facebook.com\/dicodusport","article_published_time":"2023-05-08T16:11:05+00:00","article_modified_time":"2023-05-08T20:06:02+00:00","og_image":[{"width":800,"height":445,"url":"https:\/\/dicodusport.fr\/blog\/wp-content\/uploads\/2023\/05\/Mondiaux-de-judo-2023-Amandine-Buchard-et-Walide-Khyar-remportent-le-bronze.png","type":"image\/png"}],"author":"Arlette Yeye","twitter_card":"summary_large_image","twitter_title":"Championnats du monde de judo 2023 : Amandine Buchard et Walide Khyar remportent le bronze","twitter_creator":"@https:\/\/twitter.com\/Shiclette94","twitter_site":"@dicodusport","schema":{"@context":"https:\/\/schema.org","@graph":[{"@type":"NewsArticle","@id":"https:\/\/dicodusport.fr\/blog\/championnats-du-monde-de-judo-2023-amandine-buchard-et-walide-khyar-remportent-le-bronze\/#article","isPartOf":{"@id":"https:\/\/dicodusport.fr\/blog\/championnats-du-monde-de-judo-2023-amandine-buchard-et-walide-khyar-remportent-le-bronze\/"},"author":{"name":"Arlette Yeye","@id":"https:\/\/dicodusport.fr\/blog\/#\/schema\/person\/cce96fa88785bd8573e3d43078ac8c79"},"headline":"Championnats du monde de judo 2023 : Amandine Buchard et Walide Khyar remportent le bronze","datePublished":"2023-05-08T16:11:05+00:00","dateModified":"2023-05-08T20:06:02+00:00","mainEntityOfPage":{"@id":"https:\/\/dicodusport.fr\/blog\/championnats-du-monde-de-judo-2023-amandine-buchard-et-walide-khyar-remportent-le-bronze\/"},"wordCount":706,"commentCount":0,"publisher":{"@id":"https:\/\/dicodusport.fr\/blog\/#organization"},"image":{"@id":"https:\/\/dicodusport.fr\/blog\/championnats-du-monde-de-judo-2023-amandine-buchard-et-walide-khyar-remportent-le-bronze\/#primaryimage"},"thumbnailUrl":"https:\/\/dicodusport.fr\/blog\/wp-content\/uploads\/2023\/05\/Mondiaux-de-judo-2023-Amandine-Buchard-et-Walide-Khyar-remportent-le-bronze.png","keywords":["Amandine Buchard","br\u00e8ve","Daikii Bouba","Judo","Walide Khyar"],"articleSection":["Judo"],"inLanguage":"fr-FR","potentialAction":[{"@type":"CommentAction","name":"Comment","target":["https:\/\/dicodusport.fr\/blog\/championnats-du-monde-de-judo-2023-amandine-buchard-et-walide-khyar-remportent-le-bronze\/#respond"]}],"copyrightYear":"2023","copyrightHolder":{"@id":"https:\/\/dicodusport.fr\/blog\/#organization"}},{"@type":"WebPage","@id":"https:\/\/dicodusport.fr\/blog\/championnats-du-monde-de-judo-2023-amandine-buchard-et-walide-khyar-remportent-le-bronze\/","url":"https:\/\/dicodusport.fr\/blog\/championnats-du-monde-de-judo-2023-amandine-buchard-et-walide-khyar-remportent-le-bronze\/","name":"Championnats du monde de judo 2023 : Amandine Buchard et Walide Khyar remportent le bronze","isPartOf":{"@id":"https:\/\/dicodusport.fr\/blog\/#website"},"primaryImageOfPage":{"@id":"https:\/\/dicodusport.fr\/blog\/championnats-du-monde-de-judo-2023-amandine-buchard-et-walide-khyar-remportent-le-bronze\/#primaryimage"},"image":{"@id":"https:\/\/dicodusport.fr\/blog\/championnats-du-monde-de-judo-2023-amandine-buchard-et-walide-khyar-remportent-le-bronze\/#primaryimage"},"thumbnailUrl":"https:\/\/dicodusport.fr\/blog\/wp-content\/uploads\/2023\/05\/Mondiaux-de-judo-2023-Amandine-Buchard-et-Walide-Khyar-remportent-le-bronze.png","datePublished":"2023-05-08T16:11:05+00:00","dateModified":"2023-05-08T20:06:02+00:00","description":"La moisson de m\u00e9dailles se poursuit pour l'\u00e9quipe de France. Aujourd'hui, Amandine Buchard et Walide Khyar ont remport\u00e9 le bronze.","breadcrumb":{"@id":"https:\/\/dicodusport.fr\/blog\/championnats-du-monde-de-judo-2023-amandine-buchard-et-walide-khyar-remportent-le-bronze\/#breadcrumb"},"inLanguage":"fr-FR","potentialAction":[{"@type":"ReadAction","target":["https:\/\/dicodusport.fr\/blog\/championnats-du-monde-de-judo-2023-amandine-buchard-et-walide-khyar-remportent-le-bronze\/"]}]},{"@type":"ImageObject","inLanguage":"fr-FR","@id":"https:\/\/dicodusport.fr\/blog\/championnats-du-monde-de-judo-2023-amandine-buchard-et-walide-khyar-remportent-le-bronze\/#primaryimage","url":"https:\/\/dicodusport.fr\/blog\/wp-content\/uploads\/2023\/05\/Mondiaux-de-judo-2023-Amandine-Buchard-et-Walide-Khyar-remportent-le-bronze.png","contentUrl":"https:\/\/dicodusport.fr\/blog\/wp-content\/uploads\/2023\/05\/Mondiaux-de-judo-2023-Amandine-Buchard-et-Walide-Khyar-remportent-le-bronze.png","width":800,"height":445,"caption":"Mondiaux de judo 2023 Amandine Buchard et Walide Khyar remportent le bronze"},{"@type":"BreadcrumbList","@id":"https:\/\/dicodusport.fr\/blog\/championnats-du-monde-de-judo-2023-amandine-buchard-et-walide-khyar-remportent-le-bronze\/#breadcrumb","itemListElement":[{"@type":"ListItem","position":1,"name":"Accueil","item":"https:\/\/dicodusport.fr\/blog\/"},{"@type":"ListItem","position":2,"name":"Championnats du monde de judo 2023 : Amandine Buchard et Walide Khyar remportent le bronze"}]},{"@type":"WebSite","@id":"https:\/\/dicodusport.fr\/blog\/#website","url":"https:\/\/dicodusport.fr\/blog\/","name":"Dicodusport","description":"L&#039;encyclop\u00e9die de l&#039;actualit\u00e9 sportive","publisher":{"@id":"https:\/\/dicodusport.fr\/blog\/#organization"},"potentialAction":[{"@type":"SearchAction","target":{"@type":"EntryPoint","urlTemplate":"https:\/\/dicodusport.fr\/blog\/?s={search_term_string}"},"query-input":{"@type":"PropertyValueSpecification","valueRequired":true,"valueName":"search_term_string"}}],"inLanguage":"fr-FR"},{"@type":"NewsMediaOrganization","@id":"https:\/\/dicodusport.fr\/blog\/#organization","name":"Dicodusport","url":"https:\/\/dicodusport.fr\/blog\/","logo":{"@type":"ImageObject","inLanguage":"fr-FR","@id":"https:\/\/dicodusport.fr\/blog\/#\/schema\/logo\/image\/","url":"https:\/\/dicodusport.fr\/blog\/wp-content\/uploads\/2020\/06\/cropped-LOGO-DICODUSPORT-2020-SANS-FOND-SANS-TEXTE.png","contentUrl":"https:\/\/dicodusport.fr\/blog\/wp-content\/uploads\/2020\/06\/cropped-LOGO-DICODUSPORT-2020-SANS-FOND-SANS-TEXTE.png","width":512,"height":512,"caption":"Dicodusport"},"image":{"@id":"https:\/\/dicodusport.fr\/blog\/#\/schema\/logo\/image\/"},"sameAs":["https:\/\/www.facebook.com\/dicodusport","https:\/\/x.com\/dicodusport","https:\/\/www.instagram.com\/dicodusport\/","https:\/\/www.youtube.com\/channel\/UC7V2KZ5sd3htJivAbA4ZG3w"],"description":"Dicodusport est l'encyclop\u00e9die de l'actualit\u00e9 sportive.","email":"bonjour@dicodusport.fr","legalName":"DICODUSPORT","foundingDate":"2018-01-14","vatID":"FR71834470973","taxID":"83447097300043","numberOfEmployees":{"@type":"QuantitativeValue","minValue":"1","maxValue":"10"}},{"@type":"Person","@id":"https:\/\/dicodusport.fr\/blog\/#\/schema\/person\/cce96fa88785bd8573e3d43078ac8c79","name":"Arlette Yeye","image":{"@type":"ImageObject","inLanguage":"fr-FR","@id":"https:\/\/dicodusport.fr\/blog\/#\/schema\/person\/image\/","url":"https:\/\/secure.gravatar.com\/avatar\/dca4a6239e6d708e46c45d60e160de6c?s=96&d=wp_user_avatar&r=g","contentUrl":"https:\/\/secure.gravatar.com\/avatar\/dca4a6239e6d708e46c45d60e160de6c?s=96&d=wp_user_avatar&r=g","caption":"Arlette Yeye"},"description":"Journaliste\/r\u00e9dactrice depuis septembre 2015 - Supportrice de Chelsea, j'ai pour sports de pr\u00e9dilection le handball, l'athl\u00e9tisme et le tennis. Si je tweete plus vite que mon ombre, vous pouvez aussi me retrouver les week-ends sur les playgrounds de Bruxelles pour un petit foot ou basket entre potes. Parcourir la France, l'Europe et plus si affinit\u00e9s pour suivre mes sportifs pr\u00e9f\u00e9r\u00e9s ? Mon kif ! Et c'est avec plaisir que je partage les r\u00e9sultats des sports populaires mais \u00e9galement plus confidentiels pour Dicodusport.","sameAs":["https:\/\/x.com\/https:\/\/twitter.com\/Shiclette94"],"url":"https:\/\/dicodusport.fr\/blog\/author\/arlette\/"}]}},"_links":{"self":[{"href":"https:\/\/dicodusport.fr\/blog\/wp-json\/wp\/v2\/posts\/380329","targetHints":{"allow":["GET"]}}],"collection":[{"href":"https:\/\/dicodusport.fr\/blog\/wp-json\/wp\/v2\/posts"}],"about":[{"href":"https:\/\/dicodusport.fr\/blog\/wp-json\/wp\/v2\/types\/post"}],"author":[{"embeddable":true,"href":"https:\/\/dicodusport.fr\/blog\/wp-json\/wp\/v2\/users\/12"}],"replies":[{"embeddable":true,"href":"https:\/\/dicodusport.fr\/blog\/wp-json\/wp\/v2\/comments?post=380329"}],"version-history":[{"count":0,"href":"https:\/\/dicodusport.fr\/blog\/wp-json\/wp\/v2\/posts\/380329\/revisions"}],"wp:featuredmedia":[{"embeddable":true,"href":"https:\/\/dicodusport.fr\/blog\/wp-json\/wp\/v2\/media\/380493"}],"wp:attachment":[{"href":"https:\/\/dicodusport.fr\/blog\/wp-json\/wp\/v2\/media?parent=380329"}],"wp:term":[{"taxonomy":"category","embeddable":true,"href":"https:\/\/dicodusport.fr\/blog\/wp-json\/wp\/v2\/categories?post=380329"},{"taxonomy":"post_tag","embeddable":true,"href":"https:\/\/dicodusport.fr\/blog\/wp-json\/wp\/v2\/tags?post=380329"}],"curies":[{"name":"wp","href":"https:\/\/api.w.org\/{rel}","templated":true}]}}