{"id":380383,"date":"2023-05-08T16:27:52","date_gmt":"2023-05-08T14:27:52","guid":{"rendered":"https:\/\/dicodusport.fr\/blog\/?p=380383&#038;preview=true&#038;preview_id=380383"},"modified":"2023-05-08T17:33:40","modified_gmt":"2023-05-08T15:33:40","slug":"jean-michel-aulas-une-empreinte-de-geant-a-lyon-et-dans-le-foot-francais","status":"publish","type":"post","link":"https:\/\/dicodusport.fr\/blog\/jean-michel-aulas-une-empreinte-de-geant-a-lyon-et-dans-le-foot-francais\/","title":{"rendered":"Jean-Michel Aulas, une empreinte de g\u00e9ant \u00e0 Lyon et dans le foot fran\u00e7ais"},"content":{"rendered":"<p style=\"text-align: justify;\" align=\"justify\"><em><strong>FOOTBALL &#8211; <a href=\"https:\/\/dicodusport.fr\/blog\/lyon-jean-michel-aulas-va-quitter-lol\/\">Jean-Michel Aulas a quitt\u00e9 son poste de pr\u00e9sident de l&rsquo;Olympique Lyonnais<\/a> apr\u00e8s plus de 35 ans de bons et loyaux services. Son empreinte est gigantesque dans son club et immense pour le football fran\u00e7ais.\u00a0\u00a0<\/strong><\/em><\/p>\n<p style=\"text-align: justify;\" align=\"justify\">Dans un football moderne o\u00f9 tout va toujours plus vite, parfois probablement trop, l&rsquo;ancien pr\u00e9sident de l&rsquo;Olympique Lyonnais \u00e9tait un OVNI. Trente-six ans \u00e0 la t\u00eate d&rsquo;un club avec des succ\u00e8s majuscules chez les hommes. Comme chez les femmes. Et le sentiment que son apport au football fran\u00e7ais est inestimable. D&rsquo;ailleurs, cette partie-l\u00e0 n&rsquo;est sans doute pas encore achev\u00e9e. Peut-\u00eatre m\u00eame loin de l\u00e0. Les entra\u00eeneurs, les joueurs et les supporters passent, <strong>Jean-Michel<\/strong> <strong>Aulas<\/strong> semblait lui inamovible. Et pourtant, un rachat plus tard, le voil\u00e0 d\u00e9j\u00e0 dehors. Avec une sortie rat\u00e9e, comme assur\u00e9ment ses toutes derni\u00e8res ann\u00e9es \u00e0 la t\u00eate de son club.<\/p>\n<p style=\"text-align: justify;\" align=\"justify\">Les hommages sont unanimes. S&rsquo;il a pu agacer aux quatre coins de l&rsquo;Hexagone en raison de sa personnalit\u00e9, son travail pour son club et son sport sont reconnus de tous. Si les irr\u00e9ductibles supporters marseillais placeront Bernard Tapie devant, l&rsquo;ancien homme fort de l&rsquo;Olympique Lyonnais a transform\u00e9 son club et son sport. Comme personne ne l&rsquo;a fait avant, et sans m\u00eame que personne ne puisse se vanter de s&rsquo;en approcher. <strong>Jean-Michel Aulas<\/strong> est le plus grand pr\u00e9sident que le football fran\u00e7ais ait connu. Et il devrait le rester pour un petit moment.<\/p>\n<blockquote class=\"twitter-tweet\">\n<p dir=\"ltr\" lang=\"fr\">Impossible d\u2019oublier cet appel de Bernard Tapie \u00e0 Jean Michel Aulas ! Magnifique ! \ud83e\udd7a\u2764\ufe0f<\/p>\n<p>(\ud83c\udfa5 <a href=\"https:\/\/twitter.com\/RMCsport?ref_src=twsrc%5Etfw\">@RMCsport<\/a>) <a href=\"https:\/\/t.co\/2EEe8PWaOe\">pic.twitter.com\/2EEe8PWaOe<\/a><\/p>\n<p>\u2014 Footballogue (@Footballogue) <a href=\"https:\/\/twitter.com\/Footballogue\/status\/1655492532128579586?ref_src=twsrc%5Etfw\">May 8, 2023<\/a><\/p><\/blockquote>\n<p><script async src=\"https:\/\/platform.twitter.com\/widgets.js\" charset=\"utf-8\"><\/script><\/p>\n<h2 style=\"text-align: justify;\" align=\"justify\">Pr\u00e9curseur pour son club et son sport<\/h2>\n<p style=\"text-align: justify;\"><strong>Jean-Michel Aulas<\/strong> a r\u00e9ussi \u00e0 transformer un club de deuxi\u00e8me division au budget d&rsquo;un peu plus de deux millions en une multinationale, cot\u00e9e en bourse. Valoris\u00e9e \u00e0 plusieurs centaines de millions d&rsquo;euros. Et donc r\u00e9cemment, vendue \u00e0 <strong>Eagle Foot<\/strong>, m\u00eame si JMA garde 9% des parts via sa holding familiale. Pr\u00e9curseur hors du terrain en devenant le premier club fran\u00e7ais cot\u00e9 en bourse. Puis en \u00e9tant toujours le premier \u00e0 se faire construire un stade en fonds propres pour encore franchir une autre dimension. Quelques ann\u00e9es plus tard, les dirigeants du PSG veulent aussi devenir propri\u00e9taires de leur club. Ces derniers savent que c&rsquo;est l&rsquo;une des cl\u00e9s de r\u00e9ussite pour un club de football.<\/p>\n<p style=\"text-align: justify;\"><strong>Aulas<\/strong> a aussi \u00e9t\u00e9 pr\u00e9curseur en termes de r\u00e9sultats, en devenant le premier club fran\u00e7ais capable de remporter sept titres de champion de France \u00e0 la suite. \u00c0 titre de comparaison, le PSG version qatari n&rsquo;en a gagn\u00e9 que quatre de fa\u00e7on cons\u00e9cutive, entre 2013 et 2016. Le quatre \u00e0 la suite, ce fut aussi le cas pour l&rsquo;AS Saint-\u00c9tienne entre 1967 et 1970. Alors que l&rsquo;Olympique de Marseille n&rsquo;a pu faire mieux que trois entre 1989 et 1991. Avec un mod\u00e8le \u00e9conomique fort, il a pu garder un niveau d&rsquo;excellence pendant tant d&rsquo;ann\u00e9es. Donnant le sentiment que son OL \u00e9tait devenu invincible.<\/p>\n<p style=\"text-align: justify;\">Et le football f\u00e9minin lui doit tant ! En d\u00e9veloppant tr\u00e8s t\u00f4t son \u00e9quipe f\u00e9minine, il a insuffl\u00e9 un \u00e9lan \u00e9norme au ballon rond f\u00e9minin en France. Si le Paris Saint-Germain F\u00e9minin est \u00e0 ce niveau, c&rsquo;est parce que les dirigeants voulaient rivaliser avec l&rsquo;Olympique Lyonnais. Quinze titres de champion de France et 8 Ligues des Champions pour cette \u00e9quipe qui, comme les hommes, semblait \u00eatre imbattable. <strong>Jean-Michel Aulas<\/strong> travaille aujourd&rsquo;hui au d\u00e9veloppement de la Ligue de Football f\u00e9minine professionnelle. Il pourrait bien en devenir le pr\u00e9sident. Plus globalement, la formation lyonnaise est une r\u00e9f\u00e9rence, \u00e0 l&rsquo;image du dernier Ballon d&rsquo;Or, <strong>Karim Benzema<\/strong>. C&rsquo;est aussi \u00e7a la patte Aulas.<\/p>\n<blockquote class=\"twitter-tweet\">\n<p dir=\"ltr\" lang=\"fr\">Karim Benzema rend hommage \u00e0 Jean-Michel Aulas en story Instagram :<\/p>\n<p>\u00ab Jefe\ud83d\ude4c\ud83c\udffc \u00bb <a href=\"https:\/\/t.co\/UR0dmrDzsb\">pic.twitter.com\/UR0dmrDzsb<\/a><\/p>\n<p>\u2014 Instant Foot \u26bd\ufe0f (@lnstantFoot) <a href=\"https:\/\/twitter.com\/lnstantFoot\/status\/1655522683340087300?ref_src=twsrc%5Etfw\">May 8, 2023<\/a><\/p><\/blockquote>\n<p><script async src=\"https:\/\/platform.twitter.com\/widgets.js\" charset=\"utf-8\"><\/script><\/p>\n<h2 style=\"text-align: justify;\">Un personnage clivant pr\u00eat \u00e0 tout pour son club<\/h2>\n<p style=\"text-align: justify;\">S&rsquo;il est reconnu dans le monde des affaires comme une r\u00e9f\u00e9rence gr\u00e2ce notamment \u00e0 la cr\u00e9ation de la CEGID (\u00e9dition de logiciels de gestion), qui a rendu possible son implication \u00e0 l&rsquo;<strong>OL<\/strong>, il a aussi \u00e9t\u00e9 un personnage m\u00e9diatique clivant. Adul\u00e9 par les supporters lyonnais, le <strong>Jean-Michel Aulas<\/strong> version m\u00e9dias \u00e9tait \u00e9videmment d\u00e9test\u00e9 des supporters des autres clubs. Toujours pr\u00eat \u00e0 monter en premi\u00e8re ligne pour d\u00e9fendre son \u00e9quipe, il en avait m\u00eame fait une marque de fabrique. \u00c0 chaque fois qu&rsquo;il fallait que la presse oublie les joueurs et le staff apr\u00e8s une contre-performance, le pr\u00e9sident <strong>Aulas<\/strong> sortait de sa bo\u00eete, une sortie toujours plus d\u00e9cal\u00e9e, pour que les journalistes n&rsquo;aient d&rsquo;yeux que pour lui.<\/p>\n<p style=\"text-align: justify;\">La fin de son mandat est la moins bonne version de JMA, contraint de faire avec des moyens limit\u00e9s, \u00e0 cause particuli\u00e8rement de la construction du stade. Il ne faisait plus l&rsquo;unanimit\u00e9 parmi les supporters lyonnais. Si tous le remercie pour les 30 premi\u00e8res ann\u00e9es exceptionnelles, la fin a \u00e9t\u00e9 un peu rat\u00e9e, \u00e0 l&rsquo;image de cette sortie dans un communiqu\u00e9 insipide alors qu&rsquo;il m\u00e9ritait un hommage colossal au Groupama Stadium, son stade ! Et quoi de mieux que la fin de match compl\u00e8tement folle entre Lyon et Montpellier (victoire 5-4 de l&rsquo;OL, pourtant men\u00e9 1-4) pour l&rsquo;honorer ? Une belle occasion manqu\u00e9e de conqu\u00e9rir le public pour <strong>John<\/strong> <strong>Textor<\/strong>.<\/p>\n<p style=\"text-align: justify;\">Toutes les belles histoires ont une fin, souvent pas \u00e0 la haute de l&rsquo;ensemble du sc\u00e9nario d&rsquo;ailleurs, mais <strong>Jean-Michel Aulas<\/strong> peut avoir le sentiment du devoir accompli, m\u00eame si son grand regret restera de ne jamais avoir conquis cette Ligue des Champions masculine (il y avait penalty sur Nilmar). RESPECT, MONSIEUR LE PR\u00c9SIDENT !<\/p>\n","protected":false},"excerpt":{"rendered":"<p>FOOTBALL &#8211; Jean-Michel Aulas a quitt\u00e9 son poste de pr\u00e9sident de l&rsquo;Olympique Lyonnais apr\u00e8s plus de 35 ans de bons et loyaux services. Son empreinte est gigantesque dans son club et immense pour le football fran\u00e7ais.\u00a0\u00a0<\/p>\n","protected":false},"author":1,"featured_media":380394,"comment_status":"open","ping_status":"closed","sticky":false,"template":"","format":"standard","meta":{"_acf_changed":false,"_daextam_enable_autolinks":"","footnotes":""},"categories":[2301,47045],"tags":[2734,16878,75,2845,449,1145,24],"class_list":["post-380383","post","type-post","status-publish","format-standard","has-post-thumbnail","hentry","category-football","category-ligue-1","tag-aulas","tag-breve","tag-football","tag-jean-michel-aulas","tag-lyon","tag-ol","tag-sport"],"acf":[],"yoast_head":"<!-- This site is optimized with the Yoast SEO Premium plugin v26.7 (Yoast SEO v26.7) - https:\/\/yoast.com\/wordpress\/plugins\/seo\/ -->\n<title>Jean-Michel Aulas, une empreinte de g\u00e9ant \u00e0 Lyon et dans le foot fran\u00e7ais<\/title>\n<meta name=\"description\" content=\"FOOTBALL - Jean-Michel Aulas a quitt\u00e9 son poste de pr\u00e9sident de l&#039;Olympique Lyonnais apr\u00e8s plus de 35 ans de bons et loyaux services.\" \/>\n<meta name=\"robots\" content=\"index, follow, max-snippet:-1, max-image-preview:large, max-video-preview:-1\" \/>\n<link rel=\"canonical\" href=\"https:\/\/dicodusport.fr\/blog\/jean-michel-aulas-une-empreinte-de-geant-a-lyon-et-dans-le-foot-francais\/\" \/>\n<meta property=\"og:locale\" content=\"fr_FR\" \/>\n<meta property=\"og:type\" content=\"article\" \/>\n<meta property=\"og:title\" content=\"Jean-Michel Aulas, une empreinte de g\u00e9ant \u00e0 Lyon et dans le foot fran\u00e7ais\" \/>\n<meta property=\"og:description\" content=\"FOOTBALL - Jean-Michel Aulas a quitt\u00e9 son poste de pr\u00e9sident de l&#039;Olympique Lyonnais apr\u00e8s plus de 35 ans de bons et loyaux services.\" \/>\n<meta property=\"og:url\" content=\"https:\/\/dicodusport.fr\/blog\/jean-michel-aulas-une-empreinte-de-geant-a-lyon-et-dans-le-foot-francais\/\" \/>\n<meta property=\"og:site_name\" content=\"Dicodusport\" \/>\n<meta property=\"article:publisher\" content=\"https:\/\/www.facebook.com\/dicodusport\" \/>\n<meta property=\"article:author\" content=\"https:\/\/www.facebook.com\/dicodusport\" \/>\n<meta property=\"article:published_time\" content=\"2023-05-08T14:27:52+00:00\" \/>\n<meta property=\"article:modified_time\" content=\"2023-05-08T15:33:40+00:00\" \/>\n<meta property=\"og:image\" content=\"https:\/\/dicodusport.fr\/blog\/wp-content\/uploads\/2023\/05\/Jean-Michel-Aulas-une-empreinte-de-geant-a-Lyon-et-dans-le-foot-francais.png\" \/>\n\t<meta property=\"og:image:width\" content=\"800\" \/>\n\t<meta property=\"og:image:height\" content=\"445\" \/>\n\t<meta property=\"og:image:type\" content=\"image\/png\" \/>\n<meta name=\"author\" content=\"Nicolas Jacquemard\" \/>\n<meta name=\"twitter:card\" content=\"summary_large_image\" \/>\n<meta name=\"twitter:title\" content=\"Jean-Michel Aulas, une empreinte de g\u00e9ant \u00e0 Lyon et dans le foot fran\u00e7ais\" \/>\n<meta name=\"twitter:creator\" content=\"@https:\/\/twitter.com\/Nico_Jacquemard\" \/>\n<meta name=\"twitter:site\" content=\"@dicodusport\" \/>\n<script type=\"application\/ld+json\" class=\"yoast-schema-graph\">{\"@context\":\"https:\/\/schema.org\",\"@graph\":[{\"@type\":\"NewsArticle\",\"@id\":\"https:\/\/dicodusport.fr\/blog\/jean-michel-aulas-une-empreinte-de-geant-a-lyon-et-dans-le-foot-francais\/#article\",\"isPartOf\":{\"@id\":\"https:\/\/dicodusport.fr\/blog\/jean-michel-aulas-une-empreinte-de-geant-a-lyon-et-dans-le-foot-francais\/\"},\"author\":{\"name\":\"Nicolas Jacquemard\",\"@id\":\"https:\/\/dicodusport.fr\/blog\/#\/schema\/person\/55dcb50ad410894e431ed812bbb70191\"},\"headline\":\"Jean-Michel Aulas, une empreinte de g\u00e9ant \u00e0 Lyon et dans le foot fran\u00e7ais\",\"datePublished\":\"2023-05-08T14:27:52+00:00\",\"dateModified\":\"2023-05-08T15:33:40+00:00\",\"mainEntityOfPage\":{\"@id\":\"https:\/\/dicodusport.fr\/blog\/jean-michel-aulas-une-empreinte-de-geant-a-lyon-et-dans-le-foot-francais\/\"},\"wordCount\":997,\"commentCount\":0,\"publisher\":{\"@id\":\"https:\/\/dicodusport.fr\/blog\/#organization\"},\"image\":{\"@id\":\"https:\/\/dicodusport.fr\/blog\/jean-michel-aulas-une-empreinte-de-geant-a-lyon-et-dans-le-foot-francais\/#primaryimage\"},\"thumbnailUrl\":\"https:\/\/dicodusport.fr\/blog\/wp-content\/uploads\/2023\/05\/Jean-Michel-Aulas-une-empreinte-de-geant-a-Lyon-et-dans-le-foot-francais.png\",\"keywords\":[\"Aulas\",\"br\u00e8ve\",\"Football\",\"Jean-Michel Aulas\",\"Lyon\",\"OL\",\"sport\"],\"articleSection\":[\"Football\",\"Ligue 1\"],\"inLanguage\":\"fr-FR\",\"potentialAction\":[{\"@type\":\"CommentAction\",\"name\":\"Comment\",\"target\":[\"https:\/\/dicodusport.fr\/blog\/jean-michel-aulas-une-empreinte-de-geant-a-lyon-et-dans-le-foot-francais\/#respond\"]}],\"copyrightYear\":\"2023\",\"copyrightHolder\":{\"@id\":\"https:\/\/dicodusport.fr\/blog\/#organization\"}},{\"@type\":\"WebPage\",\"@id\":\"https:\/\/dicodusport.fr\/blog\/jean-michel-aulas-une-empreinte-de-geant-a-lyon-et-dans-le-foot-francais\/\",\"url\":\"https:\/\/dicodusport.fr\/blog\/jean-michel-aulas-une-empreinte-de-geant-a-lyon-et-dans-le-foot-francais\/\",\"name\":\"Jean-Michel Aulas, une empreinte de g\u00e9ant \u00e0 Lyon et dans le foot fran\u00e7ais\",\"isPartOf\":{\"@id\":\"https:\/\/dicodusport.fr\/blog\/#website\"},\"primaryImageOfPage\":{\"@id\":\"https:\/\/dicodusport.fr\/blog\/jean-michel-aulas-une-empreinte-de-geant-a-lyon-et-dans-le-foot-francais\/#primaryimage\"},\"image\":{\"@id\":\"https:\/\/dicodusport.fr\/blog\/jean-michel-aulas-une-empreinte-de-geant-a-lyon-et-dans-le-foot-francais\/#primaryimage\"},\"thumbnailUrl\":\"https:\/\/dicodusport.fr\/blog\/wp-content\/uploads\/2023\/05\/Jean-Michel-Aulas-une-empreinte-de-geant-a-Lyon-et-dans-le-foot-francais.png\",\"datePublished\":\"2023-05-08T14:27:52+00:00\",\"dateModified\":\"2023-05-08T15:33:40+00:00\",\"description\":\"FOOTBALL - Jean-Michel Aulas a quitt\u00e9 son poste de pr\u00e9sident de l'Olympique Lyonnais apr\u00e8s plus de 35 ans de bons et loyaux services.\",\"breadcrumb\":{\"@id\":\"https:\/\/dicodusport.fr\/blog\/jean-michel-aulas-une-empreinte-de-geant-a-lyon-et-dans-le-foot-francais\/#breadcrumb\"},\"inLanguage\":\"fr-FR\",\"potentialAction\":[{\"@type\":\"ReadAction\",\"target\":[\"https:\/\/dicodusport.fr\/blog\/jean-michel-aulas-une-empreinte-de-geant-a-lyon-et-dans-le-foot-francais\/\"]}]},{\"@type\":\"ImageObject\",\"inLanguage\":\"fr-FR\",\"@id\":\"https:\/\/dicodusport.fr\/blog\/jean-michel-aulas-une-empreinte-de-geant-a-lyon-et-dans-le-foot-francais\/#primaryimage\",\"url\":\"https:\/\/dicodusport.fr\/blog\/wp-content\/uploads\/2023\/05\/Jean-Michel-Aulas-une-empreinte-de-geant-a-Lyon-et-dans-le-foot-francais.png\",\"contentUrl\":\"https:\/\/dicodusport.fr\/blog\/wp-content\/uploads\/2023\/05\/Jean-Michel-Aulas-une-empreinte-de-geant-a-Lyon-et-dans-le-foot-francais.png\",\"width\":800,\"height\":445},{\"@type\":\"BreadcrumbList\",\"@id\":\"https:\/\/dicodusport.fr\/blog\/jean-michel-aulas-une-empreinte-de-geant-a-lyon-et-dans-le-foot-francais\/#breadcrumb\",\"itemListElement\":[{\"@type\":\"ListItem\",\"position\":1,\"name\":\"Accueil\",\"item\":\"https:\/\/dicodusport.fr\/blog\/\"},{\"@type\":\"ListItem\",\"position\":2,\"name\":\"Jean-Michel Aulas, une empreinte de g\u00e9ant \u00e0 Lyon et dans le foot fran\u00e7ais\"}]},{\"@type\":\"WebSite\",\"@id\":\"https:\/\/dicodusport.fr\/blog\/#website\",\"url\":\"https:\/\/dicodusport.fr\/blog\/\",\"name\":\"Dicodusport\",\"description\":\"L&#039;encyclop\u00e9die de l&#039;actualit\u00e9 sportive\",\"publisher\":{\"@id\":\"https:\/\/dicodusport.fr\/blog\/#organization\"},\"potentialAction\":[{\"@type\":\"SearchAction\",\"target\":{\"@type\":\"EntryPoint\",\"urlTemplate\":\"https:\/\/dicodusport.fr\/blog\/?s={search_term_string}\"},\"query-input\":{\"@type\":\"PropertyValueSpecification\",\"valueRequired\":true,\"valueName\":\"search_term_string\"}}],\"inLanguage\":\"fr-FR\"},{\"@type\":\"NewsMediaOrganization\",\"@id\":\"https:\/\/dicodusport.fr\/blog\/#organization\",\"name\":\"Dicodusport\",\"url\":\"https:\/\/dicodusport.fr\/blog\/\",\"logo\":{\"@type\":\"ImageObject\",\"inLanguage\":\"fr-FR\",\"@id\":\"https:\/\/dicodusport.fr\/blog\/#\/schema\/logo\/image\/\",\"url\":\"https:\/\/dicodusport.fr\/blog\/wp-content\/uploads\/2020\/06\/cropped-LOGO-DICODUSPORT-2020-SANS-FOND-SANS-TEXTE.png\",\"contentUrl\":\"https:\/\/dicodusport.fr\/blog\/wp-content\/uploads\/2020\/06\/cropped-LOGO-DICODUSPORT-2020-SANS-FOND-SANS-TEXTE.png\",\"width\":512,\"height\":512,\"caption\":\"Dicodusport\"},\"image\":{\"@id\":\"https:\/\/dicodusport.fr\/blog\/#\/schema\/logo\/image\/\"},\"sameAs\":[\"https:\/\/www.facebook.com\/dicodusport\",\"https:\/\/x.com\/dicodusport\",\"https:\/\/www.instagram.com\/dicodusport\/\",\"https:\/\/www.youtube.com\/channel\/UC7V2KZ5sd3htJivAbA4ZG3w\"],\"description\":\"Dicodusport est l'encyclop\u00e9die de l'actualit\u00e9 sportive.\",\"email\":\"bonjour@dicodusport.fr\",\"legalName\":\"DICODUSPORT\",\"foundingDate\":\"2018-01-14\",\"vatID\":\"FR71834470973\",\"taxID\":\"83447097300043\",\"numberOfEmployees\":{\"@type\":\"QuantitativeValue\",\"minValue\":\"1\",\"maxValue\":\"10\"}},{\"@type\":\"Person\",\"@id\":\"https:\/\/dicodusport.fr\/blog\/#\/schema\/person\/55dcb50ad410894e431ed812bbb70191\",\"name\":\"Nicolas Jacquemard\",\"image\":{\"@type\":\"ImageObject\",\"inLanguage\":\"fr-FR\",\"@id\":\"https:\/\/dicodusport.fr\/blog\/#\/schema\/person\/image\/\",\"url\":\"https:\/\/dicodusport.fr\/blog\/wp-content\/uploads\/2021\/05\/Nicolas-Jacquemard-150x150.jpeg\",\"contentUrl\":\"https:\/\/dicodusport.fr\/blog\/wp-content\/uploads\/2021\/05\/Nicolas-Jacquemard-150x150.jpeg\",\"caption\":\"Nicolas Jacquemard\"},\"description\":\"Passionn\u00e9 de sport et entrepreneur depuis mes 18 ans, la cr\u00e9ation de Dicodusport m'a sembl\u00e9 \u00e9vidente pour participer \u00e0 la m\u00e9diatisation d'un plus grand nombre de sports. Le chemin est long mais avec une \u00e9quipe des plus motiv\u00e9es et les Jeux Olympiques de Paris 2024 en point de mire, nous y arriverons ! Journaliste dans le monde du sport depuis plus de 5 ans, je traite aussi bien de football, de rugby, de biathlon que de cyclisme.\",\"sameAs\":[\"https:\/\/www.facebook.com\/dicodusport\",\"https:\/\/x.com\/https:\/\/twitter.com\/Nico_Jacquemard\"],\"url\":\"https:\/\/dicodusport.fr\/blog\/author\/dicodusport\/\"}]}<\/script>\n<!-- \/ Yoast SEO Premium plugin. -->","yoast_head_json":{"title":"Jean-Michel Aulas, une empreinte de g\u00e9ant \u00e0 Lyon et dans le foot fran\u00e7ais","description":"FOOTBALL - Jean-Michel Aulas a quitt\u00e9 son poste de pr\u00e9sident de l'Olympique Lyonnais apr\u00e8s plus de 35 ans de bons et loyaux services.","robots":{"index":"index","follow":"follow","max-snippet":"max-snippet:-1","max-image-preview":"max-image-preview:large","max-video-preview":"max-video-preview:-1"},"canonical":"https:\/\/dicodusport.fr\/blog\/jean-michel-aulas-une-empreinte-de-geant-a-lyon-et-dans-le-foot-francais\/","og_locale":"fr_FR","og_type":"article","og_title":"Jean-Michel Aulas, une empreinte de g\u00e9ant \u00e0 Lyon et dans le foot fran\u00e7ais","og_description":"FOOTBALL - Jean-Michel Aulas a quitt\u00e9 son poste de pr\u00e9sident de l'Olympique Lyonnais apr\u00e8s plus de 35 ans de bons et loyaux services.","og_url":"https:\/\/dicodusport.fr\/blog\/jean-michel-aulas-une-empreinte-de-geant-a-lyon-et-dans-le-foot-francais\/","og_site_name":"Dicodusport","article_publisher":"https:\/\/www.facebook.com\/dicodusport","article_author":"https:\/\/www.facebook.com\/dicodusport","article_published_time":"2023-05-08T14:27:52+00:00","article_modified_time":"2023-05-08T15:33:40+00:00","og_image":[{"width":800,"height":445,"url":"https:\/\/dicodusport.fr\/blog\/wp-content\/uploads\/2023\/05\/Jean-Michel-Aulas-une-empreinte-de-geant-a-Lyon-et-dans-le-foot-francais.png","type":"image\/png"}],"author":"Nicolas Jacquemard","twitter_card":"summary_large_image","twitter_title":"Jean-Michel Aulas, une empreinte de g\u00e9ant \u00e0 Lyon et dans le foot fran\u00e7ais","twitter_creator":"@https:\/\/twitter.com\/Nico_Jacquemard","twitter_site":"@dicodusport","schema":{"@context":"https:\/\/schema.org","@graph":[{"@type":"NewsArticle","@id":"https:\/\/dicodusport.fr\/blog\/jean-michel-aulas-une-empreinte-de-geant-a-lyon-et-dans-le-foot-francais\/#article","isPartOf":{"@id":"https:\/\/dicodusport.fr\/blog\/jean-michel-aulas-une-empreinte-de-geant-a-lyon-et-dans-le-foot-francais\/"},"author":{"name":"Nicolas Jacquemard","@id":"https:\/\/dicodusport.fr\/blog\/#\/schema\/person\/55dcb50ad410894e431ed812bbb70191"},"headline":"Jean-Michel Aulas, une empreinte de g\u00e9ant \u00e0 Lyon et dans le foot fran\u00e7ais","datePublished":"2023-05-08T14:27:52+00:00","dateModified":"2023-05-08T15:33:40+00:00","mainEntityOfPage":{"@id":"https:\/\/dicodusport.fr\/blog\/jean-michel-aulas-une-empreinte-de-geant-a-lyon-et-dans-le-foot-francais\/"},"wordCount":997,"commentCount":0,"publisher":{"@id":"https:\/\/dicodusport.fr\/blog\/#organization"},"image":{"@id":"https:\/\/dicodusport.fr\/blog\/jean-michel-aulas-une-empreinte-de-geant-a-lyon-et-dans-le-foot-francais\/#primaryimage"},"thumbnailUrl":"https:\/\/dicodusport.fr\/blog\/wp-content\/uploads\/2023\/05\/Jean-Michel-Aulas-une-empreinte-de-geant-a-Lyon-et-dans-le-foot-francais.png","keywords":["Aulas","br\u00e8ve","Football","Jean-Michel Aulas","Lyon","OL","sport"],"articleSection":["Football","Ligue 1"],"inLanguage":"fr-FR","potentialAction":[{"@type":"CommentAction","name":"Comment","target":["https:\/\/dicodusport.fr\/blog\/jean-michel-aulas-une-empreinte-de-geant-a-lyon-et-dans-le-foot-francais\/#respond"]}],"copyrightYear":"2023","copyrightHolder":{"@id":"https:\/\/dicodusport.fr\/blog\/#organization"}},{"@type":"WebPage","@id":"https:\/\/dicodusport.fr\/blog\/jean-michel-aulas-une-empreinte-de-geant-a-lyon-et-dans-le-foot-francais\/","url":"https:\/\/dicodusport.fr\/blog\/jean-michel-aulas-une-empreinte-de-geant-a-lyon-et-dans-le-foot-francais\/","name":"Jean-Michel Aulas, une empreinte de g\u00e9ant \u00e0 Lyon et dans le foot fran\u00e7ais","isPartOf":{"@id":"https:\/\/dicodusport.fr\/blog\/#website"},"primaryImageOfPage":{"@id":"https:\/\/dicodusport.fr\/blog\/jean-michel-aulas-une-empreinte-de-geant-a-lyon-et-dans-le-foot-francais\/#primaryimage"},"image":{"@id":"https:\/\/dicodusport.fr\/blog\/jean-michel-aulas-une-empreinte-de-geant-a-lyon-et-dans-le-foot-francais\/#primaryimage"},"thumbnailUrl":"https:\/\/dicodusport.fr\/blog\/wp-content\/uploads\/2023\/05\/Jean-Michel-Aulas-une-empreinte-de-geant-a-Lyon-et-dans-le-foot-francais.png","datePublished":"2023-05-08T14:27:52+00:00","dateModified":"2023-05-08T15:33:40+00:00","description":"FOOTBALL - Jean-Michel Aulas a quitt\u00e9 son poste de pr\u00e9sident de l'Olympique Lyonnais apr\u00e8s plus de 35 ans de bons et loyaux services.","breadcrumb":{"@id":"https:\/\/dicodusport.fr\/blog\/jean-michel-aulas-une-empreinte-de-geant-a-lyon-et-dans-le-foot-francais\/#breadcrumb"},"inLanguage":"fr-FR","potentialAction":[{"@type":"ReadAction","target":["https:\/\/dicodusport.fr\/blog\/jean-michel-aulas-une-empreinte-de-geant-a-lyon-et-dans-le-foot-francais\/"]}]},{"@type":"ImageObject","inLanguage":"fr-FR","@id":"https:\/\/dicodusport.fr\/blog\/jean-michel-aulas-une-empreinte-de-geant-a-lyon-et-dans-le-foot-francais\/#primaryimage","url":"https:\/\/dicodusport.fr\/blog\/wp-content\/uploads\/2023\/05\/Jean-Michel-Aulas-une-empreinte-de-geant-a-Lyon-et-dans-le-foot-francais.png","contentUrl":"https:\/\/dicodusport.fr\/blog\/wp-content\/uploads\/2023\/05\/Jean-Michel-Aulas-une-empreinte-de-geant-a-Lyon-et-dans-le-foot-francais.png","width":800,"height":445},{"@type":"BreadcrumbList","@id":"https:\/\/dicodusport.fr\/blog\/jean-michel-aulas-une-empreinte-de-geant-a-lyon-et-dans-le-foot-francais\/#breadcrumb","itemListElement":[{"@type":"ListItem","position":1,"name":"Accueil","item":"https:\/\/dicodusport.fr\/blog\/"},{"@type":"ListItem","position":2,"name":"Jean-Michel Aulas, une empreinte de g\u00e9ant \u00e0 Lyon et dans le foot fran\u00e7ais"}]},{"@type":"WebSite","@id":"https:\/\/dicodusport.fr\/blog\/#website","url":"https:\/\/dicodusport.fr\/blog\/","name":"Dicodusport","description":"L&#039;encyclop\u00e9die de l&#039;actualit\u00e9 sportive","publisher":{"@id":"https:\/\/dicodusport.fr\/blog\/#organization"},"potentialAction":[{"@type":"SearchAction","target":{"@type":"EntryPoint","urlTemplate":"https:\/\/dicodusport.fr\/blog\/?s={search_term_string}"},"query-input":{"@type":"PropertyValueSpecification","valueRequired":true,"valueName":"search_term_string"}}],"inLanguage":"fr-FR"},{"@type":"NewsMediaOrganization","@id":"https:\/\/dicodusport.fr\/blog\/#organization","name":"Dicodusport","url":"https:\/\/dicodusport.fr\/blog\/","logo":{"@type":"ImageObject","inLanguage":"fr-FR","@id":"https:\/\/dicodusport.fr\/blog\/#\/schema\/logo\/image\/","url":"https:\/\/dicodusport.fr\/blog\/wp-content\/uploads\/2020\/06\/cropped-LOGO-DICODUSPORT-2020-SANS-FOND-SANS-TEXTE.png","contentUrl":"https:\/\/dicodusport.fr\/blog\/wp-content\/uploads\/2020\/06\/cropped-LOGO-DICODUSPORT-2020-SANS-FOND-SANS-TEXTE.png","width":512,"height":512,"caption":"Dicodusport"},"image":{"@id":"https:\/\/dicodusport.fr\/blog\/#\/schema\/logo\/image\/"},"sameAs":["https:\/\/www.facebook.com\/dicodusport","https:\/\/x.com\/dicodusport","https:\/\/www.instagram.com\/dicodusport\/","https:\/\/www.youtube.com\/channel\/UC7V2KZ5sd3htJivAbA4ZG3w"],"description":"Dicodusport est l'encyclop\u00e9die de l'actualit\u00e9 sportive.","email":"bonjour@dicodusport.fr","legalName":"DICODUSPORT","foundingDate":"2018-01-14","vatID":"FR71834470973","taxID":"83447097300043","numberOfEmployees":{"@type":"QuantitativeValue","minValue":"1","maxValue":"10"}},{"@type":"Person","@id":"https:\/\/dicodusport.fr\/blog\/#\/schema\/person\/55dcb50ad410894e431ed812bbb70191","name":"Nicolas Jacquemard","image":{"@type":"ImageObject","inLanguage":"fr-FR","@id":"https:\/\/dicodusport.fr\/blog\/#\/schema\/person\/image\/","url":"https:\/\/dicodusport.fr\/blog\/wp-content\/uploads\/2021\/05\/Nicolas-Jacquemard-150x150.jpeg","contentUrl":"https:\/\/dicodusport.fr\/blog\/wp-content\/uploads\/2021\/05\/Nicolas-Jacquemard-150x150.jpeg","caption":"Nicolas Jacquemard"},"description":"Passionn\u00e9 de sport et entrepreneur depuis mes 18 ans, la cr\u00e9ation de Dicodusport m'a sembl\u00e9 \u00e9vidente pour participer \u00e0 la m\u00e9diatisation d'un plus grand nombre de sports. Le chemin est long mais avec une \u00e9quipe des plus motiv\u00e9es et les Jeux Olympiques de Paris 2024 en point de mire, nous y arriverons ! Journaliste dans le monde du sport depuis plus de 5 ans, je traite aussi bien de football, de rugby, de biathlon que de cyclisme.","sameAs":["https:\/\/www.facebook.com\/dicodusport","https:\/\/x.com\/https:\/\/twitter.com\/Nico_Jacquemard"],"url":"https:\/\/dicodusport.fr\/blog\/author\/dicodusport\/"}]}},"_links":{"self":[{"href":"https:\/\/dicodusport.fr\/blog\/wp-json\/wp\/v2\/posts\/380383","targetHints":{"allow":["GET"]}}],"collection":[{"href":"https:\/\/dicodusport.fr\/blog\/wp-json\/wp\/v2\/posts"}],"about":[{"href":"https:\/\/dicodusport.fr\/blog\/wp-json\/wp\/v2\/types\/post"}],"author":[{"embeddable":true,"href":"https:\/\/dicodusport.fr\/blog\/wp-json\/wp\/v2\/users\/1"}],"replies":[{"embeddable":true,"href":"https:\/\/dicodusport.fr\/blog\/wp-json\/wp\/v2\/comments?post=380383"}],"version-history":[{"count":0,"href":"https:\/\/dicodusport.fr\/blog\/wp-json\/wp\/v2\/posts\/380383\/revisions"}],"wp:featuredmedia":[{"embeddable":true,"href":"https:\/\/dicodusport.fr\/blog\/wp-json\/wp\/v2\/media\/380394"}],"wp:attachment":[{"href":"https:\/\/dicodusport.fr\/blog\/wp-json\/wp\/v2\/media?parent=380383"}],"wp:term":[{"taxonomy":"category","embeddable":true,"href":"https:\/\/dicodusport.fr\/blog\/wp-json\/wp\/v2\/categories?post=380383"},{"taxonomy":"post_tag","embeddable":true,"href":"https:\/\/dicodusport.fr\/blog\/wp-json\/wp\/v2\/tags?post=380383"}],"curies":[{"name":"wp","href":"https:\/\/api.w.org\/{rel}","templated":true}]}}