{"id":380719,"date":"2023-05-09T20:42:12","date_gmt":"2023-05-09T18:42:12","guid":{"rendered":"https:\/\/dicodusport.fr\/blog\/?p=380719&#038;preview=true&#038;preview_id=380719"},"modified":"2023-05-09T20:42:12","modified_gmt":"2023-05-09T18:42:12","slug":"boxe-maiva-hamadouche-tire-sa-reverence","status":"publish","type":"post","link":"https:\/\/dicodusport.fr\/blog\/boxe-maiva-hamadouche-tire-sa-reverence\/","title":{"rendered":"Boxe : Ma\u00efva Hamadouche tire sa r\u00e9v\u00e9rence"},"content":{"rendered":"<p style=\"text-align: justify;\" align=\"justify\"><em><b>BOXE &#8211; Ce mardi, la boxeuse fran\u00e7aise Ma\u00efva Hamadouche a annonc\u00e9 sur ses r\u00e9seaux sociaux la fin de sa carri\u00e8re, la faute \u00e0 une blessure r\u00e9currente \u00e0 l&rsquo;\u0153il.<\/b><\/em><\/p>\n<p align=\"justify\">C&rsquo;est une page de la boxe f\u00e9minine qui vient de se tourner ce mardi. Un an apr\u00e8s <a href=\"https:\/\/dicodusport.fr\/blog\/boxe-retraite-precipitee-pour-maiva-hamadouche\/\">avoir d\u00e9j\u00e0 annonc\u00e9 sa retraite<\/a>, <a href=\"https:\/\/dicodusport.fr\/blog\/boxe-pas-de-retraite-pour-maiva-hamadouche\/\">avant de se r\u00e9tracter<\/a>, <strong>Ma\u00efva Hamadouche<\/strong> a cette fois pris une d\u00e9cision d\u00e9finitive. \u00c0 33 ans, la boxeuse albigeoise met un terme \u00e0 son immense carri\u00e8re. Comme elle le pr\u00e9cise sur les r\u00e9seaux sociaux, sa d\u00e9cision d\u00e9coule d&rsquo;une blessure r\u00e9currente : \u00ab <em>Suite \u00e0 une blessure \u00e0 l&rsquo;\u0153il caus\u00e9e par les combats, je dois mettre fin \u00e0 ma carri\u00e8re \u00bb.<\/em><\/p>\n<p style=\"text-align: justify;\">Cela met ainsi fin \u00e0 une grande aventure qui l&rsquo;aura notamment vu r\u00e9gner durant cinq ans. <strong>Entre 2016 et 2021, elle a ainsi d\u00e9tenu la ceinture IBF des poids super-plumes, sans discontinuit\u00e9<\/strong>, et accumule 22 victoires pour seulement deux d\u00e9faites. En 2021, elle a \u00e9galement repr\u00e9sent\u00e9 la France aux Jeux Olympiques.<\/p>\n<blockquote class=\"twitter-tweet\">\n<p dir=\"ltr\" lang=\"fr\">Suite \u00e0 1 blessure \u00e0 l&rsquo;\u0153il caus\u00e9e par les combats, je dois mettre fin \u00e0 ma carri\u00e8re. Apr\u00e8s 16 ans de combats, j&rsquo;ai d\u00e9di\u00e9 une bonne partie de ma vie \u00e0 la boxe. Avec de nombreux titres mondiaux, les JO, je ne garde que de bons souvenirs. <a href=\"https:\/\/t.co\/HVPH9KphN6\">pic.twitter.com\/HVPH9KphN6<\/a><\/p>\n<p>\u2014 Ma\u00efva Hamadouche El Veneno (@MaivaHamadouche) <a href=\"https:\/\/twitter.com\/MaivaHamadouche\/status\/1655962261943459842?ref_src=twsrc%5Etfw\">May 9, 2023<\/a><\/p><\/blockquote>\n<p><script async src=\"https:\/\/platform.twitter.com\/widgets.js\" charset=\"utf-8\"><\/script><\/p>\n","protected":false},"excerpt":{"rendered":"<p>BOXE &#8211; Ce mardi, la boxeuse fran\u00e7aise Ma\u00efva Hamadouche a annonc\u00e9 sur ses r\u00e9seaux sociaux la fin de sa carri\u00e8re, la faute \u00e0 une blessure r\u00e9currente \u00e0 l&rsquo;\u0153il.<\/p>\n","protected":false},"author":55,"featured_media":167963,"comment_status":"open","ping_status":"closed","sticky":false,"template":"","format":"standard","meta":{"_acf_changed":false,"_daextam_enable_autolinks":"","footnotes":""},"categories":[8672],"tags":[622,16878,9415,3043],"class_list":["post-380719","post","type-post","status-publish","format-standard","has-post-thumbnail","hentry","category-boxe","tag-boxe","tag-breve","tag-maiva-hamadouche","tag-retraite"],"acf":[],"yoast_head":"<!-- This site is optimized with the Yoast SEO Premium plugin v26.7 (Yoast SEO v26.7) - https:\/\/yoast.com\/wordpress\/plugins\/seo\/ -->\n<title>Boxe : Ma\u00efva Hamadouche tire sa r\u00e9v\u00e9rence<\/title>\n<meta name=\"description\" content=\"BOXE\u00a0- Ma\u00efva Hamadouche a annonc\u00e9 ce mardi la fin de sa carri\u00e8re en raison d&#039;une blessure r\u00e9currente \u00e0 un oeil.\" \/>\n<meta name=\"robots\" content=\"index, follow, max-snippet:-1, max-image-preview:large, max-video-preview:-1\" \/>\n<link rel=\"canonical\" href=\"https:\/\/dicodusport.fr\/blog\/boxe-maiva-hamadouche-tire-sa-reverence\/\" \/>\n<meta property=\"og:locale\" content=\"fr_FR\" \/>\n<meta property=\"og:type\" content=\"article\" \/>\n<meta property=\"og:title\" content=\"Boxe : Ma\u00efva Hamadouche tire sa r\u00e9v\u00e9rence\" \/>\n<meta property=\"og:description\" content=\"BOXE\u00a0- Ma\u00efva Hamadouche a annonc\u00e9 ce mardi la fin de sa carri\u00e8re en raison d&#039;une blessure r\u00e9currente \u00e0 un oeil.\" \/>\n<meta property=\"og:url\" content=\"https:\/\/dicodusport.fr\/blog\/boxe-maiva-hamadouche-tire-sa-reverence\/\" \/>\n<meta property=\"og:site_name\" content=\"Dicodusport\" \/>\n<meta property=\"article:publisher\" content=\"https:\/\/www.facebook.com\/dicodusport\" \/>\n<meta property=\"article:published_time\" content=\"2023-05-09T18:42:12+00:00\" \/>\n<meta property=\"og:image\" content=\"https:\/\/dicodusport.fr\/blog\/wp-content\/uploads\/2021\/09\/Boxe-Poids-super-plumes-Maiva-Hamadouche-affrontera-Mikaela-Mayer-le-5-novembre-a-Las-Vegas.png\" \/>\n\t<meta property=\"og:image:width\" content=\"800\" \/>\n\t<meta property=\"og:image:height\" content=\"445\" \/>\n\t<meta property=\"og:image:type\" content=\"image\/png\" \/>\n<meta name=\"author\" content=\"Maxime Cazenave\" \/>\n<meta name=\"twitter:card\" content=\"summary_large_image\" \/>\n<meta name=\"twitter:title\" content=\"Boxe : Ma\u00efva Hamadouche tire sa r\u00e9v\u00e9rence\" \/>\n<meta name=\"twitter:creator\" content=\"@https:\/\/twitter.com\/Maxime_Caze\" \/>\n<meta name=\"twitter:site\" content=\"@dicodusport\" \/>\n<script type=\"application\/ld+json\" class=\"yoast-schema-graph\">{\"@context\":\"https:\/\/schema.org\",\"@graph\":[{\"@type\":\"NewsArticle\",\"@id\":\"https:\/\/dicodusport.fr\/blog\/boxe-maiva-hamadouche-tire-sa-reverence\/#article\",\"isPartOf\":{\"@id\":\"https:\/\/dicodusport.fr\/blog\/boxe-maiva-hamadouche-tire-sa-reverence\/\"},\"author\":{\"name\":\"Maxime Cazenave\",\"@id\":\"https:\/\/dicodusport.fr\/blog\/#\/schema\/person\/37def232098a7a5cbab3974a3690abb0\"},\"headline\":\"Boxe : Ma\u00efva Hamadouche tire sa r\u00e9v\u00e9rence\",\"datePublished\":\"2023-05-09T18:42:12+00:00\",\"mainEntityOfPage\":{\"@id\":\"https:\/\/dicodusport.fr\/blog\/boxe-maiva-hamadouche-tire-sa-reverence\/\"},\"wordCount\":242,\"commentCount\":0,\"publisher\":{\"@id\":\"https:\/\/dicodusport.fr\/blog\/#organization\"},\"image\":{\"@id\":\"https:\/\/dicodusport.fr\/blog\/boxe-maiva-hamadouche-tire-sa-reverence\/#primaryimage\"},\"thumbnailUrl\":\"https:\/\/dicodusport.fr\/blog\/wp-content\/uploads\/2021\/09\/Boxe-Poids-super-plumes-Maiva-Hamadouche-affrontera-Mikaela-Mayer-le-5-novembre-a-Las-Vegas.png\",\"keywords\":[\"boxe\",\"br\u00e8ve\",\"Ma\u00efva Hamadouche\",\"retraite\"],\"articleSection\":[\"Boxe\"],\"inLanguage\":\"fr-FR\",\"potentialAction\":[{\"@type\":\"CommentAction\",\"name\":\"Comment\",\"target\":[\"https:\/\/dicodusport.fr\/blog\/boxe-maiva-hamadouche-tire-sa-reverence\/#respond\"]}],\"copyrightYear\":\"2023\",\"copyrightHolder\":{\"@id\":\"https:\/\/dicodusport.fr\/blog\/#organization\"}},{\"@type\":\"WebPage\",\"@id\":\"https:\/\/dicodusport.fr\/blog\/boxe-maiva-hamadouche-tire-sa-reverence\/\",\"url\":\"https:\/\/dicodusport.fr\/blog\/boxe-maiva-hamadouche-tire-sa-reverence\/\",\"name\":\"Boxe : Ma\u00efva Hamadouche tire sa r\u00e9v\u00e9rence\",\"isPartOf\":{\"@id\":\"https:\/\/dicodusport.fr\/blog\/#website\"},\"primaryImageOfPage\":{\"@id\":\"https:\/\/dicodusport.fr\/blog\/boxe-maiva-hamadouche-tire-sa-reverence\/#primaryimage\"},\"image\":{\"@id\":\"https:\/\/dicodusport.fr\/blog\/boxe-maiva-hamadouche-tire-sa-reverence\/#primaryimage\"},\"thumbnailUrl\":\"https:\/\/dicodusport.fr\/blog\/wp-content\/uploads\/2021\/09\/Boxe-Poids-super-plumes-Maiva-Hamadouche-affrontera-Mikaela-Mayer-le-5-novembre-a-Las-Vegas.png\",\"datePublished\":\"2023-05-09T18:42:12+00:00\",\"description\":\"BOXE\u00a0- Ma\u00efva Hamadouche a annonc\u00e9 ce mardi la fin de sa carri\u00e8re en raison d'une blessure r\u00e9currente \u00e0 un oeil.\",\"breadcrumb\":{\"@id\":\"https:\/\/dicodusport.fr\/blog\/boxe-maiva-hamadouche-tire-sa-reverence\/#breadcrumb\"},\"inLanguage\":\"fr-FR\",\"potentialAction\":[{\"@type\":\"ReadAction\",\"target\":[\"https:\/\/dicodusport.fr\/blog\/boxe-maiva-hamadouche-tire-sa-reverence\/\"]}]},{\"@type\":\"ImageObject\",\"inLanguage\":\"fr-FR\",\"@id\":\"https:\/\/dicodusport.fr\/blog\/boxe-maiva-hamadouche-tire-sa-reverence\/#primaryimage\",\"url\":\"https:\/\/dicodusport.fr\/blog\/wp-content\/uploads\/2021\/09\/Boxe-Poids-super-plumes-Maiva-Hamadouche-affrontera-Mikaela-Mayer-le-5-novembre-a-Las-Vegas.png\",\"contentUrl\":\"https:\/\/dicodusport.fr\/blog\/wp-content\/uploads\/2021\/09\/Boxe-Poids-super-plumes-Maiva-Hamadouche-affrontera-Mikaela-Mayer-le-5-novembre-a-Las-Vegas.png\",\"width\":800,\"height\":445,\"caption\":\"Boxe Poids super-plumes : Ma\u00efva Hamadouche affrontera Mikaela Mayer le 5 novembre \u00e0 Las Vegas\"},{\"@type\":\"BreadcrumbList\",\"@id\":\"https:\/\/dicodusport.fr\/blog\/boxe-maiva-hamadouche-tire-sa-reverence\/#breadcrumb\",\"itemListElement\":[{\"@type\":\"ListItem\",\"position\":1,\"name\":\"Accueil\",\"item\":\"https:\/\/dicodusport.fr\/blog\/\"},{\"@type\":\"ListItem\",\"position\":2,\"name\":\"Boxe : Ma\u00efva Hamadouche tire sa r\u00e9v\u00e9rence\"}]},{\"@type\":\"WebSite\",\"@id\":\"https:\/\/dicodusport.fr\/blog\/#website\",\"url\":\"https:\/\/dicodusport.fr\/blog\/\",\"name\":\"Dicodusport\",\"description\":\"L&#039;encyclop\u00e9die de l&#039;actualit\u00e9 sportive\",\"publisher\":{\"@id\":\"https:\/\/dicodusport.fr\/blog\/#organization\"},\"potentialAction\":[{\"@type\":\"SearchAction\",\"target\":{\"@type\":\"EntryPoint\",\"urlTemplate\":\"https:\/\/dicodusport.fr\/blog\/?s={search_term_string}\"},\"query-input\":{\"@type\":\"PropertyValueSpecification\",\"valueRequired\":true,\"valueName\":\"search_term_string\"}}],\"inLanguage\":\"fr-FR\"},{\"@type\":\"NewsMediaOrganization\",\"@id\":\"https:\/\/dicodusport.fr\/blog\/#organization\",\"name\":\"Dicodusport\",\"url\":\"https:\/\/dicodusport.fr\/blog\/\",\"logo\":{\"@type\":\"ImageObject\",\"inLanguage\":\"fr-FR\",\"@id\":\"https:\/\/dicodusport.fr\/blog\/#\/schema\/logo\/image\/\",\"url\":\"https:\/\/dicodusport.fr\/blog\/wp-content\/uploads\/2020\/06\/cropped-LOGO-DICODUSPORT-2020-SANS-FOND-SANS-TEXTE.png\",\"contentUrl\":\"https:\/\/dicodusport.fr\/blog\/wp-content\/uploads\/2020\/06\/cropped-LOGO-DICODUSPORT-2020-SANS-FOND-SANS-TEXTE.png\",\"width\":512,\"height\":512,\"caption\":\"Dicodusport\"},\"image\":{\"@id\":\"https:\/\/dicodusport.fr\/blog\/#\/schema\/logo\/image\/\"},\"sameAs\":[\"https:\/\/www.facebook.com\/dicodusport\",\"https:\/\/x.com\/dicodusport\",\"https:\/\/www.instagram.com\/dicodusport\/\",\"https:\/\/www.youtube.com\/channel\/UC7V2KZ5sd3htJivAbA4ZG3w\"],\"description\":\"Dicodusport est l'encyclop\u00e9die de l'actualit\u00e9 sportive.\",\"email\":\"bonjour@dicodusport.fr\",\"legalName\":\"DICODUSPORT\",\"foundingDate\":\"2018-01-14\",\"vatID\":\"FR71834470973\",\"taxID\":\"83447097300043\",\"numberOfEmployees\":{\"@type\":\"QuantitativeValue\",\"minValue\":\"1\",\"maxValue\":\"10\"}},{\"@type\":\"Person\",\"@id\":\"https:\/\/dicodusport.fr\/blog\/#\/schema\/person\/37def232098a7a5cbab3974a3690abb0\",\"name\":\"Maxime Cazenave\",\"image\":{\"@type\":\"ImageObject\",\"inLanguage\":\"fr-FR\",\"@id\":\"https:\/\/dicodusport.fr\/blog\/#\/schema\/person\/image\/\",\"url\":\"https:\/\/dicodusport.fr\/blog\/wp-content\/uploads\/2021\/05\/Maxime-Cazenave-150x150.jpg\",\"contentUrl\":\"https:\/\/dicodusport.fr\/blog\/wp-content\/uploads\/2021\/05\/Maxime-Cazenave-150x150.jpg\",\"caption\":\"Maxime Cazenave\"},\"description\":\"Journaliste\/R\u00e9dacteur depuis 2012 - Berc\u00e9 par l\u2019amour des Girondins de Bordeaux, les \u00e9checs de Christophe Moreau sur le Tour de France sous l'\u00e8re Lance Armstrong et le fade-away l\u00e9tal de Dirk Nowitzki, ma passion d\u00e9vorante pour le sport a toujours \u00e9t\u00e9 un pan incontournable de ma vie. Transmettre ma passion \u00e0 l\u2019\u00e9crit a \u00e9t\u00e9 une transition naturelle. Suiveur assidu de basket et de hockey sur glace, je garde toujours un peu de place pour suivre le cyclisme, le football et le maximum de performances fran\u00e7aises.\",\"sameAs\":[\"https:\/\/x.com\/https:\/\/twitter.com\/Maxime_Caze\"],\"url\":\"https:\/\/dicodusport.fr\/blog\/author\/maximec\/\"}]}<\/script>\n<!-- \/ Yoast SEO Premium plugin. -->","yoast_head_json":{"title":"Boxe : Ma\u00efva Hamadouche tire sa r\u00e9v\u00e9rence","description":"BOXE\u00a0- Ma\u00efva Hamadouche a annonc\u00e9 ce mardi la fin de sa carri\u00e8re en raison d'une blessure r\u00e9currente \u00e0 un oeil.","robots":{"index":"index","follow":"follow","max-snippet":"max-snippet:-1","max-image-preview":"max-image-preview:large","max-video-preview":"max-video-preview:-1"},"canonical":"https:\/\/dicodusport.fr\/blog\/boxe-maiva-hamadouche-tire-sa-reverence\/","og_locale":"fr_FR","og_type":"article","og_title":"Boxe : Ma\u00efva Hamadouche tire sa r\u00e9v\u00e9rence","og_description":"BOXE\u00a0- Ma\u00efva Hamadouche a annonc\u00e9 ce mardi la fin de sa carri\u00e8re en raison d'une blessure r\u00e9currente \u00e0 un oeil.","og_url":"https:\/\/dicodusport.fr\/blog\/boxe-maiva-hamadouche-tire-sa-reverence\/","og_site_name":"Dicodusport","article_publisher":"https:\/\/www.facebook.com\/dicodusport","article_published_time":"2023-05-09T18:42:12+00:00","og_image":[{"width":800,"height":445,"url":"https:\/\/dicodusport.fr\/blog\/wp-content\/uploads\/2021\/09\/Boxe-Poids-super-plumes-Maiva-Hamadouche-affrontera-Mikaela-Mayer-le-5-novembre-a-Las-Vegas.png","type":"image\/png"}],"author":"Maxime Cazenave","twitter_card":"summary_large_image","twitter_title":"Boxe : Ma\u00efva Hamadouche tire sa r\u00e9v\u00e9rence","twitter_creator":"@https:\/\/twitter.com\/Maxime_Caze","twitter_site":"@dicodusport","schema":{"@context":"https:\/\/schema.org","@graph":[{"@type":"NewsArticle","@id":"https:\/\/dicodusport.fr\/blog\/boxe-maiva-hamadouche-tire-sa-reverence\/#article","isPartOf":{"@id":"https:\/\/dicodusport.fr\/blog\/boxe-maiva-hamadouche-tire-sa-reverence\/"},"author":{"name":"Maxime Cazenave","@id":"https:\/\/dicodusport.fr\/blog\/#\/schema\/person\/37def232098a7a5cbab3974a3690abb0"},"headline":"Boxe : Ma\u00efva Hamadouche tire sa r\u00e9v\u00e9rence","datePublished":"2023-05-09T18:42:12+00:00","mainEntityOfPage":{"@id":"https:\/\/dicodusport.fr\/blog\/boxe-maiva-hamadouche-tire-sa-reverence\/"},"wordCount":242,"commentCount":0,"publisher":{"@id":"https:\/\/dicodusport.fr\/blog\/#organization"},"image":{"@id":"https:\/\/dicodusport.fr\/blog\/boxe-maiva-hamadouche-tire-sa-reverence\/#primaryimage"},"thumbnailUrl":"https:\/\/dicodusport.fr\/blog\/wp-content\/uploads\/2021\/09\/Boxe-Poids-super-plumes-Maiva-Hamadouche-affrontera-Mikaela-Mayer-le-5-novembre-a-Las-Vegas.png","keywords":["boxe","br\u00e8ve","Ma\u00efva Hamadouche","retraite"],"articleSection":["Boxe"],"inLanguage":"fr-FR","potentialAction":[{"@type":"CommentAction","name":"Comment","target":["https:\/\/dicodusport.fr\/blog\/boxe-maiva-hamadouche-tire-sa-reverence\/#respond"]}],"copyrightYear":"2023","copyrightHolder":{"@id":"https:\/\/dicodusport.fr\/blog\/#organization"}},{"@type":"WebPage","@id":"https:\/\/dicodusport.fr\/blog\/boxe-maiva-hamadouche-tire-sa-reverence\/","url":"https:\/\/dicodusport.fr\/blog\/boxe-maiva-hamadouche-tire-sa-reverence\/","name":"Boxe : Ma\u00efva Hamadouche tire sa r\u00e9v\u00e9rence","isPartOf":{"@id":"https:\/\/dicodusport.fr\/blog\/#website"},"primaryImageOfPage":{"@id":"https:\/\/dicodusport.fr\/blog\/boxe-maiva-hamadouche-tire-sa-reverence\/#primaryimage"},"image":{"@id":"https:\/\/dicodusport.fr\/blog\/boxe-maiva-hamadouche-tire-sa-reverence\/#primaryimage"},"thumbnailUrl":"https:\/\/dicodusport.fr\/blog\/wp-content\/uploads\/2021\/09\/Boxe-Poids-super-plumes-Maiva-Hamadouche-affrontera-Mikaela-Mayer-le-5-novembre-a-Las-Vegas.png","datePublished":"2023-05-09T18:42:12+00:00","description":"BOXE\u00a0- Ma\u00efva Hamadouche a annonc\u00e9 ce mardi la fin de sa carri\u00e8re en raison d'une blessure r\u00e9currente \u00e0 un oeil.","breadcrumb":{"@id":"https:\/\/dicodusport.fr\/blog\/boxe-maiva-hamadouche-tire-sa-reverence\/#breadcrumb"},"inLanguage":"fr-FR","potentialAction":[{"@type":"ReadAction","target":["https:\/\/dicodusport.fr\/blog\/boxe-maiva-hamadouche-tire-sa-reverence\/"]}]},{"@type":"ImageObject","inLanguage":"fr-FR","@id":"https:\/\/dicodusport.fr\/blog\/boxe-maiva-hamadouche-tire-sa-reverence\/#primaryimage","url":"https:\/\/dicodusport.fr\/blog\/wp-content\/uploads\/2021\/09\/Boxe-Poids-super-plumes-Maiva-Hamadouche-affrontera-Mikaela-Mayer-le-5-novembre-a-Las-Vegas.png","contentUrl":"https:\/\/dicodusport.fr\/blog\/wp-content\/uploads\/2021\/09\/Boxe-Poids-super-plumes-Maiva-Hamadouche-affrontera-Mikaela-Mayer-le-5-novembre-a-Las-Vegas.png","width":800,"height":445,"caption":"Boxe Poids super-plumes : Ma\u00efva Hamadouche affrontera Mikaela Mayer le 5 novembre \u00e0 Las Vegas"},{"@type":"BreadcrumbList","@id":"https:\/\/dicodusport.fr\/blog\/boxe-maiva-hamadouche-tire-sa-reverence\/#breadcrumb","itemListElement":[{"@type":"ListItem","position":1,"name":"Accueil","item":"https:\/\/dicodusport.fr\/blog\/"},{"@type":"ListItem","position":2,"name":"Boxe : Ma\u00efva Hamadouche tire sa r\u00e9v\u00e9rence"}]},{"@type":"WebSite","@id":"https:\/\/dicodusport.fr\/blog\/#website","url":"https:\/\/dicodusport.fr\/blog\/","name":"Dicodusport","description":"L&#039;encyclop\u00e9die de l&#039;actualit\u00e9 sportive","publisher":{"@id":"https:\/\/dicodusport.fr\/blog\/#organization"},"potentialAction":[{"@type":"SearchAction","target":{"@type":"EntryPoint","urlTemplate":"https:\/\/dicodusport.fr\/blog\/?s={search_term_string}"},"query-input":{"@type":"PropertyValueSpecification","valueRequired":true,"valueName":"search_term_string"}}],"inLanguage":"fr-FR"},{"@type":"NewsMediaOrganization","@id":"https:\/\/dicodusport.fr\/blog\/#organization","name":"Dicodusport","url":"https:\/\/dicodusport.fr\/blog\/","logo":{"@type":"ImageObject","inLanguage":"fr-FR","@id":"https:\/\/dicodusport.fr\/blog\/#\/schema\/logo\/image\/","url":"https:\/\/dicodusport.fr\/blog\/wp-content\/uploads\/2020\/06\/cropped-LOGO-DICODUSPORT-2020-SANS-FOND-SANS-TEXTE.png","contentUrl":"https:\/\/dicodusport.fr\/blog\/wp-content\/uploads\/2020\/06\/cropped-LOGO-DICODUSPORT-2020-SANS-FOND-SANS-TEXTE.png","width":512,"height":512,"caption":"Dicodusport"},"image":{"@id":"https:\/\/dicodusport.fr\/blog\/#\/schema\/logo\/image\/"},"sameAs":["https:\/\/www.facebook.com\/dicodusport","https:\/\/x.com\/dicodusport","https:\/\/www.instagram.com\/dicodusport\/","https:\/\/www.youtube.com\/channel\/UC7V2KZ5sd3htJivAbA4ZG3w"],"description":"Dicodusport est l'encyclop\u00e9die de l'actualit\u00e9 sportive.","email":"bonjour@dicodusport.fr","legalName":"DICODUSPORT","foundingDate":"2018-01-14","vatID":"FR71834470973","taxID":"83447097300043","numberOfEmployees":{"@type":"QuantitativeValue","minValue":"1","maxValue":"10"}},{"@type":"Person","@id":"https:\/\/dicodusport.fr\/blog\/#\/schema\/person\/37def232098a7a5cbab3974a3690abb0","name":"Maxime Cazenave","image":{"@type":"ImageObject","inLanguage":"fr-FR","@id":"https:\/\/dicodusport.fr\/blog\/#\/schema\/person\/image\/","url":"https:\/\/dicodusport.fr\/blog\/wp-content\/uploads\/2021\/05\/Maxime-Cazenave-150x150.jpg","contentUrl":"https:\/\/dicodusport.fr\/blog\/wp-content\/uploads\/2021\/05\/Maxime-Cazenave-150x150.jpg","caption":"Maxime Cazenave"},"description":"Journaliste\/R\u00e9dacteur depuis 2012 - Berc\u00e9 par l\u2019amour des Girondins de Bordeaux, les \u00e9checs de Christophe Moreau sur le Tour de France sous l'\u00e8re Lance Armstrong et le fade-away l\u00e9tal de Dirk Nowitzki, ma passion d\u00e9vorante pour le sport a toujours \u00e9t\u00e9 un pan incontournable de ma vie. Transmettre ma passion \u00e0 l\u2019\u00e9crit a \u00e9t\u00e9 une transition naturelle. Suiveur assidu de basket et de hockey sur glace, je garde toujours un peu de place pour suivre le cyclisme, le football et le maximum de performances fran\u00e7aises.","sameAs":["https:\/\/x.com\/https:\/\/twitter.com\/Maxime_Caze"],"url":"https:\/\/dicodusport.fr\/blog\/author\/maximec\/"}]}},"_links":{"self":[{"href":"https:\/\/dicodusport.fr\/blog\/wp-json\/wp\/v2\/posts\/380719","targetHints":{"allow":["GET"]}}],"collection":[{"href":"https:\/\/dicodusport.fr\/blog\/wp-json\/wp\/v2\/posts"}],"about":[{"href":"https:\/\/dicodusport.fr\/blog\/wp-json\/wp\/v2\/types\/post"}],"author":[{"embeddable":true,"href":"https:\/\/dicodusport.fr\/blog\/wp-json\/wp\/v2\/users\/55"}],"replies":[{"embeddable":true,"href":"https:\/\/dicodusport.fr\/blog\/wp-json\/wp\/v2\/comments?post=380719"}],"version-history":[{"count":0,"href":"https:\/\/dicodusport.fr\/blog\/wp-json\/wp\/v2\/posts\/380719\/revisions"}],"wp:featuredmedia":[{"embeddable":true,"href":"https:\/\/dicodusport.fr\/blog\/wp-json\/wp\/v2\/media\/167963"}],"wp:attachment":[{"href":"https:\/\/dicodusport.fr\/blog\/wp-json\/wp\/v2\/media?parent=380719"}],"wp:term":[{"taxonomy":"category","embeddable":true,"href":"https:\/\/dicodusport.fr\/blog\/wp-json\/wp\/v2\/categories?post=380719"},{"taxonomy":"post_tag","embeddable":true,"href":"https:\/\/dicodusport.fr\/blog\/wp-json\/wp\/v2\/tags?post=380719"}],"curies":[{"name":"wp","href":"https:\/\/api.w.org\/{rel}","templated":true}]}}