{"id":380773,"date":"2023-05-10T08:25:28","date_gmt":"2023-05-10T06:25:28","guid":{"rendered":"https:\/\/dicodusport.fr\/blog\/?p=380773&#038;preview=true&#038;preview_id=380773"},"modified":"2023-05-10T09:17:27","modified_gmt":"2023-05-10T07:17:27","slug":"betclic-elite-j33-pau-orthez-et-fos-sur-mer-condamnes-a-la-pro-b","status":"publish","type":"post","link":"https:\/\/dicodusport.fr\/blog\/betclic-elite-j33-pau-orthez-et-fos-sur-mer-condamnes-a-la-pro-b\/","title":{"rendered":"Betclic \u00c9lite (J33) : Pau-Orthez et Fos-sur-Mer condamn\u00e9s \u00e0 la Pro B"},"content":{"rendered":"<p style=\"text-align: justify;\" align=\"justify\"><a href=\"https:\/\/dicodusport.fr\/blog\/actualites\/basket-ball\/betclic-elite-2022-2023\/\"><i><b>BETCLIC \u00c9LITE 2022-2023 <\/b><\/i><\/a><i><b>\u2013 La lutte pour le maintien a pris fin ce mardi soir. Vainqueur de Fos-sur-Mer, Nancy a sauv\u00e9 d\u00e9finitivement sa peau tout en condamnant son adversaire du soir. D\u00e9fait \u00e0 Strasbourg, Pau-Orthez conna\u00eet le m\u00eame triste sort. En haut de tableau, la d\u00e9faite de Gravelines-Dunkerque laisse encore le dernier spot pour les playoffs disponible.<\/b><\/i><\/p>\n<h2 style=\"text-align: justify;\" align=\"justify\">Fos-sur-Mer et Pau-Orthez rel\u00e9gu\u00e9s<\/h2>\n<p style=\"text-align: justify;\" align=\"justify\">Apr\u00e8s avoir maintenu un infime espoir ces derniers jours gr\u00e2ce \u00e0 la victoire d\u00e9croch\u00e9e \u00e0 Cholet, <strong>Fos-sur-Mer<\/strong> a vu son destin \u00eatre scell\u00e9 en Lorraine. Sur le parquet du <strong>SLUC<\/strong>, les Byers ont pay\u00e9 une entame de match rat\u00e9e. Les Nanc\u00e9iens ont eux pu compter sur le scoring important de <strong>Frank Mason<\/strong> (23 points), et la positivit\u00e9 entra\u00een\u00e9e par le succ\u00e8s pr\u00e9cieux acquis \u00e0 Pau-Orthez. Larges vainqueurs (79-65), ils s\u00e9curisent donc d\u00e9finitivement leur maintien.<\/p>\n<p align=\"justify\">De leur c\u00f4t\u00e9, les B\u00e9arnais ont une nouvelle fois pris l&rsquo;eau, cette fois-ci au Rh\u00e9nus (70-90). Un +12 conc\u00e9d\u00e9 d\u00e8s le premier quart a \u00e9t\u00e9 r\u00e9dhibitoire face \u00e0 un <strong>Marcus Keene<\/strong> fid\u00e8le \u00e0 lui-m\u00eame (21 points), et au joli double-double de <strong>L\u00e9o Cavali\u00e8re<\/strong> (16 points, 10 rebonds). Les Strasbourgeois peuvent toujours r\u00e9ellement croire \u00e0 une qualification inesp\u00e9r\u00e9e en playoffs. De son c\u00f4t\u00e9, l&rsquo;<strong>\u00c9lan B\u00e9arnais<\/strong> chute de nouveau en Pro B, neuf ans apr\u00e8s s&rsquo;en \u00eatre extirp\u00e9.<\/p>\n<blockquote class=\"twitter-tweet\">\n<p dir=\"ltr\" lang=\"fr\">\ud83d\ude14 | Nos Palois s\u2019inclinent \u00e0 Strasbourg\u2026<\/p>\n<p>Rdv pour le dernier match de la saison au Palais, le mardi 16 mai \ud83c\udd9a Cholet <a href=\"https:\/\/twitter.com\/hashtag\/ELANation?src=hash&amp;ref_src=twsrc%5Etfw\">#ELANation<\/a> <a href=\"https:\/\/twitter.com\/hashtag\/BetclicELITE?src=hash&amp;ref_src=twsrc%5Etfw\">#BetclicELITE<\/a> <a href=\"https:\/\/twitter.com\/hashtag\/EntrezDansLaLegende?src=hash&amp;ref_src=twsrc%5Etfw\">#EntrezDansLaLegende<\/a> <a href=\"https:\/\/t.co\/iyalwAM2Or\">pic.twitter.com\/iyalwAM2Or<\/a><\/p>\n<p>\u2014 EBPLO (@EBPLO) <a href=\"https:\/\/twitter.com\/EBPLO\/status\/1656027569567719429?ref_src=twsrc%5Etfw\">May 9, 2023<\/a><\/p><\/blockquote>\n<p><script async src=\"https:\/\/platform.twitter.com\/widgets.js\" charset=\"utf-8\"><\/script><\/p>\n<h2 style=\"text-align: justify;\" align=\"justify\">Le BCM sous pression, Le Mans et Cholet en playoffs<\/h2>\n<p align=\"justify\">D\u00e9j\u00e0 battu par les Mets ce week-end, le <strong>BCM<\/strong> encha\u00eenait avec un deuxi\u00e8me d\u00e9placement d\u00e9licat de rang sur le parquet de <strong>Dijon<\/strong>. En pleine confiance, la JDA a encha\u00een\u00e9 un quatri\u00e8me succ\u00e8s d&rsquo;affil\u00e9e (95-85) dans le sillage de <strong>David Holston<\/strong> (28 points, 7\/8 \u00e0 trois points), en mode sniper. Lamin\u00e9s dans le deuxi\u00e8me quart (19-34), les Gravelinois n&rsquo;ont jamais pu ensuite concr\u00e8tement inqui\u00e9ter la marche en avant des locaux. Ainsi, Strasbourg dispose d\u00e9sormais du m\u00eame bilan suite aux r\u00e9sultats de la soir\u00e9e (16v-17D), et laisse la 8e place aux Maritimes en raison de la diff\u00e9rence particuli\u00e8re. En sachant que Paris peut \u00e9galement recoller pour cr\u00e9er une \u00e9galit\u00e9 \u00e0 trois d\u00e8s demain (face \u00e0 la JLB), le suspense est encore total pour le dernier spot qualificatif en quarts de finale.<\/p>\n<p align=\"justify\">En revanche, deux \u00e9quipes b\u00e9n\u00e9ficient de ces r\u00e9sultats pour assurer une place au sein du Top 8 : <strong>Le Mans<\/strong> et<strong> Cholet<\/strong>. Les premiers n&rsquo;\u00e9taient pas concern\u00e9s par les matchs de la soir\u00e9e tandis que les seconds ont eux connu une nouvelle soir\u00e9e d\u00e9licate. Face \u00e0 un <strong>Portel<\/strong> sans pression, les Choletais se sont inclin\u00e9s (77-85), la faute notamment aux 38 points cumul\u00e9s par <strong>Nadir Hifi<\/strong> et <strong>Ryan Mikesell<\/strong>. En perdition depuis plusieurs semaines, le CB glisse d&rsquo;un rang au classement, et se retrouve d\u00e9sormais 7e.<\/p>\n<p align=\"justify\">Dans les autres matchs de la soir\u00e9e, pas de surprises \u00e0 signaler. Les \u00e9quipes impliqu\u00e9es en haut de classement ont toutes fait le boulot \u00e0 l&rsquo;instar de Dijon. L&rsquo;<strong>ASVEL<\/strong> en a fait de m\u00eame en passant plus de 100 points \u00e0 une \u00e9quipe de <strong>Blois<\/strong> rel\u00e2ch\u00e9e suite \u00e0 l&rsquo;obtention de son maintien (102-77). De leur c\u00f4t\u00e9, les <strong>Metropolitans<\/strong> ont gagn\u00e9 \u00e0 <strong>Nanterre<\/strong> (82-72). Pour l&rsquo;un de ses derniers matchs avant la Draft NBA, <strong>Victor Wembanyama<\/strong> a \u00e9t\u00e9 fid\u00e8le \u00e0 lui-m\u00eame en signant le carton de la soir\u00e9e : 25 points et 17 rebonds. Une belle fa\u00e7on pour lui d&rsquo;effectuer un dernier au revoir au <strong>Palais des Sports Maurice Thoriez<\/strong>, l\u00e0 o\u00f9 il a effectu\u00e9 sa formation \u00e0 l&rsquo;adolescence, ainsi que des d\u00e9buts professionnels \u00e0 16 ans.<\/p>\n<blockquote class=\"twitter-tweet\">\n<p dir=\"ltr\" lang=\"fr\">\ud83d\ude4c 25 PTS, 17 RBDS, 4 BLOCKS ET 32 D&rsquo;\u00c9VAL !<\/p>\n<p>Retour r\u00e9ussi pour Victor Wembanyama \u00e0 Nanterre \ud83d\udc51<a href=\"https:\/\/twitter.com\/hashtag\/BetclicELITE?src=hash&amp;ref_src=twsrc%5Etfw\">#BetclicELITE<\/a> <a href=\"https:\/\/twitter.com\/hashtag\/LNBextra?src=hash&amp;ref_src=twsrc%5Etfw\">#LNBextra<\/a> <a href=\"https:\/\/twitter.com\/Metropolitans92?ref_src=twsrc%5Etfw\">@Metropolitans92<\/a> <a href=\"https:\/\/t.co\/uvWmBxKjU3\">pic.twitter.com\/uvWmBxKjU3<\/a><\/p>\n<p>\u2014 LNB (@LNBofficiel) <a href=\"https:\/\/twitter.com\/LNBofficiel\/status\/1656035276941316096?ref_src=twsrc%5Etfw\">May 9, 2023<\/a><\/p><\/blockquote>\n<p><script async src=\"https:\/\/platform.twitter.com\/widgets.js\" charset=\"utf-8\"><\/script><\/p>\n<h3 style=\"text-align: justify;\" align=\"justify\">R\u00e9capitulatif 33e journ\u00e9e :<\/h3>\n<p style=\"text-align: justify;\" align=\"justify\">ASVEL &#8211; ADA Blois : 102-77<\/p>\n<p style=\"text-align: justify;\" align=\"justify\">Nanterre 92 &#8211; Metropolitans 92 : 72-82<\/p>\n<p style=\"text-align: justify;\" align=\"justify\">JDA Dijon &#8211; Gravelines-Dunkerque : 95-85<\/p>\n<p style=\"text-align: justify;\" align=\"justify\">Cholet Basket &#8211; Le Portel : 77-85<\/p>\n<p style=\"text-align: justify;\" align=\"justify\">Strasbourg &#8211; \u00c9lan B\u00e9arnais : 90-70<\/p>\n<p style=\"text-align: justify;\" align=\"justify\">SLUC Nancy &#8211; Fos-sur-Mer : 79-65<\/p>\n<p style=\"text-align: justify;\" align=\"justify\"><span style=\"text-decoration: underline;\"><em>A venir<\/em><\/span> :<\/p>\n<p style=\"text-align: justify;\" align=\"justify\"><em>Mercredi 10 mai :<\/em> CSP Limoges &#8211; Roanne (20h) \/ Paris BasketBall &#8211; Bourg-en-Bresse (20h30)<\/p>\n<p style=\"text-align: justify;\" align=\"justify\"><em>Vendredi 12 mai :<\/em> AS Monaco &#8211; Le Mans (20h)<\/p>\n","protected":false},"excerpt":{"rendered":"<p>BETCLIC \u00c9LITE 2022-2023 \u2013 La lutte pour le maintien a pris fin ce mardi soir. Vainqueur de Fos-sur-Mer, Nancy a sauv\u00e9 d\u00e9finitivement sa peau tout en condamnant son adversaire du soir. D\u00e9fait \u00e0 Strasbourg, Pau-Orthez conna\u00eet le m\u00eame triste sort. En haut de tableau, la d\u00e9faite de Gravelines-Dunkerque laisse encore le dernier spot pour les playoffs disponible.<\/p>\n","protected":false},"author":55,"featured_media":380774,"comment_status":"open","ping_status":"closed","sticky":false,"template":"","format":"standard","meta":{"_acf_changed":false,"_daextam_enable_autolinks":"","footnotes":""},"categories":[46998],"tags":[16321,17909,16878,17110,19221,27354,1619],"class_list":["post-380773","post","type-post","status-publish","format-standard","has-post-thumbnail","hentry","category-betclic-elite","tag-bcm","tag-betclic-elite","tag-breve","tag-elan-bearnais","tag-fos-sur-mer","tag-sluc","tag-strasbourg"],"acf":[],"yoast_head":"<!-- This site is optimized with the Yoast SEO Premium plugin v26.7 (Yoast SEO v26.7) - https:\/\/yoast.com\/wordpress\/plugins\/seo\/ -->\n<title>Betclic \u00c9lite (J33) : Pau-Orthez et Fos-sur-Mer condamn\u00e9s \u00e0 la Pro B<\/title>\n<meta name=\"description\" content=\"BETCLIC \u00c9LITE (J33) - Tous deux battus, l&#039;\u00c9lan B\u00e9arnais et Fos-sur-Mer sont officiellement rel\u00e9gu\u00e9s en Pro B.\" \/>\n<meta name=\"robots\" content=\"index, follow, max-snippet:-1, max-image-preview:large, max-video-preview:-1\" \/>\n<link rel=\"canonical\" href=\"https:\/\/dicodusport.fr\/blog\/betclic-elite-j33-pau-orthez-et-fos-sur-mer-condamnes-a-la-pro-b\/\" \/>\n<meta property=\"og:locale\" content=\"fr_FR\" \/>\n<meta property=\"og:type\" content=\"article\" \/>\n<meta property=\"og:title\" content=\"Betclic \u00c9lite (J33) : Pau-Orthez et Fos-sur-Mer condamn\u00e9s \u00e0 la Pro B\" \/>\n<meta property=\"og:description\" content=\"BETCLIC \u00c9LITE (J33) - Tous deux battus, l&#039;\u00c9lan B\u00e9arnais et Fos-sur-Mer sont officiellement rel\u00e9gu\u00e9s en Pro B.\" \/>\n<meta property=\"og:url\" content=\"https:\/\/dicodusport.fr\/blog\/betclic-elite-j33-pau-orthez-et-fos-sur-mer-condamnes-a-la-pro-b\/\" \/>\n<meta property=\"og:site_name\" content=\"Dicodusport\" \/>\n<meta property=\"article:publisher\" content=\"https:\/\/www.facebook.com\/dicodusport\" \/>\n<meta property=\"article:published_time\" content=\"2023-05-10T06:25:28+00:00\" \/>\n<meta property=\"article:modified_time\" content=\"2023-05-10T07:17:27+00:00\" \/>\n<meta property=\"og:image\" content=\"https:\/\/dicodusport.fr\/blog\/wp-content\/uploads\/2023\/05\/Betclic-Elite-J33-Pau-Orthez-et-Fos-sur-Mer-condamnes-a-la-Pro-B.png\" \/>\n\t<meta property=\"og:image:width\" content=\"800\" \/>\n\t<meta property=\"og:image:height\" content=\"445\" \/>\n\t<meta property=\"og:image:type\" content=\"image\/png\" \/>\n<meta name=\"author\" content=\"Maxime Cazenave\" \/>\n<meta name=\"twitter:card\" content=\"summary_large_image\" \/>\n<meta name=\"twitter:title\" content=\"Betclic \u00c9lite (J33) : Pau-Orthez et Fos-sur-Mer condamn\u00e9s \u00e0 la Pro B\" \/>\n<meta name=\"twitter:creator\" content=\"@https:\/\/twitter.com\/Maxime_Caze\" \/>\n<meta name=\"twitter:site\" content=\"@dicodusport\" \/>\n<script type=\"application\/ld+json\" class=\"yoast-schema-graph\">{\"@context\":\"https:\/\/schema.org\",\"@graph\":[{\"@type\":\"NewsArticle\",\"@id\":\"https:\/\/dicodusport.fr\/blog\/betclic-elite-j33-pau-orthez-et-fos-sur-mer-condamnes-a-la-pro-b\/#article\",\"isPartOf\":{\"@id\":\"https:\/\/dicodusport.fr\/blog\/betclic-elite-j33-pau-orthez-et-fos-sur-mer-condamnes-a-la-pro-b\/\"},\"author\":{\"name\":\"Maxime Cazenave\",\"@id\":\"https:\/\/dicodusport.fr\/blog\/#\/schema\/person\/37def232098a7a5cbab3974a3690abb0\"},\"headline\":\"Betclic \u00c9lite (J33) : Pau-Orthez et Fos-sur-Mer condamn\u00e9s \u00e0 la Pro B\",\"datePublished\":\"2023-05-10T06:25:28+00:00\",\"dateModified\":\"2023-05-10T07:17:27+00:00\",\"mainEntityOfPage\":{\"@id\":\"https:\/\/dicodusport.fr\/blog\/betclic-elite-j33-pau-orthez-et-fos-sur-mer-condamnes-a-la-pro-b\/\"},\"wordCount\":740,\"commentCount\":0,\"publisher\":{\"@id\":\"https:\/\/dicodusport.fr\/blog\/#organization\"},\"image\":{\"@id\":\"https:\/\/dicodusport.fr\/blog\/betclic-elite-j33-pau-orthez-et-fos-sur-mer-condamnes-a-la-pro-b\/#primaryimage\"},\"thumbnailUrl\":\"https:\/\/dicodusport.fr\/blog\/wp-content\/uploads\/2023\/05\/Betclic-Elite-J33-Pau-Orthez-et-Fos-sur-Mer-condamnes-a-la-Pro-B.png\",\"keywords\":[\"BCM\",\"Betclic Elite\",\"br\u00e8ve\",\"Elan B\u00e9arnais\",\"Fos-sur-Mer\",\"SLUC\",\"Strasbourg\"],\"articleSection\":[\"Betclic \u00c9lite\"],\"inLanguage\":\"fr-FR\",\"potentialAction\":[{\"@type\":\"CommentAction\",\"name\":\"Comment\",\"target\":[\"https:\/\/dicodusport.fr\/blog\/betclic-elite-j33-pau-orthez-et-fos-sur-mer-condamnes-a-la-pro-b\/#respond\"]}],\"copyrightYear\":\"2023\",\"copyrightHolder\":{\"@id\":\"https:\/\/dicodusport.fr\/blog\/#organization\"}},{\"@type\":\"WebPage\",\"@id\":\"https:\/\/dicodusport.fr\/blog\/betclic-elite-j33-pau-orthez-et-fos-sur-mer-condamnes-a-la-pro-b\/\",\"url\":\"https:\/\/dicodusport.fr\/blog\/betclic-elite-j33-pau-orthez-et-fos-sur-mer-condamnes-a-la-pro-b\/\",\"name\":\"Betclic \u00c9lite (J33) : Pau-Orthez et Fos-sur-Mer condamn\u00e9s \u00e0 la Pro B\",\"isPartOf\":{\"@id\":\"https:\/\/dicodusport.fr\/blog\/#website\"},\"primaryImageOfPage\":{\"@id\":\"https:\/\/dicodusport.fr\/blog\/betclic-elite-j33-pau-orthez-et-fos-sur-mer-condamnes-a-la-pro-b\/#primaryimage\"},\"image\":{\"@id\":\"https:\/\/dicodusport.fr\/blog\/betclic-elite-j33-pau-orthez-et-fos-sur-mer-condamnes-a-la-pro-b\/#primaryimage\"},\"thumbnailUrl\":\"https:\/\/dicodusport.fr\/blog\/wp-content\/uploads\/2023\/05\/Betclic-Elite-J33-Pau-Orthez-et-Fos-sur-Mer-condamnes-a-la-Pro-B.png\",\"datePublished\":\"2023-05-10T06:25:28+00:00\",\"dateModified\":\"2023-05-10T07:17:27+00:00\",\"description\":\"BETCLIC \u00c9LITE (J33) - Tous deux battus, l'\u00c9lan B\u00e9arnais et Fos-sur-Mer sont officiellement rel\u00e9gu\u00e9s en Pro B.\",\"breadcrumb\":{\"@id\":\"https:\/\/dicodusport.fr\/blog\/betclic-elite-j33-pau-orthez-et-fos-sur-mer-condamnes-a-la-pro-b\/#breadcrumb\"},\"inLanguage\":\"fr-FR\",\"potentialAction\":[{\"@type\":\"ReadAction\",\"target\":[\"https:\/\/dicodusport.fr\/blog\/betclic-elite-j33-pau-orthez-et-fos-sur-mer-condamnes-a-la-pro-b\/\"]}]},{\"@type\":\"ImageObject\",\"inLanguage\":\"fr-FR\",\"@id\":\"https:\/\/dicodusport.fr\/blog\/betclic-elite-j33-pau-orthez-et-fos-sur-mer-condamnes-a-la-pro-b\/#primaryimage\",\"url\":\"https:\/\/dicodusport.fr\/blog\/wp-content\/uploads\/2023\/05\/Betclic-Elite-J33-Pau-Orthez-et-Fos-sur-Mer-condamnes-a-la-Pro-B.png\",\"contentUrl\":\"https:\/\/dicodusport.fr\/blog\/wp-content\/uploads\/2023\/05\/Betclic-Elite-J33-Pau-Orthez-et-Fos-sur-Mer-condamnes-a-la-Pro-B.png\",\"width\":800,\"height\":445,\"caption\":\"Betclic \u00c9lite (J33) Pau-Orthez et Fos-sur-Mer condamn\u00e9s \u00e0 la Pro B\"},{\"@type\":\"BreadcrumbList\",\"@id\":\"https:\/\/dicodusport.fr\/blog\/betclic-elite-j33-pau-orthez-et-fos-sur-mer-condamnes-a-la-pro-b\/#breadcrumb\",\"itemListElement\":[{\"@type\":\"ListItem\",\"position\":1,\"name\":\"Accueil\",\"item\":\"https:\/\/dicodusport.fr\/blog\/\"},{\"@type\":\"ListItem\",\"position\":2,\"name\":\"Betclic \u00c9lite (J33) : Pau-Orthez et Fos-sur-Mer condamn\u00e9s \u00e0 la Pro B\"}]},{\"@type\":\"WebSite\",\"@id\":\"https:\/\/dicodusport.fr\/blog\/#website\",\"url\":\"https:\/\/dicodusport.fr\/blog\/\",\"name\":\"Dicodusport\",\"description\":\"L&#039;encyclop\u00e9die de l&#039;actualit\u00e9 sportive\",\"publisher\":{\"@id\":\"https:\/\/dicodusport.fr\/blog\/#organization\"},\"potentialAction\":[{\"@type\":\"SearchAction\",\"target\":{\"@type\":\"EntryPoint\",\"urlTemplate\":\"https:\/\/dicodusport.fr\/blog\/?s={search_term_string}\"},\"query-input\":{\"@type\":\"PropertyValueSpecification\",\"valueRequired\":true,\"valueName\":\"search_term_string\"}}],\"inLanguage\":\"fr-FR\"},{\"@type\":\"NewsMediaOrganization\",\"@id\":\"https:\/\/dicodusport.fr\/blog\/#organization\",\"name\":\"Dicodusport\",\"url\":\"https:\/\/dicodusport.fr\/blog\/\",\"logo\":{\"@type\":\"ImageObject\",\"inLanguage\":\"fr-FR\",\"@id\":\"https:\/\/dicodusport.fr\/blog\/#\/schema\/logo\/image\/\",\"url\":\"https:\/\/dicodusport.fr\/blog\/wp-content\/uploads\/2020\/06\/cropped-LOGO-DICODUSPORT-2020-SANS-FOND-SANS-TEXTE.png\",\"contentUrl\":\"https:\/\/dicodusport.fr\/blog\/wp-content\/uploads\/2020\/06\/cropped-LOGO-DICODUSPORT-2020-SANS-FOND-SANS-TEXTE.png\",\"width\":512,\"height\":512,\"caption\":\"Dicodusport\"},\"image\":{\"@id\":\"https:\/\/dicodusport.fr\/blog\/#\/schema\/logo\/image\/\"},\"sameAs\":[\"https:\/\/www.facebook.com\/dicodusport\",\"https:\/\/x.com\/dicodusport\",\"https:\/\/www.instagram.com\/dicodusport\/\",\"https:\/\/www.youtube.com\/channel\/UC7V2KZ5sd3htJivAbA4ZG3w\"],\"description\":\"Dicodusport est l'encyclop\u00e9die de l'actualit\u00e9 sportive.\",\"email\":\"bonjour@dicodusport.fr\",\"legalName\":\"DICODUSPORT\",\"foundingDate\":\"2018-01-14\",\"vatID\":\"FR71834470973\",\"taxID\":\"83447097300043\",\"numberOfEmployees\":{\"@type\":\"QuantitativeValue\",\"minValue\":\"1\",\"maxValue\":\"10\"}},{\"@type\":\"Person\",\"@id\":\"https:\/\/dicodusport.fr\/blog\/#\/schema\/person\/37def232098a7a5cbab3974a3690abb0\",\"name\":\"Maxime Cazenave\",\"image\":{\"@type\":\"ImageObject\",\"inLanguage\":\"fr-FR\",\"@id\":\"https:\/\/dicodusport.fr\/blog\/#\/schema\/person\/image\/\",\"url\":\"https:\/\/dicodusport.fr\/blog\/wp-content\/uploads\/2021\/05\/Maxime-Cazenave-150x150.jpg\",\"contentUrl\":\"https:\/\/dicodusport.fr\/blog\/wp-content\/uploads\/2021\/05\/Maxime-Cazenave-150x150.jpg\",\"caption\":\"Maxime Cazenave\"},\"description\":\"Journaliste\/R\u00e9dacteur depuis 2012 - Berc\u00e9 par l\u2019amour des Girondins de Bordeaux, les \u00e9checs de Christophe Moreau sur le Tour de France sous l'\u00e8re Lance Armstrong et le fade-away l\u00e9tal de Dirk Nowitzki, ma passion d\u00e9vorante pour le sport a toujours \u00e9t\u00e9 un pan incontournable de ma vie. Transmettre ma passion \u00e0 l\u2019\u00e9crit a \u00e9t\u00e9 une transition naturelle. Suiveur assidu de basket et de hockey sur glace, je garde toujours un peu de place pour suivre le cyclisme, le football et le maximum de performances fran\u00e7aises.\",\"sameAs\":[\"https:\/\/x.com\/https:\/\/twitter.com\/Maxime_Caze\"],\"url\":\"https:\/\/dicodusport.fr\/blog\/author\/maximec\/\"}]}<\/script>\n<!-- \/ Yoast SEO Premium plugin. -->","yoast_head_json":{"title":"Betclic \u00c9lite (J33) : Pau-Orthez et Fos-sur-Mer condamn\u00e9s \u00e0 la Pro B","description":"BETCLIC \u00c9LITE (J33) - Tous deux battus, l'\u00c9lan B\u00e9arnais et Fos-sur-Mer sont officiellement rel\u00e9gu\u00e9s en Pro B.","robots":{"index":"index","follow":"follow","max-snippet":"max-snippet:-1","max-image-preview":"max-image-preview:large","max-video-preview":"max-video-preview:-1"},"canonical":"https:\/\/dicodusport.fr\/blog\/betclic-elite-j33-pau-orthez-et-fos-sur-mer-condamnes-a-la-pro-b\/","og_locale":"fr_FR","og_type":"article","og_title":"Betclic \u00c9lite (J33) : Pau-Orthez et Fos-sur-Mer condamn\u00e9s \u00e0 la Pro B","og_description":"BETCLIC \u00c9LITE (J33) - Tous deux battus, l'\u00c9lan B\u00e9arnais et Fos-sur-Mer sont officiellement rel\u00e9gu\u00e9s en Pro B.","og_url":"https:\/\/dicodusport.fr\/blog\/betclic-elite-j33-pau-orthez-et-fos-sur-mer-condamnes-a-la-pro-b\/","og_site_name":"Dicodusport","article_publisher":"https:\/\/www.facebook.com\/dicodusport","article_published_time":"2023-05-10T06:25:28+00:00","article_modified_time":"2023-05-10T07:17:27+00:00","og_image":[{"width":800,"height":445,"url":"https:\/\/dicodusport.fr\/blog\/wp-content\/uploads\/2023\/05\/Betclic-Elite-J33-Pau-Orthez-et-Fos-sur-Mer-condamnes-a-la-Pro-B.png","type":"image\/png"}],"author":"Maxime Cazenave","twitter_card":"summary_large_image","twitter_title":"Betclic \u00c9lite (J33) : Pau-Orthez et Fos-sur-Mer condamn\u00e9s \u00e0 la Pro B","twitter_creator":"@https:\/\/twitter.com\/Maxime_Caze","twitter_site":"@dicodusport","schema":{"@context":"https:\/\/schema.org","@graph":[{"@type":"NewsArticle","@id":"https:\/\/dicodusport.fr\/blog\/betclic-elite-j33-pau-orthez-et-fos-sur-mer-condamnes-a-la-pro-b\/#article","isPartOf":{"@id":"https:\/\/dicodusport.fr\/blog\/betclic-elite-j33-pau-orthez-et-fos-sur-mer-condamnes-a-la-pro-b\/"},"author":{"name":"Maxime Cazenave","@id":"https:\/\/dicodusport.fr\/blog\/#\/schema\/person\/37def232098a7a5cbab3974a3690abb0"},"headline":"Betclic \u00c9lite (J33) : Pau-Orthez et Fos-sur-Mer condamn\u00e9s \u00e0 la Pro B","datePublished":"2023-05-10T06:25:28+00:00","dateModified":"2023-05-10T07:17:27+00:00","mainEntityOfPage":{"@id":"https:\/\/dicodusport.fr\/blog\/betclic-elite-j33-pau-orthez-et-fos-sur-mer-condamnes-a-la-pro-b\/"},"wordCount":740,"commentCount":0,"publisher":{"@id":"https:\/\/dicodusport.fr\/blog\/#organization"},"image":{"@id":"https:\/\/dicodusport.fr\/blog\/betclic-elite-j33-pau-orthez-et-fos-sur-mer-condamnes-a-la-pro-b\/#primaryimage"},"thumbnailUrl":"https:\/\/dicodusport.fr\/blog\/wp-content\/uploads\/2023\/05\/Betclic-Elite-J33-Pau-Orthez-et-Fos-sur-Mer-condamnes-a-la-Pro-B.png","keywords":["BCM","Betclic Elite","br\u00e8ve","Elan B\u00e9arnais","Fos-sur-Mer","SLUC","Strasbourg"],"articleSection":["Betclic \u00c9lite"],"inLanguage":"fr-FR","potentialAction":[{"@type":"CommentAction","name":"Comment","target":["https:\/\/dicodusport.fr\/blog\/betclic-elite-j33-pau-orthez-et-fos-sur-mer-condamnes-a-la-pro-b\/#respond"]}],"copyrightYear":"2023","copyrightHolder":{"@id":"https:\/\/dicodusport.fr\/blog\/#organization"}},{"@type":"WebPage","@id":"https:\/\/dicodusport.fr\/blog\/betclic-elite-j33-pau-orthez-et-fos-sur-mer-condamnes-a-la-pro-b\/","url":"https:\/\/dicodusport.fr\/blog\/betclic-elite-j33-pau-orthez-et-fos-sur-mer-condamnes-a-la-pro-b\/","name":"Betclic \u00c9lite (J33) : Pau-Orthez et Fos-sur-Mer condamn\u00e9s \u00e0 la Pro B","isPartOf":{"@id":"https:\/\/dicodusport.fr\/blog\/#website"},"primaryImageOfPage":{"@id":"https:\/\/dicodusport.fr\/blog\/betclic-elite-j33-pau-orthez-et-fos-sur-mer-condamnes-a-la-pro-b\/#primaryimage"},"image":{"@id":"https:\/\/dicodusport.fr\/blog\/betclic-elite-j33-pau-orthez-et-fos-sur-mer-condamnes-a-la-pro-b\/#primaryimage"},"thumbnailUrl":"https:\/\/dicodusport.fr\/blog\/wp-content\/uploads\/2023\/05\/Betclic-Elite-J33-Pau-Orthez-et-Fos-sur-Mer-condamnes-a-la-Pro-B.png","datePublished":"2023-05-10T06:25:28+00:00","dateModified":"2023-05-10T07:17:27+00:00","description":"BETCLIC \u00c9LITE (J33) - Tous deux battus, l'\u00c9lan B\u00e9arnais et Fos-sur-Mer sont officiellement rel\u00e9gu\u00e9s en Pro B.","breadcrumb":{"@id":"https:\/\/dicodusport.fr\/blog\/betclic-elite-j33-pau-orthez-et-fos-sur-mer-condamnes-a-la-pro-b\/#breadcrumb"},"inLanguage":"fr-FR","potentialAction":[{"@type":"ReadAction","target":["https:\/\/dicodusport.fr\/blog\/betclic-elite-j33-pau-orthez-et-fos-sur-mer-condamnes-a-la-pro-b\/"]}]},{"@type":"ImageObject","inLanguage":"fr-FR","@id":"https:\/\/dicodusport.fr\/blog\/betclic-elite-j33-pau-orthez-et-fos-sur-mer-condamnes-a-la-pro-b\/#primaryimage","url":"https:\/\/dicodusport.fr\/blog\/wp-content\/uploads\/2023\/05\/Betclic-Elite-J33-Pau-Orthez-et-Fos-sur-Mer-condamnes-a-la-Pro-B.png","contentUrl":"https:\/\/dicodusport.fr\/blog\/wp-content\/uploads\/2023\/05\/Betclic-Elite-J33-Pau-Orthez-et-Fos-sur-Mer-condamnes-a-la-Pro-B.png","width":800,"height":445,"caption":"Betclic \u00c9lite (J33) Pau-Orthez et Fos-sur-Mer condamn\u00e9s \u00e0 la Pro B"},{"@type":"BreadcrumbList","@id":"https:\/\/dicodusport.fr\/blog\/betclic-elite-j33-pau-orthez-et-fos-sur-mer-condamnes-a-la-pro-b\/#breadcrumb","itemListElement":[{"@type":"ListItem","position":1,"name":"Accueil","item":"https:\/\/dicodusport.fr\/blog\/"},{"@type":"ListItem","position":2,"name":"Betclic \u00c9lite (J33) : Pau-Orthez et Fos-sur-Mer condamn\u00e9s \u00e0 la Pro B"}]},{"@type":"WebSite","@id":"https:\/\/dicodusport.fr\/blog\/#website","url":"https:\/\/dicodusport.fr\/blog\/","name":"Dicodusport","description":"L&#039;encyclop\u00e9die de l&#039;actualit\u00e9 sportive","publisher":{"@id":"https:\/\/dicodusport.fr\/blog\/#organization"},"potentialAction":[{"@type":"SearchAction","target":{"@type":"EntryPoint","urlTemplate":"https:\/\/dicodusport.fr\/blog\/?s={search_term_string}"},"query-input":{"@type":"PropertyValueSpecification","valueRequired":true,"valueName":"search_term_string"}}],"inLanguage":"fr-FR"},{"@type":"NewsMediaOrganization","@id":"https:\/\/dicodusport.fr\/blog\/#organization","name":"Dicodusport","url":"https:\/\/dicodusport.fr\/blog\/","logo":{"@type":"ImageObject","inLanguage":"fr-FR","@id":"https:\/\/dicodusport.fr\/blog\/#\/schema\/logo\/image\/","url":"https:\/\/dicodusport.fr\/blog\/wp-content\/uploads\/2020\/06\/cropped-LOGO-DICODUSPORT-2020-SANS-FOND-SANS-TEXTE.png","contentUrl":"https:\/\/dicodusport.fr\/blog\/wp-content\/uploads\/2020\/06\/cropped-LOGO-DICODUSPORT-2020-SANS-FOND-SANS-TEXTE.png","width":512,"height":512,"caption":"Dicodusport"},"image":{"@id":"https:\/\/dicodusport.fr\/blog\/#\/schema\/logo\/image\/"},"sameAs":["https:\/\/www.facebook.com\/dicodusport","https:\/\/x.com\/dicodusport","https:\/\/www.instagram.com\/dicodusport\/","https:\/\/www.youtube.com\/channel\/UC7V2KZ5sd3htJivAbA4ZG3w"],"description":"Dicodusport est l'encyclop\u00e9die de l'actualit\u00e9 sportive.","email":"bonjour@dicodusport.fr","legalName":"DICODUSPORT","foundingDate":"2018-01-14","vatID":"FR71834470973","taxID":"83447097300043","numberOfEmployees":{"@type":"QuantitativeValue","minValue":"1","maxValue":"10"}},{"@type":"Person","@id":"https:\/\/dicodusport.fr\/blog\/#\/schema\/person\/37def232098a7a5cbab3974a3690abb0","name":"Maxime Cazenave","image":{"@type":"ImageObject","inLanguage":"fr-FR","@id":"https:\/\/dicodusport.fr\/blog\/#\/schema\/person\/image\/","url":"https:\/\/dicodusport.fr\/blog\/wp-content\/uploads\/2021\/05\/Maxime-Cazenave-150x150.jpg","contentUrl":"https:\/\/dicodusport.fr\/blog\/wp-content\/uploads\/2021\/05\/Maxime-Cazenave-150x150.jpg","caption":"Maxime Cazenave"},"description":"Journaliste\/R\u00e9dacteur depuis 2012 - Berc\u00e9 par l\u2019amour des Girondins de Bordeaux, les \u00e9checs de Christophe Moreau sur le Tour de France sous l'\u00e8re Lance Armstrong et le fade-away l\u00e9tal de Dirk Nowitzki, ma passion d\u00e9vorante pour le sport a toujours \u00e9t\u00e9 un pan incontournable de ma vie. Transmettre ma passion \u00e0 l\u2019\u00e9crit a \u00e9t\u00e9 une transition naturelle. Suiveur assidu de basket et de hockey sur glace, je garde toujours un peu de place pour suivre le cyclisme, le football et le maximum de performances fran\u00e7aises.","sameAs":["https:\/\/x.com\/https:\/\/twitter.com\/Maxime_Caze"],"url":"https:\/\/dicodusport.fr\/blog\/author\/maximec\/"}]}},"_links":{"self":[{"href":"https:\/\/dicodusport.fr\/blog\/wp-json\/wp\/v2\/posts\/380773","targetHints":{"allow":["GET"]}}],"collection":[{"href":"https:\/\/dicodusport.fr\/blog\/wp-json\/wp\/v2\/posts"}],"about":[{"href":"https:\/\/dicodusport.fr\/blog\/wp-json\/wp\/v2\/types\/post"}],"author":[{"embeddable":true,"href":"https:\/\/dicodusport.fr\/blog\/wp-json\/wp\/v2\/users\/55"}],"replies":[{"embeddable":true,"href":"https:\/\/dicodusport.fr\/blog\/wp-json\/wp\/v2\/comments?post=380773"}],"version-history":[{"count":0,"href":"https:\/\/dicodusport.fr\/blog\/wp-json\/wp\/v2\/posts\/380773\/revisions"}],"wp:featuredmedia":[{"embeddable":true,"href":"https:\/\/dicodusport.fr\/blog\/wp-json\/wp\/v2\/media\/380774"}],"wp:attachment":[{"href":"https:\/\/dicodusport.fr\/blog\/wp-json\/wp\/v2\/media?parent=380773"}],"wp:term":[{"taxonomy":"category","embeddable":true,"href":"https:\/\/dicodusport.fr\/blog\/wp-json\/wp\/v2\/categories?post=380773"},{"taxonomy":"post_tag","embeddable":true,"href":"https:\/\/dicodusport.fr\/blog\/wp-json\/wp\/v2\/tags?post=380773"}],"curies":[{"name":"wp","href":"https:\/\/api.w.org\/{rel}","templated":true}]}}