{"id":380806,"date":"2023-05-10T09:51:30","date_gmt":"2023-05-10T07:51:30","guid":{"rendered":"https:\/\/dicodusport.fr\/blog\/?p=380806&#038;preview=true&#038;preview_id=380806"},"modified":"2023-05-10T11:06:09","modified_gmt":"2023-05-10T09:06:09","slug":"roland-garros-2023-benoit-paire-crie-au-scandale-apres-lattribution-des-wildcards","status":"publish","type":"post","link":"https:\/\/dicodusport.fr\/blog\/roland-garros-2023-benoit-paire-crie-au-scandale-apres-lattribution-des-wildcards\/","title":{"rendered":"Roland-Garros 2023 : Beno\u00eet Paire crie au scandale apr\u00e8s l&rsquo;attribution des wildcards"},"content":{"rendered":"<p style=\"text-align: justify;\" align=\"justify\"><em><strong>ROLAND-GARROS 2023 &#8211; Les premi\u00e8res wildcards distribu\u00e9es par la FFT ont \u00e9t\u00e9 annonc\u00e9es hier, mais elles portent le flanc \u00e0 la pol\u00e9mique, puisque la r\u00e8gle d&rsquo;attribution a chang\u00e9 en cours de route, l\u00e9sant au passage Beno\u00eet Paire.<\/strong><\/em><\/p>\n<p style=\"text-align: justify;\" align=\"justify\">Point r\u00e8glement d&rsquo;abord : l&rsquo;attribution des wildcards est soumise \u00e0 la d\u00e9cision de la <strong>F\u00e9d\u00e9ration Fran\u00e7aise de Tennis<\/strong>. Depuis l&rsquo;an dernier, elle en a mis deux en balance pour chaque tableau <a href=\"https:\/\/www.fft.fr\/sites\/default\/files\/2023-01\/De%CC%81stination%20RG%2023%20-%20V2%20Re%CC%80glement%281%29_compressed.pdf\">selon des crit\u00e8res pr\u00e9cis<\/a> : la Race fran\u00e7aise et la Race internationale. La premi\u00e8re est un classement interne selon une liste de tournois du circuit ITF donn\u00e9e \u00e0 l&rsquo;avance, et r\u00e9serv\u00e9e au joueur et \u00e0 la joueuse qui amasseront le plus de points sur ces \u00e9v\u00e8nements.<\/p>\n<p style=\"text-align: justify;\" align=\"justify\">Pour la Race internationale, c&rsquo;est autre chose. C&rsquo;est un classement r\u00e9gi par l&rsquo;ATP et la WTA qui porte uniquement sur la saison en cours et sur les points gagn\u00e9s durant celle-ci. Le principe \u00e9tant que le Fran\u00e7ais et la Fran\u00e7aise les mieux class\u00e9s dans ce <em>ranking<\/em> et qui n&rsquo;ont pas un classement suffisant pour int\u00e9grer directement le grand tableau en b\u00e9n\u00e9ficie. Assez simple, donc.<\/p>\n<blockquote class=\"twitter-tweet\">\n<p dir=\"ltr\" lang=\"fr\">*Le classement initialement pr\u00e9vu pour l&rsquo;attribution des wild cards de la Race internationale \u00e9tait celui du 15 mai, mais il a finalement \u00e9t\u00e9 avanc\u00e9 au 8 mai puisque le tournoi de Rome ne s&rsquo;ach\u00e8vera que le 21 mai.<\/p>\n<p>\u2014 FFT (@FFTennis) <a href=\"https:\/\/twitter.com\/FFTennis\/status\/1655994655798853634?ref_src=twsrc%5Etfw\">May 9, 2023<\/a><\/p><\/blockquote>\n<p style=\"text-align: justify;\"><script async src=\"https:\/\/platform.twitter.com\/widgets.js\" charset=\"utf-8\"><\/script><\/p>\n<p style=\"text-align: justify;\">L\u00e0 o\u00f9 le b\u00e2t blesse, c&rsquo;est que la<strong> FFT<\/strong> a annonc\u00e9 en publiant le r\u00e8glement que la comp\u00e9tition pour ces <em>wildcards<\/em> durerait jusqu&rsquo;au 15 mai. Or, elles ont \u00e9t\u00e9 annonc\u00e9es le 9. La raison invoqu\u00e9e est que le Masters 1000 de Rome, qui a d\u00e9but\u00e9 lundi, se prolongera jusqu&rsquo;au 21 mai. Mais cela n&rsquo;a rien \u00e0 voir avec le classement de la Race, qui est mis \u00e0 jour en temps r\u00e9el, contrairement au classement ATP\/WTA.<\/p>\n<h2 style=\"text-align: justify;\">Beno\u00eet Paire grand perdant<\/h2>\n<p style=\"text-align: justify;\">Ainsi, les joueurs et joueuses, connaissant la r\u00e8gle du jeu au d\u00e9part, organisent leur planning en fonction pour avoir une chance de d\u00e9crocher le pr\u00e9cieux s\u00e9same. Mais en avan\u00e7ant l&rsquo;annonce, la FFT change les r\u00e8gles du jeu. Cependant, puisqu&rsquo;elle dirige le jeu, elle en a le droit, comme pr\u00e9cis\u00e9 dans le dit r\u00e8glement : <em>\u00ab<\/em> <strong>La FFT se r\u00e9serve le droit de modifier et\/ou ajuster le r\u00e8glement ci-dessus en fonction de l\u2019\u00e9volution des tournois fran\u00e7ais et circuits WTA, ATP et ITF World Tennis Tour F\u00e9minin \u00bb.\u00a0<\/strong><\/p>\n<p style=\"text-align: justify;\">Principale victime : <strong>Beno\u00eet Paire<\/strong>. Le Tricolore n&rsquo;avait que 27 points de retard \u00e0 la Race sur <strong>Hugo Gaston<\/strong>, b\u00e9n\u00e9ficiaire de cette <em>wilcard<\/em>. Or, les deux joueurs sont engag\u00e9s en Challenger cette semaine, et le classement aurait pu en \u00eatre boulevers\u00e9. Paire n&rsquo;a pas cach\u00e9 sa frustration dans les colonnes de <em>L&rsquo;\u00c9quipe<\/em>.<\/p>\n<blockquote>\n<p style=\"text-align: justify;\">Le r\u00e8glement dit que c&rsquo;est le 15\u00a0mai. On ne peut pas revenir en arri\u00e8re. J&rsquo;esp\u00e8re que c&rsquo;est une erreur de la part de la FFT et qu&rsquo;ils vont la rectifier. Je ne dis pas que je vais gagner le tournoi, mais tant que ce n&rsquo;est pas officiel, je ne comprends pas pourquoi ils annoncent \u00e7a alors qu&rsquo;il y a encore cette semaine pour gagner des points. Le 15\u00a0mai, c&rsquo;est le 15\u00a0mai. La Race, c&rsquo;est du live qui change tout le temps.<\/p>\n<\/blockquote>\n<p style=\"text-align: justify;\">Difficile de lui donner tort. L&rsquo;ATP le pr\u00e9cise clairement sur son site internet. Le classement ATP est actualis\u00e9 chaque dimanche soir apr\u00e8s la fin des tournois en cours. La Race est actualis\u00e9e apr\u00e8s chaque fin de match. En live donc. Ce qui aurait pu donner la possibilit\u00e9 \u00e0 <strong>Beno\u00eet Paire<\/strong> de pr\u00e9tendre au s\u00e9same. Une d\u00e9cision qui pr\u00eate \u00e0 confusion, et l&rsquo;on attend les \u00e9claircissements de la FFT \u00e0 ce sujet. Surtout <strong>Beno\u00eet Paire,<\/strong> qui a conclu son entretien \u00e0 nos confr\u00e8res par un laconique <em>\u00ab Je ne comprends pas trop le syst\u00e8me \u00bb<\/em>. Nous non plus, Beno\u00eet.<\/p>\n","protected":false},"excerpt":{"rendered":"<p>ROLAND-GARROS 2023 &#8211; Les premi\u00e8res wildcards distribu\u00e9es par la FFT ont \u00e9t\u00e9 annonc\u00e9es hier, mais elles portent le flanc \u00e0 la pol\u00e9mique, puisque la r\u00e8gle d&rsquo;attribution a chang\u00e9 en cours de route, l\u00e9sant au passage Beno\u00eet Paire.<\/p>\n","protected":false},"author":59,"featured_media":380824,"comment_status":"open","ping_status":"closed","sticky":false,"template":"","format":"standard","meta":{"_acf_changed":false,"_daextam_enable_autolinks":"","footnotes":""},"categories":[47090],"tags":[5942,16878,7819,24],"class_list":["post-380806","post","type-post","status-publish","format-standard","has-post-thumbnail","hentry","category-roland-garros","tag-benoit-paire","tag-breve","tag-fft","tag-sport"],"acf":[],"yoast_head":"<!-- This site is optimized with the Yoast SEO Premium plugin v26.7 (Yoast SEO v26.7) - https:\/\/yoast.com\/wordpress\/plugins\/seo\/ -->\n<title>Roland-Garros 2023 : Beno\u00eet Paire crie au scandale apr\u00e8s l&#039;attribution des wildcards<\/title>\n<meta name=\"description\" content=\"ROLAND-GARROS 2023 - Les premi\u00e8res wildcards distribu\u00e9es par la FFT ont \u00e9t\u00e9 annonc\u00e9es hier, mais elles portent le flanc \u00e0 la pol\u00e9mique\" \/>\n<meta name=\"robots\" content=\"index, follow, max-snippet:-1, max-image-preview:large, max-video-preview:-1\" \/>\n<link rel=\"canonical\" href=\"https:\/\/dicodusport.fr\/blog\/roland-garros-2023-benoit-paire-crie-au-scandale-apres-lattribution-des-wildcards\/\" \/>\n<meta property=\"og:locale\" content=\"fr_FR\" \/>\n<meta property=\"og:type\" content=\"article\" \/>\n<meta property=\"og:title\" content=\"Roland-Garros 2023 : Beno\u00eet Paire crie au scandale apr\u00e8s l&#039;attribution des wildcards\" \/>\n<meta property=\"og:description\" content=\"ROLAND-GARROS 2023 - Les premi\u00e8res wildcards distribu\u00e9es par la FFT ont \u00e9t\u00e9 annonc\u00e9es hier, mais elles portent le flanc \u00e0 la pol\u00e9mique\" \/>\n<meta property=\"og:url\" content=\"https:\/\/dicodusport.fr\/blog\/roland-garros-2023-benoit-paire-crie-au-scandale-apres-lattribution-des-wildcards\/\" \/>\n<meta property=\"og:site_name\" content=\"Dicodusport\" \/>\n<meta property=\"article:publisher\" content=\"https:\/\/www.facebook.com\/dicodusport\" \/>\n<meta property=\"article:author\" content=\"https:\/\/www.facebook.com\/sebastien.gente\/\" \/>\n<meta property=\"article:published_time\" content=\"2023-05-10T07:51:30+00:00\" \/>\n<meta property=\"article:modified_time\" content=\"2023-05-10T09:06:09+00:00\" \/>\n<meta property=\"og:image\" content=\"https:\/\/dicodusport.fr\/blog\/wp-content\/uploads\/2023\/05\/Roland-Garros-2023-Benoit-Paire-crie-au-scandale-apres-lattribution-des-wildcards.png\" \/>\n\t<meta property=\"og:image:width\" content=\"800\" \/>\n\t<meta property=\"og:image:height\" content=\"445\" \/>\n\t<meta property=\"og:image:type\" content=\"image\/png\" \/>\n<meta name=\"author\" content=\"S\u00e9bastien Gente\" \/>\n<meta name=\"twitter:card\" content=\"summary_large_image\" \/>\n<meta name=\"twitter:title\" content=\"Roland-Garros 2023 : Beno\u00eet Paire crie au scandale apr\u00e8s l&#039;attribution des wildcards\" \/>\n<meta name=\"twitter:creator\" content=\"@https:\/\/twitter.com\/globulo24\" \/>\n<meta name=\"twitter:site\" content=\"@dicodusport\" \/>\n<script type=\"application\/ld+json\" class=\"yoast-schema-graph\">{\"@context\":\"https:\/\/schema.org\",\"@graph\":[{\"@type\":\"NewsArticle\",\"@id\":\"https:\/\/dicodusport.fr\/blog\/roland-garros-2023-benoit-paire-crie-au-scandale-apres-lattribution-des-wildcards\/#article\",\"isPartOf\":{\"@id\":\"https:\/\/dicodusport.fr\/blog\/roland-garros-2023-benoit-paire-crie-au-scandale-apres-lattribution-des-wildcards\/\"},\"author\":{\"name\":\"S\u00e9bastien Gente\",\"@id\":\"https:\/\/dicodusport.fr\/blog\/#\/schema\/person\/627966a6cde45dbd8c5e36ac85d783da\"},\"headline\":\"Roland-Garros 2023 : Beno\u00eet Paire crie au scandale apr\u00e8s l&rsquo;attribution des wildcards\",\"datePublished\":\"2023-05-10T07:51:30+00:00\",\"dateModified\":\"2023-05-10T09:06:09+00:00\",\"mainEntityOfPage\":{\"@id\":\"https:\/\/dicodusport.fr\/blog\/roland-garros-2023-benoit-paire-crie-au-scandale-apres-lattribution-des-wildcards\/\"},\"wordCount\":704,\"commentCount\":1,\"publisher\":{\"@id\":\"https:\/\/dicodusport.fr\/blog\/#organization\"},\"image\":{\"@id\":\"https:\/\/dicodusport.fr\/blog\/roland-garros-2023-benoit-paire-crie-au-scandale-apres-lattribution-des-wildcards\/#primaryimage\"},\"thumbnailUrl\":\"https:\/\/dicodusport.fr\/blog\/wp-content\/uploads\/2023\/05\/Roland-Garros-2023-Benoit-Paire-crie-au-scandale-apres-lattribution-des-wildcards.png\",\"keywords\":[\"Beno\u00eet Paire\",\"br\u00e8ve\",\"FFT\",\"sport\"],\"articleSection\":[\"Roland-Garros\"],\"inLanguage\":\"fr-FR\",\"potentialAction\":[{\"@type\":\"CommentAction\",\"name\":\"Comment\",\"target\":[\"https:\/\/dicodusport.fr\/blog\/roland-garros-2023-benoit-paire-crie-au-scandale-apres-lattribution-des-wildcards\/#respond\"]}],\"copyrightYear\":\"2023\",\"copyrightHolder\":{\"@id\":\"https:\/\/dicodusport.fr\/blog\/#organization\"}},{\"@type\":\"WebPage\",\"@id\":\"https:\/\/dicodusport.fr\/blog\/roland-garros-2023-benoit-paire-crie-au-scandale-apres-lattribution-des-wildcards\/\",\"url\":\"https:\/\/dicodusport.fr\/blog\/roland-garros-2023-benoit-paire-crie-au-scandale-apres-lattribution-des-wildcards\/\",\"name\":\"Roland-Garros 2023 : Beno\u00eet Paire crie au scandale apr\u00e8s l'attribution des wildcards\",\"isPartOf\":{\"@id\":\"https:\/\/dicodusport.fr\/blog\/#website\"},\"primaryImageOfPage\":{\"@id\":\"https:\/\/dicodusport.fr\/blog\/roland-garros-2023-benoit-paire-crie-au-scandale-apres-lattribution-des-wildcards\/#primaryimage\"},\"image\":{\"@id\":\"https:\/\/dicodusport.fr\/blog\/roland-garros-2023-benoit-paire-crie-au-scandale-apres-lattribution-des-wildcards\/#primaryimage\"},\"thumbnailUrl\":\"https:\/\/dicodusport.fr\/blog\/wp-content\/uploads\/2023\/05\/Roland-Garros-2023-Benoit-Paire-crie-au-scandale-apres-lattribution-des-wildcards.png\",\"datePublished\":\"2023-05-10T07:51:30+00:00\",\"dateModified\":\"2023-05-10T09:06:09+00:00\",\"description\":\"ROLAND-GARROS 2023 - Les premi\u00e8res wildcards distribu\u00e9es par la FFT ont \u00e9t\u00e9 annonc\u00e9es hier, mais elles portent le flanc \u00e0 la pol\u00e9mique\",\"breadcrumb\":{\"@id\":\"https:\/\/dicodusport.fr\/blog\/roland-garros-2023-benoit-paire-crie-au-scandale-apres-lattribution-des-wildcards\/#breadcrumb\"},\"inLanguage\":\"fr-FR\",\"potentialAction\":[{\"@type\":\"ReadAction\",\"target\":[\"https:\/\/dicodusport.fr\/blog\/roland-garros-2023-benoit-paire-crie-au-scandale-apres-lattribution-des-wildcards\/\"]}]},{\"@type\":\"ImageObject\",\"inLanguage\":\"fr-FR\",\"@id\":\"https:\/\/dicodusport.fr\/blog\/roland-garros-2023-benoit-paire-crie-au-scandale-apres-lattribution-des-wildcards\/#primaryimage\",\"url\":\"https:\/\/dicodusport.fr\/blog\/wp-content\/uploads\/2023\/05\/Roland-Garros-2023-Benoit-Paire-crie-au-scandale-apres-lattribution-des-wildcards.png\",\"contentUrl\":\"https:\/\/dicodusport.fr\/blog\/wp-content\/uploads\/2023\/05\/Roland-Garros-2023-Benoit-Paire-crie-au-scandale-apres-lattribution-des-wildcards.png\",\"width\":800,\"height\":445,\"caption\":\"Roland-Garros 2023 Beno\u00eet Paire crie au scandale apr\u00e8s l'attribution des wildcards\"},{\"@type\":\"BreadcrumbList\",\"@id\":\"https:\/\/dicodusport.fr\/blog\/roland-garros-2023-benoit-paire-crie-au-scandale-apres-lattribution-des-wildcards\/#breadcrumb\",\"itemListElement\":[{\"@type\":\"ListItem\",\"position\":1,\"name\":\"Accueil\",\"item\":\"https:\/\/dicodusport.fr\/blog\/\"},{\"@type\":\"ListItem\",\"position\":2,\"name\":\"Roland-Garros 2023 : Beno\u00eet Paire crie au scandale apr\u00e8s l&rsquo;attribution des wildcards\"}]},{\"@type\":\"WebSite\",\"@id\":\"https:\/\/dicodusport.fr\/blog\/#website\",\"url\":\"https:\/\/dicodusport.fr\/blog\/\",\"name\":\"Dicodusport\",\"description\":\"L&#039;encyclop\u00e9die de l&#039;actualit\u00e9 sportive\",\"publisher\":{\"@id\":\"https:\/\/dicodusport.fr\/blog\/#organization\"},\"potentialAction\":[{\"@type\":\"SearchAction\",\"target\":{\"@type\":\"EntryPoint\",\"urlTemplate\":\"https:\/\/dicodusport.fr\/blog\/?s={search_term_string}\"},\"query-input\":{\"@type\":\"PropertyValueSpecification\",\"valueRequired\":true,\"valueName\":\"search_term_string\"}}],\"inLanguage\":\"fr-FR\"},{\"@type\":\"NewsMediaOrganization\",\"@id\":\"https:\/\/dicodusport.fr\/blog\/#organization\",\"name\":\"Dicodusport\",\"url\":\"https:\/\/dicodusport.fr\/blog\/\",\"logo\":{\"@type\":\"ImageObject\",\"inLanguage\":\"fr-FR\",\"@id\":\"https:\/\/dicodusport.fr\/blog\/#\/schema\/logo\/image\/\",\"url\":\"https:\/\/dicodusport.fr\/blog\/wp-content\/uploads\/2020\/06\/cropped-LOGO-DICODUSPORT-2020-SANS-FOND-SANS-TEXTE.png\",\"contentUrl\":\"https:\/\/dicodusport.fr\/blog\/wp-content\/uploads\/2020\/06\/cropped-LOGO-DICODUSPORT-2020-SANS-FOND-SANS-TEXTE.png\",\"width\":512,\"height\":512,\"caption\":\"Dicodusport\"},\"image\":{\"@id\":\"https:\/\/dicodusport.fr\/blog\/#\/schema\/logo\/image\/\"},\"sameAs\":[\"https:\/\/www.facebook.com\/dicodusport\",\"https:\/\/x.com\/dicodusport\",\"https:\/\/www.instagram.com\/dicodusport\/\",\"https:\/\/www.youtube.com\/channel\/UC7V2KZ5sd3htJivAbA4ZG3w\"],\"description\":\"Dicodusport est l'encyclop\u00e9die de l'actualit\u00e9 sportive.\",\"email\":\"bonjour@dicodusport.fr\",\"legalName\":\"DICODUSPORT\",\"foundingDate\":\"2018-01-14\",\"vatID\":\"FR71834470973\",\"taxID\":\"83447097300043\",\"numberOfEmployees\":{\"@type\":\"QuantitativeValue\",\"minValue\":\"1\",\"maxValue\":\"10\"}},{\"@type\":\"Person\",\"@id\":\"https:\/\/dicodusport.fr\/blog\/#\/schema\/person\/627966a6cde45dbd8c5e36ac85d783da\",\"name\":\"S\u00e9bastien Gente\",\"image\":{\"@type\":\"ImageObject\",\"inLanguage\":\"fr-FR\",\"@id\":\"https:\/\/dicodusport.fr\/blog\/#\/schema\/person\/image\/\",\"url\":\"https:\/\/dicodusport.fr\/blog\/wp-content\/uploads\/2021\/09\/1510990_10205810251400683_4124423575079401707_n-150x150.jpg\",\"contentUrl\":\"https:\/\/dicodusport.fr\/blog\/wp-content\/uploads\/2021\/09\/1510990_10205810251400683_4124423575079401707_n-150x150.jpg\",\"caption\":\"S\u00e9bastien Gente\"},\"description\":\"John Stockton, Gianni Bugno, Zinedine Zidane, Steffi Graf, Frode Andresen, St\u00e9phane Stoecklin, Davis Kamoga, Primoz Peterka, Werner Schlager et Aur\u00e9lien Rougerie. Point commun entre ces sportifs? Ils m'ont fait r\u00eaver et ont berc\u00e9 mon adolescence. Je suis un fondu de sports et j'essaie de retranscrire ma passion \u00e0 travers mes articles. Originaire du P\u00e9rigord, ma passion pour les Girondins, les Jaunards et les Jazzmen transpire dans mes \u00e9crits. \u00c0 Dicodusport depuis 2021, je d\u00e9niche les sports m\u00e9connus dans lesquels la France brille, et il y en a !\",\"sameAs\":[\"https:\/\/www.facebook.com\/sebastien.gente\/\",\"https:\/\/www.instagram.com\/sebgente\/\",\"https:\/\/www.linkedin.com\/in\/sbastien-gente-a29583169\/\",\"https:\/\/x.com\/https:\/\/twitter.com\/globulo24\",\"SebastienGente\"],\"worksFor\":\"S\u00e9bastien GENTE\",\"url\":\"https:\/\/dicodusport.fr\/blog\/author\/sebastiengente\/\"}]}<\/script>\n<!-- \/ Yoast SEO Premium plugin. -->","yoast_head_json":{"title":"Roland-Garros 2023 : Beno\u00eet Paire crie au scandale apr\u00e8s l'attribution des wildcards","description":"ROLAND-GARROS 2023 - Les premi\u00e8res wildcards distribu\u00e9es par la FFT ont \u00e9t\u00e9 annonc\u00e9es hier, mais elles portent le flanc \u00e0 la pol\u00e9mique","robots":{"index":"index","follow":"follow","max-snippet":"max-snippet:-1","max-image-preview":"max-image-preview:large","max-video-preview":"max-video-preview:-1"},"canonical":"https:\/\/dicodusport.fr\/blog\/roland-garros-2023-benoit-paire-crie-au-scandale-apres-lattribution-des-wildcards\/","og_locale":"fr_FR","og_type":"article","og_title":"Roland-Garros 2023 : Beno\u00eet Paire crie au scandale apr\u00e8s l'attribution des wildcards","og_description":"ROLAND-GARROS 2023 - Les premi\u00e8res wildcards distribu\u00e9es par la FFT ont \u00e9t\u00e9 annonc\u00e9es hier, mais elles portent le flanc \u00e0 la pol\u00e9mique","og_url":"https:\/\/dicodusport.fr\/blog\/roland-garros-2023-benoit-paire-crie-au-scandale-apres-lattribution-des-wildcards\/","og_site_name":"Dicodusport","article_publisher":"https:\/\/www.facebook.com\/dicodusport","article_author":"https:\/\/www.facebook.com\/sebastien.gente\/","article_published_time":"2023-05-10T07:51:30+00:00","article_modified_time":"2023-05-10T09:06:09+00:00","og_image":[{"width":800,"height":445,"url":"https:\/\/dicodusport.fr\/blog\/wp-content\/uploads\/2023\/05\/Roland-Garros-2023-Benoit-Paire-crie-au-scandale-apres-lattribution-des-wildcards.png","type":"image\/png"}],"author":"S\u00e9bastien Gente","twitter_card":"summary_large_image","twitter_title":"Roland-Garros 2023 : Beno\u00eet Paire crie au scandale apr\u00e8s l'attribution des wildcards","twitter_creator":"@https:\/\/twitter.com\/globulo24","twitter_site":"@dicodusport","schema":{"@context":"https:\/\/schema.org","@graph":[{"@type":"NewsArticle","@id":"https:\/\/dicodusport.fr\/blog\/roland-garros-2023-benoit-paire-crie-au-scandale-apres-lattribution-des-wildcards\/#article","isPartOf":{"@id":"https:\/\/dicodusport.fr\/blog\/roland-garros-2023-benoit-paire-crie-au-scandale-apres-lattribution-des-wildcards\/"},"author":{"name":"S\u00e9bastien Gente","@id":"https:\/\/dicodusport.fr\/blog\/#\/schema\/person\/627966a6cde45dbd8c5e36ac85d783da"},"headline":"Roland-Garros 2023 : Beno\u00eet Paire crie au scandale apr\u00e8s l&rsquo;attribution des wildcards","datePublished":"2023-05-10T07:51:30+00:00","dateModified":"2023-05-10T09:06:09+00:00","mainEntityOfPage":{"@id":"https:\/\/dicodusport.fr\/blog\/roland-garros-2023-benoit-paire-crie-au-scandale-apres-lattribution-des-wildcards\/"},"wordCount":704,"commentCount":1,"publisher":{"@id":"https:\/\/dicodusport.fr\/blog\/#organization"},"image":{"@id":"https:\/\/dicodusport.fr\/blog\/roland-garros-2023-benoit-paire-crie-au-scandale-apres-lattribution-des-wildcards\/#primaryimage"},"thumbnailUrl":"https:\/\/dicodusport.fr\/blog\/wp-content\/uploads\/2023\/05\/Roland-Garros-2023-Benoit-Paire-crie-au-scandale-apres-lattribution-des-wildcards.png","keywords":["Beno\u00eet Paire","br\u00e8ve","FFT","sport"],"articleSection":["Roland-Garros"],"inLanguage":"fr-FR","potentialAction":[{"@type":"CommentAction","name":"Comment","target":["https:\/\/dicodusport.fr\/blog\/roland-garros-2023-benoit-paire-crie-au-scandale-apres-lattribution-des-wildcards\/#respond"]}],"copyrightYear":"2023","copyrightHolder":{"@id":"https:\/\/dicodusport.fr\/blog\/#organization"}},{"@type":"WebPage","@id":"https:\/\/dicodusport.fr\/blog\/roland-garros-2023-benoit-paire-crie-au-scandale-apres-lattribution-des-wildcards\/","url":"https:\/\/dicodusport.fr\/blog\/roland-garros-2023-benoit-paire-crie-au-scandale-apres-lattribution-des-wildcards\/","name":"Roland-Garros 2023 : Beno\u00eet Paire crie au scandale apr\u00e8s l'attribution des wildcards","isPartOf":{"@id":"https:\/\/dicodusport.fr\/blog\/#website"},"primaryImageOfPage":{"@id":"https:\/\/dicodusport.fr\/blog\/roland-garros-2023-benoit-paire-crie-au-scandale-apres-lattribution-des-wildcards\/#primaryimage"},"image":{"@id":"https:\/\/dicodusport.fr\/blog\/roland-garros-2023-benoit-paire-crie-au-scandale-apres-lattribution-des-wildcards\/#primaryimage"},"thumbnailUrl":"https:\/\/dicodusport.fr\/blog\/wp-content\/uploads\/2023\/05\/Roland-Garros-2023-Benoit-Paire-crie-au-scandale-apres-lattribution-des-wildcards.png","datePublished":"2023-05-10T07:51:30+00:00","dateModified":"2023-05-10T09:06:09+00:00","description":"ROLAND-GARROS 2023 - Les premi\u00e8res wildcards distribu\u00e9es par la FFT ont \u00e9t\u00e9 annonc\u00e9es hier, mais elles portent le flanc \u00e0 la pol\u00e9mique","breadcrumb":{"@id":"https:\/\/dicodusport.fr\/blog\/roland-garros-2023-benoit-paire-crie-au-scandale-apres-lattribution-des-wildcards\/#breadcrumb"},"inLanguage":"fr-FR","potentialAction":[{"@type":"ReadAction","target":["https:\/\/dicodusport.fr\/blog\/roland-garros-2023-benoit-paire-crie-au-scandale-apres-lattribution-des-wildcards\/"]}]},{"@type":"ImageObject","inLanguage":"fr-FR","@id":"https:\/\/dicodusport.fr\/blog\/roland-garros-2023-benoit-paire-crie-au-scandale-apres-lattribution-des-wildcards\/#primaryimage","url":"https:\/\/dicodusport.fr\/blog\/wp-content\/uploads\/2023\/05\/Roland-Garros-2023-Benoit-Paire-crie-au-scandale-apres-lattribution-des-wildcards.png","contentUrl":"https:\/\/dicodusport.fr\/blog\/wp-content\/uploads\/2023\/05\/Roland-Garros-2023-Benoit-Paire-crie-au-scandale-apres-lattribution-des-wildcards.png","width":800,"height":445,"caption":"Roland-Garros 2023 Beno\u00eet Paire crie au scandale apr\u00e8s l'attribution des wildcards"},{"@type":"BreadcrumbList","@id":"https:\/\/dicodusport.fr\/blog\/roland-garros-2023-benoit-paire-crie-au-scandale-apres-lattribution-des-wildcards\/#breadcrumb","itemListElement":[{"@type":"ListItem","position":1,"name":"Accueil","item":"https:\/\/dicodusport.fr\/blog\/"},{"@type":"ListItem","position":2,"name":"Roland-Garros 2023 : Beno\u00eet Paire crie au scandale apr\u00e8s l&rsquo;attribution des wildcards"}]},{"@type":"WebSite","@id":"https:\/\/dicodusport.fr\/blog\/#website","url":"https:\/\/dicodusport.fr\/blog\/","name":"Dicodusport","description":"L&#039;encyclop\u00e9die de l&#039;actualit\u00e9 sportive","publisher":{"@id":"https:\/\/dicodusport.fr\/blog\/#organization"},"potentialAction":[{"@type":"SearchAction","target":{"@type":"EntryPoint","urlTemplate":"https:\/\/dicodusport.fr\/blog\/?s={search_term_string}"},"query-input":{"@type":"PropertyValueSpecification","valueRequired":true,"valueName":"search_term_string"}}],"inLanguage":"fr-FR"},{"@type":"NewsMediaOrganization","@id":"https:\/\/dicodusport.fr\/blog\/#organization","name":"Dicodusport","url":"https:\/\/dicodusport.fr\/blog\/","logo":{"@type":"ImageObject","inLanguage":"fr-FR","@id":"https:\/\/dicodusport.fr\/blog\/#\/schema\/logo\/image\/","url":"https:\/\/dicodusport.fr\/blog\/wp-content\/uploads\/2020\/06\/cropped-LOGO-DICODUSPORT-2020-SANS-FOND-SANS-TEXTE.png","contentUrl":"https:\/\/dicodusport.fr\/blog\/wp-content\/uploads\/2020\/06\/cropped-LOGO-DICODUSPORT-2020-SANS-FOND-SANS-TEXTE.png","width":512,"height":512,"caption":"Dicodusport"},"image":{"@id":"https:\/\/dicodusport.fr\/blog\/#\/schema\/logo\/image\/"},"sameAs":["https:\/\/www.facebook.com\/dicodusport","https:\/\/x.com\/dicodusport","https:\/\/www.instagram.com\/dicodusport\/","https:\/\/www.youtube.com\/channel\/UC7V2KZ5sd3htJivAbA4ZG3w"],"description":"Dicodusport est l'encyclop\u00e9die de l'actualit\u00e9 sportive.","email":"bonjour@dicodusport.fr","legalName":"DICODUSPORT","foundingDate":"2018-01-14","vatID":"FR71834470973","taxID":"83447097300043","numberOfEmployees":{"@type":"QuantitativeValue","minValue":"1","maxValue":"10"}},{"@type":"Person","@id":"https:\/\/dicodusport.fr\/blog\/#\/schema\/person\/627966a6cde45dbd8c5e36ac85d783da","name":"S\u00e9bastien Gente","image":{"@type":"ImageObject","inLanguage":"fr-FR","@id":"https:\/\/dicodusport.fr\/blog\/#\/schema\/person\/image\/","url":"https:\/\/dicodusport.fr\/blog\/wp-content\/uploads\/2021\/09\/1510990_10205810251400683_4124423575079401707_n-150x150.jpg","contentUrl":"https:\/\/dicodusport.fr\/blog\/wp-content\/uploads\/2021\/09\/1510990_10205810251400683_4124423575079401707_n-150x150.jpg","caption":"S\u00e9bastien Gente"},"description":"John Stockton, Gianni Bugno, Zinedine Zidane, Steffi Graf, Frode Andresen, St\u00e9phane Stoecklin, Davis Kamoga, Primoz Peterka, Werner Schlager et Aur\u00e9lien Rougerie. Point commun entre ces sportifs? Ils m'ont fait r\u00eaver et ont berc\u00e9 mon adolescence. Je suis un fondu de sports et j'essaie de retranscrire ma passion \u00e0 travers mes articles. Originaire du P\u00e9rigord, ma passion pour les Girondins, les Jaunards et les Jazzmen transpire dans mes \u00e9crits. \u00c0 Dicodusport depuis 2021, je d\u00e9niche les sports m\u00e9connus dans lesquels la France brille, et il y en a !","sameAs":["https:\/\/www.facebook.com\/sebastien.gente\/","https:\/\/www.instagram.com\/sebgente\/","https:\/\/www.linkedin.com\/in\/sbastien-gente-a29583169\/","https:\/\/x.com\/https:\/\/twitter.com\/globulo24","SebastienGente"],"worksFor":"S\u00e9bastien GENTE","url":"https:\/\/dicodusport.fr\/blog\/author\/sebastiengente\/"}]}},"_links":{"self":[{"href":"https:\/\/dicodusport.fr\/blog\/wp-json\/wp\/v2\/posts\/380806","targetHints":{"allow":["GET"]}}],"collection":[{"href":"https:\/\/dicodusport.fr\/blog\/wp-json\/wp\/v2\/posts"}],"about":[{"href":"https:\/\/dicodusport.fr\/blog\/wp-json\/wp\/v2\/types\/post"}],"author":[{"embeddable":true,"href":"https:\/\/dicodusport.fr\/blog\/wp-json\/wp\/v2\/users\/59"}],"replies":[{"embeddable":true,"href":"https:\/\/dicodusport.fr\/blog\/wp-json\/wp\/v2\/comments?post=380806"}],"version-history":[{"count":0,"href":"https:\/\/dicodusport.fr\/blog\/wp-json\/wp\/v2\/posts\/380806\/revisions"}],"wp:featuredmedia":[{"embeddable":true,"href":"https:\/\/dicodusport.fr\/blog\/wp-json\/wp\/v2\/media\/380824"}],"wp:attachment":[{"href":"https:\/\/dicodusport.fr\/blog\/wp-json\/wp\/v2\/media?parent=380806"}],"wp:term":[{"taxonomy":"category","embeddable":true,"href":"https:\/\/dicodusport.fr\/blog\/wp-json\/wp\/v2\/categories?post=380806"},{"taxonomy":"post_tag","embeddable":true,"href":"https:\/\/dicodusport.fr\/blog\/wp-json\/wp\/v2\/tags?post=380806"}],"curies":[{"name":"wp","href":"https:\/\/api.w.org\/{rel}","templated":true}]}}