{"id":381055,"date":"2023-05-10T22:19:59","date_gmt":"2023-05-10T20:19:59","guid":{"rendered":"https:\/\/dicodusport.fr\/blog\/?p=381055&#038;preview=true&#038;preview_id=381055"},"modified":"2024-03-08T09:35:13","modified_gmt":"2024-03-08T08:35:13","slug":"cedric-doumbe-rejoint-pfl-et-annonce-la-date-de-son-prochain-combat","status":"publish","type":"post","link":"https:\/\/dicodusport.fr\/blog\/cedric-doumbe-rejoint-pfl-et-annonce-la-date-de-son-prochain-combat\/","title":{"rendered":"C\u00e9dric Doumb\u00e9 rejoint PFL et annonce la date de son prochain combat"},"content":{"rendered":"<p style=\"text-align: justify;\" align=\"justify\"><em><strong>MMA &#8211; Fin du suspense pour C\u00e9dric Doumb\u00e9. Le combattant fran\u00e7ais a d\u00e9cid\u00e9 de rejoindre le PFL. Il combattra pour la premi\u00e8re fois dans cette organisation le 23 juin.\u00a0<\/strong><\/em><\/p>\n<p style=\"text-align: justify;\" align=\"justify\">Alors qu&rsquo;il pouvait notamment rejoindre l&rsquo;<strong>UFC<\/strong>, la plus c\u00e9l\u00e8bre des organisations de <strong>MMA<\/strong>, <a href=\"https:\/\/dicodusport.fr\/blog\/kamaru-usman-si-cedric-doumbe-veut-me-parler-il-sait-ou-me-trouver\/\"><strong>C\u00e9dric<\/strong> <strong>Doumb\u00e9<\/strong><\/a> a finalement choisi de rejoindre le <strong>PFL<\/strong>. Si ce n&rsquo;est pas la plus connue, c&rsquo;est une organisation qui monte aux <strong>\u00c9tats-Unis<\/strong>. Au moment de s&rsquo;engager avec le <strong>PFL<\/strong>, il s&rsquo;est expliqu\u00e9.<\/p>\n<blockquote>\n<p style=\"text-align: justify;\" align=\"justify\">Je suis un combattant unique qui rejoint une organisation unique. Je suis impatient de conna\u00eetre le succ\u00e8s au PFL.<\/p>\n<\/blockquote>\n<p style=\"text-align: justify;\" align=\"justify\"><strong>C\u00e9dric<\/strong> <strong>Doumb\u00e9<\/strong> fera son premier combat le 23 juin prochain \u00e0 <strong>Atlanta<\/strong> (USA), avant de combattre en septembre \u00e0 <strong>Paris<\/strong>. \u00c0 noter que cette organisation marche un peu diff\u00e9remment des autres, avec une saison r\u00e9guli\u00e8re et des <strong>playoffs<\/strong> pour les quatre meilleurs combattants de chaque cat\u00e9gorie. Le vainqueur final de la cat\u00e9gorie empochera la ceinture et un million de dollars.<\/p>\n<p style=\"text-align: justify;\" align=\"justify\">Chaque combat rapporte des points aux combattants vainqueurs, trois pr\u00e9cis\u00e9ment, alors que le perdant n&rsquo;en marque aucun. Il existe aussi des bonus, une victoire au premier round ajoute trois points, au deuxi\u00e8me round deux points et au troisi\u00e8me round un point. Les combats de <strong>C\u00e9dric<\/strong> <strong>Doumb\u00e9<\/strong> seront tous diffus\u00e9s sur RMC Sport.<\/p>\n<blockquote class=\"twitter-tweet\">\n<p dir=\"ltr\" lang=\"en\">\ud83d\udcc5Next fight : JUNE 23<br \/>\n\ud83d\udd30Atlanta<br \/>\n\ud83e\udd4aMMA &#8211; <a href=\"https:\/\/twitter.com\/PFLMMA?ref_src=twsrc%5Etfw\">@PFLMMA<\/a><br \/>\nI\u2019m here to take over \u26a0\ufe0f<a href=\"https:\/\/twitter.com\/hashtag\/doumbe?src=hash&amp;ref_src=twsrc%5Etfw\">#doumbe<\/a> <a href=\"https:\/\/twitter.com\/hashtag\/TheBest?src=hash&amp;ref_src=twsrc%5Etfw\">#TheBest<\/a> <a href=\"https:\/\/twitter.com\/hashtag\/KO1?src=hash&amp;ref_src=twsrc%5Etfw\">#KO1<\/a> <a href=\"https:\/\/t.co\/rnwwZ5b37S\">pic.twitter.com\/rnwwZ5b37S<\/a><\/p>\n<p>\u2014 C\u00e9dric Doumb\u00e8 (@CedricDoumbe) <a href=\"https:\/\/twitter.com\/CedricDoumbe\/status\/1656333838165868545?ref_src=twsrc%5Etfw\">May 10, 2023<\/a><\/p><\/blockquote>\n<p style=\"text-align: justify;\"><script async src=\"https:\/\/platform.twitter.com\/widgets.js\" charset=\"utf-8\"><\/script><\/p>\n","protected":false},"excerpt":{"rendered":"<p>MMA &#8211; Fin du suspense pour C\u00e9dric Doumb\u00e9. Le combattant fran\u00e7ais a d\u00e9cid\u00e9 de rejoindre le PFL. Il combattra pour la premi\u00e8re fois dans cette organisation le 23 juin.\u00a0<\/p>\n","protected":false},"author":1,"featured_media":361522,"comment_status":"open","ping_status":"closed","sticky":false,"template":"","format":"standard","meta":{"_acf_changed":false,"_daextam_enable_autolinks":"","footnotes":""},"categories":[10666],"tags":[16878,30075,31441],"class_list":["post-381055","post","type-post","status-publish","format-standard","has-post-thumbnail","hentry","category-mma","tag-breve","tag-cedric-doumbe","tag-pfl"],"acf":[],"yoast_head":"<!-- This site is optimized with the Yoast SEO Premium plugin v26.7 (Yoast SEO v26.7) - https:\/\/yoast.com\/wordpress\/plugins\/seo\/ -->\n<title>C\u00e9dric Doumb\u00e9 rejoint PFL et annonce la date de son prochain combat<\/title>\n<meta name=\"description\" content=\"MMA - Fin du suspense pour C\u00e9dric Doumb\u00e9. Le combattant fran\u00e7ais a d\u00e9cid\u00e9 de rejoindre le PFL, organisation am\u00e9ricaine.\" \/>\n<meta name=\"robots\" content=\"index, follow, max-snippet:-1, max-image-preview:large, max-video-preview:-1\" \/>\n<link rel=\"canonical\" href=\"https:\/\/dicodusport.fr\/blog\/cedric-doumbe-rejoint-pfl-et-annonce-la-date-de-son-prochain-combat\/\" \/>\n<meta property=\"og:locale\" content=\"fr_FR\" \/>\n<meta property=\"og:type\" content=\"article\" \/>\n<meta property=\"og:title\" content=\"C\u00e9dric Doumb\u00e9 rejoint PFL et annonce la date de son prochain combat\" \/>\n<meta property=\"og:description\" content=\"MMA - Fin du suspense pour C\u00e9dric Doumb\u00e9. Le combattant fran\u00e7ais a d\u00e9cid\u00e9 de rejoindre le PFL, organisation am\u00e9ricaine.\" \/>\n<meta property=\"og:url\" content=\"https:\/\/dicodusport.fr\/blog\/cedric-doumbe-rejoint-pfl-et-annonce-la-date-de-son-prochain-combat\/\" \/>\n<meta property=\"og:site_name\" content=\"Dicodusport\" \/>\n<meta property=\"article:publisher\" content=\"https:\/\/www.facebook.com\/dicodusport\" \/>\n<meta property=\"article:author\" content=\"https:\/\/www.facebook.com\/dicodusport\" \/>\n<meta property=\"article:published_time\" content=\"2023-05-10T20:19:59+00:00\" \/>\n<meta property=\"article:modified_time\" content=\"2024-03-08T08:35:13+00:00\" \/>\n<meta property=\"og:image\" content=\"https:\/\/dicodusport.fr\/blog\/wp-content\/uploads\/2023\/03\/Cedric-Doumbe-Pawel-Klimas-A-quelle-heure-et-sur-quelle-chaine-le-MMA-GP.png\" \/>\n\t<meta property=\"og:image:width\" content=\"800\" \/>\n\t<meta property=\"og:image:height\" content=\"445\" \/>\n\t<meta property=\"og:image:type\" content=\"image\/png\" \/>\n<meta name=\"author\" content=\"Nicolas Jacquemard\" \/>\n<meta name=\"twitter:card\" content=\"summary_large_image\" \/>\n<meta name=\"twitter:title\" content=\"C\u00e9dric Doumb\u00e9 rejoint PFL et annonce la date de son prochain combat\" \/>\n<meta name=\"twitter:creator\" content=\"@https:\/\/twitter.com\/Nico_Jacquemard\" \/>\n<meta name=\"twitter:site\" content=\"@dicodusport\" \/>\n<script type=\"application\/ld+json\" class=\"yoast-schema-graph\">{\"@context\":\"https:\/\/schema.org\",\"@graph\":[{\"@type\":\"NewsArticle\",\"@id\":\"https:\/\/dicodusport.fr\/blog\/cedric-doumbe-rejoint-pfl-et-annonce-la-date-de-son-prochain-combat\/#article\",\"isPartOf\":{\"@id\":\"https:\/\/dicodusport.fr\/blog\/cedric-doumbe-rejoint-pfl-et-annonce-la-date-de-son-prochain-combat\/\"},\"author\":{\"name\":\"Nicolas Jacquemard\",\"@id\":\"https:\/\/dicodusport.fr\/blog\/#\/schema\/person\/55dcb50ad410894e431ed812bbb70191\"},\"headline\":\"C\u00e9dric Doumb\u00e9 rejoint PFL et annonce la date de son prochain combat\",\"datePublished\":\"2023-05-10T20:19:59+00:00\",\"dateModified\":\"2024-03-08T08:35:13+00:00\",\"mainEntityOfPage\":{\"@id\":\"https:\/\/dicodusport.fr\/blog\/cedric-doumbe-rejoint-pfl-et-annonce-la-date-de-son-prochain-combat\/\"},\"wordCount\":269,\"commentCount\":0,\"publisher\":{\"@id\":\"https:\/\/dicodusport.fr\/blog\/#organization\"},\"image\":{\"@id\":\"https:\/\/dicodusport.fr\/blog\/cedric-doumbe-rejoint-pfl-et-annonce-la-date-de-son-prochain-combat\/#primaryimage\"},\"thumbnailUrl\":\"https:\/\/dicodusport.fr\/blog\/wp-content\/uploads\/2023\/03\/Cedric-Doumbe-Pawel-Klimas-A-quelle-heure-et-sur-quelle-chaine-le-MMA-GP.png\",\"keywords\":[\"br\u00e8ve\",\"C\u00e9dric Doumb\u00e9\",\"PFL\"],\"articleSection\":[\"MMA\"],\"inLanguage\":\"fr-FR\",\"potentialAction\":[{\"@type\":\"CommentAction\",\"name\":\"Comment\",\"target\":[\"https:\/\/dicodusport.fr\/blog\/cedric-doumbe-rejoint-pfl-et-annonce-la-date-de-son-prochain-combat\/#respond\"]}],\"copyrightYear\":\"2023\",\"copyrightHolder\":{\"@id\":\"https:\/\/dicodusport.fr\/blog\/#organization\"}},{\"@type\":\"WebPage\",\"@id\":\"https:\/\/dicodusport.fr\/blog\/cedric-doumbe-rejoint-pfl-et-annonce-la-date-de-son-prochain-combat\/\",\"url\":\"https:\/\/dicodusport.fr\/blog\/cedric-doumbe-rejoint-pfl-et-annonce-la-date-de-son-prochain-combat\/\",\"name\":\"C\u00e9dric Doumb\u00e9 rejoint PFL et annonce la date de son prochain combat\",\"isPartOf\":{\"@id\":\"https:\/\/dicodusport.fr\/blog\/#website\"},\"primaryImageOfPage\":{\"@id\":\"https:\/\/dicodusport.fr\/blog\/cedric-doumbe-rejoint-pfl-et-annonce-la-date-de-son-prochain-combat\/#primaryimage\"},\"image\":{\"@id\":\"https:\/\/dicodusport.fr\/blog\/cedric-doumbe-rejoint-pfl-et-annonce-la-date-de-son-prochain-combat\/#primaryimage\"},\"thumbnailUrl\":\"https:\/\/dicodusport.fr\/blog\/wp-content\/uploads\/2023\/03\/Cedric-Doumbe-Pawel-Klimas-A-quelle-heure-et-sur-quelle-chaine-le-MMA-GP.png\",\"datePublished\":\"2023-05-10T20:19:59+00:00\",\"dateModified\":\"2024-03-08T08:35:13+00:00\",\"description\":\"MMA - Fin du suspense pour C\u00e9dric Doumb\u00e9. Le combattant fran\u00e7ais a d\u00e9cid\u00e9 de rejoindre le PFL, organisation am\u00e9ricaine.\",\"breadcrumb\":{\"@id\":\"https:\/\/dicodusport.fr\/blog\/cedric-doumbe-rejoint-pfl-et-annonce-la-date-de-son-prochain-combat\/#breadcrumb\"},\"inLanguage\":\"fr-FR\",\"potentialAction\":[{\"@type\":\"ReadAction\",\"target\":[\"https:\/\/dicodusport.fr\/blog\/cedric-doumbe-rejoint-pfl-et-annonce-la-date-de-son-prochain-combat\/\"]}]},{\"@type\":\"ImageObject\",\"inLanguage\":\"fr-FR\",\"@id\":\"https:\/\/dicodusport.fr\/blog\/cedric-doumbe-rejoint-pfl-et-annonce-la-date-de-son-prochain-combat\/#primaryimage\",\"url\":\"https:\/\/dicodusport.fr\/blog\/wp-content\/uploads\/2023\/03\/Cedric-Doumbe-Pawel-Klimas-A-quelle-heure-et-sur-quelle-chaine-le-MMA-GP.png\",\"contentUrl\":\"https:\/\/dicodusport.fr\/blog\/wp-content\/uploads\/2023\/03\/Cedric-Doumbe-Pawel-Klimas-A-quelle-heure-et-sur-quelle-chaine-le-MMA-GP.png\",\"width\":800,\"height\":445},{\"@type\":\"BreadcrumbList\",\"@id\":\"https:\/\/dicodusport.fr\/blog\/cedric-doumbe-rejoint-pfl-et-annonce-la-date-de-son-prochain-combat\/#breadcrumb\",\"itemListElement\":[{\"@type\":\"ListItem\",\"position\":1,\"name\":\"Accueil\",\"item\":\"https:\/\/dicodusport.fr\/blog\/\"},{\"@type\":\"ListItem\",\"position\":2,\"name\":\"C\u00e9dric Doumb\u00e9 rejoint PFL et annonce la date de son prochain combat\"}]},{\"@type\":\"WebSite\",\"@id\":\"https:\/\/dicodusport.fr\/blog\/#website\",\"url\":\"https:\/\/dicodusport.fr\/blog\/\",\"name\":\"Dicodusport\",\"description\":\"L&#039;encyclop\u00e9die de l&#039;actualit\u00e9 sportive\",\"publisher\":{\"@id\":\"https:\/\/dicodusport.fr\/blog\/#organization\"},\"potentialAction\":[{\"@type\":\"SearchAction\",\"target\":{\"@type\":\"EntryPoint\",\"urlTemplate\":\"https:\/\/dicodusport.fr\/blog\/?s={search_term_string}\"},\"query-input\":{\"@type\":\"PropertyValueSpecification\",\"valueRequired\":true,\"valueName\":\"search_term_string\"}}],\"inLanguage\":\"fr-FR\"},{\"@type\":\"NewsMediaOrganization\",\"@id\":\"https:\/\/dicodusport.fr\/blog\/#organization\",\"name\":\"Dicodusport\",\"url\":\"https:\/\/dicodusport.fr\/blog\/\",\"logo\":{\"@type\":\"ImageObject\",\"inLanguage\":\"fr-FR\",\"@id\":\"https:\/\/dicodusport.fr\/blog\/#\/schema\/logo\/image\/\",\"url\":\"https:\/\/dicodusport.fr\/blog\/wp-content\/uploads\/2020\/06\/cropped-LOGO-DICODUSPORT-2020-SANS-FOND-SANS-TEXTE.png\",\"contentUrl\":\"https:\/\/dicodusport.fr\/blog\/wp-content\/uploads\/2020\/06\/cropped-LOGO-DICODUSPORT-2020-SANS-FOND-SANS-TEXTE.png\",\"width\":512,\"height\":512,\"caption\":\"Dicodusport\"},\"image\":{\"@id\":\"https:\/\/dicodusport.fr\/blog\/#\/schema\/logo\/image\/\"},\"sameAs\":[\"https:\/\/www.facebook.com\/dicodusport\",\"https:\/\/x.com\/dicodusport\",\"https:\/\/www.instagram.com\/dicodusport\/\",\"https:\/\/www.youtube.com\/channel\/UC7V2KZ5sd3htJivAbA4ZG3w\"],\"description\":\"Dicodusport est l'encyclop\u00e9die de l'actualit\u00e9 sportive.\",\"email\":\"bonjour@dicodusport.fr\",\"legalName\":\"DICODUSPORT\",\"foundingDate\":\"2018-01-14\",\"vatID\":\"FR71834470973\",\"taxID\":\"83447097300043\",\"numberOfEmployees\":{\"@type\":\"QuantitativeValue\",\"minValue\":\"1\",\"maxValue\":\"10\"}},{\"@type\":\"Person\",\"@id\":\"https:\/\/dicodusport.fr\/blog\/#\/schema\/person\/55dcb50ad410894e431ed812bbb70191\",\"name\":\"Nicolas Jacquemard\",\"image\":{\"@type\":\"ImageObject\",\"inLanguage\":\"fr-FR\",\"@id\":\"https:\/\/dicodusport.fr\/blog\/#\/schema\/person\/image\/\",\"url\":\"https:\/\/dicodusport.fr\/blog\/wp-content\/uploads\/2021\/05\/Nicolas-Jacquemard-150x150.jpeg\",\"contentUrl\":\"https:\/\/dicodusport.fr\/blog\/wp-content\/uploads\/2021\/05\/Nicolas-Jacquemard-150x150.jpeg\",\"caption\":\"Nicolas Jacquemard\"},\"description\":\"Passionn\u00e9 de sport et entrepreneur depuis mes 18 ans, la cr\u00e9ation de Dicodusport m'a sembl\u00e9 \u00e9vidente pour participer \u00e0 la m\u00e9diatisation d'un plus grand nombre de sports. Le chemin est long mais avec une \u00e9quipe des plus motiv\u00e9es et les Jeux Olympiques de Paris 2024 en point de mire, nous y arriverons ! Journaliste dans le monde du sport depuis plus de 5 ans, je traite aussi bien de football, de rugby, de biathlon que de cyclisme.\",\"sameAs\":[\"https:\/\/www.facebook.com\/dicodusport\",\"https:\/\/x.com\/https:\/\/twitter.com\/Nico_Jacquemard\"],\"url\":\"https:\/\/dicodusport.fr\/blog\/author\/dicodusport\/\"}]}<\/script>\n<!-- \/ Yoast SEO Premium plugin. -->","yoast_head_json":{"title":"C\u00e9dric Doumb\u00e9 rejoint PFL et annonce la date de son prochain combat","description":"MMA - Fin du suspense pour C\u00e9dric Doumb\u00e9. Le combattant fran\u00e7ais a d\u00e9cid\u00e9 de rejoindre le PFL, organisation am\u00e9ricaine.","robots":{"index":"index","follow":"follow","max-snippet":"max-snippet:-1","max-image-preview":"max-image-preview:large","max-video-preview":"max-video-preview:-1"},"canonical":"https:\/\/dicodusport.fr\/blog\/cedric-doumbe-rejoint-pfl-et-annonce-la-date-de-son-prochain-combat\/","og_locale":"fr_FR","og_type":"article","og_title":"C\u00e9dric Doumb\u00e9 rejoint PFL et annonce la date de son prochain combat","og_description":"MMA - Fin du suspense pour C\u00e9dric Doumb\u00e9. Le combattant fran\u00e7ais a d\u00e9cid\u00e9 de rejoindre le PFL, organisation am\u00e9ricaine.","og_url":"https:\/\/dicodusport.fr\/blog\/cedric-doumbe-rejoint-pfl-et-annonce-la-date-de-son-prochain-combat\/","og_site_name":"Dicodusport","article_publisher":"https:\/\/www.facebook.com\/dicodusport","article_author":"https:\/\/www.facebook.com\/dicodusport","article_published_time":"2023-05-10T20:19:59+00:00","article_modified_time":"2024-03-08T08:35:13+00:00","og_image":[{"width":800,"height":445,"url":"https:\/\/dicodusport.fr\/blog\/wp-content\/uploads\/2023\/03\/Cedric-Doumbe-Pawel-Klimas-A-quelle-heure-et-sur-quelle-chaine-le-MMA-GP.png","type":"image\/png"}],"author":"Nicolas Jacquemard","twitter_card":"summary_large_image","twitter_title":"C\u00e9dric Doumb\u00e9 rejoint PFL et annonce la date de son prochain combat","twitter_creator":"@https:\/\/twitter.com\/Nico_Jacquemard","twitter_site":"@dicodusport","schema":{"@context":"https:\/\/schema.org","@graph":[{"@type":"NewsArticle","@id":"https:\/\/dicodusport.fr\/blog\/cedric-doumbe-rejoint-pfl-et-annonce-la-date-de-son-prochain-combat\/#article","isPartOf":{"@id":"https:\/\/dicodusport.fr\/blog\/cedric-doumbe-rejoint-pfl-et-annonce-la-date-de-son-prochain-combat\/"},"author":{"name":"Nicolas Jacquemard","@id":"https:\/\/dicodusport.fr\/blog\/#\/schema\/person\/55dcb50ad410894e431ed812bbb70191"},"headline":"C\u00e9dric Doumb\u00e9 rejoint PFL et annonce la date de son prochain combat","datePublished":"2023-05-10T20:19:59+00:00","dateModified":"2024-03-08T08:35:13+00:00","mainEntityOfPage":{"@id":"https:\/\/dicodusport.fr\/blog\/cedric-doumbe-rejoint-pfl-et-annonce-la-date-de-son-prochain-combat\/"},"wordCount":269,"commentCount":0,"publisher":{"@id":"https:\/\/dicodusport.fr\/blog\/#organization"},"image":{"@id":"https:\/\/dicodusport.fr\/blog\/cedric-doumbe-rejoint-pfl-et-annonce-la-date-de-son-prochain-combat\/#primaryimage"},"thumbnailUrl":"https:\/\/dicodusport.fr\/blog\/wp-content\/uploads\/2023\/03\/Cedric-Doumbe-Pawel-Klimas-A-quelle-heure-et-sur-quelle-chaine-le-MMA-GP.png","keywords":["br\u00e8ve","C\u00e9dric Doumb\u00e9","PFL"],"articleSection":["MMA"],"inLanguage":"fr-FR","potentialAction":[{"@type":"CommentAction","name":"Comment","target":["https:\/\/dicodusport.fr\/blog\/cedric-doumbe-rejoint-pfl-et-annonce-la-date-de-son-prochain-combat\/#respond"]}],"copyrightYear":"2023","copyrightHolder":{"@id":"https:\/\/dicodusport.fr\/blog\/#organization"}},{"@type":"WebPage","@id":"https:\/\/dicodusport.fr\/blog\/cedric-doumbe-rejoint-pfl-et-annonce-la-date-de-son-prochain-combat\/","url":"https:\/\/dicodusport.fr\/blog\/cedric-doumbe-rejoint-pfl-et-annonce-la-date-de-son-prochain-combat\/","name":"C\u00e9dric Doumb\u00e9 rejoint PFL et annonce la date de son prochain combat","isPartOf":{"@id":"https:\/\/dicodusport.fr\/blog\/#website"},"primaryImageOfPage":{"@id":"https:\/\/dicodusport.fr\/blog\/cedric-doumbe-rejoint-pfl-et-annonce-la-date-de-son-prochain-combat\/#primaryimage"},"image":{"@id":"https:\/\/dicodusport.fr\/blog\/cedric-doumbe-rejoint-pfl-et-annonce-la-date-de-son-prochain-combat\/#primaryimage"},"thumbnailUrl":"https:\/\/dicodusport.fr\/blog\/wp-content\/uploads\/2023\/03\/Cedric-Doumbe-Pawel-Klimas-A-quelle-heure-et-sur-quelle-chaine-le-MMA-GP.png","datePublished":"2023-05-10T20:19:59+00:00","dateModified":"2024-03-08T08:35:13+00:00","description":"MMA - Fin du suspense pour C\u00e9dric Doumb\u00e9. Le combattant fran\u00e7ais a d\u00e9cid\u00e9 de rejoindre le PFL, organisation am\u00e9ricaine.","breadcrumb":{"@id":"https:\/\/dicodusport.fr\/blog\/cedric-doumbe-rejoint-pfl-et-annonce-la-date-de-son-prochain-combat\/#breadcrumb"},"inLanguage":"fr-FR","potentialAction":[{"@type":"ReadAction","target":["https:\/\/dicodusport.fr\/blog\/cedric-doumbe-rejoint-pfl-et-annonce-la-date-de-son-prochain-combat\/"]}]},{"@type":"ImageObject","inLanguage":"fr-FR","@id":"https:\/\/dicodusport.fr\/blog\/cedric-doumbe-rejoint-pfl-et-annonce-la-date-de-son-prochain-combat\/#primaryimage","url":"https:\/\/dicodusport.fr\/blog\/wp-content\/uploads\/2023\/03\/Cedric-Doumbe-Pawel-Klimas-A-quelle-heure-et-sur-quelle-chaine-le-MMA-GP.png","contentUrl":"https:\/\/dicodusport.fr\/blog\/wp-content\/uploads\/2023\/03\/Cedric-Doumbe-Pawel-Klimas-A-quelle-heure-et-sur-quelle-chaine-le-MMA-GP.png","width":800,"height":445},{"@type":"BreadcrumbList","@id":"https:\/\/dicodusport.fr\/blog\/cedric-doumbe-rejoint-pfl-et-annonce-la-date-de-son-prochain-combat\/#breadcrumb","itemListElement":[{"@type":"ListItem","position":1,"name":"Accueil","item":"https:\/\/dicodusport.fr\/blog\/"},{"@type":"ListItem","position":2,"name":"C\u00e9dric Doumb\u00e9 rejoint PFL et annonce la date de son prochain combat"}]},{"@type":"WebSite","@id":"https:\/\/dicodusport.fr\/blog\/#website","url":"https:\/\/dicodusport.fr\/blog\/","name":"Dicodusport","description":"L&#039;encyclop\u00e9die de l&#039;actualit\u00e9 sportive","publisher":{"@id":"https:\/\/dicodusport.fr\/blog\/#organization"},"potentialAction":[{"@type":"SearchAction","target":{"@type":"EntryPoint","urlTemplate":"https:\/\/dicodusport.fr\/blog\/?s={search_term_string}"},"query-input":{"@type":"PropertyValueSpecification","valueRequired":true,"valueName":"search_term_string"}}],"inLanguage":"fr-FR"},{"@type":"NewsMediaOrganization","@id":"https:\/\/dicodusport.fr\/blog\/#organization","name":"Dicodusport","url":"https:\/\/dicodusport.fr\/blog\/","logo":{"@type":"ImageObject","inLanguage":"fr-FR","@id":"https:\/\/dicodusport.fr\/blog\/#\/schema\/logo\/image\/","url":"https:\/\/dicodusport.fr\/blog\/wp-content\/uploads\/2020\/06\/cropped-LOGO-DICODUSPORT-2020-SANS-FOND-SANS-TEXTE.png","contentUrl":"https:\/\/dicodusport.fr\/blog\/wp-content\/uploads\/2020\/06\/cropped-LOGO-DICODUSPORT-2020-SANS-FOND-SANS-TEXTE.png","width":512,"height":512,"caption":"Dicodusport"},"image":{"@id":"https:\/\/dicodusport.fr\/blog\/#\/schema\/logo\/image\/"},"sameAs":["https:\/\/www.facebook.com\/dicodusport","https:\/\/x.com\/dicodusport","https:\/\/www.instagram.com\/dicodusport\/","https:\/\/www.youtube.com\/channel\/UC7V2KZ5sd3htJivAbA4ZG3w"],"description":"Dicodusport est l'encyclop\u00e9die de l'actualit\u00e9 sportive.","email":"bonjour@dicodusport.fr","legalName":"DICODUSPORT","foundingDate":"2018-01-14","vatID":"FR71834470973","taxID":"83447097300043","numberOfEmployees":{"@type":"QuantitativeValue","minValue":"1","maxValue":"10"}},{"@type":"Person","@id":"https:\/\/dicodusport.fr\/blog\/#\/schema\/person\/55dcb50ad410894e431ed812bbb70191","name":"Nicolas Jacquemard","image":{"@type":"ImageObject","inLanguage":"fr-FR","@id":"https:\/\/dicodusport.fr\/blog\/#\/schema\/person\/image\/","url":"https:\/\/dicodusport.fr\/blog\/wp-content\/uploads\/2021\/05\/Nicolas-Jacquemard-150x150.jpeg","contentUrl":"https:\/\/dicodusport.fr\/blog\/wp-content\/uploads\/2021\/05\/Nicolas-Jacquemard-150x150.jpeg","caption":"Nicolas Jacquemard"},"description":"Passionn\u00e9 de sport et entrepreneur depuis mes 18 ans, la cr\u00e9ation de Dicodusport m'a sembl\u00e9 \u00e9vidente pour participer \u00e0 la m\u00e9diatisation d'un plus grand nombre de sports. Le chemin est long mais avec une \u00e9quipe des plus motiv\u00e9es et les Jeux Olympiques de Paris 2024 en point de mire, nous y arriverons ! Journaliste dans le monde du sport depuis plus de 5 ans, je traite aussi bien de football, de rugby, de biathlon que de cyclisme.","sameAs":["https:\/\/www.facebook.com\/dicodusport","https:\/\/x.com\/https:\/\/twitter.com\/Nico_Jacquemard"],"url":"https:\/\/dicodusport.fr\/blog\/author\/dicodusport\/"}]}},"_links":{"self":[{"href":"https:\/\/dicodusport.fr\/blog\/wp-json\/wp\/v2\/posts\/381055","targetHints":{"allow":["GET"]}}],"collection":[{"href":"https:\/\/dicodusport.fr\/blog\/wp-json\/wp\/v2\/posts"}],"about":[{"href":"https:\/\/dicodusport.fr\/blog\/wp-json\/wp\/v2\/types\/post"}],"author":[{"embeddable":true,"href":"https:\/\/dicodusport.fr\/blog\/wp-json\/wp\/v2\/users\/1"}],"replies":[{"embeddable":true,"href":"https:\/\/dicodusport.fr\/blog\/wp-json\/wp\/v2\/comments?post=381055"}],"version-history":[{"count":1,"href":"https:\/\/dicodusport.fr\/blog\/wp-json\/wp\/v2\/posts\/381055\/revisions"}],"predecessor-version":[{"id":470195,"href":"https:\/\/dicodusport.fr\/blog\/wp-json\/wp\/v2\/posts\/381055\/revisions\/470195"}],"wp:featuredmedia":[{"embeddable":true,"href":"https:\/\/dicodusport.fr\/blog\/wp-json\/wp\/v2\/media\/361522"}],"wp:attachment":[{"href":"https:\/\/dicodusport.fr\/blog\/wp-json\/wp\/v2\/media?parent=381055"}],"wp:term":[{"taxonomy":"category","embeddable":true,"href":"https:\/\/dicodusport.fr\/blog\/wp-json\/wp\/v2\/categories?post=381055"},{"taxonomy":"post_tag","embeddable":true,"href":"https:\/\/dicodusport.fr\/blog\/wp-json\/wp\/v2\/tags?post=381055"}],"curies":[{"name":"wp","href":"https:\/\/api.w.org\/{rel}","templated":true}]}}