{"id":381161,"date":"2023-05-15T14:40:46","date_gmt":"2023-05-15T12:40:46","guid":{"rendered":"https:\/\/dicodusport.fr\/blog\/?p=381161&#038;preview=true&#038;preview_id=381161"},"modified":"2023-05-15T15:11:26","modified_gmt":"2023-05-15T13:11:26","slug":"les-athletes-a-suivre-cet-ete-baptiste-thierry-decathlonien-haut-perche","status":"publish","type":"post","link":"https:\/\/dicodusport.fr\/blog\/les-athletes-a-suivre-cet-ete-baptiste-thierry-decathlonien-haut-perche\/","title":{"rendered":"Les athl\u00e8tes \u00e0 suivre cet \u00e9t\u00e9 : Baptiste Thierry, d\u00e9cathlonien haut perch\u00e9"},"content":{"rendered":"<p align=\"justify\"><em><strong>ATHL\u00c9TISME &#8211; Baptiste Thiery fait partie des meilleurs athl\u00e8tes fran\u00e7ais, que ce soit au d\u00e9cathlon ou au saut \u00e0 la perche. Il a particip\u00e9, en 2022, aux championnats d&rsquo;Europe d&rsquo;athl\u00e9tisme \u00e0 Munich (Allemagne).<\/strong><\/em><\/p>\n<h2 style=\"text-align: justify;\" align=\"justify\">Ce qu&rsquo;il a fait cet hiver et dans le pass\u00e9<\/h2>\n<p style=\"text-align: justify;\">La saison 2022 de <strong>Baptiste Thiery<\/strong> a \u00e9t\u00e9 plus que faste. Le sp\u00e9cialiste des \u00e9preuves combin\u00e9es a une particularit\u00e9, comme certains autres. Si le Suisse <strong>Simon Ehammer<\/strong> brille \u00e0 la longueur, au point de tutoyer les meilleurs sp\u00e9cialistes mondiaux, le Fran\u00e7ais d\u00e9colle \u00e0 la perche. Pas au point de contester <strong>Mondo Duplantis<\/strong> ou<strong> Chris Nielsen<\/strong>. Mais avec un record \u00e0 5.71 m, il est entr\u00e9 dans le top 5 fran\u00e7ais. Il a \u00e9galement saut\u00e9 5,70 m avant la cl\u00f4ture 2022 des bilans fran\u00e7ais*, se pla\u00e7ant \u00e0 la 7e place des bilans fran\u00e7ais, dans ce qui est sans doute la discipline la plus dense en France. \u00c0 un centim\u00e8tre seulement d&rsquo;un <strong>Valentin Lavillenie<\/strong>, s\u00e9lectionn\u00e9 pour les Mondiaux de Eugene. Ou d&rsquo;un <strong>Ethan Cormont<\/strong>, finaliste europ\u00e9en cet hiver. Am\u00e9liorant son record absolu de 11 centim\u00e8tres.<\/p>\n<p style=\"text-align: justify;\">Au d\u00e9cathlon, la perche est une \u00e9preuve qui rapporte \u00e9norm\u00e9ment de points. 1 187 quand vous sautez 5.71 m. 1 035 points, quand il r\u00e9alise 5.40 m \u00e0 Munich. La Bavi\u00e8re, th\u00e9\u00e2tre des championnats d&rsquo;Europe, o\u00f9 le Fran\u00e7ais a honor\u00e9 sa premi\u00e8re s\u00e9lection en A, en grand championnat. \u00c9videmment, quand vous progressez dans une discipline comme la perche, c&rsquo;est tout bon pour le d\u00e9cathlon. Ceci dit, ce n&rsquo;est pas la seule explication de ses 8 057 points \u00e0 Munich, record battu de 142 points et premi\u00e8re \u00e0 plus de 8 000 points. En Allemagne, il explose son record au javelot (55,07 m), au poids (12.95 m) et s&rsquo;approche de son record au 1 500 m (4:18.13). Tout en se montrant tr\u00e8s r\u00e9gulier ailleurs pour \u00e9tablir cette belle performance.<\/p>\n<p style=\"text-align: justify;\">Pour le moment, sur l&rsquo;ann\u00e9e civile 2023, il n&rsquo;a encore aucune performance enregistr\u00e9e. Choisissant de faire impasse sur la saison en salle.<\/p>\n<blockquote class=\"twitter-tweet\">\n<p dir=\"ltr\" lang=\"fr\">France Elite Athl\u00e9tisme &#8211; Decathlon Hommes<\/p>\n<p>\ud83e\udd47Baptiste Thiery 7966 points PB MPF 2022<br \/>\n\ud83e\udd48Arthur Prevost 7774 points PB<br \/>\n\ud83e\udd49J\u00e9r\u00e9my Leli\u00e8vre 7495 points<\/p>\n<p>Baptiste Thiery en a profit\u00e9 pour battre le record des championnats \u00e0 la perche en d\u00e9ca (5,50 m)<a href=\"https:\/\/twitter.com\/hashtag\/CFAthle?src=hash&amp;ref_src=twsrc%5Etfw\">#CFAthle<\/a><\/p>\n<p>\u2014 Etienne Goursaud \u270d\ufe0f (@EtienneGoursaud) <a href=\"https:\/\/twitter.com\/EtienneGoursaud\/status\/1540753548425588741?ref_src=twsrc%5Etfw\">June 25, 2022<\/a><\/p><\/blockquote>\n<p><script async src=\"https:\/\/platform.twitter.com\/widgets.js\" charset=\"utf-8\"><\/script><\/p>\n<h2 align=\"justify\">Pourquoi faut-il le suivre ?<\/h2>\n<p align=\"justify\">Parce qu&rsquo;il est encore jeune. N\u00e9 le 26 juin 2001, <strong>Baptiste Thiery<\/strong> entre cette ann\u00e9e dans sa derni\u00e8re ann\u00e9e espoirs, la derni\u00e8re cat\u00e9gorie jeunes. Or, cet \u00e9t\u00e9, se profilent les championnats d&rsquo;Europe espoirs (cat\u00e9gorie non reconnue par World Athletics). Un championnat o\u00f9 il pourrait avoir une vraie carte \u00e0 jouer, que ce soit \u00e0 la perche ou au d\u00e9cathlon. Sur le d\u00e9ca, en 2022, en \u00e9tablissant son record personnel (lire plus haut), il s&rsquo;est plac\u00e9 \u00e0 la 6e place aux bilans europ\u00e9ens U23. Mais, <strong>Simon Ehammer<\/strong>, <strong>Leo Neugebauer<\/strong> et <strong>Dario Dester<\/strong> sont n\u00e9s en 2000 et ne seront plus dans la cat\u00e9gorie cet \u00e9t\u00e9.<\/p>\n<p align=\"justify\">Le Fran\u00e7ais devra composer avec les deux Norv\u00e9giens <strong>Markus Rooth<\/strong> (8 307 points en 2022) et surtout <strong>Sander Skotheim<\/strong> (8 298 points en 2022). Ce dernier a pos\u00e9 \u00e9norm\u00e9ment de soucis \u00e0 <strong>Kevin Mayer<\/strong> cet hiver, lors de l&rsquo;heptathlon des championnats d&rsquo;Europe en salle. Ne s&rsquo;inclinant que pour 30 points face au recordman du monde du d\u00e9cathlon. Mais <strong>Baptiste Thiery<\/strong> peut aussi tirer son \u00e9pingle du jeu au saut \u00e0 la perche. Ce sera n\u00e9anmoins plus difficile pour lui, \u00e9galement 6e aux bilans internationaux. Mais <strong>Pal Haugen Lillefosse<\/strong>, qui domine les bilans en 2022 (5.86) et le Fran\u00e7ais <strong>Anthony Ammirati<\/strong>, auteur de la 2e performance juniors de tous les temps (5.81 m), mais aussi <strong>Dmitriy Kachanov<\/strong> (mais Russe) ainsi que <strong>Simen Gottormsen<\/strong> sont devant lui. Tous seront espoirs en 2023. Autant dire que la t\u00e2che risque d&rsquo;\u00eatre bien plus rude que sur les \u00e9preuves combin\u00e9es.<\/p>\n<p align=\"justify\">Ceci dit, gr\u00e2ce \u00e0 sa polyvalence, le jeune Fran\u00e7ais peut s&rsquo;ouvrir des portes diff\u00e9rentes et choisir selon ses sensations. Mais sa marge de progression sera encore grande en 2023.<\/p>\n<p align=\"justify\"><span style=\"font-size: 14px;\"><em>*D\u00e9sormais, les bilans fran\u00e7ais ont chang\u00e9, ils s&rsquo;\u00e9tablissent sur une saison scolaire, alors qu&rsquo;auparavant, c&rsquo;\u00e9tait comptabilis\u00e9 sur une ann\u00e9e civile. Ainsi, les 5.71 m de <strong>Baptiste Thiery<\/strong>, r\u00e9alis\u00e9s le 16 septembre 2022, comptent pour les bilans 2023.<\/em><\/span><\/p>\n<h2 style=\"text-align: justify;\">\u00c0 lire aussi<\/h2>\n<ul style=\"text-align: justify;\">\n<li style=\"text-align: justify;\"><a href=\"https:\/\/dicodusport.fr\/blog\/athletisme-les-minima-pour-les-championnats-du-monde-2023-de-budapest\/\"><strong>Les minima pour les championnats du monde de Budapest<\/strong><\/a><\/li>\n<li style=\"text-align: justify;\"><a href=\"https:\/\/dicodusport.fr\/blog\/athletisme-mondiaux-2023-les-francais-qui-ont-realise-les-minima\/\"><b>Les Fran\u00e7ais qui ont fait les minima pour Budapest<\/b><\/a><\/li>\n<\/ul>\n","protected":false},"excerpt":{"rendered":"<p>ATHL\u00c9TISME &#8211; Baptiste Thiery fait partie des meilleurs athl\u00e8tes fran\u00e7ais, que ce soit au d\u00e9cathlon ou au saut \u00e0 la perche. Il a particip\u00e9, en 2022, aux championnats d&rsquo;Europe d&rsquo;athl\u00e9tisme \u00e0 Munich (Allemagne).<\/p>\n","protected":false},"author":83,"featured_media":381173,"comment_status":"open","ping_status":"closed","sticky":false,"template":"","format":"standard","meta":{"_acf_changed":false,"_daextam_enable_autolinks":"","footnotes":""},"categories":[2308],"tags":[143,17964,16878,1269],"class_list":["post-381161","post","type-post","status-publish","format-standard","has-post-thumbnail","hentry","category-athletisme","tag-athletisme","tag-baptiste-thiery","tag-breve","tag-decathlon"],"acf":[],"yoast_head":"<!-- This site is optimized with the Yoast SEO Premium plugin v26.7 (Yoast SEO v26.7) - https:\/\/yoast.com\/wordpress\/plugins\/seo\/ -->\n<title>Les athl\u00e8tes \u00e0 suivre cet \u00e9t\u00e9 : Baptiste Thierry, d\u00e9cathlonien haut perch\u00e9<\/title>\n<meta name=\"description\" content=\"ATHL\u00c9TISME - Baptiste Thiery fait partie des meilleurs athl\u00e8tes fran\u00e7ais, que ce soit au d\u00e9cathlon ou au saut \u00e0 la perche.\" \/>\n<meta name=\"robots\" content=\"index, follow, max-snippet:-1, max-image-preview:large, max-video-preview:-1\" \/>\n<link rel=\"canonical\" href=\"https:\/\/dicodusport.fr\/blog\/les-athletes-a-suivre-cet-ete-baptiste-thierry-decathlonien-haut-perche\/\" \/>\n<meta property=\"og:locale\" content=\"fr_FR\" \/>\n<meta property=\"og:type\" content=\"article\" \/>\n<meta property=\"og:title\" content=\"Les athl\u00e8tes \u00e0 suivre cet \u00e9t\u00e9 : Baptiste Thierry, d\u00e9cathlonien haut perch\u00e9\" \/>\n<meta property=\"og:description\" content=\"ATHL\u00c9TISME - Baptiste Thiery fait partie des meilleurs athl\u00e8tes fran\u00e7ais, que ce soit au d\u00e9cathlon ou au saut \u00e0 la perche.\" \/>\n<meta property=\"og:url\" content=\"https:\/\/dicodusport.fr\/blog\/les-athletes-a-suivre-cet-ete-baptiste-thierry-decathlonien-haut-perche\/\" \/>\n<meta property=\"og:site_name\" content=\"Dicodusport\" \/>\n<meta property=\"article:publisher\" content=\"https:\/\/www.facebook.com\/dicodusport\" \/>\n<meta property=\"article:published_time\" content=\"2023-05-15T12:40:46+00:00\" \/>\n<meta property=\"article:modified_time\" content=\"2023-05-15T13:11:26+00:00\" \/>\n<meta property=\"og:image\" content=\"https:\/\/dicodusport.fr\/blog\/wp-content\/uploads\/2023\/05\/Les-athletes-a-suivre-cet-ete-Baptiste-Thierry-decathlonien-haut-perche.png\" \/>\n\t<meta property=\"og:image:width\" content=\"800\" \/>\n\t<meta property=\"og:image:height\" content=\"445\" \/>\n\t<meta property=\"og:image:type\" content=\"image\/png\" \/>\n<meta name=\"author\" content=\"Etienne Goursaud\" \/>\n<meta name=\"twitter:card\" content=\"summary_large_image\" \/>\n<meta name=\"twitter:title\" content=\"Les athl\u00e8tes \u00e0 suivre cet \u00e9t\u00e9 : Baptiste Thierry, d\u00e9cathlonien haut perch\u00e9\" \/>\n<meta name=\"twitter:creator\" content=\"@dicodusport\" \/>\n<meta name=\"twitter:site\" content=\"@dicodusport\" \/>\n<script type=\"application\/ld+json\" class=\"yoast-schema-graph\">{\"@context\":\"https:\/\/schema.org\",\"@graph\":[{\"@type\":\"NewsArticle\",\"@id\":\"https:\/\/dicodusport.fr\/blog\/les-athletes-a-suivre-cet-ete-baptiste-thierry-decathlonien-haut-perche\/#article\",\"isPartOf\":{\"@id\":\"https:\/\/dicodusport.fr\/blog\/les-athletes-a-suivre-cet-ete-baptiste-thierry-decathlonien-haut-perche\/\"},\"author\":{\"name\":\"Etienne Goursaud\",\"@id\":\"https:\/\/dicodusport.fr\/blog\/#\/schema\/person\/d603dd7da31fb2b46c82b9835a77ec13\"},\"headline\":\"Les athl\u00e8tes \u00e0 suivre cet \u00e9t\u00e9 : Baptiste Thierry, d\u00e9cathlonien haut perch\u00e9\",\"datePublished\":\"2023-05-15T12:40:46+00:00\",\"dateModified\":\"2023-05-15T13:11:26+00:00\",\"mainEntityOfPage\":{\"@id\":\"https:\/\/dicodusport.fr\/blog\/les-athletes-a-suivre-cet-ete-baptiste-thierry-decathlonien-haut-perche\/\"},\"wordCount\":745,\"commentCount\":0,\"publisher\":{\"@id\":\"https:\/\/dicodusport.fr\/blog\/#organization\"},\"image\":{\"@id\":\"https:\/\/dicodusport.fr\/blog\/les-athletes-a-suivre-cet-ete-baptiste-thierry-decathlonien-haut-perche\/#primaryimage\"},\"thumbnailUrl\":\"https:\/\/dicodusport.fr\/blog\/wp-content\/uploads\/2023\/05\/Les-athletes-a-suivre-cet-ete-Baptiste-Thierry-decathlonien-haut-perche.png\",\"keywords\":[\"Athl\u00e9tisme\",\"Baptiste Thiery\",\"br\u00e8ve\",\"d\u00e9cathlon\"],\"articleSection\":[\"Athl\u00e9tisme\"],\"inLanguage\":\"fr-FR\",\"potentialAction\":[{\"@type\":\"CommentAction\",\"name\":\"Comment\",\"target\":[\"https:\/\/dicodusport.fr\/blog\/les-athletes-a-suivre-cet-ete-baptiste-thierry-decathlonien-haut-perche\/#respond\"]}],\"copyrightYear\":\"2023\",\"copyrightHolder\":{\"@id\":\"https:\/\/dicodusport.fr\/blog\/#organization\"}},{\"@type\":\"WebPage\",\"@id\":\"https:\/\/dicodusport.fr\/blog\/les-athletes-a-suivre-cet-ete-baptiste-thierry-decathlonien-haut-perche\/\",\"url\":\"https:\/\/dicodusport.fr\/blog\/les-athletes-a-suivre-cet-ete-baptiste-thierry-decathlonien-haut-perche\/\",\"name\":\"Les athl\u00e8tes \u00e0 suivre cet \u00e9t\u00e9 : Baptiste Thierry, d\u00e9cathlonien haut perch\u00e9\",\"isPartOf\":{\"@id\":\"https:\/\/dicodusport.fr\/blog\/#website\"},\"primaryImageOfPage\":{\"@id\":\"https:\/\/dicodusport.fr\/blog\/les-athletes-a-suivre-cet-ete-baptiste-thierry-decathlonien-haut-perche\/#primaryimage\"},\"image\":{\"@id\":\"https:\/\/dicodusport.fr\/blog\/les-athletes-a-suivre-cet-ete-baptiste-thierry-decathlonien-haut-perche\/#primaryimage\"},\"thumbnailUrl\":\"https:\/\/dicodusport.fr\/blog\/wp-content\/uploads\/2023\/05\/Les-athletes-a-suivre-cet-ete-Baptiste-Thierry-decathlonien-haut-perche.png\",\"datePublished\":\"2023-05-15T12:40:46+00:00\",\"dateModified\":\"2023-05-15T13:11:26+00:00\",\"description\":\"ATHL\u00c9TISME - Baptiste Thiery fait partie des meilleurs athl\u00e8tes fran\u00e7ais, que ce soit au d\u00e9cathlon ou au saut \u00e0 la perche.\",\"breadcrumb\":{\"@id\":\"https:\/\/dicodusport.fr\/blog\/les-athletes-a-suivre-cet-ete-baptiste-thierry-decathlonien-haut-perche\/#breadcrumb\"},\"inLanguage\":\"fr-FR\",\"potentialAction\":[{\"@type\":\"ReadAction\",\"target\":[\"https:\/\/dicodusport.fr\/blog\/les-athletes-a-suivre-cet-ete-baptiste-thierry-decathlonien-haut-perche\/\"]}]},{\"@type\":\"ImageObject\",\"inLanguage\":\"fr-FR\",\"@id\":\"https:\/\/dicodusport.fr\/blog\/les-athletes-a-suivre-cet-ete-baptiste-thierry-decathlonien-haut-perche\/#primaryimage\",\"url\":\"https:\/\/dicodusport.fr\/blog\/wp-content\/uploads\/2023\/05\/Les-athletes-a-suivre-cet-ete-Baptiste-Thierry-decathlonien-haut-perche.png\",\"contentUrl\":\"https:\/\/dicodusport.fr\/blog\/wp-content\/uploads\/2023\/05\/Les-athletes-a-suivre-cet-ete-Baptiste-Thierry-decathlonien-haut-perche.png\",\"width\":800,\"height\":445,\"caption\":\"Les athl\u00e8tes \u00e0 suivre cet \u00e9t\u00e9 : Baptiste Thierry, d\u00e9cathlonien haut perch\u00e9\"},{\"@type\":\"BreadcrumbList\",\"@id\":\"https:\/\/dicodusport.fr\/blog\/les-athletes-a-suivre-cet-ete-baptiste-thierry-decathlonien-haut-perche\/#breadcrumb\",\"itemListElement\":[{\"@type\":\"ListItem\",\"position\":1,\"name\":\"Accueil\",\"item\":\"https:\/\/dicodusport.fr\/blog\/\"},{\"@type\":\"ListItem\",\"position\":2,\"name\":\"Les athl\u00e8tes \u00e0 suivre cet \u00e9t\u00e9 : Baptiste Thierry, d\u00e9cathlonien haut perch\u00e9\"}]},{\"@type\":\"WebSite\",\"@id\":\"https:\/\/dicodusport.fr\/blog\/#website\",\"url\":\"https:\/\/dicodusport.fr\/blog\/\",\"name\":\"Dicodusport\",\"description\":\"L&#039;encyclop\u00e9die de l&#039;actualit\u00e9 sportive\",\"publisher\":{\"@id\":\"https:\/\/dicodusport.fr\/blog\/#organization\"},\"potentialAction\":[{\"@type\":\"SearchAction\",\"target\":{\"@type\":\"EntryPoint\",\"urlTemplate\":\"https:\/\/dicodusport.fr\/blog\/?s={search_term_string}\"},\"query-input\":{\"@type\":\"PropertyValueSpecification\",\"valueRequired\":true,\"valueName\":\"search_term_string\"}}],\"inLanguage\":\"fr-FR\"},{\"@type\":\"NewsMediaOrganization\",\"@id\":\"https:\/\/dicodusport.fr\/blog\/#organization\",\"name\":\"Dicodusport\",\"url\":\"https:\/\/dicodusport.fr\/blog\/\",\"logo\":{\"@type\":\"ImageObject\",\"inLanguage\":\"fr-FR\",\"@id\":\"https:\/\/dicodusport.fr\/blog\/#\/schema\/logo\/image\/\",\"url\":\"https:\/\/dicodusport.fr\/blog\/wp-content\/uploads\/2020\/06\/cropped-LOGO-DICODUSPORT-2020-SANS-FOND-SANS-TEXTE.png\",\"contentUrl\":\"https:\/\/dicodusport.fr\/blog\/wp-content\/uploads\/2020\/06\/cropped-LOGO-DICODUSPORT-2020-SANS-FOND-SANS-TEXTE.png\",\"width\":512,\"height\":512,\"caption\":\"Dicodusport\"},\"image\":{\"@id\":\"https:\/\/dicodusport.fr\/blog\/#\/schema\/logo\/image\/\"},\"sameAs\":[\"https:\/\/www.facebook.com\/dicodusport\",\"https:\/\/x.com\/dicodusport\",\"https:\/\/www.instagram.com\/dicodusport\/\",\"https:\/\/www.youtube.com\/channel\/UC7V2KZ5sd3htJivAbA4ZG3w\"],\"description\":\"Dicodusport est l'encyclop\u00e9die de l'actualit\u00e9 sportive.\",\"email\":\"bonjour@dicodusport.fr\",\"legalName\":\"DICODUSPORT\",\"foundingDate\":\"2018-01-14\",\"vatID\":\"FR71834470973\",\"taxID\":\"83447097300043\",\"numberOfEmployees\":{\"@type\":\"QuantitativeValue\",\"minValue\":\"1\",\"maxValue\":\"10\"}},{\"@type\":\"Person\",\"@id\":\"https:\/\/dicodusport.fr\/blog\/#\/schema\/person\/d603dd7da31fb2b46c82b9835a77ec13\",\"name\":\"Etienne Goursaud\",\"image\":{\"@type\":\"ImageObject\",\"inLanguage\":\"fr-FR\",\"@id\":\"https:\/\/dicodusport.fr\/blog\/#\/schema\/person\/image\/\",\"url\":\"https:\/\/dicodusport.fr\/blog\/wp-content\/uploads\/2023\/12\/410122264_10231602061736049_5565839791558026645_n-150x150.jpg\",\"contentUrl\":\"https:\/\/dicodusport.fr\/blog\/wp-content\/uploads\/2023\/12\/410122264_10231602061736049_5565839791558026645_n-150x150.jpg\",\"caption\":\"Etienne Goursaud\"},\"description\":\"Journaliste et amoureux de sport. Ancien footballeur reconverti athl\u00e8te quand ses muscles le laissent tranquille. \u00c9lev\u00e9 \u00e0 la sauce des exploits de Thomas Voeckler en 2004, du dernier essai de l\u00e9gende de Eunice Barber \u00e0 la longueur lors des championnats du monde d'athl\u00e9tisme de 2003 mais aussi Zidane, Omeyer et Titou Lamaison.\",\"url\":\"https:\/\/dicodusport.fr\/blog\/author\/etienne-goursaud\/\"}]}<\/script>\n<!-- \/ Yoast SEO Premium plugin. -->","yoast_head_json":{"title":"Les athl\u00e8tes \u00e0 suivre cet \u00e9t\u00e9 : Baptiste Thierry, d\u00e9cathlonien haut perch\u00e9","description":"ATHL\u00c9TISME - Baptiste Thiery fait partie des meilleurs athl\u00e8tes fran\u00e7ais, que ce soit au d\u00e9cathlon ou au saut \u00e0 la perche.","robots":{"index":"index","follow":"follow","max-snippet":"max-snippet:-1","max-image-preview":"max-image-preview:large","max-video-preview":"max-video-preview:-1"},"canonical":"https:\/\/dicodusport.fr\/blog\/les-athletes-a-suivre-cet-ete-baptiste-thierry-decathlonien-haut-perche\/","og_locale":"fr_FR","og_type":"article","og_title":"Les athl\u00e8tes \u00e0 suivre cet \u00e9t\u00e9 : Baptiste Thierry, d\u00e9cathlonien haut perch\u00e9","og_description":"ATHL\u00c9TISME - Baptiste Thiery fait partie des meilleurs athl\u00e8tes fran\u00e7ais, que ce soit au d\u00e9cathlon ou au saut \u00e0 la perche.","og_url":"https:\/\/dicodusport.fr\/blog\/les-athletes-a-suivre-cet-ete-baptiste-thierry-decathlonien-haut-perche\/","og_site_name":"Dicodusport","article_publisher":"https:\/\/www.facebook.com\/dicodusport","article_published_time":"2023-05-15T12:40:46+00:00","article_modified_time":"2023-05-15T13:11:26+00:00","og_image":[{"width":800,"height":445,"url":"https:\/\/dicodusport.fr\/blog\/wp-content\/uploads\/2023\/05\/Les-athletes-a-suivre-cet-ete-Baptiste-Thierry-decathlonien-haut-perche.png","type":"image\/png"}],"author":"Etienne Goursaud","twitter_card":"summary_large_image","twitter_title":"Les athl\u00e8tes \u00e0 suivre cet \u00e9t\u00e9 : Baptiste Thierry, d\u00e9cathlonien haut perch\u00e9","twitter_creator":"@dicodusport","twitter_site":"@dicodusport","schema":{"@context":"https:\/\/schema.org","@graph":[{"@type":"NewsArticle","@id":"https:\/\/dicodusport.fr\/blog\/les-athletes-a-suivre-cet-ete-baptiste-thierry-decathlonien-haut-perche\/#article","isPartOf":{"@id":"https:\/\/dicodusport.fr\/blog\/les-athletes-a-suivre-cet-ete-baptiste-thierry-decathlonien-haut-perche\/"},"author":{"name":"Etienne Goursaud","@id":"https:\/\/dicodusport.fr\/blog\/#\/schema\/person\/d603dd7da31fb2b46c82b9835a77ec13"},"headline":"Les athl\u00e8tes \u00e0 suivre cet \u00e9t\u00e9 : Baptiste Thierry, d\u00e9cathlonien haut perch\u00e9","datePublished":"2023-05-15T12:40:46+00:00","dateModified":"2023-05-15T13:11:26+00:00","mainEntityOfPage":{"@id":"https:\/\/dicodusport.fr\/blog\/les-athletes-a-suivre-cet-ete-baptiste-thierry-decathlonien-haut-perche\/"},"wordCount":745,"commentCount":0,"publisher":{"@id":"https:\/\/dicodusport.fr\/blog\/#organization"},"image":{"@id":"https:\/\/dicodusport.fr\/blog\/les-athletes-a-suivre-cet-ete-baptiste-thierry-decathlonien-haut-perche\/#primaryimage"},"thumbnailUrl":"https:\/\/dicodusport.fr\/blog\/wp-content\/uploads\/2023\/05\/Les-athletes-a-suivre-cet-ete-Baptiste-Thierry-decathlonien-haut-perche.png","keywords":["Athl\u00e9tisme","Baptiste Thiery","br\u00e8ve","d\u00e9cathlon"],"articleSection":["Athl\u00e9tisme"],"inLanguage":"fr-FR","potentialAction":[{"@type":"CommentAction","name":"Comment","target":["https:\/\/dicodusport.fr\/blog\/les-athletes-a-suivre-cet-ete-baptiste-thierry-decathlonien-haut-perche\/#respond"]}],"copyrightYear":"2023","copyrightHolder":{"@id":"https:\/\/dicodusport.fr\/blog\/#organization"}},{"@type":"WebPage","@id":"https:\/\/dicodusport.fr\/blog\/les-athletes-a-suivre-cet-ete-baptiste-thierry-decathlonien-haut-perche\/","url":"https:\/\/dicodusport.fr\/blog\/les-athletes-a-suivre-cet-ete-baptiste-thierry-decathlonien-haut-perche\/","name":"Les athl\u00e8tes \u00e0 suivre cet \u00e9t\u00e9 : Baptiste Thierry, d\u00e9cathlonien haut perch\u00e9","isPartOf":{"@id":"https:\/\/dicodusport.fr\/blog\/#website"},"primaryImageOfPage":{"@id":"https:\/\/dicodusport.fr\/blog\/les-athletes-a-suivre-cet-ete-baptiste-thierry-decathlonien-haut-perche\/#primaryimage"},"image":{"@id":"https:\/\/dicodusport.fr\/blog\/les-athletes-a-suivre-cet-ete-baptiste-thierry-decathlonien-haut-perche\/#primaryimage"},"thumbnailUrl":"https:\/\/dicodusport.fr\/blog\/wp-content\/uploads\/2023\/05\/Les-athletes-a-suivre-cet-ete-Baptiste-Thierry-decathlonien-haut-perche.png","datePublished":"2023-05-15T12:40:46+00:00","dateModified":"2023-05-15T13:11:26+00:00","description":"ATHL\u00c9TISME - Baptiste Thiery fait partie des meilleurs athl\u00e8tes fran\u00e7ais, que ce soit au d\u00e9cathlon ou au saut \u00e0 la perche.","breadcrumb":{"@id":"https:\/\/dicodusport.fr\/blog\/les-athletes-a-suivre-cet-ete-baptiste-thierry-decathlonien-haut-perche\/#breadcrumb"},"inLanguage":"fr-FR","potentialAction":[{"@type":"ReadAction","target":["https:\/\/dicodusport.fr\/blog\/les-athletes-a-suivre-cet-ete-baptiste-thierry-decathlonien-haut-perche\/"]}]},{"@type":"ImageObject","inLanguage":"fr-FR","@id":"https:\/\/dicodusport.fr\/blog\/les-athletes-a-suivre-cet-ete-baptiste-thierry-decathlonien-haut-perche\/#primaryimage","url":"https:\/\/dicodusport.fr\/blog\/wp-content\/uploads\/2023\/05\/Les-athletes-a-suivre-cet-ete-Baptiste-Thierry-decathlonien-haut-perche.png","contentUrl":"https:\/\/dicodusport.fr\/blog\/wp-content\/uploads\/2023\/05\/Les-athletes-a-suivre-cet-ete-Baptiste-Thierry-decathlonien-haut-perche.png","width":800,"height":445,"caption":"Les athl\u00e8tes \u00e0 suivre cet \u00e9t\u00e9 : Baptiste Thierry, d\u00e9cathlonien haut perch\u00e9"},{"@type":"BreadcrumbList","@id":"https:\/\/dicodusport.fr\/blog\/les-athletes-a-suivre-cet-ete-baptiste-thierry-decathlonien-haut-perche\/#breadcrumb","itemListElement":[{"@type":"ListItem","position":1,"name":"Accueil","item":"https:\/\/dicodusport.fr\/blog\/"},{"@type":"ListItem","position":2,"name":"Les athl\u00e8tes \u00e0 suivre cet \u00e9t\u00e9 : Baptiste Thierry, d\u00e9cathlonien haut perch\u00e9"}]},{"@type":"WebSite","@id":"https:\/\/dicodusport.fr\/blog\/#website","url":"https:\/\/dicodusport.fr\/blog\/","name":"Dicodusport","description":"L&#039;encyclop\u00e9die de l&#039;actualit\u00e9 sportive","publisher":{"@id":"https:\/\/dicodusport.fr\/blog\/#organization"},"potentialAction":[{"@type":"SearchAction","target":{"@type":"EntryPoint","urlTemplate":"https:\/\/dicodusport.fr\/blog\/?s={search_term_string}"},"query-input":{"@type":"PropertyValueSpecification","valueRequired":true,"valueName":"search_term_string"}}],"inLanguage":"fr-FR"},{"@type":"NewsMediaOrganization","@id":"https:\/\/dicodusport.fr\/blog\/#organization","name":"Dicodusport","url":"https:\/\/dicodusport.fr\/blog\/","logo":{"@type":"ImageObject","inLanguage":"fr-FR","@id":"https:\/\/dicodusport.fr\/blog\/#\/schema\/logo\/image\/","url":"https:\/\/dicodusport.fr\/blog\/wp-content\/uploads\/2020\/06\/cropped-LOGO-DICODUSPORT-2020-SANS-FOND-SANS-TEXTE.png","contentUrl":"https:\/\/dicodusport.fr\/blog\/wp-content\/uploads\/2020\/06\/cropped-LOGO-DICODUSPORT-2020-SANS-FOND-SANS-TEXTE.png","width":512,"height":512,"caption":"Dicodusport"},"image":{"@id":"https:\/\/dicodusport.fr\/blog\/#\/schema\/logo\/image\/"},"sameAs":["https:\/\/www.facebook.com\/dicodusport","https:\/\/x.com\/dicodusport","https:\/\/www.instagram.com\/dicodusport\/","https:\/\/www.youtube.com\/channel\/UC7V2KZ5sd3htJivAbA4ZG3w"],"description":"Dicodusport est l'encyclop\u00e9die de l'actualit\u00e9 sportive.","email":"bonjour@dicodusport.fr","legalName":"DICODUSPORT","foundingDate":"2018-01-14","vatID":"FR71834470973","taxID":"83447097300043","numberOfEmployees":{"@type":"QuantitativeValue","minValue":"1","maxValue":"10"}},{"@type":"Person","@id":"https:\/\/dicodusport.fr\/blog\/#\/schema\/person\/d603dd7da31fb2b46c82b9835a77ec13","name":"Etienne Goursaud","image":{"@type":"ImageObject","inLanguage":"fr-FR","@id":"https:\/\/dicodusport.fr\/blog\/#\/schema\/person\/image\/","url":"https:\/\/dicodusport.fr\/blog\/wp-content\/uploads\/2023\/12\/410122264_10231602061736049_5565839791558026645_n-150x150.jpg","contentUrl":"https:\/\/dicodusport.fr\/blog\/wp-content\/uploads\/2023\/12\/410122264_10231602061736049_5565839791558026645_n-150x150.jpg","caption":"Etienne Goursaud"},"description":"Journaliste et amoureux de sport. Ancien footballeur reconverti athl\u00e8te quand ses muscles le laissent tranquille. \u00c9lev\u00e9 \u00e0 la sauce des exploits de Thomas Voeckler en 2004, du dernier essai de l\u00e9gende de Eunice Barber \u00e0 la longueur lors des championnats du monde d'athl\u00e9tisme de 2003 mais aussi Zidane, Omeyer et Titou Lamaison.","url":"https:\/\/dicodusport.fr\/blog\/author\/etienne-goursaud\/"}]}},"_links":{"self":[{"href":"https:\/\/dicodusport.fr\/blog\/wp-json\/wp\/v2\/posts\/381161","targetHints":{"allow":["GET"]}}],"collection":[{"href":"https:\/\/dicodusport.fr\/blog\/wp-json\/wp\/v2\/posts"}],"about":[{"href":"https:\/\/dicodusport.fr\/blog\/wp-json\/wp\/v2\/types\/post"}],"author":[{"embeddable":true,"href":"https:\/\/dicodusport.fr\/blog\/wp-json\/wp\/v2\/users\/83"}],"replies":[{"embeddable":true,"href":"https:\/\/dicodusport.fr\/blog\/wp-json\/wp\/v2\/comments?post=381161"}],"version-history":[{"count":0,"href":"https:\/\/dicodusport.fr\/blog\/wp-json\/wp\/v2\/posts\/381161\/revisions"}],"wp:featuredmedia":[{"embeddable":true,"href":"https:\/\/dicodusport.fr\/blog\/wp-json\/wp\/v2\/media\/381173"}],"wp:attachment":[{"href":"https:\/\/dicodusport.fr\/blog\/wp-json\/wp\/v2\/media?parent=381161"}],"wp:term":[{"taxonomy":"category","embeddable":true,"href":"https:\/\/dicodusport.fr\/blog\/wp-json\/wp\/v2\/categories?post=381161"},{"taxonomy":"post_tag","embeddable":true,"href":"https:\/\/dicodusport.fr\/blog\/wp-json\/wp\/v2\/tags?post=381161"}],"curies":[{"name":"wp","href":"https:\/\/api.w.org\/{rel}","templated":true}]}}