{"id":381190,"date":"2023-05-11T17:15:37","date_gmt":"2023-05-11T15:15:37","guid":{"rendered":"https:\/\/dicodusport.fr\/blog\/?p=381190&#038;preview=true&#038;preview_id=381190"},"modified":"2023-05-11T18:02:40","modified_gmt":"2023-05-11T16:02:40","slug":"tour-ditalie-2023-mads-pedersen-sadjuge-la-6eme-etape","status":"publish","type":"post","link":"https:\/\/dicodusport.fr\/blog\/tour-ditalie-2023-mads-pedersen-sadjuge-la-6eme-etape\/","title":{"rendered":"Tour d\u2019Italie 2023 : Mads Pedersen s&rsquo;adjuge la 6\u00e8me \u00e9tape"},"content":{"rendered":"<p style=\"text-align: justify;\"><em><a style=\"font-weight: bold;\" href=\"https:\/\/dicodusport.fr\/blog\/actualites\/cyclisme\/cyclisme-sur-route-2023\/tour-d-italie-2023\/\">TOUR D&rsquo;ITALIE 2023<\/a><b> &#8211; Mads Pedersen (Trek-Segafredo) a remport\u00e9 au sprint la sixi\u00e8me \u00e9tape autour de Naples (162 km). Il a r\u00e9gl\u00e9 le peloton. Alessandro De Marchi (Jayco-AlUla) et Simon Clarke (Israel-Premier Tech), \u00e9chapp\u00e9s depuis le d\u00e9part, se sont fait reprendre \u00e0 200 m de la ligne d&rsquo;arriv\u00e9e, au terme d&rsquo;un final \u00e9pique.<\/b><\/em><\/p>\n<h2 style=\"text-align: justify;\">Bagarre pour prendre l&rsquo;\u00e9chapp\u00e9e du jour<\/h2>\n<p style=\"text-align: justify;\">Si cette sixi\u00e8me \u00e9tape du <strong>Tour d&rsquo;Italie 2023<\/strong> est avant tout d\u00e9di\u00e9e aux sprinteurs, le profil escarp\u00e9, en d\u00e9but d&rsquo;\u00e9tape, a suscit\u00e9 quelques vocations. Et les candidats pour prendre l&rsquo;\u00e9chapp\u00e9e \u00e9taient plus nombreux que la veille. On a vu &#8211; entre autres &#8211;<strong> Stefan K\u00fcng<\/strong> (Groupama-FDJ) tenter sa chance d\u00e8s les premiers hectom\u00e8tres d&rsquo;une course quelque peu retard\u00e9e par des incidents, comme les probl\u00e8mes m\u00e9caniques des Italiens <strong>Jonathan Milan<\/strong> (Bahrain-Victorious) et <strong>Gianni Moscon<\/strong> (Astana-Qazaqstan). Des \u00e9quipes comme la Jayco-AlUla se montrent int\u00e9ress\u00e9es pour prendre la fugue.<\/p>\n<p style=\"text-align: justify;\">Pendant qu&rsquo;\u00e0 l&rsquo;arri\u00e8re, une chute envoie \u00e0 terre des coureurs comme <strong>Fernando Gaviria<\/strong> (Movistar) et <strong>Jonathan Milan<\/strong>, d\u00e9cid\u00e9ment malchanceux, ainsi que <strong>Jay Vine<\/strong> (UAE-Team Emirates). Mais apr\u00e8s 20 kilom\u00e8tres de bagarre, le bon coup se d\u00e9gage enfin. Cinq hommes, <strong>Alexandre Delettre<\/strong> (Cofidis), <strong>Francesco Gavazzi<\/strong> (Eolo-Kometa), <strong>Simon Clarke<\/strong> (Israel-Premier Tech), <strong>Charlie Quaterman<\/strong> (Team-Corratec) et<strong> Alessandro De Marchi<\/strong> (Jayco-AlUla). Avec un autre Italien,<strong> Alessandro Verre<\/strong> (Arkea-Samsic), qui a tent\u00e9 de rejoindre le groupe, mais qui a d\u00fb renoncer, apr\u00e8s de nombreux kilom\u00e8tres en chasse-patate.<\/p>\n<h2 style=\"text-align: justify;\">Le peloton ne laisse pas filer<\/h2>\n<p style=\"text-align: justify;\">Mais le peloton n&rsquo;abdique pas totalement et certains tentent de relancer l&rsquo;allure. Finalement, peu avant le sprint interm\u00e9diaire, le peloton abdique d\u00e9finitivement et les hommes devant prennent du champ. Plus de 3 minutes. Puis 5 minutes au sommet du Valico Di Chiunzi, la principale difficult\u00e9 de cette journ\u00e9e. Une difficult\u00e9 qui fait mal \u00e0 certains coureurs, malgr\u00e9 un rythme loin d&rsquo;\u00eatre effr\u00e9n\u00e9. Dont <strong>Mark Cavendish<\/strong> (Astana), 4e ce mercredi, mais qui a chut\u00e9 sur la ligne d&rsquo;arriv\u00e9e. Le Britannique est attendu par son \u00e9quipe, alors que les INEOS Grenadiers embrayent. Et continuent, une fois le sommet franchi. Ce qui n&rsquo;est pas favorable aux \u00e9chapp\u00e9s qui perdent du temps. Il n&rsquo;y a plus que 3:20 \u00e0 104 kilom\u00e8tres de l&rsquo;arriv\u00e9e.<\/p>\n<blockquote class=\"twitter-tweet\">\n<p dir=\"ltr\" lang=\"fr\">Et si Ineos cherchait plut\u00f4t \u00e0 tester Remco dans la descente plut\u00f4t que dans la mont\u00e9e ?<\/p>\n<p>Un Remco en perte de confiance \u00e0 rapport \u00e0 hier ? Le pousser \u00e0 la faute de mani\u00e8re vicieuse ? <a href=\"https:\/\/twitter.com\/hashtag\/LesRP?src=hash&amp;ref_src=twsrc%5Etfw\">#LesRP<\/a> <a href=\"https:\/\/twitter.com\/hashtag\/Giro106?src=hash&amp;ref_src=twsrc%5Etfw\">#Giro106<\/a> <a href=\"https:\/\/t.co\/4YwqLFRLO0\">https:\/\/t.co\/4YwqLFRLO0<\/a><\/p>\n<p>\u2014 La Thib (@ThibaudChmbr) <a href=\"https:\/\/twitter.com\/ThibaudChmbr\/status\/1656639592013987840?ref_src=twsrc%5Etfw\">May 11, 2023<\/a><\/p><\/blockquote>\n<p style=\"text-align: justify;\"><script async src=\"https:\/\/platform.twitter.com\/widgets.js\" charset=\"utf-8\"><\/script><\/p>\n<h2 style=\"text-align: justify;\">Mais Clarke et De Marchi r\u00e9sistent<\/h2>\n<p style=\"text-align: justify;\">Dans la seconde difficult\u00e9, le Picco Sant&rsquo;Angelo, l&rsquo;\u00e9chapp\u00e9e explose, car le peloton revient fort, \u00e0 seulement 2:20. <strong>Alessandro De Marchi<\/strong> et <strong>Simon Clarke<\/strong> se d\u00e9barrassent de leurs compagnons d&rsquo;\u00e9chapp\u00e9e. Mais \u00e0 deux, alors qu&rsquo;il reste encore 66 kilom\u00e8tres de l&rsquo;arriv\u00e9e, difficile alors d&rsquo;imaginer pour eux que cela puisse aller au bout. Les deux hommes font un beau num\u00e9ro face \u00e0 un peloton qui a choisi la prudence. \u00c0 45 kilom\u00e8tres de l&rsquo;arriv\u00e9e, l&rsquo;\u00e9cart est encore de 2:40. Le peloton est surtout emmen\u00e9 par la Trek-Segafredo d&rsquo;un<strong> Mads Pedersen<\/strong> qui tourne autour de la victoire sans, pour le moment, l&rsquo;obtenir. L&rsquo;ancien champion du monde sait que l&rsquo;arriv\u00e9e peut \u00eatre pour lui et ne veut pas laisser l&rsquo;opportunit\u00e9 passer. Mais il faut dire que les deux hommes devant opposent une belle r\u00e9sistance. L&rsquo;\u00e9cart ne bouge pas 2:30 \u00e0 32 kilom\u00e8tres de l&rsquo;arriv\u00e9e.<\/p>\n<p style=\"text-align: justify;\">Finalement, apr\u00e8s la Team DSM, la Bahrain-Victorious c\u00e8de \u00e0 son tour et met un homme \u00e0 rouler. Il y a alors 2:10 de retard \u00e0 26 kilom\u00e8tres de l&rsquo;arriv\u00e9e. Idem pour Alpecin-Deceuninck et Movistar. Tout le monde craque et chaque sprinteur veut son sprint, avant une petite p\u00e9riode sans os \u00e0 ronger pour eux. Et l&rsquo;\u00e9cart n&rsquo;est plus que de 1:20 \u00e0 16 kilom\u00e8tres de l&rsquo;arriv\u00e9e. Alors que <strong>Primoz Roglic<\/strong> (Jumbo-Visma) est victime d&rsquo;un p\u00e9pin m\u00e9canique \u00e0 un bien mauvais moment. Quelques kilom\u00e8tres plus loin, <strong>Geraint Thomas<\/strong> est \u00e0 son tour victime d&rsquo;un souci.<\/p>\n<h2 style=\"text-align: justify;\">Cruel pour Clarke et De Marchi<\/h2>\n<p style=\"text-align: justify;\">\u00c0 10 kilom\u00e8tres de l&rsquo;arriv\u00e9e, l&rsquo;\u00e9cart est de 1 minute tout pile. En plein dans le fameux th\u00e9or\u00e8me de Robert Chapatte. Mais le duo ne perd absolument pas de temps et continue sa belle r\u00e9sistance. Il y a encore 46 secondes \u00e0 6 kilom\u00e8tres de l&rsquo;arriv\u00e9e. Au fil du final, le bras de fer est en train de tourner \u00e0 l&rsquo;avantage de ce duo. Qui dispose de 18 secondes sous la flamme rouge. Mais c&rsquo;est \u00e0 ce moment-l\u00e0 de la course qu&rsquo;<strong>Alessandro De Marchi<\/strong>, qui se sait moins rapide, d\u00e9cide d&rsquo;arr\u00eater de rouler. Et le duo temporise. Trop. Le peloton, lanc\u00e9 comme un frelon derri\u00e8re, avale finalement le duo \u00e0 200 m de l&rsquo;arriv\u00e9e.<\/p>\n<p style=\"text-align: justify;\"><strong>Fernando Gaviria<\/strong> lance son sprint de tr\u00e8s loin. Mais <strong>Mads Pedersen<\/strong> le d\u00e9borde. Le champion du monde 2019 r\u00e9siste \u00e0 tout le monde, y compris \u00e0 un<strong> Jonathan Milan<\/strong> revenu tr\u00e8s fort derri\u00e8re. Le Danois devient le 104e coureur \u00e0 remporter une \u00e9tape sur les trois Grands Tours. Et confirme son excellent d\u00e9but de saison. L&rsquo;Italien, deuxi\u00e8me, garde le cyclamen. <strong>Kaden Groves<\/strong>, qui n&rsquo;a jamais fait rouler son \u00e9quipe, n&rsquo;a pas pu profiter de la fra\u00eecheur de celle-ci. L&rsquo;Australien n&rsquo;est que 4e aujourd&rsquo;hui. C&rsquo;est <strong>Pascal Ackermann<\/strong> (UAE-Team Emirates) qui compl\u00e8te le podium.<\/p>\n<blockquote class=\"twitter-tweet\">\n<p dir=\"ltr\" lang=\"fr\">\ud83c\udde9\ud83c\uddf0 Victoire de Mads Pedersen \u00e0 Naples sur la 6e \u00e9tape !<\/p>\n<p>Incroyable final, De Marchi et Clarke se sont trop regard\u00e9s dans le dernier kilom\u00e8tre \u26a1\ufe0f<a href=\"https:\/\/twitter.com\/hashtag\/Giro?src=hash&amp;ref_src=twsrc%5Etfw\">#Giro<\/a> <a href=\"https:\/\/twitter.com\/hashtag\/LesRP?src=hash&amp;ref_src=twsrc%5Etfw\">#LesRP<\/a> <a href=\"https:\/\/t.co\/6AQCMkX2yX\">pic.twitter.com\/6AQCMkX2yX<\/a><\/p>\n<p>\u2014 Eurosport France (@Eurosport_FR) <a href=\"https:\/\/twitter.com\/Eurosport_FR\/status\/1656681554494754816?ref_src=twsrc%5Etfw\">May 11, 2023<\/a><\/p><\/blockquote>\n<p><script async src=\"https:\/\/platform.twitter.com\/widgets.js\" charset=\"utf-8\"><\/script><\/p>\n<h2>\u00c0 lire aussi<\/h2>\n<ul>\n<li style=\"text-align: justify;\"><strong><a href=\"https:\/\/dicodusport.fr\/blog\/tour-d-italie-2023-classement-6eme-etape\/\">Le classement de la 6\u00e8me \u00e9tape du Tour d\u2019Italie<\/a>\u00a0<\/strong><\/li>\n<li style=\"text-align: justify;\"><a href=\"https:\/\/dicodusport.fr\/blog\/tour-d-italie-2023-classement-general-maillot-rose\/\"><strong>Le classement g\u00e9n\u00e9ral du Tour d\u2019Italie 2023<\/strong><\/a><\/li>\n<\/ul>\n","protected":false},"excerpt":{"rendered":"<p>TOUR D&rsquo;ITALIE 2023 &#8211; Mads Pedersen (Trek-Segafredo) a remport\u00e9 au sprint la sixi\u00e8me \u00e9tape autour de Naples (162 km). Il a r\u00e9gl\u00e9 le peloton. Alessandro De Marchi (Jayco-AlUla) et Simon Clarke (Israel-Premier Tech), \u00e9chapp\u00e9s depuis le d\u00e9part, se sont faits reprendre \u00e0 200 m de la ligne d&rsquo;arriv\u00e9e, au terme d&rsquo;un final \u00e9pique.<\/p>\n","protected":false},"author":83,"featured_media":381266,"comment_status":"open","ping_status":"closed","sticky":false,"template":"","format":"standard","meta":{"_acf_changed":false,"_daextam_enable_autolinks":"","footnotes":""},"categories":[47041],"tags":[3119,16878,26327,24],"class_list":["post-381190","post","type-post","status-publish","format-standard","has-post-thumbnail","hentry","category-tour-d-italie","tag-actualite-cyclisme","tag-breve","tag-mads-pedersen","tag-sport"],"acf":[],"yoast_head":"<!-- This site is optimized with the Yoast SEO Premium plugin v26.7 (Yoast SEO v26.7) - https:\/\/yoast.com\/wordpress\/plugins\/seo\/ -->\n<title>Tour d\u2019Italie 2023 : Mads Pedersen s&#039;adjuge la 6\u00e8me \u00e9tape<\/title>\n<meta name=\"description\" content=\"TOUR D&#039;ITALIE 2023 - Mads Pedersen (Trek-Segafredo) a remport\u00e9 au sprint la sixi\u00e8me \u00e9tape autour de Naples (162 km).\" \/>\n<meta name=\"robots\" content=\"index, follow, max-snippet:-1, max-image-preview:large, max-video-preview:-1\" \/>\n<link rel=\"canonical\" href=\"https:\/\/dicodusport.fr\/blog\/tour-ditalie-2023-mads-pedersen-sadjuge-la-6eme-etape\/\" \/>\n<meta property=\"og:locale\" content=\"fr_FR\" \/>\n<meta property=\"og:type\" content=\"article\" \/>\n<meta property=\"og:title\" content=\"Tour d\u2019Italie 2023 : Mads Pedersen s&#039;adjuge la 6\u00e8me \u00e9tape\" \/>\n<meta property=\"og:description\" content=\"TOUR D&#039;ITALIE 2023 - Mads Pedersen (Trek-Segafredo) a remport\u00e9 au sprint la sixi\u00e8me \u00e9tape autour de Naples (162 km).\" \/>\n<meta property=\"og:url\" content=\"https:\/\/dicodusport.fr\/blog\/tour-ditalie-2023-mads-pedersen-sadjuge-la-6eme-etape\/\" \/>\n<meta property=\"og:site_name\" content=\"Dicodusport\" \/>\n<meta property=\"article:publisher\" content=\"https:\/\/www.facebook.com\/dicodusport\" \/>\n<meta property=\"article:published_time\" content=\"2023-05-11T15:15:37+00:00\" \/>\n<meta property=\"article:modified_time\" content=\"2023-05-11T16:02:40+00:00\" \/>\n<meta property=\"og:image\" content=\"https:\/\/dicodusport.fr\/blog\/wp-content\/uploads\/2023\/05\/Tour-dItalie-2023-Mads-Pedersen-sadjuge-la-6eme-etape.png\" \/>\n\t<meta property=\"og:image:width\" content=\"800\" \/>\n\t<meta property=\"og:image:height\" content=\"445\" \/>\n\t<meta property=\"og:image:type\" content=\"image\/png\" \/>\n<meta name=\"author\" content=\"Etienne Goursaud\" \/>\n<meta name=\"twitter:card\" content=\"summary_large_image\" \/>\n<meta name=\"twitter:title\" content=\"Tour d\u2019Italie 2023 : Mads Pedersen s&#039;adjuge la 6\u00e8me \u00e9tape\" \/>\n<meta name=\"twitter:creator\" content=\"@dicodusport\" \/>\n<meta name=\"twitter:site\" content=\"@dicodusport\" \/>\n<script type=\"application\/ld+json\" class=\"yoast-schema-graph\">{\"@context\":\"https:\/\/schema.org\",\"@graph\":[{\"@type\":\"NewsArticle\",\"@id\":\"https:\/\/dicodusport.fr\/blog\/tour-ditalie-2023-mads-pedersen-sadjuge-la-6eme-etape\/#article\",\"isPartOf\":{\"@id\":\"https:\/\/dicodusport.fr\/blog\/tour-ditalie-2023-mads-pedersen-sadjuge-la-6eme-etape\/\"},\"author\":{\"name\":\"Etienne Goursaud\",\"@id\":\"https:\/\/dicodusport.fr\/blog\/#\/schema\/person\/d603dd7da31fb2b46c82b9835a77ec13\"},\"headline\":\"Tour d\u2019Italie 2023 : Mads Pedersen s&rsquo;adjuge la 6\u00e8me \u00e9tape\",\"datePublished\":\"2023-05-11T15:15:37+00:00\",\"dateModified\":\"2023-05-11T16:02:40+00:00\",\"mainEntityOfPage\":{\"@id\":\"https:\/\/dicodusport.fr\/blog\/tour-ditalie-2023-mads-pedersen-sadjuge-la-6eme-etape\/\"},\"wordCount\":996,\"commentCount\":0,\"publisher\":{\"@id\":\"https:\/\/dicodusport.fr\/blog\/#organization\"},\"image\":{\"@id\":\"https:\/\/dicodusport.fr\/blog\/tour-ditalie-2023-mads-pedersen-sadjuge-la-6eme-etape\/#primaryimage\"},\"thumbnailUrl\":\"https:\/\/dicodusport.fr\/blog\/wp-content\/uploads\/2023\/05\/Tour-dItalie-2023-Mads-Pedersen-sadjuge-la-6eme-etape.png\",\"keywords\":[\"Actualit\u00e9 Cyclisme\",\"br\u00e8ve\",\"Mads Pedersen\",\"sport\"],\"articleSection\":[\"Tour d'Italie\"],\"inLanguage\":\"fr-FR\",\"potentialAction\":[{\"@type\":\"CommentAction\",\"name\":\"Comment\",\"target\":[\"https:\/\/dicodusport.fr\/blog\/tour-ditalie-2023-mads-pedersen-sadjuge-la-6eme-etape\/#respond\"]}],\"copyrightYear\":\"2023\",\"copyrightHolder\":{\"@id\":\"https:\/\/dicodusport.fr\/blog\/#organization\"}},{\"@type\":\"WebPage\",\"@id\":\"https:\/\/dicodusport.fr\/blog\/tour-ditalie-2023-mads-pedersen-sadjuge-la-6eme-etape\/\",\"url\":\"https:\/\/dicodusport.fr\/blog\/tour-ditalie-2023-mads-pedersen-sadjuge-la-6eme-etape\/\",\"name\":\"Tour d\u2019Italie 2023 : Mads Pedersen s'adjuge la 6\u00e8me \u00e9tape\",\"isPartOf\":{\"@id\":\"https:\/\/dicodusport.fr\/blog\/#website\"},\"primaryImageOfPage\":{\"@id\":\"https:\/\/dicodusport.fr\/blog\/tour-ditalie-2023-mads-pedersen-sadjuge-la-6eme-etape\/#primaryimage\"},\"image\":{\"@id\":\"https:\/\/dicodusport.fr\/blog\/tour-ditalie-2023-mads-pedersen-sadjuge-la-6eme-etape\/#primaryimage\"},\"thumbnailUrl\":\"https:\/\/dicodusport.fr\/blog\/wp-content\/uploads\/2023\/05\/Tour-dItalie-2023-Mads-Pedersen-sadjuge-la-6eme-etape.png\",\"datePublished\":\"2023-05-11T15:15:37+00:00\",\"dateModified\":\"2023-05-11T16:02:40+00:00\",\"description\":\"TOUR D'ITALIE 2023 - Mads Pedersen (Trek-Segafredo) a remport\u00e9 au sprint la sixi\u00e8me \u00e9tape autour de Naples (162 km).\",\"breadcrumb\":{\"@id\":\"https:\/\/dicodusport.fr\/blog\/tour-ditalie-2023-mads-pedersen-sadjuge-la-6eme-etape\/#breadcrumb\"},\"inLanguage\":\"fr-FR\",\"potentialAction\":[{\"@type\":\"ReadAction\",\"target\":[\"https:\/\/dicodusport.fr\/blog\/tour-ditalie-2023-mads-pedersen-sadjuge-la-6eme-etape\/\"]}]},{\"@type\":\"ImageObject\",\"inLanguage\":\"fr-FR\",\"@id\":\"https:\/\/dicodusport.fr\/blog\/tour-ditalie-2023-mads-pedersen-sadjuge-la-6eme-etape\/#primaryimage\",\"url\":\"https:\/\/dicodusport.fr\/blog\/wp-content\/uploads\/2023\/05\/Tour-dItalie-2023-Mads-Pedersen-sadjuge-la-6eme-etape.png\",\"contentUrl\":\"https:\/\/dicodusport.fr\/blog\/wp-content\/uploads\/2023\/05\/Tour-dItalie-2023-Mads-Pedersen-sadjuge-la-6eme-etape.png\",\"width\":800,\"height\":445,\"caption\":\"Tour d\u2019Italie 2023 Mads Pedersen s'adjuge la 6\u00e8me \u00e9tape\"},{\"@type\":\"BreadcrumbList\",\"@id\":\"https:\/\/dicodusport.fr\/blog\/tour-ditalie-2023-mads-pedersen-sadjuge-la-6eme-etape\/#breadcrumb\",\"itemListElement\":[{\"@type\":\"ListItem\",\"position\":1,\"name\":\"Accueil\",\"item\":\"https:\/\/dicodusport.fr\/blog\/\"},{\"@type\":\"ListItem\",\"position\":2,\"name\":\"Tour d\u2019Italie 2023 : Mads Pedersen s&rsquo;adjuge la 6\u00e8me \u00e9tape\"}]},{\"@type\":\"WebSite\",\"@id\":\"https:\/\/dicodusport.fr\/blog\/#website\",\"url\":\"https:\/\/dicodusport.fr\/blog\/\",\"name\":\"Dicodusport\",\"description\":\"L&#039;encyclop\u00e9die de l&#039;actualit\u00e9 sportive\",\"publisher\":{\"@id\":\"https:\/\/dicodusport.fr\/blog\/#organization\"},\"potentialAction\":[{\"@type\":\"SearchAction\",\"target\":{\"@type\":\"EntryPoint\",\"urlTemplate\":\"https:\/\/dicodusport.fr\/blog\/?s={search_term_string}\"},\"query-input\":{\"@type\":\"PropertyValueSpecification\",\"valueRequired\":true,\"valueName\":\"search_term_string\"}}],\"inLanguage\":\"fr-FR\"},{\"@type\":\"NewsMediaOrganization\",\"@id\":\"https:\/\/dicodusport.fr\/blog\/#organization\",\"name\":\"Dicodusport\",\"url\":\"https:\/\/dicodusport.fr\/blog\/\",\"logo\":{\"@type\":\"ImageObject\",\"inLanguage\":\"fr-FR\",\"@id\":\"https:\/\/dicodusport.fr\/blog\/#\/schema\/logo\/image\/\",\"url\":\"https:\/\/dicodusport.fr\/blog\/wp-content\/uploads\/2020\/06\/cropped-LOGO-DICODUSPORT-2020-SANS-FOND-SANS-TEXTE.png\",\"contentUrl\":\"https:\/\/dicodusport.fr\/blog\/wp-content\/uploads\/2020\/06\/cropped-LOGO-DICODUSPORT-2020-SANS-FOND-SANS-TEXTE.png\",\"width\":512,\"height\":512,\"caption\":\"Dicodusport\"},\"image\":{\"@id\":\"https:\/\/dicodusport.fr\/blog\/#\/schema\/logo\/image\/\"},\"sameAs\":[\"https:\/\/www.facebook.com\/dicodusport\",\"https:\/\/x.com\/dicodusport\",\"https:\/\/www.instagram.com\/dicodusport\/\",\"https:\/\/www.youtube.com\/channel\/UC7V2KZ5sd3htJivAbA4ZG3w\"],\"description\":\"Dicodusport est l'encyclop\u00e9die de l'actualit\u00e9 sportive.\",\"email\":\"bonjour@dicodusport.fr\",\"legalName\":\"DICODUSPORT\",\"foundingDate\":\"2018-01-14\",\"vatID\":\"FR71834470973\",\"taxID\":\"83447097300043\",\"numberOfEmployees\":{\"@type\":\"QuantitativeValue\",\"minValue\":\"1\",\"maxValue\":\"10\"}},{\"@type\":\"Person\",\"@id\":\"https:\/\/dicodusport.fr\/blog\/#\/schema\/person\/d603dd7da31fb2b46c82b9835a77ec13\",\"name\":\"Etienne Goursaud\",\"image\":{\"@type\":\"ImageObject\",\"inLanguage\":\"fr-FR\",\"@id\":\"https:\/\/dicodusport.fr\/blog\/#\/schema\/person\/image\/\",\"url\":\"https:\/\/dicodusport.fr\/blog\/wp-content\/uploads\/2023\/12\/410122264_10231602061736049_5565839791558026645_n-150x150.jpg\",\"contentUrl\":\"https:\/\/dicodusport.fr\/blog\/wp-content\/uploads\/2023\/12\/410122264_10231602061736049_5565839791558026645_n-150x150.jpg\",\"caption\":\"Etienne Goursaud\"},\"description\":\"Journaliste et amoureux de sport. Ancien footballeur reconverti athl\u00e8te quand ses muscles le laissent tranquille. \u00c9lev\u00e9 \u00e0 la sauce des exploits de Thomas Voeckler en 2004, du dernier essai de l\u00e9gende de Eunice Barber \u00e0 la longueur lors des championnats du monde d'athl\u00e9tisme de 2003 mais aussi Zidane, Omeyer et Titou Lamaison.\",\"url\":\"https:\/\/dicodusport.fr\/blog\/author\/etienne-goursaud\/\"}]}<\/script>\n<!-- \/ Yoast SEO Premium plugin. -->","yoast_head_json":{"title":"Tour d\u2019Italie 2023 : Mads Pedersen s'adjuge la 6\u00e8me \u00e9tape","description":"TOUR D'ITALIE 2023 - Mads Pedersen (Trek-Segafredo) a remport\u00e9 au sprint la sixi\u00e8me \u00e9tape autour de Naples (162 km).","robots":{"index":"index","follow":"follow","max-snippet":"max-snippet:-1","max-image-preview":"max-image-preview:large","max-video-preview":"max-video-preview:-1"},"canonical":"https:\/\/dicodusport.fr\/blog\/tour-ditalie-2023-mads-pedersen-sadjuge-la-6eme-etape\/","og_locale":"fr_FR","og_type":"article","og_title":"Tour d\u2019Italie 2023 : Mads Pedersen s'adjuge la 6\u00e8me \u00e9tape","og_description":"TOUR D'ITALIE 2023 - Mads Pedersen (Trek-Segafredo) a remport\u00e9 au sprint la sixi\u00e8me \u00e9tape autour de Naples (162 km).","og_url":"https:\/\/dicodusport.fr\/blog\/tour-ditalie-2023-mads-pedersen-sadjuge-la-6eme-etape\/","og_site_name":"Dicodusport","article_publisher":"https:\/\/www.facebook.com\/dicodusport","article_published_time":"2023-05-11T15:15:37+00:00","article_modified_time":"2023-05-11T16:02:40+00:00","og_image":[{"width":800,"height":445,"url":"https:\/\/dicodusport.fr\/blog\/wp-content\/uploads\/2023\/05\/Tour-dItalie-2023-Mads-Pedersen-sadjuge-la-6eme-etape.png","type":"image\/png"}],"author":"Etienne Goursaud","twitter_card":"summary_large_image","twitter_title":"Tour d\u2019Italie 2023 : Mads Pedersen s'adjuge la 6\u00e8me \u00e9tape","twitter_creator":"@dicodusport","twitter_site":"@dicodusport","schema":{"@context":"https:\/\/schema.org","@graph":[{"@type":"NewsArticle","@id":"https:\/\/dicodusport.fr\/blog\/tour-ditalie-2023-mads-pedersen-sadjuge-la-6eme-etape\/#article","isPartOf":{"@id":"https:\/\/dicodusport.fr\/blog\/tour-ditalie-2023-mads-pedersen-sadjuge-la-6eme-etape\/"},"author":{"name":"Etienne Goursaud","@id":"https:\/\/dicodusport.fr\/blog\/#\/schema\/person\/d603dd7da31fb2b46c82b9835a77ec13"},"headline":"Tour d\u2019Italie 2023 : Mads Pedersen s&rsquo;adjuge la 6\u00e8me \u00e9tape","datePublished":"2023-05-11T15:15:37+00:00","dateModified":"2023-05-11T16:02:40+00:00","mainEntityOfPage":{"@id":"https:\/\/dicodusport.fr\/blog\/tour-ditalie-2023-mads-pedersen-sadjuge-la-6eme-etape\/"},"wordCount":996,"commentCount":0,"publisher":{"@id":"https:\/\/dicodusport.fr\/blog\/#organization"},"image":{"@id":"https:\/\/dicodusport.fr\/blog\/tour-ditalie-2023-mads-pedersen-sadjuge-la-6eme-etape\/#primaryimage"},"thumbnailUrl":"https:\/\/dicodusport.fr\/blog\/wp-content\/uploads\/2023\/05\/Tour-dItalie-2023-Mads-Pedersen-sadjuge-la-6eme-etape.png","keywords":["Actualit\u00e9 Cyclisme","br\u00e8ve","Mads Pedersen","sport"],"articleSection":["Tour d'Italie"],"inLanguage":"fr-FR","potentialAction":[{"@type":"CommentAction","name":"Comment","target":["https:\/\/dicodusport.fr\/blog\/tour-ditalie-2023-mads-pedersen-sadjuge-la-6eme-etape\/#respond"]}],"copyrightYear":"2023","copyrightHolder":{"@id":"https:\/\/dicodusport.fr\/blog\/#organization"}},{"@type":"WebPage","@id":"https:\/\/dicodusport.fr\/blog\/tour-ditalie-2023-mads-pedersen-sadjuge-la-6eme-etape\/","url":"https:\/\/dicodusport.fr\/blog\/tour-ditalie-2023-mads-pedersen-sadjuge-la-6eme-etape\/","name":"Tour d\u2019Italie 2023 : Mads Pedersen s'adjuge la 6\u00e8me \u00e9tape","isPartOf":{"@id":"https:\/\/dicodusport.fr\/blog\/#website"},"primaryImageOfPage":{"@id":"https:\/\/dicodusport.fr\/blog\/tour-ditalie-2023-mads-pedersen-sadjuge-la-6eme-etape\/#primaryimage"},"image":{"@id":"https:\/\/dicodusport.fr\/blog\/tour-ditalie-2023-mads-pedersen-sadjuge-la-6eme-etape\/#primaryimage"},"thumbnailUrl":"https:\/\/dicodusport.fr\/blog\/wp-content\/uploads\/2023\/05\/Tour-dItalie-2023-Mads-Pedersen-sadjuge-la-6eme-etape.png","datePublished":"2023-05-11T15:15:37+00:00","dateModified":"2023-05-11T16:02:40+00:00","description":"TOUR D'ITALIE 2023 - Mads Pedersen (Trek-Segafredo) a remport\u00e9 au sprint la sixi\u00e8me \u00e9tape autour de Naples (162 km).","breadcrumb":{"@id":"https:\/\/dicodusport.fr\/blog\/tour-ditalie-2023-mads-pedersen-sadjuge-la-6eme-etape\/#breadcrumb"},"inLanguage":"fr-FR","potentialAction":[{"@type":"ReadAction","target":["https:\/\/dicodusport.fr\/blog\/tour-ditalie-2023-mads-pedersen-sadjuge-la-6eme-etape\/"]}]},{"@type":"ImageObject","inLanguage":"fr-FR","@id":"https:\/\/dicodusport.fr\/blog\/tour-ditalie-2023-mads-pedersen-sadjuge-la-6eme-etape\/#primaryimage","url":"https:\/\/dicodusport.fr\/blog\/wp-content\/uploads\/2023\/05\/Tour-dItalie-2023-Mads-Pedersen-sadjuge-la-6eme-etape.png","contentUrl":"https:\/\/dicodusport.fr\/blog\/wp-content\/uploads\/2023\/05\/Tour-dItalie-2023-Mads-Pedersen-sadjuge-la-6eme-etape.png","width":800,"height":445,"caption":"Tour d\u2019Italie 2023 Mads Pedersen s'adjuge la 6\u00e8me \u00e9tape"},{"@type":"BreadcrumbList","@id":"https:\/\/dicodusport.fr\/blog\/tour-ditalie-2023-mads-pedersen-sadjuge-la-6eme-etape\/#breadcrumb","itemListElement":[{"@type":"ListItem","position":1,"name":"Accueil","item":"https:\/\/dicodusport.fr\/blog\/"},{"@type":"ListItem","position":2,"name":"Tour d\u2019Italie 2023 : Mads Pedersen s&rsquo;adjuge la 6\u00e8me \u00e9tape"}]},{"@type":"WebSite","@id":"https:\/\/dicodusport.fr\/blog\/#website","url":"https:\/\/dicodusport.fr\/blog\/","name":"Dicodusport","description":"L&#039;encyclop\u00e9die de l&#039;actualit\u00e9 sportive","publisher":{"@id":"https:\/\/dicodusport.fr\/blog\/#organization"},"potentialAction":[{"@type":"SearchAction","target":{"@type":"EntryPoint","urlTemplate":"https:\/\/dicodusport.fr\/blog\/?s={search_term_string}"},"query-input":{"@type":"PropertyValueSpecification","valueRequired":true,"valueName":"search_term_string"}}],"inLanguage":"fr-FR"},{"@type":"NewsMediaOrganization","@id":"https:\/\/dicodusport.fr\/blog\/#organization","name":"Dicodusport","url":"https:\/\/dicodusport.fr\/blog\/","logo":{"@type":"ImageObject","inLanguage":"fr-FR","@id":"https:\/\/dicodusport.fr\/blog\/#\/schema\/logo\/image\/","url":"https:\/\/dicodusport.fr\/blog\/wp-content\/uploads\/2020\/06\/cropped-LOGO-DICODUSPORT-2020-SANS-FOND-SANS-TEXTE.png","contentUrl":"https:\/\/dicodusport.fr\/blog\/wp-content\/uploads\/2020\/06\/cropped-LOGO-DICODUSPORT-2020-SANS-FOND-SANS-TEXTE.png","width":512,"height":512,"caption":"Dicodusport"},"image":{"@id":"https:\/\/dicodusport.fr\/blog\/#\/schema\/logo\/image\/"},"sameAs":["https:\/\/www.facebook.com\/dicodusport","https:\/\/x.com\/dicodusport","https:\/\/www.instagram.com\/dicodusport\/","https:\/\/www.youtube.com\/channel\/UC7V2KZ5sd3htJivAbA4ZG3w"],"description":"Dicodusport est l'encyclop\u00e9die de l'actualit\u00e9 sportive.","email":"bonjour@dicodusport.fr","legalName":"DICODUSPORT","foundingDate":"2018-01-14","vatID":"FR71834470973","taxID":"83447097300043","numberOfEmployees":{"@type":"QuantitativeValue","minValue":"1","maxValue":"10"}},{"@type":"Person","@id":"https:\/\/dicodusport.fr\/blog\/#\/schema\/person\/d603dd7da31fb2b46c82b9835a77ec13","name":"Etienne Goursaud","image":{"@type":"ImageObject","inLanguage":"fr-FR","@id":"https:\/\/dicodusport.fr\/blog\/#\/schema\/person\/image\/","url":"https:\/\/dicodusport.fr\/blog\/wp-content\/uploads\/2023\/12\/410122264_10231602061736049_5565839791558026645_n-150x150.jpg","contentUrl":"https:\/\/dicodusport.fr\/blog\/wp-content\/uploads\/2023\/12\/410122264_10231602061736049_5565839791558026645_n-150x150.jpg","caption":"Etienne Goursaud"},"description":"Journaliste et amoureux de sport. Ancien footballeur reconverti athl\u00e8te quand ses muscles le laissent tranquille. \u00c9lev\u00e9 \u00e0 la sauce des exploits de Thomas Voeckler en 2004, du dernier essai de l\u00e9gende de Eunice Barber \u00e0 la longueur lors des championnats du monde d'athl\u00e9tisme de 2003 mais aussi Zidane, Omeyer et Titou Lamaison.","url":"https:\/\/dicodusport.fr\/blog\/author\/etienne-goursaud\/"}]}},"_links":{"self":[{"href":"https:\/\/dicodusport.fr\/blog\/wp-json\/wp\/v2\/posts\/381190","targetHints":{"allow":["GET"]}}],"collection":[{"href":"https:\/\/dicodusport.fr\/blog\/wp-json\/wp\/v2\/posts"}],"about":[{"href":"https:\/\/dicodusport.fr\/blog\/wp-json\/wp\/v2\/types\/post"}],"author":[{"embeddable":true,"href":"https:\/\/dicodusport.fr\/blog\/wp-json\/wp\/v2\/users\/83"}],"replies":[{"embeddable":true,"href":"https:\/\/dicodusport.fr\/blog\/wp-json\/wp\/v2\/comments?post=381190"}],"version-history":[{"count":0,"href":"https:\/\/dicodusport.fr\/blog\/wp-json\/wp\/v2\/posts\/381190\/revisions"}],"wp:featuredmedia":[{"embeddable":true,"href":"https:\/\/dicodusport.fr\/blog\/wp-json\/wp\/v2\/media\/381266"}],"wp:attachment":[{"href":"https:\/\/dicodusport.fr\/blog\/wp-json\/wp\/v2\/media?parent=381190"}],"wp:term":[{"taxonomy":"category","embeddable":true,"href":"https:\/\/dicodusport.fr\/blog\/wp-json\/wp\/v2\/categories?post=381190"},{"taxonomy":"post_tag","embeddable":true,"href":"https:\/\/dicodusport.fr\/blog\/wp-json\/wp\/v2\/tags?post=381190"}],"curies":[{"name":"wp","href":"https:\/\/api.w.org\/{rel}","templated":true}]}}