{"id":38137,"date":"2019-04-30T12:44:05","date_gmt":"2019-04-30T10:44:05","guid":{"rendered":"http:\/\/dicodusport.fr\/blog\/?p=38137"},"modified":"2020-05-15T19:01:08","modified_gmt":"2020-05-15T17:01:08","slug":"vtt-descente-loic-bruni-demarre-fort","status":"publish","type":"post","link":"https:\/\/dicodusport.fr\/blog\/vtt-descente-loic-bruni-demarre-fort\/","title":{"rendered":"VTT Descente : Lo\u00efc Bruni d\u00e9marre fort"},"content":{"rendered":"<p style=\"text-align: justify;\"><strong><em>Triple champion du monde en VTT descente, le Fran\u00e7ais <a href=\"https:\/\/www.instagram.com\/loicbruni29\/?hl=fr\" target=\"_blank\" rel=\"noopener noreferrer\">Lo\u00efc Bruni<\/a> s&rsquo;est impos\u00e9 ce dimanche lors de la premi\u00e8re \u00e9tape de Coupe du monde qui se d\u00e9roulait \u00e0 Maribor, en Slov\u00e9nie.<\/em><\/strong><\/p>\n<h1 style=\"text-align: justify;\">Assumer son statut de favori<\/h1>\n<p style=\"text-align: justify;\">Annonc\u00e9 au top de sa forme, le Fran\u00e7ais devait faire parler sa technique afin de prendre l&rsquo;avantage d\u00e8s le d\u00e9but de cette Coupe du monde. Devanc\u00e9 dans la partie la plus rocailleuse par l&rsquo;autre favori, Danny Hart (2\u00e8me au classement g\u00e9n\u00e9ral de l&rsquo;an dernier), Lo\u00efc Bruni a sign\u00e9 un temps parfait (2\u203258.839), une seconde de mieux que Hart.<\/p>\n<p style=\"text-align: justify;\">La veille, lors des qualifications, le Tricolore n&rsquo;avait pas r\u00e9ussi \u00e0 prendre part au trio de t\u00eate. Mais le jour de la course, tous ses concurrents n&rsquo;ont pas r\u00e9ussi \u00e0 le faire trembler. Alors que certains ont chut\u00e9, \u00e0 l&rsquo;image de Finn Iles, d&rsquo;autres ont compl\u00e8tement rat\u00e9 leur course, comme le vainqueur des qualifications Mark Wallace, qui finit 8\u00e8me de l&rsquo;\u00e9tape.<\/p>\n<p><strong><em>Maxime Giralt<br \/>\n<a href=\"https:\/\/www.facebook.com\/Max11me\" target=\"_blank\" rel=\"noopener noreferrer\"><img loading=\"lazy\" decoding=\"async\" class=\"alignnone wp-image-2909\" src=\"http:\/\/dicodusport.fr\/blog\/wp-content\/uploads\/2017\/07\/logo-facebook.png\" alt=\"\" width=\"38\" height=\"38\" \/><\/a><\/em><\/strong><a href=\"https:\/\/l.facebook.com\/l.php?u=https%3A%2F%2Fwww.linkedin.com%2Fin%2Fmaxime-giralt-1461a917b%2F%3Ffbclid%3DIwAR2o5nEQF1MbwOxhcZA53vciCrvhvHic9QZkhVnMl6B-BY_Hnj32ZE--uew&amp;h=AT0LoCNeRcbrBR7e8K1V93ja3oJ6Y-mNjmtrSMMYYjgplVOS3HK2KUlvJOSwWegSKG3Oe3hzQbAIm94g7G6qYCFYQQWPI1BS9WhzZoe-sPpYMw4rBaFo2prjau_nWQ-RyZQ\" target=\"_blank\" rel=\"noopener noreferrer\"><img loading=\"lazy\" decoding=\"async\" class=\"alignnone wp-image-3711\" src=\"http:\/\/dicodusport.fr\/blog\/wp-content\/uploads\/2017\/08\/signature-linkedin.png\" alt=\"\" width=\"38\" height=\"38\" srcset=\"https:\/\/dicodusport.fr\/blog\/wp-content\/uploads\/2017\/08\/signature-linkedin.png 295w, https:\/\/dicodusport.fr\/blog\/wp-content\/uploads\/2017\/08\/signature-linkedin-150x150.png 150w\" sizes=\"auto, (max-width: 38px) 100vw, 38px\" \/><\/a><\/p>\n","protected":false},"excerpt":{"rendered":"<p>Triple champion du monde en VTT descente, le Fran\u00e7ais Lo\u00efc Bruni s&rsquo;est impos\u00e9 ce dimanche lors de la premi\u00e8re \u00e9tape de Coupe du monde qui se d\u00e9roulait \u00e0 Maribor, en Slov\u00e9nie.<\/p>\n","protected":false},"author":38,"featured_media":38153,"comment_status":"open","ping_status":"closed","sticky":false,"template":"","format":"standard","meta":{"_acf_changed":false,"_daextam_enable_autolinks":"","footnotes":""},"categories":[2,2307,10279],"tags":[1829,692,7768],"class_list":["post-38137","post","type-post","status-publish","format-standard","has-post-thumbnail","hentry","category-actualites","category-cyclisme","category-vtt","tag-loic-bruni","tag-vtt","tag-vtt-descente"],"acf":[],"yoast_head":"<!-- This site is optimized with the Yoast SEO Premium plugin v26.7 (Yoast SEO v26.7) - https:\/\/yoast.com\/wordpress\/plugins\/seo\/ -->\n<title>VTT Descente : Lo\u00efc Bruni d\u00e9marre fort<\/title>\n<meta name=\"description\" content=\"Triple champion du monde en VTT descente, le Fran\u00e7ais Lo\u00efc Bruni s&#039;est impos\u00e9 lors de la 1\u00e8re \u00e9tape de Coupe du Monde qui se d\u00e9roulait en Slov\u00e9nie.\" \/>\n<meta name=\"robots\" content=\"index, follow, max-snippet:-1, max-image-preview:large, max-video-preview:-1\" \/>\n<link rel=\"canonical\" href=\"https:\/\/dicodusport.fr\/blog\/vtt-descente-loic-bruni-demarre-fort\/\" \/>\n<meta property=\"og:locale\" content=\"fr_FR\" \/>\n<meta property=\"og:type\" content=\"article\" \/>\n<meta property=\"og:title\" content=\"VTT Descente : Lo\u00efc Bruni d\u00e9marre fort\" \/>\n<meta property=\"og:description\" content=\"Triple champion du monde en VTT descente, le Fran\u00e7ais Lo\u00efc Bruni s&#039;est impos\u00e9 lors de la 1\u00e8re \u00e9tape de Coupe du Monde qui se d\u00e9roulait en Slov\u00e9nie.\" \/>\n<meta property=\"og:url\" content=\"https:\/\/dicodusport.fr\/blog\/vtt-descente-loic-bruni-demarre-fort\/\" \/>\n<meta property=\"og:site_name\" content=\"Dicodusport\" \/>\n<meta property=\"article:publisher\" content=\"https:\/\/www.facebook.com\/dicodusport\" \/>\n<meta property=\"article:published_time\" content=\"2019-04-30T10:44:05+00:00\" \/>\n<meta property=\"article:modified_time\" content=\"2020-05-15T17:01:08+00:00\" \/>\n<meta property=\"og:image\" content=\"https:\/\/dicodusport.fr\/blog\/wp-content\/uploads\/2019\/04\/Lo\u00efc-Bruni.png\" \/>\n\t<meta property=\"og:image:width\" content=\"800\" \/>\n\t<meta property=\"og:image:height\" content=\"445\" \/>\n\t<meta property=\"og:image:type\" content=\"image\/png\" \/>\n<meta name=\"author\" content=\"Maxime Giralt\" \/>\n<meta name=\"twitter:card\" content=\"summary_large_image\" \/>\n<meta name=\"twitter:creator\" content=\"@dicodusport\" \/>\n<meta name=\"twitter:site\" content=\"@dicodusport\" \/>\n<script type=\"application\/ld+json\" class=\"yoast-schema-graph\">{\"@context\":\"https:\/\/schema.org\",\"@graph\":[{\"@type\":\"NewsArticle\",\"@id\":\"https:\/\/dicodusport.fr\/blog\/vtt-descente-loic-bruni-demarre-fort\/#article\",\"isPartOf\":{\"@id\":\"https:\/\/dicodusport.fr\/blog\/vtt-descente-loic-bruni-demarre-fort\/\"},\"author\":{\"name\":\"Maxime Giralt\",\"@id\":\"https:\/\/dicodusport.fr\/blog\/#\/schema\/person\/48bad9bec547f458f90c709b91a41248\"},\"headline\":\"VTT Descente : Lo\u00efc Bruni d\u00e9marre fort\",\"datePublished\":\"2019-04-30T10:44:05+00:00\",\"dateModified\":\"2020-05-15T17:01:08+00:00\",\"mainEntityOfPage\":{\"@id\":\"https:\/\/dicodusport.fr\/blog\/vtt-descente-loic-bruni-demarre-fort\/\"},\"wordCount\":184,\"commentCount\":0,\"publisher\":{\"@id\":\"https:\/\/dicodusport.fr\/blog\/#organization\"},\"image\":{\"@id\":\"https:\/\/dicodusport.fr\/blog\/vtt-descente-loic-bruni-demarre-fort\/#primaryimage\"},\"thumbnailUrl\":\"https:\/\/dicodusport.fr\/blog\/wp-content\/uploads\/2019\/04\/Lo\u00efc-Bruni.png\",\"keywords\":[\"Loic Bruni\",\"VTT\",\"VTT Descente\"],\"articleSection\":[\"Actualit\u00e9s\",\"Cyclisme\",\"VTT\"],\"inLanguage\":\"fr-FR\",\"potentialAction\":[{\"@type\":\"CommentAction\",\"name\":\"Comment\",\"target\":[\"https:\/\/dicodusport.fr\/blog\/vtt-descente-loic-bruni-demarre-fort\/#respond\"]}],\"copyrightYear\":\"2019\",\"copyrightHolder\":{\"@id\":\"https:\/\/dicodusport.fr\/blog\/#organization\"}},{\"@type\":\"WebPage\",\"@id\":\"https:\/\/dicodusport.fr\/blog\/vtt-descente-loic-bruni-demarre-fort\/\",\"url\":\"https:\/\/dicodusport.fr\/blog\/vtt-descente-loic-bruni-demarre-fort\/\",\"name\":\"VTT Descente : Lo\u00efc Bruni d\u00e9marre fort\",\"isPartOf\":{\"@id\":\"https:\/\/dicodusport.fr\/blog\/#website\"},\"primaryImageOfPage\":{\"@id\":\"https:\/\/dicodusport.fr\/blog\/vtt-descente-loic-bruni-demarre-fort\/#primaryimage\"},\"image\":{\"@id\":\"https:\/\/dicodusport.fr\/blog\/vtt-descente-loic-bruni-demarre-fort\/#primaryimage\"},\"thumbnailUrl\":\"https:\/\/dicodusport.fr\/blog\/wp-content\/uploads\/2019\/04\/Lo\u00efc-Bruni.png\",\"datePublished\":\"2019-04-30T10:44:05+00:00\",\"dateModified\":\"2020-05-15T17:01:08+00:00\",\"description\":\"Triple champion du monde en VTT descente, le Fran\u00e7ais Lo\u00efc Bruni s'est impos\u00e9 lors de la 1\u00e8re \u00e9tape de Coupe du Monde qui se d\u00e9roulait en Slov\u00e9nie.\",\"breadcrumb\":{\"@id\":\"https:\/\/dicodusport.fr\/blog\/vtt-descente-loic-bruni-demarre-fort\/#breadcrumb\"},\"inLanguage\":\"fr-FR\",\"potentialAction\":[{\"@type\":\"ReadAction\",\"target\":[\"https:\/\/dicodusport.fr\/blog\/vtt-descente-loic-bruni-demarre-fort\/\"]}]},{\"@type\":\"ImageObject\",\"inLanguage\":\"fr-FR\",\"@id\":\"https:\/\/dicodusport.fr\/blog\/vtt-descente-loic-bruni-demarre-fort\/#primaryimage\",\"url\":\"https:\/\/dicodusport.fr\/blog\/wp-content\/uploads\/2019\/04\/Lo\u00efc-Bruni.png\",\"contentUrl\":\"https:\/\/dicodusport.fr\/blog\/wp-content\/uploads\/2019\/04\/Lo\u00efc-Bruni.png\",\"width\":800,\"height\":445},{\"@type\":\"BreadcrumbList\",\"@id\":\"https:\/\/dicodusport.fr\/blog\/vtt-descente-loic-bruni-demarre-fort\/#breadcrumb\",\"itemListElement\":[{\"@type\":\"ListItem\",\"position\":1,\"name\":\"Accueil\",\"item\":\"https:\/\/dicodusport.fr\/blog\/\"},{\"@type\":\"ListItem\",\"position\":2,\"name\":\"VTT Descente : Lo\u00efc Bruni d\u00e9marre fort\"}]},{\"@type\":\"WebSite\",\"@id\":\"https:\/\/dicodusport.fr\/blog\/#website\",\"url\":\"https:\/\/dicodusport.fr\/blog\/\",\"name\":\"Dicodusport\",\"description\":\"L&#039;encyclop\u00e9die de l&#039;actualit\u00e9 sportive\",\"publisher\":{\"@id\":\"https:\/\/dicodusport.fr\/blog\/#organization\"},\"potentialAction\":[{\"@type\":\"SearchAction\",\"target\":{\"@type\":\"EntryPoint\",\"urlTemplate\":\"https:\/\/dicodusport.fr\/blog\/?s={search_term_string}\"},\"query-input\":{\"@type\":\"PropertyValueSpecification\",\"valueRequired\":true,\"valueName\":\"search_term_string\"}}],\"inLanguage\":\"fr-FR\"},{\"@type\":\"NewsMediaOrganization\",\"@id\":\"https:\/\/dicodusport.fr\/blog\/#organization\",\"name\":\"Dicodusport\",\"url\":\"https:\/\/dicodusport.fr\/blog\/\",\"logo\":{\"@type\":\"ImageObject\",\"inLanguage\":\"fr-FR\",\"@id\":\"https:\/\/dicodusport.fr\/blog\/#\/schema\/logo\/image\/\",\"url\":\"https:\/\/dicodusport.fr\/blog\/wp-content\/uploads\/2020\/06\/cropped-LOGO-DICODUSPORT-2020-SANS-FOND-SANS-TEXTE.png\",\"contentUrl\":\"https:\/\/dicodusport.fr\/blog\/wp-content\/uploads\/2020\/06\/cropped-LOGO-DICODUSPORT-2020-SANS-FOND-SANS-TEXTE.png\",\"width\":512,\"height\":512,\"caption\":\"Dicodusport\"},\"image\":{\"@id\":\"https:\/\/dicodusport.fr\/blog\/#\/schema\/logo\/image\/\"},\"sameAs\":[\"https:\/\/www.facebook.com\/dicodusport\",\"https:\/\/x.com\/dicodusport\",\"https:\/\/www.instagram.com\/dicodusport\/\",\"https:\/\/www.youtube.com\/channel\/UC7V2KZ5sd3htJivAbA4ZG3w\"],\"description\":\"Dicodusport est l'encyclop\u00e9die de l'actualit\u00e9 sportive.\",\"email\":\"bonjour@dicodusport.fr\",\"legalName\":\"DICODUSPORT\",\"foundingDate\":\"2018-01-14\",\"vatID\":\"FR71834470973\",\"taxID\":\"83447097300043\",\"numberOfEmployees\":{\"@type\":\"QuantitativeValue\",\"minValue\":\"1\",\"maxValue\":\"10\"}},{\"@type\":\"Person\",\"@id\":\"https:\/\/dicodusport.fr\/blog\/#\/schema\/person\/48bad9bec547f458f90c709b91a41248\",\"name\":\"Maxime Giralt\",\"image\":{\"@type\":\"ImageObject\",\"inLanguage\":\"fr-FR\",\"@id\":\"https:\/\/dicodusport.fr\/blog\/#\/schema\/person\/image\/\",\"url\":\"https:\/\/dicodusport.fr\/blog\/wp-content\/uploads\/2017\/01\/logo-dicodusport-sans-fond-150x150.png\",\"contentUrl\":\"https:\/\/dicodusport.fr\/blog\/wp-content\/uploads\/2017\/01\/logo-dicodusport-sans-fond-150x150.png\",\"caption\":\"Maxime Giralt\"},\"url\":\"https:\/\/dicodusport.fr\/blog\/author\/maxime\/\"}]}<\/script>\n<!-- \/ Yoast SEO Premium plugin. -->","yoast_head_json":{"title":"VTT Descente : Lo\u00efc Bruni d\u00e9marre fort","description":"Triple champion du monde en VTT descente, le Fran\u00e7ais Lo\u00efc Bruni s'est impos\u00e9 lors de la 1\u00e8re \u00e9tape de Coupe du Monde qui se d\u00e9roulait en Slov\u00e9nie.","robots":{"index":"index","follow":"follow","max-snippet":"max-snippet:-1","max-image-preview":"max-image-preview:large","max-video-preview":"max-video-preview:-1"},"canonical":"https:\/\/dicodusport.fr\/blog\/vtt-descente-loic-bruni-demarre-fort\/","og_locale":"fr_FR","og_type":"article","og_title":"VTT Descente : Lo\u00efc Bruni d\u00e9marre fort","og_description":"Triple champion du monde en VTT descente, le Fran\u00e7ais Lo\u00efc Bruni s'est impos\u00e9 lors de la 1\u00e8re \u00e9tape de Coupe du Monde qui se d\u00e9roulait en Slov\u00e9nie.","og_url":"https:\/\/dicodusport.fr\/blog\/vtt-descente-loic-bruni-demarre-fort\/","og_site_name":"Dicodusport","article_publisher":"https:\/\/www.facebook.com\/dicodusport","article_published_time":"2019-04-30T10:44:05+00:00","article_modified_time":"2020-05-15T17:01:08+00:00","og_image":[{"width":800,"height":445,"url":"https:\/\/dicodusport.fr\/blog\/wp-content\/uploads\/2019\/04\/Lo\u00efc-Bruni.png","type":"image\/png"}],"author":"Maxime Giralt","twitter_card":"summary_large_image","twitter_creator":"@dicodusport","twitter_site":"@dicodusport","schema":{"@context":"https:\/\/schema.org","@graph":[{"@type":"NewsArticle","@id":"https:\/\/dicodusport.fr\/blog\/vtt-descente-loic-bruni-demarre-fort\/#article","isPartOf":{"@id":"https:\/\/dicodusport.fr\/blog\/vtt-descente-loic-bruni-demarre-fort\/"},"author":{"name":"Maxime Giralt","@id":"https:\/\/dicodusport.fr\/blog\/#\/schema\/person\/48bad9bec547f458f90c709b91a41248"},"headline":"VTT Descente : Lo\u00efc Bruni d\u00e9marre fort","datePublished":"2019-04-30T10:44:05+00:00","dateModified":"2020-05-15T17:01:08+00:00","mainEntityOfPage":{"@id":"https:\/\/dicodusport.fr\/blog\/vtt-descente-loic-bruni-demarre-fort\/"},"wordCount":184,"commentCount":0,"publisher":{"@id":"https:\/\/dicodusport.fr\/blog\/#organization"},"image":{"@id":"https:\/\/dicodusport.fr\/blog\/vtt-descente-loic-bruni-demarre-fort\/#primaryimage"},"thumbnailUrl":"https:\/\/dicodusport.fr\/blog\/wp-content\/uploads\/2019\/04\/Lo\u00efc-Bruni.png","keywords":["Loic Bruni","VTT","VTT Descente"],"articleSection":["Actualit\u00e9s","Cyclisme","VTT"],"inLanguage":"fr-FR","potentialAction":[{"@type":"CommentAction","name":"Comment","target":["https:\/\/dicodusport.fr\/blog\/vtt-descente-loic-bruni-demarre-fort\/#respond"]}],"copyrightYear":"2019","copyrightHolder":{"@id":"https:\/\/dicodusport.fr\/blog\/#organization"}},{"@type":"WebPage","@id":"https:\/\/dicodusport.fr\/blog\/vtt-descente-loic-bruni-demarre-fort\/","url":"https:\/\/dicodusport.fr\/blog\/vtt-descente-loic-bruni-demarre-fort\/","name":"VTT Descente : Lo\u00efc Bruni d\u00e9marre fort","isPartOf":{"@id":"https:\/\/dicodusport.fr\/blog\/#website"},"primaryImageOfPage":{"@id":"https:\/\/dicodusport.fr\/blog\/vtt-descente-loic-bruni-demarre-fort\/#primaryimage"},"image":{"@id":"https:\/\/dicodusport.fr\/blog\/vtt-descente-loic-bruni-demarre-fort\/#primaryimage"},"thumbnailUrl":"https:\/\/dicodusport.fr\/blog\/wp-content\/uploads\/2019\/04\/Lo\u00efc-Bruni.png","datePublished":"2019-04-30T10:44:05+00:00","dateModified":"2020-05-15T17:01:08+00:00","description":"Triple champion du monde en VTT descente, le Fran\u00e7ais Lo\u00efc Bruni s'est impos\u00e9 lors de la 1\u00e8re \u00e9tape de Coupe du Monde qui se d\u00e9roulait en Slov\u00e9nie.","breadcrumb":{"@id":"https:\/\/dicodusport.fr\/blog\/vtt-descente-loic-bruni-demarre-fort\/#breadcrumb"},"inLanguage":"fr-FR","potentialAction":[{"@type":"ReadAction","target":["https:\/\/dicodusport.fr\/blog\/vtt-descente-loic-bruni-demarre-fort\/"]}]},{"@type":"ImageObject","inLanguage":"fr-FR","@id":"https:\/\/dicodusport.fr\/blog\/vtt-descente-loic-bruni-demarre-fort\/#primaryimage","url":"https:\/\/dicodusport.fr\/blog\/wp-content\/uploads\/2019\/04\/Lo\u00efc-Bruni.png","contentUrl":"https:\/\/dicodusport.fr\/blog\/wp-content\/uploads\/2019\/04\/Lo\u00efc-Bruni.png","width":800,"height":445},{"@type":"BreadcrumbList","@id":"https:\/\/dicodusport.fr\/blog\/vtt-descente-loic-bruni-demarre-fort\/#breadcrumb","itemListElement":[{"@type":"ListItem","position":1,"name":"Accueil","item":"https:\/\/dicodusport.fr\/blog\/"},{"@type":"ListItem","position":2,"name":"VTT Descente : Lo\u00efc Bruni d\u00e9marre fort"}]},{"@type":"WebSite","@id":"https:\/\/dicodusport.fr\/blog\/#website","url":"https:\/\/dicodusport.fr\/blog\/","name":"Dicodusport","description":"L&#039;encyclop\u00e9die de l&#039;actualit\u00e9 sportive","publisher":{"@id":"https:\/\/dicodusport.fr\/blog\/#organization"},"potentialAction":[{"@type":"SearchAction","target":{"@type":"EntryPoint","urlTemplate":"https:\/\/dicodusport.fr\/blog\/?s={search_term_string}"},"query-input":{"@type":"PropertyValueSpecification","valueRequired":true,"valueName":"search_term_string"}}],"inLanguage":"fr-FR"},{"@type":"NewsMediaOrganization","@id":"https:\/\/dicodusport.fr\/blog\/#organization","name":"Dicodusport","url":"https:\/\/dicodusport.fr\/blog\/","logo":{"@type":"ImageObject","inLanguage":"fr-FR","@id":"https:\/\/dicodusport.fr\/blog\/#\/schema\/logo\/image\/","url":"https:\/\/dicodusport.fr\/blog\/wp-content\/uploads\/2020\/06\/cropped-LOGO-DICODUSPORT-2020-SANS-FOND-SANS-TEXTE.png","contentUrl":"https:\/\/dicodusport.fr\/blog\/wp-content\/uploads\/2020\/06\/cropped-LOGO-DICODUSPORT-2020-SANS-FOND-SANS-TEXTE.png","width":512,"height":512,"caption":"Dicodusport"},"image":{"@id":"https:\/\/dicodusport.fr\/blog\/#\/schema\/logo\/image\/"},"sameAs":["https:\/\/www.facebook.com\/dicodusport","https:\/\/x.com\/dicodusport","https:\/\/www.instagram.com\/dicodusport\/","https:\/\/www.youtube.com\/channel\/UC7V2KZ5sd3htJivAbA4ZG3w"],"description":"Dicodusport est l'encyclop\u00e9die de l'actualit\u00e9 sportive.","email":"bonjour@dicodusport.fr","legalName":"DICODUSPORT","foundingDate":"2018-01-14","vatID":"FR71834470973","taxID":"83447097300043","numberOfEmployees":{"@type":"QuantitativeValue","minValue":"1","maxValue":"10"}},{"@type":"Person","@id":"https:\/\/dicodusport.fr\/blog\/#\/schema\/person\/48bad9bec547f458f90c709b91a41248","name":"Maxime Giralt","image":{"@type":"ImageObject","inLanguage":"fr-FR","@id":"https:\/\/dicodusport.fr\/blog\/#\/schema\/person\/image\/","url":"https:\/\/dicodusport.fr\/blog\/wp-content\/uploads\/2017\/01\/logo-dicodusport-sans-fond-150x150.png","contentUrl":"https:\/\/dicodusport.fr\/blog\/wp-content\/uploads\/2017\/01\/logo-dicodusport-sans-fond-150x150.png","caption":"Maxime Giralt"},"url":"https:\/\/dicodusport.fr\/blog\/author\/maxime\/"}]}},"_links":{"self":[{"href":"https:\/\/dicodusport.fr\/blog\/wp-json\/wp\/v2\/posts\/38137","targetHints":{"allow":["GET"]}}],"collection":[{"href":"https:\/\/dicodusport.fr\/blog\/wp-json\/wp\/v2\/posts"}],"about":[{"href":"https:\/\/dicodusport.fr\/blog\/wp-json\/wp\/v2\/types\/post"}],"author":[{"embeddable":true,"href":"https:\/\/dicodusport.fr\/blog\/wp-json\/wp\/v2\/users\/38"}],"replies":[{"embeddable":true,"href":"https:\/\/dicodusport.fr\/blog\/wp-json\/wp\/v2\/comments?post=38137"}],"version-history":[{"count":0,"href":"https:\/\/dicodusport.fr\/blog\/wp-json\/wp\/v2\/posts\/38137\/revisions"}],"wp:featuredmedia":[{"embeddable":true,"href":"https:\/\/dicodusport.fr\/blog\/wp-json\/wp\/v2\/media\/38153"}],"wp:attachment":[{"href":"https:\/\/dicodusport.fr\/blog\/wp-json\/wp\/v2\/media?parent=38137"}],"wp:term":[{"taxonomy":"category","embeddable":true,"href":"https:\/\/dicodusport.fr\/blog\/wp-json\/wp\/v2\/categories?post=38137"},{"taxonomy":"post_tag","embeddable":true,"href":"https:\/\/dicodusport.fr\/blog\/wp-json\/wp\/v2\/tags?post=38137"}],"curies":[{"name":"wp","href":"https:\/\/api.w.org\/{rel}","templated":true}]}}