{"id":381381,"date":"2023-05-20T09:00:06","date_gmt":"2023-05-20T07:00:06","guid":{"rendered":"https:\/\/dicodusport.fr\/blog\/?p=381381&#038;preview=true&#038;preview_id=381381"},"modified":"2023-05-19T22:23:21","modified_gmt":"2023-05-19T20:23:21","slug":"les-athletes-a-suivre-cet-ete-ethan-cormont-la-surprise-de-la-perche-francaise","status":"publish","type":"post","link":"https:\/\/dicodusport.fr\/blog\/les-athletes-a-suivre-cet-ete-ethan-cormont-la-surprise-de-la-perche-francaise\/","title":{"rendered":"Les athl\u00e8tes \u00e0 suivre cet \u00e9t\u00e9 : Ethan Cormont, la surprise de la perche fran\u00e7aise ?"},"content":{"rendered":"<p align=\"justify\"><em><strong>ATHL\u00c9TISME &#8211; Ethan Cormont a pris la 5e place des championnats d&rsquo;Europe en salle. Le perchiste a \u00e9galement battu son record personnel cet hiver. Il pourrait s&rsquo;affirmer en plein air en 2023.<\/strong><\/em><\/p>\n<h2 style=\"text-align: justify;\" align=\"justify\">Ce qu&rsquo;il a fait cet hiver et en 2022<\/h2>\n<p style=\"text-align: justify;\">Apr\u00e8s une ann\u00e9e 2022 compliqu\u00e9e, durant laquelle il a eu de la peine \u00e0 confirmer son hiver 2021 et o\u00f9 le perchiste a connu quelques petits soucis, <strong>Ethan Cormont<\/strong> a remis les choses dans l&rsquo;ordre cet hiver. O\u00f9 il a fait une saison tr\u00e8s impressionnante. S&rsquo;imposant m\u00eame comme le meilleur fran\u00e7ais de l&rsquo;hiver, dans une discipline pourtant tr\u00e8s dense en France. En effet, le prot\u00e9g\u00e9 de Philippe d&rsquo;Encausse s&rsquo;est qualifi\u00e9 pour la finale des championnats d&rsquo;Europe d&rsquo;Istanbul. O\u00f9 il a pris une excellente 5e place, la meilleure performance de sa carri\u00e8re dans un grand championnat.<\/p>\n<p style=\"text-align: justify;\">Surtout, il a confirm\u00e9 peu de temps apr\u00e8s, lors du Perche \u00c9lite Tour de Rouen, le dernier grand rendez-vous de sa saison. O\u00f9 il a franchi une barre \u00e0 5.82 m, synonyme de nouveau record personnel. Et prenant la 3e place d&rsquo;un concours tr\u00e8s relev\u00e9, derri\u00e8re le vice-champion olympique et du monde <strong>Chris Nielsen<\/strong>, ainsi que le champion du monde 2017 et 2019 <strong>Sam Kendricks<\/strong>. Deux perchistes ayant franchi les 6 m\u00e8tres dans leur carri\u00e8re.<\/p>\n<p style=\"text-align: justify;\">Avec son ann\u00e9e compliqu\u00e9e en 2022, <strong>Ethan Cormont<\/strong> \u00e9tait un peu tomb\u00e9 dans les oubliettes. On le sait, en France, avec <strong>Renaud<\/strong> et <strong>Valentin<\/strong> <strong>Lavillenie, Mathieu <\/strong>et<strong> Thibaut Collet, Alioune S\u00e8ne, Anthony Ammirati<\/strong>, et d&rsquo;autres qui sont en train d&rsquo;\u00e9merger, le moindre trou vous rel\u00e8gue hors du top 5 en France. Mais on avait oubli\u00e9 que le perchiste originaire de Cr\u00e9teil n&rsquo;avait alors que 21 ans (n\u00e9 le 29 septembre 2000). Et que son faste hiver 2021 (record port\u00e9 \u00e0 5.80 m) a d\u00fb \u00eatre dur \u00e0 g\u00e9rer, notamment sur le plan psychologique, avec des nouvelles sollicitations.<\/p>\n<blockquote class=\"twitter-tweet\">\n<p dir=\"ltr\" lang=\"fr\">\ud83e\udd29 \u00c7a passe !<\/p>\n<p>\ud83c\uddeb\ud83c\uddf7 Ethan Cormont franchit 5,75 m (SB) et se qualifie pour la finale du saut \u00e0 la perche !<\/p>\n<p>\u274c L&rsquo;aventure prend fin pour Thibaut Collet (5,65 m) et Valentin Lavillenie (5,40 m) en revanche.<\/p>\n<p>\ud83d\udcbb Suivez <a href=\"https:\/\/twitter.com\/hashtag\/Istanbul2023?src=hash&amp;ref_src=twsrc%5Etfw\">#Istanbul2023<\/a> en DIRECT sur <a href=\"https:\/\/t.co\/TCemALtylh\">https:\/\/t.co\/TCemALtylh<\/a>. <a href=\"https:\/\/t.co\/vIwXhBgvOl\">pic.twitter.com\/vIwXhBgvOl<\/a><\/p>\n<p>\u2014 FFAthl\u00e9tisme (@FFAthletisme) <a href=\"https:\/\/twitter.com\/FFAthletisme\/status\/1631938244261683203?ref_src=twsrc%5Etfw\">March 4, 2023<\/a><\/p><\/blockquote>\n<p><script async src=\"https:\/\/platform.twitter.com\/widgets.js\" charset=\"utf-8\"><\/script><\/p>\n<h2 style=\"text-align: justify;\" align=\"justify\">Pourquoi il faut le suivre ?<\/h2>\n<p align=\"justify\">En se hissant en finale des championnats d&rsquo;Europe et en battant son record personnel, <strong>Ethan Cormont<\/strong> a remis la marche avant. La marche forc\u00e9e, pourrait-on dire. De ce que l&rsquo;on a vu cet hiver, 5.82 m ne semble \u00eatre qu&rsquo;une \u00e9tape pour lui, montrant qu&rsquo;il est capable d&rsquo;aller bien plus haut. Surtout, il sait \u00e0 quoi s&rsquo;attendre au niveau pression et sollicitations, ayant d\u00e9j\u00e0 v\u00e9cu cela en 2021 et 2022. Il ne tombera sans doute pas dans les m\u00eames pi\u00e8ges que par le pass\u00e9.<\/p>\n<p align=\"justify\">Ainsi, la saison estivale va \u00eatre ultra-prometteuse \u00e0 la perche en France. Avec une vraie guerre pour aller aux championnats du monde de Budapest, au mois d&rsquo;ao\u00fbt prochain. Ils sont d\u00e9j\u00e0 quatre \u00e0 avoir r\u00e9alis\u00e9 les minima exig\u00e9s pour se qualifier au grand rendez-vous hongrois. <strong>Renaud Lavillenie<\/strong>,<strong> Thibaut Collet<\/strong>,<strong> Anthony Ammirati<\/strong>&#8230; et <strong>Ethan Cormont<\/strong>. En sachant que <strong>Mathieu Collet<\/strong>,<strong> Alioune S\u00e8ne<\/strong>,<strong> Valentin Lavillenie<\/strong> voire <strong>Robin Emig <\/strong>peuvent \u00e9galement franchir la barre qualificative. Or, pour ceux qui ne le savent pas, il n&rsquo;y a que trois places par pays (quatre si le champion du monde est de m\u00eame nationalit\u00e9 que vous). Il y aura forc\u00e9ment une \u00e9norme bagarre \u00ab\u00a0interne\u00a0\u00bb pour d\u00e9crocher les s\u00e9sames. Jusqu&rsquo;aux championnats de France \u00c9lite, qui seront l&rsquo;ultime juge de paix.<\/p>\n<p align=\"justify\">Quoi de mieux qu&rsquo;une \u00e9norme bagarre pour pousser chacun \u00e0 donner le meilleur ? Et \u00e0 ce petit jeu-l\u00e0 &#8211; et m\u00eame si <strong>Renaud Lavillenie<\/strong> n&rsquo;a pas pris part \u00e0 la saison hivernale cette ann\u00e9e &#8211; <strong>Ethan Cormont<\/strong> ne s&rsquo;en est pas trop mal tir\u00e9 cet hiver. Se hissant \u00e0 la fin de la saison au rang de meilleur fran\u00e7ais. M\u00eame si c&rsquo;est<strong> Alioune S\u00e8ne<\/strong> qui a rafl\u00e9 le titre de champion de France. On le pr\u00e9sume, pour aller \u00e0 Budapest, les Fran\u00e7ais seront oblig\u00e9s &#8211; au minimum &#8211; de d\u00e9coller \u00e0 plus de 5,80. On prend le pari qu&rsquo;il ne sera pas le plus mal plac\u00e9 et qu&rsquo;il sera capable d&rsquo;aller chercher une barre au minimum \u00e0 5.85 m.<\/p>\n<h2 style=\"text-align: justify;\">\u00c0 lire aussi<\/h2>\n<ul style=\"text-align: justify;\">\n<li style=\"text-align: justify;\"><a href=\"https:\/\/dicodusport.fr\/blog\/athletisme-les-minima-pour-les-championnats-du-monde-2023-de-budapest\/\"><strong>Les minima pour les championnats du monde de Budapest<\/strong><\/a><\/li>\n<li style=\"text-align: justify;\"><a href=\"https:\/\/dicodusport.fr\/blog\/athletisme-mondiaux-2023-les-francais-qui-ont-realise-les-minima\/\"><b>Les Fran\u00e7ais qui ont fait les minima pour Budapest<\/b><\/a><\/li>\n<\/ul>\n","protected":false},"excerpt":{"rendered":"<p>ATHL\u00c9TISME &#8211; Ethan Cormont a pris la 5e place des championnats d&rsquo;Europe en salle. Le perchiste a \u00e9galement battu son record personnel cet hiver. Il pourrait s&rsquo;affirmer en plein air en 2023.<\/p>\n","protected":false},"author":83,"featured_media":381421,"comment_status":"open","ping_status":"closed","sticky":false,"template":"","format":"standard","meta":{"_acf_changed":false,"_daextam_enable_autolinks":"","footnotes":""},"categories":[2308],"tags":[143,16878,1028,1426],"class_list":["post-381381","post","type-post","status-publish","format-standard","has-post-thumbnail","hentry","category-athletisme","tag-athletisme","tag-breve","tag-perche","tag-saut-a-la-perche"],"acf":[],"yoast_head":"<!-- This site is optimized with the Yoast SEO Premium plugin v26.7 (Yoast SEO v26.7) - https:\/\/yoast.com\/wordpress\/plugins\/seo\/ -->\n<title>Les athl\u00e8tes \u00e0 suivre cet \u00e9t\u00e9 : Ethan Cormont, la surprise de la perche fran\u00e7aise ?<\/title>\n<meta name=\"description\" content=\"ATHL\u00c9TISME - Ethan Cormont a pris la 5e place des championnats d&#039;Europe en salle. Le perchiste a \u00e9galement battu son record personnel cet hiver.\" \/>\n<meta name=\"robots\" content=\"index, follow, max-snippet:-1, max-image-preview:large, max-video-preview:-1\" \/>\n<link rel=\"canonical\" href=\"https:\/\/dicodusport.fr\/blog\/les-athletes-a-suivre-cet-ete-ethan-cormont-la-surprise-de-la-perche-francaise\/\" \/>\n<meta property=\"og:locale\" content=\"fr_FR\" \/>\n<meta property=\"og:type\" content=\"article\" \/>\n<meta property=\"og:title\" content=\"Les athl\u00e8tes \u00e0 suivre cet \u00e9t\u00e9 : Ethan Cormont, la surprise de la perche fran\u00e7aise ?\" \/>\n<meta property=\"og:description\" content=\"ATHL\u00c9TISME - Ethan Cormont a pris la 5e place des championnats d&#039;Europe en salle. Le perchiste a \u00e9galement battu son record personnel cet hiver.\" \/>\n<meta property=\"og:url\" content=\"https:\/\/dicodusport.fr\/blog\/les-athletes-a-suivre-cet-ete-ethan-cormont-la-surprise-de-la-perche-francaise\/\" \/>\n<meta property=\"og:site_name\" content=\"Dicodusport\" \/>\n<meta property=\"article:publisher\" content=\"https:\/\/www.facebook.com\/dicodusport\" \/>\n<meta property=\"article:published_time\" content=\"2023-05-20T07:00:06+00:00\" \/>\n<meta property=\"og:image\" content=\"https:\/\/dicodusport.fr\/blog\/wp-content\/uploads\/2023\/05\/Les-athletes-a-suivre-cet-ete-Ethan-Cormont-la-surprise-de-la-perche-francaise-.png\" \/>\n\t<meta property=\"og:image:width\" content=\"800\" \/>\n\t<meta property=\"og:image:height\" content=\"445\" \/>\n\t<meta property=\"og:image:type\" content=\"image\/png\" \/>\n<meta name=\"author\" content=\"Etienne Goursaud\" \/>\n<meta name=\"twitter:card\" content=\"summary_large_image\" \/>\n<meta name=\"twitter:title\" content=\"Les athl\u00e8tes \u00e0 suivre cet \u00e9t\u00e9 : Ethan Cormont, la surprise de la perche fran\u00e7aise ?\" \/>\n<meta name=\"twitter:creator\" content=\"@dicodusport\" \/>\n<meta name=\"twitter:site\" content=\"@dicodusport\" \/>\n<script type=\"application\/ld+json\" class=\"yoast-schema-graph\">{\"@context\":\"https:\/\/schema.org\",\"@graph\":[{\"@type\":\"NewsArticle\",\"@id\":\"https:\/\/dicodusport.fr\/blog\/les-athletes-a-suivre-cet-ete-ethan-cormont-la-surprise-de-la-perche-francaise\/#article\",\"isPartOf\":{\"@id\":\"https:\/\/dicodusport.fr\/blog\/les-athletes-a-suivre-cet-ete-ethan-cormont-la-surprise-de-la-perche-francaise\/\"},\"author\":{\"name\":\"Etienne Goursaud\",\"@id\":\"https:\/\/dicodusport.fr\/blog\/#\/schema\/person\/d603dd7da31fb2b46c82b9835a77ec13\"},\"headline\":\"Les athl\u00e8tes \u00e0 suivre cet \u00e9t\u00e9 : Ethan Cormont, la surprise de la perche fran\u00e7aise ?\",\"datePublished\":\"2023-05-20T07:00:06+00:00\",\"mainEntityOfPage\":{\"@id\":\"https:\/\/dicodusport.fr\/blog\/les-athletes-a-suivre-cet-ete-ethan-cormont-la-surprise-de-la-perche-francaise\/\"},\"wordCount\":764,\"commentCount\":0,\"publisher\":{\"@id\":\"https:\/\/dicodusport.fr\/blog\/#organization\"},\"image\":{\"@id\":\"https:\/\/dicodusport.fr\/blog\/les-athletes-a-suivre-cet-ete-ethan-cormont-la-surprise-de-la-perche-francaise\/#primaryimage\"},\"thumbnailUrl\":\"https:\/\/dicodusport.fr\/blog\/wp-content\/uploads\/2023\/05\/Les-athletes-a-suivre-cet-ete-Ethan-Cormont-la-surprise-de-la-perche-francaise-.png\",\"keywords\":[\"Athl\u00e9tisme\",\"br\u00e8ve\",\"perche\",\"saut \u00e0 la perche\"],\"articleSection\":[\"Athl\u00e9tisme\"],\"inLanguage\":\"fr-FR\",\"potentialAction\":[{\"@type\":\"CommentAction\",\"name\":\"Comment\",\"target\":[\"https:\/\/dicodusport.fr\/blog\/les-athletes-a-suivre-cet-ete-ethan-cormont-la-surprise-de-la-perche-francaise\/#respond\"]}],\"copyrightYear\":\"2023\",\"copyrightHolder\":{\"@id\":\"https:\/\/dicodusport.fr\/blog\/#organization\"}},{\"@type\":\"WebPage\",\"@id\":\"https:\/\/dicodusport.fr\/blog\/les-athletes-a-suivre-cet-ete-ethan-cormont-la-surprise-de-la-perche-francaise\/\",\"url\":\"https:\/\/dicodusport.fr\/blog\/les-athletes-a-suivre-cet-ete-ethan-cormont-la-surprise-de-la-perche-francaise\/\",\"name\":\"Les athl\u00e8tes \u00e0 suivre cet \u00e9t\u00e9 : Ethan Cormont, la surprise de la perche fran\u00e7aise ?\",\"isPartOf\":{\"@id\":\"https:\/\/dicodusport.fr\/blog\/#website\"},\"primaryImageOfPage\":{\"@id\":\"https:\/\/dicodusport.fr\/blog\/les-athletes-a-suivre-cet-ete-ethan-cormont-la-surprise-de-la-perche-francaise\/#primaryimage\"},\"image\":{\"@id\":\"https:\/\/dicodusport.fr\/blog\/les-athletes-a-suivre-cet-ete-ethan-cormont-la-surprise-de-la-perche-francaise\/#primaryimage\"},\"thumbnailUrl\":\"https:\/\/dicodusport.fr\/blog\/wp-content\/uploads\/2023\/05\/Les-athletes-a-suivre-cet-ete-Ethan-Cormont-la-surprise-de-la-perche-francaise-.png\",\"datePublished\":\"2023-05-20T07:00:06+00:00\",\"description\":\"ATHL\u00c9TISME - Ethan Cormont a pris la 5e place des championnats d'Europe en salle. Le perchiste a \u00e9galement battu son record personnel cet hiver.\",\"breadcrumb\":{\"@id\":\"https:\/\/dicodusport.fr\/blog\/les-athletes-a-suivre-cet-ete-ethan-cormont-la-surprise-de-la-perche-francaise\/#breadcrumb\"},\"inLanguage\":\"fr-FR\",\"potentialAction\":[{\"@type\":\"ReadAction\",\"target\":[\"https:\/\/dicodusport.fr\/blog\/les-athletes-a-suivre-cet-ete-ethan-cormont-la-surprise-de-la-perche-francaise\/\"]}]},{\"@type\":\"ImageObject\",\"inLanguage\":\"fr-FR\",\"@id\":\"https:\/\/dicodusport.fr\/blog\/les-athletes-a-suivre-cet-ete-ethan-cormont-la-surprise-de-la-perche-francaise\/#primaryimage\",\"url\":\"https:\/\/dicodusport.fr\/blog\/wp-content\/uploads\/2023\/05\/Les-athletes-a-suivre-cet-ete-Ethan-Cormont-la-surprise-de-la-perche-francaise-.png\",\"contentUrl\":\"https:\/\/dicodusport.fr\/blog\/wp-content\/uploads\/2023\/05\/Les-athletes-a-suivre-cet-ete-Ethan-Cormont-la-surprise-de-la-perche-francaise-.png\",\"width\":800,\"height\":445,\"caption\":\"Les athl\u00e8tes \u00e0 suivre cet \u00e9t\u00e9 Ethan Cormont, la surprise de la perche fran\u00e7aise\"},{\"@type\":\"BreadcrumbList\",\"@id\":\"https:\/\/dicodusport.fr\/blog\/les-athletes-a-suivre-cet-ete-ethan-cormont-la-surprise-de-la-perche-francaise\/#breadcrumb\",\"itemListElement\":[{\"@type\":\"ListItem\",\"position\":1,\"name\":\"Accueil\",\"item\":\"https:\/\/dicodusport.fr\/blog\/\"},{\"@type\":\"ListItem\",\"position\":2,\"name\":\"Les athl\u00e8tes \u00e0 suivre cet \u00e9t\u00e9 : Ethan Cormont, la surprise de la perche fran\u00e7aise ?\"}]},{\"@type\":\"WebSite\",\"@id\":\"https:\/\/dicodusport.fr\/blog\/#website\",\"url\":\"https:\/\/dicodusport.fr\/blog\/\",\"name\":\"Dicodusport\",\"description\":\"L&#039;encyclop\u00e9die de l&#039;actualit\u00e9 sportive\",\"publisher\":{\"@id\":\"https:\/\/dicodusport.fr\/blog\/#organization\"},\"potentialAction\":[{\"@type\":\"SearchAction\",\"target\":{\"@type\":\"EntryPoint\",\"urlTemplate\":\"https:\/\/dicodusport.fr\/blog\/?s={search_term_string}\"},\"query-input\":{\"@type\":\"PropertyValueSpecification\",\"valueRequired\":true,\"valueName\":\"search_term_string\"}}],\"inLanguage\":\"fr-FR\"},{\"@type\":\"NewsMediaOrganization\",\"@id\":\"https:\/\/dicodusport.fr\/blog\/#organization\",\"name\":\"Dicodusport\",\"url\":\"https:\/\/dicodusport.fr\/blog\/\",\"logo\":{\"@type\":\"ImageObject\",\"inLanguage\":\"fr-FR\",\"@id\":\"https:\/\/dicodusport.fr\/blog\/#\/schema\/logo\/image\/\",\"url\":\"https:\/\/dicodusport.fr\/blog\/wp-content\/uploads\/2020\/06\/cropped-LOGO-DICODUSPORT-2020-SANS-FOND-SANS-TEXTE.png\",\"contentUrl\":\"https:\/\/dicodusport.fr\/blog\/wp-content\/uploads\/2020\/06\/cropped-LOGO-DICODUSPORT-2020-SANS-FOND-SANS-TEXTE.png\",\"width\":512,\"height\":512,\"caption\":\"Dicodusport\"},\"image\":{\"@id\":\"https:\/\/dicodusport.fr\/blog\/#\/schema\/logo\/image\/\"},\"sameAs\":[\"https:\/\/www.facebook.com\/dicodusport\",\"https:\/\/x.com\/dicodusport\",\"https:\/\/www.instagram.com\/dicodusport\/\",\"https:\/\/www.youtube.com\/channel\/UC7V2KZ5sd3htJivAbA4ZG3w\"],\"description\":\"Dicodusport est l'encyclop\u00e9die de l'actualit\u00e9 sportive.\",\"email\":\"bonjour@dicodusport.fr\",\"legalName\":\"DICODUSPORT\",\"foundingDate\":\"2018-01-14\",\"vatID\":\"FR71834470973\",\"taxID\":\"83447097300043\",\"numberOfEmployees\":{\"@type\":\"QuantitativeValue\",\"minValue\":\"1\",\"maxValue\":\"10\"}},{\"@type\":\"Person\",\"@id\":\"https:\/\/dicodusport.fr\/blog\/#\/schema\/person\/d603dd7da31fb2b46c82b9835a77ec13\",\"name\":\"Etienne Goursaud\",\"image\":{\"@type\":\"ImageObject\",\"inLanguage\":\"fr-FR\",\"@id\":\"https:\/\/dicodusport.fr\/blog\/#\/schema\/person\/image\/\",\"url\":\"https:\/\/dicodusport.fr\/blog\/wp-content\/uploads\/2023\/12\/410122264_10231602061736049_5565839791558026645_n-150x150.jpg\",\"contentUrl\":\"https:\/\/dicodusport.fr\/blog\/wp-content\/uploads\/2023\/12\/410122264_10231602061736049_5565839791558026645_n-150x150.jpg\",\"caption\":\"Etienne Goursaud\"},\"description\":\"Journaliste et amoureux de sport. Ancien footballeur reconverti athl\u00e8te quand ses muscles le laissent tranquille. \u00c9lev\u00e9 \u00e0 la sauce des exploits de Thomas Voeckler en 2004, du dernier essai de l\u00e9gende de Eunice Barber \u00e0 la longueur lors des championnats du monde d'athl\u00e9tisme de 2003 mais aussi Zidane, Omeyer et Titou Lamaison.\",\"url\":\"https:\/\/dicodusport.fr\/blog\/author\/etienne-goursaud\/\"}]}<\/script>\n<!-- \/ Yoast SEO Premium plugin. -->","yoast_head_json":{"title":"Les athl\u00e8tes \u00e0 suivre cet \u00e9t\u00e9 : Ethan Cormont, la surprise de la perche fran\u00e7aise ?","description":"ATHL\u00c9TISME - Ethan Cormont a pris la 5e place des championnats d'Europe en salle. Le perchiste a \u00e9galement battu son record personnel cet hiver.","robots":{"index":"index","follow":"follow","max-snippet":"max-snippet:-1","max-image-preview":"max-image-preview:large","max-video-preview":"max-video-preview:-1"},"canonical":"https:\/\/dicodusport.fr\/blog\/les-athletes-a-suivre-cet-ete-ethan-cormont-la-surprise-de-la-perche-francaise\/","og_locale":"fr_FR","og_type":"article","og_title":"Les athl\u00e8tes \u00e0 suivre cet \u00e9t\u00e9 : Ethan Cormont, la surprise de la perche fran\u00e7aise ?","og_description":"ATHL\u00c9TISME - Ethan Cormont a pris la 5e place des championnats d'Europe en salle. Le perchiste a \u00e9galement battu son record personnel cet hiver.","og_url":"https:\/\/dicodusport.fr\/blog\/les-athletes-a-suivre-cet-ete-ethan-cormont-la-surprise-de-la-perche-francaise\/","og_site_name":"Dicodusport","article_publisher":"https:\/\/www.facebook.com\/dicodusport","article_published_time":"2023-05-20T07:00:06+00:00","og_image":[{"width":800,"height":445,"url":"https:\/\/dicodusport.fr\/blog\/wp-content\/uploads\/2023\/05\/Les-athletes-a-suivre-cet-ete-Ethan-Cormont-la-surprise-de-la-perche-francaise-.png","type":"image\/png"}],"author":"Etienne Goursaud","twitter_card":"summary_large_image","twitter_title":"Les athl\u00e8tes \u00e0 suivre cet \u00e9t\u00e9 : Ethan Cormont, la surprise de la perche fran\u00e7aise ?","twitter_creator":"@dicodusport","twitter_site":"@dicodusport","schema":{"@context":"https:\/\/schema.org","@graph":[{"@type":"NewsArticle","@id":"https:\/\/dicodusport.fr\/blog\/les-athletes-a-suivre-cet-ete-ethan-cormont-la-surprise-de-la-perche-francaise\/#article","isPartOf":{"@id":"https:\/\/dicodusport.fr\/blog\/les-athletes-a-suivre-cet-ete-ethan-cormont-la-surprise-de-la-perche-francaise\/"},"author":{"name":"Etienne Goursaud","@id":"https:\/\/dicodusport.fr\/blog\/#\/schema\/person\/d603dd7da31fb2b46c82b9835a77ec13"},"headline":"Les athl\u00e8tes \u00e0 suivre cet \u00e9t\u00e9 : Ethan Cormont, la surprise de la perche fran\u00e7aise ?","datePublished":"2023-05-20T07:00:06+00:00","mainEntityOfPage":{"@id":"https:\/\/dicodusport.fr\/blog\/les-athletes-a-suivre-cet-ete-ethan-cormont-la-surprise-de-la-perche-francaise\/"},"wordCount":764,"commentCount":0,"publisher":{"@id":"https:\/\/dicodusport.fr\/blog\/#organization"},"image":{"@id":"https:\/\/dicodusport.fr\/blog\/les-athletes-a-suivre-cet-ete-ethan-cormont-la-surprise-de-la-perche-francaise\/#primaryimage"},"thumbnailUrl":"https:\/\/dicodusport.fr\/blog\/wp-content\/uploads\/2023\/05\/Les-athletes-a-suivre-cet-ete-Ethan-Cormont-la-surprise-de-la-perche-francaise-.png","keywords":["Athl\u00e9tisme","br\u00e8ve","perche","saut \u00e0 la perche"],"articleSection":["Athl\u00e9tisme"],"inLanguage":"fr-FR","potentialAction":[{"@type":"CommentAction","name":"Comment","target":["https:\/\/dicodusport.fr\/blog\/les-athletes-a-suivre-cet-ete-ethan-cormont-la-surprise-de-la-perche-francaise\/#respond"]}],"copyrightYear":"2023","copyrightHolder":{"@id":"https:\/\/dicodusport.fr\/blog\/#organization"}},{"@type":"WebPage","@id":"https:\/\/dicodusport.fr\/blog\/les-athletes-a-suivre-cet-ete-ethan-cormont-la-surprise-de-la-perche-francaise\/","url":"https:\/\/dicodusport.fr\/blog\/les-athletes-a-suivre-cet-ete-ethan-cormont-la-surprise-de-la-perche-francaise\/","name":"Les athl\u00e8tes \u00e0 suivre cet \u00e9t\u00e9 : Ethan Cormont, la surprise de la perche fran\u00e7aise ?","isPartOf":{"@id":"https:\/\/dicodusport.fr\/blog\/#website"},"primaryImageOfPage":{"@id":"https:\/\/dicodusport.fr\/blog\/les-athletes-a-suivre-cet-ete-ethan-cormont-la-surprise-de-la-perche-francaise\/#primaryimage"},"image":{"@id":"https:\/\/dicodusport.fr\/blog\/les-athletes-a-suivre-cet-ete-ethan-cormont-la-surprise-de-la-perche-francaise\/#primaryimage"},"thumbnailUrl":"https:\/\/dicodusport.fr\/blog\/wp-content\/uploads\/2023\/05\/Les-athletes-a-suivre-cet-ete-Ethan-Cormont-la-surprise-de-la-perche-francaise-.png","datePublished":"2023-05-20T07:00:06+00:00","description":"ATHL\u00c9TISME - Ethan Cormont a pris la 5e place des championnats d'Europe en salle. Le perchiste a \u00e9galement battu son record personnel cet hiver.","breadcrumb":{"@id":"https:\/\/dicodusport.fr\/blog\/les-athletes-a-suivre-cet-ete-ethan-cormont-la-surprise-de-la-perche-francaise\/#breadcrumb"},"inLanguage":"fr-FR","potentialAction":[{"@type":"ReadAction","target":["https:\/\/dicodusport.fr\/blog\/les-athletes-a-suivre-cet-ete-ethan-cormont-la-surprise-de-la-perche-francaise\/"]}]},{"@type":"ImageObject","inLanguage":"fr-FR","@id":"https:\/\/dicodusport.fr\/blog\/les-athletes-a-suivre-cet-ete-ethan-cormont-la-surprise-de-la-perche-francaise\/#primaryimage","url":"https:\/\/dicodusport.fr\/blog\/wp-content\/uploads\/2023\/05\/Les-athletes-a-suivre-cet-ete-Ethan-Cormont-la-surprise-de-la-perche-francaise-.png","contentUrl":"https:\/\/dicodusport.fr\/blog\/wp-content\/uploads\/2023\/05\/Les-athletes-a-suivre-cet-ete-Ethan-Cormont-la-surprise-de-la-perche-francaise-.png","width":800,"height":445,"caption":"Les athl\u00e8tes \u00e0 suivre cet \u00e9t\u00e9 Ethan Cormont, la surprise de la perche fran\u00e7aise"},{"@type":"BreadcrumbList","@id":"https:\/\/dicodusport.fr\/blog\/les-athletes-a-suivre-cet-ete-ethan-cormont-la-surprise-de-la-perche-francaise\/#breadcrumb","itemListElement":[{"@type":"ListItem","position":1,"name":"Accueil","item":"https:\/\/dicodusport.fr\/blog\/"},{"@type":"ListItem","position":2,"name":"Les athl\u00e8tes \u00e0 suivre cet \u00e9t\u00e9 : Ethan Cormont, la surprise de la perche fran\u00e7aise ?"}]},{"@type":"WebSite","@id":"https:\/\/dicodusport.fr\/blog\/#website","url":"https:\/\/dicodusport.fr\/blog\/","name":"Dicodusport","description":"L&#039;encyclop\u00e9die de l&#039;actualit\u00e9 sportive","publisher":{"@id":"https:\/\/dicodusport.fr\/blog\/#organization"},"potentialAction":[{"@type":"SearchAction","target":{"@type":"EntryPoint","urlTemplate":"https:\/\/dicodusport.fr\/blog\/?s={search_term_string}"},"query-input":{"@type":"PropertyValueSpecification","valueRequired":true,"valueName":"search_term_string"}}],"inLanguage":"fr-FR"},{"@type":"NewsMediaOrganization","@id":"https:\/\/dicodusport.fr\/blog\/#organization","name":"Dicodusport","url":"https:\/\/dicodusport.fr\/blog\/","logo":{"@type":"ImageObject","inLanguage":"fr-FR","@id":"https:\/\/dicodusport.fr\/blog\/#\/schema\/logo\/image\/","url":"https:\/\/dicodusport.fr\/blog\/wp-content\/uploads\/2020\/06\/cropped-LOGO-DICODUSPORT-2020-SANS-FOND-SANS-TEXTE.png","contentUrl":"https:\/\/dicodusport.fr\/blog\/wp-content\/uploads\/2020\/06\/cropped-LOGO-DICODUSPORT-2020-SANS-FOND-SANS-TEXTE.png","width":512,"height":512,"caption":"Dicodusport"},"image":{"@id":"https:\/\/dicodusport.fr\/blog\/#\/schema\/logo\/image\/"},"sameAs":["https:\/\/www.facebook.com\/dicodusport","https:\/\/x.com\/dicodusport","https:\/\/www.instagram.com\/dicodusport\/","https:\/\/www.youtube.com\/channel\/UC7V2KZ5sd3htJivAbA4ZG3w"],"description":"Dicodusport est l'encyclop\u00e9die de l'actualit\u00e9 sportive.","email":"bonjour@dicodusport.fr","legalName":"DICODUSPORT","foundingDate":"2018-01-14","vatID":"FR71834470973","taxID":"83447097300043","numberOfEmployees":{"@type":"QuantitativeValue","minValue":"1","maxValue":"10"}},{"@type":"Person","@id":"https:\/\/dicodusport.fr\/blog\/#\/schema\/person\/d603dd7da31fb2b46c82b9835a77ec13","name":"Etienne Goursaud","image":{"@type":"ImageObject","inLanguage":"fr-FR","@id":"https:\/\/dicodusport.fr\/blog\/#\/schema\/person\/image\/","url":"https:\/\/dicodusport.fr\/blog\/wp-content\/uploads\/2023\/12\/410122264_10231602061736049_5565839791558026645_n-150x150.jpg","contentUrl":"https:\/\/dicodusport.fr\/blog\/wp-content\/uploads\/2023\/12\/410122264_10231602061736049_5565839791558026645_n-150x150.jpg","caption":"Etienne Goursaud"},"description":"Journaliste et amoureux de sport. Ancien footballeur reconverti athl\u00e8te quand ses muscles le laissent tranquille. \u00c9lev\u00e9 \u00e0 la sauce des exploits de Thomas Voeckler en 2004, du dernier essai de l\u00e9gende de Eunice Barber \u00e0 la longueur lors des championnats du monde d'athl\u00e9tisme de 2003 mais aussi Zidane, Omeyer et Titou Lamaison.","url":"https:\/\/dicodusport.fr\/blog\/author\/etienne-goursaud\/"}]}},"_links":{"self":[{"href":"https:\/\/dicodusport.fr\/blog\/wp-json\/wp\/v2\/posts\/381381","targetHints":{"allow":["GET"]}}],"collection":[{"href":"https:\/\/dicodusport.fr\/blog\/wp-json\/wp\/v2\/posts"}],"about":[{"href":"https:\/\/dicodusport.fr\/blog\/wp-json\/wp\/v2\/types\/post"}],"author":[{"embeddable":true,"href":"https:\/\/dicodusport.fr\/blog\/wp-json\/wp\/v2\/users\/83"}],"replies":[{"embeddable":true,"href":"https:\/\/dicodusport.fr\/blog\/wp-json\/wp\/v2\/comments?post=381381"}],"version-history":[{"count":0,"href":"https:\/\/dicodusport.fr\/blog\/wp-json\/wp\/v2\/posts\/381381\/revisions"}],"wp:featuredmedia":[{"embeddable":true,"href":"https:\/\/dicodusport.fr\/blog\/wp-json\/wp\/v2\/media\/381421"}],"wp:attachment":[{"href":"https:\/\/dicodusport.fr\/blog\/wp-json\/wp\/v2\/media?parent=381381"}],"wp:term":[{"taxonomy":"category","embeddable":true,"href":"https:\/\/dicodusport.fr\/blog\/wp-json\/wp\/v2\/categories?post=381381"},{"taxonomy":"post_tag","embeddable":true,"href":"https:\/\/dicodusport.fr\/blog\/wp-json\/wp\/v2\/tags?post=381381"}],"curies":[{"name":"wp","href":"https:\/\/api.w.org\/{rel}","templated":true}]}}