{"id":381394,"date":"2023-05-12T17:40:51","date_gmt":"2023-05-12T15:40:51","guid":{"rendered":"https:\/\/dicodusport.fr\/blog\/?p=381394&#038;preview=true&#038;preview_id=381394"},"modified":"2023-05-12T20:23:37","modified_gmt":"2023-05-12T18:23:37","slug":"tour-ditalie-2023-mattia-bais-remporte-la-7eme-etape","status":"publish","type":"post","link":"https:\/\/dicodusport.fr\/blog\/tour-ditalie-2023-mattia-bais-remporte-la-7eme-etape\/","title":{"rendered":"Tour d\u2019Italie 2023 : Davide Bais remporte la 7\u00e8me \u00e9tape"},"content":{"rendered":"<p style=\"text-align: justify;\"><em><a style=\"font-weight: bold;\" href=\"https:\/\/dicodusport.fr\/blog\/actualites\/cyclisme\/cyclisme-sur-route-2023\/tour-d-italie-2023\/\">TOUR D&rsquo;ITALIE 2023<\/a><b> &#8211; Issu de l&rsquo;\u00e9chapp\u00e9e matinale, Davide Bais (Eolo Kometa) s&rsquo;est impos\u00e9 sur la 7\u00e8me \u00e9tape, au sommet du Gran Sasso d&rsquo;Italia. Il a devanc\u00e9 Karel Vacek (Team Corratec) et Simone Petilli (Intermarch\u00e9 Circus Wanty). Andreas Leknessund (Team DSM) a gard\u00e9 son maillot rose.\u00a0<\/b><\/em><\/p>\n<p style=\"text-align: justify;\"><span style=\"font-weight: 400;\">D&rsquo;abord, quatre coureurs ont form\u00e9 l&rsquo;\u00e9chapp\u00e9e matinale d\u00e8s les premiers kilom\u00e8tres de course : <strong>Davide Bais<\/strong> (Eolo Kometa), le champion d&rsquo;Afrique <strong>Henok Mulubrhan<\/strong> (Green Project Bardiani), <strong>Simone Petilli<\/strong> (Intermarch\u00e9 Circus Wanty) et <strong>Karel Vacek<\/strong> (Team Corratec). Leur avance est mont\u00e9e jusqu&rsquo;\u00e0 presque 13 minutes sur un peloton emmen\u00e9 par le Team DSM.\u00a0<\/span><\/p>\n<h2 style=\"text-align: justify;\">Le peloton laisse filer les fuyards<\/h2>\n<p style=\"text-align: justify;\"><span style=\"font-weight: 400;\"><strong>Davide Bais<\/strong> (Eolo Kometa) est pass\u00e9 en premi\u00e8re position au sprint interm\u00e9diaire de Castel di Sangro alors que <strong>Mads Pedersen<\/strong> (Trek Segafredo) a pris la cinqui\u00e8me place, se rapprochant \u00e0 12 points du maillot cyclamen de <strong>Jonathan Milan<\/strong> (Bahrain Victorious). Puis, <strong>Henok Mulubrhan<\/strong> (Green Project Bardiani) a \u00e9t\u00e9 l\u00e2ch\u00e9 dans l&rsquo;ascension de Roccaraso o\u00f9 <strong>Davide Bais<\/strong> (Eolo Kometa) a franchi en t\u00eate le sommet. <strong>Thibaut Pinot<\/strong> (Groupama FDJ) a pris deux points.\u00a0<\/span><\/p>\n<p style=\"text-align: justify;\"><span style=\"font-weight: 400;\">Par la suite, <strong>Davide Bais<\/strong> (Eolo Kometa) a pass\u00e9 en premier le sprint interm\u00e9diaire de Bussi sul Tirino alors que l&rsquo;\u00e9quipe DSM a maintenu l&rsquo;\u00e9cart \u00e0 moins de 12 minutes, avant d&rsquo;attaquer la mont\u00e9e de Calascio (13.5 km \u00e0 6 %). Dans ce col, les trois \u00e9chapp\u00e9s ont perdu 3 minutes o\u00f9 <strong>Davide Bais<\/strong> (Eolo Kometa) a r\u00e9cup\u00e9r\u00e9 18 points au sommet. <strong>Thibaut Pinot<\/strong> (Groupama FDJ) a pris 4 points.\u00a0<\/span><\/p>\n<p style=\"text-align: justify;\"><span style=\"font-weight: 400;\">D\u00e8s les premi\u00e8res rampes du Gran Sasso d&rsquo;Italia, les formations Soudal Quick-Step et AG2R Citro\u00ebn se sont port\u00e9es dans les premi\u00e8res positions du peloton, alors qu&rsquo;il ne restait plus que <strong>Harm Vanhoucke<\/strong> (Team DSM) avec le maillot rose <strong>Andreas Leknessund<\/strong> (Team DSM). \u00c0 moins de 4 kilom\u00e8tres du sommet, <strong>Simone Petilli<\/strong> (Intermarch\u00e9 Circus Wanty) a port\u00e9 une premi\u00e8re attaque, mais ses deux compagnons n&rsquo;ont pas \u00e9t\u00e9 l\u00e2ch\u00e9s. Le coureur italien a tent\u00e9 \u00e0 nouveau sa chance en vain \u00e0 2 kilom\u00e8tres du terme.\u00a0<\/span><\/p>\n<h2 style=\"text-align: justify;\">Nouvelle victoire de prestige pour Eolo Kometa<\/h2>\n<p style=\"text-align: justify;\"><span style=\"font-weight: 400;\">Finalement, <strong>Davide Bais<\/strong> (Eolo Kometa) a parfaitement r\u00e9pondu \u00e0 l&rsquo;acc\u00e9l\u00e9ration de <strong>Simone Petilli<\/strong> (Intermarch\u00e9 Circus Wanty) pour partir seul \u00e0 200 m\u00e8tres de la ligne d&rsquo;arriv\u00e9e. L&rsquo;Italien a devanc\u00e9 <strong>Karel Vacek<\/strong> (Team Corratec) de 9 secondes.\u00a0<strong>Simone Petilli<\/strong> (Intermarch\u00e9 Circus Wanty) a compl\u00e9t\u00e9 le podium \u00e0 16 secondes. Le peloton des favoris, r\u00e9gl\u00e9 par <strong>Remco Evenepoel<\/strong> (Soudal Quick-Step), a franchi la ligne avec un retard de 3 minutes 10. Pr\u00e9sent dans ce peloton, <strong>Andreas Leknessund<\/strong> (Team DSM) a conserv\u00e9 son maillot rose.\u00a0<\/span><\/p>\n<blockquote class=\"twitter-tweet\">\n<p dir=\"ltr\" lang=\"fr\">Les favoris se neutralisent ! Pour le plus grand bonheur du porteur du maillot rose Andreas Leknessund, il n&rsquo;y a pas eu d&rsquo;attaque \u00e0 Gran Sasso d&rsquo;Italia, o\u00f9 Davide Bais a remport\u00e9 la 7e \u00e9tape du <a href=\"https:\/\/twitter.com\/hashtag\/Giro?src=hash&amp;ref_src=twsrc%5Etfw\">#Giro<\/a> <a href=\"https:\/\/twitter.com\/hashtag\/LesRP?src=hash&amp;ref_src=twsrc%5Etfw\">#LesRP<\/a> <a href=\"https:\/\/t.co\/xpu88pugfa\">pic.twitter.com\/xpu88pugfa<\/a><\/p>\n<p>\u2014 Eurosport France (@Eurosport_FR) <a href=\"https:\/\/twitter.com\/Eurosport_FR\/status\/1657050500284522496?ref_src=twsrc%5Etfw\">May 12, 2023<\/a><\/p><\/blockquote>\n<p><script async src=\"https:\/\/platform.twitter.com\/widgets.js\" charset=\"utf-8\"><\/script><\/p>\n<p>Avec 76 points, <span style=\"font-weight: 400;\"><strong>Davide Bais<\/strong> (Eolo Kometa) a \u00e9galement<\/span> r\u00e9cup\u00e9r\u00e9 le maillot de meilleur grimpeur des \u00e9paules de <span style=\"font-weight: 400;\"><strong>Thibaut Pinot<\/strong> (Groupama FDJ)<\/span>, d\u00e9sormais deuxi\u00e8me du classement avec 50 unit\u00e9s.<\/p>\n<h2 style=\"text-align: justify;\">\u00c0 lire aussi<\/h2>\n<ul>\n<li style=\"text-align: justify;\"><a href=\"https:\/\/dicodusport.fr\/blog\/tour-ditalie-2023-classement-7eme-etape\/\"><strong>Le classement de la 7\u00e8me \u00e9tape du Tour d\u2019Italie\u00a0<\/strong><\/a><\/li>\n<li style=\"text-align: justify;\"><a href=\"https:\/\/dicodusport.fr\/blog\/tour-d-italie-2023-classement-general-maillot-rose\/\"><strong>Le classement g\u00e9n\u00e9ral du Tour d\u2019Italie 2023<\/strong><\/a><\/li>\n<\/ul>\n","protected":false},"excerpt":{"rendered":"<p>TOUR D&rsquo;ITALIE 2023 &#8211; Issu de l&rsquo;\u00e9chapp\u00e9e matinale, Davide Bais (Eolo Kometa) s&rsquo;est impos\u00e9 sur la 7\u00e8me \u00e9tape, au sommet du Gran Sasso d&rsquo;Italia. Il a devanc\u00e9 Karel Vacek (Team Corratec) et Simone Petilli (Intermarch\u00e9 Circus Wanty). Andreas Leknessund (Team DSM) a gard\u00e9 son maillot rose.\u00a0<\/p>\n","protected":false},"author":48,"featured_media":381538,"comment_status":"open","ping_status":"closed","sticky":false,"template":"","format":"standard","meta":{"_acf_changed":false,"_daextam_enable_autolinks":"","footnotes":""},"categories":[47041],"tags":[3119,16878],"class_list":["post-381394","post","type-post","status-publish","format-standard","has-post-thumbnail","hentry","category-tour-d-italie","tag-actualite-cyclisme","tag-breve"],"acf":[],"yoast_head":"<!-- This site is optimized with the Yoast SEO Premium plugin v26.7 (Yoast SEO v26.7) - https:\/\/yoast.com\/wordpress\/plugins\/seo\/ -->\n<title>Tour d\u2019Italie 2023 : Davide Bais remporte la 7\u00e8me \u00e9tape<\/title>\n<meta name=\"description\" content=\"TOUR D&#039;ITALIE 2023 - Davide Bais (Eolo Kometa) s&#039;est adjug\u00e9 la 7\u00e8me \u00e9tape du Giro 2023.\" \/>\n<meta name=\"robots\" content=\"index, follow, max-snippet:-1, max-image-preview:large, max-video-preview:-1\" \/>\n<link rel=\"canonical\" href=\"https:\/\/dicodusport.fr\/blog\/tour-ditalie-2023-mattia-bais-remporte-la-7eme-etape\/\" \/>\n<meta property=\"og:locale\" content=\"fr_FR\" \/>\n<meta property=\"og:type\" content=\"article\" \/>\n<meta property=\"og:title\" content=\"Tour d\u2019Italie 2023 : Davide Bais remporte la 7\u00e8me \u00e9tape\" \/>\n<meta property=\"og:description\" content=\"TOUR D&#039;ITALIE 2023 - Davide Bais (Eolo Kometa) s&#039;est adjug\u00e9 la 7\u00e8me \u00e9tape du Giro 2023.\" \/>\n<meta property=\"og:url\" content=\"https:\/\/dicodusport.fr\/blog\/tour-ditalie-2023-mattia-bais-remporte-la-7eme-etape\/\" \/>\n<meta property=\"og:site_name\" content=\"Dicodusport\" \/>\n<meta property=\"article:publisher\" content=\"https:\/\/www.facebook.com\/dicodusport\" \/>\n<meta property=\"article:author\" content=\"https:\/\/www.facebook.com\/groups\/LesRoisDuPeloton\" \/>\n<meta property=\"article:published_time\" content=\"2023-05-12T15:40:51+00:00\" \/>\n<meta property=\"article:modified_time\" content=\"2023-05-12T18:23:37+00:00\" \/>\n<meta property=\"og:image\" content=\"https:\/\/dicodusport.fr\/blog\/wp-content\/uploads\/2023\/05\/Tour-dItalie-2023-Davide-Bais-remporte-la-7eme-etape.png\" \/>\n\t<meta property=\"og:image:width\" content=\"800\" \/>\n\t<meta property=\"og:image:height\" content=\"445\" \/>\n\t<meta property=\"og:image:type\" content=\"image\/png\" \/>\n<meta name=\"author\" content=\"Emilien Descampiaux\" \/>\n<meta name=\"twitter:card\" content=\"summary_large_image\" \/>\n<meta name=\"twitter:title\" content=\"Tour d\u2019Italie 2023 : Davide Bais remporte la 7\u00e8me \u00e9tape\" \/>\n<meta name=\"twitter:creator\" content=\"@https:\/\/twitter.com\/LRoisDuPeloton\" \/>\n<meta name=\"twitter:site\" content=\"@dicodusport\" \/>\n<script type=\"application\/ld+json\" class=\"yoast-schema-graph\">{\"@context\":\"https:\/\/schema.org\",\"@graph\":[{\"@type\":\"NewsArticle\",\"@id\":\"https:\/\/dicodusport.fr\/blog\/tour-ditalie-2023-mattia-bais-remporte-la-7eme-etape\/#article\",\"isPartOf\":{\"@id\":\"https:\/\/dicodusport.fr\/blog\/tour-ditalie-2023-mattia-bais-remporte-la-7eme-etape\/\"},\"author\":{\"name\":\"Emilien Descampiaux\",\"@id\":\"https:\/\/dicodusport.fr\/blog\/#\/schema\/person\/6db4bae06b171592211be385b32876a7\"},\"headline\":\"Tour d\u2019Italie 2023 : Davide Bais remporte la 7\u00e8me \u00e9tape\",\"datePublished\":\"2023-05-12T15:40:51+00:00\",\"dateModified\":\"2023-05-12T18:23:37+00:00\",\"mainEntityOfPage\":{\"@id\":\"https:\/\/dicodusport.fr\/blog\/tour-ditalie-2023-mattia-bais-remporte-la-7eme-etape\/\"},\"wordCount\":553,\"commentCount\":0,\"publisher\":{\"@id\":\"https:\/\/dicodusport.fr\/blog\/#organization\"},\"image\":{\"@id\":\"https:\/\/dicodusport.fr\/blog\/tour-ditalie-2023-mattia-bais-remporte-la-7eme-etape\/#primaryimage\"},\"thumbnailUrl\":\"https:\/\/dicodusport.fr\/blog\/wp-content\/uploads\/2023\/05\/Tour-dItalie-2023-Davide-Bais-remporte-la-7eme-etape.png\",\"keywords\":[\"Actualit\u00e9 Cyclisme\",\"br\u00e8ve\"],\"articleSection\":[\"Tour d'Italie\"],\"inLanguage\":\"fr-FR\",\"potentialAction\":[{\"@type\":\"CommentAction\",\"name\":\"Comment\",\"target\":[\"https:\/\/dicodusport.fr\/blog\/tour-ditalie-2023-mattia-bais-remporte-la-7eme-etape\/#respond\"]}],\"copyrightYear\":\"2023\",\"copyrightHolder\":{\"@id\":\"https:\/\/dicodusport.fr\/blog\/#organization\"}},{\"@type\":\"WebPage\",\"@id\":\"https:\/\/dicodusport.fr\/blog\/tour-ditalie-2023-mattia-bais-remporte-la-7eme-etape\/\",\"url\":\"https:\/\/dicodusport.fr\/blog\/tour-ditalie-2023-mattia-bais-remporte-la-7eme-etape\/\",\"name\":\"Tour d\u2019Italie 2023 : Davide Bais remporte la 7\u00e8me \u00e9tape\",\"isPartOf\":{\"@id\":\"https:\/\/dicodusport.fr\/blog\/#website\"},\"primaryImageOfPage\":{\"@id\":\"https:\/\/dicodusport.fr\/blog\/tour-ditalie-2023-mattia-bais-remporte-la-7eme-etape\/#primaryimage\"},\"image\":{\"@id\":\"https:\/\/dicodusport.fr\/blog\/tour-ditalie-2023-mattia-bais-remporte-la-7eme-etape\/#primaryimage\"},\"thumbnailUrl\":\"https:\/\/dicodusport.fr\/blog\/wp-content\/uploads\/2023\/05\/Tour-dItalie-2023-Davide-Bais-remporte-la-7eme-etape.png\",\"datePublished\":\"2023-05-12T15:40:51+00:00\",\"dateModified\":\"2023-05-12T18:23:37+00:00\",\"description\":\"TOUR D'ITALIE 2023 - Davide Bais (Eolo Kometa) s'est adjug\u00e9 la 7\u00e8me \u00e9tape du Giro 2023.\",\"breadcrumb\":{\"@id\":\"https:\/\/dicodusport.fr\/blog\/tour-ditalie-2023-mattia-bais-remporte-la-7eme-etape\/#breadcrumb\"},\"inLanguage\":\"fr-FR\",\"potentialAction\":[{\"@type\":\"ReadAction\",\"target\":[\"https:\/\/dicodusport.fr\/blog\/tour-ditalie-2023-mattia-bais-remporte-la-7eme-etape\/\"]}]},{\"@type\":\"ImageObject\",\"inLanguage\":\"fr-FR\",\"@id\":\"https:\/\/dicodusport.fr\/blog\/tour-ditalie-2023-mattia-bais-remporte-la-7eme-etape\/#primaryimage\",\"url\":\"https:\/\/dicodusport.fr\/blog\/wp-content\/uploads\/2023\/05\/Tour-dItalie-2023-Davide-Bais-remporte-la-7eme-etape.png\",\"contentUrl\":\"https:\/\/dicodusport.fr\/blog\/wp-content\/uploads\/2023\/05\/Tour-dItalie-2023-Davide-Bais-remporte-la-7eme-etape.png\",\"width\":800,\"height\":445,\"caption\":\"Tour d\u2019Italie 2023 Davide Bais remporte la 7\u00e8me \u00e9tape\"},{\"@type\":\"BreadcrumbList\",\"@id\":\"https:\/\/dicodusport.fr\/blog\/tour-ditalie-2023-mattia-bais-remporte-la-7eme-etape\/#breadcrumb\",\"itemListElement\":[{\"@type\":\"ListItem\",\"position\":1,\"name\":\"Accueil\",\"item\":\"https:\/\/dicodusport.fr\/blog\/\"},{\"@type\":\"ListItem\",\"position\":2,\"name\":\"Tour d\u2019Italie 2023 : Davide Bais remporte la 7\u00e8me \u00e9tape\"}]},{\"@type\":\"WebSite\",\"@id\":\"https:\/\/dicodusport.fr\/blog\/#website\",\"url\":\"https:\/\/dicodusport.fr\/blog\/\",\"name\":\"Dicodusport\",\"description\":\"L&#039;encyclop\u00e9die de l&#039;actualit\u00e9 sportive\",\"publisher\":{\"@id\":\"https:\/\/dicodusport.fr\/blog\/#organization\"},\"potentialAction\":[{\"@type\":\"SearchAction\",\"target\":{\"@type\":\"EntryPoint\",\"urlTemplate\":\"https:\/\/dicodusport.fr\/blog\/?s={search_term_string}\"},\"query-input\":{\"@type\":\"PropertyValueSpecification\",\"valueRequired\":true,\"valueName\":\"search_term_string\"}}],\"inLanguage\":\"fr-FR\"},{\"@type\":\"NewsMediaOrganization\",\"@id\":\"https:\/\/dicodusport.fr\/blog\/#organization\",\"name\":\"Dicodusport\",\"url\":\"https:\/\/dicodusport.fr\/blog\/\",\"logo\":{\"@type\":\"ImageObject\",\"inLanguage\":\"fr-FR\",\"@id\":\"https:\/\/dicodusport.fr\/blog\/#\/schema\/logo\/image\/\",\"url\":\"https:\/\/dicodusport.fr\/blog\/wp-content\/uploads\/2020\/06\/cropped-LOGO-DICODUSPORT-2020-SANS-FOND-SANS-TEXTE.png\",\"contentUrl\":\"https:\/\/dicodusport.fr\/blog\/wp-content\/uploads\/2020\/06\/cropped-LOGO-DICODUSPORT-2020-SANS-FOND-SANS-TEXTE.png\",\"width\":512,\"height\":512,\"caption\":\"Dicodusport\"},\"image\":{\"@id\":\"https:\/\/dicodusport.fr\/blog\/#\/schema\/logo\/image\/\"},\"sameAs\":[\"https:\/\/www.facebook.com\/dicodusport\",\"https:\/\/x.com\/dicodusport\",\"https:\/\/www.instagram.com\/dicodusport\/\",\"https:\/\/www.youtube.com\/channel\/UC7V2KZ5sd3htJivAbA4ZG3w\"],\"description\":\"Dicodusport est l'encyclop\u00e9die de l'actualit\u00e9 sportive.\",\"email\":\"bonjour@dicodusport.fr\",\"legalName\":\"DICODUSPORT\",\"foundingDate\":\"2018-01-14\",\"vatID\":\"FR71834470973\",\"taxID\":\"83447097300043\",\"numberOfEmployees\":{\"@type\":\"QuantitativeValue\",\"minValue\":\"1\",\"maxValue\":\"10\"}},{\"@type\":\"Person\",\"@id\":\"https:\/\/dicodusport.fr\/blog\/#\/schema\/person\/6db4bae06b171592211be385b32876a7\",\"name\":\"Emilien Descampiaux\",\"image\":{\"@type\":\"ImageObject\",\"inLanguage\":\"fr-FR\",\"@id\":\"https:\/\/dicodusport.fr\/blog\/#\/schema\/person\/image\/\",\"url\":\"https:\/\/dicodusport.fr\/blog\/wp-content\/uploads\/2021\/05\/Emilien-Descampiaux-150x150.jpg\",\"contentUrl\":\"https:\/\/dicodusport.fr\/blog\/wp-content\/uploads\/2021\/05\/Emilien-Descampiaux-150x150.jpg\",\"caption\":\"Emilien Descampiaux\"},\"description\":\"Journaliste\/r\u00e9dacteur depuis 2014 - Fan de la classe de Frank Vandenbroucke, je vis cyclisme (et de ses paysages) depuis plus de 20 ans. Je suis tr\u00e8s impliqu\u00e9 sur mes diff\u00e9rents r\u00e9seaux sociaux pour partager ma passion sur le monde et l'Histoire de la bicyclette avec ma voix sur les images en noir et blanc du succ\u00e8s de Rik Van Steenbergen lors du Ronde sur le V\u00e9lodrome de Gand.\",\"sameAs\":[\"https:\/\/www.facebook.com\/groups\/LesRoisDuPeloton\",\"https:\/\/x.com\/https:\/\/twitter.com\/LRoisDuPeloton\"],\"url\":\"https:\/\/dicodusport.fr\/blog\/author\/emiliend\/\"}]}<\/script>\n<!-- \/ Yoast SEO Premium plugin. -->","yoast_head_json":{"title":"Tour d\u2019Italie 2023 : Davide Bais remporte la 7\u00e8me \u00e9tape","description":"TOUR D'ITALIE 2023 - Davide Bais (Eolo Kometa) s'est adjug\u00e9 la 7\u00e8me \u00e9tape du Giro 2023.","robots":{"index":"index","follow":"follow","max-snippet":"max-snippet:-1","max-image-preview":"max-image-preview:large","max-video-preview":"max-video-preview:-1"},"canonical":"https:\/\/dicodusport.fr\/blog\/tour-ditalie-2023-mattia-bais-remporte-la-7eme-etape\/","og_locale":"fr_FR","og_type":"article","og_title":"Tour d\u2019Italie 2023 : Davide Bais remporte la 7\u00e8me \u00e9tape","og_description":"TOUR D'ITALIE 2023 - Davide Bais (Eolo Kometa) s'est adjug\u00e9 la 7\u00e8me \u00e9tape du Giro 2023.","og_url":"https:\/\/dicodusport.fr\/blog\/tour-ditalie-2023-mattia-bais-remporte-la-7eme-etape\/","og_site_name":"Dicodusport","article_publisher":"https:\/\/www.facebook.com\/dicodusport","article_author":"https:\/\/www.facebook.com\/groups\/LesRoisDuPeloton","article_published_time":"2023-05-12T15:40:51+00:00","article_modified_time":"2023-05-12T18:23:37+00:00","og_image":[{"width":800,"height":445,"url":"https:\/\/dicodusport.fr\/blog\/wp-content\/uploads\/2023\/05\/Tour-dItalie-2023-Davide-Bais-remporte-la-7eme-etape.png","type":"image\/png"}],"author":"Emilien Descampiaux","twitter_card":"summary_large_image","twitter_title":"Tour d\u2019Italie 2023 : Davide Bais remporte la 7\u00e8me \u00e9tape","twitter_creator":"@https:\/\/twitter.com\/LRoisDuPeloton","twitter_site":"@dicodusport","schema":{"@context":"https:\/\/schema.org","@graph":[{"@type":"NewsArticle","@id":"https:\/\/dicodusport.fr\/blog\/tour-ditalie-2023-mattia-bais-remporte-la-7eme-etape\/#article","isPartOf":{"@id":"https:\/\/dicodusport.fr\/blog\/tour-ditalie-2023-mattia-bais-remporte-la-7eme-etape\/"},"author":{"name":"Emilien Descampiaux","@id":"https:\/\/dicodusport.fr\/blog\/#\/schema\/person\/6db4bae06b171592211be385b32876a7"},"headline":"Tour d\u2019Italie 2023 : Davide Bais remporte la 7\u00e8me \u00e9tape","datePublished":"2023-05-12T15:40:51+00:00","dateModified":"2023-05-12T18:23:37+00:00","mainEntityOfPage":{"@id":"https:\/\/dicodusport.fr\/blog\/tour-ditalie-2023-mattia-bais-remporte-la-7eme-etape\/"},"wordCount":553,"commentCount":0,"publisher":{"@id":"https:\/\/dicodusport.fr\/blog\/#organization"},"image":{"@id":"https:\/\/dicodusport.fr\/blog\/tour-ditalie-2023-mattia-bais-remporte-la-7eme-etape\/#primaryimage"},"thumbnailUrl":"https:\/\/dicodusport.fr\/blog\/wp-content\/uploads\/2023\/05\/Tour-dItalie-2023-Davide-Bais-remporte-la-7eme-etape.png","keywords":["Actualit\u00e9 Cyclisme","br\u00e8ve"],"articleSection":["Tour d'Italie"],"inLanguage":"fr-FR","potentialAction":[{"@type":"CommentAction","name":"Comment","target":["https:\/\/dicodusport.fr\/blog\/tour-ditalie-2023-mattia-bais-remporte-la-7eme-etape\/#respond"]}],"copyrightYear":"2023","copyrightHolder":{"@id":"https:\/\/dicodusport.fr\/blog\/#organization"}},{"@type":"WebPage","@id":"https:\/\/dicodusport.fr\/blog\/tour-ditalie-2023-mattia-bais-remporte-la-7eme-etape\/","url":"https:\/\/dicodusport.fr\/blog\/tour-ditalie-2023-mattia-bais-remporte-la-7eme-etape\/","name":"Tour d\u2019Italie 2023 : Davide Bais remporte la 7\u00e8me \u00e9tape","isPartOf":{"@id":"https:\/\/dicodusport.fr\/blog\/#website"},"primaryImageOfPage":{"@id":"https:\/\/dicodusport.fr\/blog\/tour-ditalie-2023-mattia-bais-remporte-la-7eme-etape\/#primaryimage"},"image":{"@id":"https:\/\/dicodusport.fr\/blog\/tour-ditalie-2023-mattia-bais-remporte-la-7eme-etape\/#primaryimage"},"thumbnailUrl":"https:\/\/dicodusport.fr\/blog\/wp-content\/uploads\/2023\/05\/Tour-dItalie-2023-Davide-Bais-remporte-la-7eme-etape.png","datePublished":"2023-05-12T15:40:51+00:00","dateModified":"2023-05-12T18:23:37+00:00","description":"TOUR D'ITALIE 2023 - Davide Bais (Eolo Kometa) s'est adjug\u00e9 la 7\u00e8me \u00e9tape du Giro 2023.","breadcrumb":{"@id":"https:\/\/dicodusport.fr\/blog\/tour-ditalie-2023-mattia-bais-remporte-la-7eme-etape\/#breadcrumb"},"inLanguage":"fr-FR","potentialAction":[{"@type":"ReadAction","target":["https:\/\/dicodusport.fr\/blog\/tour-ditalie-2023-mattia-bais-remporte-la-7eme-etape\/"]}]},{"@type":"ImageObject","inLanguage":"fr-FR","@id":"https:\/\/dicodusport.fr\/blog\/tour-ditalie-2023-mattia-bais-remporte-la-7eme-etape\/#primaryimage","url":"https:\/\/dicodusport.fr\/blog\/wp-content\/uploads\/2023\/05\/Tour-dItalie-2023-Davide-Bais-remporte-la-7eme-etape.png","contentUrl":"https:\/\/dicodusport.fr\/blog\/wp-content\/uploads\/2023\/05\/Tour-dItalie-2023-Davide-Bais-remporte-la-7eme-etape.png","width":800,"height":445,"caption":"Tour d\u2019Italie 2023 Davide Bais remporte la 7\u00e8me \u00e9tape"},{"@type":"BreadcrumbList","@id":"https:\/\/dicodusport.fr\/blog\/tour-ditalie-2023-mattia-bais-remporte-la-7eme-etape\/#breadcrumb","itemListElement":[{"@type":"ListItem","position":1,"name":"Accueil","item":"https:\/\/dicodusport.fr\/blog\/"},{"@type":"ListItem","position":2,"name":"Tour d\u2019Italie 2023 : Davide Bais remporte la 7\u00e8me \u00e9tape"}]},{"@type":"WebSite","@id":"https:\/\/dicodusport.fr\/blog\/#website","url":"https:\/\/dicodusport.fr\/blog\/","name":"Dicodusport","description":"L&#039;encyclop\u00e9die de l&#039;actualit\u00e9 sportive","publisher":{"@id":"https:\/\/dicodusport.fr\/blog\/#organization"},"potentialAction":[{"@type":"SearchAction","target":{"@type":"EntryPoint","urlTemplate":"https:\/\/dicodusport.fr\/blog\/?s={search_term_string}"},"query-input":{"@type":"PropertyValueSpecification","valueRequired":true,"valueName":"search_term_string"}}],"inLanguage":"fr-FR"},{"@type":"NewsMediaOrganization","@id":"https:\/\/dicodusport.fr\/blog\/#organization","name":"Dicodusport","url":"https:\/\/dicodusport.fr\/blog\/","logo":{"@type":"ImageObject","inLanguage":"fr-FR","@id":"https:\/\/dicodusport.fr\/blog\/#\/schema\/logo\/image\/","url":"https:\/\/dicodusport.fr\/blog\/wp-content\/uploads\/2020\/06\/cropped-LOGO-DICODUSPORT-2020-SANS-FOND-SANS-TEXTE.png","contentUrl":"https:\/\/dicodusport.fr\/blog\/wp-content\/uploads\/2020\/06\/cropped-LOGO-DICODUSPORT-2020-SANS-FOND-SANS-TEXTE.png","width":512,"height":512,"caption":"Dicodusport"},"image":{"@id":"https:\/\/dicodusport.fr\/blog\/#\/schema\/logo\/image\/"},"sameAs":["https:\/\/www.facebook.com\/dicodusport","https:\/\/x.com\/dicodusport","https:\/\/www.instagram.com\/dicodusport\/","https:\/\/www.youtube.com\/channel\/UC7V2KZ5sd3htJivAbA4ZG3w"],"description":"Dicodusport est l'encyclop\u00e9die de l'actualit\u00e9 sportive.","email":"bonjour@dicodusport.fr","legalName":"DICODUSPORT","foundingDate":"2018-01-14","vatID":"FR71834470973","taxID":"83447097300043","numberOfEmployees":{"@type":"QuantitativeValue","minValue":"1","maxValue":"10"}},{"@type":"Person","@id":"https:\/\/dicodusport.fr\/blog\/#\/schema\/person\/6db4bae06b171592211be385b32876a7","name":"Emilien Descampiaux","image":{"@type":"ImageObject","inLanguage":"fr-FR","@id":"https:\/\/dicodusport.fr\/blog\/#\/schema\/person\/image\/","url":"https:\/\/dicodusport.fr\/blog\/wp-content\/uploads\/2021\/05\/Emilien-Descampiaux-150x150.jpg","contentUrl":"https:\/\/dicodusport.fr\/blog\/wp-content\/uploads\/2021\/05\/Emilien-Descampiaux-150x150.jpg","caption":"Emilien Descampiaux"},"description":"Journaliste\/r\u00e9dacteur depuis 2014 - Fan de la classe de Frank Vandenbroucke, je vis cyclisme (et de ses paysages) depuis plus de 20 ans. Je suis tr\u00e8s impliqu\u00e9 sur mes diff\u00e9rents r\u00e9seaux sociaux pour partager ma passion sur le monde et l'Histoire de la bicyclette avec ma voix sur les images en noir et blanc du succ\u00e8s de Rik Van Steenbergen lors du Ronde sur le V\u00e9lodrome de Gand.","sameAs":["https:\/\/www.facebook.com\/groups\/LesRoisDuPeloton","https:\/\/x.com\/https:\/\/twitter.com\/LRoisDuPeloton"],"url":"https:\/\/dicodusport.fr\/blog\/author\/emiliend\/"}]}},"_links":{"self":[{"href":"https:\/\/dicodusport.fr\/blog\/wp-json\/wp\/v2\/posts\/381394","targetHints":{"allow":["GET"]}}],"collection":[{"href":"https:\/\/dicodusport.fr\/blog\/wp-json\/wp\/v2\/posts"}],"about":[{"href":"https:\/\/dicodusport.fr\/blog\/wp-json\/wp\/v2\/types\/post"}],"author":[{"embeddable":true,"href":"https:\/\/dicodusport.fr\/blog\/wp-json\/wp\/v2\/users\/48"}],"replies":[{"embeddable":true,"href":"https:\/\/dicodusport.fr\/blog\/wp-json\/wp\/v2\/comments?post=381394"}],"version-history":[{"count":0,"href":"https:\/\/dicodusport.fr\/blog\/wp-json\/wp\/v2\/posts\/381394\/revisions"}],"wp:featuredmedia":[{"embeddable":true,"href":"https:\/\/dicodusport.fr\/blog\/wp-json\/wp\/v2\/media\/381538"}],"wp:attachment":[{"href":"https:\/\/dicodusport.fr\/blog\/wp-json\/wp\/v2\/media?parent=381394"}],"wp:term":[{"taxonomy":"category","embeddable":true,"href":"https:\/\/dicodusport.fr\/blog\/wp-json\/wp\/v2\/categories?post=381394"},{"taxonomy":"post_tag","embeddable":true,"href":"https:\/\/dicodusport.fr\/blog\/wp-json\/wp\/v2\/tags?post=381394"}],"curies":[{"name":"wp","href":"https:\/\/api.w.org\/{rel}","templated":true}]}}