{"id":381509,"date":"2023-05-12T18:26:22","date_gmt":"2023-05-12T16:26:22","guid":{"rendered":"https:\/\/dicodusport.fr\/blog\/?p=381509&#038;preview=true&#038;preview_id=381509"},"modified":"2023-05-12T21:19:14","modified_gmt":"2023-05-12T19:19:14","slug":"xcc-nove-mesto-laura-stigger-remporte-la-course-ferrand-prevot-4e","status":"publish","type":"post","link":"https:\/\/dicodusport.fr\/blog\/xcc-nove-mesto-laura-stigger-remporte-la-course-ferrand-prevot-4e\/","title":{"rendered":"XCC Nove Mesto : Laura Stigger remporte la course, Ferrand-Pr\u00e9vot 4e"},"content":{"rendered":"<p align=\"justify\"><em><strong><a href=\"https:\/\/dicodusport.fr\/blog\/actualites\/cyclisme\/vtt\/coupe-du-monde-vtt-2023\/\">COUPE DU MONDE DE VTT 2023<\/a> &#8211; XCC NOVE MESTO &#8211; Pour cette premi\u00e8re course de la saison, Laura Stigger remporte la short track gr\u00e2ce \u00e0 une franche acc\u00e9l\u00e9ration dans le dernier tour. Alessandra Keller et Sina Frei terminent sur le podium, suivies de Pauline Ferrand-Pr\u00e9vot, 4e.<\/strong><\/em><\/p>\n<p style=\"text-align: justify;\"><span style=\"font-weight: 400;\">Quoi de mieux que d&rsquo;entamer la saison 2023 par une \u00e9tape embl\u00e9matique : Nove Mesto na Morave. Apr\u00e8s un hiver \u00e0 se pr\u00e9parer, hommes et femmes se retrouvent en R\u00e9publique Tch\u00e8que pour se confronter. Le week-end commence par la short track sur un nouveau parcours d&rsquo;un kilom\u00e8tre. La piste situ\u00e9e en Europe Centrale est l&rsquo;une des plus roulantes pour le format XCC, un trac\u00e9 \u00e9prouvant pour tous, avec une seule mont\u00e9e s\u00e8che. <\/span><b>Laura Stigger <\/b><span style=\"font-weight: 400;\">se montre impressionnante dans les derniers hectom\u00e8tres, c&rsquo;est la premi\u00e8re gagnante en 2023. <\/span><b>Pauline Ferrand-Pr\u00e9vot <\/b>termine <span style=\"font-weight: 400;\">4e.<\/span><\/p>\n<h2 style=\"text-align: justify;\" align=\"justify\">Stigger s&rsquo;est montr\u00e9e au bon moment<\/h2>\n<p style=\"text-align: justify;\"><span style=\"font-weight: 400;\">Comme souvent dans cette partie du Vieux Continent, la pluie s&rsquo;invite, et cela, \u00e0 quelques minutes du d\u00e9but de la course. Un d\u00e9part humide, la championne d&rsquo;Italie <\/span><b>Martina Berta<\/b><span style=\"font-weight: 400;\"> chute \u00e0 l&rsquo;entame de la 2e boucle et ralentit une partie du peloton. Le rythme ne s&#8217;emballe pas encore. \u00c0 l&rsquo;image des XCC U23, les v\u00e9t\u00e9tistes restent group\u00e9es sur une grande partie des tours. Les puissantes <\/span><b>Alessandra Keller<\/b><span style=\"font-weight: 400;\"> et <\/span><b>Evie Richards <\/b><span style=\"font-weight: 400;\">se mettent en t\u00eate \u00e0 plusieurs minutes du terme.<\/span><\/p>\n<p style=\"text-align: justify;\"><span style=\"font-weight: 400;\">Le dernier tour se fait compl\u00e8tement au sprint, l&rsquo;acc\u00e9l\u00e9ration est brutale. <\/span><b>Laura Stigger<\/b><span style=\"font-weight: 400;\"> se place devant et r\u00e9alise des derniers m\u00e8tres parfaits. <\/span><b>Keller <\/b><span style=\"font-weight: 400;\">ne peut rien faire et <\/span><b>Sina Frei <\/b><span style=\"font-weight: 400;\">vient sauter <\/span><b>Pauline Ferrand-Pr\u00e9vot <\/b><span style=\"font-weight: 400;\">sur la ligne. L&rsquo;Autrichienne de 22 ans devient donc leader du classement g\u00e9n\u00e9ral. Pour sa premi\u00e8re XCC en carri\u00e8re et sa premi\u00e8re course en \u00e9lite, la jeune <\/span><b>Line Burquier <\/b><span style=\"font-weight: 400;\">finit \u00e0 une belle 10e place. <\/span><b>Loana Lecomte <\/b><span style=\"font-weight: 400;\">s&rsquo;\u00e9lancera en troisi\u00e8me ligne dimanche (18e). <\/span><b>Lena G\u00e9rault <\/b><span style=\"font-weight: 400;\">31e.<\/span><\/p>\n<blockquote class=\"twitter-tweet\">\n<p dir=\"ltr\" lang=\"en\">It was a thriller of a short track race, with <a href=\"https:\/\/twitter.com\/FERRANDPREVOT?ref_src=twsrc%5Etfw\">@FERRANDPREVOT<\/a> sprinting to fourth place.<\/p>\n<p>Front row start confirmed for the XCO race on Sunday \u2611\ufe0f <a href=\"https:\/\/twitter.com\/hashtag\/MTBWorldCup?src=hash&amp;ref_src=twsrc%5Etfw\">#MTBWorldCup<\/a> <a href=\"https:\/\/t.co\/P8we501owJ\">pic.twitter.com\/P8we501owJ<\/a><\/p>\n<p>\u2014 INEOS Grenadiers (@INEOSGrenadiers) <a href=\"https:\/\/twitter.com\/INEOSGrenadiers\/status\/1657058633509642241?ref_src=twsrc%5Etfw\">May 12, 2023<\/a><\/p><\/blockquote>\n<p><script async src=\"https:\/\/platform.twitter.com\/widgets.js\" charset=\"utf-8\"><\/script><\/p>\n<h2 style=\"text-align: justify;\">\u00c0 lire aussi<\/h2>\n<ul>\n<li style=\"text-align: justify;\"><a href=\"https:\/\/dicodusport.fr\/blog\/vtt-short-track-nove-mesto-classement-de-la-course-femmes\/\"><strong>Classement de la short track (XCC) femmes de Nove Mesto<\/strong><\/a><\/li>\n<li style=\"text-align: justify;\"><a href=\"https:\/\/dicodusport.fr\/blog\/vtt-xc-coupe-du-monde-2023-calendrier-et-resultats\/\"><strong>Calendrier et r\u00e9sultats de la Coupe du monde de VTT 2023<\/strong><\/a><\/li>\n<\/ul>\n","protected":false},"excerpt":{"rendered":"<p>COUPE DU MONDE 2023 &#8211; XCC NOVE MESTO &#8211; Pour cette premi\u00e8re course de la saison, Laura Stigger remporte la short track gr\u00e2ce \u00e0 une franche acc\u00e9l\u00e9ration dans le dernier tour. Alessandra Keller et Sina Frei terminent sur le podium, suivied de Pauline Ferrand-Pr\u00e9vot, 4e.<\/p>\n","protected":false},"author":61,"featured_media":381635,"comment_status":"open","ping_status":"closed","sticky":false,"template":"","format":"standard","meta":{"_acf_changed":false,"_daextam_enable_autolinks":"","footnotes":""},"categories":[10279],"tags":[16878,692,31467],"class_list":["post-381509","post","type-post","status-publish","format-standard","has-post-thumbnail","hentry","category-vtt","tag-breve","tag-vtt","tag-vtt-xcc-nove-mesto"],"acf":[],"yoast_head":"<!-- This site is optimized with the Yoast SEO Premium plugin v26.7 (Yoast SEO v26.7) - https:\/\/yoast.com\/wordpress\/plugins\/seo\/ -->\n<title>XCC Nove Mesto : Laura Stigger remporte la course, Ferrand-Pr\u00e9vot 4e<\/title>\n<meta name=\"description\" content=\"COUPE DU MONDE 2023 - XCC NOVE MESTO - Pour cette premi\u00e8re course de la saison, Laura Stigger remporte la short track.\" \/>\n<meta name=\"robots\" content=\"index, follow, max-snippet:-1, max-image-preview:large, max-video-preview:-1\" \/>\n<link rel=\"canonical\" href=\"https:\/\/dicodusport.fr\/blog\/xcc-nove-mesto-laura-stigger-remporte-la-course-ferrand-prevot-4e\/\" \/>\n<meta property=\"og:locale\" content=\"fr_FR\" \/>\n<meta property=\"og:type\" content=\"article\" \/>\n<meta property=\"og:title\" content=\"XCC Nove Mesto : Laura Stigger remporte la course, Ferrand-Pr\u00e9vot 4e\" \/>\n<meta property=\"og:description\" content=\"COUPE DU MONDE 2023 - XCC NOVE MESTO - Pour cette premi\u00e8re course de la saison, Laura Stigger remporte la short track.\" \/>\n<meta property=\"og:url\" content=\"https:\/\/dicodusport.fr\/blog\/xcc-nove-mesto-laura-stigger-remporte-la-course-ferrand-prevot-4e\/\" \/>\n<meta property=\"og:site_name\" content=\"Dicodusport\" \/>\n<meta property=\"article:publisher\" content=\"https:\/\/www.facebook.com\/dicodusport\" \/>\n<meta property=\"article:published_time\" content=\"2023-05-12T16:26:22+00:00\" \/>\n<meta property=\"article:modified_time\" content=\"2023-05-12T19:19:14+00:00\" \/>\n<meta property=\"og:image\" content=\"https:\/\/dicodusport.fr\/blog\/wp-content\/uploads\/2023\/05\/XCC-Nove-Mesto-Laura-Stigger-remporte-la-course-Ferrand-Prevot-4e-1.png\" \/>\n\t<meta property=\"og:image:width\" content=\"800\" \/>\n\t<meta property=\"og:image:height\" content=\"445\" \/>\n\t<meta property=\"og:image:type\" content=\"image\/png\" \/>\n<meta name=\"author\" content=\"Pierre Gorce\" \/>\n<meta name=\"twitter:card\" content=\"summary_large_image\" \/>\n<meta name=\"twitter:title\" content=\"XCC Nove Mesto : Laura Stigger remporte la course, Ferrand-Pr\u00e9vot 4e\" \/>\n<meta name=\"twitter:creator\" content=\"@https:\/\/twitter.com\/pierregorce12\" \/>\n<meta name=\"twitter:site\" content=\"@dicodusport\" \/>\n<script type=\"application\/ld+json\" class=\"yoast-schema-graph\">{\"@context\":\"https:\/\/schema.org\",\"@graph\":[{\"@type\":\"NewsArticle\",\"@id\":\"https:\/\/dicodusport.fr\/blog\/xcc-nove-mesto-laura-stigger-remporte-la-course-ferrand-prevot-4e\/#article\",\"isPartOf\":{\"@id\":\"https:\/\/dicodusport.fr\/blog\/xcc-nove-mesto-laura-stigger-remporte-la-course-ferrand-prevot-4e\/\"},\"author\":{\"name\":\"Pierre Gorce\",\"@id\":\"https:\/\/dicodusport.fr\/blog\/#\/schema\/person\/0eaf70b33d703a1a66b1155ac1bda018\"},\"headline\":\"XCC Nove Mesto : Laura Stigger remporte la course, Ferrand-Pr\u00e9vot 4e\",\"datePublished\":\"2023-05-12T16:26:22+00:00\",\"dateModified\":\"2023-05-12T19:19:14+00:00\",\"mainEntityOfPage\":{\"@id\":\"https:\/\/dicodusport.fr\/blog\/xcc-nove-mesto-laura-stigger-remporte-la-course-ferrand-prevot-4e\/\"},\"wordCount\":411,\"commentCount\":0,\"publisher\":{\"@id\":\"https:\/\/dicodusport.fr\/blog\/#organization\"},\"image\":{\"@id\":\"https:\/\/dicodusport.fr\/blog\/xcc-nove-mesto-laura-stigger-remporte-la-course-ferrand-prevot-4e\/#primaryimage\"},\"thumbnailUrl\":\"https:\/\/dicodusport.fr\/blog\/wp-content\/uploads\/2023\/05\/XCC-Nove-Mesto-Laura-Stigger-remporte-la-course-Ferrand-Prevot-4e-1.png\",\"keywords\":[\"br\u00e8ve\",\"VTT\",\"VTT XCC Nove Mesto\"],\"articleSection\":[\"VTT\"],\"inLanguage\":\"fr-FR\",\"potentialAction\":[{\"@type\":\"CommentAction\",\"name\":\"Comment\",\"target\":[\"https:\/\/dicodusport.fr\/blog\/xcc-nove-mesto-laura-stigger-remporte-la-course-ferrand-prevot-4e\/#respond\"]}],\"copyrightYear\":\"2023\",\"copyrightHolder\":{\"@id\":\"https:\/\/dicodusport.fr\/blog\/#organization\"}},{\"@type\":\"WebPage\",\"@id\":\"https:\/\/dicodusport.fr\/blog\/xcc-nove-mesto-laura-stigger-remporte-la-course-ferrand-prevot-4e\/\",\"url\":\"https:\/\/dicodusport.fr\/blog\/xcc-nove-mesto-laura-stigger-remporte-la-course-ferrand-prevot-4e\/\",\"name\":\"XCC Nove Mesto : Laura Stigger remporte la course, Ferrand-Pr\u00e9vot 4e\",\"isPartOf\":{\"@id\":\"https:\/\/dicodusport.fr\/blog\/#website\"},\"primaryImageOfPage\":{\"@id\":\"https:\/\/dicodusport.fr\/blog\/xcc-nove-mesto-laura-stigger-remporte-la-course-ferrand-prevot-4e\/#primaryimage\"},\"image\":{\"@id\":\"https:\/\/dicodusport.fr\/blog\/xcc-nove-mesto-laura-stigger-remporte-la-course-ferrand-prevot-4e\/#primaryimage\"},\"thumbnailUrl\":\"https:\/\/dicodusport.fr\/blog\/wp-content\/uploads\/2023\/05\/XCC-Nove-Mesto-Laura-Stigger-remporte-la-course-Ferrand-Prevot-4e-1.png\",\"datePublished\":\"2023-05-12T16:26:22+00:00\",\"dateModified\":\"2023-05-12T19:19:14+00:00\",\"description\":\"COUPE DU MONDE 2023 - XCC NOVE MESTO - Pour cette premi\u00e8re course de la saison, Laura Stigger remporte la short track.\",\"breadcrumb\":{\"@id\":\"https:\/\/dicodusport.fr\/blog\/xcc-nove-mesto-laura-stigger-remporte-la-course-ferrand-prevot-4e\/#breadcrumb\"},\"inLanguage\":\"fr-FR\",\"potentialAction\":[{\"@type\":\"ReadAction\",\"target\":[\"https:\/\/dicodusport.fr\/blog\/xcc-nove-mesto-laura-stigger-remporte-la-course-ferrand-prevot-4e\/\"]}]},{\"@type\":\"ImageObject\",\"inLanguage\":\"fr-FR\",\"@id\":\"https:\/\/dicodusport.fr\/blog\/xcc-nove-mesto-laura-stigger-remporte-la-course-ferrand-prevot-4e\/#primaryimage\",\"url\":\"https:\/\/dicodusport.fr\/blog\/wp-content\/uploads\/2023\/05\/XCC-Nove-Mesto-Laura-Stigger-remporte-la-course-Ferrand-Prevot-4e-1.png\",\"contentUrl\":\"https:\/\/dicodusport.fr\/blog\/wp-content\/uploads\/2023\/05\/XCC-Nove-Mesto-Laura-Stigger-remporte-la-course-Ferrand-Prevot-4e-1.png\",\"width\":800,\"height\":445,\"caption\":\"XCC Nove Mesto Laura Stigger remporte la course, Ferrand-Pr\u00e9vot 4e (1)\"},{\"@type\":\"BreadcrumbList\",\"@id\":\"https:\/\/dicodusport.fr\/blog\/xcc-nove-mesto-laura-stigger-remporte-la-course-ferrand-prevot-4e\/#breadcrumb\",\"itemListElement\":[{\"@type\":\"ListItem\",\"position\":1,\"name\":\"Accueil\",\"item\":\"https:\/\/dicodusport.fr\/blog\/\"},{\"@type\":\"ListItem\",\"position\":2,\"name\":\"XCC Nove Mesto : Laura Stigger remporte la course, Ferrand-Pr\u00e9vot 4e\"}]},{\"@type\":\"WebSite\",\"@id\":\"https:\/\/dicodusport.fr\/blog\/#website\",\"url\":\"https:\/\/dicodusport.fr\/blog\/\",\"name\":\"Dicodusport\",\"description\":\"L&#039;encyclop\u00e9die de l&#039;actualit\u00e9 sportive\",\"publisher\":{\"@id\":\"https:\/\/dicodusport.fr\/blog\/#organization\"},\"potentialAction\":[{\"@type\":\"SearchAction\",\"target\":{\"@type\":\"EntryPoint\",\"urlTemplate\":\"https:\/\/dicodusport.fr\/blog\/?s={search_term_string}\"},\"query-input\":{\"@type\":\"PropertyValueSpecification\",\"valueRequired\":true,\"valueName\":\"search_term_string\"}}],\"inLanguage\":\"fr-FR\"},{\"@type\":\"NewsMediaOrganization\",\"@id\":\"https:\/\/dicodusport.fr\/blog\/#organization\",\"name\":\"Dicodusport\",\"url\":\"https:\/\/dicodusport.fr\/blog\/\",\"logo\":{\"@type\":\"ImageObject\",\"inLanguage\":\"fr-FR\",\"@id\":\"https:\/\/dicodusport.fr\/blog\/#\/schema\/logo\/image\/\",\"url\":\"https:\/\/dicodusport.fr\/blog\/wp-content\/uploads\/2020\/06\/cropped-LOGO-DICODUSPORT-2020-SANS-FOND-SANS-TEXTE.png\",\"contentUrl\":\"https:\/\/dicodusport.fr\/blog\/wp-content\/uploads\/2020\/06\/cropped-LOGO-DICODUSPORT-2020-SANS-FOND-SANS-TEXTE.png\",\"width\":512,\"height\":512,\"caption\":\"Dicodusport\"},\"image\":{\"@id\":\"https:\/\/dicodusport.fr\/blog\/#\/schema\/logo\/image\/\"},\"sameAs\":[\"https:\/\/www.facebook.com\/dicodusport\",\"https:\/\/x.com\/dicodusport\",\"https:\/\/www.instagram.com\/dicodusport\/\",\"https:\/\/www.youtube.com\/channel\/UC7V2KZ5sd3htJivAbA4ZG3w\"],\"description\":\"Dicodusport est l'encyclop\u00e9die de l'actualit\u00e9 sportive.\",\"email\":\"bonjour@dicodusport.fr\",\"legalName\":\"DICODUSPORT\",\"foundingDate\":\"2018-01-14\",\"vatID\":\"FR71834470973\",\"taxID\":\"83447097300043\",\"numberOfEmployees\":{\"@type\":\"QuantitativeValue\",\"minValue\":\"1\",\"maxValue\":\"10\"}},{\"@type\":\"Person\",\"@id\":\"https:\/\/dicodusport.fr\/blog\/#\/schema\/person\/0eaf70b33d703a1a66b1155ac1bda018\",\"name\":\"Pierre Gorce\",\"image\":{\"@type\":\"ImageObject\",\"inLanguage\":\"fr-FR\",\"@id\":\"https:\/\/dicodusport.fr\/blog\/#\/schema\/person\/image\/\",\"url\":\"https:\/\/dicodusport.fr\/blog\/wp-content\/uploads\/2022\/03\/IMG_20211214_233053_722-150x150.jpg\",\"contentUrl\":\"https:\/\/dicodusport.fr\/blog\/wp-content\/uploads\/2022\/03\/IMG_20211214_233053_722-150x150.jpg\",\"caption\":\"Pierre Gorce\"},\"description\":\"Couteau suisse venant tout droit de Haute-Savoie. Habitu\u00e9 \u00e0 regarder du sport depuis petit, j'en ai maintenant fait mon m\u00e9tier. Des sports d'hiver au surf, en passant par le tennis, la F1, le handball et l'athl\u00e9tisme, j'essaie d'avoir mes yeux sur l'enti\u00e8ret\u00e9 de l'actualit\u00e9. Jeune homme berc\u00e9 par les exploits de Jean-Baptiste Grange, Sebastian Vettel et des Experts. Membre de la g\u00e9n\u00e9ration 1999 comme Luka Doncic, Sydney McLaughlin, Lando Norris et Loana Lecomte, mais avec beaucoup moins de talent qu'eux.\",\"sameAs\":[\"https:\/\/x.com\/https:\/\/twitter.com\/pierregorce12\"],\"birthDate\":\"1999-08-29\",\"url\":\"https:\/\/dicodusport.fr\/blog\/author\/pierreg\/\"}]}<\/script>\n<!-- \/ Yoast SEO Premium plugin. -->","yoast_head_json":{"title":"XCC Nove Mesto : Laura Stigger remporte la course, Ferrand-Pr\u00e9vot 4e","description":"COUPE DU MONDE 2023 - XCC NOVE MESTO - Pour cette premi\u00e8re course de la saison, Laura Stigger remporte la short track.","robots":{"index":"index","follow":"follow","max-snippet":"max-snippet:-1","max-image-preview":"max-image-preview:large","max-video-preview":"max-video-preview:-1"},"canonical":"https:\/\/dicodusport.fr\/blog\/xcc-nove-mesto-laura-stigger-remporte-la-course-ferrand-prevot-4e\/","og_locale":"fr_FR","og_type":"article","og_title":"XCC Nove Mesto : Laura Stigger remporte la course, Ferrand-Pr\u00e9vot 4e","og_description":"COUPE DU MONDE 2023 - XCC NOVE MESTO - Pour cette premi\u00e8re course de la saison, Laura Stigger remporte la short track.","og_url":"https:\/\/dicodusport.fr\/blog\/xcc-nove-mesto-laura-stigger-remporte-la-course-ferrand-prevot-4e\/","og_site_name":"Dicodusport","article_publisher":"https:\/\/www.facebook.com\/dicodusport","article_published_time":"2023-05-12T16:26:22+00:00","article_modified_time":"2023-05-12T19:19:14+00:00","og_image":[{"width":800,"height":445,"url":"https:\/\/dicodusport.fr\/blog\/wp-content\/uploads\/2023\/05\/XCC-Nove-Mesto-Laura-Stigger-remporte-la-course-Ferrand-Prevot-4e-1.png","type":"image\/png"}],"author":"Pierre Gorce","twitter_card":"summary_large_image","twitter_title":"XCC Nove Mesto : Laura Stigger remporte la course, Ferrand-Pr\u00e9vot 4e","twitter_creator":"@https:\/\/twitter.com\/pierregorce12","twitter_site":"@dicodusport","schema":{"@context":"https:\/\/schema.org","@graph":[{"@type":"NewsArticle","@id":"https:\/\/dicodusport.fr\/blog\/xcc-nove-mesto-laura-stigger-remporte-la-course-ferrand-prevot-4e\/#article","isPartOf":{"@id":"https:\/\/dicodusport.fr\/blog\/xcc-nove-mesto-laura-stigger-remporte-la-course-ferrand-prevot-4e\/"},"author":{"name":"Pierre Gorce","@id":"https:\/\/dicodusport.fr\/blog\/#\/schema\/person\/0eaf70b33d703a1a66b1155ac1bda018"},"headline":"XCC Nove Mesto : Laura Stigger remporte la course, Ferrand-Pr\u00e9vot 4e","datePublished":"2023-05-12T16:26:22+00:00","dateModified":"2023-05-12T19:19:14+00:00","mainEntityOfPage":{"@id":"https:\/\/dicodusport.fr\/blog\/xcc-nove-mesto-laura-stigger-remporte-la-course-ferrand-prevot-4e\/"},"wordCount":411,"commentCount":0,"publisher":{"@id":"https:\/\/dicodusport.fr\/blog\/#organization"},"image":{"@id":"https:\/\/dicodusport.fr\/blog\/xcc-nove-mesto-laura-stigger-remporte-la-course-ferrand-prevot-4e\/#primaryimage"},"thumbnailUrl":"https:\/\/dicodusport.fr\/blog\/wp-content\/uploads\/2023\/05\/XCC-Nove-Mesto-Laura-Stigger-remporte-la-course-Ferrand-Prevot-4e-1.png","keywords":["br\u00e8ve","VTT","VTT XCC Nove Mesto"],"articleSection":["VTT"],"inLanguage":"fr-FR","potentialAction":[{"@type":"CommentAction","name":"Comment","target":["https:\/\/dicodusport.fr\/blog\/xcc-nove-mesto-laura-stigger-remporte-la-course-ferrand-prevot-4e\/#respond"]}],"copyrightYear":"2023","copyrightHolder":{"@id":"https:\/\/dicodusport.fr\/blog\/#organization"}},{"@type":"WebPage","@id":"https:\/\/dicodusport.fr\/blog\/xcc-nove-mesto-laura-stigger-remporte-la-course-ferrand-prevot-4e\/","url":"https:\/\/dicodusport.fr\/blog\/xcc-nove-mesto-laura-stigger-remporte-la-course-ferrand-prevot-4e\/","name":"XCC Nove Mesto : Laura Stigger remporte la course, Ferrand-Pr\u00e9vot 4e","isPartOf":{"@id":"https:\/\/dicodusport.fr\/blog\/#website"},"primaryImageOfPage":{"@id":"https:\/\/dicodusport.fr\/blog\/xcc-nove-mesto-laura-stigger-remporte-la-course-ferrand-prevot-4e\/#primaryimage"},"image":{"@id":"https:\/\/dicodusport.fr\/blog\/xcc-nove-mesto-laura-stigger-remporte-la-course-ferrand-prevot-4e\/#primaryimage"},"thumbnailUrl":"https:\/\/dicodusport.fr\/blog\/wp-content\/uploads\/2023\/05\/XCC-Nove-Mesto-Laura-Stigger-remporte-la-course-Ferrand-Prevot-4e-1.png","datePublished":"2023-05-12T16:26:22+00:00","dateModified":"2023-05-12T19:19:14+00:00","description":"COUPE DU MONDE 2023 - XCC NOVE MESTO - Pour cette premi\u00e8re course de la saison, Laura Stigger remporte la short track.","breadcrumb":{"@id":"https:\/\/dicodusport.fr\/blog\/xcc-nove-mesto-laura-stigger-remporte-la-course-ferrand-prevot-4e\/#breadcrumb"},"inLanguage":"fr-FR","potentialAction":[{"@type":"ReadAction","target":["https:\/\/dicodusport.fr\/blog\/xcc-nove-mesto-laura-stigger-remporte-la-course-ferrand-prevot-4e\/"]}]},{"@type":"ImageObject","inLanguage":"fr-FR","@id":"https:\/\/dicodusport.fr\/blog\/xcc-nove-mesto-laura-stigger-remporte-la-course-ferrand-prevot-4e\/#primaryimage","url":"https:\/\/dicodusport.fr\/blog\/wp-content\/uploads\/2023\/05\/XCC-Nove-Mesto-Laura-Stigger-remporte-la-course-Ferrand-Prevot-4e-1.png","contentUrl":"https:\/\/dicodusport.fr\/blog\/wp-content\/uploads\/2023\/05\/XCC-Nove-Mesto-Laura-Stigger-remporte-la-course-Ferrand-Prevot-4e-1.png","width":800,"height":445,"caption":"XCC Nove Mesto Laura Stigger remporte la course, Ferrand-Pr\u00e9vot 4e (1)"},{"@type":"BreadcrumbList","@id":"https:\/\/dicodusport.fr\/blog\/xcc-nove-mesto-laura-stigger-remporte-la-course-ferrand-prevot-4e\/#breadcrumb","itemListElement":[{"@type":"ListItem","position":1,"name":"Accueil","item":"https:\/\/dicodusport.fr\/blog\/"},{"@type":"ListItem","position":2,"name":"XCC Nove Mesto : Laura Stigger remporte la course, Ferrand-Pr\u00e9vot 4e"}]},{"@type":"WebSite","@id":"https:\/\/dicodusport.fr\/blog\/#website","url":"https:\/\/dicodusport.fr\/blog\/","name":"Dicodusport","description":"L&#039;encyclop\u00e9die de l&#039;actualit\u00e9 sportive","publisher":{"@id":"https:\/\/dicodusport.fr\/blog\/#organization"},"potentialAction":[{"@type":"SearchAction","target":{"@type":"EntryPoint","urlTemplate":"https:\/\/dicodusport.fr\/blog\/?s={search_term_string}"},"query-input":{"@type":"PropertyValueSpecification","valueRequired":true,"valueName":"search_term_string"}}],"inLanguage":"fr-FR"},{"@type":"NewsMediaOrganization","@id":"https:\/\/dicodusport.fr\/blog\/#organization","name":"Dicodusport","url":"https:\/\/dicodusport.fr\/blog\/","logo":{"@type":"ImageObject","inLanguage":"fr-FR","@id":"https:\/\/dicodusport.fr\/blog\/#\/schema\/logo\/image\/","url":"https:\/\/dicodusport.fr\/blog\/wp-content\/uploads\/2020\/06\/cropped-LOGO-DICODUSPORT-2020-SANS-FOND-SANS-TEXTE.png","contentUrl":"https:\/\/dicodusport.fr\/blog\/wp-content\/uploads\/2020\/06\/cropped-LOGO-DICODUSPORT-2020-SANS-FOND-SANS-TEXTE.png","width":512,"height":512,"caption":"Dicodusport"},"image":{"@id":"https:\/\/dicodusport.fr\/blog\/#\/schema\/logo\/image\/"},"sameAs":["https:\/\/www.facebook.com\/dicodusport","https:\/\/x.com\/dicodusport","https:\/\/www.instagram.com\/dicodusport\/","https:\/\/www.youtube.com\/channel\/UC7V2KZ5sd3htJivAbA4ZG3w"],"description":"Dicodusport est l'encyclop\u00e9die de l'actualit\u00e9 sportive.","email":"bonjour@dicodusport.fr","legalName":"DICODUSPORT","foundingDate":"2018-01-14","vatID":"FR71834470973","taxID":"83447097300043","numberOfEmployees":{"@type":"QuantitativeValue","minValue":"1","maxValue":"10"}},{"@type":"Person","@id":"https:\/\/dicodusport.fr\/blog\/#\/schema\/person\/0eaf70b33d703a1a66b1155ac1bda018","name":"Pierre Gorce","image":{"@type":"ImageObject","inLanguage":"fr-FR","@id":"https:\/\/dicodusport.fr\/blog\/#\/schema\/person\/image\/","url":"https:\/\/dicodusport.fr\/blog\/wp-content\/uploads\/2022\/03\/IMG_20211214_233053_722-150x150.jpg","contentUrl":"https:\/\/dicodusport.fr\/blog\/wp-content\/uploads\/2022\/03\/IMG_20211214_233053_722-150x150.jpg","caption":"Pierre Gorce"},"description":"Couteau suisse venant tout droit de Haute-Savoie. Habitu\u00e9 \u00e0 regarder du sport depuis petit, j'en ai maintenant fait mon m\u00e9tier. Des sports d'hiver au surf, en passant par le tennis, la F1, le handball et l'athl\u00e9tisme, j'essaie d'avoir mes yeux sur l'enti\u00e8ret\u00e9 de l'actualit\u00e9. Jeune homme berc\u00e9 par les exploits de Jean-Baptiste Grange, Sebastian Vettel et des Experts. Membre de la g\u00e9n\u00e9ration 1999 comme Luka Doncic, Sydney McLaughlin, Lando Norris et Loana Lecomte, mais avec beaucoup moins de talent qu'eux.","sameAs":["https:\/\/x.com\/https:\/\/twitter.com\/pierregorce12"],"birthDate":"1999-08-29","url":"https:\/\/dicodusport.fr\/blog\/author\/pierreg\/"}]}},"_links":{"self":[{"href":"https:\/\/dicodusport.fr\/blog\/wp-json\/wp\/v2\/posts\/381509","targetHints":{"allow":["GET"]}}],"collection":[{"href":"https:\/\/dicodusport.fr\/blog\/wp-json\/wp\/v2\/posts"}],"about":[{"href":"https:\/\/dicodusport.fr\/blog\/wp-json\/wp\/v2\/types\/post"}],"author":[{"embeddable":true,"href":"https:\/\/dicodusport.fr\/blog\/wp-json\/wp\/v2\/users\/61"}],"replies":[{"embeddable":true,"href":"https:\/\/dicodusport.fr\/blog\/wp-json\/wp\/v2\/comments?post=381509"}],"version-history":[{"count":0,"href":"https:\/\/dicodusport.fr\/blog\/wp-json\/wp\/v2\/posts\/381509\/revisions"}],"wp:featuredmedia":[{"embeddable":true,"href":"https:\/\/dicodusport.fr\/blog\/wp-json\/wp\/v2\/media\/381635"}],"wp:attachment":[{"href":"https:\/\/dicodusport.fr\/blog\/wp-json\/wp\/v2\/media?parent=381509"}],"wp:term":[{"taxonomy":"category","embeddable":true,"href":"https:\/\/dicodusport.fr\/blog\/wp-json\/wp\/v2\/categories?post=381509"},{"taxonomy":"post_tag","embeddable":true,"href":"https:\/\/dicodusport.fr\/blog\/wp-json\/wp\/v2\/tags?post=381509"}],"curies":[{"name":"wp","href":"https:\/\/api.w.org\/{rel}","templated":true}]}}