{"id":381566,"date":"2023-05-12T19:10:54","date_gmt":"2023-05-12T17:10:54","guid":{"rendered":"https:\/\/dicodusport.fr\/blog\/?p=381566&#038;preview=true&#038;preview_id=381566"},"modified":"2023-05-12T21:17:47","modified_gmt":"2023-05-12T19:17:47","slug":"xcc-nove-mesto-tom-pidcock-simpose-en-patron","status":"publish","type":"post","link":"https:\/\/dicodusport.fr\/blog\/xcc-nove-mesto-tom-pidcock-simpose-en-patron\/","title":{"rendered":"XCC Nove Mesto : Tom Pidcock s&rsquo;impose en patron"},"content":{"rendered":"<p align=\"justify\"><em><strong><a href=\"https:\/\/dicodusport.fr\/blog\/actualites\/cyclisme\/vtt\/coupe-du-monde-vtt-2023\/\">COUPE DU MONDE DE VTT 2023<\/a> &#8211; XCC NOVE MESTO &#8211; Thomas Pidcock ne devait pas participer \u00e0 la course et il gagne. Le Britannique remporte au sprint une nouvelle victoire devant Samuel Gaze et Luca Schwarzbauer. Jordan Sarrou est 8e.<\/strong><\/em><\/p>\n<p style=\"text-align: justify;\"><span style=\"font-weight: 400;\">Les pastilles vertes s&rsquo;allument sur l&rsquo;\u00e9cran de la ligne de d\u00e9part\/arriv\u00e9e, les hommes d\u00e9butent aussi leur saison sur la piste tch\u00e8que de Nove Mesto na Morave. Les favoris sont extr\u00eamement nombreux. <\/span><b>Braidot, Fl\u00fcckiger, Hatherly, Carod, Schurter<\/b><span style=\"font-weight: 400;\"> et 10 autres noms pourraient \u00eatre cit\u00e9s. Sur un trac\u00e9 tremp\u00e9 par la pluie, ce sont deux athl\u00e8tes ne devant pas courir qui finissent aux deux premi\u00e8res places. \u00c0 la suite d&rsquo;un imbroglio, le vainqueur du jour <\/span><b>Thomas Pidcock <\/b><span style=\"font-weight: 400;\">et son dauphin <\/span><b>Samuel Gaze <\/b><span style=\"font-weight: 400;\">ont \u00e9t\u00e9 int\u00e9gr\u00e9s \u00e0 la course bien qu&rsquo;\u00e9tant en dehors du Top 40 mondial. Une faille du r\u00e8glement profitable pour les deux champions. <\/span><b>Schwarzbauer <\/b><span style=\"font-weight: 400;\">compl\u00e8te le podium du jour.<\/span><\/p>\n<h2 style=\"text-align: justify;\" align=\"justify\">Pidcock montre d\u00e9j\u00e0 les bras<\/h2>\n<p style=\"text-align: justify;\"><span style=\"font-weight: 400;\">Les gar\u00e7ons prennent plus de risque dans les premiers tours. Le rythme est bien plus \u00e9lev\u00e9, le peloton s&rsquo;\u00e9tire rapidement avec notamment <\/span><b>Luca Schwarzbauer<\/b><span style=\"font-weight: 400;\">, vainqueur en 2022, qui se place devant. Six boucles en 9 minutes et 22 secondes, le tempo ne laisse pas beaucoup les athl\u00e8tes \u00e0 l&rsquo;arri\u00e8re remonter. Les m\u00eames t\u00eates sont \u00e0 l&rsquo;avant avec notamment <\/span><b>Jordan Sarrou <\/b><span style=\"font-weight: 400;\">et <\/span><b>Mathias Fl\u00fcckiger<\/b><span style=\"font-weight: 400;\">. Aucune attaque en vue \u00e0 ce moment de la XCC. Comme chez les dames, la d\u00e9cantation se fait dans les derniers hectom\u00e8tres.<\/span><\/p>\n<p style=\"text-align: justify;\"><span style=\"font-weight: 400;\">Un groupe d&rsquo;environ 10 v\u00e9t\u00e9tistes sort dans le dernier tour. <\/span><b>Pierre de Froidmont <\/b><span style=\"font-weight: 400;\">et <\/span><b>Alan Hatherly <\/b><span style=\"font-weight: 400;\">s&rsquo;accrochent \u00e0 pleine vitesse et perdent tout espoir de gloire. Il fallait \u00eatre en t\u00eate au dernier virage puisque <\/span><b>Thomas Pidcock <\/b><span style=\"font-weight: 400;\">n&rsquo;a pas laiss\u00e9 sa place au champion du monde <\/span><b>Samuel Gaze. Luca Schwarzbauer <\/b><span style=\"font-weight: 400;\">monte sur la derni\u00e8re marche du podium. <\/span><b>Jordan Sarrou <\/b><span style=\"font-weight: 400;\">y aura cru, mais termine 8e. <\/span><b>Thomas Griot <\/b><span style=\"font-weight: 400;\">est 16e et sera en 2e ligne dimanche, <\/span><b>Titouan Carod <\/b><span style=\"font-weight: 400;\">suit en 22e position, <\/span><b>Joshua Dubau <\/b><span style=\"font-weight: 400;\">25e et <\/span><b>Maxime Marotte <\/b><span style=\"font-weight: 400;\">est le dernier tricolore \u00e0 la 29e place.<\/span><\/p>\n<blockquote class=\"twitter-tweet\">\n<p dir=\"ltr\" lang=\"fr\">Tom Pidcock domine au sprint le short-track lors de la premi\u00e8re manche de Coupe du monde de VTT \u00e0 Nove Mesto ! <a href=\"https:\/\/t.co\/Ghh6r5GxCt\">pic.twitter.com\/Ghh6r5GxCt<\/a><a href=\"https:\/\/twitter.com\/hashtag\/MTBWorldCup?src=hash&amp;ref_src=twsrc%5Etfw\">#MTBWorldCup<\/a><\/p>\n<p>\u2014 Le Stade (@le_stade) <a href=\"https:\/\/twitter.com\/le_stade\/status\/1657078467861569547?ref_src=twsrc%5Etfw\">May 12, 2023<\/a><\/p><\/blockquote>\n<p><script async src=\"https:\/\/platform.twitter.com\/widgets.js\" charset=\"utf-8\"><\/script><\/p>\n<h2 style=\"text-align: justify;\">\u00c0 lire aussi<\/h2>\n<ul>\n<li style=\"text-align: justify;\"><a href=\"https:\/\/dicodusport.fr\/blog\/vtt-short-track-nove-mesto-classement-de-la-course-femmes\/\"><strong>Classement de la short track (XCC) hommes de Nove Mesto<\/strong><\/a><\/li>\n<li style=\"text-align: justify;\"><a href=\"https:\/\/dicodusport.fr\/blog\/vtt-xc-coupe-du-monde-2023-calendrier-et-resultats\/\"><strong>Calendrier et r\u00e9sultats de la Coupe du monde de VTT 2023<\/strong><\/a><\/li>\n<\/ul>\n","protected":false},"excerpt":{"rendered":"<p>COUPE DU MONDE DE VTT 2023 &#8211; XCC NOVE MESTO &#8211; Thomas Pidcock ne devait pas participer \u00e0 la course et il gagne. Le Britannique remporte au sprint une nouvelle victoire devant Samuel Gaze et Luca Schwarzbauer. Jordan Sarrou est 8e.<\/p>\n","protected":false},"author":61,"featured_media":381634,"comment_status":"open","ping_status":"closed","sticky":false,"template":"","format":"standard","meta":{"_acf_changed":false,"_daextam_enable_autolinks":"","footnotes":""},"categories":[10279],"tags":[16878,692,31467],"class_list":["post-381566","post","type-post","status-publish","format-standard","has-post-thumbnail","hentry","category-vtt","tag-breve","tag-vtt","tag-vtt-xcc-nove-mesto"],"acf":[],"yoast_head":"<!-- This site is optimized with the Yoast SEO Premium plugin v26.7 (Yoast SEO v26.7) - https:\/\/yoast.com\/wordpress\/plugins\/seo\/ -->\n<title>XCC Nove Mesto : Tom Pidcock s&#039;impose en patron<\/title>\n<meta name=\"description\" content=\"COUPE DU MONDE DE VTT 2023 - XCC NOVE MESTO - Thomas Pidcock ne devait pas participer \u00e0 la course et il gagne.\" \/>\n<meta name=\"robots\" content=\"index, follow, max-snippet:-1, max-image-preview:large, max-video-preview:-1\" \/>\n<link rel=\"canonical\" href=\"https:\/\/dicodusport.fr\/blog\/xcc-nove-mesto-tom-pidcock-simpose-en-patron\/\" \/>\n<meta property=\"og:locale\" content=\"fr_FR\" \/>\n<meta property=\"og:type\" content=\"article\" \/>\n<meta property=\"og:title\" content=\"XCC Nove Mesto : Tom Pidcock s&#039;impose en patron\" \/>\n<meta property=\"og:description\" content=\"COUPE DU MONDE DE VTT 2023 - XCC NOVE MESTO - Thomas Pidcock ne devait pas participer \u00e0 la course et il gagne.\" \/>\n<meta property=\"og:url\" content=\"https:\/\/dicodusport.fr\/blog\/xcc-nove-mesto-tom-pidcock-simpose-en-patron\/\" \/>\n<meta property=\"og:site_name\" content=\"Dicodusport\" \/>\n<meta property=\"article:publisher\" content=\"https:\/\/www.facebook.com\/dicodusport\" \/>\n<meta property=\"article:published_time\" content=\"2023-05-12T17:10:54+00:00\" \/>\n<meta property=\"article:modified_time\" content=\"2023-05-12T19:17:47+00:00\" \/>\n<meta property=\"og:image\" content=\"https:\/\/dicodusport.fr\/blog\/wp-content\/uploads\/2023\/05\/XCC-Nove-Mesto-Tom-Pidcock-simpose-en-patron-1.png\" \/>\n\t<meta property=\"og:image:width\" content=\"800\" \/>\n\t<meta property=\"og:image:height\" content=\"445\" \/>\n\t<meta property=\"og:image:type\" content=\"image\/png\" \/>\n<meta name=\"author\" content=\"Pierre Gorce\" \/>\n<meta name=\"twitter:card\" content=\"summary_large_image\" \/>\n<meta name=\"twitter:title\" content=\"XCC Nove Mesto : Tom Pidcock s&#039;impose en patron\" \/>\n<meta name=\"twitter:creator\" content=\"@https:\/\/twitter.com\/pierregorce12\" \/>\n<meta name=\"twitter:site\" content=\"@dicodusport\" \/>\n<script type=\"application\/ld+json\" class=\"yoast-schema-graph\">{\"@context\":\"https:\/\/schema.org\",\"@graph\":[{\"@type\":\"NewsArticle\",\"@id\":\"https:\/\/dicodusport.fr\/blog\/xcc-nove-mesto-tom-pidcock-simpose-en-patron\/#article\",\"isPartOf\":{\"@id\":\"https:\/\/dicodusport.fr\/blog\/xcc-nove-mesto-tom-pidcock-simpose-en-patron\/\"},\"author\":{\"name\":\"Pierre Gorce\",\"@id\":\"https:\/\/dicodusport.fr\/blog\/#\/schema\/person\/0eaf70b33d703a1a66b1155ac1bda018\"},\"headline\":\"XCC Nove Mesto : Tom Pidcock s&rsquo;impose en patron\",\"datePublished\":\"2023-05-12T17:10:54+00:00\",\"dateModified\":\"2023-05-12T19:17:47+00:00\",\"mainEntityOfPage\":{\"@id\":\"https:\/\/dicodusport.fr\/blog\/xcc-nove-mesto-tom-pidcock-simpose-en-patron\/\"},\"wordCount\":422,\"commentCount\":0,\"publisher\":{\"@id\":\"https:\/\/dicodusport.fr\/blog\/#organization\"},\"image\":{\"@id\":\"https:\/\/dicodusport.fr\/blog\/xcc-nove-mesto-tom-pidcock-simpose-en-patron\/#primaryimage\"},\"thumbnailUrl\":\"https:\/\/dicodusport.fr\/blog\/wp-content\/uploads\/2023\/05\/XCC-Nove-Mesto-Tom-Pidcock-simpose-en-patron-1.png\",\"keywords\":[\"br\u00e8ve\",\"VTT\",\"VTT XCC Nove Mesto\"],\"articleSection\":[\"VTT\"],\"inLanguage\":\"fr-FR\",\"potentialAction\":[{\"@type\":\"CommentAction\",\"name\":\"Comment\",\"target\":[\"https:\/\/dicodusport.fr\/blog\/xcc-nove-mesto-tom-pidcock-simpose-en-patron\/#respond\"]}],\"copyrightYear\":\"2023\",\"copyrightHolder\":{\"@id\":\"https:\/\/dicodusport.fr\/blog\/#organization\"}},{\"@type\":\"WebPage\",\"@id\":\"https:\/\/dicodusport.fr\/blog\/xcc-nove-mesto-tom-pidcock-simpose-en-patron\/\",\"url\":\"https:\/\/dicodusport.fr\/blog\/xcc-nove-mesto-tom-pidcock-simpose-en-patron\/\",\"name\":\"XCC Nove Mesto : Tom Pidcock s'impose en patron\",\"isPartOf\":{\"@id\":\"https:\/\/dicodusport.fr\/blog\/#website\"},\"primaryImageOfPage\":{\"@id\":\"https:\/\/dicodusport.fr\/blog\/xcc-nove-mesto-tom-pidcock-simpose-en-patron\/#primaryimage\"},\"image\":{\"@id\":\"https:\/\/dicodusport.fr\/blog\/xcc-nove-mesto-tom-pidcock-simpose-en-patron\/#primaryimage\"},\"thumbnailUrl\":\"https:\/\/dicodusport.fr\/blog\/wp-content\/uploads\/2023\/05\/XCC-Nove-Mesto-Tom-Pidcock-simpose-en-patron-1.png\",\"datePublished\":\"2023-05-12T17:10:54+00:00\",\"dateModified\":\"2023-05-12T19:17:47+00:00\",\"description\":\"COUPE DU MONDE DE VTT 2023 - XCC NOVE MESTO - Thomas Pidcock ne devait pas participer \u00e0 la course et il gagne.\",\"breadcrumb\":{\"@id\":\"https:\/\/dicodusport.fr\/blog\/xcc-nove-mesto-tom-pidcock-simpose-en-patron\/#breadcrumb\"},\"inLanguage\":\"fr-FR\",\"potentialAction\":[{\"@type\":\"ReadAction\",\"target\":[\"https:\/\/dicodusport.fr\/blog\/xcc-nove-mesto-tom-pidcock-simpose-en-patron\/\"]}]},{\"@type\":\"ImageObject\",\"inLanguage\":\"fr-FR\",\"@id\":\"https:\/\/dicodusport.fr\/blog\/xcc-nove-mesto-tom-pidcock-simpose-en-patron\/#primaryimage\",\"url\":\"https:\/\/dicodusport.fr\/blog\/wp-content\/uploads\/2023\/05\/XCC-Nove-Mesto-Tom-Pidcock-simpose-en-patron-1.png\",\"contentUrl\":\"https:\/\/dicodusport.fr\/blog\/wp-content\/uploads\/2023\/05\/XCC-Nove-Mesto-Tom-Pidcock-simpose-en-patron-1.png\",\"width\":800,\"height\":445,\"caption\":\"XCC Nove Mesto Tom Pidcock s'impose en patron (1)\"},{\"@type\":\"BreadcrumbList\",\"@id\":\"https:\/\/dicodusport.fr\/blog\/xcc-nove-mesto-tom-pidcock-simpose-en-patron\/#breadcrumb\",\"itemListElement\":[{\"@type\":\"ListItem\",\"position\":1,\"name\":\"Accueil\",\"item\":\"https:\/\/dicodusport.fr\/blog\/\"},{\"@type\":\"ListItem\",\"position\":2,\"name\":\"XCC Nove Mesto : Tom Pidcock s&rsquo;impose en patron\"}]},{\"@type\":\"WebSite\",\"@id\":\"https:\/\/dicodusport.fr\/blog\/#website\",\"url\":\"https:\/\/dicodusport.fr\/blog\/\",\"name\":\"Dicodusport\",\"description\":\"L&#039;encyclop\u00e9die de l&#039;actualit\u00e9 sportive\",\"publisher\":{\"@id\":\"https:\/\/dicodusport.fr\/blog\/#organization\"},\"potentialAction\":[{\"@type\":\"SearchAction\",\"target\":{\"@type\":\"EntryPoint\",\"urlTemplate\":\"https:\/\/dicodusport.fr\/blog\/?s={search_term_string}\"},\"query-input\":{\"@type\":\"PropertyValueSpecification\",\"valueRequired\":true,\"valueName\":\"search_term_string\"}}],\"inLanguage\":\"fr-FR\"},{\"@type\":\"NewsMediaOrganization\",\"@id\":\"https:\/\/dicodusport.fr\/blog\/#organization\",\"name\":\"Dicodusport\",\"url\":\"https:\/\/dicodusport.fr\/blog\/\",\"logo\":{\"@type\":\"ImageObject\",\"inLanguage\":\"fr-FR\",\"@id\":\"https:\/\/dicodusport.fr\/blog\/#\/schema\/logo\/image\/\",\"url\":\"https:\/\/dicodusport.fr\/blog\/wp-content\/uploads\/2020\/06\/cropped-LOGO-DICODUSPORT-2020-SANS-FOND-SANS-TEXTE.png\",\"contentUrl\":\"https:\/\/dicodusport.fr\/blog\/wp-content\/uploads\/2020\/06\/cropped-LOGO-DICODUSPORT-2020-SANS-FOND-SANS-TEXTE.png\",\"width\":512,\"height\":512,\"caption\":\"Dicodusport\"},\"image\":{\"@id\":\"https:\/\/dicodusport.fr\/blog\/#\/schema\/logo\/image\/\"},\"sameAs\":[\"https:\/\/www.facebook.com\/dicodusport\",\"https:\/\/x.com\/dicodusport\",\"https:\/\/www.instagram.com\/dicodusport\/\",\"https:\/\/www.youtube.com\/channel\/UC7V2KZ5sd3htJivAbA4ZG3w\"],\"description\":\"Dicodusport est l'encyclop\u00e9die de l'actualit\u00e9 sportive.\",\"email\":\"bonjour@dicodusport.fr\",\"legalName\":\"DICODUSPORT\",\"foundingDate\":\"2018-01-14\",\"vatID\":\"FR71834470973\",\"taxID\":\"83447097300043\",\"numberOfEmployees\":{\"@type\":\"QuantitativeValue\",\"minValue\":\"1\",\"maxValue\":\"10\"}},{\"@type\":\"Person\",\"@id\":\"https:\/\/dicodusport.fr\/blog\/#\/schema\/person\/0eaf70b33d703a1a66b1155ac1bda018\",\"name\":\"Pierre Gorce\",\"image\":{\"@type\":\"ImageObject\",\"inLanguage\":\"fr-FR\",\"@id\":\"https:\/\/dicodusport.fr\/blog\/#\/schema\/person\/image\/\",\"url\":\"https:\/\/dicodusport.fr\/blog\/wp-content\/uploads\/2022\/03\/IMG_20211214_233053_722-150x150.jpg\",\"contentUrl\":\"https:\/\/dicodusport.fr\/blog\/wp-content\/uploads\/2022\/03\/IMG_20211214_233053_722-150x150.jpg\",\"caption\":\"Pierre Gorce\"},\"description\":\"Couteau suisse venant tout droit de Haute-Savoie. Habitu\u00e9 \u00e0 regarder du sport depuis petit, j'en ai maintenant fait mon m\u00e9tier. Des sports d'hiver au surf, en passant par le tennis, la F1, le handball et l'athl\u00e9tisme, j'essaie d'avoir mes yeux sur l'enti\u00e8ret\u00e9 de l'actualit\u00e9. Jeune homme berc\u00e9 par les exploits de Jean-Baptiste Grange, Sebastian Vettel et des Experts. Membre de la g\u00e9n\u00e9ration 1999 comme Luka Doncic, Sydney McLaughlin, Lando Norris et Loana Lecomte, mais avec beaucoup moins de talent qu'eux.\",\"sameAs\":[\"https:\/\/x.com\/https:\/\/twitter.com\/pierregorce12\"],\"birthDate\":\"1999-08-29\",\"url\":\"https:\/\/dicodusport.fr\/blog\/author\/pierreg\/\"}]}<\/script>\n<!-- \/ Yoast SEO Premium plugin. -->","yoast_head_json":{"title":"XCC Nove Mesto : Tom Pidcock s'impose en patron","description":"COUPE DU MONDE DE VTT 2023 - XCC NOVE MESTO - Thomas Pidcock ne devait pas participer \u00e0 la course et il gagne.","robots":{"index":"index","follow":"follow","max-snippet":"max-snippet:-1","max-image-preview":"max-image-preview:large","max-video-preview":"max-video-preview:-1"},"canonical":"https:\/\/dicodusport.fr\/blog\/xcc-nove-mesto-tom-pidcock-simpose-en-patron\/","og_locale":"fr_FR","og_type":"article","og_title":"XCC Nove Mesto : Tom Pidcock s'impose en patron","og_description":"COUPE DU MONDE DE VTT 2023 - XCC NOVE MESTO - Thomas Pidcock ne devait pas participer \u00e0 la course et il gagne.","og_url":"https:\/\/dicodusport.fr\/blog\/xcc-nove-mesto-tom-pidcock-simpose-en-patron\/","og_site_name":"Dicodusport","article_publisher":"https:\/\/www.facebook.com\/dicodusport","article_published_time":"2023-05-12T17:10:54+00:00","article_modified_time":"2023-05-12T19:17:47+00:00","og_image":[{"width":800,"height":445,"url":"https:\/\/dicodusport.fr\/blog\/wp-content\/uploads\/2023\/05\/XCC-Nove-Mesto-Tom-Pidcock-simpose-en-patron-1.png","type":"image\/png"}],"author":"Pierre Gorce","twitter_card":"summary_large_image","twitter_title":"XCC Nove Mesto : Tom Pidcock s'impose en patron","twitter_creator":"@https:\/\/twitter.com\/pierregorce12","twitter_site":"@dicodusport","schema":{"@context":"https:\/\/schema.org","@graph":[{"@type":"NewsArticle","@id":"https:\/\/dicodusport.fr\/blog\/xcc-nove-mesto-tom-pidcock-simpose-en-patron\/#article","isPartOf":{"@id":"https:\/\/dicodusport.fr\/blog\/xcc-nove-mesto-tom-pidcock-simpose-en-patron\/"},"author":{"name":"Pierre Gorce","@id":"https:\/\/dicodusport.fr\/blog\/#\/schema\/person\/0eaf70b33d703a1a66b1155ac1bda018"},"headline":"XCC Nove Mesto : Tom Pidcock s&rsquo;impose en patron","datePublished":"2023-05-12T17:10:54+00:00","dateModified":"2023-05-12T19:17:47+00:00","mainEntityOfPage":{"@id":"https:\/\/dicodusport.fr\/blog\/xcc-nove-mesto-tom-pidcock-simpose-en-patron\/"},"wordCount":422,"commentCount":0,"publisher":{"@id":"https:\/\/dicodusport.fr\/blog\/#organization"},"image":{"@id":"https:\/\/dicodusport.fr\/blog\/xcc-nove-mesto-tom-pidcock-simpose-en-patron\/#primaryimage"},"thumbnailUrl":"https:\/\/dicodusport.fr\/blog\/wp-content\/uploads\/2023\/05\/XCC-Nove-Mesto-Tom-Pidcock-simpose-en-patron-1.png","keywords":["br\u00e8ve","VTT","VTT XCC Nove Mesto"],"articleSection":["VTT"],"inLanguage":"fr-FR","potentialAction":[{"@type":"CommentAction","name":"Comment","target":["https:\/\/dicodusport.fr\/blog\/xcc-nove-mesto-tom-pidcock-simpose-en-patron\/#respond"]}],"copyrightYear":"2023","copyrightHolder":{"@id":"https:\/\/dicodusport.fr\/blog\/#organization"}},{"@type":"WebPage","@id":"https:\/\/dicodusport.fr\/blog\/xcc-nove-mesto-tom-pidcock-simpose-en-patron\/","url":"https:\/\/dicodusport.fr\/blog\/xcc-nove-mesto-tom-pidcock-simpose-en-patron\/","name":"XCC Nove Mesto : Tom Pidcock s'impose en patron","isPartOf":{"@id":"https:\/\/dicodusport.fr\/blog\/#website"},"primaryImageOfPage":{"@id":"https:\/\/dicodusport.fr\/blog\/xcc-nove-mesto-tom-pidcock-simpose-en-patron\/#primaryimage"},"image":{"@id":"https:\/\/dicodusport.fr\/blog\/xcc-nove-mesto-tom-pidcock-simpose-en-patron\/#primaryimage"},"thumbnailUrl":"https:\/\/dicodusport.fr\/blog\/wp-content\/uploads\/2023\/05\/XCC-Nove-Mesto-Tom-Pidcock-simpose-en-patron-1.png","datePublished":"2023-05-12T17:10:54+00:00","dateModified":"2023-05-12T19:17:47+00:00","description":"COUPE DU MONDE DE VTT 2023 - XCC NOVE MESTO - Thomas Pidcock ne devait pas participer \u00e0 la course et il gagne.","breadcrumb":{"@id":"https:\/\/dicodusport.fr\/blog\/xcc-nove-mesto-tom-pidcock-simpose-en-patron\/#breadcrumb"},"inLanguage":"fr-FR","potentialAction":[{"@type":"ReadAction","target":["https:\/\/dicodusport.fr\/blog\/xcc-nove-mesto-tom-pidcock-simpose-en-patron\/"]}]},{"@type":"ImageObject","inLanguage":"fr-FR","@id":"https:\/\/dicodusport.fr\/blog\/xcc-nove-mesto-tom-pidcock-simpose-en-patron\/#primaryimage","url":"https:\/\/dicodusport.fr\/blog\/wp-content\/uploads\/2023\/05\/XCC-Nove-Mesto-Tom-Pidcock-simpose-en-patron-1.png","contentUrl":"https:\/\/dicodusport.fr\/blog\/wp-content\/uploads\/2023\/05\/XCC-Nove-Mesto-Tom-Pidcock-simpose-en-patron-1.png","width":800,"height":445,"caption":"XCC Nove Mesto Tom Pidcock s'impose en patron (1)"},{"@type":"BreadcrumbList","@id":"https:\/\/dicodusport.fr\/blog\/xcc-nove-mesto-tom-pidcock-simpose-en-patron\/#breadcrumb","itemListElement":[{"@type":"ListItem","position":1,"name":"Accueil","item":"https:\/\/dicodusport.fr\/blog\/"},{"@type":"ListItem","position":2,"name":"XCC Nove Mesto : Tom Pidcock s&rsquo;impose en patron"}]},{"@type":"WebSite","@id":"https:\/\/dicodusport.fr\/blog\/#website","url":"https:\/\/dicodusport.fr\/blog\/","name":"Dicodusport","description":"L&#039;encyclop\u00e9die de l&#039;actualit\u00e9 sportive","publisher":{"@id":"https:\/\/dicodusport.fr\/blog\/#organization"},"potentialAction":[{"@type":"SearchAction","target":{"@type":"EntryPoint","urlTemplate":"https:\/\/dicodusport.fr\/blog\/?s={search_term_string}"},"query-input":{"@type":"PropertyValueSpecification","valueRequired":true,"valueName":"search_term_string"}}],"inLanguage":"fr-FR"},{"@type":"NewsMediaOrganization","@id":"https:\/\/dicodusport.fr\/blog\/#organization","name":"Dicodusport","url":"https:\/\/dicodusport.fr\/blog\/","logo":{"@type":"ImageObject","inLanguage":"fr-FR","@id":"https:\/\/dicodusport.fr\/blog\/#\/schema\/logo\/image\/","url":"https:\/\/dicodusport.fr\/blog\/wp-content\/uploads\/2020\/06\/cropped-LOGO-DICODUSPORT-2020-SANS-FOND-SANS-TEXTE.png","contentUrl":"https:\/\/dicodusport.fr\/blog\/wp-content\/uploads\/2020\/06\/cropped-LOGO-DICODUSPORT-2020-SANS-FOND-SANS-TEXTE.png","width":512,"height":512,"caption":"Dicodusport"},"image":{"@id":"https:\/\/dicodusport.fr\/blog\/#\/schema\/logo\/image\/"},"sameAs":["https:\/\/www.facebook.com\/dicodusport","https:\/\/x.com\/dicodusport","https:\/\/www.instagram.com\/dicodusport\/","https:\/\/www.youtube.com\/channel\/UC7V2KZ5sd3htJivAbA4ZG3w"],"description":"Dicodusport est l'encyclop\u00e9die de l'actualit\u00e9 sportive.","email":"bonjour@dicodusport.fr","legalName":"DICODUSPORT","foundingDate":"2018-01-14","vatID":"FR71834470973","taxID":"83447097300043","numberOfEmployees":{"@type":"QuantitativeValue","minValue":"1","maxValue":"10"}},{"@type":"Person","@id":"https:\/\/dicodusport.fr\/blog\/#\/schema\/person\/0eaf70b33d703a1a66b1155ac1bda018","name":"Pierre Gorce","image":{"@type":"ImageObject","inLanguage":"fr-FR","@id":"https:\/\/dicodusport.fr\/blog\/#\/schema\/person\/image\/","url":"https:\/\/dicodusport.fr\/blog\/wp-content\/uploads\/2022\/03\/IMG_20211214_233053_722-150x150.jpg","contentUrl":"https:\/\/dicodusport.fr\/blog\/wp-content\/uploads\/2022\/03\/IMG_20211214_233053_722-150x150.jpg","caption":"Pierre Gorce"},"description":"Couteau suisse venant tout droit de Haute-Savoie. Habitu\u00e9 \u00e0 regarder du sport depuis petit, j'en ai maintenant fait mon m\u00e9tier. Des sports d'hiver au surf, en passant par le tennis, la F1, le handball et l'athl\u00e9tisme, j'essaie d'avoir mes yeux sur l'enti\u00e8ret\u00e9 de l'actualit\u00e9. Jeune homme berc\u00e9 par les exploits de Jean-Baptiste Grange, Sebastian Vettel et des Experts. Membre de la g\u00e9n\u00e9ration 1999 comme Luka Doncic, Sydney McLaughlin, Lando Norris et Loana Lecomte, mais avec beaucoup moins de talent qu'eux.","sameAs":["https:\/\/x.com\/https:\/\/twitter.com\/pierregorce12"],"birthDate":"1999-08-29","url":"https:\/\/dicodusport.fr\/blog\/author\/pierreg\/"}]}},"_links":{"self":[{"href":"https:\/\/dicodusport.fr\/blog\/wp-json\/wp\/v2\/posts\/381566","targetHints":{"allow":["GET"]}}],"collection":[{"href":"https:\/\/dicodusport.fr\/blog\/wp-json\/wp\/v2\/posts"}],"about":[{"href":"https:\/\/dicodusport.fr\/blog\/wp-json\/wp\/v2\/types\/post"}],"author":[{"embeddable":true,"href":"https:\/\/dicodusport.fr\/blog\/wp-json\/wp\/v2\/users\/61"}],"replies":[{"embeddable":true,"href":"https:\/\/dicodusport.fr\/blog\/wp-json\/wp\/v2\/comments?post=381566"}],"version-history":[{"count":0,"href":"https:\/\/dicodusport.fr\/blog\/wp-json\/wp\/v2\/posts\/381566\/revisions"}],"wp:featuredmedia":[{"embeddable":true,"href":"https:\/\/dicodusport.fr\/blog\/wp-json\/wp\/v2\/media\/381634"}],"wp:attachment":[{"href":"https:\/\/dicodusport.fr\/blog\/wp-json\/wp\/v2\/media?parent=381566"}],"wp:term":[{"taxonomy":"category","embeddable":true,"href":"https:\/\/dicodusport.fr\/blog\/wp-json\/wp\/v2\/categories?post=381566"},{"taxonomy":"post_tag","embeddable":true,"href":"https:\/\/dicodusport.fr\/blog\/wp-json\/wp\/v2\/tags?post=381566"}],"curies":[{"name":"wp","href":"https:\/\/api.w.org\/{rel}","templated":true}]}}