{"id":381820,"date":"2023-05-13T17:03:43","date_gmt":"2023-05-13T15:03:43","guid":{"rendered":"https:\/\/dicodusport.fr\/blog\/?p=381820&#038;preview=true&#038;preview_id=381820"},"modified":"2023-05-13T17:45:15","modified_gmt":"2023-05-13T15:45:15","slug":"tour-ditalie-2023-ben-healy-gagne-la-8eme-etape-roglic-grappille-sur-evenepoel","status":"publish","type":"post","link":"https:\/\/dicodusport.fr\/blog\/tour-ditalie-2023-ben-healy-gagne-la-8eme-etape-roglic-grappille-sur-evenepoel\/","title":{"rendered":"Tour d\u2019Italie 2023 : Ben Healy gagne la 8\u00e8me \u00e9tape, Roglic grappille sur Evenepoel"},"content":{"rendered":"<p style=\"text-align: justify;\"><em><a style=\"font-weight: bold;\" href=\"https:\/\/dicodusport.fr\/blog\/actualites\/cyclisme\/cyclisme-sur-route-2023\/tour-d-italie-2023\/\">TOUR D&rsquo;ITALIE 2023<\/a><b> &#8211; Ben Healy (EF Education EasyPost) s&rsquo;est impos\u00e9 en solitaire sur la huiti\u00e8me \u00e9tape \u00e0 Fossombrone apr\u00e8s 207 kilom\u00e8tres de course. Il a devanc\u00e9 Derek Gee (Israel Premier Tech) et Filippo Zana (Team Jayco AlUla). Andreas Leknessund (Team DSM) a gard\u00e9 le maillot rose.\u00a0<\/b><\/em><\/p>\n<p style=\"text-align: justify;\">Apr\u00e8s beaucoup d&rsquo;attaques dans la premi\u00e8re mont\u00e9e du jour, <strong>Ben Healy<\/strong> (EF Education EasyPost), <strong>Derek Gee<\/strong> (Israel Premier Tech), <strong>Valentin Paret-Peintre<\/strong> (AG2R Citro\u00ebn) et <strong>Carlos Verona<\/strong> (Movistar) ont bataill\u00e9 pendant une trentaine de kilom\u00e8tres contre le peloton. Au sprint interm\u00e9diaire de Foligno, <strong>Jonathan Milan<\/strong> (Bahrain Victorious) a pris la 6e place devant <strong>Mads Pedersen<\/strong> (Trek Segafredo), confortant ainsi son maillot cyclamen. Dans l&rsquo;\u00e9chapp\u00e9e, <strong>Toms Skujins<\/strong> (Trek Segafredo) a rejoint le quatuor de t\u00eate.<\/p>\n<h2 style=\"text-align: justify;\">Une bataille d&rsquo;une heure et demie<\/h2>\n<p style=\"text-align: justify;\">Puis, sept coureurs sont entr\u00e9s sur les cinq hommes de t\u00eate avant la mi-course : <strong>Samuele Battistella<\/strong> (Astana Qazakstan), <strong>Fran\u00e7ois Bidard<\/strong> (Cofidis), <strong>Alessandro Tonelli<\/strong> (Green Project Bardiani), <strong>Mattia Bais<\/strong> (Eolo Kometa), <strong>Alessandro Iacchi<\/strong> (Team Corratec), le champion d&rsquo;Italie <strong>Filippo Zana<\/strong> (Team Jayco AlUla), <strong>Oscar Riesebeek<\/strong> (Alpecin Deceuninck) et <strong>Warren Barguil<\/strong> (Ark\u00e9a-Samsic). Le peloton, quant \u00e0 lui, s&rsquo;est relev\u00e9 pour laisser monter l&rsquo;\u00e9cart \u00e0 5 minutes 30.<\/p>\n<p style=\"text-align: justify;\">Par la suite, <strong>Ben Healy<\/strong> (EF Education EasyPost) est parti seul dans la premi\u00e8re ascension d&rsquo;I Cappucini \u00e0 50 kilom\u00e8tres de l&rsquo;arriv\u00e9e, alors que <strong>Alessandro Iacchi<\/strong> (Team Corratec) a \u00e9t\u00e9 distanc\u00e9 de l&rsquo;\u00e9chapp\u00e9e du jour. L&rsquo;\u00e9quipe INEOS Grenadiers a profit\u00e9 de cette ascension pour provoquer une petite s\u00e9lection dans le peloton. Dans l&rsquo;ascension du Monte delle Cesane, <strong>Filippo Zana<\/strong> (Team Jayco AlUla), <strong>Warren Barguil<\/strong> (Arkea Samsic),<strong> Carlos Verona<\/strong> (Movistar), <strong>Mattia Bais<\/strong> (Eolo Kometa) et <strong>Derek Gee<\/strong> (Israel Premier Tech) ont constitu\u00e9 un groupe de poursuivants.<\/p>\n<h2 style=\"text-align: justify;\">Le coup de mou de Remco Evenepoel<\/h2>\n<p style=\"text-align: justify;\">Dans la seconde mont\u00e9e d&rsquo;I Cappucini, <strong>Derek Gee<\/strong> (Israel Premier Tech), <strong>Filippo Zana<\/strong> (Team Jayco AlUla) et <strong>Warren Barguil<\/strong> (Ark\u00e9a-Samsic) se sont d\u00e9barrass\u00e9s de <strong>Carlos Verona<\/strong> (Movistar) et <strong>Mattia Bais<\/strong> (Eolo Kometa). Au sein du peloton des favoris, <strong>Primoz Roglic<\/strong> (Jumbo-Visma) a port\u00e9 une puissante acc\u00e9l\u00e9ration. <strong>Tao Geoghehan Hart<\/strong> et <strong>Geraint Thomas<\/strong> (INEOS Grenadiers) sont revenus sur le Slov\u00e8ne dans la descente.<\/p>\n<p style=\"text-align: justify;\">Finalement, <strong>Ben Healy<\/strong> (EF Education EasyPost) s&rsquo;est impos\u00e9 en solitaire apr\u00e8s un effort en solitaire de 50 kilom\u00e8tres. L&rsquo;Irlandais a apport\u00e9 une quinzi\u00e8me victoire cette saison \u00e0 la formation am\u00e9ricaine. C&rsquo;est la sixi\u00e8me victoire d&rsquo;\u00e9tape pour l&rsquo;Irlande sur le Giro. <strong>Derek Gee<\/strong> (Israel Premier Tech) a devanc\u00e9 <strong>Filippo Zana<\/strong> (Team Jayco AlUla) \u00e0 1 minute 49 pour la deuxi\u00e8me place. <strong>Warren Barguil<\/strong> (Ark\u00e9a-Samsic) a fini quatri\u00e8me.<\/p>\n<p style=\"text-align: justify;\">De son c\u00f4t\u00e9, <strong>Remco Evenepoel<\/strong> (Soudal Quick-Step) a perdu 14 secondes sur <strong>Primoz Roglic<\/strong> (Jumbo-Visma), <strong>Tao Geoghehan Hart<\/strong> et <strong>Geraint Thomas<\/strong> (INEOS Grenadiers). Ce trio a fini \u00e0 4 minutes 34. <b>Andreas Leknessund <\/b>(Team DSM) a franchi la ligne avec 5 minutes 8 de retard, mais le Norv\u00e9gien a gard\u00e9 son maillot rose pour 8 secondes. Le contre-la-montre de la 9\u00e8me \u00e9tape ce dimanche (35 km), sur un terrain plat, promet un joli spectacle, au regard du finish des favoris ce samedi.<\/p>\n<blockquote class=\"twitter-tweet\">\n<p dir=\"ltr\" lang=\"fr\">Roglic reprend 14 secondes \u00e0 Evenepoel ! Pas au mieux dans cette fin de 8e \u00e9tape remport\u00e9e par l&rsquo;Irlandais Ben Healy, le champion du monde belge remettra-t-il les pendules \u00e0 l&rsquo;heure, dimanche lors du contre-la-montre ?<\/p>\n<p>Suivez le <a href=\"https:\/\/twitter.com\/hashtag\/Giro?src=hash&amp;ref_src=twsrc%5Etfw\">#Giro<\/a> avec <a href=\"https:\/\/twitter.com\/hashtag\/LesRP?src=hash&amp;ref_src=twsrc%5Etfw\">#LesRP<\/a> <a href=\"https:\/\/t.co\/pkRW0PdB7K\">pic.twitter.com\/pkRW0PdB7K<\/a><\/p>\n<p>\u2014 Eurosport France (@Eurosport_FR) <a href=\"https:\/\/twitter.com\/Eurosport_FR\/status\/1657402959527919618?ref_src=twsrc%5Etfw\">May 13, 2023<\/a><\/p><\/blockquote>\n<p><script async src=\"https:\/\/platform.twitter.com\/widgets.js\" charset=\"utf-8\"><\/script><\/p>\n<h2 style=\"text-align: justify;\">\u00c0 lire aussi<\/h2>\n<ul>\n<li style=\"text-align: justify;\"><strong><a href=\"https:\/\/dicodusport.fr\/blog\/tour-ditalie-2023-classement-8eme-etape\/\">Le classement de la 8\u00e8me \u00e9tape du Tour d\u2019Italie<\/a>\u00a0<\/strong><\/li>\n<li style=\"text-align: justify;\"><a href=\"https:\/\/dicodusport.fr\/blog\/tour-d-italie-2023-classement-general-maillot-rose\/\"><strong>Le classement g\u00e9n\u00e9ral du Tour d\u2019Italie 2023<\/strong><\/a><\/li>\n<\/ul>\n","protected":false},"excerpt":{"rendered":"<p>TOUR D&rsquo;ITALIE 2023 &#8211; Parcours et profil de la 8\u00e8me \u00e9tape du Giro 2023, qui se d\u00e9roule ce samedi 13 mai entre Terni \u00e0 Fossombrone (207 km).<\/p>\n","protected":false},"author":48,"featured_media":381861,"comment_status":"open","ping_status":"closed","sticky":false,"template":"","format":"standard","meta":{"_acf_changed":false,"_daextam_enable_autolinks":"","footnotes":""},"categories":[47041],"tags":[3119,16878,24],"class_list":["post-381820","post","type-post","status-publish","format-standard","has-post-thumbnail","hentry","category-tour-d-italie","tag-actualite-cyclisme","tag-breve","tag-sport"],"acf":[],"yoast_head":"<!-- This site is optimized with the Yoast SEO Premium plugin v26.7 (Yoast SEO v26.7) - https:\/\/yoast.com\/wordpress\/plugins\/seo\/ -->\n<title>Tour d\u2019Italie 2023 : Ben Healy gagne la 8\u00e8me \u00e9tape, Roglic grappille sur Evenepoel<\/title>\n<meta name=\"description\" content=\"TOUR D&#039;ITALIE 2023 - Ben Healy (EF Education EasyPost) s&#039;est impos\u00e9 sur la huiti\u00e8me \u00e9tape \u00e0 Fossombrone apr\u00e8s 207 kilom\u00e8tres.\" \/>\n<meta name=\"robots\" content=\"index, follow, max-snippet:-1, max-image-preview:large, max-video-preview:-1\" \/>\n<link rel=\"canonical\" href=\"https:\/\/dicodusport.fr\/blog\/tour-ditalie-2023-ben-healy-gagne-la-8eme-etape-roglic-grappille-sur-evenepoel\/\" \/>\n<meta property=\"og:locale\" content=\"fr_FR\" \/>\n<meta property=\"og:type\" content=\"article\" \/>\n<meta property=\"og:title\" content=\"Tour d\u2019Italie 2023 : Ben Healy gagne la 8\u00e8me \u00e9tape, Roglic grappille sur Evenepoel\" \/>\n<meta property=\"og:description\" content=\"TOUR D&#039;ITALIE 2023 - Ben Healy (EF Education EasyPost) s&#039;est impos\u00e9 sur la huiti\u00e8me \u00e9tape \u00e0 Fossombrone apr\u00e8s 207 kilom\u00e8tres.\" \/>\n<meta property=\"og:url\" content=\"https:\/\/dicodusport.fr\/blog\/tour-ditalie-2023-ben-healy-gagne-la-8eme-etape-roglic-grappille-sur-evenepoel\/\" \/>\n<meta property=\"og:site_name\" content=\"Dicodusport\" \/>\n<meta property=\"article:publisher\" content=\"https:\/\/www.facebook.com\/dicodusport\" \/>\n<meta property=\"article:author\" content=\"https:\/\/www.facebook.com\/groups\/LesRoisDuPeloton\" \/>\n<meta property=\"article:published_time\" content=\"2023-05-13T15:03:43+00:00\" \/>\n<meta property=\"article:modified_time\" content=\"2023-05-13T15:45:15+00:00\" \/>\n<meta property=\"og:image\" content=\"https:\/\/dicodusport.fr\/blog\/wp-content\/uploads\/2023\/05\/Tour-dItalie-2023-Ben-Healy-gagne-la-8eme-etape-Roglic-grappille-sur-Evenepoel.png\" \/>\n\t<meta property=\"og:image:width\" content=\"800\" \/>\n\t<meta property=\"og:image:height\" content=\"445\" \/>\n\t<meta property=\"og:image:type\" content=\"image\/png\" \/>\n<meta name=\"author\" content=\"Emilien Descampiaux\" \/>\n<meta name=\"twitter:card\" content=\"summary_large_image\" \/>\n<meta name=\"twitter:title\" content=\"Tour d\u2019Italie 2023 : Ben Healy gagne la 8\u00e8me \u00e9tape, Roglic grappille sur Evenepoel\" \/>\n<meta name=\"twitter:creator\" content=\"@https:\/\/twitter.com\/LRoisDuPeloton\" \/>\n<meta name=\"twitter:site\" content=\"@dicodusport\" \/>\n<script type=\"application\/ld+json\" class=\"yoast-schema-graph\">{\"@context\":\"https:\/\/schema.org\",\"@graph\":[{\"@type\":\"NewsArticle\",\"@id\":\"https:\/\/dicodusport.fr\/blog\/tour-ditalie-2023-ben-healy-gagne-la-8eme-etape-roglic-grappille-sur-evenepoel\/#article\",\"isPartOf\":{\"@id\":\"https:\/\/dicodusport.fr\/blog\/tour-ditalie-2023-ben-healy-gagne-la-8eme-etape-roglic-grappille-sur-evenepoel\/\"},\"author\":{\"name\":\"Emilien Descampiaux\",\"@id\":\"https:\/\/dicodusport.fr\/blog\/#\/schema\/person\/6db4bae06b171592211be385b32876a7\"},\"headline\":\"Tour d\u2019Italie 2023 : Ben Healy gagne la 8\u00e8me \u00e9tape, Roglic grappille sur Evenepoel\",\"datePublished\":\"2023-05-13T15:03:43+00:00\",\"dateModified\":\"2023-05-13T15:45:15+00:00\",\"mainEntityOfPage\":{\"@id\":\"https:\/\/dicodusport.fr\/blog\/tour-ditalie-2023-ben-healy-gagne-la-8eme-etape-roglic-grappille-sur-evenepoel\/\"},\"wordCount\":612,\"commentCount\":0,\"publisher\":{\"@id\":\"https:\/\/dicodusport.fr\/blog\/#organization\"},\"image\":{\"@id\":\"https:\/\/dicodusport.fr\/blog\/tour-ditalie-2023-ben-healy-gagne-la-8eme-etape-roglic-grappille-sur-evenepoel\/#primaryimage\"},\"thumbnailUrl\":\"https:\/\/dicodusport.fr\/blog\/wp-content\/uploads\/2023\/05\/Tour-dItalie-2023-Ben-Healy-gagne-la-8eme-etape-Roglic-grappille-sur-Evenepoel.png\",\"keywords\":[\"Actualit\u00e9 Cyclisme\",\"br\u00e8ve\",\"sport\"],\"articleSection\":[\"Tour d'Italie\"],\"inLanguage\":\"fr-FR\",\"potentialAction\":[{\"@type\":\"CommentAction\",\"name\":\"Comment\",\"target\":[\"https:\/\/dicodusport.fr\/blog\/tour-ditalie-2023-ben-healy-gagne-la-8eme-etape-roglic-grappille-sur-evenepoel\/#respond\"]}],\"copyrightYear\":\"2023\",\"copyrightHolder\":{\"@id\":\"https:\/\/dicodusport.fr\/blog\/#organization\"}},{\"@type\":\"WebPage\",\"@id\":\"https:\/\/dicodusport.fr\/blog\/tour-ditalie-2023-ben-healy-gagne-la-8eme-etape-roglic-grappille-sur-evenepoel\/\",\"url\":\"https:\/\/dicodusport.fr\/blog\/tour-ditalie-2023-ben-healy-gagne-la-8eme-etape-roglic-grappille-sur-evenepoel\/\",\"name\":\"Tour d\u2019Italie 2023 : Ben Healy gagne la 8\u00e8me \u00e9tape, Roglic grappille sur Evenepoel\",\"isPartOf\":{\"@id\":\"https:\/\/dicodusport.fr\/blog\/#website\"},\"primaryImageOfPage\":{\"@id\":\"https:\/\/dicodusport.fr\/blog\/tour-ditalie-2023-ben-healy-gagne-la-8eme-etape-roglic-grappille-sur-evenepoel\/#primaryimage\"},\"image\":{\"@id\":\"https:\/\/dicodusport.fr\/blog\/tour-ditalie-2023-ben-healy-gagne-la-8eme-etape-roglic-grappille-sur-evenepoel\/#primaryimage\"},\"thumbnailUrl\":\"https:\/\/dicodusport.fr\/blog\/wp-content\/uploads\/2023\/05\/Tour-dItalie-2023-Ben-Healy-gagne-la-8eme-etape-Roglic-grappille-sur-Evenepoel.png\",\"datePublished\":\"2023-05-13T15:03:43+00:00\",\"dateModified\":\"2023-05-13T15:45:15+00:00\",\"description\":\"TOUR D'ITALIE 2023 - Ben Healy (EF Education EasyPost) s'est impos\u00e9 sur la huiti\u00e8me \u00e9tape \u00e0 Fossombrone apr\u00e8s 207 kilom\u00e8tres.\",\"breadcrumb\":{\"@id\":\"https:\/\/dicodusport.fr\/blog\/tour-ditalie-2023-ben-healy-gagne-la-8eme-etape-roglic-grappille-sur-evenepoel\/#breadcrumb\"},\"inLanguage\":\"fr-FR\",\"potentialAction\":[{\"@type\":\"ReadAction\",\"target\":[\"https:\/\/dicodusport.fr\/blog\/tour-ditalie-2023-ben-healy-gagne-la-8eme-etape-roglic-grappille-sur-evenepoel\/\"]}]},{\"@type\":\"ImageObject\",\"inLanguage\":\"fr-FR\",\"@id\":\"https:\/\/dicodusport.fr\/blog\/tour-ditalie-2023-ben-healy-gagne-la-8eme-etape-roglic-grappille-sur-evenepoel\/#primaryimage\",\"url\":\"https:\/\/dicodusport.fr\/blog\/wp-content\/uploads\/2023\/05\/Tour-dItalie-2023-Ben-Healy-gagne-la-8eme-etape-Roglic-grappille-sur-Evenepoel.png\",\"contentUrl\":\"https:\/\/dicodusport.fr\/blog\/wp-content\/uploads\/2023\/05\/Tour-dItalie-2023-Ben-Healy-gagne-la-8eme-etape-Roglic-grappille-sur-Evenepoel.png\",\"width\":800,\"height\":445,\"caption\":\"Tour d\u2019Italie 2023 - Ben Healy gagne la 8\u00e8me \u00e9tape - Photo RCS\/Giro d'Italia\"},{\"@type\":\"BreadcrumbList\",\"@id\":\"https:\/\/dicodusport.fr\/blog\/tour-ditalie-2023-ben-healy-gagne-la-8eme-etape-roglic-grappille-sur-evenepoel\/#breadcrumb\",\"itemListElement\":[{\"@type\":\"ListItem\",\"position\":1,\"name\":\"Accueil\",\"item\":\"https:\/\/dicodusport.fr\/blog\/\"},{\"@type\":\"ListItem\",\"position\":2,\"name\":\"Tour d\u2019Italie 2023 : Ben Healy gagne la 8\u00e8me \u00e9tape, Roglic grappille sur Evenepoel\"}]},{\"@type\":\"WebSite\",\"@id\":\"https:\/\/dicodusport.fr\/blog\/#website\",\"url\":\"https:\/\/dicodusport.fr\/blog\/\",\"name\":\"Dicodusport\",\"description\":\"L&#039;encyclop\u00e9die de l&#039;actualit\u00e9 sportive\",\"publisher\":{\"@id\":\"https:\/\/dicodusport.fr\/blog\/#organization\"},\"potentialAction\":[{\"@type\":\"SearchAction\",\"target\":{\"@type\":\"EntryPoint\",\"urlTemplate\":\"https:\/\/dicodusport.fr\/blog\/?s={search_term_string}\"},\"query-input\":{\"@type\":\"PropertyValueSpecification\",\"valueRequired\":true,\"valueName\":\"search_term_string\"}}],\"inLanguage\":\"fr-FR\"},{\"@type\":\"NewsMediaOrganization\",\"@id\":\"https:\/\/dicodusport.fr\/blog\/#organization\",\"name\":\"Dicodusport\",\"url\":\"https:\/\/dicodusport.fr\/blog\/\",\"logo\":{\"@type\":\"ImageObject\",\"inLanguage\":\"fr-FR\",\"@id\":\"https:\/\/dicodusport.fr\/blog\/#\/schema\/logo\/image\/\",\"url\":\"https:\/\/dicodusport.fr\/blog\/wp-content\/uploads\/2020\/06\/cropped-LOGO-DICODUSPORT-2020-SANS-FOND-SANS-TEXTE.png\",\"contentUrl\":\"https:\/\/dicodusport.fr\/blog\/wp-content\/uploads\/2020\/06\/cropped-LOGO-DICODUSPORT-2020-SANS-FOND-SANS-TEXTE.png\",\"width\":512,\"height\":512,\"caption\":\"Dicodusport\"},\"image\":{\"@id\":\"https:\/\/dicodusport.fr\/blog\/#\/schema\/logo\/image\/\"},\"sameAs\":[\"https:\/\/www.facebook.com\/dicodusport\",\"https:\/\/x.com\/dicodusport\",\"https:\/\/www.instagram.com\/dicodusport\/\",\"https:\/\/www.youtube.com\/channel\/UC7V2KZ5sd3htJivAbA4ZG3w\"],\"description\":\"Dicodusport est l'encyclop\u00e9die de l'actualit\u00e9 sportive.\",\"email\":\"bonjour@dicodusport.fr\",\"legalName\":\"DICODUSPORT\",\"foundingDate\":\"2018-01-14\",\"vatID\":\"FR71834470973\",\"taxID\":\"83447097300043\",\"numberOfEmployees\":{\"@type\":\"QuantitativeValue\",\"minValue\":\"1\",\"maxValue\":\"10\"}},{\"@type\":\"Person\",\"@id\":\"https:\/\/dicodusport.fr\/blog\/#\/schema\/person\/6db4bae06b171592211be385b32876a7\",\"name\":\"Emilien Descampiaux\",\"image\":{\"@type\":\"ImageObject\",\"inLanguage\":\"fr-FR\",\"@id\":\"https:\/\/dicodusport.fr\/blog\/#\/schema\/person\/image\/\",\"url\":\"https:\/\/dicodusport.fr\/blog\/wp-content\/uploads\/2021\/05\/Emilien-Descampiaux-150x150.jpg\",\"contentUrl\":\"https:\/\/dicodusport.fr\/blog\/wp-content\/uploads\/2021\/05\/Emilien-Descampiaux-150x150.jpg\",\"caption\":\"Emilien Descampiaux\"},\"description\":\"Journaliste\/r\u00e9dacteur depuis 2014 - Fan de la classe de Frank Vandenbroucke, je vis cyclisme (et de ses paysages) depuis plus de 20 ans. Je suis tr\u00e8s impliqu\u00e9 sur mes diff\u00e9rents r\u00e9seaux sociaux pour partager ma passion sur le monde et l'Histoire de la bicyclette avec ma voix sur les images en noir et blanc du succ\u00e8s de Rik Van Steenbergen lors du Ronde sur le V\u00e9lodrome de Gand.\",\"sameAs\":[\"https:\/\/www.facebook.com\/groups\/LesRoisDuPeloton\",\"https:\/\/x.com\/https:\/\/twitter.com\/LRoisDuPeloton\"],\"url\":\"https:\/\/dicodusport.fr\/blog\/author\/emiliend\/\"}]}<\/script>\n<!-- \/ Yoast SEO Premium plugin. -->","yoast_head_json":{"title":"Tour d\u2019Italie 2023 : Ben Healy gagne la 8\u00e8me \u00e9tape, Roglic grappille sur Evenepoel","description":"TOUR D'ITALIE 2023 - Ben Healy (EF Education EasyPost) s'est impos\u00e9 sur la huiti\u00e8me \u00e9tape \u00e0 Fossombrone apr\u00e8s 207 kilom\u00e8tres.","robots":{"index":"index","follow":"follow","max-snippet":"max-snippet:-1","max-image-preview":"max-image-preview:large","max-video-preview":"max-video-preview:-1"},"canonical":"https:\/\/dicodusport.fr\/blog\/tour-ditalie-2023-ben-healy-gagne-la-8eme-etape-roglic-grappille-sur-evenepoel\/","og_locale":"fr_FR","og_type":"article","og_title":"Tour d\u2019Italie 2023 : Ben Healy gagne la 8\u00e8me \u00e9tape, Roglic grappille sur Evenepoel","og_description":"TOUR D'ITALIE 2023 - Ben Healy (EF Education EasyPost) s'est impos\u00e9 sur la huiti\u00e8me \u00e9tape \u00e0 Fossombrone apr\u00e8s 207 kilom\u00e8tres.","og_url":"https:\/\/dicodusport.fr\/blog\/tour-ditalie-2023-ben-healy-gagne-la-8eme-etape-roglic-grappille-sur-evenepoel\/","og_site_name":"Dicodusport","article_publisher":"https:\/\/www.facebook.com\/dicodusport","article_author":"https:\/\/www.facebook.com\/groups\/LesRoisDuPeloton","article_published_time":"2023-05-13T15:03:43+00:00","article_modified_time":"2023-05-13T15:45:15+00:00","og_image":[{"width":800,"height":445,"url":"https:\/\/dicodusport.fr\/blog\/wp-content\/uploads\/2023\/05\/Tour-dItalie-2023-Ben-Healy-gagne-la-8eme-etape-Roglic-grappille-sur-Evenepoel.png","type":"image\/png"}],"author":"Emilien Descampiaux","twitter_card":"summary_large_image","twitter_title":"Tour d\u2019Italie 2023 : Ben Healy gagne la 8\u00e8me \u00e9tape, Roglic grappille sur Evenepoel","twitter_creator":"@https:\/\/twitter.com\/LRoisDuPeloton","twitter_site":"@dicodusport","schema":{"@context":"https:\/\/schema.org","@graph":[{"@type":"NewsArticle","@id":"https:\/\/dicodusport.fr\/blog\/tour-ditalie-2023-ben-healy-gagne-la-8eme-etape-roglic-grappille-sur-evenepoel\/#article","isPartOf":{"@id":"https:\/\/dicodusport.fr\/blog\/tour-ditalie-2023-ben-healy-gagne-la-8eme-etape-roglic-grappille-sur-evenepoel\/"},"author":{"name":"Emilien Descampiaux","@id":"https:\/\/dicodusport.fr\/blog\/#\/schema\/person\/6db4bae06b171592211be385b32876a7"},"headline":"Tour d\u2019Italie 2023 : Ben Healy gagne la 8\u00e8me \u00e9tape, Roglic grappille sur Evenepoel","datePublished":"2023-05-13T15:03:43+00:00","dateModified":"2023-05-13T15:45:15+00:00","mainEntityOfPage":{"@id":"https:\/\/dicodusport.fr\/blog\/tour-ditalie-2023-ben-healy-gagne-la-8eme-etape-roglic-grappille-sur-evenepoel\/"},"wordCount":612,"commentCount":0,"publisher":{"@id":"https:\/\/dicodusport.fr\/blog\/#organization"},"image":{"@id":"https:\/\/dicodusport.fr\/blog\/tour-ditalie-2023-ben-healy-gagne-la-8eme-etape-roglic-grappille-sur-evenepoel\/#primaryimage"},"thumbnailUrl":"https:\/\/dicodusport.fr\/blog\/wp-content\/uploads\/2023\/05\/Tour-dItalie-2023-Ben-Healy-gagne-la-8eme-etape-Roglic-grappille-sur-Evenepoel.png","keywords":["Actualit\u00e9 Cyclisme","br\u00e8ve","sport"],"articleSection":["Tour d'Italie"],"inLanguage":"fr-FR","potentialAction":[{"@type":"CommentAction","name":"Comment","target":["https:\/\/dicodusport.fr\/blog\/tour-ditalie-2023-ben-healy-gagne-la-8eme-etape-roglic-grappille-sur-evenepoel\/#respond"]}],"copyrightYear":"2023","copyrightHolder":{"@id":"https:\/\/dicodusport.fr\/blog\/#organization"}},{"@type":"WebPage","@id":"https:\/\/dicodusport.fr\/blog\/tour-ditalie-2023-ben-healy-gagne-la-8eme-etape-roglic-grappille-sur-evenepoel\/","url":"https:\/\/dicodusport.fr\/blog\/tour-ditalie-2023-ben-healy-gagne-la-8eme-etape-roglic-grappille-sur-evenepoel\/","name":"Tour d\u2019Italie 2023 : Ben Healy gagne la 8\u00e8me \u00e9tape, Roglic grappille sur Evenepoel","isPartOf":{"@id":"https:\/\/dicodusport.fr\/blog\/#website"},"primaryImageOfPage":{"@id":"https:\/\/dicodusport.fr\/blog\/tour-ditalie-2023-ben-healy-gagne-la-8eme-etape-roglic-grappille-sur-evenepoel\/#primaryimage"},"image":{"@id":"https:\/\/dicodusport.fr\/blog\/tour-ditalie-2023-ben-healy-gagne-la-8eme-etape-roglic-grappille-sur-evenepoel\/#primaryimage"},"thumbnailUrl":"https:\/\/dicodusport.fr\/blog\/wp-content\/uploads\/2023\/05\/Tour-dItalie-2023-Ben-Healy-gagne-la-8eme-etape-Roglic-grappille-sur-Evenepoel.png","datePublished":"2023-05-13T15:03:43+00:00","dateModified":"2023-05-13T15:45:15+00:00","description":"TOUR D'ITALIE 2023 - Ben Healy (EF Education EasyPost) s'est impos\u00e9 sur la huiti\u00e8me \u00e9tape \u00e0 Fossombrone apr\u00e8s 207 kilom\u00e8tres.","breadcrumb":{"@id":"https:\/\/dicodusport.fr\/blog\/tour-ditalie-2023-ben-healy-gagne-la-8eme-etape-roglic-grappille-sur-evenepoel\/#breadcrumb"},"inLanguage":"fr-FR","potentialAction":[{"@type":"ReadAction","target":["https:\/\/dicodusport.fr\/blog\/tour-ditalie-2023-ben-healy-gagne-la-8eme-etape-roglic-grappille-sur-evenepoel\/"]}]},{"@type":"ImageObject","inLanguage":"fr-FR","@id":"https:\/\/dicodusport.fr\/blog\/tour-ditalie-2023-ben-healy-gagne-la-8eme-etape-roglic-grappille-sur-evenepoel\/#primaryimage","url":"https:\/\/dicodusport.fr\/blog\/wp-content\/uploads\/2023\/05\/Tour-dItalie-2023-Ben-Healy-gagne-la-8eme-etape-Roglic-grappille-sur-Evenepoel.png","contentUrl":"https:\/\/dicodusport.fr\/blog\/wp-content\/uploads\/2023\/05\/Tour-dItalie-2023-Ben-Healy-gagne-la-8eme-etape-Roglic-grappille-sur-Evenepoel.png","width":800,"height":445,"caption":"Tour d\u2019Italie 2023 - Ben Healy gagne la 8\u00e8me \u00e9tape - Photo RCS\/Giro d'Italia"},{"@type":"BreadcrumbList","@id":"https:\/\/dicodusport.fr\/blog\/tour-ditalie-2023-ben-healy-gagne-la-8eme-etape-roglic-grappille-sur-evenepoel\/#breadcrumb","itemListElement":[{"@type":"ListItem","position":1,"name":"Accueil","item":"https:\/\/dicodusport.fr\/blog\/"},{"@type":"ListItem","position":2,"name":"Tour d\u2019Italie 2023 : Ben Healy gagne la 8\u00e8me \u00e9tape, Roglic grappille sur Evenepoel"}]},{"@type":"WebSite","@id":"https:\/\/dicodusport.fr\/blog\/#website","url":"https:\/\/dicodusport.fr\/blog\/","name":"Dicodusport","description":"L&#039;encyclop\u00e9die de l&#039;actualit\u00e9 sportive","publisher":{"@id":"https:\/\/dicodusport.fr\/blog\/#organization"},"potentialAction":[{"@type":"SearchAction","target":{"@type":"EntryPoint","urlTemplate":"https:\/\/dicodusport.fr\/blog\/?s={search_term_string}"},"query-input":{"@type":"PropertyValueSpecification","valueRequired":true,"valueName":"search_term_string"}}],"inLanguage":"fr-FR"},{"@type":"NewsMediaOrganization","@id":"https:\/\/dicodusport.fr\/blog\/#organization","name":"Dicodusport","url":"https:\/\/dicodusport.fr\/blog\/","logo":{"@type":"ImageObject","inLanguage":"fr-FR","@id":"https:\/\/dicodusport.fr\/blog\/#\/schema\/logo\/image\/","url":"https:\/\/dicodusport.fr\/blog\/wp-content\/uploads\/2020\/06\/cropped-LOGO-DICODUSPORT-2020-SANS-FOND-SANS-TEXTE.png","contentUrl":"https:\/\/dicodusport.fr\/blog\/wp-content\/uploads\/2020\/06\/cropped-LOGO-DICODUSPORT-2020-SANS-FOND-SANS-TEXTE.png","width":512,"height":512,"caption":"Dicodusport"},"image":{"@id":"https:\/\/dicodusport.fr\/blog\/#\/schema\/logo\/image\/"},"sameAs":["https:\/\/www.facebook.com\/dicodusport","https:\/\/x.com\/dicodusport","https:\/\/www.instagram.com\/dicodusport\/","https:\/\/www.youtube.com\/channel\/UC7V2KZ5sd3htJivAbA4ZG3w"],"description":"Dicodusport est l'encyclop\u00e9die de l'actualit\u00e9 sportive.","email":"bonjour@dicodusport.fr","legalName":"DICODUSPORT","foundingDate":"2018-01-14","vatID":"FR71834470973","taxID":"83447097300043","numberOfEmployees":{"@type":"QuantitativeValue","minValue":"1","maxValue":"10"}},{"@type":"Person","@id":"https:\/\/dicodusport.fr\/blog\/#\/schema\/person\/6db4bae06b171592211be385b32876a7","name":"Emilien Descampiaux","image":{"@type":"ImageObject","inLanguage":"fr-FR","@id":"https:\/\/dicodusport.fr\/blog\/#\/schema\/person\/image\/","url":"https:\/\/dicodusport.fr\/blog\/wp-content\/uploads\/2021\/05\/Emilien-Descampiaux-150x150.jpg","contentUrl":"https:\/\/dicodusport.fr\/blog\/wp-content\/uploads\/2021\/05\/Emilien-Descampiaux-150x150.jpg","caption":"Emilien Descampiaux"},"description":"Journaliste\/r\u00e9dacteur depuis 2014 - Fan de la classe de Frank Vandenbroucke, je vis cyclisme (et de ses paysages) depuis plus de 20 ans. Je suis tr\u00e8s impliqu\u00e9 sur mes diff\u00e9rents r\u00e9seaux sociaux pour partager ma passion sur le monde et l'Histoire de la bicyclette avec ma voix sur les images en noir et blanc du succ\u00e8s de Rik Van Steenbergen lors du Ronde sur le V\u00e9lodrome de Gand.","sameAs":["https:\/\/www.facebook.com\/groups\/LesRoisDuPeloton","https:\/\/x.com\/https:\/\/twitter.com\/LRoisDuPeloton"],"url":"https:\/\/dicodusport.fr\/blog\/author\/emiliend\/"}]}},"_links":{"self":[{"href":"https:\/\/dicodusport.fr\/blog\/wp-json\/wp\/v2\/posts\/381820","targetHints":{"allow":["GET"]}}],"collection":[{"href":"https:\/\/dicodusport.fr\/blog\/wp-json\/wp\/v2\/posts"}],"about":[{"href":"https:\/\/dicodusport.fr\/blog\/wp-json\/wp\/v2\/types\/post"}],"author":[{"embeddable":true,"href":"https:\/\/dicodusport.fr\/blog\/wp-json\/wp\/v2\/users\/48"}],"replies":[{"embeddable":true,"href":"https:\/\/dicodusport.fr\/blog\/wp-json\/wp\/v2\/comments?post=381820"}],"version-history":[{"count":0,"href":"https:\/\/dicodusport.fr\/blog\/wp-json\/wp\/v2\/posts\/381820\/revisions"}],"wp:featuredmedia":[{"embeddable":true,"href":"https:\/\/dicodusport.fr\/blog\/wp-json\/wp\/v2\/media\/381861"}],"wp:attachment":[{"href":"https:\/\/dicodusport.fr\/blog\/wp-json\/wp\/v2\/media?parent=381820"}],"wp:term":[{"taxonomy":"category","embeddable":true,"href":"https:\/\/dicodusport.fr\/blog\/wp-json\/wp\/v2\/categories?post=381820"},{"taxonomy":"post_tag","embeddable":true,"href":"https:\/\/dicodusport.fr\/blog\/wp-json\/wp\/v2\/tags?post=381820"}],"curies":[{"name":"wp","href":"https:\/\/api.w.org\/{rel}","templated":true}]}}