{"id":38211,"date":"2019-05-01T15:00:08","date_gmt":"2019-05-01T13:00:08","guid":{"rendered":"http:\/\/dicodusport.fr\/blog\/?p=38211"},"modified":"2019-06-05T19:16:16","modified_gmt":"2019-06-05T17:16:16","slug":"ligue-1-transferts-quel-mercato-estival-pour-l-ol","status":"publish","type":"post","link":"https:\/\/dicodusport.fr\/blog\/ligue-1-transferts-quel-mercato-estival-pour-l-ol\/","title":{"rendered":"Ligue 1 &#8211; Transferts : quel mercato estival pour l&rsquo;OL ?"},"content":{"rendered":"<p style=\"text-align: justify;\"><strong><em>Actuellement 3\u00e8me de <a href=\"https:\/\/www.lfp.fr\/ligue1\" target=\"_blank\" rel=\"noopener\">Ligue 1<\/a> et auteur de performances tr\u00e8s nuanc\u00e9es (victoires contre Manchester City et le PSG, mais deux d\u00e9faites \u00e0 domicile d\u00e9but avril contre Rennes et Dijon), l&rsquo;<a href=\"https:\/\/www.ol.fr\/fr-FR\/prehome\" target=\"_blank\" rel=\"noopener\">OL<\/a> a prouv\u00e9 ses forces et faiblesses tout au long de la saison. Mais l&rsquo;\u00e9t\u00e9 risque d&rsquo;\u00eatre difficile \u00e0 bien des \u00e9gards.<br \/>\n<\/em><\/strong><\/p>\n<h1 style=\"text-align: justify;\">L&rsquo;apr\u00e8s G\u00e9n\u00e9sio<\/h1>\n<p style=\"text-align: justify;\">La rumeur <strong>Juninho <\/strong>n&rsquo;en est plus une. L&rsquo;ancien joueur des Gones a \u00e9t\u00e9 officiellement pr\u00e9sent\u00e9 ce mardi 28 mai et occupera donc le r\u00f4le de directeur sportif. Mais <em>Juni<\/em> n&rsquo;est pas arriv\u00e9 seul, puisque <strong>Sylvinho<\/strong> a \u00e9t\u00e9 nomm\u00e9 entra\u00eeneur. Le duo br\u00e9silien a du pain sur la planche.<\/p>\n<h1 style=\"text-align: justify;\">Faire face \u00e0 une vague de d\u00e9parts<\/h1>\n<p style=\"text-align: justify;\">Malheureusement, le club va devoir faire face \u00e0 de nombreux d\u00e9parts. Nabil Fekir, Ferland Mendy, Memphis Depay, Tanguy Ndombele, Marcelo ou Maxwell Cornet, certains cadres risquent de plier bagages d\u00e8s cet \u00e9t\u00e9, laissant ainsi un gros vide dans l&rsquo;effectif rhodanien. Derri\u00e8re, il faudra aussi s&rsquo;attendre aux d\u00e9parts d&rsquo;un d\u00e9fenseur droit, Rafael en particulier, de Marcelo et de Morel (fin de contrat) au centre.<\/p>\n<p style=\"text-align: justify;\">Pour pallier tous ces d\u00e9parts, quelques noms sont \u00e9voqu\u00e9s, notamment pour le milieu de terrain. On parle de joueurs de Ligue 1, comme <strong>Valentin Rongier (FC Nantes)<\/strong> et <strong>Adrien Tameze (OGC Nice)<\/strong>, mais des pistes sont \u00e9galement \u00e0 l&rsquo;\u00e9tude \u00e0 l&rsquo;\u00e9tranger. Mais l&rsquo;OL peut aussi compter sur son centre de formation : <strong>Rayan Cherki<\/strong>, 15 ans et convoit\u00e9 par le Real Madrid (rien que \u00e7a), pourrait \u00eatre la prochaine star lyonnaise. En attaque, l&rsquo;Angevin <strong>Flavien Tait<\/strong>, auteur d&rsquo;une bonne saison, est aussi surveill\u00e9.<\/p>\n<p style=\"text-align: justify;\"><strong>Ferland Mendy<\/strong> va bien partir. Annonc\u00e9 du c\u00f4t\u00e9 du Real Madrid depuis plusieurs semaines, la<em> Maison Blanche<\/em> aurait envoy\u00e9 un m\u00e9decin \u00e0 Clairefontaine, lieu de rassemblement de l\u2019\u00e9quipe de France, pour faire passer la visite m\u00e9dicale au lat\u00e9ral gauche de l\u2019Olympique Lyonnais. La nouvelle de son d\u00e9part sera act\u00e9e dans les jours qui arrivent. Pour le remplacer,\u00a0l\u2019OL surveillerait la situation de <strong>Kieran Tierney<\/strong>. Sous contrat avec le Celtic FC jusqu\u2019en 2023, le joueur \u00e2g\u00e9 de 22 ans serait \u00e9galement dans le viseur d\u2019Arsenal.<\/p>\n<p style=\"text-align: justify;\">Mais la recrue star pourrait bien arriver d&rsquo;un club quart de finaliste de la Ligue des Champions.\u00a0En effet, le d\u00e9fenseur <strong>Eric Bailly (Manchester United)<\/strong>, bless\u00e9 et surtout plus vraiment titulaire dans l&rsquo;effectif mancunien, est approch\u00e9 depuis quelques semaines et une offre de 25 millions d&rsquo;euros aurait m\u00eame \u00e9t\u00e9 formul\u00e9e.\u00a0Auteur d&rsquo;une saison prometteuse du c\u00f4t\u00e9 de Guingamp\u00a0avec au compteur 13 buts en 37 matchs, le jeune attaquant de 21 ans <strong>Marcus Thuram<\/strong> n&rsquo;aura pas pu emp\u00eacher la descente de son \u00e9quipe.\u00a0Aujourd&rsquo;hui, alors qu&rsquo;il ne lui reste qu&rsquo;un an de contrat, l&rsquo;EA Guingamp sera dans l&rsquo;impossibilit\u00e9 de conserver son joueur dans la division inf\u00e9rieure\u00a0mais ne le l\u00e2chera que contre une jolie offre. L&rsquo;OL qui est int\u00e9ress\u00e9 depuis plusieurs mois d\u00e9j\u00e0\u00a0sait d\u00e9sormais \u00e0 quoi s&rsquo;en tenir.<\/p>\n<p style=\"text-align: justify;\">Arriv\u00e9 en fin de mercato estival 2018 du Celtic Glasgow pour 22 millions d&rsquo;euros, <strong>Moussa Dembele<\/strong> pourrait d\u00e9j\u00e0 s&rsquo;envoler vers une autre destination. Entre Arsenal, Manchester United et l&rsquo;Atletico Madrid, la bataille risque d&rsquo;\u00eatre rude. Auteur d&rsquo;une belle saison, Jean-Michel Aulas ne souhaite pas s&rsquo;en s\u00e9parer. Mais une proposition autour des 50 millions d&rsquo;euros pourrait \u00eatre synonyme de r\u00e9flexion de la part des dirigeants lyonnais. Ici aussi, l&rsquo;affaire est \u00e0 suivre.<\/p>\n<div id=\"attachment_32879\" style=\"width: 1034px\" class=\"wp-caption aligncenter\"><img loading=\"lazy\" decoding=\"async\" aria-describedby=\"caption-attachment-32879\" class=\"wp-image-32879 size-full\" src=\"http:\/\/dicodusport.fr\/blog\/wp-content\/uploads\/2019\/02\/Bruno-Genesio.jpg\" alt=\"\" width=\"1024\" height=\"682\" srcset=\"https:\/\/dicodusport.fr\/blog\/wp-content\/uploads\/2019\/02\/Bruno-Genesio.jpg 1024w, https:\/\/dicodusport.fr\/blog\/wp-content\/uploads\/2019\/02\/Bruno-Genesio-300x200.jpg 300w, https:\/\/dicodusport.fr\/blog\/wp-content\/uploads\/2019\/02\/Bruno-Genesio-768x512.jpg 768w\" sizes=\"auto, (max-width: 1024px) 100vw, 1024px\" \/><p id=\"caption-attachment-32879\" class=\"wp-caption-text\">Bruno Genesio &#8211; AFP<\/p><\/div>\n<p style=\"text-align: justify;\"><strong><em>Maxime Giralt<br \/>\n<a href=\"https:\/\/www.facebook.com\/Max11me\" target=\"_blank\" rel=\"noopener\"><img loading=\"lazy\" decoding=\"async\" class=\"alignnone wp-image-2909\" src=\"http:\/\/dicodusport.fr\/blog\/wp-content\/uploads\/2017\/07\/logo-facebook.png\" alt=\"\" width=\"38\" height=\"38\" \/><\/a><\/em><\/strong><a href=\"https:\/\/l.facebook.com\/l.php?u=https%3A%2F%2Fwww.linkedin.com%2Fin%2Fmaxime-giralt-1461a917b%2F%3Ffbclid%3DIwAR2o5nEQF1MbwOxhcZA53vciCrvhvHic9QZkhVnMl6B-BY_Hnj32ZE--uew&amp;h=AT0LoCNeRcbrBR7e8K1V93ja3oJ6Y-mNjmtrSMMYYjgplVOS3HK2KUlvJOSwWegSKG3Oe3hzQbAIm94g7G6qYCFYQQWPI1BS9WhzZoe-sPpYMw4rBaFo2prjau_nWQ-RyZQ\" target=\"_blank\" rel=\"noopener\"><img loading=\"lazy\" decoding=\"async\" class=\"alignnone wp-image-3711\" src=\"http:\/\/dicodusport.fr\/blog\/wp-content\/uploads\/2017\/08\/signature-linkedin.png\" alt=\"\" width=\"38\" height=\"38\" srcset=\"https:\/\/dicodusport.fr\/blog\/wp-content\/uploads\/2017\/08\/signature-linkedin.png 295w, https:\/\/dicodusport.fr\/blog\/wp-content\/uploads\/2017\/08\/signature-linkedin-150x150.png 150w\" sizes=\"auto, (max-width: 38px) 100vw, 38px\" \/><\/a><\/p>\n","protected":false},"excerpt":{"rendered":"<p>Actuellement 3\u00e8me de Ligue 1 et auteur de performances tr\u00e8s nuanc\u00e9es (victoires contre Manchester City et le PSG, mais deux d\u00e9faites \u00e0 domicile d\u00e9but avril contre Rennes et Dijon), l&rsquo;OL a prouv\u00e9 ses forces et faiblesses tout au long de la saison. Mais l&rsquo;\u00e9t\u00e9 risque d&rsquo;\u00eatre difficile \u00e0 bien des \u00e9gards.<\/p>\n","protected":false},"author":38,"featured_media":38241,"comment_status":"open","ping_status":"closed","sticky":false,"template":"","format":"standard","meta":{"_acf_changed":false,"_daextam_enable_autolinks":"","footnotes":""},"categories":[2,2301],"tags":[5895,75,6707,2583,5963,3601,5867,2150,1146],"class_list":["post-38211","post","type-post","status-publish","format-standard","has-post-thumbnail","hentry","category-actualites","category-football","tag-bruno-genesio","tag-football","tag-laurent-blanc","tag-memphis-depay","tag-mercato-estival","tag-mercato-foot","tag-mercato-ligue-1","tag-nabil-fekir","tag-olympique-lyonnais"],"acf":[],"yoast_head":"<!-- This site is optimized with the Yoast SEO Premium plugin v26.7 (Yoast SEO v26.7) - https:\/\/yoast.com\/wordpress\/plugins\/seo\/ -->\n<title>Ligue 1 - Transferts : quel mercato estival pour l&#039;OL ?<\/title>\n<meta name=\"description\" content=\"Actuellement 3\u00e8me de Ligue 1, l&#039;OL a prouv\u00e9 ses forces et faiblesses tout au long de la saison. Le mercato estival risque d&#039;\u00eatre agit\u00e9.\" \/>\n<meta name=\"robots\" content=\"index, follow, max-snippet:-1, max-image-preview:large, max-video-preview:-1\" \/>\n<link rel=\"canonical\" href=\"https:\/\/dicodusport.fr\/blog\/ligue-1-transferts-quel-mercato-estival-pour-l-ol\/\" \/>\n<meta property=\"og:locale\" content=\"fr_FR\" \/>\n<meta property=\"og:type\" content=\"article\" \/>\n<meta property=\"og:title\" content=\"Ligue 1 - Transferts : quel mercato estival pour l&#039;OL ?\" \/>\n<meta property=\"og:description\" content=\"Actuellement 3\u00e8me de Ligue 1, l&#039;OL a prouv\u00e9 ses forces et faiblesses tout au long de la saison. Le mercato estival risque d&#039;\u00eatre agit\u00e9.\" \/>\n<meta property=\"og:url\" content=\"https:\/\/dicodusport.fr\/blog\/ligue-1-transferts-quel-mercato-estival-pour-l-ol\/\" \/>\n<meta property=\"og:site_name\" content=\"Dicodusport\" \/>\n<meta property=\"article:publisher\" content=\"https:\/\/www.facebook.com\/dicodusport\" \/>\n<meta property=\"article:published_time\" content=\"2019-05-01T13:00:08+00:00\" \/>\n<meta property=\"article:modified_time\" content=\"2019-06-05T17:16:16+00:00\" \/>\n<meta property=\"og:image\" content=\"https:\/\/dicodusport.fr\/blog\/wp-content\/uploads\/2019\/05\/Mercato-estival-OL-2019.png\" \/>\n\t<meta property=\"og:image:width\" content=\"800\" \/>\n\t<meta property=\"og:image:height\" content=\"445\" \/>\n\t<meta property=\"og:image:type\" content=\"image\/png\" \/>\n<meta name=\"author\" content=\"Maxime Giralt\" \/>\n<meta name=\"twitter:card\" content=\"summary_large_image\" \/>\n<meta name=\"twitter:creator\" content=\"@dicodusport\" \/>\n<meta name=\"twitter:site\" content=\"@dicodusport\" \/>\n<script type=\"application\/ld+json\" class=\"yoast-schema-graph\">{\"@context\":\"https:\/\/schema.org\",\"@graph\":[{\"@type\":\"NewsArticle\",\"@id\":\"https:\/\/dicodusport.fr\/blog\/ligue-1-transferts-quel-mercato-estival-pour-l-ol\/#article\",\"isPartOf\":{\"@id\":\"https:\/\/dicodusport.fr\/blog\/ligue-1-transferts-quel-mercato-estival-pour-l-ol\/\"},\"author\":{\"name\":\"Maxime Giralt\",\"@id\":\"https:\/\/dicodusport.fr\/blog\/#\/schema\/person\/48bad9bec547f458f90c709b91a41248\"},\"headline\":\"Ligue 1 &#8211; Transferts : quel mercato estival pour l&rsquo;OL ?\",\"datePublished\":\"2019-05-01T13:00:08+00:00\",\"dateModified\":\"2019-06-05T17:16:16+00:00\",\"mainEntityOfPage\":{\"@id\":\"https:\/\/dicodusport.fr\/blog\/ligue-1-transferts-quel-mercato-estival-pour-l-ol\/\"},\"wordCount\":615,\"commentCount\":0,\"publisher\":{\"@id\":\"https:\/\/dicodusport.fr\/blog\/#organization\"},\"image\":{\"@id\":\"https:\/\/dicodusport.fr\/blog\/ligue-1-transferts-quel-mercato-estival-pour-l-ol\/#primaryimage\"},\"thumbnailUrl\":\"https:\/\/dicodusport.fr\/blog\/wp-content\/uploads\/2019\/05\/Mercato-estival-OL-2019.png\",\"keywords\":[\"Bruno Genesio\",\"Football\",\"Laurent Blanc\",\"Memphis Depay\",\"mercato estival\",\"mercato foot\",\"Mercato Ligue 1\",\"Nabil Fekir\",\"Olympique lyonnais\"],\"articleSection\":[\"Actualit\u00e9s\",\"Football\"],\"inLanguage\":\"fr-FR\",\"potentialAction\":[{\"@type\":\"CommentAction\",\"name\":\"Comment\",\"target\":[\"https:\/\/dicodusport.fr\/blog\/ligue-1-transferts-quel-mercato-estival-pour-l-ol\/#respond\"]}],\"copyrightYear\":\"2019\",\"copyrightHolder\":{\"@id\":\"https:\/\/dicodusport.fr\/blog\/#organization\"}},{\"@type\":\"WebPage\",\"@id\":\"https:\/\/dicodusport.fr\/blog\/ligue-1-transferts-quel-mercato-estival-pour-l-ol\/\",\"url\":\"https:\/\/dicodusport.fr\/blog\/ligue-1-transferts-quel-mercato-estival-pour-l-ol\/\",\"name\":\"Ligue 1 - Transferts : quel mercato estival pour l'OL ?\",\"isPartOf\":{\"@id\":\"https:\/\/dicodusport.fr\/blog\/#website\"},\"primaryImageOfPage\":{\"@id\":\"https:\/\/dicodusport.fr\/blog\/ligue-1-transferts-quel-mercato-estival-pour-l-ol\/#primaryimage\"},\"image\":{\"@id\":\"https:\/\/dicodusport.fr\/blog\/ligue-1-transferts-quel-mercato-estival-pour-l-ol\/#primaryimage\"},\"thumbnailUrl\":\"https:\/\/dicodusport.fr\/blog\/wp-content\/uploads\/2019\/05\/Mercato-estival-OL-2019.png\",\"datePublished\":\"2019-05-01T13:00:08+00:00\",\"dateModified\":\"2019-06-05T17:16:16+00:00\",\"description\":\"Actuellement 3\u00e8me de Ligue 1, l'OL a prouv\u00e9 ses forces et faiblesses tout au long de la saison. Le mercato estival risque d'\u00eatre agit\u00e9.\",\"breadcrumb\":{\"@id\":\"https:\/\/dicodusport.fr\/blog\/ligue-1-transferts-quel-mercato-estival-pour-l-ol\/#breadcrumb\"},\"inLanguage\":\"fr-FR\",\"potentialAction\":[{\"@type\":\"ReadAction\",\"target\":[\"https:\/\/dicodusport.fr\/blog\/ligue-1-transferts-quel-mercato-estival-pour-l-ol\/\"]}]},{\"@type\":\"ImageObject\",\"inLanguage\":\"fr-FR\",\"@id\":\"https:\/\/dicodusport.fr\/blog\/ligue-1-transferts-quel-mercato-estival-pour-l-ol\/#primaryimage\",\"url\":\"https:\/\/dicodusport.fr\/blog\/wp-content\/uploads\/2019\/05\/Mercato-estival-OL-2019.png\",\"contentUrl\":\"https:\/\/dicodusport.fr\/blog\/wp-content\/uploads\/2019\/05\/Mercato-estival-OL-2019.png\",\"width\":800,\"height\":445},{\"@type\":\"BreadcrumbList\",\"@id\":\"https:\/\/dicodusport.fr\/blog\/ligue-1-transferts-quel-mercato-estival-pour-l-ol\/#breadcrumb\",\"itemListElement\":[{\"@type\":\"ListItem\",\"position\":1,\"name\":\"Accueil\",\"item\":\"https:\/\/dicodusport.fr\/blog\/\"},{\"@type\":\"ListItem\",\"position\":2,\"name\":\"Ligue 1 &#8211; Transferts : quel mercato estival pour l&rsquo;OL ?\"}]},{\"@type\":\"WebSite\",\"@id\":\"https:\/\/dicodusport.fr\/blog\/#website\",\"url\":\"https:\/\/dicodusport.fr\/blog\/\",\"name\":\"Dicodusport\",\"description\":\"L&#039;encyclop\u00e9die de l&#039;actualit\u00e9 sportive\",\"publisher\":{\"@id\":\"https:\/\/dicodusport.fr\/blog\/#organization\"},\"potentialAction\":[{\"@type\":\"SearchAction\",\"target\":{\"@type\":\"EntryPoint\",\"urlTemplate\":\"https:\/\/dicodusport.fr\/blog\/?s={search_term_string}\"},\"query-input\":{\"@type\":\"PropertyValueSpecification\",\"valueRequired\":true,\"valueName\":\"search_term_string\"}}],\"inLanguage\":\"fr-FR\"},{\"@type\":\"NewsMediaOrganization\",\"@id\":\"https:\/\/dicodusport.fr\/blog\/#organization\",\"name\":\"Dicodusport\",\"url\":\"https:\/\/dicodusport.fr\/blog\/\",\"logo\":{\"@type\":\"ImageObject\",\"inLanguage\":\"fr-FR\",\"@id\":\"https:\/\/dicodusport.fr\/blog\/#\/schema\/logo\/image\/\",\"url\":\"https:\/\/dicodusport.fr\/blog\/wp-content\/uploads\/2020\/06\/cropped-LOGO-DICODUSPORT-2020-SANS-FOND-SANS-TEXTE.png\",\"contentUrl\":\"https:\/\/dicodusport.fr\/blog\/wp-content\/uploads\/2020\/06\/cropped-LOGO-DICODUSPORT-2020-SANS-FOND-SANS-TEXTE.png\",\"width\":512,\"height\":512,\"caption\":\"Dicodusport\"},\"image\":{\"@id\":\"https:\/\/dicodusport.fr\/blog\/#\/schema\/logo\/image\/\"},\"sameAs\":[\"https:\/\/www.facebook.com\/dicodusport\",\"https:\/\/x.com\/dicodusport\",\"https:\/\/www.instagram.com\/dicodusport\/\",\"https:\/\/www.youtube.com\/channel\/UC7V2KZ5sd3htJivAbA4ZG3w\"],\"description\":\"Dicodusport est l'encyclop\u00e9die de l'actualit\u00e9 sportive.\",\"email\":\"bonjour@dicodusport.fr\",\"legalName\":\"DICODUSPORT\",\"foundingDate\":\"2018-01-14\",\"vatID\":\"FR71834470973\",\"taxID\":\"83447097300043\",\"numberOfEmployees\":{\"@type\":\"QuantitativeValue\",\"minValue\":\"1\",\"maxValue\":\"10\"}},{\"@type\":\"Person\",\"@id\":\"https:\/\/dicodusport.fr\/blog\/#\/schema\/person\/48bad9bec547f458f90c709b91a41248\",\"name\":\"Maxime Giralt\",\"image\":{\"@type\":\"ImageObject\",\"inLanguage\":\"fr-FR\",\"@id\":\"https:\/\/dicodusport.fr\/blog\/#\/schema\/person\/image\/\",\"url\":\"https:\/\/dicodusport.fr\/blog\/wp-content\/uploads\/2017\/01\/logo-dicodusport-sans-fond-150x150.png\",\"contentUrl\":\"https:\/\/dicodusport.fr\/blog\/wp-content\/uploads\/2017\/01\/logo-dicodusport-sans-fond-150x150.png\",\"caption\":\"Maxime Giralt\"},\"url\":\"https:\/\/dicodusport.fr\/blog\/author\/maxime\/\"}]}<\/script>\n<!-- \/ Yoast SEO Premium plugin. -->","yoast_head_json":{"title":"Ligue 1 - Transferts : quel mercato estival pour l'OL ?","description":"Actuellement 3\u00e8me de Ligue 1, l'OL a prouv\u00e9 ses forces et faiblesses tout au long de la saison. Le mercato estival risque d'\u00eatre agit\u00e9.","robots":{"index":"index","follow":"follow","max-snippet":"max-snippet:-1","max-image-preview":"max-image-preview:large","max-video-preview":"max-video-preview:-1"},"canonical":"https:\/\/dicodusport.fr\/blog\/ligue-1-transferts-quel-mercato-estival-pour-l-ol\/","og_locale":"fr_FR","og_type":"article","og_title":"Ligue 1 - Transferts : quel mercato estival pour l'OL ?","og_description":"Actuellement 3\u00e8me de Ligue 1, l'OL a prouv\u00e9 ses forces et faiblesses tout au long de la saison. Le mercato estival risque d'\u00eatre agit\u00e9.","og_url":"https:\/\/dicodusport.fr\/blog\/ligue-1-transferts-quel-mercato-estival-pour-l-ol\/","og_site_name":"Dicodusport","article_publisher":"https:\/\/www.facebook.com\/dicodusport","article_published_time":"2019-05-01T13:00:08+00:00","article_modified_time":"2019-06-05T17:16:16+00:00","og_image":[{"width":800,"height":445,"url":"https:\/\/dicodusport.fr\/blog\/wp-content\/uploads\/2019\/05\/Mercato-estival-OL-2019.png","type":"image\/png"}],"author":"Maxime Giralt","twitter_card":"summary_large_image","twitter_creator":"@dicodusport","twitter_site":"@dicodusport","schema":{"@context":"https:\/\/schema.org","@graph":[{"@type":"NewsArticle","@id":"https:\/\/dicodusport.fr\/blog\/ligue-1-transferts-quel-mercato-estival-pour-l-ol\/#article","isPartOf":{"@id":"https:\/\/dicodusport.fr\/blog\/ligue-1-transferts-quel-mercato-estival-pour-l-ol\/"},"author":{"name":"Maxime Giralt","@id":"https:\/\/dicodusport.fr\/blog\/#\/schema\/person\/48bad9bec547f458f90c709b91a41248"},"headline":"Ligue 1 &#8211; Transferts : quel mercato estival pour l&rsquo;OL ?","datePublished":"2019-05-01T13:00:08+00:00","dateModified":"2019-06-05T17:16:16+00:00","mainEntityOfPage":{"@id":"https:\/\/dicodusport.fr\/blog\/ligue-1-transferts-quel-mercato-estival-pour-l-ol\/"},"wordCount":615,"commentCount":0,"publisher":{"@id":"https:\/\/dicodusport.fr\/blog\/#organization"},"image":{"@id":"https:\/\/dicodusport.fr\/blog\/ligue-1-transferts-quel-mercato-estival-pour-l-ol\/#primaryimage"},"thumbnailUrl":"https:\/\/dicodusport.fr\/blog\/wp-content\/uploads\/2019\/05\/Mercato-estival-OL-2019.png","keywords":["Bruno Genesio","Football","Laurent Blanc","Memphis Depay","mercato estival","mercato foot","Mercato Ligue 1","Nabil Fekir","Olympique lyonnais"],"articleSection":["Actualit\u00e9s","Football"],"inLanguage":"fr-FR","potentialAction":[{"@type":"CommentAction","name":"Comment","target":["https:\/\/dicodusport.fr\/blog\/ligue-1-transferts-quel-mercato-estival-pour-l-ol\/#respond"]}],"copyrightYear":"2019","copyrightHolder":{"@id":"https:\/\/dicodusport.fr\/blog\/#organization"}},{"@type":"WebPage","@id":"https:\/\/dicodusport.fr\/blog\/ligue-1-transferts-quel-mercato-estival-pour-l-ol\/","url":"https:\/\/dicodusport.fr\/blog\/ligue-1-transferts-quel-mercato-estival-pour-l-ol\/","name":"Ligue 1 - Transferts : quel mercato estival pour l'OL ?","isPartOf":{"@id":"https:\/\/dicodusport.fr\/blog\/#website"},"primaryImageOfPage":{"@id":"https:\/\/dicodusport.fr\/blog\/ligue-1-transferts-quel-mercato-estival-pour-l-ol\/#primaryimage"},"image":{"@id":"https:\/\/dicodusport.fr\/blog\/ligue-1-transferts-quel-mercato-estival-pour-l-ol\/#primaryimage"},"thumbnailUrl":"https:\/\/dicodusport.fr\/blog\/wp-content\/uploads\/2019\/05\/Mercato-estival-OL-2019.png","datePublished":"2019-05-01T13:00:08+00:00","dateModified":"2019-06-05T17:16:16+00:00","description":"Actuellement 3\u00e8me de Ligue 1, l'OL a prouv\u00e9 ses forces et faiblesses tout au long de la saison. Le mercato estival risque d'\u00eatre agit\u00e9.","breadcrumb":{"@id":"https:\/\/dicodusport.fr\/blog\/ligue-1-transferts-quel-mercato-estival-pour-l-ol\/#breadcrumb"},"inLanguage":"fr-FR","potentialAction":[{"@type":"ReadAction","target":["https:\/\/dicodusport.fr\/blog\/ligue-1-transferts-quel-mercato-estival-pour-l-ol\/"]}]},{"@type":"ImageObject","inLanguage":"fr-FR","@id":"https:\/\/dicodusport.fr\/blog\/ligue-1-transferts-quel-mercato-estival-pour-l-ol\/#primaryimage","url":"https:\/\/dicodusport.fr\/blog\/wp-content\/uploads\/2019\/05\/Mercato-estival-OL-2019.png","contentUrl":"https:\/\/dicodusport.fr\/blog\/wp-content\/uploads\/2019\/05\/Mercato-estival-OL-2019.png","width":800,"height":445},{"@type":"BreadcrumbList","@id":"https:\/\/dicodusport.fr\/blog\/ligue-1-transferts-quel-mercato-estival-pour-l-ol\/#breadcrumb","itemListElement":[{"@type":"ListItem","position":1,"name":"Accueil","item":"https:\/\/dicodusport.fr\/blog\/"},{"@type":"ListItem","position":2,"name":"Ligue 1 &#8211; Transferts : quel mercato estival pour l&rsquo;OL ?"}]},{"@type":"WebSite","@id":"https:\/\/dicodusport.fr\/blog\/#website","url":"https:\/\/dicodusport.fr\/blog\/","name":"Dicodusport","description":"L&#039;encyclop\u00e9die de l&#039;actualit\u00e9 sportive","publisher":{"@id":"https:\/\/dicodusport.fr\/blog\/#organization"},"potentialAction":[{"@type":"SearchAction","target":{"@type":"EntryPoint","urlTemplate":"https:\/\/dicodusport.fr\/blog\/?s={search_term_string}"},"query-input":{"@type":"PropertyValueSpecification","valueRequired":true,"valueName":"search_term_string"}}],"inLanguage":"fr-FR"},{"@type":"NewsMediaOrganization","@id":"https:\/\/dicodusport.fr\/blog\/#organization","name":"Dicodusport","url":"https:\/\/dicodusport.fr\/blog\/","logo":{"@type":"ImageObject","inLanguage":"fr-FR","@id":"https:\/\/dicodusport.fr\/blog\/#\/schema\/logo\/image\/","url":"https:\/\/dicodusport.fr\/blog\/wp-content\/uploads\/2020\/06\/cropped-LOGO-DICODUSPORT-2020-SANS-FOND-SANS-TEXTE.png","contentUrl":"https:\/\/dicodusport.fr\/blog\/wp-content\/uploads\/2020\/06\/cropped-LOGO-DICODUSPORT-2020-SANS-FOND-SANS-TEXTE.png","width":512,"height":512,"caption":"Dicodusport"},"image":{"@id":"https:\/\/dicodusport.fr\/blog\/#\/schema\/logo\/image\/"},"sameAs":["https:\/\/www.facebook.com\/dicodusport","https:\/\/x.com\/dicodusport","https:\/\/www.instagram.com\/dicodusport\/","https:\/\/www.youtube.com\/channel\/UC7V2KZ5sd3htJivAbA4ZG3w"],"description":"Dicodusport est l'encyclop\u00e9die de l'actualit\u00e9 sportive.","email":"bonjour@dicodusport.fr","legalName":"DICODUSPORT","foundingDate":"2018-01-14","vatID":"FR71834470973","taxID":"83447097300043","numberOfEmployees":{"@type":"QuantitativeValue","minValue":"1","maxValue":"10"}},{"@type":"Person","@id":"https:\/\/dicodusport.fr\/blog\/#\/schema\/person\/48bad9bec547f458f90c709b91a41248","name":"Maxime Giralt","image":{"@type":"ImageObject","inLanguage":"fr-FR","@id":"https:\/\/dicodusport.fr\/blog\/#\/schema\/person\/image\/","url":"https:\/\/dicodusport.fr\/blog\/wp-content\/uploads\/2017\/01\/logo-dicodusport-sans-fond-150x150.png","contentUrl":"https:\/\/dicodusport.fr\/blog\/wp-content\/uploads\/2017\/01\/logo-dicodusport-sans-fond-150x150.png","caption":"Maxime Giralt"},"url":"https:\/\/dicodusport.fr\/blog\/author\/maxime\/"}]}},"_links":{"self":[{"href":"https:\/\/dicodusport.fr\/blog\/wp-json\/wp\/v2\/posts\/38211","targetHints":{"allow":["GET"]}}],"collection":[{"href":"https:\/\/dicodusport.fr\/blog\/wp-json\/wp\/v2\/posts"}],"about":[{"href":"https:\/\/dicodusport.fr\/blog\/wp-json\/wp\/v2\/types\/post"}],"author":[{"embeddable":true,"href":"https:\/\/dicodusport.fr\/blog\/wp-json\/wp\/v2\/users\/38"}],"replies":[{"embeddable":true,"href":"https:\/\/dicodusport.fr\/blog\/wp-json\/wp\/v2\/comments?post=38211"}],"version-history":[{"count":0,"href":"https:\/\/dicodusport.fr\/blog\/wp-json\/wp\/v2\/posts\/38211\/revisions"}],"wp:featuredmedia":[{"embeddable":true,"href":"https:\/\/dicodusport.fr\/blog\/wp-json\/wp\/v2\/media\/38241"}],"wp:attachment":[{"href":"https:\/\/dicodusport.fr\/blog\/wp-json\/wp\/v2\/media?parent=38211"}],"wp:term":[{"taxonomy":"category","embeddable":true,"href":"https:\/\/dicodusport.fr\/blog\/wp-json\/wp\/v2\/categories?post=38211"},{"taxonomy":"post_tag","embeddable":true,"href":"https:\/\/dicodusport.fr\/blog\/wp-json\/wp\/v2\/tags?post=38211"}],"curies":[{"name":"wp","href":"https:\/\/api.w.org\/{rel}","templated":true}]}}