{"id":38229,"date":"2019-05-01T12:29:43","date_gmt":"2019-05-01T10:29:43","guid":{"rendered":"http:\/\/dicodusport.fr\/blog\/?p=38229"},"modified":"2019-05-01T13:29:24","modified_gmt":"2019-05-01T11:29:24","slug":"le-maillot-du-team-ineos-devoile","status":"publish","type":"post","link":"https:\/\/dicodusport.fr\/blog\/le-maillot-du-team-ineos-devoile\/","title":{"rendered":"Le maillot du Team Ineos (ex-Sky) d\u00e9voil\u00e9"},"content":{"rendered":"<p style=\"text-align: justify;\"><strong><em>Le <a href=\"https:\/\/twitter.com\/TeamINEOS\" target=\"_blank\" rel=\"noopener\">Team Ineos<\/a>, successeur de la Sky, a d\u00e9voil\u00e9 la nouvelle tunique de l&rsquo;\u00e9quipe emmen\u00e9e par Chris Froome et Geraint Thomas. Un maillot qui sera arbor\u00e9 d\u00e8s demain sur le Tour du Yorkshire.<\/em><\/strong><\/p>\n<p style=\"text-align: justify;\">Alors que le maillot de la Sky \u00e9tait \u00e0 dominante noire en ce d\u00e9but de saison, le Team Ineos arborera d\u00e9sormais une tunique bordeaux (et noire), tout en sobri\u00e9t\u00e9.<\/p>\n<p><span class=\"h6G38m0\"><\/p>\n<blockquote class=\"twitter-tweet\" data-width=\"550\" data-dnt=\"true\">\n<p lang=\"en\" dir=\"ltr\">Our new <a href=\"https:\/\/twitter.com\/TeamINEOS?ref_src=twsrc%5Etfw\">@TeamINEOS<\/a> look, debuting at the Tour de Yorkshire <a href=\"https:\/\/t.co\/bvSdCYduKH\">pic.twitter.com\/bvSdCYduKH<\/a><\/p>\n<p>&mdash; Team INEOS (@TeamINEOS) <a href=\"https:\/\/twitter.com\/TeamINEOS\/status\/1123528314222673920?ref_src=twsrc%5Etfw\">May 1, 2019<\/a><\/p><\/blockquote>\n<p><script async src=\"https:\/\/platform.twitter.com\/widgets.js\" charset=\"utf-8\"><\/script><\/span><\/p>\n<p><strong><em>Dicodusport<br \/>\n<a href=\"https:\/\/www.facebook.com\/dicodusport\/\" target=\"_blank\" rel=\"noopener\"><img loading=\"lazy\" decoding=\"async\" class=\"alignnone wp-image-2909\" src=\"http:\/\/dicodusport.fr\/blog\/wp-content\/uploads\/2017\/07\/logo-facebook-150x150.png\" sizes=\"auto, (max-width: 40px) 100vw, 40px\" srcset=\"https:\/\/dicodusport.fr\/blog\/wp-content\/uploads\/2017\/07\/logo-facebook-150x150.png 150w, https:\/\/dicodusport.fr\/blog\/wp-content\/uploads\/2017\/07\/logo-facebook-300x300.png 300w, https:\/\/dicodusport.fr\/blog\/wp-content\/uploads\/2017\/07\/logo-facebook.png 400w\" alt=\"\" width=\"40\" height=\"40\" \/><\/a><a href=\"https:\/\/twitter.com\/dicodusport\" target=\"_blank\" rel=\"noopener\"><img loading=\"lazy\" decoding=\"async\" class=\"alignnone wp-image-2908\" src=\"http:\/\/dicodusport.fr\/blog\/wp-content\/uploads\/2017\/07\/logo-twitter-150x150.png\" alt=\"\" width=\"39\" height=\"39\" \/><\/a><\/em><\/strong><\/p>\n","protected":false},"excerpt":{"rendered":"<p>Le Team Ineos, successeur de la Sky, a d\u00e9voil\u00e9 la nouvelle tunique de l&rsquo;\u00e9quipe emmen\u00e9e par Chris Froome et Geraint Thomas.<\/p>\n","protected":false},"author":4,"featured_media":33105,"comment_status":"open","ping_status":"closed","sticky":false,"template":"","format":"standard","meta":{"_acf_changed":false,"_daextam_enable_autolinks":"","footnotes":""},"categories":[2,2307],"tags":[574,7579],"class_list":["post-38229","post","type-post","status-publish","format-standard","has-post-thumbnail","hentry","category-actualites","category-cyclisme","tag-cyclisme","tag-ineos"],"acf":[],"yoast_head":"<!-- This site is optimized with the Yoast SEO Premium plugin v26.7 (Yoast SEO v26.7) - https:\/\/yoast.com\/wordpress\/plugins\/seo\/ -->\n<title>Le maillot du Team Ineos (ex-Sky) d\u00e9voil\u00e9<\/title>\n<meta name=\"description\" content=\"Le Team Ineos, successeur de la Sky, a d\u00e9voil\u00e9 la nouvelle tunique de l&#039;\u00e9quipe emmen\u00e9e par Chris Froome et Geraint Thomas.\" \/>\n<meta name=\"robots\" content=\"index, follow, max-snippet:-1, max-image-preview:large, max-video-preview:-1\" \/>\n<link rel=\"canonical\" href=\"https:\/\/dicodusport.fr\/blog\/le-maillot-du-team-ineos-devoile\/\" \/>\n<meta property=\"og:locale\" content=\"fr_FR\" \/>\n<meta property=\"og:type\" content=\"article\" \/>\n<meta property=\"og:title\" content=\"Le maillot du Team Ineos (ex-Sky) d\u00e9voil\u00e9\" \/>\n<meta property=\"og:description\" content=\"Le Team Ineos, successeur de la Sky, a d\u00e9voil\u00e9 la nouvelle tunique de l&#039;\u00e9quipe emmen\u00e9e par Chris Froome et Geraint Thomas.\" \/>\n<meta property=\"og:url\" content=\"https:\/\/dicodusport.fr\/blog\/le-maillot-du-team-ineos-devoile\/\" \/>\n<meta property=\"og:site_name\" content=\"Dicodusport\" \/>\n<meta property=\"article:publisher\" content=\"https:\/\/www.facebook.com\/dicodusport\" \/>\n<meta property=\"article:author\" content=\"https:\/\/www.facebook.com\/florent.ostermann\" \/>\n<meta property=\"article:published_time\" content=\"2019-05-01T10:29:43+00:00\" \/>\n<meta property=\"article:modified_time\" content=\"2019-05-01T11:29:24+00:00\" \/>\n<meta property=\"og:image\" content=\"https:\/\/dicodusport.fr\/blog\/wp-content\/uploads\/2019\/02\/Chris-Froome-JO-Tokyo-2020.png\" \/>\n\t<meta property=\"og:image:width\" content=\"800\" \/>\n\t<meta property=\"og:image:height\" content=\"445\" \/>\n\t<meta property=\"og:image:type\" content=\"image\/png\" \/>\n<meta name=\"author\" content=\"Flo Ostermann\" \/>\n<meta name=\"twitter:card\" content=\"summary_large_image\" \/>\n<meta name=\"twitter:creator\" content=\"@https:\/\/twitter.com\/FlOstermann\" \/>\n<meta name=\"twitter:site\" content=\"@dicodusport\" \/>\n<script type=\"application\/ld+json\" class=\"yoast-schema-graph\">{\"@context\":\"https:\/\/schema.org\",\"@graph\":[{\"@type\":\"NewsArticle\",\"@id\":\"https:\/\/dicodusport.fr\/blog\/le-maillot-du-team-ineos-devoile\/#article\",\"isPartOf\":{\"@id\":\"https:\/\/dicodusport.fr\/blog\/le-maillot-du-team-ineos-devoile\/\"},\"author\":{\"name\":\"Flo Ostermann\",\"@id\":\"https:\/\/dicodusport.fr\/blog\/#\/schema\/person\/cb02af4c173ce4a653b55e9baf388d4a\"},\"headline\":\"Le maillot du Team Ineos (ex-Sky) d\u00e9voil\u00e9\",\"datePublished\":\"2019-05-01T10:29:43+00:00\",\"dateModified\":\"2019-05-01T11:29:24+00:00\",\"mainEntityOfPage\":{\"@id\":\"https:\/\/dicodusport.fr\/blog\/le-maillot-du-team-ineos-devoile\/\"},\"wordCount\":82,\"commentCount\":0,\"publisher\":{\"@id\":\"https:\/\/dicodusport.fr\/blog\/#organization\"},\"image\":{\"@id\":\"https:\/\/dicodusport.fr\/blog\/le-maillot-du-team-ineos-devoile\/#primaryimage\"},\"thumbnailUrl\":\"https:\/\/dicodusport.fr\/blog\/wp-content\/uploads\/2019\/02\/Chris-Froome-JO-Tokyo-2020.png\",\"keywords\":[\"Cyclisme\",\"Ineos\"],\"articleSection\":[\"Actualit\u00e9s\",\"Cyclisme\"],\"inLanguage\":\"fr-FR\",\"potentialAction\":[{\"@type\":\"CommentAction\",\"name\":\"Comment\",\"target\":[\"https:\/\/dicodusport.fr\/blog\/le-maillot-du-team-ineos-devoile\/#respond\"]}],\"copyrightYear\":\"2019\",\"copyrightHolder\":{\"@id\":\"https:\/\/dicodusport.fr\/blog\/#organization\"}},{\"@type\":\"WebPage\",\"@id\":\"https:\/\/dicodusport.fr\/blog\/le-maillot-du-team-ineos-devoile\/\",\"url\":\"https:\/\/dicodusport.fr\/blog\/le-maillot-du-team-ineos-devoile\/\",\"name\":\"Le maillot du Team Ineos (ex-Sky) d\u00e9voil\u00e9\",\"isPartOf\":{\"@id\":\"https:\/\/dicodusport.fr\/blog\/#website\"},\"primaryImageOfPage\":{\"@id\":\"https:\/\/dicodusport.fr\/blog\/le-maillot-du-team-ineos-devoile\/#primaryimage\"},\"image\":{\"@id\":\"https:\/\/dicodusport.fr\/blog\/le-maillot-du-team-ineos-devoile\/#primaryimage\"},\"thumbnailUrl\":\"https:\/\/dicodusport.fr\/blog\/wp-content\/uploads\/2019\/02\/Chris-Froome-JO-Tokyo-2020.png\",\"datePublished\":\"2019-05-01T10:29:43+00:00\",\"dateModified\":\"2019-05-01T11:29:24+00:00\",\"description\":\"Le Team Ineos, successeur de la Sky, a d\u00e9voil\u00e9 la nouvelle tunique de l'\u00e9quipe emmen\u00e9e par Chris Froome et Geraint Thomas.\",\"breadcrumb\":{\"@id\":\"https:\/\/dicodusport.fr\/blog\/le-maillot-du-team-ineos-devoile\/#breadcrumb\"},\"inLanguage\":\"fr-FR\",\"potentialAction\":[{\"@type\":\"ReadAction\",\"target\":[\"https:\/\/dicodusport.fr\/blog\/le-maillot-du-team-ineos-devoile\/\"]}]},{\"@type\":\"ImageObject\",\"inLanguage\":\"fr-FR\",\"@id\":\"https:\/\/dicodusport.fr\/blog\/le-maillot-du-team-ineos-devoile\/#primaryimage\",\"url\":\"https:\/\/dicodusport.fr\/blog\/wp-content\/uploads\/2019\/02\/Chris-Froome-JO-Tokyo-2020.png\",\"contentUrl\":\"https:\/\/dicodusport.fr\/blog\/wp-content\/uploads\/2019\/02\/Chris-Froome-JO-Tokyo-2020.png\",\"width\":800,\"height\":445},{\"@type\":\"BreadcrumbList\",\"@id\":\"https:\/\/dicodusport.fr\/blog\/le-maillot-du-team-ineos-devoile\/#breadcrumb\",\"itemListElement\":[{\"@type\":\"ListItem\",\"position\":1,\"name\":\"Accueil\",\"item\":\"https:\/\/dicodusport.fr\/blog\/\"},{\"@type\":\"ListItem\",\"position\":2,\"name\":\"Le maillot du Team Ineos (ex-Sky) d\u00e9voil\u00e9\"}]},{\"@type\":\"WebSite\",\"@id\":\"https:\/\/dicodusport.fr\/blog\/#website\",\"url\":\"https:\/\/dicodusport.fr\/blog\/\",\"name\":\"Dicodusport\",\"description\":\"L&#039;encyclop\u00e9die de l&#039;actualit\u00e9 sportive\",\"publisher\":{\"@id\":\"https:\/\/dicodusport.fr\/blog\/#organization\"},\"potentialAction\":[{\"@type\":\"SearchAction\",\"target\":{\"@type\":\"EntryPoint\",\"urlTemplate\":\"https:\/\/dicodusport.fr\/blog\/?s={search_term_string}\"},\"query-input\":{\"@type\":\"PropertyValueSpecification\",\"valueRequired\":true,\"valueName\":\"search_term_string\"}}],\"inLanguage\":\"fr-FR\"},{\"@type\":\"NewsMediaOrganization\",\"@id\":\"https:\/\/dicodusport.fr\/blog\/#organization\",\"name\":\"Dicodusport\",\"url\":\"https:\/\/dicodusport.fr\/blog\/\",\"logo\":{\"@type\":\"ImageObject\",\"inLanguage\":\"fr-FR\",\"@id\":\"https:\/\/dicodusport.fr\/blog\/#\/schema\/logo\/image\/\",\"url\":\"https:\/\/dicodusport.fr\/blog\/wp-content\/uploads\/2020\/06\/cropped-LOGO-DICODUSPORT-2020-SANS-FOND-SANS-TEXTE.png\",\"contentUrl\":\"https:\/\/dicodusport.fr\/blog\/wp-content\/uploads\/2020\/06\/cropped-LOGO-DICODUSPORT-2020-SANS-FOND-SANS-TEXTE.png\",\"width\":512,\"height\":512,\"caption\":\"Dicodusport\"},\"image\":{\"@id\":\"https:\/\/dicodusport.fr\/blog\/#\/schema\/logo\/image\/\"},\"sameAs\":[\"https:\/\/www.facebook.com\/dicodusport\",\"https:\/\/x.com\/dicodusport\",\"https:\/\/www.instagram.com\/dicodusport\/\",\"https:\/\/www.youtube.com\/channel\/UC7V2KZ5sd3htJivAbA4ZG3w\"],\"description\":\"Dicodusport est l'encyclop\u00e9die de l'actualit\u00e9 sportive.\",\"email\":\"bonjour@dicodusport.fr\",\"legalName\":\"DICODUSPORT\",\"foundingDate\":\"2018-01-14\",\"vatID\":\"FR71834470973\",\"taxID\":\"83447097300043\",\"numberOfEmployees\":{\"@type\":\"QuantitativeValue\",\"minValue\":\"1\",\"maxValue\":\"10\"}},{\"@type\":\"Person\",\"@id\":\"https:\/\/dicodusport.fr\/blog\/#\/schema\/person\/cb02af4c173ce4a653b55e9baf388d4a\",\"name\":\"Flo Ostermann\",\"image\":{\"@type\":\"ImageObject\",\"inLanguage\":\"fr-FR\",\"@id\":\"https:\/\/dicodusport.fr\/blog\/#\/schema\/person\/image\/\",\"url\":\"https:\/\/dicodusport.fr\/blog\/wp-content\/uploads\/2021\/05\/Flo-Ostermann-150x150.jpg\",\"contentUrl\":\"https:\/\/dicodusport.fr\/blog\/wp-content\/uploads\/2021\/05\/Flo-Ostermann-150x150.jpg\",\"caption\":\"Flo Ostermann\"},\"description\":\"Journaliste\/R\u00e9dacteur depuis septembre 2015 - Mes premiers souvenirs dans le sport ? Les envol\u00e9es du Stade Toulousain et les duels Villeneuve-Schumacher et H\u00e4kkinen-Schumacher \u00e0 la fin des ann\u00e9es 90, la Coupe du monde de football en 1998, l\u2019exploit du XV de France face aux All Blacks en 1999, mais aussi Richard C\u0153ur de Lion qui vole sur les montagnes du Tour de France. Bien parti pour devenir professeur d\u2019EPS, les \u00e9v\u00e9nements de la vie (et la flemme d\u2019animer des s\u00e9ances de 3x500 m\u00e8tres toute ma vie) m\u2019ont conduit \u00e0 revoir mes plans. Me voil\u00e0 depuis fin 2017 sur Dicodusport, m\u00e9dia gr\u00e2ce (et pour) lequel je partage ma passion : le sport dans tous ses \u00e9tats. Le tout accompagn\u00e9 par les fous furieux et folles furieuses cit\u00e9s sur cette page !\",\"sameAs\":[\"https:\/\/www.facebook.com\/florent.ostermann\",\"https:\/\/x.com\/https:\/\/twitter.com\/FlOstermann\",\"admin\"],\"url\":\"https:\/\/dicodusport.fr\/blog\/author\/flo\/\"}]}<\/script>\n<!-- \/ Yoast SEO Premium plugin. -->","yoast_head_json":{"title":"Le maillot du Team Ineos (ex-Sky) d\u00e9voil\u00e9","description":"Le Team Ineos, successeur de la Sky, a d\u00e9voil\u00e9 la nouvelle tunique de l'\u00e9quipe emmen\u00e9e par Chris Froome et Geraint Thomas.","robots":{"index":"index","follow":"follow","max-snippet":"max-snippet:-1","max-image-preview":"max-image-preview:large","max-video-preview":"max-video-preview:-1"},"canonical":"https:\/\/dicodusport.fr\/blog\/le-maillot-du-team-ineos-devoile\/","og_locale":"fr_FR","og_type":"article","og_title":"Le maillot du Team Ineos (ex-Sky) d\u00e9voil\u00e9","og_description":"Le Team Ineos, successeur de la Sky, a d\u00e9voil\u00e9 la nouvelle tunique de l'\u00e9quipe emmen\u00e9e par Chris Froome et Geraint Thomas.","og_url":"https:\/\/dicodusport.fr\/blog\/le-maillot-du-team-ineos-devoile\/","og_site_name":"Dicodusport","article_publisher":"https:\/\/www.facebook.com\/dicodusport","article_author":"https:\/\/www.facebook.com\/florent.ostermann","article_published_time":"2019-05-01T10:29:43+00:00","article_modified_time":"2019-05-01T11:29:24+00:00","og_image":[{"width":800,"height":445,"url":"https:\/\/dicodusport.fr\/blog\/wp-content\/uploads\/2019\/02\/Chris-Froome-JO-Tokyo-2020.png","type":"image\/png"}],"author":"Flo Ostermann","twitter_card":"summary_large_image","twitter_creator":"@https:\/\/twitter.com\/FlOstermann","twitter_site":"@dicodusport","schema":{"@context":"https:\/\/schema.org","@graph":[{"@type":"NewsArticle","@id":"https:\/\/dicodusport.fr\/blog\/le-maillot-du-team-ineos-devoile\/#article","isPartOf":{"@id":"https:\/\/dicodusport.fr\/blog\/le-maillot-du-team-ineos-devoile\/"},"author":{"name":"Flo Ostermann","@id":"https:\/\/dicodusport.fr\/blog\/#\/schema\/person\/cb02af4c173ce4a653b55e9baf388d4a"},"headline":"Le maillot du Team Ineos (ex-Sky) d\u00e9voil\u00e9","datePublished":"2019-05-01T10:29:43+00:00","dateModified":"2019-05-01T11:29:24+00:00","mainEntityOfPage":{"@id":"https:\/\/dicodusport.fr\/blog\/le-maillot-du-team-ineos-devoile\/"},"wordCount":82,"commentCount":0,"publisher":{"@id":"https:\/\/dicodusport.fr\/blog\/#organization"},"image":{"@id":"https:\/\/dicodusport.fr\/blog\/le-maillot-du-team-ineos-devoile\/#primaryimage"},"thumbnailUrl":"https:\/\/dicodusport.fr\/blog\/wp-content\/uploads\/2019\/02\/Chris-Froome-JO-Tokyo-2020.png","keywords":["Cyclisme","Ineos"],"articleSection":["Actualit\u00e9s","Cyclisme"],"inLanguage":"fr-FR","potentialAction":[{"@type":"CommentAction","name":"Comment","target":["https:\/\/dicodusport.fr\/blog\/le-maillot-du-team-ineos-devoile\/#respond"]}],"copyrightYear":"2019","copyrightHolder":{"@id":"https:\/\/dicodusport.fr\/blog\/#organization"}},{"@type":"WebPage","@id":"https:\/\/dicodusport.fr\/blog\/le-maillot-du-team-ineos-devoile\/","url":"https:\/\/dicodusport.fr\/blog\/le-maillot-du-team-ineos-devoile\/","name":"Le maillot du Team Ineos (ex-Sky) d\u00e9voil\u00e9","isPartOf":{"@id":"https:\/\/dicodusport.fr\/blog\/#website"},"primaryImageOfPage":{"@id":"https:\/\/dicodusport.fr\/blog\/le-maillot-du-team-ineos-devoile\/#primaryimage"},"image":{"@id":"https:\/\/dicodusport.fr\/blog\/le-maillot-du-team-ineos-devoile\/#primaryimage"},"thumbnailUrl":"https:\/\/dicodusport.fr\/blog\/wp-content\/uploads\/2019\/02\/Chris-Froome-JO-Tokyo-2020.png","datePublished":"2019-05-01T10:29:43+00:00","dateModified":"2019-05-01T11:29:24+00:00","description":"Le Team Ineos, successeur de la Sky, a d\u00e9voil\u00e9 la nouvelle tunique de l'\u00e9quipe emmen\u00e9e par Chris Froome et Geraint Thomas.","breadcrumb":{"@id":"https:\/\/dicodusport.fr\/blog\/le-maillot-du-team-ineos-devoile\/#breadcrumb"},"inLanguage":"fr-FR","potentialAction":[{"@type":"ReadAction","target":["https:\/\/dicodusport.fr\/blog\/le-maillot-du-team-ineos-devoile\/"]}]},{"@type":"ImageObject","inLanguage":"fr-FR","@id":"https:\/\/dicodusport.fr\/blog\/le-maillot-du-team-ineos-devoile\/#primaryimage","url":"https:\/\/dicodusport.fr\/blog\/wp-content\/uploads\/2019\/02\/Chris-Froome-JO-Tokyo-2020.png","contentUrl":"https:\/\/dicodusport.fr\/blog\/wp-content\/uploads\/2019\/02\/Chris-Froome-JO-Tokyo-2020.png","width":800,"height":445},{"@type":"BreadcrumbList","@id":"https:\/\/dicodusport.fr\/blog\/le-maillot-du-team-ineos-devoile\/#breadcrumb","itemListElement":[{"@type":"ListItem","position":1,"name":"Accueil","item":"https:\/\/dicodusport.fr\/blog\/"},{"@type":"ListItem","position":2,"name":"Le maillot du Team Ineos (ex-Sky) d\u00e9voil\u00e9"}]},{"@type":"WebSite","@id":"https:\/\/dicodusport.fr\/blog\/#website","url":"https:\/\/dicodusport.fr\/blog\/","name":"Dicodusport","description":"L&#039;encyclop\u00e9die de l&#039;actualit\u00e9 sportive","publisher":{"@id":"https:\/\/dicodusport.fr\/blog\/#organization"},"potentialAction":[{"@type":"SearchAction","target":{"@type":"EntryPoint","urlTemplate":"https:\/\/dicodusport.fr\/blog\/?s={search_term_string}"},"query-input":{"@type":"PropertyValueSpecification","valueRequired":true,"valueName":"search_term_string"}}],"inLanguage":"fr-FR"},{"@type":"NewsMediaOrganization","@id":"https:\/\/dicodusport.fr\/blog\/#organization","name":"Dicodusport","url":"https:\/\/dicodusport.fr\/blog\/","logo":{"@type":"ImageObject","inLanguage":"fr-FR","@id":"https:\/\/dicodusport.fr\/blog\/#\/schema\/logo\/image\/","url":"https:\/\/dicodusport.fr\/blog\/wp-content\/uploads\/2020\/06\/cropped-LOGO-DICODUSPORT-2020-SANS-FOND-SANS-TEXTE.png","contentUrl":"https:\/\/dicodusport.fr\/blog\/wp-content\/uploads\/2020\/06\/cropped-LOGO-DICODUSPORT-2020-SANS-FOND-SANS-TEXTE.png","width":512,"height":512,"caption":"Dicodusport"},"image":{"@id":"https:\/\/dicodusport.fr\/blog\/#\/schema\/logo\/image\/"},"sameAs":["https:\/\/www.facebook.com\/dicodusport","https:\/\/x.com\/dicodusport","https:\/\/www.instagram.com\/dicodusport\/","https:\/\/www.youtube.com\/channel\/UC7V2KZ5sd3htJivAbA4ZG3w"],"description":"Dicodusport est l'encyclop\u00e9die de l'actualit\u00e9 sportive.","email":"bonjour@dicodusport.fr","legalName":"DICODUSPORT","foundingDate":"2018-01-14","vatID":"FR71834470973","taxID":"83447097300043","numberOfEmployees":{"@type":"QuantitativeValue","minValue":"1","maxValue":"10"}},{"@type":"Person","@id":"https:\/\/dicodusport.fr\/blog\/#\/schema\/person\/cb02af4c173ce4a653b55e9baf388d4a","name":"Flo Ostermann","image":{"@type":"ImageObject","inLanguage":"fr-FR","@id":"https:\/\/dicodusport.fr\/blog\/#\/schema\/person\/image\/","url":"https:\/\/dicodusport.fr\/blog\/wp-content\/uploads\/2021\/05\/Flo-Ostermann-150x150.jpg","contentUrl":"https:\/\/dicodusport.fr\/blog\/wp-content\/uploads\/2021\/05\/Flo-Ostermann-150x150.jpg","caption":"Flo Ostermann"},"description":"Journaliste\/R\u00e9dacteur depuis septembre 2015 - Mes premiers souvenirs dans le sport ? Les envol\u00e9es du Stade Toulousain et les duels Villeneuve-Schumacher et H\u00e4kkinen-Schumacher \u00e0 la fin des ann\u00e9es 90, la Coupe du monde de football en 1998, l\u2019exploit du XV de France face aux All Blacks en 1999, mais aussi Richard C\u0153ur de Lion qui vole sur les montagnes du Tour de France. Bien parti pour devenir professeur d\u2019EPS, les \u00e9v\u00e9nements de la vie (et la flemme d\u2019animer des s\u00e9ances de 3x500 m\u00e8tres toute ma vie) m\u2019ont conduit \u00e0 revoir mes plans. Me voil\u00e0 depuis fin 2017 sur Dicodusport, m\u00e9dia gr\u00e2ce (et pour) lequel je partage ma passion : le sport dans tous ses \u00e9tats. Le tout accompagn\u00e9 par les fous furieux et folles furieuses cit\u00e9s sur cette page !","sameAs":["https:\/\/www.facebook.com\/florent.ostermann","https:\/\/x.com\/https:\/\/twitter.com\/FlOstermann","admin"],"url":"https:\/\/dicodusport.fr\/blog\/author\/flo\/"}]}},"_links":{"self":[{"href":"https:\/\/dicodusport.fr\/blog\/wp-json\/wp\/v2\/posts\/38229","targetHints":{"allow":["GET"]}}],"collection":[{"href":"https:\/\/dicodusport.fr\/blog\/wp-json\/wp\/v2\/posts"}],"about":[{"href":"https:\/\/dicodusport.fr\/blog\/wp-json\/wp\/v2\/types\/post"}],"author":[{"embeddable":true,"href":"https:\/\/dicodusport.fr\/blog\/wp-json\/wp\/v2\/users\/4"}],"replies":[{"embeddable":true,"href":"https:\/\/dicodusport.fr\/blog\/wp-json\/wp\/v2\/comments?post=38229"}],"version-history":[{"count":0,"href":"https:\/\/dicodusport.fr\/blog\/wp-json\/wp\/v2\/posts\/38229\/revisions"}],"wp:featuredmedia":[{"embeddable":true,"href":"https:\/\/dicodusport.fr\/blog\/wp-json\/wp\/v2\/media\/33105"}],"wp:attachment":[{"href":"https:\/\/dicodusport.fr\/blog\/wp-json\/wp\/v2\/media?parent=38229"}],"wp:term":[{"taxonomy":"category","embeddable":true,"href":"https:\/\/dicodusport.fr\/blog\/wp-json\/wp\/v2\/categories?post=38229"},{"taxonomy":"post_tag","embeddable":true,"href":"https:\/\/dicodusport.fr\/blog\/wp-json\/wp\/v2\/tags?post=38229"}],"curies":[{"name":"wp","href":"https:\/\/api.w.org\/{rel}","templated":true}]}}