{"id":382349,"date":"2023-05-14T22:38:19","date_gmt":"2023-05-14T20:38:19","guid":{"rendered":"https:\/\/dicodusport.fr\/blog\/?p=382349&#038;preview=true&#038;preview_id=382349"},"modified":"2023-05-14T23:25:43","modified_gmt":"2023-05-14T21:25:43","slug":"remco-evenepoel-quitte-le-tour-ditalie-2023","status":"publish","type":"post","link":"https:\/\/dicodusport.fr\/blog\/remco-evenepoel-quitte-le-tour-ditalie-2023\/","title":{"rendered":"Remco Evenepoel quitte le Tour d&rsquo;Italie 2023 !"},"content":{"rendered":"<p align=\"justify\"><em><strong><a href=\"https:\/\/dicodusport.fr\/blog\/actualites\/cyclisme\/cyclisme-sur-route-2023\/tour-d-italie-2023\/\">TOUR D&rsquo;ITALIE 2023<\/a> &#8211; Test\u00e9 positif \u00e0 la Covid-19, Remco Evenepoel (Soudal Quick-Step) est contraint de quitter le Tour d&rsquo;Italie au soir de la 9\u00e8me \u00e9tape.\u00a0<\/strong><\/em><\/p>\n<p align=\"justify\">C&rsquo;est un immense coup de tonnerre, m\u00eame si on pouvait se douter que quelque chose n&rsquo;allait pas apr\u00e8s les \u00a0deux derniers jours de course du champion du monde, <strong>Remco<\/strong> <strong>Evenepoel<\/strong>. Ce dernier \u00e9tait donc probablement diminu\u00e9, puisqu&rsquo;il a \u00e9t\u00e9 test\u00e9 positif \u00e0 la Covid-19 ce dimanche soir. Le maillot rose quitte ainsi le <strong>Giro 2023<\/strong>. Le Belge venait de reprendre les commandes du classement g\u00e9n\u00e9ral, <a href=\"https:\/\/dicodusport.fr\/blog\/tour-ditalie-2023-remco-evenepoel-sadjuge-la-9eme-etape-et-reprend-le-maillot-rose\/\">en remportant le contre-la-montre de la neuvi\u00e8me \u00e9tape<\/a>.<\/p>\n<p align=\"justify\">Sur le site du <em>Wolfpack<\/em>, <strong>Evenepoel<\/strong> a exprim\u00e9 sa d\u00e9ception. <i>\u00ab Je suis vraiment navr\u00e9 de quitter la course. Suivant le protocole de l&rsquo;\u00e9quipe, j&rsquo;ai fait un test de routine qui a \u00e9t\u00e9 malheureusement positif<\/i>. <i>Cette exp\u00e9rience ici a \u00e9t\u00e9 vraiment sp\u00e9ciale et j&rsquo;\u00e9tais impatient de courir les deux prochaines semaines. Je remercie infiniment le staff et les coureurs qui se sont tellement sacrifi\u00e9s pour pr\u00e9parer le Giro. Je vais les encourager les deux prochaines semaines <\/i>\u00bb<\/p>\n<h2 style=\"text-align: justify;\" align=\"justify\">Une victoire contrast\u00e9e<\/h2>\n<p align=\"justify\">Mais sur l&rsquo;effort solitaire ce dimanche, il y avait quelque chose d&rsquo;anormal. Apr\u00e8s un tr\u00e8s bon d\u00e9but de chrono, <strong>Remco<\/strong> <strong>Evenepoel<\/strong> n&rsquo;a pas r\u00e9ussi \u00e0 tenir le rythme. Apr\u00e8s l&rsquo;\u00e9tape, il a expliqu\u00e9 \u00eatre dans une mauvaise journ\u00e9e, et qu&rsquo;il \u00e9tait parti trop vite par rapport \u00e0 ses capacit\u00e9s du jour. Il a n\u00e9anmoins remport\u00e9 la neuvi\u00e8me \u00e9tape avec une petite seconde d&rsquo;avance sur <strong>Geraint<\/strong> <strong>Thomas<\/strong>.<\/p>\n<p align=\"justify\">D\u00e9j\u00e0 la veille, le champion du monde avait dans un premier temps liss\u00e9 son effort derri\u00e8re <strong>Primoz<\/strong> <strong>Roglic<\/strong> avant de craquer d&rsquo;un coup, et de voir plusieurs coureurs le reprendre et m\u00eame le d\u00e9poser, \u00e0 l&rsquo;image de <strong>Geraint Thomas<\/strong> et <strong>Tao Geoghegan Hart<\/strong>. Si dans un premier temps, on imaginait que <strong>Remco<\/strong> <strong>Evenepoel<\/strong> subissait le contrecoup de ses chutes, son test positif \u00e0 la Covid-19 pourrait donc expliquer ces deux jours de moins bien. <strong>Geraint<\/strong> <strong>Thomas<\/strong> sera de ce fait en rose mardi pour le d\u00e9part de la 10\u00e8me \u00e9tape.<\/p>\n<blockquote class=\"twitter-tweet\">\n<p dir=\"ltr\" lang=\"en\">World Champion and <a href=\"https:\/\/twitter.com\/hashtag\/Giro?src=hash&amp;ref_src=twsrc%5Etfw\">#Giro<\/a> maglia rosa <a href=\"https:\/\/twitter.com\/EvenepoelRemco?ref_src=twsrc%5Etfw\">@EvenepoelRemco<\/a> is out of the race after testing positive to Covid-19. <a href=\"https:\/\/t.co\/FK0B1cnvTT\">pic.twitter.com\/FK0B1cnvTT<\/a><\/p>\n<p>\u2014 Soudal Quick-Step Pro Cycling Team (@soudalquickstep) <a href=\"https:\/\/twitter.com\/soudalquickstep\/status\/1657845796874715139?ref_src=twsrc%5Etfw\">May 14, 2023<\/a><\/p><\/blockquote>\n<p><script async src=\"https:\/\/platform.twitter.com\/widgets.js\" charset=\"utf-8\"><\/script><\/p>\n<h2 style=\"text-align: justify;\">\u00c0 lire aussi<\/h2>\n<ul>\n<li style=\"text-align: justify;\"><strong><a href=\"https:\/\/dicodusport.fr\/blog\/tour-ditalie-2023-classement-9eme-etape\/\">Le classement de la 9\u00e8me \u00e9tape du Tour d\u2019Italie<\/a>\u00a0<\/strong><\/li>\n<li style=\"text-align: justify;\"><a href=\"https:\/\/dicodusport.fr\/blog\/tour-d-italie-2023-classement-general-maillot-rose\/\"><strong>Le classement g\u00e9n\u00e9ral du Tour d\u2019Italie 2023<\/strong><\/a><\/li>\n<\/ul>\n","protected":false},"excerpt":{"rendered":"<p>TOUR D&rsquo;ITALIE 2023 &#8211; Test\u00e9 positif \u00e0 la Covid-19, Remco Evenepoel (Soudal Quick-Step) est contraint de quitter le Tour d&rsquo;Italie au soir de la 9\u00e8me \u00e9tape.\u00a0<\/p>\n","protected":false},"author":1,"featured_media":382351,"comment_status":"open","ping_status":"closed","sticky":false,"template":"","format":"standard","meta":{"_acf_changed":false,"_daextam_enable_autolinks":"","footnotes":""},"categories":[47041],"tags":[16878,8458,8420,24],"class_list":["post-382349","post","type-post","status-publish","format-standard","has-post-thumbnail","hentry","category-tour-d-italie","tag-breve","tag-evenepoel","tag-remco-evenepoel","tag-sport"],"acf":[],"yoast_head":"<!-- This site is optimized with the Yoast SEO Premium plugin v26.7 (Yoast SEO v26.7) - https:\/\/yoast.com\/wordpress\/plugins\/seo\/ -->\n<title>Remco Evenepoel quitte le Tour d&#039;Italie 2023 !<\/title>\n<meta name=\"description\" content=\"TOUR D&#039;ITALIE 2023 - Test\u00e9 positif \u00e0 la Covid-19, Remco Evenepoel est contraint de quitter le Tour d&#039;Italie au soir de la 9\u00e8me \u00e9tape.\u00a0\" \/>\n<meta name=\"robots\" content=\"index, follow, max-snippet:-1, max-image-preview:large, max-video-preview:-1\" \/>\n<link rel=\"canonical\" href=\"https:\/\/dicodusport.fr\/blog\/remco-evenepoel-quitte-le-tour-ditalie-2023\/\" \/>\n<meta property=\"og:locale\" content=\"fr_FR\" \/>\n<meta property=\"og:type\" content=\"article\" \/>\n<meta property=\"og:title\" content=\"Remco Evenepoel quitte le Tour d&#039;Italie 2023 !\" \/>\n<meta property=\"og:description\" content=\"TOUR D&#039;ITALIE 2023 - Test\u00e9 positif \u00e0 la Covid-19, Remco Evenepoel est contraint de quitter le Tour d&#039;Italie au soir de la 9\u00e8me \u00e9tape.\u00a0\" \/>\n<meta property=\"og:url\" content=\"https:\/\/dicodusport.fr\/blog\/remco-evenepoel-quitte-le-tour-ditalie-2023\/\" \/>\n<meta property=\"og:site_name\" content=\"Dicodusport\" \/>\n<meta property=\"article:publisher\" content=\"https:\/\/www.facebook.com\/dicodusport\" \/>\n<meta property=\"article:author\" content=\"https:\/\/www.facebook.com\/dicodusport\" \/>\n<meta property=\"article:published_time\" content=\"2023-05-14T20:38:19+00:00\" \/>\n<meta property=\"article:modified_time\" content=\"2023-05-14T21:25:43+00:00\" \/>\n<meta property=\"og:image\" content=\"https:\/\/dicodusport.fr\/blog\/wp-content\/uploads\/2023\/05\/Remco-Evenepoel-quitte-le-Tour-dItalie-2023-.png\" \/>\n\t<meta property=\"og:image:width\" content=\"800\" \/>\n\t<meta property=\"og:image:height\" content=\"445\" \/>\n\t<meta property=\"og:image:type\" content=\"image\/png\" \/>\n<meta name=\"author\" content=\"Nicolas Jacquemard\" \/>\n<meta name=\"twitter:card\" content=\"summary_large_image\" \/>\n<meta name=\"twitter:title\" content=\"Remco Evenepoel quitte le Tour d&#039;Italie 2023 !\" \/>\n<meta name=\"twitter:creator\" content=\"@https:\/\/twitter.com\/Nico_Jacquemard\" \/>\n<meta name=\"twitter:site\" content=\"@dicodusport\" \/>\n<script type=\"application\/ld+json\" class=\"yoast-schema-graph\">{\"@context\":\"https:\/\/schema.org\",\"@graph\":[{\"@type\":\"NewsArticle\",\"@id\":\"https:\/\/dicodusport.fr\/blog\/remco-evenepoel-quitte-le-tour-ditalie-2023\/#article\",\"isPartOf\":{\"@id\":\"https:\/\/dicodusport.fr\/blog\/remco-evenepoel-quitte-le-tour-ditalie-2023\/\"},\"author\":{\"name\":\"Nicolas Jacquemard\",\"@id\":\"https:\/\/dicodusport.fr\/blog\/#\/schema\/person\/55dcb50ad410894e431ed812bbb70191\"},\"headline\":\"Remco Evenepoel quitte le Tour d&rsquo;Italie 2023 !\",\"datePublished\":\"2023-05-14T20:38:19+00:00\",\"dateModified\":\"2023-05-14T21:25:43+00:00\",\"mainEntityOfPage\":{\"@id\":\"https:\/\/dicodusport.fr\/blog\/remco-evenepoel-quitte-le-tour-ditalie-2023\/\"},\"wordCount\":424,\"commentCount\":0,\"publisher\":{\"@id\":\"https:\/\/dicodusport.fr\/blog\/#organization\"},\"image\":{\"@id\":\"https:\/\/dicodusport.fr\/blog\/remco-evenepoel-quitte-le-tour-ditalie-2023\/#primaryimage\"},\"thumbnailUrl\":\"https:\/\/dicodusport.fr\/blog\/wp-content\/uploads\/2023\/05\/Remco-Evenepoel-quitte-le-Tour-dItalie-2023-.png\",\"keywords\":[\"br\u00e8ve\",\"Evenepoel\",\"Remco Evenepoel\",\"sport\"],\"articleSection\":[\"Tour d'Italie\"],\"inLanguage\":\"fr-FR\",\"potentialAction\":[{\"@type\":\"CommentAction\",\"name\":\"Comment\",\"target\":[\"https:\/\/dicodusport.fr\/blog\/remco-evenepoel-quitte-le-tour-ditalie-2023\/#respond\"]}],\"copyrightYear\":\"2023\",\"copyrightHolder\":{\"@id\":\"https:\/\/dicodusport.fr\/blog\/#organization\"}},{\"@type\":\"WebPage\",\"@id\":\"https:\/\/dicodusport.fr\/blog\/remco-evenepoel-quitte-le-tour-ditalie-2023\/\",\"url\":\"https:\/\/dicodusport.fr\/blog\/remco-evenepoel-quitte-le-tour-ditalie-2023\/\",\"name\":\"Remco Evenepoel quitte le Tour d'Italie 2023 !\",\"isPartOf\":{\"@id\":\"https:\/\/dicodusport.fr\/blog\/#website\"},\"primaryImageOfPage\":{\"@id\":\"https:\/\/dicodusport.fr\/blog\/remco-evenepoel-quitte-le-tour-ditalie-2023\/#primaryimage\"},\"image\":{\"@id\":\"https:\/\/dicodusport.fr\/blog\/remco-evenepoel-quitte-le-tour-ditalie-2023\/#primaryimage\"},\"thumbnailUrl\":\"https:\/\/dicodusport.fr\/blog\/wp-content\/uploads\/2023\/05\/Remco-Evenepoel-quitte-le-Tour-dItalie-2023-.png\",\"datePublished\":\"2023-05-14T20:38:19+00:00\",\"dateModified\":\"2023-05-14T21:25:43+00:00\",\"description\":\"TOUR D'ITALIE 2023 - Test\u00e9 positif \u00e0 la Covid-19, Remco Evenepoel est contraint de quitter le Tour d'Italie au soir de la 9\u00e8me \u00e9tape.\u00a0\",\"breadcrumb\":{\"@id\":\"https:\/\/dicodusport.fr\/blog\/remco-evenepoel-quitte-le-tour-ditalie-2023\/#breadcrumb\"},\"inLanguage\":\"fr-FR\",\"potentialAction\":[{\"@type\":\"ReadAction\",\"target\":[\"https:\/\/dicodusport.fr\/blog\/remco-evenepoel-quitte-le-tour-ditalie-2023\/\"]}]},{\"@type\":\"ImageObject\",\"inLanguage\":\"fr-FR\",\"@id\":\"https:\/\/dicodusport.fr\/blog\/remco-evenepoel-quitte-le-tour-ditalie-2023\/#primaryimage\",\"url\":\"https:\/\/dicodusport.fr\/blog\/wp-content\/uploads\/2023\/05\/Remco-Evenepoel-quitte-le-Tour-dItalie-2023-.png\",\"contentUrl\":\"https:\/\/dicodusport.fr\/blog\/wp-content\/uploads\/2023\/05\/Remco-Evenepoel-quitte-le-Tour-dItalie-2023-.png\",\"width\":800,\"height\":445},{\"@type\":\"BreadcrumbList\",\"@id\":\"https:\/\/dicodusport.fr\/blog\/remco-evenepoel-quitte-le-tour-ditalie-2023\/#breadcrumb\",\"itemListElement\":[{\"@type\":\"ListItem\",\"position\":1,\"name\":\"Accueil\",\"item\":\"https:\/\/dicodusport.fr\/blog\/\"},{\"@type\":\"ListItem\",\"position\":2,\"name\":\"Remco Evenepoel quitte le Tour d&rsquo;Italie 2023 !\"}]},{\"@type\":\"WebSite\",\"@id\":\"https:\/\/dicodusport.fr\/blog\/#website\",\"url\":\"https:\/\/dicodusport.fr\/blog\/\",\"name\":\"Dicodusport\",\"description\":\"L&#039;encyclop\u00e9die de l&#039;actualit\u00e9 sportive\",\"publisher\":{\"@id\":\"https:\/\/dicodusport.fr\/blog\/#organization\"},\"potentialAction\":[{\"@type\":\"SearchAction\",\"target\":{\"@type\":\"EntryPoint\",\"urlTemplate\":\"https:\/\/dicodusport.fr\/blog\/?s={search_term_string}\"},\"query-input\":{\"@type\":\"PropertyValueSpecification\",\"valueRequired\":true,\"valueName\":\"search_term_string\"}}],\"inLanguage\":\"fr-FR\"},{\"@type\":\"NewsMediaOrganization\",\"@id\":\"https:\/\/dicodusport.fr\/blog\/#organization\",\"name\":\"Dicodusport\",\"url\":\"https:\/\/dicodusport.fr\/blog\/\",\"logo\":{\"@type\":\"ImageObject\",\"inLanguage\":\"fr-FR\",\"@id\":\"https:\/\/dicodusport.fr\/blog\/#\/schema\/logo\/image\/\",\"url\":\"https:\/\/dicodusport.fr\/blog\/wp-content\/uploads\/2020\/06\/cropped-LOGO-DICODUSPORT-2020-SANS-FOND-SANS-TEXTE.png\",\"contentUrl\":\"https:\/\/dicodusport.fr\/blog\/wp-content\/uploads\/2020\/06\/cropped-LOGO-DICODUSPORT-2020-SANS-FOND-SANS-TEXTE.png\",\"width\":512,\"height\":512,\"caption\":\"Dicodusport\"},\"image\":{\"@id\":\"https:\/\/dicodusport.fr\/blog\/#\/schema\/logo\/image\/\"},\"sameAs\":[\"https:\/\/www.facebook.com\/dicodusport\",\"https:\/\/x.com\/dicodusport\",\"https:\/\/www.instagram.com\/dicodusport\/\",\"https:\/\/www.youtube.com\/channel\/UC7V2KZ5sd3htJivAbA4ZG3w\"],\"description\":\"Dicodusport est l'encyclop\u00e9die de l'actualit\u00e9 sportive.\",\"email\":\"bonjour@dicodusport.fr\",\"legalName\":\"DICODUSPORT\",\"foundingDate\":\"2018-01-14\",\"vatID\":\"FR71834470973\",\"taxID\":\"83447097300043\",\"numberOfEmployees\":{\"@type\":\"QuantitativeValue\",\"minValue\":\"1\",\"maxValue\":\"10\"}},{\"@type\":\"Person\",\"@id\":\"https:\/\/dicodusport.fr\/blog\/#\/schema\/person\/55dcb50ad410894e431ed812bbb70191\",\"name\":\"Nicolas Jacquemard\",\"image\":{\"@type\":\"ImageObject\",\"inLanguage\":\"fr-FR\",\"@id\":\"https:\/\/dicodusport.fr\/blog\/#\/schema\/person\/image\/\",\"url\":\"https:\/\/dicodusport.fr\/blog\/wp-content\/uploads\/2021\/05\/Nicolas-Jacquemard-150x150.jpeg\",\"contentUrl\":\"https:\/\/dicodusport.fr\/blog\/wp-content\/uploads\/2021\/05\/Nicolas-Jacquemard-150x150.jpeg\",\"caption\":\"Nicolas Jacquemard\"},\"description\":\"Passionn\u00e9 de sport et entrepreneur depuis mes 18 ans, la cr\u00e9ation de Dicodusport m'a sembl\u00e9 \u00e9vidente pour participer \u00e0 la m\u00e9diatisation d'un plus grand nombre de sports. Le chemin est long mais avec une \u00e9quipe des plus motiv\u00e9es et les Jeux Olympiques de Paris 2024 en point de mire, nous y arriverons ! Journaliste dans le monde du sport depuis plus de 5 ans, je traite aussi bien de football, de rugby, de biathlon que de cyclisme.\",\"sameAs\":[\"https:\/\/www.facebook.com\/dicodusport\",\"https:\/\/x.com\/https:\/\/twitter.com\/Nico_Jacquemard\"],\"url\":\"https:\/\/dicodusport.fr\/blog\/author\/dicodusport\/\"}]}<\/script>\n<!-- \/ Yoast SEO Premium plugin. -->","yoast_head_json":{"title":"Remco Evenepoel quitte le Tour d'Italie 2023 !","description":"TOUR D'ITALIE 2023 - Test\u00e9 positif \u00e0 la Covid-19, Remco Evenepoel est contraint de quitter le Tour d'Italie au soir de la 9\u00e8me \u00e9tape.\u00a0","robots":{"index":"index","follow":"follow","max-snippet":"max-snippet:-1","max-image-preview":"max-image-preview:large","max-video-preview":"max-video-preview:-1"},"canonical":"https:\/\/dicodusport.fr\/blog\/remco-evenepoel-quitte-le-tour-ditalie-2023\/","og_locale":"fr_FR","og_type":"article","og_title":"Remco Evenepoel quitte le Tour d'Italie 2023 !","og_description":"TOUR D'ITALIE 2023 - Test\u00e9 positif \u00e0 la Covid-19, Remco Evenepoel est contraint de quitter le Tour d'Italie au soir de la 9\u00e8me \u00e9tape.\u00a0","og_url":"https:\/\/dicodusport.fr\/blog\/remco-evenepoel-quitte-le-tour-ditalie-2023\/","og_site_name":"Dicodusport","article_publisher":"https:\/\/www.facebook.com\/dicodusport","article_author":"https:\/\/www.facebook.com\/dicodusport","article_published_time":"2023-05-14T20:38:19+00:00","article_modified_time":"2023-05-14T21:25:43+00:00","og_image":[{"width":800,"height":445,"url":"https:\/\/dicodusport.fr\/blog\/wp-content\/uploads\/2023\/05\/Remco-Evenepoel-quitte-le-Tour-dItalie-2023-.png","type":"image\/png"}],"author":"Nicolas Jacquemard","twitter_card":"summary_large_image","twitter_title":"Remco Evenepoel quitte le Tour d'Italie 2023 !","twitter_creator":"@https:\/\/twitter.com\/Nico_Jacquemard","twitter_site":"@dicodusport","schema":{"@context":"https:\/\/schema.org","@graph":[{"@type":"NewsArticle","@id":"https:\/\/dicodusport.fr\/blog\/remco-evenepoel-quitte-le-tour-ditalie-2023\/#article","isPartOf":{"@id":"https:\/\/dicodusport.fr\/blog\/remco-evenepoel-quitte-le-tour-ditalie-2023\/"},"author":{"name":"Nicolas Jacquemard","@id":"https:\/\/dicodusport.fr\/blog\/#\/schema\/person\/55dcb50ad410894e431ed812bbb70191"},"headline":"Remco Evenepoel quitte le Tour d&rsquo;Italie 2023 !","datePublished":"2023-05-14T20:38:19+00:00","dateModified":"2023-05-14T21:25:43+00:00","mainEntityOfPage":{"@id":"https:\/\/dicodusport.fr\/blog\/remco-evenepoel-quitte-le-tour-ditalie-2023\/"},"wordCount":424,"commentCount":0,"publisher":{"@id":"https:\/\/dicodusport.fr\/blog\/#organization"},"image":{"@id":"https:\/\/dicodusport.fr\/blog\/remco-evenepoel-quitte-le-tour-ditalie-2023\/#primaryimage"},"thumbnailUrl":"https:\/\/dicodusport.fr\/blog\/wp-content\/uploads\/2023\/05\/Remco-Evenepoel-quitte-le-Tour-dItalie-2023-.png","keywords":["br\u00e8ve","Evenepoel","Remco Evenepoel","sport"],"articleSection":["Tour d'Italie"],"inLanguage":"fr-FR","potentialAction":[{"@type":"CommentAction","name":"Comment","target":["https:\/\/dicodusport.fr\/blog\/remco-evenepoel-quitte-le-tour-ditalie-2023\/#respond"]}],"copyrightYear":"2023","copyrightHolder":{"@id":"https:\/\/dicodusport.fr\/blog\/#organization"}},{"@type":"WebPage","@id":"https:\/\/dicodusport.fr\/blog\/remco-evenepoel-quitte-le-tour-ditalie-2023\/","url":"https:\/\/dicodusport.fr\/blog\/remco-evenepoel-quitte-le-tour-ditalie-2023\/","name":"Remco Evenepoel quitte le Tour d'Italie 2023 !","isPartOf":{"@id":"https:\/\/dicodusport.fr\/blog\/#website"},"primaryImageOfPage":{"@id":"https:\/\/dicodusport.fr\/blog\/remco-evenepoel-quitte-le-tour-ditalie-2023\/#primaryimage"},"image":{"@id":"https:\/\/dicodusport.fr\/blog\/remco-evenepoel-quitte-le-tour-ditalie-2023\/#primaryimage"},"thumbnailUrl":"https:\/\/dicodusport.fr\/blog\/wp-content\/uploads\/2023\/05\/Remco-Evenepoel-quitte-le-Tour-dItalie-2023-.png","datePublished":"2023-05-14T20:38:19+00:00","dateModified":"2023-05-14T21:25:43+00:00","description":"TOUR D'ITALIE 2023 - Test\u00e9 positif \u00e0 la Covid-19, Remco Evenepoel est contraint de quitter le Tour d'Italie au soir de la 9\u00e8me \u00e9tape.\u00a0","breadcrumb":{"@id":"https:\/\/dicodusport.fr\/blog\/remco-evenepoel-quitte-le-tour-ditalie-2023\/#breadcrumb"},"inLanguage":"fr-FR","potentialAction":[{"@type":"ReadAction","target":["https:\/\/dicodusport.fr\/blog\/remco-evenepoel-quitte-le-tour-ditalie-2023\/"]}]},{"@type":"ImageObject","inLanguage":"fr-FR","@id":"https:\/\/dicodusport.fr\/blog\/remco-evenepoel-quitte-le-tour-ditalie-2023\/#primaryimage","url":"https:\/\/dicodusport.fr\/blog\/wp-content\/uploads\/2023\/05\/Remco-Evenepoel-quitte-le-Tour-dItalie-2023-.png","contentUrl":"https:\/\/dicodusport.fr\/blog\/wp-content\/uploads\/2023\/05\/Remco-Evenepoel-quitte-le-Tour-dItalie-2023-.png","width":800,"height":445},{"@type":"BreadcrumbList","@id":"https:\/\/dicodusport.fr\/blog\/remco-evenepoel-quitte-le-tour-ditalie-2023\/#breadcrumb","itemListElement":[{"@type":"ListItem","position":1,"name":"Accueil","item":"https:\/\/dicodusport.fr\/blog\/"},{"@type":"ListItem","position":2,"name":"Remco Evenepoel quitte le Tour d&rsquo;Italie 2023 !"}]},{"@type":"WebSite","@id":"https:\/\/dicodusport.fr\/blog\/#website","url":"https:\/\/dicodusport.fr\/blog\/","name":"Dicodusport","description":"L&#039;encyclop\u00e9die de l&#039;actualit\u00e9 sportive","publisher":{"@id":"https:\/\/dicodusport.fr\/blog\/#organization"},"potentialAction":[{"@type":"SearchAction","target":{"@type":"EntryPoint","urlTemplate":"https:\/\/dicodusport.fr\/blog\/?s={search_term_string}"},"query-input":{"@type":"PropertyValueSpecification","valueRequired":true,"valueName":"search_term_string"}}],"inLanguage":"fr-FR"},{"@type":"NewsMediaOrganization","@id":"https:\/\/dicodusport.fr\/blog\/#organization","name":"Dicodusport","url":"https:\/\/dicodusport.fr\/blog\/","logo":{"@type":"ImageObject","inLanguage":"fr-FR","@id":"https:\/\/dicodusport.fr\/blog\/#\/schema\/logo\/image\/","url":"https:\/\/dicodusport.fr\/blog\/wp-content\/uploads\/2020\/06\/cropped-LOGO-DICODUSPORT-2020-SANS-FOND-SANS-TEXTE.png","contentUrl":"https:\/\/dicodusport.fr\/blog\/wp-content\/uploads\/2020\/06\/cropped-LOGO-DICODUSPORT-2020-SANS-FOND-SANS-TEXTE.png","width":512,"height":512,"caption":"Dicodusport"},"image":{"@id":"https:\/\/dicodusport.fr\/blog\/#\/schema\/logo\/image\/"},"sameAs":["https:\/\/www.facebook.com\/dicodusport","https:\/\/x.com\/dicodusport","https:\/\/www.instagram.com\/dicodusport\/","https:\/\/www.youtube.com\/channel\/UC7V2KZ5sd3htJivAbA4ZG3w"],"description":"Dicodusport est l'encyclop\u00e9die de l'actualit\u00e9 sportive.","email":"bonjour@dicodusport.fr","legalName":"DICODUSPORT","foundingDate":"2018-01-14","vatID":"FR71834470973","taxID":"83447097300043","numberOfEmployees":{"@type":"QuantitativeValue","minValue":"1","maxValue":"10"}},{"@type":"Person","@id":"https:\/\/dicodusport.fr\/blog\/#\/schema\/person\/55dcb50ad410894e431ed812bbb70191","name":"Nicolas Jacquemard","image":{"@type":"ImageObject","inLanguage":"fr-FR","@id":"https:\/\/dicodusport.fr\/blog\/#\/schema\/person\/image\/","url":"https:\/\/dicodusport.fr\/blog\/wp-content\/uploads\/2021\/05\/Nicolas-Jacquemard-150x150.jpeg","contentUrl":"https:\/\/dicodusport.fr\/blog\/wp-content\/uploads\/2021\/05\/Nicolas-Jacquemard-150x150.jpeg","caption":"Nicolas Jacquemard"},"description":"Passionn\u00e9 de sport et entrepreneur depuis mes 18 ans, la cr\u00e9ation de Dicodusport m'a sembl\u00e9 \u00e9vidente pour participer \u00e0 la m\u00e9diatisation d'un plus grand nombre de sports. Le chemin est long mais avec une \u00e9quipe des plus motiv\u00e9es et les Jeux Olympiques de Paris 2024 en point de mire, nous y arriverons ! Journaliste dans le monde du sport depuis plus de 5 ans, je traite aussi bien de football, de rugby, de biathlon que de cyclisme.","sameAs":["https:\/\/www.facebook.com\/dicodusport","https:\/\/x.com\/https:\/\/twitter.com\/Nico_Jacquemard"],"url":"https:\/\/dicodusport.fr\/blog\/author\/dicodusport\/"}]}},"_links":{"self":[{"href":"https:\/\/dicodusport.fr\/blog\/wp-json\/wp\/v2\/posts\/382349","targetHints":{"allow":["GET"]}}],"collection":[{"href":"https:\/\/dicodusport.fr\/blog\/wp-json\/wp\/v2\/posts"}],"about":[{"href":"https:\/\/dicodusport.fr\/blog\/wp-json\/wp\/v2\/types\/post"}],"author":[{"embeddable":true,"href":"https:\/\/dicodusport.fr\/blog\/wp-json\/wp\/v2\/users\/1"}],"replies":[{"embeddable":true,"href":"https:\/\/dicodusport.fr\/blog\/wp-json\/wp\/v2\/comments?post=382349"}],"version-history":[{"count":0,"href":"https:\/\/dicodusport.fr\/blog\/wp-json\/wp\/v2\/posts\/382349\/revisions"}],"wp:featuredmedia":[{"embeddable":true,"href":"https:\/\/dicodusport.fr\/blog\/wp-json\/wp\/v2\/media\/382351"}],"wp:attachment":[{"href":"https:\/\/dicodusport.fr\/blog\/wp-json\/wp\/v2\/media?parent=382349"}],"wp:term":[{"taxonomy":"category","embeddable":true,"href":"https:\/\/dicodusport.fr\/blog\/wp-json\/wp\/v2\/categories?post=382349"},{"taxonomy":"post_tag","embeddable":true,"href":"https:\/\/dicodusport.fr\/blog\/wp-json\/wp\/v2\/tags?post=382349"}],"curies":[{"name":"wp","href":"https:\/\/api.w.org\/{rel}","templated":true}]}}