{"id":382497,"date":"2023-05-15T16:16:40","date_gmt":"2023-05-15T14:16:40","guid":{"rendered":"https:\/\/dicodusport.fr\/blog\/?p=382497&#038;preview=true&#038;preview_id=382497"},"modified":"2023-05-15T17:36:39","modified_gmt":"2023-05-15T15:36:39","slug":"roland-garros-2023-les-wildcards-francaises-connues-benoit-paire-a-eu-gain-de-cause","status":"publish","type":"post","link":"https:\/\/dicodusport.fr\/blog\/roland-garros-2023-les-wildcards-francaises-connues-benoit-paire-a-eu-gain-de-cause\/","title":{"rendered":"Roland-Garros 2023 : Les wildcards fran\u00e7aises connues, Beno\u00eet Paire a eu gain de cause"},"content":{"rendered":"<p style=\"text-align: justify;\" align=\"justify\"><em><strong>ROLAND-GARROS 2023 &#8211; Fin du suspense avec la r\u00e9v\u00e9lation des Tricolores invit\u00e9s pour Roland-Garros. Apr\u00e8s l&rsquo;imbroglio de la semaine derni\u00e8re, Beno\u00eet Paire et Hugo Gaston verront finalement tous deux le tableau final.\u00a0<\/strong><\/em><\/p>\n<p style=\"text-align: justify;\" align=\"justify\"><a href=\"https:\/\/dicodusport.fr\/blog\/roland-garros-2023-benoit-paire-crie-au-scandale-apres-lattribution-des-wildcards\/\">L&rsquo;affaire avait fait grand bruit<\/a>. La semaine derni\u00e8re, les premi\u00e8res wildcards avaient \u00e9t\u00e9 r\u00e9v\u00e9l\u00e9es et celle d\u00e9nomm\u00e9e \u00ab\u00a0Race internationale\u00a0\u00bb avait \u00e9t\u00e9 attribu\u00e9e \u00e0<strong> Hugo Gaston<\/strong> une semaine avant la fin pr\u00e9sum\u00e9e donn\u00e9e initialement par la FFT. Une d\u00e9cision mal dig\u00e9r\u00e9e par <strong>Beno\u00eet Paire,<\/strong> qui au vu des r\u00e9sultats de la semaine, avait finalement gagn\u00e9 cette course \u00e0 la wildcard. Mais cette pantalonnade a trouv\u00e9 une issue convenue.<\/p>\n<p style=\"text-align: justify;\" align=\"justify\"><strong>Beno\u00eet Paire<\/strong> a finalement re\u00e7u la wildcard \u00ab\u00a0Race internationale\u00a0\u00bb et <strong>Hugo Gaston<\/strong> b\u00e9n\u00e9ficiera d&rsquo;une wildcard classique, et les deux joueurs seront donc bien pr\u00e9sents au premier tour du tableau principal. Avec le recul, on se dit que la F\u00e9d\u00e9ration aurait pu en arriver \u00e0 cette conclusion plus t\u00f4t. Pas vraiment de surprise pour le reste, avec les invitations d\u00e9cern\u00e9es \u00e0 <strong>Kristina Mladenovic, Hugo Grenier<\/strong>, ou encore<strong> Diane Parry.<\/strong> Les deux derni\u00e8res wildcards, hommes comme femmes, reviendront aux \u00c9tats-Unis et \u00e0 l&rsquo;Australie, en vertu des \u00e9changes entre les trois F\u00e9d\u00e9rations, qui permet d&rsquo;avoir un Bleu invit\u00e9 dans chaque tableau principal \u00e0 l&rsquo;Open d&rsquo;Australie et \u00e0 l&rsquo;US Open.<\/p>\n<blockquote class=\"twitter-tweet\">\n<p dir=\"ltr\" lang=\"fr\">Voici les invitations attribu\u00e9es par l\u2019organisation du tournoi pour les qualifications et pour le tableau final des simples dames et messieurs de Roland-Garros 2023.<\/p>\n<p>\u2b07\ufe0f<a href=\"https:\/\/t.co\/t7sDvBSxjz\">https:\/\/t.co\/t7sDvBSxjz<\/a> <a href=\"https:\/\/t.co\/RtdbBWw8kA\">pic.twitter.com\/RtdbBWw8kA<\/a><\/p>\n<p>\u2014 FFT (@FFTennis) <a href=\"https:\/\/twitter.com\/FFTennis\/status\/1658108132415926276?ref_src=twsrc%5Etfw\">May 15, 2023<\/a><\/p><\/blockquote>\n<p style=\"text-align: justify;\"><script async src=\"https:\/\/platform.twitter.com\/widgets.js\" charset=\"utf-8\"><\/script><\/p>\n<h2 style=\"text-align: justify;\" align=\"justify\">La liste des wildcards fran\u00e7aises pour le tableau final<\/h2>\n<p style=\"text-align: justify;\"><strong>Messieurs :<\/strong> Arthur Fils (Race fran\u00e7aise) &#8211; Arthur Cazaux &#8211; Beno\u00eet Paire (Race internationale) &#8211; Giovanni Mpetshi Perricard &#8211; Hugo Gaston &#8211; Hugo Grenier.<\/p>\n<p style=\"text-align: justify;\"><strong>Dames :<\/strong> Clara Burel (Race internationale) &#8211; Kristina Mladenovic &#8211; Jessika Ponchet (Race fran\u00e7aise) &#8211; Diane Parry &#8211; L\u00e9olia Jeanjean &#8211; S\u00e9l\u00e9na Janicijevic.<\/p>\n<h2 style=\"text-align: justify;\" align=\"justify\">La liste des wildcards fran\u00e7aises pour les qualifications<\/h2>\n<p><strong>Messieurs :<\/strong> Dan Added &#8211; Terence Atmane &#8211; Gabriel Debru &#8211; Titouan Droguet &#8211; Mathys Erhard &#8211; Arthur Gea &#8211; Antoine Gibaudo &#8211; Sasha Gueymard Wayenburg &#8211; Harold Mayot<\/p>\n<p><strong>Dames :<\/strong> Audrey Albi\u00e9 &#8211; Lois Boisson &#8211; \u00c9meline Dartron &#8211; Fiona Ferro &#8211; Emma Lene &#8211; Daphn\u00e9e Mpetshi Perricard &#8211; Nina Radovanovic &#8211; Margaux Rouvroy &#8211; Alice Tubello<\/p>\n","protected":false},"excerpt":{"rendered":"<p>ROLAND-GARROS 2023 &#8211; Fin du suspense avec la r\u00e9v\u00e9lation des Tricolores invit\u00e9s pour Roland-Garros. Apr\u00e8s l&rsquo;imbroglio de la semaine derni\u00e8re, Beno\u00eet Paire et Hugo Gaston verront finalement tous deux le tableau final.\u00a0<\/p>\n","protected":false},"author":59,"featured_media":382499,"comment_status":"open","ping_status":"closed","sticky":false,"template":"","format":"standard","meta":{"_acf_changed":false,"_daextam_enable_autolinks":"","footnotes":""},"categories":[47090],"tags":[5942,16878,7819,4792],"class_list":["post-382497","post","type-post","status-publish","format-standard","has-post-thumbnail","hentry","category-roland-garros","tag-benoit-paire","tag-breve","tag-fft","tag-tennis-francais"],"acf":[],"yoast_head":"<!-- This site is optimized with the Yoast SEO Premium plugin v26.7 (Yoast SEO v26.7) - https:\/\/yoast.com\/wordpress\/plugins\/seo\/ -->\n<title>Roland-Garros 2023 : Les wildcards fran\u00e7aises connues, Beno\u00eet Paire a eu gain de cause<\/title>\n<meta name=\"description\" content=\"ROLAND-GARROS 2023 - Apr\u00e8s l&#039;imbroglio de la semaine derni\u00e8re, Beno\u00eet Paire et Hugo Gaston verront finalement tous deux le tableau final.\u00a0\" \/>\n<meta name=\"robots\" content=\"index, follow, max-snippet:-1, max-image-preview:large, max-video-preview:-1\" \/>\n<link rel=\"canonical\" href=\"https:\/\/dicodusport.fr\/blog\/roland-garros-2023-les-wildcards-francaises-connues-benoit-paire-a-eu-gain-de-cause\/\" \/>\n<meta property=\"og:locale\" content=\"fr_FR\" \/>\n<meta property=\"og:type\" content=\"article\" \/>\n<meta property=\"og:title\" content=\"Roland-Garros 2023 : Les wildcards fran\u00e7aises connues, Beno\u00eet Paire a eu gain de cause\" \/>\n<meta property=\"og:description\" content=\"ROLAND-GARROS 2023 - Apr\u00e8s l&#039;imbroglio de la semaine derni\u00e8re, Beno\u00eet Paire et Hugo Gaston verront finalement tous deux le tableau final.\u00a0\" \/>\n<meta property=\"og:url\" content=\"https:\/\/dicodusport.fr\/blog\/roland-garros-2023-les-wildcards-francaises-connues-benoit-paire-a-eu-gain-de-cause\/\" \/>\n<meta property=\"og:site_name\" content=\"Dicodusport\" \/>\n<meta property=\"article:publisher\" content=\"https:\/\/www.facebook.com\/dicodusport\" \/>\n<meta property=\"article:author\" content=\"https:\/\/www.facebook.com\/sebastien.gente\/\" \/>\n<meta property=\"article:published_time\" content=\"2023-05-15T14:16:40+00:00\" \/>\n<meta property=\"article:modified_time\" content=\"2023-05-15T15:36:39+00:00\" \/>\n<meta property=\"og:image\" content=\"https:\/\/dicodusport.fr\/blog\/wp-content\/uploads\/2023\/05\/Roland-Garros-2023-Les-wildcards-francaises-connues-Benoit-Paire-a-eu-gain-de-cause.png\" \/>\n\t<meta property=\"og:image:width\" content=\"800\" \/>\n\t<meta property=\"og:image:height\" content=\"445\" \/>\n\t<meta property=\"og:image:type\" content=\"image\/png\" \/>\n<meta name=\"author\" content=\"S\u00e9bastien Gente\" \/>\n<meta name=\"twitter:card\" content=\"summary_large_image\" \/>\n<meta name=\"twitter:title\" content=\"Roland-Garros 2023 : Les wildcards fran\u00e7aises connues, Beno\u00eet Paire a eu gain de cause\" \/>\n<meta name=\"twitter:creator\" content=\"@https:\/\/twitter.com\/globulo24\" \/>\n<meta name=\"twitter:site\" content=\"@dicodusport\" \/>\n<script type=\"application\/ld+json\" class=\"yoast-schema-graph\">{\"@context\":\"https:\/\/schema.org\",\"@graph\":[{\"@type\":\"NewsArticle\",\"@id\":\"https:\/\/dicodusport.fr\/blog\/roland-garros-2023-les-wildcards-francaises-connues-benoit-paire-a-eu-gain-de-cause\/#article\",\"isPartOf\":{\"@id\":\"https:\/\/dicodusport.fr\/blog\/roland-garros-2023-les-wildcards-francaises-connues-benoit-paire-a-eu-gain-de-cause\/\"},\"author\":{\"name\":\"S\u00e9bastien Gente\",\"@id\":\"https:\/\/dicodusport.fr\/blog\/#\/schema\/person\/627966a6cde45dbd8c5e36ac85d783da\"},\"headline\":\"Roland-Garros 2023 : Les wildcards fran\u00e7aises connues, Beno\u00eet Paire a eu gain de cause\",\"datePublished\":\"2023-05-15T14:16:40+00:00\",\"dateModified\":\"2023-05-15T15:36:39+00:00\",\"mainEntityOfPage\":{\"@id\":\"https:\/\/dicodusport.fr\/blog\/roland-garros-2023-les-wildcards-francaises-connues-benoit-paire-a-eu-gain-de-cause\/\"},\"wordCount\":419,\"commentCount\":0,\"publisher\":{\"@id\":\"https:\/\/dicodusport.fr\/blog\/#organization\"},\"image\":{\"@id\":\"https:\/\/dicodusport.fr\/blog\/roland-garros-2023-les-wildcards-francaises-connues-benoit-paire-a-eu-gain-de-cause\/#primaryimage\"},\"thumbnailUrl\":\"https:\/\/dicodusport.fr\/blog\/wp-content\/uploads\/2023\/05\/Roland-Garros-2023-Les-wildcards-francaises-connues-Benoit-Paire-a-eu-gain-de-cause.png\",\"keywords\":[\"Beno\u00eet Paire\",\"br\u00e8ve\",\"FFT\",\"Tennis fran\u00e7ais\"],\"articleSection\":[\"Roland-Garros\"],\"inLanguage\":\"fr-FR\",\"potentialAction\":[{\"@type\":\"CommentAction\",\"name\":\"Comment\",\"target\":[\"https:\/\/dicodusport.fr\/blog\/roland-garros-2023-les-wildcards-francaises-connues-benoit-paire-a-eu-gain-de-cause\/#respond\"]}],\"copyrightYear\":\"2023\",\"copyrightHolder\":{\"@id\":\"https:\/\/dicodusport.fr\/blog\/#organization\"}},{\"@type\":\"WebPage\",\"@id\":\"https:\/\/dicodusport.fr\/blog\/roland-garros-2023-les-wildcards-francaises-connues-benoit-paire-a-eu-gain-de-cause\/\",\"url\":\"https:\/\/dicodusport.fr\/blog\/roland-garros-2023-les-wildcards-francaises-connues-benoit-paire-a-eu-gain-de-cause\/\",\"name\":\"Roland-Garros 2023 : Les wildcards fran\u00e7aises connues, Beno\u00eet Paire a eu gain de cause\",\"isPartOf\":{\"@id\":\"https:\/\/dicodusport.fr\/blog\/#website\"},\"primaryImageOfPage\":{\"@id\":\"https:\/\/dicodusport.fr\/blog\/roland-garros-2023-les-wildcards-francaises-connues-benoit-paire-a-eu-gain-de-cause\/#primaryimage\"},\"image\":{\"@id\":\"https:\/\/dicodusport.fr\/blog\/roland-garros-2023-les-wildcards-francaises-connues-benoit-paire-a-eu-gain-de-cause\/#primaryimage\"},\"thumbnailUrl\":\"https:\/\/dicodusport.fr\/blog\/wp-content\/uploads\/2023\/05\/Roland-Garros-2023-Les-wildcards-francaises-connues-Benoit-Paire-a-eu-gain-de-cause.png\",\"datePublished\":\"2023-05-15T14:16:40+00:00\",\"dateModified\":\"2023-05-15T15:36:39+00:00\",\"description\":\"ROLAND-GARROS 2023 - Apr\u00e8s l'imbroglio de la semaine derni\u00e8re, Beno\u00eet Paire et Hugo Gaston verront finalement tous deux le tableau final.\u00a0\",\"breadcrumb\":{\"@id\":\"https:\/\/dicodusport.fr\/blog\/roland-garros-2023-les-wildcards-francaises-connues-benoit-paire-a-eu-gain-de-cause\/#breadcrumb\"},\"inLanguage\":\"fr-FR\",\"potentialAction\":[{\"@type\":\"ReadAction\",\"target\":[\"https:\/\/dicodusport.fr\/blog\/roland-garros-2023-les-wildcards-francaises-connues-benoit-paire-a-eu-gain-de-cause\/\"]}]},{\"@type\":\"ImageObject\",\"inLanguage\":\"fr-FR\",\"@id\":\"https:\/\/dicodusport.fr\/blog\/roland-garros-2023-les-wildcards-francaises-connues-benoit-paire-a-eu-gain-de-cause\/#primaryimage\",\"url\":\"https:\/\/dicodusport.fr\/blog\/wp-content\/uploads\/2023\/05\/Roland-Garros-2023-Les-wildcards-francaises-connues-Benoit-Paire-a-eu-gain-de-cause.png\",\"contentUrl\":\"https:\/\/dicodusport.fr\/blog\/wp-content\/uploads\/2023\/05\/Roland-Garros-2023-Les-wildcards-francaises-connues-Benoit-Paire-a-eu-gain-de-cause.png\",\"width\":800,\"height\":445,\"caption\":\"Roland-Garros 2023 Les wildcards fran\u00e7aises connues, Beno\u00eet Paire a eu gain de cause\"},{\"@type\":\"BreadcrumbList\",\"@id\":\"https:\/\/dicodusport.fr\/blog\/roland-garros-2023-les-wildcards-francaises-connues-benoit-paire-a-eu-gain-de-cause\/#breadcrumb\",\"itemListElement\":[{\"@type\":\"ListItem\",\"position\":1,\"name\":\"Accueil\",\"item\":\"https:\/\/dicodusport.fr\/blog\/\"},{\"@type\":\"ListItem\",\"position\":2,\"name\":\"Roland-Garros 2023 : Les wildcards fran\u00e7aises connues, Beno\u00eet Paire a eu gain de cause\"}]},{\"@type\":\"WebSite\",\"@id\":\"https:\/\/dicodusport.fr\/blog\/#website\",\"url\":\"https:\/\/dicodusport.fr\/blog\/\",\"name\":\"Dicodusport\",\"description\":\"L&#039;encyclop\u00e9die de l&#039;actualit\u00e9 sportive\",\"publisher\":{\"@id\":\"https:\/\/dicodusport.fr\/blog\/#organization\"},\"potentialAction\":[{\"@type\":\"SearchAction\",\"target\":{\"@type\":\"EntryPoint\",\"urlTemplate\":\"https:\/\/dicodusport.fr\/blog\/?s={search_term_string}\"},\"query-input\":{\"@type\":\"PropertyValueSpecification\",\"valueRequired\":true,\"valueName\":\"search_term_string\"}}],\"inLanguage\":\"fr-FR\"},{\"@type\":\"NewsMediaOrganization\",\"@id\":\"https:\/\/dicodusport.fr\/blog\/#organization\",\"name\":\"Dicodusport\",\"url\":\"https:\/\/dicodusport.fr\/blog\/\",\"logo\":{\"@type\":\"ImageObject\",\"inLanguage\":\"fr-FR\",\"@id\":\"https:\/\/dicodusport.fr\/blog\/#\/schema\/logo\/image\/\",\"url\":\"https:\/\/dicodusport.fr\/blog\/wp-content\/uploads\/2020\/06\/cropped-LOGO-DICODUSPORT-2020-SANS-FOND-SANS-TEXTE.png\",\"contentUrl\":\"https:\/\/dicodusport.fr\/blog\/wp-content\/uploads\/2020\/06\/cropped-LOGO-DICODUSPORT-2020-SANS-FOND-SANS-TEXTE.png\",\"width\":512,\"height\":512,\"caption\":\"Dicodusport\"},\"image\":{\"@id\":\"https:\/\/dicodusport.fr\/blog\/#\/schema\/logo\/image\/\"},\"sameAs\":[\"https:\/\/www.facebook.com\/dicodusport\",\"https:\/\/x.com\/dicodusport\",\"https:\/\/www.instagram.com\/dicodusport\/\",\"https:\/\/www.youtube.com\/channel\/UC7V2KZ5sd3htJivAbA4ZG3w\"],\"description\":\"Dicodusport est l'encyclop\u00e9die de l'actualit\u00e9 sportive.\",\"email\":\"bonjour@dicodusport.fr\",\"legalName\":\"DICODUSPORT\",\"foundingDate\":\"2018-01-14\",\"vatID\":\"FR71834470973\",\"taxID\":\"83447097300043\",\"numberOfEmployees\":{\"@type\":\"QuantitativeValue\",\"minValue\":\"1\",\"maxValue\":\"10\"}},{\"@type\":\"Person\",\"@id\":\"https:\/\/dicodusport.fr\/blog\/#\/schema\/person\/627966a6cde45dbd8c5e36ac85d783da\",\"name\":\"S\u00e9bastien Gente\",\"image\":{\"@type\":\"ImageObject\",\"inLanguage\":\"fr-FR\",\"@id\":\"https:\/\/dicodusport.fr\/blog\/#\/schema\/person\/image\/\",\"url\":\"https:\/\/dicodusport.fr\/blog\/wp-content\/uploads\/2021\/09\/1510990_10205810251400683_4124423575079401707_n-150x150.jpg\",\"contentUrl\":\"https:\/\/dicodusport.fr\/blog\/wp-content\/uploads\/2021\/09\/1510990_10205810251400683_4124423575079401707_n-150x150.jpg\",\"caption\":\"S\u00e9bastien Gente\"},\"description\":\"John Stockton, Gianni Bugno, Zinedine Zidane, Steffi Graf, Frode Andresen, St\u00e9phane Stoecklin, Davis Kamoga, Primoz Peterka, Werner Schlager et Aur\u00e9lien Rougerie. Point commun entre ces sportifs? Ils m'ont fait r\u00eaver et ont berc\u00e9 mon adolescence. Je suis un fondu de sports et j'essaie de retranscrire ma passion \u00e0 travers mes articles. Originaire du P\u00e9rigord, ma passion pour les Girondins, les Jaunards et les Jazzmen transpire dans mes \u00e9crits. \u00c0 Dicodusport depuis 2021, je d\u00e9niche les sports m\u00e9connus dans lesquels la France brille, et il y en a !\",\"sameAs\":[\"https:\/\/www.facebook.com\/sebastien.gente\/\",\"https:\/\/www.instagram.com\/sebgente\/\",\"https:\/\/www.linkedin.com\/in\/sbastien-gente-a29583169\/\",\"https:\/\/x.com\/https:\/\/twitter.com\/globulo24\",\"SebastienGente\"],\"worksFor\":\"S\u00e9bastien GENTE\",\"url\":\"https:\/\/dicodusport.fr\/blog\/author\/sebastiengente\/\"}]}<\/script>\n<!-- \/ Yoast SEO Premium plugin. -->","yoast_head_json":{"title":"Roland-Garros 2023 : Les wildcards fran\u00e7aises connues, Beno\u00eet Paire a eu gain de cause","description":"ROLAND-GARROS 2023 - Apr\u00e8s l'imbroglio de la semaine derni\u00e8re, Beno\u00eet Paire et Hugo Gaston verront finalement tous deux le tableau final.\u00a0","robots":{"index":"index","follow":"follow","max-snippet":"max-snippet:-1","max-image-preview":"max-image-preview:large","max-video-preview":"max-video-preview:-1"},"canonical":"https:\/\/dicodusport.fr\/blog\/roland-garros-2023-les-wildcards-francaises-connues-benoit-paire-a-eu-gain-de-cause\/","og_locale":"fr_FR","og_type":"article","og_title":"Roland-Garros 2023 : Les wildcards fran\u00e7aises connues, Beno\u00eet Paire a eu gain de cause","og_description":"ROLAND-GARROS 2023 - Apr\u00e8s l'imbroglio de la semaine derni\u00e8re, Beno\u00eet Paire et Hugo Gaston verront finalement tous deux le tableau final.\u00a0","og_url":"https:\/\/dicodusport.fr\/blog\/roland-garros-2023-les-wildcards-francaises-connues-benoit-paire-a-eu-gain-de-cause\/","og_site_name":"Dicodusport","article_publisher":"https:\/\/www.facebook.com\/dicodusport","article_author":"https:\/\/www.facebook.com\/sebastien.gente\/","article_published_time":"2023-05-15T14:16:40+00:00","article_modified_time":"2023-05-15T15:36:39+00:00","og_image":[{"width":800,"height":445,"url":"https:\/\/dicodusport.fr\/blog\/wp-content\/uploads\/2023\/05\/Roland-Garros-2023-Les-wildcards-francaises-connues-Benoit-Paire-a-eu-gain-de-cause.png","type":"image\/png"}],"author":"S\u00e9bastien Gente","twitter_card":"summary_large_image","twitter_title":"Roland-Garros 2023 : Les wildcards fran\u00e7aises connues, Beno\u00eet Paire a eu gain de cause","twitter_creator":"@https:\/\/twitter.com\/globulo24","twitter_site":"@dicodusport","schema":{"@context":"https:\/\/schema.org","@graph":[{"@type":"NewsArticle","@id":"https:\/\/dicodusport.fr\/blog\/roland-garros-2023-les-wildcards-francaises-connues-benoit-paire-a-eu-gain-de-cause\/#article","isPartOf":{"@id":"https:\/\/dicodusport.fr\/blog\/roland-garros-2023-les-wildcards-francaises-connues-benoit-paire-a-eu-gain-de-cause\/"},"author":{"name":"S\u00e9bastien Gente","@id":"https:\/\/dicodusport.fr\/blog\/#\/schema\/person\/627966a6cde45dbd8c5e36ac85d783da"},"headline":"Roland-Garros 2023 : Les wildcards fran\u00e7aises connues, Beno\u00eet Paire a eu gain de cause","datePublished":"2023-05-15T14:16:40+00:00","dateModified":"2023-05-15T15:36:39+00:00","mainEntityOfPage":{"@id":"https:\/\/dicodusport.fr\/blog\/roland-garros-2023-les-wildcards-francaises-connues-benoit-paire-a-eu-gain-de-cause\/"},"wordCount":419,"commentCount":0,"publisher":{"@id":"https:\/\/dicodusport.fr\/blog\/#organization"},"image":{"@id":"https:\/\/dicodusport.fr\/blog\/roland-garros-2023-les-wildcards-francaises-connues-benoit-paire-a-eu-gain-de-cause\/#primaryimage"},"thumbnailUrl":"https:\/\/dicodusport.fr\/blog\/wp-content\/uploads\/2023\/05\/Roland-Garros-2023-Les-wildcards-francaises-connues-Benoit-Paire-a-eu-gain-de-cause.png","keywords":["Beno\u00eet Paire","br\u00e8ve","FFT","Tennis fran\u00e7ais"],"articleSection":["Roland-Garros"],"inLanguage":"fr-FR","potentialAction":[{"@type":"CommentAction","name":"Comment","target":["https:\/\/dicodusport.fr\/blog\/roland-garros-2023-les-wildcards-francaises-connues-benoit-paire-a-eu-gain-de-cause\/#respond"]}],"copyrightYear":"2023","copyrightHolder":{"@id":"https:\/\/dicodusport.fr\/blog\/#organization"}},{"@type":"WebPage","@id":"https:\/\/dicodusport.fr\/blog\/roland-garros-2023-les-wildcards-francaises-connues-benoit-paire-a-eu-gain-de-cause\/","url":"https:\/\/dicodusport.fr\/blog\/roland-garros-2023-les-wildcards-francaises-connues-benoit-paire-a-eu-gain-de-cause\/","name":"Roland-Garros 2023 : Les wildcards fran\u00e7aises connues, Beno\u00eet Paire a eu gain de cause","isPartOf":{"@id":"https:\/\/dicodusport.fr\/blog\/#website"},"primaryImageOfPage":{"@id":"https:\/\/dicodusport.fr\/blog\/roland-garros-2023-les-wildcards-francaises-connues-benoit-paire-a-eu-gain-de-cause\/#primaryimage"},"image":{"@id":"https:\/\/dicodusport.fr\/blog\/roland-garros-2023-les-wildcards-francaises-connues-benoit-paire-a-eu-gain-de-cause\/#primaryimage"},"thumbnailUrl":"https:\/\/dicodusport.fr\/blog\/wp-content\/uploads\/2023\/05\/Roland-Garros-2023-Les-wildcards-francaises-connues-Benoit-Paire-a-eu-gain-de-cause.png","datePublished":"2023-05-15T14:16:40+00:00","dateModified":"2023-05-15T15:36:39+00:00","description":"ROLAND-GARROS 2023 - Apr\u00e8s l'imbroglio de la semaine derni\u00e8re, Beno\u00eet Paire et Hugo Gaston verront finalement tous deux le tableau final.\u00a0","breadcrumb":{"@id":"https:\/\/dicodusport.fr\/blog\/roland-garros-2023-les-wildcards-francaises-connues-benoit-paire-a-eu-gain-de-cause\/#breadcrumb"},"inLanguage":"fr-FR","potentialAction":[{"@type":"ReadAction","target":["https:\/\/dicodusport.fr\/blog\/roland-garros-2023-les-wildcards-francaises-connues-benoit-paire-a-eu-gain-de-cause\/"]}]},{"@type":"ImageObject","inLanguage":"fr-FR","@id":"https:\/\/dicodusport.fr\/blog\/roland-garros-2023-les-wildcards-francaises-connues-benoit-paire-a-eu-gain-de-cause\/#primaryimage","url":"https:\/\/dicodusport.fr\/blog\/wp-content\/uploads\/2023\/05\/Roland-Garros-2023-Les-wildcards-francaises-connues-Benoit-Paire-a-eu-gain-de-cause.png","contentUrl":"https:\/\/dicodusport.fr\/blog\/wp-content\/uploads\/2023\/05\/Roland-Garros-2023-Les-wildcards-francaises-connues-Benoit-Paire-a-eu-gain-de-cause.png","width":800,"height":445,"caption":"Roland-Garros 2023 Les wildcards fran\u00e7aises connues, Beno\u00eet Paire a eu gain de cause"},{"@type":"BreadcrumbList","@id":"https:\/\/dicodusport.fr\/blog\/roland-garros-2023-les-wildcards-francaises-connues-benoit-paire-a-eu-gain-de-cause\/#breadcrumb","itemListElement":[{"@type":"ListItem","position":1,"name":"Accueil","item":"https:\/\/dicodusport.fr\/blog\/"},{"@type":"ListItem","position":2,"name":"Roland-Garros 2023 : Les wildcards fran\u00e7aises connues, Beno\u00eet Paire a eu gain de cause"}]},{"@type":"WebSite","@id":"https:\/\/dicodusport.fr\/blog\/#website","url":"https:\/\/dicodusport.fr\/blog\/","name":"Dicodusport","description":"L&#039;encyclop\u00e9die de l&#039;actualit\u00e9 sportive","publisher":{"@id":"https:\/\/dicodusport.fr\/blog\/#organization"},"potentialAction":[{"@type":"SearchAction","target":{"@type":"EntryPoint","urlTemplate":"https:\/\/dicodusport.fr\/blog\/?s={search_term_string}"},"query-input":{"@type":"PropertyValueSpecification","valueRequired":true,"valueName":"search_term_string"}}],"inLanguage":"fr-FR"},{"@type":"NewsMediaOrganization","@id":"https:\/\/dicodusport.fr\/blog\/#organization","name":"Dicodusport","url":"https:\/\/dicodusport.fr\/blog\/","logo":{"@type":"ImageObject","inLanguage":"fr-FR","@id":"https:\/\/dicodusport.fr\/blog\/#\/schema\/logo\/image\/","url":"https:\/\/dicodusport.fr\/blog\/wp-content\/uploads\/2020\/06\/cropped-LOGO-DICODUSPORT-2020-SANS-FOND-SANS-TEXTE.png","contentUrl":"https:\/\/dicodusport.fr\/blog\/wp-content\/uploads\/2020\/06\/cropped-LOGO-DICODUSPORT-2020-SANS-FOND-SANS-TEXTE.png","width":512,"height":512,"caption":"Dicodusport"},"image":{"@id":"https:\/\/dicodusport.fr\/blog\/#\/schema\/logo\/image\/"},"sameAs":["https:\/\/www.facebook.com\/dicodusport","https:\/\/x.com\/dicodusport","https:\/\/www.instagram.com\/dicodusport\/","https:\/\/www.youtube.com\/channel\/UC7V2KZ5sd3htJivAbA4ZG3w"],"description":"Dicodusport est l'encyclop\u00e9die de l'actualit\u00e9 sportive.","email":"bonjour@dicodusport.fr","legalName":"DICODUSPORT","foundingDate":"2018-01-14","vatID":"FR71834470973","taxID":"83447097300043","numberOfEmployees":{"@type":"QuantitativeValue","minValue":"1","maxValue":"10"}},{"@type":"Person","@id":"https:\/\/dicodusport.fr\/blog\/#\/schema\/person\/627966a6cde45dbd8c5e36ac85d783da","name":"S\u00e9bastien Gente","image":{"@type":"ImageObject","inLanguage":"fr-FR","@id":"https:\/\/dicodusport.fr\/blog\/#\/schema\/person\/image\/","url":"https:\/\/dicodusport.fr\/blog\/wp-content\/uploads\/2021\/09\/1510990_10205810251400683_4124423575079401707_n-150x150.jpg","contentUrl":"https:\/\/dicodusport.fr\/blog\/wp-content\/uploads\/2021\/09\/1510990_10205810251400683_4124423575079401707_n-150x150.jpg","caption":"S\u00e9bastien Gente"},"description":"John Stockton, Gianni Bugno, Zinedine Zidane, Steffi Graf, Frode Andresen, St\u00e9phane Stoecklin, Davis Kamoga, Primoz Peterka, Werner Schlager et Aur\u00e9lien Rougerie. Point commun entre ces sportifs? Ils m'ont fait r\u00eaver et ont berc\u00e9 mon adolescence. Je suis un fondu de sports et j'essaie de retranscrire ma passion \u00e0 travers mes articles. Originaire du P\u00e9rigord, ma passion pour les Girondins, les Jaunards et les Jazzmen transpire dans mes \u00e9crits. \u00c0 Dicodusport depuis 2021, je d\u00e9niche les sports m\u00e9connus dans lesquels la France brille, et il y en a !","sameAs":["https:\/\/www.facebook.com\/sebastien.gente\/","https:\/\/www.instagram.com\/sebgente\/","https:\/\/www.linkedin.com\/in\/sbastien-gente-a29583169\/","https:\/\/x.com\/https:\/\/twitter.com\/globulo24","SebastienGente"],"worksFor":"S\u00e9bastien GENTE","url":"https:\/\/dicodusport.fr\/blog\/author\/sebastiengente\/"}]}},"_links":{"self":[{"href":"https:\/\/dicodusport.fr\/blog\/wp-json\/wp\/v2\/posts\/382497","targetHints":{"allow":["GET"]}}],"collection":[{"href":"https:\/\/dicodusport.fr\/blog\/wp-json\/wp\/v2\/posts"}],"about":[{"href":"https:\/\/dicodusport.fr\/blog\/wp-json\/wp\/v2\/types\/post"}],"author":[{"embeddable":true,"href":"https:\/\/dicodusport.fr\/blog\/wp-json\/wp\/v2\/users\/59"}],"replies":[{"embeddable":true,"href":"https:\/\/dicodusport.fr\/blog\/wp-json\/wp\/v2\/comments?post=382497"}],"version-history":[{"count":0,"href":"https:\/\/dicodusport.fr\/blog\/wp-json\/wp\/v2\/posts\/382497\/revisions"}],"wp:featuredmedia":[{"embeddable":true,"href":"https:\/\/dicodusport.fr\/blog\/wp-json\/wp\/v2\/media\/382499"}],"wp:attachment":[{"href":"https:\/\/dicodusport.fr\/blog\/wp-json\/wp\/v2\/media?parent=382497"}],"wp:term":[{"taxonomy":"category","embeddable":true,"href":"https:\/\/dicodusport.fr\/blog\/wp-json\/wp\/v2\/categories?post=382497"},{"taxonomy":"post_tag","embeddable":true,"href":"https:\/\/dicodusport.fr\/blog\/wp-json\/wp\/v2\/tags?post=382497"}],"curies":[{"name":"wp","href":"https:\/\/api.w.org\/{rel}","templated":true}]}}