{"id":382880,"date":"2023-05-17T13:14:23","date_gmt":"2023-05-17T11:14:23","guid":{"rendered":"https:\/\/dicodusport.fr\/blog\/?p=382880&#038;preview=true&#038;preview_id=382880"},"modified":"2023-05-17T13:55:53","modified_gmt":"2023-05-17T11:55:53","slug":"remco-evenepoel-ne-sera-pas-aligne-sur-le-tour-de-france-2023","status":"publish","type":"post","link":"https:\/\/dicodusport.fr\/blog\/remco-evenepoel-ne-sera-pas-aligne-sur-le-tour-de-france-2023\/","title":{"rendered":"Remco Evenepoel ne sera pas align\u00e9 sur le Tour de France 2023"},"content":{"rendered":"<p align=\"justify\"><em><strong>CYCLISME SUR ROUTE 2023 &#8211; Apr\u00e8s son abandon dimanche soir, pour cause de Covid-19, Remco Evenepoel\u00a0 (Soudal Quick-Step) n&rsquo;ira pas sur le Tour de France 2023, selon son manager g\u00e9n\u00e9ral Patrick Lefevere.<\/strong><\/em><\/p>\n<p align=\"justify\">Pas de<strong> Remco Evenepoel<\/strong> sur le Tour de France en juillet prochain. <strong>Patrick Lefevere<\/strong>, manager g\u00e9n\u00e9ral de la Soudal Quick-Step a formellement d\u00e9menti la pr\u00e9sence de son prodige belge sur la Grande Boucle (1er au 23 juillet). Alors qu&rsquo;il avait repris le maillot rose dimanche, \u00e0 l&rsquo;issue du second chrono qu&rsquo;il a remport\u00e9, <a href=\"https:\/\/dicodusport.fr\/blog\/remco-evenepoel-quitte-le-tour-ditalie-2023\/\">le coureur de 23 ans avait d\u00fb jeter l&rsquo;\u00e9ponge dans la foul\u00e9e<\/a>. \u00c0 cause d&rsquo;un test positif \u00e0 la Covid-19.<\/p>\n<p align=\"justify\">Depuis ce forfait qui a enflamm\u00e9 les r\u00e9seaux sociaux, la grande question \u00e9tait : allait-il \u00eatre align\u00e9 sur le Tour de France ? Pour y d\u00e9fier, entre autres,<strong> Tadej Pogacar<\/strong> (UAE-Team Emirates) et <strong>Jonas Vingegaard<\/strong> (Jumbo-Visma), les deux derniers vainqueurs en date. <a href=\"https:\/\/www.rtbf.be\/article\/patrick-lefevere-non-remco-evenepoel-nira-pas-au-tour-de-france-ce-ne-serait-pas-tres-intelligent-11199021\">Dans une interview accord\u00e9e \u00e0 nos confr\u00e8res belges de la <em>RTBF<\/em><\/a>, <strong>Patrick Lefevere<\/strong> a donc d\u00e9samorc\u00e9 toute rumeur.<\/p>\n<blockquote>\n<p align=\"justify\">Non, il ne sera pas au Tour de France. On ne va pas changer son programme, ce ne serait pas tr\u00e8s intelligent. C\u2019est un jeune mari\u00e9 et il a vu sa femme seulement une dizaine de jours. Le mieux pour lui est de r\u00e9cup\u00e9rer, se d\u00e9contracter. On va ensuite faire les examens de sant\u00e9 post-covid et refaire un programme. Il y aura les Mondiaux d\u00e9but ao\u00fbt.<\/p>\n<\/blockquote>\n<div class=\"vlp-link-container vlp-layout-article\"><a href=\"https:\/\/www.rtbf.be\/article\/patrick-lefevere-non-remco-evenepoel-nira-pas-au-tour-de-france-ce-ne-serait-pas-tres-intelligent-11199021\" class=\"vlp-link\" title=\"Patrick Lefevere\u00a0: \u2018Non, Remco Evenepoel n\u2019ira pas au Tour de France. Ce ne serait pas tr\u00e8s intelligent\u2026\u2019\" rel=\"nofollow\" target=\"_blank\"><\/a><div class=\"vlp-layout-zone-side\"><div class=\"vlp-block-4 vlp-link-image\"><img decoding=\"async\" src=\"https:\/\/ds.static.rtbf.be\/article\/image\/1920x1080\/c\/9\/1\/fd4c8e59b8a7add298869bd9fef2417c-1684316781.jpg\" style=\"max-width: 800px; max-height: 800px\" \/><\/div><\/div><div class=\"vlp-layout-zone-main\"><div class=\"vlp-block-0 vlp-link-title\">Patrick Lefevere\u00a0: \u2018Non, Remco Evenepoel n\u2019ira pas au Tour de France. Ce ne serait pas tr\u00e8s intelligent\u2026\u2019<\/div><div class=\"vlp-block-1 vlp-link-summary\">De retour sur le Giro, Patrick Lefevere a d\u00e9couvert une \u00e9quipe Soudal Quick-Step d\u00e9cim\u00e9e. Suite \u00e0 de nouveaux cas de\u2026<\/div><div class=\"vlp-block-2 vlp-link-button\">Lire l'article<\/div><div class=\"vlp-block-3 vlp-link-url\">www.rtbf.be<\/div><\/div><\/div>\n<p style=\"text-align: justify;\">Reste \u00e0 savoir d\u00e9sormais si <strong>Remco Evenepoel<\/strong> s&rsquo;alignera sur le prochain Tour d&rsquo;Espagne (26 ao\u00fbt au 17 septembre), dont il est le tenant du titre. La d\u00e9couverte de la Grande Boucle \u00e9tant toujours au programme pour la saison 2024. \u00c0 moins d&rsquo;un retour en Italie au printemps, afin d&rsquo;achever ce qu&rsquo;il n&rsquo;a pas termin\u00e9.<\/p>\n<h2 style=\"text-align: justify;\">\u00c0 lire aussi<\/h2>\n<ul>\n<li style=\"text-align: justify;\"><a href=\"https:\/\/dicodusport.fr\/blog\/tour-d-italie-2023-classement-general-maillot-rose\/\"><strong>Le classement g\u00e9n\u00e9ral du Tour d\u2019Italie 2023<\/strong><\/a><\/li>\n<\/ul>\n<p align=\"justify\">\n","protected":false},"excerpt":{"rendered":"<p>CYCLISME SUR ROUTE 2023 &#8211; Apr\u00e8s son abandon dimanche soir, pour cause de Covid-19, Remco Evenepoel\u00a0 (Soudal Quick-Step) n&rsquo;ira pas sur le Tour de France, selon son manager g\u00e9n\u00e9ral Patrick Lefevere.<\/p>\n","protected":false},"author":83,"featured_media":382885,"comment_status":"open","ping_status":"closed","sticky":false,"template":"","format":"standard","meta":{"_acf_changed":false,"_daextam_enable_autolinks":"","footnotes":""},"categories":[46995],"tags":[16878,574,11100,8420,28868],"class_list":["post-382880","post","type-post","status-publish","format-standard","has-post-thumbnail","hentry","category-tour-de-france","tag-breve","tag-cyclisme","tag-patrick-lefevere","tag-remco-evenepoel","tag-soudal-quick-step"],"acf":[],"yoast_head":"<!-- This site is optimized with the Yoast SEO Premium plugin v26.7 (Yoast SEO v26.7) - https:\/\/yoast.com\/wordpress\/plugins\/seo\/ -->\n<title>Remco Evenepoel ne sera pas align\u00e9 sur le Tour de France 2023<\/title>\n<meta name=\"description\" content=\"Apr\u00e8s son abandon dimanche soir, pour cause de Covid-19, Remco Evenepoel\u00a0 (Soudal Quick-Step) n&#039;ira pas sur le Tour de France.\" \/>\n<meta name=\"robots\" content=\"index, follow, max-snippet:-1, max-image-preview:large, max-video-preview:-1\" \/>\n<link rel=\"canonical\" href=\"https:\/\/dicodusport.fr\/blog\/remco-evenepoel-ne-sera-pas-aligne-sur-le-tour-de-france-2023\/\" \/>\n<meta property=\"og:locale\" content=\"fr_FR\" \/>\n<meta property=\"og:type\" content=\"article\" \/>\n<meta property=\"og:title\" content=\"Remco Evenepoel ne sera pas align\u00e9 sur le Tour de France 2023\" \/>\n<meta property=\"og:description\" content=\"Apr\u00e8s son abandon dimanche soir, pour cause de Covid-19, Remco Evenepoel\u00a0 (Soudal Quick-Step) n&#039;ira pas sur le Tour de France.\" \/>\n<meta property=\"og:url\" content=\"https:\/\/dicodusport.fr\/blog\/remco-evenepoel-ne-sera-pas-aligne-sur-le-tour-de-france-2023\/\" \/>\n<meta property=\"og:site_name\" content=\"Dicodusport\" \/>\n<meta property=\"article:publisher\" content=\"https:\/\/www.facebook.com\/dicodusport\" \/>\n<meta property=\"article:published_time\" content=\"2023-05-17T11:14:23+00:00\" \/>\n<meta property=\"article:modified_time\" content=\"2023-05-17T11:55:53+00:00\" \/>\n<meta property=\"og:image\" content=\"https:\/\/dicodusport.fr\/blog\/wp-content\/uploads\/2023\/05\/Tour-dItalie-2023-Remco-Evenepoel-nira-pas-sur-le-tour-selon-Patrick-Lefevere.png\" \/>\n\t<meta property=\"og:image:width\" content=\"800\" \/>\n\t<meta property=\"og:image:height\" content=\"445\" \/>\n\t<meta property=\"og:image:type\" content=\"image\/png\" \/>\n<meta name=\"author\" content=\"Etienne Goursaud\" \/>\n<meta name=\"twitter:card\" content=\"summary_large_image\" \/>\n<meta name=\"twitter:title\" content=\"Remco Evenepoel ne sera pas align\u00e9 sur le Tour de France 2023\" \/>\n<meta name=\"twitter:creator\" content=\"@dicodusport\" \/>\n<meta name=\"twitter:site\" content=\"@dicodusport\" \/>\n<script type=\"application\/ld+json\" class=\"yoast-schema-graph\">{\"@context\":\"https:\/\/schema.org\",\"@graph\":[{\"@type\":\"NewsArticle\",\"@id\":\"https:\/\/dicodusport.fr\/blog\/remco-evenepoel-ne-sera-pas-aligne-sur-le-tour-de-france-2023\/#article\",\"isPartOf\":{\"@id\":\"https:\/\/dicodusport.fr\/blog\/remco-evenepoel-ne-sera-pas-aligne-sur-le-tour-de-france-2023\/\"},\"author\":{\"name\":\"Etienne Goursaud\",\"@id\":\"https:\/\/dicodusport.fr\/blog\/#\/schema\/person\/d603dd7da31fb2b46c82b9835a77ec13\"},\"headline\":\"Remco Evenepoel ne sera pas align\u00e9 sur le Tour de France 2023\",\"datePublished\":\"2023-05-17T11:14:23+00:00\",\"dateModified\":\"2023-05-17T11:55:53+00:00\",\"mainEntityOfPage\":{\"@id\":\"https:\/\/dicodusport.fr\/blog\/remco-evenepoel-ne-sera-pas-aligne-sur-le-tour-de-france-2023\/\"},\"wordCount\":412,\"commentCount\":0,\"publisher\":{\"@id\":\"https:\/\/dicodusport.fr\/blog\/#organization\"},\"image\":{\"@id\":\"https:\/\/dicodusport.fr\/blog\/remco-evenepoel-ne-sera-pas-aligne-sur-le-tour-de-france-2023\/#primaryimage\"},\"thumbnailUrl\":\"https:\/\/dicodusport.fr\/blog\/wp-content\/uploads\/2023\/05\/Tour-dItalie-2023-Remco-Evenepoel-nira-pas-sur-le-tour-selon-Patrick-Lefevere.png\",\"keywords\":[\"br\u00e8ve\",\"Cyclisme\",\"Patrick Lefevere\",\"Remco Evenepoel\",\"Soudal Quick-Step\"],\"articleSection\":[\"Tour de France\"],\"inLanguage\":\"fr-FR\",\"potentialAction\":[{\"@type\":\"CommentAction\",\"name\":\"Comment\",\"target\":[\"https:\/\/dicodusport.fr\/blog\/remco-evenepoel-ne-sera-pas-aligne-sur-le-tour-de-france-2023\/#respond\"]}],\"copyrightYear\":\"2023\",\"copyrightHolder\":{\"@id\":\"https:\/\/dicodusport.fr\/blog\/#organization\"}},{\"@type\":\"WebPage\",\"@id\":\"https:\/\/dicodusport.fr\/blog\/remco-evenepoel-ne-sera-pas-aligne-sur-le-tour-de-france-2023\/\",\"url\":\"https:\/\/dicodusport.fr\/blog\/remco-evenepoel-ne-sera-pas-aligne-sur-le-tour-de-france-2023\/\",\"name\":\"Remco Evenepoel ne sera pas align\u00e9 sur le Tour de France 2023\",\"isPartOf\":{\"@id\":\"https:\/\/dicodusport.fr\/blog\/#website\"},\"primaryImageOfPage\":{\"@id\":\"https:\/\/dicodusport.fr\/blog\/remco-evenepoel-ne-sera-pas-aligne-sur-le-tour-de-france-2023\/#primaryimage\"},\"image\":{\"@id\":\"https:\/\/dicodusport.fr\/blog\/remco-evenepoel-ne-sera-pas-aligne-sur-le-tour-de-france-2023\/#primaryimage\"},\"thumbnailUrl\":\"https:\/\/dicodusport.fr\/blog\/wp-content\/uploads\/2023\/05\/Tour-dItalie-2023-Remco-Evenepoel-nira-pas-sur-le-tour-selon-Patrick-Lefevere.png\",\"datePublished\":\"2023-05-17T11:14:23+00:00\",\"dateModified\":\"2023-05-17T11:55:53+00:00\",\"description\":\"Apr\u00e8s son abandon dimanche soir, pour cause de Covid-19, Remco Evenepoel\u00a0 (Soudal Quick-Step) n'ira pas sur le Tour de France.\",\"breadcrumb\":{\"@id\":\"https:\/\/dicodusport.fr\/blog\/remco-evenepoel-ne-sera-pas-aligne-sur-le-tour-de-france-2023\/#breadcrumb\"},\"inLanguage\":\"fr-FR\",\"potentialAction\":[{\"@type\":\"ReadAction\",\"target\":[\"https:\/\/dicodusport.fr\/blog\/remco-evenepoel-ne-sera-pas-aligne-sur-le-tour-de-france-2023\/\"]}]},{\"@type\":\"ImageObject\",\"inLanguage\":\"fr-FR\",\"@id\":\"https:\/\/dicodusport.fr\/blog\/remco-evenepoel-ne-sera-pas-aligne-sur-le-tour-de-france-2023\/#primaryimage\",\"url\":\"https:\/\/dicodusport.fr\/blog\/wp-content\/uploads\/2023\/05\/Tour-dItalie-2023-Remco-Evenepoel-nira-pas-sur-le-tour-selon-Patrick-Lefevere.png\",\"contentUrl\":\"https:\/\/dicodusport.fr\/blog\/wp-content\/uploads\/2023\/05\/Tour-dItalie-2023-Remco-Evenepoel-nira-pas-sur-le-tour-selon-Patrick-Lefevere.png\",\"width\":800,\"height\":445,\"caption\":\"Tour d'Italie 2023 - Remco Evenepoel n'ira pas sur le tour selon Patrick Lef\u00e9v\u00e8re\"},{\"@type\":\"BreadcrumbList\",\"@id\":\"https:\/\/dicodusport.fr\/blog\/remco-evenepoel-ne-sera-pas-aligne-sur-le-tour-de-france-2023\/#breadcrumb\",\"itemListElement\":[{\"@type\":\"ListItem\",\"position\":1,\"name\":\"Accueil\",\"item\":\"https:\/\/dicodusport.fr\/blog\/\"},{\"@type\":\"ListItem\",\"position\":2,\"name\":\"Remco Evenepoel ne sera pas align\u00e9 sur le Tour de France 2023\"}]},{\"@type\":\"WebSite\",\"@id\":\"https:\/\/dicodusport.fr\/blog\/#website\",\"url\":\"https:\/\/dicodusport.fr\/blog\/\",\"name\":\"Dicodusport\",\"description\":\"L&#039;encyclop\u00e9die de l&#039;actualit\u00e9 sportive\",\"publisher\":{\"@id\":\"https:\/\/dicodusport.fr\/blog\/#organization\"},\"potentialAction\":[{\"@type\":\"SearchAction\",\"target\":{\"@type\":\"EntryPoint\",\"urlTemplate\":\"https:\/\/dicodusport.fr\/blog\/?s={search_term_string}\"},\"query-input\":{\"@type\":\"PropertyValueSpecification\",\"valueRequired\":true,\"valueName\":\"search_term_string\"}}],\"inLanguage\":\"fr-FR\"},{\"@type\":\"NewsMediaOrganization\",\"@id\":\"https:\/\/dicodusport.fr\/blog\/#organization\",\"name\":\"Dicodusport\",\"url\":\"https:\/\/dicodusport.fr\/blog\/\",\"logo\":{\"@type\":\"ImageObject\",\"inLanguage\":\"fr-FR\",\"@id\":\"https:\/\/dicodusport.fr\/blog\/#\/schema\/logo\/image\/\",\"url\":\"https:\/\/dicodusport.fr\/blog\/wp-content\/uploads\/2020\/06\/cropped-LOGO-DICODUSPORT-2020-SANS-FOND-SANS-TEXTE.png\",\"contentUrl\":\"https:\/\/dicodusport.fr\/blog\/wp-content\/uploads\/2020\/06\/cropped-LOGO-DICODUSPORT-2020-SANS-FOND-SANS-TEXTE.png\",\"width\":512,\"height\":512,\"caption\":\"Dicodusport\"},\"image\":{\"@id\":\"https:\/\/dicodusport.fr\/blog\/#\/schema\/logo\/image\/\"},\"sameAs\":[\"https:\/\/www.facebook.com\/dicodusport\",\"https:\/\/x.com\/dicodusport\",\"https:\/\/www.instagram.com\/dicodusport\/\",\"https:\/\/www.youtube.com\/channel\/UC7V2KZ5sd3htJivAbA4ZG3w\"],\"description\":\"Dicodusport est l'encyclop\u00e9die de l'actualit\u00e9 sportive.\",\"email\":\"bonjour@dicodusport.fr\",\"legalName\":\"DICODUSPORT\",\"foundingDate\":\"2018-01-14\",\"vatID\":\"FR71834470973\",\"taxID\":\"83447097300043\",\"numberOfEmployees\":{\"@type\":\"QuantitativeValue\",\"minValue\":\"1\",\"maxValue\":\"10\"}},{\"@type\":\"Person\",\"@id\":\"https:\/\/dicodusport.fr\/blog\/#\/schema\/person\/d603dd7da31fb2b46c82b9835a77ec13\",\"name\":\"Etienne Goursaud\",\"image\":{\"@type\":\"ImageObject\",\"inLanguage\":\"fr-FR\",\"@id\":\"https:\/\/dicodusport.fr\/blog\/#\/schema\/person\/image\/\",\"url\":\"https:\/\/dicodusport.fr\/blog\/wp-content\/uploads\/2023\/12\/410122264_10231602061736049_5565839791558026645_n-150x150.jpg\",\"contentUrl\":\"https:\/\/dicodusport.fr\/blog\/wp-content\/uploads\/2023\/12\/410122264_10231602061736049_5565839791558026645_n-150x150.jpg\",\"caption\":\"Etienne Goursaud\"},\"description\":\"Journaliste et amoureux de sport. Ancien footballeur reconverti athl\u00e8te quand ses muscles le laissent tranquille. \u00c9lev\u00e9 \u00e0 la sauce des exploits de Thomas Voeckler en 2004, du dernier essai de l\u00e9gende de Eunice Barber \u00e0 la longueur lors des championnats du monde d'athl\u00e9tisme de 2003 mais aussi Zidane, Omeyer et Titou Lamaison.\",\"url\":\"https:\/\/dicodusport.fr\/blog\/author\/etienne-goursaud\/\"}]}<\/script>\n<!-- \/ Yoast SEO Premium plugin. -->","yoast_head_json":{"title":"Remco Evenepoel ne sera pas align\u00e9 sur le Tour de France 2023","description":"Apr\u00e8s son abandon dimanche soir, pour cause de Covid-19, Remco Evenepoel\u00a0 (Soudal Quick-Step) n'ira pas sur le Tour de France.","robots":{"index":"index","follow":"follow","max-snippet":"max-snippet:-1","max-image-preview":"max-image-preview:large","max-video-preview":"max-video-preview:-1"},"canonical":"https:\/\/dicodusport.fr\/blog\/remco-evenepoel-ne-sera-pas-aligne-sur-le-tour-de-france-2023\/","og_locale":"fr_FR","og_type":"article","og_title":"Remco Evenepoel ne sera pas align\u00e9 sur le Tour de France 2023","og_description":"Apr\u00e8s son abandon dimanche soir, pour cause de Covid-19, Remco Evenepoel\u00a0 (Soudal Quick-Step) n'ira pas sur le Tour de France.","og_url":"https:\/\/dicodusport.fr\/blog\/remco-evenepoel-ne-sera-pas-aligne-sur-le-tour-de-france-2023\/","og_site_name":"Dicodusport","article_publisher":"https:\/\/www.facebook.com\/dicodusport","article_published_time":"2023-05-17T11:14:23+00:00","article_modified_time":"2023-05-17T11:55:53+00:00","og_image":[{"width":800,"height":445,"url":"https:\/\/dicodusport.fr\/blog\/wp-content\/uploads\/2023\/05\/Tour-dItalie-2023-Remco-Evenepoel-nira-pas-sur-le-tour-selon-Patrick-Lefevere.png","type":"image\/png"}],"author":"Etienne Goursaud","twitter_card":"summary_large_image","twitter_title":"Remco Evenepoel ne sera pas align\u00e9 sur le Tour de France 2023","twitter_creator":"@dicodusport","twitter_site":"@dicodusport","schema":{"@context":"https:\/\/schema.org","@graph":[{"@type":"NewsArticle","@id":"https:\/\/dicodusport.fr\/blog\/remco-evenepoel-ne-sera-pas-aligne-sur-le-tour-de-france-2023\/#article","isPartOf":{"@id":"https:\/\/dicodusport.fr\/blog\/remco-evenepoel-ne-sera-pas-aligne-sur-le-tour-de-france-2023\/"},"author":{"name":"Etienne Goursaud","@id":"https:\/\/dicodusport.fr\/blog\/#\/schema\/person\/d603dd7da31fb2b46c82b9835a77ec13"},"headline":"Remco Evenepoel ne sera pas align\u00e9 sur le Tour de France 2023","datePublished":"2023-05-17T11:14:23+00:00","dateModified":"2023-05-17T11:55:53+00:00","mainEntityOfPage":{"@id":"https:\/\/dicodusport.fr\/blog\/remco-evenepoel-ne-sera-pas-aligne-sur-le-tour-de-france-2023\/"},"wordCount":412,"commentCount":0,"publisher":{"@id":"https:\/\/dicodusport.fr\/blog\/#organization"},"image":{"@id":"https:\/\/dicodusport.fr\/blog\/remco-evenepoel-ne-sera-pas-aligne-sur-le-tour-de-france-2023\/#primaryimage"},"thumbnailUrl":"https:\/\/dicodusport.fr\/blog\/wp-content\/uploads\/2023\/05\/Tour-dItalie-2023-Remco-Evenepoel-nira-pas-sur-le-tour-selon-Patrick-Lefevere.png","keywords":["br\u00e8ve","Cyclisme","Patrick Lefevere","Remco Evenepoel","Soudal Quick-Step"],"articleSection":["Tour de France"],"inLanguage":"fr-FR","potentialAction":[{"@type":"CommentAction","name":"Comment","target":["https:\/\/dicodusport.fr\/blog\/remco-evenepoel-ne-sera-pas-aligne-sur-le-tour-de-france-2023\/#respond"]}],"copyrightYear":"2023","copyrightHolder":{"@id":"https:\/\/dicodusport.fr\/blog\/#organization"}},{"@type":"WebPage","@id":"https:\/\/dicodusport.fr\/blog\/remco-evenepoel-ne-sera-pas-aligne-sur-le-tour-de-france-2023\/","url":"https:\/\/dicodusport.fr\/blog\/remco-evenepoel-ne-sera-pas-aligne-sur-le-tour-de-france-2023\/","name":"Remco Evenepoel ne sera pas align\u00e9 sur le Tour de France 2023","isPartOf":{"@id":"https:\/\/dicodusport.fr\/blog\/#website"},"primaryImageOfPage":{"@id":"https:\/\/dicodusport.fr\/blog\/remco-evenepoel-ne-sera-pas-aligne-sur-le-tour-de-france-2023\/#primaryimage"},"image":{"@id":"https:\/\/dicodusport.fr\/blog\/remco-evenepoel-ne-sera-pas-aligne-sur-le-tour-de-france-2023\/#primaryimage"},"thumbnailUrl":"https:\/\/dicodusport.fr\/blog\/wp-content\/uploads\/2023\/05\/Tour-dItalie-2023-Remco-Evenepoel-nira-pas-sur-le-tour-selon-Patrick-Lefevere.png","datePublished":"2023-05-17T11:14:23+00:00","dateModified":"2023-05-17T11:55:53+00:00","description":"Apr\u00e8s son abandon dimanche soir, pour cause de Covid-19, Remco Evenepoel\u00a0 (Soudal Quick-Step) n'ira pas sur le Tour de France.","breadcrumb":{"@id":"https:\/\/dicodusport.fr\/blog\/remco-evenepoel-ne-sera-pas-aligne-sur-le-tour-de-france-2023\/#breadcrumb"},"inLanguage":"fr-FR","potentialAction":[{"@type":"ReadAction","target":["https:\/\/dicodusport.fr\/blog\/remco-evenepoel-ne-sera-pas-aligne-sur-le-tour-de-france-2023\/"]}]},{"@type":"ImageObject","inLanguage":"fr-FR","@id":"https:\/\/dicodusport.fr\/blog\/remco-evenepoel-ne-sera-pas-aligne-sur-le-tour-de-france-2023\/#primaryimage","url":"https:\/\/dicodusport.fr\/blog\/wp-content\/uploads\/2023\/05\/Tour-dItalie-2023-Remco-Evenepoel-nira-pas-sur-le-tour-selon-Patrick-Lefevere.png","contentUrl":"https:\/\/dicodusport.fr\/blog\/wp-content\/uploads\/2023\/05\/Tour-dItalie-2023-Remco-Evenepoel-nira-pas-sur-le-tour-selon-Patrick-Lefevere.png","width":800,"height":445,"caption":"Tour d'Italie 2023 - Remco Evenepoel n'ira pas sur le tour selon Patrick Lef\u00e9v\u00e8re"},{"@type":"BreadcrumbList","@id":"https:\/\/dicodusport.fr\/blog\/remco-evenepoel-ne-sera-pas-aligne-sur-le-tour-de-france-2023\/#breadcrumb","itemListElement":[{"@type":"ListItem","position":1,"name":"Accueil","item":"https:\/\/dicodusport.fr\/blog\/"},{"@type":"ListItem","position":2,"name":"Remco Evenepoel ne sera pas align\u00e9 sur le Tour de France 2023"}]},{"@type":"WebSite","@id":"https:\/\/dicodusport.fr\/blog\/#website","url":"https:\/\/dicodusport.fr\/blog\/","name":"Dicodusport","description":"L&#039;encyclop\u00e9die de l&#039;actualit\u00e9 sportive","publisher":{"@id":"https:\/\/dicodusport.fr\/blog\/#organization"},"potentialAction":[{"@type":"SearchAction","target":{"@type":"EntryPoint","urlTemplate":"https:\/\/dicodusport.fr\/blog\/?s={search_term_string}"},"query-input":{"@type":"PropertyValueSpecification","valueRequired":true,"valueName":"search_term_string"}}],"inLanguage":"fr-FR"},{"@type":"NewsMediaOrganization","@id":"https:\/\/dicodusport.fr\/blog\/#organization","name":"Dicodusport","url":"https:\/\/dicodusport.fr\/blog\/","logo":{"@type":"ImageObject","inLanguage":"fr-FR","@id":"https:\/\/dicodusport.fr\/blog\/#\/schema\/logo\/image\/","url":"https:\/\/dicodusport.fr\/blog\/wp-content\/uploads\/2020\/06\/cropped-LOGO-DICODUSPORT-2020-SANS-FOND-SANS-TEXTE.png","contentUrl":"https:\/\/dicodusport.fr\/blog\/wp-content\/uploads\/2020\/06\/cropped-LOGO-DICODUSPORT-2020-SANS-FOND-SANS-TEXTE.png","width":512,"height":512,"caption":"Dicodusport"},"image":{"@id":"https:\/\/dicodusport.fr\/blog\/#\/schema\/logo\/image\/"},"sameAs":["https:\/\/www.facebook.com\/dicodusport","https:\/\/x.com\/dicodusport","https:\/\/www.instagram.com\/dicodusport\/","https:\/\/www.youtube.com\/channel\/UC7V2KZ5sd3htJivAbA4ZG3w"],"description":"Dicodusport est l'encyclop\u00e9die de l'actualit\u00e9 sportive.","email":"bonjour@dicodusport.fr","legalName":"DICODUSPORT","foundingDate":"2018-01-14","vatID":"FR71834470973","taxID":"83447097300043","numberOfEmployees":{"@type":"QuantitativeValue","minValue":"1","maxValue":"10"}},{"@type":"Person","@id":"https:\/\/dicodusport.fr\/blog\/#\/schema\/person\/d603dd7da31fb2b46c82b9835a77ec13","name":"Etienne Goursaud","image":{"@type":"ImageObject","inLanguage":"fr-FR","@id":"https:\/\/dicodusport.fr\/blog\/#\/schema\/person\/image\/","url":"https:\/\/dicodusport.fr\/blog\/wp-content\/uploads\/2023\/12\/410122264_10231602061736049_5565839791558026645_n-150x150.jpg","contentUrl":"https:\/\/dicodusport.fr\/blog\/wp-content\/uploads\/2023\/12\/410122264_10231602061736049_5565839791558026645_n-150x150.jpg","caption":"Etienne Goursaud"},"description":"Journaliste et amoureux de sport. Ancien footballeur reconverti athl\u00e8te quand ses muscles le laissent tranquille. \u00c9lev\u00e9 \u00e0 la sauce des exploits de Thomas Voeckler en 2004, du dernier essai de l\u00e9gende de Eunice Barber \u00e0 la longueur lors des championnats du monde d'athl\u00e9tisme de 2003 mais aussi Zidane, Omeyer et Titou Lamaison.","url":"https:\/\/dicodusport.fr\/blog\/author\/etienne-goursaud\/"}]}},"_links":{"self":[{"href":"https:\/\/dicodusport.fr\/blog\/wp-json\/wp\/v2\/posts\/382880","targetHints":{"allow":["GET"]}}],"collection":[{"href":"https:\/\/dicodusport.fr\/blog\/wp-json\/wp\/v2\/posts"}],"about":[{"href":"https:\/\/dicodusport.fr\/blog\/wp-json\/wp\/v2\/types\/post"}],"author":[{"embeddable":true,"href":"https:\/\/dicodusport.fr\/blog\/wp-json\/wp\/v2\/users\/83"}],"replies":[{"embeddable":true,"href":"https:\/\/dicodusport.fr\/blog\/wp-json\/wp\/v2\/comments?post=382880"}],"version-history":[{"count":0,"href":"https:\/\/dicodusport.fr\/blog\/wp-json\/wp\/v2\/posts\/382880\/revisions"}],"wp:featuredmedia":[{"embeddable":true,"href":"https:\/\/dicodusport.fr\/blog\/wp-json\/wp\/v2\/media\/382885"}],"wp:attachment":[{"href":"https:\/\/dicodusport.fr\/blog\/wp-json\/wp\/v2\/media?parent=382880"}],"wp:term":[{"taxonomy":"category","embeddable":true,"href":"https:\/\/dicodusport.fr\/blog\/wp-json\/wp\/v2\/categories?post=382880"},{"taxonomy":"post_tag","embeddable":true,"href":"https:\/\/dicodusport.fr\/blog\/wp-json\/wp\/v2\/tags?post=382880"}],"curies":[{"name":"wp","href":"https:\/\/api.w.org\/{rel}","templated":true}]}}