{"id":382919,"date":"2023-05-17T14:37:12","date_gmt":"2023-05-17T12:37:12","guid":{"rendered":"https:\/\/dicodusport.fr\/blog\/?p=382919&#038;preview=true&#038;preview_id=382919"},"modified":"2023-05-17T15:57:29","modified_gmt":"2023-05-17T13:57:29","slug":"teddy-riner-naurait-pas-du-etre-champion-du-monde-2023","status":"publish","type":"post","link":"https:\/\/dicodusport.fr\/blog\/teddy-riner-naurait-pas-du-etre-champion-du-monde-2023\/","title":{"rendered":"Judo : Teddy Riner n&rsquo;aurait pas d\u00fb \u00eatre champion du monde 2023"},"content":{"rendered":"<p align=\"justify\"><em><strong><a href=\"https:\/\/dicodusport.fr\/blog\/judo-championnats-du-monde-2023-programme-et-resultats\/\">MONDIAUX DE JUDO 2023<\/a> &#8211; Si rien n&rsquo;enl\u00e8vera \u00e0 Teddy Riner son onzi\u00e8me titre de champion du monde, la F\u00e9d\u00e9ration Internationale de Judo a reconnu que le Fran\u00e7ais aurait d\u00fb perdre en finale.\u00a0<\/strong><\/em><\/p>\n<p align=\"justify\"><a href=\"https:\/\/dicodusport.fr\/blog\/retour-gagnant-pour-teddy-riner-qui-remporte-un-11e-titre-mondial\/\"><strong>Teddy Riner<\/strong> va \u00e9videmment garder son titre<\/a>. Mais le communiqu\u00e9 de la <strong>F\u00e9d\u00e9ration Internationale de Judo<\/strong> est rare pour ne pas \u00eatre signal\u00e9. Le Russe <strong>Inal<\/strong> <strong>Tasoev<\/strong> aurait donc d\u00fb \u00eatre champion du monde, si les arbitres de la finale ne s&rsquo;\u00e9taient pas tromp\u00e9s. C&rsquo;est ce que le communiqu\u00e9 de l&rsquo;IJF, publi\u00e9 aujourd&rsquo;hui, explique.<\/p>\n<blockquote>\n<p align=\"justify\">L&rsquo;attaque de Teddy Riner, en judogi blanc, a \u00e9t\u00e9 bloqu\u00e9e et contr\u00e9e par Inal Tasoev, en judogi bleu. La d\u00e9cision \u00e9tait de continuer le combat, sans attribuer de valeur pour la contre-attaque. Apr\u00e8s la comp\u00e9tition, compte tenu des r\u00e8gles d&rsquo;arbitrage en vigueur et de l&rsquo;avis des experts du judo, nous constatons qu&rsquo;une valeur pour la contre-attaque de Tasoev pourrait \u00eatre attribu\u00e9e. Par la pr\u00e9sente, la Commission d&rsquo;arbitrage de la FIJ s&rsquo;excuse profond\u00e9ment pour sa d\u00e9cision et informe que ce type d&rsquo;action sera comptabilis\u00e9 \u00e0 l&rsquo;avenir, conform\u00e9ment aux r\u00e8gles actuelles du judo.<\/p>\n<\/blockquote>\n<h2 style=\"text-align: justify;\" align=\"justify\">Rappel des faits<\/h2>\n<p align=\"justify\">Pour rappel, au d\u00e9but du Golden Score, le Russe a r\u00e9alis\u00e9 un contre et fait basculer <strong>Teddy<\/strong> <strong>Riner<\/strong> sur l&rsquo;\u00e9paule. Les commentateurs avaient expliqu\u00e9 que rien n&rsquo;avait \u00e9t\u00e9 retenu par les arbitres, car les pieds du <strong>Russe<\/strong> n&rsquo;\u00e9taient plus au sol. La F\u00e9d\u00e9ration Internationale de Judo n&rsquo;est pas de cet avis et a ainsi publi\u00e9 un communiqu\u00e9 pour rectifier son erreur, et dire qu&rsquo;\u00e0 l&rsquo;avenir, ces s\u00e9quences seront bien comptabilis\u00e9es.<\/p>\n<p align=\"justify\">Il est trop tard pour r\u00e9\u00e9crire l&rsquo;histoire, et <strong>Inal<\/strong> <strong>Tasoev<\/strong> ne r\u00e9cup\u00e9rera pas le titre de champion du monde. <strong>Teddy<\/strong> <strong>Riner<\/strong> est lui pr\u00e9venu que le <strong>Russe<\/strong> sera un adversaire redoutable pour les futures \u00e9ch\u00e9ances.<\/p>\n<blockquote class=\"twitter-tweet\">\n<p dir=\"ltr\" lang=\"fr\">\ud83e\udd4b La F\u00e9d\u00e9ration internationale de judo admet une erreur d&rsquo;arbitrage sur une contre-attaque port\u00e9e par Inal Tasoev contre Teddy Riner. Et qui aurait pu co\u00fbter le titre au Fran\u00e7ais.<a href=\"https:\/\/t.co\/X1cta1r4ly\">https:\/\/t.co\/X1cta1r4ly<\/a><\/p>\n<p>\u2014 RMC Sport (@RMCsport) <a href=\"https:\/\/twitter.com\/RMCsport\/status\/1658799697484476417?ref_src=twsrc%5Etfw\">May 17, 2023<\/a><\/p><\/blockquote>\n<p><script async src=\"https:\/\/platform.twitter.com\/widgets.js\" charset=\"utf-8\"><\/script><\/p>\n","protected":false},"excerpt":{"rendered":"<p>MONDIAUX DE JUDO 2023 &#8211; Si rien n&rsquo;enl\u00e8vera \u00e0 Teddy Riner son onzi\u00e8me titre de champion du monde, la F\u00e9d\u00e9ration Internationale de Judo a reconnu que le Fran\u00e7ais aurait d\u00fb perdre en finale.\u00a0\u00a0<\/p>\n","protected":false},"author":1,"featured_media":382926,"comment_status":"open","ping_status":"closed","sticky":false,"template":"","format":"standard","meta":{"_acf_changed":false,"_daextam_enable_autolinks":"","footnotes":""},"categories":[8651],"tags":[16878,68,1798,1787],"class_list":["post-382919","post","type-post","status-publish","format-standard","has-post-thumbnail","hentry","category-judo","tag-breve","tag-judo","tag-riner","tag-teddy-riner"],"acf":[],"yoast_head":"<!-- This site is optimized with the Yoast SEO Premium plugin v26.7 (Yoast SEO v26.7) - https:\/\/yoast.com\/wordpress\/plugins\/seo\/ -->\n<title>Judo : Teddy Riner n&#039;aurait pas d\u00fb \u00eatre champion du monde 2023<\/title>\n<meta name=\"description\" content=\"MONDIAUX DE JUDO 2023 - La F\u00e9d\u00e9ration Internationale de Judo a reconnu que le Fran\u00e7ais aurait d\u00fb perdre en finale.\u00a0\" \/>\n<meta name=\"robots\" content=\"index, follow, max-snippet:-1, max-image-preview:large, max-video-preview:-1\" \/>\n<link rel=\"canonical\" href=\"https:\/\/dicodusport.fr\/blog\/teddy-riner-naurait-pas-du-etre-champion-du-monde-2023\/\" \/>\n<meta property=\"og:locale\" content=\"fr_FR\" \/>\n<meta property=\"og:type\" content=\"article\" \/>\n<meta property=\"og:title\" content=\"Judo : Teddy Riner n&#039;aurait pas d\u00fb \u00eatre champion du monde 2023\" \/>\n<meta property=\"og:description\" content=\"MONDIAUX DE JUDO 2023 - La F\u00e9d\u00e9ration Internationale de Judo a reconnu que le Fran\u00e7ais aurait d\u00fb perdre en finale.\u00a0\" \/>\n<meta property=\"og:url\" content=\"https:\/\/dicodusport.fr\/blog\/teddy-riner-naurait-pas-du-etre-champion-du-monde-2023\/\" \/>\n<meta property=\"og:site_name\" content=\"Dicodusport\" \/>\n<meta property=\"article:publisher\" content=\"https:\/\/www.facebook.com\/dicodusport\" \/>\n<meta property=\"article:author\" content=\"https:\/\/www.facebook.com\/dicodusport\" \/>\n<meta property=\"article:published_time\" content=\"2023-05-17T12:37:12+00:00\" \/>\n<meta property=\"article:modified_time\" content=\"2023-05-17T13:57:29+00:00\" \/>\n<meta property=\"og:image\" content=\"https:\/\/dicodusport.fr\/blog\/wp-content\/uploads\/2023\/05\/Teddy-Riner-naurait-pas-du-etre-champion-du-monde-2023.png\" \/>\n\t<meta property=\"og:image:width\" content=\"800\" \/>\n\t<meta property=\"og:image:height\" content=\"445\" \/>\n\t<meta property=\"og:image:type\" content=\"image\/png\" \/>\n<meta name=\"author\" content=\"Nicolas Jacquemard\" \/>\n<meta name=\"twitter:card\" content=\"summary_large_image\" \/>\n<meta name=\"twitter:title\" content=\"Judo : Teddy Riner n&#039;aurait pas d\u00fb \u00eatre champion du monde 2023\" \/>\n<meta name=\"twitter:creator\" content=\"@https:\/\/twitter.com\/Nico_Jacquemard\" \/>\n<meta name=\"twitter:site\" content=\"@dicodusport\" \/>\n<script type=\"application\/ld+json\" class=\"yoast-schema-graph\">{\"@context\":\"https:\/\/schema.org\",\"@graph\":[{\"@type\":\"NewsArticle\",\"@id\":\"https:\/\/dicodusport.fr\/blog\/teddy-riner-naurait-pas-du-etre-champion-du-monde-2023\/#article\",\"isPartOf\":{\"@id\":\"https:\/\/dicodusport.fr\/blog\/teddy-riner-naurait-pas-du-etre-champion-du-monde-2023\/\"},\"author\":{\"name\":\"Nicolas Jacquemard\",\"@id\":\"https:\/\/dicodusport.fr\/blog\/#\/schema\/person\/55dcb50ad410894e431ed812bbb70191\"},\"headline\":\"Judo : Teddy Riner n&rsquo;aurait pas d\u00fb \u00eatre champion du monde 2023\",\"datePublished\":\"2023-05-17T12:37:12+00:00\",\"dateModified\":\"2023-05-17T13:57:29+00:00\",\"mainEntityOfPage\":{\"@id\":\"https:\/\/dicodusport.fr\/blog\/teddy-riner-naurait-pas-du-etre-champion-du-monde-2023\/\"},\"wordCount\":389,\"commentCount\":0,\"publisher\":{\"@id\":\"https:\/\/dicodusport.fr\/blog\/#organization\"},\"image\":{\"@id\":\"https:\/\/dicodusport.fr\/blog\/teddy-riner-naurait-pas-du-etre-champion-du-monde-2023\/#primaryimage\"},\"thumbnailUrl\":\"https:\/\/dicodusport.fr\/blog\/wp-content\/uploads\/2023\/05\/Teddy-Riner-naurait-pas-du-etre-champion-du-monde-2023.png\",\"keywords\":[\"br\u00e8ve\",\"Judo\",\"riner\",\"Teddy Riner\"],\"articleSection\":[\"Judo\"],\"inLanguage\":\"fr-FR\",\"potentialAction\":[{\"@type\":\"CommentAction\",\"name\":\"Comment\",\"target\":[\"https:\/\/dicodusport.fr\/blog\/teddy-riner-naurait-pas-du-etre-champion-du-monde-2023\/#respond\"]}],\"copyrightYear\":\"2023\",\"copyrightHolder\":{\"@id\":\"https:\/\/dicodusport.fr\/blog\/#organization\"}},{\"@type\":\"WebPage\",\"@id\":\"https:\/\/dicodusport.fr\/blog\/teddy-riner-naurait-pas-du-etre-champion-du-monde-2023\/\",\"url\":\"https:\/\/dicodusport.fr\/blog\/teddy-riner-naurait-pas-du-etre-champion-du-monde-2023\/\",\"name\":\"Judo : Teddy Riner n'aurait pas d\u00fb \u00eatre champion du monde 2023\",\"isPartOf\":{\"@id\":\"https:\/\/dicodusport.fr\/blog\/#website\"},\"primaryImageOfPage\":{\"@id\":\"https:\/\/dicodusport.fr\/blog\/teddy-riner-naurait-pas-du-etre-champion-du-monde-2023\/#primaryimage\"},\"image\":{\"@id\":\"https:\/\/dicodusport.fr\/blog\/teddy-riner-naurait-pas-du-etre-champion-du-monde-2023\/#primaryimage\"},\"thumbnailUrl\":\"https:\/\/dicodusport.fr\/blog\/wp-content\/uploads\/2023\/05\/Teddy-Riner-naurait-pas-du-etre-champion-du-monde-2023.png\",\"datePublished\":\"2023-05-17T12:37:12+00:00\",\"dateModified\":\"2023-05-17T13:57:29+00:00\",\"description\":\"MONDIAUX DE JUDO 2023 - La F\u00e9d\u00e9ration Internationale de Judo a reconnu que le Fran\u00e7ais aurait d\u00fb perdre en finale.\u00a0\",\"breadcrumb\":{\"@id\":\"https:\/\/dicodusport.fr\/blog\/teddy-riner-naurait-pas-du-etre-champion-du-monde-2023\/#breadcrumb\"},\"inLanguage\":\"fr-FR\",\"potentialAction\":[{\"@type\":\"ReadAction\",\"target\":[\"https:\/\/dicodusport.fr\/blog\/teddy-riner-naurait-pas-du-etre-champion-du-monde-2023\/\"]}]},{\"@type\":\"ImageObject\",\"inLanguage\":\"fr-FR\",\"@id\":\"https:\/\/dicodusport.fr\/blog\/teddy-riner-naurait-pas-du-etre-champion-du-monde-2023\/#primaryimage\",\"url\":\"https:\/\/dicodusport.fr\/blog\/wp-content\/uploads\/2023\/05\/Teddy-Riner-naurait-pas-du-etre-champion-du-monde-2023.png\",\"contentUrl\":\"https:\/\/dicodusport.fr\/blog\/wp-content\/uploads\/2023\/05\/Teddy-Riner-naurait-pas-du-etre-champion-du-monde-2023.png\",\"width\":800,\"height\":445},{\"@type\":\"BreadcrumbList\",\"@id\":\"https:\/\/dicodusport.fr\/blog\/teddy-riner-naurait-pas-du-etre-champion-du-monde-2023\/#breadcrumb\",\"itemListElement\":[{\"@type\":\"ListItem\",\"position\":1,\"name\":\"Accueil\",\"item\":\"https:\/\/dicodusport.fr\/blog\/\"},{\"@type\":\"ListItem\",\"position\":2,\"name\":\"Judo : Teddy Riner n&rsquo;aurait pas d\u00fb \u00eatre champion du monde 2023\"}]},{\"@type\":\"WebSite\",\"@id\":\"https:\/\/dicodusport.fr\/blog\/#website\",\"url\":\"https:\/\/dicodusport.fr\/blog\/\",\"name\":\"Dicodusport\",\"description\":\"L&#039;encyclop\u00e9die de l&#039;actualit\u00e9 sportive\",\"publisher\":{\"@id\":\"https:\/\/dicodusport.fr\/blog\/#organization\"},\"potentialAction\":[{\"@type\":\"SearchAction\",\"target\":{\"@type\":\"EntryPoint\",\"urlTemplate\":\"https:\/\/dicodusport.fr\/blog\/?s={search_term_string}\"},\"query-input\":{\"@type\":\"PropertyValueSpecification\",\"valueRequired\":true,\"valueName\":\"search_term_string\"}}],\"inLanguage\":\"fr-FR\"},{\"@type\":\"NewsMediaOrganization\",\"@id\":\"https:\/\/dicodusport.fr\/blog\/#organization\",\"name\":\"Dicodusport\",\"url\":\"https:\/\/dicodusport.fr\/blog\/\",\"logo\":{\"@type\":\"ImageObject\",\"inLanguage\":\"fr-FR\",\"@id\":\"https:\/\/dicodusport.fr\/blog\/#\/schema\/logo\/image\/\",\"url\":\"https:\/\/dicodusport.fr\/blog\/wp-content\/uploads\/2020\/06\/cropped-LOGO-DICODUSPORT-2020-SANS-FOND-SANS-TEXTE.png\",\"contentUrl\":\"https:\/\/dicodusport.fr\/blog\/wp-content\/uploads\/2020\/06\/cropped-LOGO-DICODUSPORT-2020-SANS-FOND-SANS-TEXTE.png\",\"width\":512,\"height\":512,\"caption\":\"Dicodusport\"},\"image\":{\"@id\":\"https:\/\/dicodusport.fr\/blog\/#\/schema\/logo\/image\/\"},\"sameAs\":[\"https:\/\/www.facebook.com\/dicodusport\",\"https:\/\/x.com\/dicodusport\",\"https:\/\/www.instagram.com\/dicodusport\/\",\"https:\/\/www.youtube.com\/channel\/UC7V2KZ5sd3htJivAbA4ZG3w\"],\"description\":\"Dicodusport est l'encyclop\u00e9die de l'actualit\u00e9 sportive.\",\"email\":\"bonjour@dicodusport.fr\",\"legalName\":\"DICODUSPORT\",\"foundingDate\":\"2018-01-14\",\"vatID\":\"FR71834470973\",\"taxID\":\"83447097300043\",\"numberOfEmployees\":{\"@type\":\"QuantitativeValue\",\"minValue\":\"1\",\"maxValue\":\"10\"}},{\"@type\":\"Person\",\"@id\":\"https:\/\/dicodusport.fr\/blog\/#\/schema\/person\/55dcb50ad410894e431ed812bbb70191\",\"name\":\"Nicolas Jacquemard\",\"image\":{\"@type\":\"ImageObject\",\"inLanguage\":\"fr-FR\",\"@id\":\"https:\/\/dicodusport.fr\/blog\/#\/schema\/person\/image\/\",\"url\":\"https:\/\/dicodusport.fr\/blog\/wp-content\/uploads\/2021\/05\/Nicolas-Jacquemard-150x150.jpeg\",\"contentUrl\":\"https:\/\/dicodusport.fr\/blog\/wp-content\/uploads\/2021\/05\/Nicolas-Jacquemard-150x150.jpeg\",\"caption\":\"Nicolas Jacquemard\"},\"description\":\"Passionn\u00e9 de sport et entrepreneur depuis mes 18 ans, la cr\u00e9ation de Dicodusport m'a sembl\u00e9 \u00e9vidente pour participer \u00e0 la m\u00e9diatisation d'un plus grand nombre de sports. Le chemin est long mais avec une \u00e9quipe des plus motiv\u00e9es et les Jeux Olympiques de Paris 2024 en point de mire, nous y arriverons ! Journaliste dans le monde du sport depuis plus de 5 ans, je traite aussi bien de football, de rugby, de biathlon que de cyclisme.\",\"sameAs\":[\"https:\/\/www.facebook.com\/dicodusport\",\"https:\/\/x.com\/https:\/\/twitter.com\/Nico_Jacquemard\"],\"url\":\"https:\/\/dicodusport.fr\/blog\/author\/dicodusport\/\"}]}<\/script>\n<!-- \/ Yoast SEO Premium plugin. -->","yoast_head_json":{"title":"Judo : Teddy Riner n'aurait pas d\u00fb \u00eatre champion du monde 2023","description":"MONDIAUX DE JUDO 2023 - La F\u00e9d\u00e9ration Internationale de Judo a reconnu que le Fran\u00e7ais aurait d\u00fb perdre en finale.\u00a0","robots":{"index":"index","follow":"follow","max-snippet":"max-snippet:-1","max-image-preview":"max-image-preview:large","max-video-preview":"max-video-preview:-1"},"canonical":"https:\/\/dicodusport.fr\/blog\/teddy-riner-naurait-pas-du-etre-champion-du-monde-2023\/","og_locale":"fr_FR","og_type":"article","og_title":"Judo : Teddy Riner n'aurait pas d\u00fb \u00eatre champion du monde 2023","og_description":"MONDIAUX DE JUDO 2023 - La F\u00e9d\u00e9ration Internationale de Judo a reconnu que le Fran\u00e7ais aurait d\u00fb perdre en finale.\u00a0","og_url":"https:\/\/dicodusport.fr\/blog\/teddy-riner-naurait-pas-du-etre-champion-du-monde-2023\/","og_site_name":"Dicodusport","article_publisher":"https:\/\/www.facebook.com\/dicodusport","article_author":"https:\/\/www.facebook.com\/dicodusport","article_published_time":"2023-05-17T12:37:12+00:00","article_modified_time":"2023-05-17T13:57:29+00:00","og_image":[{"width":800,"height":445,"url":"https:\/\/dicodusport.fr\/blog\/wp-content\/uploads\/2023\/05\/Teddy-Riner-naurait-pas-du-etre-champion-du-monde-2023.png","type":"image\/png"}],"author":"Nicolas Jacquemard","twitter_card":"summary_large_image","twitter_title":"Judo : Teddy Riner n'aurait pas d\u00fb \u00eatre champion du monde 2023","twitter_creator":"@https:\/\/twitter.com\/Nico_Jacquemard","twitter_site":"@dicodusport","schema":{"@context":"https:\/\/schema.org","@graph":[{"@type":"NewsArticle","@id":"https:\/\/dicodusport.fr\/blog\/teddy-riner-naurait-pas-du-etre-champion-du-monde-2023\/#article","isPartOf":{"@id":"https:\/\/dicodusport.fr\/blog\/teddy-riner-naurait-pas-du-etre-champion-du-monde-2023\/"},"author":{"name":"Nicolas Jacquemard","@id":"https:\/\/dicodusport.fr\/blog\/#\/schema\/person\/55dcb50ad410894e431ed812bbb70191"},"headline":"Judo : Teddy Riner n&rsquo;aurait pas d\u00fb \u00eatre champion du monde 2023","datePublished":"2023-05-17T12:37:12+00:00","dateModified":"2023-05-17T13:57:29+00:00","mainEntityOfPage":{"@id":"https:\/\/dicodusport.fr\/blog\/teddy-riner-naurait-pas-du-etre-champion-du-monde-2023\/"},"wordCount":389,"commentCount":0,"publisher":{"@id":"https:\/\/dicodusport.fr\/blog\/#organization"},"image":{"@id":"https:\/\/dicodusport.fr\/blog\/teddy-riner-naurait-pas-du-etre-champion-du-monde-2023\/#primaryimage"},"thumbnailUrl":"https:\/\/dicodusport.fr\/blog\/wp-content\/uploads\/2023\/05\/Teddy-Riner-naurait-pas-du-etre-champion-du-monde-2023.png","keywords":["br\u00e8ve","Judo","riner","Teddy Riner"],"articleSection":["Judo"],"inLanguage":"fr-FR","potentialAction":[{"@type":"CommentAction","name":"Comment","target":["https:\/\/dicodusport.fr\/blog\/teddy-riner-naurait-pas-du-etre-champion-du-monde-2023\/#respond"]}],"copyrightYear":"2023","copyrightHolder":{"@id":"https:\/\/dicodusport.fr\/blog\/#organization"}},{"@type":"WebPage","@id":"https:\/\/dicodusport.fr\/blog\/teddy-riner-naurait-pas-du-etre-champion-du-monde-2023\/","url":"https:\/\/dicodusport.fr\/blog\/teddy-riner-naurait-pas-du-etre-champion-du-monde-2023\/","name":"Judo : Teddy Riner n'aurait pas d\u00fb \u00eatre champion du monde 2023","isPartOf":{"@id":"https:\/\/dicodusport.fr\/blog\/#website"},"primaryImageOfPage":{"@id":"https:\/\/dicodusport.fr\/blog\/teddy-riner-naurait-pas-du-etre-champion-du-monde-2023\/#primaryimage"},"image":{"@id":"https:\/\/dicodusport.fr\/blog\/teddy-riner-naurait-pas-du-etre-champion-du-monde-2023\/#primaryimage"},"thumbnailUrl":"https:\/\/dicodusport.fr\/blog\/wp-content\/uploads\/2023\/05\/Teddy-Riner-naurait-pas-du-etre-champion-du-monde-2023.png","datePublished":"2023-05-17T12:37:12+00:00","dateModified":"2023-05-17T13:57:29+00:00","description":"MONDIAUX DE JUDO 2023 - La F\u00e9d\u00e9ration Internationale de Judo a reconnu que le Fran\u00e7ais aurait d\u00fb perdre en finale.\u00a0","breadcrumb":{"@id":"https:\/\/dicodusport.fr\/blog\/teddy-riner-naurait-pas-du-etre-champion-du-monde-2023\/#breadcrumb"},"inLanguage":"fr-FR","potentialAction":[{"@type":"ReadAction","target":["https:\/\/dicodusport.fr\/blog\/teddy-riner-naurait-pas-du-etre-champion-du-monde-2023\/"]}]},{"@type":"ImageObject","inLanguage":"fr-FR","@id":"https:\/\/dicodusport.fr\/blog\/teddy-riner-naurait-pas-du-etre-champion-du-monde-2023\/#primaryimage","url":"https:\/\/dicodusport.fr\/blog\/wp-content\/uploads\/2023\/05\/Teddy-Riner-naurait-pas-du-etre-champion-du-monde-2023.png","contentUrl":"https:\/\/dicodusport.fr\/blog\/wp-content\/uploads\/2023\/05\/Teddy-Riner-naurait-pas-du-etre-champion-du-monde-2023.png","width":800,"height":445},{"@type":"BreadcrumbList","@id":"https:\/\/dicodusport.fr\/blog\/teddy-riner-naurait-pas-du-etre-champion-du-monde-2023\/#breadcrumb","itemListElement":[{"@type":"ListItem","position":1,"name":"Accueil","item":"https:\/\/dicodusport.fr\/blog\/"},{"@type":"ListItem","position":2,"name":"Judo : Teddy Riner n&rsquo;aurait pas d\u00fb \u00eatre champion du monde 2023"}]},{"@type":"WebSite","@id":"https:\/\/dicodusport.fr\/blog\/#website","url":"https:\/\/dicodusport.fr\/blog\/","name":"Dicodusport","description":"L&#039;encyclop\u00e9die de l&#039;actualit\u00e9 sportive","publisher":{"@id":"https:\/\/dicodusport.fr\/blog\/#organization"},"potentialAction":[{"@type":"SearchAction","target":{"@type":"EntryPoint","urlTemplate":"https:\/\/dicodusport.fr\/blog\/?s={search_term_string}"},"query-input":{"@type":"PropertyValueSpecification","valueRequired":true,"valueName":"search_term_string"}}],"inLanguage":"fr-FR"},{"@type":"NewsMediaOrganization","@id":"https:\/\/dicodusport.fr\/blog\/#organization","name":"Dicodusport","url":"https:\/\/dicodusport.fr\/blog\/","logo":{"@type":"ImageObject","inLanguage":"fr-FR","@id":"https:\/\/dicodusport.fr\/blog\/#\/schema\/logo\/image\/","url":"https:\/\/dicodusport.fr\/blog\/wp-content\/uploads\/2020\/06\/cropped-LOGO-DICODUSPORT-2020-SANS-FOND-SANS-TEXTE.png","contentUrl":"https:\/\/dicodusport.fr\/blog\/wp-content\/uploads\/2020\/06\/cropped-LOGO-DICODUSPORT-2020-SANS-FOND-SANS-TEXTE.png","width":512,"height":512,"caption":"Dicodusport"},"image":{"@id":"https:\/\/dicodusport.fr\/blog\/#\/schema\/logo\/image\/"},"sameAs":["https:\/\/www.facebook.com\/dicodusport","https:\/\/x.com\/dicodusport","https:\/\/www.instagram.com\/dicodusport\/","https:\/\/www.youtube.com\/channel\/UC7V2KZ5sd3htJivAbA4ZG3w"],"description":"Dicodusport est l'encyclop\u00e9die de l'actualit\u00e9 sportive.","email":"bonjour@dicodusport.fr","legalName":"DICODUSPORT","foundingDate":"2018-01-14","vatID":"FR71834470973","taxID":"83447097300043","numberOfEmployees":{"@type":"QuantitativeValue","minValue":"1","maxValue":"10"}},{"@type":"Person","@id":"https:\/\/dicodusport.fr\/blog\/#\/schema\/person\/55dcb50ad410894e431ed812bbb70191","name":"Nicolas Jacquemard","image":{"@type":"ImageObject","inLanguage":"fr-FR","@id":"https:\/\/dicodusport.fr\/blog\/#\/schema\/person\/image\/","url":"https:\/\/dicodusport.fr\/blog\/wp-content\/uploads\/2021\/05\/Nicolas-Jacquemard-150x150.jpeg","contentUrl":"https:\/\/dicodusport.fr\/blog\/wp-content\/uploads\/2021\/05\/Nicolas-Jacquemard-150x150.jpeg","caption":"Nicolas Jacquemard"},"description":"Passionn\u00e9 de sport et entrepreneur depuis mes 18 ans, la cr\u00e9ation de Dicodusport m'a sembl\u00e9 \u00e9vidente pour participer \u00e0 la m\u00e9diatisation d'un plus grand nombre de sports. Le chemin est long mais avec une \u00e9quipe des plus motiv\u00e9es et les Jeux Olympiques de Paris 2024 en point de mire, nous y arriverons ! Journaliste dans le monde du sport depuis plus de 5 ans, je traite aussi bien de football, de rugby, de biathlon que de cyclisme.","sameAs":["https:\/\/www.facebook.com\/dicodusport","https:\/\/x.com\/https:\/\/twitter.com\/Nico_Jacquemard"],"url":"https:\/\/dicodusport.fr\/blog\/author\/dicodusport\/"}]}},"_links":{"self":[{"href":"https:\/\/dicodusport.fr\/blog\/wp-json\/wp\/v2\/posts\/382919","targetHints":{"allow":["GET"]}}],"collection":[{"href":"https:\/\/dicodusport.fr\/blog\/wp-json\/wp\/v2\/posts"}],"about":[{"href":"https:\/\/dicodusport.fr\/blog\/wp-json\/wp\/v2\/types\/post"}],"author":[{"embeddable":true,"href":"https:\/\/dicodusport.fr\/blog\/wp-json\/wp\/v2\/users\/1"}],"replies":[{"embeddable":true,"href":"https:\/\/dicodusport.fr\/blog\/wp-json\/wp\/v2\/comments?post=382919"}],"version-history":[{"count":0,"href":"https:\/\/dicodusport.fr\/blog\/wp-json\/wp\/v2\/posts\/382919\/revisions"}],"wp:featuredmedia":[{"embeddable":true,"href":"https:\/\/dicodusport.fr\/blog\/wp-json\/wp\/v2\/media\/382926"}],"wp:attachment":[{"href":"https:\/\/dicodusport.fr\/blog\/wp-json\/wp\/v2\/media?parent=382919"}],"wp:term":[{"taxonomy":"category","embeddable":true,"href":"https:\/\/dicodusport.fr\/blog\/wp-json\/wp\/v2\/categories?post=382919"},{"taxonomy":"post_tag","embeddable":true,"href":"https:\/\/dicodusport.fr\/blog\/wp-json\/wp\/v2\/tags?post=382919"}],"curies":[{"name":"wp","href":"https:\/\/api.w.org\/{rel}","templated":true}]}}