{"id":382937,"date":"2023-05-17T15:58:22","date_gmt":"2023-05-17T13:58:22","guid":{"rendered":"https:\/\/dicodusport.fr\/blog\/?p=382937&#038;preview=true&#038;preview_id=382937"},"modified":"2023-08-14T15:37:23","modified_gmt":"2023-08-14T13:37:23","slug":"biathlon-la-composition-de-lequipe-de-france-pour-la-coupe-du-monde-2022-2023","status":"publish","type":"post","link":"https:\/\/dicodusport.fr\/blog\/biathlon-la-composition-de-lequipe-de-france-pour-la-coupe-du-monde-2022-2023\/","title":{"rendered":"Biathlon : La composition de l&rsquo;\u00e9quipe de France pour la Coupe du monde 2023-2024"},"content":{"rendered":"<p align=\"justify\"><em><b>COUPE DU MONDE DE BIATHLON 2023-2024 &#8211; La F\u00e9d\u00e9ration Fran\u00e7aise de Ski a d\u00e9voil\u00e9 les compositions des \u00e9quipes de France de biathlon pour la saison 2023-2024. Avec deux groupes distincts, chez les hommes comme chez les femmes.<\/b><\/em><\/p>\n<p align=\"justify\">Les 32 biathl\u00e8tes ont \u00e9t\u00e9 r\u00e9partis en deux groupes pour la saison prochaine. L&rsquo;<strong>\u00e9quipe de France<\/strong> et l&rsquo;<strong>\u00e9quipe de France rel\u00e8ve<\/strong>. Au sein de la premi\u00e8re \u00e9quipe, les biathl\u00e8tes qui d\u00e9buteront en Coupe du monde (not\u00e9s de la lettre A) et ceux qui peuvent y pr\u00e9tendre rapidement en fonction des choix des entra\u00eeneurs (not\u00e9s de la lettre B). On note d&rsquo;ailleurs que chez les hommes, seuls cinq biathl\u00e8tes sont pour le moment dans l&rsquo;\u00e9quipe Coupe du monde, et que la derni\u00e8re place se jouera entre <strong>\u00c9milien<\/strong> <strong>Claude<\/strong> et <strong>Oscar<\/strong> <strong>Lombardot<\/strong>. L&rsquo;\u00e9quipe de France rel\u00e8ve est la jeune garde du biathlon fran\u00e7ais qui \u00e9voluera principalement sur le circuit IBU Cup.<\/p>\n<ul>\n<li style=\"text-align: justify;\"><strong>\u00c0 lire aussi &#8211; <a href=\"https:\/\/dicodusport.fr\/blog\/coupe-du-monde-de-biathlon-2023-2024-le-calendrier-complet\/\">Le calendrier complet de la Coupe du monde de biathlon 2023-2024<\/a><\/strong><\/li>\n<\/ul>\n<h2 style=\"text-align: justify;\">Les \u00e9quipes de France de biathlon<\/h2>\n<h3 style=\"text-align: justify;\">Dames<\/h3>\n<p style=\"text-align: justify;\">BRAISAZ-BOUCHET Justine\u00a0\u2013 Douane \/ Club des Sports des Saisies (Savoie) \u2013\u00a0(A)<br \/>\nCHAUVEAU Sophie\u00a0\u2013 Arm\u00e9e de Champions \/ Ski Club Grand Bornand (Mont Blanc) \u2013\u00a0(A)<br \/>\nCHEVALIER Chlo\u00e9\u00a0\u2013 Arm\u00e9e de Champions \/ CO des 7 Laux Gr\u00e9sivaudan (Dauphin\u00e9) \u2013\u00a0(A)<br \/>\nCOLOMBO Caroline\u00a0\u2013 Ski Club Mouthe (Massif Jurassien) \u2013\u00a0(A)<br \/>\nJEANMONNOT Lou\u00a0\u2013 Arm\u00e9e de Champions \/ Olympic Mont d\u2019Or (Massif Jurassien) \u2013\u00a0(A)<br \/>\nSIMON Julia\u00a0\u2013 Douane \/ Club des Sports des Saisies (Savoie) \u2013\u00a0(A)<\/p>\n<p style=\"text-align: justify;\">BOTET Paula\u00a0\u2013 Arm\u00e9e de Champions \/ La Bressaude Section Ski (Massif des Vosges) \u2013\u00a0(B)<br \/>\nGUIGONNAT Gilonne\u00a0\u2013 Ski Club Villard sur Bo\u00ebge (Mont Blanc) \u2013\u00a0(B)<\/p>\n<p style=\"text-align: justify;\"><strong>Entra\u00eeneur<\/strong> : BURDET Cyril<br \/>\n<strong>Entra\u00eeneurs :<\/strong> Tir : GIACHINO Jean-Paul \/ FAVRE Patrick<\/p>\n<h3 style=\"text-align: justify;\">Hommes<\/h3>\n<p style=\"text-align: justify;\">CLAUDE Fabien\u00a0\u2013 Arm\u00e9e de Champions \/ Basse sur Le Rupt Ski Nordique (Massif des Vosges) \u2013\u00a0(A)<br \/>\nFILLON MAILLET Quentin\u00a0\u2013 Douane \/ Ski Club du Grandvaux (Massif Jurassien) \u2013\u00a0(A)<br \/>\nGUIGONNAT Antonin\u00a0\u2013 Arm\u00e9e de Champions \/ Ski Club Morzine Avoriaz (Mont Blanc) \u2013\u00a0(A)<br \/>\nJACQUELIN \u00c9milien\u00a0\u2013 Douane \/ CS Nordique Villard de Lans (Dauphin\u00e9) \u2013\u00a0(A)<br \/>\nPERROT \u00c9ric\u00a0\u2013 Arm\u00e9e de Champions \/ Ski Club Peisey-Vallandry (Savoie) \u2013 (A)<\/p>\n<p style=\"text-align: justify;\">CLAUDE \u00c9milien\u00a0\u2013 Arm\u00e9e de Champions \/ Basse sur Le Rupt Ski Nordique (Massif des Vosges) \u2013\u00a0(B)<br \/>\nLOMBARDOT Oscar\u00a0\u2013 Entente Sportive Saugette (Massif Jurassien) \u2013\u00a0(B)<\/p>\n<p style=\"text-align: justify;\"><strong>Entra\u00eeneur<\/strong> : FOURCADE Simon<br \/>\n<strong>Entra\u00eeneur <\/strong>Tir : AMAT Jean-Pierre<\/p>\n<h2 style=\"text-align: justify;\">Equipe de France Rel\u00e8ve<\/h2>\n<h3 style=\"text-align: justify;\">Dames<\/h3>\n<p style=\"text-align: justify;\">BENED Camille\u00a0\u2013 Ski Club Chablais Nordic (Mont Blanc) \u2013\u00a0(B)<br \/>\nBENED Chlo\u00e9\u00a0\u2013 Ski Club Chablais Nordic (Mont Blanc) \u2013\u00a0(B)<br \/>\nBERTRAND Fany\u00a0\u2013 Club des Sports de M\u00e9ribel (Savoie) \u2013\u00a0(B)<br \/>\nBONDOUX Ana\u00eblle\u00a0\u2013 GUC Grenoble Ski (Dauphin\u00e9) \u2013\u00a0(B)<br \/>\nCOUPE Camille\u00a0\u2013 Club des Sports La F\u00e9claz (Savoie) \u2013\u00a0(B)<br \/>\nJEANNIER L\u00e9onie\u00a0\u2013 Ski Club Les Verri\u00e8res \u2013 La Cluse (Massif Jurassien) \u2013\u00a0(B)<br \/>\nMICHELON Oc\u00e9ane\u00a0\u2013 Bauges Ski Nordique (Savoie) \u2013\u00a0(B)<br \/>\nRICHARD Jeanne\u00a0\u2013 Les Gets Ski Comp\u00e9tition (Mont Blanc) \u2013\u00a0(B)<\/p>\n<p style=\"text-align: justify;\"><strong>Entra\u00eeneur<\/strong> <strong>:<\/strong> DESTHIEUX Baptiste<br \/>\n<strong>Entra\u00eeneur :<\/strong> Tir : ROBERT Julien<\/p>\n<h3 style=\"text-align: justify;\">Hommes<\/h3>\n<p style=\"text-align: justify;\">BROUTIER R\u00e9mi\u00a0\u2013 Bauges Ski Nordique (Savoie) \u2013\u00a0(B)<br \/>\nFONTAINE Paul\u00a0\u2013 Ski Club Grand Bornand (Mont Blanc) \u2013\u00a0(B)<br \/>\nGENY Edgar\u00a0\u2013 Ski Club Sallanches T\u00eate Noire (Mont Blanc) \u2013\u00a0(B)<br \/>\nGUIRAUD POILLOT Th\u00e9o\u00a0\u2013 Ski Club Villard sur Bo\u00ebge (Mont Blanc) \u2013\u00a0(B)<br \/>\nJEFFERIES Jacques\u00a0\u2013 Les Gets Ski Comp\u00e9tition (Mont Blanc) \u2013\u00a0(B)<br \/>\nLEJEUNE Valentin\u00a0\u2013 Basse sur Le Rupt Ski Nordique (Massif des Vosges) \u2013\u00a0(B)<br \/>\nMAHON S\u00e9bastien\u00a0\u2013 Entente Sportive Saugette (Massif Jurassien) \u2013\u00a0(B)<br \/>\nMEUNIER Ambroise\u00a0\u2013 Club des Sports La F\u00e9claz (Savoie) \u2013\u00a0(B)<br \/>\nTHIEVENT Lou\u00a0\u2013 Ski Nordique Chartreuse (Dauphin\u00e9) \u2013\u00a0(B)<\/p>\n<p style=\"text-align: justify;\"><strong>Entra\u00eeneur<\/strong>\u00a0: DEMANGEAT Rachel<br \/>\n<strong>\u00eeEntraineur<\/strong> Tir\u00a0: BRETON Claire<\/p>\n<blockquote class=\"twitter-tweet\">\n<p dir=\"ltr\" lang=\"fr\">D\u00e9couvrez la \ud835\uddf0\ud835\uddfc\ud835\uddfa\ud835\uddfd\ud835\uddfc\ud835\ude00\ud835\uddf6\ud835\ude01\ud835\uddf6\ud835\uddfc\ud835\uddfb \ud835\uddf1\ud835\uddf2\ud835\ude00 \ud835\uddd8\ud835\uddfe\ud835\ude02\ud835\uddf6\ud835\uddfd\ud835\uddf2\ud835\ude00 \ud835\uddf1\ud835\uddf2 \ud835\uddd9\ud835\uddff\ud835\uddee\ud835\uddfb\ud835\uddf0\ud835\uddf2 \ud835\uddf1\ud835\uddf2 \ud835\ude00\ud835\uddf8\ud835\uddf6 \ud835\uddf2\ud835\ude01 \ud835\uddf1\ud835\uddf2 \ud835\ude00\ud835\uddfb\ud835\uddfc\ud835\ude04\ud835\uddef\ud835\uddfc\ud835\uddee\ud835\uddff\ud835\uddf1 \ud83c\uddeb\ud83c\uddf7 pour la saison \ud835\udfee\ud835\udfec\ud835\udfee\ud835\udfef\/\ud835\udfee\ud835\udfec\ud835\udfee\ud835\udff0 \u25b6 <a href=\"https:\/\/t.co\/LICFEZLOpG\">https:\/\/t.co\/LICFEZLOpG<\/a> <a href=\"https:\/\/t.co\/eAnaS7qtlr\">pic.twitter.com\/eAnaS7qtlr<\/a><\/p>\n<p>\u2014 FFS &#8211; F\u00e9d\u00e9ration Fran\u00e7aise de Ski (@FedFranceSki) <a href=\"https:\/\/twitter.com\/FedFranceSki\/status\/1658823714480308224?ref_src=twsrc%5Etfw\">May 17, 2023<\/a><\/p><\/blockquote>\n<p><script async src=\"https:\/\/platform.twitter.com\/widgets.js\" charset=\"utf-8\"><\/script><\/p>\n","protected":false},"excerpt":{"rendered":"<p>COUPE DU MONDE DE BIATHLON 2023-2024 &#8211; La F\u00e9d\u00e9ration Fran\u00e7aise de Ski a d\u00e9voil\u00e9 les compositions des \u00e9quipes de France de biathlon pour la saison 2023-2024. Avec deux groupes distincts, chez les hommes comme chez les femmes.<\/p>\n","protected":false},"author":1,"featured_media":382938,"comment_status":"open","ping_status":"closed","sticky":false,"template":"","format":"standard","meta":{"_acf_changed":false,"_daextam_enable_autolinks":"","footnotes":""},"categories":[47040],"tags":[2427,16878,2865,30],"class_list":["post-382937","post","type-post","status-publish","format-standard","has-post-thumbnail","hentry","category-coupe-du-monde-de-biathlon","tag-biathlon","tag-breve","tag-equipe-de-france-de-biathlon","tag-france"],"acf":[],"yoast_head":"<!-- This site is optimized with the Yoast SEO Premium plugin v26.7 (Yoast SEO v26.7) - https:\/\/yoast.com\/wordpress\/plugins\/seo\/ -->\n<title>Biathlon : La composition de l&#039;\u00e9quipe de France pour la Coupe du monde 2023-2024<\/title>\n<meta name=\"description\" content=\"COUPE DU MONDE DE BIATHLON 2023-2024 - La F\u00e9d\u00e9ration Fran\u00e7aise de Ski a d\u00e9voil\u00e9 les compositions des \u00e9quipes de France de biathlon.\" \/>\n<meta name=\"robots\" content=\"index, follow, max-snippet:-1, max-image-preview:large, max-video-preview:-1\" \/>\n<link rel=\"canonical\" href=\"https:\/\/dicodusport.fr\/blog\/biathlon-la-composition-de-lequipe-de-france-pour-la-coupe-du-monde-2022-2023\/\" \/>\n<meta property=\"og:locale\" content=\"fr_FR\" \/>\n<meta property=\"og:type\" content=\"article\" \/>\n<meta property=\"og:title\" content=\"Biathlon : La composition de l&#039;\u00e9quipe de France pour la Coupe du monde 2023-2024\" \/>\n<meta property=\"og:description\" content=\"COUPE DU MONDE DE BIATHLON 2023-2024 - La F\u00e9d\u00e9ration Fran\u00e7aise de Ski a d\u00e9voil\u00e9 les compositions des \u00e9quipes de France de biathlon.\" \/>\n<meta property=\"og:url\" content=\"https:\/\/dicodusport.fr\/blog\/biathlon-la-composition-de-lequipe-de-france-pour-la-coupe-du-monde-2022-2023\/\" \/>\n<meta property=\"og:site_name\" content=\"Dicodusport\" \/>\n<meta property=\"article:publisher\" content=\"https:\/\/www.facebook.com\/dicodusport\" \/>\n<meta property=\"article:author\" content=\"https:\/\/www.facebook.com\/dicodusport\" \/>\n<meta property=\"article:published_time\" content=\"2023-05-17T13:58:22+00:00\" \/>\n<meta property=\"article:modified_time\" content=\"2023-08-14T13:37:23+00:00\" \/>\n<meta property=\"og:image\" content=\"https:\/\/dicodusport.fr\/blog\/wp-content\/uploads\/2023\/05\/Biathlon-La-composition-de-lequipe-de-France-pour-la-Coupe-du-monde-2022-2023.png\" \/>\n\t<meta property=\"og:image:width\" content=\"800\" \/>\n\t<meta property=\"og:image:height\" content=\"445\" \/>\n\t<meta property=\"og:image:type\" content=\"image\/png\" \/>\n<meta name=\"author\" content=\"Nicolas Jacquemard\" \/>\n<meta name=\"twitter:card\" content=\"summary_large_image\" \/>\n<meta name=\"twitter:title\" content=\"Biathlon : La composition de l&#039;\u00e9quipe de France pour la Coupe du monde 2023-2024\" \/>\n<meta name=\"twitter:creator\" content=\"@https:\/\/twitter.com\/Nico_Jacquemard\" \/>\n<meta name=\"twitter:site\" content=\"@dicodusport\" \/>\n<script type=\"application\/ld+json\" class=\"yoast-schema-graph\">{\"@context\":\"https:\/\/schema.org\",\"@graph\":[{\"@type\":\"NewsArticle\",\"@id\":\"https:\/\/dicodusport.fr\/blog\/biathlon-la-composition-de-lequipe-de-france-pour-la-coupe-du-monde-2022-2023\/#article\",\"isPartOf\":{\"@id\":\"https:\/\/dicodusport.fr\/blog\/biathlon-la-composition-de-lequipe-de-france-pour-la-coupe-du-monde-2022-2023\/\"},\"author\":{\"name\":\"Nicolas Jacquemard\",\"@id\":\"https:\/\/dicodusport.fr\/blog\/#\/schema\/person\/55dcb50ad410894e431ed812bbb70191\"},\"headline\":\"Biathlon : La composition de l&rsquo;\u00e9quipe de France pour la Coupe du monde 2023-2024\",\"datePublished\":\"2023-05-17T13:58:22+00:00\",\"dateModified\":\"2023-08-14T13:37:23+00:00\",\"mainEntityOfPage\":{\"@id\":\"https:\/\/dicodusport.fr\/blog\/biathlon-la-composition-de-lequipe-de-france-pour-la-coupe-du-monde-2022-2023\/\"},\"wordCount\":617,\"commentCount\":0,\"publisher\":{\"@id\":\"https:\/\/dicodusport.fr\/blog\/#organization\"},\"image\":{\"@id\":\"https:\/\/dicodusport.fr\/blog\/biathlon-la-composition-de-lequipe-de-france-pour-la-coupe-du-monde-2022-2023\/#primaryimage\"},\"thumbnailUrl\":\"https:\/\/dicodusport.fr\/blog\/wp-content\/uploads\/2023\/05\/Biathlon-La-composition-de-lequipe-de-France-pour-la-Coupe-du-monde-2022-2023.png\",\"keywords\":[\"Biathlon\",\"br\u00e8ve\",\"Equipe de France de Biathlon\",\"France\"],\"articleSection\":[\"Coupe du monde de biathlon\"],\"inLanguage\":\"fr-FR\",\"potentialAction\":[{\"@type\":\"CommentAction\",\"name\":\"Comment\",\"target\":[\"https:\/\/dicodusport.fr\/blog\/biathlon-la-composition-de-lequipe-de-france-pour-la-coupe-du-monde-2022-2023\/#respond\"]}],\"copyrightYear\":\"2023\",\"copyrightHolder\":{\"@id\":\"https:\/\/dicodusport.fr\/blog\/#organization\"}},{\"@type\":\"WebPage\",\"@id\":\"https:\/\/dicodusport.fr\/blog\/biathlon-la-composition-de-lequipe-de-france-pour-la-coupe-du-monde-2022-2023\/\",\"url\":\"https:\/\/dicodusport.fr\/blog\/biathlon-la-composition-de-lequipe-de-france-pour-la-coupe-du-monde-2022-2023\/\",\"name\":\"Biathlon : La composition de l'\u00e9quipe de France pour la Coupe du monde 2023-2024\",\"isPartOf\":{\"@id\":\"https:\/\/dicodusport.fr\/blog\/#website\"},\"primaryImageOfPage\":{\"@id\":\"https:\/\/dicodusport.fr\/blog\/biathlon-la-composition-de-lequipe-de-france-pour-la-coupe-du-monde-2022-2023\/#primaryimage\"},\"image\":{\"@id\":\"https:\/\/dicodusport.fr\/blog\/biathlon-la-composition-de-lequipe-de-france-pour-la-coupe-du-monde-2022-2023\/#primaryimage\"},\"thumbnailUrl\":\"https:\/\/dicodusport.fr\/blog\/wp-content\/uploads\/2023\/05\/Biathlon-La-composition-de-lequipe-de-France-pour-la-Coupe-du-monde-2022-2023.png\",\"datePublished\":\"2023-05-17T13:58:22+00:00\",\"dateModified\":\"2023-08-14T13:37:23+00:00\",\"description\":\"COUPE DU MONDE DE BIATHLON 2023-2024 - La F\u00e9d\u00e9ration Fran\u00e7aise de Ski a d\u00e9voil\u00e9 les compositions des \u00e9quipes de France de biathlon.\",\"breadcrumb\":{\"@id\":\"https:\/\/dicodusport.fr\/blog\/biathlon-la-composition-de-lequipe-de-france-pour-la-coupe-du-monde-2022-2023\/#breadcrumb\"},\"inLanguage\":\"fr-FR\",\"potentialAction\":[{\"@type\":\"ReadAction\",\"target\":[\"https:\/\/dicodusport.fr\/blog\/biathlon-la-composition-de-lequipe-de-france-pour-la-coupe-du-monde-2022-2023\/\"]}]},{\"@type\":\"ImageObject\",\"inLanguage\":\"fr-FR\",\"@id\":\"https:\/\/dicodusport.fr\/blog\/biathlon-la-composition-de-lequipe-de-france-pour-la-coupe-du-monde-2022-2023\/#primaryimage\",\"url\":\"https:\/\/dicodusport.fr\/blog\/wp-content\/uploads\/2023\/05\/Biathlon-La-composition-de-lequipe-de-France-pour-la-Coupe-du-monde-2022-2023.png\",\"contentUrl\":\"https:\/\/dicodusport.fr\/blog\/wp-content\/uploads\/2023\/05\/Biathlon-La-composition-de-lequipe-de-France-pour-la-Coupe-du-monde-2022-2023.png\",\"width\":800,\"height\":445},{\"@type\":\"BreadcrumbList\",\"@id\":\"https:\/\/dicodusport.fr\/blog\/biathlon-la-composition-de-lequipe-de-france-pour-la-coupe-du-monde-2022-2023\/#breadcrumb\",\"itemListElement\":[{\"@type\":\"ListItem\",\"position\":1,\"name\":\"Accueil\",\"item\":\"https:\/\/dicodusport.fr\/blog\/\"},{\"@type\":\"ListItem\",\"position\":2,\"name\":\"Biathlon : La composition de l&rsquo;\u00e9quipe de France pour la Coupe du monde 2023-2024\"}]},{\"@type\":\"WebSite\",\"@id\":\"https:\/\/dicodusport.fr\/blog\/#website\",\"url\":\"https:\/\/dicodusport.fr\/blog\/\",\"name\":\"Dicodusport\",\"description\":\"L&#039;encyclop\u00e9die de l&#039;actualit\u00e9 sportive\",\"publisher\":{\"@id\":\"https:\/\/dicodusport.fr\/blog\/#organization\"},\"potentialAction\":[{\"@type\":\"SearchAction\",\"target\":{\"@type\":\"EntryPoint\",\"urlTemplate\":\"https:\/\/dicodusport.fr\/blog\/?s={search_term_string}\"},\"query-input\":{\"@type\":\"PropertyValueSpecification\",\"valueRequired\":true,\"valueName\":\"search_term_string\"}}],\"inLanguage\":\"fr-FR\"},{\"@type\":\"NewsMediaOrganization\",\"@id\":\"https:\/\/dicodusport.fr\/blog\/#organization\",\"name\":\"Dicodusport\",\"url\":\"https:\/\/dicodusport.fr\/blog\/\",\"logo\":{\"@type\":\"ImageObject\",\"inLanguage\":\"fr-FR\",\"@id\":\"https:\/\/dicodusport.fr\/blog\/#\/schema\/logo\/image\/\",\"url\":\"https:\/\/dicodusport.fr\/blog\/wp-content\/uploads\/2020\/06\/cropped-LOGO-DICODUSPORT-2020-SANS-FOND-SANS-TEXTE.png\",\"contentUrl\":\"https:\/\/dicodusport.fr\/blog\/wp-content\/uploads\/2020\/06\/cropped-LOGO-DICODUSPORT-2020-SANS-FOND-SANS-TEXTE.png\",\"width\":512,\"height\":512,\"caption\":\"Dicodusport\"},\"image\":{\"@id\":\"https:\/\/dicodusport.fr\/blog\/#\/schema\/logo\/image\/\"},\"sameAs\":[\"https:\/\/www.facebook.com\/dicodusport\",\"https:\/\/x.com\/dicodusport\",\"https:\/\/www.instagram.com\/dicodusport\/\",\"https:\/\/www.youtube.com\/channel\/UC7V2KZ5sd3htJivAbA4ZG3w\"],\"description\":\"Dicodusport est l'encyclop\u00e9die de l'actualit\u00e9 sportive.\",\"email\":\"bonjour@dicodusport.fr\",\"legalName\":\"DICODUSPORT\",\"foundingDate\":\"2018-01-14\",\"vatID\":\"FR71834470973\",\"taxID\":\"83447097300043\",\"numberOfEmployees\":{\"@type\":\"QuantitativeValue\",\"minValue\":\"1\",\"maxValue\":\"10\"}},{\"@type\":\"Person\",\"@id\":\"https:\/\/dicodusport.fr\/blog\/#\/schema\/person\/55dcb50ad410894e431ed812bbb70191\",\"name\":\"Nicolas Jacquemard\",\"image\":{\"@type\":\"ImageObject\",\"inLanguage\":\"fr-FR\",\"@id\":\"https:\/\/dicodusport.fr\/blog\/#\/schema\/person\/image\/\",\"url\":\"https:\/\/dicodusport.fr\/blog\/wp-content\/uploads\/2021\/05\/Nicolas-Jacquemard-150x150.jpeg\",\"contentUrl\":\"https:\/\/dicodusport.fr\/blog\/wp-content\/uploads\/2021\/05\/Nicolas-Jacquemard-150x150.jpeg\",\"caption\":\"Nicolas Jacquemard\"},\"description\":\"Passionn\u00e9 de sport et entrepreneur depuis mes 18 ans, la cr\u00e9ation de Dicodusport m'a sembl\u00e9 \u00e9vidente pour participer \u00e0 la m\u00e9diatisation d'un plus grand nombre de sports. Le chemin est long mais avec une \u00e9quipe des plus motiv\u00e9es et les Jeux Olympiques de Paris 2024 en point de mire, nous y arriverons ! Journaliste dans le monde du sport depuis plus de 5 ans, je traite aussi bien de football, de rugby, de biathlon que de cyclisme.\",\"sameAs\":[\"https:\/\/www.facebook.com\/dicodusport\",\"https:\/\/x.com\/https:\/\/twitter.com\/Nico_Jacquemard\"],\"url\":\"https:\/\/dicodusport.fr\/blog\/author\/dicodusport\/\"}]}<\/script>\n<!-- \/ Yoast SEO Premium plugin. -->","yoast_head_json":{"title":"Biathlon : La composition de l'\u00e9quipe de France pour la Coupe du monde 2023-2024","description":"COUPE DU MONDE DE BIATHLON 2023-2024 - La F\u00e9d\u00e9ration Fran\u00e7aise de Ski a d\u00e9voil\u00e9 les compositions des \u00e9quipes de France de biathlon.","robots":{"index":"index","follow":"follow","max-snippet":"max-snippet:-1","max-image-preview":"max-image-preview:large","max-video-preview":"max-video-preview:-1"},"canonical":"https:\/\/dicodusport.fr\/blog\/biathlon-la-composition-de-lequipe-de-france-pour-la-coupe-du-monde-2022-2023\/","og_locale":"fr_FR","og_type":"article","og_title":"Biathlon : La composition de l'\u00e9quipe de France pour la Coupe du monde 2023-2024","og_description":"COUPE DU MONDE DE BIATHLON 2023-2024 - La F\u00e9d\u00e9ration Fran\u00e7aise de Ski a d\u00e9voil\u00e9 les compositions des \u00e9quipes de France de biathlon.","og_url":"https:\/\/dicodusport.fr\/blog\/biathlon-la-composition-de-lequipe-de-france-pour-la-coupe-du-monde-2022-2023\/","og_site_name":"Dicodusport","article_publisher":"https:\/\/www.facebook.com\/dicodusport","article_author":"https:\/\/www.facebook.com\/dicodusport","article_published_time":"2023-05-17T13:58:22+00:00","article_modified_time":"2023-08-14T13:37:23+00:00","og_image":[{"width":800,"height":445,"url":"https:\/\/dicodusport.fr\/blog\/wp-content\/uploads\/2023\/05\/Biathlon-La-composition-de-lequipe-de-France-pour-la-Coupe-du-monde-2022-2023.png","type":"image\/png"}],"author":"Nicolas Jacquemard","twitter_card":"summary_large_image","twitter_title":"Biathlon : La composition de l'\u00e9quipe de France pour la Coupe du monde 2023-2024","twitter_creator":"@https:\/\/twitter.com\/Nico_Jacquemard","twitter_site":"@dicodusport","schema":{"@context":"https:\/\/schema.org","@graph":[{"@type":"NewsArticle","@id":"https:\/\/dicodusport.fr\/blog\/biathlon-la-composition-de-lequipe-de-france-pour-la-coupe-du-monde-2022-2023\/#article","isPartOf":{"@id":"https:\/\/dicodusport.fr\/blog\/biathlon-la-composition-de-lequipe-de-france-pour-la-coupe-du-monde-2022-2023\/"},"author":{"name":"Nicolas Jacquemard","@id":"https:\/\/dicodusport.fr\/blog\/#\/schema\/person\/55dcb50ad410894e431ed812bbb70191"},"headline":"Biathlon : La composition de l&rsquo;\u00e9quipe de France pour la Coupe du monde 2023-2024","datePublished":"2023-05-17T13:58:22+00:00","dateModified":"2023-08-14T13:37:23+00:00","mainEntityOfPage":{"@id":"https:\/\/dicodusport.fr\/blog\/biathlon-la-composition-de-lequipe-de-france-pour-la-coupe-du-monde-2022-2023\/"},"wordCount":617,"commentCount":0,"publisher":{"@id":"https:\/\/dicodusport.fr\/blog\/#organization"},"image":{"@id":"https:\/\/dicodusport.fr\/blog\/biathlon-la-composition-de-lequipe-de-france-pour-la-coupe-du-monde-2022-2023\/#primaryimage"},"thumbnailUrl":"https:\/\/dicodusport.fr\/blog\/wp-content\/uploads\/2023\/05\/Biathlon-La-composition-de-lequipe-de-France-pour-la-Coupe-du-monde-2022-2023.png","keywords":["Biathlon","br\u00e8ve","Equipe de France de Biathlon","France"],"articleSection":["Coupe du monde de biathlon"],"inLanguage":"fr-FR","potentialAction":[{"@type":"CommentAction","name":"Comment","target":["https:\/\/dicodusport.fr\/blog\/biathlon-la-composition-de-lequipe-de-france-pour-la-coupe-du-monde-2022-2023\/#respond"]}],"copyrightYear":"2023","copyrightHolder":{"@id":"https:\/\/dicodusport.fr\/blog\/#organization"}},{"@type":"WebPage","@id":"https:\/\/dicodusport.fr\/blog\/biathlon-la-composition-de-lequipe-de-france-pour-la-coupe-du-monde-2022-2023\/","url":"https:\/\/dicodusport.fr\/blog\/biathlon-la-composition-de-lequipe-de-france-pour-la-coupe-du-monde-2022-2023\/","name":"Biathlon : La composition de l'\u00e9quipe de France pour la Coupe du monde 2023-2024","isPartOf":{"@id":"https:\/\/dicodusport.fr\/blog\/#website"},"primaryImageOfPage":{"@id":"https:\/\/dicodusport.fr\/blog\/biathlon-la-composition-de-lequipe-de-france-pour-la-coupe-du-monde-2022-2023\/#primaryimage"},"image":{"@id":"https:\/\/dicodusport.fr\/blog\/biathlon-la-composition-de-lequipe-de-france-pour-la-coupe-du-monde-2022-2023\/#primaryimage"},"thumbnailUrl":"https:\/\/dicodusport.fr\/blog\/wp-content\/uploads\/2023\/05\/Biathlon-La-composition-de-lequipe-de-France-pour-la-Coupe-du-monde-2022-2023.png","datePublished":"2023-05-17T13:58:22+00:00","dateModified":"2023-08-14T13:37:23+00:00","description":"COUPE DU MONDE DE BIATHLON 2023-2024 - La F\u00e9d\u00e9ration Fran\u00e7aise de Ski a d\u00e9voil\u00e9 les compositions des \u00e9quipes de France de biathlon.","breadcrumb":{"@id":"https:\/\/dicodusport.fr\/blog\/biathlon-la-composition-de-lequipe-de-france-pour-la-coupe-du-monde-2022-2023\/#breadcrumb"},"inLanguage":"fr-FR","potentialAction":[{"@type":"ReadAction","target":["https:\/\/dicodusport.fr\/blog\/biathlon-la-composition-de-lequipe-de-france-pour-la-coupe-du-monde-2022-2023\/"]}]},{"@type":"ImageObject","inLanguage":"fr-FR","@id":"https:\/\/dicodusport.fr\/blog\/biathlon-la-composition-de-lequipe-de-france-pour-la-coupe-du-monde-2022-2023\/#primaryimage","url":"https:\/\/dicodusport.fr\/blog\/wp-content\/uploads\/2023\/05\/Biathlon-La-composition-de-lequipe-de-France-pour-la-Coupe-du-monde-2022-2023.png","contentUrl":"https:\/\/dicodusport.fr\/blog\/wp-content\/uploads\/2023\/05\/Biathlon-La-composition-de-lequipe-de-France-pour-la-Coupe-du-monde-2022-2023.png","width":800,"height":445},{"@type":"BreadcrumbList","@id":"https:\/\/dicodusport.fr\/blog\/biathlon-la-composition-de-lequipe-de-france-pour-la-coupe-du-monde-2022-2023\/#breadcrumb","itemListElement":[{"@type":"ListItem","position":1,"name":"Accueil","item":"https:\/\/dicodusport.fr\/blog\/"},{"@type":"ListItem","position":2,"name":"Biathlon : La composition de l&rsquo;\u00e9quipe de France pour la Coupe du monde 2023-2024"}]},{"@type":"WebSite","@id":"https:\/\/dicodusport.fr\/blog\/#website","url":"https:\/\/dicodusport.fr\/blog\/","name":"Dicodusport","description":"L&#039;encyclop\u00e9die de l&#039;actualit\u00e9 sportive","publisher":{"@id":"https:\/\/dicodusport.fr\/blog\/#organization"},"potentialAction":[{"@type":"SearchAction","target":{"@type":"EntryPoint","urlTemplate":"https:\/\/dicodusport.fr\/blog\/?s={search_term_string}"},"query-input":{"@type":"PropertyValueSpecification","valueRequired":true,"valueName":"search_term_string"}}],"inLanguage":"fr-FR"},{"@type":"NewsMediaOrganization","@id":"https:\/\/dicodusport.fr\/blog\/#organization","name":"Dicodusport","url":"https:\/\/dicodusport.fr\/blog\/","logo":{"@type":"ImageObject","inLanguage":"fr-FR","@id":"https:\/\/dicodusport.fr\/blog\/#\/schema\/logo\/image\/","url":"https:\/\/dicodusport.fr\/blog\/wp-content\/uploads\/2020\/06\/cropped-LOGO-DICODUSPORT-2020-SANS-FOND-SANS-TEXTE.png","contentUrl":"https:\/\/dicodusport.fr\/blog\/wp-content\/uploads\/2020\/06\/cropped-LOGO-DICODUSPORT-2020-SANS-FOND-SANS-TEXTE.png","width":512,"height":512,"caption":"Dicodusport"},"image":{"@id":"https:\/\/dicodusport.fr\/blog\/#\/schema\/logo\/image\/"},"sameAs":["https:\/\/www.facebook.com\/dicodusport","https:\/\/x.com\/dicodusport","https:\/\/www.instagram.com\/dicodusport\/","https:\/\/www.youtube.com\/channel\/UC7V2KZ5sd3htJivAbA4ZG3w"],"description":"Dicodusport est l'encyclop\u00e9die de l'actualit\u00e9 sportive.","email":"bonjour@dicodusport.fr","legalName":"DICODUSPORT","foundingDate":"2018-01-14","vatID":"FR71834470973","taxID":"83447097300043","numberOfEmployees":{"@type":"QuantitativeValue","minValue":"1","maxValue":"10"}},{"@type":"Person","@id":"https:\/\/dicodusport.fr\/blog\/#\/schema\/person\/55dcb50ad410894e431ed812bbb70191","name":"Nicolas Jacquemard","image":{"@type":"ImageObject","inLanguage":"fr-FR","@id":"https:\/\/dicodusport.fr\/blog\/#\/schema\/person\/image\/","url":"https:\/\/dicodusport.fr\/blog\/wp-content\/uploads\/2021\/05\/Nicolas-Jacquemard-150x150.jpeg","contentUrl":"https:\/\/dicodusport.fr\/blog\/wp-content\/uploads\/2021\/05\/Nicolas-Jacquemard-150x150.jpeg","caption":"Nicolas Jacquemard"},"description":"Passionn\u00e9 de sport et entrepreneur depuis mes 18 ans, la cr\u00e9ation de Dicodusport m'a sembl\u00e9 \u00e9vidente pour participer \u00e0 la m\u00e9diatisation d'un plus grand nombre de sports. Le chemin est long mais avec une \u00e9quipe des plus motiv\u00e9es et les Jeux Olympiques de Paris 2024 en point de mire, nous y arriverons ! Journaliste dans le monde du sport depuis plus de 5 ans, je traite aussi bien de football, de rugby, de biathlon que de cyclisme.","sameAs":["https:\/\/www.facebook.com\/dicodusport","https:\/\/x.com\/https:\/\/twitter.com\/Nico_Jacquemard"],"url":"https:\/\/dicodusport.fr\/blog\/author\/dicodusport\/"}]}},"_links":{"self":[{"href":"https:\/\/dicodusport.fr\/blog\/wp-json\/wp\/v2\/posts\/382937","targetHints":{"allow":["GET"]}}],"collection":[{"href":"https:\/\/dicodusport.fr\/blog\/wp-json\/wp\/v2\/posts"}],"about":[{"href":"https:\/\/dicodusport.fr\/blog\/wp-json\/wp\/v2\/types\/post"}],"author":[{"embeddable":true,"href":"https:\/\/dicodusport.fr\/blog\/wp-json\/wp\/v2\/users\/1"}],"replies":[{"embeddable":true,"href":"https:\/\/dicodusport.fr\/blog\/wp-json\/wp\/v2\/comments?post=382937"}],"version-history":[{"count":0,"href":"https:\/\/dicodusport.fr\/blog\/wp-json\/wp\/v2\/posts\/382937\/revisions"}],"wp:featuredmedia":[{"embeddable":true,"href":"https:\/\/dicodusport.fr\/blog\/wp-json\/wp\/v2\/media\/382938"}],"wp:attachment":[{"href":"https:\/\/dicodusport.fr\/blog\/wp-json\/wp\/v2\/media?parent=382937"}],"wp:term":[{"taxonomy":"category","embeddable":true,"href":"https:\/\/dicodusport.fr\/blog\/wp-json\/wp\/v2\/categories?post=382937"},{"taxonomy":"post_tag","embeddable":true,"href":"https:\/\/dicodusport.fr\/blog\/wp-json\/wp\/v2\/tags?post=382937"}],"curies":[{"name":"wp","href":"https:\/\/api.w.org\/{rel}","templated":true}]}}