{"id":38380,"date":"2019-05-03T11:00:29","date_gmt":"2019-05-03T09:00:29","guid":{"rendered":"http:\/\/dicodusport.fr\/blog\/?p=38380"},"modified":"2019-05-03T11:28:46","modified_gmt":"2019-05-03T09:28:46","slug":"julien-stephan-ce-heros-rennais","status":"publish","type":"post","link":"https:\/\/dicodusport.fr\/blog\/julien-stephan-ce-heros-rennais\/","title":{"rendered":"Julien St\u00e9phan, ce h\u00e9ros rennais"},"content":{"rendered":"<p style=\"text-align: justify;\"><em><strong>Successeur de Sabri Lamouchi sur le banc du <a href=\"https:\/\/www.staderennais.com\/\" target=\"_blank\" rel=\"noopener\">Stade Rennais<\/a> en fin d\u2019ann\u00e9e 2018, Julien St\u00e9phan a su conqu\u00e9rir la Bretagne et le foot fran\u00e7ais. Retour sur ses d\u00e9buts tonitruants.<\/strong><\/em><\/p>\n<p style=\"text-align: justify;\">Cela faisait trois ans qu\u2019il attendait patiemment son tour, en \u00e9tant \u00e0 la t\u00eate de la r\u00e9serve de Rennes, et son heure a finalement fini par arriver. Lanc\u00e9 dans le grand bain \u00e0 la suite du limogeage de Sabri Lamouchi, le fils de Guy St\u00e9phan, l\u2019adjoint en \u00e9quipe de France de Didier Deschamps, n\u2019a pas tard\u00e9 pour prendre ses marques chez les professionnels.<\/p>\n<p style=\"text-align: justify;\">Un temps annonc\u00e9 du c\u00f4t\u00e9 de Monaco suite au d\u00e9part de Leonardo Jardim pour prendre le r\u00f4le d\u2019adjoint de Thierry Henry, les dirigeants du Stade Rennais peuvent \u00eatre satisfaits d\u2019avoir su conserver Julien St\u00e9phan. La suite, on la conna\u00eet, avec une saison pleine et prometteuse pour celui qui deviendra la r\u00e9v\u00e9lation des jeunes entraineurs dans notre championnat de Ligue 1.<\/p>\n<div id=\"attachment_38382\" style=\"width: 1008px\" class=\"wp-caption aligncenter\"><img loading=\"lazy\" decoding=\"async\" aria-describedby=\"caption-attachment-38382\" class=\"size-full wp-image-38382\" src=\"http:\/\/dicodusport.fr\/blog\/wp-content\/uploads\/2019\/05\/Julien-Ste\u0301phan-un-formateur-confirme\u0301-Le-Te\u0301le\u0301gramme.jpg\" alt=\"\" width=\"998\" height=\"596\" srcset=\"https:\/\/dicodusport.fr\/blog\/wp-content\/uploads\/2019\/05\/Julien-Ste\u0301phan-un-formateur-confirme\u0301-Le-Te\u0301le\u0301gramme.jpg 998w, https:\/\/dicodusport.fr\/blog\/wp-content\/uploads\/2019\/05\/Julien-Ste\u0301phan-un-formateur-confirme\u0301-Le-Te\u0301le\u0301gramme-300x179.jpg 300w, https:\/\/dicodusport.fr\/blog\/wp-content\/uploads\/2019\/05\/Julien-Ste\u0301phan-un-formateur-confirme\u0301-Le-Te\u0301le\u0301gramme-768x459.jpg 768w\" sizes=\"auto, (max-width: 998px) 100vw, 998px\" \/><p id=\"caption-attachment-38382\" class=\"wp-caption-text\">Julien Ste\u0301phan, un formateur confirme\u0301 &#8211; Le Te\u0301le\u0301gramme<\/p><\/div>\n<h1>Une vraie philosophie de jeu<\/h1>\n<p style=\"text-align: justify;\">A 38 ans seulement, Julien St\u00e9phan n\u2019a pas mis longtemps \u00e0 prendre ses marques au plus haut niveau et \u00e0 pr\u00e9parer sa premi\u00e8re rencontre sur le terrain de l\u2019Olympique Lyonnais. Quelques jours apr\u00e8s sa nomination au poste d\u2019entra\u00eeneur principal, le jeune coach rennais a r\u00e9ussi la performance de s\u2019imposer sur la pelouse lyonnaise. Un d\u00e9but id\u00e9al et prometteur pour celui qui a su rapidement avoir le soutien de son vestiaire gr\u00e2ce \u00e0 sa philosophie de jeu, inspir\u00e9 des plus grands entraineurs \u00e0 l\u2019image de Pep Guardiola et J\u00fcrgen Klopp.<\/p>\n<p style=\"text-align: justify;\">Au sein d\u2019un club o\u00f9 le dernier titre remontait \u00e0 1971, Julien St\u00e9phan r\u00eavait en secret d\u2019\u00eatre le h\u00e9ros de toute une ville qui attendait cela depuis de trop nombreuses ann\u00e9es. La belle aventure de Julien St\u00e9phan sous les couleurs rennaises s\u2019est d\u2019abord construite sur la sc\u00e8ne europ\u00e9enne. Qualifi\u00e9s in extremis pour les seizi\u00e8mes de finale de la Ligue Europa, les Bretons ont su r\u00e9aliser un exploit en \u00e9liminant le Betis S\u00e9ville, avant de faire r\u00eaver tout un peuple en s\u2019imposant chez eux face \u00e0 Arsenal en huiti\u00e8mes de finale aller. Bien que la marche fut trop haute pour se qualifier sur la pelouse londonienne par la suite, Julien St\u00e9phan et ses joueurs venaient d\u2019\u00e9crire une nouvelle page de l\u2019histoire rennaise.<\/p>\n<div id=\"attachment_38383\" style=\"width: 670px\" class=\"wp-caption aligncenter\"><img loading=\"lazy\" decoding=\"async\" aria-describedby=\"caption-attachment-38383\" class=\"size-large wp-image-38383\" src=\"http:\/\/dicodusport.fr\/blog\/wp-content\/uploads\/2019\/05\/Cest-sur-la-sce\u0300ne-Europe\u0301enne-que-Julien-Ste\u0301phan-sest-re\u0301ve\u0301le\u0301-LEquipe-1024x512.jpg\" alt=\"\" width=\"660\" height=\"330\" srcset=\"https:\/\/dicodusport.fr\/blog\/wp-content\/uploads\/2019\/05\/Cest-sur-la-sce\u0300ne-Europe\u0301enne-que-Julien-Ste\u0301phan-sest-re\u0301ve\u0301le\u0301-LEquipe-1024x512.jpg 1024w, https:\/\/dicodusport.fr\/blog\/wp-content\/uploads\/2019\/05\/Cest-sur-la-sce\u0300ne-Europe\u0301enne-que-Julien-Ste\u0301phan-sest-re\u0301ve\u0301le\u0301-LEquipe-300x150.jpg 300w, https:\/\/dicodusport.fr\/blog\/wp-content\/uploads\/2019\/05\/Cest-sur-la-sce\u0300ne-Europe\u0301enne-que-Julien-Ste\u0301phan-sest-re\u0301ve\u0301le\u0301-LEquipe-768x384.jpg 768w, https:\/\/dicodusport.fr\/blog\/wp-content\/uploads\/2019\/05\/Cest-sur-la-sce\u0300ne-Europe\u0301enne-que-Julien-Ste\u0301phan-sest-re\u0301ve\u0301le\u0301-LEquipe.jpg 1920w\" sizes=\"auto, (max-width: 660px) 100vw, 660px\" \/><p id=\"caption-attachment-38383\" class=\"wp-caption-text\">C&rsquo;est sur la sce\u0300ne europe\u0301enne que Julien Ste\u0301phan s&rsquo;est re\u0301ve\u0301le\u0301 &#8211; L\u2019\u00c9quipe<\/p><\/div>\n<h1 style=\"text-align: justify;\">La Coupe de France, plus qu&rsquo;un exploit<\/h1>\n<p style=\"text-align: justify;\">Mais la v\u00e9ritable performance de Julien St\u00e9phan restera cette victoire en Coupe de France. D\u00e9j\u00e0 impressionnants en demi-finale pour aller d\u00e9crocher leur qualification pour le Stade de France sur la pelouse de Lyon (victoire 3-2 des Rennais), les joueurs de St\u00e9phan allaient \u00e9crire l\u2019histoire rennaise dans cette finale au sommet face au Paris Saint-Germain. Devant leurs supporters venus en nombre \u00e0 Paris pour assister \u00e0 cette rencontre, <a href=\"https:\/\/dicodusport.fr\/blog\/rennes-realise-l-exploit-au-psg-et-remporte-la-coupe-de-france\/\" target=\"_blank\" rel=\"noopener\">les Bretons r\u00e9alisaient l\u2019exploit de remonter deux buts aux Parisiens pour les emmener dans une s\u00e9ance de tirs aux but de tous les dangers (2-2). L\u2019\u00e9chec du Parisien Nkunku envoyait tout un peuple au paradis<\/a>.<\/p>\n<p><a href=\"https:\/\/twitter.com\/staderennais\/status\/1122267454338740225\">https:\/\/twitter.com\/staderennais\/status\/1122267454338740225<\/a><\/p>\n<p style=\"text-align: justify;\">Un peu plus de six mois\u2026 C\u2019est le temps qu\u2019il aura fallu \u00e0 Julien St\u00e9phan pour faire ses premi\u00e8res armes au plus haut niveau en qualit\u00e9 d\u2019entra\u00eeneur et offrir aux <em>Rouge et Noir<\/em>\u00a0leur premier troph\u00e9e depuis 1971 et une premi\u00e8re qualification en huiti\u00e8mes de finale de Coupe d\u2019Europe. Une magnifique histoire, qui ne demande qu\u2019\u00e0 \u00eatre confirm\u00e9e d\u00e8s la saison prochaine car une chose est s\u00fbre, le Stade Rennais n\u2019a aucun int\u00e9r\u00eat \u00e0 laisser filer sa jeune p\u00e9pite. Julien St\u00e9phan avait jusque-l\u00e0 un nom, il s\u2019est maintenant fait un v\u00e9ritable pr\u00e9nom dans le milieu du football.<\/p>\n<p><strong><em>Bastien Pitte<br \/>\n<a href=\"https:\/\/www.facebook.com\/bastien.pitte\" target=\"_blank\" rel=\"noopener\"><img loading=\"lazy\" decoding=\"async\" class=\"alignnone wp-image-2909\" src=\"http:\/\/dicodusport.fr\/blog\/wp-content\/uploads\/2017\/07\/logo-facebook-150x150.png\" alt=\"\" width=\"39\" height=\"39\" \/><\/a><\/em><\/strong><a href=\"https:\/\/www.linkedin.com\/in\/bastien-pitte\" target=\"_blank\" rel=\"noopener\"><img loading=\"lazy\" decoding=\"async\" class=\"alignnone wp-image-3711\" src=\"http:\/\/dicodusport.fr\/blog\/wp-content\/uploads\/2017\/08\/signature-linkedin-150x150.png\" alt=\"\" width=\"39\" height=\"39\" srcset=\"https:\/\/dicodusport.fr\/blog\/wp-content\/uploads\/2017\/08\/signature-linkedin-150x150.png 150w, https:\/\/dicodusport.fr\/blog\/wp-content\/uploads\/2017\/08\/signature-linkedin.png 295w\" sizes=\"auto, (max-width: 39px) 100vw, 39px\" \/><\/a><\/p>\n","protected":false},"excerpt":{"rendered":"<p>Successeur de Sabri Lamouchi sur le banc du Stade Rennais en fin d\u2019ann\u00e9e 2018, Julien St\u00e9phan a su conqu\u00e9rir la Bretagne et le foot fran\u00e7ais.<\/p>\n","protected":false},"author":28,"featured_media":38388,"comment_status":"open","ping_status":"closed","sticky":false,"template":"","format":"standard","meta":{"_acf_changed":false,"_daextam_enable_autolinks":"","footnotes":""},"categories":[2,2301],"tags":[2870,75,6888,4437,1840,1865],"class_list":["post-38380","post","type-post","status-publish","format-standard","has-post-thumbnail","hentry","category-actualites","category-football","tag-coupe-de-france","tag-football","tag-julien-stephan","tag-ligue-europa","tag-rennes","tag-stade-rennais"],"acf":[],"yoast_head":"<!-- This site is optimized with the Yoast SEO Premium plugin v26.7 (Yoast SEO v26.7) - https:\/\/yoast.com\/wordpress\/plugins\/seo\/ -->\n<title>Julien St\u00e9phan, ce h\u00e9ros rennais<\/title>\n<meta name=\"description\" content=\"Successeur de Sabri Lamouchi sur le banc du Stade Rennais en fin d\u2019ann\u00e9e 2018, Julien St\u00e9phan a su conqu\u00e9rir la Bretagne et le foot fran\u00e7ais.\" \/>\n<meta name=\"robots\" content=\"index, follow, max-snippet:-1, max-image-preview:large, max-video-preview:-1\" \/>\n<link rel=\"canonical\" href=\"https:\/\/dicodusport.fr\/blog\/julien-stephan-ce-heros-rennais\/\" \/>\n<meta property=\"og:locale\" content=\"fr_FR\" \/>\n<meta property=\"og:type\" content=\"article\" \/>\n<meta property=\"og:title\" content=\"Julien St\u00e9phan, ce h\u00e9ros rennais\" \/>\n<meta property=\"og:description\" content=\"Successeur de Sabri Lamouchi sur le banc du Stade Rennais en fin d\u2019ann\u00e9e 2018, Julien St\u00e9phan a su conqu\u00e9rir la Bretagne et le foot fran\u00e7ais.\" \/>\n<meta property=\"og:url\" content=\"https:\/\/dicodusport.fr\/blog\/julien-stephan-ce-heros-rennais\/\" \/>\n<meta property=\"og:site_name\" content=\"Dicodusport\" \/>\n<meta property=\"article:publisher\" content=\"https:\/\/www.facebook.com\/dicodusport\" \/>\n<meta property=\"article:published_time\" content=\"2019-05-03T09:00:29+00:00\" \/>\n<meta property=\"article:modified_time\" content=\"2019-05-03T09:28:46+00:00\" \/>\n<meta property=\"og:image\" content=\"https:\/\/dicodusport.fr\/blog\/wp-content\/uploads\/2019\/05\/Julien-St\u00e9phan-Stade-Rennais.png\" \/>\n\t<meta property=\"og:image:width\" content=\"800\" \/>\n\t<meta property=\"og:image:height\" content=\"445\" \/>\n\t<meta property=\"og:image:type\" content=\"image\/png\" \/>\n<meta name=\"author\" content=\"Bastien Pitte\" \/>\n<meta name=\"twitter:card\" content=\"summary_large_image\" \/>\n<meta name=\"twitter:creator\" content=\"@dicodusport\" \/>\n<meta name=\"twitter:site\" content=\"@dicodusport\" \/>\n<script type=\"application\/ld+json\" class=\"yoast-schema-graph\">{\"@context\":\"https:\/\/schema.org\",\"@graph\":[{\"@type\":\"NewsArticle\",\"@id\":\"https:\/\/dicodusport.fr\/blog\/julien-stephan-ce-heros-rennais\/#article\",\"isPartOf\":{\"@id\":\"https:\/\/dicodusport.fr\/blog\/julien-stephan-ce-heros-rennais\/\"},\"author\":{\"name\":\"Bastien Pitte\",\"@id\":\"https:\/\/dicodusport.fr\/blog\/#\/schema\/person\/0d3ca824646a2d0c77bdd7e45230c071\"},\"headline\":\"Julien St\u00e9phan, ce h\u00e9ros rennais\",\"datePublished\":\"2019-05-03T09:00:29+00:00\",\"dateModified\":\"2019-05-03T09:28:46+00:00\",\"mainEntityOfPage\":{\"@id\":\"https:\/\/dicodusport.fr\/blog\/julien-stephan-ce-heros-rennais\/\"},\"wordCount\":707,\"commentCount\":0,\"publisher\":{\"@id\":\"https:\/\/dicodusport.fr\/blog\/#organization\"},\"image\":{\"@id\":\"https:\/\/dicodusport.fr\/blog\/julien-stephan-ce-heros-rennais\/#primaryimage\"},\"thumbnailUrl\":\"https:\/\/dicodusport.fr\/blog\/wp-content\/uploads\/2019\/05\/Julien-St\u00e9phan-Stade-Rennais.png\",\"keywords\":[\"Coupe de France\",\"Football\",\"Julien St\u00e9phan\",\"Ligue Europa\",\"Rennes\",\"Stade rennais\"],\"articleSection\":[\"Actualit\u00e9s\",\"Football\"],\"inLanguage\":\"fr-FR\",\"potentialAction\":[{\"@type\":\"CommentAction\",\"name\":\"Comment\",\"target\":[\"https:\/\/dicodusport.fr\/blog\/julien-stephan-ce-heros-rennais\/#respond\"]}],\"copyrightYear\":\"2019\",\"copyrightHolder\":{\"@id\":\"https:\/\/dicodusport.fr\/blog\/#organization\"}},{\"@type\":\"WebPage\",\"@id\":\"https:\/\/dicodusport.fr\/blog\/julien-stephan-ce-heros-rennais\/\",\"url\":\"https:\/\/dicodusport.fr\/blog\/julien-stephan-ce-heros-rennais\/\",\"name\":\"Julien St\u00e9phan, ce h\u00e9ros rennais\",\"isPartOf\":{\"@id\":\"https:\/\/dicodusport.fr\/blog\/#website\"},\"primaryImageOfPage\":{\"@id\":\"https:\/\/dicodusport.fr\/blog\/julien-stephan-ce-heros-rennais\/#primaryimage\"},\"image\":{\"@id\":\"https:\/\/dicodusport.fr\/blog\/julien-stephan-ce-heros-rennais\/#primaryimage\"},\"thumbnailUrl\":\"https:\/\/dicodusport.fr\/blog\/wp-content\/uploads\/2019\/05\/Julien-St\u00e9phan-Stade-Rennais.png\",\"datePublished\":\"2019-05-03T09:00:29+00:00\",\"dateModified\":\"2019-05-03T09:28:46+00:00\",\"description\":\"Successeur de Sabri Lamouchi sur le banc du Stade Rennais en fin d\u2019ann\u00e9e 2018, Julien St\u00e9phan a su conqu\u00e9rir la Bretagne et le foot fran\u00e7ais.\",\"breadcrumb\":{\"@id\":\"https:\/\/dicodusport.fr\/blog\/julien-stephan-ce-heros-rennais\/#breadcrumb\"},\"inLanguage\":\"fr-FR\",\"potentialAction\":[{\"@type\":\"ReadAction\",\"target\":[\"https:\/\/dicodusport.fr\/blog\/julien-stephan-ce-heros-rennais\/\"]}]},{\"@type\":\"ImageObject\",\"inLanguage\":\"fr-FR\",\"@id\":\"https:\/\/dicodusport.fr\/blog\/julien-stephan-ce-heros-rennais\/#primaryimage\",\"url\":\"https:\/\/dicodusport.fr\/blog\/wp-content\/uploads\/2019\/05\/Julien-St\u00e9phan-Stade-Rennais.png\",\"contentUrl\":\"https:\/\/dicodusport.fr\/blog\/wp-content\/uploads\/2019\/05\/Julien-St\u00e9phan-Stade-Rennais.png\",\"width\":800,\"height\":445},{\"@type\":\"BreadcrumbList\",\"@id\":\"https:\/\/dicodusport.fr\/blog\/julien-stephan-ce-heros-rennais\/#breadcrumb\",\"itemListElement\":[{\"@type\":\"ListItem\",\"position\":1,\"name\":\"Accueil\",\"item\":\"https:\/\/dicodusport.fr\/blog\/\"},{\"@type\":\"ListItem\",\"position\":2,\"name\":\"Julien St\u00e9phan, ce h\u00e9ros rennais\"}]},{\"@type\":\"WebSite\",\"@id\":\"https:\/\/dicodusport.fr\/blog\/#website\",\"url\":\"https:\/\/dicodusport.fr\/blog\/\",\"name\":\"Dicodusport\",\"description\":\"L&#039;encyclop\u00e9die de l&#039;actualit\u00e9 sportive\",\"publisher\":{\"@id\":\"https:\/\/dicodusport.fr\/blog\/#organization\"},\"potentialAction\":[{\"@type\":\"SearchAction\",\"target\":{\"@type\":\"EntryPoint\",\"urlTemplate\":\"https:\/\/dicodusport.fr\/blog\/?s={search_term_string}\"},\"query-input\":{\"@type\":\"PropertyValueSpecification\",\"valueRequired\":true,\"valueName\":\"search_term_string\"}}],\"inLanguage\":\"fr-FR\"},{\"@type\":\"NewsMediaOrganization\",\"@id\":\"https:\/\/dicodusport.fr\/blog\/#organization\",\"name\":\"Dicodusport\",\"url\":\"https:\/\/dicodusport.fr\/blog\/\",\"logo\":{\"@type\":\"ImageObject\",\"inLanguage\":\"fr-FR\",\"@id\":\"https:\/\/dicodusport.fr\/blog\/#\/schema\/logo\/image\/\",\"url\":\"https:\/\/dicodusport.fr\/blog\/wp-content\/uploads\/2020\/06\/cropped-LOGO-DICODUSPORT-2020-SANS-FOND-SANS-TEXTE.png\",\"contentUrl\":\"https:\/\/dicodusport.fr\/blog\/wp-content\/uploads\/2020\/06\/cropped-LOGO-DICODUSPORT-2020-SANS-FOND-SANS-TEXTE.png\",\"width\":512,\"height\":512,\"caption\":\"Dicodusport\"},\"image\":{\"@id\":\"https:\/\/dicodusport.fr\/blog\/#\/schema\/logo\/image\/\"},\"sameAs\":[\"https:\/\/www.facebook.com\/dicodusport\",\"https:\/\/x.com\/dicodusport\",\"https:\/\/www.instagram.com\/dicodusport\/\",\"https:\/\/www.youtube.com\/channel\/UC7V2KZ5sd3htJivAbA4ZG3w\"],\"description\":\"Dicodusport est l'encyclop\u00e9die de l'actualit\u00e9 sportive.\",\"email\":\"bonjour@dicodusport.fr\",\"legalName\":\"DICODUSPORT\",\"foundingDate\":\"2018-01-14\",\"vatID\":\"FR71834470973\",\"taxID\":\"83447097300043\",\"numberOfEmployees\":{\"@type\":\"QuantitativeValue\",\"minValue\":\"1\",\"maxValue\":\"10\"}},{\"@type\":\"Person\",\"@id\":\"https:\/\/dicodusport.fr\/blog\/#\/schema\/person\/0d3ca824646a2d0c77bdd7e45230c071\",\"name\":\"Bastien Pitte\",\"image\":{\"@type\":\"ImageObject\",\"inLanguage\":\"fr-FR\",\"@id\":\"https:\/\/dicodusport.fr\/blog\/#\/schema\/person\/image\/\",\"url\":\"https:\/\/dicodusport.fr\/blog\/wp-content\/uploads\/2020\/06\/cropped-LOGO-DICODUSPORT-2020-SANS-FOND-SANS-TEXTE-150x150.png\",\"contentUrl\":\"https:\/\/dicodusport.fr\/blog\/wp-content\/uploads\/2020\/06\/cropped-LOGO-DICODUSPORT-2020-SANS-FOND-SANS-TEXTE-150x150.png\",\"caption\":\"Bastien Pitte\"},\"url\":\"https:\/\/dicodusport.fr\/blog\/author\/bastien\/\"}]}<\/script>\n<!-- \/ Yoast SEO Premium plugin. -->","yoast_head_json":{"title":"Julien St\u00e9phan, ce h\u00e9ros rennais","description":"Successeur de Sabri Lamouchi sur le banc du Stade Rennais en fin d\u2019ann\u00e9e 2018, Julien St\u00e9phan a su conqu\u00e9rir la Bretagne et le foot fran\u00e7ais.","robots":{"index":"index","follow":"follow","max-snippet":"max-snippet:-1","max-image-preview":"max-image-preview:large","max-video-preview":"max-video-preview:-1"},"canonical":"https:\/\/dicodusport.fr\/blog\/julien-stephan-ce-heros-rennais\/","og_locale":"fr_FR","og_type":"article","og_title":"Julien St\u00e9phan, ce h\u00e9ros rennais","og_description":"Successeur de Sabri Lamouchi sur le banc du Stade Rennais en fin d\u2019ann\u00e9e 2018, Julien St\u00e9phan a su conqu\u00e9rir la Bretagne et le foot fran\u00e7ais.","og_url":"https:\/\/dicodusport.fr\/blog\/julien-stephan-ce-heros-rennais\/","og_site_name":"Dicodusport","article_publisher":"https:\/\/www.facebook.com\/dicodusport","article_published_time":"2019-05-03T09:00:29+00:00","article_modified_time":"2019-05-03T09:28:46+00:00","og_image":[{"width":800,"height":445,"url":"https:\/\/dicodusport.fr\/blog\/wp-content\/uploads\/2019\/05\/Julien-St\u00e9phan-Stade-Rennais.png","type":"image\/png"}],"author":"Bastien Pitte","twitter_card":"summary_large_image","twitter_creator":"@dicodusport","twitter_site":"@dicodusport","schema":{"@context":"https:\/\/schema.org","@graph":[{"@type":"NewsArticle","@id":"https:\/\/dicodusport.fr\/blog\/julien-stephan-ce-heros-rennais\/#article","isPartOf":{"@id":"https:\/\/dicodusport.fr\/blog\/julien-stephan-ce-heros-rennais\/"},"author":{"name":"Bastien Pitte","@id":"https:\/\/dicodusport.fr\/blog\/#\/schema\/person\/0d3ca824646a2d0c77bdd7e45230c071"},"headline":"Julien St\u00e9phan, ce h\u00e9ros rennais","datePublished":"2019-05-03T09:00:29+00:00","dateModified":"2019-05-03T09:28:46+00:00","mainEntityOfPage":{"@id":"https:\/\/dicodusport.fr\/blog\/julien-stephan-ce-heros-rennais\/"},"wordCount":707,"commentCount":0,"publisher":{"@id":"https:\/\/dicodusport.fr\/blog\/#organization"},"image":{"@id":"https:\/\/dicodusport.fr\/blog\/julien-stephan-ce-heros-rennais\/#primaryimage"},"thumbnailUrl":"https:\/\/dicodusport.fr\/blog\/wp-content\/uploads\/2019\/05\/Julien-St\u00e9phan-Stade-Rennais.png","keywords":["Coupe de France","Football","Julien St\u00e9phan","Ligue Europa","Rennes","Stade rennais"],"articleSection":["Actualit\u00e9s","Football"],"inLanguage":"fr-FR","potentialAction":[{"@type":"CommentAction","name":"Comment","target":["https:\/\/dicodusport.fr\/blog\/julien-stephan-ce-heros-rennais\/#respond"]}],"copyrightYear":"2019","copyrightHolder":{"@id":"https:\/\/dicodusport.fr\/blog\/#organization"}},{"@type":"WebPage","@id":"https:\/\/dicodusport.fr\/blog\/julien-stephan-ce-heros-rennais\/","url":"https:\/\/dicodusport.fr\/blog\/julien-stephan-ce-heros-rennais\/","name":"Julien St\u00e9phan, ce h\u00e9ros rennais","isPartOf":{"@id":"https:\/\/dicodusport.fr\/blog\/#website"},"primaryImageOfPage":{"@id":"https:\/\/dicodusport.fr\/blog\/julien-stephan-ce-heros-rennais\/#primaryimage"},"image":{"@id":"https:\/\/dicodusport.fr\/blog\/julien-stephan-ce-heros-rennais\/#primaryimage"},"thumbnailUrl":"https:\/\/dicodusport.fr\/blog\/wp-content\/uploads\/2019\/05\/Julien-St\u00e9phan-Stade-Rennais.png","datePublished":"2019-05-03T09:00:29+00:00","dateModified":"2019-05-03T09:28:46+00:00","description":"Successeur de Sabri Lamouchi sur le banc du Stade Rennais en fin d\u2019ann\u00e9e 2018, Julien St\u00e9phan a su conqu\u00e9rir la Bretagne et le foot fran\u00e7ais.","breadcrumb":{"@id":"https:\/\/dicodusport.fr\/blog\/julien-stephan-ce-heros-rennais\/#breadcrumb"},"inLanguage":"fr-FR","potentialAction":[{"@type":"ReadAction","target":["https:\/\/dicodusport.fr\/blog\/julien-stephan-ce-heros-rennais\/"]}]},{"@type":"ImageObject","inLanguage":"fr-FR","@id":"https:\/\/dicodusport.fr\/blog\/julien-stephan-ce-heros-rennais\/#primaryimage","url":"https:\/\/dicodusport.fr\/blog\/wp-content\/uploads\/2019\/05\/Julien-St\u00e9phan-Stade-Rennais.png","contentUrl":"https:\/\/dicodusport.fr\/blog\/wp-content\/uploads\/2019\/05\/Julien-St\u00e9phan-Stade-Rennais.png","width":800,"height":445},{"@type":"BreadcrumbList","@id":"https:\/\/dicodusport.fr\/blog\/julien-stephan-ce-heros-rennais\/#breadcrumb","itemListElement":[{"@type":"ListItem","position":1,"name":"Accueil","item":"https:\/\/dicodusport.fr\/blog\/"},{"@type":"ListItem","position":2,"name":"Julien St\u00e9phan, ce h\u00e9ros rennais"}]},{"@type":"WebSite","@id":"https:\/\/dicodusport.fr\/blog\/#website","url":"https:\/\/dicodusport.fr\/blog\/","name":"Dicodusport","description":"L&#039;encyclop\u00e9die de l&#039;actualit\u00e9 sportive","publisher":{"@id":"https:\/\/dicodusport.fr\/blog\/#organization"},"potentialAction":[{"@type":"SearchAction","target":{"@type":"EntryPoint","urlTemplate":"https:\/\/dicodusport.fr\/blog\/?s={search_term_string}"},"query-input":{"@type":"PropertyValueSpecification","valueRequired":true,"valueName":"search_term_string"}}],"inLanguage":"fr-FR"},{"@type":"NewsMediaOrganization","@id":"https:\/\/dicodusport.fr\/blog\/#organization","name":"Dicodusport","url":"https:\/\/dicodusport.fr\/blog\/","logo":{"@type":"ImageObject","inLanguage":"fr-FR","@id":"https:\/\/dicodusport.fr\/blog\/#\/schema\/logo\/image\/","url":"https:\/\/dicodusport.fr\/blog\/wp-content\/uploads\/2020\/06\/cropped-LOGO-DICODUSPORT-2020-SANS-FOND-SANS-TEXTE.png","contentUrl":"https:\/\/dicodusport.fr\/blog\/wp-content\/uploads\/2020\/06\/cropped-LOGO-DICODUSPORT-2020-SANS-FOND-SANS-TEXTE.png","width":512,"height":512,"caption":"Dicodusport"},"image":{"@id":"https:\/\/dicodusport.fr\/blog\/#\/schema\/logo\/image\/"},"sameAs":["https:\/\/www.facebook.com\/dicodusport","https:\/\/x.com\/dicodusport","https:\/\/www.instagram.com\/dicodusport\/","https:\/\/www.youtube.com\/channel\/UC7V2KZ5sd3htJivAbA4ZG3w"],"description":"Dicodusport est l'encyclop\u00e9die de l'actualit\u00e9 sportive.","email":"bonjour@dicodusport.fr","legalName":"DICODUSPORT","foundingDate":"2018-01-14","vatID":"FR71834470973","taxID":"83447097300043","numberOfEmployees":{"@type":"QuantitativeValue","minValue":"1","maxValue":"10"}},{"@type":"Person","@id":"https:\/\/dicodusport.fr\/blog\/#\/schema\/person\/0d3ca824646a2d0c77bdd7e45230c071","name":"Bastien Pitte","image":{"@type":"ImageObject","inLanguage":"fr-FR","@id":"https:\/\/dicodusport.fr\/blog\/#\/schema\/person\/image\/","url":"https:\/\/dicodusport.fr\/blog\/wp-content\/uploads\/2020\/06\/cropped-LOGO-DICODUSPORT-2020-SANS-FOND-SANS-TEXTE-150x150.png","contentUrl":"https:\/\/dicodusport.fr\/blog\/wp-content\/uploads\/2020\/06\/cropped-LOGO-DICODUSPORT-2020-SANS-FOND-SANS-TEXTE-150x150.png","caption":"Bastien Pitte"},"url":"https:\/\/dicodusport.fr\/blog\/author\/bastien\/"}]}},"_links":{"self":[{"href":"https:\/\/dicodusport.fr\/blog\/wp-json\/wp\/v2\/posts\/38380","targetHints":{"allow":["GET"]}}],"collection":[{"href":"https:\/\/dicodusport.fr\/blog\/wp-json\/wp\/v2\/posts"}],"about":[{"href":"https:\/\/dicodusport.fr\/blog\/wp-json\/wp\/v2\/types\/post"}],"author":[{"embeddable":true,"href":"https:\/\/dicodusport.fr\/blog\/wp-json\/wp\/v2\/users\/28"}],"replies":[{"embeddable":true,"href":"https:\/\/dicodusport.fr\/blog\/wp-json\/wp\/v2\/comments?post=38380"}],"version-history":[{"count":0,"href":"https:\/\/dicodusport.fr\/blog\/wp-json\/wp\/v2\/posts\/38380\/revisions"}],"wp:featuredmedia":[{"embeddable":true,"href":"https:\/\/dicodusport.fr\/blog\/wp-json\/wp\/v2\/media\/38388"}],"wp:attachment":[{"href":"https:\/\/dicodusport.fr\/blog\/wp-json\/wp\/v2\/media?parent=38380"}],"wp:term":[{"taxonomy":"category","embeddable":true,"href":"https:\/\/dicodusport.fr\/blog\/wp-json\/wp\/v2\/categories?post=38380"},{"taxonomy":"post_tag","embeddable":true,"href":"https:\/\/dicodusport.fr\/blog\/wp-json\/wp\/v2\/tags?post=38380"}],"curies":[{"name":"wp","href":"https:\/\/api.w.org\/{rel}","templated":true}]}}