{"id":384037,"date":"2023-05-30T14:48:38","date_gmt":"2023-05-30T12:48:38","guid":{"rendered":"https:\/\/dicodusport.fr\/blog\/?p=384037&#038;preview=true&#038;preview_id=384037"},"modified":"2023-06-01T05:12:21","modified_gmt":"2023-06-01T03:12:21","slug":"meeting-de-montreuil-2023-programme-complet-et-resultats","status":"publish","type":"post","link":"https:\/\/dicodusport.fr\/blog\/meeting-de-montreuil-2023-programme-complet-et-resultats\/","title":{"rendered":"Meeting de Montreuil 2023 : Les r\u00e9sultats complets"},"content":{"rendered":"<p style=\"text-align: justify;\"><b><i>ATHL\u00c9TISME &#8211; Le Meeting international de Montreuil se d\u00e9roule le mercredi 31 mai ! Voici le programme et les r\u00e9sultats.<\/i><\/b><\/p>\n<p style=\"text-align: justify;\"><strong>Jasmine Camacho-Quinn<\/strong>, championne olympique du 100 m haies, sera une des t\u00eates d&rsquo;affiches du Meeting de Montreuil, ce mercredi 31 mai. Un rendez-vous francilien qui accueille le recordman du monde en salle du triple saut, <strong>Hugues-Fabrice Zango,<\/strong> qui a d\u00e9j\u00e0 frapp\u00e9 tr\u00e8s fort \u00e0 Doha, avec un bond \u00e0 17.81 m, plus t\u00f4t dans le mois de mai.<\/p>\n<p style=\"text-align: justify;\">La comp\u00e9tition est \u00e0 suivre sur <a href=\"https:\/\/www.sportenfrance.com\/\" target=\"_blank\" rel=\"noopener\"><strong>Sport en France<\/strong><\/a>, <a href=\"https:\/\/athletv.fr\/\" target=\"_blank\" rel=\"noopener\"><strong>Athl\u00e9 TV<\/strong><\/a>, <a href=\"https:\/\/fr-fr.facebook.com\/meetingmontreuil\/\" target=\"_blank\" rel=\"noopener\"><strong>la page Facebook du meeting<\/strong><\/a> et sa <a href=\"https:\/\/www.youtube.com\/channel\/UCWaH2A2c834P8Zu93X93ISw\" target=\"_blank\" rel=\"noopener\"><strong>page YouTube<\/strong><\/a>.<\/p>\n<h2>Le programme<\/h2>\n<p style=\"text-align: justify;\"><strong>18h25 : <\/strong><a href=\"https:\/\/athle-liveresults.fr\/events\/5304817a-7150-4abe-a778-3be241c6206a_ATSTAW052101\/results\">Lancer du disque femmes<\/a><\/p>\n<p><strong>20h00 : <\/strong><a href=\"https:\/\/athle-liveresults.fr\/events\/5304817a-7150-4abe-a778-3be241c6206a_ATSTAM062101\/results\">Triple saut hommes<\/a><\/p>\n<p><strong>20h05<\/strong> : <a href=\"https:\/\/athle-liveresults.fr\/events\/5304817a-7150-4abe-a778-3be241c6206a_ATSTAW001901\/results\">100 m femmes<\/a> (s\u00e9rie 1)<\/p>\n<p><strong>20h10<\/strong> : <a href=\"https:\/\/athle-liveresults.fr\/events\/5304817a-7150-4abe-a778-3be241c6206a_ATSTAW001902\/results\">100 m femmes<\/a> (s\u00e9rie 2)<\/p>\n<p><strong>20h15<\/strong> : <a href=\"https:\/\/athle-liveresults.fr\/events\/5304817a-7150-4abe-a778-3be241c6206a_ATSTAM001901\/results\">100 m hommes<\/a> (s\u00e9rie 1)<\/p>\n<p><strong>20h20<\/strong> : <a href=\"https:\/\/athle-liveresults.fr\/events\/5304817a-7150-4abe-a778-3be241c6206a_ATSTAM001902\/results\">100 m hommes<\/a> (s\u00e9rie 2)<\/p>\n<p><strong>20h25 : <\/strong><a href=\"https:\/\/athle-liveresults.fr\/events\/5304817a-7150-4abe-a778-3be241c6206a_ATSTAW071101\/results\">Saut en hauteur femmes<\/a><\/p>\n<p><strong>20h30<\/strong> : <a href=\"https:\/\/athle-liveresults.fr\/events\/5304817a-7150-4abe-a778-3be241c6206a_ATSTAW061101\/results\">Saut en longueur femmes<\/a><\/p>\n<p><strong>20h35<\/strong> : <a href=\"https:\/\/athle-liveresults.fr\/events\/5304817a-7150-4abe-a778-3be241c6206a_ATSTAM004101\/results\">400 m hommes<\/a><\/p>\n<p><strong>20h50<\/strong> : <a href=\"https:\/\/athle-liveresults.fr\/events\/5304817a-7150-4abe-a778-3be241c6206a_ATSTAM012101\/results\">110 m haies<\/a><\/p>\n<p><strong>21h10<\/strong> : <a href=\"https:\/\/athle-liveresults.fr\/events\/5304817a-7150-4abe-a778-3be241c6206a_ATSTAW011101\/results\">100 m haies<\/a><\/p>\n<p><strong>21h15<\/strong> : <a href=\"https:\/\/athle-liveresults.fr\/events\/5304817a-7150-4abe-a778-3be241c6206a_ATSTAW001101\/results\">100 m femme finale<\/a><\/p>\n<p><strong>21h25<\/strong> : <a href=\"https:\/\/athle-liveresults.fr\/events\/5304817a-7150-4abe-a778-3be241c6206a_ATSTAM001101\/results\">100 m hommes finale<\/a><\/p>\n<p><strong>21h30<\/strong> : <a href=\"https:\/\/athle-liveresults.fr\/events\/5304817a-7150-4abe-a778-3be241c6206a_ATSTAW008101\/results\">800 m femmes<\/a><\/p>\n<p><strong>21h40<\/strong> : <a href=\"https:\/\/athle-liveresults.fr\/events\/5304817a-7150-4abe-a778-3be241c6206a_ATSTAM008101\/results\">800 m hommes<\/a><\/p>\n<p><strong>21h50<\/strong> : <a href=\"https:\/\/athle-liveresults.fr\/events\/5304817a-7150-4abe-a778-3be241c6206a_ATSTAW015101\/results\">1500 m femmes<\/a><\/p>\n<p><strong>22h<\/strong> : <a href=\"https:\/\/athle-liveresults.fr\/events\/5304817a-7150-4abe-a778-3be241c6206a_ATSTAM015101\/results\">1500 m hommes<\/a><\/p>\n<p>&nbsp;<\/p>\n<h2>Les podiums<\/h2>\n<h3>Femmes<\/h3>\n<div class=\"su-table su-table-alternate\">\n<table style=\"width: 800px;border-collapse: collapse\">\n<tbody>\n<tr>\n<td style=\"text-align: center;width: 200px;vertical-align: middle\"><strong>\u00c9preuves<\/strong><\/td>\n<td style=\"text-align: center;width: 200px;vertical-align: middle;background-color: #ffffff\"><strong> 1\u00e8re<\/strong><\/td>\n<td style=\"text-align: center;width: 200px;vertical-align: middle;background-color: #ffffff\"><strong>2e<\/strong><\/td>\n<td style=\"text-align: center;width: 200px;vertical-align: middle;background-color: #ffffff\"><strong>3e<\/strong><\/td>\n<\/tr>\n<tr>\n<td style=\"text-align: center;width: 200px;vertical-align: middle\"><strong>100 m<\/strong><\/td>\n<td style=\"text-align: center;width: 200px;vertical-align: middle\">\ud83c\uddec\ud83c\uddf2 <strong>Gina Bass<\/strong><br \/>\n11.03<\/td>\n<td style=\"text-align: center;width: 200px;vertical-align: middle\">\ud83c\uddea\ud83c\uddec Bassant Hemida<br \/>\n11.07<\/td>\n<td style=\"text-align: center;width: 200px;vertical-align: middle\">\ud83c\udde8\ud83c\udded G\u00e9raldine Frey<br \/>\n11.13<\/td>\n<\/tr>\n<tr>\n<td style=\"text-align: center;width: 200px;vertical-align: middle\"><strong>800 m<\/strong><\/td>\n<td style=\"width: 200px;text-align: center\">\ud83c\uddff\ud83c\udde6 <strong>Prudence Sekgodiso<\/strong><br \/>\n2:00.72<\/td>\n<td style=\"width: 200px;text-align: center\">\ud83c\uddec\ud83c\udde7 Jemma Reekie<br \/>\n2:00.90 <strong>SB<\/strong><\/td>\n<td style=\"width: 200px;text-align: center\">\ud83c\udde8\ud83c\udded Lore Hoffman<br \/>\n2:01.53<\/td>\n<\/tr>\n<tr>\n<td style=\"text-align: center;width: 200px;vertical-align: middle\"><strong>1500 m<\/strong><\/td>\n<td style=\"text-align: center;width: 200px;vertical-align: middle\">\ud83c\uddf0\ud83c\uddea <strong>Nelly CHepchirchir<\/strong><br \/>\n4:03.08 <strong>PB<\/strong><\/td>\n<td style=\"text-align: center;width: 200px;vertical-align: middle\">\ud83c\uddfa\ud83c\uddf8 Nikki Hiltz<br \/>\n4:03.08 <strong>SB<\/strong><\/td>\n<td style=\"text-align: center;width: 200px;vertical-align: middle\">\ud83c\uddec\ud83c\udde7 Ellie Baker<br \/>\n4:04.11 <strong>PB<\/strong><\/td>\n<\/tr>\n<tr>\n<td style=\"text-align: center;width: 200px;vertical-align: middle\"><strong>100 m haies<\/strong><\/td>\n<td style=\"text-align: center;width: 200px;vertical-align: middle\">\ud83c\uddf5\ud83c\uddf7 <strong>Jasmine Camacho-Quinn<br \/>\n12.40 MR<\/strong><\/td>\n<td style=\"text-align: center;width: 200px;vertical-align: middle\">\ud83c\uddfa\ud83c\uddf8 Nia Ali<br \/>\n12.71<\/td>\n<td style=\"text-align: center;width: 200px;vertical-align: middle\">\ud83c\uddfa\ud83c\uddf8 Jade Barber<br \/>\n12.97<\/td>\n<\/tr>\n<tr>\n<td style=\"text-align: center;width: 200px;vertical-align: middle\"><strong>Lancer du disque<\/strong><\/td>\n<td style=\"text-align: center;width: 200px;vertical-align: middle\">\ud83c\uddeb\ud83c\uddf7 <strong>M\u00e9lina Robert-Michon<br \/>\n65.49 m<\/strong><\/td>\n<td style=\"text-align: center;width: 200px;vertical-align: middle\">\ud83c\udde7\ud83c\uddf7 Izabela Da Silva<br \/>\n62.61 m<\/td>\n<td style=\"text-align: center;width: 200px;vertical-align: middle\">\ud83c\udde8\ud83c\uddfa Silinda Oneisi Morales<br \/>\n59.49 m<\/td>\n<\/tr>\n<tr>\n<td style=\"text-align: center;width: 200px;vertical-align: middle\"><strong>Saut en longueur<br \/>\n<\/strong><\/td>\n<td style=\"text-align: center;width: 200px;vertical-align: middle\">\ud83c\uddf3\ud83c\uddec <strong>Ese Brume<\/strong><br \/>\n6.88 m<\/td>\n<td style=\"text-align: center;width: 200px;vertical-align: middle\">\ud83c\uddec\ud83c\udde7 Lorraine Ugen<br \/>\n6.77 m <strong>SB<\/strong><\/td>\n<td style=\"text-align: center;width: 200px;vertical-align: middle\">\ud83c\uddfa\ud83c\uddf8 Quanesha Burks<br \/>\n6.69 m<\/td>\n<\/tr>\n<tr>\n<td style=\"text-align: center;width: 200px;vertical-align: middle\"><strong>Saut en hauteur<br \/>\n<\/strong><\/td>\n<td style=\"text-align: center;width: 200px;vertical-align: middle\">\ud83c\uddeb\ud83c\uddf7 <strong>Nawal Meniker<br \/>\n1.90 m MR<\/strong><\/td>\n<td style=\"text-align: center;width: 200px;vertical-align: middle\">\ud83c\uddec\ud83c\udde7 Laura Zialor<br \/>\n1.86 m<\/td>\n<td style=\"text-align: center;width: 200px;vertical-align: middle\">\ud83c\uddeb\ud83c\uddee Heta Tuuri<br \/>\n1.83 m <strong>SB<\/strong><\/td>\n<\/tr>\n<\/tbody>\n<\/table>\n<\/div>\n<p>&nbsp;<\/p>\n<h3 style=\"text-align: justify;\">Hommes<\/h3>\n<div class=\"su-table su-table-alternate\">\n<table style=\"width: 800px;border-collapse: collapse\">\n<tbody>\n<tr>\n<td style=\"text-align: center;width: 200px;vertical-align: middle\"><strong>\u00c9preuves<\/strong><\/td>\n<td style=\"text-align: center;width: 200px;vertical-align: middle;background-color: #ffffff\"><strong> 1er<\/strong><\/td>\n<td style=\"text-align: center;width: 200px;vertical-align: middle;background-color: #ffffff\"><strong>2e<\/strong><\/td>\n<td style=\"text-align: center;width: 200px;vertical-align: middle;background-color: #ffffff\"><strong>3e<\/strong><\/td>\n<\/tr>\n<tr>\n<td style=\"text-align: center;width: 200px;vertical-align: middle\"><strong>100 m<\/strong><\/td>\n<td style=\"text-align: center;width: 200px;vertical-align: middle\">\ud83c\uddfa\ud83c\uddf8 <strong>Marvin Bracy Williams<br \/>\n9.93 SB<\/strong><\/td>\n<td style=\"text-align: center;width: 200px;vertical-align: middle\">\ud83c\uddfa\ud83c\uddf8 Emmanuel Matadi<br \/>\n10.04 <strong>SB<\/strong><\/td>\n<td style=\"text-align: center;width: 200px;vertical-align: middle\">Emmanuel-Alobwede Eseme<br \/>\n10.08<\/td>\n<\/tr>\n<tr>\n<td style=\"text-align: center;width: 200px;vertical-align: middle\"><strong>400 m<\/strong><\/td>\n<td style=\"width: 200px;text-align: center\">\ud83c\uddeb\ud83c\uddf7 <strong>David Sombe<br \/>\n45.32 PB<\/strong><\/td>\n<td style=\"width: 200px;text-align: center\">\ud83c\udde7\ud83c\uddfc Leungo Scotch<br \/>\n45.42<\/td>\n<td style=\"width: 200px;text-align: center\">\ud83c\uddeb\ud83c\uddf7 Thomas Jordier<br \/>\n45.52<\/td>\n<\/tr>\n<tr>\n<td style=\"text-align: center;width: 200px;vertical-align: middle\"><strong>800 m<\/strong><\/td>\n<td style=\"text-align: center;width: 200px;vertical-align: middle\">\ud83c\udde9\ud83c\uddff <strong>Djamel Sedjati<br \/>\n1:44.27 SB<\/strong><\/td>\n<td style=\"text-align: center;width: 200px;vertical-align: middle\">\ud83c\uddeb\ud83c\uddf7 Azeddine Habz<br \/>\n1:45.15 <strong>PB<\/strong><\/td>\n<td style=\"text-align: center;width: 200px;vertical-align: middle\">\ud83c\uddeb\ud83c\uddf7 Yanis Meziane<br \/>\n1:45.68<\/td>\n<\/tr>\n<tr>\n<td style=\"text-align: center;width: 200px;vertical-align: middle\"><strong>1500 m<\/strong><\/td>\n<td style=\"text-align: center;width: 200px;vertical-align: middle\">\ud83c\uddf0\ud83c\uddea <strong>Kamar Etiang<br \/>\n3:33.99 =MR<\/strong><\/td>\n<td style=\"width: 200px;text-align: center;vertical-align: middle\">\ud83c\uddeb\ud83c\uddf7 Jimmy Gressier<br \/>\n3:34.08 <strong>PB<\/strong><\/td>\n<td style=\"width: 200px;text-align: center;vertical-align: middle\">\ud83c\uddee\ud83c\uddf9 Pietro Arese<br \/>\n3:34.37 <strong>SB<\/strong><\/td>\n<\/tr>\n<tr>\n<td style=\"text-align: center;width: 200px;vertical-align: middle\"><strong><span style=\"font-size: 16px\">11<\/span>0 m haies<\/strong><\/td>\n<td style=\"text-align: center;width: 200px;vertical-align: middle\">\ud83c\uddeb\ud83c\uddf7 <strong>Wilhem Belocian<\/strong><br \/>\n13.24<\/td>\n<td style=\"text-align: center;width: 200px;vertical-align: middle\">\ud83c\uddeb\ud83c\uddf7 Just Kwaou-Mathey<br \/>\n13.28 <strong>SB<\/strong><\/td>\n<td style=\"text-align: center;width: 200px;vertical-align: middle\">\ud83c\uddfa\ud83c\uddf8 Eric Edwards<br \/>\n13.30 <strong>SB<\/strong><\/td>\n<\/tr>\n<tr>\n<td style=\"text-align: center;width: 200px;vertical-align: middle\"><strong>Triple saut<\/strong><\/td>\n<td style=\"text-align: center;width: 200px;vertical-align: middle\">\ud83c\udde7\ud83c\uddeb <strong>Hugues Fabrice Zango<\/strong><br \/>\n17.29 m<\/td>\n<td style=\"text-align: center;width: 200px;vertical-align: middle\">\ud83c\udde9\ud83c\uddff Yasser Mohammed Triki<br \/>\n17.01 m<\/td>\n<td style=\"text-align: center;width: 200px;vertical-align: middle\">\ud83c\uddee\ud83c\uddf3 Abdulla Narangolintevida<br \/>\n16.80 m<\/td>\n<\/tr>\n<\/tbody>\n<\/table>\n<\/div>\n<p><span style=\"font-size: 14px;\"><em>PB : Record personnel<\/em><\/span><br \/>\n<span style=\"font-size: 14px;\"><em>MR : Record du meeting<\/em><\/span><br \/>\n<span style=\"font-size: 14px;\"><em>SB : Meilleure performance personnelle de la saion<\/em><\/span><\/p>\n","protected":false},"excerpt":{"rendered":"<p>ATHL\u00c9TISME &#8211; Le Meeting international de Montreuil se d\u00e9roule le mercredi 31 mai ! Voici le programme et les r\u00e9sultats.<\/p>\n","protected":false},"author":12,"featured_media":386612,"comment_status":"open","ping_status":"closed","sticky":false,"template":"","format":"standard","meta":{"_acf_changed":false,"_daextam_enable_autolinks":"","footnotes":""},"categories":[2308],"tags":[16878],"class_list":["post-384037","post","type-post","status-publish","format-standard","has-post-thumbnail","hentry","category-athletisme","tag-breve"],"acf":[],"yoast_head":"<!-- This site is optimized with the Yoast SEO Premium plugin v26.7 (Yoast SEO v26.7) - https:\/\/yoast.com\/wordpress\/plugins\/seo\/ -->\n<title>Athl\u00e9tisme - Meeting de Montreuil 2023 : Les r\u00e9sultats complets - Dicodusport<\/title>\n<meta name=\"description\" content=\"ATHL\u00c9TISME - Le Meeting international de Montreuil se d\u00e9roule le mercredi 31 mai ! Voici le programme et les r\u00e9sultats.\" \/>\n<meta name=\"robots\" content=\"index, follow, max-snippet:-1, max-image-preview:large, max-video-preview:-1\" \/>\n<link rel=\"canonical\" href=\"https:\/\/dicodusport.fr\/blog\/meeting-de-montreuil-2023-programme-complet-et-resultats\/\" \/>\n<meta property=\"og:locale\" content=\"fr_FR\" \/>\n<meta property=\"og:type\" content=\"article\" \/>\n<meta property=\"og:title\" content=\"Meeting de Montreuil 2023 : Les r\u00e9sultats complets\" \/>\n<meta property=\"og:description\" content=\"ATHL\u00c9TISME - Le Meeting international de Montreuil se d\u00e9roule le mercredi 31 mai ! Voici le programme et les r\u00e9sultats.\" \/>\n<meta property=\"og:url\" content=\"https:\/\/dicodusport.fr\/blog\/meeting-de-montreuil-2023-programme-complet-et-resultats\/\" \/>\n<meta property=\"og:site_name\" content=\"Dicodusport\" \/>\n<meta property=\"article:publisher\" content=\"https:\/\/www.facebook.com\/dicodusport\" \/>\n<meta property=\"article:published_time\" content=\"2023-05-30T12:48:38+00:00\" \/>\n<meta property=\"article:modified_time\" content=\"2023-06-01T03:12:21+00:00\" \/>\n<meta property=\"og:image\" content=\"https:\/\/dicodusport.fr\/blog\/wp-content\/uploads\/2023\/05\/Meeting-de-Montreuil-2023-Programme-complet-et-resultats.png\" \/>\n\t<meta property=\"og:image:width\" content=\"800\" \/>\n\t<meta property=\"og:image:height\" content=\"445\" \/>\n\t<meta property=\"og:image:type\" content=\"image\/png\" \/>\n<meta name=\"author\" content=\"Arlette Yeye\" \/>\n<meta name=\"twitter:card\" content=\"summary_large_image\" \/>\n<meta name=\"twitter:title\" content=\"Meeting de Montreuil 2023 : Les r\u00e9sultats complets\" \/>\n<meta name=\"twitter:creator\" content=\"@https:\/\/twitter.com\/Shiclette94\" \/>\n<meta name=\"twitter:site\" content=\"@dicodusport\" \/>\n<script type=\"application\/ld+json\" class=\"yoast-schema-graph\">{\"@context\":\"https:\/\/schema.org\",\"@graph\":[{\"@type\":\"NewsArticle\",\"@id\":\"https:\/\/dicodusport.fr\/blog\/meeting-de-montreuil-2023-programme-complet-et-resultats\/#article\",\"isPartOf\":{\"@id\":\"https:\/\/dicodusport.fr\/blog\/meeting-de-montreuil-2023-programme-complet-et-resultats\/\"},\"author\":{\"name\":\"Arlette Yeye\",\"@id\":\"https:\/\/dicodusport.fr\/blog\/#\/schema\/person\/cce96fa88785bd8573e3d43078ac8c79\"},\"headline\":\"Meeting de Montreuil 2023 : Les r\u00e9sultats complets\",\"datePublished\":\"2023-05-30T12:48:38+00:00\",\"dateModified\":\"2023-06-01T03:12:21+00:00\",\"mainEntityOfPage\":{\"@id\":\"https:\/\/dicodusport.fr\/blog\/meeting-de-montreuil-2023-programme-complet-et-resultats\/\"},\"wordCount\":349,\"commentCount\":0,\"publisher\":{\"@id\":\"https:\/\/dicodusport.fr\/blog\/#organization\"},\"image\":{\"@id\":\"https:\/\/dicodusport.fr\/blog\/meeting-de-montreuil-2023-programme-complet-et-resultats\/#primaryimage\"},\"thumbnailUrl\":\"https:\/\/dicodusport.fr\/blog\/wp-content\/uploads\/2023\/05\/Meeting-de-Montreuil-2023-Programme-complet-et-resultats.png\",\"keywords\":[\"br\u00e8ve\"],\"articleSection\":[\"Athl\u00e9tisme\"],\"inLanguage\":\"fr-FR\",\"potentialAction\":[{\"@type\":\"CommentAction\",\"name\":\"Comment\",\"target\":[\"https:\/\/dicodusport.fr\/blog\/meeting-de-montreuil-2023-programme-complet-et-resultats\/#respond\"]}],\"copyrightYear\":\"2023\",\"copyrightHolder\":{\"@id\":\"https:\/\/dicodusport.fr\/blog\/#organization\"}},{\"@type\":\"WebPage\",\"@id\":\"https:\/\/dicodusport.fr\/blog\/meeting-de-montreuil-2023-programme-complet-et-resultats\/\",\"url\":\"https:\/\/dicodusport.fr\/blog\/meeting-de-montreuil-2023-programme-complet-et-resultats\/\",\"name\":\"Athl\u00e9tisme - Meeting de Montreuil 2023 : Les r\u00e9sultats complets - Dicodusport\",\"isPartOf\":{\"@id\":\"https:\/\/dicodusport.fr\/blog\/#website\"},\"primaryImageOfPage\":{\"@id\":\"https:\/\/dicodusport.fr\/blog\/meeting-de-montreuil-2023-programme-complet-et-resultats\/#primaryimage\"},\"image\":{\"@id\":\"https:\/\/dicodusport.fr\/blog\/meeting-de-montreuil-2023-programme-complet-et-resultats\/#primaryimage\"},\"thumbnailUrl\":\"https:\/\/dicodusport.fr\/blog\/wp-content\/uploads\/2023\/05\/Meeting-de-Montreuil-2023-Programme-complet-et-resultats.png\",\"datePublished\":\"2023-05-30T12:48:38+00:00\",\"dateModified\":\"2023-06-01T03:12:21+00:00\",\"description\":\"ATHL\u00c9TISME - Le Meeting international de Montreuil se d\u00e9roule le mercredi 31 mai ! Voici le programme et les r\u00e9sultats.\",\"breadcrumb\":{\"@id\":\"https:\/\/dicodusport.fr\/blog\/meeting-de-montreuil-2023-programme-complet-et-resultats\/#breadcrumb\"},\"inLanguage\":\"fr-FR\",\"potentialAction\":[{\"@type\":\"ReadAction\",\"target\":[\"https:\/\/dicodusport.fr\/blog\/meeting-de-montreuil-2023-programme-complet-et-resultats\/\"]}]},{\"@type\":\"ImageObject\",\"inLanguage\":\"fr-FR\",\"@id\":\"https:\/\/dicodusport.fr\/blog\/meeting-de-montreuil-2023-programme-complet-et-resultats\/#primaryimage\",\"url\":\"https:\/\/dicodusport.fr\/blog\/wp-content\/uploads\/2023\/05\/Meeting-de-Montreuil-2023-Programme-complet-et-resultats.png\",\"contentUrl\":\"https:\/\/dicodusport.fr\/blog\/wp-content\/uploads\/2023\/05\/Meeting-de-Montreuil-2023-Programme-complet-et-resultats.png\",\"width\":800,\"height\":445,\"caption\":\"Meeting de Montreuil 2023 : Programme complet et r\u00e9sultats\"},{\"@type\":\"BreadcrumbList\",\"@id\":\"https:\/\/dicodusport.fr\/blog\/meeting-de-montreuil-2023-programme-complet-et-resultats\/#breadcrumb\",\"itemListElement\":[{\"@type\":\"ListItem\",\"position\":1,\"name\":\"Accueil\",\"item\":\"https:\/\/dicodusport.fr\/blog\/\"},{\"@type\":\"ListItem\",\"position\":2,\"name\":\"Meeting de Montreuil 2023 : Les r\u00e9sultats complets\"}]},{\"@type\":\"WebSite\",\"@id\":\"https:\/\/dicodusport.fr\/blog\/#website\",\"url\":\"https:\/\/dicodusport.fr\/blog\/\",\"name\":\"Dicodusport\",\"description\":\"L&#039;encyclop\u00e9die de l&#039;actualit\u00e9 sportive\",\"publisher\":{\"@id\":\"https:\/\/dicodusport.fr\/blog\/#organization\"},\"potentialAction\":[{\"@type\":\"SearchAction\",\"target\":{\"@type\":\"EntryPoint\",\"urlTemplate\":\"https:\/\/dicodusport.fr\/blog\/?s={search_term_string}\"},\"query-input\":{\"@type\":\"PropertyValueSpecification\",\"valueRequired\":true,\"valueName\":\"search_term_string\"}}],\"inLanguage\":\"fr-FR\"},{\"@type\":\"NewsMediaOrganization\",\"@id\":\"https:\/\/dicodusport.fr\/blog\/#organization\",\"name\":\"Dicodusport\",\"url\":\"https:\/\/dicodusport.fr\/blog\/\",\"logo\":{\"@type\":\"ImageObject\",\"inLanguage\":\"fr-FR\",\"@id\":\"https:\/\/dicodusport.fr\/blog\/#\/schema\/logo\/image\/\",\"url\":\"https:\/\/dicodusport.fr\/blog\/wp-content\/uploads\/2020\/06\/cropped-LOGO-DICODUSPORT-2020-SANS-FOND-SANS-TEXTE.png\",\"contentUrl\":\"https:\/\/dicodusport.fr\/blog\/wp-content\/uploads\/2020\/06\/cropped-LOGO-DICODUSPORT-2020-SANS-FOND-SANS-TEXTE.png\",\"width\":512,\"height\":512,\"caption\":\"Dicodusport\"},\"image\":{\"@id\":\"https:\/\/dicodusport.fr\/blog\/#\/schema\/logo\/image\/\"},\"sameAs\":[\"https:\/\/www.facebook.com\/dicodusport\",\"https:\/\/x.com\/dicodusport\",\"https:\/\/www.instagram.com\/dicodusport\/\",\"https:\/\/www.youtube.com\/channel\/UC7V2KZ5sd3htJivAbA4ZG3w\"],\"description\":\"Dicodusport est l'encyclop\u00e9die de l'actualit\u00e9 sportive.\",\"email\":\"bonjour@dicodusport.fr\",\"legalName\":\"DICODUSPORT\",\"foundingDate\":\"2018-01-14\",\"vatID\":\"FR71834470973\",\"taxID\":\"83447097300043\",\"numberOfEmployees\":{\"@type\":\"QuantitativeValue\",\"minValue\":\"1\",\"maxValue\":\"10\"}},{\"@type\":\"Person\",\"@id\":\"https:\/\/dicodusport.fr\/blog\/#\/schema\/person\/cce96fa88785bd8573e3d43078ac8c79\",\"name\":\"Arlette Yeye\",\"image\":{\"@type\":\"ImageObject\",\"inLanguage\":\"fr-FR\",\"@id\":\"https:\/\/dicodusport.fr\/blog\/#\/schema\/person\/image\/\",\"url\":\"https:\/\/secure.gravatar.com\/avatar\/dca4a6239e6d708e46c45d60e160de6c?s=96&d=wp_user_avatar&r=g\",\"contentUrl\":\"https:\/\/secure.gravatar.com\/avatar\/dca4a6239e6d708e46c45d60e160de6c?s=96&d=wp_user_avatar&r=g\",\"caption\":\"Arlette Yeye\"},\"description\":\"Journaliste\/r\u00e9dactrice depuis septembre 2015 - Supportrice de Chelsea, j'ai pour sports de pr\u00e9dilection le handball, l'athl\u00e9tisme et le tennis. Si je tweete plus vite que mon ombre, vous pouvez aussi me retrouver les week-ends sur les playgrounds de Bruxelles pour un petit foot ou basket entre potes. Parcourir la France, l'Europe et plus si affinit\u00e9s pour suivre mes sportifs pr\u00e9f\u00e9r\u00e9s ? Mon kif ! Et c'est avec plaisir que je partage les r\u00e9sultats des sports populaires mais \u00e9galement plus confidentiels pour Dicodusport.\",\"sameAs\":[\"https:\/\/x.com\/https:\/\/twitter.com\/Shiclette94\"],\"url\":\"https:\/\/dicodusport.fr\/blog\/author\/arlette\/\"}]}<\/script>\n<!-- \/ Yoast SEO Premium plugin. -->","yoast_head_json":{"title":"Athl\u00e9tisme - Meeting de Montreuil 2023 : Les r\u00e9sultats complets - Dicodusport","description":"ATHL\u00c9TISME - Le Meeting international de Montreuil se d\u00e9roule le mercredi 31 mai ! Voici le programme et les r\u00e9sultats.","robots":{"index":"index","follow":"follow","max-snippet":"max-snippet:-1","max-image-preview":"max-image-preview:large","max-video-preview":"max-video-preview:-1"},"canonical":"https:\/\/dicodusport.fr\/blog\/meeting-de-montreuil-2023-programme-complet-et-resultats\/","og_locale":"fr_FR","og_type":"article","og_title":"Meeting de Montreuil 2023 : Les r\u00e9sultats complets","og_description":"ATHL\u00c9TISME - Le Meeting international de Montreuil se d\u00e9roule le mercredi 31 mai ! Voici le programme et les r\u00e9sultats.","og_url":"https:\/\/dicodusport.fr\/blog\/meeting-de-montreuil-2023-programme-complet-et-resultats\/","og_site_name":"Dicodusport","article_publisher":"https:\/\/www.facebook.com\/dicodusport","article_published_time":"2023-05-30T12:48:38+00:00","article_modified_time":"2023-06-01T03:12:21+00:00","og_image":[{"width":800,"height":445,"url":"https:\/\/dicodusport.fr\/blog\/wp-content\/uploads\/2023\/05\/Meeting-de-Montreuil-2023-Programme-complet-et-resultats.png","type":"image\/png"}],"author":"Arlette Yeye","twitter_card":"summary_large_image","twitter_title":"Meeting de Montreuil 2023 : Les r\u00e9sultats complets","twitter_creator":"@https:\/\/twitter.com\/Shiclette94","twitter_site":"@dicodusport","schema":{"@context":"https:\/\/schema.org","@graph":[{"@type":"NewsArticle","@id":"https:\/\/dicodusport.fr\/blog\/meeting-de-montreuil-2023-programme-complet-et-resultats\/#article","isPartOf":{"@id":"https:\/\/dicodusport.fr\/blog\/meeting-de-montreuil-2023-programme-complet-et-resultats\/"},"author":{"name":"Arlette Yeye","@id":"https:\/\/dicodusport.fr\/blog\/#\/schema\/person\/cce96fa88785bd8573e3d43078ac8c79"},"headline":"Meeting de Montreuil 2023 : Les r\u00e9sultats complets","datePublished":"2023-05-30T12:48:38+00:00","dateModified":"2023-06-01T03:12:21+00:00","mainEntityOfPage":{"@id":"https:\/\/dicodusport.fr\/blog\/meeting-de-montreuil-2023-programme-complet-et-resultats\/"},"wordCount":349,"commentCount":0,"publisher":{"@id":"https:\/\/dicodusport.fr\/blog\/#organization"},"image":{"@id":"https:\/\/dicodusport.fr\/blog\/meeting-de-montreuil-2023-programme-complet-et-resultats\/#primaryimage"},"thumbnailUrl":"https:\/\/dicodusport.fr\/blog\/wp-content\/uploads\/2023\/05\/Meeting-de-Montreuil-2023-Programme-complet-et-resultats.png","keywords":["br\u00e8ve"],"articleSection":["Athl\u00e9tisme"],"inLanguage":"fr-FR","potentialAction":[{"@type":"CommentAction","name":"Comment","target":["https:\/\/dicodusport.fr\/blog\/meeting-de-montreuil-2023-programme-complet-et-resultats\/#respond"]}],"copyrightYear":"2023","copyrightHolder":{"@id":"https:\/\/dicodusport.fr\/blog\/#organization"}},{"@type":"WebPage","@id":"https:\/\/dicodusport.fr\/blog\/meeting-de-montreuil-2023-programme-complet-et-resultats\/","url":"https:\/\/dicodusport.fr\/blog\/meeting-de-montreuil-2023-programme-complet-et-resultats\/","name":"Athl\u00e9tisme - Meeting de Montreuil 2023 : Les r\u00e9sultats complets - Dicodusport","isPartOf":{"@id":"https:\/\/dicodusport.fr\/blog\/#website"},"primaryImageOfPage":{"@id":"https:\/\/dicodusport.fr\/blog\/meeting-de-montreuil-2023-programme-complet-et-resultats\/#primaryimage"},"image":{"@id":"https:\/\/dicodusport.fr\/blog\/meeting-de-montreuil-2023-programme-complet-et-resultats\/#primaryimage"},"thumbnailUrl":"https:\/\/dicodusport.fr\/blog\/wp-content\/uploads\/2023\/05\/Meeting-de-Montreuil-2023-Programme-complet-et-resultats.png","datePublished":"2023-05-30T12:48:38+00:00","dateModified":"2023-06-01T03:12:21+00:00","description":"ATHL\u00c9TISME - Le Meeting international de Montreuil se d\u00e9roule le mercredi 31 mai ! Voici le programme et les r\u00e9sultats.","breadcrumb":{"@id":"https:\/\/dicodusport.fr\/blog\/meeting-de-montreuil-2023-programme-complet-et-resultats\/#breadcrumb"},"inLanguage":"fr-FR","potentialAction":[{"@type":"ReadAction","target":["https:\/\/dicodusport.fr\/blog\/meeting-de-montreuil-2023-programme-complet-et-resultats\/"]}]},{"@type":"ImageObject","inLanguage":"fr-FR","@id":"https:\/\/dicodusport.fr\/blog\/meeting-de-montreuil-2023-programme-complet-et-resultats\/#primaryimage","url":"https:\/\/dicodusport.fr\/blog\/wp-content\/uploads\/2023\/05\/Meeting-de-Montreuil-2023-Programme-complet-et-resultats.png","contentUrl":"https:\/\/dicodusport.fr\/blog\/wp-content\/uploads\/2023\/05\/Meeting-de-Montreuil-2023-Programme-complet-et-resultats.png","width":800,"height":445,"caption":"Meeting de Montreuil 2023 : Programme complet et r\u00e9sultats"},{"@type":"BreadcrumbList","@id":"https:\/\/dicodusport.fr\/blog\/meeting-de-montreuil-2023-programme-complet-et-resultats\/#breadcrumb","itemListElement":[{"@type":"ListItem","position":1,"name":"Accueil","item":"https:\/\/dicodusport.fr\/blog\/"},{"@type":"ListItem","position":2,"name":"Meeting de Montreuil 2023 : Les r\u00e9sultats complets"}]},{"@type":"WebSite","@id":"https:\/\/dicodusport.fr\/blog\/#website","url":"https:\/\/dicodusport.fr\/blog\/","name":"Dicodusport","description":"L&#039;encyclop\u00e9die de l&#039;actualit\u00e9 sportive","publisher":{"@id":"https:\/\/dicodusport.fr\/blog\/#organization"},"potentialAction":[{"@type":"SearchAction","target":{"@type":"EntryPoint","urlTemplate":"https:\/\/dicodusport.fr\/blog\/?s={search_term_string}"},"query-input":{"@type":"PropertyValueSpecification","valueRequired":true,"valueName":"search_term_string"}}],"inLanguage":"fr-FR"},{"@type":"NewsMediaOrganization","@id":"https:\/\/dicodusport.fr\/blog\/#organization","name":"Dicodusport","url":"https:\/\/dicodusport.fr\/blog\/","logo":{"@type":"ImageObject","inLanguage":"fr-FR","@id":"https:\/\/dicodusport.fr\/blog\/#\/schema\/logo\/image\/","url":"https:\/\/dicodusport.fr\/blog\/wp-content\/uploads\/2020\/06\/cropped-LOGO-DICODUSPORT-2020-SANS-FOND-SANS-TEXTE.png","contentUrl":"https:\/\/dicodusport.fr\/blog\/wp-content\/uploads\/2020\/06\/cropped-LOGO-DICODUSPORT-2020-SANS-FOND-SANS-TEXTE.png","width":512,"height":512,"caption":"Dicodusport"},"image":{"@id":"https:\/\/dicodusport.fr\/blog\/#\/schema\/logo\/image\/"},"sameAs":["https:\/\/www.facebook.com\/dicodusport","https:\/\/x.com\/dicodusport","https:\/\/www.instagram.com\/dicodusport\/","https:\/\/www.youtube.com\/channel\/UC7V2KZ5sd3htJivAbA4ZG3w"],"description":"Dicodusport est l'encyclop\u00e9die de l'actualit\u00e9 sportive.","email":"bonjour@dicodusport.fr","legalName":"DICODUSPORT","foundingDate":"2018-01-14","vatID":"FR71834470973","taxID":"83447097300043","numberOfEmployees":{"@type":"QuantitativeValue","minValue":"1","maxValue":"10"}},{"@type":"Person","@id":"https:\/\/dicodusport.fr\/blog\/#\/schema\/person\/cce96fa88785bd8573e3d43078ac8c79","name":"Arlette Yeye","image":{"@type":"ImageObject","inLanguage":"fr-FR","@id":"https:\/\/dicodusport.fr\/blog\/#\/schema\/person\/image\/","url":"https:\/\/secure.gravatar.com\/avatar\/dca4a6239e6d708e46c45d60e160de6c?s=96&d=wp_user_avatar&r=g","contentUrl":"https:\/\/secure.gravatar.com\/avatar\/dca4a6239e6d708e46c45d60e160de6c?s=96&d=wp_user_avatar&r=g","caption":"Arlette Yeye"},"description":"Journaliste\/r\u00e9dactrice depuis septembre 2015 - Supportrice de Chelsea, j'ai pour sports de pr\u00e9dilection le handball, l'athl\u00e9tisme et le tennis. Si je tweete plus vite que mon ombre, vous pouvez aussi me retrouver les week-ends sur les playgrounds de Bruxelles pour un petit foot ou basket entre potes. Parcourir la France, l'Europe et plus si affinit\u00e9s pour suivre mes sportifs pr\u00e9f\u00e9r\u00e9s ? Mon kif ! Et c'est avec plaisir que je partage les r\u00e9sultats des sports populaires mais \u00e9galement plus confidentiels pour Dicodusport.","sameAs":["https:\/\/x.com\/https:\/\/twitter.com\/Shiclette94"],"url":"https:\/\/dicodusport.fr\/blog\/author\/arlette\/"}]}},"_links":{"self":[{"href":"https:\/\/dicodusport.fr\/blog\/wp-json\/wp\/v2\/posts\/384037","targetHints":{"allow":["GET"]}}],"collection":[{"href":"https:\/\/dicodusport.fr\/blog\/wp-json\/wp\/v2\/posts"}],"about":[{"href":"https:\/\/dicodusport.fr\/blog\/wp-json\/wp\/v2\/types\/post"}],"author":[{"embeddable":true,"href":"https:\/\/dicodusport.fr\/blog\/wp-json\/wp\/v2\/users\/12"}],"replies":[{"embeddable":true,"href":"https:\/\/dicodusport.fr\/blog\/wp-json\/wp\/v2\/comments?post=384037"}],"version-history":[{"count":0,"href":"https:\/\/dicodusport.fr\/blog\/wp-json\/wp\/v2\/posts\/384037\/revisions"}],"wp:featuredmedia":[{"embeddable":true,"href":"https:\/\/dicodusport.fr\/blog\/wp-json\/wp\/v2\/media\/386612"}],"wp:attachment":[{"href":"https:\/\/dicodusport.fr\/blog\/wp-json\/wp\/v2\/media?parent=384037"}],"wp:term":[{"taxonomy":"category","embeddable":true,"href":"https:\/\/dicodusport.fr\/blog\/wp-json\/wp\/v2\/categories?post=384037"},{"taxonomy":"post_tag","embeddable":true,"href":"https:\/\/dicodusport.fr\/blog\/wp-json\/wp\/v2\/tags?post=384037"}],"curies":[{"name":"wp","href":"https:\/\/api.w.org\/{rel}","templated":true}]}}