{"id":384578,"date":"2023-05-23T17:04:54","date_gmt":"2023-05-23T15:04:54","guid":{"rendered":"https:\/\/dicodusport.fr\/blog\/?p=384578&#038;preview=true&#038;preview_id=384578"},"modified":"2023-05-23T17:45:07","modified_gmt":"2023-05-23T15:45:07","slug":"tour-ditalie-2023-joao-almeida-gagne-la-16eme-etape-geraint-thomas-en-rose","status":"publish","type":"post","link":"https:\/\/dicodusport.fr\/blog\/tour-ditalie-2023-joao-almeida-gagne-la-16eme-etape-geraint-thomas-en-rose\/","title":{"rendered":"Tour d\u2019Italie 2023 : Joao Almeida gagne la 16\u00e8me \u00e9tape, Geraint Thomas en rose"},"content":{"rendered":"<p style=\"text-align: justify;\"><em><a style=\"font-weight: bold;\" href=\"https:\/\/dicodusport.fr\/blog\/actualites\/cyclisme\/cyclisme-sur-route-2023\/tour-d-italie-2023\/\">TOUR D&rsquo;ITALIE 2023<\/a><b> &#8211; Pour la premi\u00e8re explication en montagne, Joao Almeida (UAE Team Emirates) a gagn\u00e9 la 16\u00e8me \u00e9tape au sommet du Monte Bondone, devant Geraint Thomas (INEOS Grenadiers). Ce dernier a pris le maillot rose.\u00a0<\/b><\/em><\/p>\n<p style=\"text-align: justify;\">D&rsquo;abord, trois coureurs n&rsquo;ont pas pris le d\u00e9part de cette seizi\u00e8me \u00e9tape comportant pr\u00e8s de 5 800 m\u00e8tres de d\u00e9nivel\u00e9 : <strong>Davide Ballerini<\/strong> (Soudal Quick-Step), <strong>Amanuel Ghebreigzabhier<\/strong> (Trek Segafredo) et <strong>Simon Clarke<\/strong> (Israel Premier Tech). 51 kilom\u00e8tres ont \u00e9t\u00e9 parcourus dans la premi\u00e8re heure. Puis, les premiers kilom\u00e8tres de course ont \u00e9t\u00e9 tr\u00e8s rapides sur une portion plate sur les bords du Lac de Garde, avec de nombreuses attaques.<\/p>\n<p style=\"text-align: justify;\">Une chute a alors scind\u00e9 le peloton en deux en pi\u00e9geant de nombreux leaders comme <strong>Primoz Roglic<\/strong> (Jumbo-Visma), <strong>Andreas Leknessund<\/strong> (Team DSM), le maillot rose <strong>Bruno Armirail<\/strong> (Groupama FDJ) et <strong>Geraint<\/strong> <strong>Thomas<\/strong> (INEOS Grenadiers). Mais, ce second peloton est rapidement revenu sur le peloton principal alors que 26 coureurs ont form\u00e9 l&rsquo;\u00e9chapp\u00e9e du jour.<\/p>\n<h2 style=\"text-align: justify;\">Ben Healy, nouveau meilleur grimpeur<\/h2>\n<p style=\"text-align: justify;\">En t\u00eate, on retrouve <strong>Aur\u00e9lien Paret-Peintre, Valentin Paret-Peintre<\/strong> (AG2R Citro\u00ebn), <strong>Cristian Scaroni, Vadim Pronskiy<\/strong> (Astana Qazaqstan), <strong>Jack Haig, Jonathan Milan<\/strong> (Bahrain Victorious), <strong>Thomas Champion, Jonathan Lastra<\/strong> (Cofidis), <strong>Ben Healy<\/strong> (EF Education EasyPost), <strong>Cesare Benedetti, Patrick Konrad<\/strong> (Bora Hansgrohe), <strong>Mattia Bais<\/strong> (Eolo Kometa), <strong>Derek Gee<\/strong> (Israel Premier Tech), <strong>Filippo Magli, Martin Marcellusi, Davide Gabburo, Alessandro Tonelli<\/strong> (Green Project Bardiani), <strong>Salvatore Puccio, Ben Swift<\/strong> (INEOS Grenadiers), Carlos Verona (Movistar), <strong>Nicolas Dalla Valle, Veljko Stojnic<\/strong> (Team Corratec),<strong> Diego Ulissi<\/strong> (UAE Team Emirates),<strong> Toms Skujins<\/strong> (Trek Segafredo), <strong>Michael Hepburn<\/strong> et le champion d&rsquo;Italie <strong>Filippo Zana<\/strong> (Team Jayco AlUla).<\/p>\n<p style=\"text-align: justify;\">Cette \u00e9chapp\u00e9e-fleuve a pris 4 minutes d&rsquo;avance avant d&rsquo;entamer le premier col du jour. <strong>Ben Healy<\/strong> (EF Education-EasyPost) a franchi en premier le sommet pour glaner 40 points tandis que le peloton, emmen\u00e9 par la Jumbo-Visma et la Groupama-FDJ, a repris 45 secondes. Au sommet du Passo Bordala, <strong>Davide Gabburo<\/strong> (Green Project Bardiani) a bascul\u00e9 en premier devant <strong>Ben Healy<\/strong> (EF Education EasyPost) alors que <strong>Veljko Stojnic<\/strong> (Team Corratec) a \u00e9t\u00e9 distanc\u00e9. <strong>Jonathan Milan<\/strong> (Bahrain Victorious) a remport\u00e9 le sprint interm\u00e9diaire de Rovereto.<\/p>\n<h2 style=\"text-align: justify;\">Jumbo-Visma se r\u00e9veille<\/h2>\n<p style=\"text-align: justify;\">Voyant l&rsquo;\u00e9cart se maintenir \u00e0 3 minutes, <strong>Cristian Scaroni<\/strong> et <strong>Vadim Pronskiy<\/strong> (Astana Qazaqstan) ont d\u00e9cid\u00e9 de sortir dans la partie la plus dure de l&rsquo;ascension de Matassone, \u00e0 plus de 90 kilom\u00e8tres de l&rsquo;arriv\u00e9e. Le porteur du maillot cyclamen <strong>Jonathan Milan<\/strong> (Bahrain Victorious) et <strong>Thomas Champion<\/strong> (Cofidis) se sont relev\u00e9s et ont \u00e9t\u00e9 repris par le peloton. <strong>Vadim Pronskiy<\/strong> (Astana Qazaqstan) a franchi en premier le sommet devant <strong>Cristian Scaroni<\/strong> (Astana Qazaqstan) avec plus de deux minutes d&rsquo;avance sur leurs poursuivants, et moins de six minutes d&rsquo;avance sur le peloton.<\/p>\n<p style=\"text-align: justify;\">Par la suite, <strong>Jack Haig<\/strong> (Bahrain Victorious) et <strong>Valentin Paret-Peintre<\/strong> (AG2R Citro\u00ebn) ont acc\u00e9l\u00e9r\u00e9 l&rsquo;allure dans l&rsquo;ascension de Serrada au sein du groupe des poursuivants. Ils \u00e9taient 12 \u00e0 d\u00e9border les deux coureurs de l&rsquo;\u00e9quipe Astana Qazaqstan. <strong>Carlos Verona<\/strong> (Movistar) a franchi en premier le sommet. Au sein du peloton, avec un retard de 4 minutes 30, la Jumbo-Visma a acc\u00e9l\u00e9r\u00e9 le rythme \u00e9galement pour effectuer une s\u00e9lection avec seulement 35 coureurs.<\/p>\n<p style=\"text-align: justify;\">Ensuite, <strong>Valentin Paret-Peintre, Aur\u00e9lien Paret-Peintre<\/strong> (AG2R Citro\u00ebn), <strong>Vadim Pronskiy<\/strong> (Astana Qazaqstan), <strong>Jack Haig<\/strong> (Bahrain Victorious), <strong>Carlos Verona<\/strong> (Movistar), <strong>Ben Healy<\/strong> (EF Education-EasyPost), <strong>Filippo Zana<\/strong> (Team Jayco AlUla), <strong>Diego Ulissi<\/strong> (UAE Team Emirates), <strong>Ben Swift<\/strong> (INEOS Grenadiers), <strong>Derek Gee<\/strong> (Israel Premier Tech),<strong> Patrick Konrad<\/strong> (Bora Hansgrohe), <strong>Jonathan Lastra<\/strong> (Cofidis), <strong>Toms Skujins<\/strong> (Trek Segafredo) et <strong>Ben Swift<\/strong> (INEOS Grenadiers) ont entam\u00e9 la mont\u00e9e finale avec 3 minutes 45 d&rsquo;avance sur le peloton.<\/p>\n<h2 style=\"text-align: justify;\">UAE Team Emirates se d\u00e9couvre<\/h2>\n<p style=\"text-align: justify;\">Rohan Dennis a effectu\u00e9 un gros relais dans le premier tiers de l&rsquo;ascension finale, avant un travail de <strong>Davide Formolo<\/strong> et <strong>Jay Vine<\/strong> (UAE Team Emirates). Avec ce rythme \u00e9lev\u00e9, <strong>Thibaut Pinot<\/strong> et <strong>Bruno Armirail<\/strong> (Groupama FDJ) ont perdu le contact avec le peloton des favoris. \u00c0 l&rsquo;avant de la course, <strong>Valentin Paret-Peintre<\/strong> (AG2R Citro\u00ebn), <strong>Ben Healy<\/strong> (EF Education EasyPost) et <strong>Derek Gee<\/strong> (Israel Premier Tech) ont \u00e9t\u00e9 l\u00e2ch\u00e9s.<\/p>\n<blockquote class=\"twitter-tweet\">\n<p dir=\"ltr\" lang=\"fr\">Thibaut Pinot d\u00e9croch\u00e9 du groupe des favoris&#8230; La 16e \u00e9tape du <a href=\"https:\/\/twitter.com\/hashtag\/Giro?src=hash&amp;ref_src=twsrc%5Etfw\">#Giro<\/a>, c&rsquo;est maintenant sur Eurosport avec <a href=\"https:\/\/twitter.com\/hashtag\/LesRP?src=hash&amp;ref_src=twsrc%5Etfw\">#LesRP<\/a> <a href=\"https:\/\/t.co\/kJJGGsXvSy\">https:\/\/t.co\/kJJGGsXvSy<\/a> <a href=\"https:\/\/t.co\/WNS60K840F\">pic.twitter.com\/WNS60K840F<\/a><\/p>\n<p>\u2014 Eurosport France (@Eurosport_FR) <a href=\"https:\/\/twitter.com\/Eurosport_FR\/status\/1661018566618144771?ref_src=twsrc%5Etfw\">May 23, 2023<\/a><\/p><\/blockquote>\n<p><script async src=\"https:\/\/platform.twitter.com\/widgets.js\" charset=\"utf-8\"><\/script><\/p>\n<p style=\"text-align: justify;\">Au moment de la jonction avec les rescap\u00e9s de l&rsquo;\u00e9chapp\u00e9e matinale, le groupe des leaders a explos\u00e9 avec <strong>Eddie Dunbar<\/strong> (Team Jayco AlUla), <strong>Geraint Thomas<\/strong> (INEOS Grenadiers), <strong>Joao<\/strong> <strong>Almeida<\/strong> (UAE Team Emirates), <strong>Primoz Roglic<\/strong> et <strong>Sepp Kuss<\/strong> (Jumbo-Visma) \u00e0 l&rsquo;avant de la course. Apr\u00e8s une attaque de <strong>Joao Almeida<\/strong> (UAE Team Emirates), <strong>Geraint Thomas<\/strong> (INEOS Grenadiers) a fait la jonction avec le coureur portugais \u00e0 4 kilom\u00e8tres du sommet.<\/p>\n<p style=\"text-align: justify;\">Finalement, <strong>Joao Almeida<\/strong> (UAE Team Emirates) a r\u00e9gl\u00e9 au sprint <strong>Geraint Thomas<\/strong> (INEOS Grenadiers) pour d\u00e9crocher sa premi\u00e8re victoire d&rsquo;\u00e9tape en Grand Tour. <strong>Primoz Roglic<\/strong> (Jumbo-Visma) a pris la troisi\u00e8me place \u00e0 25 secondes devant <strong>Eddie Dunbar<\/strong> (Team Jayco AlUla). <strong>Sepp Kuss<\/strong> (Jumbo-Visma) a franchi la ligne en cinqui\u00e8me position \u00e0 1 minute et 03 secondes.\u00a0<strong>Ilan Van Wilder <\/strong>(Soudal Quick-Step) a pris une belle sixi\u00e8me place \u00e0 1:16 dans un groupe compos\u00e9 de <strong>Einer Rubio<\/strong> (Movistar), <strong>Damiano Caruso<\/strong> (Bahrain Victorious), <strong>Laurens De Plus<\/strong> et <strong>Thymen Arensman<\/strong> (INEOS Grenadiers).<\/p>\n<blockquote class=\"twitter-tweet\">\n<p dir=\"ltr\" lang=\"fr\">La victoire d&rsquo;\u00e9tape pour Jo\u00e3o Almeida, le maillot rose pour Geraint Thomas ! Troisi\u00e8me du jour, Primoz Roglic a perdu de pr\u00e9cieuses secondes&#8230;<\/p>\n<p>Suivez le <a href=\"https:\/\/twitter.com\/hashtag\/Giro?src=hash&amp;ref_src=twsrc%5Etfw\">#Giro<\/a> sur Eurosport avec <a href=\"https:\/\/twitter.com\/hashtag\/LesRP?src=hash&amp;ref_src=twsrc%5Etfw\">#LesRP<\/a> <a href=\"https:\/\/t.co\/4kXGb03IG0\">pic.twitter.com\/4kXGb03IG0<\/a><\/p>\n<p>\u2014 Eurosport France (@Eurosport_FR) <a href=\"https:\/\/twitter.com\/Eurosport_FR\/status\/1661026547984388097?ref_src=twsrc%5Etfw\">May 23, 2023<\/a><\/p><\/blockquote>\n<p><script async src=\"https:\/\/platform.twitter.com\/widgets.js\" charset=\"utf-8\"><\/script><\/p>\n<p style=\"text-align: justify;\">Au classement g\u00e9n\u00e9ral, <strong>Geraint Thomas<\/strong> (INEOS Grenadiers) a pris les commandes \u00e0 l&rsquo;entame de cette troisi\u00e8me et derni\u00e8re semaine. Le Gallois compte 18 secondes d&rsquo;avance sur <strong>Joao Almeida<\/strong> (UAE Team Emirates) et 29 secondes sur <strong>Primoz Roglic<\/strong> (Jumbo-Visma). Demain, place \u00e0 une \u00e9tape pour les sprinteurs vers Caorle.<\/p>\n<h2 style=\"text-align: justify;\">\u00c0 lire aussi<\/h2>\n<ul>\n<li style=\"text-align: justify;\"><strong><a href=\"https:\/\/dicodusport.fr\/blog\/tour-ditalie-2023-classement-16eme-etape\/\">Le classement de la 16\u00e8me \u00e9tape du Tour d\u2019Italie<\/a><br \/>\n<\/strong><\/li>\n<li style=\"text-align: justify;\"><a href=\"https:\/\/dicodusport.fr\/blog\/tour-d-italie-2023-classement-general-maillot-rose\/\"><strong>Le classement g\u00e9n\u00e9ral du Tour d\u2019Italie 2023<\/strong><\/a><\/li>\n<li style=\"text-align: justify;\"><a href=\"https:\/\/dicodusport.fr\/blog\/tour-italie-2023-le-profil-des-21-etapes\/\"><strong>Le profil des 21 \u00e9tapes du Tour d\u2019Italie 2023<\/strong><\/a><\/li>\n<\/ul>\n","protected":false},"excerpt":{"rendered":"<p>TOUR D&rsquo;ITALIE 2023 &#8211; Pour la premi\u00e8re explication en montagne, Joao Almeida (UAE Team Emirates) a gagn\u00e9 la 16\u00e8me \u00e9tape au sommet du Monte Bondone, devant Geraint Thomas (INEOS Grenadiers). Ce dernier a pris le maillot rose.\u00a0<\/p>\n","protected":false},"author":48,"featured_media":384703,"comment_status":"open","ping_status":"closed","sticky":false,"template":"","format":"standard","meta":{"_acf_changed":false,"_daextam_enable_autolinks":"","footnotes":""},"categories":[47041],"tags":[3119,16878,24],"class_list":["post-384578","post","type-post","status-publish","format-standard","has-post-thumbnail","hentry","category-tour-d-italie","tag-actualite-cyclisme","tag-breve","tag-sport"],"acf":[],"yoast_head":"<!-- This site is optimized with the Yoast SEO Premium plugin v26.7 (Yoast SEO v26.7) - https:\/\/yoast.com\/wordpress\/plugins\/seo\/ -->\n<title>Tour d\u2019Italie 2023 : Joao Almeida gagne la 16\u00e8me \u00e9tape, Geraint Thomas en rose<\/title>\n<meta name=\"description\" content=\"TOUR D&#039;ITALIE 2023 - Joao Almeida (UAE Team Emirates) a gagn\u00e9 la 16\u00e8me \u00e9tape au sommet du Monte Bondone. Geraint Thomas prend le rose.\" \/>\n<meta name=\"robots\" content=\"index, follow, max-snippet:-1, max-image-preview:large, max-video-preview:-1\" \/>\n<link rel=\"canonical\" href=\"https:\/\/dicodusport.fr\/blog\/tour-ditalie-2023-joao-almeida-gagne-la-16eme-etape-geraint-thomas-en-rose\/\" \/>\n<meta property=\"og:locale\" content=\"fr_FR\" \/>\n<meta property=\"og:type\" content=\"article\" \/>\n<meta property=\"og:title\" content=\"Tour d\u2019Italie 2023 : Joao Almeida gagne la 16\u00e8me \u00e9tape, Geraint Thomas en rose\" \/>\n<meta property=\"og:description\" content=\"TOUR D&#039;ITALIE 2023 - Joao Almeida (UAE Team Emirates) a gagn\u00e9 la 16\u00e8me \u00e9tape au sommet du Monte Bondone. Geraint Thomas prend le rose.\" \/>\n<meta property=\"og:url\" content=\"https:\/\/dicodusport.fr\/blog\/tour-ditalie-2023-joao-almeida-gagne-la-16eme-etape-geraint-thomas-en-rose\/\" \/>\n<meta property=\"og:site_name\" content=\"Dicodusport\" \/>\n<meta property=\"article:publisher\" content=\"https:\/\/www.facebook.com\/dicodusport\" \/>\n<meta property=\"article:author\" content=\"https:\/\/www.facebook.com\/groups\/LesRoisDuPeloton\" \/>\n<meta property=\"article:published_time\" content=\"2023-05-23T15:04:54+00:00\" \/>\n<meta property=\"article:modified_time\" content=\"2023-05-23T15:45:07+00:00\" \/>\n<meta property=\"og:image\" content=\"https:\/\/dicodusport.fr\/blog\/wp-content\/uploads\/2023\/05\/Tour-dItalie-2023-Joao-Almeida-gagne-la-16eme-etape-Geraint-Thomas-en-rose-1.png\" \/>\n\t<meta property=\"og:image:width\" content=\"800\" \/>\n\t<meta property=\"og:image:height\" content=\"445\" \/>\n\t<meta property=\"og:image:type\" content=\"image\/png\" \/>\n<meta name=\"author\" content=\"Emilien Descampiaux\" \/>\n<meta name=\"twitter:card\" content=\"summary_large_image\" \/>\n<meta name=\"twitter:title\" content=\"Tour d\u2019Italie 2023 : Joao Almeida gagne la 16\u00e8me \u00e9tape, Geraint Thomas en rose\" \/>\n<meta name=\"twitter:creator\" content=\"@https:\/\/twitter.com\/LRoisDuPeloton\" \/>\n<meta name=\"twitter:site\" content=\"@dicodusport\" \/>\n<script type=\"application\/ld+json\" class=\"yoast-schema-graph\">{\"@context\":\"https:\/\/schema.org\",\"@graph\":[{\"@type\":\"NewsArticle\",\"@id\":\"https:\/\/dicodusport.fr\/blog\/tour-ditalie-2023-joao-almeida-gagne-la-16eme-etape-geraint-thomas-en-rose\/#article\",\"isPartOf\":{\"@id\":\"https:\/\/dicodusport.fr\/blog\/tour-ditalie-2023-joao-almeida-gagne-la-16eme-etape-geraint-thomas-en-rose\/\"},\"author\":{\"name\":\"Emilien Descampiaux\",\"@id\":\"https:\/\/dicodusport.fr\/blog\/#\/schema\/person\/6db4bae06b171592211be385b32876a7\"},\"headline\":\"Tour d\u2019Italie 2023 : Joao Almeida gagne la 16\u00e8me \u00e9tape, Geraint Thomas en rose\",\"datePublished\":\"2023-05-23T15:04:54+00:00\",\"dateModified\":\"2023-05-23T15:45:07+00:00\",\"mainEntityOfPage\":{\"@id\":\"https:\/\/dicodusport.fr\/blog\/tour-ditalie-2023-joao-almeida-gagne-la-16eme-etape-geraint-thomas-en-rose\/\"},\"wordCount\":1020,\"commentCount\":0,\"publisher\":{\"@id\":\"https:\/\/dicodusport.fr\/blog\/#organization\"},\"image\":{\"@id\":\"https:\/\/dicodusport.fr\/blog\/tour-ditalie-2023-joao-almeida-gagne-la-16eme-etape-geraint-thomas-en-rose\/#primaryimage\"},\"thumbnailUrl\":\"https:\/\/dicodusport.fr\/blog\/wp-content\/uploads\/2023\/05\/Tour-dItalie-2023-Joao-Almeida-gagne-la-16eme-etape-Geraint-Thomas-en-rose-1.png\",\"keywords\":[\"Actualit\u00e9 Cyclisme\",\"br\u00e8ve\",\"sport\"],\"articleSection\":[\"Tour d'Italie\"],\"inLanguage\":\"fr-FR\",\"potentialAction\":[{\"@type\":\"CommentAction\",\"name\":\"Comment\",\"target\":[\"https:\/\/dicodusport.fr\/blog\/tour-ditalie-2023-joao-almeida-gagne-la-16eme-etape-geraint-thomas-en-rose\/#respond\"]}],\"copyrightYear\":\"2023\",\"copyrightHolder\":{\"@id\":\"https:\/\/dicodusport.fr\/blog\/#organization\"}},{\"@type\":\"WebPage\",\"@id\":\"https:\/\/dicodusport.fr\/blog\/tour-ditalie-2023-joao-almeida-gagne-la-16eme-etape-geraint-thomas-en-rose\/\",\"url\":\"https:\/\/dicodusport.fr\/blog\/tour-ditalie-2023-joao-almeida-gagne-la-16eme-etape-geraint-thomas-en-rose\/\",\"name\":\"Tour d\u2019Italie 2023 : Joao Almeida gagne la 16\u00e8me \u00e9tape, Geraint Thomas en rose\",\"isPartOf\":{\"@id\":\"https:\/\/dicodusport.fr\/blog\/#website\"},\"primaryImageOfPage\":{\"@id\":\"https:\/\/dicodusport.fr\/blog\/tour-ditalie-2023-joao-almeida-gagne-la-16eme-etape-geraint-thomas-en-rose\/#primaryimage\"},\"image\":{\"@id\":\"https:\/\/dicodusport.fr\/blog\/tour-ditalie-2023-joao-almeida-gagne-la-16eme-etape-geraint-thomas-en-rose\/#primaryimage\"},\"thumbnailUrl\":\"https:\/\/dicodusport.fr\/blog\/wp-content\/uploads\/2023\/05\/Tour-dItalie-2023-Joao-Almeida-gagne-la-16eme-etape-Geraint-Thomas-en-rose-1.png\",\"datePublished\":\"2023-05-23T15:04:54+00:00\",\"dateModified\":\"2023-05-23T15:45:07+00:00\",\"description\":\"TOUR D'ITALIE 2023 - Joao Almeida (UAE Team Emirates) a gagn\u00e9 la 16\u00e8me \u00e9tape au sommet du Monte Bondone. Geraint Thomas prend le rose.\",\"breadcrumb\":{\"@id\":\"https:\/\/dicodusport.fr\/blog\/tour-ditalie-2023-joao-almeida-gagne-la-16eme-etape-geraint-thomas-en-rose\/#breadcrumb\"},\"inLanguage\":\"fr-FR\",\"potentialAction\":[{\"@type\":\"ReadAction\",\"target\":[\"https:\/\/dicodusport.fr\/blog\/tour-ditalie-2023-joao-almeida-gagne-la-16eme-etape-geraint-thomas-en-rose\/\"]}]},{\"@type\":\"ImageObject\",\"inLanguage\":\"fr-FR\",\"@id\":\"https:\/\/dicodusport.fr\/blog\/tour-ditalie-2023-joao-almeida-gagne-la-16eme-etape-geraint-thomas-en-rose\/#primaryimage\",\"url\":\"https:\/\/dicodusport.fr\/blog\/wp-content\/uploads\/2023\/05\/Tour-dItalie-2023-Joao-Almeida-gagne-la-16eme-etape-Geraint-Thomas-en-rose-1.png\",\"contentUrl\":\"https:\/\/dicodusport.fr\/blog\/wp-content\/uploads\/2023\/05\/Tour-dItalie-2023-Joao-Almeida-gagne-la-16eme-etape-Geraint-Thomas-en-rose-1.png\",\"width\":800,\"height\":445,\"caption\":\"Tour d\u2019Italie 2023 Joao Almeida gagne la 16\u00e8me \u00e9tape, Geraint Thomas en rose (1)\"},{\"@type\":\"BreadcrumbList\",\"@id\":\"https:\/\/dicodusport.fr\/blog\/tour-ditalie-2023-joao-almeida-gagne-la-16eme-etape-geraint-thomas-en-rose\/#breadcrumb\",\"itemListElement\":[{\"@type\":\"ListItem\",\"position\":1,\"name\":\"Accueil\",\"item\":\"https:\/\/dicodusport.fr\/blog\/\"},{\"@type\":\"ListItem\",\"position\":2,\"name\":\"Tour d\u2019Italie 2023 : Joao Almeida gagne la 16\u00e8me \u00e9tape, Geraint Thomas en rose\"}]},{\"@type\":\"WebSite\",\"@id\":\"https:\/\/dicodusport.fr\/blog\/#website\",\"url\":\"https:\/\/dicodusport.fr\/blog\/\",\"name\":\"Dicodusport\",\"description\":\"L&#039;encyclop\u00e9die de l&#039;actualit\u00e9 sportive\",\"publisher\":{\"@id\":\"https:\/\/dicodusport.fr\/blog\/#organization\"},\"potentialAction\":[{\"@type\":\"SearchAction\",\"target\":{\"@type\":\"EntryPoint\",\"urlTemplate\":\"https:\/\/dicodusport.fr\/blog\/?s={search_term_string}\"},\"query-input\":{\"@type\":\"PropertyValueSpecification\",\"valueRequired\":true,\"valueName\":\"search_term_string\"}}],\"inLanguage\":\"fr-FR\"},{\"@type\":\"NewsMediaOrganization\",\"@id\":\"https:\/\/dicodusport.fr\/blog\/#organization\",\"name\":\"Dicodusport\",\"url\":\"https:\/\/dicodusport.fr\/blog\/\",\"logo\":{\"@type\":\"ImageObject\",\"inLanguage\":\"fr-FR\",\"@id\":\"https:\/\/dicodusport.fr\/blog\/#\/schema\/logo\/image\/\",\"url\":\"https:\/\/dicodusport.fr\/blog\/wp-content\/uploads\/2020\/06\/cropped-LOGO-DICODUSPORT-2020-SANS-FOND-SANS-TEXTE.png\",\"contentUrl\":\"https:\/\/dicodusport.fr\/blog\/wp-content\/uploads\/2020\/06\/cropped-LOGO-DICODUSPORT-2020-SANS-FOND-SANS-TEXTE.png\",\"width\":512,\"height\":512,\"caption\":\"Dicodusport\"},\"image\":{\"@id\":\"https:\/\/dicodusport.fr\/blog\/#\/schema\/logo\/image\/\"},\"sameAs\":[\"https:\/\/www.facebook.com\/dicodusport\",\"https:\/\/x.com\/dicodusport\",\"https:\/\/www.instagram.com\/dicodusport\/\",\"https:\/\/www.youtube.com\/channel\/UC7V2KZ5sd3htJivAbA4ZG3w\"],\"description\":\"Dicodusport est l'encyclop\u00e9die de l'actualit\u00e9 sportive.\",\"email\":\"bonjour@dicodusport.fr\",\"legalName\":\"DICODUSPORT\",\"foundingDate\":\"2018-01-14\",\"vatID\":\"FR71834470973\",\"taxID\":\"83447097300043\",\"numberOfEmployees\":{\"@type\":\"QuantitativeValue\",\"minValue\":\"1\",\"maxValue\":\"10\"}},{\"@type\":\"Person\",\"@id\":\"https:\/\/dicodusport.fr\/blog\/#\/schema\/person\/6db4bae06b171592211be385b32876a7\",\"name\":\"Emilien Descampiaux\",\"image\":{\"@type\":\"ImageObject\",\"inLanguage\":\"fr-FR\",\"@id\":\"https:\/\/dicodusport.fr\/blog\/#\/schema\/person\/image\/\",\"url\":\"https:\/\/dicodusport.fr\/blog\/wp-content\/uploads\/2021\/05\/Emilien-Descampiaux-150x150.jpg\",\"contentUrl\":\"https:\/\/dicodusport.fr\/blog\/wp-content\/uploads\/2021\/05\/Emilien-Descampiaux-150x150.jpg\",\"caption\":\"Emilien Descampiaux\"},\"description\":\"Journaliste\/r\u00e9dacteur depuis 2014 - Fan de la classe de Frank Vandenbroucke, je vis cyclisme (et de ses paysages) depuis plus de 20 ans. Je suis tr\u00e8s impliqu\u00e9 sur mes diff\u00e9rents r\u00e9seaux sociaux pour partager ma passion sur le monde et l'Histoire de la bicyclette avec ma voix sur les images en noir et blanc du succ\u00e8s de Rik Van Steenbergen lors du Ronde sur le V\u00e9lodrome de Gand.\",\"sameAs\":[\"https:\/\/www.facebook.com\/groups\/LesRoisDuPeloton\",\"https:\/\/x.com\/https:\/\/twitter.com\/LRoisDuPeloton\"],\"url\":\"https:\/\/dicodusport.fr\/blog\/author\/emiliend\/\"}]}<\/script>\n<!-- \/ Yoast SEO Premium plugin. -->","yoast_head_json":{"title":"Tour d\u2019Italie 2023 : Joao Almeida gagne la 16\u00e8me \u00e9tape, Geraint Thomas en rose","description":"TOUR D'ITALIE 2023 - Joao Almeida (UAE Team Emirates) a gagn\u00e9 la 16\u00e8me \u00e9tape au sommet du Monte Bondone. Geraint Thomas prend le rose.","robots":{"index":"index","follow":"follow","max-snippet":"max-snippet:-1","max-image-preview":"max-image-preview:large","max-video-preview":"max-video-preview:-1"},"canonical":"https:\/\/dicodusport.fr\/blog\/tour-ditalie-2023-joao-almeida-gagne-la-16eme-etape-geraint-thomas-en-rose\/","og_locale":"fr_FR","og_type":"article","og_title":"Tour d\u2019Italie 2023 : Joao Almeida gagne la 16\u00e8me \u00e9tape, Geraint Thomas en rose","og_description":"TOUR D'ITALIE 2023 - Joao Almeida (UAE Team Emirates) a gagn\u00e9 la 16\u00e8me \u00e9tape au sommet du Monte Bondone. Geraint Thomas prend le rose.","og_url":"https:\/\/dicodusport.fr\/blog\/tour-ditalie-2023-joao-almeida-gagne-la-16eme-etape-geraint-thomas-en-rose\/","og_site_name":"Dicodusport","article_publisher":"https:\/\/www.facebook.com\/dicodusport","article_author":"https:\/\/www.facebook.com\/groups\/LesRoisDuPeloton","article_published_time":"2023-05-23T15:04:54+00:00","article_modified_time":"2023-05-23T15:45:07+00:00","og_image":[{"width":800,"height":445,"url":"https:\/\/dicodusport.fr\/blog\/wp-content\/uploads\/2023\/05\/Tour-dItalie-2023-Joao-Almeida-gagne-la-16eme-etape-Geraint-Thomas-en-rose-1.png","type":"image\/png"}],"author":"Emilien Descampiaux","twitter_card":"summary_large_image","twitter_title":"Tour d\u2019Italie 2023 : Joao Almeida gagne la 16\u00e8me \u00e9tape, Geraint Thomas en rose","twitter_creator":"@https:\/\/twitter.com\/LRoisDuPeloton","twitter_site":"@dicodusport","schema":{"@context":"https:\/\/schema.org","@graph":[{"@type":"NewsArticle","@id":"https:\/\/dicodusport.fr\/blog\/tour-ditalie-2023-joao-almeida-gagne-la-16eme-etape-geraint-thomas-en-rose\/#article","isPartOf":{"@id":"https:\/\/dicodusport.fr\/blog\/tour-ditalie-2023-joao-almeida-gagne-la-16eme-etape-geraint-thomas-en-rose\/"},"author":{"name":"Emilien Descampiaux","@id":"https:\/\/dicodusport.fr\/blog\/#\/schema\/person\/6db4bae06b171592211be385b32876a7"},"headline":"Tour d\u2019Italie 2023 : Joao Almeida gagne la 16\u00e8me \u00e9tape, Geraint Thomas en rose","datePublished":"2023-05-23T15:04:54+00:00","dateModified":"2023-05-23T15:45:07+00:00","mainEntityOfPage":{"@id":"https:\/\/dicodusport.fr\/blog\/tour-ditalie-2023-joao-almeida-gagne-la-16eme-etape-geraint-thomas-en-rose\/"},"wordCount":1020,"commentCount":0,"publisher":{"@id":"https:\/\/dicodusport.fr\/blog\/#organization"},"image":{"@id":"https:\/\/dicodusport.fr\/blog\/tour-ditalie-2023-joao-almeida-gagne-la-16eme-etape-geraint-thomas-en-rose\/#primaryimage"},"thumbnailUrl":"https:\/\/dicodusport.fr\/blog\/wp-content\/uploads\/2023\/05\/Tour-dItalie-2023-Joao-Almeida-gagne-la-16eme-etape-Geraint-Thomas-en-rose-1.png","keywords":["Actualit\u00e9 Cyclisme","br\u00e8ve","sport"],"articleSection":["Tour d'Italie"],"inLanguage":"fr-FR","potentialAction":[{"@type":"CommentAction","name":"Comment","target":["https:\/\/dicodusport.fr\/blog\/tour-ditalie-2023-joao-almeida-gagne-la-16eme-etape-geraint-thomas-en-rose\/#respond"]}],"copyrightYear":"2023","copyrightHolder":{"@id":"https:\/\/dicodusport.fr\/blog\/#organization"}},{"@type":"WebPage","@id":"https:\/\/dicodusport.fr\/blog\/tour-ditalie-2023-joao-almeida-gagne-la-16eme-etape-geraint-thomas-en-rose\/","url":"https:\/\/dicodusport.fr\/blog\/tour-ditalie-2023-joao-almeida-gagne-la-16eme-etape-geraint-thomas-en-rose\/","name":"Tour d\u2019Italie 2023 : Joao Almeida gagne la 16\u00e8me \u00e9tape, Geraint Thomas en rose","isPartOf":{"@id":"https:\/\/dicodusport.fr\/blog\/#website"},"primaryImageOfPage":{"@id":"https:\/\/dicodusport.fr\/blog\/tour-ditalie-2023-joao-almeida-gagne-la-16eme-etape-geraint-thomas-en-rose\/#primaryimage"},"image":{"@id":"https:\/\/dicodusport.fr\/blog\/tour-ditalie-2023-joao-almeida-gagne-la-16eme-etape-geraint-thomas-en-rose\/#primaryimage"},"thumbnailUrl":"https:\/\/dicodusport.fr\/blog\/wp-content\/uploads\/2023\/05\/Tour-dItalie-2023-Joao-Almeida-gagne-la-16eme-etape-Geraint-Thomas-en-rose-1.png","datePublished":"2023-05-23T15:04:54+00:00","dateModified":"2023-05-23T15:45:07+00:00","description":"TOUR D'ITALIE 2023 - Joao Almeida (UAE Team Emirates) a gagn\u00e9 la 16\u00e8me \u00e9tape au sommet du Monte Bondone. Geraint Thomas prend le rose.","breadcrumb":{"@id":"https:\/\/dicodusport.fr\/blog\/tour-ditalie-2023-joao-almeida-gagne-la-16eme-etape-geraint-thomas-en-rose\/#breadcrumb"},"inLanguage":"fr-FR","potentialAction":[{"@type":"ReadAction","target":["https:\/\/dicodusport.fr\/blog\/tour-ditalie-2023-joao-almeida-gagne-la-16eme-etape-geraint-thomas-en-rose\/"]}]},{"@type":"ImageObject","inLanguage":"fr-FR","@id":"https:\/\/dicodusport.fr\/blog\/tour-ditalie-2023-joao-almeida-gagne-la-16eme-etape-geraint-thomas-en-rose\/#primaryimage","url":"https:\/\/dicodusport.fr\/blog\/wp-content\/uploads\/2023\/05\/Tour-dItalie-2023-Joao-Almeida-gagne-la-16eme-etape-Geraint-Thomas-en-rose-1.png","contentUrl":"https:\/\/dicodusport.fr\/blog\/wp-content\/uploads\/2023\/05\/Tour-dItalie-2023-Joao-Almeida-gagne-la-16eme-etape-Geraint-Thomas-en-rose-1.png","width":800,"height":445,"caption":"Tour d\u2019Italie 2023 Joao Almeida gagne la 16\u00e8me \u00e9tape, Geraint Thomas en rose (1)"},{"@type":"BreadcrumbList","@id":"https:\/\/dicodusport.fr\/blog\/tour-ditalie-2023-joao-almeida-gagne-la-16eme-etape-geraint-thomas-en-rose\/#breadcrumb","itemListElement":[{"@type":"ListItem","position":1,"name":"Accueil","item":"https:\/\/dicodusport.fr\/blog\/"},{"@type":"ListItem","position":2,"name":"Tour d\u2019Italie 2023 : Joao Almeida gagne la 16\u00e8me \u00e9tape, Geraint Thomas en rose"}]},{"@type":"WebSite","@id":"https:\/\/dicodusport.fr\/blog\/#website","url":"https:\/\/dicodusport.fr\/blog\/","name":"Dicodusport","description":"L&#039;encyclop\u00e9die de l&#039;actualit\u00e9 sportive","publisher":{"@id":"https:\/\/dicodusport.fr\/blog\/#organization"},"potentialAction":[{"@type":"SearchAction","target":{"@type":"EntryPoint","urlTemplate":"https:\/\/dicodusport.fr\/blog\/?s={search_term_string}"},"query-input":{"@type":"PropertyValueSpecification","valueRequired":true,"valueName":"search_term_string"}}],"inLanguage":"fr-FR"},{"@type":"NewsMediaOrganization","@id":"https:\/\/dicodusport.fr\/blog\/#organization","name":"Dicodusport","url":"https:\/\/dicodusport.fr\/blog\/","logo":{"@type":"ImageObject","inLanguage":"fr-FR","@id":"https:\/\/dicodusport.fr\/blog\/#\/schema\/logo\/image\/","url":"https:\/\/dicodusport.fr\/blog\/wp-content\/uploads\/2020\/06\/cropped-LOGO-DICODUSPORT-2020-SANS-FOND-SANS-TEXTE.png","contentUrl":"https:\/\/dicodusport.fr\/blog\/wp-content\/uploads\/2020\/06\/cropped-LOGO-DICODUSPORT-2020-SANS-FOND-SANS-TEXTE.png","width":512,"height":512,"caption":"Dicodusport"},"image":{"@id":"https:\/\/dicodusport.fr\/blog\/#\/schema\/logo\/image\/"},"sameAs":["https:\/\/www.facebook.com\/dicodusport","https:\/\/x.com\/dicodusport","https:\/\/www.instagram.com\/dicodusport\/","https:\/\/www.youtube.com\/channel\/UC7V2KZ5sd3htJivAbA4ZG3w"],"description":"Dicodusport est l'encyclop\u00e9die de l'actualit\u00e9 sportive.","email":"bonjour@dicodusport.fr","legalName":"DICODUSPORT","foundingDate":"2018-01-14","vatID":"FR71834470973","taxID":"83447097300043","numberOfEmployees":{"@type":"QuantitativeValue","minValue":"1","maxValue":"10"}},{"@type":"Person","@id":"https:\/\/dicodusport.fr\/blog\/#\/schema\/person\/6db4bae06b171592211be385b32876a7","name":"Emilien Descampiaux","image":{"@type":"ImageObject","inLanguage":"fr-FR","@id":"https:\/\/dicodusport.fr\/blog\/#\/schema\/person\/image\/","url":"https:\/\/dicodusport.fr\/blog\/wp-content\/uploads\/2021\/05\/Emilien-Descampiaux-150x150.jpg","contentUrl":"https:\/\/dicodusport.fr\/blog\/wp-content\/uploads\/2021\/05\/Emilien-Descampiaux-150x150.jpg","caption":"Emilien Descampiaux"},"description":"Journaliste\/r\u00e9dacteur depuis 2014 - Fan de la classe de Frank Vandenbroucke, je vis cyclisme (et de ses paysages) depuis plus de 20 ans. Je suis tr\u00e8s impliqu\u00e9 sur mes diff\u00e9rents r\u00e9seaux sociaux pour partager ma passion sur le monde et l'Histoire de la bicyclette avec ma voix sur les images en noir et blanc du succ\u00e8s de Rik Van Steenbergen lors du Ronde sur le V\u00e9lodrome de Gand.","sameAs":["https:\/\/www.facebook.com\/groups\/LesRoisDuPeloton","https:\/\/x.com\/https:\/\/twitter.com\/LRoisDuPeloton"],"url":"https:\/\/dicodusport.fr\/blog\/author\/emiliend\/"}]}},"_links":{"self":[{"href":"https:\/\/dicodusport.fr\/blog\/wp-json\/wp\/v2\/posts\/384578","targetHints":{"allow":["GET"]}}],"collection":[{"href":"https:\/\/dicodusport.fr\/blog\/wp-json\/wp\/v2\/posts"}],"about":[{"href":"https:\/\/dicodusport.fr\/blog\/wp-json\/wp\/v2\/types\/post"}],"author":[{"embeddable":true,"href":"https:\/\/dicodusport.fr\/blog\/wp-json\/wp\/v2\/users\/48"}],"replies":[{"embeddable":true,"href":"https:\/\/dicodusport.fr\/blog\/wp-json\/wp\/v2\/comments?post=384578"}],"version-history":[{"count":0,"href":"https:\/\/dicodusport.fr\/blog\/wp-json\/wp\/v2\/posts\/384578\/revisions"}],"wp:featuredmedia":[{"embeddable":true,"href":"https:\/\/dicodusport.fr\/blog\/wp-json\/wp\/v2\/media\/384703"}],"wp:attachment":[{"href":"https:\/\/dicodusport.fr\/blog\/wp-json\/wp\/v2\/media?parent=384578"}],"wp:term":[{"taxonomy":"category","embeddable":true,"href":"https:\/\/dicodusport.fr\/blog\/wp-json\/wp\/v2\/categories?post=384578"},{"taxonomy":"post_tag","embeddable":true,"href":"https:\/\/dicodusport.fr\/blog\/wp-json\/wp\/v2\/tags?post=384578"}],"curies":[{"name":"wp","href":"https:\/\/api.w.org\/{rel}","templated":true}]}}