{"id":384715,"date":"2023-05-23T18:41:15","date_gmt":"2023-05-23T16:41:15","guid":{"rendered":"https:\/\/dicodusport.fr\/blog\/?p=384715&#038;preview=true&#038;preview_id=384715"},"modified":"2023-05-23T18:46:57","modified_gmt":"2023-05-23T16:46:57","slug":"mercato-football-neymar-cristiano-ronaldo-enzo-le-fee-les-infos-du-mardi-23-mai-2023","status":"publish","type":"post","link":"https:\/\/dicodusport.fr\/blog\/mercato-football-neymar-cristiano-ronaldo-enzo-le-fee-les-infos-du-mardi-23-mai-2023\/","title":{"rendered":"Mercato Football : Neymar, Cristiano Ronaldo, Enzo Le F\u00e9e, les infos du mardi 23 mai 2023"},"content":{"rendered":"<p style=\"text-align: justify;\" align=\"justify\"><em><b>MERCATO FOOTBALL &#8211; Manchester United active plusieurs pistes, Cristiano Ronaldo voudrait revenir en Europe alors qu&rsquo;Enzo Le F\u00e9e est la priorit\u00e9 de Rennes : les infos transferts de ce mardi 23 mai 2023.<\/b><\/em><\/p>\n<h2 style=\"text-align: justify;\" align=\"justify\">Manchester United tente Neymar<\/h2>\n<p style=\"text-align: justify;\" align=\"justify\">Bien que sous contrat au Paris Saint-Germain jusqu&rsquo;en 2027, <strong>Neymar<\/strong> pourrait quitter la France cet \u00e9t\u00e9. Les dirigeants parisiens ne le retiendraient pas en cas d&rsquo;offre convenable. Le Br\u00e9silien se verrait bien ailleurs apr\u00e8s avoir re\u00e7u la visite des supporters du PSG devant son domicile. Le profil de Neymar pla\u00eet aux dirigeants de Manchester United selon <em>L&rsquo;\u00c9quipe, mais<\/em> le dossier est complexe pour plusieurs raisons. D&rsquo;abord, le club de Premier League va bient\u00f4t \u00eatre vendu, et une op\u00e9ration de cette ampleur ne peut \u00eatre act\u00e9e tant que la vente n&rsquo;est pas effective. <strong>Neymar<\/strong> a aussi un salaire tr\u00e8s important, pas simple \u00e0 absorber avec le fair-play financier.<\/p>\n<h2 style=\"text-align: justify;\" align=\"justify\">Harry Kane et Vinicius Junior aussi convoit\u00e9s par United<\/h2>\n<p style=\"text-align: justify;\" align=\"justify\">Apr\u00e8s une saison gal\u00e8re, <strong>Manchester<\/strong> <strong>United<\/strong> veut frapper fort sur le march\u00e9 des transferts. Le club anglais serait attentif \u00e0 la situation de <strong>Vinicius<\/strong> <strong>Junior<\/strong>, qui a encore \u00e9t\u00e9 victime d&rsquo;insultes racistes \u00e0 Valence. Si le <strong>Br\u00e9silien<\/strong> voulait partir, les <strong>Mancuniens<\/strong> passeraient \u00e0 l&rsquo;action. Selon le <em>Daily Miror<\/em>, <strong>Manchester<\/strong> <strong>United<\/strong> veut aussi un avant-centre, et <strong>Harry<\/strong> <strong>Kane<\/strong> est la priorit\u00e9. Enfin, comme annonc\u00e9 il y a plusieurs jours, <strong>Adrien<\/strong> <strong>Rabiot<\/strong> est bien esp\u00e9r\u00e9 par les Red Devils.<\/p>\n<h2 style=\"text-align: justify;\" align=\"justify\">Cristiano Ronaldo veut revenir en Europe<\/h2>\n<p style=\"text-align: justify;\" align=\"justify\">Selon <em>Mundo Deportivo<\/em>, l&rsquo;international portugais en a d\u00e9j\u00e0 marre de l&rsquo;Arabie Saoudite. <strong>Cristiano Ronaldo<\/strong> voudrait rejouer en Europe la saison prochaine, mais il est li\u00e9 encore un an et demi \u00e0 son club. Il doit donc trouver un accord de r\u00e9siliation s&rsquo;il esp\u00e8re pouvoir retrouver les terrains du Vieux-Continent. Selon nos confr\u00e8res, Al-Nassr ne serait pas vraiment enclin \u00e0 le lib\u00e9rer.<\/p>\n<blockquote class=\"twitter-tweet\">\n<p dir=\"ltr\" lang=\"fr\">Exclu\ud83d\udea8<a href=\"https:\/\/twitter.com\/hashtag\/mercato?src=hash&amp;ref_src=twsrc%5Etfw\">#mercato<\/a> : Rennes \ud83d\udd34\u26ab\ufe0f<br \/>\n\u25aa\ufe0f deux milieux de terrain (un relayeur et un MOC) sont esp\u00e9r\u00e9s. Priorit\u00e9 Enzo Le F\u00e9e<br \/>\n\u25aa\ufe0f Rennes a sond\u00e9 Serge Aurier \ud83c\udde8\ud83c\uddee, mais pr\u00e9f\u00e8re rester en PL \ud83c\udff4\udb40\udc67\udb40\udc62\udb40\udc65\udb40\udc6e\udb40\udc67\udb40\udc7f<br \/>\n\u25aa\ufe0f BG veut deux attaquants, un 9 tueur et un attaquant puissant<a href=\"https:\/\/twitter.com\/Santi_J_FM?ref_src=twsrc%5Etfw\">@Santi_J_FM<\/a> <a href=\"https:\/\/t.co\/YzbhtATzKM\">https:\/\/t.co\/YzbhtATzKM<\/a><\/p>\n<p>\u2014 S\u00e9bastien Denis (@sebnonda) <a href=\"https:\/\/twitter.com\/sebnonda\/status\/1661011721102962689?ref_src=twsrc%5Etfw\">May 23, 2023<\/a><\/p><\/blockquote>\n<p style=\"text-align: justify;\"><script async src=\"https:\/\/platform.twitter.com\/widgets.js\" charset=\"utf-8\"><\/script><\/p>\n<h2 style=\"text-align: justify;\" align=\"justify\">Enzo Le F\u00e9e priorit\u00e9 de Rennes<\/h2>\n<p style=\"text-align: justify;\" align=\"justify\">Comme il l&rsquo;a indiqu\u00e9 il y a plusieurs semaines, <strong>Enzo<\/strong> <strong>Le<\/strong> <strong>F\u00e9e<\/strong> ne sera plus un joueur du <strong>FC<\/strong> <strong>Lorient<\/strong> la saison prochaine. En fin de contrat, il a attendu en vain une offre de prolongation, et a donc d\u00e9cid\u00e9 d&rsquo;aller voir ailleurs. Le Stade Rennais a fait du jeune milieu de terrain une priorit\u00e9, mais il y aura une grosse concurrence sur ce dossier. <strong>Nice<\/strong>, <strong>Dortmund<\/strong> et Leverkusen sont aussi int\u00e9ress\u00e9s, selon nos confr\u00e8res de <em>Foot Mercato<\/em>.<\/p>\n<h2 style=\"text-align: justify;\" align=\"justify\">L&rsquo;Olympique Lyonnais veut faire revenir Alassane Pl\u00e9a<\/h2>\n<p style=\"text-align: justify;\" align=\"justify\">Bien que li\u00e9 au <strong>Borussia<\/strong> <strong>Monchengladbach<\/strong> jusqu&rsquo;en juin 2025, <strong>Alassane Pl\u00e9a<\/strong> a des envies d&rsquo;ailleurs cet \u00e9t\u00e9. Apr\u00e8s des premi\u00e8res saisons abouties en <strong>Allemagne<\/strong>, il a perdu la confiance de son coach et aimerait se relancer. Il aimerait revenir en Ligue 1 et selon <em>Foot Mercato<\/em>, l&rsquo;<strong>Olympique Lyonnais<\/strong> serait sur le coup pour le rapatrier. Pr\u00e8s de 10 ans apr\u00e8s son d\u00e9part, en 2014, <strong>Alassane Pl\u00e9a<\/strong> pourrait donc faire son retour \u00e0 Lyon. Mais le club de <strong>John<\/strong> <strong>Textor<\/strong> aura de la concurrence, puisque trois clubs de Premier League sont sur le coup : <strong>Crystal Palace<\/strong>, <strong>West Ham<\/strong> et <strong>Fulham<\/strong>.<\/p>\n","protected":false},"excerpt":{"rendered":"<p>MERCATO FOOTBALL &#8211; Manchester United active plusieurs pistes, Cristiano Ronaldo voudrait revenir en Europe alors qu&rsquo;Enzo Le F\u00e9e est la priorit\u00e9 de Rennes : les infos transferts de ce mardi 23 mai 2023.<\/p>\n","protected":false},"author":1,"featured_media":384720,"comment_status":"open","ping_status":"closed","sticky":false,"template":"","format":"standard","meta":{"_acf_changed":false,"_daextam_enable_autolinks":"","footnotes":""},"categories":[2301],"tags":[16878,74,75,14093,24388],"class_list":["post-384715","post","type-post","status-publish","format-standard","has-post-thumbnail","hentry","category-football","tag-breve","tag-foot","tag-football","tag-mercato-football","tag-vinicius-junior"],"acf":[],"yoast_head":"<!-- This site is optimized with the Yoast SEO Premium plugin v26.7 (Yoast SEO v26.7) - https:\/\/yoast.com\/wordpress\/plugins\/seo\/ -->\n<title>Mercato Football : Neymar, Cristiano Ronaldo, Enzo Le F\u00e9e, les infos du mardi 23 mai 2023<\/title>\n<meta name=\"description\" content=\"MERCATO FOOTBALL - Manchester United active plusieurs pistes, Cristiano Ronaldo voudrait revenir en Europe : les infos transferts de ce mardi 23 mai 2023.\" \/>\n<meta name=\"robots\" content=\"index, follow, max-snippet:-1, max-image-preview:large, max-video-preview:-1\" \/>\n<link rel=\"canonical\" href=\"https:\/\/dicodusport.fr\/blog\/mercato-football-neymar-cristiano-ronaldo-enzo-le-fee-les-infos-du-mardi-23-mai-2023\/\" \/>\n<meta property=\"og:locale\" content=\"fr_FR\" \/>\n<meta property=\"og:type\" content=\"article\" \/>\n<meta property=\"og:title\" content=\"Mercato Football : Neymar, Cristiano Ronaldo, Enzo Le F\u00e9e, les infos du mardi 23 mai 2023\" \/>\n<meta property=\"og:description\" content=\"MERCATO FOOTBALL - Manchester United active plusieurs pistes, Cristiano Ronaldo voudrait revenir en Europe : les infos transferts de ce mardi 23 mai 2023.\" \/>\n<meta property=\"og:url\" content=\"https:\/\/dicodusport.fr\/blog\/mercato-football-neymar-cristiano-ronaldo-enzo-le-fee-les-infos-du-mardi-23-mai-2023\/\" \/>\n<meta property=\"og:site_name\" content=\"Dicodusport\" \/>\n<meta property=\"article:publisher\" content=\"https:\/\/www.facebook.com\/dicodusport\" \/>\n<meta property=\"article:author\" content=\"https:\/\/www.facebook.com\/dicodusport\" \/>\n<meta property=\"article:published_time\" content=\"2023-05-23T16:41:15+00:00\" \/>\n<meta property=\"article:modified_time\" content=\"2023-05-23T16:46:57+00:00\" \/>\n<meta property=\"og:image\" content=\"https:\/\/dicodusport.fr\/blog\/wp-content\/uploads\/2023\/05\/Mercato-Football-Neymar-Cristiano-Ronaldo-Enzo-Le-Fee-les-infos-du-mardi-23-mai-2023.png\" \/>\n\t<meta property=\"og:image:width\" content=\"800\" \/>\n\t<meta property=\"og:image:height\" content=\"445\" \/>\n\t<meta property=\"og:image:type\" content=\"image\/png\" \/>\n<meta name=\"author\" content=\"Nicolas Jacquemard\" \/>\n<meta name=\"twitter:card\" content=\"summary_large_image\" \/>\n<meta name=\"twitter:title\" content=\"Mercato Football : Neymar, Cristiano Ronaldo, Enzo Le F\u00e9e, les infos du mardi 23 mai 2023\" \/>\n<meta name=\"twitter:creator\" content=\"@https:\/\/twitter.com\/Nico_Jacquemard\" \/>\n<meta name=\"twitter:site\" content=\"@dicodusport\" \/>\n<script type=\"application\/ld+json\" class=\"yoast-schema-graph\">{\"@context\":\"https:\/\/schema.org\",\"@graph\":[{\"@type\":\"NewsArticle\",\"@id\":\"https:\/\/dicodusport.fr\/blog\/mercato-football-neymar-cristiano-ronaldo-enzo-le-fee-les-infos-du-mardi-23-mai-2023\/#article\",\"isPartOf\":{\"@id\":\"https:\/\/dicodusport.fr\/blog\/mercato-football-neymar-cristiano-ronaldo-enzo-le-fee-les-infos-du-mardi-23-mai-2023\/\"},\"author\":{\"name\":\"Nicolas Jacquemard\",\"@id\":\"https:\/\/dicodusport.fr\/blog\/#\/schema\/person\/55dcb50ad410894e431ed812bbb70191\"},\"headline\":\"Mercato Football : Neymar, Cristiano Ronaldo, Enzo Le F\u00e9e, les infos du mardi 23 mai 2023\",\"datePublished\":\"2023-05-23T16:41:15+00:00\",\"dateModified\":\"2023-05-23T16:46:57+00:00\",\"mainEntityOfPage\":{\"@id\":\"https:\/\/dicodusport.fr\/blog\/mercato-football-neymar-cristiano-ronaldo-enzo-le-fee-les-infos-du-mardi-23-mai-2023\/\"},\"wordCount\":591,\"commentCount\":0,\"publisher\":{\"@id\":\"https:\/\/dicodusport.fr\/blog\/#organization\"},\"image\":{\"@id\":\"https:\/\/dicodusport.fr\/blog\/mercato-football-neymar-cristiano-ronaldo-enzo-le-fee-les-infos-du-mardi-23-mai-2023\/#primaryimage\"},\"thumbnailUrl\":\"https:\/\/dicodusport.fr\/blog\/wp-content\/uploads\/2023\/05\/Mercato-Football-Neymar-Cristiano-Ronaldo-Enzo-Le-Fee-les-infos-du-mardi-23-mai-2023.png\",\"keywords\":[\"br\u00e8ve\",\"foot\",\"Football\",\"Mercato football\",\"Vinicius Junior\"],\"articleSection\":[\"Football\"],\"inLanguage\":\"fr-FR\",\"potentialAction\":[{\"@type\":\"CommentAction\",\"name\":\"Comment\",\"target\":[\"https:\/\/dicodusport.fr\/blog\/mercato-football-neymar-cristiano-ronaldo-enzo-le-fee-les-infos-du-mardi-23-mai-2023\/#respond\"]}],\"copyrightYear\":\"2023\",\"copyrightHolder\":{\"@id\":\"https:\/\/dicodusport.fr\/blog\/#organization\"}},{\"@type\":\"WebPage\",\"@id\":\"https:\/\/dicodusport.fr\/blog\/mercato-football-neymar-cristiano-ronaldo-enzo-le-fee-les-infos-du-mardi-23-mai-2023\/\",\"url\":\"https:\/\/dicodusport.fr\/blog\/mercato-football-neymar-cristiano-ronaldo-enzo-le-fee-les-infos-du-mardi-23-mai-2023\/\",\"name\":\"Mercato Football : Neymar, Cristiano Ronaldo, Enzo Le F\u00e9e, les infos du mardi 23 mai 2023\",\"isPartOf\":{\"@id\":\"https:\/\/dicodusport.fr\/blog\/#website\"},\"primaryImageOfPage\":{\"@id\":\"https:\/\/dicodusport.fr\/blog\/mercato-football-neymar-cristiano-ronaldo-enzo-le-fee-les-infos-du-mardi-23-mai-2023\/#primaryimage\"},\"image\":{\"@id\":\"https:\/\/dicodusport.fr\/blog\/mercato-football-neymar-cristiano-ronaldo-enzo-le-fee-les-infos-du-mardi-23-mai-2023\/#primaryimage\"},\"thumbnailUrl\":\"https:\/\/dicodusport.fr\/blog\/wp-content\/uploads\/2023\/05\/Mercato-Football-Neymar-Cristiano-Ronaldo-Enzo-Le-Fee-les-infos-du-mardi-23-mai-2023.png\",\"datePublished\":\"2023-05-23T16:41:15+00:00\",\"dateModified\":\"2023-05-23T16:46:57+00:00\",\"description\":\"MERCATO FOOTBALL - Manchester United active plusieurs pistes, Cristiano Ronaldo voudrait revenir en Europe : les infos transferts de ce mardi 23 mai 2023.\",\"breadcrumb\":{\"@id\":\"https:\/\/dicodusport.fr\/blog\/mercato-football-neymar-cristiano-ronaldo-enzo-le-fee-les-infos-du-mardi-23-mai-2023\/#breadcrumb\"},\"inLanguage\":\"fr-FR\",\"potentialAction\":[{\"@type\":\"ReadAction\",\"target\":[\"https:\/\/dicodusport.fr\/blog\/mercato-football-neymar-cristiano-ronaldo-enzo-le-fee-les-infos-du-mardi-23-mai-2023\/\"]}]},{\"@type\":\"ImageObject\",\"inLanguage\":\"fr-FR\",\"@id\":\"https:\/\/dicodusport.fr\/blog\/mercato-football-neymar-cristiano-ronaldo-enzo-le-fee-les-infos-du-mardi-23-mai-2023\/#primaryimage\",\"url\":\"https:\/\/dicodusport.fr\/blog\/wp-content\/uploads\/2023\/05\/Mercato-Football-Neymar-Cristiano-Ronaldo-Enzo-Le-Fee-les-infos-du-mardi-23-mai-2023.png\",\"contentUrl\":\"https:\/\/dicodusport.fr\/blog\/wp-content\/uploads\/2023\/05\/Mercato-Football-Neymar-Cristiano-Ronaldo-Enzo-Le-Fee-les-infos-du-mardi-23-mai-2023.png\",\"width\":800,\"height\":445},{\"@type\":\"BreadcrumbList\",\"@id\":\"https:\/\/dicodusport.fr\/blog\/mercato-football-neymar-cristiano-ronaldo-enzo-le-fee-les-infos-du-mardi-23-mai-2023\/#breadcrumb\",\"itemListElement\":[{\"@type\":\"ListItem\",\"position\":1,\"name\":\"Accueil\",\"item\":\"https:\/\/dicodusport.fr\/blog\/\"},{\"@type\":\"ListItem\",\"position\":2,\"name\":\"Mercato Football : Neymar, Cristiano Ronaldo, Enzo Le F\u00e9e, les infos du mardi 23 mai 2023\"}]},{\"@type\":\"WebSite\",\"@id\":\"https:\/\/dicodusport.fr\/blog\/#website\",\"url\":\"https:\/\/dicodusport.fr\/blog\/\",\"name\":\"Dicodusport\",\"description\":\"L&#039;encyclop\u00e9die de l&#039;actualit\u00e9 sportive\",\"publisher\":{\"@id\":\"https:\/\/dicodusport.fr\/blog\/#organization\"},\"potentialAction\":[{\"@type\":\"SearchAction\",\"target\":{\"@type\":\"EntryPoint\",\"urlTemplate\":\"https:\/\/dicodusport.fr\/blog\/?s={search_term_string}\"},\"query-input\":{\"@type\":\"PropertyValueSpecification\",\"valueRequired\":true,\"valueName\":\"search_term_string\"}}],\"inLanguage\":\"fr-FR\"},{\"@type\":\"NewsMediaOrganization\",\"@id\":\"https:\/\/dicodusport.fr\/blog\/#organization\",\"name\":\"Dicodusport\",\"url\":\"https:\/\/dicodusport.fr\/blog\/\",\"logo\":{\"@type\":\"ImageObject\",\"inLanguage\":\"fr-FR\",\"@id\":\"https:\/\/dicodusport.fr\/blog\/#\/schema\/logo\/image\/\",\"url\":\"https:\/\/dicodusport.fr\/blog\/wp-content\/uploads\/2020\/06\/cropped-LOGO-DICODUSPORT-2020-SANS-FOND-SANS-TEXTE.png\",\"contentUrl\":\"https:\/\/dicodusport.fr\/blog\/wp-content\/uploads\/2020\/06\/cropped-LOGO-DICODUSPORT-2020-SANS-FOND-SANS-TEXTE.png\",\"width\":512,\"height\":512,\"caption\":\"Dicodusport\"},\"image\":{\"@id\":\"https:\/\/dicodusport.fr\/blog\/#\/schema\/logo\/image\/\"},\"sameAs\":[\"https:\/\/www.facebook.com\/dicodusport\",\"https:\/\/x.com\/dicodusport\",\"https:\/\/www.instagram.com\/dicodusport\/\",\"https:\/\/www.youtube.com\/channel\/UC7V2KZ5sd3htJivAbA4ZG3w\"],\"description\":\"Dicodusport est l'encyclop\u00e9die de l'actualit\u00e9 sportive.\",\"email\":\"bonjour@dicodusport.fr\",\"legalName\":\"DICODUSPORT\",\"foundingDate\":\"2018-01-14\",\"vatID\":\"FR71834470973\",\"taxID\":\"83447097300043\",\"numberOfEmployees\":{\"@type\":\"QuantitativeValue\",\"minValue\":\"1\",\"maxValue\":\"10\"}},{\"@type\":\"Person\",\"@id\":\"https:\/\/dicodusport.fr\/blog\/#\/schema\/person\/55dcb50ad410894e431ed812bbb70191\",\"name\":\"Nicolas Jacquemard\",\"image\":{\"@type\":\"ImageObject\",\"inLanguage\":\"fr-FR\",\"@id\":\"https:\/\/dicodusport.fr\/blog\/#\/schema\/person\/image\/\",\"url\":\"https:\/\/dicodusport.fr\/blog\/wp-content\/uploads\/2021\/05\/Nicolas-Jacquemard-150x150.jpeg\",\"contentUrl\":\"https:\/\/dicodusport.fr\/blog\/wp-content\/uploads\/2021\/05\/Nicolas-Jacquemard-150x150.jpeg\",\"caption\":\"Nicolas Jacquemard\"},\"description\":\"Passionn\u00e9 de sport et entrepreneur depuis mes 18 ans, la cr\u00e9ation de Dicodusport m'a sembl\u00e9 \u00e9vidente pour participer \u00e0 la m\u00e9diatisation d'un plus grand nombre de sports. Le chemin est long mais avec une \u00e9quipe des plus motiv\u00e9es et les Jeux Olympiques de Paris 2024 en point de mire, nous y arriverons ! Journaliste dans le monde du sport depuis plus de 5 ans, je traite aussi bien de football, de rugby, de biathlon que de cyclisme.\",\"sameAs\":[\"https:\/\/www.facebook.com\/dicodusport\",\"https:\/\/x.com\/https:\/\/twitter.com\/Nico_Jacquemard\"],\"url\":\"https:\/\/dicodusport.fr\/blog\/author\/dicodusport\/\"}]}<\/script>\n<!-- \/ Yoast SEO Premium plugin. -->","yoast_head_json":{"title":"Mercato Football : Neymar, Cristiano Ronaldo, Enzo Le F\u00e9e, les infos du mardi 23 mai 2023","description":"MERCATO FOOTBALL - Manchester United active plusieurs pistes, Cristiano Ronaldo voudrait revenir en Europe : les infos transferts de ce mardi 23 mai 2023.","robots":{"index":"index","follow":"follow","max-snippet":"max-snippet:-1","max-image-preview":"max-image-preview:large","max-video-preview":"max-video-preview:-1"},"canonical":"https:\/\/dicodusport.fr\/blog\/mercato-football-neymar-cristiano-ronaldo-enzo-le-fee-les-infos-du-mardi-23-mai-2023\/","og_locale":"fr_FR","og_type":"article","og_title":"Mercato Football : Neymar, Cristiano Ronaldo, Enzo Le F\u00e9e, les infos du mardi 23 mai 2023","og_description":"MERCATO FOOTBALL - Manchester United active plusieurs pistes, Cristiano Ronaldo voudrait revenir en Europe : les infos transferts de ce mardi 23 mai 2023.","og_url":"https:\/\/dicodusport.fr\/blog\/mercato-football-neymar-cristiano-ronaldo-enzo-le-fee-les-infos-du-mardi-23-mai-2023\/","og_site_name":"Dicodusport","article_publisher":"https:\/\/www.facebook.com\/dicodusport","article_author":"https:\/\/www.facebook.com\/dicodusport","article_published_time":"2023-05-23T16:41:15+00:00","article_modified_time":"2023-05-23T16:46:57+00:00","og_image":[{"width":800,"height":445,"url":"https:\/\/dicodusport.fr\/blog\/wp-content\/uploads\/2023\/05\/Mercato-Football-Neymar-Cristiano-Ronaldo-Enzo-Le-Fee-les-infos-du-mardi-23-mai-2023.png","type":"image\/png"}],"author":"Nicolas Jacquemard","twitter_card":"summary_large_image","twitter_title":"Mercato Football : Neymar, Cristiano Ronaldo, Enzo Le F\u00e9e, les infos du mardi 23 mai 2023","twitter_creator":"@https:\/\/twitter.com\/Nico_Jacquemard","twitter_site":"@dicodusport","schema":{"@context":"https:\/\/schema.org","@graph":[{"@type":"NewsArticle","@id":"https:\/\/dicodusport.fr\/blog\/mercato-football-neymar-cristiano-ronaldo-enzo-le-fee-les-infos-du-mardi-23-mai-2023\/#article","isPartOf":{"@id":"https:\/\/dicodusport.fr\/blog\/mercato-football-neymar-cristiano-ronaldo-enzo-le-fee-les-infos-du-mardi-23-mai-2023\/"},"author":{"name":"Nicolas Jacquemard","@id":"https:\/\/dicodusport.fr\/blog\/#\/schema\/person\/55dcb50ad410894e431ed812bbb70191"},"headline":"Mercato Football : Neymar, Cristiano Ronaldo, Enzo Le F\u00e9e, les infos du mardi 23 mai 2023","datePublished":"2023-05-23T16:41:15+00:00","dateModified":"2023-05-23T16:46:57+00:00","mainEntityOfPage":{"@id":"https:\/\/dicodusport.fr\/blog\/mercato-football-neymar-cristiano-ronaldo-enzo-le-fee-les-infos-du-mardi-23-mai-2023\/"},"wordCount":591,"commentCount":0,"publisher":{"@id":"https:\/\/dicodusport.fr\/blog\/#organization"},"image":{"@id":"https:\/\/dicodusport.fr\/blog\/mercato-football-neymar-cristiano-ronaldo-enzo-le-fee-les-infos-du-mardi-23-mai-2023\/#primaryimage"},"thumbnailUrl":"https:\/\/dicodusport.fr\/blog\/wp-content\/uploads\/2023\/05\/Mercato-Football-Neymar-Cristiano-Ronaldo-Enzo-Le-Fee-les-infos-du-mardi-23-mai-2023.png","keywords":["br\u00e8ve","foot","Football","Mercato football","Vinicius Junior"],"articleSection":["Football"],"inLanguage":"fr-FR","potentialAction":[{"@type":"CommentAction","name":"Comment","target":["https:\/\/dicodusport.fr\/blog\/mercato-football-neymar-cristiano-ronaldo-enzo-le-fee-les-infos-du-mardi-23-mai-2023\/#respond"]}],"copyrightYear":"2023","copyrightHolder":{"@id":"https:\/\/dicodusport.fr\/blog\/#organization"}},{"@type":"WebPage","@id":"https:\/\/dicodusport.fr\/blog\/mercato-football-neymar-cristiano-ronaldo-enzo-le-fee-les-infos-du-mardi-23-mai-2023\/","url":"https:\/\/dicodusport.fr\/blog\/mercato-football-neymar-cristiano-ronaldo-enzo-le-fee-les-infos-du-mardi-23-mai-2023\/","name":"Mercato Football : Neymar, Cristiano Ronaldo, Enzo Le F\u00e9e, les infos du mardi 23 mai 2023","isPartOf":{"@id":"https:\/\/dicodusport.fr\/blog\/#website"},"primaryImageOfPage":{"@id":"https:\/\/dicodusport.fr\/blog\/mercato-football-neymar-cristiano-ronaldo-enzo-le-fee-les-infos-du-mardi-23-mai-2023\/#primaryimage"},"image":{"@id":"https:\/\/dicodusport.fr\/blog\/mercato-football-neymar-cristiano-ronaldo-enzo-le-fee-les-infos-du-mardi-23-mai-2023\/#primaryimage"},"thumbnailUrl":"https:\/\/dicodusport.fr\/blog\/wp-content\/uploads\/2023\/05\/Mercato-Football-Neymar-Cristiano-Ronaldo-Enzo-Le-Fee-les-infos-du-mardi-23-mai-2023.png","datePublished":"2023-05-23T16:41:15+00:00","dateModified":"2023-05-23T16:46:57+00:00","description":"MERCATO FOOTBALL - Manchester United active plusieurs pistes, Cristiano Ronaldo voudrait revenir en Europe : les infos transferts de ce mardi 23 mai 2023.","breadcrumb":{"@id":"https:\/\/dicodusport.fr\/blog\/mercato-football-neymar-cristiano-ronaldo-enzo-le-fee-les-infos-du-mardi-23-mai-2023\/#breadcrumb"},"inLanguage":"fr-FR","potentialAction":[{"@type":"ReadAction","target":["https:\/\/dicodusport.fr\/blog\/mercato-football-neymar-cristiano-ronaldo-enzo-le-fee-les-infos-du-mardi-23-mai-2023\/"]}]},{"@type":"ImageObject","inLanguage":"fr-FR","@id":"https:\/\/dicodusport.fr\/blog\/mercato-football-neymar-cristiano-ronaldo-enzo-le-fee-les-infos-du-mardi-23-mai-2023\/#primaryimage","url":"https:\/\/dicodusport.fr\/blog\/wp-content\/uploads\/2023\/05\/Mercato-Football-Neymar-Cristiano-Ronaldo-Enzo-Le-Fee-les-infos-du-mardi-23-mai-2023.png","contentUrl":"https:\/\/dicodusport.fr\/blog\/wp-content\/uploads\/2023\/05\/Mercato-Football-Neymar-Cristiano-Ronaldo-Enzo-Le-Fee-les-infos-du-mardi-23-mai-2023.png","width":800,"height":445},{"@type":"BreadcrumbList","@id":"https:\/\/dicodusport.fr\/blog\/mercato-football-neymar-cristiano-ronaldo-enzo-le-fee-les-infos-du-mardi-23-mai-2023\/#breadcrumb","itemListElement":[{"@type":"ListItem","position":1,"name":"Accueil","item":"https:\/\/dicodusport.fr\/blog\/"},{"@type":"ListItem","position":2,"name":"Mercato Football : Neymar, Cristiano Ronaldo, Enzo Le F\u00e9e, les infos du mardi 23 mai 2023"}]},{"@type":"WebSite","@id":"https:\/\/dicodusport.fr\/blog\/#website","url":"https:\/\/dicodusport.fr\/blog\/","name":"Dicodusport","description":"L&#039;encyclop\u00e9die de l&#039;actualit\u00e9 sportive","publisher":{"@id":"https:\/\/dicodusport.fr\/blog\/#organization"},"potentialAction":[{"@type":"SearchAction","target":{"@type":"EntryPoint","urlTemplate":"https:\/\/dicodusport.fr\/blog\/?s={search_term_string}"},"query-input":{"@type":"PropertyValueSpecification","valueRequired":true,"valueName":"search_term_string"}}],"inLanguage":"fr-FR"},{"@type":"NewsMediaOrganization","@id":"https:\/\/dicodusport.fr\/blog\/#organization","name":"Dicodusport","url":"https:\/\/dicodusport.fr\/blog\/","logo":{"@type":"ImageObject","inLanguage":"fr-FR","@id":"https:\/\/dicodusport.fr\/blog\/#\/schema\/logo\/image\/","url":"https:\/\/dicodusport.fr\/blog\/wp-content\/uploads\/2020\/06\/cropped-LOGO-DICODUSPORT-2020-SANS-FOND-SANS-TEXTE.png","contentUrl":"https:\/\/dicodusport.fr\/blog\/wp-content\/uploads\/2020\/06\/cropped-LOGO-DICODUSPORT-2020-SANS-FOND-SANS-TEXTE.png","width":512,"height":512,"caption":"Dicodusport"},"image":{"@id":"https:\/\/dicodusport.fr\/blog\/#\/schema\/logo\/image\/"},"sameAs":["https:\/\/www.facebook.com\/dicodusport","https:\/\/x.com\/dicodusport","https:\/\/www.instagram.com\/dicodusport\/","https:\/\/www.youtube.com\/channel\/UC7V2KZ5sd3htJivAbA4ZG3w"],"description":"Dicodusport est l'encyclop\u00e9die de l'actualit\u00e9 sportive.","email":"bonjour@dicodusport.fr","legalName":"DICODUSPORT","foundingDate":"2018-01-14","vatID":"FR71834470973","taxID":"83447097300043","numberOfEmployees":{"@type":"QuantitativeValue","minValue":"1","maxValue":"10"}},{"@type":"Person","@id":"https:\/\/dicodusport.fr\/blog\/#\/schema\/person\/55dcb50ad410894e431ed812bbb70191","name":"Nicolas Jacquemard","image":{"@type":"ImageObject","inLanguage":"fr-FR","@id":"https:\/\/dicodusport.fr\/blog\/#\/schema\/person\/image\/","url":"https:\/\/dicodusport.fr\/blog\/wp-content\/uploads\/2021\/05\/Nicolas-Jacquemard-150x150.jpeg","contentUrl":"https:\/\/dicodusport.fr\/blog\/wp-content\/uploads\/2021\/05\/Nicolas-Jacquemard-150x150.jpeg","caption":"Nicolas Jacquemard"},"description":"Passionn\u00e9 de sport et entrepreneur depuis mes 18 ans, la cr\u00e9ation de Dicodusport m'a sembl\u00e9 \u00e9vidente pour participer \u00e0 la m\u00e9diatisation d'un plus grand nombre de sports. Le chemin est long mais avec une \u00e9quipe des plus motiv\u00e9es et les Jeux Olympiques de Paris 2024 en point de mire, nous y arriverons ! Journaliste dans le monde du sport depuis plus de 5 ans, je traite aussi bien de football, de rugby, de biathlon que de cyclisme.","sameAs":["https:\/\/www.facebook.com\/dicodusport","https:\/\/x.com\/https:\/\/twitter.com\/Nico_Jacquemard"],"url":"https:\/\/dicodusport.fr\/blog\/author\/dicodusport\/"}]}},"_links":{"self":[{"href":"https:\/\/dicodusport.fr\/blog\/wp-json\/wp\/v2\/posts\/384715","targetHints":{"allow":["GET"]}}],"collection":[{"href":"https:\/\/dicodusport.fr\/blog\/wp-json\/wp\/v2\/posts"}],"about":[{"href":"https:\/\/dicodusport.fr\/blog\/wp-json\/wp\/v2\/types\/post"}],"author":[{"embeddable":true,"href":"https:\/\/dicodusport.fr\/blog\/wp-json\/wp\/v2\/users\/1"}],"replies":[{"embeddable":true,"href":"https:\/\/dicodusport.fr\/blog\/wp-json\/wp\/v2\/comments?post=384715"}],"version-history":[{"count":0,"href":"https:\/\/dicodusport.fr\/blog\/wp-json\/wp\/v2\/posts\/384715\/revisions"}],"wp:featuredmedia":[{"embeddable":true,"href":"https:\/\/dicodusport.fr\/blog\/wp-json\/wp\/v2\/media\/384720"}],"wp:attachment":[{"href":"https:\/\/dicodusport.fr\/blog\/wp-json\/wp\/v2\/media?parent=384715"}],"wp:term":[{"taxonomy":"category","embeddable":true,"href":"https:\/\/dicodusport.fr\/blog\/wp-json\/wp\/v2\/categories?post=384715"},{"taxonomy":"post_tag","embeddable":true,"href":"https:\/\/dicodusport.fr\/blog\/wp-json\/wp\/v2\/tags?post=384715"}],"curies":[{"name":"wp","href":"https:\/\/api.w.org\/{rel}","templated":true}]}}