{"id":3852,"date":"2017-08-07T23:01:06","date_gmt":"2017-08-07T22:01:06","guid":{"rendered":"http:\/\/dicodusport.fr\/blog\/?p=3852"},"modified":"2021-04-13T23:18:52","modified_gmt":"2021-04-13T21:18:52","slug":"coulisses-de-ligue-1-neymar-dans-toutes-les-tetes","status":"publish","type":"post","link":"https:\/\/dicodusport.fr\/blog\/coulisses-de-ligue-1-neymar-dans-toutes-les-tetes\/","title":{"rendered":"Les coulisses de la Ligue 1 #1 : Neymar dans toutes les t\u00eates"},"content":{"rendered":"<p style=\"text-align: justify;\"><strong><span style=\"color: #000000;\"><em>Apr\u00e8s chaque journ\u00e9e de championnat retrouvez sur votre blog <span style=\"color: #0000ff;\"><a style=\"color: #0000ff;\" href=\"http:\/\/dicodusport.fr\" target=\"_blank\" rel=\"noopener noreferrer\">dicodusport<\/a><\/span>, \u00ab\u00a0les coulisses de la Ligue 1\u00a0\u00bb. Infos, d\u00e9clarations, tweets ou encore vid\u00e9os marquantes, vous ne raterez rien des dessous de la Ligue 1 ! Dans le premier \u00e9pisode, l&rsquo;arriv\u00e9e de Neymar est dans toutes les t\u00eates.<\/em><\/span><\/strong><\/p>\n<p style=\"text-align: justify;\"><span style=\"font-size: 14pt;\"><strong><span style=\"color: #000000;\">\u2022 LES INFOS DE LA SEMAINE<\/span><\/strong><\/span><\/p>\n<p style=\"text-align: justify;\"><strong><span style=\"color: #000000;\">Et si on r\u00e9capitulait le mercato\u00a0?<\/span><\/strong><\/p>\n<p style=\"text-align: justify;\"><span style=\"color: #000000;\">Comment parler du mercato sans parler de l&rsquo;arriv\u00e9e de <strong>Neymar<\/strong> au PSG. Apr\u00e8s des semaines de rumeurs, \u00e7a y est, la star br\u00e9silienne est enfin arriv\u00e9e a Paris. Le lat\u00e9ral droit <strong>Dani Alves<\/strong> a aussi fait son apparition dans l&rsquo;effectif parisien avec <strong>Yuri Berchiche<\/strong> et <strong>Jes\u00e9<\/strong> de retour de pr\u00eat.<\/span><br \/>\n<span style=\"color: #000000;\"> C\u00f4t\u00e9 angevin, on a du se s\u00e9parer de <strong>N&rsquo;Doye<\/strong>, <strong>Cissokho<\/strong> et <strong>Diedhiou<\/strong> mais on peut noter les arriv\u00e9es de <strong>Coulibaly<\/strong> et <strong>Crivelli<\/strong>, en provenance de Bordeaux, entre autres.<\/span><br \/>\n<span style=\"color: #000000;\"> Les Bordelais, qui ont aussi perdus le jeune <strong>Ounas<\/strong> et <strong>Pallois<\/strong>, sont ravi d&rsquo;acceuillir <strong>Costil<\/strong> dans les buts pour remplacer <strong>C\u00e9dric Carasso<\/strong>. <strong>Jovanovic<\/strong>, <strong>Sabaly,<\/strong>\u00a0<strong>Alexandre<\/strong>\u00a0<strong>Mendy<\/strong>\u00a0et <strong>Otavio\u00a0<\/strong>sont d\u00e9sormais aussi Bordelais.<\/span><br \/>\n<span style=\"color: #000000;\"> Les Caennais eux ont laiss\u00e9 partir <strong>Nicolas Seube<\/strong> et <strong>Ben Youssef<\/strong> mais ils notent les arriv\u00e9es de <strong>Djiku<\/strong>, <strong>M&rsquo;bengue<\/strong> et <strong>Guilbert<\/strong>.<\/span><br \/>\n<span style=\"color: #000000;\"><strong> Diony<\/strong> et <strong>Less Melou<\/strong> quittent Dijon pour signer respectivement \u00e0 Saint-\u00c9tienne et Nice. Dijon qui va combler ces d\u00e9parts avec les arriv\u00e9es de <strong>Jeannot<\/strong>, <strong>W.Sa\u00efd<\/strong> et <strong>Yamber\u00e9<\/strong> notamment.<\/span><br \/>\n<span style=\"color: #000000;\"> A Lyon on a pu voir beaucoup de d\u00e9parts\u00a0:<strong> Lacazette<\/strong>, <strong>Tolisso<\/strong>, <strong>Valbuena<\/strong> et <strong>Gonalons<\/strong>, bien combl\u00e9s par les arriv\u00e9es de <strong>Marcelo<\/strong>, <strong>Mar\u00e7al<\/strong>, <strong>Traor\u00e9<\/strong>\u00a0et <strong>Mariano Diaz<\/strong>.<\/span><br \/>\n<span style=\"color: #000000;\"> A Strasbourg l&rsquo;attaquant <strong>Boutaib<\/strong> est parti pour laisser place \u00e0\u00a0<strong>Saadi<\/strong> ainsi que <strong>Corgnet<\/strong> et <strong>Jonas Martin<\/strong>.<\/span><br \/>\n<span style=\"color: #000000;\"> C\u00f4t\u00e9 Nicois, les d\u00e9parts de <strong>Belhanda<\/strong> et <strong>Baysse<\/strong> laissent place aux arriv\u00e9es de<strong> Jallet<\/strong> et tout r\u00e9cemment <strong>Sneijder<\/strong>.<\/span><br \/>\n<span style=\"color: #000000;\"> Le mercato marseillais a \u00e9t\u00e9 tr\u00e8s anim\u00e9 avec notament les d\u00e9parts de <strong>Gomis<\/strong> et <strong>Vainqueur<\/strong> qu&rsquo;il a fallu remplacer. C&rsquo;est chose faite avec les arriv\u00e9es de <strong>Germain<\/strong> et <strong>Luis Gustavo<\/strong> et le retour de pr\u00eat de <strong>Lucas Ocampos<\/strong>. Ils ont\u00a0aussi renforc\u00e9 la d\u00e9fense avec l&rsquo;arriv\u00e9e de <strong>Adil Rami<\/strong> et le retour au v\u00e9lodrome de <strong>Mandanda<\/strong>.<\/span><br \/>\n<span style=\"color: #000000;\"> L&rsquo;ASSE a perdu beaucoup de forces en ce mercato avec les d\u00e9parts de <strong>Malcuit<\/strong>, <strong>Saivet<\/strong>, <strong>Veretout<\/strong>, <strong>Corgnet<\/strong>, <strong>Lemoine<\/strong>, <strong>Nolan Roux<\/strong> et <strong>Polomat<\/strong>. Elle a acceuilli <strong>Assane Diouss\u00e9<\/strong> sous ses couleurs.<\/span><br \/>\n<span style=\"color: #000000;\"><strong>Braithwaite<\/strong> a quitt\u00e9 le TFC tout comme <strong>Oscar Trejo<\/strong>. Toulouse qui note l&rsquo;arriv\u00e9e de <strong>Machach<\/strong>, <strong>Corentin Jean<\/strong> et <strong>Yannick Cahuzac<\/strong>.<\/span><br \/>\n<span style=\"color: #000000;\"> Rennes note les d\u00e9parts de <strong>Sylvain Armand<\/strong> et <strong>Diakhaby<\/strong> et les arriv\u00e9es de <strong>Sarr<\/strong> et <strong>Mouassa<\/strong> par exemple.<\/span><br \/>\n<span style=\"color: #000000;\"><strong> Pallois<\/strong> devient nantais tandis que <strong>Harit<\/strong> et <strong>Riou<\/strong> quittent les canaris.<\/span><br \/>\n<span style=\"color: #000000;\"> Montpellier accueille <strong>Giovanni Sio<\/strong>, <strong>Mendes<\/strong>, <strong>B\u00e9rigaud<\/strong> et <strong>Lecompte<\/strong> et se s\u00e9pare de <strong>Jourdren<\/strong> et <strong>Mouni\u00e9<\/strong> entre autres.<\/span><br \/>\n<span style=\"color: #000000;\"> Enfin, Monaco, champion l&rsquo;ann\u00e9e derniere, accuse le coup. Beaucoup de joueurs majeurs sont partis\u00a0: <strong>Benjamin Mendy<\/strong>, <strong>Germain<\/strong>, <strong>Bakayoko<\/strong>, <strong>Dirar<\/strong> et <strong>Bernardo<\/strong> <strong>Silva<\/strong>. D&rsquo;autres sont arriv\u00e9s\u00a0: <strong>Tielemans<\/strong>, <strong>A.Saint Maximin\u00a0<\/strong>(en partance pour Nice), <strong>Rony<\/strong> <strong>Lopes<\/strong>, et <strong>Diakhaby<\/strong>.<\/span><\/p>\n<p style=\"text-align: justify;\"><strong><span style=\"color: #000000;\">Nos clubs Fran\u00e7ais en coupe d&rsquo;Europe \u00e7a donne quoi\u00a0?<\/span><\/strong><\/p>\n<p style=\"text-align: justify;\"><span style=\"color: #000000;\">En Ligue des Champions, Nice, qui s&rsquo;est qualifi\u00e9 face \u00e0 l&rsquo;Ajax Amsterdam, retrouvera Naples en barrages (match aller le 15 ao\u00fbt).<\/span><br \/>\n<span style=\"color: #000000;\"> En Europa League, Bordeaux quitte la comp\u00e9tition pr\u00e9matur\u00e9ment avec son \u00e9limination contre le club hongrois de Videoton, tandis que Marseille assure sa qualification pour les Play-Off en \u00e9liminant le club belge d&rsquo;Ostende. Les marseillais rencontreront le club slov\u00e8ne du NK Domzale (match aller le 17 aout).<\/span><\/p>\n<p style=\"text-align: justify;\"><span style=\"font-size: 14pt;\"><strong><span style=\"color: #000000;\">\u2022 LES POSTS\u00a0DE LA SEMAINE<\/span><\/strong><\/span><\/p>\n<p style=\"text-align: justify;\"><span style=\"color: #000000;\">Memphis Depay met Neymar au d\u00e9fi sur Instagram\u00a0: <\/span><\/p>\n<p style=\"text-align: justify;\"><span style=\"color: #000000;\"><em>\u201cJ\u2019ai h\u00e2te de voir qui va marquer le plus de coups francs cette saison.\u00a0<\/em><em>Je suis d\u00e9finitivement pr\u00eat pour ce challenge\u201d<\/em>.<\/span><\/p>\n<blockquote class=\"instagram-media\" style=\"background: #FFF; border: 0; border-radius: 3px; box-shadow: 0 0 1px 0 rgba(0,0,0,0.5),0 1px 10px 0 rgba(0,0,0,0.15); margin: 1px; max-width: 400px; padding: 0; width: calc(100% - 2px);\" data-instgrm-captioned=\"\" data-instgrm-version=\"7\">\n<div style=\"padding: 8px;\">\n<div style=\"background: #F8F8F8; line-height: 0; margin-top: 40px; padding: 50.0% 0; text-align: center; width: 100%;\"><span style=\"color: #000000;\">\u00a0<\/span><\/div>\n<p style=\"margin: 8px 0 0 0; padding: 0 4px;\"><span style=\"color: #000000; font-size: 14px;\"><a style=\"color: #000; font-family: Arial,sans-serif; font-size: 14px; font-style: normal; font-weight: normal; line-height: 17px; text-decoration: none; word-wrap: break-word;\" href=\"https:\/\/www.instagram.com\/p\/BXXPeHVlESf\/\" target=\"_blank\" rel=\"noopener noreferrer\">Hey @NeymarJR, welcome to @Ligue1conforama! I look forward to see who nets the most free kicks this season \u2013 I\u2019m most definitely up for the challenge.<\/a><\/span><\/p>\n<p style=\"color: #c9c8cd; font-family: Arial,sans-serif; font-size: 14px; line-height: 17px; margin-bottom: 0; margin-top: 8px; overflow: hidden; padding: 8px 0 7px; text-align: center; text-overflow: ellipsis; white-space: nowrap;\"><span style=\"color: #000000;\">Une publication partag\u00e9e par Memphis Depay (@memphisdepay) le <time style=\"font-family: Arial,sans-serif; font-size: 14px; line-height: 17px;\" datetime=\"2017-08-04T07:16:02+00:00\">4 Ao\u00fbt 2017 \u00e0 0h16 PDT<\/time><\/span><\/p>\n<\/div>\n<\/blockquote>\n<p><script async defer src=\"\/\/platform.instagram.com\/en_US\/embeds.js\"><\/script><\/p>\n<p><span style=\"color: #000000;\">L&rsquo;arriv\u00e9e de Neymar a inspir\u00e9 le CM de l&rsquo;En Avant de Guingamp.<\/span><\/p>\n<blockquote class=\"twitter-tweet\" data-lang=\"fr\">\n<p dir=\"ltr\" lang=\"fr\"><span style=\"color: #000000;\">&#x1f631; \u00ab\u00a0&#8211; <a style=\"color: #000000;\" href=\"https:\/\/twitter.com\/neymarjr\">@neymarjr<\/a> pourrait jouer son premier match en Ligue 1 au Stade de Roudourou\u00a0\u00bb <a style=\"color: #000000;\" href=\"https:\/\/t.co\/hONWrNJVpc\">pic.twitter.com\/hONWrNJVpc<\/a><\/span><\/p>\n<p><span style=\"color: #000000;\">\u2014 En Avant de Guingamp (@EAGuingamp) <a style=\"color: #000000;\" href=\"https:\/\/twitter.com\/EAGuingamp\/status\/892678914706898944\">2 ao\u00fbt 2017<\/a><\/span><\/p><\/blockquote>\n<p><script async src=\"\/\/platform.twitter.com\/widgets.js\" charset=\"utf-8\"><\/script><\/p>\n<p><span style=\"color: #000000;\">Vous \u00eates plut\u00f4t football anglais ou Ligue 1 ? Sur twitter la question se pose.<\/span><\/p>\n<blockquote class=\"twitter-tweet\" data-lang=\"fr\">\n<p dir=\"ltr\" lang=\"fr\"><span style=\"color: #000000;\">Je suis r\u00e9ellement en train d\u2019h\u00e9siter entre matter Arsenal &#8211; Chelsea ou Lille &#8211; Nantes.<\/span><\/p>\n<p><span style=\"color: #000000;\">C\u2019est l\u00e0 que tu vois que la Ligue 1 a pass\u00e9 un cap<\/span><\/p>\n<p><span style=\"color: #000000;\">\u2014 Julien Choquet (@JulienChoquet) <a style=\"color: #000000;\" href=\"https:\/\/twitter.com\/JulienChoquet\/status\/894157225102639105\">6 ao\u00fbt 2017<\/a><\/span><\/p><\/blockquote>\n<p><script async src=\"\/\/platform.twitter.com\/widgets.js\" charset=\"utf-8\"><\/script><\/p>\n<p><span style=\"color: #000000; font-size: 14pt;\"><strong>\u2022 LES DECLARATIONS DE LA SEMAINE<\/strong><\/span><\/p>\n<p style=\"text-align: justify;\"><span style=\"color: #000000;\">Certains r\u00e9agissent \u00e0 l&rsquo;arriv\u00e9e de Neymar au PSG\u00a0:<\/span><br \/>\n<span style=\"color: #000000;\"> Bruno G\u00e9n\u00e9sio : \u00ab\u00a0Pour le championnat fran\u00e7ais c&rsquo;est extraordinaire d&rsquo;avoir un joueur comme Neymar\u00a0\u00bb<\/span><br \/>\n<span style=\"color: #000000;\"> Daniel Riolo : \u00ab\u00a0Neymar est la plus grande recrue de l&rsquo;histoire du football fran\u00e7ais\u00a0\u00bb<\/span><br \/>\n<span style=\"color: #000000;\"> Antoine Kombouar\u00e9 : \u00ab C&rsquo;est une chance pour la ligue 1\u00a0\u00bb<\/span><\/p>\n<p style=\"text-align: justify;\"><span style=\"color: #000000;\">De son c\u00f4t\u00e9, Florian Thauvin affiche les ambitions Olympiennes\u00a0: \u00ab\u00a0On fera le maximum pour \u00eatre plus fort que la saison derni\u00e8re et r\u00e9aliser une meilleure saison\u00a0\u00bb.<\/span><\/p>\n<p style=\"text-align: justify;\"><span style=\"color: #000000;\">Au niveau mercato\u00a0:<\/span><br \/>\n<span style=\"color: #000000;\"> Jardim juge celui de l&rsquo;OM : \u00ab\u00a0Marseille s&rsquo;est beaucoup renforc\u00e9\u00a0\u00bb<\/span><br \/>\n<span style=\"color: #000000;\"> Dupraz chambre\u00a0: \u00ab\u00a0L&rsquo;int\u00e9gration de Yannick Cahuzac se passe bien. Il n&rsquo;a toujours pas pris de cartons rouges.\u00a0\u00bb<\/span><\/p>\n<p><span style=\"color: #000000; font-size: 14pt;\"><strong>\u2022 LA VID\u00c9O DE LA SEMAINE<\/strong><\/span><\/p>\n<p><span class=\"9XCk2ySKHAdB5aG07UFEbctQOfo1vwzhrYRJTpmNsxuqM36L4IgiPDZjnWe8l\"><iframe loading=\"lazy\" title=\"Neymar d\u00e9couvre Paris et le Parc des Princes : 1\u00e8re journ\u00e9e de Ligue 1 Conforama \/ 2017-18\" width=\"740\" height=\"416\" src=\"https:\/\/www.youtube.com\/embed\/CtkmzbKMthw?feature=oembed\" frameborder=\"0\" allow=\"accelerometer; autoplay; clipboard-write; encrypted-media; gyroscope; picture-in-picture; web-share\" allowfullscreen><\/iframe><\/span><\/p>\n<p style=\"text-align: justify;\"><span style=\"font-size: 14pt;\"><strong><span style=\"color: #000000;\">\u2022 LA SURPRISE DE LA SEMAINE<\/span><\/strong><\/span><\/p>\n<p style=\"text-align: justify;\"><span style=\"color: #000000;\">Saint-Etienne s&rsquo;est impos\u00e9 sur sa pelouse face \u00e0 Nice (1-0) lors de cette 1\u00e8re journ\u00e9e de Ligue 1. Ce n&rsquo;\u00e9tait plus arriv\u00e9 que l&rsquo;ASSE remporte une premi\u00e8re journ\u00e9e de championnat depuis la saison 1991-1992 et une victoire 3-1 face \u00e0 Toulon\u00a0!<\/span><\/p>\n<p style=\"text-align: justify;\"><span style=\"font-size: 14pt;\"><strong><span style=\"color: #000000;\">\u2022 LE JOUEUR DE LA SEMAINE<\/span><\/strong><\/span><\/p>\n<div id=\"attachment_3855\" style=\"width: 990px\" class=\"wp-caption alignnone\"><img loading=\"lazy\" decoding=\"async\" aria-describedby=\"caption-attachment-3855\" class=\"wp-image-3855 size-full\" src=\"http:\/\/dicodusport.fr\/blog\/wp-content\/uploads\/2017\/08\/Mariano-Diaz-contre-Strasbourg.jpg\" alt=\"Mariano Diaz contre Strasbourg\" width=\"980\" height=\"490\" srcset=\"https:\/\/dicodusport.fr\/blog\/wp-content\/uploads\/2017\/08\/Mariano-Diaz-contre-Strasbourg.jpg 980w, https:\/\/dicodusport.fr\/blog\/wp-content\/uploads\/2017\/08\/Mariano-Diaz-contre-Strasbourg-300x150.jpg 300w, https:\/\/dicodusport.fr\/blog\/wp-content\/uploads\/2017\/08\/Mariano-Diaz-contre-Strasbourg-768x384.jpg 768w\" sizes=\"auto, (max-width: 980px) 100vw, 980px\" \/><p id=\"caption-attachment-3855\" class=\"wp-caption-text\"><span style=\"font-size: 10pt; color: #000000;\">Le nouvel avant-centre lyonnais Mariano Diaz, auteur d&rsquo;un doubl\u00e9 (AFP &#8211; PHILIPPE DESMAZES)<\/span><\/p><\/div>\n<p style=\"text-align: justify;\"><span style=\"color: #000000;\">La recrue en attaque de l&rsquo;Olympique Lyonnais, Mariano Diaz, a brill\u00e9 en cette 1\u00e8re journ\u00e9e. L\u2019ancien madril\u00e8ne a inscrit un doubl\u00e9 au parc OL contre le promu strasbourgeois (score final 4-0). Il a\u00a0montr\u00e9 toute l&rsquo;\u00e9tendue de son talent d&rsquo;abord en d\u00e9cochant une frappe lourde du pied droit\u00a0de l\u2019ext\u00e9rieur de la surface de r\u00e9paration, imparable pour le gardien adverse. Ensuite en profitant d&rsquo;un contre favorable, le nouvel attaquant lyonnais a fait parler sa puissance et sa vitesse pour venir tromper le gardien en un contre un.<\/span><\/p>\n<p style=\"text-align: justify;\"><em><span style=\"color: #000000;\"><strong>Margaux Bongrand<\/strong><\/span><br \/>\n<\/em><a href=\"https:\/\/twitter.com\/marg_om_\" target=\"_blank\" rel=\"noopener noreferrer\"><img loading=\"lazy\" decoding=\"async\" class=\"alignnone wp-image-2908\" src=\"http:\/\/dicodusport.fr\/blog\/wp-content\/uploads\/2017\/07\/logo-twitter-150x150.png\" alt=\"\" width=\"39\" height=\"39\" \/><\/a><\/p>\n<p style=\"text-align: center;\"><a href=\"http:\/\/dicodusport.fr\" target=\"_blank\" rel=\"noopener noreferrer\"><img loading=\"lazy\" decoding=\"async\" class=\"wp-image-1000 alignnone\" src=\"http:\/\/dicodusport.fr\/blog\/wp-content\/uploads\/2017\/01\/cropped-logo-dicodusport-sans-fond-1-300x300.png\" alt=\"\" width=\"110\" height=\"110\" srcset=\"https:\/\/dicodusport.fr\/blog\/wp-content\/uploads\/2017\/01\/cropped-logo-dicodusport-sans-fond-1-300x300.png 300w, https:\/\/dicodusport.fr\/blog\/wp-content\/uploads\/2017\/01\/cropped-logo-dicodusport-sans-fond-1-150x150.png 150w, https:\/\/dicodusport.fr\/blog\/wp-content\/uploads\/2017\/01\/cropped-logo-dicodusport-sans-fond-1-270x270.png 270w, https:\/\/dicodusport.fr\/blog\/wp-content\/uploads\/2017\/01\/cropped-logo-dicodusport-sans-fond-1-192x192.png 192w, https:\/\/dicodusport.fr\/blog\/wp-content\/uploads\/2017\/01\/cropped-logo-dicodusport-sans-fond-1-180x180.png 180w, https:\/\/dicodusport.fr\/blog\/wp-content\/uploads\/2017\/01\/cropped-logo-dicodusport-sans-fond-1-32x32.png 32w, https:\/\/dicodusport.fr\/blog\/wp-content\/uploads\/2017\/01\/cropped-logo-dicodusport-sans-fond-1.png 512w\" sizes=\"auto, (max-width: 110px) 100vw, 110px\" \/><\/a><\/p>\n","protected":false},"excerpt":{"rendered":"<p>Apr\u00e8s chaque journ\u00e9e de championnat retrouvez sur votre blog dicodusport, \u00ab\u00a0les coulisses de la Ligue 1\u00a0\u00bb. Infos, d\u00e9clarations, tweets ou encore vid\u00e9os marquantes, vous ne raterez rien des dessous de la Ligue 1 ! Dans le premier \u00e9pisode, l&rsquo;arriv\u00e9e de Neymar est dans toutes les t\u00eates. \u2022 LES INFOS DE LA SEMAINE Et si on [&hellip;]<\/p>\n","protected":false},"author":1,"featured_media":3873,"comment_status":"open","ping_status":"closed","sticky":false,"template":"","format":"standard","meta":{"_acf_changed":false,"_daextam_enable_autolinks":"","footnotes":""},"categories":[2,2301],"tags":[1206,75,1557,1554,449,1555,1494,910],"class_list":["post-3852","post","type-post","status-publish","format-standard","has-post-thumbnail","hentry","category-actualites","category-football","tag-asse","tag-football","tag-les-coulisses-de-la-ligue-1","tag-ligue-1","tag-lyon","tag-mercato","tag-neymar","tag-psg"],"acf":[],"yoast_head":"<!-- This site is optimized with the Yoast SEO Premium plugin v26.7 (Yoast SEO v26.7) - https:\/\/yoast.com\/wordpress\/plugins\/seo\/ -->\n<title>Les coulisses de la Ligue 1 #1 : Neymar dans toutes les t\u00eates<\/title>\n<meta name=\"description\" content=\"Apr\u00e8s chaque journ\u00e9e de L1 retrouvez sur votre blog dicodusport, &quot;les coulisses de la Ligue 1&quot;. Infos, d\u00e9clarations, tweets ou encore vid\u00e9os marquantes.\" \/>\n<meta name=\"robots\" content=\"index, follow, max-snippet:-1, max-image-preview:large, max-video-preview:-1\" \/>\n<link rel=\"canonical\" href=\"https:\/\/dicodusport.fr\/blog\/coulisses-de-ligue-1-neymar-dans-toutes-les-tetes\/\" \/>\n<meta property=\"og:locale\" content=\"fr_FR\" \/>\n<meta property=\"og:type\" content=\"article\" \/>\n<meta property=\"og:title\" content=\"Les coulisses de la Ligue 1 #1 : Neymar dans toutes les t\u00eates\" \/>\n<meta property=\"og:description\" content=\"Apr\u00e8s chaque journ\u00e9e de L1 retrouvez sur votre blog dicodusport, &quot;les coulisses de la Ligue 1&quot;. Infos, d\u00e9clarations, tweets ou encore vid\u00e9os marquantes.\" \/>\n<meta property=\"og:url\" content=\"https:\/\/dicodusport.fr\/blog\/coulisses-de-ligue-1-neymar-dans-toutes-les-tetes\/\" \/>\n<meta property=\"og:site_name\" content=\"Dicodusport\" \/>\n<meta property=\"article:publisher\" content=\"https:\/\/www.facebook.com\/dicodusport\" \/>\n<meta property=\"article:author\" content=\"https:\/\/www.facebook.com\/dicodusport\" \/>\n<meta property=\"article:published_time\" content=\"2017-08-07T22:01:06+00:00\" \/>\n<meta property=\"article:modified_time\" content=\"2021-04-13T21:18:52+00:00\" \/>\n<meta property=\"og:image\" content=\"https:\/\/dicodusport.fr\/blog\/wp-content\/uploads\/2017\/08\/Neymar-dans-toutes-les-t\u00eates.png\" \/>\n\t<meta property=\"og:image:width\" content=\"1060\" \/>\n\t<meta property=\"og:image:height\" content=\"589\" \/>\n\t<meta property=\"og:image:type\" content=\"image\/png\" \/>\n<meta name=\"author\" content=\"Nicolas Jacquemard\" \/>\n<meta name=\"twitter:card\" content=\"summary_large_image\" \/>\n<meta name=\"twitter:creator\" content=\"@https:\/\/twitter.com\/Nico_Jacquemard\" \/>\n<meta name=\"twitter:site\" content=\"@dicodusport\" \/>\n<script type=\"application\/ld+json\" class=\"yoast-schema-graph\">{\"@context\":\"https:\/\/schema.org\",\"@graph\":[{\"@type\":\"NewsArticle\",\"@id\":\"https:\/\/dicodusport.fr\/blog\/coulisses-de-ligue-1-neymar-dans-toutes-les-tetes\/#article\",\"isPartOf\":{\"@id\":\"https:\/\/dicodusport.fr\/blog\/coulisses-de-ligue-1-neymar-dans-toutes-les-tetes\/\"},\"author\":{\"name\":\"Nicolas Jacquemard\",\"@id\":\"https:\/\/dicodusport.fr\/blog\/#\/schema\/person\/55dcb50ad410894e431ed812bbb70191\"},\"headline\":\"Les coulisses de la Ligue 1 #1 : Neymar dans toutes les t\u00eates\",\"datePublished\":\"2017-08-07T22:01:06+00:00\",\"dateModified\":\"2021-04-13T21:18:52+00:00\",\"mainEntityOfPage\":{\"@id\":\"https:\/\/dicodusport.fr\/blog\/coulisses-de-ligue-1-neymar-dans-toutes-les-tetes\/\"},\"wordCount\":1094,\"commentCount\":0,\"publisher\":{\"@id\":\"https:\/\/dicodusport.fr\/blog\/#organization\"},\"image\":{\"@id\":\"https:\/\/dicodusport.fr\/blog\/coulisses-de-ligue-1-neymar-dans-toutes-les-tetes\/#primaryimage\"},\"thumbnailUrl\":\"https:\/\/dicodusport.fr\/blog\/wp-content\/uploads\/2017\/08\/Neymar-dans-toutes-les-t\u00eates.png\",\"keywords\":[\"ASSE\",\"Football\",\"Les coulisses de la Ligue 1\",\"Ligue 1\",\"Lyon\",\"Mercato\",\"Neymar\",\"PSG\"],\"articleSection\":[\"Actualit\u00e9s\",\"Football\"],\"inLanguage\":\"fr-FR\",\"potentialAction\":[{\"@type\":\"CommentAction\",\"name\":\"Comment\",\"target\":[\"https:\/\/dicodusport.fr\/blog\/coulisses-de-ligue-1-neymar-dans-toutes-les-tetes\/#respond\"]}],\"copyrightYear\":\"2017\",\"copyrightHolder\":{\"@id\":\"https:\/\/dicodusport.fr\/blog\/#organization\"}},{\"@type\":\"WebPage\",\"@id\":\"https:\/\/dicodusport.fr\/blog\/coulisses-de-ligue-1-neymar-dans-toutes-les-tetes\/\",\"url\":\"https:\/\/dicodusport.fr\/blog\/coulisses-de-ligue-1-neymar-dans-toutes-les-tetes\/\",\"name\":\"Les coulisses de la Ligue 1 #1 : Neymar dans toutes les t\u00eates\",\"isPartOf\":{\"@id\":\"https:\/\/dicodusport.fr\/blog\/#website\"},\"primaryImageOfPage\":{\"@id\":\"https:\/\/dicodusport.fr\/blog\/coulisses-de-ligue-1-neymar-dans-toutes-les-tetes\/#primaryimage\"},\"image\":{\"@id\":\"https:\/\/dicodusport.fr\/blog\/coulisses-de-ligue-1-neymar-dans-toutes-les-tetes\/#primaryimage\"},\"thumbnailUrl\":\"https:\/\/dicodusport.fr\/blog\/wp-content\/uploads\/2017\/08\/Neymar-dans-toutes-les-t\u00eates.png\",\"datePublished\":\"2017-08-07T22:01:06+00:00\",\"dateModified\":\"2021-04-13T21:18:52+00:00\",\"description\":\"Apr\u00e8s chaque journ\u00e9e de L1 retrouvez sur votre blog dicodusport, \\\"les coulisses de la Ligue 1\\\". Infos, d\u00e9clarations, tweets ou encore vid\u00e9os marquantes.\",\"breadcrumb\":{\"@id\":\"https:\/\/dicodusport.fr\/blog\/coulisses-de-ligue-1-neymar-dans-toutes-les-tetes\/#breadcrumb\"},\"inLanguage\":\"fr-FR\",\"potentialAction\":[{\"@type\":\"ReadAction\",\"target\":[\"https:\/\/dicodusport.fr\/blog\/coulisses-de-ligue-1-neymar-dans-toutes-les-tetes\/\"]}]},{\"@type\":\"ImageObject\",\"inLanguage\":\"fr-FR\",\"@id\":\"https:\/\/dicodusport.fr\/blog\/coulisses-de-ligue-1-neymar-dans-toutes-les-tetes\/#primaryimage\",\"url\":\"https:\/\/dicodusport.fr\/blog\/wp-content\/uploads\/2017\/08\/Neymar-dans-toutes-les-t\u00eates.png\",\"contentUrl\":\"https:\/\/dicodusport.fr\/blog\/wp-content\/uploads\/2017\/08\/Neymar-dans-toutes-les-t\u00eates.png\",\"width\":1060,\"height\":589,\"caption\":\"Neymar dans toutes les t\u00eates\"},{\"@type\":\"BreadcrumbList\",\"@id\":\"https:\/\/dicodusport.fr\/blog\/coulisses-de-ligue-1-neymar-dans-toutes-les-tetes\/#breadcrumb\",\"itemListElement\":[{\"@type\":\"ListItem\",\"position\":1,\"name\":\"Accueil\",\"item\":\"https:\/\/dicodusport.fr\/blog\/\"},{\"@type\":\"ListItem\",\"position\":2,\"name\":\"Les coulisses de la Ligue 1 #1 : Neymar dans toutes les t\u00eates\"}]},{\"@type\":\"WebSite\",\"@id\":\"https:\/\/dicodusport.fr\/blog\/#website\",\"url\":\"https:\/\/dicodusport.fr\/blog\/\",\"name\":\"Dicodusport\",\"description\":\"L&#039;encyclop\u00e9die de l&#039;actualit\u00e9 sportive\",\"publisher\":{\"@id\":\"https:\/\/dicodusport.fr\/blog\/#organization\"},\"potentialAction\":[{\"@type\":\"SearchAction\",\"target\":{\"@type\":\"EntryPoint\",\"urlTemplate\":\"https:\/\/dicodusport.fr\/blog\/?s={search_term_string}\"},\"query-input\":{\"@type\":\"PropertyValueSpecification\",\"valueRequired\":true,\"valueName\":\"search_term_string\"}}],\"inLanguage\":\"fr-FR\"},{\"@type\":\"NewsMediaOrganization\",\"@id\":\"https:\/\/dicodusport.fr\/blog\/#organization\",\"name\":\"Dicodusport\",\"url\":\"https:\/\/dicodusport.fr\/blog\/\",\"logo\":{\"@type\":\"ImageObject\",\"inLanguage\":\"fr-FR\",\"@id\":\"https:\/\/dicodusport.fr\/blog\/#\/schema\/logo\/image\/\",\"url\":\"https:\/\/dicodusport.fr\/blog\/wp-content\/uploads\/2020\/06\/cropped-LOGO-DICODUSPORT-2020-SANS-FOND-SANS-TEXTE.png\",\"contentUrl\":\"https:\/\/dicodusport.fr\/blog\/wp-content\/uploads\/2020\/06\/cropped-LOGO-DICODUSPORT-2020-SANS-FOND-SANS-TEXTE.png\",\"width\":512,\"height\":512,\"caption\":\"Dicodusport\"},\"image\":{\"@id\":\"https:\/\/dicodusport.fr\/blog\/#\/schema\/logo\/image\/\"},\"sameAs\":[\"https:\/\/www.facebook.com\/dicodusport\",\"https:\/\/x.com\/dicodusport\",\"https:\/\/www.instagram.com\/dicodusport\/\",\"https:\/\/www.youtube.com\/channel\/UC7V2KZ5sd3htJivAbA4ZG3w\"],\"description\":\"Dicodusport est l'encyclop\u00e9die de l'actualit\u00e9 sportive.\",\"email\":\"bonjour@dicodusport.fr\",\"legalName\":\"DICODUSPORT\",\"foundingDate\":\"2018-01-14\",\"vatID\":\"FR71834470973\",\"taxID\":\"83447097300043\",\"numberOfEmployees\":{\"@type\":\"QuantitativeValue\",\"minValue\":\"1\",\"maxValue\":\"10\"}},{\"@type\":\"Person\",\"@id\":\"https:\/\/dicodusport.fr\/blog\/#\/schema\/person\/55dcb50ad410894e431ed812bbb70191\",\"name\":\"Nicolas Jacquemard\",\"image\":{\"@type\":\"ImageObject\",\"inLanguage\":\"fr-FR\",\"@id\":\"https:\/\/dicodusport.fr\/blog\/#\/schema\/person\/image\/\",\"url\":\"https:\/\/dicodusport.fr\/blog\/wp-content\/uploads\/2021\/05\/Nicolas-Jacquemard-150x150.jpeg\",\"contentUrl\":\"https:\/\/dicodusport.fr\/blog\/wp-content\/uploads\/2021\/05\/Nicolas-Jacquemard-150x150.jpeg\",\"caption\":\"Nicolas Jacquemard\"},\"description\":\"Passionn\u00e9 de sport et entrepreneur depuis mes 18 ans, la cr\u00e9ation de Dicodusport m'a sembl\u00e9 \u00e9vidente pour participer \u00e0 la m\u00e9diatisation d'un plus grand nombre de sports. Le chemin est long mais avec une \u00e9quipe des plus motiv\u00e9es et les Jeux Olympiques de Paris 2024 en point de mire, nous y arriverons ! Journaliste dans le monde du sport depuis plus de 5 ans, je traite aussi bien de football, de rugby, de biathlon que de cyclisme.\",\"sameAs\":[\"https:\/\/www.facebook.com\/dicodusport\",\"https:\/\/x.com\/https:\/\/twitter.com\/Nico_Jacquemard\"],\"url\":\"https:\/\/dicodusport.fr\/blog\/author\/dicodusport\/\"}]}<\/script>\n<!-- \/ Yoast SEO Premium plugin. -->","yoast_head_json":{"title":"Les coulisses de la Ligue 1 #1 : Neymar dans toutes les t\u00eates","description":"Apr\u00e8s chaque journ\u00e9e de L1 retrouvez sur votre blog dicodusport, \"les coulisses de la Ligue 1\". Infos, d\u00e9clarations, tweets ou encore vid\u00e9os marquantes.","robots":{"index":"index","follow":"follow","max-snippet":"max-snippet:-1","max-image-preview":"max-image-preview:large","max-video-preview":"max-video-preview:-1"},"canonical":"https:\/\/dicodusport.fr\/blog\/coulisses-de-ligue-1-neymar-dans-toutes-les-tetes\/","og_locale":"fr_FR","og_type":"article","og_title":"Les coulisses de la Ligue 1 #1 : Neymar dans toutes les t\u00eates","og_description":"Apr\u00e8s chaque journ\u00e9e de L1 retrouvez sur votre blog dicodusport, \"les coulisses de la Ligue 1\". Infos, d\u00e9clarations, tweets ou encore vid\u00e9os marquantes.","og_url":"https:\/\/dicodusport.fr\/blog\/coulisses-de-ligue-1-neymar-dans-toutes-les-tetes\/","og_site_name":"Dicodusport","article_publisher":"https:\/\/www.facebook.com\/dicodusport","article_author":"https:\/\/www.facebook.com\/dicodusport","article_published_time":"2017-08-07T22:01:06+00:00","article_modified_time":"2021-04-13T21:18:52+00:00","og_image":[{"width":1060,"height":589,"url":"https:\/\/dicodusport.fr\/blog\/wp-content\/uploads\/2017\/08\/Neymar-dans-toutes-les-t\u00eates.png","type":"image\/png"}],"author":"Nicolas Jacquemard","twitter_card":"summary_large_image","twitter_creator":"@https:\/\/twitter.com\/Nico_Jacquemard","twitter_site":"@dicodusport","schema":{"@context":"https:\/\/schema.org","@graph":[{"@type":"NewsArticle","@id":"https:\/\/dicodusport.fr\/blog\/coulisses-de-ligue-1-neymar-dans-toutes-les-tetes\/#article","isPartOf":{"@id":"https:\/\/dicodusport.fr\/blog\/coulisses-de-ligue-1-neymar-dans-toutes-les-tetes\/"},"author":{"name":"Nicolas Jacquemard","@id":"https:\/\/dicodusport.fr\/blog\/#\/schema\/person\/55dcb50ad410894e431ed812bbb70191"},"headline":"Les coulisses de la Ligue 1 #1 : Neymar dans toutes les t\u00eates","datePublished":"2017-08-07T22:01:06+00:00","dateModified":"2021-04-13T21:18:52+00:00","mainEntityOfPage":{"@id":"https:\/\/dicodusport.fr\/blog\/coulisses-de-ligue-1-neymar-dans-toutes-les-tetes\/"},"wordCount":1094,"commentCount":0,"publisher":{"@id":"https:\/\/dicodusport.fr\/blog\/#organization"},"image":{"@id":"https:\/\/dicodusport.fr\/blog\/coulisses-de-ligue-1-neymar-dans-toutes-les-tetes\/#primaryimage"},"thumbnailUrl":"https:\/\/dicodusport.fr\/blog\/wp-content\/uploads\/2017\/08\/Neymar-dans-toutes-les-t\u00eates.png","keywords":["ASSE","Football","Les coulisses de la Ligue 1","Ligue 1","Lyon","Mercato","Neymar","PSG"],"articleSection":["Actualit\u00e9s","Football"],"inLanguage":"fr-FR","potentialAction":[{"@type":"CommentAction","name":"Comment","target":["https:\/\/dicodusport.fr\/blog\/coulisses-de-ligue-1-neymar-dans-toutes-les-tetes\/#respond"]}],"copyrightYear":"2017","copyrightHolder":{"@id":"https:\/\/dicodusport.fr\/blog\/#organization"}},{"@type":"WebPage","@id":"https:\/\/dicodusport.fr\/blog\/coulisses-de-ligue-1-neymar-dans-toutes-les-tetes\/","url":"https:\/\/dicodusport.fr\/blog\/coulisses-de-ligue-1-neymar-dans-toutes-les-tetes\/","name":"Les coulisses de la Ligue 1 #1 : Neymar dans toutes les t\u00eates","isPartOf":{"@id":"https:\/\/dicodusport.fr\/blog\/#website"},"primaryImageOfPage":{"@id":"https:\/\/dicodusport.fr\/blog\/coulisses-de-ligue-1-neymar-dans-toutes-les-tetes\/#primaryimage"},"image":{"@id":"https:\/\/dicodusport.fr\/blog\/coulisses-de-ligue-1-neymar-dans-toutes-les-tetes\/#primaryimage"},"thumbnailUrl":"https:\/\/dicodusport.fr\/blog\/wp-content\/uploads\/2017\/08\/Neymar-dans-toutes-les-t\u00eates.png","datePublished":"2017-08-07T22:01:06+00:00","dateModified":"2021-04-13T21:18:52+00:00","description":"Apr\u00e8s chaque journ\u00e9e de L1 retrouvez sur votre blog dicodusport, \"les coulisses de la Ligue 1\". Infos, d\u00e9clarations, tweets ou encore vid\u00e9os marquantes.","breadcrumb":{"@id":"https:\/\/dicodusport.fr\/blog\/coulisses-de-ligue-1-neymar-dans-toutes-les-tetes\/#breadcrumb"},"inLanguage":"fr-FR","potentialAction":[{"@type":"ReadAction","target":["https:\/\/dicodusport.fr\/blog\/coulisses-de-ligue-1-neymar-dans-toutes-les-tetes\/"]}]},{"@type":"ImageObject","inLanguage":"fr-FR","@id":"https:\/\/dicodusport.fr\/blog\/coulisses-de-ligue-1-neymar-dans-toutes-les-tetes\/#primaryimage","url":"https:\/\/dicodusport.fr\/blog\/wp-content\/uploads\/2017\/08\/Neymar-dans-toutes-les-t\u00eates.png","contentUrl":"https:\/\/dicodusport.fr\/blog\/wp-content\/uploads\/2017\/08\/Neymar-dans-toutes-les-t\u00eates.png","width":1060,"height":589,"caption":"Neymar dans toutes les t\u00eates"},{"@type":"BreadcrumbList","@id":"https:\/\/dicodusport.fr\/blog\/coulisses-de-ligue-1-neymar-dans-toutes-les-tetes\/#breadcrumb","itemListElement":[{"@type":"ListItem","position":1,"name":"Accueil","item":"https:\/\/dicodusport.fr\/blog\/"},{"@type":"ListItem","position":2,"name":"Les coulisses de la Ligue 1 #1 : Neymar dans toutes les t\u00eates"}]},{"@type":"WebSite","@id":"https:\/\/dicodusport.fr\/blog\/#website","url":"https:\/\/dicodusport.fr\/blog\/","name":"Dicodusport","description":"L&#039;encyclop\u00e9die de l&#039;actualit\u00e9 sportive","publisher":{"@id":"https:\/\/dicodusport.fr\/blog\/#organization"},"potentialAction":[{"@type":"SearchAction","target":{"@type":"EntryPoint","urlTemplate":"https:\/\/dicodusport.fr\/blog\/?s={search_term_string}"},"query-input":{"@type":"PropertyValueSpecification","valueRequired":true,"valueName":"search_term_string"}}],"inLanguage":"fr-FR"},{"@type":"NewsMediaOrganization","@id":"https:\/\/dicodusport.fr\/blog\/#organization","name":"Dicodusport","url":"https:\/\/dicodusport.fr\/blog\/","logo":{"@type":"ImageObject","inLanguage":"fr-FR","@id":"https:\/\/dicodusport.fr\/blog\/#\/schema\/logo\/image\/","url":"https:\/\/dicodusport.fr\/blog\/wp-content\/uploads\/2020\/06\/cropped-LOGO-DICODUSPORT-2020-SANS-FOND-SANS-TEXTE.png","contentUrl":"https:\/\/dicodusport.fr\/blog\/wp-content\/uploads\/2020\/06\/cropped-LOGO-DICODUSPORT-2020-SANS-FOND-SANS-TEXTE.png","width":512,"height":512,"caption":"Dicodusport"},"image":{"@id":"https:\/\/dicodusport.fr\/blog\/#\/schema\/logo\/image\/"},"sameAs":["https:\/\/www.facebook.com\/dicodusport","https:\/\/x.com\/dicodusport","https:\/\/www.instagram.com\/dicodusport\/","https:\/\/www.youtube.com\/channel\/UC7V2KZ5sd3htJivAbA4ZG3w"],"description":"Dicodusport est l'encyclop\u00e9die de l'actualit\u00e9 sportive.","email":"bonjour@dicodusport.fr","legalName":"DICODUSPORT","foundingDate":"2018-01-14","vatID":"FR71834470973","taxID":"83447097300043","numberOfEmployees":{"@type":"QuantitativeValue","minValue":"1","maxValue":"10"}},{"@type":"Person","@id":"https:\/\/dicodusport.fr\/blog\/#\/schema\/person\/55dcb50ad410894e431ed812bbb70191","name":"Nicolas Jacquemard","image":{"@type":"ImageObject","inLanguage":"fr-FR","@id":"https:\/\/dicodusport.fr\/blog\/#\/schema\/person\/image\/","url":"https:\/\/dicodusport.fr\/blog\/wp-content\/uploads\/2021\/05\/Nicolas-Jacquemard-150x150.jpeg","contentUrl":"https:\/\/dicodusport.fr\/blog\/wp-content\/uploads\/2021\/05\/Nicolas-Jacquemard-150x150.jpeg","caption":"Nicolas Jacquemard"},"description":"Passionn\u00e9 de sport et entrepreneur depuis mes 18 ans, la cr\u00e9ation de Dicodusport m'a sembl\u00e9 \u00e9vidente pour participer \u00e0 la m\u00e9diatisation d'un plus grand nombre de sports. Le chemin est long mais avec une \u00e9quipe des plus motiv\u00e9es et les Jeux Olympiques de Paris 2024 en point de mire, nous y arriverons ! Journaliste dans le monde du sport depuis plus de 5 ans, je traite aussi bien de football, de rugby, de biathlon que de cyclisme.","sameAs":["https:\/\/www.facebook.com\/dicodusport","https:\/\/x.com\/https:\/\/twitter.com\/Nico_Jacquemard"],"url":"https:\/\/dicodusport.fr\/blog\/author\/dicodusport\/"}]}},"_links":{"self":[{"href":"https:\/\/dicodusport.fr\/blog\/wp-json\/wp\/v2\/posts\/3852","targetHints":{"allow":["GET"]}}],"collection":[{"href":"https:\/\/dicodusport.fr\/blog\/wp-json\/wp\/v2\/posts"}],"about":[{"href":"https:\/\/dicodusport.fr\/blog\/wp-json\/wp\/v2\/types\/post"}],"author":[{"embeddable":true,"href":"https:\/\/dicodusport.fr\/blog\/wp-json\/wp\/v2\/users\/1"}],"replies":[{"embeddable":true,"href":"https:\/\/dicodusport.fr\/blog\/wp-json\/wp\/v2\/comments?post=3852"}],"version-history":[{"count":0,"href":"https:\/\/dicodusport.fr\/blog\/wp-json\/wp\/v2\/posts\/3852\/revisions"}],"wp:featuredmedia":[{"embeddable":true,"href":"https:\/\/dicodusport.fr\/blog\/wp-json\/wp\/v2\/media\/3873"}],"wp:attachment":[{"href":"https:\/\/dicodusport.fr\/blog\/wp-json\/wp\/v2\/media?parent=3852"}],"wp:term":[{"taxonomy":"category","embeddable":true,"href":"https:\/\/dicodusport.fr\/blog\/wp-json\/wp\/v2\/categories?post=3852"},{"taxonomy":"post_tag","embeddable":true,"href":"https:\/\/dicodusport.fr\/blog\/wp-json\/wp\/v2\/tags?post=3852"}],"curies":[{"name":"wp","href":"https:\/\/api.w.org\/{rel}","templated":true}]}}