{"id":385256,"date":"2023-05-25T20:57:54","date_gmt":"2023-05-25T18:57:54","guid":{"rendered":"https:\/\/dicodusport.fr\/blog\/?p=385256&#038;preview=true&#038;preview_id=385256"},"modified":"2023-05-26T11:49:21","modified_gmt":"2023-05-26T09:49:21","slug":"boucles-de-la-mayenne-2023-ivo-oliveira-remporte-le-prologue","status":"publish","type":"post","link":"https:\/\/dicodusport.fr\/blog\/boucles-de-la-mayenne-2023-ivo-oliveira-remporte-le-prologue\/","title":{"rendered":"Boucles de la Mayenne 2023 : Ivo Oliveira remporte le prologue"},"content":{"rendered":"<p align=\"justify\"><em><strong>BOUCLES DE LA MAYENNE 2023 &#8211; Ivo Oliveira (UAE Team Emirates) a remport\u00e9 le prologue autour de Laval-Espace Mayenne (4.1 km), jeudi. Il endosse le premier maillot de leader. Et devance Axel Zingle (Cofidis), surprenant dauphin. Et Benoit Cosnefroy (AG2R Citro\u00ebn), longtemps leader provisoire.<\/strong><\/em><\/p>\n<h2 style=\"text-align: justify;\">Cosnefroy longtemps leader virtuel et 3e au final<\/h2>\n<p style=\"text-align: justify;\">Pas forc\u00e9ment r\u00e9put\u00e9 excellent rouleur, <strong>Beno\u00eet Cosnefroy<\/strong> (AG2R-Citro\u00ebn) prend le meilleur temps sur le parcours, en 5:20, soit \u00e0 46.125 de moyenne. Le parcours, l\u00e9g\u00e8rement vallonn\u00e9, peut expliquer la belle performance du Fran\u00e7ais devant des sp\u00e9cialistes du prologue comme <strong>Tom Bohli<\/strong> (Tudor Pro Cycling Team). Le deuxi\u00e8me de l&rsquo;Amstel Gold Race 2022, va garder cette premi\u00e8re place pendant tr\u00e8s longtemps. Quoi qu&rsquo;il arrive, m\u00eame si ce prologue se joue \u00e0 coup de secondes, voire de centi\u00e8mes de seconde, cette bonne place est de bon augure pour celui qui peut \u00eatre un outsider sur ces <strong>Boucles de la Mayenne 2023<\/strong>. Car il termine sur le podium de ce prologue.<\/p>\n<h2 style=\"text-align: justify;\">Ivo Oliveira prend le lead et remporte son second succ\u00e8s pro<\/h2>\n<p style=\"text-align: justify;\">Le Fran\u00e7ais a cependant trouv\u00e9 son maitre, en la personne d&rsquo;<strong>Ivo Oliveira<\/strong>. Le Portugais de la formation UAE Team Emirates r\u00e9alise le chrono de r\u00e9f\u00e9rence, avec 5:17. Le champion 2020 du Portugal, sa seule victoire professionnelle, a nettement battu<strong> Beno\u00eet Cosnefroy<\/strong>. Il a roul\u00e9 un demi kilom\u00e8tre par heure plus vite que le Fran\u00e7ais, \u00e0 qui il a pris le meilleur temps. Il ne sera pas battu et rafle donc sa seconde victoire professionnelle. Peut-\u00eatre la plus belle. Il endosse le premier maillot jaune de ces<strong> Boucles de la Mayenne 2023<\/strong>.<\/p>\n<h2 style=\"text-align: justify;\">Les autres r\u00e9sultats marquants<\/h2>\n<p style=\"text-align: justify;\">Parmi ceux qui ont fait une bonne performance, on trouve<strong> Axel Zingle<\/strong> (Cofidis). Le polyvalent puncheur fran\u00e7ais prend la deuxi\u00e8me place du chrono. Sa meilleure place dans cet exercice. Il n&rsquo;est qu&rsquo;\u00e0 deux secondes du vainqueur. <strong>Lorenzo Germani<\/strong> (Groupama-FDJ) termine \u00e0 la 5e place. Du c\u00f4t\u00e9 des sprinteurs<strong>, Arnaud D\u00e9mare<\/strong> (Groupama-FDJ) cartonne. Lui, qui est \u00e0 l&rsquo;aise dans l&rsquo;effort solitaire, prend la 7e place, dans la m\u00eame seconde que son co\u00e9quipier italien. <strong>Cl\u00e9ment Venturini<\/strong> (AG2R-Citro\u00ebn) est 11e,<strong> Donavan Grondin<\/strong> (Ark\u00e9a-Samsic) est 17e. Tous sont \u00e0 10 secondes ou moins, ils pourraient, par le jeu des bonifications, prendre la t\u00eate du g\u00e9n\u00e9ral demain, lors de la premi\u00e8re \u00e9tape.<\/p>\n<blockquote class=\"twitter-tweet\">\n<p dir=\"ltr\" lang=\"fr\">Podium final de la premi\u00e8re journ\u00e9e des <a href=\"https:\/\/twitter.com\/boucles53?ref_src=twsrc%5Etfw\">@boucles53<\/a> avec <a href=\"https:\/\/twitter.com\/IvOliveira96?ref_src=twsrc%5Etfw\">@IvOliveira96<\/a> <a href=\"https:\/\/t.co\/gHHqeWnmAF\">pic.twitter.com\/gHHqeWnmAF<\/a><\/p>\n<p>\u2014 Boucles de la Mayenne &#8211; Cr\u00e9dit Mutuel (@boucles53) <a href=\"https:\/\/twitter.com\/boucles53\/status\/1661815150469324830?ref_src=twsrc%5Etfw\">May 25, 2023<\/a><\/p><\/blockquote>\n<p><script async src=\"https:\/\/platform.twitter.com\/widgets.js\" charset=\"utf-8\"><\/script><\/p>\n<h2 style=\"text-align: justify;\">\u00c0 lire aussi<\/h2>\n<ul>\n<li style=\"text-align: justify;\"><a href=\"https:\/\/dicodusport.fr\/blog\/boucles-de-la-mayenne-2023-classement-du-prologue\/\"><strong>Classement du prologue des Boucles de la Mayenne<\/strong><\/a><\/li>\n<li style=\"text-align: justify;\"><a href=\"https:\/\/dicodusport.fr\/blog\/boucles-de-la-mayenne-2023-classement-general\/\"><strong>Classement g\u00e9n\u00e9ral des Boucles de la Mayenne<\/strong><\/a><\/li>\n<\/ul>\n","protected":false},"excerpt":{"rendered":"<p>BOUCLES DE LA MAYENNE 2023 &#8211; Ivo Oliveira (UAE Team Emirates) a remport\u00e9 le prologue autour de Laval-Espace Mayenne (4.1 km), jeudi. Il endosse le premier maillot de leader. Et devance Axel Zingle (Cofidis), surprenant dauphin. Et Benoit Cosnefroy (AG2R Citro\u00ebn), longtemps leader provisoire.<\/p>\n","protected":false},"author":83,"featured_media":385275,"comment_status":"open","ping_status":"closed","sticky":false,"template":"","format":"standard","meta":{"_acf_changed":false,"_daextam_enable_autolinks":"","footnotes":""},"categories":[46994],"tags":[26423,8140,8023,16878],"class_list":["post-385256","post","type-post","status-publish","format-standard","has-post-thumbnail","hentry","category-cyclisme-sur-route","tag-axel-zingle","tag-benoit-cosnefroy","tag-boucles-de-la-mayenne","tag-breve"],"acf":[],"yoast_head":"<!-- This site is optimized with the Yoast SEO Premium plugin v26.7 (Yoast SEO v26.7) - https:\/\/yoast.com\/wordpress\/plugins\/seo\/ -->\n<title>Boucles de la Mayenne 2023 : Ivo Oliveira remporte le prologue<\/title>\n<meta name=\"description\" content=\"BOUCLES DE LA MAYENNE 2023 - Ivo Oliveira (UAE Team Emirates) a remport\u00e9 le prologue autour de Laval-Espace Mayenne (4.1 km).\" \/>\n<meta name=\"robots\" content=\"index, follow, max-snippet:-1, max-image-preview:large, max-video-preview:-1\" \/>\n<link rel=\"canonical\" href=\"https:\/\/dicodusport.fr\/blog\/boucles-de-la-mayenne-2023-ivo-oliveira-remporte-le-prologue\/\" \/>\n<meta property=\"og:locale\" content=\"fr_FR\" \/>\n<meta property=\"og:type\" content=\"article\" \/>\n<meta property=\"og:title\" content=\"Boucles de la Mayenne 2023 : Ivo Oliveira remporte le prologue\" \/>\n<meta property=\"og:description\" content=\"BOUCLES DE LA MAYENNE 2023 - Ivo Oliveira (UAE Team Emirates) a remport\u00e9 le prologue autour de Laval-Espace Mayenne (4.1 km).\" \/>\n<meta property=\"og:url\" content=\"https:\/\/dicodusport.fr\/blog\/boucles-de-la-mayenne-2023-ivo-oliveira-remporte-le-prologue\/\" \/>\n<meta property=\"og:site_name\" content=\"Dicodusport\" \/>\n<meta property=\"article:publisher\" content=\"https:\/\/www.facebook.com\/dicodusport\" \/>\n<meta property=\"article:published_time\" content=\"2023-05-25T18:57:54+00:00\" \/>\n<meta property=\"article:modified_time\" content=\"2023-05-26T09:49:21+00:00\" \/>\n<meta property=\"og:image\" content=\"https:\/\/dicodusport.fr\/blog\/wp-content\/uploads\/2023\/05\/Boucles-de-la-Mayenne-2023-Ivo-Oliveira-remporte-le-prologue.png\" \/>\n\t<meta property=\"og:image:width\" content=\"800\" \/>\n\t<meta property=\"og:image:height\" content=\"445\" \/>\n\t<meta property=\"og:image:type\" content=\"image\/png\" \/>\n<meta name=\"author\" content=\"Etienne Goursaud\" \/>\n<meta name=\"twitter:card\" content=\"summary_large_image\" \/>\n<meta name=\"twitter:title\" content=\"Boucles de la Mayenne 2023 : Ivo Oliveira remporte le prologue\" \/>\n<meta name=\"twitter:creator\" content=\"@dicodusport\" \/>\n<meta name=\"twitter:site\" content=\"@dicodusport\" \/>\n<script type=\"application\/ld+json\" class=\"yoast-schema-graph\">{\"@context\":\"https:\/\/schema.org\",\"@graph\":[{\"@type\":\"NewsArticle\",\"@id\":\"https:\/\/dicodusport.fr\/blog\/boucles-de-la-mayenne-2023-ivo-oliveira-remporte-le-prologue\/#article\",\"isPartOf\":{\"@id\":\"https:\/\/dicodusport.fr\/blog\/boucles-de-la-mayenne-2023-ivo-oliveira-remporte-le-prologue\/\"},\"author\":{\"name\":\"Etienne Goursaud\",\"@id\":\"https:\/\/dicodusport.fr\/blog\/#\/schema\/person\/d603dd7da31fb2b46c82b9835a77ec13\"},\"headline\":\"Boucles de la Mayenne 2023 : Ivo Oliveira remporte le prologue\",\"datePublished\":\"2023-05-25T18:57:54+00:00\",\"dateModified\":\"2023-05-26T09:49:21+00:00\",\"mainEntityOfPage\":{\"@id\":\"https:\/\/dicodusport.fr\/blog\/boucles-de-la-mayenne-2023-ivo-oliveira-remporte-le-prologue\/\"},\"wordCount\":457,\"commentCount\":0,\"publisher\":{\"@id\":\"https:\/\/dicodusport.fr\/blog\/#organization\"},\"image\":{\"@id\":\"https:\/\/dicodusport.fr\/blog\/boucles-de-la-mayenne-2023-ivo-oliveira-remporte-le-prologue\/#primaryimage\"},\"thumbnailUrl\":\"https:\/\/dicodusport.fr\/blog\/wp-content\/uploads\/2023\/05\/Boucles-de-la-Mayenne-2023-Ivo-Oliveira-remporte-le-prologue.png\",\"keywords\":[\"Axel Zingle\",\"Beno\u00eet Cosnefroy\",\"Boucles de la Mayenne\",\"br\u00e8ve\"],\"articleSection\":[\"Cyclisme sur route\"],\"inLanguage\":\"fr-FR\",\"potentialAction\":[{\"@type\":\"CommentAction\",\"name\":\"Comment\",\"target\":[\"https:\/\/dicodusport.fr\/blog\/boucles-de-la-mayenne-2023-ivo-oliveira-remporte-le-prologue\/#respond\"]}],\"copyrightYear\":\"2023\",\"copyrightHolder\":{\"@id\":\"https:\/\/dicodusport.fr\/blog\/#organization\"}},{\"@type\":\"WebPage\",\"@id\":\"https:\/\/dicodusport.fr\/blog\/boucles-de-la-mayenne-2023-ivo-oliveira-remporte-le-prologue\/\",\"url\":\"https:\/\/dicodusport.fr\/blog\/boucles-de-la-mayenne-2023-ivo-oliveira-remporte-le-prologue\/\",\"name\":\"Boucles de la Mayenne 2023 : Ivo Oliveira remporte le prologue\",\"isPartOf\":{\"@id\":\"https:\/\/dicodusport.fr\/blog\/#website\"},\"primaryImageOfPage\":{\"@id\":\"https:\/\/dicodusport.fr\/blog\/boucles-de-la-mayenne-2023-ivo-oliveira-remporte-le-prologue\/#primaryimage\"},\"image\":{\"@id\":\"https:\/\/dicodusport.fr\/blog\/boucles-de-la-mayenne-2023-ivo-oliveira-remporte-le-prologue\/#primaryimage\"},\"thumbnailUrl\":\"https:\/\/dicodusport.fr\/blog\/wp-content\/uploads\/2023\/05\/Boucles-de-la-Mayenne-2023-Ivo-Oliveira-remporte-le-prologue.png\",\"datePublished\":\"2023-05-25T18:57:54+00:00\",\"dateModified\":\"2023-05-26T09:49:21+00:00\",\"description\":\"BOUCLES DE LA MAYENNE 2023 - Ivo Oliveira (UAE Team Emirates) a remport\u00e9 le prologue autour de Laval-Espace Mayenne (4.1 km).\",\"breadcrumb\":{\"@id\":\"https:\/\/dicodusport.fr\/blog\/boucles-de-la-mayenne-2023-ivo-oliveira-remporte-le-prologue\/#breadcrumb\"},\"inLanguage\":\"fr-FR\",\"potentialAction\":[{\"@type\":\"ReadAction\",\"target\":[\"https:\/\/dicodusport.fr\/blog\/boucles-de-la-mayenne-2023-ivo-oliveira-remporte-le-prologue\/\"]}]},{\"@type\":\"ImageObject\",\"inLanguage\":\"fr-FR\",\"@id\":\"https:\/\/dicodusport.fr\/blog\/boucles-de-la-mayenne-2023-ivo-oliveira-remporte-le-prologue\/#primaryimage\",\"url\":\"https:\/\/dicodusport.fr\/blog\/wp-content\/uploads\/2023\/05\/Boucles-de-la-Mayenne-2023-Ivo-Oliveira-remporte-le-prologue.png\",\"contentUrl\":\"https:\/\/dicodusport.fr\/blog\/wp-content\/uploads\/2023\/05\/Boucles-de-la-Mayenne-2023-Ivo-Oliveira-remporte-le-prologue.png\",\"width\":800,\"height\":445,\"caption\":\"Boucles de la Mayenne 2023 : Ivo Oliveira remporte le prologue\"},{\"@type\":\"BreadcrumbList\",\"@id\":\"https:\/\/dicodusport.fr\/blog\/boucles-de-la-mayenne-2023-ivo-oliveira-remporte-le-prologue\/#breadcrumb\",\"itemListElement\":[{\"@type\":\"ListItem\",\"position\":1,\"name\":\"Accueil\",\"item\":\"https:\/\/dicodusport.fr\/blog\/\"},{\"@type\":\"ListItem\",\"position\":2,\"name\":\"Boucles de la Mayenne 2023 : Ivo Oliveira remporte le prologue\"}]},{\"@type\":\"WebSite\",\"@id\":\"https:\/\/dicodusport.fr\/blog\/#website\",\"url\":\"https:\/\/dicodusport.fr\/blog\/\",\"name\":\"Dicodusport\",\"description\":\"L&#039;encyclop\u00e9die de l&#039;actualit\u00e9 sportive\",\"publisher\":{\"@id\":\"https:\/\/dicodusport.fr\/blog\/#organization\"},\"potentialAction\":[{\"@type\":\"SearchAction\",\"target\":{\"@type\":\"EntryPoint\",\"urlTemplate\":\"https:\/\/dicodusport.fr\/blog\/?s={search_term_string}\"},\"query-input\":{\"@type\":\"PropertyValueSpecification\",\"valueRequired\":true,\"valueName\":\"search_term_string\"}}],\"inLanguage\":\"fr-FR\"},{\"@type\":\"NewsMediaOrganization\",\"@id\":\"https:\/\/dicodusport.fr\/blog\/#organization\",\"name\":\"Dicodusport\",\"url\":\"https:\/\/dicodusport.fr\/blog\/\",\"logo\":{\"@type\":\"ImageObject\",\"inLanguage\":\"fr-FR\",\"@id\":\"https:\/\/dicodusport.fr\/blog\/#\/schema\/logo\/image\/\",\"url\":\"https:\/\/dicodusport.fr\/blog\/wp-content\/uploads\/2020\/06\/cropped-LOGO-DICODUSPORT-2020-SANS-FOND-SANS-TEXTE.png\",\"contentUrl\":\"https:\/\/dicodusport.fr\/blog\/wp-content\/uploads\/2020\/06\/cropped-LOGO-DICODUSPORT-2020-SANS-FOND-SANS-TEXTE.png\",\"width\":512,\"height\":512,\"caption\":\"Dicodusport\"},\"image\":{\"@id\":\"https:\/\/dicodusport.fr\/blog\/#\/schema\/logo\/image\/\"},\"sameAs\":[\"https:\/\/www.facebook.com\/dicodusport\",\"https:\/\/x.com\/dicodusport\",\"https:\/\/www.instagram.com\/dicodusport\/\",\"https:\/\/www.youtube.com\/channel\/UC7V2KZ5sd3htJivAbA4ZG3w\"],\"description\":\"Dicodusport est l'encyclop\u00e9die de l'actualit\u00e9 sportive.\",\"email\":\"bonjour@dicodusport.fr\",\"legalName\":\"DICODUSPORT\",\"foundingDate\":\"2018-01-14\",\"vatID\":\"FR71834470973\",\"taxID\":\"83447097300043\",\"numberOfEmployees\":{\"@type\":\"QuantitativeValue\",\"minValue\":\"1\",\"maxValue\":\"10\"}},{\"@type\":\"Person\",\"@id\":\"https:\/\/dicodusport.fr\/blog\/#\/schema\/person\/d603dd7da31fb2b46c82b9835a77ec13\",\"name\":\"Etienne Goursaud\",\"image\":{\"@type\":\"ImageObject\",\"inLanguage\":\"fr-FR\",\"@id\":\"https:\/\/dicodusport.fr\/blog\/#\/schema\/person\/image\/\",\"url\":\"https:\/\/dicodusport.fr\/blog\/wp-content\/uploads\/2023\/12\/410122264_10231602061736049_5565839791558026645_n-150x150.jpg\",\"contentUrl\":\"https:\/\/dicodusport.fr\/blog\/wp-content\/uploads\/2023\/12\/410122264_10231602061736049_5565839791558026645_n-150x150.jpg\",\"caption\":\"Etienne Goursaud\"},\"description\":\"Journaliste et amoureux de sport. Ancien footballeur reconverti athl\u00e8te quand ses muscles le laissent tranquille. \u00c9lev\u00e9 \u00e0 la sauce des exploits de Thomas Voeckler en 2004, du dernier essai de l\u00e9gende de Eunice Barber \u00e0 la longueur lors des championnats du monde d'athl\u00e9tisme de 2003 mais aussi Zidane, Omeyer et Titou Lamaison.\",\"url\":\"https:\/\/dicodusport.fr\/blog\/author\/etienne-goursaud\/\"}]}<\/script>\n<!-- \/ Yoast SEO Premium plugin. -->","yoast_head_json":{"title":"Boucles de la Mayenne 2023 : Ivo Oliveira remporte le prologue","description":"BOUCLES DE LA MAYENNE 2023 - Ivo Oliveira (UAE Team Emirates) a remport\u00e9 le prologue autour de Laval-Espace Mayenne (4.1 km).","robots":{"index":"index","follow":"follow","max-snippet":"max-snippet:-1","max-image-preview":"max-image-preview:large","max-video-preview":"max-video-preview:-1"},"canonical":"https:\/\/dicodusport.fr\/blog\/boucles-de-la-mayenne-2023-ivo-oliveira-remporte-le-prologue\/","og_locale":"fr_FR","og_type":"article","og_title":"Boucles de la Mayenne 2023 : Ivo Oliveira remporte le prologue","og_description":"BOUCLES DE LA MAYENNE 2023 - Ivo Oliveira (UAE Team Emirates) a remport\u00e9 le prologue autour de Laval-Espace Mayenne (4.1 km).","og_url":"https:\/\/dicodusport.fr\/blog\/boucles-de-la-mayenne-2023-ivo-oliveira-remporte-le-prologue\/","og_site_name":"Dicodusport","article_publisher":"https:\/\/www.facebook.com\/dicodusport","article_published_time":"2023-05-25T18:57:54+00:00","article_modified_time":"2023-05-26T09:49:21+00:00","og_image":[{"width":800,"height":445,"url":"https:\/\/dicodusport.fr\/blog\/wp-content\/uploads\/2023\/05\/Boucles-de-la-Mayenne-2023-Ivo-Oliveira-remporte-le-prologue.png","type":"image\/png"}],"author":"Etienne Goursaud","twitter_card":"summary_large_image","twitter_title":"Boucles de la Mayenne 2023 : Ivo Oliveira remporte le prologue","twitter_creator":"@dicodusport","twitter_site":"@dicodusport","schema":{"@context":"https:\/\/schema.org","@graph":[{"@type":"NewsArticle","@id":"https:\/\/dicodusport.fr\/blog\/boucles-de-la-mayenne-2023-ivo-oliveira-remporte-le-prologue\/#article","isPartOf":{"@id":"https:\/\/dicodusport.fr\/blog\/boucles-de-la-mayenne-2023-ivo-oliveira-remporte-le-prologue\/"},"author":{"name":"Etienne Goursaud","@id":"https:\/\/dicodusport.fr\/blog\/#\/schema\/person\/d603dd7da31fb2b46c82b9835a77ec13"},"headline":"Boucles de la Mayenne 2023 : Ivo Oliveira remporte le prologue","datePublished":"2023-05-25T18:57:54+00:00","dateModified":"2023-05-26T09:49:21+00:00","mainEntityOfPage":{"@id":"https:\/\/dicodusport.fr\/blog\/boucles-de-la-mayenne-2023-ivo-oliveira-remporte-le-prologue\/"},"wordCount":457,"commentCount":0,"publisher":{"@id":"https:\/\/dicodusport.fr\/blog\/#organization"},"image":{"@id":"https:\/\/dicodusport.fr\/blog\/boucles-de-la-mayenne-2023-ivo-oliveira-remporte-le-prologue\/#primaryimage"},"thumbnailUrl":"https:\/\/dicodusport.fr\/blog\/wp-content\/uploads\/2023\/05\/Boucles-de-la-Mayenne-2023-Ivo-Oliveira-remporte-le-prologue.png","keywords":["Axel Zingle","Beno\u00eet Cosnefroy","Boucles de la Mayenne","br\u00e8ve"],"articleSection":["Cyclisme sur route"],"inLanguage":"fr-FR","potentialAction":[{"@type":"CommentAction","name":"Comment","target":["https:\/\/dicodusport.fr\/blog\/boucles-de-la-mayenne-2023-ivo-oliveira-remporte-le-prologue\/#respond"]}],"copyrightYear":"2023","copyrightHolder":{"@id":"https:\/\/dicodusport.fr\/blog\/#organization"}},{"@type":"WebPage","@id":"https:\/\/dicodusport.fr\/blog\/boucles-de-la-mayenne-2023-ivo-oliveira-remporte-le-prologue\/","url":"https:\/\/dicodusport.fr\/blog\/boucles-de-la-mayenne-2023-ivo-oliveira-remporte-le-prologue\/","name":"Boucles de la Mayenne 2023 : Ivo Oliveira remporte le prologue","isPartOf":{"@id":"https:\/\/dicodusport.fr\/blog\/#website"},"primaryImageOfPage":{"@id":"https:\/\/dicodusport.fr\/blog\/boucles-de-la-mayenne-2023-ivo-oliveira-remporte-le-prologue\/#primaryimage"},"image":{"@id":"https:\/\/dicodusport.fr\/blog\/boucles-de-la-mayenne-2023-ivo-oliveira-remporte-le-prologue\/#primaryimage"},"thumbnailUrl":"https:\/\/dicodusport.fr\/blog\/wp-content\/uploads\/2023\/05\/Boucles-de-la-Mayenne-2023-Ivo-Oliveira-remporte-le-prologue.png","datePublished":"2023-05-25T18:57:54+00:00","dateModified":"2023-05-26T09:49:21+00:00","description":"BOUCLES DE LA MAYENNE 2023 - Ivo Oliveira (UAE Team Emirates) a remport\u00e9 le prologue autour de Laval-Espace Mayenne (4.1 km).","breadcrumb":{"@id":"https:\/\/dicodusport.fr\/blog\/boucles-de-la-mayenne-2023-ivo-oliveira-remporte-le-prologue\/#breadcrumb"},"inLanguage":"fr-FR","potentialAction":[{"@type":"ReadAction","target":["https:\/\/dicodusport.fr\/blog\/boucles-de-la-mayenne-2023-ivo-oliveira-remporte-le-prologue\/"]}]},{"@type":"ImageObject","inLanguage":"fr-FR","@id":"https:\/\/dicodusport.fr\/blog\/boucles-de-la-mayenne-2023-ivo-oliveira-remporte-le-prologue\/#primaryimage","url":"https:\/\/dicodusport.fr\/blog\/wp-content\/uploads\/2023\/05\/Boucles-de-la-Mayenne-2023-Ivo-Oliveira-remporte-le-prologue.png","contentUrl":"https:\/\/dicodusport.fr\/blog\/wp-content\/uploads\/2023\/05\/Boucles-de-la-Mayenne-2023-Ivo-Oliveira-remporte-le-prologue.png","width":800,"height":445,"caption":"Boucles de la Mayenne 2023 : Ivo Oliveira remporte le prologue"},{"@type":"BreadcrumbList","@id":"https:\/\/dicodusport.fr\/blog\/boucles-de-la-mayenne-2023-ivo-oliveira-remporte-le-prologue\/#breadcrumb","itemListElement":[{"@type":"ListItem","position":1,"name":"Accueil","item":"https:\/\/dicodusport.fr\/blog\/"},{"@type":"ListItem","position":2,"name":"Boucles de la Mayenne 2023 : Ivo Oliveira remporte le prologue"}]},{"@type":"WebSite","@id":"https:\/\/dicodusport.fr\/blog\/#website","url":"https:\/\/dicodusport.fr\/blog\/","name":"Dicodusport","description":"L&#039;encyclop\u00e9die de l&#039;actualit\u00e9 sportive","publisher":{"@id":"https:\/\/dicodusport.fr\/blog\/#organization"},"potentialAction":[{"@type":"SearchAction","target":{"@type":"EntryPoint","urlTemplate":"https:\/\/dicodusport.fr\/blog\/?s={search_term_string}"},"query-input":{"@type":"PropertyValueSpecification","valueRequired":true,"valueName":"search_term_string"}}],"inLanguage":"fr-FR"},{"@type":"NewsMediaOrganization","@id":"https:\/\/dicodusport.fr\/blog\/#organization","name":"Dicodusport","url":"https:\/\/dicodusport.fr\/blog\/","logo":{"@type":"ImageObject","inLanguage":"fr-FR","@id":"https:\/\/dicodusport.fr\/blog\/#\/schema\/logo\/image\/","url":"https:\/\/dicodusport.fr\/blog\/wp-content\/uploads\/2020\/06\/cropped-LOGO-DICODUSPORT-2020-SANS-FOND-SANS-TEXTE.png","contentUrl":"https:\/\/dicodusport.fr\/blog\/wp-content\/uploads\/2020\/06\/cropped-LOGO-DICODUSPORT-2020-SANS-FOND-SANS-TEXTE.png","width":512,"height":512,"caption":"Dicodusport"},"image":{"@id":"https:\/\/dicodusport.fr\/blog\/#\/schema\/logo\/image\/"},"sameAs":["https:\/\/www.facebook.com\/dicodusport","https:\/\/x.com\/dicodusport","https:\/\/www.instagram.com\/dicodusport\/","https:\/\/www.youtube.com\/channel\/UC7V2KZ5sd3htJivAbA4ZG3w"],"description":"Dicodusport est l'encyclop\u00e9die de l'actualit\u00e9 sportive.","email":"bonjour@dicodusport.fr","legalName":"DICODUSPORT","foundingDate":"2018-01-14","vatID":"FR71834470973","taxID":"83447097300043","numberOfEmployees":{"@type":"QuantitativeValue","minValue":"1","maxValue":"10"}},{"@type":"Person","@id":"https:\/\/dicodusport.fr\/blog\/#\/schema\/person\/d603dd7da31fb2b46c82b9835a77ec13","name":"Etienne Goursaud","image":{"@type":"ImageObject","inLanguage":"fr-FR","@id":"https:\/\/dicodusport.fr\/blog\/#\/schema\/person\/image\/","url":"https:\/\/dicodusport.fr\/blog\/wp-content\/uploads\/2023\/12\/410122264_10231602061736049_5565839791558026645_n-150x150.jpg","contentUrl":"https:\/\/dicodusport.fr\/blog\/wp-content\/uploads\/2023\/12\/410122264_10231602061736049_5565839791558026645_n-150x150.jpg","caption":"Etienne Goursaud"},"description":"Journaliste et amoureux de sport. Ancien footballeur reconverti athl\u00e8te quand ses muscles le laissent tranquille. \u00c9lev\u00e9 \u00e0 la sauce des exploits de Thomas Voeckler en 2004, du dernier essai de l\u00e9gende de Eunice Barber \u00e0 la longueur lors des championnats du monde d'athl\u00e9tisme de 2003 mais aussi Zidane, Omeyer et Titou Lamaison.","url":"https:\/\/dicodusport.fr\/blog\/author\/etienne-goursaud\/"}]}},"_links":{"self":[{"href":"https:\/\/dicodusport.fr\/blog\/wp-json\/wp\/v2\/posts\/385256","targetHints":{"allow":["GET"]}}],"collection":[{"href":"https:\/\/dicodusport.fr\/blog\/wp-json\/wp\/v2\/posts"}],"about":[{"href":"https:\/\/dicodusport.fr\/blog\/wp-json\/wp\/v2\/types\/post"}],"author":[{"embeddable":true,"href":"https:\/\/dicodusport.fr\/blog\/wp-json\/wp\/v2\/users\/83"}],"replies":[{"embeddable":true,"href":"https:\/\/dicodusport.fr\/blog\/wp-json\/wp\/v2\/comments?post=385256"}],"version-history":[{"count":0,"href":"https:\/\/dicodusport.fr\/blog\/wp-json\/wp\/v2\/posts\/385256\/revisions"}],"wp:featuredmedia":[{"embeddable":true,"href":"https:\/\/dicodusport.fr\/blog\/wp-json\/wp\/v2\/media\/385275"}],"wp:attachment":[{"href":"https:\/\/dicodusport.fr\/blog\/wp-json\/wp\/v2\/media?parent=385256"}],"wp:term":[{"taxonomy":"category","embeddable":true,"href":"https:\/\/dicodusport.fr\/blog\/wp-json\/wp\/v2\/categories?post=385256"},{"taxonomy":"post_tag","embeddable":true,"href":"https:\/\/dicodusport.fr\/blog\/wp-json\/wp\/v2\/tags?post=385256"}],"curies":[{"name":"wp","href":"https:\/\/api.w.org\/{rel}","templated":true}]}}