{"id":385391,"date":"2023-05-26T12:19:38","date_gmt":"2023-05-26T10:19:38","guid":{"rendered":"https:\/\/dicodusport.fr\/blog\/?p=385391&#038;preview=true&#038;preview_id=385391"},"modified":"2023-05-26T12:19:38","modified_gmt":"2023-05-26T10:19:38","slug":"hockey-sur-glace-dylan-fabre-prend-son-envol-en-finlande","status":"publish","type":"post","link":"https:\/\/dicodusport.fr\/blog\/hockey-sur-glace-dylan-fabre-prend-son-envol-en-finlande\/","title":{"rendered":"Hockey sur Glace : Dylan Fabre prend son envol en Finlande"},"content":{"rendered":"<p align=\"justify\"><em><strong>HOCKEY SUR GLACE &#8211; Comme r\u00e9v\u00e9l\u00e9 par <\/strong><strong>Plan de Match<\/strong><strong> en d\u00e9but de semaine, Dylan Fabre va bien prendre la direction de la relev\u00e9e Liiga finlandaise pour \u00e9voluer dans les rangs du Porin \u00c4ss\u00e4t. Un d\u00e9part qui \u00e9tait in\u00e9vitable pour le meilleur attaquant fran\u00e7ais de la derni\u00e8re saison de Ligue Magnus.<\/strong><\/em><\/p>\n<p align=\"justify\">C&rsquo;\u00e9tait devenu un secret de polichinelle ces derni\u00e8res heures, et cela a depuis \u00e9t\u00e9 confirm\u00e9 par le club. <strong>Dylan Fabre<\/strong> \u00e9voluera bien au<strong> Porin \u00c4ss\u00e4t<\/strong> en d\u00e9but de saison prochaine. \u00c0 22 ans, l&rsquo;attaquant international a sign\u00e9 un contrat de deux saisons avec le dernier quart de finaliste de la tr\u00e8s relev\u00e9e <strong>Liiga<\/strong>. \u00c0 Tampere pour les Championnats du Monde ces derni\u00e8res semaines, le jeune joueur fran\u00e7ais a pu en profiter pour valider cette nouvelle \u00e9tape dans sa progression r\u00e9guli\u00e8re.<\/p>\n<h2 style=\"text-align: justify;\" align=\"justify\">Un d\u00e9part de Ligue Magnus in\u00e9vitable, la Liiga pour franchir un nouveau cap<\/h2>\n<p align=\"justify\">Lors de la derni\u00e8re saison de <strong>Ligue Magnus<\/strong>, le natif de <strong>Grenoble<\/strong> a litt\u00e9ralement tout explos\u00e9 avec les <strong>Br\u00fbleurs de Loups<\/strong>. Brillant par sa vitesse et sa technique exceptionnelle, il a traduit sa domination sur la glace dans les chiffres en tournant \u00e0 pr\u00e8s d&rsquo;un point de moyenne, aussi bien en saison r\u00e9guli\u00e8re (44 points dont 22 buts en 44 matchs) qu&rsquo;en playoffs (14 points dont 11 buts en 15 matchs). Avec 33 buts en cumul\u00e9, il a confirm\u00e9 ses progr\u00e8s dans la finition d\u00e9j\u00e0 entraper\u00e7us durant la saison pr\u00e9c\u00e9dente. Devenu au passage un incontournable au sein de l&rsquo;alignement offensif de l&rsquo;<strong>\u00e9quipe de France<\/strong>, un d\u00e9part de Ligue Magnus \u00e9tait donc in\u00e9vitable.<\/p>\n<p align=\"justify\">\u00c0 22 ans, il rejoint donc l&rsquo;un des championnats les plus relev\u00e9s au monde, et devient au passage <strong>le 14e joueur fran\u00e7ais \u00e0 int\u00e9grer ce prestigieux championnat<\/strong>. Depuis le d\u00e9part d&rsquo;Anthony Rech de Turku en cours de saison, seul <strong>Hugo Gallet<\/strong> (KalPa) \u00e9tait le dernier rescap\u00e9 tricolore au plus haut niveau finlandais. Fabre renforce donc le contingent bleu-blanc-rouge, et tentera de se faire une place au sein d&rsquo;un collectif de tr\u00e8s haut niveau. Quart de finaliste malheureux cette saison, le <strong>Porin \u00c4ss\u00e4t<\/strong> compte bien jouer les premiers r\u00f4les, et titiller les habituels cadors (Tappara, Lukko, Ilves&#8230;).<\/p>\n<p align=\"justify\">Le club s&rsquo;est d&rsquo;ailleurs f\u00e9licit\u00e9 pour cette belle signature, puisque l&rsquo;attaquant fran\u00e7ais \u00e9tait tr\u00e8s courtis\u00e9 sur le march\u00e9 : <em>\u00ab<\/em> <em>Dylan Fabre est un joueur moderne dont les meilleures ann\u00e9es sont encore \u00e0 venir. C&rsquo;est un joueur tr\u00e8s rapide, capable de marquer. Nous sommes tr\u00e8s satisfaits de l&rsquo;avoir emmen\u00e9 \u00e0 Pori, malgr\u00e9 la concurrence \u00bb. <\/em><strong>Dylan Fabre<\/strong>, qui se remet actuellement d&rsquo;une commotion, ayant pr\u00e9cipit\u00e9 la fin de ses <strong>Mondiaux<\/strong>, rejoindra sa nouvelle organisation durant l&rsquo;\u00e9t\u00e9 pour le d\u00e9but de la pr\u00e9paration de la campagne 2023-2024.<\/p>\n<blockquote class=\"twitter-tweet\">\n<p dir=\"ltr\" lang=\"fi\">\ud83c\uddeb\ud83c\uddf7\u26a1\ufe0f<\/p>\n<p>\u00ab\u00a0H\u00e4n omaa eritt\u00e4in nopeat jalat ja kyky\u00e4 maalintekoon.\u00a0\u00bb<\/p>\n<p>Ranskalaishy\u00f6kk\u00e4\u00e4j\u00e4 Dylan Fabre \u00c4ssiin!<\/p>\n<p>\ud83d\udc49<a href=\"https:\/\/t.co\/MAsmCSUKHV\">https:\/\/t.co\/MAsmCSUKHV<\/a><a href=\"https:\/\/twitter.com\/hashtag\/%C3%84ss%C3%A4t?src=hash&amp;ref_src=twsrc%5Etfw\">#\u00c4ss\u00e4t<\/a> <a href=\"https:\/\/twitter.com\/hashtag\/Liiga?src=hash&amp;ref_src=twsrc%5Etfw\">#Liiga<\/a> <a href=\"https:\/\/t.co\/ohkK8M1I9p\">pic.twitter.com\/ohkK8M1I9p<\/a><\/p>\n<p>\u2014 Porin \u00c4ss\u00e4t (@PorinAssat) <a href=\"https:\/\/twitter.com\/PorinAssat\/status\/1661990620645273600?ref_src=twsrc%5Etfw\">May 26, 2023<\/a><\/p><\/blockquote>\n<p><script async src=\"https:\/\/platform.twitter.com\/widgets.js\" charset=\"utf-8\"><\/script><\/p>\n","protected":false},"excerpt":{"rendered":"<p>HOCKEY SUR GLACE &#8211; Comme r\u00e9v\u00e9l\u00e9 par Plan de Match en d\u00e9but de semaine, Dylan Fabre va bien prendre la direction de la relev\u00e9e Liiga finlandaise pour \u00e9voluer dans les rangs du Porin \u00c4ss\u00e4t. Un d\u00e9part qui \u00e9tait in\u00e9vitable pour le meilleur attaquant fran\u00e7ais de la derni\u00e8re saison de Ligue Magnus.<\/p>\n","protected":false},"author":55,"featured_media":385395,"comment_status":"open","ping_status":"closed","sticky":false,"template":"","format":"standard","meta":{"_acf_changed":false,"_daextam_enable_autolinks":"","footnotes":""},"categories":[10575],"tags":[16878,17488,26315,1767,4528,838,16396],"class_list":["post-385391","post","type-post","status-publish","format-standard","has-post-thumbnail","hentry","category-hockey-sur-glace","tag-breve","tag-bruleurs-de-loups-de-grenoble","tag-dylan-fabre","tag-finlande","tag-france-hockey","tag-hockey-sur-glace","tag-liiga"],"acf":[],"yoast_head":"<!-- This site is optimized with the Yoast SEO Premium plugin v26.7 (Yoast SEO v26.7) - https:\/\/yoast.com\/wordpress\/plugins\/seo\/ -->\n<title>Hockey sur Glace : Dylan Fabre prend son envol en Finlande<\/title>\n<meta name=\"description\" content=\"HOCKEY SUR GLACE - L&#039;attaquant international fran\u00e7ais de Grenoble Dylan Fabre vient de signer pour deux ans au Porin \u00c4ss\u00e4t, en Finlande.\" \/>\n<meta name=\"robots\" content=\"index, follow, max-snippet:-1, max-image-preview:large, max-video-preview:-1\" \/>\n<link rel=\"canonical\" href=\"https:\/\/dicodusport.fr\/blog\/hockey-sur-glace-dylan-fabre-prend-son-envol-en-finlande\/\" \/>\n<meta property=\"og:locale\" content=\"fr_FR\" \/>\n<meta property=\"og:type\" content=\"article\" \/>\n<meta property=\"og:title\" content=\"Hockey sur Glace : Dylan Fabre prend son envol en Finlande\" \/>\n<meta property=\"og:description\" content=\"HOCKEY SUR GLACE - L&#039;attaquant international fran\u00e7ais de Grenoble Dylan Fabre vient de signer pour deux ans au Porin \u00c4ss\u00e4t, en Finlande.\" \/>\n<meta property=\"og:url\" content=\"https:\/\/dicodusport.fr\/blog\/hockey-sur-glace-dylan-fabre-prend-son-envol-en-finlande\/\" \/>\n<meta property=\"og:site_name\" content=\"Dicodusport\" \/>\n<meta property=\"article:publisher\" content=\"https:\/\/www.facebook.com\/dicodusport\" \/>\n<meta property=\"article:published_time\" content=\"2023-05-26T10:19:38+00:00\" \/>\n<meta property=\"og:image\" content=\"https:\/\/dicodusport.fr\/blog\/wp-content\/uploads\/2023\/05\/Hockey-sur-Glace-Dylan-Fabre-prend-son-envol-en-Finlande.png\" \/>\n\t<meta property=\"og:image:width\" content=\"800\" \/>\n\t<meta property=\"og:image:height\" content=\"445\" \/>\n\t<meta property=\"og:image:type\" content=\"image\/png\" \/>\n<meta name=\"author\" content=\"Maxime Cazenave\" \/>\n<meta name=\"twitter:card\" content=\"summary_large_image\" \/>\n<meta name=\"twitter:title\" content=\"Hockey sur Glace : Dylan Fabre prend son envol en Finlande\" \/>\n<meta name=\"twitter:creator\" content=\"@https:\/\/twitter.com\/Maxime_Caze\" \/>\n<meta name=\"twitter:site\" content=\"@dicodusport\" \/>\n<script type=\"application\/ld+json\" class=\"yoast-schema-graph\">{\"@context\":\"https:\/\/schema.org\",\"@graph\":[{\"@type\":\"NewsArticle\",\"@id\":\"https:\/\/dicodusport.fr\/blog\/hockey-sur-glace-dylan-fabre-prend-son-envol-en-finlande\/#article\",\"isPartOf\":{\"@id\":\"https:\/\/dicodusport.fr\/blog\/hockey-sur-glace-dylan-fabre-prend-son-envol-en-finlande\/\"},\"author\":{\"name\":\"Maxime Cazenave\",\"@id\":\"https:\/\/dicodusport.fr\/blog\/#\/schema\/person\/37def232098a7a5cbab3974a3690abb0\"},\"headline\":\"Hockey sur Glace : Dylan Fabre prend son envol en Finlande\",\"datePublished\":\"2023-05-26T10:19:38+00:00\",\"mainEntityOfPage\":{\"@id\":\"https:\/\/dicodusport.fr\/blog\/hockey-sur-glace-dylan-fabre-prend-son-envol-en-finlande\/\"},\"wordCount\":529,\"commentCount\":0,\"publisher\":{\"@id\":\"https:\/\/dicodusport.fr\/blog\/#organization\"},\"image\":{\"@id\":\"https:\/\/dicodusport.fr\/blog\/hockey-sur-glace-dylan-fabre-prend-son-envol-en-finlande\/#primaryimage\"},\"thumbnailUrl\":\"https:\/\/dicodusport.fr\/blog\/wp-content\/uploads\/2023\/05\/Hockey-sur-Glace-Dylan-Fabre-prend-son-envol-en-Finlande.png\",\"keywords\":[\"br\u00e8ve\",\"Br\u00fbleurs de Loups de Grenoble\",\"Dylan Fabre\",\"finlande\",\"France Hockey\",\"hockey sur glace\",\"Liiga\"],\"articleSection\":[\"Hockey sur glace\"],\"inLanguage\":\"fr-FR\",\"potentialAction\":[{\"@type\":\"CommentAction\",\"name\":\"Comment\",\"target\":[\"https:\/\/dicodusport.fr\/blog\/hockey-sur-glace-dylan-fabre-prend-son-envol-en-finlande\/#respond\"]}],\"copyrightYear\":\"2023\",\"copyrightHolder\":{\"@id\":\"https:\/\/dicodusport.fr\/blog\/#organization\"}},{\"@type\":\"WebPage\",\"@id\":\"https:\/\/dicodusport.fr\/blog\/hockey-sur-glace-dylan-fabre-prend-son-envol-en-finlande\/\",\"url\":\"https:\/\/dicodusport.fr\/blog\/hockey-sur-glace-dylan-fabre-prend-son-envol-en-finlande\/\",\"name\":\"Hockey sur Glace : Dylan Fabre prend son envol en Finlande\",\"isPartOf\":{\"@id\":\"https:\/\/dicodusport.fr\/blog\/#website\"},\"primaryImageOfPage\":{\"@id\":\"https:\/\/dicodusport.fr\/blog\/hockey-sur-glace-dylan-fabre-prend-son-envol-en-finlande\/#primaryimage\"},\"image\":{\"@id\":\"https:\/\/dicodusport.fr\/blog\/hockey-sur-glace-dylan-fabre-prend-son-envol-en-finlande\/#primaryimage\"},\"thumbnailUrl\":\"https:\/\/dicodusport.fr\/blog\/wp-content\/uploads\/2023\/05\/Hockey-sur-Glace-Dylan-Fabre-prend-son-envol-en-Finlande.png\",\"datePublished\":\"2023-05-26T10:19:38+00:00\",\"description\":\"HOCKEY SUR GLACE - L'attaquant international fran\u00e7ais de Grenoble Dylan Fabre vient de signer pour deux ans au Porin \u00c4ss\u00e4t, en Finlande.\",\"breadcrumb\":{\"@id\":\"https:\/\/dicodusport.fr\/blog\/hockey-sur-glace-dylan-fabre-prend-son-envol-en-finlande\/#breadcrumb\"},\"inLanguage\":\"fr-FR\",\"potentialAction\":[{\"@type\":\"ReadAction\",\"target\":[\"https:\/\/dicodusport.fr\/blog\/hockey-sur-glace-dylan-fabre-prend-son-envol-en-finlande\/\"]}]},{\"@type\":\"ImageObject\",\"inLanguage\":\"fr-FR\",\"@id\":\"https:\/\/dicodusport.fr\/blog\/hockey-sur-glace-dylan-fabre-prend-son-envol-en-finlande\/#primaryimage\",\"url\":\"https:\/\/dicodusport.fr\/blog\/wp-content\/uploads\/2023\/05\/Hockey-sur-Glace-Dylan-Fabre-prend-son-envol-en-Finlande.png\",\"contentUrl\":\"https:\/\/dicodusport.fr\/blog\/wp-content\/uploads\/2023\/05\/Hockey-sur-Glace-Dylan-Fabre-prend-son-envol-en-Finlande.png\",\"width\":800,\"height\":445,\"caption\":\"Hockey sur Glace Dylan Fabre prend son envol en Finlande\"},{\"@type\":\"BreadcrumbList\",\"@id\":\"https:\/\/dicodusport.fr\/blog\/hockey-sur-glace-dylan-fabre-prend-son-envol-en-finlande\/#breadcrumb\",\"itemListElement\":[{\"@type\":\"ListItem\",\"position\":1,\"name\":\"Accueil\",\"item\":\"https:\/\/dicodusport.fr\/blog\/\"},{\"@type\":\"ListItem\",\"position\":2,\"name\":\"Hockey sur Glace : Dylan Fabre prend son envol en Finlande\"}]},{\"@type\":\"WebSite\",\"@id\":\"https:\/\/dicodusport.fr\/blog\/#website\",\"url\":\"https:\/\/dicodusport.fr\/blog\/\",\"name\":\"Dicodusport\",\"description\":\"L&#039;encyclop\u00e9die de l&#039;actualit\u00e9 sportive\",\"publisher\":{\"@id\":\"https:\/\/dicodusport.fr\/blog\/#organization\"},\"potentialAction\":[{\"@type\":\"SearchAction\",\"target\":{\"@type\":\"EntryPoint\",\"urlTemplate\":\"https:\/\/dicodusport.fr\/blog\/?s={search_term_string}\"},\"query-input\":{\"@type\":\"PropertyValueSpecification\",\"valueRequired\":true,\"valueName\":\"search_term_string\"}}],\"inLanguage\":\"fr-FR\"},{\"@type\":\"NewsMediaOrganization\",\"@id\":\"https:\/\/dicodusport.fr\/blog\/#organization\",\"name\":\"Dicodusport\",\"url\":\"https:\/\/dicodusport.fr\/blog\/\",\"logo\":{\"@type\":\"ImageObject\",\"inLanguage\":\"fr-FR\",\"@id\":\"https:\/\/dicodusport.fr\/blog\/#\/schema\/logo\/image\/\",\"url\":\"https:\/\/dicodusport.fr\/blog\/wp-content\/uploads\/2020\/06\/cropped-LOGO-DICODUSPORT-2020-SANS-FOND-SANS-TEXTE.png\",\"contentUrl\":\"https:\/\/dicodusport.fr\/blog\/wp-content\/uploads\/2020\/06\/cropped-LOGO-DICODUSPORT-2020-SANS-FOND-SANS-TEXTE.png\",\"width\":512,\"height\":512,\"caption\":\"Dicodusport\"},\"image\":{\"@id\":\"https:\/\/dicodusport.fr\/blog\/#\/schema\/logo\/image\/\"},\"sameAs\":[\"https:\/\/www.facebook.com\/dicodusport\",\"https:\/\/x.com\/dicodusport\",\"https:\/\/www.instagram.com\/dicodusport\/\",\"https:\/\/www.youtube.com\/channel\/UC7V2KZ5sd3htJivAbA4ZG3w\"],\"description\":\"Dicodusport est l'encyclop\u00e9die de l'actualit\u00e9 sportive.\",\"email\":\"bonjour@dicodusport.fr\",\"legalName\":\"DICODUSPORT\",\"foundingDate\":\"2018-01-14\",\"vatID\":\"FR71834470973\",\"taxID\":\"83447097300043\",\"numberOfEmployees\":{\"@type\":\"QuantitativeValue\",\"minValue\":\"1\",\"maxValue\":\"10\"}},{\"@type\":\"Person\",\"@id\":\"https:\/\/dicodusport.fr\/blog\/#\/schema\/person\/37def232098a7a5cbab3974a3690abb0\",\"name\":\"Maxime Cazenave\",\"image\":{\"@type\":\"ImageObject\",\"inLanguage\":\"fr-FR\",\"@id\":\"https:\/\/dicodusport.fr\/blog\/#\/schema\/person\/image\/\",\"url\":\"https:\/\/dicodusport.fr\/blog\/wp-content\/uploads\/2021\/05\/Maxime-Cazenave-150x150.jpg\",\"contentUrl\":\"https:\/\/dicodusport.fr\/blog\/wp-content\/uploads\/2021\/05\/Maxime-Cazenave-150x150.jpg\",\"caption\":\"Maxime Cazenave\"},\"description\":\"Journaliste\/R\u00e9dacteur depuis 2012 - Berc\u00e9 par l\u2019amour des Girondins de Bordeaux, les \u00e9checs de Christophe Moreau sur le Tour de France sous l'\u00e8re Lance Armstrong et le fade-away l\u00e9tal de Dirk Nowitzki, ma passion d\u00e9vorante pour le sport a toujours \u00e9t\u00e9 un pan incontournable de ma vie. Transmettre ma passion \u00e0 l\u2019\u00e9crit a \u00e9t\u00e9 une transition naturelle. Suiveur assidu de basket et de hockey sur glace, je garde toujours un peu de place pour suivre le cyclisme, le football et le maximum de performances fran\u00e7aises.\",\"sameAs\":[\"https:\/\/x.com\/https:\/\/twitter.com\/Maxime_Caze\"],\"url\":\"https:\/\/dicodusport.fr\/blog\/author\/maximec\/\"}]}<\/script>\n<!-- \/ Yoast SEO Premium plugin. -->","yoast_head_json":{"title":"Hockey sur Glace : Dylan Fabre prend son envol en Finlande","description":"HOCKEY SUR GLACE - L'attaquant international fran\u00e7ais de Grenoble Dylan Fabre vient de signer pour deux ans au Porin \u00c4ss\u00e4t, en Finlande.","robots":{"index":"index","follow":"follow","max-snippet":"max-snippet:-1","max-image-preview":"max-image-preview:large","max-video-preview":"max-video-preview:-1"},"canonical":"https:\/\/dicodusport.fr\/blog\/hockey-sur-glace-dylan-fabre-prend-son-envol-en-finlande\/","og_locale":"fr_FR","og_type":"article","og_title":"Hockey sur Glace : Dylan Fabre prend son envol en Finlande","og_description":"HOCKEY SUR GLACE - L'attaquant international fran\u00e7ais de Grenoble Dylan Fabre vient de signer pour deux ans au Porin \u00c4ss\u00e4t, en Finlande.","og_url":"https:\/\/dicodusport.fr\/blog\/hockey-sur-glace-dylan-fabre-prend-son-envol-en-finlande\/","og_site_name":"Dicodusport","article_publisher":"https:\/\/www.facebook.com\/dicodusport","article_published_time":"2023-05-26T10:19:38+00:00","og_image":[{"width":800,"height":445,"url":"https:\/\/dicodusport.fr\/blog\/wp-content\/uploads\/2023\/05\/Hockey-sur-Glace-Dylan-Fabre-prend-son-envol-en-Finlande.png","type":"image\/png"}],"author":"Maxime Cazenave","twitter_card":"summary_large_image","twitter_title":"Hockey sur Glace : Dylan Fabre prend son envol en Finlande","twitter_creator":"@https:\/\/twitter.com\/Maxime_Caze","twitter_site":"@dicodusport","schema":{"@context":"https:\/\/schema.org","@graph":[{"@type":"NewsArticle","@id":"https:\/\/dicodusport.fr\/blog\/hockey-sur-glace-dylan-fabre-prend-son-envol-en-finlande\/#article","isPartOf":{"@id":"https:\/\/dicodusport.fr\/blog\/hockey-sur-glace-dylan-fabre-prend-son-envol-en-finlande\/"},"author":{"name":"Maxime Cazenave","@id":"https:\/\/dicodusport.fr\/blog\/#\/schema\/person\/37def232098a7a5cbab3974a3690abb0"},"headline":"Hockey sur Glace : Dylan Fabre prend son envol en Finlande","datePublished":"2023-05-26T10:19:38+00:00","mainEntityOfPage":{"@id":"https:\/\/dicodusport.fr\/blog\/hockey-sur-glace-dylan-fabre-prend-son-envol-en-finlande\/"},"wordCount":529,"commentCount":0,"publisher":{"@id":"https:\/\/dicodusport.fr\/blog\/#organization"},"image":{"@id":"https:\/\/dicodusport.fr\/blog\/hockey-sur-glace-dylan-fabre-prend-son-envol-en-finlande\/#primaryimage"},"thumbnailUrl":"https:\/\/dicodusport.fr\/blog\/wp-content\/uploads\/2023\/05\/Hockey-sur-Glace-Dylan-Fabre-prend-son-envol-en-Finlande.png","keywords":["br\u00e8ve","Br\u00fbleurs de Loups de Grenoble","Dylan Fabre","finlande","France Hockey","hockey sur glace","Liiga"],"articleSection":["Hockey sur glace"],"inLanguage":"fr-FR","potentialAction":[{"@type":"CommentAction","name":"Comment","target":["https:\/\/dicodusport.fr\/blog\/hockey-sur-glace-dylan-fabre-prend-son-envol-en-finlande\/#respond"]}],"copyrightYear":"2023","copyrightHolder":{"@id":"https:\/\/dicodusport.fr\/blog\/#organization"}},{"@type":"WebPage","@id":"https:\/\/dicodusport.fr\/blog\/hockey-sur-glace-dylan-fabre-prend-son-envol-en-finlande\/","url":"https:\/\/dicodusport.fr\/blog\/hockey-sur-glace-dylan-fabre-prend-son-envol-en-finlande\/","name":"Hockey sur Glace : Dylan Fabre prend son envol en Finlande","isPartOf":{"@id":"https:\/\/dicodusport.fr\/blog\/#website"},"primaryImageOfPage":{"@id":"https:\/\/dicodusport.fr\/blog\/hockey-sur-glace-dylan-fabre-prend-son-envol-en-finlande\/#primaryimage"},"image":{"@id":"https:\/\/dicodusport.fr\/blog\/hockey-sur-glace-dylan-fabre-prend-son-envol-en-finlande\/#primaryimage"},"thumbnailUrl":"https:\/\/dicodusport.fr\/blog\/wp-content\/uploads\/2023\/05\/Hockey-sur-Glace-Dylan-Fabre-prend-son-envol-en-Finlande.png","datePublished":"2023-05-26T10:19:38+00:00","description":"HOCKEY SUR GLACE - L'attaquant international fran\u00e7ais de Grenoble Dylan Fabre vient de signer pour deux ans au Porin \u00c4ss\u00e4t, en Finlande.","breadcrumb":{"@id":"https:\/\/dicodusport.fr\/blog\/hockey-sur-glace-dylan-fabre-prend-son-envol-en-finlande\/#breadcrumb"},"inLanguage":"fr-FR","potentialAction":[{"@type":"ReadAction","target":["https:\/\/dicodusport.fr\/blog\/hockey-sur-glace-dylan-fabre-prend-son-envol-en-finlande\/"]}]},{"@type":"ImageObject","inLanguage":"fr-FR","@id":"https:\/\/dicodusport.fr\/blog\/hockey-sur-glace-dylan-fabre-prend-son-envol-en-finlande\/#primaryimage","url":"https:\/\/dicodusport.fr\/blog\/wp-content\/uploads\/2023\/05\/Hockey-sur-Glace-Dylan-Fabre-prend-son-envol-en-Finlande.png","contentUrl":"https:\/\/dicodusport.fr\/blog\/wp-content\/uploads\/2023\/05\/Hockey-sur-Glace-Dylan-Fabre-prend-son-envol-en-Finlande.png","width":800,"height":445,"caption":"Hockey sur Glace Dylan Fabre prend son envol en Finlande"},{"@type":"BreadcrumbList","@id":"https:\/\/dicodusport.fr\/blog\/hockey-sur-glace-dylan-fabre-prend-son-envol-en-finlande\/#breadcrumb","itemListElement":[{"@type":"ListItem","position":1,"name":"Accueil","item":"https:\/\/dicodusport.fr\/blog\/"},{"@type":"ListItem","position":2,"name":"Hockey sur Glace : Dylan Fabre prend son envol en Finlande"}]},{"@type":"WebSite","@id":"https:\/\/dicodusport.fr\/blog\/#website","url":"https:\/\/dicodusport.fr\/blog\/","name":"Dicodusport","description":"L&#039;encyclop\u00e9die de l&#039;actualit\u00e9 sportive","publisher":{"@id":"https:\/\/dicodusport.fr\/blog\/#organization"},"potentialAction":[{"@type":"SearchAction","target":{"@type":"EntryPoint","urlTemplate":"https:\/\/dicodusport.fr\/blog\/?s={search_term_string}"},"query-input":{"@type":"PropertyValueSpecification","valueRequired":true,"valueName":"search_term_string"}}],"inLanguage":"fr-FR"},{"@type":"NewsMediaOrganization","@id":"https:\/\/dicodusport.fr\/blog\/#organization","name":"Dicodusport","url":"https:\/\/dicodusport.fr\/blog\/","logo":{"@type":"ImageObject","inLanguage":"fr-FR","@id":"https:\/\/dicodusport.fr\/blog\/#\/schema\/logo\/image\/","url":"https:\/\/dicodusport.fr\/blog\/wp-content\/uploads\/2020\/06\/cropped-LOGO-DICODUSPORT-2020-SANS-FOND-SANS-TEXTE.png","contentUrl":"https:\/\/dicodusport.fr\/blog\/wp-content\/uploads\/2020\/06\/cropped-LOGO-DICODUSPORT-2020-SANS-FOND-SANS-TEXTE.png","width":512,"height":512,"caption":"Dicodusport"},"image":{"@id":"https:\/\/dicodusport.fr\/blog\/#\/schema\/logo\/image\/"},"sameAs":["https:\/\/www.facebook.com\/dicodusport","https:\/\/x.com\/dicodusport","https:\/\/www.instagram.com\/dicodusport\/","https:\/\/www.youtube.com\/channel\/UC7V2KZ5sd3htJivAbA4ZG3w"],"description":"Dicodusport est l'encyclop\u00e9die de l'actualit\u00e9 sportive.","email":"bonjour@dicodusport.fr","legalName":"DICODUSPORT","foundingDate":"2018-01-14","vatID":"FR71834470973","taxID":"83447097300043","numberOfEmployees":{"@type":"QuantitativeValue","minValue":"1","maxValue":"10"}},{"@type":"Person","@id":"https:\/\/dicodusport.fr\/blog\/#\/schema\/person\/37def232098a7a5cbab3974a3690abb0","name":"Maxime Cazenave","image":{"@type":"ImageObject","inLanguage":"fr-FR","@id":"https:\/\/dicodusport.fr\/blog\/#\/schema\/person\/image\/","url":"https:\/\/dicodusport.fr\/blog\/wp-content\/uploads\/2021\/05\/Maxime-Cazenave-150x150.jpg","contentUrl":"https:\/\/dicodusport.fr\/blog\/wp-content\/uploads\/2021\/05\/Maxime-Cazenave-150x150.jpg","caption":"Maxime Cazenave"},"description":"Journaliste\/R\u00e9dacteur depuis 2012 - Berc\u00e9 par l\u2019amour des Girondins de Bordeaux, les \u00e9checs de Christophe Moreau sur le Tour de France sous l'\u00e8re Lance Armstrong et le fade-away l\u00e9tal de Dirk Nowitzki, ma passion d\u00e9vorante pour le sport a toujours \u00e9t\u00e9 un pan incontournable de ma vie. Transmettre ma passion \u00e0 l\u2019\u00e9crit a \u00e9t\u00e9 une transition naturelle. Suiveur assidu de basket et de hockey sur glace, je garde toujours un peu de place pour suivre le cyclisme, le football et le maximum de performances fran\u00e7aises.","sameAs":["https:\/\/x.com\/https:\/\/twitter.com\/Maxime_Caze"],"url":"https:\/\/dicodusport.fr\/blog\/author\/maximec\/"}]}},"_links":{"self":[{"href":"https:\/\/dicodusport.fr\/blog\/wp-json\/wp\/v2\/posts\/385391","targetHints":{"allow":["GET"]}}],"collection":[{"href":"https:\/\/dicodusport.fr\/blog\/wp-json\/wp\/v2\/posts"}],"about":[{"href":"https:\/\/dicodusport.fr\/blog\/wp-json\/wp\/v2\/types\/post"}],"author":[{"embeddable":true,"href":"https:\/\/dicodusport.fr\/blog\/wp-json\/wp\/v2\/users\/55"}],"replies":[{"embeddable":true,"href":"https:\/\/dicodusport.fr\/blog\/wp-json\/wp\/v2\/comments?post=385391"}],"version-history":[{"count":0,"href":"https:\/\/dicodusport.fr\/blog\/wp-json\/wp\/v2\/posts\/385391\/revisions"}],"wp:featuredmedia":[{"embeddable":true,"href":"https:\/\/dicodusport.fr\/blog\/wp-json\/wp\/v2\/media\/385395"}],"wp:attachment":[{"href":"https:\/\/dicodusport.fr\/blog\/wp-json\/wp\/v2\/media?parent=385391"}],"wp:term":[{"taxonomy":"category","embeddable":true,"href":"https:\/\/dicodusport.fr\/blog\/wp-json\/wp\/v2\/categories?post=385391"},{"taxonomy":"post_tag","embeddable":true,"href":"https:\/\/dicodusport.fr\/blog\/wp-json\/wp\/v2\/tags?post=385391"}],"curies":[{"name":"wp","href":"https:\/\/api.w.org\/{rel}","templated":true}]}}