{"id":385434,"date":"2023-05-26T17:06:30","date_gmt":"2023-05-26T15:06:30","guid":{"rendered":"https:\/\/dicodusport.fr\/blog\/?p=385434&#038;preview=true&#038;preview_id=385434"},"modified":"2023-05-27T11:41:51","modified_gmt":"2023-05-27T09:41:51","slug":"boucles-de-la-mayenne-2023-la-1e-etape-et-la-tete-du-general-pour-oier-lazkano","status":"publish","type":"post","link":"https:\/\/dicodusport.fr\/blog\/boucles-de-la-mayenne-2023-la-1e-etape-et-la-tete-du-general-pour-oier-lazkano\/","title":{"rendered":"Boucles de la Mayenne 2023 : La 1\u00e8re \u00e9tape et la t\u00eate du g\u00e9n\u00e9ral pour Oier Lazkano"},"content":{"rendered":"<p align=\"justify\"><em><strong>BOUCLES DE LA MAYENNE 2023 &#8211; Oier Lazkano (Movistar) a remport\u00e9 la premi\u00e8re \u00e9tape, vendredi. L&rsquo;Espagnol a rejoint l&rsquo;\u00e9chapp\u00e9e du jour \u00e0 80 kilom\u00e8tres de l&rsquo;arriv\u00e9e, avant de se d\u00e9barrasser de tout le monde \u00e0 11 kilom\u00e8tres du but. Il fait coup double en prenant le maillot de leader, et prend une option pour la victoire finale.<\/strong><\/em><\/p>\n<h2>Cinq hommes \u00e0 l&rsquo;avant<\/h2>\n<p style=\"text-align: justify;\">Sur cette \u00e9tape, on savait que les candidats \u00e0 l&rsquo;\u00e9chapp\u00e9e pouvaient \u00eatre nombreux. Mais on savait aussi que les sprinteurs ne voulaient pas laisser passer l&rsquo;occasion. En effet, certains sont plac\u00e9s \u00e0 moins de 10 secondes au g\u00e9n\u00e9ral. On pense \u00e9videmment \u00e0 <strong>Arnaud D\u00e9mare<\/strong> (Groupama-FDJ), qui pouvait prendre le maillot de leader en cas de victoire. Des \u00e9quipes qui vont donc contr\u00f4ler pour la victoire d&rsquo;\u00e9tape.<\/p>\n<p style=\"text-align: justify;\">Malgr\u00e9 tout, cinq coureurs se sont projet\u00e9s \u00e0 l&rsquo;avant, pour former la premi\u00e8re \u00e9chapp\u00e9e de cette \u00e9dition. On y retrouve <strong>Jacob Hindsgaul<\/strong> (Uno-X), <strong>Barnabas Peak<\/strong> (Human Powered Health), <strong>Ma\u00ebl Guegan<\/strong> (CIC U Nantes Atlantique), <strong>Thomas Devaux<\/strong> (Mavic-Saint Micher-Auber 93) et <strong>C\u00e9lestin Guillon<\/strong> (Van Rysel-Roubaix Lille M\u00e9tropole).<\/p>\n<blockquote class=\"twitter-tweet\">\n<p dir=\"ltr\" lang=\"fr\">Changement de physionomie pour l\u2019\u00e9chapp\u00e9e qui dispose de 3,45 d\u2019avance <a href=\"https:\/\/t.co\/cXOYWeVQMy\">pic.twitter.com\/cXOYWeVQMy<\/a><\/p>\n<p>\u2014 Boucles de la Mayenne &#8211; Cr\u00e9dit Mutuel (@boucles53) <a href=\"https:\/\/twitter.com\/boucles53\/status\/1662050881662070785?ref_src=twsrc%5Etfw\">May 26, 2023<\/a><\/p><\/blockquote>\n<p><script async src=\"https:\/\/platform.twitter.com\/widgets.js\" charset=\"utf-8\"><\/script><\/p>\n<p style=\"text-align: justify;\">L&rsquo;\u00e9cart monte \u00e0 4:05 apr\u00e8s 60 kilom\u00e8tres de courses. Avant d&rsquo;aborder les deux premi\u00e8res et principales difficult\u00e9s du jour, le Mont des Avaloirs et Les Champs Elys\u00e9es. Mais cette premi\u00e8re difficult\u00e9 a fait des d\u00e9g\u00e2ts ! Ils ne sont plus que 3 en t\u00eate, <strong>Peak<\/strong> et <strong>Guegan<\/strong> ayant l\u00e2ch\u00e9s. Surtout, \u00e0 pr\u00e8s de 90 kilom\u00e8tres de l&rsquo;arriv\u00e9e, le peloton a explos\u00e9.<\/p>\n<p style=\"text-align: justify;\">Dans le groupe de t\u00eate, on retrouve le leader du g\u00e9n\u00e9ral et vainqueur du prologue jeudi, <strong>Ivo Oliveira<\/strong> (UAE Team Emirates), accompagn\u00e9 de son dauphin <strong>Axel Zingle<\/strong> (Cofidis) et de <strong>Benoit Cosnefroy<\/strong> (AG2R Citro\u00ebn), 3e du g\u00e9n\u00e9ral. On retrouve \u00e9galement le jeune puncheur <strong>Even Costiou<\/strong> (Ark\u00e9a-Samsic). Un groupe qui a pris 40 secondes d&rsquo;avance sur le reste du peloton, avant la c\u00f4te des Champs-Elys\u00e9es. Mais tout rentre dans l&rsquo;ordre.<\/p>\n<h2>L&rsquo;\u00e9chapp\u00e9e reprend du champ<\/h2>\n<p style=\"text-align: justify;\">Des escarmouches encore dans cette deuxi\u00e8me difficult\u00e9. On y retrouve <strong>Marc Hirschi<\/strong> (UAE Team Emirates) et <strong>Cl\u00e9ment Venturini<\/strong> (AG2R Citro\u00ebn), plac\u00e9 \u00e0 8 secondes du leader au g\u00e9n\u00e9ral. Finalement, c&rsquo;est <strong>Oier Lazkano<\/strong> (Movistar) qui revient sur les hommes, auxquels<strong> Ma\u00ebl Guegan<\/strong> a r\u00e9ussi aussi \u00e0 se raccrocher.<\/p>\n<p style=\"text-align: justify;\">Ils sont donc 5, mais le peloton n&rsquo;a plus que 40 secondes de retard \u00e0 80 kilom\u00e8tres de l&rsquo;arriv\u00e9e. Mais ils profitent d&rsquo;un temps calme pour creuser de nouveau, avec un \u00e9cart qui remonte \u00e0 1:40 et m\u00eame \u00e0 2:30 \u00e0 66 kilom\u00e8tres de l&rsquo;arriv\u00e9e. La UAE-Team Emirates ayant apport\u00e9 du calme apr\u00e8s bon nombre d&rsquo;escarmouches. Et l&rsquo;\u00e9cart continue de filer, pour remonter \u00e0 4 minutes.<\/p>\n<h2>Lazkano s&rsquo;envole \u00e0 11 kilom\u00e8tres de l&rsquo;arriv\u00e9e<\/h2>\n<p style=\"text-align: justify;\">Et mine de rien, les cinq hommes peuvent commencer \u00e0 y croire. Car l&rsquo;\u00e9cart est encore de 3:38 \u00e0 38 kilom\u00e8tres de l&rsquo;arriv\u00e9e. Et cela se complique pour le peloton, avec 2:50 \u00e0 22 kilom\u00e8tres de l&rsquo;arriv\u00e9e. M\u00eame si le final est difficile, les cinq hommes peuvent l\u00e9gitimement esp\u00e9rer aller au bout !<\/p>\n<p style=\"text-align: justify;\">\u00c0 11,6 kilom\u00e8tres de l&rsquo;arriv\u00e9e, <strong>Oier Lazkano<\/strong> met une grosse attaque. <strong>C\u00e9lestin Guillin<\/strong> tente bien de l&rsquo;accrocher dans cette difficult\u00e9, mais le jeune Fran\u00e7ais doit abdiquer et laisser l&rsquo;Espagnol filer tout seul. Avec encore 1:30 d&rsquo;avance sur le peloton. Il ne sera jamais revu. Et avec l&rsquo;\u00e9cart creus\u00e9 sur le peloton, il devient un des grands favoris au classement g\u00e9n\u00e9ral de ces <strong>Boucles de la Mayenne 2023<\/strong>.<\/p>\n<blockquote class=\"twitter-tweet\">\n<p dir=\"ltr\" lang=\"fr\">Oier Lazkano (Movistar) effectue un coup double sur la premi\u00e8re \u00e9tape des Boucles de la Mayenne : victoire d&rsquo;\u00e9tape et nouveau leader de la course ! Apr\u00e8s s&rsquo;\u00eatre gliss\u00e9 dans un coup \u00e0 plus de 85km, l&rsquo;Espagnol s&rsquo;est isol\u00e9 \u00e0 11km, pour son premier succ\u00e8s de la saison. <a href=\"https:\/\/twitter.com\/hashtag\/Boucles53?src=hash&amp;ref_src=twsrc%5Etfw\">#Boucles53<\/a> <a href=\"https:\/\/t.co\/Z9ycov0hlQ\">pic.twitter.com\/Z9ycov0hlQ<\/a><\/p>\n<p>\u2014 Le Gruppetto (@LeGruppetto) <a href=\"https:\/\/twitter.com\/LeGruppetto\/status\/1662112033125330952?ref_src=twsrc%5Etfw\">May 26, 2023<\/a><\/p><\/blockquote>\n<p><script async src=\"https:\/\/platform.twitter.com\/widgets.js\" charset=\"utf-8\"><\/script><\/p>\n<h2 style=\"text-align: justify;\">\u00c0 lire aussi<\/h2>\n<ul>\n<li style=\"text-align: justify;\"><a href=\"https:\/\/dicodusport.fr\/blog\/boucles-de-la-mayenne-2023-classement-du-prologue\/\"><strong>Classement de la 1\u00e8re \u00e9tape des Boucles de la Mayenne<\/strong><\/a><\/li>\n<li style=\"text-align: justify;\"><a href=\"https:\/\/dicodusport.fr\/blog\/boucles-de-la-mayenne-2023-classement-general\/\"><strong>Classement g\u00e9n\u00e9ral des Boucles de la Mayenne<\/strong><\/a><\/li>\n<\/ul>\n","protected":false},"excerpt":{"rendered":"<p>BOUCLES DE LA MAYENNE 2023 &#8211; Oier Lazkano (Movistar) a remport\u00e9 la premi\u00e8re \u00e9tape, vendredi. L&rsquo;Espagnol a rejoint l&rsquo;\u00e9chapp\u00e9e du jour \u00e0 80 kilom\u00e8tres de l&rsquo;arriv\u00e9e, avant de se d\u00e9barrasser de tout le monde \u00e0 11 kilom\u00e8tres du but. Il fait coup double en prenant le maillot de leader, et prend une option pour la victoire finale.<\/p>\n","protected":false},"author":83,"featured_media":385484,"comment_status":"open","ping_status":"closed","sticky":false,"template":"","format":"standard","meta":{"_acf_changed":false,"_daextam_enable_autolinks":"","footnotes":""},"categories":[46994],"tags":[8023,16878],"class_list":["post-385434","post","type-post","status-publish","format-standard","has-post-thumbnail","hentry","category-cyclisme-sur-route","tag-boucles-de-la-mayenne","tag-breve"],"acf":[],"yoast_head":"<!-- This site is optimized with the Yoast SEO Premium plugin v26.7 (Yoast SEO v26.7) - https:\/\/yoast.com\/wordpress\/plugins\/seo\/ -->\n<title>Boucles de la Mayenne 2023 : La 1\u00e8re \u00e9tape et la t\u00eate du g\u00e9n\u00e9ral pour Oier Lazkano<\/title>\n<meta name=\"description\" content=\"BOUCLES DE LA MAYENNE 2023 - Oier Lazkano a remport\u00e9 la premi\u00e8re \u00e9tape, vendredi. et fait coup double en prenant le maillot de leader.\" \/>\n<meta name=\"robots\" content=\"index, follow, max-snippet:-1, max-image-preview:large, max-video-preview:-1\" \/>\n<link rel=\"canonical\" href=\"https:\/\/dicodusport.fr\/blog\/boucles-de-la-mayenne-2023-la-1e-etape-et-la-tete-du-general-pour-oier-lazkano\/\" \/>\n<meta property=\"og:locale\" content=\"fr_FR\" \/>\n<meta property=\"og:type\" content=\"article\" \/>\n<meta property=\"og:title\" content=\"Boucles de la Mayenne 2023 : La 1\u00e8re \u00e9tape et la t\u00eate du g\u00e9n\u00e9ral pour Oier Lazkano\" \/>\n<meta property=\"og:description\" content=\"BOUCLES DE LA MAYENNE 2023 - Oier Lazkano a remport\u00e9 la premi\u00e8re \u00e9tape, vendredi. et fait coup double en prenant le maillot de leader.\" \/>\n<meta property=\"og:url\" content=\"https:\/\/dicodusport.fr\/blog\/boucles-de-la-mayenne-2023-la-1e-etape-et-la-tete-du-general-pour-oier-lazkano\/\" \/>\n<meta property=\"og:site_name\" content=\"Dicodusport\" \/>\n<meta property=\"article:publisher\" content=\"https:\/\/www.facebook.com\/dicodusport\" \/>\n<meta property=\"article:published_time\" content=\"2023-05-26T15:06:30+00:00\" \/>\n<meta property=\"article:modified_time\" content=\"2023-05-27T09:41:51+00:00\" \/>\n<meta property=\"og:image\" content=\"https:\/\/dicodusport.fr\/blog\/wp-content\/uploads\/2023\/05\/Boucles-de-la-Mayenne-2023-La-1e-etape-et-la-tete-du-general-pour-Oier-Lazkano.png\" \/>\n\t<meta property=\"og:image:width\" content=\"800\" \/>\n\t<meta property=\"og:image:height\" content=\"445\" \/>\n\t<meta property=\"og:image:type\" content=\"image\/png\" \/>\n<meta name=\"author\" content=\"Etienne Goursaud\" \/>\n<meta name=\"twitter:card\" content=\"summary_large_image\" \/>\n<meta name=\"twitter:title\" content=\"Boucles de la Mayenne 2023 : La 1\u00e8re \u00e9tape et la t\u00eate du g\u00e9n\u00e9ral pour Oier Lazkano\" \/>\n<meta name=\"twitter:creator\" content=\"@dicodusport\" \/>\n<meta name=\"twitter:site\" content=\"@dicodusport\" \/>\n<script type=\"application\/ld+json\" class=\"yoast-schema-graph\">{\"@context\":\"https:\/\/schema.org\",\"@graph\":[{\"@type\":\"NewsArticle\",\"@id\":\"https:\/\/dicodusport.fr\/blog\/boucles-de-la-mayenne-2023-la-1e-etape-et-la-tete-du-general-pour-oier-lazkano\/#article\",\"isPartOf\":{\"@id\":\"https:\/\/dicodusport.fr\/blog\/boucles-de-la-mayenne-2023-la-1e-etape-et-la-tete-du-general-pour-oier-lazkano\/\"},\"author\":{\"name\":\"Etienne Goursaud\",\"@id\":\"https:\/\/dicodusport.fr\/blog\/#\/schema\/person\/d603dd7da31fb2b46c82b9835a77ec13\"},\"headline\":\"Boucles de la Mayenne 2023 : La 1\u00e8re \u00e9tape et la t\u00eate du g\u00e9n\u00e9ral pour Oier Lazkano\",\"datePublished\":\"2023-05-26T15:06:30+00:00\",\"dateModified\":\"2023-05-27T09:41:51+00:00\",\"mainEntityOfPage\":{\"@id\":\"https:\/\/dicodusport.fr\/blog\/boucles-de-la-mayenne-2023-la-1e-etape-et-la-tete-du-general-pour-oier-lazkano\/\"},\"wordCount\":728,\"commentCount\":0,\"publisher\":{\"@id\":\"https:\/\/dicodusport.fr\/blog\/#organization\"},\"image\":{\"@id\":\"https:\/\/dicodusport.fr\/blog\/boucles-de-la-mayenne-2023-la-1e-etape-et-la-tete-du-general-pour-oier-lazkano\/#primaryimage\"},\"thumbnailUrl\":\"https:\/\/dicodusport.fr\/blog\/wp-content\/uploads\/2023\/05\/Boucles-de-la-Mayenne-2023-La-1e-etape-et-la-tete-du-general-pour-Oier-Lazkano.png\",\"keywords\":[\"Boucles de la Mayenne\",\"br\u00e8ve\"],\"articleSection\":[\"Cyclisme sur route\"],\"inLanguage\":\"fr-FR\",\"potentialAction\":[{\"@type\":\"CommentAction\",\"name\":\"Comment\",\"target\":[\"https:\/\/dicodusport.fr\/blog\/boucles-de-la-mayenne-2023-la-1e-etape-et-la-tete-du-general-pour-oier-lazkano\/#respond\"]}],\"copyrightYear\":\"2023\",\"copyrightHolder\":{\"@id\":\"https:\/\/dicodusport.fr\/blog\/#organization\"}},{\"@type\":\"WebPage\",\"@id\":\"https:\/\/dicodusport.fr\/blog\/boucles-de-la-mayenne-2023-la-1e-etape-et-la-tete-du-general-pour-oier-lazkano\/\",\"url\":\"https:\/\/dicodusport.fr\/blog\/boucles-de-la-mayenne-2023-la-1e-etape-et-la-tete-du-general-pour-oier-lazkano\/\",\"name\":\"Boucles de la Mayenne 2023 : La 1\u00e8re \u00e9tape et la t\u00eate du g\u00e9n\u00e9ral pour Oier Lazkano\",\"isPartOf\":{\"@id\":\"https:\/\/dicodusport.fr\/blog\/#website\"},\"primaryImageOfPage\":{\"@id\":\"https:\/\/dicodusport.fr\/blog\/boucles-de-la-mayenne-2023-la-1e-etape-et-la-tete-du-general-pour-oier-lazkano\/#primaryimage\"},\"image\":{\"@id\":\"https:\/\/dicodusport.fr\/blog\/boucles-de-la-mayenne-2023-la-1e-etape-et-la-tete-du-general-pour-oier-lazkano\/#primaryimage\"},\"thumbnailUrl\":\"https:\/\/dicodusport.fr\/blog\/wp-content\/uploads\/2023\/05\/Boucles-de-la-Mayenne-2023-La-1e-etape-et-la-tete-du-general-pour-Oier-Lazkano.png\",\"datePublished\":\"2023-05-26T15:06:30+00:00\",\"dateModified\":\"2023-05-27T09:41:51+00:00\",\"description\":\"BOUCLES DE LA MAYENNE 2023 - Oier Lazkano a remport\u00e9 la premi\u00e8re \u00e9tape, vendredi. et fait coup double en prenant le maillot de leader.\",\"breadcrumb\":{\"@id\":\"https:\/\/dicodusport.fr\/blog\/boucles-de-la-mayenne-2023-la-1e-etape-et-la-tete-du-general-pour-oier-lazkano\/#breadcrumb\"},\"inLanguage\":\"fr-FR\",\"potentialAction\":[{\"@type\":\"ReadAction\",\"target\":[\"https:\/\/dicodusport.fr\/blog\/boucles-de-la-mayenne-2023-la-1e-etape-et-la-tete-du-general-pour-oier-lazkano\/\"]}]},{\"@type\":\"ImageObject\",\"inLanguage\":\"fr-FR\",\"@id\":\"https:\/\/dicodusport.fr\/blog\/boucles-de-la-mayenne-2023-la-1e-etape-et-la-tete-du-general-pour-oier-lazkano\/#primaryimage\",\"url\":\"https:\/\/dicodusport.fr\/blog\/wp-content\/uploads\/2023\/05\/Boucles-de-la-Mayenne-2023-La-1e-etape-et-la-tete-du-general-pour-Oier-Lazkano.png\",\"contentUrl\":\"https:\/\/dicodusport.fr\/blog\/wp-content\/uploads\/2023\/05\/Boucles-de-la-Mayenne-2023-La-1e-etape-et-la-tete-du-general-pour-Oier-Lazkano.png\",\"width\":800,\"height\":445,\"caption\":\"Boucles de la Mayenne 2023 La 1e \u00e9tape et la t\u00eate du g\u00e9n\u00e9ral pour Oier Lazkano\"},{\"@type\":\"BreadcrumbList\",\"@id\":\"https:\/\/dicodusport.fr\/blog\/boucles-de-la-mayenne-2023-la-1e-etape-et-la-tete-du-general-pour-oier-lazkano\/#breadcrumb\",\"itemListElement\":[{\"@type\":\"ListItem\",\"position\":1,\"name\":\"Accueil\",\"item\":\"https:\/\/dicodusport.fr\/blog\/\"},{\"@type\":\"ListItem\",\"position\":2,\"name\":\"Boucles de la Mayenne 2023 : La 1\u00e8re \u00e9tape et la t\u00eate du g\u00e9n\u00e9ral pour Oier Lazkano\"}]},{\"@type\":\"WebSite\",\"@id\":\"https:\/\/dicodusport.fr\/blog\/#website\",\"url\":\"https:\/\/dicodusport.fr\/blog\/\",\"name\":\"Dicodusport\",\"description\":\"L&#039;encyclop\u00e9die de l&#039;actualit\u00e9 sportive\",\"publisher\":{\"@id\":\"https:\/\/dicodusport.fr\/blog\/#organization\"},\"potentialAction\":[{\"@type\":\"SearchAction\",\"target\":{\"@type\":\"EntryPoint\",\"urlTemplate\":\"https:\/\/dicodusport.fr\/blog\/?s={search_term_string}\"},\"query-input\":{\"@type\":\"PropertyValueSpecification\",\"valueRequired\":true,\"valueName\":\"search_term_string\"}}],\"inLanguage\":\"fr-FR\"},{\"@type\":\"NewsMediaOrganization\",\"@id\":\"https:\/\/dicodusport.fr\/blog\/#organization\",\"name\":\"Dicodusport\",\"url\":\"https:\/\/dicodusport.fr\/blog\/\",\"logo\":{\"@type\":\"ImageObject\",\"inLanguage\":\"fr-FR\",\"@id\":\"https:\/\/dicodusport.fr\/blog\/#\/schema\/logo\/image\/\",\"url\":\"https:\/\/dicodusport.fr\/blog\/wp-content\/uploads\/2020\/06\/cropped-LOGO-DICODUSPORT-2020-SANS-FOND-SANS-TEXTE.png\",\"contentUrl\":\"https:\/\/dicodusport.fr\/blog\/wp-content\/uploads\/2020\/06\/cropped-LOGO-DICODUSPORT-2020-SANS-FOND-SANS-TEXTE.png\",\"width\":512,\"height\":512,\"caption\":\"Dicodusport\"},\"image\":{\"@id\":\"https:\/\/dicodusport.fr\/blog\/#\/schema\/logo\/image\/\"},\"sameAs\":[\"https:\/\/www.facebook.com\/dicodusport\",\"https:\/\/x.com\/dicodusport\",\"https:\/\/www.instagram.com\/dicodusport\/\",\"https:\/\/www.youtube.com\/channel\/UC7V2KZ5sd3htJivAbA4ZG3w\"],\"description\":\"Dicodusport est l'encyclop\u00e9die de l'actualit\u00e9 sportive.\",\"email\":\"bonjour@dicodusport.fr\",\"legalName\":\"DICODUSPORT\",\"foundingDate\":\"2018-01-14\",\"vatID\":\"FR71834470973\",\"taxID\":\"83447097300043\",\"numberOfEmployees\":{\"@type\":\"QuantitativeValue\",\"minValue\":\"1\",\"maxValue\":\"10\"}},{\"@type\":\"Person\",\"@id\":\"https:\/\/dicodusport.fr\/blog\/#\/schema\/person\/d603dd7da31fb2b46c82b9835a77ec13\",\"name\":\"Etienne Goursaud\",\"image\":{\"@type\":\"ImageObject\",\"inLanguage\":\"fr-FR\",\"@id\":\"https:\/\/dicodusport.fr\/blog\/#\/schema\/person\/image\/\",\"url\":\"https:\/\/dicodusport.fr\/blog\/wp-content\/uploads\/2023\/12\/410122264_10231602061736049_5565839791558026645_n-150x150.jpg\",\"contentUrl\":\"https:\/\/dicodusport.fr\/blog\/wp-content\/uploads\/2023\/12\/410122264_10231602061736049_5565839791558026645_n-150x150.jpg\",\"caption\":\"Etienne Goursaud\"},\"description\":\"Journaliste et amoureux de sport. Ancien footballeur reconverti athl\u00e8te quand ses muscles le laissent tranquille. \u00c9lev\u00e9 \u00e0 la sauce des exploits de Thomas Voeckler en 2004, du dernier essai de l\u00e9gende de Eunice Barber \u00e0 la longueur lors des championnats du monde d'athl\u00e9tisme de 2003 mais aussi Zidane, Omeyer et Titou Lamaison.\",\"url\":\"https:\/\/dicodusport.fr\/blog\/author\/etienne-goursaud\/\"}]}<\/script>\n<!-- \/ Yoast SEO Premium plugin. -->","yoast_head_json":{"title":"Boucles de la Mayenne 2023 : La 1\u00e8re \u00e9tape et la t\u00eate du g\u00e9n\u00e9ral pour Oier Lazkano","description":"BOUCLES DE LA MAYENNE 2023 - Oier Lazkano a remport\u00e9 la premi\u00e8re \u00e9tape, vendredi. et fait coup double en prenant le maillot de leader.","robots":{"index":"index","follow":"follow","max-snippet":"max-snippet:-1","max-image-preview":"max-image-preview:large","max-video-preview":"max-video-preview:-1"},"canonical":"https:\/\/dicodusport.fr\/blog\/boucles-de-la-mayenne-2023-la-1e-etape-et-la-tete-du-general-pour-oier-lazkano\/","og_locale":"fr_FR","og_type":"article","og_title":"Boucles de la Mayenne 2023 : La 1\u00e8re \u00e9tape et la t\u00eate du g\u00e9n\u00e9ral pour Oier Lazkano","og_description":"BOUCLES DE LA MAYENNE 2023 - Oier Lazkano a remport\u00e9 la premi\u00e8re \u00e9tape, vendredi. et fait coup double en prenant le maillot de leader.","og_url":"https:\/\/dicodusport.fr\/blog\/boucles-de-la-mayenne-2023-la-1e-etape-et-la-tete-du-general-pour-oier-lazkano\/","og_site_name":"Dicodusport","article_publisher":"https:\/\/www.facebook.com\/dicodusport","article_published_time":"2023-05-26T15:06:30+00:00","article_modified_time":"2023-05-27T09:41:51+00:00","og_image":[{"width":800,"height":445,"url":"https:\/\/dicodusport.fr\/blog\/wp-content\/uploads\/2023\/05\/Boucles-de-la-Mayenne-2023-La-1e-etape-et-la-tete-du-general-pour-Oier-Lazkano.png","type":"image\/png"}],"author":"Etienne Goursaud","twitter_card":"summary_large_image","twitter_title":"Boucles de la Mayenne 2023 : La 1\u00e8re \u00e9tape et la t\u00eate du g\u00e9n\u00e9ral pour Oier Lazkano","twitter_creator":"@dicodusport","twitter_site":"@dicodusport","schema":{"@context":"https:\/\/schema.org","@graph":[{"@type":"NewsArticle","@id":"https:\/\/dicodusport.fr\/blog\/boucles-de-la-mayenne-2023-la-1e-etape-et-la-tete-du-general-pour-oier-lazkano\/#article","isPartOf":{"@id":"https:\/\/dicodusport.fr\/blog\/boucles-de-la-mayenne-2023-la-1e-etape-et-la-tete-du-general-pour-oier-lazkano\/"},"author":{"name":"Etienne Goursaud","@id":"https:\/\/dicodusport.fr\/blog\/#\/schema\/person\/d603dd7da31fb2b46c82b9835a77ec13"},"headline":"Boucles de la Mayenne 2023 : La 1\u00e8re \u00e9tape et la t\u00eate du g\u00e9n\u00e9ral pour Oier Lazkano","datePublished":"2023-05-26T15:06:30+00:00","dateModified":"2023-05-27T09:41:51+00:00","mainEntityOfPage":{"@id":"https:\/\/dicodusport.fr\/blog\/boucles-de-la-mayenne-2023-la-1e-etape-et-la-tete-du-general-pour-oier-lazkano\/"},"wordCount":728,"commentCount":0,"publisher":{"@id":"https:\/\/dicodusport.fr\/blog\/#organization"},"image":{"@id":"https:\/\/dicodusport.fr\/blog\/boucles-de-la-mayenne-2023-la-1e-etape-et-la-tete-du-general-pour-oier-lazkano\/#primaryimage"},"thumbnailUrl":"https:\/\/dicodusport.fr\/blog\/wp-content\/uploads\/2023\/05\/Boucles-de-la-Mayenne-2023-La-1e-etape-et-la-tete-du-general-pour-Oier-Lazkano.png","keywords":["Boucles de la Mayenne","br\u00e8ve"],"articleSection":["Cyclisme sur route"],"inLanguage":"fr-FR","potentialAction":[{"@type":"CommentAction","name":"Comment","target":["https:\/\/dicodusport.fr\/blog\/boucles-de-la-mayenne-2023-la-1e-etape-et-la-tete-du-general-pour-oier-lazkano\/#respond"]}],"copyrightYear":"2023","copyrightHolder":{"@id":"https:\/\/dicodusport.fr\/blog\/#organization"}},{"@type":"WebPage","@id":"https:\/\/dicodusport.fr\/blog\/boucles-de-la-mayenne-2023-la-1e-etape-et-la-tete-du-general-pour-oier-lazkano\/","url":"https:\/\/dicodusport.fr\/blog\/boucles-de-la-mayenne-2023-la-1e-etape-et-la-tete-du-general-pour-oier-lazkano\/","name":"Boucles de la Mayenne 2023 : La 1\u00e8re \u00e9tape et la t\u00eate du g\u00e9n\u00e9ral pour Oier Lazkano","isPartOf":{"@id":"https:\/\/dicodusport.fr\/blog\/#website"},"primaryImageOfPage":{"@id":"https:\/\/dicodusport.fr\/blog\/boucles-de-la-mayenne-2023-la-1e-etape-et-la-tete-du-general-pour-oier-lazkano\/#primaryimage"},"image":{"@id":"https:\/\/dicodusport.fr\/blog\/boucles-de-la-mayenne-2023-la-1e-etape-et-la-tete-du-general-pour-oier-lazkano\/#primaryimage"},"thumbnailUrl":"https:\/\/dicodusport.fr\/blog\/wp-content\/uploads\/2023\/05\/Boucles-de-la-Mayenne-2023-La-1e-etape-et-la-tete-du-general-pour-Oier-Lazkano.png","datePublished":"2023-05-26T15:06:30+00:00","dateModified":"2023-05-27T09:41:51+00:00","description":"BOUCLES DE LA MAYENNE 2023 - Oier Lazkano a remport\u00e9 la premi\u00e8re \u00e9tape, vendredi. et fait coup double en prenant le maillot de leader.","breadcrumb":{"@id":"https:\/\/dicodusport.fr\/blog\/boucles-de-la-mayenne-2023-la-1e-etape-et-la-tete-du-general-pour-oier-lazkano\/#breadcrumb"},"inLanguage":"fr-FR","potentialAction":[{"@type":"ReadAction","target":["https:\/\/dicodusport.fr\/blog\/boucles-de-la-mayenne-2023-la-1e-etape-et-la-tete-du-general-pour-oier-lazkano\/"]}]},{"@type":"ImageObject","inLanguage":"fr-FR","@id":"https:\/\/dicodusport.fr\/blog\/boucles-de-la-mayenne-2023-la-1e-etape-et-la-tete-du-general-pour-oier-lazkano\/#primaryimage","url":"https:\/\/dicodusport.fr\/blog\/wp-content\/uploads\/2023\/05\/Boucles-de-la-Mayenne-2023-La-1e-etape-et-la-tete-du-general-pour-Oier-Lazkano.png","contentUrl":"https:\/\/dicodusport.fr\/blog\/wp-content\/uploads\/2023\/05\/Boucles-de-la-Mayenne-2023-La-1e-etape-et-la-tete-du-general-pour-Oier-Lazkano.png","width":800,"height":445,"caption":"Boucles de la Mayenne 2023 La 1e \u00e9tape et la t\u00eate du g\u00e9n\u00e9ral pour Oier Lazkano"},{"@type":"BreadcrumbList","@id":"https:\/\/dicodusport.fr\/blog\/boucles-de-la-mayenne-2023-la-1e-etape-et-la-tete-du-general-pour-oier-lazkano\/#breadcrumb","itemListElement":[{"@type":"ListItem","position":1,"name":"Accueil","item":"https:\/\/dicodusport.fr\/blog\/"},{"@type":"ListItem","position":2,"name":"Boucles de la Mayenne 2023 : La 1\u00e8re \u00e9tape et la t\u00eate du g\u00e9n\u00e9ral pour Oier Lazkano"}]},{"@type":"WebSite","@id":"https:\/\/dicodusport.fr\/blog\/#website","url":"https:\/\/dicodusport.fr\/blog\/","name":"Dicodusport","description":"L&#039;encyclop\u00e9die de l&#039;actualit\u00e9 sportive","publisher":{"@id":"https:\/\/dicodusport.fr\/blog\/#organization"},"potentialAction":[{"@type":"SearchAction","target":{"@type":"EntryPoint","urlTemplate":"https:\/\/dicodusport.fr\/blog\/?s={search_term_string}"},"query-input":{"@type":"PropertyValueSpecification","valueRequired":true,"valueName":"search_term_string"}}],"inLanguage":"fr-FR"},{"@type":"NewsMediaOrganization","@id":"https:\/\/dicodusport.fr\/blog\/#organization","name":"Dicodusport","url":"https:\/\/dicodusport.fr\/blog\/","logo":{"@type":"ImageObject","inLanguage":"fr-FR","@id":"https:\/\/dicodusport.fr\/blog\/#\/schema\/logo\/image\/","url":"https:\/\/dicodusport.fr\/blog\/wp-content\/uploads\/2020\/06\/cropped-LOGO-DICODUSPORT-2020-SANS-FOND-SANS-TEXTE.png","contentUrl":"https:\/\/dicodusport.fr\/blog\/wp-content\/uploads\/2020\/06\/cropped-LOGO-DICODUSPORT-2020-SANS-FOND-SANS-TEXTE.png","width":512,"height":512,"caption":"Dicodusport"},"image":{"@id":"https:\/\/dicodusport.fr\/blog\/#\/schema\/logo\/image\/"},"sameAs":["https:\/\/www.facebook.com\/dicodusport","https:\/\/x.com\/dicodusport","https:\/\/www.instagram.com\/dicodusport\/","https:\/\/www.youtube.com\/channel\/UC7V2KZ5sd3htJivAbA4ZG3w"],"description":"Dicodusport est l'encyclop\u00e9die de l'actualit\u00e9 sportive.","email":"bonjour@dicodusport.fr","legalName":"DICODUSPORT","foundingDate":"2018-01-14","vatID":"FR71834470973","taxID":"83447097300043","numberOfEmployees":{"@type":"QuantitativeValue","minValue":"1","maxValue":"10"}},{"@type":"Person","@id":"https:\/\/dicodusport.fr\/blog\/#\/schema\/person\/d603dd7da31fb2b46c82b9835a77ec13","name":"Etienne Goursaud","image":{"@type":"ImageObject","inLanguage":"fr-FR","@id":"https:\/\/dicodusport.fr\/blog\/#\/schema\/person\/image\/","url":"https:\/\/dicodusport.fr\/blog\/wp-content\/uploads\/2023\/12\/410122264_10231602061736049_5565839791558026645_n-150x150.jpg","contentUrl":"https:\/\/dicodusport.fr\/blog\/wp-content\/uploads\/2023\/12\/410122264_10231602061736049_5565839791558026645_n-150x150.jpg","caption":"Etienne Goursaud"},"description":"Journaliste et amoureux de sport. Ancien footballeur reconverti athl\u00e8te quand ses muscles le laissent tranquille. \u00c9lev\u00e9 \u00e0 la sauce des exploits de Thomas Voeckler en 2004, du dernier essai de l\u00e9gende de Eunice Barber \u00e0 la longueur lors des championnats du monde d'athl\u00e9tisme de 2003 mais aussi Zidane, Omeyer et Titou Lamaison.","url":"https:\/\/dicodusport.fr\/blog\/author\/etienne-goursaud\/"}]}},"_links":{"self":[{"href":"https:\/\/dicodusport.fr\/blog\/wp-json\/wp\/v2\/posts\/385434","targetHints":{"allow":["GET"]}}],"collection":[{"href":"https:\/\/dicodusport.fr\/blog\/wp-json\/wp\/v2\/posts"}],"about":[{"href":"https:\/\/dicodusport.fr\/blog\/wp-json\/wp\/v2\/types\/post"}],"author":[{"embeddable":true,"href":"https:\/\/dicodusport.fr\/blog\/wp-json\/wp\/v2\/users\/83"}],"replies":[{"embeddable":true,"href":"https:\/\/dicodusport.fr\/blog\/wp-json\/wp\/v2\/comments?post=385434"}],"version-history":[{"count":0,"href":"https:\/\/dicodusport.fr\/blog\/wp-json\/wp\/v2\/posts\/385434\/revisions"}],"wp:featuredmedia":[{"embeddable":true,"href":"https:\/\/dicodusport.fr\/blog\/wp-json\/wp\/v2\/media\/385484"}],"wp:attachment":[{"href":"https:\/\/dicodusport.fr\/blog\/wp-json\/wp\/v2\/media?parent=385434"}],"wp:term":[{"taxonomy":"category","embeddable":true,"href":"https:\/\/dicodusport.fr\/blog\/wp-json\/wp\/v2\/categories?post=385434"},{"taxonomy":"post_tag","embeddable":true,"href":"https:\/\/dicodusport.fr\/blog\/wp-json\/wp\/v2\/tags?post=385434"}],"curies":[{"name":"wp","href":"https:\/\/api.w.org\/{rel}","templated":true}]}}