{"id":385453,"date":"2023-05-26T15:17:30","date_gmt":"2023-05-26T13:17:30","guid":{"rendered":"https:\/\/dicodusport.fr\/blog\/?p=385453&#038;preview=true&#038;preview_id=385453"},"modified":"2023-05-26T16:04:40","modified_gmt":"2023-05-26T14:04:40","slug":"athletisme-damian-warner-et-anouk-vetter-prets-a-remettre-leur-couronne-en-jeu-a-gotzis","status":"publish","type":"post","link":"https:\/\/dicodusport.fr\/blog\/athletisme-damian-warner-et-anouk-vetter-prets-a-remettre-leur-couronne-en-jeu-a-gotzis\/","title":{"rendered":"Athl\u00e9tisme : Damian Warner et Anouk Vetter pr\u00eats \u00e0 remettre leur couronne en jeu \u00e0 G\u00f6tzis"},"content":{"rendered":"<p align=\"justify\"><em><strong>ATHL\u00c9TISME &#8211; En marge du meeting de G\u00f6tzis, sorte d&rsquo;\u00e9tape de Diamond League pour combinards, Anouk Vetter et Damian Warner \u00e9taient en conf\u00e9rence de presse ce vendredi avant le grand affrontement du week-end.<\/strong><\/em><\/p>\n<p style=\"text-align: justify;\"><b>Damian Warner <\/b><span style=\"font-weight: 400;\">et <\/span><b>Anouk Vetter <\/b><span style=\"font-weight: 400;\">seront favoris \u00e0 leur propre succession ce week-end, \u00e0 G\u00f6tzis. Les deux vainqueurs en 2022 avancent tout de m\u00eame dans l\u2019inconnu. Ils n\u2019ont pas fait de saison en salle &#8211; la N\u00e9erlandaise n\u2019en fait jamais &#8211; et ont retrouv\u00e9 la comp\u00e9tition il y a seulement quelques semaines. Le champion olympique pr\u00e9cise, en souriant : <em>\u00ab <\/em><\/span><i><span style=\"font-weight: 400;\">Il y a deux ans, je ne savais pas si j\u2019\u00e9tais pr\u00eat, si j\u2019allais \u00eatre \u00e0 un bon niveau et finalement, j&rsquo;ai presque fait 9 000 points \u00bb. <\/span><\/i><span style=\"font-weight: 400;\">Cet hiver, l\u2019homme de l\u2019Ontario a d\u2019abord soign\u00e9 une blessure \u00e0 un tendon contract\u00e9 en fin d\u2019ann\u00e9e derni\u00e8re. Il a ensuite encha\u00een\u00e9 avec un gros travail en indoor.<\/span><\/p>\n<p style=\"text-align: justify;\"><span style=\"font-weight: 400;\">Le mois dernier, <\/span><b>Warner<\/b><span style=\"font-weight: 400;\"> s\u2019est envol\u00e9 pour un stage en Louisiane avec son nouveau groupe d\u2019entra\u00eenement. Un voyage b\u00e9n\u00e9fique pour sa pr\u00e9paration o\u00f9 il a pu avoir un peu de confrontation sur un meeting \u00e0 B\u00e2ton-Rouge. Pour sa 10e participation, le Canadien se rem\u00e9more ses premiers pas au Hypomeeting, en 2013. <em>\u00ab <\/em><\/span><i><span style=\"font-weight: 400;\">J\u2019\u00e9tais le petit nouveau, je n\u2019attendais rien de sp\u00e9cial, je voulais simplement donner le meilleur de moi-m\u00eame. C\u2019\u00e9tait g\u00e9nial de pouvoir repr\u00e9senter le Canada \u00e0 l\u2019\u00e9tranger \u00bb.\u00a0<\/span><\/i><\/p>\n<div class=\"vlp-link-container vlp-layout-article\"><a href=\"https:\/\/dicodusport.fr\/blog\/hypomeeting-gotzis-le-plateau-du-decathlon\/\" class=\"vlp-link\" title=\"Hypomeeting G\u00f6tzis : Le plateau du d\u00e9cathlon\"><\/a><div class=\"vlp-layout-zone-side\"><div class=\"vlp-block-4 vlp-link-image\"><img loading=\"lazy\" decoding=\"async\" style=\"max-width: 800px;\" width=\"800\" height=\"445\" src=\"https:\/\/dicodusport.fr\/blog\/wp-content\/uploads\/2023\/05\/Hypomeeting-Gotzis-Le-plateau-du-decathlon.png\" class=\"attachment-800x445 size-800x445\" alt=\"Hypomeeting G\u00f6tzis Le plateau du d\u00e9cathlon\" srcset=\"https:\/\/dicodusport.fr\/blog\/wp-content\/uploads\/2023\/05\/Hypomeeting-Gotzis-Le-plateau-du-decathlon.png 800w, https:\/\/dicodusport.fr\/blog\/wp-content\/uploads\/2023\/05\/Hypomeeting-Gotzis-Le-plateau-du-decathlon-300x167.png 300w, https:\/\/dicodusport.fr\/blog\/wp-content\/uploads\/2023\/05\/Hypomeeting-Gotzis-Le-plateau-du-decathlon-768x427.png 768w\" sizes=\"auto, (max-width: 800px) 100vw, 800px\" \/><\/div><\/div><div class=\"vlp-layout-zone-main\"><div class=\"vlp-block-0 vlp-link-title\">Hypomeeting G\u00f6tzis : Le plateau du d\u00e9cathlon<\/div><div class=\"vlp-block-1 vlp-link-summary\">ATHL\u00c9TISME - G\u00f6tzis est un rendez-vous incontournable pour les \u00e9preuves combin\u00e9es depuis pr\u00e8s de 50 ans. Cette ann\u00e9e, le programme est tout aussi all\u00e9chant. Pr\u00e9sentation des forces en pr\u00e9sence avant le meeting autrichien, ce week-end.<\/div><div class=\"vlp-block-2 vlp-link-button\">Lire l'article<\/div><div class=\"vlp-block-3 vlp-link-url\">dicodusport.fr<\/div><\/div><\/div>\n<h2 style=\"text-align: justify;\" align=\"justify\">Anouk Vetter dans les starting-blocks<\/h2>\n<p style=\"text-align: justify;\"><span style=\"font-weight: 400;\">Les attentes autour d\u2019<\/span><b>Anouk Vetter <\/b><span style=\"font-weight: 400;\">sont assez paradoxales. L\u2019heptathl\u00e8te figure sur l\u2019affiche de cette 48e \u00e9dition du meeting de G\u00f6tzis mais d\u2019autres adversaires lui volent la vedette. \u00c7a ne lui d\u00e9pla\u00eet pas forc\u00e9ment. <em>\u00ab <\/em><\/span><i><span style=\"font-weight: 400;\">Ne pas \u00eatre mise en lumi\u00e8re me va tr\u00e8s bien. D\u2019autres filles ont r\u00e9alis\u00e9 une tr\u00e8s bonne saison indoor, moi, j&rsquo;ai fait l&rsquo;impasse. Je me sens pr\u00eate \u00e0 les affronter \u00bb. <\/span><\/i><span style=\"font-weight: 400;\">Les athl\u00e8tes dont elle parle sont surtout <\/span><b>Anna Hall <\/b><span style=\"font-weight: 400;\">et <\/span><b>Adrianna Sulek<\/b><span style=\"font-weight: 400;\">. L\u2019Am\u00e9ricaine et la Polonaise sont toutes les deux devenues membres du club des 5 000 au pentathlon. Elles sont au top de leur forme avant d\u2019affronter la piste du M\u00f6sle-Stadion samedi et dimanche.<\/span><\/p>\n<p style=\"text-align: justify;\"><span style=\"font-weight: 400;\">L\u2019adversit\u00e9 ne l\u2019inqui\u00e8te pas plus que \u00e7a, ses propos sont remplis de lucidit\u00e9. <em>\u00ab <\/em><\/span><i><span style=\"font-weight: 400;\">Je sais que j\u2019ai besoin d\u2019un gros score pour monter sur le podium. L\u2019ann\u00e9e derni\u00e8re, aux Mondiaux, il fallait 6 700 points par exemple \u00bb. <\/span><\/i><b>Anouk Vetter <\/b><span style=\"font-weight: 400;\">est confiante, car son groupe d\u2019entra\u00eenement la pousse toujours \u00e0 mieux faire. <\/span><b>Emma Oosterwegel <\/b><span style=\"font-weight: 400;\">poss\u00e8de un record \u00e0 6 590 points et la jeune <\/span><b>Sofie Dokter<\/b><span style=\"font-weight: 400;\">, meilleure d\u00e9butante il y a un an en Autriche et sur la liste de d\u00e9part en 2023, progresse petit \u00e0 petit. Bref, les deux m\u00e9daill\u00e9s olympiques \u00e0 Tokyo se sentent \u00e0 la hauteur du rendez-vous qui les attend ce week-end.\u00a0\u00a0<\/span><\/p>\n","protected":false},"excerpt":{"rendered":"<p>ATHL\u00c9TISME &#8211; En marge du meeting de G\u00f6tzis, sorte d&rsquo;\u00e9tape de Diamond League pour combinards, Anouk Vetter et Damian Warner \u00e9taient en conf\u00e9rence de presse ce vendredi avant le grand affrontement du week-end.<\/p>\n","protected":false},"author":61,"featured_media":385458,"comment_status":"open","ping_status":"closed","sticky":false,"template":"","format":"standard","meta":{"_acf_changed":false,"_daextam_enable_autolinks":"","footnotes":""},"categories":[2308],"tags":[18426,143,16878,8774,31694],"class_list":["post-385453","post","type-post","status-publish","format-standard","has-post-thumbnail","hentry","category-athletisme","tag-anouk-vetter","tag-athletisme","tag-breve","tag-damian-warner","tag-hypomeeting-gotzis"],"acf":[],"yoast_head":"<!-- This site is optimized with the Yoast SEO Premium plugin v26.7 (Yoast SEO v26.7) - https:\/\/yoast.com\/wordpress\/plugins\/seo\/ -->\n<title>Athl\u00e9tisme : Damian Warner et Anouk Vetter pr\u00eats \u00e0 remettre leur couronne en jeu \u00e0 G\u00f6tzis<\/title>\n<meta name=\"description\" content=\"En marge du meeting de G\u00f6tzis, Anouk Vetter et Damian Warner \u00e9taient en conf\u00e9rence de presse ce vendredi avant le grand affrontement du week-end.\" \/>\n<meta name=\"robots\" content=\"index, follow, max-snippet:-1, max-image-preview:large, max-video-preview:-1\" \/>\n<link rel=\"canonical\" href=\"https:\/\/dicodusport.fr\/blog\/athletisme-damian-warner-et-anouk-vetter-prets-a-remettre-leur-couronne-en-jeu-a-gotzis\/\" \/>\n<meta property=\"og:locale\" content=\"fr_FR\" \/>\n<meta property=\"og:type\" content=\"article\" \/>\n<meta property=\"og:title\" content=\"Athl\u00e9tisme : Damian Warner et Anouk Vetter pr\u00eats \u00e0 remettre leur couronne en jeu \u00e0 G\u00f6tzis\" \/>\n<meta property=\"og:description\" content=\"En marge du meeting de G\u00f6tzis, Anouk Vetter et Damian Warner \u00e9taient en conf\u00e9rence de presse ce vendredi avant le grand affrontement du week-end.\" \/>\n<meta property=\"og:url\" content=\"https:\/\/dicodusport.fr\/blog\/athletisme-damian-warner-et-anouk-vetter-prets-a-remettre-leur-couronne-en-jeu-a-gotzis\/\" \/>\n<meta property=\"og:site_name\" content=\"Dicodusport\" \/>\n<meta property=\"article:publisher\" content=\"https:\/\/www.facebook.com\/dicodusport\" \/>\n<meta property=\"article:published_time\" content=\"2023-05-26T13:17:30+00:00\" \/>\n<meta property=\"article:modified_time\" content=\"2023-05-26T14:04:40+00:00\" \/>\n<meta property=\"og:image\" content=\"https:\/\/dicodusport.fr\/blog\/wp-content\/uploads\/2023\/05\/Athletisme-Damian-Warner-et-Anouk-Vetter-prets-a-remettre-leur-couronne-en-jeu-a-Gotzis.png\" \/>\n\t<meta property=\"og:image:width\" content=\"800\" \/>\n\t<meta property=\"og:image:height\" content=\"445\" \/>\n\t<meta property=\"og:image:type\" content=\"image\/png\" \/>\n<meta name=\"author\" content=\"Pierre Gorce\" \/>\n<meta name=\"twitter:card\" content=\"summary_large_image\" \/>\n<meta name=\"twitter:title\" content=\"Athl\u00e9tisme : Damian Warner et Anouk Vetter pr\u00eats \u00e0 remettre leur couronne en jeu \u00e0 G\u00f6tzis\" \/>\n<meta name=\"twitter:creator\" content=\"@https:\/\/twitter.com\/pierregorce12\" \/>\n<meta name=\"twitter:site\" content=\"@dicodusport\" \/>\n<script type=\"application\/ld+json\" class=\"yoast-schema-graph\">{\"@context\":\"https:\/\/schema.org\",\"@graph\":[{\"@type\":\"NewsArticle\",\"@id\":\"https:\/\/dicodusport.fr\/blog\/athletisme-damian-warner-et-anouk-vetter-prets-a-remettre-leur-couronne-en-jeu-a-gotzis\/#article\",\"isPartOf\":{\"@id\":\"https:\/\/dicodusport.fr\/blog\/athletisme-damian-warner-et-anouk-vetter-prets-a-remettre-leur-couronne-en-jeu-a-gotzis\/\"},\"author\":{\"name\":\"Pierre Gorce\",\"@id\":\"https:\/\/dicodusport.fr\/blog\/#\/schema\/person\/0eaf70b33d703a1a66b1155ac1bda018\"},\"headline\":\"Athl\u00e9tisme : Damian Warner et Anouk Vetter pr\u00eats \u00e0 remettre leur couronne en jeu \u00e0 G\u00f6tzis\",\"datePublished\":\"2023-05-26T13:17:30+00:00\",\"dateModified\":\"2023-05-26T14:04:40+00:00\",\"mainEntityOfPage\":{\"@id\":\"https:\/\/dicodusport.fr\/blog\/athletisme-damian-warner-et-anouk-vetter-prets-a-remettre-leur-couronne-en-jeu-a-gotzis\/\"},\"wordCount\":591,\"commentCount\":0,\"publisher\":{\"@id\":\"https:\/\/dicodusport.fr\/blog\/#organization\"},\"image\":{\"@id\":\"https:\/\/dicodusport.fr\/blog\/athletisme-damian-warner-et-anouk-vetter-prets-a-remettre-leur-couronne-en-jeu-a-gotzis\/#primaryimage\"},\"thumbnailUrl\":\"https:\/\/dicodusport.fr\/blog\/wp-content\/uploads\/2023\/05\/Athletisme-Damian-Warner-et-Anouk-Vetter-prets-a-remettre-leur-couronne-en-jeu-a-Gotzis.png\",\"keywords\":[\"Anouk Vetter\",\"Athl\u00e9tisme\",\"br\u00e8ve\",\"Damian Warner\",\"Hypomeeting G\u00f6tzis\"],\"articleSection\":[\"Athl\u00e9tisme\"],\"inLanguage\":\"fr-FR\",\"potentialAction\":[{\"@type\":\"CommentAction\",\"name\":\"Comment\",\"target\":[\"https:\/\/dicodusport.fr\/blog\/athletisme-damian-warner-et-anouk-vetter-prets-a-remettre-leur-couronne-en-jeu-a-gotzis\/#respond\"]}],\"copyrightYear\":\"2023\",\"copyrightHolder\":{\"@id\":\"https:\/\/dicodusport.fr\/blog\/#organization\"}},{\"@type\":\"WebPage\",\"@id\":\"https:\/\/dicodusport.fr\/blog\/athletisme-damian-warner-et-anouk-vetter-prets-a-remettre-leur-couronne-en-jeu-a-gotzis\/\",\"url\":\"https:\/\/dicodusport.fr\/blog\/athletisme-damian-warner-et-anouk-vetter-prets-a-remettre-leur-couronne-en-jeu-a-gotzis\/\",\"name\":\"Athl\u00e9tisme : Damian Warner et Anouk Vetter pr\u00eats \u00e0 remettre leur couronne en jeu \u00e0 G\u00f6tzis\",\"isPartOf\":{\"@id\":\"https:\/\/dicodusport.fr\/blog\/#website\"},\"primaryImageOfPage\":{\"@id\":\"https:\/\/dicodusport.fr\/blog\/athletisme-damian-warner-et-anouk-vetter-prets-a-remettre-leur-couronne-en-jeu-a-gotzis\/#primaryimage\"},\"image\":{\"@id\":\"https:\/\/dicodusport.fr\/blog\/athletisme-damian-warner-et-anouk-vetter-prets-a-remettre-leur-couronne-en-jeu-a-gotzis\/#primaryimage\"},\"thumbnailUrl\":\"https:\/\/dicodusport.fr\/blog\/wp-content\/uploads\/2023\/05\/Athletisme-Damian-Warner-et-Anouk-Vetter-prets-a-remettre-leur-couronne-en-jeu-a-Gotzis.png\",\"datePublished\":\"2023-05-26T13:17:30+00:00\",\"dateModified\":\"2023-05-26T14:04:40+00:00\",\"description\":\"En marge du meeting de G\u00f6tzis, Anouk Vetter et Damian Warner \u00e9taient en conf\u00e9rence de presse ce vendredi avant le grand affrontement du week-end.\",\"breadcrumb\":{\"@id\":\"https:\/\/dicodusport.fr\/blog\/athletisme-damian-warner-et-anouk-vetter-prets-a-remettre-leur-couronne-en-jeu-a-gotzis\/#breadcrumb\"},\"inLanguage\":\"fr-FR\",\"potentialAction\":[{\"@type\":\"ReadAction\",\"target\":[\"https:\/\/dicodusport.fr\/blog\/athletisme-damian-warner-et-anouk-vetter-prets-a-remettre-leur-couronne-en-jeu-a-gotzis\/\"]}]},{\"@type\":\"ImageObject\",\"inLanguage\":\"fr-FR\",\"@id\":\"https:\/\/dicodusport.fr\/blog\/athletisme-damian-warner-et-anouk-vetter-prets-a-remettre-leur-couronne-en-jeu-a-gotzis\/#primaryimage\",\"url\":\"https:\/\/dicodusport.fr\/blog\/wp-content\/uploads\/2023\/05\/Athletisme-Damian-Warner-et-Anouk-Vetter-prets-a-remettre-leur-couronne-en-jeu-a-Gotzis.png\",\"contentUrl\":\"https:\/\/dicodusport.fr\/blog\/wp-content\/uploads\/2023\/05\/Athletisme-Damian-Warner-et-Anouk-Vetter-prets-a-remettre-leur-couronne-en-jeu-a-Gotzis.png\",\"width\":800,\"height\":445,\"caption\":\"Athl\u00e9tisme Damian Warner et Anouk Vetter pr\u00eats \u00e0 remettre leur couronne en jeu \u00e0 G\u00f6tzis\"},{\"@type\":\"BreadcrumbList\",\"@id\":\"https:\/\/dicodusport.fr\/blog\/athletisme-damian-warner-et-anouk-vetter-prets-a-remettre-leur-couronne-en-jeu-a-gotzis\/#breadcrumb\",\"itemListElement\":[{\"@type\":\"ListItem\",\"position\":1,\"name\":\"Accueil\",\"item\":\"https:\/\/dicodusport.fr\/blog\/\"},{\"@type\":\"ListItem\",\"position\":2,\"name\":\"Athl\u00e9tisme : Damian Warner et Anouk Vetter pr\u00eats \u00e0 remettre leur couronne en jeu \u00e0 G\u00f6tzis\"}]},{\"@type\":\"WebSite\",\"@id\":\"https:\/\/dicodusport.fr\/blog\/#website\",\"url\":\"https:\/\/dicodusport.fr\/blog\/\",\"name\":\"Dicodusport\",\"description\":\"L&#039;encyclop\u00e9die de l&#039;actualit\u00e9 sportive\",\"publisher\":{\"@id\":\"https:\/\/dicodusport.fr\/blog\/#organization\"},\"potentialAction\":[{\"@type\":\"SearchAction\",\"target\":{\"@type\":\"EntryPoint\",\"urlTemplate\":\"https:\/\/dicodusport.fr\/blog\/?s={search_term_string}\"},\"query-input\":{\"@type\":\"PropertyValueSpecification\",\"valueRequired\":true,\"valueName\":\"search_term_string\"}}],\"inLanguage\":\"fr-FR\"},{\"@type\":\"NewsMediaOrganization\",\"@id\":\"https:\/\/dicodusport.fr\/blog\/#organization\",\"name\":\"Dicodusport\",\"url\":\"https:\/\/dicodusport.fr\/blog\/\",\"logo\":{\"@type\":\"ImageObject\",\"inLanguage\":\"fr-FR\",\"@id\":\"https:\/\/dicodusport.fr\/blog\/#\/schema\/logo\/image\/\",\"url\":\"https:\/\/dicodusport.fr\/blog\/wp-content\/uploads\/2020\/06\/cropped-LOGO-DICODUSPORT-2020-SANS-FOND-SANS-TEXTE.png\",\"contentUrl\":\"https:\/\/dicodusport.fr\/blog\/wp-content\/uploads\/2020\/06\/cropped-LOGO-DICODUSPORT-2020-SANS-FOND-SANS-TEXTE.png\",\"width\":512,\"height\":512,\"caption\":\"Dicodusport\"},\"image\":{\"@id\":\"https:\/\/dicodusport.fr\/blog\/#\/schema\/logo\/image\/\"},\"sameAs\":[\"https:\/\/www.facebook.com\/dicodusport\",\"https:\/\/x.com\/dicodusport\",\"https:\/\/www.instagram.com\/dicodusport\/\",\"https:\/\/www.youtube.com\/channel\/UC7V2KZ5sd3htJivAbA4ZG3w\"],\"description\":\"Dicodusport est l'encyclop\u00e9die de l'actualit\u00e9 sportive.\",\"email\":\"bonjour@dicodusport.fr\",\"legalName\":\"DICODUSPORT\",\"foundingDate\":\"2018-01-14\",\"vatID\":\"FR71834470973\",\"taxID\":\"83447097300043\",\"numberOfEmployees\":{\"@type\":\"QuantitativeValue\",\"minValue\":\"1\",\"maxValue\":\"10\"}},{\"@type\":\"Person\",\"@id\":\"https:\/\/dicodusport.fr\/blog\/#\/schema\/person\/0eaf70b33d703a1a66b1155ac1bda018\",\"name\":\"Pierre Gorce\",\"image\":{\"@type\":\"ImageObject\",\"inLanguage\":\"fr-FR\",\"@id\":\"https:\/\/dicodusport.fr\/blog\/#\/schema\/person\/image\/\",\"url\":\"https:\/\/dicodusport.fr\/blog\/wp-content\/uploads\/2022\/03\/IMG_20211214_233053_722-150x150.jpg\",\"contentUrl\":\"https:\/\/dicodusport.fr\/blog\/wp-content\/uploads\/2022\/03\/IMG_20211214_233053_722-150x150.jpg\",\"caption\":\"Pierre Gorce\"},\"description\":\"Couteau suisse venant tout droit de Haute-Savoie. Habitu\u00e9 \u00e0 regarder du sport depuis petit, j'en ai maintenant fait mon m\u00e9tier. Des sports d'hiver au surf, en passant par le tennis, la F1, le handball et l'athl\u00e9tisme, j'essaie d'avoir mes yeux sur l'enti\u00e8ret\u00e9 de l'actualit\u00e9. Jeune homme berc\u00e9 par les exploits de Jean-Baptiste Grange, Sebastian Vettel et des Experts. Membre de la g\u00e9n\u00e9ration 1999 comme Luka Doncic, Sydney McLaughlin, Lando Norris et Loana Lecomte, mais avec beaucoup moins de talent qu'eux.\",\"sameAs\":[\"https:\/\/x.com\/https:\/\/twitter.com\/pierregorce12\"],\"birthDate\":\"1999-08-29\",\"url\":\"https:\/\/dicodusport.fr\/blog\/author\/pierreg\/\"}]}<\/script>\n<!-- \/ Yoast SEO Premium plugin. -->","yoast_head_json":{"title":"Athl\u00e9tisme : Damian Warner et Anouk Vetter pr\u00eats \u00e0 remettre leur couronne en jeu \u00e0 G\u00f6tzis","description":"En marge du meeting de G\u00f6tzis, Anouk Vetter et Damian Warner \u00e9taient en conf\u00e9rence de presse ce vendredi avant le grand affrontement du week-end.","robots":{"index":"index","follow":"follow","max-snippet":"max-snippet:-1","max-image-preview":"max-image-preview:large","max-video-preview":"max-video-preview:-1"},"canonical":"https:\/\/dicodusport.fr\/blog\/athletisme-damian-warner-et-anouk-vetter-prets-a-remettre-leur-couronne-en-jeu-a-gotzis\/","og_locale":"fr_FR","og_type":"article","og_title":"Athl\u00e9tisme : Damian Warner et Anouk Vetter pr\u00eats \u00e0 remettre leur couronne en jeu \u00e0 G\u00f6tzis","og_description":"En marge du meeting de G\u00f6tzis, Anouk Vetter et Damian Warner \u00e9taient en conf\u00e9rence de presse ce vendredi avant le grand affrontement du week-end.","og_url":"https:\/\/dicodusport.fr\/blog\/athletisme-damian-warner-et-anouk-vetter-prets-a-remettre-leur-couronne-en-jeu-a-gotzis\/","og_site_name":"Dicodusport","article_publisher":"https:\/\/www.facebook.com\/dicodusport","article_published_time":"2023-05-26T13:17:30+00:00","article_modified_time":"2023-05-26T14:04:40+00:00","og_image":[{"width":800,"height":445,"url":"https:\/\/dicodusport.fr\/blog\/wp-content\/uploads\/2023\/05\/Athletisme-Damian-Warner-et-Anouk-Vetter-prets-a-remettre-leur-couronne-en-jeu-a-Gotzis.png","type":"image\/png"}],"author":"Pierre Gorce","twitter_card":"summary_large_image","twitter_title":"Athl\u00e9tisme : Damian Warner et Anouk Vetter pr\u00eats \u00e0 remettre leur couronne en jeu \u00e0 G\u00f6tzis","twitter_creator":"@https:\/\/twitter.com\/pierregorce12","twitter_site":"@dicodusport","schema":{"@context":"https:\/\/schema.org","@graph":[{"@type":"NewsArticle","@id":"https:\/\/dicodusport.fr\/blog\/athletisme-damian-warner-et-anouk-vetter-prets-a-remettre-leur-couronne-en-jeu-a-gotzis\/#article","isPartOf":{"@id":"https:\/\/dicodusport.fr\/blog\/athletisme-damian-warner-et-anouk-vetter-prets-a-remettre-leur-couronne-en-jeu-a-gotzis\/"},"author":{"name":"Pierre Gorce","@id":"https:\/\/dicodusport.fr\/blog\/#\/schema\/person\/0eaf70b33d703a1a66b1155ac1bda018"},"headline":"Athl\u00e9tisme : Damian Warner et Anouk Vetter pr\u00eats \u00e0 remettre leur couronne en jeu \u00e0 G\u00f6tzis","datePublished":"2023-05-26T13:17:30+00:00","dateModified":"2023-05-26T14:04:40+00:00","mainEntityOfPage":{"@id":"https:\/\/dicodusport.fr\/blog\/athletisme-damian-warner-et-anouk-vetter-prets-a-remettre-leur-couronne-en-jeu-a-gotzis\/"},"wordCount":591,"commentCount":0,"publisher":{"@id":"https:\/\/dicodusport.fr\/blog\/#organization"},"image":{"@id":"https:\/\/dicodusport.fr\/blog\/athletisme-damian-warner-et-anouk-vetter-prets-a-remettre-leur-couronne-en-jeu-a-gotzis\/#primaryimage"},"thumbnailUrl":"https:\/\/dicodusport.fr\/blog\/wp-content\/uploads\/2023\/05\/Athletisme-Damian-Warner-et-Anouk-Vetter-prets-a-remettre-leur-couronne-en-jeu-a-Gotzis.png","keywords":["Anouk Vetter","Athl\u00e9tisme","br\u00e8ve","Damian Warner","Hypomeeting G\u00f6tzis"],"articleSection":["Athl\u00e9tisme"],"inLanguage":"fr-FR","potentialAction":[{"@type":"CommentAction","name":"Comment","target":["https:\/\/dicodusport.fr\/blog\/athletisme-damian-warner-et-anouk-vetter-prets-a-remettre-leur-couronne-en-jeu-a-gotzis\/#respond"]}],"copyrightYear":"2023","copyrightHolder":{"@id":"https:\/\/dicodusport.fr\/blog\/#organization"}},{"@type":"WebPage","@id":"https:\/\/dicodusport.fr\/blog\/athletisme-damian-warner-et-anouk-vetter-prets-a-remettre-leur-couronne-en-jeu-a-gotzis\/","url":"https:\/\/dicodusport.fr\/blog\/athletisme-damian-warner-et-anouk-vetter-prets-a-remettre-leur-couronne-en-jeu-a-gotzis\/","name":"Athl\u00e9tisme : Damian Warner et Anouk Vetter pr\u00eats \u00e0 remettre leur couronne en jeu \u00e0 G\u00f6tzis","isPartOf":{"@id":"https:\/\/dicodusport.fr\/blog\/#website"},"primaryImageOfPage":{"@id":"https:\/\/dicodusport.fr\/blog\/athletisme-damian-warner-et-anouk-vetter-prets-a-remettre-leur-couronne-en-jeu-a-gotzis\/#primaryimage"},"image":{"@id":"https:\/\/dicodusport.fr\/blog\/athletisme-damian-warner-et-anouk-vetter-prets-a-remettre-leur-couronne-en-jeu-a-gotzis\/#primaryimage"},"thumbnailUrl":"https:\/\/dicodusport.fr\/blog\/wp-content\/uploads\/2023\/05\/Athletisme-Damian-Warner-et-Anouk-Vetter-prets-a-remettre-leur-couronne-en-jeu-a-Gotzis.png","datePublished":"2023-05-26T13:17:30+00:00","dateModified":"2023-05-26T14:04:40+00:00","description":"En marge du meeting de G\u00f6tzis, Anouk Vetter et Damian Warner \u00e9taient en conf\u00e9rence de presse ce vendredi avant le grand affrontement du week-end.","breadcrumb":{"@id":"https:\/\/dicodusport.fr\/blog\/athletisme-damian-warner-et-anouk-vetter-prets-a-remettre-leur-couronne-en-jeu-a-gotzis\/#breadcrumb"},"inLanguage":"fr-FR","potentialAction":[{"@type":"ReadAction","target":["https:\/\/dicodusport.fr\/blog\/athletisme-damian-warner-et-anouk-vetter-prets-a-remettre-leur-couronne-en-jeu-a-gotzis\/"]}]},{"@type":"ImageObject","inLanguage":"fr-FR","@id":"https:\/\/dicodusport.fr\/blog\/athletisme-damian-warner-et-anouk-vetter-prets-a-remettre-leur-couronne-en-jeu-a-gotzis\/#primaryimage","url":"https:\/\/dicodusport.fr\/blog\/wp-content\/uploads\/2023\/05\/Athletisme-Damian-Warner-et-Anouk-Vetter-prets-a-remettre-leur-couronne-en-jeu-a-Gotzis.png","contentUrl":"https:\/\/dicodusport.fr\/blog\/wp-content\/uploads\/2023\/05\/Athletisme-Damian-Warner-et-Anouk-Vetter-prets-a-remettre-leur-couronne-en-jeu-a-Gotzis.png","width":800,"height":445,"caption":"Athl\u00e9tisme Damian Warner et Anouk Vetter pr\u00eats \u00e0 remettre leur couronne en jeu \u00e0 G\u00f6tzis"},{"@type":"BreadcrumbList","@id":"https:\/\/dicodusport.fr\/blog\/athletisme-damian-warner-et-anouk-vetter-prets-a-remettre-leur-couronne-en-jeu-a-gotzis\/#breadcrumb","itemListElement":[{"@type":"ListItem","position":1,"name":"Accueil","item":"https:\/\/dicodusport.fr\/blog\/"},{"@type":"ListItem","position":2,"name":"Athl\u00e9tisme : Damian Warner et Anouk Vetter pr\u00eats \u00e0 remettre leur couronne en jeu \u00e0 G\u00f6tzis"}]},{"@type":"WebSite","@id":"https:\/\/dicodusport.fr\/blog\/#website","url":"https:\/\/dicodusport.fr\/blog\/","name":"Dicodusport","description":"L&#039;encyclop\u00e9die de l&#039;actualit\u00e9 sportive","publisher":{"@id":"https:\/\/dicodusport.fr\/blog\/#organization"},"potentialAction":[{"@type":"SearchAction","target":{"@type":"EntryPoint","urlTemplate":"https:\/\/dicodusport.fr\/blog\/?s={search_term_string}"},"query-input":{"@type":"PropertyValueSpecification","valueRequired":true,"valueName":"search_term_string"}}],"inLanguage":"fr-FR"},{"@type":"NewsMediaOrganization","@id":"https:\/\/dicodusport.fr\/blog\/#organization","name":"Dicodusport","url":"https:\/\/dicodusport.fr\/blog\/","logo":{"@type":"ImageObject","inLanguage":"fr-FR","@id":"https:\/\/dicodusport.fr\/blog\/#\/schema\/logo\/image\/","url":"https:\/\/dicodusport.fr\/blog\/wp-content\/uploads\/2020\/06\/cropped-LOGO-DICODUSPORT-2020-SANS-FOND-SANS-TEXTE.png","contentUrl":"https:\/\/dicodusport.fr\/blog\/wp-content\/uploads\/2020\/06\/cropped-LOGO-DICODUSPORT-2020-SANS-FOND-SANS-TEXTE.png","width":512,"height":512,"caption":"Dicodusport"},"image":{"@id":"https:\/\/dicodusport.fr\/blog\/#\/schema\/logo\/image\/"},"sameAs":["https:\/\/www.facebook.com\/dicodusport","https:\/\/x.com\/dicodusport","https:\/\/www.instagram.com\/dicodusport\/","https:\/\/www.youtube.com\/channel\/UC7V2KZ5sd3htJivAbA4ZG3w"],"description":"Dicodusport est l'encyclop\u00e9die de l'actualit\u00e9 sportive.","email":"bonjour@dicodusport.fr","legalName":"DICODUSPORT","foundingDate":"2018-01-14","vatID":"FR71834470973","taxID":"83447097300043","numberOfEmployees":{"@type":"QuantitativeValue","minValue":"1","maxValue":"10"}},{"@type":"Person","@id":"https:\/\/dicodusport.fr\/blog\/#\/schema\/person\/0eaf70b33d703a1a66b1155ac1bda018","name":"Pierre Gorce","image":{"@type":"ImageObject","inLanguage":"fr-FR","@id":"https:\/\/dicodusport.fr\/blog\/#\/schema\/person\/image\/","url":"https:\/\/dicodusport.fr\/blog\/wp-content\/uploads\/2022\/03\/IMG_20211214_233053_722-150x150.jpg","contentUrl":"https:\/\/dicodusport.fr\/blog\/wp-content\/uploads\/2022\/03\/IMG_20211214_233053_722-150x150.jpg","caption":"Pierre Gorce"},"description":"Couteau suisse venant tout droit de Haute-Savoie. Habitu\u00e9 \u00e0 regarder du sport depuis petit, j'en ai maintenant fait mon m\u00e9tier. Des sports d'hiver au surf, en passant par le tennis, la F1, le handball et l'athl\u00e9tisme, j'essaie d'avoir mes yeux sur l'enti\u00e8ret\u00e9 de l'actualit\u00e9. Jeune homme berc\u00e9 par les exploits de Jean-Baptiste Grange, Sebastian Vettel et des Experts. Membre de la g\u00e9n\u00e9ration 1999 comme Luka Doncic, Sydney McLaughlin, Lando Norris et Loana Lecomte, mais avec beaucoup moins de talent qu'eux.","sameAs":["https:\/\/x.com\/https:\/\/twitter.com\/pierregorce12"],"birthDate":"1999-08-29","url":"https:\/\/dicodusport.fr\/blog\/author\/pierreg\/"}]}},"_links":{"self":[{"href":"https:\/\/dicodusport.fr\/blog\/wp-json\/wp\/v2\/posts\/385453","targetHints":{"allow":["GET"]}}],"collection":[{"href":"https:\/\/dicodusport.fr\/blog\/wp-json\/wp\/v2\/posts"}],"about":[{"href":"https:\/\/dicodusport.fr\/blog\/wp-json\/wp\/v2\/types\/post"}],"author":[{"embeddable":true,"href":"https:\/\/dicodusport.fr\/blog\/wp-json\/wp\/v2\/users\/61"}],"replies":[{"embeddable":true,"href":"https:\/\/dicodusport.fr\/blog\/wp-json\/wp\/v2\/comments?post=385453"}],"version-history":[{"count":0,"href":"https:\/\/dicodusport.fr\/blog\/wp-json\/wp\/v2\/posts\/385453\/revisions"}],"wp:featuredmedia":[{"embeddable":true,"href":"https:\/\/dicodusport.fr\/blog\/wp-json\/wp\/v2\/media\/385458"}],"wp:attachment":[{"href":"https:\/\/dicodusport.fr\/blog\/wp-json\/wp\/v2\/media?parent=385453"}],"wp:term":[{"taxonomy":"category","embeddable":true,"href":"https:\/\/dicodusport.fr\/blog\/wp-json\/wp\/v2\/categories?post=385453"},{"taxonomy":"post_tag","embeddable":true,"href":"https:\/\/dicodusport.fr\/blog\/wp-json\/wp\/v2\/tags?post=385453"}],"curies":[{"name":"wp","href":"https:\/\/api.w.org\/{rel}","templated":true}]}}