{"id":385471,"date":"2023-05-26T19:05:33","date_gmt":"2023-05-26T17:05:33","guid":{"rendered":"https:\/\/dicodusport.fr\/blog\/?p=385471&#038;preview=true&#038;preview_id=385471"},"modified":"2023-05-26T19:41:40","modified_gmt":"2023-05-26T17:41:40","slug":"wta-strasbourg-clara-burel-cede-de-justesse-en-demi-finales-contre-elina-svitolina","status":"publish","type":"post","link":"https:\/\/dicodusport.fr\/blog\/wta-strasbourg-clara-burel-cede-de-justesse-en-demi-finales-contre-elina-svitolina\/","title":{"rendered":"WTA Strasbourg : Clara Burel c\u00e8de de justesse en demi-finales contre Elina Svitolina"},"content":{"rendered":"<p style=\"text-align: justify;\" align=\"justify\"><em><strong><a href=\"https:\/\/dicodusport.fr\/blog\/wta-250-le-tableau-du-tournoi-des-internationaux-de-strasbourg-2023\/\">TOURNOI WTA 250 DE STRASBOURG<\/a> &#8211; Sacr\u00e9e bagarre pour cette demi-finale strasbourgeoise, mais c&rsquo;est finalement Elina Svitolina qui a mis fin au parcours de Clara Burel en trois manches, et qui d\u00e9fiera Anna Blinkova pour le titre demain.<\/strong><\/em><\/p>\n<p style=\"text-align: justify;\" align=\"justify\">Absolument surprenante depuis le d\u00e9but de la semaine, <strong>Clara Burel<\/strong> s&rsquo;\u00e9tait qualifi\u00e9e pour la deuxi\u00e8me demi-finale WTA de sa carri\u00e8re. La premi\u00e8re, voil\u00e0 deux ans \u00e0 Lausanne, l&rsquo;avait men\u00e9e en finale. Pour r\u00e9ussir son coup encore une fois, il fallait sortir <strong>Elina Svitolina<\/strong>, de retour le mois dernier apr\u00e8s une longue pause, mais th\u00e9oriquement sup\u00e9rieure sur le papier.<\/p>\n<p style=\"text-align: justify;\" align=\"justify\">Seulement, la Tricolore n&rsquo;allait pas se laisser impressionner, lan\u00e7ant une s\u00e9rie de trois breaks cons\u00e9cutifs de la part des deux joueuses qui lui a permis de mener<strong> 3-1<\/strong>. Agressive, avec une belle utilisation de l&rsquo;amortie, <strong>Clara Burel<\/strong> a pris soin de ce break d&rsquo;avance jusqu&rsquo;\u00e0 servir pour la manche \u00e0 <strong>5-3<\/strong>.<\/p>\n<h2 style=\"text-align: justify;\" align=\"justify\">Sacr\u00e9e empoignade<\/h2>\n<p style=\"text-align: justify;\" align=\"justify\">L&rsquo;Ukrainienne a alors fait parler l&rsquo;exp\u00e9rience, variant parfaitement et faisant courir sa rivale pour aller chercher un d\u00e9break qu&rsquo;elle croyait salvateur. Il n&rsquo;en fut rien, puisqu&rsquo;alors qu&rsquo;elle servait pour revenir \u00e0 <strong>5-5<\/strong>, la Fran\u00e7aise a repris sa marche en avant, \u00e0 coup d&rsquo;amorties et de frappes gagnantes, pour aller chercher le premier set <strong>6-4<\/strong> et ainsi se placer en position id\u00e9ale.<\/p>\n<blockquote class=\"twitter-tweet\">\n<p dir=\"ltr\" lang=\"en\">A bullet from Burel \ud83d\udd25<a href=\"https:\/\/twitter.com\/clara_burel?ref_src=twsrc%5Etfw\">@clara_burel<\/a> launches a forehand down the line, taking the lead in the first set!<a href=\"https:\/\/twitter.com\/hashtag\/IS23?src=hash&amp;ref_src=twsrc%5Etfw\">#IS23<\/a> <a href=\"https:\/\/t.co\/TYqvQtSs9W\">pic.twitter.com\/TYqvQtSs9W<\/a><\/p>\n<p>\u2014 wta (@WTA) <a href=\"https:\/\/twitter.com\/WTA\/status\/1662114408796147714?ref_src=twsrc%5Etfw\">May 26, 2023<\/a><\/p><\/blockquote>\n<p style=\"text-align: justify;\"><script async src=\"https:\/\/platform.twitter.com\/widgets.js\" charset=\"utf-8\"><\/script><\/p>\n<p style=\"text-align: justify;\" align=\"justify\">Et elle en a profit\u00e9 pour d\u00e9gouter sa rivale en conservant son premier jeu du deuxi\u00e8me set, malgr\u00e9 une montagne d&rsquo;occasions ukrainiennes. De quoi porter un coup au moral de <strong>Svitolina,<\/strong> qui finit par conc\u00e9der son engagement au quatri\u00e8me jeu. Mais cette derni\u00e8re n&rsquo;est jamais battue, et finit par d\u00e9breaker avant de sauver trois balles de break brulantes pour \u00e9galiser \u00e0<strong> 4-4<\/strong>.<\/p>\n<p style=\"text-align: justify;\" align=\"justify\">L&rsquo;Ukrainienne a alors appuy\u00e9 sur l&rsquo;acc\u00e9l\u00e9rateur, se montrant particuli\u00e8rement offensive, pour breaker de nouveau et servir pour la manche. Sans r\u00e9ussite dans cette partie aux nombreux breaks. Dont un de plus au jeu suivant, <strong>Clara Burel<\/strong> se montrant incapable de d\u00e9velopper de la constance sur son service. Deuxi\u00e8me chance de conclure pour <strong>Svitolina,<\/strong> et elle ne laisse pas passer l&rsquo;occasion, raflant le set <strong>7-5.<\/strong><\/p>\n<h2 style=\"text-align: justify;\" align=\"justify\">L&rsquo;exp\u00e9rience de Svitolina<\/h2>\n<p style=\"text-align: justify;\">Cette fois, <strong>Clara Burel<\/strong> semble avoir pris un gros coup derri\u00e8re la t\u00eate. Elle c\u00e8de son service d&rsquo;entr\u00e9e et l&rsquo;Ukrainienne semble filer vers la victoire. Pourtant, la Fran\u00e7aise se reprend, redevient solide sur son engagement, et lors du sixi\u00e8me jeu, retrouve enfin de l&rsquo;allant sur service adverse. Cela m\u00e8ne \u00e0 un d\u00e9break obtenu de haute lutte, \u00e0 la quatri\u00e8me occasion, et la promesse d&rsquo;une fin de match au couteau.<\/p>\n<p style=\"text-align: justify;\">Ce dont ne veut absolument pas <strong>Svitolina,<\/strong> qui breake de nouveau dans la foul\u00e9e en faisant visiter les quatre coins du court \u00e0 la locale. La fois de trop pour <strong>Clara Burel<\/strong>, qui ne marquera plus un jeu, craquant compl\u00e8tement sur son dernier engagement. <strong>Elina Svitolina<\/strong> s&rsquo;impose <strong>4-6, 7-5, 6-3<\/strong> et d\u00e9fiera <strong>Anna Blinkova<\/strong> en finale demain, avec la possibilit\u00e9 d&rsquo;un premier titre depuis ao\u00fbt 2021. D\u00e9ception pour <strong>Clara Burel,<\/strong> qui aura toutefois regagn\u00e9 de la confiance avant Roland-Garros.<\/p>\n","protected":false},"excerpt":{"rendered":"<p>TOURNOI WTA 250 DE STRASBOURG &#8211; Sacr\u00e9e bagarre pour cette demi-finale strasbourgeoise, mais c&rsquo;est finalement Elina Svitolina qui a mis fin au parcours de Clara Burel en trois manches, et qui d\u00e9fiera Anna Blinkova pour le titre demain.<\/p>\n","protected":false},"author":59,"featured_media":385570,"comment_status":"open","ping_status":"closed","sticky":false,"template":"","format":"standard","meta":{"_acf_changed":false,"_daextam_enable_autolinks":"","footnotes":""},"categories":[2302],"tags":[16878,3540,3218],"class_list":["post-385471","post","type-post","status-publish","format-standard","has-post-thumbnail","hentry","category-tennis","tag-breve","tag-clara-burel","tag-elina-svitolina"],"acf":[],"yoast_head":"<!-- This site is optimized with the Yoast SEO Premium plugin v26.7 (Yoast SEO v26.7) - https:\/\/yoast.com\/wordpress\/plugins\/seo\/ -->\n<title>WTA Strasbourg : Clara Burel c\u00e8de de justesse en demi-finales contre Elina Svitolina<\/title>\n<meta name=\"description\" content=\"TOURNOI WTA 250 DE STRASBOURG -Elina Svitolina a mis fin au parcours de Clara Burel en trois manches, et d\u00e9fiera Anna Blinkova pour le titre\" \/>\n<meta name=\"robots\" content=\"index, follow, max-snippet:-1, max-image-preview:large, max-video-preview:-1\" \/>\n<link rel=\"canonical\" href=\"https:\/\/dicodusport.fr\/blog\/wta-strasbourg-clara-burel-cede-de-justesse-en-demi-finales-contre-elina-svitolina\/\" \/>\n<meta property=\"og:locale\" content=\"fr_FR\" \/>\n<meta property=\"og:type\" content=\"article\" \/>\n<meta property=\"og:title\" content=\"WTA Strasbourg : Clara Burel c\u00e8de de justesse en demi-finales contre Elina Svitolina\" \/>\n<meta property=\"og:description\" content=\"TOURNOI WTA 250 DE STRASBOURG -Elina Svitolina a mis fin au parcours de Clara Burel en trois manches, et d\u00e9fiera Anna Blinkova pour le titre\" \/>\n<meta property=\"og:url\" content=\"https:\/\/dicodusport.fr\/blog\/wta-strasbourg-clara-burel-cede-de-justesse-en-demi-finales-contre-elina-svitolina\/\" \/>\n<meta property=\"og:site_name\" content=\"Dicodusport\" \/>\n<meta property=\"article:publisher\" content=\"https:\/\/www.facebook.com\/dicodusport\" \/>\n<meta property=\"article:author\" content=\"https:\/\/www.facebook.com\/sebastien.gente\/\" \/>\n<meta property=\"article:published_time\" content=\"2023-05-26T17:05:33+00:00\" \/>\n<meta property=\"article:modified_time\" content=\"2023-05-26T17:41:40+00:00\" \/>\n<meta property=\"og:image\" content=\"https:\/\/dicodusport.fr\/blog\/wp-content\/uploads\/2023\/05\/WTA-Strasbourg-Clara-Burel-cede-de-justesse-en-demi-finales-contre-Elina-Svitolina.png\" \/>\n\t<meta property=\"og:image:width\" content=\"800\" \/>\n\t<meta property=\"og:image:height\" content=\"445\" \/>\n\t<meta property=\"og:image:type\" content=\"image\/png\" \/>\n<meta name=\"author\" content=\"S\u00e9bastien Gente\" \/>\n<meta name=\"twitter:card\" content=\"summary_large_image\" \/>\n<meta name=\"twitter:title\" content=\"WTA Strasbourg : Clara Burel c\u00e8de de justesse en demi-finales contre Elina Svitolina\" \/>\n<meta name=\"twitter:creator\" content=\"@https:\/\/twitter.com\/globulo24\" \/>\n<meta name=\"twitter:site\" content=\"@dicodusport\" \/>\n<script type=\"application\/ld+json\" class=\"yoast-schema-graph\">{\"@context\":\"https:\/\/schema.org\",\"@graph\":[{\"@type\":\"NewsArticle\",\"@id\":\"https:\/\/dicodusport.fr\/blog\/wta-strasbourg-clara-burel-cede-de-justesse-en-demi-finales-contre-elina-svitolina\/#article\",\"isPartOf\":{\"@id\":\"https:\/\/dicodusport.fr\/blog\/wta-strasbourg-clara-burel-cede-de-justesse-en-demi-finales-contre-elina-svitolina\/\"},\"author\":{\"name\":\"S\u00e9bastien Gente\",\"@id\":\"https:\/\/dicodusport.fr\/blog\/#\/schema\/person\/627966a6cde45dbd8c5e36ac85d783da\"},\"headline\":\"WTA Strasbourg : Clara Burel c\u00e8de de justesse en demi-finales contre Elina Svitolina\",\"datePublished\":\"2023-05-26T17:05:33+00:00\",\"dateModified\":\"2023-05-26T17:41:40+00:00\",\"mainEntityOfPage\":{\"@id\":\"https:\/\/dicodusport.fr\/blog\/wta-strasbourg-clara-burel-cede-de-justesse-en-demi-finales-contre-elina-svitolina\/\"},\"wordCount\":590,\"commentCount\":0,\"publisher\":{\"@id\":\"https:\/\/dicodusport.fr\/blog\/#organization\"},\"image\":{\"@id\":\"https:\/\/dicodusport.fr\/blog\/wta-strasbourg-clara-burel-cede-de-justesse-en-demi-finales-contre-elina-svitolina\/#primaryimage\"},\"thumbnailUrl\":\"https:\/\/dicodusport.fr\/blog\/wp-content\/uploads\/2023\/05\/WTA-Strasbourg-Clara-Burel-cede-de-justesse-en-demi-finales-contre-Elina-Svitolina.png\",\"keywords\":[\"br\u00e8ve\",\"Clara Burel\",\"Elina Svitolina\"],\"articleSection\":[\"Tennis\"],\"inLanguage\":\"fr-FR\",\"potentialAction\":[{\"@type\":\"CommentAction\",\"name\":\"Comment\",\"target\":[\"https:\/\/dicodusport.fr\/blog\/wta-strasbourg-clara-burel-cede-de-justesse-en-demi-finales-contre-elina-svitolina\/#respond\"]}],\"copyrightYear\":\"2023\",\"copyrightHolder\":{\"@id\":\"https:\/\/dicodusport.fr\/blog\/#organization\"}},{\"@type\":\"WebPage\",\"@id\":\"https:\/\/dicodusport.fr\/blog\/wta-strasbourg-clara-burel-cede-de-justesse-en-demi-finales-contre-elina-svitolina\/\",\"url\":\"https:\/\/dicodusport.fr\/blog\/wta-strasbourg-clara-burel-cede-de-justesse-en-demi-finales-contre-elina-svitolina\/\",\"name\":\"WTA Strasbourg : Clara Burel c\u00e8de de justesse en demi-finales contre Elina Svitolina\",\"isPartOf\":{\"@id\":\"https:\/\/dicodusport.fr\/blog\/#website\"},\"primaryImageOfPage\":{\"@id\":\"https:\/\/dicodusport.fr\/blog\/wta-strasbourg-clara-burel-cede-de-justesse-en-demi-finales-contre-elina-svitolina\/#primaryimage\"},\"image\":{\"@id\":\"https:\/\/dicodusport.fr\/blog\/wta-strasbourg-clara-burel-cede-de-justesse-en-demi-finales-contre-elina-svitolina\/#primaryimage\"},\"thumbnailUrl\":\"https:\/\/dicodusport.fr\/blog\/wp-content\/uploads\/2023\/05\/WTA-Strasbourg-Clara-Burel-cede-de-justesse-en-demi-finales-contre-Elina-Svitolina.png\",\"datePublished\":\"2023-05-26T17:05:33+00:00\",\"dateModified\":\"2023-05-26T17:41:40+00:00\",\"description\":\"TOURNOI WTA 250 DE STRASBOURG -Elina Svitolina a mis fin au parcours de Clara Burel en trois manches, et d\u00e9fiera Anna Blinkova pour le titre\",\"breadcrumb\":{\"@id\":\"https:\/\/dicodusport.fr\/blog\/wta-strasbourg-clara-burel-cede-de-justesse-en-demi-finales-contre-elina-svitolina\/#breadcrumb\"},\"inLanguage\":\"fr-FR\",\"potentialAction\":[{\"@type\":\"ReadAction\",\"target\":[\"https:\/\/dicodusport.fr\/blog\/wta-strasbourg-clara-burel-cede-de-justesse-en-demi-finales-contre-elina-svitolina\/\"]}]},{\"@type\":\"ImageObject\",\"inLanguage\":\"fr-FR\",\"@id\":\"https:\/\/dicodusport.fr\/blog\/wta-strasbourg-clara-burel-cede-de-justesse-en-demi-finales-contre-elina-svitolina\/#primaryimage\",\"url\":\"https:\/\/dicodusport.fr\/blog\/wp-content\/uploads\/2023\/05\/WTA-Strasbourg-Clara-Burel-cede-de-justesse-en-demi-finales-contre-Elina-Svitolina.png\",\"contentUrl\":\"https:\/\/dicodusport.fr\/blog\/wp-content\/uploads\/2023\/05\/WTA-Strasbourg-Clara-Burel-cede-de-justesse-en-demi-finales-contre-Elina-Svitolina.png\",\"width\":800,\"height\":445,\"caption\":\"WTA Strasbourg Clara Burel c\u00e8de de justesse en demi-finales contre Elina Svitolina\"},{\"@type\":\"BreadcrumbList\",\"@id\":\"https:\/\/dicodusport.fr\/blog\/wta-strasbourg-clara-burel-cede-de-justesse-en-demi-finales-contre-elina-svitolina\/#breadcrumb\",\"itemListElement\":[{\"@type\":\"ListItem\",\"position\":1,\"name\":\"Accueil\",\"item\":\"https:\/\/dicodusport.fr\/blog\/\"},{\"@type\":\"ListItem\",\"position\":2,\"name\":\"WTA Strasbourg : Clara Burel c\u00e8de de justesse en demi-finales contre Elina Svitolina\"}]},{\"@type\":\"WebSite\",\"@id\":\"https:\/\/dicodusport.fr\/blog\/#website\",\"url\":\"https:\/\/dicodusport.fr\/blog\/\",\"name\":\"Dicodusport\",\"description\":\"L&#039;encyclop\u00e9die de l&#039;actualit\u00e9 sportive\",\"publisher\":{\"@id\":\"https:\/\/dicodusport.fr\/blog\/#organization\"},\"potentialAction\":[{\"@type\":\"SearchAction\",\"target\":{\"@type\":\"EntryPoint\",\"urlTemplate\":\"https:\/\/dicodusport.fr\/blog\/?s={search_term_string}\"},\"query-input\":{\"@type\":\"PropertyValueSpecification\",\"valueRequired\":true,\"valueName\":\"search_term_string\"}}],\"inLanguage\":\"fr-FR\"},{\"@type\":\"NewsMediaOrganization\",\"@id\":\"https:\/\/dicodusport.fr\/blog\/#organization\",\"name\":\"Dicodusport\",\"url\":\"https:\/\/dicodusport.fr\/blog\/\",\"logo\":{\"@type\":\"ImageObject\",\"inLanguage\":\"fr-FR\",\"@id\":\"https:\/\/dicodusport.fr\/blog\/#\/schema\/logo\/image\/\",\"url\":\"https:\/\/dicodusport.fr\/blog\/wp-content\/uploads\/2020\/06\/cropped-LOGO-DICODUSPORT-2020-SANS-FOND-SANS-TEXTE.png\",\"contentUrl\":\"https:\/\/dicodusport.fr\/blog\/wp-content\/uploads\/2020\/06\/cropped-LOGO-DICODUSPORT-2020-SANS-FOND-SANS-TEXTE.png\",\"width\":512,\"height\":512,\"caption\":\"Dicodusport\"},\"image\":{\"@id\":\"https:\/\/dicodusport.fr\/blog\/#\/schema\/logo\/image\/\"},\"sameAs\":[\"https:\/\/www.facebook.com\/dicodusport\",\"https:\/\/x.com\/dicodusport\",\"https:\/\/www.instagram.com\/dicodusport\/\",\"https:\/\/www.youtube.com\/channel\/UC7V2KZ5sd3htJivAbA4ZG3w\"],\"description\":\"Dicodusport est l'encyclop\u00e9die de l'actualit\u00e9 sportive.\",\"email\":\"bonjour@dicodusport.fr\",\"legalName\":\"DICODUSPORT\",\"foundingDate\":\"2018-01-14\",\"vatID\":\"FR71834470973\",\"taxID\":\"83447097300043\",\"numberOfEmployees\":{\"@type\":\"QuantitativeValue\",\"minValue\":\"1\",\"maxValue\":\"10\"}},{\"@type\":\"Person\",\"@id\":\"https:\/\/dicodusport.fr\/blog\/#\/schema\/person\/627966a6cde45dbd8c5e36ac85d783da\",\"name\":\"S\u00e9bastien Gente\",\"image\":{\"@type\":\"ImageObject\",\"inLanguage\":\"fr-FR\",\"@id\":\"https:\/\/dicodusport.fr\/blog\/#\/schema\/person\/image\/\",\"url\":\"https:\/\/dicodusport.fr\/blog\/wp-content\/uploads\/2021\/09\/1510990_10205810251400683_4124423575079401707_n-150x150.jpg\",\"contentUrl\":\"https:\/\/dicodusport.fr\/blog\/wp-content\/uploads\/2021\/09\/1510990_10205810251400683_4124423575079401707_n-150x150.jpg\",\"caption\":\"S\u00e9bastien Gente\"},\"description\":\"John Stockton, Gianni Bugno, Zinedine Zidane, Steffi Graf, Frode Andresen, St\u00e9phane Stoecklin, Davis Kamoga, Primoz Peterka, Werner Schlager et Aur\u00e9lien Rougerie. Point commun entre ces sportifs? Ils m'ont fait r\u00eaver et ont berc\u00e9 mon adolescence. Je suis un fondu de sports et j'essaie de retranscrire ma passion \u00e0 travers mes articles. Originaire du P\u00e9rigord, ma passion pour les Girondins, les Jaunards et les Jazzmen transpire dans mes \u00e9crits. \u00c0 Dicodusport depuis 2021, je d\u00e9niche les sports m\u00e9connus dans lesquels la France brille, et il y en a !\",\"sameAs\":[\"https:\/\/www.facebook.com\/sebastien.gente\/\",\"https:\/\/www.instagram.com\/sebgente\/\",\"https:\/\/www.linkedin.com\/in\/sbastien-gente-a29583169\/\",\"https:\/\/x.com\/https:\/\/twitter.com\/globulo24\",\"SebastienGente\"],\"worksFor\":\"S\u00e9bastien GENTE\",\"url\":\"https:\/\/dicodusport.fr\/blog\/author\/sebastiengente\/\"}]}<\/script>\n<!-- \/ Yoast SEO Premium plugin. -->","yoast_head_json":{"title":"WTA Strasbourg : Clara Burel c\u00e8de de justesse en demi-finales contre Elina Svitolina","description":"TOURNOI WTA 250 DE STRASBOURG -Elina Svitolina a mis fin au parcours de Clara Burel en trois manches, et d\u00e9fiera Anna Blinkova pour le titre","robots":{"index":"index","follow":"follow","max-snippet":"max-snippet:-1","max-image-preview":"max-image-preview:large","max-video-preview":"max-video-preview:-1"},"canonical":"https:\/\/dicodusport.fr\/blog\/wta-strasbourg-clara-burel-cede-de-justesse-en-demi-finales-contre-elina-svitolina\/","og_locale":"fr_FR","og_type":"article","og_title":"WTA Strasbourg : Clara Burel c\u00e8de de justesse en demi-finales contre Elina Svitolina","og_description":"TOURNOI WTA 250 DE STRASBOURG -Elina Svitolina a mis fin au parcours de Clara Burel en trois manches, et d\u00e9fiera Anna Blinkova pour le titre","og_url":"https:\/\/dicodusport.fr\/blog\/wta-strasbourg-clara-burel-cede-de-justesse-en-demi-finales-contre-elina-svitolina\/","og_site_name":"Dicodusport","article_publisher":"https:\/\/www.facebook.com\/dicodusport","article_author":"https:\/\/www.facebook.com\/sebastien.gente\/","article_published_time":"2023-05-26T17:05:33+00:00","article_modified_time":"2023-05-26T17:41:40+00:00","og_image":[{"width":800,"height":445,"url":"https:\/\/dicodusport.fr\/blog\/wp-content\/uploads\/2023\/05\/WTA-Strasbourg-Clara-Burel-cede-de-justesse-en-demi-finales-contre-Elina-Svitolina.png","type":"image\/png"}],"author":"S\u00e9bastien Gente","twitter_card":"summary_large_image","twitter_title":"WTA Strasbourg : Clara Burel c\u00e8de de justesse en demi-finales contre Elina Svitolina","twitter_creator":"@https:\/\/twitter.com\/globulo24","twitter_site":"@dicodusport","schema":{"@context":"https:\/\/schema.org","@graph":[{"@type":"NewsArticle","@id":"https:\/\/dicodusport.fr\/blog\/wta-strasbourg-clara-burel-cede-de-justesse-en-demi-finales-contre-elina-svitolina\/#article","isPartOf":{"@id":"https:\/\/dicodusport.fr\/blog\/wta-strasbourg-clara-burel-cede-de-justesse-en-demi-finales-contre-elina-svitolina\/"},"author":{"name":"S\u00e9bastien Gente","@id":"https:\/\/dicodusport.fr\/blog\/#\/schema\/person\/627966a6cde45dbd8c5e36ac85d783da"},"headline":"WTA Strasbourg : Clara Burel c\u00e8de de justesse en demi-finales contre Elina Svitolina","datePublished":"2023-05-26T17:05:33+00:00","dateModified":"2023-05-26T17:41:40+00:00","mainEntityOfPage":{"@id":"https:\/\/dicodusport.fr\/blog\/wta-strasbourg-clara-burel-cede-de-justesse-en-demi-finales-contre-elina-svitolina\/"},"wordCount":590,"commentCount":0,"publisher":{"@id":"https:\/\/dicodusport.fr\/blog\/#organization"},"image":{"@id":"https:\/\/dicodusport.fr\/blog\/wta-strasbourg-clara-burel-cede-de-justesse-en-demi-finales-contre-elina-svitolina\/#primaryimage"},"thumbnailUrl":"https:\/\/dicodusport.fr\/blog\/wp-content\/uploads\/2023\/05\/WTA-Strasbourg-Clara-Burel-cede-de-justesse-en-demi-finales-contre-Elina-Svitolina.png","keywords":["br\u00e8ve","Clara Burel","Elina Svitolina"],"articleSection":["Tennis"],"inLanguage":"fr-FR","potentialAction":[{"@type":"CommentAction","name":"Comment","target":["https:\/\/dicodusport.fr\/blog\/wta-strasbourg-clara-burel-cede-de-justesse-en-demi-finales-contre-elina-svitolina\/#respond"]}],"copyrightYear":"2023","copyrightHolder":{"@id":"https:\/\/dicodusport.fr\/blog\/#organization"}},{"@type":"WebPage","@id":"https:\/\/dicodusport.fr\/blog\/wta-strasbourg-clara-burel-cede-de-justesse-en-demi-finales-contre-elina-svitolina\/","url":"https:\/\/dicodusport.fr\/blog\/wta-strasbourg-clara-burel-cede-de-justesse-en-demi-finales-contre-elina-svitolina\/","name":"WTA Strasbourg : Clara Burel c\u00e8de de justesse en demi-finales contre Elina Svitolina","isPartOf":{"@id":"https:\/\/dicodusport.fr\/blog\/#website"},"primaryImageOfPage":{"@id":"https:\/\/dicodusport.fr\/blog\/wta-strasbourg-clara-burel-cede-de-justesse-en-demi-finales-contre-elina-svitolina\/#primaryimage"},"image":{"@id":"https:\/\/dicodusport.fr\/blog\/wta-strasbourg-clara-burel-cede-de-justesse-en-demi-finales-contre-elina-svitolina\/#primaryimage"},"thumbnailUrl":"https:\/\/dicodusport.fr\/blog\/wp-content\/uploads\/2023\/05\/WTA-Strasbourg-Clara-Burel-cede-de-justesse-en-demi-finales-contre-Elina-Svitolina.png","datePublished":"2023-05-26T17:05:33+00:00","dateModified":"2023-05-26T17:41:40+00:00","description":"TOURNOI WTA 250 DE STRASBOURG -Elina Svitolina a mis fin au parcours de Clara Burel en trois manches, et d\u00e9fiera Anna Blinkova pour le titre","breadcrumb":{"@id":"https:\/\/dicodusport.fr\/blog\/wta-strasbourg-clara-burel-cede-de-justesse-en-demi-finales-contre-elina-svitolina\/#breadcrumb"},"inLanguage":"fr-FR","potentialAction":[{"@type":"ReadAction","target":["https:\/\/dicodusport.fr\/blog\/wta-strasbourg-clara-burel-cede-de-justesse-en-demi-finales-contre-elina-svitolina\/"]}]},{"@type":"ImageObject","inLanguage":"fr-FR","@id":"https:\/\/dicodusport.fr\/blog\/wta-strasbourg-clara-burel-cede-de-justesse-en-demi-finales-contre-elina-svitolina\/#primaryimage","url":"https:\/\/dicodusport.fr\/blog\/wp-content\/uploads\/2023\/05\/WTA-Strasbourg-Clara-Burel-cede-de-justesse-en-demi-finales-contre-Elina-Svitolina.png","contentUrl":"https:\/\/dicodusport.fr\/blog\/wp-content\/uploads\/2023\/05\/WTA-Strasbourg-Clara-Burel-cede-de-justesse-en-demi-finales-contre-Elina-Svitolina.png","width":800,"height":445,"caption":"WTA Strasbourg Clara Burel c\u00e8de de justesse en demi-finales contre Elina Svitolina"},{"@type":"BreadcrumbList","@id":"https:\/\/dicodusport.fr\/blog\/wta-strasbourg-clara-burel-cede-de-justesse-en-demi-finales-contre-elina-svitolina\/#breadcrumb","itemListElement":[{"@type":"ListItem","position":1,"name":"Accueil","item":"https:\/\/dicodusport.fr\/blog\/"},{"@type":"ListItem","position":2,"name":"WTA Strasbourg : Clara Burel c\u00e8de de justesse en demi-finales contre Elina Svitolina"}]},{"@type":"WebSite","@id":"https:\/\/dicodusport.fr\/blog\/#website","url":"https:\/\/dicodusport.fr\/blog\/","name":"Dicodusport","description":"L&#039;encyclop\u00e9die de l&#039;actualit\u00e9 sportive","publisher":{"@id":"https:\/\/dicodusport.fr\/blog\/#organization"},"potentialAction":[{"@type":"SearchAction","target":{"@type":"EntryPoint","urlTemplate":"https:\/\/dicodusport.fr\/blog\/?s={search_term_string}"},"query-input":{"@type":"PropertyValueSpecification","valueRequired":true,"valueName":"search_term_string"}}],"inLanguage":"fr-FR"},{"@type":"NewsMediaOrganization","@id":"https:\/\/dicodusport.fr\/blog\/#organization","name":"Dicodusport","url":"https:\/\/dicodusport.fr\/blog\/","logo":{"@type":"ImageObject","inLanguage":"fr-FR","@id":"https:\/\/dicodusport.fr\/blog\/#\/schema\/logo\/image\/","url":"https:\/\/dicodusport.fr\/blog\/wp-content\/uploads\/2020\/06\/cropped-LOGO-DICODUSPORT-2020-SANS-FOND-SANS-TEXTE.png","contentUrl":"https:\/\/dicodusport.fr\/blog\/wp-content\/uploads\/2020\/06\/cropped-LOGO-DICODUSPORT-2020-SANS-FOND-SANS-TEXTE.png","width":512,"height":512,"caption":"Dicodusport"},"image":{"@id":"https:\/\/dicodusport.fr\/blog\/#\/schema\/logo\/image\/"},"sameAs":["https:\/\/www.facebook.com\/dicodusport","https:\/\/x.com\/dicodusport","https:\/\/www.instagram.com\/dicodusport\/","https:\/\/www.youtube.com\/channel\/UC7V2KZ5sd3htJivAbA4ZG3w"],"description":"Dicodusport est l'encyclop\u00e9die de l'actualit\u00e9 sportive.","email":"bonjour@dicodusport.fr","legalName":"DICODUSPORT","foundingDate":"2018-01-14","vatID":"FR71834470973","taxID":"83447097300043","numberOfEmployees":{"@type":"QuantitativeValue","minValue":"1","maxValue":"10"}},{"@type":"Person","@id":"https:\/\/dicodusport.fr\/blog\/#\/schema\/person\/627966a6cde45dbd8c5e36ac85d783da","name":"S\u00e9bastien Gente","image":{"@type":"ImageObject","inLanguage":"fr-FR","@id":"https:\/\/dicodusport.fr\/blog\/#\/schema\/person\/image\/","url":"https:\/\/dicodusport.fr\/blog\/wp-content\/uploads\/2021\/09\/1510990_10205810251400683_4124423575079401707_n-150x150.jpg","contentUrl":"https:\/\/dicodusport.fr\/blog\/wp-content\/uploads\/2021\/09\/1510990_10205810251400683_4124423575079401707_n-150x150.jpg","caption":"S\u00e9bastien Gente"},"description":"John Stockton, Gianni Bugno, Zinedine Zidane, Steffi Graf, Frode Andresen, St\u00e9phane Stoecklin, Davis Kamoga, Primoz Peterka, Werner Schlager et Aur\u00e9lien Rougerie. Point commun entre ces sportifs? Ils m'ont fait r\u00eaver et ont berc\u00e9 mon adolescence. Je suis un fondu de sports et j'essaie de retranscrire ma passion \u00e0 travers mes articles. Originaire du P\u00e9rigord, ma passion pour les Girondins, les Jaunards et les Jazzmen transpire dans mes \u00e9crits. \u00c0 Dicodusport depuis 2021, je d\u00e9niche les sports m\u00e9connus dans lesquels la France brille, et il y en a !","sameAs":["https:\/\/www.facebook.com\/sebastien.gente\/","https:\/\/www.instagram.com\/sebgente\/","https:\/\/www.linkedin.com\/in\/sbastien-gente-a29583169\/","https:\/\/x.com\/https:\/\/twitter.com\/globulo24","SebastienGente"],"worksFor":"S\u00e9bastien GENTE","url":"https:\/\/dicodusport.fr\/blog\/author\/sebastiengente\/"}]}},"_links":{"self":[{"href":"https:\/\/dicodusport.fr\/blog\/wp-json\/wp\/v2\/posts\/385471","targetHints":{"allow":["GET"]}}],"collection":[{"href":"https:\/\/dicodusport.fr\/blog\/wp-json\/wp\/v2\/posts"}],"about":[{"href":"https:\/\/dicodusport.fr\/blog\/wp-json\/wp\/v2\/types\/post"}],"author":[{"embeddable":true,"href":"https:\/\/dicodusport.fr\/blog\/wp-json\/wp\/v2\/users\/59"}],"replies":[{"embeddable":true,"href":"https:\/\/dicodusport.fr\/blog\/wp-json\/wp\/v2\/comments?post=385471"}],"version-history":[{"count":0,"href":"https:\/\/dicodusport.fr\/blog\/wp-json\/wp\/v2\/posts\/385471\/revisions"}],"wp:featuredmedia":[{"embeddable":true,"href":"https:\/\/dicodusport.fr\/blog\/wp-json\/wp\/v2\/media\/385570"}],"wp:attachment":[{"href":"https:\/\/dicodusport.fr\/blog\/wp-json\/wp\/v2\/media?parent=385471"}],"wp:term":[{"taxonomy":"category","embeddable":true,"href":"https:\/\/dicodusport.fr\/blog\/wp-json\/wp\/v2\/categories?post=385471"},{"taxonomy":"post_tag","embeddable":true,"href":"https:\/\/dicodusport.fr\/blog\/wp-json\/wp\/v2\/tags?post=385471"}],"curies":[{"name":"wp","href":"https:\/\/api.w.org\/{rel}","templated":true}]}}