{"id":385710,"date":"2023-05-27T12:47:14","date_gmt":"2023-05-27T10:47:14","guid":{"rendered":"https:\/\/dicodusport.fr\/blog\/?p=385710&#038;preview=true&#038;preview_id=385710"},"modified":"2023-05-28T15:18:53","modified_gmt":"2023-05-28T13:18:53","slug":"triathlon-wtcs-cagliari-emma-lombardi-deuxieme-georgia-taylor-brown-simpose","status":"publish","type":"post","link":"https:\/\/dicodusport.fr\/blog\/triathlon-wtcs-cagliari-emma-lombardi-deuxieme-georgia-taylor-brown-simpose\/","title":{"rendered":"Triathlon WTCS Cagliari : Emma Lombardi deuxi\u00e8me, Georgia Taylor-Brown s&rsquo;impose"},"content":{"rendered":"<p align=\"justify\"><em><b>TRIATHLON WTCS 2023 &#8211; Comme en 2022, la Fran\u00e7aise Emma Lombardi a pris la deuxi\u00e8me place de la WTCS de Cagliari (Italie), derri\u00e8re la Britannique Georgia Taylor-Brown. Lombardi s&rsquo;assure par la m\u00eame occasion un ticket pour le Test Event des JO de Paris, en ao\u00fbt prochain.<\/b><\/em><\/p>\n<p align=\"justify\"><strong>Cagliari 2023<\/strong>, remake de Cagliari 2022. Ce samedi, <strong>Emma Lombardi<\/strong> a r\u00e9alis\u00e9 une nouvelle performance de haut niveau. La Fran\u00e7aise de 21 ans, championne du monde espoirs en 2021 \u00e0 Edmonton (Canada), confirme sa magnifique mont\u00e9e en puissance, et sa saison 2022 aboutie. <a href=\"https:\/\/dicodusport.fr\/blog\/triathlon-premier-podium-en-wtcs-pour-emma-lombardi-deuxieme-a-cagliari\/\">Comme l&rsquo;ann\u00e9e derni\u00e8r<\/a>e, la Savoyarde a en effet pris la deuxi\u00e8me place de la <strong>WTCS de Cagliari<\/strong>. Et comme en 2022, la Tricolore a seulement \u00e9t\u00e9 devanc\u00e9e par la <strong>Britannique Georgia Taylor-Brown<\/strong>.<\/p>\n<h2 style=\"text-align: justify;\" align=\"justify\">Lombardi, dans le bon coup d\u00e8s la natation<\/h2>\n<p style=\"text-align: justify;\">Cette deuxi\u00e8me place, <strong>Emma Lombardi<\/strong> l&rsquo;a construite d\u00e8s la partie natation. L&rsquo;\u00e9preuve de ce samedi, disput\u00e9e au format olympique (1,5 km de natation, 40 km de v\u00e9lo (38 aujourd&rsquo;hui) et 10 km de course \u00e0 pied), a confirm\u00e9 que la native de Chamb\u00e9ry faisait partie du gratin mondial de la discipline. \u00c0 la sortie de la natation et au d\u00e9part de la portion v\u00e9lo, la Fran\u00e7aise est accompagn\u00e9e par la Britannique <strong>Georgia Taylor-Brown<\/strong>, les Am\u00e9ricaines <strong>Taylor Spivey<\/strong> et <strong>Summer Rappaport<\/strong>, la Br\u00e9silienne Vittoria Lopes et la N\u00e9erlandaise <strong>Maya Kingma<\/strong>. Le bon coup est alors parti.<\/p>\n<p style=\"text-align: justify;\">Les six triathl\u00e8tes vont alors s&rsquo;entendre \u00e0 merveille sur le v\u00e9lo. Lors de la transition v\u00e9lo-course \u00e0 pied, elles comptent 1:22 d&rsquo;avance sur un groupe au sein duquel on retrouve, notamment, <strong>Cassandre Beaugrand<\/strong>. Et d\u00e8s la partie p\u00e9destre, le duo <strong>Lombardi &#8211; Taylor-Brown<\/strong> s&rsquo;isole. Dans la derni\u00e8re des quatre boucles de 2,5 km du circuit italien, la Britannique a port\u00e9 l&rsquo;estocade. Lombardi a tent\u00e9 d&rsquo;amortir l&rsquo;attaque de la vice-championne olympique en titre. En vain. Sixi\u00e8me victoire sur le circuit pour cette derni\u00e8re. Second podium sur le circuit <strong>WTCS<\/strong> pour la Fran\u00e7aise. La bo\u00eete est compl\u00e9t\u00e9e par l&rsquo;Am\u00e9ricaine <strong>Taylor Spivey<\/strong>, tandis que <strong>Cassandre Beaugrand<\/strong> prend la 4\u00e8me place.<\/p>\n<blockquote class=\"twitter-tweet\">\n<p dir=\"ltr\" lang=\"fr\">WTCS Cagliari\ud83d\udeba\ud83c\uddee\ud83c\uddf9 :<\/p>\n<p>Emma Lombardi d\u00e9croche une magnifique \ud83e\udd48derri\u00e8re l&rsquo;intouchable Georgia Taylor Brown \ud83c\uddec\ud83c\udde7<\/p>\n<p>Excellente prestation \u00e9galement de Cassandre Beaugrand qui termine 4e.<\/p>\n<p>Les deux Bleues \ud83c\uddeb\ud83c\uddf7 se qualifient pour le Test Event de Paris. \ud83d\udc4f\ud83d\udcaa<a href=\"https:\/\/twitter.com\/hashtag\/triathlon?src=hash&amp;ref_src=twsrc%5Etfw\">#triathlon<\/a> <a href=\"https:\/\/twitter.com\/hashtag\/GoFrance?src=hash&amp;ref_src=twsrc%5Etfw\">#GoFrance<\/a> <a href=\"https:\/\/t.co\/iC8mKh0xsA\">pic.twitter.com\/iC8mKh0xsA<\/a><\/p>\n<p>\u2014 F.F.TRI. &#8211; F\u00e9d\u00e9ration Fran\u00e7aise de Triathlon (@FFTRI) <a href=\"https:\/\/twitter.com\/FFTRI\/status\/1662411974284550152?ref_src=twsrc%5Etfw\">May 27, 2023<\/a><\/p><\/blockquote>\n<p><script async src=\"https:\/\/platform.twitter.com\/widgets.js\" charset=\"utf-8\"><\/script><\/p>\n<p style=\"text-align: justify;\"><strong>Lombardi<\/strong> 2\u00e8me, <strong>Beaugrand<\/strong> 4\u00e8me, ces deux derni\u00e8res s&rsquo;assurent donc un ticket pour le Test Event des JO des Paris, qui aura lieu du 17 au 20 ao\u00fbt prochain. Il fallait en effet terminer dans les 5 premi\u00e8res triathl\u00e8tes de l&rsquo;une des trois derni\u00e8res WTCS (Cagliari compris). Elles rejoignent <strong>L\u00e9onie P\u00e9riault<\/strong>, 5\u00e8me \u00e0 Abu Dhabi.<\/p>\n","protected":false},"excerpt":{"rendered":"<p>TRIATHLON WTCS 2023 &#8211; Comme en 2022, la Fran\u00e7aise Emma Lombardi a pris la deuxi\u00e8me place de la WTCS de Cagliari (Italie), derri\u00e8re la Britannique Georgia Taylor-Brown. Lombardi s&rsquo;assure par la m\u00eame occasion un ticket pour le Test Event des JO de Paris, en ao\u00fbt prochain.<\/p>\n","protected":false},"author":4,"featured_media":385724,"comment_status":"open","ping_status":"closed","sticky":false,"template":"","format":"standard","meta":{"_acf_changed":false,"_daextam_enable_autolinks":"","footnotes":""},"categories":[8303],"tags":[16878,18737,589,28153],"class_list":["post-385710","post","type-post","status-publish","format-standard","has-post-thumbnail","hentry","category-triathlon","tag-breve","tag-emma-lombardi","tag-triathlon","tag-triathlon-wtcs"],"acf":[],"yoast_head":"<!-- This site is optimized with the Yoast SEO Premium plugin v26.7 (Yoast SEO v26.7) - https:\/\/yoast.com\/wordpress\/plugins\/seo\/ -->\n<title>Triathlon WTCS Cagliari : Emma Lombardi deuxi\u00e8me, Georgia Taylor-Brown s&#039;impose<\/title>\n<meta name=\"description\" content=\"TRIATHLON WTCS 2023 - Comme en 2022, la Fran\u00e7aise Emma Lombardi a pris la deuxi\u00e8me place de la WTCS de Cagliari (Italie).\" \/>\n<meta name=\"robots\" content=\"index, follow, max-snippet:-1, max-image-preview:large, max-video-preview:-1\" \/>\n<link rel=\"canonical\" href=\"https:\/\/dicodusport.fr\/blog\/triathlon-wtcs-cagliari-emma-lombardi-deuxieme-georgia-taylor-brown-simpose\/\" \/>\n<meta property=\"og:locale\" content=\"fr_FR\" \/>\n<meta property=\"og:type\" content=\"article\" \/>\n<meta property=\"og:title\" content=\"Triathlon WTCS Cagliari : Emma Lombardi deuxi\u00e8me, Georgia Taylor-Brown s&#039;impose\" \/>\n<meta property=\"og:description\" content=\"TRIATHLON WTCS 2023 - Comme en 2022, la Fran\u00e7aise Emma Lombardi a pris la deuxi\u00e8me place de la WTCS de Cagliari (Italie).\" \/>\n<meta property=\"og:url\" content=\"https:\/\/dicodusport.fr\/blog\/triathlon-wtcs-cagliari-emma-lombardi-deuxieme-georgia-taylor-brown-simpose\/\" \/>\n<meta property=\"og:site_name\" content=\"Dicodusport\" \/>\n<meta property=\"article:publisher\" content=\"https:\/\/www.facebook.com\/dicodusport\" \/>\n<meta property=\"article:author\" content=\"https:\/\/www.facebook.com\/florent.ostermann\" \/>\n<meta property=\"article:published_time\" content=\"2023-05-27T10:47:14+00:00\" \/>\n<meta property=\"article:modified_time\" content=\"2023-05-28T13:18:53+00:00\" \/>\n<meta property=\"og:image\" content=\"https:\/\/dicodusport.fr\/blog\/wp-content\/uploads\/2023\/05\/Triathlon-WTCS-Cagliari-Emma-Lombardi-deuxieme-Georgia-Taylor-Brown-simpose.png\" \/>\n\t<meta property=\"og:image:width\" content=\"800\" \/>\n\t<meta property=\"og:image:height\" content=\"445\" \/>\n\t<meta property=\"og:image:type\" content=\"image\/png\" \/>\n<meta name=\"author\" content=\"Flo Ostermann\" \/>\n<meta name=\"twitter:card\" content=\"summary_large_image\" \/>\n<meta name=\"twitter:title\" content=\"Triathlon WTCS Cagliari : Emma Lombardi deuxi\u00e8me, Georgia Taylor-Brown s&#039;impose\" \/>\n<meta name=\"twitter:creator\" content=\"@https:\/\/twitter.com\/FlOstermann\" \/>\n<meta name=\"twitter:site\" content=\"@dicodusport\" \/>\n<script type=\"application\/ld+json\" class=\"yoast-schema-graph\">{\"@context\":\"https:\/\/schema.org\",\"@graph\":[{\"@type\":\"NewsArticle\",\"@id\":\"https:\/\/dicodusport.fr\/blog\/triathlon-wtcs-cagliari-emma-lombardi-deuxieme-georgia-taylor-brown-simpose\/#article\",\"isPartOf\":{\"@id\":\"https:\/\/dicodusport.fr\/blog\/triathlon-wtcs-cagliari-emma-lombardi-deuxieme-georgia-taylor-brown-simpose\/\"},\"author\":{\"name\":\"Flo Ostermann\",\"@id\":\"https:\/\/dicodusport.fr\/blog\/#\/schema\/person\/cb02af4c173ce4a653b55e9baf388d4a\"},\"headline\":\"Triathlon WTCS Cagliari : Emma Lombardi deuxi\u00e8me, Georgia Taylor-Brown s&rsquo;impose\",\"datePublished\":\"2023-05-27T10:47:14+00:00\",\"dateModified\":\"2023-05-28T13:18:53+00:00\",\"mainEntityOfPage\":{\"@id\":\"https:\/\/dicodusport.fr\/blog\/triathlon-wtcs-cagliari-emma-lombardi-deuxieme-georgia-taylor-brown-simpose\/\"},\"wordCount\":488,\"commentCount\":0,\"publisher\":{\"@id\":\"https:\/\/dicodusport.fr\/blog\/#organization\"},\"image\":{\"@id\":\"https:\/\/dicodusport.fr\/blog\/triathlon-wtcs-cagliari-emma-lombardi-deuxieme-georgia-taylor-brown-simpose\/#primaryimage\"},\"thumbnailUrl\":\"https:\/\/dicodusport.fr\/blog\/wp-content\/uploads\/2023\/05\/Triathlon-WTCS-Cagliari-Emma-Lombardi-deuxieme-Georgia-Taylor-Brown-simpose.png\",\"keywords\":[\"br\u00e8ve\",\"Emma Lombardi\",\"triathlon\",\"Triathlon WTCS\"],\"articleSection\":[\"Triathlon\"],\"inLanguage\":\"fr-FR\",\"potentialAction\":[{\"@type\":\"CommentAction\",\"name\":\"Comment\",\"target\":[\"https:\/\/dicodusport.fr\/blog\/triathlon-wtcs-cagliari-emma-lombardi-deuxieme-georgia-taylor-brown-simpose\/#respond\"]}],\"copyrightYear\":\"2023\",\"copyrightHolder\":{\"@id\":\"https:\/\/dicodusport.fr\/blog\/#organization\"}},{\"@type\":\"WebPage\",\"@id\":\"https:\/\/dicodusport.fr\/blog\/triathlon-wtcs-cagliari-emma-lombardi-deuxieme-georgia-taylor-brown-simpose\/\",\"url\":\"https:\/\/dicodusport.fr\/blog\/triathlon-wtcs-cagliari-emma-lombardi-deuxieme-georgia-taylor-brown-simpose\/\",\"name\":\"Triathlon WTCS Cagliari : Emma Lombardi deuxi\u00e8me, Georgia Taylor-Brown s'impose\",\"isPartOf\":{\"@id\":\"https:\/\/dicodusport.fr\/blog\/#website\"},\"primaryImageOfPage\":{\"@id\":\"https:\/\/dicodusport.fr\/blog\/triathlon-wtcs-cagliari-emma-lombardi-deuxieme-georgia-taylor-brown-simpose\/#primaryimage\"},\"image\":{\"@id\":\"https:\/\/dicodusport.fr\/blog\/triathlon-wtcs-cagliari-emma-lombardi-deuxieme-georgia-taylor-brown-simpose\/#primaryimage\"},\"thumbnailUrl\":\"https:\/\/dicodusport.fr\/blog\/wp-content\/uploads\/2023\/05\/Triathlon-WTCS-Cagliari-Emma-Lombardi-deuxieme-Georgia-Taylor-Brown-simpose.png\",\"datePublished\":\"2023-05-27T10:47:14+00:00\",\"dateModified\":\"2023-05-28T13:18:53+00:00\",\"description\":\"TRIATHLON WTCS 2023 - Comme en 2022, la Fran\u00e7aise Emma Lombardi a pris la deuxi\u00e8me place de la WTCS de Cagliari (Italie).\",\"breadcrumb\":{\"@id\":\"https:\/\/dicodusport.fr\/blog\/triathlon-wtcs-cagliari-emma-lombardi-deuxieme-georgia-taylor-brown-simpose\/#breadcrumb\"},\"inLanguage\":\"fr-FR\",\"potentialAction\":[{\"@type\":\"ReadAction\",\"target\":[\"https:\/\/dicodusport.fr\/blog\/triathlon-wtcs-cagliari-emma-lombardi-deuxieme-georgia-taylor-brown-simpose\/\"]}]},{\"@type\":\"ImageObject\",\"inLanguage\":\"fr-FR\",\"@id\":\"https:\/\/dicodusport.fr\/blog\/triathlon-wtcs-cagliari-emma-lombardi-deuxieme-georgia-taylor-brown-simpose\/#primaryimage\",\"url\":\"https:\/\/dicodusport.fr\/blog\/wp-content\/uploads\/2023\/05\/Triathlon-WTCS-Cagliari-Emma-Lombardi-deuxieme-Georgia-Taylor-Brown-simpose.png\",\"contentUrl\":\"https:\/\/dicodusport.fr\/blog\/wp-content\/uploads\/2023\/05\/Triathlon-WTCS-Cagliari-Emma-Lombardi-deuxieme-Georgia-Taylor-Brown-simpose.png\",\"width\":800,\"height\":445,\"caption\":\"Triathlon WTCS Cagliari Emma Lombardi deuxi\u00e8me, Georgia Taylor-Brown s'impose\"},{\"@type\":\"BreadcrumbList\",\"@id\":\"https:\/\/dicodusport.fr\/blog\/triathlon-wtcs-cagliari-emma-lombardi-deuxieme-georgia-taylor-brown-simpose\/#breadcrumb\",\"itemListElement\":[{\"@type\":\"ListItem\",\"position\":1,\"name\":\"Accueil\",\"item\":\"https:\/\/dicodusport.fr\/blog\/\"},{\"@type\":\"ListItem\",\"position\":2,\"name\":\"Triathlon WTCS Cagliari : Emma Lombardi deuxi\u00e8me, Georgia Taylor-Brown s&rsquo;impose\"}]},{\"@type\":\"WebSite\",\"@id\":\"https:\/\/dicodusport.fr\/blog\/#website\",\"url\":\"https:\/\/dicodusport.fr\/blog\/\",\"name\":\"Dicodusport\",\"description\":\"L&#039;encyclop\u00e9die de l&#039;actualit\u00e9 sportive\",\"publisher\":{\"@id\":\"https:\/\/dicodusport.fr\/blog\/#organization\"},\"potentialAction\":[{\"@type\":\"SearchAction\",\"target\":{\"@type\":\"EntryPoint\",\"urlTemplate\":\"https:\/\/dicodusport.fr\/blog\/?s={search_term_string}\"},\"query-input\":{\"@type\":\"PropertyValueSpecification\",\"valueRequired\":true,\"valueName\":\"search_term_string\"}}],\"inLanguage\":\"fr-FR\"},{\"@type\":\"NewsMediaOrganization\",\"@id\":\"https:\/\/dicodusport.fr\/blog\/#organization\",\"name\":\"Dicodusport\",\"url\":\"https:\/\/dicodusport.fr\/blog\/\",\"logo\":{\"@type\":\"ImageObject\",\"inLanguage\":\"fr-FR\",\"@id\":\"https:\/\/dicodusport.fr\/blog\/#\/schema\/logo\/image\/\",\"url\":\"https:\/\/dicodusport.fr\/blog\/wp-content\/uploads\/2020\/06\/cropped-LOGO-DICODUSPORT-2020-SANS-FOND-SANS-TEXTE.png\",\"contentUrl\":\"https:\/\/dicodusport.fr\/blog\/wp-content\/uploads\/2020\/06\/cropped-LOGO-DICODUSPORT-2020-SANS-FOND-SANS-TEXTE.png\",\"width\":512,\"height\":512,\"caption\":\"Dicodusport\"},\"image\":{\"@id\":\"https:\/\/dicodusport.fr\/blog\/#\/schema\/logo\/image\/\"},\"sameAs\":[\"https:\/\/www.facebook.com\/dicodusport\",\"https:\/\/x.com\/dicodusport\",\"https:\/\/www.instagram.com\/dicodusport\/\",\"https:\/\/www.youtube.com\/channel\/UC7V2KZ5sd3htJivAbA4ZG3w\"],\"description\":\"Dicodusport est l'encyclop\u00e9die de l'actualit\u00e9 sportive.\",\"email\":\"bonjour@dicodusport.fr\",\"legalName\":\"DICODUSPORT\",\"foundingDate\":\"2018-01-14\",\"vatID\":\"FR71834470973\",\"taxID\":\"83447097300043\",\"numberOfEmployees\":{\"@type\":\"QuantitativeValue\",\"minValue\":\"1\",\"maxValue\":\"10\"}},{\"@type\":\"Person\",\"@id\":\"https:\/\/dicodusport.fr\/blog\/#\/schema\/person\/cb02af4c173ce4a653b55e9baf388d4a\",\"name\":\"Flo Ostermann\",\"image\":{\"@type\":\"ImageObject\",\"inLanguage\":\"fr-FR\",\"@id\":\"https:\/\/dicodusport.fr\/blog\/#\/schema\/person\/image\/\",\"url\":\"https:\/\/dicodusport.fr\/blog\/wp-content\/uploads\/2021\/05\/Flo-Ostermann-150x150.jpg\",\"contentUrl\":\"https:\/\/dicodusport.fr\/blog\/wp-content\/uploads\/2021\/05\/Flo-Ostermann-150x150.jpg\",\"caption\":\"Flo Ostermann\"},\"description\":\"Journaliste\/R\u00e9dacteur depuis septembre 2015 - Mes premiers souvenirs dans le sport ? Les envol\u00e9es du Stade Toulousain et les duels Villeneuve-Schumacher et H\u00e4kkinen-Schumacher \u00e0 la fin des ann\u00e9es 90, la Coupe du monde de football en 1998, l\u2019exploit du XV de France face aux All Blacks en 1999, mais aussi Richard C\u0153ur de Lion qui vole sur les montagnes du Tour de France. Bien parti pour devenir professeur d\u2019EPS, les \u00e9v\u00e9nements de la vie (et la flemme d\u2019animer des s\u00e9ances de 3x500 m\u00e8tres toute ma vie) m\u2019ont conduit \u00e0 revoir mes plans. Me voil\u00e0 depuis fin 2017 sur Dicodusport, m\u00e9dia gr\u00e2ce (et pour) lequel je partage ma passion : le sport dans tous ses \u00e9tats. Le tout accompagn\u00e9 par les fous furieux et folles furieuses cit\u00e9s sur cette page !\",\"sameAs\":[\"https:\/\/www.facebook.com\/florent.ostermann\",\"https:\/\/x.com\/https:\/\/twitter.com\/FlOstermann\",\"admin\"],\"url\":\"https:\/\/dicodusport.fr\/blog\/author\/flo\/\"}]}<\/script>\n<!-- \/ Yoast SEO Premium plugin. -->","yoast_head_json":{"title":"Triathlon WTCS Cagliari : Emma Lombardi deuxi\u00e8me, Georgia Taylor-Brown s'impose","description":"TRIATHLON WTCS 2023 - Comme en 2022, la Fran\u00e7aise Emma Lombardi a pris la deuxi\u00e8me place de la WTCS de Cagliari (Italie).","robots":{"index":"index","follow":"follow","max-snippet":"max-snippet:-1","max-image-preview":"max-image-preview:large","max-video-preview":"max-video-preview:-1"},"canonical":"https:\/\/dicodusport.fr\/blog\/triathlon-wtcs-cagliari-emma-lombardi-deuxieme-georgia-taylor-brown-simpose\/","og_locale":"fr_FR","og_type":"article","og_title":"Triathlon WTCS Cagliari : Emma Lombardi deuxi\u00e8me, Georgia Taylor-Brown s'impose","og_description":"TRIATHLON WTCS 2023 - Comme en 2022, la Fran\u00e7aise Emma Lombardi a pris la deuxi\u00e8me place de la WTCS de Cagliari (Italie).","og_url":"https:\/\/dicodusport.fr\/blog\/triathlon-wtcs-cagliari-emma-lombardi-deuxieme-georgia-taylor-brown-simpose\/","og_site_name":"Dicodusport","article_publisher":"https:\/\/www.facebook.com\/dicodusport","article_author":"https:\/\/www.facebook.com\/florent.ostermann","article_published_time":"2023-05-27T10:47:14+00:00","article_modified_time":"2023-05-28T13:18:53+00:00","og_image":[{"width":800,"height":445,"url":"https:\/\/dicodusport.fr\/blog\/wp-content\/uploads\/2023\/05\/Triathlon-WTCS-Cagliari-Emma-Lombardi-deuxieme-Georgia-Taylor-Brown-simpose.png","type":"image\/png"}],"author":"Flo Ostermann","twitter_card":"summary_large_image","twitter_title":"Triathlon WTCS Cagliari : Emma Lombardi deuxi\u00e8me, Georgia Taylor-Brown s'impose","twitter_creator":"@https:\/\/twitter.com\/FlOstermann","twitter_site":"@dicodusport","schema":{"@context":"https:\/\/schema.org","@graph":[{"@type":"NewsArticle","@id":"https:\/\/dicodusport.fr\/blog\/triathlon-wtcs-cagliari-emma-lombardi-deuxieme-georgia-taylor-brown-simpose\/#article","isPartOf":{"@id":"https:\/\/dicodusport.fr\/blog\/triathlon-wtcs-cagliari-emma-lombardi-deuxieme-georgia-taylor-brown-simpose\/"},"author":{"name":"Flo Ostermann","@id":"https:\/\/dicodusport.fr\/blog\/#\/schema\/person\/cb02af4c173ce4a653b55e9baf388d4a"},"headline":"Triathlon WTCS Cagliari : Emma Lombardi deuxi\u00e8me, Georgia Taylor-Brown s&rsquo;impose","datePublished":"2023-05-27T10:47:14+00:00","dateModified":"2023-05-28T13:18:53+00:00","mainEntityOfPage":{"@id":"https:\/\/dicodusport.fr\/blog\/triathlon-wtcs-cagliari-emma-lombardi-deuxieme-georgia-taylor-brown-simpose\/"},"wordCount":488,"commentCount":0,"publisher":{"@id":"https:\/\/dicodusport.fr\/blog\/#organization"},"image":{"@id":"https:\/\/dicodusport.fr\/blog\/triathlon-wtcs-cagliari-emma-lombardi-deuxieme-georgia-taylor-brown-simpose\/#primaryimage"},"thumbnailUrl":"https:\/\/dicodusport.fr\/blog\/wp-content\/uploads\/2023\/05\/Triathlon-WTCS-Cagliari-Emma-Lombardi-deuxieme-Georgia-Taylor-Brown-simpose.png","keywords":["br\u00e8ve","Emma Lombardi","triathlon","Triathlon WTCS"],"articleSection":["Triathlon"],"inLanguage":"fr-FR","potentialAction":[{"@type":"CommentAction","name":"Comment","target":["https:\/\/dicodusport.fr\/blog\/triathlon-wtcs-cagliari-emma-lombardi-deuxieme-georgia-taylor-brown-simpose\/#respond"]}],"copyrightYear":"2023","copyrightHolder":{"@id":"https:\/\/dicodusport.fr\/blog\/#organization"}},{"@type":"WebPage","@id":"https:\/\/dicodusport.fr\/blog\/triathlon-wtcs-cagliari-emma-lombardi-deuxieme-georgia-taylor-brown-simpose\/","url":"https:\/\/dicodusport.fr\/blog\/triathlon-wtcs-cagliari-emma-lombardi-deuxieme-georgia-taylor-brown-simpose\/","name":"Triathlon WTCS Cagliari : Emma Lombardi deuxi\u00e8me, Georgia Taylor-Brown s'impose","isPartOf":{"@id":"https:\/\/dicodusport.fr\/blog\/#website"},"primaryImageOfPage":{"@id":"https:\/\/dicodusport.fr\/blog\/triathlon-wtcs-cagliari-emma-lombardi-deuxieme-georgia-taylor-brown-simpose\/#primaryimage"},"image":{"@id":"https:\/\/dicodusport.fr\/blog\/triathlon-wtcs-cagliari-emma-lombardi-deuxieme-georgia-taylor-brown-simpose\/#primaryimage"},"thumbnailUrl":"https:\/\/dicodusport.fr\/blog\/wp-content\/uploads\/2023\/05\/Triathlon-WTCS-Cagliari-Emma-Lombardi-deuxieme-Georgia-Taylor-Brown-simpose.png","datePublished":"2023-05-27T10:47:14+00:00","dateModified":"2023-05-28T13:18:53+00:00","description":"TRIATHLON WTCS 2023 - Comme en 2022, la Fran\u00e7aise Emma Lombardi a pris la deuxi\u00e8me place de la WTCS de Cagliari (Italie).","breadcrumb":{"@id":"https:\/\/dicodusport.fr\/blog\/triathlon-wtcs-cagliari-emma-lombardi-deuxieme-georgia-taylor-brown-simpose\/#breadcrumb"},"inLanguage":"fr-FR","potentialAction":[{"@type":"ReadAction","target":["https:\/\/dicodusport.fr\/blog\/triathlon-wtcs-cagliari-emma-lombardi-deuxieme-georgia-taylor-brown-simpose\/"]}]},{"@type":"ImageObject","inLanguage":"fr-FR","@id":"https:\/\/dicodusport.fr\/blog\/triathlon-wtcs-cagliari-emma-lombardi-deuxieme-georgia-taylor-brown-simpose\/#primaryimage","url":"https:\/\/dicodusport.fr\/blog\/wp-content\/uploads\/2023\/05\/Triathlon-WTCS-Cagliari-Emma-Lombardi-deuxieme-Georgia-Taylor-Brown-simpose.png","contentUrl":"https:\/\/dicodusport.fr\/blog\/wp-content\/uploads\/2023\/05\/Triathlon-WTCS-Cagliari-Emma-Lombardi-deuxieme-Georgia-Taylor-Brown-simpose.png","width":800,"height":445,"caption":"Triathlon WTCS Cagliari Emma Lombardi deuxi\u00e8me, Georgia Taylor-Brown s'impose"},{"@type":"BreadcrumbList","@id":"https:\/\/dicodusport.fr\/blog\/triathlon-wtcs-cagliari-emma-lombardi-deuxieme-georgia-taylor-brown-simpose\/#breadcrumb","itemListElement":[{"@type":"ListItem","position":1,"name":"Accueil","item":"https:\/\/dicodusport.fr\/blog\/"},{"@type":"ListItem","position":2,"name":"Triathlon WTCS Cagliari : Emma Lombardi deuxi\u00e8me, Georgia Taylor-Brown s&rsquo;impose"}]},{"@type":"WebSite","@id":"https:\/\/dicodusport.fr\/blog\/#website","url":"https:\/\/dicodusport.fr\/blog\/","name":"Dicodusport","description":"L&#039;encyclop\u00e9die de l&#039;actualit\u00e9 sportive","publisher":{"@id":"https:\/\/dicodusport.fr\/blog\/#organization"},"potentialAction":[{"@type":"SearchAction","target":{"@type":"EntryPoint","urlTemplate":"https:\/\/dicodusport.fr\/blog\/?s={search_term_string}"},"query-input":{"@type":"PropertyValueSpecification","valueRequired":true,"valueName":"search_term_string"}}],"inLanguage":"fr-FR"},{"@type":"NewsMediaOrganization","@id":"https:\/\/dicodusport.fr\/blog\/#organization","name":"Dicodusport","url":"https:\/\/dicodusport.fr\/blog\/","logo":{"@type":"ImageObject","inLanguage":"fr-FR","@id":"https:\/\/dicodusport.fr\/blog\/#\/schema\/logo\/image\/","url":"https:\/\/dicodusport.fr\/blog\/wp-content\/uploads\/2020\/06\/cropped-LOGO-DICODUSPORT-2020-SANS-FOND-SANS-TEXTE.png","contentUrl":"https:\/\/dicodusport.fr\/blog\/wp-content\/uploads\/2020\/06\/cropped-LOGO-DICODUSPORT-2020-SANS-FOND-SANS-TEXTE.png","width":512,"height":512,"caption":"Dicodusport"},"image":{"@id":"https:\/\/dicodusport.fr\/blog\/#\/schema\/logo\/image\/"},"sameAs":["https:\/\/www.facebook.com\/dicodusport","https:\/\/x.com\/dicodusport","https:\/\/www.instagram.com\/dicodusport\/","https:\/\/www.youtube.com\/channel\/UC7V2KZ5sd3htJivAbA4ZG3w"],"description":"Dicodusport est l'encyclop\u00e9die de l'actualit\u00e9 sportive.","email":"bonjour@dicodusport.fr","legalName":"DICODUSPORT","foundingDate":"2018-01-14","vatID":"FR71834470973","taxID":"83447097300043","numberOfEmployees":{"@type":"QuantitativeValue","minValue":"1","maxValue":"10"}},{"@type":"Person","@id":"https:\/\/dicodusport.fr\/blog\/#\/schema\/person\/cb02af4c173ce4a653b55e9baf388d4a","name":"Flo Ostermann","image":{"@type":"ImageObject","inLanguage":"fr-FR","@id":"https:\/\/dicodusport.fr\/blog\/#\/schema\/person\/image\/","url":"https:\/\/dicodusport.fr\/blog\/wp-content\/uploads\/2021\/05\/Flo-Ostermann-150x150.jpg","contentUrl":"https:\/\/dicodusport.fr\/blog\/wp-content\/uploads\/2021\/05\/Flo-Ostermann-150x150.jpg","caption":"Flo Ostermann"},"description":"Journaliste\/R\u00e9dacteur depuis septembre 2015 - Mes premiers souvenirs dans le sport ? Les envol\u00e9es du Stade Toulousain et les duels Villeneuve-Schumacher et H\u00e4kkinen-Schumacher \u00e0 la fin des ann\u00e9es 90, la Coupe du monde de football en 1998, l\u2019exploit du XV de France face aux All Blacks en 1999, mais aussi Richard C\u0153ur de Lion qui vole sur les montagnes du Tour de France. Bien parti pour devenir professeur d\u2019EPS, les \u00e9v\u00e9nements de la vie (et la flemme d\u2019animer des s\u00e9ances de 3x500 m\u00e8tres toute ma vie) m\u2019ont conduit \u00e0 revoir mes plans. Me voil\u00e0 depuis fin 2017 sur Dicodusport, m\u00e9dia gr\u00e2ce (et pour) lequel je partage ma passion : le sport dans tous ses \u00e9tats. Le tout accompagn\u00e9 par les fous furieux et folles furieuses cit\u00e9s sur cette page !","sameAs":["https:\/\/www.facebook.com\/florent.ostermann","https:\/\/x.com\/https:\/\/twitter.com\/FlOstermann","admin"],"url":"https:\/\/dicodusport.fr\/blog\/author\/flo\/"}]}},"_links":{"self":[{"href":"https:\/\/dicodusport.fr\/blog\/wp-json\/wp\/v2\/posts\/385710","targetHints":{"allow":["GET"]}}],"collection":[{"href":"https:\/\/dicodusport.fr\/blog\/wp-json\/wp\/v2\/posts"}],"about":[{"href":"https:\/\/dicodusport.fr\/blog\/wp-json\/wp\/v2\/types\/post"}],"author":[{"embeddable":true,"href":"https:\/\/dicodusport.fr\/blog\/wp-json\/wp\/v2\/users\/4"}],"replies":[{"embeddable":true,"href":"https:\/\/dicodusport.fr\/blog\/wp-json\/wp\/v2\/comments?post=385710"}],"version-history":[{"count":0,"href":"https:\/\/dicodusport.fr\/blog\/wp-json\/wp\/v2\/posts\/385710\/revisions"}],"wp:featuredmedia":[{"embeddable":true,"href":"https:\/\/dicodusport.fr\/blog\/wp-json\/wp\/v2\/media\/385724"}],"wp:attachment":[{"href":"https:\/\/dicodusport.fr\/blog\/wp-json\/wp\/v2\/media?parent=385710"}],"wp:term":[{"taxonomy":"category","embeddable":true,"href":"https:\/\/dicodusport.fr\/blog\/wp-json\/wp\/v2\/categories?post=385710"},{"taxonomy":"post_tag","embeddable":true,"href":"https:\/\/dicodusport.fr\/blog\/wp-json\/wp\/v2\/tags?post=385710"}],"curies":[{"name":"wp","href":"https:\/\/api.w.org\/{rel}","templated":true}]}}