{"id":385719,"date":"2023-05-27T12:55:41","date_gmt":"2023-05-27T10:55:41","guid":{"rendered":"https:\/\/dicodusport.fr\/blog\/?p=385719&#038;preview=true&#038;preview_id=385719"},"modified":"2023-05-27T13:11:44","modified_gmt":"2023-05-27T11:11:44","slug":"damian-penaud-regrette-son-depart-de-asm-clermont","status":"publish","type":"post","link":"https:\/\/dicodusport.fr\/blog\/damian-penaud-regrette-son-depart-de-asm-clermont\/","title":{"rendered":"Damian Penaud regrette son d\u00e9part de l&rsquo;ASM Clermont"},"content":{"rendered":"<p style=\"text-align: justify;\" align=\"justify\"><em><strong>TOP 14 2023-2024 &#8211; Selon La Montagne et Rugbyrama, Damian Penaud regrette de quitter l&rsquo;ASM Clermont pour rejoindre l&rsquo;Union Bordeaux-B\u00e8gles.<\/strong><\/em><\/p>\n<p style=\"text-align: justify;\" align=\"justify\"><strong>Damian<\/strong> <strong>Penaud<\/strong> va jouer ce dimanche son dernier match avec l&rsquo;<strong>ASM<\/strong> <strong>Clermont<\/strong> au Stade Marcel-Michelin. L&rsquo;ailier international a choisi de rejoindre l&rsquo;<strong>Union Bordeaux-B\u00e8gles<\/strong> la saison prochaine, et s&rsquo;est engag\u00e9 pour plusieurs saisons. Avant cela, un long feuilleton a eu lieu, avec l&rsquo;<strong>ASM Clermont<\/strong> qui voulait le garder \u00e0 tout prix, mais aussi des rumeurs qui l&rsquo;envoyaient \u00e0 <strong>Toulouse<\/strong> et <strong>La<\/strong> <strong>Rochelle<\/strong>.<\/p>\n<h2 style=\"text-align: justify;\" align=\"justify\">Les regrets de Damian Penaud<\/h2>\n<p style=\"text-align: justify;\" align=\"justify\">Mais quelques mois apr\u00e8s sa d\u00e9cision, <strong>Damian<\/strong> <strong>Penaud<\/strong> regretterait son d\u00e9part d&rsquo;<strong>Auvergne<\/strong>. Il faut dire qu&rsquo;il y a eu de grands changements au club, avec notamment un nouveau manager (<a href=\"https:\/\/dicodusport.fr\/blog\/asm-clermont-christophe-urios-tacle-ses-trois-quarts\/\"><strong>Christophe Urios<\/strong><\/a>) et <a href=\"https:\/\/dicodusport.fr\/blog\/asm-clermont-jean-michel-guillon-sen-va-un-nouveau-president-deja-elu\/\">un nouveau pr\u00e9sident (<strong>Jean-Claude Pats<\/strong>)<\/a>. Lors d&rsquo;une s\u00e9ance d&rsquo;entra\u00eenement, Penaud aurait m\u00eame exprim\u00e9 ses regrets \u00e0 des supporters qui lui r\u00e9clamaient de rester. Des propos repris par <em>La Montagne<\/em>. <em>\u00ab Oui, mais c\u2019est trop tard maintenant \u00bb<\/em>, a-t-il alors lanc\u00e9, le tout sur un ton \u00e9nigmatique.<\/p>\n<p style=\"text-align: justify;\" align=\"justify\">Selon nos confr\u00e8res, l&rsquo;<strong>ASM Clermont<\/strong> aurait m\u00eame tent\u00e9 de racheter le pr\u00e9-contrat sign\u00e9 par l&rsquo;international avec l&rsquo;<strong>UBB<\/strong>. Mais en vain ! <strong>Damian<\/strong> <strong>Penaud<\/strong> va donc bien quitter le club qu&rsquo;il a rejoint en 2014, alors qu&rsquo;il n&rsquo;avait que 17 ans. Une page va se tourner pour lui, m\u00eame si au final, le chapitre n&rsquo;aurait pas d\u00fb se refermer aussi vite.<\/p>\n<blockquote class=\"twitter-tweet\">\n<p dir=\"ltr\" lang=\"fr\">Damian Penaud fera sa derni\u00e8re au Michelin sous le maillot de l&rsquo;ASM avant son d\u00e9part \u00e0 Bordeaux, la saison prochaine. Un transfert qui ne le r\u00e9jouirait plus tant que \u00e7a, d&rsquo;autant que Clermont a tout fait pour le retenir.<a href=\"https:\/\/t.co\/F9kCrgFBYX\">https:\/\/t.co\/F9kCrgFBYX<\/a><\/p>\n<p>\u2014 RUGBYRAMA (@RugbyramaFR) <a href=\"https:\/\/twitter.com\/RugbyramaFR\/status\/1662404695225139200?ref_src=twsrc%5Etfw\">May 27, 2023<\/a><\/p><\/blockquote>\n<p style=\"text-align: justify;\"><script async src=\"https:\/\/platform.twitter.com\/widgets.js\" charset=\"utf-8\"><\/script><\/p>\n","protected":false},"excerpt":{"rendered":"<p>TOP 14 2023-2024 &#8211; Selon La Montagne et Rugbyrama, Damian Penaud regrette de quitter l&rsquo;ASM Clermont pour rejoindre l&rsquo;Union Bordeaux-B\u00e8gles.<\/p>\n","protected":false},"author":1,"featured_media":385723,"comment_status":"open","ping_status":"closed","sticky":false,"template":"","format":"standard","meta":{"_acf_changed":false,"_daextam_enable_autolinks":"","footnotes":""},"categories":[9129,47050],"tags":[1208,16878,1183,7689,24],"class_list":["post-385719","post","type-post","status-publish","format-standard","has-post-thumbnail","hentry","category-rugby-a-xv","category-top-14","tag-asm-clermont","tag-breve","tag-clermont","tag-damian-penaud","tag-sport"],"acf":[],"yoast_head":"<!-- This site is optimized with the Yoast SEO Premium plugin v26.7 (Yoast SEO v26.7) - https:\/\/yoast.com\/wordpress\/plugins\/seo\/ -->\n<title>Damian Penaud regrette son d\u00e9part de l&#039;ASM Clermont<\/title>\n<meta name=\"description\" content=\"TOP 14 2023-2024 - Selon La Montagne et Rugbyrama, Damian Penaud regrette de quitter l&#039;ASM Clermont pour rejoindre l&#039;Union Bordeaux-B\u00e8gles.\" \/>\n<meta name=\"robots\" content=\"index, follow, max-snippet:-1, max-image-preview:large, max-video-preview:-1\" \/>\n<link rel=\"canonical\" href=\"https:\/\/dicodusport.fr\/blog\/damian-penaud-regrette-son-depart-de-asm-clermont\/\" \/>\n<meta property=\"og:locale\" content=\"fr_FR\" \/>\n<meta property=\"og:type\" content=\"article\" \/>\n<meta property=\"og:title\" content=\"Damian Penaud regrette son d\u00e9part de l&#039;ASM Clermont\" \/>\n<meta property=\"og:description\" content=\"TOP 14 2023-2024 - Selon La Montagne et Rugbyrama, Damian Penaud regrette de quitter l&#039;ASM Clermont pour rejoindre l&#039;Union Bordeaux-B\u00e8gles.\" \/>\n<meta property=\"og:url\" content=\"https:\/\/dicodusport.fr\/blog\/damian-penaud-regrette-son-depart-de-asm-clermont\/\" \/>\n<meta property=\"og:site_name\" content=\"Dicodusport\" \/>\n<meta property=\"article:publisher\" content=\"https:\/\/www.facebook.com\/dicodusport\" \/>\n<meta property=\"article:author\" content=\"https:\/\/www.facebook.com\/dicodusport\" \/>\n<meta property=\"article:published_time\" content=\"2023-05-27T10:55:41+00:00\" \/>\n<meta property=\"article:modified_time\" content=\"2023-05-27T11:11:44+00:00\" \/>\n<meta property=\"og:image\" content=\"https:\/\/dicodusport.fr\/blog\/wp-content\/uploads\/2023\/05\/Damian-Penaud-regrette-son-depart-de-lASM-Clermont.png\" \/>\n\t<meta property=\"og:image:width\" content=\"800\" \/>\n\t<meta property=\"og:image:height\" content=\"445\" \/>\n\t<meta property=\"og:image:type\" content=\"image\/png\" \/>\n<meta name=\"author\" content=\"Nicolas Jacquemard\" \/>\n<meta name=\"twitter:card\" content=\"summary_large_image\" \/>\n<meta name=\"twitter:title\" content=\"Damian Penaud regrette son d\u00e9part de l&#039;ASM Clermont\" \/>\n<meta name=\"twitter:creator\" content=\"@https:\/\/twitter.com\/Nico_Jacquemard\" \/>\n<meta name=\"twitter:site\" content=\"@dicodusport\" \/>\n<script type=\"application\/ld+json\" class=\"yoast-schema-graph\">{\"@context\":\"https:\/\/schema.org\",\"@graph\":[{\"@type\":\"NewsArticle\",\"@id\":\"https:\/\/dicodusport.fr\/blog\/damian-penaud-regrette-son-depart-de-asm-clermont\/#article\",\"isPartOf\":{\"@id\":\"https:\/\/dicodusport.fr\/blog\/damian-penaud-regrette-son-depart-de-asm-clermont\/\"},\"author\":{\"name\":\"Nicolas Jacquemard\",\"@id\":\"https:\/\/dicodusport.fr\/blog\/#\/schema\/person\/55dcb50ad410894e431ed812bbb70191\"},\"headline\":\"Damian Penaud regrette son d\u00e9part de l&rsquo;ASM Clermont\",\"datePublished\":\"2023-05-27T10:55:41+00:00\",\"dateModified\":\"2023-05-27T11:11:44+00:00\",\"mainEntityOfPage\":{\"@id\":\"https:\/\/dicodusport.fr\/blog\/damian-penaud-regrette-son-depart-de-asm-clermont\/\"},\"wordCount\":310,\"commentCount\":0,\"publisher\":{\"@id\":\"https:\/\/dicodusport.fr\/blog\/#organization\"},\"image\":{\"@id\":\"https:\/\/dicodusport.fr\/blog\/damian-penaud-regrette-son-depart-de-asm-clermont\/#primaryimage\"},\"thumbnailUrl\":\"https:\/\/dicodusport.fr\/blog\/wp-content\/uploads\/2023\/05\/Damian-Penaud-regrette-son-depart-de-lASM-Clermont.png\",\"keywords\":[\"ASM Clermont\",\"br\u00e8ve\",\"clermont\",\"Damian Penaud\",\"sport\"],\"articleSection\":[\"Rugby \u00e0 XV\",\"Top 14\"],\"inLanguage\":\"fr-FR\",\"potentialAction\":[{\"@type\":\"CommentAction\",\"name\":\"Comment\",\"target\":[\"https:\/\/dicodusport.fr\/blog\/damian-penaud-regrette-son-depart-de-asm-clermont\/#respond\"]}],\"copyrightYear\":\"2023\",\"copyrightHolder\":{\"@id\":\"https:\/\/dicodusport.fr\/blog\/#organization\"}},{\"@type\":\"WebPage\",\"@id\":\"https:\/\/dicodusport.fr\/blog\/damian-penaud-regrette-son-depart-de-asm-clermont\/\",\"url\":\"https:\/\/dicodusport.fr\/blog\/damian-penaud-regrette-son-depart-de-asm-clermont\/\",\"name\":\"Damian Penaud regrette son d\u00e9part de l'ASM Clermont\",\"isPartOf\":{\"@id\":\"https:\/\/dicodusport.fr\/blog\/#website\"},\"primaryImageOfPage\":{\"@id\":\"https:\/\/dicodusport.fr\/blog\/damian-penaud-regrette-son-depart-de-asm-clermont\/#primaryimage\"},\"image\":{\"@id\":\"https:\/\/dicodusport.fr\/blog\/damian-penaud-regrette-son-depart-de-asm-clermont\/#primaryimage\"},\"thumbnailUrl\":\"https:\/\/dicodusport.fr\/blog\/wp-content\/uploads\/2023\/05\/Damian-Penaud-regrette-son-depart-de-lASM-Clermont.png\",\"datePublished\":\"2023-05-27T10:55:41+00:00\",\"dateModified\":\"2023-05-27T11:11:44+00:00\",\"description\":\"TOP 14 2023-2024 - Selon La Montagne et Rugbyrama, Damian Penaud regrette de quitter l'ASM Clermont pour rejoindre l'Union Bordeaux-B\u00e8gles.\",\"breadcrumb\":{\"@id\":\"https:\/\/dicodusport.fr\/blog\/damian-penaud-regrette-son-depart-de-asm-clermont\/#breadcrumb\"},\"inLanguage\":\"fr-FR\",\"potentialAction\":[{\"@type\":\"ReadAction\",\"target\":[\"https:\/\/dicodusport.fr\/blog\/damian-penaud-regrette-son-depart-de-asm-clermont\/\"]}]},{\"@type\":\"ImageObject\",\"inLanguage\":\"fr-FR\",\"@id\":\"https:\/\/dicodusport.fr\/blog\/damian-penaud-regrette-son-depart-de-asm-clermont\/#primaryimage\",\"url\":\"https:\/\/dicodusport.fr\/blog\/wp-content\/uploads\/2023\/05\/Damian-Penaud-regrette-son-depart-de-lASM-Clermont.png\",\"contentUrl\":\"https:\/\/dicodusport.fr\/blog\/wp-content\/uploads\/2023\/05\/Damian-Penaud-regrette-son-depart-de-lASM-Clermont.png\",\"width\":800,\"height\":445},{\"@type\":\"BreadcrumbList\",\"@id\":\"https:\/\/dicodusport.fr\/blog\/damian-penaud-regrette-son-depart-de-asm-clermont\/#breadcrumb\",\"itemListElement\":[{\"@type\":\"ListItem\",\"position\":1,\"name\":\"Accueil\",\"item\":\"https:\/\/dicodusport.fr\/blog\/\"},{\"@type\":\"ListItem\",\"position\":2,\"name\":\"Damian Penaud regrette son d\u00e9part de l&rsquo;ASM Clermont\"}]},{\"@type\":\"WebSite\",\"@id\":\"https:\/\/dicodusport.fr\/blog\/#website\",\"url\":\"https:\/\/dicodusport.fr\/blog\/\",\"name\":\"Dicodusport\",\"description\":\"L&#039;encyclop\u00e9die de l&#039;actualit\u00e9 sportive\",\"publisher\":{\"@id\":\"https:\/\/dicodusport.fr\/blog\/#organization\"},\"potentialAction\":[{\"@type\":\"SearchAction\",\"target\":{\"@type\":\"EntryPoint\",\"urlTemplate\":\"https:\/\/dicodusport.fr\/blog\/?s={search_term_string}\"},\"query-input\":{\"@type\":\"PropertyValueSpecification\",\"valueRequired\":true,\"valueName\":\"search_term_string\"}}],\"inLanguage\":\"fr-FR\"},{\"@type\":\"NewsMediaOrganization\",\"@id\":\"https:\/\/dicodusport.fr\/blog\/#organization\",\"name\":\"Dicodusport\",\"url\":\"https:\/\/dicodusport.fr\/blog\/\",\"logo\":{\"@type\":\"ImageObject\",\"inLanguage\":\"fr-FR\",\"@id\":\"https:\/\/dicodusport.fr\/blog\/#\/schema\/logo\/image\/\",\"url\":\"https:\/\/dicodusport.fr\/blog\/wp-content\/uploads\/2020\/06\/cropped-LOGO-DICODUSPORT-2020-SANS-FOND-SANS-TEXTE.png\",\"contentUrl\":\"https:\/\/dicodusport.fr\/blog\/wp-content\/uploads\/2020\/06\/cropped-LOGO-DICODUSPORT-2020-SANS-FOND-SANS-TEXTE.png\",\"width\":512,\"height\":512,\"caption\":\"Dicodusport\"},\"image\":{\"@id\":\"https:\/\/dicodusport.fr\/blog\/#\/schema\/logo\/image\/\"},\"sameAs\":[\"https:\/\/www.facebook.com\/dicodusport\",\"https:\/\/x.com\/dicodusport\",\"https:\/\/www.instagram.com\/dicodusport\/\",\"https:\/\/www.youtube.com\/channel\/UC7V2KZ5sd3htJivAbA4ZG3w\"],\"description\":\"Dicodusport est l'encyclop\u00e9die de l'actualit\u00e9 sportive.\",\"email\":\"bonjour@dicodusport.fr\",\"legalName\":\"DICODUSPORT\",\"foundingDate\":\"2018-01-14\",\"vatID\":\"FR71834470973\",\"taxID\":\"83447097300043\",\"numberOfEmployees\":{\"@type\":\"QuantitativeValue\",\"minValue\":\"1\",\"maxValue\":\"10\"}},{\"@type\":\"Person\",\"@id\":\"https:\/\/dicodusport.fr\/blog\/#\/schema\/person\/55dcb50ad410894e431ed812bbb70191\",\"name\":\"Nicolas Jacquemard\",\"image\":{\"@type\":\"ImageObject\",\"inLanguage\":\"fr-FR\",\"@id\":\"https:\/\/dicodusport.fr\/blog\/#\/schema\/person\/image\/\",\"url\":\"https:\/\/dicodusport.fr\/blog\/wp-content\/uploads\/2021\/05\/Nicolas-Jacquemard-150x150.jpeg\",\"contentUrl\":\"https:\/\/dicodusport.fr\/blog\/wp-content\/uploads\/2021\/05\/Nicolas-Jacquemard-150x150.jpeg\",\"caption\":\"Nicolas Jacquemard\"},\"description\":\"Passionn\u00e9 de sport et entrepreneur depuis mes 18 ans, la cr\u00e9ation de Dicodusport m'a sembl\u00e9 \u00e9vidente pour participer \u00e0 la m\u00e9diatisation d'un plus grand nombre de sports. Le chemin est long mais avec une \u00e9quipe des plus motiv\u00e9es et les Jeux Olympiques de Paris 2024 en point de mire, nous y arriverons ! Journaliste dans le monde du sport depuis plus de 5 ans, je traite aussi bien de football, de rugby, de biathlon que de cyclisme.\",\"sameAs\":[\"https:\/\/www.facebook.com\/dicodusport\",\"https:\/\/x.com\/https:\/\/twitter.com\/Nico_Jacquemard\"],\"url\":\"https:\/\/dicodusport.fr\/blog\/author\/dicodusport\/\"}]}<\/script>\n<!-- \/ Yoast SEO Premium plugin. -->","yoast_head_json":{"title":"Damian Penaud regrette son d\u00e9part de l'ASM Clermont","description":"TOP 14 2023-2024 - Selon La Montagne et Rugbyrama, Damian Penaud regrette de quitter l'ASM Clermont pour rejoindre l'Union Bordeaux-B\u00e8gles.","robots":{"index":"index","follow":"follow","max-snippet":"max-snippet:-1","max-image-preview":"max-image-preview:large","max-video-preview":"max-video-preview:-1"},"canonical":"https:\/\/dicodusport.fr\/blog\/damian-penaud-regrette-son-depart-de-asm-clermont\/","og_locale":"fr_FR","og_type":"article","og_title":"Damian Penaud regrette son d\u00e9part de l'ASM Clermont","og_description":"TOP 14 2023-2024 - Selon La Montagne et Rugbyrama, Damian Penaud regrette de quitter l'ASM Clermont pour rejoindre l'Union Bordeaux-B\u00e8gles.","og_url":"https:\/\/dicodusport.fr\/blog\/damian-penaud-regrette-son-depart-de-asm-clermont\/","og_site_name":"Dicodusport","article_publisher":"https:\/\/www.facebook.com\/dicodusport","article_author":"https:\/\/www.facebook.com\/dicodusport","article_published_time":"2023-05-27T10:55:41+00:00","article_modified_time":"2023-05-27T11:11:44+00:00","og_image":[{"width":800,"height":445,"url":"https:\/\/dicodusport.fr\/blog\/wp-content\/uploads\/2023\/05\/Damian-Penaud-regrette-son-depart-de-lASM-Clermont.png","type":"image\/png"}],"author":"Nicolas Jacquemard","twitter_card":"summary_large_image","twitter_title":"Damian Penaud regrette son d\u00e9part de l'ASM Clermont","twitter_creator":"@https:\/\/twitter.com\/Nico_Jacquemard","twitter_site":"@dicodusport","schema":{"@context":"https:\/\/schema.org","@graph":[{"@type":"NewsArticle","@id":"https:\/\/dicodusport.fr\/blog\/damian-penaud-regrette-son-depart-de-asm-clermont\/#article","isPartOf":{"@id":"https:\/\/dicodusport.fr\/blog\/damian-penaud-regrette-son-depart-de-asm-clermont\/"},"author":{"name":"Nicolas Jacquemard","@id":"https:\/\/dicodusport.fr\/blog\/#\/schema\/person\/55dcb50ad410894e431ed812bbb70191"},"headline":"Damian Penaud regrette son d\u00e9part de l&rsquo;ASM Clermont","datePublished":"2023-05-27T10:55:41+00:00","dateModified":"2023-05-27T11:11:44+00:00","mainEntityOfPage":{"@id":"https:\/\/dicodusport.fr\/blog\/damian-penaud-regrette-son-depart-de-asm-clermont\/"},"wordCount":310,"commentCount":0,"publisher":{"@id":"https:\/\/dicodusport.fr\/blog\/#organization"},"image":{"@id":"https:\/\/dicodusport.fr\/blog\/damian-penaud-regrette-son-depart-de-asm-clermont\/#primaryimage"},"thumbnailUrl":"https:\/\/dicodusport.fr\/blog\/wp-content\/uploads\/2023\/05\/Damian-Penaud-regrette-son-depart-de-lASM-Clermont.png","keywords":["ASM Clermont","br\u00e8ve","clermont","Damian Penaud","sport"],"articleSection":["Rugby \u00e0 XV","Top 14"],"inLanguage":"fr-FR","potentialAction":[{"@type":"CommentAction","name":"Comment","target":["https:\/\/dicodusport.fr\/blog\/damian-penaud-regrette-son-depart-de-asm-clermont\/#respond"]}],"copyrightYear":"2023","copyrightHolder":{"@id":"https:\/\/dicodusport.fr\/blog\/#organization"}},{"@type":"WebPage","@id":"https:\/\/dicodusport.fr\/blog\/damian-penaud-regrette-son-depart-de-asm-clermont\/","url":"https:\/\/dicodusport.fr\/blog\/damian-penaud-regrette-son-depart-de-asm-clermont\/","name":"Damian Penaud regrette son d\u00e9part de l'ASM Clermont","isPartOf":{"@id":"https:\/\/dicodusport.fr\/blog\/#website"},"primaryImageOfPage":{"@id":"https:\/\/dicodusport.fr\/blog\/damian-penaud-regrette-son-depart-de-asm-clermont\/#primaryimage"},"image":{"@id":"https:\/\/dicodusport.fr\/blog\/damian-penaud-regrette-son-depart-de-asm-clermont\/#primaryimage"},"thumbnailUrl":"https:\/\/dicodusport.fr\/blog\/wp-content\/uploads\/2023\/05\/Damian-Penaud-regrette-son-depart-de-lASM-Clermont.png","datePublished":"2023-05-27T10:55:41+00:00","dateModified":"2023-05-27T11:11:44+00:00","description":"TOP 14 2023-2024 - Selon La Montagne et Rugbyrama, Damian Penaud regrette de quitter l'ASM Clermont pour rejoindre l'Union Bordeaux-B\u00e8gles.","breadcrumb":{"@id":"https:\/\/dicodusport.fr\/blog\/damian-penaud-regrette-son-depart-de-asm-clermont\/#breadcrumb"},"inLanguage":"fr-FR","potentialAction":[{"@type":"ReadAction","target":["https:\/\/dicodusport.fr\/blog\/damian-penaud-regrette-son-depart-de-asm-clermont\/"]}]},{"@type":"ImageObject","inLanguage":"fr-FR","@id":"https:\/\/dicodusport.fr\/blog\/damian-penaud-regrette-son-depart-de-asm-clermont\/#primaryimage","url":"https:\/\/dicodusport.fr\/blog\/wp-content\/uploads\/2023\/05\/Damian-Penaud-regrette-son-depart-de-lASM-Clermont.png","contentUrl":"https:\/\/dicodusport.fr\/blog\/wp-content\/uploads\/2023\/05\/Damian-Penaud-regrette-son-depart-de-lASM-Clermont.png","width":800,"height":445},{"@type":"BreadcrumbList","@id":"https:\/\/dicodusport.fr\/blog\/damian-penaud-regrette-son-depart-de-asm-clermont\/#breadcrumb","itemListElement":[{"@type":"ListItem","position":1,"name":"Accueil","item":"https:\/\/dicodusport.fr\/blog\/"},{"@type":"ListItem","position":2,"name":"Damian Penaud regrette son d\u00e9part de l&rsquo;ASM Clermont"}]},{"@type":"WebSite","@id":"https:\/\/dicodusport.fr\/blog\/#website","url":"https:\/\/dicodusport.fr\/blog\/","name":"Dicodusport","description":"L&#039;encyclop\u00e9die de l&#039;actualit\u00e9 sportive","publisher":{"@id":"https:\/\/dicodusport.fr\/blog\/#organization"},"potentialAction":[{"@type":"SearchAction","target":{"@type":"EntryPoint","urlTemplate":"https:\/\/dicodusport.fr\/blog\/?s={search_term_string}"},"query-input":{"@type":"PropertyValueSpecification","valueRequired":true,"valueName":"search_term_string"}}],"inLanguage":"fr-FR"},{"@type":"NewsMediaOrganization","@id":"https:\/\/dicodusport.fr\/blog\/#organization","name":"Dicodusport","url":"https:\/\/dicodusport.fr\/blog\/","logo":{"@type":"ImageObject","inLanguage":"fr-FR","@id":"https:\/\/dicodusport.fr\/blog\/#\/schema\/logo\/image\/","url":"https:\/\/dicodusport.fr\/blog\/wp-content\/uploads\/2020\/06\/cropped-LOGO-DICODUSPORT-2020-SANS-FOND-SANS-TEXTE.png","contentUrl":"https:\/\/dicodusport.fr\/blog\/wp-content\/uploads\/2020\/06\/cropped-LOGO-DICODUSPORT-2020-SANS-FOND-SANS-TEXTE.png","width":512,"height":512,"caption":"Dicodusport"},"image":{"@id":"https:\/\/dicodusport.fr\/blog\/#\/schema\/logo\/image\/"},"sameAs":["https:\/\/www.facebook.com\/dicodusport","https:\/\/x.com\/dicodusport","https:\/\/www.instagram.com\/dicodusport\/","https:\/\/www.youtube.com\/channel\/UC7V2KZ5sd3htJivAbA4ZG3w"],"description":"Dicodusport est l'encyclop\u00e9die de l'actualit\u00e9 sportive.","email":"bonjour@dicodusport.fr","legalName":"DICODUSPORT","foundingDate":"2018-01-14","vatID":"FR71834470973","taxID":"83447097300043","numberOfEmployees":{"@type":"QuantitativeValue","minValue":"1","maxValue":"10"}},{"@type":"Person","@id":"https:\/\/dicodusport.fr\/blog\/#\/schema\/person\/55dcb50ad410894e431ed812bbb70191","name":"Nicolas Jacquemard","image":{"@type":"ImageObject","inLanguage":"fr-FR","@id":"https:\/\/dicodusport.fr\/blog\/#\/schema\/person\/image\/","url":"https:\/\/dicodusport.fr\/blog\/wp-content\/uploads\/2021\/05\/Nicolas-Jacquemard-150x150.jpeg","contentUrl":"https:\/\/dicodusport.fr\/blog\/wp-content\/uploads\/2021\/05\/Nicolas-Jacquemard-150x150.jpeg","caption":"Nicolas Jacquemard"},"description":"Passionn\u00e9 de sport et entrepreneur depuis mes 18 ans, la cr\u00e9ation de Dicodusport m'a sembl\u00e9 \u00e9vidente pour participer \u00e0 la m\u00e9diatisation d'un plus grand nombre de sports. Le chemin est long mais avec une \u00e9quipe des plus motiv\u00e9es et les Jeux Olympiques de Paris 2024 en point de mire, nous y arriverons ! Journaliste dans le monde du sport depuis plus de 5 ans, je traite aussi bien de football, de rugby, de biathlon que de cyclisme.","sameAs":["https:\/\/www.facebook.com\/dicodusport","https:\/\/x.com\/https:\/\/twitter.com\/Nico_Jacquemard"],"url":"https:\/\/dicodusport.fr\/blog\/author\/dicodusport\/"}]}},"_links":{"self":[{"href":"https:\/\/dicodusport.fr\/blog\/wp-json\/wp\/v2\/posts\/385719","targetHints":{"allow":["GET"]}}],"collection":[{"href":"https:\/\/dicodusport.fr\/blog\/wp-json\/wp\/v2\/posts"}],"about":[{"href":"https:\/\/dicodusport.fr\/blog\/wp-json\/wp\/v2\/types\/post"}],"author":[{"embeddable":true,"href":"https:\/\/dicodusport.fr\/blog\/wp-json\/wp\/v2\/users\/1"}],"replies":[{"embeddable":true,"href":"https:\/\/dicodusport.fr\/blog\/wp-json\/wp\/v2\/comments?post=385719"}],"version-history":[{"count":0,"href":"https:\/\/dicodusport.fr\/blog\/wp-json\/wp\/v2\/posts\/385719\/revisions"}],"wp:featuredmedia":[{"embeddable":true,"href":"https:\/\/dicodusport.fr\/blog\/wp-json\/wp\/v2\/media\/385723"}],"wp:attachment":[{"href":"https:\/\/dicodusport.fr\/blog\/wp-json\/wp\/v2\/media?parent=385719"}],"wp:term":[{"taxonomy":"category","embeddable":true,"href":"https:\/\/dicodusport.fr\/blog\/wp-json\/wp\/v2\/categories?post=385719"},{"taxonomy":"post_tag","embeddable":true,"href":"https:\/\/dicodusport.fr\/blog\/wp-json\/wp\/v2\/tags?post=385719"}],"curies":[{"name":"wp","href":"https:\/\/api.w.org\/{rel}","templated":true}]}}