{"id":386063,"date":"2023-05-28T16:33:17","date_gmt":"2023-05-28T14:33:17","guid":{"rendered":"https:\/\/dicodusport.fr\/blog\/?p=386063&#038;preview=true&#038;preview_id=386063"},"modified":"2023-05-28T16:47:51","modified_gmt":"2023-05-28T14:47:51","slug":"boucles-de-la-mayenne-2023-la-3eme-etape-pour-arvid-de-kleijn-oier-lazkano-remporte-le-general","status":"publish","type":"post","link":"https:\/\/dicodusport.fr\/blog\/boucles-de-la-mayenne-2023-la-3eme-etape-pour-arvid-de-kleijn-oier-lazkano-remporte-le-general\/","title":{"rendered":"Boucles de la Mayenne 2023 : La 3\u00e8me \u00e9tape pour Arvid de Kleijn , Oier Lazkano remporte le g\u00e9n\u00e9ral"},"content":{"rendered":"<p align=\"justify\"><em><strong>BOUCLES DE LA MAYENNE 2023 &#8211;\u00a0 Arvid de Kleijn (Tudor Pro Cycling) a remport\u00e9 la troisi\u00e8me \u00e9tape, dimanche entre Monts\u00fbrs et Laval (167 km). Il devance au sprint Arnaud D\u00e9mare (Groupama-FDJ), moins saignant que samedi lors de sa victoire. Oier Lazkano remporte le classement g\u00e9n\u00e9ral.<\/strong><\/em><\/p>\n<h2>Cinq hommes \u00e0 l&rsquo;avant<\/h2>\n<p style=\"text-align: justify;\">L&rsquo;\u00e9chapp\u00e9e est partie tr\u00e8s t\u00f4t dans cette ultime \u00e9tape des <strong>Boucles de la Mayenne 2023<\/strong>. Apr\u00e8s 10 kilom\u00e8tres de course, cinq hommes se sont projet\u00e9s \u00e0 l&rsquo;avant. On y retrouve deux coureurs de Van Rysel-Roubaix Lille M\u00e9tropole, <strong>Tom Mainguenaud<\/strong> et <strong>Maximilien Juillard<\/strong>. Ils sont accompagn\u00e9s par <strong>Marco Tizza<\/strong> (Bingoal WB), <strong>Jon Barrenetxea<\/strong> (Caja-Rujal) et <strong>Flavien Maurelet<\/strong> (Mavic-Saint-Michel-Auber 93). Comme hier, l&rsquo;\u00e9cart reste tr\u00e8s limit\u00e9. 2:05 apr\u00e8s 35 kilom\u00e8tres de course. Avec un peloton contr\u00f4l\u00e9 par la Groupama-FDJ d&rsquo;<strong>Arnaud D\u00e9mare<\/strong>, <a href=\"https:\/\/dicodusport.fr\/blog\/boucles-de-la-mayenne-2023-arnaud-demare-debloque-son-compteur-sur-la-2e-etape\/\">vainqueur de la 2e \u00e9tape samedi<\/a>, et la Movistar d&rsquo;<strong>Oier Lazkano<\/strong>, vainqueur de la 1ere \u00e9tape vendredi et leader du g\u00e9n\u00e9ral.<\/p>\n<p style=\"text-align: justify;\">Au fil des kilom\u00e8tres, l&rsquo;\u00e9cart fluctue entre 1:30 et 2 minutes. Avec un peloton bien contr\u00f4l\u00e9 et une \u00e9chapp\u00e9e qui sait qu&rsquo;elle n&rsquo;a pas beaucoup de chances aujourd&rsquo;hui. \u00c0 70 km de l&rsquo;arriv\u00e9e, la Groupama-FDJ, toujours aid\u00e9e par la Movistar, acc\u00e9l\u00e8re. Et \u00e0 56 km de l&rsquo;arriv\u00e9e, pour la premi\u00e8re fois, l&rsquo;\u00e9cart passe sous la minute. Mais le peloton ne veut pas revenir trop vite sur les cinq devant et 20 kilom\u00e8tres plus loin, l&rsquo;\u00e9cart reste le m\u00eame. Dans la c\u00f4te de la Galette, <strong>Jon Barrenetxea\u00a0<\/strong>se rel\u00e8ve.<\/p>\n<h2 style=\"text-align: justify;\">Oliveira domine Zingle sur la bonif<\/h2>\n<p style=\"text-align: justify;\">\u00c0 29 kilom\u00e8tres de l&rsquo;arriv\u00e9e, <strong>Ewen Costiou<\/strong> (Arkea-Samsic) tente sa chance. Et c&rsquo;est Oier Lazkano en personne qui va chercher le jeune Fran\u00e7ais. La course est lanc\u00e9e et les deux hommes reviennent sur l&rsquo;\u00e9chapp\u00e9e matinale. Mais tout ce petit monde est finalement repris par le peloton. La Cofidis roule et on mise sur <strong>Axel Zingle<\/strong> du c\u00f4t\u00e9 de la formation fran\u00e7aise. <strong>Thomas Gachignard<\/strong> (Mavic-Saint Michel-Auber 93) tente sa chance et prend 3 secondes de bonification, devant <strong>Ivo Oliveira<\/strong> (UAE-Team Emirates) et <strong>Axel Zingle<\/strong>, qui prend la derni\u00e8re seconde. Apr\u00e8s ce sprint, <strong>C\u00e9lestin Guillon<\/strong> et <strong>J\u00e9r\u00e9my Leveau<\/strong>, tous deux de la formation Van Rysel-Roubaix Lille M\u00e9tropole, partent \u00e0 l&rsquo;attaque. Et poss\u00e8dent 20 secondes d&rsquo;avance sur le peloton, \u00e0 l&rsquo;amorce des 15 derniers kilom\u00e8tres.<\/p>\n<p style=\"text-align: justify;\">La Groupama-FDJ est oblig\u00e9e de se remettre \u00e0 la poursuite. Et les deux co\u00e9quipiers doivent abdiquer \u00e0 7 kilom\u00e8tres de l&rsquo;arriv\u00e9e, aval\u00e9s par un peloton en marche forc\u00e9e. \u00c0 l&rsquo;amorce du dernier tour, <strong>Morne van Niekerk<\/strong> (Mavic-Saint Michel-Auber 93) tente sa chance en solitaire. On est alors \u00e0 4,5 km de l&rsquo;arriv\u00e9e. Il est repris moins d&rsquo;un kilom\u00e8tre plus tard. On aura bien un sprint dans cette ultime \u00e9tape des Boucles de la Mayenne 2023. Un sprint auquel ne participera pas Jason Tesson (TotalEnergies) victime d&rsquo;un p\u00e9pin m\u00e9canique. Arnaud D\u00e9mare est parfaitement lanc\u00e9 par son \u00e9quipier <strong>Miles Scotson<\/strong>. On croit alors \u00e0 une r\u00e9p\u00e9tition de sa victoire de samedi. Mais le N\u00e9erlandais <strong>Arvid de Kleijn<\/strong> le remonte et le d\u00e9borde. Pour offrir la 6e victoire \u00e0 l&rsquo;\u00e9quipe Tudor Pro Cycling, nouvelle venue en 2023.<\/p>\n<p style=\"text-align: justify;\"><strong>Axel Zingle<\/strong> est 3e et monte sur le podium du g\u00e9n\u00e9ral, derri\u00e8re <strong>Arnaud Demare<\/strong> et le vainqueur <strong>Oier Lazkano<\/strong>.<\/p>\n<blockquote class=\"twitter-tweet\">\n<p dir=\"ltr\" lang=\"fr\">Arvid De Kleijn remporte la derni\u00e8re \u00e9tape des Boucles de la Mayenne !<br \/>\nLe sprinteur n\u00e9erlandais de Tudor devance au sprint Arnaud D\u00e9mare, qui avait lanc\u00e9 le sprint en t\u00eate, et Axel Zingle.<br \/>\nPas inqui\u00e9t\u00e9, Oier Lazkano remporte le classement g\u00e9n\u00e9ral. <a href=\"https:\/\/twitter.com\/hashtag\/Boucles53?src=hash&amp;ref_src=twsrc%5Etfw\">#Boucles53<\/a> <a href=\"https:\/\/t.co\/cX16n6UAML\">pic.twitter.com\/cX16n6UAML<\/a><\/p>\n<p>\u2014 Le Gruppetto (@LeGruppetto) <a href=\"https:\/\/twitter.com\/LeGruppetto\/status\/1662828489458741248?ref_src=twsrc%5Etfw\">May 28, 2023<\/a><\/p><\/blockquote>\n<p><script async src=\"https:\/\/platform.twitter.com\/widgets.js\" charset=\"utf-8\"><\/script><\/p>\n<h2 style=\"text-align: justify;\">\u00c0 lire aussi<\/h2>\n<ul>\n<li style=\"text-align: justify;\"><a href=\"https:\/\/dicodusport.fr\/blog\/boucles-de-la-mayenne-2023-classement-3eme-etape\/\"><strong>Classement de la 3\u00e8me \u00e9tape des Boucles de la Mayenne<\/strong><\/a><\/li>\n<li style=\"text-align: justify;\"><a href=\"https:\/\/dicodusport.fr\/blog\/boucles-de-la-mayenne-2023-classement-general\/\"><strong>Classement g\u00e9n\u00e9ral des Boucles de la Mayenne<\/strong><\/a><\/li>\n<\/ul>\n","protected":false},"excerpt":{"rendered":"<p>BOUCLES DE LA MAYENNE 2023 &#8211;\u00a0 Arvid de Kleijn (Tudor Pro Cycling) a remport\u00e9 la troisi\u00e8me \u00e9tape, dimanche entre Monts\u00fbrs et Laval (167 km). Il devance au sprint Arnaud D\u00e9mare (Groupama-FDJ), moins saignant que samedi lors de sa victoire. Oier Lazkano remporte le classement g\u00e9n\u00e9ral.<\/p>\n","protected":false},"author":83,"featured_media":386122,"comment_status":"open","ping_status":"closed","sticky":false,"template":"","format":"standard","meta":{"_acf_changed":false,"_daextam_enable_autolinks":"","footnotes":""},"categories":[46994],"tags":[8023,16878],"class_list":["post-386063","post","type-post","status-publish","format-standard","has-post-thumbnail","hentry","category-cyclisme-sur-route","tag-boucles-de-la-mayenne","tag-breve"],"acf":[],"yoast_head":"<!-- This site is optimized with the Yoast SEO Premium plugin v26.7 (Yoast SEO v26.7) - https:\/\/yoast.com\/wordpress\/plugins\/seo\/ -->\n<title>Boucles de la Mayenne 2023 : La 3\u00e8me \u00e9tape pour Arvid de Kleijn , Oier Lazkano remporte le g\u00e9n\u00e9ral<\/title>\n<meta name=\"description\" content=\"BOUCLES DE LA MAYENNE 2023 -\u00a0 Arvid de Kleijn (Tudor Pro Cycling) a remport\u00e9 la troisi\u00e8me \u00e9tape, dimanche entre Monts\u00fbrs et Laval (167 km).\" \/>\n<meta name=\"robots\" content=\"index, follow, max-snippet:-1, max-image-preview:large, max-video-preview:-1\" \/>\n<link rel=\"canonical\" href=\"https:\/\/dicodusport.fr\/blog\/boucles-de-la-mayenne-2023-la-3eme-etape-pour-arvid-de-kleijn-oier-lazkano-remporte-le-general\/\" \/>\n<meta property=\"og:locale\" content=\"fr_FR\" \/>\n<meta property=\"og:type\" content=\"article\" \/>\n<meta property=\"og:title\" content=\"Boucles de la Mayenne 2023 : La 3\u00e8me \u00e9tape pour Arvid de Kleijn , Oier Lazkano remporte le g\u00e9n\u00e9ral\" \/>\n<meta property=\"og:description\" content=\"BOUCLES DE LA MAYENNE 2023 -\u00a0 Arvid de Kleijn (Tudor Pro Cycling) a remport\u00e9 la troisi\u00e8me \u00e9tape, dimanche entre Monts\u00fbrs et Laval (167 km).\" \/>\n<meta property=\"og:url\" content=\"https:\/\/dicodusport.fr\/blog\/boucles-de-la-mayenne-2023-la-3eme-etape-pour-arvid-de-kleijn-oier-lazkano-remporte-le-general\/\" \/>\n<meta property=\"og:site_name\" content=\"Dicodusport\" \/>\n<meta property=\"article:publisher\" content=\"https:\/\/www.facebook.com\/dicodusport\" \/>\n<meta property=\"article:published_time\" content=\"2023-05-28T14:33:17+00:00\" \/>\n<meta property=\"article:modified_time\" content=\"2023-05-28T14:47:51+00:00\" \/>\n<meta property=\"og:image\" content=\"https:\/\/dicodusport.fr\/blog\/wp-content\/uploads\/2023\/05\/Boucles-de-la-Mayenne-2023-La-3eme-etape-pour-Arvid-de-Kleijn-Oier-Lazkano-remporte-le-general.png\" \/>\n\t<meta property=\"og:image:width\" content=\"800\" \/>\n\t<meta property=\"og:image:height\" content=\"445\" \/>\n\t<meta property=\"og:image:type\" content=\"image\/png\" \/>\n<meta name=\"author\" content=\"Etienne Goursaud\" \/>\n<meta name=\"twitter:card\" content=\"summary_large_image\" \/>\n<meta name=\"twitter:title\" content=\"Boucles de la Mayenne 2023 : La 3\u00e8me \u00e9tape pour Arvid de Kleijn , Oier Lazkano remporte le g\u00e9n\u00e9ral\" \/>\n<meta name=\"twitter:creator\" content=\"@dicodusport\" \/>\n<meta name=\"twitter:site\" content=\"@dicodusport\" \/>\n<script type=\"application\/ld+json\" class=\"yoast-schema-graph\">{\"@context\":\"https:\/\/schema.org\",\"@graph\":[{\"@type\":\"NewsArticle\",\"@id\":\"https:\/\/dicodusport.fr\/blog\/boucles-de-la-mayenne-2023-la-3eme-etape-pour-arvid-de-kleijn-oier-lazkano-remporte-le-general\/#article\",\"isPartOf\":{\"@id\":\"https:\/\/dicodusport.fr\/blog\/boucles-de-la-mayenne-2023-la-3eme-etape-pour-arvid-de-kleijn-oier-lazkano-remporte-le-general\/\"},\"author\":{\"name\":\"Etienne Goursaud\",\"@id\":\"https:\/\/dicodusport.fr\/blog\/#\/schema\/person\/d603dd7da31fb2b46c82b9835a77ec13\"},\"headline\":\"Boucles de la Mayenne 2023 : La 3\u00e8me \u00e9tape pour Arvid de Kleijn , Oier Lazkano remporte le g\u00e9n\u00e9ral\",\"datePublished\":\"2023-05-28T14:33:17+00:00\",\"dateModified\":\"2023-05-28T14:47:51+00:00\",\"mainEntityOfPage\":{\"@id\":\"https:\/\/dicodusport.fr\/blog\/boucles-de-la-mayenne-2023-la-3eme-etape-pour-arvid-de-kleijn-oier-lazkano-remporte-le-general\/\"},\"wordCount\":672,\"commentCount\":0,\"publisher\":{\"@id\":\"https:\/\/dicodusport.fr\/blog\/#organization\"},\"image\":{\"@id\":\"https:\/\/dicodusport.fr\/blog\/boucles-de-la-mayenne-2023-la-3eme-etape-pour-arvid-de-kleijn-oier-lazkano-remporte-le-general\/#primaryimage\"},\"thumbnailUrl\":\"https:\/\/dicodusport.fr\/blog\/wp-content\/uploads\/2023\/05\/Boucles-de-la-Mayenne-2023-La-3eme-etape-pour-Arvid-de-Kleijn-Oier-Lazkano-remporte-le-general.png\",\"keywords\":[\"Boucles de la Mayenne\",\"br\u00e8ve\"],\"articleSection\":[\"Cyclisme sur route\"],\"inLanguage\":\"fr-FR\",\"potentialAction\":[{\"@type\":\"CommentAction\",\"name\":\"Comment\",\"target\":[\"https:\/\/dicodusport.fr\/blog\/boucles-de-la-mayenne-2023-la-3eme-etape-pour-arvid-de-kleijn-oier-lazkano-remporte-le-general\/#respond\"]}],\"copyrightYear\":\"2023\",\"copyrightHolder\":{\"@id\":\"https:\/\/dicodusport.fr\/blog\/#organization\"}},{\"@type\":\"WebPage\",\"@id\":\"https:\/\/dicodusport.fr\/blog\/boucles-de-la-mayenne-2023-la-3eme-etape-pour-arvid-de-kleijn-oier-lazkano-remporte-le-general\/\",\"url\":\"https:\/\/dicodusport.fr\/blog\/boucles-de-la-mayenne-2023-la-3eme-etape-pour-arvid-de-kleijn-oier-lazkano-remporte-le-general\/\",\"name\":\"Boucles de la Mayenne 2023 : La 3\u00e8me \u00e9tape pour Arvid de Kleijn , Oier Lazkano remporte le g\u00e9n\u00e9ral\",\"isPartOf\":{\"@id\":\"https:\/\/dicodusport.fr\/blog\/#website\"},\"primaryImageOfPage\":{\"@id\":\"https:\/\/dicodusport.fr\/blog\/boucles-de-la-mayenne-2023-la-3eme-etape-pour-arvid-de-kleijn-oier-lazkano-remporte-le-general\/#primaryimage\"},\"image\":{\"@id\":\"https:\/\/dicodusport.fr\/blog\/boucles-de-la-mayenne-2023-la-3eme-etape-pour-arvid-de-kleijn-oier-lazkano-remporte-le-general\/#primaryimage\"},\"thumbnailUrl\":\"https:\/\/dicodusport.fr\/blog\/wp-content\/uploads\/2023\/05\/Boucles-de-la-Mayenne-2023-La-3eme-etape-pour-Arvid-de-Kleijn-Oier-Lazkano-remporte-le-general.png\",\"datePublished\":\"2023-05-28T14:33:17+00:00\",\"dateModified\":\"2023-05-28T14:47:51+00:00\",\"description\":\"BOUCLES DE LA MAYENNE 2023 -\u00a0 Arvid de Kleijn (Tudor Pro Cycling) a remport\u00e9 la troisi\u00e8me \u00e9tape, dimanche entre Monts\u00fbrs et Laval (167 km).\",\"breadcrumb\":{\"@id\":\"https:\/\/dicodusport.fr\/blog\/boucles-de-la-mayenne-2023-la-3eme-etape-pour-arvid-de-kleijn-oier-lazkano-remporte-le-general\/#breadcrumb\"},\"inLanguage\":\"fr-FR\",\"potentialAction\":[{\"@type\":\"ReadAction\",\"target\":[\"https:\/\/dicodusport.fr\/blog\/boucles-de-la-mayenne-2023-la-3eme-etape-pour-arvid-de-kleijn-oier-lazkano-remporte-le-general\/\"]}]},{\"@type\":\"ImageObject\",\"inLanguage\":\"fr-FR\",\"@id\":\"https:\/\/dicodusport.fr\/blog\/boucles-de-la-mayenne-2023-la-3eme-etape-pour-arvid-de-kleijn-oier-lazkano-remporte-le-general\/#primaryimage\",\"url\":\"https:\/\/dicodusport.fr\/blog\/wp-content\/uploads\/2023\/05\/Boucles-de-la-Mayenne-2023-La-3eme-etape-pour-Arvid-de-Kleijn-Oier-Lazkano-remporte-le-general.png\",\"contentUrl\":\"https:\/\/dicodusport.fr\/blog\/wp-content\/uploads\/2023\/05\/Boucles-de-la-Mayenne-2023-La-3eme-etape-pour-Arvid-de-Kleijn-Oier-Lazkano-remporte-le-general.png\",\"width\":800,\"height\":445,\"caption\":\"Boucles de la Mayenne 2023 La 3\u00e8me \u00e9tape pour Arvid de Kleijn , Oier Lazkano remporte le g\u00e9n\u00e9ral\"},{\"@type\":\"BreadcrumbList\",\"@id\":\"https:\/\/dicodusport.fr\/blog\/boucles-de-la-mayenne-2023-la-3eme-etape-pour-arvid-de-kleijn-oier-lazkano-remporte-le-general\/#breadcrumb\",\"itemListElement\":[{\"@type\":\"ListItem\",\"position\":1,\"name\":\"Accueil\",\"item\":\"https:\/\/dicodusport.fr\/blog\/\"},{\"@type\":\"ListItem\",\"position\":2,\"name\":\"Boucles de la Mayenne 2023 : La 3\u00e8me \u00e9tape pour Arvid de Kleijn , Oier Lazkano remporte le g\u00e9n\u00e9ral\"}]},{\"@type\":\"WebSite\",\"@id\":\"https:\/\/dicodusport.fr\/blog\/#website\",\"url\":\"https:\/\/dicodusport.fr\/blog\/\",\"name\":\"Dicodusport\",\"description\":\"L&#039;encyclop\u00e9die de l&#039;actualit\u00e9 sportive\",\"publisher\":{\"@id\":\"https:\/\/dicodusport.fr\/blog\/#organization\"},\"potentialAction\":[{\"@type\":\"SearchAction\",\"target\":{\"@type\":\"EntryPoint\",\"urlTemplate\":\"https:\/\/dicodusport.fr\/blog\/?s={search_term_string}\"},\"query-input\":{\"@type\":\"PropertyValueSpecification\",\"valueRequired\":true,\"valueName\":\"search_term_string\"}}],\"inLanguage\":\"fr-FR\"},{\"@type\":\"NewsMediaOrganization\",\"@id\":\"https:\/\/dicodusport.fr\/blog\/#organization\",\"name\":\"Dicodusport\",\"url\":\"https:\/\/dicodusport.fr\/blog\/\",\"logo\":{\"@type\":\"ImageObject\",\"inLanguage\":\"fr-FR\",\"@id\":\"https:\/\/dicodusport.fr\/blog\/#\/schema\/logo\/image\/\",\"url\":\"https:\/\/dicodusport.fr\/blog\/wp-content\/uploads\/2020\/06\/cropped-LOGO-DICODUSPORT-2020-SANS-FOND-SANS-TEXTE.png\",\"contentUrl\":\"https:\/\/dicodusport.fr\/blog\/wp-content\/uploads\/2020\/06\/cropped-LOGO-DICODUSPORT-2020-SANS-FOND-SANS-TEXTE.png\",\"width\":512,\"height\":512,\"caption\":\"Dicodusport\"},\"image\":{\"@id\":\"https:\/\/dicodusport.fr\/blog\/#\/schema\/logo\/image\/\"},\"sameAs\":[\"https:\/\/www.facebook.com\/dicodusport\",\"https:\/\/x.com\/dicodusport\",\"https:\/\/www.instagram.com\/dicodusport\/\",\"https:\/\/www.youtube.com\/channel\/UC7V2KZ5sd3htJivAbA4ZG3w\"],\"description\":\"Dicodusport est l'encyclop\u00e9die de l'actualit\u00e9 sportive.\",\"email\":\"bonjour@dicodusport.fr\",\"legalName\":\"DICODUSPORT\",\"foundingDate\":\"2018-01-14\",\"vatID\":\"FR71834470973\",\"taxID\":\"83447097300043\",\"numberOfEmployees\":{\"@type\":\"QuantitativeValue\",\"minValue\":\"1\",\"maxValue\":\"10\"}},{\"@type\":\"Person\",\"@id\":\"https:\/\/dicodusport.fr\/blog\/#\/schema\/person\/d603dd7da31fb2b46c82b9835a77ec13\",\"name\":\"Etienne Goursaud\",\"image\":{\"@type\":\"ImageObject\",\"inLanguage\":\"fr-FR\",\"@id\":\"https:\/\/dicodusport.fr\/blog\/#\/schema\/person\/image\/\",\"url\":\"https:\/\/dicodusport.fr\/blog\/wp-content\/uploads\/2023\/12\/410122264_10231602061736049_5565839791558026645_n-150x150.jpg\",\"contentUrl\":\"https:\/\/dicodusport.fr\/blog\/wp-content\/uploads\/2023\/12\/410122264_10231602061736049_5565839791558026645_n-150x150.jpg\",\"caption\":\"Etienne Goursaud\"},\"description\":\"Journaliste et amoureux de sport. Ancien footballeur reconverti athl\u00e8te quand ses muscles le laissent tranquille. \u00c9lev\u00e9 \u00e0 la sauce des exploits de Thomas Voeckler en 2004, du dernier essai de l\u00e9gende de Eunice Barber \u00e0 la longueur lors des championnats du monde d'athl\u00e9tisme de 2003 mais aussi Zidane, Omeyer et Titou Lamaison.\",\"url\":\"https:\/\/dicodusport.fr\/blog\/author\/etienne-goursaud\/\"}]}<\/script>\n<!-- \/ Yoast SEO Premium plugin. -->","yoast_head_json":{"title":"Boucles de la Mayenne 2023 : La 3\u00e8me \u00e9tape pour Arvid de Kleijn , Oier Lazkano remporte le g\u00e9n\u00e9ral","description":"BOUCLES DE LA MAYENNE 2023 -\u00a0 Arvid de Kleijn (Tudor Pro Cycling) a remport\u00e9 la troisi\u00e8me \u00e9tape, dimanche entre Monts\u00fbrs et Laval (167 km).","robots":{"index":"index","follow":"follow","max-snippet":"max-snippet:-1","max-image-preview":"max-image-preview:large","max-video-preview":"max-video-preview:-1"},"canonical":"https:\/\/dicodusport.fr\/blog\/boucles-de-la-mayenne-2023-la-3eme-etape-pour-arvid-de-kleijn-oier-lazkano-remporte-le-general\/","og_locale":"fr_FR","og_type":"article","og_title":"Boucles de la Mayenne 2023 : La 3\u00e8me \u00e9tape pour Arvid de Kleijn , Oier Lazkano remporte le g\u00e9n\u00e9ral","og_description":"BOUCLES DE LA MAYENNE 2023 -\u00a0 Arvid de Kleijn (Tudor Pro Cycling) a remport\u00e9 la troisi\u00e8me \u00e9tape, dimanche entre Monts\u00fbrs et Laval (167 km).","og_url":"https:\/\/dicodusport.fr\/blog\/boucles-de-la-mayenne-2023-la-3eme-etape-pour-arvid-de-kleijn-oier-lazkano-remporte-le-general\/","og_site_name":"Dicodusport","article_publisher":"https:\/\/www.facebook.com\/dicodusport","article_published_time":"2023-05-28T14:33:17+00:00","article_modified_time":"2023-05-28T14:47:51+00:00","og_image":[{"width":800,"height":445,"url":"https:\/\/dicodusport.fr\/blog\/wp-content\/uploads\/2023\/05\/Boucles-de-la-Mayenne-2023-La-3eme-etape-pour-Arvid-de-Kleijn-Oier-Lazkano-remporte-le-general.png","type":"image\/png"}],"author":"Etienne Goursaud","twitter_card":"summary_large_image","twitter_title":"Boucles de la Mayenne 2023 : La 3\u00e8me \u00e9tape pour Arvid de Kleijn , Oier Lazkano remporte le g\u00e9n\u00e9ral","twitter_creator":"@dicodusport","twitter_site":"@dicodusport","schema":{"@context":"https:\/\/schema.org","@graph":[{"@type":"NewsArticle","@id":"https:\/\/dicodusport.fr\/blog\/boucles-de-la-mayenne-2023-la-3eme-etape-pour-arvid-de-kleijn-oier-lazkano-remporte-le-general\/#article","isPartOf":{"@id":"https:\/\/dicodusport.fr\/blog\/boucles-de-la-mayenne-2023-la-3eme-etape-pour-arvid-de-kleijn-oier-lazkano-remporte-le-general\/"},"author":{"name":"Etienne Goursaud","@id":"https:\/\/dicodusport.fr\/blog\/#\/schema\/person\/d603dd7da31fb2b46c82b9835a77ec13"},"headline":"Boucles de la Mayenne 2023 : La 3\u00e8me \u00e9tape pour Arvid de Kleijn , Oier Lazkano remporte le g\u00e9n\u00e9ral","datePublished":"2023-05-28T14:33:17+00:00","dateModified":"2023-05-28T14:47:51+00:00","mainEntityOfPage":{"@id":"https:\/\/dicodusport.fr\/blog\/boucles-de-la-mayenne-2023-la-3eme-etape-pour-arvid-de-kleijn-oier-lazkano-remporte-le-general\/"},"wordCount":672,"commentCount":0,"publisher":{"@id":"https:\/\/dicodusport.fr\/blog\/#organization"},"image":{"@id":"https:\/\/dicodusport.fr\/blog\/boucles-de-la-mayenne-2023-la-3eme-etape-pour-arvid-de-kleijn-oier-lazkano-remporte-le-general\/#primaryimage"},"thumbnailUrl":"https:\/\/dicodusport.fr\/blog\/wp-content\/uploads\/2023\/05\/Boucles-de-la-Mayenne-2023-La-3eme-etape-pour-Arvid-de-Kleijn-Oier-Lazkano-remporte-le-general.png","keywords":["Boucles de la Mayenne","br\u00e8ve"],"articleSection":["Cyclisme sur route"],"inLanguage":"fr-FR","potentialAction":[{"@type":"CommentAction","name":"Comment","target":["https:\/\/dicodusport.fr\/blog\/boucles-de-la-mayenne-2023-la-3eme-etape-pour-arvid-de-kleijn-oier-lazkano-remporte-le-general\/#respond"]}],"copyrightYear":"2023","copyrightHolder":{"@id":"https:\/\/dicodusport.fr\/blog\/#organization"}},{"@type":"WebPage","@id":"https:\/\/dicodusport.fr\/blog\/boucles-de-la-mayenne-2023-la-3eme-etape-pour-arvid-de-kleijn-oier-lazkano-remporte-le-general\/","url":"https:\/\/dicodusport.fr\/blog\/boucles-de-la-mayenne-2023-la-3eme-etape-pour-arvid-de-kleijn-oier-lazkano-remporte-le-general\/","name":"Boucles de la Mayenne 2023 : La 3\u00e8me \u00e9tape pour Arvid de Kleijn , Oier Lazkano remporte le g\u00e9n\u00e9ral","isPartOf":{"@id":"https:\/\/dicodusport.fr\/blog\/#website"},"primaryImageOfPage":{"@id":"https:\/\/dicodusport.fr\/blog\/boucles-de-la-mayenne-2023-la-3eme-etape-pour-arvid-de-kleijn-oier-lazkano-remporte-le-general\/#primaryimage"},"image":{"@id":"https:\/\/dicodusport.fr\/blog\/boucles-de-la-mayenne-2023-la-3eme-etape-pour-arvid-de-kleijn-oier-lazkano-remporte-le-general\/#primaryimage"},"thumbnailUrl":"https:\/\/dicodusport.fr\/blog\/wp-content\/uploads\/2023\/05\/Boucles-de-la-Mayenne-2023-La-3eme-etape-pour-Arvid-de-Kleijn-Oier-Lazkano-remporte-le-general.png","datePublished":"2023-05-28T14:33:17+00:00","dateModified":"2023-05-28T14:47:51+00:00","description":"BOUCLES DE LA MAYENNE 2023 -\u00a0 Arvid de Kleijn (Tudor Pro Cycling) a remport\u00e9 la troisi\u00e8me \u00e9tape, dimanche entre Monts\u00fbrs et Laval (167 km).","breadcrumb":{"@id":"https:\/\/dicodusport.fr\/blog\/boucles-de-la-mayenne-2023-la-3eme-etape-pour-arvid-de-kleijn-oier-lazkano-remporte-le-general\/#breadcrumb"},"inLanguage":"fr-FR","potentialAction":[{"@type":"ReadAction","target":["https:\/\/dicodusport.fr\/blog\/boucles-de-la-mayenne-2023-la-3eme-etape-pour-arvid-de-kleijn-oier-lazkano-remporte-le-general\/"]}]},{"@type":"ImageObject","inLanguage":"fr-FR","@id":"https:\/\/dicodusport.fr\/blog\/boucles-de-la-mayenne-2023-la-3eme-etape-pour-arvid-de-kleijn-oier-lazkano-remporte-le-general\/#primaryimage","url":"https:\/\/dicodusport.fr\/blog\/wp-content\/uploads\/2023\/05\/Boucles-de-la-Mayenne-2023-La-3eme-etape-pour-Arvid-de-Kleijn-Oier-Lazkano-remporte-le-general.png","contentUrl":"https:\/\/dicodusport.fr\/blog\/wp-content\/uploads\/2023\/05\/Boucles-de-la-Mayenne-2023-La-3eme-etape-pour-Arvid-de-Kleijn-Oier-Lazkano-remporte-le-general.png","width":800,"height":445,"caption":"Boucles de la Mayenne 2023 La 3\u00e8me \u00e9tape pour Arvid de Kleijn , Oier Lazkano remporte le g\u00e9n\u00e9ral"},{"@type":"BreadcrumbList","@id":"https:\/\/dicodusport.fr\/blog\/boucles-de-la-mayenne-2023-la-3eme-etape-pour-arvid-de-kleijn-oier-lazkano-remporte-le-general\/#breadcrumb","itemListElement":[{"@type":"ListItem","position":1,"name":"Accueil","item":"https:\/\/dicodusport.fr\/blog\/"},{"@type":"ListItem","position":2,"name":"Boucles de la Mayenne 2023 : La 3\u00e8me \u00e9tape pour Arvid de Kleijn , Oier Lazkano remporte le g\u00e9n\u00e9ral"}]},{"@type":"WebSite","@id":"https:\/\/dicodusport.fr\/blog\/#website","url":"https:\/\/dicodusport.fr\/blog\/","name":"Dicodusport","description":"L&#039;encyclop\u00e9die de l&#039;actualit\u00e9 sportive","publisher":{"@id":"https:\/\/dicodusport.fr\/blog\/#organization"},"potentialAction":[{"@type":"SearchAction","target":{"@type":"EntryPoint","urlTemplate":"https:\/\/dicodusport.fr\/blog\/?s={search_term_string}"},"query-input":{"@type":"PropertyValueSpecification","valueRequired":true,"valueName":"search_term_string"}}],"inLanguage":"fr-FR"},{"@type":"NewsMediaOrganization","@id":"https:\/\/dicodusport.fr\/blog\/#organization","name":"Dicodusport","url":"https:\/\/dicodusport.fr\/blog\/","logo":{"@type":"ImageObject","inLanguage":"fr-FR","@id":"https:\/\/dicodusport.fr\/blog\/#\/schema\/logo\/image\/","url":"https:\/\/dicodusport.fr\/blog\/wp-content\/uploads\/2020\/06\/cropped-LOGO-DICODUSPORT-2020-SANS-FOND-SANS-TEXTE.png","contentUrl":"https:\/\/dicodusport.fr\/blog\/wp-content\/uploads\/2020\/06\/cropped-LOGO-DICODUSPORT-2020-SANS-FOND-SANS-TEXTE.png","width":512,"height":512,"caption":"Dicodusport"},"image":{"@id":"https:\/\/dicodusport.fr\/blog\/#\/schema\/logo\/image\/"},"sameAs":["https:\/\/www.facebook.com\/dicodusport","https:\/\/x.com\/dicodusport","https:\/\/www.instagram.com\/dicodusport\/","https:\/\/www.youtube.com\/channel\/UC7V2KZ5sd3htJivAbA4ZG3w"],"description":"Dicodusport est l'encyclop\u00e9die de l'actualit\u00e9 sportive.","email":"bonjour@dicodusport.fr","legalName":"DICODUSPORT","foundingDate":"2018-01-14","vatID":"FR71834470973","taxID":"83447097300043","numberOfEmployees":{"@type":"QuantitativeValue","minValue":"1","maxValue":"10"}},{"@type":"Person","@id":"https:\/\/dicodusport.fr\/blog\/#\/schema\/person\/d603dd7da31fb2b46c82b9835a77ec13","name":"Etienne Goursaud","image":{"@type":"ImageObject","inLanguage":"fr-FR","@id":"https:\/\/dicodusport.fr\/blog\/#\/schema\/person\/image\/","url":"https:\/\/dicodusport.fr\/blog\/wp-content\/uploads\/2023\/12\/410122264_10231602061736049_5565839791558026645_n-150x150.jpg","contentUrl":"https:\/\/dicodusport.fr\/blog\/wp-content\/uploads\/2023\/12\/410122264_10231602061736049_5565839791558026645_n-150x150.jpg","caption":"Etienne Goursaud"},"description":"Journaliste et amoureux de sport. Ancien footballeur reconverti athl\u00e8te quand ses muscles le laissent tranquille. \u00c9lev\u00e9 \u00e0 la sauce des exploits de Thomas Voeckler en 2004, du dernier essai de l\u00e9gende de Eunice Barber \u00e0 la longueur lors des championnats du monde d'athl\u00e9tisme de 2003 mais aussi Zidane, Omeyer et Titou Lamaison.","url":"https:\/\/dicodusport.fr\/blog\/author\/etienne-goursaud\/"}]}},"_links":{"self":[{"href":"https:\/\/dicodusport.fr\/blog\/wp-json\/wp\/v2\/posts\/386063","targetHints":{"allow":["GET"]}}],"collection":[{"href":"https:\/\/dicodusport.fr\/blog\/wp-json\/wp\/v2\/posts"}],"about":[{"href":"https:\/\/dicodusport.fr\/blog\/wp-json\/wp\/v2\/types\/post"}],"author":[{"embeddable":true,"href":"https:\/\/dicodusport.fr\/blog\/wp-json\/wp\/v2\/users\/83"}],"replies":[{"embeddable":true,"href":"https:\/\/dicodusport.fr\/blog\/wp-json\/wp\/v2\/comments?post=386063"}],"version-history":[{"count":0,"href":"https:\/\/dicodusport.fr\/blog\/wp-json\/wp\/v2\/posts\/386063\/revisions"}],"wp:featuredmedia":[{"embeddable":true,"href":"https:\/\/dicodusport.fr\/blog\/wp-json\/wp\/v2\/media\/386122"}],"wp:attachment":[{"href":"https:\/\/dicodusport.fr\/blog\/wp-json\/wp\/v2\/media?parent=386063"}],"wp:term":[{"taxonomy":"category","embeddable":true,"href":"https:\/\/dicodusport.fr\/blog\/wp-json\/wp\/v2\/categories?post=386063"},{"taxonomy":"post_tag","embeddable":true,"href":"https:\/\/dicodusport.fr\/blog\/wp-json\/wp\/v2\/tags?post=386063"}],"curies":[{"name":"wp","href":"https:\/\/api.w.org\/{rel}","templated":true}]}}