{"id":386067,"date":"2023-05-28T18:35:55","date_gmt":"2023-05-28T16:35:55","guid":{"rendered":"https:\/\/dicodusport.fr\/blog\/?p=386067&#038;preview=true&#038;preview_id=386067"},"modified":"2023-05-28T20:03:12","modified_gmt":"2023-05-28T18:03:12","slug":"tour-ditalie-2023-primoz-roglic-sacre-mark-cavendish-simpose-sur-la-21eme-etape","status":"publish","type":"post","link":"https:\/\/dicodusport.fr\/blog\/tour-ditalie-2023-primoz-roglic-sacre-mark-cavendish-simpose-sur-la-21eme-etape\/","title":{"rendered":"Tour d\u2019Italie 2023 : Primoz Roglic sacr\u00e9, Mark Cavendish s&rsquo;impose sur la 21\u00e8me \u00e9tape"},"content":{"rendered":"<p style=\"text-align: justify;\"><em><a style=\"font-weight: bold;\" href=\"https:\/\/dicodusport.fr\/blog\/actualites\/cyclisme\/cyclisme-sur-route-2023\/tour-d-italie-2023\/\">TOUR D&rsquo;ITALIE 2023<\/a><b> &#8211; Mark Cavendish (Astana Qazakstan) a remport\u00e9 au sprint la 21\u00e8me et derni\u00e8re \u00e9tape \u00e0 Rome. Cavendish a sign\u00e9 sa dix-septi\u00e8me victoire d&rsquo;\u00e9tape sur le Giro. Primoz Roglic (Jumbo-Visma) remporte le classement g\u00e9n\u00e9ral devant Geraint Thomas (INEOS Grenadiers) et Joao Almeida (UAE Team Emirates).\u00a0<\/b><\/em><\/p>\n<p style=\"text-align: justify;\">D&rsquo;abord, dans la premi\u00e8re moiti\u00e9 de la course, le peloton est rest\u00e9 calme sous le contr\u00f4le de la Jumbo-Visma avec une allure assez rapide pour un d\u00e9but de derni\u00e8re \u00e9tape. Puis, on a enfin assist\u00e9 \u00e0 des offensives sur le circuit final dans les rues de Rome. Trois coureurs ont form\u00e9 la premi\u00e8re \u00e9chapp\u00e9e : <strong>Cesare Benedetti<\/strong> (Bora Hansgrohe), <strong>Toms Skujins<\/strong> (Trek Segafredo) et <strong>Maxime Bouet<\/strong> (Arkea Samsic). Par la suite, les \u00e9quipes DSM, Movistar, Cofidis et Bahrain Victorious ont collabor\u00e9 dans la poursuite. <strong>Toms Skujins<\/strong> (Trek Segafredo) a remport\u00e9 les deux premiers sprints interm\u00e9diaires. Le coureur letton a d\u00e9pass\u00e9 <strong>Derek Gee<\/strong> (Israel Premier Tech) au classement des sprints volants.<\/p>\n<p style=\"text-align: justify;\">Ensuite, les \u00e9chapp\u00e9s ont \u00e9t\u00e9 repris \u00e0 l&rsquo;entame du dernier tour \u00e0 13 kilom\u00e8tres du terme. <strong>Eddie Dunbar<\/strong> (Team Jayco AlUla) a \u00e9t\u00e9 victime d&rsquo;un ennui avec son d\u00e9railleur. Mais, le septi\u00e8me du classement g\u00e9n\u00e9ral est rapidement revenu au sein du peloton. L&rsquo;\u00e9quipe INEOS Grenadiers a parfaitement plac\u00e9 <strong>Geraint Thomas<\/strong> \u00e0 l&rsquo;avant du peloton alors que <strong>Primoz Roglic<\/strong> (Jumbo-Visma) est rest\u00e9 au c\u0153ur du paquet. Mais, <strong>Edoardo Affini<\/strong> (Jumbo-Visma) a replac\u00e9 le maillot rose dans une meilleure position. <strong>Derek Gee<\/strong> (Israel Premier Tech) a tent\u00e9 en vain sa chance \u00e0 moins de 5 kilom\u00e8tres du terme dans la seule partie montante de ce circuit, en compagnie de <strong>Vincenzo Albanese<\/strong> (Eolo Kometa). Le duo a \u00e9t\u00e9 aval\u00e9 par le peloton \u00e0 3 kilom\u00e8tres de l&rsquo;arriv\u00e9e tandis que <strong>Geraint Thomas <\/strong>(INEOS Grenadiers) a prot\u00e9g\u00e9 <strong>Mark Cavendish<\/strong> (Astana Qazaqstan) dans le final.<\/p>\n<h2 style=\"text-align: justify;\">54\u00e8me victoire en Grands Tours pour Cavendish<\/h2>\n<p style=\"text-align: justify;\">Finalement, apr\u00e8s avoir pris l&rsquo;aspiration de Gaviria, <strong>Mark Cavendish<\/strong> (Astana Qazaqstan) a domin\u00e9 ce dernier sprint sur les pav\u00e9s romains en face du Colis\u00e9e. Le champion de Grande-Bretagne a devanc\u00e9 <strong>Alex Kirsch<\/strong> (Trek Segafredo) et <strong>Filippo Fiorelli<\/strong> (Green Project Bardiani). Malheureusement, <strong>Pascal Ackermann<\/strong> (UAE Team Emirates) a \u00e9t\u00e9 victime d&rsquo;une grosse chute le long des barri\u00e8res dans le sprint final, en touchant une roue.<\/p>\n<blockquote class=\"twitter-tweet\">\n<p dir=\"ltr\" lang=\"fr\">Mark Cavendish gagne la derni\u00e8re \u00e9tape de ce <a href=\"https:\/\/twitter.com\/hashtag\/Giro?src=hash&amp;ref_src=twsrc%5Etfw\">#Giro<\/a> 2023 ! Le Britannique a surclass\u00e9 la concurrence au sprint \u00e0 Rome, o\u00f9 Primoz Roglic remporte son premier Tour d&rsquo;Italie <a href=\"https:\/\/t.co\/Rl32hRjAIT\">pic.twitter.com\/Rl32hRjAIT<\/a><\/p>\n<p>\u2014 Eurosport France (@Eurosport_FR) <a href=\"https:\/\/twitter.com\/Eurosport_FR\/status\/1662861472874090502?ref_src=twsrc%5Etfw\">May 28, 2023<\/a><\/p><\/blockquote>\n<p><script async src=\"https:\/\/platform.twitter.com\/widgets.js\" charset=\"utf-8\"><\/script><\/p>\n<h2 style=\"text-align: justify;\">\u00c0 lire aussi<\/h2>\n<ul>\n<li style=\"text-align: justify;\"><strong><a href=\"https:\/\/dicodusport.fr\/blog\/tour-ditalie-2023-classement-21eme-etape\/\">Le classement de la 21\u00e8me \u00e9tape<\/a>\u00a0<\/strong><\/li>\n<li style=\"text-align: justify;\"><a href=\"https:\/\/dicodusport.fr\/blog\/tour-d-italie-2023-classement-general-maillot-rose\/\"><strong>Classement g\u00e9n\u00e9ral du Tour d\u2019Italie 2023<\/strong><\/a><\/li>\n<li style=\"text-align: justify;\"><a href=\"https:\/\/dicodusport.fr\/blog\/tour-ditalie-2023-classement-montagne-maillot-bleu\/\"><strong>Classement de la montagne \u2013 Maillot bleu<\/strong><\/a><\/li>\n<li style=\"text-align: justify;\"><a href=\"https:\/\/dicodusport.fr\/blog\/tour-italie-2022-le-profil-des-21-etapes\/\"><strong>Le profil des 21 \u00e9tapes du Tour d\u2019Italie 2023<\/strong><\/a><\/li>\n<\/ul>\n","protected":false},"excerpt":{"rendered":"<p>TOUR D&rsquo;ITALIE 2023 &#8211; Mark Cavendish (Astana Qazakstan) a remport\u00e9 au sprint la 21\u00e8me et derni\u00e8re \u00e9tape \u00e0 Rome. Cavendish a sign\u00e9 sa dix-septi\u00e8me victoire d&rsquo;\u00e9tape sur le Giro. Primoz Roglic (Jumbo-Visma) remporte le classement g\u00e9n\u00e9ral devant Geraint Thomas (INEOS Grenadiers) et Joao Almeida (UAE Team Emirates).\u00a0<\/p>\n","protected":false},"author":48,"featured_media":386252,"comment_status":"open","ping_status":"closed","sticky":false,"template":"","format":"standard","meta":{"_acf_changed":false,"_daextam_enable_autolinks":"","footnotes":""},"categories":[47041],"tags":[3119,16878,24],"class_list":["post-386067","post","type-post","status-publish","format-standard","has-post-thumbnail","hentry","category-tour-d-italie","tag-actualite-cyclisme","tag-breve","tag-sport"],"acf":[],"yoast_head":"<!-- This site is optimized with the Yoast SEO Premium plugin v26.7 (Yoast SEO v26.7) - https:\/\/yoast.com\/wordpress\/plugins\/seo\/ -->\n<title>Tour d\u2019Italie 2023 : Primoz Roglic sacr\u00e9, Mark Cavendish s&#039;impose sur la 21\u00e8me \u00e9tape<\/title>\n<meta name=\"description\" content=\"TOUR D&#039;ITALIE 2023 - Mark Cavendish (Astana Qazakstan) a remport\u00e9 au sprint la 21\u00e8me et derni\u00e8re \u00e9tape \u00e0 Rome.\" \/>\n<meta name=\"robots\" content=\"index, follow, max-snippet:-1, max-image-preview:large, max-video-preview:-1\" \/>\n<link rel=\"canonical\" href=\"https:\/\/dicodusport.fr\/blog\/tour-ditalie-2023-primoz-roglic-sacre-mark-cavendish-simpose-sur-la-21eme-etape\/\" \/>\n<meta property=\"og:locale\" content=\"fr_FR\" \/>\n<meta property=\"og:type\" content=\"article\" \/>\n<meta property=\"og:title\" content=\"Tour d\u2019Italie 2023 : Primoz Roglic sacr\u00e9, Mark Cavendish s&#039;impose sur la 21\u00e8me \u00e9tape\" \/>\n<meta property=\"og:description\" content=\"TOUR D&#039;ITALIE 2023 - Mark Cavendish (Astana Qazakstan) a remport\u00e9 au sprint la 21\u00e8me et derni\u00e8re \u00e9tape \u00e0 Rome.\" \/>\n<meta property=\"og:url\" content=\"https:\/\/dicodusport.fr\/blog\/tour-ditalie-2023-primoz-roglic-sacre-mark-cavendish-simpose-sur-la-21eme-etape\/\" \/>\n<meta property=\"og:site_name\" content=\"Dicodusport\" \/>\n<meta property=\"article:publisher\" content=\"https:\/\/www.facebook.com\/dicodusport\" \/>\n<meta property=\"article:author\" content=\"https:\/\/www.facebook.com\/groups\/LesRoisDuPeloton\" \/>\n<meta property=\"article:published_time\" content=\"2023-05-28T16:35:55+00:00\" \/>\n<meta property=\"article:modified_time\" content=\"2023-05-28T18:03:12+00:00\" \/>\n<meta property=\"og:image\" content=\"https:\/\/dicodusport.fr\/blog\/wp-content\/uploads\/2023\/05\/Tour-dItalie-2023-Primoz-Roglic-sacre-Mark-Cavendish-simpose-sur-la-21eme-etape-1.png\" \/>\n\t<meta property=\"og:image:width\" content=\"800\" \/>\n\t<meta property=\"og:image:height\" content=\"445\" \/>\n\t<meta property=\"og:image:type\" content=\"image\/png\" \/>\n<meta name=\"author\" content=\"Emilien Descampiaux\" \/>\n<meta name=\"twitter:card\" content=\"summary_large_image\" \/>\n<meta name=\"twitter:title\" content=\"Tour d\u2019Italie 2023 : Primoz Roglic sacr\u00e9, Mark Cavendish s&#039;impose sur la 21\u00e8me \u00e9tape\" \/>\n<meta name=\"twitter:creator\" content=\"@https:\/\/twitter.com\/LRoisDuPeloton\" \/>\n<meta name=\"twitter:site\" content=\"@dicodusport\" \/>\n<script type=\"application\/ld+json\" class=\"yoast-schema-graph\">{\"@context\":\"https:\/\/schema.org\",\"@graph\":[{\"@type\":\"NewsArticle\",\"@id\":\"https:\/\/dicodusport.fr\/blog\/tour-ditalie-2023-primoz-roglic-sacre-mark-cavendish-simpose-sur-la-21eme-etape\/#article\",\"isPartOf\":{\"@id\":\"https:\/\/dicodusport.fr\/blog\/tour-ditalie-2023-primoz-roglic-sacre-mark-cavendish-simpose-sur-la-21eme-etape\/\"},\"author\":{\"name\":\"Emilien Descampiaux\",\"@id\":\"https:\/\/dicodusport.fr\/blog\/#\/schema\/person\/6db4bae06b171592211be385b32876a7\"},\"headline\":\"Tour d\u2019Italie 2023 : Primoz Roglic sacr\u00e9, Mark Cavendish s&rsquo;impose sur la 21\u00e8me \u00e9tape\",\"datePublished\":\"2023-05-28T16:35:55+00:00\",\"dateModified\":\"2023-05-28T18:03:12+00:00\",\"mainEntityOfPage\":{\"@id\":\"https:\/\/dicodusport.fr\/blog\/tour-ditalie-2023-primoz-roglic-sacre-mark-cavendish-simpose-sur-la-21eme-etape\/\"},\"wordCount\":474,\"commentCount\":0,\"publisher\":{\"@id\":\"https:\/\/dicodusport.fr\/blog\/#organization\"},\"image\":{\"@id\":\"https:\/\/dicodusport.fr\/blog\/tour-ditalie-2023-primoz-roglic-sacre-mark-cavendish-simpose-sur-la-21eme-etape\/#primaryimage\"},\"thumbnailUrl\":\"https:\/\/dicodusport.fr\/blog\/wp-content\/uploads\/2023\/05\/Tour-dItalie-2023-Primoz-Roglic-sacre-Mark-Cavendish-simpose-sur-la-21eme-etape-1.png\",\"keywords\":[\"Actualit\u00e9 Cyclisme\",\"br\u00e8ve\",\"sport\"],\"articleSection\":[\"Tour d'Italie\"],\"inLanguage\":\"fr-FR\",\"potentialAction\":[{\"@type\":\"CommentAction\",\"name\":\"Comment\",\"target\":[\"https:\/\/dicodusport.fr\/blog\/tour-ditalie-2023-primoz-roglic-sacre-mark-cavendish-simpose-sur-la-21eme-etape\/#respond\"]}],\"copyrightYear\":\"2023\",\"copyrightHolder\":{\"@id\":\"https:\/\/dicodusport.fr\/blog\/#organization\"}},{\"@type\":\"WebPage\",\"@id\":\"https:\/\/dicodusport.fr\/blog\/tour-ditalie-2023-primoz-roglic-sacre-mark-cavendish-simpose-sur-la-21eme-etape\/\",\"url\":\"https:\/\/dicodusport.fr\/blog\/tour-ditalie-2023-primoz-roglic-sacre-mark-cavendish-simpose-sur-la-21eme-etape\/\",\"name\":\"Tour d\u2019Italie 2023 : Primoz Roglic sacr\u00e9, Mark Cavendish s'impose sur la 21\u00e8me \u00e9tape\",\"isPartOf\":{\"@id\":\"https:\/\/dicodusport.fr\/blog\/#website\"},\"primaryImageOfPage\":{\"@id\":\"https:\/\/dicodusport.fr\/blog\/tour-ditalie-2023-primoz-roglic-sacre-mark-cavendish-simpose-sur-la-21eme-etape\/#primaryimage\"},\"image\":{\"@id\":\"https:\/\/dicodusport.fr\/blog\/tour-ditalie-2023-primoz-roglic-sacre-mark-cavendish-simpose-sur-la-21eme-etape\/#primaryimage\"},\"thumbnailUrl\":\"https:\/\/dicodusport.fr\/blog\/wp-content\/uploads\/2023\/05\/Tour-dItalie-2023-Primoz-Roglic-sacre-Mark-Cavendish-simpose-sur-la-21eme-etape-1.png\",\"datePublished\":\"2023-05-28T16:35:55+00:00\",\"dateModified\":\"2023-05-28T18:03:12+00:00\",\"description\":\"TOUR D'ITALIE 2023 - Mark Cavendish (Astana Qazakstan) a remport\u00e9 au sprint la 21\u00e8me et derni\u00e8re \u00e9tape \u00e0 Rome.\",\"breadcrumb\":{\"@id\":\"https:\/\/dicodusport.fr\/blog\/tour-ditalie-2023-primoz-roglic-sacre-mark-cavendish-simpose-sur-la-21eme-etape\/#breadcrumb\"},\"inLanguage\":\"fr-FR\",\"potentialAction\":[{\"@type\":\"ReadAction\",\"target\":[\"https:\/\/dicodusport.fr\/blog\/tour-ditalie-2023-primoz-roglic-sacre-mark-cavendish-simpose-sur-la-21eme-etape\/\"]}]},{\"@type\":\"ImageObject\",\"inLanguage\":\"fr-FR\",\"@id\":\"https:\/\/dicodusport.fr\/blog\/tour-ditalie-2023-primoz-roglic-sacre-mark-cavendish-simpose-sur-la-21eme-etape\/#primaryimage\",\"url\":\"https:\/\/dicodusport.fr\/blog\/wp-content\/uploads\/2023\/05\/Tour-dItalie-2023-Primoz-Roglic-sacre-Mark-Cavendish-simpose-sur-la-21eme-etape-1.png\",\"contentUrl\":\"https:\/\/dicodusport.fr\/blog\/wp-content\/uploads\/2023\/05\/Tour-dItalie-2023-Primoz-Roglic-sacre-Mark-Cavendish-simpose-sur-la-21eme-etape-1.png\",\"width\":800,\"height\":445,\"caption\":\"Tour d\u2019Italie 2023 Primoz Roglic sacr\u00e9, Mark Cavendish s'impose sur la 21\u00e8me \u00e9tape (1)\"},{\"@type\":\"BreadcrumbList\",\"@id\":\"https:\/\/dicodusport.fr\/blog\/tour-ditalie-2023-primoz-roglic-sacre-mark-cavendish-simpose-sur-la-21eme-etape\/#breadcrumb\",\"itemListElement\":[{\"@type\":\"ListItem\",\"position\":1,\"name\":\"Accueil\",\"item\":\"https:\/\/dicodusport.fr\/blog\/\"},{\"@type\":\"ListItem\",\"position\":2,\"name\":\"Tour d\u2019Italie 2023 : Primoz Roglic sacr\u00e9, Mark Cavendish s&rsquo;impose sur la 21\u00e8me \u00e9tape\"}]},{\"@type\":\"WebSite\",\"@id\":\"https:\/\/dicodusport.fr\/blog\/#website\",\"url\":\"https:\/\/dicodusport.fr\/blog\/\",\"name\":\"Dicodusport\",\"description\":\"L&#039;encyclop\u00e9die de l&#039;actualit\u00e9 sportive\",\"publisher\":{\"@id\":\"https:\/\/dicodusport.fr\/blog\/#organization\"},\"potentialAction\":[{\"@type\":\"SearchAction\",\"target\":{\"@type\":\"EntryPoint\",\"urlTemplate\":\"https:\/\/dicodusport.fr\/blog\/?s={search_term_string}\"},\"query-input\":{\"@type\":\"PropertyValueSpecification\",\"valueRequired\":true,\"valueName\":\"search_term_string\"}}],\"inLanguage\":\"fr-FR\"},{\"@type\":\"NewsMediaOrganization\",\"@id\":\"https:\/\/dicodusport.fr\/blog\/#organization\",\"name\":\"Dicodusport\",\"url\":\"https:\/\/dicodusport.fr\/blog\/\",\"logo\":{\"@type\":\"ImageObject\",\"inLanguage\":\"fr-FR\",\"@id\":\"https:\/\/dicodusport.fr\/blog\/#\/schema\/logo\/image\/\",\"url\":\"https:\/\/dicodusport.fr\/blog\/wp-content\/uploads\/2020\/06\/cropped-LOGO-DICODUSPORT-2020-SANS-FOND-SANS-TEXTE.png\",\"contentUrl\":\"https:\/\/dicodusport.fr\/blog\/wp-content\/uploads\/2020\/06\/cropped-LOGO-DICODUSPORT-2020-SANS-FOND-SANS-TEXTE.png\",\"width\":512,\"height\":512,\"caption\":\"Dicodusport\"},\"image\":{\"@id\":\"https:\/\/dicodusport.fr\/blog\/#\/schema\/logo\/image\/\"},\"sameAs\":[\"https:\/\/www.facebook.com\/dicodusport\",\"https:\/\/x.com\/dicodusport\",\"https:\/\/www.instagram.com\/dicodusport\/\",\"https:\/\/www.youtube.com\/channel\/UC7V2KZ5sd3htJivAbA4ZG3w\"],\"description\":\"Dicodusport est l'encyclop\u00e9die de l'actualit\u00e9 sportive.\",\"email\":\"bonjour@dicodusport.fr\",\"legalName\":\"DICODUSPORT\",\"foundingDate\":\"2018-01-14\",\"vatID\":\"FR71834470973\",\"taxID\":\"83447097300043\",\"numberOfEmployees\":{\"@type\":\"QuantitativeValue\",\"minValue\":\"1\",\"maxValue\":\"10\"}},{\"@type\":\"Person\",\"@id\":\"https:\/\/dicodusport.fr\/blog\/#\/schema\/person\/6db4bae06b171592211be385b32876a7\",\"name\":\"Emilien Descampiaux\",\"image\":{\"@type\":\"ImageObject\",\"inLanguage\":\"fr-FR\",\"@id\":\"https:\/\/dicodusport.fr\/blog\/#\/schema\/person\/image\/\",\"url\":\"https:\/\/dicodusport.fr\/blog\/wp-content\/uploads\/2021\/05\/Emilien-Descampiaux-150x150.jpg\",\"contentUrl\":\"https:\/\/dicodusport.fr\/blog\/wp-content\/uploads\/2021\/05\/Emilien-Descampiaux-150x150.jpg\",\"caption\":\"Emilien Descampiaux\"},\"description\":\"Journaliste\/r\u00e9dacteur depuis 2014 - Fan de la classe de Frank Vandenbroucke, je vis cyclisme (et de ses paysages) depuis plus de 20 ans. Je suis tr\u00e8s impliqu\u00e9 sur mes diff\u00e9rents r\u00e9seaux sociaux pour partager ma passion sur le monde et l'Histoire de la bicyclette avec ma voix sur les images en noir et blanc du succ\u00e8s de Rik Van Steenbergen lors du Ronde sur le V\u00e9lodrome de Gand.\",\"sameAs\":[\"https:\/\/www.facebook.com\/groups\/LesRoisDuPeloton\",\"https:\/\/x.com\/https:\/\/twitter.com\/LRoisDuPeloton\"],\"url\":\"https:\/\/dicodusport.fr\/blog\/author\/emiliend\/\"}]}<\/script>\n<!-- \/ Yoast SEO Premium plugin. -->","yoast_head_json":{"title":"Tour d\u2019Italie 2023 : Primoz Roglic sacr\u00e9, Mark Cavendish s'impose sur la 21\u00e8me \u00e9tape","description":"TOUR D'ITALIE 2023 - Mark Cavendish (Astana Qazakstan) a remport\u00e9 au sprint la 21\u00e8me et derni\u00e8re \u00e9tape \u00e0 Rome.","robots":{"index":"index","follow":"follow","max-snippet":"max-snippet:-1","max-image-preview":"max-image-preview:large","max-video-preview":"max-video-preview:-1"},"canonical":"https:\/\/dicodusport.fr\/blog\/tour-ditalie-2023-primoz-roglic-sacre-mark-cavendish-simpose-sur-la-21eme-etape\/","og_locale":"fr_FR","og_type":"article","og_title":"Tour d\u2019Italie 2023 : Primoz Roglic sacr\u00e9, Mark Cavendish s'impose sur la 21\u00e8me \u00e9tape","og_description":"TOUR D'ITALIE 2023 - Mark Cavendish (Astana Qazakstan) a remport\u00e9 au sprint la 21\u00e8me et derni\u00e8re \u00e9tape \u00e0 Rome.","og_url":"https:\/\/dicodusport.fr\/blog\/tour-ditalie-2023-primoz-roglic-sacre-mark-cavendish-simpose-sur-la-21eme-etape\/","og_site_name":"Dicodusport","article_publisher":"https:\/\/www.facebook.com\/dicodusport","article_author":"https:\/\/www.facebook.com\/groups\/LesRoisDuPeloton","article_published_time":"2023-05-28T16:35:55+00:00","article_modified_time":"2023-05-28T18:03:12+00:00","og_image":[{"width":800,"height":445,"url":"https:\/\/dicodusport.fr\/blog\/wp-content\/uploads\/2023\/05\/Tour-dItalie-2023-Primoz-Roglic-sacre-Mark-Cavendish-simpose-sur-la-21eme-etape-1.png","type":"image\/png"}],"author":"Emilien Descampiaux","twitter_card":"summary_large_image","twitter_title":"Tour d\u2019Italie 2023 : Primoz Roglic sacr\u00e9, Mark Cavendish s'impose sur la 21\u00e8me \u00e9tape","twitter_creator":"@https:\/\/twitter.com\/LRoisDuPeloton","twitter_site":"@dicodusport","schema":{"@context":"https:\/\/schema.org","@graph":[{"@type":"NewsArticle","@id":"https:\/\/dicodusport.fr\/blog\/tour-ditalie-2023-primoz-roglic-sacre-mark-cavendish-simpose-sur-la-21eme-etape\/#article","isPartOf":{"@id":"https:\/\/dicodusport.fr\/blog\/tour-ditalie-2023-primoz-roglic-sacre-mark-cavendish-simpose-sur-la-21eme-etape\/"},"author":{"name":"Emilien Descampiaux","@id":"https:\/\/dicodusport.fr\/blog\/#\/schema\/person\/6db4bae06b171592211be385b32876a7"},"headline":"Tour d\u2019Italie 2023 : Primoz Roglic sacr\u00e9, Mark Cavendish s&rsquo;impose sur la 21\u00e8me \u00e9tape","datePublished":"2023-05-28T16:35:55+00:00","dateModified":"2023-05-28T18:03:12+00:00","mainEntityOfPage":{"@id":"https:\/\/dicodusport.fr\/blog\/tour-ditalie-2023-primoz-roglic-sacre-mark-cavendish-simpose-sur-la-21eme-etape\/"},"wordCount":474,"commentCount":0,"publisher":{"@id":"https:\/\/dicodusport.fr\/blog\/#organization"},"image":{"@id":"https:\/\/dicodusport.fr\/blog\/tour-ditalie-2023-primoz-roglic-sacre-mark-cavendish-simpose-sur-la-21eme-etape\/#primaryimage"},"thumbnailUrl":"https:\/\/dicodusport.fr\/blog\/wp-content\/uploads\/2023\/05\/Tour-dItalie-2023-Primoz-Roglic-sacre-Mark-Cavendish-simpose-sur-la-21eme-etape-1.png","keywords":["Actualit\u00e9 Cyclisme","br\u00e8ve","sport"],"articleSection":["Tour d'Italie"],"inLanguage":"fr-FR","potentialAction":[{"@type":"CommentAction","name":"Comment","target":["https:\/\/dicodusport.fr\/blog\/tour-ditalie-2023-primoz-roglic-sacre-mark-cavendish-simpose-sur-la-21eme-etape\/#respond"]}],"copyrightYear":"2023","copyrightHolder":{"@id":"https:\/\/dicodusport.fr\/blog\/#organization"}},{"@type":"WebPage","@id":"https:\/\/dicodusport.fr\/blog\/tour-ditalie-2023-primoz-roglic-sacre-mark-cavendish-simpose-sur-la-21eme-etape\/","url":"https:\/\/dicodusport.fr\/blog\/tour-ditalie-2023-primoz-roglic-sacre-mark-cavendish-simpose-sur-la-21eme-etape\/","name":"Tour d\u2019Italie 2023 : Primoz Roglic sacr\u00e9, Mark Cavendish s'impose sur la 21\u00e8me \u00e9tape","isPartOf":{"@id":"https:\/\/dicodusport.fr\/blog\/#website"},"primaryImageOfPage":{"@id":"https:\/\/dicodusport.fr\/blog\/tour-ditalie-2023-primoz-roglic-sacre-mark-cavendish-simpose-sur-la-21eme-etape\/#primaryimage"},"image":{"@id":"https:\/\/dicodusport.fr\/blog\/tour-ditalie-2023-primoz-roglic-sacre-mark-cavendish-simpose-sur-la-21eme-etape\/#primaryimage"},"thumbnailUrl":"https:\/\/dicodusport.fr\/blog\/wp-content\/uploads\/2023\/05\/Tour-dItalie-2023-Primoz-Roglic-sacre-Mark-Cavendish-simpose-sur-la-21eme-etape-1.png","datePublished":"2023-05-28T16:35:55+00:00","dateModified":"2023-05-28T18:03:12+00:00","description":"TOUR D'ITALIE 2023 - Mark Cavendish (Astana Qazakstan) a remport\u00e9 au sprint la 21\u00e8me et derni\u00e8re \u00e9tape \u00e0 Rome.","breadcrumb":{"@id":"https:\/\/dicodusport.fr\/blog\/tour-ditalie-2023-primoz-roglic-sacre-mark-cavendish-simpose-sur-la-21eme-etape\/#breadcrumb"},"inLanguage":"fr-FR","potentialAction":[{"@type":"ReadAction","target":["https:\/\/dicodusport.fr\/blog\/tour-ditalie-2023-primoz-roglic-sacre-mark-cavendish-simpose-sur-la-21eme-etape\/"]}]},{"@type":"ImageObject","inLanguage":"fr-FR","@id":"https:\/\/dicodusport.fr\/blog\/tour-ditalie-2023-primoz-roglic-sacre-mark-cavendish-simpose-sur-la-21eme-etape\/#primaryimage","url":"https:\/\/dicodusport.fr\/blog\/wp-content\/uploads\/2023\/05\/Tour-dItalie-2023-Primoz-Roglic-sacre-Mark-Cavendish-simpose-sur-la-21eme-etape-1.png","contentUrl":"https:\/\/dicodusport.fr\/blog\/wp-content\/uploads\/2023\/05\/Tour-dItalie-2023-Primoz-Roglic-sacre-Mark-Cavendish-simpose-sur-la-21eme-etape-1.png","width":800,"height":445,"caption":"Tour d\u2019Italie 2023 Primoz Roglic sacr\u00e9, Mark Cavendish s'impose sur la 21\u00e8me \u00e9tape (1)"},{"@type":"BreadcrumbList","@id":"https:\/\/dicodusport.fr\/blog\/tour-ditalie-2023-primoz-roglic-sacre-mark-cavendish-simpose-sur-la-21eme-etape\/#breadcrumb","itemListElement":[{"@type":"ListItem","position":1,"name":"Accueil","item":"https:\/\/dicodusport.fr\/blog\/"},{"@type":"ListItem","position":2,"name":"Tour d\u2019Italie 2023 : Primoz Roglic sacr\u00e9, Mark Cavendish s&rsquo;impose sur la 21\u00e8me \u00e9tape"}]},{"@type":"WebSite","@id":"https:\/\/dicodusport.fr\/blog\/#website","url":"https:\/\/dicodusport.fr\/blog\/","name":"Dicodusport","description":"L&#039;encyclop\u00e9die de l&#039;actualit\u00e9 sportive","publisher":{"@id":"https:\/\/dicodusport.fr\/blog\/#organization"},"potentialAction":[{"@type":"SearchAction","target":{"@type":"EntryPoint","urlTemplate":"https:\/\/dicodusport.fr\/blog\/?s={search_term_string}"},"query-input":{"@type":"PropertyValueSpecification","valueRequired":true,"valueName":"search_term_string"}}],"inLanguage":"fr-FR"},{"@type":"NewsMediaOrganization","@id":"https:\/\/dicodusport.fr\/blog\/#organization","name":"Dicodusport","url":"https:\/\/dicodusport.fr\/blog\/","logo":{"@type":"ImageObject","inLanguage":"fr-FR","@id":"https:\/\/dicodusport.fr\/blog\/#\/schema\/logo\/image\/","url":"https:\/\/dicodusport.fr\/blog\/wp-content\/uploads\/2020\/06\/cropped-LOGO-DICODUSPORT-2020-SANS-FOND-SANS-TEXTE.png","contentUrl":"https:\/\/dicodusport.fr\/blog\/wp-content\/uploads\/2020\/06\/cropped-LOGO-DICODUSPORT-2020-SANS-FOND-SANS-TEXTE.png","width":512,"height":512,"caption":"Dicodusport"},"image":{"@id":"https:\/\/dicodusport.fr\/blog\/#\/schema\/logo\/image\/"},"sameAs":["https:\/\/www.facebook.com\/dicodusport","https:\/\/x.com\/dicodusport","https:\/\/www.instagram.com\/dicodusport\/","https:\/\/www.youtube.com\/channel\/UC7V2KZ5sd3htJivAbA4ZG3w"],"description":"Dicodusport est l'encyclop\u00e9die de l'actualit\u00e9 sportive.","email":"bonjour@dicodusport.fr","legalName":"DICODUSPORT","foundingDate":"2018-01-14","vatID":"FR71834470973","taxID":"83447097300043","numberOfEmployees":{"@type":"QuantitativeValue","minValue":"1","maxValue":"10"}},{"@type":"Person","@id":"https:\/\/dicodusport.fr\/blog\/#\/schema\/person\/6db4bae06b171592211be385b32876a7","name":"Emilien Descampiaux","image":{"@type":"ImageObject","inLanguage":"fr-FR","@id":"https:\/\/dicodusport.fr\/blog\/#\/schema\/person\/image\/","url":"https:\/\/dicodusport.fr\/blog\/wp-content\/uploads\/2021\/05\/Emilien-Descampiaux-150x150.jpg","contentUrl":"https:\/\/dicodusport.fr\/blog\/wp-content\/uploads\/2021\/05\/Emilien-Descampiaux-150x150.jpg","caption":"Emilien Descampiaux"},"description":"Journaliste\/r\u00e9dacteur depuis 2014 - Fan de la classe de Frank Vandenbroucke, je vis cyclisme (et de ses paysages) depuis plus de 20 ans. Je suis tr\u00e8s impliqu\u00e9 sur mes diff\u00e9rents r\u00e9seaux sociaux pour partager ma passion sur le monde et l'Histoire de la bicyclette avec ma voix sur les images en noir et blanc du succ\u00e8s de Rik Van Steenbergen lors du Ronde sur le V\u00e9lodrome de Gand.","sameAs":["https:\/\/www.facebook.com\/groups\/LesRoisDuPeloton","https:\/\/x.com\/https:\/\/twitter.com\/LRoisDuPeloton"],"url":"https:\/\/dicodusport.fr\/blog\/author\/emiliend\/"}]}},"_links":{"self":[{"href":"https:\/\/dicodusport.fr\/blog\/wp-json\/wp\/v2\/posts\/386067","targetHints":{"allow":["GET"]}}],"collection":[{"href":"https:\/\/dicodusport.fr\/blog\/wp-json\/wp\/v2\/posts"}],"about":[{"href":"https:\/\/dicodusport.fr\/blog\/wp-json\/wp\/v2\/types\/post"}],"author":[{"embeddable":true,"href":"https:\/\/dicodusport.fr\/blog\/wp-json\/wp\/v2\/users\/48"}],"replies":[{"embeddable":true,"href":"https:\/\/dicodusport.fr\/blog\/wp-json\/wp\/v2\/comments?post=386067"}],"version-history":[{"count":0,"href":"https:\/\/dicodusport.fr\/blog\/wp-json\/wp\/v2\/posts\/386067\/revisions"}],"wp:featuredmedia":[{"embeddable":true,"href":"https:\/\/dicodusport.fr\/blog\/wp-json\/wp\/v2\/media\/386252"}],"wp:attachment":[{"href":"https:\/\/dicodusport.fr\/blog\/wp-json\/wp\/v2\/media?parent=386067"}],"wp:term":[{"taxonomy":"category","embeddable":true,"href":"https:\/\/dicodusport.fr\/blog\/wp-json\/wp\/v2\/categories?post=386067"},{"taxonomy":"post_tag","embeddable":true,"href":"https:\/\/dicodusport.fr\/blog\/wp-json\/wp\/v2\/tags?post=386067"}],"curies":[{"name":"wp","href":"https:\/\/api.w.org\/{rel}","templated":true}]}}