{"id":386087,"date":"2023-05-28T16:57:45","date_gmt":"2023-05-28T14:57:45","guid":{"rendered":"https:\/\/dicodusport.fr\/blog\/?p=386087&#038;preview=true&#038;preview_id=386087"},"modified":"2023-05-29T02:00:11","modified_gmt":"2023-05-29T00:00:11","slug":"f1-monaco-2023-esteban-ocon-sur-le-podium-max-verstappen-lemporte","status":"publish","type":"post","link":"https:\/\/dicodusport.fr\/blog\/f1-monaco-2023-esteban-ocon-sur-le-podium-max-verstappen-lemporte\/","title":{"rendered":"F1 Monaco 2023 : Esteban Ocon sur le podium, Max Verstappen l&#8217;emporte"},"content":{"rendered":"<p style=\"text-align: justify;\"><em><strong>F1 MONACO 2023 &#8211; En t\u00eate du d\u00e9but \u00e0 la fin malgr\u00e9 une deuxi\u00e8me partie de course perturb\u00e9e par la pluie, Max Verstappen (Red Bull) s&rsquo;offre une quatri\u00e8me victoire cette saison, la deuxi\u00e8me de sa carri\u00e8re en Principaut\u00e9. Fernando Alonso prend la deuxi\u00e8me place alors que le Fran\u00e7ais Esteban Ocon (Alpine) monte sur la troisi\u00e8me marche du podium. Pierre Gasly termine 7\u00e8me.<\/strong><b> <\/b><\/em><\/p>\n<p style=\"text-align: justify;\">6<sup>\u00e8me<\/sup> manche du Championnat du monde de F1, <strong>Max Verstappen<\/strong> partait en pole position ce dimanche devant l\u2019Espagnol Fernando Alonso. Surprise de ces qualifications, le Fran\u00e7ais <strong>Esteban Ocon<\/strong> (Alpine) s\u2019\u00e9lan\u00e7ait depuis la deuxi\u00e8me ligne en compagnie de Charles Leclerc, tandis que <strong>Pierre Gasly<\/strong> (Alpine) \u00e9tait 7<sup>\u00e8me<\/sup>. Grand perdant la veille, Sergio P\u00e9rez, dernier, \u00e9tait condamn\u00e9 \u00e0 une remont\u00e9e.<\/p>\n<h2 style=\"text-align: justify;\">Verstappen garde la t\u00eate au d\u00e9part<\/h2>\n<p style=\"text-align: justify;\">Avec sa gomme de pneumatiques en m\u00e9dium, <strong>Max Verstappen<\/strong> garde le leadership au virage de Sainte D\u00e9vote devant Alonso et prend quelques longueurs d\u2019avance. Ce dernier a privil\u00e9gi\u00e9 chausser les pneus durs tout comme <strong>Leclerc, Sainz<\/strong> et <strong>Russell<\/strong> parmi les monoplaces du top 10. Suite \u00e0 des contacts lors du premier tour, H\u00fclkenberg, Zhou et Perez sont contraints de rentrer aux stands.<\/p>\n<p style=\"text-align: justify;\">Peut-\u00eatre trop agressif, <strong>Sainz<\/strong> vient l\u00e9g\u00e8rement s\u2019accrocher avec <strong>Ocon<\/strong> lors du 11<sup>\u00e8me<\/sup> tour et endommage son aileron avant. Sans grande cons\u00e9quence fort heureusement. L\u2019Espagnol conserve sa quatri\u00e8me place, \u00e0 quelques m\u00e8tres du pilote Alpine, mais tr\u00e8s loin du duo Verstappen-Alonso qui m\u00e8ne les d\u00e9bats.<\/p>\n<h2 style=\"text-align: justify;\">La pluie fait son apparition, Alonso manque son pari<\/h2>\n<p style=\"text-align: justify;\">D\u00e8s le 32<sup>\u00e8me<\/sup> tour, <strong>Lewis Hamilton<\/strong> rentre dans la voie des stands et ressort 8<sup>\u00e8me<\/sup>, en gommes dures. Il est suivi quelques instants plus tard par Sainz puis Ocon. Malgr\u00e9 un mauvais arr\u00eat en 4.2, le Normand maintient sa position devant l\u2019Espagnol qui venait de couvrir la strat\u00e9gie du Fran\u00e7ais au tour pr\u00e9c\u00e9dent.<\/p>\n<blockquote class=\"twitter-tweet\">\n<p dir=\"ltr\" lang=\"fr\">PFIOU ! \ud83d\ude2e\u200d\ud83d\udca8<\/p>\n<p>4.2 secondes d&rsquo;arr\u00eat au stand pour Esteban Ocon, \u00e7a a failli lui co\u00fbter cher&#8230; Mais il est repass\u00e9 devant Carlos Sainz.<a href=\"https:\/\/twitter.com\/hashtag\/MonacoGP?src=hash&amp;ref_src=twsrc%5Etfw\">#MonacoGP<\/a> <a href=\"https:\/\/t.co\/uLzyEd2tlA\">pic.twitter.com\/uLzyEd2tlA<\/a><\/p>\n<p>\u2014 CANAL+ F1\u00ae (@CanalplusF1) <a href=\"https:\/\/twitter.com\/CanalplusF1\/status\/1662819619449577473?ref_src=twsrc%5Etfw\">May 28, 2023<\/a><\/p><\/blockquote>\n<p><script async src=\"https:\/\/platform.twitter.com\/widgets.js\" charset=\"utf-8\"><\/script><\/p>\n<p style=\"text-align: justify;\">De plus en plus mena\u00e7ant, le ciel se charge en Principaut\u00e9 et les premi\u00e8res gouttes apparaissent d\u00e8s le 51<sup>\u00e8me<\/sup> tour. La pluie gagne vite en intensit\u00e9 et pousse tous les pilotes \u00e0 chausser les pneus interm\u00e9diaires. Pari manqu\u00e9 pour <strong>Alonso<\/strong>, qui, en s\u2019arr\u00eatant au 55<sup>\u00e8me<\/sup> tour, \u00e9tait reparti en m\u00e9diums. Il s\u2019arr\u00eate de nouveau un tour plus tard, comme Verstappen.<\/p>\n<p style=\"text-align: justify;\">Tandis que <strong>Magnussen<\/strong> poursuit encore en pneus durs et part plusieurs fois \u00e0 la faute,<strong> Stroll<\/strong> d\u00e9chire son aileron avant et abandonne apr\u00e8s le 58<sup>\u00e8me<\/sup> tour. Sainz et P\u00e9rez sont \u00e0 la limite de perdre le contr\u00f4le de leur monoplace, mais s\u2019en sortent, m\u00eame si le premier cit\u00e9 perd deux positions apr\u00e8s une l\u00e9g\u00e8re sortie.<\/p>\n<h2 style=\"text-align: justify;\">Nouvelle victoire pour Verstappen, Ocon s\u2019offre un podium<\/h2>\n<p style=\"text-align: justify;\">En t\u00eate d\u2019un bout \u00e0 l\u2019autre de la course, le N\u00e9erlandais <strong>Max Verstappen<\/strong> l\u2019emporte pour la quatri\u00e8me fois de la saison et empoche son second succ\u00e8s en carri\u00e8re \u00e0 Monaco. Si les conditions m\u00e9t\u00e9o se sont rapidement d\u00e9grad\u00e9es apr\u00e8s la mi-course avec l\u2019apparition de la pluie, le champion du monde en titre n\u2019a jamais failli et devance sur la ligne Alonso de pr\u00e8s de 30 secondes.<\/p>\n<p style=\"text-align: justify;\"><strong>Esteban Ocon<\/strong> s\u2019offre la troisi\u00e8me marche du podium et pr\u00e9c\u00e8de les Mercedes d\u2019<strong>Hamilton<\/strong> et <strong>Russell. Pierre Gasly<\/strong>, 7<sup>\u00e8me<\/sup> s\u2019intercale entre les Ferrari de Leclerc et Sainz. Le top 10 est compl\u00e9t\u00e9 par les McLaren de Norris et Piastri. En revanche, le week-end de Sergio P\u00e9rez est \u00e0 oublier. Le Mexicain, vainqueur l\u2019an dernier ici m\u00eame, termine 17<sup>\u00e8me<\/sup>. Surtout, il perd du terrain sur son co\u00e9quipier dans la course au titre et accuse d\u00e9sormais un retard de 40 points sur Verstappen.<\/p>\n<blockquote class=\"twitter-tweet\">\n<p dir=\"ltr\" lang=\"en\">MAX VERSTAPPEN WINS IN MONACO!!! \ud83c\udfc1\ud83c\udfc6\ud83c\udf89<\/p>\n<p>The Dutchman wins a dramatic dry\/wet race with Fernando Alonso finishing second and Esteban Ocon taking third with a stellar drive \ud83d\udc4f\ud83d\udc4f\ud83d\udc4f<a href=\"https:\/\/twitter.com\/hashtag\/MonacoGP?src=hash&amp;ref_src=twsrc%5Etfw\">#MonacoGP<\/a> <a href=\"https:\/\/twitter.com\/hashtag\/F1?src=hash&amp;ref_src=twsrc%5Etfw\">#F1<\/a> <a href=\"https:\/\/t.co\/09wqvTFp6f\">pic.twitter.com\/09wqvTFp6f<\/a><\/p>\n<p>\u2014 Formula 1 (@F1) <a href=\"https:\/\/twitter.com\/F1\/status\/1662834545480151040?ref_src=twsrc%5Etfw\">May 28, 2023<\/a><\/p><\/blockquote>\n<p><script async src=\"https:\/\/platform.twitter.com\/widgets.js\" charset=\"utf-8\"><\/script><\/p>\n<h2 style=\"text-align: justify;\">\u00c0 lire aussi<\/h2>\n<ul>\n<li style=\"text-align: justify;\"><a href=\"https:\/\/dicodusport.fr\/blog\/f1-classement-du-grand-prix-de-monaco-2023\/\"><strong>Classement complet du Grand Prix de Monaco<\/strong><\/a><\/li>\n<li style=\"text-align: justify;\"><a href=\"https:\/\/dicodusport.fr\/blog\/f1-classement-championnat-du-monde-des-pilotes-2023\/\"><strong>Le classement du championnat du monde des pilotes<\/strong><\/a><\/li>\n<li style=\"text-align: justify;\"><strong><a href=\"https:\/\/dicodusport.fr\/blog\/f1-classement-championnat-du-monde-des-constructeurs-2023\/\">Le classement du championnat du monde des constructeurs<\/a>\u00a0<\/strong><\/li>\n<li style=\"text-align: justify;\"><a href=\"https:\/\/dicodusport.fr\/blog\/f1-2023-calendrier-et-resultats\/\"><strong>F1 2023 : Calendrier complet et r\u00e9sultats<\/strong><\/a><\/li>\n<\/ul>\n","protected":false},"excerpt":{"rendered":"<p>F1 MONACO 2023 &#8211; En t\u00eate du d\u00e9but \u00e0 la fin malgr\u00e9 une deuxi\u00e8me partie de course perturb\u00e9e par la pluie, Max Verstappen (Red Bull) s&rsquo;offre une quatri\u00e8me victoire cette saison, la deuxi\u00e8me de sa carri\u00e8re en Principaut\u00e9. Fernando Alonso prend la deuxi\u00e8me place alors que le Fran\u00e7ais Esteban Ocon (Alpine) monte sur la troisi\u00e8me marche du podium. Pierre Gasly termine 7\u00e8me.<\/p>\n","protected":false},"author":56,"featured_media":386246,"comment_status":"open","ping_status":"closed","sticky":false,"template":"","format":"standard","meta":{"_acf_changed":false,"_daextam_enable_autolinks":"","footnotes":""},"categories":[8653],"tags":[16788,2065,24],"class_list":["post-386087","post","type-post","status-publish","format-standard","has-post-thumbnail","hentry","category-formule-1","tag-f1-monaco","tag-formule-1","tag-sport"],"acf":[],"yoast_head":"<!-- This site is optimized with the Yoast SEO Premium plugin v26.7 (Yoast SEO v26.7) - https:\/\/yoast.com\/wordpress\/plugins\/seo\/ -->\n<title>F1 Monaco 2023 : Programme TV, horaires et r\u00e9sultats<\/title>\n<meta name=\"description\" content=\"F1 MONACO 2023 - Max Verstappen (Red Bull) s&#039;offre une quatri\u00e8me victoire cette saison, la deuxi\u00e8me de sa carri\u00e8re en Principaut\u00e9.\" \/>\n<meta name=\"robots\" content=\"index, follow, max-snippet:-1, max-image-preview:large, max-video-preview:-1\" \/>\n<link rel=\"canonical\" href=\"https:\/\/dicodusport.fr\/blog\/f1-monaco-2023-esteban-ocon-sur-le-podium-max-verstappen-lemporte\/\" \/>\n<meta property=\"og:locale\" content=\"fr_FR\" \/>\n<meta property=\"og:type\" content=\"article\" \/>\n<meta property=\"og:title\" content=\"F1 Monaco 2023 : Esteban Ocon sur le podium, Max Verstappen l&#039;emporte\" \/>\n<meta property=\"og:description\" content=\"F1 MONACO 2023 - Max Verstappen (Red Bull) s&#039;offre une quatri\u00e8me victoire cette saison, la deuxi\u00e8me de sa carri\u00e8re en Principaut\u00e9.\" \/>\n<meta property=\"og:url\" content=\"https:\/\/dicodusport.fr\/blog\/f1-monaco-2023-esteban-ocon-sur-le-podium-max-verstappen-lemporte\/\" \/>\n<meta property=\"og:site_name\" content=\"Dicodusport\" \/>\n<meta property=\"article:publisher\" content=\"https:\/\/www.facebook.com\/dicodusport\" \/>\n<meta property=\"article:author\" content=\"https:\/\/www.facebook.com\/antoine.anc.5\" \/>\n<meta property=\"article:published_time\" content=\"2023-05-28T14:57:45+00:00\" \/>\n<meta property=\"article:modified_time\" content=\"2023-05-29T00:00:11+00:00\" \/>\n<meta property=\"og:image\" content=\"https:\/\/dicodusport.fr\/blog\/wp-content\/uploads\/2023\/05\/F1-Monaco-2023-Esteban-Ocon-sur-le-podium-Max-Verstappen-lemporte-2.png\" \/>\n\t<meta property=\"og:image:width\" content=\"800\" \/>\n\t<meta property=\"og:image:height\" content=\"445\" \/>\n\t<meta property=\"og:image:type\" content=\"image\/png\" \/>\n<meta name=\"author\" content=\"Antoine Ancien\" \/>\n<meta name=\"twitter:card\" content=\"summary_large_image\" \/>\n<meta name=\"twitter:title\" content=\"F1 Monaco 2023 : Esteban Ocon sur le podium, Max Verstappen l&#039;emporte\" \/>\n<meta name=\"twitter:creator\" content=\"@dicodusport\" \/>\n<meta name=\"twitter:site\" content=\"@dicodusport\" \/>\n<script type=\"application\/ld+json\" class=\"yoast-schema-graph\">{\"@context\":\"https:\/\/schema.org\",\"@graph\":[{\"@type\":\"NewsArticle\",\"@id\":\"https:\/\/dicodusport.fr\/blog\/f1-monaco-2023-esteban-ocon-sur-le-podium-max-verstappen-lemporte\/#article\",\"isPartOf\":{\"@id\":\"https:\/\/dicodusport.fr\/blog\/f1-monaco-2023-esteban-ocon-sur-le-podium-max-verstappen-lemporte\/\"},\"author\":{\"name\":\"Antoine Ancien\",\"@id\":\"https:\/\/dicodusport.fr\/blog\/#\/schema\/person\/9fda0d458293182a5e104fbfcf4cc34a\"},\"headline\":\"F1 Monaco 2023 : Esteban Ocon sur le podium, Max Verstappen l&#8217;emporte\",\"datePublished\":\"2023-05-28T14:57:45+00:00\",\"dateModified\":\"2023-05-29T00:00:11+00:00\",\"mainEntityOfPage\":{\"@id\":\"https:\/\/dicodusport.fr\/blog\/f1-monaco-2023-esteban-ocon-sur-le-podium-max-verstappen-lemporte\/\"},\"wordCount\":750,\"commentCount\":0,\"publisher\":{\"@id\":\"https:\/\/dicodusport.fr\/blog\/#organization\"},\"image\":{\"@id\":\"https:\/\/dicodusport.fr\/blog\/f1-monaco-2023-esteban-ocon-sur-le-podium-max-verstappen-lemporte\/#primaryimage\"},\"thumbnailUrl\":\"https:\/\/dicodusport.fr\/blog\/wp-content\/uploads\/2023\/05\/F1-Monaco-2023-Esteban-Ocon-sur-le-podium-Max-Verstappen-lemporte-2.png\",\"keywords\":[\"F1 Monaco\",\"Formule 1\",\"sport\"],\"articleSection\":[\"Formule 1\"],\"inLanguage\":\"fr-FR\",\"potentialAction\":[{\"@type\":\"CommentAction\",\"name\":\"Comment\",\"target\":[\"https:\/\/dicodusport.fr\/blog\/f1-monaco-2023-esteban-ocon-sur-le-podium-max-verstappen-lemporte\/#respond\"]}],\"copyrightYear\":\"2023\",\"copyrightHolder\":{\"@id\":\"https:\/\/dicodusport.fr\/blog\/#organization\"}},{\"@type\":\"WebPage\",\"@id\":\"https:\/\/dicodusport.fr\/blog\/f1-monaco-2023-esteban-ocon-sur-le-podium-max-verstappen-lemporte\/\",\"url\":\"https:\/\/dicodusport.fr\/blog\/f1-monaco-2023-esteban-ocon-sur-le-podium-max-verstappen-lemporte\/\",\"name\":\"F1 Monaco 2023 : Programme TV, horaires et r\u00e9sultats\",\"isPartOf\":{\"@id\":\"https:\/\/dicodusport.fr\/blog\/#website\"},\"primaryImageOfPage\":{\"@id\":\"https:\/\/dicodusport.fr\/blog\/f1-monaco-2023-esteban-ocon-sur-le-podium-max-verstappen-lemporte\/#primaryimage\"},\"image\":{\"@id\":\"https:\/\/dicodusport.fr\/blog\/f1-monaco-2023-esteban-ocon-sur-le-podium-max-verstappen-lemporte\/#primaryimage\"},\"thumbnailUrl\":\"https:\/\/dicodusport.fr\/blog\/wp-content\/uploads\/2023\/05\/F1-Monaco-2023-Esteban-Ocon-sur-le-podium-Max-Verstappen-lemporte-2.png\",\"datePublished\":\"2023-05-28T14:57:45+00:00\",\"dateModified\":\"2023-05-29T00:00:11+00:00\",\"description\":\"F1 MONACO 2023 - Max Verstappen (Red Bull) s'offre une quatri\u00e8me victoire cette saison, la deuxi\u00e8me de sa carri\u00e8re en Principaut\u00e9.\",\"breadcrumb\":{\"@id\":\"https:\/\/dicodusport.fr\/blog\/f1-monaco-2023-esteban-ocon-sur-le-podium-max-verstappen-lemporte\/#breadcrumb\"},\"inLanguage\":\"fr-FR\",\"potentialAction\":[{\"@type\":\"ReadAction\",\"target\":[\"https:\/\/dicodusport.fr\/blog\/f1-monaco-2023-esteban-ocon-sur-le-podium-max-verstappen-lemporte\/\"]}]},{\"@type\":\"ImageObject\",\"inLanguage\":\"fr-FR\",\"@id\":\"https:\/\/dicodusport.fr\/blog\/f1-monaco-2023-esteban-ocon-sur-le-podium-max-verstappen-lemporte\/#primaryimage\",\"url\":\"https:\/\/dicodusport.fr\/blog\/wp-content\/uploads\/2023\/05\/F1-Monaco-2023-Esteban-Ocon-sur-le-podium-Max-Verstappen-lemporte-2.png\",\"contentUrl\":\"https:\/\/dicodusport.fr\/blog\/wp-content\/uploads\/2023\/05\/F1-Monaco-2023-Esteban-Ocon-sur-le-podium-Max-Verstappen-lemporte-2.png\",\"width\":800,\"height\":445,\"caption\":\"F1 Monaco 2023 Esteban Ocon sur le podium, Max Verstappen l'emporte\"},{\"@type\":\"BreadcrumbList\",\"@id\":\"https:\/\/dicodusport.fr\/blog\/f1-monaco-2023-esteban-ocon-sur-le-podium-max-verstappen-lemporte\/#breadcrumb\",\"itemListElement\":[{\"@type\":\"ListItem\",\"position\":1,\"name\":\"Accueil\",\"item\":\"https:\/\/dicodusport.fr\/blog\/\"},{\"@type\":\"ListItem\",\"position\":2,\"name\":\"F1 Monaco 2023 : Esteban Ocon sur le podium, Max Verstappen l&#8217;emporte\"}]},{\"@type\":\"WebSite\",\"@id\":\"https:\/\/dicodusport.fr\/blog\/#website\",\"url\":\"https:\/\/dicodusport.fr\/blog\/\",\"name\":\"Dicodusport\",\"description\":\"L&#039;encyclop\u00e9die de l&#039;actualit\u00e9 sportive\",\"publisher\":{\"@id\":\"https:\/\/dicodusport.fr\/blog\/#organization\"},\"potentialAction\":[{\"@type\":\"SearchAction\",\"target\":{\"@type\":\"EntryPoint\",\"urlTemplate\":\"https:\/\/dicodusport.fr\/blog\/?s={search_term_string}\"},\"query-input\":{\"@type\":\"PropertyValueSpecification\",\"valueRequired\":true,\"valueName\":\"search_term_string\"}}],\"inLanguage\":\"fr-FR\"},{\"@type\":\"NewsMediaOrganization\",\"@id\":\"https:\/\/dicodusport.fr\/blog\/#organization\",\"name\":\"Dicodusport\",\"url\":\"https:\/\/dicodusport.fr\/blog\/\",\"logo\":{\"@type\":\"ImageObject\",\"inLanguage\":\"fr-FR\",\"@id\":\"https:\/\/dicodusport.fr\/blog\/#\/schema\/logo\/image\/\",\"url\":\"https:\/\/dicodusport.fr\/blog\/wp-content\/uploads\/2020\/06\/cropped-LOGO-DICODUSPORT-2020-SANS-FOND-SANS-TEXTE.png\",\"contentUrl\":\"https:\/\/dicodusport.fr\/blog\/wp-content\/uploads\/2020\/06\/cropped-LOGO-DICODUSPORT-2020-SANS-FOND-SANS-TEXTE.png\",\"width\":512,\"height\":512,\"caption\":\"Dicodusport\"},\"image\":{\"@id\":\"https:\/\/dicodusport.fr\/blog\/#\/schema\/logo\/image\/\"},\"sameAs\":[\"https:\/\/www.facebook.com\/dicodusport\",\"https:\/\/x.com\/dicodusport\",\"https:\/\/www.instagram.com\/dicodusport\/\",\"https:\/\/www.youtube.com\/channel\/UC7V2KZ5sd3htJivAbA4ZG3w\"],\"description\":\"Dicodusport est l'encyclop\u00e9die de l'actualit\u00e9 sportive.\",\"email\":\"bonjour@dicodusport.fr\",\"legalName\":\"DICODUSPORT\",\"foundingDate\":\"2018-01-14\",\"vatID\":\"FR71834470973\",\"taxID\":\"83447097300043\",\"numberOfEmployees\":{\"@type\":\"QuantitativeValue\",\"minValue\":\"1\",\"maxValue\":\"10\"}},{\"@type\":\"Person\",\"@id\":\"https:\/\/dicodusport.fr\/blog\/#\/schema\/person\/9fda0d458293182a5e104fbfcf4cc34a\",\"name\":\"Antoine Ancien\",\"image\":{\"@type\":\"ImageObject\",\"inLanguage\":\"fr-FR\",\"@id\":\"https:\/\/dicodusport.fr\/blog\/#\/schema\/person\/image\/\",\"url\":\"https:\/\/dicodusport.fr\/blog\/wp-content\/uploads\/2022\/06\/RoundPhoto_Sep252021_144212-1-150x150.png\",\"contentUrl\":\"https:\/\/dicodusport.fr\/blog\/wp-content\/uploads\/2022\/06\/RoundPhoto_Sep252021_144212-1-150x150.png\",\"caption\":\"Antoine Ancien\"},\"description\":\"Journaliste\/r\u00e9dacteur depuis mai 2021 - Coupe de monde de football, Roland-Garros, 24h du Mans autos...Qu'importe la comp\u00e9tition sportive, je vis le sport \u00e0 chaque instant de l'ann\u00e9e. Passionn\u00e9 depuis l'adolescence par son histoire, ses enjeux ainsi que par le milieu du journalisme, c'est en toute logique que j'ai d\u00e9cid\u00e9 de rejoindre l'aventure Dicodusport. Mon but ? Vous transmettre ma fi\u00e8vre sur chacune des disciplines.\",\"sameAs\":[\"https:\/\/www.facebook.com\/antoine.anc.5\",\"https:\/\/www.linkedin.com\/in\/antoine-ancien-04b0631a1\/\"],\"url\":\"https:\/\/dicodusport.fr\/blog\/author\/antoinea\/\"}]}<\/script>\n<!-- \/ Yoast SEO Premium plugin. -->","yoast_head_json":{"title":"F1 Monaco 2023 : Programme TV, horaires et r\u00e9sultats","description":"F1 MONACO 2023 - Max Verstappen (Red Bull) s'offre une quatri\u00e8me victoire cette saison, la deuxi\u00e8me de sa carri\u00e8re en Principaut\u00e9.","robots":{"index":"index","follow":"follow","max-snippet":"max-snippet:-1","max-image-preview":"max-image-preview:large","max-video-preview":"max-video-preview:-1"},"canonical":"https:\/\/dicodusport.fr\/blog\/f1-monaco-2023-esteban-ocon-sur-le-podium-max-verstappen-lemporte\/","og_locale":"fr_FR","og_type":"article","og_title":"F1 Monaco 2023 : Esteban Ocon sur le podium, Max Verstappen l'emporte","og_description":"F1 MONACO 2023 - Max Verstappen (Red Bull) s'offre une quatri\u00e8me victoire cette saison, la deuxi\u00e8me de sa carri\u00e8re en Principaut\u00e9.","og_url":"https:\/\/dicodusport.fr\/blog\/f1-monaco-2023-esteban-ocon-sur-le-podium-max-verstappen-lemporte\/","og_site_name":"Dicodusport","article_publisher":"https:\/\/www.facebook.com\/dicodusport","article_author":"https:\/\/www.facebook.com\/antoine.anc.5","article_published_time":"2023-05-28T14:57:45+00:00","article_modified_time":"2023-05-29T00:00:11+00:00","og_image":[{"width":800,"height":445,"url":"https:\/\/dicodusport.fr\/blog\/wp-content\/uploads\/2023\/05\/F1-Monaco-2023-Esteban-Ocon-sur-le-podium-Max-Verstappen-lemporte-2.png","type":"image\/png"}],"author":"Antoine Ancien","twitter_card":"summary_large_image","twitter_title":"F1 Monaco 2023 : Esteban Ocon sur le podium, Max Verstappen l'emporte","twitter_creator":"@dicodusport","twitter_site":"@dicodusport","schema":{"@context":"https:\/\/schema.org","@graph":[{"@type":"NewsArticle","@id":"https:\/\/dicodusport.fr\/blog\/f1-monaco-2023-esteban-ocon-sur-le-podium-max-verstappen-lemporte\/#article","isPartOf":{"@id":"https:\/\/dicodusport.fr\/blog\/f1-monaco-2023-esteban-ocon-sur-le-podium-max-verstappen-lemporte\/"},"author":{"name":"Antoine Ancien","@id":"https:\/\/dicodusport.fr\/blog\/#\/schema\/person\/9fda0d458293182a5e104fbfcf4cc34a"},"headline":"F1 Monaco 2023 : Esteban Ocon sur le podium, Max Verstappen l&#8217;emporte","datePublished":"2023-05-28T14:57:45+00:00","dateModified":"2023-05-29T00:00:11+00:00","mainEntityOfPage":{"@id":"https:\/\/dicodusport.fr\/blog\/f1-monaco-2023-esteban-ocon-sur-le-podium-max-verstappen-lemporte\/"},"wordCount":750,"commentCount":0,"publisher":{"@id":"https:\/\/dicodusport.fr\/blog\/#organization"},"image":{"@id":"https:\/\/dicodusport.fr\/blog\/f1-monaco-2023-esteban-ocon-sur-le-podium-max-verstappen-lemporte\/#primaryimage"},"thumbnailUrl":"https:\/\/dicodusport.fr\/blog\/wp-content\/uploads\/2023\/05\/F1-Monaco-2023-Esteban-Ocon-sur-le-podium-Max-Verstappen-lemporte-2.png","keywords":["F1 Monaco","Formule 1","sport"],"articleSection":["Formule 1"],"inLanguage":"fr-FR","potentialAction":[{"@type":"CommentAction","name":"Comment","target":["https:\/\/dicodusport.fr\/blog\/f1-monaco-2023-esteban-ocon-sur-le-podium-max-verstappen-lemporte\/#respond"]}],"copyrightYear":"2023","copyrightHolder":{"@id":"https:\/\/dicodusport.fr\/blog\/#organization"}},{"@type":"WebPage","@id":"https:\/\/dicodusport.fr\/blog\/f1-monaco-2023-esteban-ocon-sur-le-podium-max-verstappen-lemporte\/","url":"https:\/\/dicodusport.fr\/blog\/f1-monaco-2023-esteban-ocon-sur-le-podium-max-verstappen-lemporte\/","name":"F1 Monaco 2023 : Programme TV, horaires et r\u00e9sultats","isPartOf":{"@id":"https:\/\/dicodusport.fr\/blog\/#website"},"primaryImageOfPage":{"@id":"https:\/\/dicodusport.fr\/blog\/f1-monaco-2023-esteban-ocon-sur-le-podium-max-verstappen-lemporte\/#primaryimage"},"image":{"@id":"https:\/\/dicodusport.fr\/blog\/f1-monaco-2023-esteban-ocon-sur-le-podium-max-verstappen-lemporte\/#primaryimage"},"thumbnailUrl":"https:\/\/dicodusport.fr\/blog\/wp-content\/uploads\/2023\/05\/F1-Monaco-2023-Esteban-Ocon-sur-le-podium-Max-Verstappen-lemporte-2.png","datePublished":"2023-05-28T14:57:45+00:00","dateModified":"2023-05-29T00:00:11+00:00","description":"F1 MONACO 2023 - Max Verstappen (Red Bull) s'offre une quatri\u00e8me victoire cette saison, la deuxi\u00e8me de sa carri\u00e8re en Principaut\u00e9.","breadcrumb":{"@id":"https:\/\/dicodusport.fr\/blog\/f1-monaco-2023-esteban-ocon-sur-le-podium-max-verstappen-lemporte\/#breadcrumb"},"inLanguage":"fr-FR","potentialAction":[{"@type":"ReadAction","target":["https:\/\/dicodusport.fr\/blog\/f1-monaco-2023-esteban-ocon-sur-le-podium-max-verstappen-lemporte\/"]}]},{"@type":"ImageObject","inLanguage":"fr-FR","@id":"https:\/\/dicodusport.fr\/blog\/f1-monaco-2023-esteban-ocon-sur-le-podium-max-verstappen-lemporte\/#primaryimage","url":"https:\/\/dicodusport.fr\/blog\/wp-content\/uploads\/2023\/05\/F1-Monaco-2023-Esteban-Ocon-sur-le-podium-Max-Verstappen-lemporte-2.png","contentUrl":"https:\/\/dicodusport.fr\/blog\/wp-content\/uploads\/2023\/05\/F1-Monaco-2023-Esteban-Ocon-sur-le-podium-Max-Verstappen-lemporte-2.png","width":800,"height":445,"caption":"F1 Monaco 2023 Esteban Ocon sur le podium, Max Verstappen l'emporte"},{"@type":"BreadcrumbList","@id":"https:\/\/dicodusport.fr\/blog\/f1-monaco-2023-esteban-ocon-sur-le-podium-max-verstappen-lemporte\/#breadcrumb","itemListElement":[{"@type":"ListItem","position":1,"name":"Accueil","item":"https:\/\/dicodusport.fr\/blog\/"},{"@type":"ListItem","position":2,"name":"F1 Monaco 2023 : Esteban Ocon sur le podium, Max Verstappen l&#8217;emporte"}]},{"@type":"WebSite","@id":"https:\/\/dicodusport.fr\/blog\/#website","url":"https:\/\/dicodusport.fr\/blog\/","name":"Dicodusport","description":"L&#039;encyclop\u00e9die de l&#039;actualit\u00e9 sportive","publisher":{"@id":"https:\/\/dicodusport.fr\/blog\/#organization"},"potentialAction":[{"@type":"SearchAction","target":{"@type":"EntryPoint","urlTemplate":"https:\/\/dicodusport.fr\/blog\/?s={search_term_string}"},"query-input":{"@type":"PropertyValueSpecification","valueRequired":true,"valueName":"search_term_string"}}],"inLanguage":"fr-FR"},{"@type":"NewsMediaOrganization","@id":"https:\/\/dicodusport.fr\/blog\/#organization","name":"Dicodusport","url":"https:\/\/dicodusport.fr\/blog\/","logo":{"@type":"ImageObject","inLanguage":"fr-FR","@id":"https:\/\/dicodusport.fr\/blog\/#\/schema\/logo\/image\/","url":"https:\/\/dicodusport.fr\/blog\/wp-content\/uploads\/2020\/06\/cropped-LOGO-DICODUSPORT-2020-SANS-FOND-SANS-TEXTE.png","contentUrl":"https:\/\/dicodusport.fr\/blog\/wp-content\/uploads\/2020\/06\/cropped-LOGO-DICODUSPORT-2020-SANS-FOND-SANS-TEXTE.png","width":512,"height":512,"caption":"Dicodusport"},"image":{"@id":"https:\/\/dicodusport.fr\/blog\/#\/schema\/logo\/image\/"},"sameAs":["https:\/\/www.facebook.com\/dicodusport","https:\/\/x.com\/dicodusport","https:\/\/www.instagram.com\/dicodusport\/","https:\/\/www.youtube.com\/channel\/UC7V2KZ5sd3htJivAbA4ZG3w"],"description":"Dicodusport est l'encyclop\u00e9die de l'actualit\u00e9 sportive.","email":"bonjour@dicodusport.fr","legalName":"DICODUSPORT","foundingDate":"2018-01-14","vatID":"FR71834470973","taxID":"83447097300043","numberOfEmployees":{"@type":"QuantitativeValue","minValue":"1","maxValue":"10"}},{"@type":"Person","@id":"https:\/\/dicodusport.fr\/blog\/#\/schema\/person\/9fda0d458293182a5e104fbfcf4cc34a","name":"Antoine Ancien","image":{"@type":"ImageObject","inLanguage":"fr-FR","@id":"https:\/\/dicodusport.fr\/blog\/#\/schema\/person\/image\/","url":"https:\/\/dicodusport.fr\/blog\/wp-content\/uploads\/2022\/06\/RoundPhoto_Sep252021_144212-1-150x150.png","contentUrl":"https:\/\/dicodusport.fr\/blog\/wp-content\/uploads\/2022\/06\/RoundPhoto_Sep252021_144212-1-150x150.png","caption":"Antoine Ancien"},"description":"Journaliste\/r\u00e9dacteur depuis mai 2021 - Coupe de monde de football, Roland-Garros, 24h du Mans autos...Qu'importe la comp\u00e9tition sportive, je vis le sport \u00e0 chaque instant de l'ann\u00e9e. Passionn\u00e9 depuis l'adolescence par son histoire, ses enjeux ainsi que par le milieu du journalisme, c'est en toute logique que j'ai d\u00e9cid\u00e9 de rejoindre l'aventure Dicodusport. Mon but ? Vous transmettre ma fi\u00e8vre sur chacune des disciplines.","sameAs":["https:\/\/www.facebook.com\/antoine.anc.5","https:\/\/www.linkedin.com\/in\/antoine-ancien-04b0631a1\/"],"url":"https:\/\/dicodusport.fr\/blog\/author\/antoinea\/"}]}},"_links":{"self":[{"href":"https:\/\/dicodusport.fr\/blog\/wp-json\/wp\/v2\/posts\/386087","targetHints":{"allow":["GET"]}}],"collection":[{"href":"https:\/\/dicodusport.fr\/blog\/wp-json\/wp\/v2\/posts"}],"about":[{"href":"https:\/\/dicodusport.fr\/blog\/wp-json\/wp\/v2\/types\/post"}],"author":[{"embeddable":true,"href":"https:\/\/dicodusport.fr\/blog\/wp-json\/wp\/v2\/users\/56"}],"replies":[{"embeddable":true,"href":"https:\/\/dicodusport.fr\/blog\/wp-json\/wp\/v2\/comments?post=386087"}],"version-history":[{"count":0,"href":"https:\/\/dicodusport.fr\/blog\/wp-json\/wp\/v2\/posts\/386087\/revisions"}],"wp:featuredmedia":[{"embeddable":true,"href":"https:\/\/dicodusport.fr\/blog\/wp-json\/wp\/v2\/media\/386246"}],"wp:attachment":[{"href":"https:\/\/dicodusport.fr\/blog\/wp-json\/wp\/v2\/media?parent=386087"}],"wp:term":[{"taxonomy":"category","embeddable":true,"href":"https:\/\/dicodusport.fr\/blog\/wp-json\/wp\/v2\/categories?post=386087"},{"taxonomy":"post_tag","embeddable":true,"href":"https:\/\/dicodusport.fr\/blog\/wp-json\/wp\/v2\/tags?post=386087"}],"curies":[{"name":"wp","href":"https:\/\/api.w.org\/{rel}","templated":true}]}}