{"id":386423,"date":"2023-05-30T10:02:13","date_gmt":"2023-05-30T08:02:13","guid":{"rendered":"https:\/\/dicodusport.fr\/blog\/?p=386423&#038;preview=true&#038;preview_id=386423"},"modified":"2023-05-30T10:31:10","modified_gmt":"2023-05-30T08:31:10","slug":"roland-garros-2023-pour-lucas-pouille-et-fiona-ferro-le-public-comme-moteur-de-la-reconstruction","status":"publish","type":"post","link":"https:\/\/dicodusport.fr\/blog\/roland-garros-2023-pour-lucas-pouille-et-fiona-ferro-le-public-comme-moteur-de-la-reconstruction\/","title":{"rendered":"Roland-Garros 2023 : Pour Lucas Pouille et Fiona Ferro, le public comme moteur de la reconstruction"},"content":{"rendered":"<p style=\"text-align: justify;\" align=\"justify\"><em><strong>ROLAND-GARROS 2023 &#8211; Ce sont les deux belles histoires de ce d\u00e9but de tournoi. Apr\u00e8s des mois d&rsquo;absence pour des raisons diff\u00e9rentes, Lucas Pouille et Fiona Ferro ont repris du poil de la b\u00eate. Ils encha\u00eenent les victoires Porte d&rsquo;Auteuil, puisqu&rsquo;<a href=\"https:\/\/dicodusport.fr\/blog\/qualifications-roland-garros-2023-les-resultats-du-vendredi-26-mai\/\">ils ont r\u00e9ussi \u00e0 sortir des qualifications<\/a>. Et le public fran\u00e7ais les a grandement aid\u00e9s dans cette renaissance, comme ils l&rsquo;ont expliqu\u00e9.<br \/>\n<\/strong><\/em><\/p>\n<p style=\"text-align: justify;\" align=\"justify\">462\u00e8me et 670\u00e8me mondiaux. Voil\u00e0 les classements respectifs de <strong>Fiona Ferro<\/strong> et <strong>Lucas Pouille<\/strong> lors de leur entr\u00e9e en lice dans les qualifications de Roland-Garros la semaine derni\u00e8re. Un classement qui n&rsquo;\u00e9tait pas vraiment repr\u00e9sentatif de leur niveau, mais plus de leurs gal\u00e8res en dehors des courts ces derniers mois. Sur ce point-l\u00e0, les deux compatriotes ont en effet eu <strong>une trajectoire plut\u00f4t similaire<\/strong>.<\/p>\n<h2 style=\"text-align: justify;\" align=\"justify\">Un public toujours l\u00e0 malgr\u00e9 des mois d&rsquo;absence<\/h2>\n<p style=\"text-align: justify;\">En juin 2022, <strong>Lucas Pouille <\/strong>se blessait au coude et entrait dans une phase de d\u00e9pression, comme <a href=\"https:\/\/www.lequipe.fr\/Tennis\/Article\/Lucas-pouille-revient-sur-ses-dernieres-saisons-compliquees-je-m-enfoncais-dans-un-truc-glauque\/1387966\">il l&rsquo;a expliqu\u00e9 \u00e0 <em>L&rsquo;\u00c9quipe<\/em><\/a>. En ao\u00fbt 2022, le d\u00e9p\u00f4t de plainte de <strong>Fiona Ferro<\/strong> envers son ex-entra\u00eeneur pour des faits d&rsquo;agression sexuelles et de viols \u00e9tait rendu public. Les deux joueurs avaient alors mis fin pr\u00e9matur\u00e9ment \u00e0 leur saison 2022, et n&rsquo;ont pas touch\u00e9 \u00e0 une raquette pendant plusieurs mois. Ce n&rsquo;est qu&rsquo;au d\u00e9but de 2023 qu&rsquo;ils ont repris du service. Et sont repartis tout en bas de l&rsquo;\u00e9chelle, apr\u00e8s des ann\u00e9es de succ\u00e8s.<\/p>\n<p style=\"text-align: justify;\">Pour le meilleur et pour le pire, leurs deux histoires ont \u00e9t\u00e9 rendues publiques. Et le retentissement a \u00e9t\u00e9 d&rsquo;envergure, \u00e9tant donn\u00e9 qu&rsquo;ils ont \u00e9t\u00e9 des t\u00eates d&rsquo;affiche du tennis fran\u00e7ais et mondial pendant des ann\u00e9es (Pouille ex n\u00b010 mondial, Ferro ex n\u00b039 mondiale).<strong> Le grand public inform\u00e9 s&rsquo;est alors pris de compassion pour les deux joueurs<\/strong>, comme il le fait toujours avec les fran\u00e7ais sportifs. Alors quand ils ont amorc\u00e9 leur retour, ce dernier les a pouss\u00e9s. Sur les r\u00e9seaux sociaux principalement, o\u00f9 ils ont re\u00e7u beaucoup de soutien.<\/p>\n<blockquote class=\"twitter-tweet\">\n<p dir=\"ltr\" lang=\"fr\">\ud83d\udea8 Fiona Ferro accuse Pierre Bouteyre son ancien entra\u00eeneur de viols et agressions sexuelles r\u00e9p\u00e9t\u00e9s entre 2012 et 2015 alors qu&rsquo;elle \u00e9tait \u00e2g\u00e9e de 15 ans et lui de 41 ans. Bouteyre, mis en examen le 18 ao\u00fbt, \u00e9voque des relations consenties selon son avocate. <a href=\"https:\/\/t.co\/lFe29GahFp\">pic.twitter.com\/lFe29GahFp<\/a><\/p>\n<p>\u2014 Benoit Maylin (@BenoitMaylin) <a href=\"https:\/\/twitter.com\/BenoitMaylin\/status\/1564978613556023297?ref_src=twsrc%5Etfw\">August 31, 2022<\/a><\/p><\/blockquote>\n<p><script async src=\"https:\/\/platform.twitter.com\/widgets.js\" charset=\"utf-8\"><\/script><\/p>\n<h2 style=\"text-align: justify;\" align=\"justify\">Les qualifications de Roland-Garros : la concr\u00e9tisation<\/h2>\n<p style=\"text-align: justify;\">Dans leur chemin vers la renaissance, Ferro et Pouille ont tous les deux <strong>disput\u00e9 des tournois tr\u00e8s lointains<\/strong>. Le Nordiste a d\u00e9but\u00e9 sa saison 2023 en Tha\u00eflande, avant d&rsquo;encha\u00eener sur des Challengers au Mexique et aux \u00c9tats-Unis. Avec, \u00e0 chaque fois, <strong>un public quasiment inexistant<\/strong>. La native de Libramont-Chevigny (Belgique) a elle recommenc\u00e9 \u00e0 jouer en Tunisie, avant de retourner en Europe dans des tournois peu glorieux. La semaine derni\u00e8re, elle nous racontait en conf\u00e9rence de presse un de ses tournois disput\u00e9s en Espagne : <em>\u00ab <span class=\"css-901oao css-16my406 r-poiln3 r-bcqeeo r-qvutc0\">En mars, j\u2019avais touch\u00e9 35 euros dans un tournoi 25.000$ \u00e0 Majorque. J\u2019avais fait une photo du ch\u00e8que. <\/span>\u00bb <\/em><strong>Difficile alors de trouver la motivation dans ces conditions<\/strong>. D&rsquo;autant plus pour eux qui ont connu la ferveur des grands courts avec leurs tribunes pleines.<\/p>\n<p style=\"text-align: justify;\">En arrivant \u00e0 Roland-Garros <strong>sans certitudes sur le plan sportif<\/strong>, les deux fran\u00e7ais pouvaient en tout cas \u00eatre s\u00fbrs qu&rsquo;ils allaient avoir le soutien du public. Et celui-ci a m\u00eame d\u00e9pass\u00e9 leurs attentes. Tous leurs matchs ont jusque-l\u00e0 \u00e9t\u00e9 programm\u00e9s sur <strong>un court 14 plein \u00e0 craquer<\/strong>. Pouille a soulign\u00e9 \u00e0 quel point ces ambiances <em>\u00ab juste incroyables \u00bb<\/em> lui <em>\u00ab <strong>donnaient la force de se battre<\/strong>. \u00bb<\/em> En souriant, il a m\u00eame expliqu\u00e9 vouloir jouer tous ses matchs sur le court 14 (quatri\u00e8me court en termes de capacit\u00e9) et non sur les grands courts, moins intimistes. <i>\u00ab Je pense que jouer sur ce court, avec les gens proches de nous, o\u00f9 ils vivent les \u00e9motions, \u00e7a a cr\u00e9\u00e9 quelque chose d&rsquo;incroyable. \u00bb <\/i>M\u00eame sentiment du c\u00f4t\u00e9 de Ferro :<i> \u00ab J&rsquo;adore ce court, \u00e7a fait petite ar\u00e8ne, \u00e7a r\u00e9sonne&#8230; J&rsquo;esp\u00e8re pouvoir rejouer des matchs l\u00e0-bas. \u00bb <\/i>Elle a aussi <strong>savour\u00e9 ces moments, qu&rsquo;elle n&rsquo;avait pas connu depuis longtemps<\/strong> : <i>\u00ab C&rsquo;est pour \u00e7a qu&rsquo;on joue. Quand je m&rsquo;entra\u00eene, quand c&rsquo;est difficile, c&rsquo;est le genre de moments auxquels je pense et qui me boostent au quotidien. \u00bb<\/i><\/p>\n<blockquote class=\"twitter-tweet\">\n<p dir=\"ltr\" lang=\"en\">Lucas Pouille singing La Marseillaise (French National Anthem) with the Roland-Garros crowd on Court 14 to celebrate his first Grand Slam win in four years \ud83e\udd72 <a href=\"https:\/\/t.co\/JhbvWZutfx\">pic.twitter.com\/JhbvWZutfx<\/a><\/p>\n<p>\u2014 Bastien Fachan (@BastienFachan) <a href=\"https:\/\/twitter.com\/BastienFachan\/status\/1662908596961566727?ref_src=twsrc%5Etfw\">May 28, 2023<\/a><\/p><\/blockquote>\n<p><script async src=\"https:\/\/platform.twitter.com\/widgets.js\" charset=\"utf-8\"><\/script><\/p>\n<h2 style=\"text-align: justify;\">Des trajectoires similaires<\/h2>\n<p style=\"text-align: justify;\">Ces derniers mois, Ferro et Pouille ont donc eu <strong>des trajectoires tr\u00e8s similaires. <\/strong>Dans le n\u00e9gatif, comme dans le positif tout r\u00e9cemment. Interrog\u00e9e sur leur relation vendredi dernier, la joueuse de 26 ans a confirm\u00e9 ces ressemblances : <em>\u00ab On se connaissait d\u00e9j\u00e0 assez bien avant. J&rsquo;ai regard\u00e9 son match chez moi, j&rsquo;\u00e9tais hyper \u00e9mue. C&rsquo;est trop bien qu&rsquo;il ait gagn\u00e9, on a le m\u00eame entra\u00eeneur <\/em>[\u00c9ric Winogradsky].<em> C&rsquo;est g\u00e9nial de voir que lui aussi repart sur une dynamique positive. C&rsquo;est super inspirant, \u00e7a m&rsquo;a donn\u00e9 envie de faire comme lui. \u00bb <\/em><\/p>\n<p style=\"text-align: justify;\">Et pour imiter son compatriote, il lui faudra gagner son premier tour. Les deux ont d&rsquo;ailleurs h\u00e9rit\u00e9 d&rsquo;un tirage plut\u00f4t abordable. Tandis que <a href=\"https:\/\/dicodusport.fr\/blog\/roland-garros-2023-jeanjean-pouille-humbert-les-resultats-du-28-mai\/\">Pouille l&rsquo;a remport\u00e9 contre l&rsquo;Autrichien Rodionov<\/a> (n\u00b0134 mondial), Ferro fera face \u00e0 la Su\u00e9doise Peterson (n\u00b087). Et les organisateurs lui ont fait une fleur en la programmant en premi\u00e8re rotation ce mardi sur&#8230; le court 14.<\/p>\n","protected":false},"excerpt":{"rendered":"<p>ROLAND-GARROS 2023 &#8211; Ce sont les deux belles histoires de ce d\u00e9but de tournoi. Apr\u00e8s des mois d&rsquo;absence pour des raisons diff\u00e9rentes, Lucas Pouille et Fiona Ferro ont repris du poil de la b\u00eate. Ils encha\u00eenent les victoires Porte d&rsquo;Auteuil, puisqu&rsquo;ils ont r\u00e9ussi \u00e0 sortir des qualifications. Et le public fran\u00e7ais les a grandement aid\u00e9s dans cette renaissance, comme ils l&rsquo;ont expliqu\u00e9.<\/p>\n","protected":false},"author":13,"featured_media":386556,"comment_status":"open","ping_status":"closed","sticky":false,"template":"","format":"standard","meta":{"_acf_changed":false,"_daextam_enable_autolinks":"","footnotes":""},"categories":[47090],"tags":[16878,7937,18563,2544],"class_list":["post-386423","post","type-post","status-publish","format-standard","has-post-thumbnail","hentry","category-roland-garros","tag-breve","tag-fiona-ferro","tag-francais-tennis","tag-lucas-pouille"],"acf":[],"yoast_head":"<!-- This site is optimized with the Yoast SEO Premium plugin v26.7 (Yoast SEO v26.7) - https:\/\/yoast.com\/wordpress\/plugins\/seo\/ -->\n<title>Roland-Garros 2023 : Pour Lucas Pouille et Fiona Ferro, le public comme moteur de la reconstruction<\/title>\n<meta name=\"description\" content=\"Apr\u00e8s des mois d&#039;absence pour des malheureuses raisons, Lucas Pouille et Fiona Ferro renaissent \u00e0 Roland-Garros, soutenus par le public.\" \/>\n<meta name=\"robots\" content=\"index, follow, max-snippet:-1, max-image-preview:large, max-video-preview:-1\" \/>\n<link rel=\"canonical\" href=\"https:\/\/dicodusport.fr\/blog\/roland-garros-2023-pour-lucas-pouille-et-fiona-ferro-le-public-comme-moteur-de-la-reconstruction\/\" \/>\n<meta property=\"og:locale\" content=\"fr_FR\" \/>\n<meta property=\"og:type\" content=\"article\" \/>\n<meta property=\"og:title\" content=\"Roland-Garros 2023 : Pour Lucas Pouille et Fiona Ferro, le public comme moteur de la reconstruction\" \/>\n<meta property=\"og:description\" content=\"Apr\u00e8s des mois d&#039;absence pour des malheureuses raisons, Lucas Pouille et Fiona Ferro renaissent \u00e0 Roland-Garros, soutenus par le public.\" \/>\n<meta property=\"og:url\" content=\"https:\/\/dicodusport.fr\/blog\/roland-garros-2023-pour-lucas-pouille-et-fiona-ferro-le-public-comme-moteur-de-la-reconstruction\/\" \/>\n<meta property=\"og:site_name\" content=\"Dicodusport\" \/>\n<meta property=\"article:publisher\" content=\"https:\/\/www.facebook.com\/dicodusport\" \/>\n<meta property=\"article:published_time\" content=\"2023-05-30T08:02:13+00:00\" \/>\n<meta property=\"article:modified_time\" content=\"2023-05-30T08:31:10+00:00\" \/>\n<meta property=\"og:image\" content=\"https:\/\/dicodusport.fr\/blog\/wp-content\/uploads\/2023\/05\/Roland-Garros-2023-Pour-Lucas-Pouille-et-Fiona-Ferro-le-public-comme-moteur-de-la-reconstruction.png\" \/>\n\t<meta property=\"og:image:width\" content=\"800\" \/>\n\t<meta property=\"og:image:height\" content=\"445\" \/>\n\t<meta property=\"og:image:type\" content=\"image\/png\" \/>\n<meta name=\"author\" content=\"Tom Compayrot\" \/>\n<meta name=\"twitter:card\" content=\"summary_large_image\" \/>\n<meta name=\"twitter:title\" content=\"Roland-Garros 2023 : Pour Lucas Pouille et Fiona Ferro, le public comme moteur de la reconstruction\" \/>\n<meta name=\"twitter:creator\" content=\"@https:\/\/twitter.com\/Tom_Cprt\" \/>\n<meta name=\"twitter:site\" content=\"@dicodusport\" \/>\n<script type=\"application\/ld+json\" class=\"yoast-schema-graph\">{\"@context\":\"https:\/\/schema.org\",\"@graph\":[{\"@type\":\"NewsArticle\",\"@id\":\"https:\/\/dicodusport.fr\/blog\/roland-garros-2023-pour-lucas-pouille-et-fiona-ferro-le-public-comme-moteur-de-la-reconstruction\/#article\",\"isPartOf\":{\"@id\":\"https:\/\/dicodusport.fr\/blog\/roland-garros-2023-pour-lucas-pouille-et-fiona-ferro-le-public-comme-moteur-de-la-reconstruction\/\"},\"author\":{\"name\":\"Tom Compayrot\",\"@id\":\"https:\/\/dicodusport.fr\/blog\/#\/schema\/person\/bf1e4f404e108bd2be5b447b16bde9a7\"},\"headline\":\"Roland-Garros 2023 : Pour Lucas Pouille et Fiona Ferro, le public comme moteur de la reconstruction\",\"datePublished\":\"2023-05-30T08:02:13+00:00\",\"dateModified\":\"2023-05-30T08:31:10+00:00\",\"mainEntityOfPage\":{\"@id\":\"https:\/\/dicodusport.fr\/blog\/roland-garros-2023-pour-lucas-pouille-et-fiona-ferro-le-public-comme-moteur-de-la-reconstruction\/\"},\"wordCount\":963,\"commentCount\":0,\"publisher\":{\"@id\":\"https:\/\/dicodusport.fr\/blog\/#organization\"},\"image\":{\"@id\":\"https:\/\/dicodusport.fr\/blog\/roland-garros-2023-pour-lucas-pouille-et-fiona-ferro-le-public-comme-moteur-de-la-reconstruction\/#primaryimage\"},\"thumbnailUrl\":\"https:\/\/dicodusport.fr\/blog\/wp-content\/uploads\/2023\/05\/Roland-Garros-2023-Pour-Lucas-Pouille-et-Fiona-Ferro-le-public-comme-moteur-de-la-reconstruction.png\",\"keywords\":[\"br\u00e8ve\",\"Fiona Ferro\",\"fran\u00e7ais tennis\",\"Lucas Pouille\"],\"articleSection\":[\"Roland-Garros\"],\"inLanguage\":\"fr-FR\",\"potentialAction\":[{\"@type\":\"CommentAction\",\"name\":\"Comment\",\"target\":[\"https:\/\/dicodusport.fr\/blog\/roland-garros-2023-pour-lucas-pouille-et-fiona-ferro-le-public-comme-moteur-de-la-reconstruction\/#respond\"]}],\"copyrightYear\":\"2023\",\"copyrightHolder\":{\"@id\":\"https:\/\/dicodusport.fr\/blog\/#organization\"}},{\"@type\":\"WebPage\",\"@id\":\"https:\/\/dicodusport.fr\/blog\/roland-garros-2023-pour-lucas-pouille-et-fiona-ferro-le-public-comme-moteur-de-la-reconstruction\/\",\"url\":\"https:\/\/dicodusport.fr\/blog\/roland-garros-2023-pour-lucas-pouille-et-fiona-ferro-le-public-comme-moteur-de-la-reconstruction\/\",\"name\":\"Roland-Garros 2023 : Pour Lucas Pouille et Fiona Ferro, le public comme moteur de la reconstruction\",\"isPartOf\":{\"@id\":\"https:\/\/dicodusport.fr\/blog\/#website\"},\"primaryImageOfPage\":{\"@id\":\"https:\/\/dicodusport.fr\/blog\/roland-garros-2023-pour-lucas-pouille-et-fiona-ferro-le-public-comme-moteur-de-la-reconstruction\/#primaryimage\"},\"image\":{\"@id\":\"https:\/\/dicodusport.fr\/blog\/roland-garros-2023-pour-lucas-pouille-et-fiona-ferro-le-public-comme-moteur-de-la-reconstruction\/#primaryimage\"},\"thumbnailUrl\":\"https:\/\/dicodusport.fr\/blog\/wp-content\/uploads\/2023\/05\/Roland-Garros-2023-Pour-Lucas-Pouille-et-Fiona-Ferro-le-public-comme-moteur-de-la-reconstruction.png\",\"datePublished\":\"2023-05-30T08:02:13+00:00\",\"dateModified\":\"2023-05-30T08:31:10+00:00\",\"description\":\"Apr\u00e8s des mois d'absence pour des malheureuses raisons, Lucas Pouille et Fiona Ferro renaissent \u00e0 Roland-Garros, soutenus par le public.\",\"breadcrumb\":{\"@id\":\"https:\/\/dicodusport.fr\/blog\/roland-garros-2023-pour-lucas-pouille-et-fiona-ferro-le-public-comme-moteur-de-la-reconstruction\/#breadcrumb\"},\"inLanguage\":\"fr-FR\",\"potentialAction\":[{\"@type\":\"ReadAction\",\"target\":[\"https:\/\/dicodusport.fr\/blog\/roland-garros-2023-pour-lucas-pouille-et-fiona-ferro-le-public-comme-moteur-de-la-reconstruction\/\"]}]},{\"@type\":\"ImageObject\",\"inLanguage\":\"fr-FR\",\"@id\":\"https:\/\/dicodusport.fr\/blog\/roland-garros-2023-pour-lucas-pouille-et-fiona-ferro-le-public-comme-moteur-de-la-reconstruction\/#primaryimage\",\"url\":\"https:\/\/dicodusport.fr\/blog\/wp-content\/uploads\/2023\/05\/Roland-Garros-2023-Pour-Lucas-Pouille-et-Fiona-Ferro-le-public-comme-moteur-de-la-reconstruction.png\",\"contentUrl\":\"https:\/\/dicodusport.fr\/blog\/wp-content\/uploads\/2023\/05\/Roland-Garros-2023-Pour-Lucas-Pouille-et-Fiona-Ferro-le-public-comme-moteur-de-la-reconstruction.png\",\"width\":800,\"height\":445,\"caption\":\"Roland-Garros 2023 Pour Lucas Pouille et Fiona Ferro, le public comme moteur de la reconstruction\"},{\"@type\":\"BreadcrumbList\",\"@id\":\"https:\/\/dicodusport.fr\/blog\/roland-garros-2023-pour-lucas-pouille-et-fiona-ferro-le-public-comme-moteur-de-la-reconstruction\/#breadcrumb\",\"itemListElement\":[{\"@type\":\"ListItem\",\"position\":1,\"name\":\"Accueil\",\"item\":\"https:\/\/dicodusport.fr\/blog\/\"},{\"@type\":\"ListItem\",\"position\":2,\"name\":\"Roland-Garros 2023 : Pour Lucas Pouille et Fiona Ferro, le public comme moteur de la reconstruction\"}]},{\"@type\":\"WebSite\",\"@id\":\"https:\/\/dicodusport.fr\/blog\/#website\",\"url\":\"https:\/\/dicodusport.fr\/blog\/\",\"name\":\"Dicodusport\",\"description\":\"L&#039;encyclop\u00e9die de l&#039;actualit\u00e9 sportive\",\"publisher\":{\"@id\":\"https:\/\/dicodusport.fr\/blog\/#organization\"},\"potentialAction\":[{\"@type\":\"SearchAction\",\"target\":{\"@type\":\"EntryPoint\",\"urlTemplate\":\"https:\/\/dicodusport.fr\/blog\/?s={search_term_string}\"},\"query-input\":{\"@type\":\"PropertyValueSpecification\",\"valueRequired\":true,\"valueName\":\"search_term_string\"}}],\"inLanguage\":\"fr-FR\"},{\"@type\":\"NewsMediaOrganization\",\"@id\":\"https:\/\/dicodusport.fr\/blog\/#organization\",\"name\":\"Dicodusport\",\"url\":\"https:\/\/dicodusport.fr\/blog\/\",\"logo\":{\"@type\":\"ImageObject\",\"inLanguage\":\"fr-FR\",\"@id\":\"https:\/\/dicodusport.fr\/blog\/#\/schema\/logo\/image\/\",\"url\":\"https:\/\/dicodusport.fr\/blog\/wp-content\/uploads\/2020\/06\/cropped-LOGO-DICODUSPORT-2020-SANS-FOND-SANS-TEXTE.png\",\"contentUrl\":\"https:\/\/dicodusport.fr\/blog\/wp-content\/uploads\/2020\/06\/cropped-LOGO-DICODUSPORT-2020-SANS-FOND-SANS-TEXTE.png\",\"width\":512,\"height\":512,\"caption\":\"Dicodusport\"},\"image\":{\"@id\":\"https:\/\/dicodusport.fr\/blog\/#\/schema\/logo\/image\/\"},\"sameAs\":[\"https:\/\/www.facebook.com\/dicodusport\",\"https:\/\/x.com\/dicodusport\",\"https:\/\/www.instagram.com\/dicodusport\/\",\"https:\/\/www.youtube.com\/channel\/UC7V2KZ5sd3htJivAbA4ZG3w\"],\"description\":\"Dicodusport est l'encyclop\u00e9die de l'actualit\u00e9 sportive.\",\"email\":\"bonjour@dicodusport.fr\",\"legalName\":\"DICODUSPORT\",\"foundingDate\":\"2018-01-14\",\"vatID\":\"FR71834470973\",\"taxID\":\"83447097300043\",\"numberOfEmployees\":{\"@type\":\"QuantitativeValue\",\"minValue\":\"1\",\"maxValue\":\"10\"}},{\"@type\":\"Person\",\"@id\":\"https:\/\/dicodusport.fr\/blog\/#\/schema\/person\/bf1e4f404e108bd2be5b447b16bde9a7\",\"name\":\"Tom Compayrot\",\"image\":{\"@type\":\"ImageObject\",\"inLanguage\":\"fr-FR\",\"@id\":\"https:\/\/dicodusport.fr\/blog\/#\/schema\/person\/image\/\",\"url\":\"https:\/\/dicodusport.fr\/blog\/wp-content\/uploads\/2021\/05\/Tom-Compayrot-150x150.jpg\",\"contentUrl\":\"https:\/\/dicodusport.fr\/blog\/wp-content\/uploads\/2021\/05\/Tom-Compayrot-150x150.jpg\",\"caption\":\"Tom Compayrot\"},\"description\":\"Journaliste\/r\u00e9dacteur depuis mars 2017 - Amoureux de la petite balle jaune et du gros ballon orange qui tra\u00eene sa carcasse sur Dicodusport depuis 2017. Rafael Nadal et LeBron James sont les meilleurs joueurs de l'histoire.\",\"sameAs\":[\"https:\/\/x.com\/https:\/\/twitter.com\/Tom_Cprt\"],\"url\":\"https:\/\/dicodusport.fr\/blog\/author\/tom\/\"}]}<\/script>\n<!-- \/ Yoast SEO Premium plugin. -->","yoast_head_json":{"title":"Roland-Garros 2023 : Pour Lucas Pouille et Fiona Ferro, le public comme moteur de la reconstruction","description":"Apr\u00e8s des mois d'absence pour des malheureuses raisons, Lucas Pouille et Fiona Ferro renaissent \u00e0 Roland-Garros, soutenus par le public.","robots":{"index":"index","follow":"follow","max-snippet":"max-snippet:-1","max-image-preview":"max-image-preview:large","max-video-preview":"max-video-preview:-1"},"canonical":"https:\/\/dicodusport.fr\/blog\/roland-garros-2023-pour-lucas-pouille-et-fiona-ferro-le-public-comme-moteur-de-la-reconstruction\/","og_locale":"fr_FR","og_type":"article","og_title":"Roland-Garros 2023 : Pour Lucas Pouille et Fiona Ferro, le public comme moteur de la reconstruction","og_description":"Apr\u00e8s des mois d'absence pour des malheureuses raisons, Lucas Pouille et Fiona Ferro renaissent \u00e0 Roland-Garros, soutenus par le public.","og_url":"https:\/\/dicodusport.fr\/blog\/roland-garros-2023-pour-lucas-pouille-et-fiona-ferro-le-public-comme-moteur-de-la-reconstruction\/","og_site_name":"Dicodusport","article_publisher":"https:\/\/www.facebook.com\/dicodusport","article_published_time":"2023-05-30T08:02:13+00:00","article_modified_time":"2023-05-30T08:31:10+00:00","og_image":[{"width":800,"height":445,"url":"https:\/\/dicodusport.fr\/blog\/wp-content\/uploads\/2023\/05\/Roland-Garros-2023-Pour-Lucas-Pouille-et-Fiona-Ferro-le-public-comme-moteur-de-la-reconstruction.png","type":"image\/png"}],"author":"Tom Compayrot","twitter_card":"summary_large_image","twitter_title":"Roland-Garros 2023 : Pour Lucas Pouille et Fiona Ferro, le public comme moteur de la reconstruction","twitter_creator":"@https:\/\/twitter.com\/Tom_Cprt","twitter_site":"@dicodusport","schema":{"@context":"https:\/\/schema.org","@graph":[{"@type":"NewsArticle","@id":"https:\/\/dicodusport.fr\/blog\/roland-garros-2023-pour-lucas-pouille-et-fiona-ferro-le-public-comme-moteur-de-la-reconstruction\/#article","isPartOf":{"@id":"https:\/\/dicodusport.fr\/blog\/roland-garros-2023-pour-lucas-pouille-et-fiona-ferro-le-public-comme-moteur-de-la-reconstruction\/"},"author":{"name":"Tom Compayrot","@id":"https:\/\/dicodusport.fr\/blog\/#\/schema\/person\/bf1e4f404e108bd2be5b447b16bde9a7"},"headline":"Roland-Garros 2023 : Pour Lucas Pouille et Fiona Ferro, le public comme moteur de la reconstruction","datePublished":"2023-05-30T08:02:13+00:00","dateModified":"2023-05-30T08:31:10+00:00","mainEntityOfPage":{"@id":"https:\/\/dicodusport.fr\/blog\/roland-garros-2023-pour-lucas-pouille-et-fiona-ferro-le-public-comme-moteur-de-la-reconstruction\/"},"wordCount":963,"commentCount":0,"publisher":{"@id":"https:\/\/dicodusport.fr\/blog\/#organization"},"image":{"@id":"https:\/\/dicodusport.fr\/blog\/roland-garros-2023-pour-lucas-pouille-et-fiona-ferro-le-public-comme-moteur-de-la-reconstruction\/#primaryimage"},"thumbnailUrl":"https:\/\/dicodusport.fr\/blog\/wp-content\/uploads\/2023\/05\/Roland-Garros-2023-Pour-Lucas-Pouille-et-Fiona-Ferro-le-public-comme-moteur-de-la-reconstruction.png","keywords":["br\u00e8ve","Fiona Ferro","fran\u00e7ais tennis","Lucas Pouille"],"articleSection":["Roland-Garros"],"inLanguage":"fr-FR","potentialAction":[{"@type":"CommentAction","name":"Comment","target":["https:\/\/dicodusport.fr\/blog\/roland-garros-2023-pour-lucas-pouille-et-fiona-ferro-le-public-comme-moteur-de-la-reconstruction\/#respond"]}],"copyrightYear":"2023","copyrightHolder":{"@id":"https:\/\/dicodusport.fr\/blog\/#organization"}},{"@type":"WebPage","@id":"https:\/\/dicodusport.fr\/blog\/roland-garros-2023-pour-lucas-pouille-et-fiona-ferro-le-public-comme-moteur-de-la-reconstruction\/","url":"https:\/\/dicodusport.fr\/blog\/roland-garros-2023-pour-lucas-pouille-et-fiona-ferro-le-public-comme-moteur-de-la-reconstruction\/","name":"Roland-Garros 2023 : Pour Lucas Pouille et Fiona Ferro, le public comme moteur de la reconstruction","isPartOf":{"@id":"https:\/\/dicodusport.fr\/blog\/#website"},"primaryImageOfPage":{"@id":"https:\/\/dicodusport.fr\/blog\/roland-garros-2023-pour-lucas-pouille-et-fiona-ferro-le-public-comme-moteur-de-la-reconstruction\/#primaryimage"},"image":{"@id":"https:\/\/dicodusport.fr\/blog\/roland-garros-2023-pour-lucas-pouille-et-fiona-ferro-le-public-comme-moteur-de-la-reconstruction\/#primaryimage"},"thumbnailUrl":"https:\/\/dicodusport.fr\/blog\/wp-content\/uploads\/2023\/05\/Roland-Garros-2023-Pour-Lucas-Pouille-et-Fiona-Ferro-le-public-comme-moteur-de-la-reconstruction.png","datePublished":"2023-05-30T08:02:13+00:00","dateModified":"2023-05-30T08:31:10+00:00","description":"Apr\u00e8s des mois d'absence pour des malheureuses raisons, Lucas Pouille et Fiona Ferro renaissent \u00e0 Roland-Garros, soutenus par le public.","breadcrumb":{"@id":"https:\/\/dicodusport.fr\/blog\/roland-garros-2023-pour-lucas-pouille-et-fiona-ferro-le-public-comme-moteur-de-la-reconstruction\/#breadcrumb"},"inLanguage":"fr-FR","potentialAction":[{"@type":"ReadAction","target":["https:\/\/dicodusport.fr\/blog\/roland-garros-2023-pour-lucas-pouille-et-fiona-ferro-le-public-comme-moteur-de-la-reconstruction\/"]}]},{"@type":"ImageObject","inLanguage":"fr-FR","@id":"https:\/\/dicodusport.fr\/blog\/roland-garros-2023-pour-lucas-pouille-et-fiona-ferro-le-public-comme-moteur-de-la-reconstruction\/#primaryimage","url":"https:\/\/dicodusport.fr\/blog\/wp-content\/uploads\/2023\/05\/Roland-Garros-2023-Pour-Lucas-Pouille-et-Fiona-Ferro-le-public-comme-moteur-de-la-reconstruction.png","contentUrl":"https:\/\/dicodusport.fr\/blog\/wp-content\/uploads\/2023\/05\/Roland-Garros-2023-Pour-Lucas-Pouille-et-Fiona-Ferro-le-public-comme-moteur-de-la-reconstruction.png","width":800,"height":445,"caption":"Roland-Garros 2023 Pour Lucas Pouille et Fiona Ferro, le public comme moteur de la reconstruction"},{"@type":"BreadcrumbList","@id":"https:\/\/dicodusport.fr\/blog\/roland-garros-2023-pour-lucas-pouille-et-fiona-ferro-le-public-comme-moteur-de-la-reconstruction\/#breadcrumb","itemListElement":[{"@type":"ListItem","position":1,"name":"Accueil","item":"https:\/\/dicodusport.fr\/blog\/"},{"@type":"ListItem","position":2,"name":"Roland-Garros 2023 : Pour Lucas Pouille et Fiona Ferro, le public comme moteur de la reconstruction"}]},{"@type":"WebSite","@id":"https:\/\/dicodusport.fr\/blog\/#website","url":"https:\/\/dicodusport.fr\/blog\/","name":"Dicodusport","description":"L&#039;encyclop\u00e9die de l&#039;actualit\u00e9 sportive","publisher":{"@id":"https:\/\/dicodusport.fr\/blog\/#organization"},"potentialAction":[{"@type":"SearchAction","target":{"@type":"EntryPoint","urlTemplate":"https:\/\/dicodusport.fr\/blog\/?s={search_term_string}"},"query-input":{"@type":"PropertyValueSpecification","valueRequired":true,"valueName":"search_term_string"}}],"inLanguage":"fr-FR"},{"@type":"NewsMediaOrganization","@id":"https:\/\/dicodusport.fr\/blog\/#organization","name":"Dicodusport","url":"https:\/\/dicodusport.fr\/blog\/","logo":{"@type":"ImageObject","inLanguage":"fr-FR","@id":"https:\/\/dicodusport.fr\/blog\/#\/schema\/logo\/image\/","url":"https:\/\/dicodusport.fr\/blog\/wp-content\/uploads\/2020\/06\/cropped-LOGO-DICODUSPORT-2020-SANS-FOND-SANS-TEXTE.png","contentUrl":"https:\/\/dicodusport.fr\/blog\/wp-content\/uploads\/2020\/06\/cropped-LOGO-DICODUSPORT-2020-SANS-FOND-SANS-TEXTE.png","width":512,"height":512,"caption":"Dicodusport"},"image":{"@id":"https:\/\/dicodusport.fr\/blog\/#\/schema\/logo\/image\/"},"sameAs":["https:\/\/www.facebook.com\/dicodusport","https:\/\/x.com\/dicodusport","https:\/\/www.instagram.com\/dicodusport\/","https:\/\/www.youtube.com\/channel\/UC7V2KZ5sd3htJivAbA4ZG3w"],"description":"Dicodusport est l'encyclop\u00e9die de l'actualit\u00e9 sportive.","email":"bonjour@dicodusport.fr","legalName":"DICODUSPORT","foundingDate":"2018-01-14","vatID":"FR71834470973","taxID":"83447097300043","numberOfEmployees":{"@type":"QuantitativeValue","minValue":"1","maxValue":"10"}},{"@type":"Person","@id":"https:\/\/dicodusport.fr\/blog\/#\/schema\/person\/bf1e4f404e108bd2be5b447b16bde9a7","name":"Tom Compayrot","image":{"@type":"ImageObject","inLanguage":"fr-FR","@id":"https:\/\/dicodusport.fr\/blog\/#\/schema\/person\/image\/","url":"https:\/\/dicodusport.fr\/blog\/wp-content\/uploads\/2021\/05\/Tom-Compayrot-150x150.jpg","contentUrl":"https:\/\/dicodusport.fr\/blog\/wp-content\/uploads\/2021\/05\/Tom-Compayrot-150x150.jpg","caption":"Tom Compayrot"},"description":"Journaliste\/r\u00e9dacteur depuis mars 2017 - Amoureux de la petite balle jaune et du gros ballon orange qui tra\u00eene sa carcasse sur Dicodusport depuis 2017. Rafael Nadal et LeBron James sont les meilleurs joueurs de l'histoire.","sameAs":["https:\/\/x.com\/https:\/\/twitter.com\/Tom_Cprt"],"url":"https:\/\/dicodusport.fr\/blog\/author\/tom\/"}]}},"_links":{"self":[{"href":"https:\/\/dicodusport.fr\/blog\/wp-json\/wp\/v2\/posts\/386423","targetHints":{"allow":["GET"]}}],"collection":[{"href":"https:\/\/dicodusport.fr\/blog\/wp-json\/wp\/v2\/posts"}],"about":[{"href":"https:\/\/dicodusport.fr\/blog\/wp-json\/wp\/v2\/types\/post"}],"author":[{"embeddable":true,"href":"https:\/\/dicodusport.fr\/blog\/wp-json\/wp\/v2\/users\/13"}],"replies":[{"embeddable":true,"href":"https:\/\/dicodusport.fr\/blog\/wp-json\/wp\/v2\/comments?post=386423"}],"version-history":[{"count":0,"href":"https:\/\/dicodusport.fr\/blog\/wp-json\/wp\/v2\/posts\/386423\/revisions"}],"wp:featuredmedia":[{"embeddable":true,"href":"https:\/\/dicodusport.fr\/blog\/wp-json\/wp\/v2\/media\/386556"}],"wp:attachment":[{"href":"https:\/\/dicodusport.fr\/blog\/wp-json\/wp\/v2\/media?parent=386423"}],"wp:term":[{"taxonomy":"category","embeddable":true,"href":"https:\/\/dicodusport.fr\/blog\/wp-json\/wp\/v2\/categories?post=386423"},{"taxonomy":"post_tag","embeddable":true,"href":"https:\/\/dicodusport.fr\/blog\/wp-json\/wp\/v2\/tags?post=386423"}],"curies":[{"name":"wp","href":"https:\/\/api.w.org\/{rel}","templated":true}]}}