{"id":386439,"date":"2023-05-29T14:50:24","date_gmt":"2023-05-29T12:50:24","guid":{"rendered":"https:\/\/dicodusport.fr\/blog\/?p=386439&#038;preview=true&#038;preview_id=386439"},"modified":"2023-06-07T12:05:09","modified_gmt":"2023-06-07T10:05:09","slug":"fc-seville-as-rome-a-quelle-heure-et-sur-quelle-chaine-tv","status":"publish","type":"post","link":"https:\/\/dicodusport.fr\/blog\/fc-seville-as-rome-a-quelle-heure-et-sur-quelle-chaine-tv\/","title":{"rendered":"FC S\u00e9ville &#8211; AS Rome : \u00c0 quelle heure et sur quelle cha\u00eene TV"},"content":{"rendered":"<p style=\"text-align: justify;\"><em><b>LIGUE EUROPA &#8211; Ce mercredi, le FC S\u00e9ville affronte l&rsquo;AS Rome en finale de la Ligue Europa. D\u00e9couvrez le programme TV.<\/b><\/em><\/p>\n<p style=\"text-align: justify;\">Belle finale de <strong>Ligue<\/strong> <strong>Europa<\/strong> avec deux \u00e9quipes habitu\u00e9es aux grands rendez-vous europ\u00e9ens. Le <strong>FC<\/strong> <strong>S\u00e9ville<\/strong> a d\u00e9j\u00e0 remport\u00e9 \u00e0 six reprises cette comp\u00e9tition, dont la derni\u00e8re fois en 2020 face \u00e0 une autre \u00e9quipe italienne, l&rsquo;Inter Milan. Pour se qualifier en finale, le club andalou a notamment \u00e9limin\u00e9 <strong>Manchester<\/strong> <strong>United<\/strong> en quart de finale, puis la <strong>Juventus<\/strong> en demi-finale.<\/p>\n<p style=\"text-align: justify;\">L&rsquo;AS Rome <a href=\"https:\/\/dicodusport.fr\/blog\/l-as-roma-remporte-la-ligue-europa-conference\/\">a remport\u00e9 la <strong>Ligue<\/strong> <strong>Europa<\/strong> <strong>Conf\u00e9rence<\/strong> la saison pass\u00e9e<\/a> et peut donc d\u00e9crocher sa grande s\u0153ur cette ann\u00e9e. Les <strong>Romains<\/strong> ont eu un parcours compliqu\u00e9 pour atteindre cette finale, avec la <strong>Real<\/strong> <strong>Sociedad<\/strong> en huiti\u00e8me de finale, <strong>Feyenoord<\/strong> en quart de finale puis le <strong>Bayer Leverkusen<\/strong> en demi-finale. Apr\u00e8s une courte victoire au match aller, les hommes de Jos\u00e9 Mourinho ont tenu bon face aux Allemands au retour.<\/p>\n<p style=\"text-align: justify;\">La derni\u00e8re confrontation entre les deux formations remonte \u00e0 2020 en huiti\u00e8me de finale de la Ligue Europa avec une victoire de <strong>S\u00e9ville<\/strong>. Chez les bookmakers, les <strong>Espagnols<\/strong> sont l\u00e9g\u00e8rement favoris, mais l&rsquo;<strong>AS<\/strong> <strong>Rome<\/strong> a une vraie carte \u00e0 jouer.<\/p>\n<h2 style=\"text-align: justify;\">Ligue des Champions : Le programme TV du match FC S\u00e9ville &#8211; AS Rome<\/h2>\n<h3 style=\"text-align: justify;\">Mercredi 31 mai 2023<\/h3>\n<p style=\"text-align: justify;\"><b>Canal+ Foot<\/b><\/p>\n<p style=\"text-align: justify;\">20h30 : Avant-match<br \/>\n21h00 : Coup d&rsquo;envoi<\/p>\n<p style=\"text-align: justify;\"><b>W9<\/b><\/p>\n<p style=\"text-align: justify;\">20h50 : Avant-match<br \/>\n21h00 : Coup d&rsquo;envoi<\/p>\n<h2 style=\"text-align: justify;\">Les cotes de FC S\u00e9ville &#8211; AS Rome<\/h2>\n<table style=\"width: 800px;\">\n<tbody>\n<tr style=\"height: 16px;\">\n<td style=\"background-color: #404040; text-align: left; border-color: #ededed; width: 500px;\" colspan=\"3\"><span style=\"font-size: 12px; color: #ffffff;\">Mercredi 31 mai, 21h00<\/span><\/td>\n<\/tr>\n<tr style=\"height: 24px;\">\n<td style=\"background-color: #ffffff; border-color: #ededed; vertical-align: middle; text-align: center; width: 266px;\"><span style=\"font-size: 10px;\"><span style=\"font-size: 14px;\"><strong>FC S\u00e9ville<\/strong><\/span><br \/>\n<a href=\"https:\/\/www.winamax.fr\/paris-sportifs\/match\/37293619?banid=33423\" class=\"su-button su-button-style-flat su-button-wide\" style=\"color:#fff;background-color:#07125C;border-color:#060f4a;border-radius:5px\" target=\"_blank\" rel=\"noopener noreferrer\"><span style=\"color:#fff;padding:0px 20px;font-size:16px;line-height:32px;border-color:#525a8d;border-radius:5px;text-shadow:none\"> 2.70<\/span><\/a><\/span><\/td>\n<td style=\"background-color: #ffffff; border-color: #ededed; vertical-align: middle; text-align: center; width: 266px;\"><span style=\"font-size: 10px;\"><span style=\"font-size: 14px;\"><strong>Match nul<\/strong><\/span><br \/>\n<a href=\"https:\/\/www.winamax.fr\/paris-sportifs\/match\/37293619?banid=33423\" class=\"su-button su-button-style-flat su-button-wide\" style=\"color:#fff;background-color:#07125C;border-color:#060f4a;border-radius:5px\" target=\"_blank\" rel=\"noopener noreferrer\"><span style=\"color:#fff;padding:0px 20px;font-size:16px;line-height:32px;border-color:#525a8d;border-radius:5px;text-shadow:none\"> 3.00<\/span><\/a><\/span><\/td>\n<td style=\"background-color: #ffffff; border-color: #ededed; vertical-align: middle; text-align: center; width: 266px;\"><span style=\"font-size: 10px;\"><span style=\"font-size: 14px;\"><strong>AS Rome<\/strong><\/span><br \/>\n<a href=\"https:\/\/www.winamax.fr\/paris-sportifs\/match\/37293619?banid=33423\" class=\"su-button su-button-style-flat su-button-wide\" style=\"color:#fff;background-color:#07125C;border-color:#060f4a;border-radius:5px\" target=\"_blank\" rel=\"noopener noreferrer\"><span style=\"color:#fff;padding:0px 20px;font-size:16px;line-height:32px;border-color:#525a8d;border-radius:5px;text-shadow:none\"> 2.90<\/span><\/a><\/span><\/td>\n<\/tr>\n<\/tbody>\n<\/table>\n<p style=\"text-align: justify;\">Tentez votre chance en profitant de votre <a href=\"https:\/\/www.winamax.fr\/registration\/landing\/affiliation_Bonus100?banid=33423\">1er d\u00e9p\u00f4t doubl\u00e9 jusqu&rsquo;\u00e0 100 \u20ac<\/a> direct en paris gratuits sur Winamax !<\/p>\n","protected":false},"excerpt":{"rendered":"<p>LIGUE EUROPA &#8211; Ce mercredi, le FC S\u00e9ville affronte l&rsquo;AS Rome en finale de la Ligue Europa. D\u00e9couvrez le programme TV.<\/p>\n","protected":false},"author":1,"featured_media":386448,"comment_status":"open","ping_status":"closed","sticky":false,"template":"","format":"standard","meta":{"_acf_changed":false,"_daextam_enable_autolinks":"","footnotes":""},"categories":[2301],"tags":[4704,16878,17213,4383,75,21872,21768,4437,8799],"class_list":["post-386439","post","type-post","status-publish","format-standard","has-post-thumbnail","hentry","category-football","tag-as-rome","tag-breve","tag-chaine","tag-fc-seville","tag-football","tag-heure","tag-horaire","tag-ligue-europa","tag-programme-tv"],"acf":[],"yoast_head":"<!-- This site is optimized with the Yoast SEO Premium plugin v26.7 (Yoast SEO v26.7) - https:\/\/yoast.com\/wordpress\/plugins\/seo\/ -->\n<title>FC S\u00e9ville - AS Rome : \u00c0 quelle heure et sur quelle cha\u00eene TV<\/title>\n<meta name=\"description\" content=\"LIGUE EUROPA - Ce mercredi, le FC S\u00e9ville affronte l&#039;AS Rome en finale de la Ligue Europa. D\u00e9couvrez le programme TV.\" \/>\n<meta name=\"robots\" content=\"index, follow, max-snippet:-1, max-image-preview:large, max-video-preview:-1\" \/>\n<link rel=\"canonical\" href=\"https:\/\/dicodusport.fr\/blog\/fc-seville-as-rome-a-quelle-heure-et-sur-quelle-chaine-tv\/\" \/>\n<meta property=\"og:locale\" content=\"fr_FR\" \/>\n<meta property=\"og:type\" content=\"article\" \/>\n<meta property=\"og:title\" content=\"FC S\u00e9ville - AS Rome : \u00c0 quelle heure et sur quelle cha\u00eene TV\" \/>\n<meta property=\"og:description\" content=\"LIGUE EUROPA - Ce mercredi, le FC S\u00e9ville affronte l&#039;AS Rome en finale de la Ligue Europa. D\u00e9couvrez le programme TV.\" \/>\n<meta property=\"og:url\" content=\"https:\/\/dicodusport.fr\/blog\/fc-seville-as-rome-a-quelle-heure-et-sur-quelle-chaine-tv\/\" \/>\n<meta property=\"og:site_name\" content=\"Dicodusport\" \/>\n<meta property=\"article:publisher\" content=\"https:\/\/www.facebook.com\/dicodusport\" \/>\n<meta property=\"article:author\" content=\"https:\/\/www.facebook.com\/dicodusport\" \/>\n<meta property=\"article:published_time\" content=\"2023-05-29T12:50:24+00:00\" \/>\n<meta property=\"article:modified_time\" content=\"2023-06-07T10:05:09+00:00\" \/>\n<meta property=\"og:image\" content=\"https:\/\/dicodusport.fr\/blog\/wp-content\/uploads\/2023\/05\/FC-Seville-AS-Rome-A-quelle-heure-et-sur-quelle-chaine-TV.png\" \/>\n\t<meta property=\"og:image:width\" content=\"800\" \/>\n\t<meta property=\"og:image:height\" content=\"445\" \/>\n\t<meta property=\"og:image:type\" content=\"image\/png\" \/>\n<meta name=\"author\" content=\"Nicolas Jacquemard\" \/>\n<meta name=\"twitter:card\" content=\"summary_large_image\" \/>\n<meta name=\"twitter:title\" content=\"FC S\u00e9ville - AS Rome : \u00c0 quelle heure et sur quelle cha\u00eene TV\" \/>\n<meta name=\"twitter:creator\" content=\"@https:\/\/twitter.com\/Nico_Jacquemard\" \/>\n<meta name=\"twitter:site\" content=\"@dicodusport\" \/>\n<script type=\"application\/ld+json\" class=\"yoast-schema-graph\">{\"@context\":\"https:\/\/schema.org\",\"@graph\":[{\"@type\":\"NewsArticle\",\"@id\":\"https:\/\/dicodusport.fr\/blog\/fc-seville-as-rome-a-quelle-heure-et-sur-quelle-chaine-tv\/#article\",\"isPartOf\":{\"@id\":\"https:\/\/dicodusport.fr\/blog\/fc-seville-as-rome-a-quelle-heure-et-sur-quelle-chaine-tv\/\"},\"author\":{\"name\":\"Nicolas Jacquemard\",\"@id\":\"https:\/\/dicodusport.fr\/blog\/#\/schema\/person\/55dcb50ad410894e431ed812bbb70191\"},\"headline\":\"FC S\u00e9ville &#8211; AS Rome : \u00c0 quelle heure et sur quelle cha\u00eene TV\",\"datePublished\":\"2023-05-29T12:50:24+00:00\",\"dateModified\":\"2023-06-07T10:05:09+00:00\",\"mainEntityOfPage\":{\"@id\":\"https:\/\/dicodusport.fr\/blog\/fc-seville-as-rome-a-quelle-heure-et-sur-quelle-chaine-tv\/\"},\"wordCount\":364,\"commentCount\":0,\"publisher\":{\"@id\":\"https:\/\/dicodusport.fr\/blog\/#organization\"},\"image\":{\"@id\":\"https:\/\/dicodusport.fr\/blog\/fc-seville-as-rome-a-quelle-heure-et-sur-quelle-chaine-tv\/#primaryimage\"},\"thumbnailUrl\":\"https:\/\/dicodusport.fr\/blog\/wp-content\/uploads\/2023\/05\/FC-Seville-AS-Rome-A-quelle-heure-et-sur-quelle-chaine-TV.png\",\"keywords\":[\"AS Rome\",\"br\u00e8ve\",\"Cha\u00eene\",\"FC S\u00e9ville\",\"Football\",\"Heure\",\"Horaire\",\"Ligue Europa\",\"Programme TV\"],\"articleSection\":[\"Football\"],\"inLanguage\":\"fr-FR\",\"potentialAction\":[{\"@type\":\"CommentAction\",\"name\":\"Comment\",\"target\":[\"https:\/\/dicodusport.fr\/blog\/fc-seville-as-rome-a-quelle-heure-et-sur-quelle-chaine-tv\/#respond\"]}],\"copyrightYear\":\"2023\",\"copyrightHolder\":{\"@id\":\"https:\/\/dicodusport.fr\/blog\/#organization\"}},{\"@type\":\"WebPage\",\"@id\":\"https:\/\/dicodusport.fr\/blog\/fc-seville-as-rome-a-quelle-heure-et-sur-quelle-chaine-tv\/\",\"url\":\"https:\/\/dicodusport.fr\/blog\/fc-seville-as-rome-a-quelle-heure-et-sur-quelle-chaine-tv\/\",\"name\":\"FC S\u00e9ville - AS Rome : \u00c0 quelle heure et sur quelle cha\u00eene TV\",\"isPartOf\":{\"@id\":\"https:\/\/dicodusport.fr\/blog\/#website\"},\"primaryImageOfPage\":{\"@id\":\"https:\/\/dicodusport.fr\/blog\/fc-seville-as-rome-a-quelle-heure-et-sur-quelle-chaine-tv\/#primaryimage\"},\"image\":{\"@id\":\"https:\/\/dicodusport.fr\/blog\/fc-seville-as-rome-a-quelle-heure-et-sur-quelle-chaine-tv\/#primaryimage\"},\"thumbnailUrl\":\"https:\/\/dicodusport.fr\/blog\/wp-content\/uploads\/2023\/05\/FC-Seville-AS-Rome-A-quelle-heure-et-sur-quelle-chaine-TV.png\",\"datePublished\":\"2023-05-29T12:50:24+00:00\",\"dateModified\":\"2023-06-07T10:05:09+00:00\",\"description\":\"LIGUE EUROPA - Ce mercredi, le FC S\u00e9ville affronte l'AS Rome en finale de la Ligue Europa. D\u00e9couvrez le programme TV.\",\"breadcrumb\":{\"@id\":\"https:\/\/dicodusport.fr\/blog\/fc-seville-as-rome-a-quelle-heure-et-sur-quelle-chaine-tv\/#breadcrumb\"},\"inLanguage\":\"fr-FR\",\"potentialAction\":[{\"@type\":\"ReadAction\",\"target\":[\"https:\/\/dicodusport.fr\/blog\/fc-seville-as-rome-a-quelle-heure-et-sur-quelle-chaine-tv\/\"]}]},{\"@type\":\"ImageObject\",\"inLanguage\":\"fr-FR\",\"@id\":\"https:\/\/dicodusport.fr\/blog\/fc-seville-as-rome-a-quelle-heure-et-sur-quelle-chaine-tv\/#primaryimage\",\"url\":\"https:\/\/dicodusport.fr\/blog\/wp-content\/uploads\/2023\/05\/FC-Seville-AS-Rome-A-quelle-heure-et-sur-quelle-chaine-TV.png\",\"contentUrl\":\"https:\/\/dicodusport.fr\/blog\/wp-content\/uploads\/2023\/05\/FC-Seville-AS-Rome-A-quelle-heure-et-sur-quelle-chaine-TV.png\",\"width\":800,\"height\":445},{\"@type\":\"BreadcrumbList\",\"@id\":\"https:\/\/dicodusport.fr\/blog\/fc-seville-as-rome-a-quelle-heure-et-sur-quelle-chaine-tv\/#breadcrumb\",\"itemListElement\":[{\"@type\":\"ListItem\",\"position\":1,\"name\":\"Accueil\",\"item\":\"https:\/\/dicodusport.fr\/blog\/\"},{\"@type\":\"ListItem\",\"position\":2,\"name\":\"FC S\u00e9ville &#8211; AS Rome : \u00c0 quelle heure et sur quelle cha\u00eene TV\"}]},{\"@type\":\"WebSite\",\"@id\":\"https:\/\/dicodusport.fr\/blog\/#website\",\"url\":\"https:\/\/dicodusport.fr\/blog\/\",\"name\":\"Dicodusport\",\"description\":\"L&#039;encyclop\u00e9die de l&#039;actualit\u00e9 sportive\",\"publisher\":{\"@id\":\"https:\/\/dicodusport.fr\/blog\/#organization\"},\"potentialAction\":[{\"@type\":\"SearchAction\",\"target\":{\"@type\":\"EntryPoint\",\"urlTemplate\":\"https:\/\/dicodusport.fr\/blog\/?s={search_term_string}\"},\"query-input\":{\"@type\":\"PropertyValueSpecification\",\"valueRequired\":true,\"valueName\":\"search_term_string\"}}],\"inLanguage\":\"fr-FR\"},{\"@type\":\"NewsMediaOrganization\",\"@id\":\"https:\/\/dicodusport.fr\/blog\/#organization\",\"name\":\"Dicodusport\",\"url\":\"https:\/\/dicodusport.fr\/blog\/\",\"logo\":{\"@type\":\"ImageObject\",\"inLanguage\":\"fr-FR\",\"@id\":\"https:\/\/dicodusport.fr\/blog\/#\/schema\/logo\/image\/\",\"url\":\"https:\/\/dicodusport.fr\/blog\/wp-content\/uploads\/2020\/06\/cropped-LOGO-DICODUSPORT-2020-SANS-FOND-SANS-TEXTE.png\",\"contentUrl\":\"https:\/\/dicodusport.fr\/blog\/wp-content\/uploads\/2020\/06\/cropped-LOGO-DICODUSPORT-2020-SANS-FOND-SANS-TEXTE.png\",\"width\":512,\"height\":512,\"caption\":\"Dicodusport\"},\"image\":{\"@id\":\"https:\/\/dicodusport.fr\/blog\/#\/schema\/logo\/image\/\"},\"sameAs\":[\"https:\/\/www.facebook.com\/dicodusport\",\"https:\/\/x.com\/dicodusport\",\"https:\/\/www.instagram.com\/dicodusport\/\",\"https:\/\/www.youtube.com\/channel\/UC7V2KZ5sd3htJivAbA4ZG3w\"],\"description\":\"Dicodusport est l'encyclop\u00e9die de l'actualit\u00e9 sportive.\",\"email\":\"bonjour@dicodusport.fr\",\"legalName\":\"DICODUSPORT\",\"foundingDate\":\"2018-01-14\",\"vatID\":\"FR71834470973\",\"taxID\":\"83447097300043\",\"numberOfEmployees\":{\"@type\":\"QuantitativeValue\",\"minValue\":\"1\",\"maxValue\":\"10\"}},{\"@type\":\"Person\",\"@id\":\"https:\/\/dicodusport.fr\/blog\/#\/schema\/person\/55dcb50ad410894e431ed812bbb70191\",\"name\":\"Nicolas Jacquemard\",\"image\":{\"@type\":\"ImageObject\",\"inLanguage\":\"fr-FR\",\"@id\":\"https:\/\/dicodusport.fr\/blog\/#\/schema\/person\/image\/\",\"url\":\"https:\/\/dicodusport.fr\/blog\/wp-content\/uploads\/2021\/05\/Nicolas-Jacquemard-150x150.jpeg\",\"contentUrl\":\"https:\/\/dicodusport.fr\/blog\/wp-content\/uploads\/2021\/05\/Nicolas-Jacquemard-150x150.jpeg\",\"caption\":\"Nicolas Jacquemard\"},\"description\":\"Passionn\u00e9 de sport et entrepreneur depuis mes 18 ans, la cr\u00e9ation de Dicodusport m'a sembl\u00e9 \u00e9vidente pour participer \u00e0 la m\u00e9diatisation d'un plus grand nombre de sports. Le chemin est long mais avec une \u00e9quipe des plus motiv\u00e9es et les Jeux Olympiques de Paris 2024 en point de mire, nous y arriverons ! Journaliste dans le monde du sport depuis plus de 5 ans, je traite aussi bien de football, de rugby, de biathlon que de cyclisme.\",\"sameAs\":[\"https:\/\/www.facebook.com\/dicodusport\",\"https:\/\/x.com\/https:\/\/twitter.com\/Nico_Jacquemard\"],\"url\":\"https:\/\/dicodusport.fr\/blog\/author\/dicodusport\/\"}]}<\/script>\n<!-- \/ Yoast SEO Premium plugin. -->","yoast_head_json":{"title":"FC S\u00e9ville - AS Rome : \u00c0 quelle heure et sur quelle cha\u00eene TV","description":"LIGUE EUROPA - Ce mercredi, le FC S\u00e9ville affronte l'AS Rome en finale de la Ligue Europa. D\u00e9couvrez le programme TV.","robots":{"index":"index","follow":"follow","max-snippet":"max-snippet:-1","max-image-preview":"max-image-preview:large","max-video-preview":"max-video-preview:-1"},"canonical":"https:\/\/dicodusport.fr\/blog\/fc-seville-as-rome-a-quelle-heure-et-sur-quelle-chaine-tv\/","og_locale":"fr_FR","og_type":"article","og_title":"FC S\u00e9ville - AS Rome : \u00c0 quelle heure et sur quelle cha\u00eene TV","og_description":"LIGUE EUROPA - Ce mercredi, le FC S\u00e9ville affronte l'AS Rome en finale de la Ligue Europa. D\u00e9couvrez le programme TV.","og_url":"https:\/\/dicodusport.fr\/blog\/fc-seville-as-rome-a-quelle-heure-et-sur-quelle-chaine-tv\/","og_site_name":"Dicodusport","article_publisher":"https:\/\/www.facebook.com\/dicodusport","article_author":"https:\/\/www.facebook.com\/dicodusport","article_published_time":"2023-05-29T12:50:24+00:00","article_modified_time":"2023-06-07T10:05:09+00:00","og_image":[{"width":800,"height":445,"url":"https:\/\/dicodusport.fr\/blog\/wp-content\/uploads\/2023\/05\/FC-Seville-AS-Rome-A-quelle-heure-et-sur-quelle-chaine-TV.png","type":"image\/png"}],"author":"Nicolas Jacquemard","twitter_card":"summary_large_image","twitter_title":"FC S\u00e9ville - AS Rome : \u00c0 quelle heure et sur quelle cha\u00eene TV","twitter_creator":"@https:\/\/twitter.com\/Nico_Jacquemard","twitter_site":"@dicodusport","schema":{"@context":"https:\/\/schema.org","@graph":[{"@type":"NewsArticle","@id":"https:\/\/dicodusport.fr\/blog\/fc-seville-as-rome-a-quelle-heure-et-sur-quelle-chaine-tv\/#article","isPartOf":{"@id":"https:\/\/dicodusport.fr\/blog\/fc-seville-as-rome-a-quelle-heure-et-sur-quelle-chaine-tv\/"},"author":{"name":"Nicolas Jacquemard","@id":"https:\/\/dicodusport.fr\/blog\/#\/schema\/person\/55dcb50ad410894e431ed812bbb70191"},"headline":"FC S\u00e9ville &#8211; AS Rome : \u00c0 quelle heure et sur quelle cha\u00eene TV","datePublished":"2023-05-29T12:50:24+00:00","dateModified":"2023-06-07T10:05:09+00:00","mainEntityOfPage":{"@id":"https:\/\/dicodusport.fr\/blog\/fc-seville-as-rome-a-quelle-heure-et-sur-quelle-chaine-tv\/"},"wordCount":364,"commentCount":0,"publisher":{"@id":"https:\/\/dicodusport.fr\/blog\/#organization"},"image":{"@id":"https:\/\/dicodusport.fr\/blog\/fc-seville-as-rome-a-quelle-heure-et-sur-quelle-chaine-tv\/#primaryimage"},"thumbnailUrl":"https:\/\/dicodusport.fr\/blog\/wp-content\/uploads\/2023\/05\/FC-Seville-AS-Rome-A-quelle-heure-et-sur-quelle-chaine-TV.png","keywords":["AS Rome","br\u00e8ve","Cha\u00eene","FC S\u00e9ville","Football","Heure","Horaire","Ligue Europa","Programme TV"],"articleSection":["Football"],"inLanguage":"fr-FR","potentialAction":[{"@type":"CommentAction","name":"Comment","target":["https:\/\/dicodusport.fr\/blog\/fc-seville-as-rome-a-quelle-heure-et-sur-quelle-chaine-tv\/#respond"]}],"copyrightYear":"2023","copyrightHolder":{"@id":"https:\/\/dicodusport.fr\/blog\/#organization"}},{"@type":"WebPage","@id":"https:\/\/dicodusport.fr\/blog\/fc-seville-as-rome-a-quelle-heure-et-sur-quelle-chaine-tv\/","url":"https:\/\/dicodusport.fr\/blog\/fc-seville-as-rome-a-quelle-heure-et-sur-quelle-chaine-tv\/","name":"FC S\u00e9ville - AS Rome : \u00c0 quelle heure et sur quelle cha\u00eene TV","isPartOf":{"@id":"https:\/\/dicodusport.fr\/blog\/#website"},"primaryImageOfPage":{"@id":"https:\/\/dicodusport.fr\/blog\/fc-seville-as-rome-a-quelle-heure-et-sur-quelle-chaine-tv\/#primaryimage"},"image":{"@id":"https:\/\/dicodusport.fr\/blog\/fc-seville-as-rome-a-quelle-heure-et-sur-quelle-chaine-tv\/#primaryimage"},"thumbnailUrl":"https:\/\/dicodusport.fr\/blog\/wp-content\/uploads\/2023\/05\/FC-Seville-AS-Rome-A-quelle-heure-et-sur-quelle-chaine-TV.png","datePublished":"2023-05-29T12:50:24+00:00","dateModified":"2023-06-07T10:05:09+00:00","description":"LIGUE EUROPA - Ce mercredi, le FC S\u00e9ville affronte l'AS Rome en finale de la Ligue Europa. D\u00e9couvrez le programme TV.","breadcrumb":{"@id":"https:\/\/dicodusport.fr\/blog\/fc-seville-as-rome-a-quelle-heure-et-sur-quelle-chaine-tv\/#breadcrumb"},"inLanguage":"fr-FR","potentialAction":[{"@type":"ReadAction","target":["https:\/\/dicodusport.fr\/blog\/fc-seville-as-rome-a-quelle-heure-et-sur-quelle-chaine-tv\/"]}]},{"@type":"ImageObject","inLanguage":"fr-FR","@id":"https:\/\/dicodusport.fr\/blog\/fc-seville-as-rome-a-quelle-heure-et-sur-quelle-chaine-tv\/#primaryimage","url":"https:\/\/dicodusport.fr\/blog\/wp-content\/uploads\/2023\/05\/FC-Seville-AS-Rome-A-quelle-heure-et-sur-quelle-chaine-TV.png","contentUrl":"https:\/\/dicodusport.fr\/blog\/wp-content\/uploads\/2023\/05\/FC-Seville-AS-Rome-A-quelle-heure-et-sur-quelle-chaine-TV.png","width":800,"height":445},{"@type":"BreadcrumbList","@id":"https:\/\/dicodusport.fr\/blog\/fc-seville-as-rome-a-quelle-heure-et-sur-quelle-chaine-tv\/#breadcrumb","itemListElement":[{"@type":"ListItem","position":1,"name":"Accueil","item":"https:\/\/dicodusport.fr\/blog\/"},{"@type":"ListItem","position":2,"name":"FC S\u00e9ville &#8211; AS Rome : \u00c0 quelle heure et sur quelle cha\u00eene TV"}]},{"@type":"WebSite","@id":"https:\/\/dicodusport.fr\/blog\/#website","url":"https:\/\/dicodusport.fr\/blog\/","name":"Dicodusport","description":"L&#039;encyclop\u00e9die de l&#039;actualit\u00e9 sportive","publisher":{"@id":"https:\/\/dicodusport.fr\/blog\/#organization"},"potentialAction":[{"@type":"SearchAction","target":{"@type":"EntryPoint","urlTemplate":"https:\/\/dicodusport.fr\/blog\/?s={search_term_string}"},"query-input":{"@type":"PropertyValueSpecification","valueRequired":true,"valueName":"search_term_string"}}],"inLanguage":"fr-FR"},{"@type":"NewsMediaOrganization","@id":"https:\/\/dicodusport.fr\/blog\/#organization","name":"Dicodusport","url":"https:\/\/dicodusport.fr\/blog\/","logo":{"@type":"ImageObject","inLanguage":"fr-FR","@id":"https:\/\/dicodusport.fr\/blog\/#\/schema\/logo\/image\/","url":"https:\/\/dicodusport.fr\/blog\/wp-content\/uploads\/2020\/06\/cropped-LOGO-DICODUSPORT-2020-SANS-FOND-SANS-TEXTE.png","contentUrl":"https:\/\/dicodusport.fr\/blog\/wp-content\/uploads\/2020\/06\/cropped-LOGO-DICODUSPORT-2020-SANS-FOND-SANS-TEXTE.png","width":512,"height":512,"caption":"Dicodusport"},"image":{"@id":"https:\/\/dicodusport.fr\/blog\/#\/schema\/logo\/image\/"},"sameAs":["https:\/\/www.facebook.com\/dicodusport","https:\/\/x.com\/dicodusport","https:\/\/www.instagram.com\/dicodusport\/","https:\/\/www.youtube.com\/channel\/UC7V2KZ5sd3htJivAbA4ZG3w"],"description":"Dicodusport est l'encyclop\u00e9die de l'actualit\u00e9 sportive.","email":"bonjour@dicodusport.fr","legalName":"DICODUSPORT","foundingDate":"2018-01-14","vatID":"FR71834470973","taxID":"83447097300043","numberOfEmployees":{"@type":"QuantitativeValue","minValue":"1","maxValue":"10"}},{"@type":"Person","@id":"https:\/\/dicodusport.fr\/blog\/#\/schema\/person\/55dcb50ad410894e431ed812bbb70191","name":"Nicolas Jacquemard","image":{"@type":"ImageObject","inLanguage":"fr-FR","@id":"https:\/\/dicodusport.fr\/blog\/#\/schema\/person\/image\/","url":"https:\/\/dicodusport.fr\/blog\/wp-content\/uploads\/2021\/05\/Nicolas-Jacquemard-150x150.jpeg","contentUrl":"https:\/\/dicodusport.fr\/blog\/wp-content\/uploads\/2021\/05\/Nicolas-Jacquemard-150x150.jpeg","caption":"Nicolas Jacquemard"},"description":"Passionn\u00e9 de sport et entrepreneur depuis mes 18 ans, la cr\u00e9ation de Dicodusport m'a sembl\u00e9 \u00e9vidente pour participer \u00e0 la m\u00e9diatisation d'un plus grand nombre de sports. Le chemin est long mais avec une \u00e9quipe des plus motiv\u00e9es et les Jeux Olympiques de Paris 2024 en point de mire, nous y arriverons ! Journaliste dans le monde du sport depuis plus de 5 ans, je traite aussi bien de football, de rugby, de biathlon que de cyclisme.","sameAs":["https:\/\/www.facebook.com\/dicodusport","https:\/\/x.com\/https:\/\/twitter.com\/Nico_Jacquemard"],"url":"https:\/\/dicodusport.fr\/blog\/author\/dicodusport\/"}]}},"_links":{"self":[{"href":"https:\/\/dicodusport.fr\/blog\/wp-json\/wp\/v2\/posts\/386439","targetHints":{"allow":["GET"]}}],"collection":[{"href":"https:\/\/dicodusport.fr\/blog\/wp-json\/wp\/v2\/posts"}],"about":[{"href":"https:\/\/dicodusport.fr\/blog\/wp-json\/wp\/v2\/types\/post"}],"author":[{"embeddable":true,"href":"https:\/\/dicodusport.fr\/blog\/wp-json\/wp\/v2\/users\/1"}],"replies":[{"embeddable":true,"href":"https:\/\/dicodusport.fr\/blog\/wp-json\/wp\/v2\/comments?post=386439"}],"version-history":[{"count":0,"href":"https:\/\/dicodusport.fr\/blog\/wp-json\/wp\/v2\/posts\/386439\/revisions"}],"wp:featuredmedia":[{"embeddable":true,"href":"https:\/\/dicodusport.fr\/blog\/wp-json\/wp\/v2\/media\/386448"}],"wp:attachment":[{"href":"https:\/\/dicodusport.fr\/blog\/wp-json\/wp\/v2\/media?parent=386439"}],"wp:term":[{"taxonomy":"category","embeddable":true,"href":"https:\/\/dicodusport.fr\/blog\/wp-json\/wp\/v2\/categories?post=386439"},{"taxonomy":"post_tag","embeddable":true,"href":"https:\/\/dicodusport.fr\/blog\/wp-json\/wp\/v2\/tags?post=386439"}],"curies":[{"name":"wp","href":"https:\/\/api.w.org\/{rel}","templated":true}]}}