{"id":38647,"date":"2019-05-09T08:30:10","date_gmt":"2019-05-09T06:30:10","guid":{"rendered":"http:\/\/dicodusport.fr\/blog\/?p=38647"},"modified":"2019-05-09T12:05:56","modified_gmt":"2019-05-09T10:05:56","slug":"david-ferrer-la-fin-d-une-sacree-carriere","status":"publish","type":"post","link":"https:\/\/dicodusport.fr\/blog\/david-ferrer-la-fin-d-une-sacree-carriere\/","title":{"rendered":"David Ferrer, la fin d&rsquo;une sacr\u00e9e carri\u00e8re"},"content":{"rendered":"<p style=\"text-align: justify;\"><strong><em><a href=\"https:\/\/www.atptour.com\/en\/players\/david-ferrer\/f401\/overview\" target=\"_blank\" rel=\"noopener\">David Ferrer<\/a>, 37 ans, a mis fin \u00e0 sa carri\u00e8re sur sa terre natale \u00e0 l&rsquo;issue du <a href=\"https:\/\/www.madrid-open.com\/\" target=\"_blank\" rel=\"noopener\">Masters 1000 de Madrid<\/a>, apr\u00e8s sa d\u00e9faite au 2\u00e8me tour face \u00e0 l&rsquo;Allemand Alexander Zverer. Retour sur une remarquable carri\u00e8re.<\/em><\/strong><\/p>\n<p style=\"text-align: justify;\"><strong>David Ferrer<\/strong> l&rsquo;avait annonc\u00e9 en ao\u00fbt 2018, c&rsquo;est d\u00e9sormais chose faite. L&rsquo;Espagnol a enlev\u00e9 son bandana, rang\u00e9 sa raquette et a donc mis fin \u00e0 une carri\u00e8re professionnelle de plus de 19 ans, entam\u00e9e \u00e0 l&rsquo;entr\u00e9e du 21\u00e8me si\u00e8cle. Il aura pass\u00e9 une partie de sa carri\u00e8re dans l&rsquo;ombre de son compatriote et ami <strong>Rafael Nadal<\/strong>. N\u00e9anmoins, il n&rsquo;est pas inconnu du circuit et pour cause\u00a0: <strong>pas moins de 27 titres remport\u00e9s sur les tournois ATP ( 1 ATP 1000, 10 ATP 500, 16 ATP 250) et 7 saisons dans le top 10.<\/strong><\/p>\n<p style=\"text-align: justify;\">D&rsquo;abord ax\u00e9 sur un style d\u00e9fensif, <strong><em>Ferru<\/em><\/strong>, comme il est surnomm\u00e9 par les joueurs du circuit, fait partie des tennismen qui ont su faire \u00e9voluer leur style de jeu pour avoir aujourd&rsquo;hui un style beaucoup plus offensif. De plus, il poss\u00e8de un tr\u00e8s bon coup droit et une vitesse de d\u00e9placement rapide. Autre caract\u00e9ristique du nouveau retrait\u00e9\u00a0: sa taille. En effet, la taille moyenne sur le circuit est de 1m80, <strong>Ferrer<\/strong>, lui, ne fait que 1m75.\u00a0\u00c0 l&rsquo;image de nombreux de ses compatriotes, la terre battue est son terrain de jeu privil\u00e9gi\u00e9. Mais c&rsquo;est \u00e9galement un joueur redoutable sur dur et loin d&rsquo;\u00eatre ridicule sur gazon. Il laissera ind\u00e9niablement un vide sur le circuit.<\/p>\n<h1 style=\"text-align: justify;\">Les ann\u00e9es marquantes<\/h1>\n<p style=\"text-align: justify;\">Ferrer remporte son premier titre ATP \u00e0 Bucarest en 2002, il n&rsquo;est \u00e0 ce moment-l\u00e0 encore qu&rsquo;un espoir du tennis espagnol mais ne tardera pas \u00e0 confirmer l&rsquo;\u00e9tendue de son talent. <strong>Il \u00e9clot alors aux yeux du grand public en 2005<\/strong>. <strong>D&rsquo;abord aux \u00c9tats-Unis o\u00f9 il atteint les demi-finales \u00e0 Miami, puis en France avec un remarquable quart de finale \u00e0 Roland-Garros. Deux matchs perdus face \u00e0 Nadal qui sera \u00e0 plusieurs reprises son bourreau<\/strong>. D\u00e9termin\u00e9, <strong><em>Ferru<\/em><\/strong> confirmera en \u00e9tant tr\u00e8s r\u00e9gulier tout au long de ses saisons en se hissant r\u00e9guli\u00e8rement en quarts de finale des tournois du Grand Chelem, et en remportant plusieurs tournois ATP.<\/p>\n<div id=\"attachment_38698\" style=\"width: 858px\" class=\"wp-caption aligncenter\"><img loading=\"lazy\" decoding=\"async\" aria-describedby=\"caption-attachment-38698\" class=\"size-full wp-image-38698\" src=\"http:\/\/dicodusport.fr\/blog\/wp-content\/uploads\/2019\/05\/David-Ferrer-et-Rafael-Nadal-les-meilleurs-ennemis-Getty-Images.jpg\" alt=\"\" width=\"848\" height=\"586\" srcset=\"https:\/\/dicodusport.fr\/blog\/wp-content\/uploads\/2019\/05\/David-Ferrer-et-Rafael-Nadal-les-meilleurs-ennemis-Getty-Images.jpg 848w, https:\/\/dicodusport.fr\/blog\/wp-content\/uploads\/2019\/05\/David-Ferrer-et-Rafael-Nadal-les-meilleurs-ennemis-Getty-Images-300x207.jpg 300w, https:\/\/dicodusport.fr\/blog\/wp-content\/uploads\/2019\/05\/David-Ferrer-et-Rafael-Nadal-les-meilleurs-ennemis-Getty-Images-768x531.jpg 768w, https:\/\/dicodusport.fr\/blog\/wp-content\/uploads\/2019\/05\/David-Ferrer-et-Rafael-Nadal-les-meilleurs-ennemis-Getty-Images-392x272.jpg 392w, https:\/\/dicodusport.fr\/blog\/wp-content\/uploads\/2019\/05\/David-Ferrer-et-Rafael-Nadal-les-meilleurs-ennemis-Getty-Images-130x90.jpg 130w\" sizes=\"auto, (max-width: 848px) 100vw, 848px\" \/><p id=\"caption-attachment-38698\" class=\"wp-caption-text\">David Ferrer et Rafael Nadal, les meilleurs ennemis &#8211; Getty Images<\/p><\/div>\n<p style=\"text-align: justify;\"><strong>Cette r\u00e9gularit\u00e9 sera r\u00e9compens\u00e9e lorsqu&rsquo;il atteint la troisi\u00e8me place au classement ATP en 2013<\/strong>. La m\u00eame ann\u00e9e, il se hisse en finale de Roland-Garros mais croise \u00e0 nouveau sur son chemin le ma\u00eetre incontestable de la terre battue\u00a0: <strong>Rafael Nadal<\/strong>. Par la suite, Ferrer ne d\u00e9passera plus les quarts de finale de Grand Chelem mais continuera \u00e0 remporter des titres et \u00e0 finir ses saisons dans le top 10, jusqu&rsquo;en 2016. Cette ann\u00e9e-l\u00e0, l&rsquo;Espagnol se blesse \u00e0 la jambe \u00e0 Monte-Carlo et lors de son retour, les r\u00e9sultats ne suivent pas. Il sort ainsi du top 20, une premi\u00e8re depuis 2004. S&rsquo;en suivent alors deux saisons de d\u00e9clin progressif.\u00a0<strong>Il annonce alors prendre sa retraite apr\u00e8s les tournois de Barcelone et Madrid de 2019, sur sa terre natale<\/strong>.<\/p>\n<p style=\"text-align: justify;\">Tout au long de sa carri\u00e8re, David Ferrer s&rsquo;est \u00e9galement distingu\u00e9 avec l&rsquo;\u00e9quipe nationale d&rsquo;Espagne en Coupe Davis r\u00e9pondant syst\u00e9matiquement pr\u00e9sent. <strong>Il a ainsi remport\u00e9 soulev\u00e9 le plus c\u00e9l\u00e8bres des saladiers \u00e0 trois reprises, en 2008, 2009 et 2011<\/strong>.<\/p>\n<h1 style=\"text-align: justify;\">Un dernier hommage<\/h1>\n<p style=\"text-align: justify;\">Les organisateurs du Masters 1000 de Madrid ont d\u00e9cid\u00e9 de lui offrir une wild-card et ont tenu \u00e0 lui rendre hommage. Un \u00e9v\u00e8nement que les t\u00eates d&rsquo;affiche du tournoi tels que\u00a0Nadal, Federer, Thiem ou encore Cilic et Del Potro n&rsquo;ont pas manqu\u00e9.<\/p>\n<p><span class=\"RU2jki6Qf0bKkPL3OldZYTsJXGoMOop1C3SsxFHBgt15lrucah65MAICUFmxwd7nGrHEeJ48TDvizzcKAPjYeVvn02Qfg\"><\/p>\n<blockquote class=\"twitter-tweet\" data-width=\"550\" data-dnt=\"true\">\n<p lang=\"en\" dir=\"ltr\">A special presentation for a special player \ud83d\ude03<a href=\"https:\/\/twitter.com\/hashtag\/GraciasFerru?src=hash&amp;ref_src=twsrc%5Etfw\">#GraciasFerru<\/a> <a href=\"https:\/\/twitter.com\/DavidFerrer87?ref_src=twsrc%5Etfw\">@DavidFerrer87<\/a> <a href=\"https:\/\/t.co\/MgdAmidH4l\">pic.twitter.com\/MgdAmidH4l<\/a><\/p>\n<p>&mdash; ATP Tour (@atptour) <a href=\"https:\/\/twitter.com\/atptour\/status\/1125115724215783424?ref_src=twsrc%5Etfw\">May 5, 2019<\/a><\/p><\/blockquote>\n<p><script async src=\"https:\/\/platform.twitter.com\/widgets.js\" charset=\"utf-8\"><\/script><\/span><\/p>\n<p style=\"text-align: justify;\">David Ferrer aura donc men\u00e9 une tr\u00e8s belle carri\u00e8re. Mais \u00e0 l&rsquo;image de beaucoup d&rsquo;autres joueurs du top 20, <strong>il a d\u00fb faire face au Big Four (Federer, Nadal, Djokovic, Murray)<\/strong>, ce qui l&rsquo;a sans doute emp\u00each\u00e9 de gagner plus, et notamment de triompher en Grand Chelem. Gracias <em>Ferru,<\/em> et bon vent !<\/p>\n<p><em><strong>Quentin Marchesan<br \/>\n<a href=\"https:\/\/twitter.com\/quentinmrchs\"><img loading=\"lazy\" decoding=\"async\" class=\"alignnone wp-image-2908\" src=\"http:\/\/dicodusport.fr\/blog\/wp-content\/uploads\/2017\/07\/logo-twitter-150x150.png\" alt=\"\" width=\"39\" height=\"39\" \/><\/a><\/strong><\/em><\/p>\n","protected":false},"excerpt":{"rendered":"<p>David Ferrer, 37 ans, a mis fin \u00e0 sa carri\u00e8re sur sa terre natale \u00e0 l&rsquo;issue du Masters 1000 de Madrid. Retour sur une remarquable carri\u00e8re.<\/p>\n","protected":false},"author":36,"featured_media":38701,"comment_status":"open","ping_status":"closed","sticky":false,"template":"","format":"standard","meta":{"_acf_changed":false,"_daextam_enable_autolinks":"","footnotes":""},"categories":[2,2365,2302],"tags":[4587,7790,3223],"class_list":["post-38647","post","type-post","status-publish","format-standard","has-post-thumbnail","hentry","category-actualites","category-sports-de-raquette","category-tennis","tag-atp-barcelone","tag-masters-1000-madrid","tag-rafael-nadal"],"acf":[],"yoast_head":"<!-- This site is optimized with the Yoast SEO Premium plugin v26.7 (Yoast SEO v26.7) - https:\/\/yoast.com\/wordpress\/plugins\/seo\/ -->\n<title>David Ferrer, la fin d&#039;une sacr\u00e9e carri\u00e8re<\/title>\n<meta name=\"description\" content=\"David Ferrer, 37 ans, a mis fin \u00e0 sa carri\u00e8re sur sa terre natale \u00e0 l&#039;issue du Masters 1000 de Madrid. Retour sur une remarquable carri\u00e8re.\" \/>\n<meta name=\"robots\" content=\"index, follow, max-snippet:-1, max-image-preview:large, max-video-preview:-1\" \/>\n<link rel=\"canonical\" href=\"https:\/\/dicodusport.fr\/blog\/david-ferrer-la-fin-d-une-sacree-carriere\/\" \/>\n<meta property=\"og:locale\" content=\"fr_FR\" \/>\n<meta property=\"og:type\" content=\"article\" \/>\n<meta property=\"og:title\" content=\"David Ferrer, la fin d&#039;une sacr\u00e9e carri\u00e8re\" \/>\n<meta property=\"og:description\" content=\"David Ferrer, 37 ans, a mis fin \u00e0 sa carri\u00e8re sur sa terre natale \u00e0 l&#039;issue du Masters 1000 de Madrid. Retour sur une remarquable carri\u00e8re.\" \/>\n<meta property=\"og:url\" content=\"https:\/\/dicodusport.fr\/blog\/david-ferrer-la-fin-d-une-sacree-carriere\/\" \/>\n<meta property=\"og:site_name\" content=\"Dicodusport\" \/>\n<meta property=\"article:publisher\" content=\"https:\/\/www.facebook.com\/dicodusport\" \/>\n<meta property=\"article:published_time\" content=\"2019-05-09T06:30:10+00:00\" \/>\n<meta property=\"article:modified_time\" content=\"2019-05-09T10:05:56+00:00\" \/>\n<meta property=\"og:image\" content=\"https:\/\/dicodusport.fr\/blog\/wp-content\/uploads\/2019\/05\/Fin-de-carri\u00e8re-David-Ferrer.png\" \/>\n\t<meta property=\"og:image:width\" content=\"800\" \/>\n\t<meta property=\"og:image:height\" content=\"445\" \/>\n\t<meta property=\"og:image:type\" content=\"image\/png\" \/>\n<meta name=\"author\" content=\"Quentin Marchesan\" \/>\n<meta name=\"twitter:card\" content=\"summary_large_image\" \/>\n<meta name=\"twitter:creator\" content=\"@dicodusport\" \/>\n<meta name=\"twitter:site\" content=\"@dicodusport\" \/>\n<script type=\"application\/ld+json\" class=\"yoast-schema-graph\">{\"@context\":\"https:\/\/schema.org\",\"@graph\":[{\"@type\":\"NewsArticle\",\"@id\":\"https:\/\/dicodusport.fr\/blog\/david-ferrer-la-fin-d-une-sacree-carriere\/#article\",\"isPartOf\":{\"@id\":\"https:\/\/dicodusport.fr\/blog\/david-ferrer-la-fin-d-une-sacree-carriere\/\"},\"author\":{\"name\":\"Quentin Marchesan\",\"@id\":\"https:\/\/dicodusport.fr\/blog\/#\/schema\/person\/8bdbbe8b7c921dac0688440eee5a5d94\"},\"headline\":\"David Ferrer, la fin d&rsquo;une sacr\u00e9e carri\u00e8re\",\"datePublished\":\"2019-05-09T06:30:10+00:00\",\"dateModified\":\"2019-05-09T10:05:56+00:00\",\"mainEntityOfPage\":{\"@id\":\"https:\/\/dicodusport.fr\/blog\/david-ferrer-la-fin-d-une-sacree-carriere\/\"},\"wordCount\":686,\"commentCount\":0,\"publisher\":{\"@id\":\"https:\/\/dicodusport.fr\/blog\/#organization\"},\"image\":{\"@id\":\"https:\/\/dicodusport.fr\/blog\/david-ferrer-la-fin-d-une-sacree-carriere\/#primaryimage\"},\"thumbnailUrl\":\"https:\/\/dicodusport.fr\/blog\/wp-content\/uploads\/2019\/05\/Fin-de-carri\u00e8re-David-Ferrer.png\",\"keywords\":[\"ATP Barcelone\",\"Masters 1000 Madrid\",\"Rafael Nadal\"],\"articleSection\":[\"Actualit\u00e9s\",\"Sports de raquette\",\"Tennis\"],\"inLanguage\":\"fr-FR\",\"potentialAction\":[{\"@type\":\"CommentAction\",\"name\":\"Comment\",\"target\":[\"https:\/\/dicodusport.fr\/blog\/david-ferrer-la-fin-d-une-sacree-carriere\/#respond\"]}],\"copyrightYear\":\"2019\",\"copyrightHolder\":{\"@id\":\"https:\/\/dicodusport.fr\/blog\/#organization\"}},{\"@type\":\"WebPage\",\"@id\":\"https:\/\/dicodusport.fr\/blog\/david-ferrer-la-fin-d-une-sacree-carriere\/\",\"url\":\"https:\/\/dicodusport.fr\/blog\/david-ferrer-la-fin-d-une-sacree-carriere\/\",\"name\":\"David Ferrer, la fin d'une sacr\u00e9e carri\u00e8re\",\"isPartOf\":{\"@id\":\"https:\/\/dicodusport.fr\/blog\/#website\"},\"primaryImageOfPage\":{\"@id\":\"https:\/\/dicodusport.fr\/blog\/david-ferrer-la-fin-d-une-sacree-carriere\/#primaryimage\"},\"image\":{\"@id\":\"https:\/\/dicodusport.fr\/blog\/david-ferrer-la-fin-d-une-sacree-carriere\/#primaryimage\"},\"thumbnailUrl\":\"https:\/\/dicodusport.fr\/blog\/wp-content\/uploads\/2019\/05\/Fin-de-carri\u00e8re-David-Ferrer.png\",\"datePublished\":\"2019-05-09T06:30:10+00:00\",\"dateModified\":\"2019-05-09T10:05:56+00:00\",\"description\":\"David Ferrer, 37 ans, a mis fin \u00e0 sa carri\u00e8re sur sa terre natale \u00e0 l'issue du Masters 1000 de Madrid. Retour sur une remarquable carri\u00e8re.\",\"breadcrumb\":{\"@id\":\"https:\/\/dicodusport.fr\/blog\/david-ferrer-la-fin-d-une-sacree-carriere\/#breadcrumb\"},\"inLanguage\":\"fr-FR\",\"potentialAction\":[{\"@type\":\"ReadAction\",\"target\":[\"https:\/\/dicodusport.fr\/blog\/david-ferrer-la-fin-d-une-sacree-carriere\/\"]}]},{\"@type\":\"ImageObject\",\"inLanguage\":\"fr-FR\",\"@id\":\"https:\/\/dicodusport.fr\/blog\/david-ferrer-la-fin-d-une-sacree-carriere\/#primaryimage\",\"url\":\"https:\/\/dicodusport.fr\/blog\/wp-content\/uploads\/2019\/05\/Fin-de-carri\u00e8re-David-Ferrer.png\",\"contentUrl\":\"https:\/\/dicodusport.fr\/blog\/wp-content\/uploads\/2019\/05\/Fin-de-carri\u00e8re-David-Ferrer.png\",\"width\":800,\"height\":445},{\"@type\":\"BreadcrumbList\",\"@id\":\"https:\/\/dicodusport.fr\/blog\/david-ferrer-la-fin-d-une-sacree-carriere\/#breadcrumb\",\"itemListElement\":[{\"@type\":\"ListItem\",\"position\":1,\"name\":\"Accueil\",\"item\":\"https:\/\/dicodusport.fr\/blog\/\"},{\"@type\":\"ListItem\",\"position\":2,\"name\":\"David Ferrer, la fin d&rsquo;une sacr\u00e9e carri\u00e8re\"}]},{\"@type\":\"WebSite\",\"@id\":\"https:\/\/dicodusport.fr\/blog\/#website\",\"url\":\"https:\/\/dicodusport.fr\/blog\/\",\"name\":\"Dicodusport\",\"description\":\"L&#039;encyclop\u00e9die de l&#039;actualit\u00e9 sportive\",\"publisher\":{\"@id\":\"https:\/\/dicodusport.fr\/blog\/#organization\"},\"potentialAction\":[{\"@type\":\"SearchAction\",\"target\":{\"@type\":\"EntryPoint\",\"urlTemplate\":\"https:\/\/dicodusport.fr\/blog\/?s={search_term_string}\"},\"query-input\":{\"@type\":\"PropertyValueSpecification\",\"valueRequired\":true,\"valueName\":\"search_term_string\"}}],\"inLanguage\":\"fr-FR\"},{\"@type\":\"NewsMediaOrganization\",\"@id\":\"https:\/\/dicodusport.fr\/blog\/#organization\",\"name\":\"Dicodusport\",\"url\":\"https:\/\/dicodusport.fr\/blog\/\",\"logo\":{\"@type\":\"ImageObject\",\"inLanguage\":\"fr-FR\",\"@id\":\"https:\/\/dicodusport.fr\/blog\/#\/schema\/logo\/image\/\",\"url\":\"https:\/\/dicodusport.fr\/blog\/wp-content\/uploads\/2020\/06\/cropped-LOGO-DICODUSPORT-2020-SANS-FOND-SANS-TEXTE.png\",\"contentUrl\":\"https:\/\/dicodusport.fr\/blog\/wp-content\/uploads\/2020\/06\/cropped-LOGO-DICODUSPORT-2020-SANS-FOND-SANS-TEXTE.png\",\"width\":512,\"height\":512,\"caption\":\"Dicodusport\"},\"image\":{\"@id\":\"https:\/\/dicodusport.fr\/blog\/#\/schema\/logo\/image\/\"},\"sameAs\":[\"https:\/\/www.facebook.com\/dicodusport\",\"https:\/\/x.com\/dicodusport\",\"https:\/\/www.instagram.com\/dicodusport\/\",\"https:\/\/www.youtube.com\/channel\/UC7V2KZ5sd3htJivAbA4ZG3w\"],\"description\":\"Dicodusport est l'encyclop\u00e9die de l'actualit\u00e9 sportive.\",\"email\":\"bonjour@dicodusport.fr\",\"legalName\":\"DICODUSPORT\",\"foundingDate\":\"2018-01-14\",\"vatID\":\"FR71834470973\",\"taxID\":\"83447097300043\",\"numberOfEmployees\":{\"@type\":\"QuantitativeValue\",\"minValue\":\"1\",\"maxValue\":\"10\"}},{\"@type\":\"Person\",\"@id\":\"https:\/\/dicodusport.fr\/blog\/#\/schema\/person\/8bdbbe8b7c921dac0688440eee5a5d94\",\"name\":\"Quentin Marchesan\",\"image\":{\"@type\":\"ImageObject\",\"inLanguage\":\"fr-FR\",\"@id\":\"https:\/\/dicodusport.fr\/blog\/#\/schema\/person\/image\/\",\"url\":\"https:\/\/dicodusport.fr\/blog\/wp-content\/uploads\/2019\/02\/Quentin-face-\u00e0-face-150x150.jpg\",\"contentUrl\":\"https:\/\/dicodusport.fr\/blog\/wp-content\/uploads\/2019\/02\/Quentin-face-\u00e0-face-150x150.jpg\",\"caption\":\"Quentin Marchesan\"},\"url\":\"https:\/\/dicodusport.fr\/blog\/author\/quentin\/\"}]}<\/script>\n<!-- \/ Yoast SEO Premium plugin. -->","yoast_head_json":{"title":"David Ferrer, la fin d'une sacr\u00e9e carri\u00e8re","description":"David Ferrer, 37 ans, a mis fin \u00e0 sa carri\u00e8re sur sa terre natale \u00e0 l'issue du Masters 1000 de Madrid. Retour sur une remarquable carri\u00e8re.","robots":{"index":"index","follow":"follow","max-snippet":"max-snippet:-1","max-image-preview":"max-image-preview:large","max-video-preview":"max-video-preview:-1"},"canonical":"https:\/\/dicodusport.fr\/blog\/david-ferrer-la-fin-d-une-sacree-carriere\/","og_locale":"fr_FR","og_type":"article","og_title":"David Ferrer, la fin d'une sacr\u00e9e carri\u00e8re","og_description":"David Ferrer, 37 ans, a mis fin \u00e0 sa carri\u00e8re sur sa terre natale \u00e0 l'issue du Masters 1000 de Madrid. Retour sur une remarquable carri\u00e8re.","og_url":"https:\/\/dicodusport.fr\/blog\/david-ferrer-la-fin-d-une-sacree-carriere\/","og_site_name":"Dicodusport","article_publisher":"https:\/\/www.facebook.com\/dicodusport","article_published_time":"2019-05-09T06:30:10+00:00","article_modified_time":"2019-05-09T10:05:56+00:00","og_image":[{"width":800,"height":445,"url":"https:\/\/dicodusport.fr\/blog\/wp-content\/uploads\/2019\/05\/Fin-de-carri\u00e8re-David-Ferrer.png","type":"image\/png"}],"author":"Quentin Marchesan","twitter_card":"summary_large_image","twitter_creator":"@dicodusport","twitter_site":"@dicodusport","schema":{"@context":"https:\/\/schema.org","@graph":[{"@type":"NewsArticle","@id":"https:\/\/dicodusport.fr\/blog\/david-ferrer-la-fin-d-une-sacree-carriere\/#article","isPartOf":{"@id":"https:\/\/dicodusport.fr\/blog\/david-ferrer-la-fin-d-une-sacree-carriere\/"},"author":{"name":"Quentin Marchesan","@id":"https:\/\/dicodusport.fr\/blog\/#\/schema\/person\/8bdbbe8b7c921dac0688440eee5a5d94"},"headline":"David Ferrer, la fin d&rsquo;une sacr\u00e9e carri\u00e8re","datePublished":"2019-05-09T06:30:10+00:00","dateModified":"2019-05-09T10:05:56+00:00","mainEntityOfPage":{"@id":"https:\/\/dicodusport.fr\/blog\/david-ferrer-la-fin-d-une-sacree-carriere\/"},"wordCount":686,"commentCount":0,"publisher":{"@id":"https:\/\/dicodusport.fr\/blog\/#organization"},"image":{"@id":"https:\/\/dicodusport.fr\/blog\/david-ferrer-la-fin-d-une-sacree-carriere\/#primaryimage"},"thumbnailUrl":"https:\/\/dicodusport.fr\/blog\/wp-content\/uploads\/2019\/05\/Fin-de-carri\u00e8re-David-Ferrer.png","keywords":["ATP Barcelone","Masters 1000 Madrid","Rafael Nadal"],"articleSection":["Actualit\u00e9s","Sports de raquette","Tennis"],"inLanguage":"fr-FR","potentialAction":[{"@type":"CommentAction","name":"Comment","target":["https:\/\/dicodusport.fr\/blog\/david-ferrer-la-fin-d-une-sacree-carriere\/#respond"]}],"copyrightYear":"2019","copyrightHolder":{"@id":"https:\/\/dicodusport.fr\/blog\/#organization"}},{"@type":"WebPage","@id":"https:\/\/dicodusport.fr\/blog\/david-ferrer-la-fin-d-une-sacree-carriere\/","url":"https:\/\/dicodusport.fr\/blog\/david-ferrer-la-fin-d-une-sacree-carriere\/","name":"David Ferrer, la fin d'une sacr\u00e9e carri\u00e8re","isPartOf":{"@id":"https:\/\/dicodusport.fr\/blog\/#website"},"primaryImageOfPage":{"@id":"https:\/\/dicodusport.fr\/blog\/david-ferrer-la-fin-d-une-sacree-carriere\/#primaryimage"},"image":{"@id":"https:\/\/dicodusport.fr\/blog\/david-ferrer-la-fin-d-une-sacree-carriere\/#primaryimage"},"thumbnailUrl":"https:\/\/dicodusport.fr\/blog\/wp-content\/uploads\/2019\/05\/Fin-de-carri\u00e8re-David-Ferrer.png","datePublished":"2019-05-09T06:30:10+00:00","dateModified":"2019-05-09T10:05:56+00:00","description":"David Ferrer, 37 ans, a mis fin \u00e0 sa carri\u00e8re sur sa terre natale \u00e0 l'issue du Masters 1000 de Madrid. Retour sur une remarquable carri\u00e8re.","breadcrumb":{"@id":"https:\/\/dicodusport.fr\/blog\/david-ferrer-la-fin-d-une-sacree-carriere\/#breadcrumb"},"inLanguage":"fr-FR","potentialAction":[{"@type":"ReadAction","target":["https:\/\/dicodusport.fr\/blog\/david-ferrer-la-fin-d-une-sacree-carriere\/"]}]},{"@type":"ImageObject","inLanguage":"fr-FR","@id":"https:\/\/dicodusport.fr\/blog\/david-ferrer-la-fin-d-une-sacree-carriere\/#primaryimage","url":"https:\/\/dicodusport.fr\/blog\/wp-content\/uploads\/2019\/05\/Fin-de-carri\u00e8re-David-Ferrer.png","contentUrl":"https:\/\/dicodusport.fr\/blog\/wp-content\/uploads\/2019\/05\/Fin-de-carri\u00e8re-David-Ferrer.png","width":800,"height":445},{"@type":"BreadcrumbList","@id":"https:\/\/dicodusport.fr\/blog\/david-ferrer-la-fin-d-une-sacree-carriere\/#breadcrumb","itemListElement":[{"@type":"ListItem","position":1,"name":"Accueil","item":"https:\/\/dicodusport.fr\/blog\/"},{"@type":"ListItem","position":2,"name":"David Ferrer, la fin d&rsquo;une sacr\u00e9e carri\u00e8re"}]},{"@type":"WebSite","@id":"https:\/\/dicodusport.fr\/blog\/#website","url":"https:\/\/dicodusport.fr\/blog\/","name":"Dicodusport","description":"L&#039;encyclop\u00e9die de l&#039;actualit\u00e9 sportive","publisher":{"@id":"https:\/\/dicodusport.fr\/blog\/#organization"},"potentialAction":[{"@type":"SearchAction","target":{"@type":"EntryPoint","urlTemplate":"https:\/\/dicodusport.fr\/blog\/?s={search_term_string}"},"query-input":{"@type":"PropertyValueSpecification","valueRequired":true,"valueName":"search_term_string"}}],"inLanguage":"fr-FR"},{"@type":"NewsMediaOrganization","@id":"https:\/\/dicodusport.fr\/blog\/#organization","name":"Dicodusport","url":"https:\/\/dicodusport.fr\/blog\/","logo":{"@type":"ImageObject","inLanguage":"fr-FR","@id":"https:\/\/dicodusport.fr\/blog\/#\/schema\/logo\/image\/","url":"https:\/\/dicodusport.fr\/blog\/wp-content\/uploads\/2020\/06\/cropped-LOGO-DICODUSPORT-2020-SANS-FOND-SANS-TEXTE.png","contentUrl":"https:\/\/dicodusport.fr\/blog\/wp-content\/uploads\/2020\/06\/cropped-LOGO-DICODUSPORT-2020-SANS-FOND-SANS-TEXTE.png","width":512,"height":512,"caption":"Dicodusport"},"image":{"@id":"https:\/\/dicodusport.fr\/blog\/#\/schema\/logo\/image\/"},"sameAs":["https:\/\/www.facebook.com\/dicodusport","https:\/\/x.com\/dicodusport","https:\/\/www.instagram.com\/dicodusport\/","https:\/\/www.youtube.com\/channel\/UC7V2KZ5sd3htJivAbA4ZG3w"],"description":"Dicodusport est l'encyclop\u00e9die de l'actualit\u00e9 sportive.","email":"bonjour@dicodusport.fr","legalName":"DICODUSPORT","foundingDate":"2018-01-14","vatID":"FR71834470973","taxID":"83447097300043","numberOfEmployees":{"@type":"QuantitativeValue","minValue":"1","maxValue":"10"}},{"@type":"Person","@id":"https:\/\/dicodusport.fr\/blog\/#\/schema\/person\/8bdbbe8b7c921dac0688440eee5a5d94","name":"Quentin Marchesan","image":{"@type":"ImageObject","inLanguage":"fr-FR","@id":"https:\/\/dicodusport.fr\/blog\/#\/schema\/person\/image\/","url":"https:\/\/dicodusport.fr\/blog\/wp-content\/uploads\/2019\/02\/Quentin-face-\u00e0-face-150x150.jpg","contentUrl":"https:\/\/dicodusport.fr\/blog\/wp-content\/uploads\/2019\/02\/Quentin-face-\u00e0-face-150x150.jpg","caption":"Quentin Marchesan"},"url":"https:\/\/dicodusport.fr\/blog\/author\/quentin\/"}]}},"_links":{"self":[{"href":"https:\/\/dicodusport.fr\/blog\/wp-json\/wp\/v2\/posts\/38647","targetHints":{"allow":["GET"]}}],"collection":[{"href":"https:\/\/dicodusport.fr\/blog\/wp-json\/wp\/v2\/posts"}],"about":[{"href":"https:\/\/dicodusport.fr\/blog\/wp-json\/wp\/v2\/types\/post"}],"author":[{"embeddable":true,"href":"https:\/\/dicodusport.fr\/blog\/wp-json\/wp\/v2\/users\/36"}],"replies":[{"embeddable":true,"href":"https:\/\/dicodusport.fr\/blog\/wp-json\/wp\/v2\/comments?post=38647"}],"version-history":[{"count":0,"href":"https:\/\/dicodusport.fr\/blog\/wp-json\/wp\/v2\/posts\/38647\/revisions"}],"wp:featuredmedia":[{"embeddable":true,"href":"https:\/\/dicodusport.fr\/blog\/wp-json\/wp\/v2\/media\/38701"}],"wp:attachment":[{"href":"https:\/\/dicodusport.fr\/blog\/wp-json\/wp\/v2\/media?parent=38647"}],"wp:term":[{"taxonomy":"category","embeddable":true,"href":"https:\/\/dicodusport.fr\/blog\/wp-json\/wp\/v2\/categories?post=38647"},{"taxonomy":"post_tag","embeddable":true,"href":"https:\/\/dicodusport.fr\/blog\/wp-json\/wp\/v2\/tags?post=38647"}],"curies":[{"name":"wp","href":"https:\/\/api.w.org\/{rel}","templated":true}]}}