{"id":386591,"date":"2023-05-31T11:07:13","date_gmt":"2023-05-31T09:07:13","guid":{"rendered":"https:\/\/dicodusport.fr\/blog\/?p=386591&#038;preview=true&#038;preview_id=386591"},"modified":"2023-05-31T14:56:08","modified_gmt":"2023-05-31T12:56:08","slug":"meeting-de-montreuil-2023-zango-camacho-quinn-le-plateau-en-detail","status":"publish","type":"post","link":"https:\/\/dicodusport.fr\/blog\/meeting-de-montreuil-2023-zango-camacho-quinn-le-plateau-en-detail\/","title":{"rendered":"Meeting de Montreuil 2023 : Zango, Camacho-Quinn, le plateau en d\u00e9tail"},"content":{"rendered":"<p align=\"justify\"><em><strong><a href=\"https:\/\/dicodusport.fr\/blog\/meeting-de-montreuil-2023-programme-complet-et-resultats\/\">MEETING DE MONTREUIL 2023<\/a> &#8211; Jasmine Camacho-Quinn et Hugues-Fabrice Zango sont les t\u00eates d&rsquo;affiches de l&rsquo;\u00e9dition 2023. Tour d&rsquo;horizon d&rsquo;une comp\u00e9tition qui promet beaucoup.<\/strong><\/em><\/p>\n<h2 style=\"text-align: justify;\" align=\"justify\">Camacho-Quinn en guest star<\/h2>\n<p align=\"justify\">Une championne olympique \u00e0 Montreuil. Comme chaque ann\u00e9e, le rendez-vous francilien sait attirer les grands champions et les grandes championnes. Cette ann\u00e9e, le 100 m haies f\u00e9minin sera en vue, avec la venue de <strong>Jasmine Camacho-Quinn<\/strong>. Qui a \u00e9t\u00e9 sacr\u00e9e \u00e0 Tokyo en 2021, avant d&rsquo;\u00eatre vice-championne du monde l&rsquo;\u00e9t\u00e9 dernier. Elle poss\u00e8de un record \u00e0 12.26, mais a surtout d\u00e9j\u00e0 couru en 12.31 cette saison. Le record du meeting, d\u00e9tenu depuis 2011, par <strong>Perdita Felicien<\/strong>, pourrait bien voler en \u00e9clats. D&rsquo;autant que l&rsquo;Am\u00e9ricaine <strong>Nia Ali<\/strong> sera \u00e9galement de la partie. Avec un record en 12.34 et un tr\u00e8s beau 12.53 cette saison. Les conditions m\u00e9t\u00e9orologiques sont pour le moment parfaites ce mercredi, cela devrait aller tr\u00e8s vite.<\/p>\n<p align=\"justify\">Troisi\u00e8me des JO 2020 \u00e0 la longueur, la Nig\u00e9riane <strong>Ese Brume<\/strong> (record \u00e0 7.17 m) aura fort \u00e0 faire face \u00e0 la Britannique <strong>Lorraine Ugen<\/strong> (record \u00e0 7,05 m) et \u00e0 l&rsquo;Am\u00e9ricaine <strong>Quanesha Burks<\/strong> (record \u00e0 6.96 m). Au triple saut, le recordman du monde en salle <strong>Hugues-Fabrice Zango<\/strong> sera la grande t\u00eate d&rsquo;affiche. Le Burkinabais a frapp\u00e9 fort \u00e0 Doha, avec un bond \u00e0 17.81 m, \u00e0 seulement 1 cm de son record personnel en ext\u00e9rieur. Gare \u00e0 <strong>Alexis Copello<\/strong>, ancien Cubain naturalis\u00e9 Az\u00e9ri et qui a un record \u00e0 17.68 m. Mais aussi \u00e0 l&rsquo;Alg\u00e9rien Yasser <strong>Mohammed Triki<\/strong>, 5e des JO 2021.<\/p>\n<div class=\"vlp-link-container vlp-layout-article\"><a href=\"https:\/\/dicodusport.fr\/blog\/meeting-de-montreuil-2023-programme-complet-et-resultats\/\" class=\"vlp-link\" title=\"Meeting de Montreuil 2023 : Programme complet et r\u00e9sultats\"><\/a><div class=\"vlp-layout-zone-side\"><div class=\"vlp-block-4 vlp-link-image\"><img loading=\"lazy\" decoding=\"async\" style=\"max-width: 800px;\" width=\"800\" height=\"445\" src=\"https:\/\/dicodusport.fr\/blog\/wp-content\/uploads\/2023\/05\/Meeting-de-Montreuil-2023-Programme-complet-et-resultats.png\" class=\"attachment-800x445 size-800x445\" alt=\"Meeting de Montreuil 2023 : Programme complet et r\u00e9sultats\" srcset=\"https:\/\/dicodusport.fr\/blog\/wp-content\/uploads\/2023\/05\/Meeting-de-Montreuil-2023-Programme-complet-et-resultats.png 800w, https:\/\/dicodusport.fr\/blog\/wp-content\/uploads\/2023\/05\/Meeting-de-Montreuil-2023-Programme-complet-et-resultats-300x167.png 300w, https:\/\/dicodusport.fr\/blog\/wp-content\/uploads\/2023\/05\/Meeting-de-Montreuil-2023-Programme-complet-et-resultats-768x427.png 768w\" sizes=\"auto, (max-width: 800px) 100vw, 800px\" \/><\/div><\/div><div class=\"vlp-layout-zone-main\"><div class=\"vlp-block-0 vlp-link-title\">Meeting de Montreuil 2023 : Programme complet et r\u00e9sultats<\/div><div class=\"vlp-block-1 vlp-link-summary\">ATHL\u00c9TISME - Le Meeting international de Montreuil se d\u00e9roule le mercredi 31 mai ! Voici le programme et les r\u00e9sultats.<\/div><div class=\"vlp-block-2 vlp-link-button\">Lire l'article<\/div><div class=\"vlp-block-3 vlp-link-url\">dicodusport.fr<\/div><\/div><\/div>\n<h2 style=\"text-align: justify;\" align=\"justify\">Des Fran\u00e7ais aux dents aiguis\u00e9s<\/h2>\n<p style=\"text-align: justify;\">Aur\u00e9ol\u00e9 de ses minima pour les championnats du monde, avec ses 13.23 sur 110 m haies, dimanche \u00e0 Forbach, <strong>Wilhem Belocian<\/strong> va d\u00e9fendre sa place de meilleur fran\u00e7ais en 2023. Il y retrouvera les m\u00e9daill\u00e9s europ\u00e9ens \u00e0 Munich, <strong>Pascal Martinot-Lagarde<\/strong>, qui reste sur un chrono tr\u00e8s mitig\u00e9 \u00e0 Rabat (13.69) et <strong>Just Kwaou-Mathey<\/strong>, qui fait sa rentr\u00e9e, apr\u00e8s un hiver brillant, marqu\u00e9 par une nouvelle m\u00e9daille europ\u00e9enne. <strong>Aurel Manga<\/strong> sera \u00e9galement de la partie. Pour ce qui ressemble d\u00e9j\u00e0 \u00e0 une premi\u00e8re bataille avant les France \u00e9lite d&rsquo;Albi (29-30 juillet). <strong>Cyr\u00e9na Samba-Mayela<\/strong> d\u00e9laisse, elle, les haies pour le 100 m. Contrairement \u00e0 <strong>Sol\u00e8ne Ndama, Laura Valette<\/strong>, <strong>Sacha Alessandrini<\/strong> et <strong>Awa Sene<\/strong>.<\/p>\n<p style=\"text-align: justify;\"><strong>David Somb\u00e9<\/strong>, meilleur performeur fran\u00e7ais de l&rsquo;ann\u00e9e sur 400 m (45.47), retrouvera sur sa route <strong>Gilles Biron<\/strong> (45.52), <strong>Ludovic Ouceni<\/strong> (46.23) et <strong>Thomas Jordier<\/strong> (45.88). Cela pourrait bien ressembler \u00e0 une bataille pour entrer dans le relais 4&#215;400 m. <strong>Eloyse Lesueur-Aymonin, Tiphaine Mauchant<\/strong> et <strong>Ma\u00eblly Dalmat<\/strong> sont align\u00e9es \u00e0 la longueur. Les exp\u00e9riment\u00e9s <strong>Jimmy Vicaut<\/strong> et <strong>Micka\u00ebl-Meba Z\u00e9z\u00e9<\/strong> vont retrouver les jeunes <strong>Jeff Erius<\/strong> et <strong>Pablo Mateo<\/strong> sur le 100 m dans un choc de g\u00e9n\u00e9rations. Le relais 4&#215;100 m fran\u00e7ais est assez prometteur et peut esp\u00e9rer mieux qu&rsquo;une finale \u00e0 Budapest.<\/p>\n<p style=\"text-align: justify;\">Au triple saut, on retrouve <strong>Benjamin Compaor\u00e9<\/strong>, <strong>Thomas Gogois<\/strong> et <strong>Jonathan Seremes<\/strong>. L&rsquo;\u00e9ternelle <strong>M\u00e9lina Robert-Michon<\/strong> fera partie des outsiders du concours de disque, elle qui a lanc\u00e9 \u00e0 62.93 cette ann\u00e9e. Un concours auquel participe la jeune <strong>Amanda Ngandu-Ntumba<\/strong>, qui a port\u00e9 son record \u00e0 59.91 m.<\/p>\n","protected":false},"excerpt":{"rendered":"<p>MEETING DE MONTREUIL 2023 &#8211; Jasmine Camacho-Quinn et Hugues-Fabrice Zango sont les t\u00eates d&rsquo;affiches de l&rsquo;\u00e9dition 2023. Tour d&rsquo;horizon d&rsquo;une comp\u00e9tition qui promet beaucoup.<\/p>\n","protected":false},"author":83,"featured_media":386619,"comment_status":"open","ping_status":"closed","sticky":false,"template":"","format":"standard","meta":{"_acf_changed":false,"_daextam_enable_autolinks":"","footnotes":""},"categories":[2308],"tags":[143,16878,7141],"class_list":["post-386591","post","type-post","status-publish","format-standard","has-post-thumbnail","hentry","category-athletisme","tag-athletisme","tag-breve","tag-hugues-fabrice-zango"],"acf":[],"yoast_head":"<!-- This site is optimized with the Yoast SEO Premium plugin v26.7 (Yoast SEO v26.7) - https:\/\/yoast.com\/wordpress\/plugins\/seo\/ -->\n<title>Meeting de Montreuil 2023 : Zango, Camacho-Quinn, le plateau en d\u00e9tail<\/title>\n<meta name=\"description\" content=\"MEETING DE MONTREUIL 2023 - Jasmine Camacho-Quinn et Hugues-Fabrice Zango sont les t\u00eates d&#039;affiches de l&#039;\u00e9dition 2023.\" \/>\n<meta name=\"robots\" content=\"index, follow, max-snippet:-1, max-image-preview:large, max-video-preview:-1\" \/>\n<link rel=\"canonical\" href=\"https:\/\/dicodusport.fr\/blog\/meeting-de-montreuil-2023-zango-camacho-quinn-le-plateau-en-detail\/\" \/>\n<meta property=\"og:locale\" content=\"fr_FR\" \/>\n<meta property=\"og:type\" content=\"article\" \/>\n<meta property=\"og:title\" content=\"Meeting de Montreuil 2023 : Zango, Camacho-Quinn, le plateau en d\u00e9tail\" \/>\n<meta property=\"og:description\" content=\"MEETING DE MONTREUIL 2023 - Jasmine Camacho-Quinn et Hugues-Fabrice Zango sont les t\u00eates d&#039;affiches de l&#039;\u00e9dition 2023.\" \/>\n<meta property=\"og:url\" content=\"https:\/\/dicodusport.fr\/blog\/meeting-de-montreuil-2023-zango-camacho-quinn-le-plateau-en-detail\/\" \/>\n<meta property=\"og:site_name\" content=\"Dicodusport\" \/>\n<meta property=\"article:publisher\" content=\"https:\/\/www.facebook.com\/dicodusport\" \/>\n<meta property=\"article:published_time\" content=\"2023-05-31T09:07:13+00:00\" \/>\n<meta property=\"article:modified_time\" content=\"2023-05-31T12:56:08+00:00\" \/>\n<meta property=\"og:image\" content=\"https:\/\/dicodusport.fr\/blog\/wp-content\/uploads\/2023\/05\/Athletisme-Zango-Camacho-Quinn-les-tetes-daffiches-du-Meeting-de-Montreuil-2023.png\" \/>\n\t<meta property=\"og:image:width\" content=\"800\" \/>\n\t<meta property=\"og:image:height\" content=\"445\" \/>\n\t<meta property=\"og:image:type\" content=\"image\/png\" \/>\n<meta name=\"author\" content=\"Etienne Goursaud\" \/>\n<meta name=\"twitter:card\" content=\"summary_large_image\" \/>\n<meta name=\"twitter:title\" content=\"Meeting de Montreuil 2023 : Zango, Camacho-Quinn, le plateau en d\u00e9tail\" \/>\n<meta name=\"twitter:creator\" content=\"@dicodusport\" \/>\n<meta name=\"twitter:site\" content=\"@dicodusport\" \/>\n<script type=\"application\/ld+json\" class=\"yoast-schema-graph\">{\"@context\":\"https:\/\/schema.org\",\"@graph\":[{\"@type\":\"NewsArticle\",\"@id\":\"https:\/\/dicodusport.fr\/blog\/meeting-de-montreuil-2023-zango-camacho-quinn-le-plateau-en-detail\/#article\",\"isPartOf\":{\"@id\":\"https:\/\/dicodusport.fr\/blog\/meeting-de-montreuil-2023-zango-camacho-quinn-le-plateau-en-detail\/\"},\"author\":{\"name\":\"Etienne Goursaud\",\"@id\":\"https:\/\/dicodusport.fr\/blog\/#\/schema\/person\/d603dd7da31fb2b46c82b9835a77ec13\"},\"headline\":\"Meeting de Montreuil 2023 : Zango, Camacho-Quinn, le plateau en d\u00e9tail\",\"datePublished\":\"2023-05-31T09:07:13+00:00\",\"dateModified\":\"2023-05-31T12:56:08+00:00\",\"mainEntityOfPage\":{\"@id\":\"https:\/\/dicodusport.fr\/blog\/meeting-de-montreuil-2023-zango-camacho-quinn-le-plateau-en-detail\/\"},\"wordCount\":598,\"commentCount\":0,\"publisher\":{\"@id\":\"https:\/\/dicodusport.fr\/blog\/#organization\"},\"image\":{\"@id\":\"https:\/\/dicodusport.fr\/blog\/meeting-de-montreuil-2023-zango-camacho-quinn-le-plateau-en-detail\/#primaryimage\"},\"thumbnailUrl\":\"https:\/\/dicodusport.fr\/blog\/wp-content\/uploads\/2023\/05\/Athletisme-Zango-Camacho-Quinn-les-tetes-daffiches-du-Meeting-de-Montreuil-2023.png\",\"keywords\":[\"Athl\u00e9tisme\",\"br\u00e8ve\",\"Hugues Fabrice Zango\"],\"articleSection\":[\"Athl\u00e9tisme\"],\"inLanguage\":\"fr-FR\",\"potentialAction\":[{\"@type\":\"CommentAction\",\"name\":\"Comment\",\"target\":[\"https:\/\/dicodusport.fr\/blog\/meeting-de-montreuil-2023-zango-camacho-quinn-le-plateau-en-detail\/#respond\"]}],\"copyrightYear\":\"2023\",\"copyrightHolder\":{\"@id\":\"https:\/\/dicodusport.fr\/blog\/#organization\"}},{\"@type\":\"WebPage\",\"@id\":\"https:\/\/dicodusport.fr\/blog\/meeting-de-montreuil-2023-zango-camacho-quinn-le-plateau-en-detail\/\",\"url\":\"https:\/\/dicodusport.fr\/blog\/meeting-de-montreuil-2023-zango-camacho-quinn-le-plateau-en-detail\/\",\"name\":\"Meeting de Montreuil 2023 : Zango, Camacho-Quinn, le plateau en d\u00e9tail\",\"isPartOf\":{\"@id\":\"https:\/\/dicodusport.fr\/blog\/#website\"},\"primaryImageOfPage\":{\"@id\":\"https:\/\/dicodusport.fr\/blog\/meeting-de-montreuil-2023-zango-camacho-quinn-le-plateau-en-detail\/#primaryimage\"},\"image\":{\"@id\":\"https:\/\/dicodusport.fr\/blog\/meeting-de-montreuil-2023-zango-camacho-quinn-le-plateau-en-detail\/#primaryimage\"},\"thumbnailUrl\":\"https:\/\/dicodusport.fr\/blog\/wp-content\/uploads\/2023\/05\/Athletisme-Zango-Camacho-Quinn-les-tetes-daffiches-du-Meeting-de-Montreuil-2023.png\",\"datePublished\":\"2023-05-31T09:07:13+00:00\",\"dateModified\":\"2023-05-31T12:56:08+00:00\",\"description\":\"MEETING DE MONTREUIL 2023 - Jasmine Camacho-Quinn et Hugues-Fabrice Zango sont les t\u00eates d'affiches de l'\u00e9dition 2023.\",\"breadcrumb\":{\"@id\":\"https:\/\/dicodusport.fr\/blog\/meeting-de-montreuil-2023-zango-camacho-quinn-le-plateau-en-detail\/#breadcrumb\"},\"inLanguage\":\"fr-FR\",\"potentialAction\":[{\"@type\":\"ReadAction\",\"target\":[\"https:\/\/dicodusport.fr\/blog\/meeting-de-montreuil-2023-zango-camacho-quinn-le-plateau-en-detail\/\"]}]},{\"@type\":\"ImageObject\",\"inLanguage\":\"fr-FR\",\"@id\":\"https:\/\/dicodusport.fr\/blog\/meeting-de-montreuil-2023-zango-camacho-quinn-le-plateau-en-detail\/#primaryimage\",\"url\":\"https:\/\/dicodusport.fr\/blog\/wp-content\/uploads\/2023\/05\/Athletisme-Zango-Camacho-Quinn-les-tetes-daffiches-du-Meeting-de-Montreuil-2023.png\",\"contentUrl\":\"https:\/\/dicodusport.fr\/blog\/wp-content\/uploads\/2023\/05\/Athletisme-Zango-Camacho-Quinn-les-tetes-daffiches-du-Meeting-de-Montreuil-2023.png\",\"width\":800,\"height\":445,\"caption\":\"Athl\u00e9tisme - Zango, Camacho-Quinn, les t\u00eates d'affiches du Meeting de Montreuil 2023\"},{\"@type\":\"BreadcrumbList\",\"@id\":\"https:\/\/dicodusport.fr\/blog\/meeting-de-montreuil-2023-zango-camacho-quinn-le-plateau-en-detail\/#breadcrumb\",\"itemListElement\":[{\"@type\":\"ListItem\",\"position\":1,\"name\":\"Accueil\",\"item\":\"https:\/\/dicodusport.fr\/blog\/\"},{\"@type\":\"ListItem\",\"position\":2,\"name\":\"Meeting de Montreuil 2023 : Zango, Camacho-Quinn, le plateau en d\u00e9tail\"}]},{\"@type\":\"WebSite\",\"@id\":\"https:\/\/dicodusport.fr\/blog\/#website\",\"url\":\"https:\/\/dicodusport.fr\/blog\/\",\"name\":\"Dicodusport\",\"description\":\"L&#039;encyclop\u00e9die de l&#039;actualit\u00e9 sportive\",\"publisher\":{\"@id\":\"https:\/\/dicodusport.fr\/blog\/#organization\"},\"potentialAction\":[{\"@type\":\"SearchAction\",\"target\":{\"@type\":\"EntryPoint\",\"urlTemplate\":\"https:\/\/dicodusport.fr\/blog\/?s={search_term_string}\"},\"query-input\":{\"@type\":\"PropertyValueSpecification\",\"valueRequired\":true,\"valueName\":\"search_term_string\"}}],\"inLanguage\":\"fr-FR\"},{\"@type\":\"NewsMediaOrganization\",\"@id\":\"https:\/\/dicodusport.fr\/blog\/#organization\",\"name\":\"Dicodusport\",\"url\":\"https:\/\/dicodusport.fr\/blog\/\",\"logo\":{\"@type\":\"ImageObject\",\"inLanguage\":\"fr-FR\",\"@id\":\"https:\/\/dicodusport.fr\/blog\/#\/schema\/logo\/image\/\",\"url\":\"https:\/\/dicodusport.fr\/blog\/wp-content\/uploads\/2020\/06\/cropped-LOGO-DICODUSPORT-2020-SANS-FOND-SANS-TEXTE.png\",\"contentUrl\":\"https:\/\/dicodusport.fr\/blog\/wp-content\/uploads\/2020\/06\/cropped-LOGO-DICODUSPORT-2020-SANS-FOND-SANS-TEXTE.png\",\"width\":512,\"height\":512,\"caption\":\"Dicodusport\"},\"image\":{\"@id\":\"https:\/\/dicodusport.fr\/blog\/#\/schema\/logo\/image\/\"},\"sameAs\":[\"https:\/\/www.facebook.com\/dicodusport\",\"https:\/\/x.com\/dicodusport\",\"https:\/\/www.instagram.com\/dicodusport\/\",\"https:\/\/www.youtube.com\/channel\/UC7V2KZ5sd3htJivAbA4ZG3w\"],\"description\":\"Dicodusport est l'encyclop\u00e9die de l'actualit\u00e9 sportive.\",\"email\":\"bonjour@dicodusport.fr\",\"legalName\":\"DICODUSPORT\",\"foundingDate\":\"2018-01-14\",\"vatID\":\"FR71834470973\",\"taxID\":\"83447097300043\",\"numberOfEmployees\":{\"@type\":\"QuantitativeValue\",\"minValue\":\"1\",\"maxValue\":\"10\"}},{\"@type\":\"Person\",\"@id\":\"https:\/\/dicodusport.fr\/blog\/#\/schema\/person\/d603dd7da31fb2b46c82b9835a77ec13\",\"name\":\"Etienne Goursaud\",\"image\":{\"@type\":\"ImageObject\",\"inLanguage\":\"fr-FR\",\"@id\":\"https:\/\/dicodusport.fr\/blog\/#\/schema\/person\/image\/\",\"url\":\"https:\/\/dicodusport.fr\/blog\/wp-content\/uploads\/2023\/12\/410122264_10231602061736049_5565839791558026645_n-150x150.jpg\",\"contentUrl\":\"https:\/\/dicodusport.fr\/blog\/wp-content\/uploads\/2023\/12\/410122264_10231602061736049_5565839791558026645_n-150x150.jpg\",\"caption\":\"Etienne Goursaud\"},\"description\":\"Journaliste et amoureux de sport. Ancien footballeur reconverti athl\u00e8te quand ses muscles le laissent tranquille. \u00c9lev\u00e9 \u00e0 la sauce des exploits de Thomas Voeckler en 2004, du dernier essai de l\u00e9gende de Eunice Barber \u00e0 la longueur lors des championnats du monde d'athl\u00e9tisme de 2003 mais aussi Zidane, Omeyer et Titou Lamaison.\",\"url\":\"https:\/\/dicodusport.fr\/blog\/author\/etienne-goursaud\/\"}]}<\/script>\n<!-- \/ Yoast SEO Premium plugin. -->","yoast_head_json":{"title":"Meeting de Montreuil 2023 : Zango, Camacho-Quinn, le plateau en d\u00e9tail","description":"MEETING DE MONTREUIL 2023 - Jasmine Camacho-Quinn et Hugues-Fabrice Zango sont les t\u00eates d'affiches de l'\u00e9dition 2023.","robots":{"index":"index","follow":"follow","max-snippet":"max-snippet:-1","max-image-preview":"max-image-preview:large","max-video-preview":"max-video-preview:-1"},"canonical":"https:\/\/dicodusport.fr\/blog\/meeting-de-montreuil-2023-zango-camacho-quinn-le-plateau-en-detail\/","og_locale":"fr_FR","og_type":"article","og_title":"Meeting de Montreuil 2023 : Zango, Camacho-Quinn, le plateau en d\u00e9tail","og_description":"MEETING DE MONTREUIL 2023 - Jasmine Camacho-Quinn et Hugues-Fabrice Zango sont les t\u00eates d'affiches de l'\u00e9dition 2023.","og_url":"https:\/\/dicodusport.fr\/blog\/meeting-de-montreuil-2023-zango-camacho-quinn-le-plateau-en-detail\/","og_site_name":"Dicodusport","article_publisher":"https:\/\/www.facebook.com\/dicodusport","article_published_time":"2023-05-31T09:07:13+00:00","article_modified_time":"2023-05-31T12:56:08+00:00","og_image":[{"width":800,"height":445,"url":"https:\/\/dicodusport.fr\/blog\/wp-content\/uploads\/2023\/05\/Athletisme-Zango-Camacho-Quinn-les-tetes-daffiches-du-Meeting-de-Montreuil-2023.png","type":"image\/png"}],"author":"Etienne Goursaud","twitter_card":"summary_large_image","twitter_title":"Meeting de Montreuil 2023 : Zango, Camacho-Quinn, le plateau en d\u00e9tail","twitter_creator":"@dicodusport","twitter_site":"@dicodusport","schema":{"@context":"https:\/\/schema.org","@graph":[{"@type":"NewsArticle","@id":"https:\/\/dicodusport.fr\/blog\/meeting-de-montreuil-2023-zango-camacho-quinn-le-plateau-en-detail\/#article","isPartOf":{"@id":"https:\/\/dicodusport.fr\/blog\/meeting-de-montreuil-2023-zango-camacho-quinn-le-plateau-en-detail\/"},"author":{"name":"Etienne Goursaud","@id":"https:\/\/dicodusport.fr\/blog\/#\/schema\/person\/d603dd7da31fb2b46c82b9835a77ec13"},"headline":"Meeting de Montreuil 2023 : Zango, Camacho-Quinn, le plateau en d\u00e9tail","datePublished":"2023-05-31T09:07:13+00:00","dateModified":"2023-05-31T12:56:08+00:00","mainEntityOfPage":{"@id":"https:\/\/dicodusport.fr\/blog\/meeting-de-montreuil-2023-zango-camacho-quinn-le-plateau-en-detail\/"},"wordCount":598,"commentCount":0,"publisher":{"@id":"https:\/\/dicodusport.fr\/blog\/#organization"},"image":{"@id":"https:\/\/dicodusport.fr\/blog\/meeting-de-montreuil-2023-zango-camacho-quinn-le-plateau-en-detail\/#primaryimage"},"thumbnailUrl":"https:\/\/dicodusport.fr\/blog\/wp-content\/uploads\/2023\/05\/Athletisme-Zango-Camacho-Quinn-les-tetes-daffiches-du-Meeting-de-Montreuil-2023.png","keywords":["Athl\u00e9tisme","br\u00e8ve","Hugues Fabrice Zango"],"articleSection":["Athl\u00e9tisme"],"inLanguage":"fr-FR","potentialAction":[{"@type":"CommentAction","name":"Comment","target":["https:\/\/dicodusport.fr\/blog\/meeting-de-montreuil-2023-zango-camacho-quinn-le-plateau-en-detail\/#respond"]}],"copyrightYear":"2023","copyrightHolder":{"@id":"https:\/\/dicodusport.fr\/blog\/#organization"}},{"@type":"WebPage","@id":"https:\/\/dicodusport.fr\/blog\/meeting-de-montreuil-2023-zango-camacho-quinn-le-plateau-en-detail\/","url":"https:\/\/dicodusport.fr\/blog\/meeting-de-montreuil-2023-zango-camacho-quinn-le-plateau-en-detail\/","name":"Meeting de Montreuil 2023 : Zango, Camacho-Quinn, le plateau en d\u00e9tail","isPartOf":{"@id":"https:\/\/dicodusport.fr\/blog\/#website"},"primaryImageOfPage":{"@id":"https:\/\/dicodusport.fr\/blog\/meeting-de-montreuil-2023-zango-camacho-quinn-le-plateau-en-detail\/#primaryimage"},"image":{"@id":"https:\/\/dicodusport.fr\/blog\/meeting-de-montreuil-2023-zango-camacho-quinn-le-plateau-en-detail\/#primaryimage"},"thumbnailUrl":"https:\/\/dicodusport.fr\/blog\/wp-content\/uploads\/2023\/05\/Athletisme-Zango-Camacho-Quinn-les-tetes-daffiches-du-Meeting-de-Montreuil-2023.png","datePublished":"2023-05-31T09:07:13+00:00","dateModified":"2023-05-31T12:56:08+00:00","description":"MEETING DE MONTREUIL 2023 - Jasmine Camacho-Quinn et Hugues-Fabrice Zango sont les t\u00eates d'affiches de l'\u00e9dition 2023.","breadcrumb":{"@id":"https:\/\/dicodusport.fr\/blog\/meeting-de-montreuil-2023-zango-camacho-quinn-le-plateau-en-detail\/#breadcrumb"},"inLanguage":"fr-FR","potentialAction":[{"@type":"ReadAction","target":["https:\/\/dicodusport.fr\/blog\/meeting-de-montreuil-2023-zango-camacho-quinn-le-plateau-en-detail\/"]}]},{"@type":"ImageObject","inLanguage":"fr-FR","@id":"https:\/\/dicodusport.fr\/blog\/meeting-de-montreuil-2023-zango-camacho-quinn-le-plateau-en-detail\/#primaryimage","url":"https:\/\/dicodusport.fr\/blog\/wp-content\/uploads\/2023\/05\/Athletisme-Zango-Camacho-Quinn-les-tetes-daffiches-du-Meeting-de-Montreuil-2023.png","contentUrl":"https:\/\/dicodusport.fr\/blog\/wp-content\/uploads\/2023\/05\/Athletisme-Zango-Camacho-Quinn-les-tetes-daffiches-du-Meeting-de-Montreuil-2023.png","width":800,"height":445,"caption":"Athl\u00e9tisme - Zango, Camacho-Quinn, les t\u00eates d'affiches du Meeting de Montreuil 2023"},{"@type":"BreadcrumbList","@id":"https:\/\/dicodusport.fr\/blog\/meeting-de-montreuil-2023-zango-camacho-quinn-le-plateau-en-detail\/#breadcrumb","itemListElement":[{"@type":"ListItem","position":1,"name":"Accueil","item":"https:\/\/dicodusport.fr\/blog\/"},{"@type":"ListItem","position":2,"name":"Meeting de Montreuil 2023 : Zango, Camacho-Quinn, le plateau en d\u00e9tail"}]},{"@type":"WebSite","@id":"https:\/\/dicodusport.fr\/blog\/#website","url":"https:\/\/dicodusport.fr\/blog\/","name":"Dicodusport","description":"L&#039;encyclop\u00e9die de l&#039;actualit\u00e9 sportive","publisher":{"@id":"https:\/\/dicodusport.fr\/blog\/#organization"},"potentialAction":[{"@type":"SearchAction","target":{"@type":"EntryPoint","urlTemplate":"https:\/\/dicodusport.fr\/blog\/?s={search_term_string}"},"query-input":{"@type":"PropertyValueSpecification","valueRequired":true,"valueName":"search_term_string"}}],"inLanguage":"fr-FR"},{"@type":"NewsMediaOrganization","@id":"https:\/\/dicodusport.fr\/blog\/#organization","name":"Dicodusport","url":"https:\/\/dicodusport.fr\/blog\/","logo":{"@type":"ImageObject","inLanguage":"fr-FR","@id":"https:\/\/dicodusport.fr\/blog\/#\/schema\/logo\/image\/","url":"https:\/\/dicodusport.fr\/blog\/wp-content\/uploads\/2020\/06\/cropped-LOGO-DICODUSPORT-2020-SANS-FOND-SANS-TEXTE.png","contentUrl":"https:\/\/dicodusport.fr\/blog\/wp-content\/uploads\/2020\/06\/cropped-LOGO-DICODUSPORT-2020-SANS-FOND-SANS-TEXTE.png","width":512,"height":512,"caption":"Dicodusport"},"image":{"@id":"https:\/\/dicodusport.fr\/blog\/#\/schema\/logo\/image\/"},"sameAs":["https:\/\/www.facebook.com\/dicodusport","https:\/\/x.com\/dicodusport","https:\/\/www.instagram.com\/dicodusport\/","https:\/\/www.youtube.com\/channel\/UC7V2KZ5sd3htJivAbA4ZG3w"],"description":"Dicodusport est l'encyclop\u00e9die de l'actualit\u00e9 sportive.","email":"bonjour@dicodusport.fr","legalName":"DICODUSPORT","foundingDate":"2018-01-14","vatID":"FR71834470973","taxID":"83447097300043","numberOfEmployees":{"@type":"QuantitativeValue","minValue":"1","maxValue":"10"}},{"@type":"Person","@id":"https:\/\/dicodusport.fr\/blog\/#\/schema\/person\/d603dd7da31fb2b46c82b9835a77ec13","name":"Etienne Goursaud","image":{"@type":"ImageObject","inLanguage":"fr-FR","@id":"https:\/\/dicodusport.fr\/blog\/#\/schema\/person\/image\/","url":"https:\/\/dicodusport.fr\/blog\/wp-content\/uploads\/2023\/12\/410122264_10231602061736049_5565839791558026645_n-150x150.jpg","contentUrl":"https:\/\/dicodusport.fr\/blog\/wp-content\/uploads\/2023\/12\/410122264_10231602061736049_5565839791558026645_n-150x150.jpg","caption":"Etienne Goursaud"},"description":"Journaliste et amoureux de sport. Ancien footballeur reconverti athl\u00e8te quand ses muscles le laissent tranquille. \u00c9lev\u00e9 \u00e0 la sauce des exploits de Thomas Voeckler en 2004, du dernier essai de l\u00e9gende de Eunice Barber \u00e0 la longueur lors des championnats du monde d'athl\u00e9tisme de 2003 mais aussi Zidane, Omeyer et Titou Lamaison.","url":"https:\/\/dicodusport.fr\/blog\/author\/etienne-goursaud\/"}]}},"_links":{"self":[{"href":"https:\/\/dicodusport.fr\/blog\/wp-json\/wp\/v2\/posts\/386591","targetHints":{"allow":["GET"]}}],"collection":[{"href":"https:\/\/dicodusport.fr\/blog\/wp-json\/wp\/v2\/posts"}],"about":[{"href":"https:\/\/dicodusport.fr\/blog\/wp-json\/wp\/v2\/types\/post"}],"author":[{"embeddable":true,"href":"https:\/\/dicodusport.fr\/blog\/wp-json\/wp\/v2\/users\/83"}],"replies":[{"embeddable":true,"href":"https:\/\/dicodusport.fr\/blog\/wp-json\/wp\/v2\/comments?post=386591"}],"version-history":[{"count":0,"href":"https:\/\/dicodusport.fr\/blog\/wp-json\/wp\/v2\/posts\/386591\/revisions"}],"wp:featuredmedia":[{"embeddable":true,"href":"https:\/\/dicodusport.fr\/blog\/wp-json\/wp\/v2\/media\/386619"}],"wp:attachment":[{"href":"https:\/\/dicodusport.fr\/blog\/wp-json\/wp\/v2\/media?parent=386591"}],"wp:term":[{"taxonomy":"category","embeddable":true,"href":"https:\/\/dicodusport.fr\/blog\/wp-json\/wp\/v2\/categories?post=386591"},{"taxonomy":"post_tag","embeddable":true,"href":"https:\/\/dicodusport.fr\/blog\/wp-json\/wp\/v2\/tags?post=386591"}],"curies":[{"name":"wp","href":"https:\/\/api.w.org\/{rel}","templated":true}]}}