{"id":386641,"date":"2023-05-30T16:21:52","date_gmt":"2023-05-30T14:21:52","guid":{"rendered":"https:\/\/dicodusport.fr\/blog\/?p=386641&#038;preview=true&#038;preview_id=386641"},"modified":"2023-05-30T16:56:41","modified_gmt":"2023-05-30T14:56:41","slug":"mercantour-classic-2023-richard-carapaz-remporte-la-troisieme-edition","status":"publish","type":"post","link":"https:\/\/dicodusport.fr\/blog\/mercantour-classic-2023-richard-carapaz-remporte-la-troisieme-edition\/","title":{"rendered":"Mercan&rsquo;Tour Classic 2023 : Richard Carapaz remporte la troisi\u00e8me \u00e9dition"},"content":{"rendered":"<p style=\"text-align: justify;\"><em><strong>MERCAN&rsquo;TOUR CLASSIC 2023 &#8211; Le champion olympique Richard Carapaz (EF Education EasyPost) s&rsquo;est impos\u00e9 sur la troisi\u00e8me \u00e9dition de la Mercan&rsquo;Tour Classic Alpes-Maritimes \u00e0 Valberg, mardi. Il a devanc\u00e9 Felix Gall (AG2R Citro\u00ebn) et Lennert Van Eetvelt (Lotto Dstny). Lenny Martinez (Groupama-FDJ) a termin\u00e9 quatri\u00e8me.\u00a0<\/strong><\/em><\/p>\n<p style=\"text-align: justify;\"><span style=\"font-weight: 400;\">D&rsquo;abord, huit coureurs ont rapidement constitu\u00e9 l&rsquo;\u00e9chapp\u00e9e matinale : <strong>Mathis Le Berre<\/strong> (Ark\u00e9a Samsic), <strong>Gleb Brussenskiy<\/strong> (Astana Qazaqstan), <strong>Pascal Eenkhoorn<\/strong> (Lotto Dstny), <strong>Rasmus Pedersen<\/strong> (CIC U Nantes Atlantique), <strong>Jordi Lopez<\/strong> (Kern Pharma), <strong>Fabien Grellier<\/strong> (TotalEnergies), <strong>Xavier Ca\u00f1ellas<\/strong> et <strong>Alejandro Ropero<\/strong> (Electro Hiper). Leur avance est mont\u00e9e jusqu&rsquo;\u00e0 six minutes avant que les \u00e9quipes Groupama FDJ, Cofidis, Israel Premier Tech et AG2R Citro\u00ebn prennent les commandes de la poursuite.\u00a0<\/span><\/p>\n<h2 style=\"text-align: justify;\"><span style=\"font-weight: 400;\"><strong>EF Education EasyPost assume le poids de la course<\/strong>\u00a0<\/span><\/h2>\n<p style=\"text-align: justify;\"><span style=\"font-weight: 400;\">Ensuite, <strong>Gleb Brussenskiy<\/strong> (Astana Qazaqstan) a \u00e9t\u00e9 le premier coureur du groupe de t\u00eate \u00e0 \u00eatre distanc\u00e9 dans le Col de la Colmiane, tandis que l&rsquo;avance est rest\u00e9e autour des 5 minutes 50. Puis, <strong>Jordi Lopez<\/strong> (Kern Pharma) s&rsquo;est retrouv\u00e9 seul \u00e0 l&rsquo;avant de la course alors que le rythme s&rsquo;est consid\u00e9rablement acc\u00e9l\u00e9r\u00e9 dans le Col de la Couillole. Un peloton d&rsquo;une trentaine de coureurs a donc d\u00e9pass\u00e9 les anciens compagnons de route de Lopez. Au sommet, l&rsquo;\u00e9cart n&rsquo;\u00e9tait plus que d&rsquo;une minute 30.\u00a0<\/span><\/p>\n<p style=\"text-align: justify;\"><span style=\"font-weight: 400;\">Par la suite, <strong>Jordi Lopez<\/strong> (Kern Pharma) a \u00e9t\u00e9 aval\u00e9 par le peloton \u00e0 30 kilom\u00e8tres de l&rsquo;arriv\u00e9e avant de traverser Valberg une premi\u00e8re fois. <strong>Lilian Calmejane<\/strong> (Intermarch\u00e9 Circus Wanty) a r\u00e9ussi \u00e0 prendre quelques m\u00e8tres d&rsquo;avance dans la descente avant d&rsquo;attaquer la mont\u00e9e finale vers Valberg.\u00a0<\/span><\/p>\n<h2 style=\"text-align: justify;\"><span style=\"font-weight: 400;\"><strong>Richard Carapaz s&rsquo;envole vers la victoire<\/strong>\u00a0<\/span><\/h2>\n<p style=\"text-align: justify;\"><span style=\"font-weight: 400;\">Apr\u00e8s avoir repris Calmejane, l&rsquo;\u00e9quipe EF Education EasyPost a continu\u00e9 \u00e0 imposer un gros tempo dans le peloton principal. Le tenant du titre <strong>Jakob Fuglsang<\/strong> (Israel Premier Tech) a \u00e9t\u00e9 l\u00e2ch\u00e9 \u00e0 10 kilom\u00e8tres de l&rsquo;arriv\u00e9e tandis que <strong>Richard Carapaz<\/strong> (EF Education EasyPost) a port\u00e9 une violente attaque \u00e0 sept kilom\u00e8tres du terme. <strong>Felix Gall<\/strong> (AG2R Citro\u00ebn) \u00e9tait le seul \u00e0 pouvoir faire douter le champion d&rsquo;\u00c9quateur.\u00a0<\/span><\/p>\n<p style=\"text-align: justify;\"><span style=\"font-weight: 400;\">Finalement, <strong>Richard Carapaz<\/strong> (EF Education EasyPost) a r\u00e9sist\u00e9 au retour de l&rsquo;Autrichien pour s&rsquo;imposer en solitaire avec 12 secondes d&rsquo;avance sur <strong>Felix Gall<\/strong> (AG2R Citro\u00ebn). Carapaz a sign\u00e9 la dix-septi\u00e8me victoire de la saison pour l&rsquo;\u00e9quipe am\u00e9ricaine. Le vainqueur sortant d&rsquo;Alpes Is\u00e8re Tour <strong>Lennert Van Eetvelt<\/strong> (Lotto Dstny) a r\u00e9gl\u00e9 au sprint <strong>Lenny Martinez<\/strong> (Groupama FDJ) et <strong>Cristian Rodriguez<\/strong> (Ark\u00e9a Samsic) \u00e0 38 secondes pour compl\u00e9ter le podium.<\/span><\/p>\n<blockquote class=\"twitter-tweet\">\n<p dir=\"ltr\" lang=\"fr\">La victoire pour Richard Carapaz ! Apr\u00e8s Guillaume Martin et Jakob Fuglsang, l&rsquo;Equatorien inscrit son nom au palmar\u00e8s de la <a href=\"https:\/\/twitter.com\/hashtag\/MercanTourClassic?src=hash&amp;ref_src=twsrc%5Etfw\">#MercanTourClassic<\/a> <a href=\"https:\/\/twitter.com\/hashtag\/LesRP?src=hash&amp;ref_src=twsrc%5Etfw\">#LesRP<\/a> <a href=\"https:\/\/t.co\/1HSVi4AIEy\">https:\/\/t.co\/1HSVi4AIEy<\/a> <a href=\"https:\/\/t.co\/wauLvZxELN\">pic.twitter.com\/wauLvZxELN<\/a><\/p>\n<p>\u2014 Eurosport France (@Eurosport_FR) <a href=\"https:\/\/twitter.com\/Eurosport_FR\/status\/1663554795893067776?ref_src=twsrc%5Etfw\">May 30, 2023<\/a><\/p><\/blockquote>\n<p><script async src=\"https:\/\/platform.twitter.com\/widgets.js\" charset=\"utf-8\"><\/script><\/p>\n<h2 style=\"text-align: justify;\">\u00c0 lire aussi<\/h2>\n<ul>\n<li style=\"text-align: justify;\"><a href=\"https:\/\/dicodusport.fr\/blog\/classement-mercantour-classic-2023\/\"><strong>Le classement de la Mercan&rsquo;Tour Classic 2023<\/strong><\/a><\/li>\n<li style=\"text-align: justify;\"><a href=\"https:\/\/dicodusport.fr\/blog\/coupe-de-france-cyclisme-2023-classement-general\/\"><strong>Classement g\u00e9n\u00e9ral de la Coupe de France de cyclisme<\/strong><\/a><\/li>\n<li style=\"text-align: justify;\"><a href=\"https:\/\/dicodusport.fr\/blog\/calendrier-et-resultats-coupe-de-france-cyclisme-2023\/\"><strong>Calendrier et r\u00e9sultats de la Coupe de France de cyclisme 2023<\/strong><\/a><\/li>\n<\/ul>\n","protected":false},"excerpt":{"rendered":"<p>MERCAN&rsquo;TOUR CLASSIC 2023 &#8211; Le champion olympique Richard Carapaz (EF Education EasyPost) s&rsquo;est impos\u00e9 sur la troisi\u00e8me \u00e9dition de la Mercan&rsquo;Tour Classic Alpes-Maritimes \u00e0 Valberg, mardi. Il a devanc\u00e9 Felix Gall (AG2R Citro\u00ebn) et Lennert Van Eetvelt (Lotto Dstny). Lenny Martinez (Groupama-FDJ) a termin\u00e9 quatri\u00e8me.\u00a0<\/p>\n","protected":false},"author":48,"featured_media":386656,"comment_status":"open","ping_status":"closed","sticky":false,"template":"","format":"standard","meta":{"_acf_changed":false,"_daextam_enable_autolinks":"","footnotes":""},"categories":[46994],"tags":[16878,16887,24],"class_list":["post-386641","post","type-post","status-publish","format-standard","has-post-thumbnail","hentry","category-cyclisme-sur-route","tag-breve","tag-mercantour-classic","tag-sport"],"acf":[],"yoast_head":"<!-- This site is optimized with the Yoast SEO Premium plugin v26.7 (Yoast SEO v26.7) - https:\/\/yoast.com\/wordpress\/plugins\/seo\/ -->\n<title>Mercan&#039;Tour Classic 2023 : Richard Carapaz remporte la troisi\u00e8me \u00e9dition<\/title>\n<meta name=\"description\" content=\"MERCAN&#039;TOUR CLASSIC 2023 - Le champion olympique Richard Carapaz (EF Education EasyPost) s&#039;est impos\u00e9 sur la Mercan&#039;Tour Classic.\" \/>\n<meta name=\"robots\" content=\"index, follow, max-snippet:-1, max-image-preview:large, max-video-preview:-1\" \/>\n<link rel=\"canonical\" href=\"https:\/\/dicodusport.fr\/blog\/mercantour-classic-2023-richard-carapaz-remporte-la-troisieme-edition\/\" \/>\n<meta property=\"og:locale\" content=\"fr_FR\" \/>\n<meta property=\"og:type\" content=\"article\" \/>\n<meta property=\"og:title\" content=\"Mercan&#039;Tour Classic 2023 : Richard Carapaz remporte la troisi\u00e8me \u00e9dition\" \/>\n<meta property=\"og:description\" content=\"MERCAN&#039;TOUR CLASSIC 2023 - Le champion olympique Richard Carapaz (EF Education EasyPost) s&#039;est impos\u00e9 sur la Mercan&#039;Tour Classic.\" \/>\n<meta property=\"og:url\" content=\"https:\/\/dicodusport.fr\/blog\/mercantour-classic-2023-richard-carapaz-remporte-la-troisieme-edition\/\" \/>\n<meta property=\"og:site_name\" content=\"Dicodusport\" \/>\n<meta property=\"article:publisher\" content=\"https:\/\/www.facebook.com\/dicodusport\" \/>\n<meta property=\"article:author\" content=\"https:\/\/www.facebook.com\/groups\/LesRoisDuPeloton\" \/>\n<meta property=\"article:published_time\" content=\"2023-05-30T14:21:52+00:00\" \/>\n<meta property=\"article:modified_time\" content=\"2023-05-30T14:56:41+00:00\" \/>\n<meta property=\"og:image\" content=\"https:\/\/dicodusport.fr\/blog\/wp-content\/uploads\/2023\/05\/MercanTour-Classic-2023-Richard-Carapaz-remporte-la-troisieme-edition.png\" \/>\n\t<meta property=\"og:image:width\" content=\"800\" \/>\n\t<meta property=\"og:image:height\" content=\"445\" \/>\n\t<meta property=\"og:image:type\" content=\"image\/png\" \/>\n<meta name=\"author\" content=\"Emilien Descampiaux\" \/>\n<meta name=\"twitter:card\" content=\"summary_large_image\" \/>\n<meta name=\"twitter:title\" content=\"Mercan&#039;Tour Classic 2023 : Richard Carapaz remporte la troisi\u00e8me \u00e9dition\" \/>\n<meta name=\"twitter:creator\" content=\"@https:\/\/twitter.com\/LRoisDuPeloton\" \/>\n<meta name=\"twitter:site\" content=\"@dicodusport\" \/>\n<script type=\"application\/ld+json\" class=\"yoast-schema-graph\">{\"@context\":\"https:\/\/schema.org\",\"@graph\":[{\"@type\":\"NewsArticle\",\"@id\":\"https:\/\/dicodusport.fr\/blog\/mercantour-classic-2023-richard-carapaz-remporte-la-troisieme-edition\/#article\",\"isPartOf\":{\"@id\":\"https:\/\/dicodusport.fr\/blog\/mercantour-classic-2023-richard-carapaz-remporte-la-troisieme-edition\/\"},\"author\":{\"name\":\"Emilien Descampiaux\",\"@id\":\"https:\/\/dicodusport.fr\/blog\/#\/schema\/person\/6db4bae06b171592211be385b32876a7\"},\"headline\":\"Mercan&rsquo;Tour Classic 2023 : Richard Carapaz remporte la troisi\u00e8me \u00e9dition\",\"datePublished\":\"2023-05-30T14:21:52+00:00\",\"dateModified\":\"2023-05-30T14:56:41+00:00\",\"mainEntityOfPage\":{\"@id\":\"https:\/\/dicodusport.fr\/blog\/mercantour-classic-2023-richard-carapaz-remporte-la-troisieme-edition\/\"},\"wordCount\":517,\"commentCount\":0,\"publisher\":{\"@id\":\"https:\/\/dicodusport.fr\/blog\/#organization\"},\"image\":{\"@id\":\"https:\/\/dicodusport.fr\/blog\/mercantour-classic-2023-richard-carapaz-remporte-la-troisieme-edition\/#primaryimage\"},\"thumbnailUrl\":\"https:\/\/dicodusport.fr\/blog\/wp-content\/uploads\/2023\/05\/MercanTour-Classic-2023-Richard-Carapaz-remporte-la-troisieme-edition.png\",\"keywords\":[\"br\u00e8ve\",\"Mercan'Tour Classic\",\"sport\"],\"articleSection\":[\"Cyclisme sur route\"],\"inLanguage\":\"fr-FR\",\"potentialAction\":[{\"@type\":\"CommentAction\",\"name\":\"Comment\",\"target\":[\"https:\/\/dicodusport.fr\/blog\/mercantour-classic-2023-richard-carapaz-remporte-la-troisieme-edition\/#respond\"]}],\"copyrightYear\":\"2023\",\"copyrightHolder\":{\"@id\":\"https:\/\/dicodusport.fr\/blog\/#organization\"}},{\"@type\":\"WebPage\",\"@id\":\"https:\/\/dicodusport.fr\/blog\/mercantour-classic-2023-richard-carapaz-remporte-la-troisieme-edition\/\",\"url\":\"https:\/\/dicodusport.fr\/blog\/mercantour-classic-2023-richard-carapaz-remporte-la-troisieme-edition\/\",\"name\":\"Mercan'Tour Classic 2023 : Richard Carapaz remporte la troisi\u00e8me \u00e9dition\",\"isPartOf\":{\"@id\":\"https:\/\/dicodusport.fr\/blog\/#website\"},\"primaryImageOfPage\":{\"@id\":\"https:\/\/dicodusport.fr\/blog\/mercantour-classic-2023-richard-carapaz-remporte-la-troisieme-edition\/#primaryimage\"},\"image\":{\"@id\":\"https:\/\/dicodusport.fr\/blog\/mercantour-classic-2023-richard-carapaz-remporte-la-troisieme-edition\/#primaryimage\"},\"thumbnailUrl\":\"https:\/\/dicodusport.fr\/blog\/wp-content\/uploads\/2023\/05\/MercanTour-Classic-2023-Richard-Carapaz-remporte-la-troisieme-edition.png\",\"datePublished\":\"2023-05-30T14:21:52+00:00\",\"dateModified\":\"2023-05-30T14:56:41+00:00\",\"description\":\"MERCAN'TOUR CLASSIC 2023 - Le champion olympique Richard Carapaz (EF Education EasyPost) s'est impos\u00e9 sur la Mercan'Tour Classic.\",\"breadcrumb\":{\"@id\":\"https:\/\/dicodusport.fr\/blog\/mercantour-classic-2023-richard-carapaz-remporte-la-troisieme-edition\/#breadcrumb\"},\"inLanguage\":\"fr-FR\",\"potentialAction\":[{\"@type\":\"ReadAction\",\"target\":[\"https:\/\/dicodusport.fr\/blog\/mercantour-classic-2023-richard-carapaz-remporte-la-troisieme-edition\/\"]}]},{\"@type\":\"ImageObject\",\"inLanguage\":\"fr-FR\",\"@id\":\"https:\/\/dicodusport.fr\/blog\/mercantour-classic-2023-richard-carapaz-remporte-la-troisieme-edition\/#primaryimage\",\"url\":\"https:\/\/dicodusport.fr\/blog\/wp-content\/uploads\/2023\/05\/MercanTour-Classic-2023-Richard-Carapaz-remporte-la-troisieme-edition.png\",\"contentUrl\":\"https:\/\/dicodusport.fr\/blog\/wp-content\/uploads\/2023\/05\/MercanTour-Classic-2023-Richard-Carapaz-remporte-la-troisieme-edition.png\",\"width\":800,\"height\":445,\"caption\":\"Mercan'Tour Classic 2023 Richard Carapaz remporte la troisi\u00e8me \u00e9dition\"},{\"@type\":\"BreadcrumbList\",\"@id\":\"https:\/\/dicodusport.fr\/blog\/mercantour-classic-2023-richard-carapaz-remporte-la-troisieme-edition\/#breadcrumb\",\"itemListElement\":[{\"@type\":\"ListItem\",\"position\":1,\"name\":\"Accueil\",\"item\":\"https:\/\/dicodusport.fr\/blog\/\"},{\"@type\":\"ListItem\",\"position\":2,\"name\":\"Mercan&rsquo;Tour Classic 2023 : Richard Carapaz remporte la troisi\u00e8me \u00e9dition\"}]},{\"@type\":\"WebSite\",\"@id\":\"https:\/\/dicodusport.fr\/blog\/#website\",\"url\":\"https:\/\/dicodusport.fr\/blog\/\",\"name\":\"Dicodusport\",\"description\":\"L&#039;encyclop\u00e9die de l&#039;actualit\u00e9 sportive\",\"publisher\":{\"@id\":\"https:\/\/dicodusport.fr\/blog\/#organization\"},\"potentialAction\":[{\"@type\":\"SearchAction\",\"target\":{\"@type\":\"EntryPoint\",\"urlTemplate\":\"https:\/\/dicodusport.fr\/blog\/?s={search_term_string}\"},\"query-input\":{\"@type\":\"PropertyValueSpecification\",\"valueRequired\":true,\"valueName\":\"search_term_string\"}}],\"inLanguage\":\"fr-FR\"},{\"@type\":\"NewsMediaOrganization\",\"@id\":\"https:\/\/dicodusport.fr\/blog\/#organization\",\"name\":\"Dicodusport\",\"url\":\"https:\/\/dicodusport.fr\/blog\/\",\"logo\":{\"@type\":\"ImageObject\",\"inLanguage\":\"fr-FR\",\"@id\":\"https:\/\/dicodusport.fr\/blog\/#\/schema\/logo\/image\/\",\"url\":\"https:\/\/dicodusport.fr\/blog\/wp-content\/uploads\/2020\/06\/cropped-LOGO-DICODUSPORT-2020-SANS-FOND-SANS-TEXTE.png\",\"contentUrl\":\"https:\/\/dicodusport.fr\/blog\/wp-content\/uploads\/2020\/06\/cropped-LOGO-DICODUSPORT-2020-SANS-FOND-SANS-TEXTE.png\",\"width\":512,\"height\":512,\"caption\":\"Dicodusport\"},\"image\":{\"@id\":\"https:\/\/dicodusport.fr\/blog\/#\/schema\/logo\/image\/\"},\"sameAs\":[\"https:\/\/www.facebook.com\/dicodusport\",\"https:\/\/x.com\/dicodusport\",\"https:\/\/www.instagram.com\/dicodusport\/\",\"https:\/\/www.youtube.com\/channel\/UC7V2KZ5sd3htJivAbA4ZG3w\"],\"description\":\"Dicodusport est l'encyclop\u00e9die de l'actualit\u00e9 sportive.\",\"email\":\"bonjour@dicodusport.fr\",\"legalName\":\"DICODUSPORT\",\"foundingDate\":\"2018-01-14\",\"vatID\":\"FR71834470973\",\"taxID\":\"83447097300043\",\"numberOfEmployees\":{\"@type\":\"QuantitativeValue\",\"minValue\":\"1\",\"maxValue\":\"10\"}},{\"@type\":\"Person\",\"@id\":\"https:\/\/dicodusport.fr\/blog\/#\/schema\/person\/6db4bae06b171592211be385b32876a7\",\"name\":\"Emilien Descampiaux\",\"image\":{\"@type\":\"ImageObject\",\"inLanguage\":\"fr-FR\",\"@id\":\"https:\/\/dicodusport.fr\/blog\/#\/schema\/person\/image\/\",\"url\":\"https:\/\/dicodusport.fr\/blog\/wp-content\/uploads\/2021\/05\/Emilien-Descampiaux-150x150.jpg\",\"contentUrl\":\"https:\/\/dicodusport.fr\/blog\/wp-content\/uploads\/2021\/05\/Emilien-Descampiaux-150x150.jpg\",\"caption\":\"Emilien Descampiaux\"},\"description\":\"Journaliste\/r\u00e9dacteur depuis 2014 - Fan de la classe de Frank Vandenbroucke, je vis cyclisme (et de ses paysages) depuis plus de 20 ans. Je suis tr\u00e8s impliqu\u00e9 sur mes diff\u00e9rents r\u00e9seaux sociaux pour partager ma passion sur le monde et l'Histoire de la bicyclette avec ma voix sur les images en noir et blanc du succ\u00e8s de Rik Van Steenbergen lors du Ronde sur le V\u00e9lodrome de Gand.\",\"sameAs\":[\"https:\/\/www.facebook.com\/groups\/LesRoisDuPeloton\",\"https:\/\/x.com\/https:\/\/twitter.com\/LRoisDuPeloton\"],\"url\":\"https:\/\/dicodusport.fr\/blog\/author\/emiliend\/\"}]}<\/script>\n<!-- \/ Yoast SEO Premium plugin. -->","yoast_head_json":{"title":"Mercan'Tour Classic 2023 : Richard Carapaz remporte la troisi\u00e8me \u00e9dition","description":"MERCAN'TOUR CLASSIC 2023 - Le champion olympique Richard Carapaz (EF Education EasyPost) s'est impos\u00e9 sur la Mercan'Tour Classic.","robots":{"index":"index","follow":"follow","max-snippet":"max-snippet:-1","max-image-preview":"max-image-preview:large","max-video-preview":"max-video-preview:-1"},"canonical":"https:\/\/dicodusport.fr\/blog\/mercantour-classic-2023-richard-carapaz-remporte-la-troisieme-edition\/","og_locale":"fr_FR","og_type":"article","og_title":"Mercan'Tour Classic 2023 : Richard Carapaz remporte la troisi\u00e8me \u00e9dition","og_description":"MERCAN'TOUR CLASSIC 2023 - Le champion olympique Richard Carapaz (EF Education EasyPost) s'est impos\u00e9 sur la Mercan'Tour Classic.","og_url":"https:\/\/dicodusport.fr\/blog\/mercantour-classic-2023-richard-carapaz-remporte-la-troisieme-edition\/","og_site_name":"Dicodusport","article_publisher":"https:\/\/www.facebook.com\/dicodusport","article_author":"https:\/\/www.facebook.com\/groups\/LesRoisDuPeloton","article_published_time":"2023-05-30T14:21:52+00:00","article_modified_time":"2023-05-30T14:56:41+00:00","og_image":[{"width":800,"height":445,"url":"https:\/\/dicodusport.fr\/blog\/wp-content\/uploads\/2023\/05\/MercanTour-Classic-2023-Richard-Carapaz-remporte-la-troisieme-edition.png","type":"image\/png"}],"author":"Emilien Descampiaux","twitter_card":"summary_large_image","twitter_title":"Mercan'Tour Classic 2023 : Richard Carapaz remporte la troisi\u00e8me \u00e9dition","twitter_creator":"@https:\/\/twitter.com\/LRoisDuPeloton","twitter_site":"@dicodusport","schema":{"@context":"https:\/\/schema.org","@graph":[{"@type":"NewsArticle","@id":"https:\/\/dicodusport.fr\/blog\/mercantour-classic-2023-richard-carapaz-remporte-la-troisieme-edition\/#article","isPartOf":{"@id":"https:\/\/dicodusport.fr\/blog\/mercantour-classic-2023-richard-carapaz-remporte-la-troisieme-edition\/"},"author":{"name":"Emilien Descampiaux","@id":"https:\/\/dicodusport.fr\/blog\/#\/schema\/person\/6db4bae06b171592211be385b32876a7"},"headline":"Mercan&rsquo;Tour Classic 2023 : Richard Carapaz remporte la troisi\u00e8me \u00e9dition","datePublished":"2023-05-30T14:21:52+00:00","dateModified":"2023-05-30T14:56:41+00:00","mainEntityOfPage":{"@id":"https:\/\/dicodusport.fr\/blog\/mercantour-classic-2023-richard-carapaz-remporte-la-troisieme-edition\/"},"wordCount":517,"commentCount":0,"publisher":{"@id":"https:\/\/dicodusport.fr\/blog\/#organization"},"image":{"@id":"https:\/\/dicodusport.fr\/blog\/mercantour-classic-2023-richard-carapaz-remporte-la-troisieme-edition\/#primaryimage"},"thumbnailUrl":"https:\/\/dicodusport.fr\/blog\/wp-content\/uploads\/2023\/05\/MercanTour-Classic-2023-Richard-Carapaz-remporte-la-troisieme-edition.png","keywords":["br\u00e8ve","Mercan'Tour Classic","sport"],"articleSection":["Cyclisme sur route"],"inLanguage":"fr-FR","potentialAction":[{"@type":"CommentAction","name":"Comment","target":["https:\/\/dicodusport.fr\/blog\/mercantour-classic-2023-richard-carapaz-remporte-la-troisieme-edition\/#respond"]}],"copyrightYear":"2023","copyrightHolder":{"@id":"https:\/\/dicodusport.fr\/blog\/#organization"}},{"@type":"WebPage","@id":"https:\/\/dicodusport.fr\/blog\/mercantour-classic-2023-richard-carapaz-remporte-la-troisieme-edition\/","url":"https:\/\/dicodusport.fr\/blog\/mercantour-classic-2023-richard-carapaz-remporte-la-troisieme-edition\/","name":"Mercan'Tour Classic 2023 : Richard Carapaz remporte la troisi\u00e8me \u00e9dition","isPartOf":{"@id":"https:\/\/dicodusport.fr\/blog\/#website"},"primaryImageOfPage":{"@id":"https:\/\/dicodusport.fr\/blog\/mercantour-classic-2023-richard-carapaz-remporte-la-troisieme-edition\/#primaryimage"},"image":{"@id":"https:\/\/dicodusport.fr\/blog\/mercantour-classic-2023-richard-carapaz-remporte-la-troisieme-edition\/#primaryimage"},"thumbnailUrl":"https:\/\/dicodusport.fr\/blog\/wp-content\/uploads\/2023\/05\/MercanTour-Classic-2023-Richard-Carapaz-remporte-la-troisieme-edition.png","datePublished":"2023-05-30T14:21:52+00:00","dateModified":"2023-05-30T14:56:41+00:00","description":"MERCAN'TOUR CLASSIC 2023 - Le champion olympique Richard Carapaz (EF Education EasyPost) s'est impos\u00e9 sur la Mercan'Tour Classic.","breadcrumb":{"@id":"https:\/\/dicodusport.fr\/blog\/mercantour-classic-2023-richard-carapaz-remporte-la-troisieme-edition\/#breadcrumb"},"inLanguage":"fr-FR","potentialAction":[{"@type":"ReadAction","target":["https:\/\/dicodusport.fr\/blog\/mercantour-classic-2023-richard-carapaz-remporte-la-troisieme-edition\/"]}]},{"@type":"ImageObject","inLanguage":"fr-FR","@id":"https:\/\/dicodusport.fr\/blog\/mercantour-classic-2023-richard-carapaz-remporte-la-troisieme-edition\/#primaryimage","url":"https:\/\/dicodusport.fr\/blog\/wp-content\/uploads\/2023\/05\/MercanTour-Classic-2023-Richard-Carapaz-remporte-la-troisieme-edition.png","contentUrl":"https:\/\/dicodusport.fr\/blog\/wp-content\/uploads\/2023\/05\/MercanTour-Classic-2023-Richard-Carapaz-remporte-la-troisieme-edition.png","width":800,"height":445,"caption":"Mercan'Tour Classic 2023 Richard Carapaz remporte la troisi\u00e8me \u00e9dition"},{"@type":"BreadcrumbList","@id":"https:\/\/dicodusport.fr\/blog\/mercantour-classic-2023-richard-carapaz-remporte-la-troisieme-edition\/#breadcrumb","itemListElement":[{"@type":"ListItem","position":1,"name":"Accueil","item":"https:\/\/dicodusport.fr\/blog\/"},{"@type":"ListItem","position":2,"name":"Mercan&rsquo;Tour Classic 2023 : Richard Carapaz remporte la troisi\u00e8me \u00e9dition"}]},{"@type":"WebSite","@id":"https:\/\/dicodusport.fr\/blog\/#website","url":"https:\/\/dicodusport.fr\/blog\/","name":"Dicodusport","description":"L&#039;encyclop\u00e9die de l&#039;actualit\u00e9 sportive","publisher":{"@id":"https:\/\/dicodusport.fr\/blog\/#organization"},"potentialAction":[{"@type":"SearchAction","target":{"@type":"EntryPoint","urlTemplate":"https:\/\/dicodusport.fr\/blog\/?s={search_term_string}"},"query-input":{"@type":"PropertyValueSpecification","valueRequired":true,"valueName":"search_term_string"}}],"inLanguage":"fr-FR"},{"@type":"NewsMediaOrganization","@id":"https:\/\/dicodusport.fr\/blog\/#organization","name":"Dicodusport","url":"https:\/\/dicodusport.fr\/blog\/","logo":{"@type":"ImageObject","inLanguage":"fr-FR","@id":"https:\/\/dicodusport.fr\/blog\/#\/schema\/logo\/image\/","url":"https:\/\/dicodusport.fr\/blog\/wp-content\/uploads\/2020\/06\/cropped-LOGO-DICODUSPORT-2020-SANS-FOND-SANS-TEXTE.png","contentUrl":"https:\/\/dicodusport.fr\/blog\/wp-content\/uploads\/2020\/06\/cropped-LOGO-DICODUSPORT-2020-SANS-FOND-SANS-TEXTE.png","width":512,"height":512,"caption":"Dicodusport"},"image":{"@id":"https:\/\/dicodusport.fr\/blog\/#\/schema\/logo\/image\/"},"sameAs":["https:\/\/www.facebook.com\/dicodusport","https:\/\/x.com\/dicodusport","https:\/\/www.instagram.com\/dicodusport\/","https:\/\/www.youtube.com\/channel\/UC7V2KZ5sd3htJivAbA4ZG3w"],"description":"Dicodusport est l'encyclop\u00e9die de l'actualit\u00e9 sportive.","email":"bonjour@dicodusport.fr","legalName":"DICODUSPORT","foundingDate":"2018-01-14","vatID":"FR71834470973","taxID":"83447097300043","numberOfEmployees":{"@type":"QuantitativeValue","minValue":"1","maxValue":"10"}},{"@type":"Person","@id":"https:\/\/dicodusport.fr\/blog\/#\/schema\/person\/6db4bae06b171592211be385b32876a7","name":"Emilien Descampiaux","image":{"@type":"ImageObject","inLanguage":"fr-FR","@id":"https:\/\/dicodusport.fr\/blog\/#\/schema\/person\/image\/","url":"https:\/\/dicodusport.fr\/blog\/wp-content\/uploads\/2021\/05\/Emilien-Descampiaux-150x150.jpg","contentUrl":"https:\/\/dicodusport.fr\/blog\/wp-content\/uploads\/2021\/05\/Emilien-Descampiaux-150x150.jpg","caption":"Emilien Descampiaux"},"description":"Journaliste\/r\u00e9dacteur depuis 2014 - Fan de la classe de Frank Vandenbroucke, je vis cyclisme (et de ses paysages) depuis plus de 20 ans. Je suis tr\u00e8s impliqu\u00e9 sur mes diff\u00e9rents r\u00e9seaux sociaux pour partager ma passion sur le monde et l'Histoire de la bicyclette avec ma voix sur les images en noir et blanc du succ\u00e8s de Rik Van Steenbergen lors du Ronde sur le V\u00e9lodrome de Gand.","sameAs":["https:\/\/www.facebook.com\/groups\/LesRoisDuPeloton","https:\/\/x.com\/https:\/\/twitter.com\/LRoisDuPeloton"],"url":"https:\/\/dicodusport.fr\/blog\/author\/emiliend\/"}]}},"_links":{"self":[{"href":"https:\/\/dicodusport.fr\/blog\/wp-json\/wp\/v2\/posts\/386641","targetHints":{"allow":["GET"]}}],"collection":[{"href":"https:\/\/dicodusport.fr\/blog\/wp-json\/wp\/v2\/posts"}],"about":[{"href":"https:\/\/dicodusport.fr\/blog\/wp-json\/wp\/v2\/types\/post"}],"author":[{"embeddable":true,"href":"https:\/\/dicodusport.fr\/blog\/wp-json\/wp\/v2\/users\/48"}],"replies":[{"embeddable":true,"href":"https:\/\/dicodusport.fr\/blog\/wp-json\/wp\/v2\/comments?post=386641"}],"version-history":[{"count":0,"href":"https:\/\/dicodusport.fr\/blog\/wp-json\/wp\/v2\/posts\/386641\/revisions"}],"wp:featuredmedia":[{"embeddable":true,"href":"https:\/\/dicodusport.fr\/blog\/wp-json\/wp\/v2\/media\/386656"}],"wp:attachment":[{"href":"https:\/\/dicodusport.fr\/blog\/wp-json\/wp\/v2\/media?parent=386641"}],"wp:term":[{"taxonomy":"category","embeddable":true,"href":"https:\/\/dicodusport.fr\/blog\/wp-json\/wp\/v2\/categories?post=386641"},{"taxonomy":"post_tag","embeddable":true,"href":"https:\/\/dicodusport.fr\/blog\/wp-json\/wp\/v2\/tags?post=386641"}],"curies":[{"name":"wp","href":"https:\/\/api.w.org\/{rel}","templated":true}]}}