{"id":386645,"date":"2023-05-30T18:11:44","date_gmt":"2023-05-30T16:11:44","guid":{"rendered":"https:\/\/dicodusport.fr\/blog\/?p=386645"},"modified":"2023-05-31T09:47:25","modified_gmt":"2023-05-31T07:47:25","slug":"mondiaux-de-taekwondo-magda-wiet-henin-et-althea-laurin-championnes-du-monde","status":"publish","type":"post","link":"https:\/\/dicodusport.fr\/blog\/mondiaux-de-taekwondo-magda-wiet-henin-et-althea-laurin-championnes-du-monde\/","title":{"rendered":"Mondiaux de taekwondo : Magda Wiet-H\u00e9nin et Alth\u00e9a Laurin championnes du monde !"},"content":{"rendered":"<p style=\"text-align: justify;\"><strong><em>CHAMPIONNATS DU MONDE DE TAEKWONDO &#8211; Apr\u00e8s une \u00e9dition 2022 totalement rat\u00e9e termin\u00e9e sans m\u00e9daille, l&rsquo;\u00e9quipe de France de taekwondo a d\u00e9croch\u00e9 deux m\u00e9dailles d&rsquo;or ce mardi, gr\u00e2ce \u00e0 Magda Wiet-H\u00e9nin et Alth\u00e9a Laurin.\u00a0<\/em><\/strong><\/p>\n<h2 style=\"text-align: justify;\">Journ\u00e9e historique pour le taekwondo fran\u00e7ais<\/h2>\n<h3 style=\"text-align: justify;\">Wiet-H\u00e9nin sur le toit du monde<\/h3>\n<p style=\"text-align: justify;\">M\u00e9daill\u00e9e d&rsquo;argent lors des Mondiaux f\u00e9minins en 2021, <strong>Magda Wiet-H\u00e9nin<\/strong> d\u00e9crochait sa seconde finale et sa troisi\u00e8me m\u00e9daille mondiale de sa carri\u00e8re. En d\u00e9but de journ\u00e9e, la Fran\u00e7aise s&rsquo;est d&rsquo;abord d\u00e9faite difficilement de la Grecque <strong>Sarvanaki<\/strong> avant d&rsquo;\u00e9carter la Kazakhstanaise <strong>Khussainova<\/strong>. Oppos\u00e9e \u00e0 la Croate Pole en quarts, elle s&rsquo;assure une nouvelle m\u00e9daille en acc\u00e9dant aux demi-finales, contre qui elle avait perdu, en finale en 2021, l&rsquo;Ivoirienne <strong>Gbagbi<\/strong>. Dominante, elle remporte le premier set 7-3, puis le second 3-1, lui ouvrant les portes de la finale contre la Jordanienne <strong>Julyanna Al-Sadeq<\/strong>. Vainqueur de la premi\u00e8re manche 6-3, la Tricolore se fait surprendre en fin de deuxi\u00e8me malgr\u00e9 un coup de pied au casque sur le gong, 5-5.<\/p>\n<p style=\"text-align: justify;\">La derni\u00e8re manche d\u00e9terminera alors la championne du monde des -67 kg. Alors qu&rsquo;elle m\u00e8ne 5-0, <strong>Wiet-H\u00e9nin<\/strong> se fait rejoindre dans la foul\u00e9e \u00e0 5-4, mais ne se d\u00e9mobilise pas ! Avec un point de plus en sa faveur, c&rsquo;est <strong>Magda Wiet-H\u00e9nin<\/strong> qui d\u00e9croche le titre mondial, en l&#8217;emportant 2 sets \u00e0 1. Dix ans apr\u00e8s la derni\u00e8re m\u00e9daille d&rsquo;or mondiale du taekwondo fran\u00e7ais, le clin d&rsquo;\u0153il est parfait, puisque la Nanc\u00e9ienne combat dans la m\u00eame cat\u00e9gorie qu&rsquo;<strong>Haby Niar\u00e9<\/strong>, \u00e0 l&rsquo;\u00e9poque de son titre mondial !<\/p>\n<blockquote class=\"twitter-tweet\">\n<p dir=\"ltr\" lang=\"fr\">Magda Wiet-H\u00e9nin CHAMPIONNE DU MONDE !!! \ud83d\ude0d\ud83c\uddeb\ud83c\uddf7 <a href=\"https:\/\/t.co\/Tf6F4RT3Fo\">pic.twitter.com\/Tf6F4RT3Fo<\/a><\/p>\n<p>\u2014 FFTaekwondo (@FFTDA) <a href=\"https:\/\/twitter.com\/FFTDA\/status\/1663574510593818625?ref_src=twsrc%5Etfw\">May 30, 2023<\/a><\/p><\/blockquote>\n<p><script async src=\"https:\/\/platform.twitter.com\/widgets.js\" charset=\"utf-8\"><\/script><\/p>\n<h3 style=\"text-align: justify;\">Laurin aussi !<\/h3>\n<p style=\"text-align: justify;\">M\u00e9daill\u00e9e olympique et vice-championne du monde en 2021, <strong>Alth\u00e9a Laurin<\/strong> est l&rsquo;une des leaders de cette \u00e9quipe de France en &#8211; 73 kg. Pour elle, le d\u00e9but de parcours fut sans encombre. En 32\u00e8mes de finale, elle n&rsquo;aura pas trembl\u00e9 pour \u00e9carter la Portugaise Vital 2-0 (7-0 \/ 13-1). Malgr\u00e9 la perte d&rsquo;un set contre la Marocaine <strong>Omayma<\/strong>, <strong>Laurin<\/strong> rejoint les quarts et n&rsquo;est plus qu&rsquo;\u00e0 une marche de la m\u00e9daille. Une ambition confirm\u00e9e contre la Jordanienne <strong>Abo-Alrub<\/strong> (2-0), la demi-finale s&rsquo;annonce cette fois bien plus difficile, contre celle qui l&rsquo;avait battue en finale en 2021, la Russe <strong>Khan<\/strong>. Combat \u00e2pre au premier set remport\u00e9 sur la plus petite des marges par la Fran\u00e7aise, le second lui sert cette fois de d\u00e9fouloir.<\/p>\n<p style=\"text-align: justify;\">Une victoire 10-2 qui valide sa place en finale contre la Britannique <strong>Rebecca McGowan<\/strong>, championne d&rsquo;Europe 2021 et m\u00e9daill\u00e9e de bronze mondiale l&rsquo;an pass\u00e9. Aid\u00e9e par son allonge et son grand gabarit, la jeune francilienne de 21 ans s&rsquo;adjuge le premier set dsur un score fleuve 16-10. Se rendant coup pour coup, les deux femmes livrent un combat spectaculaire, et le second set tourne encore une fois \u00e0 l&rsquo;avantage des Bleus 9-4, offrant un second titre mondial en quelques minutes \u00e0 la France ! HISTORIQUE !<\/p>\n<blockquote class=\"twitter-tweet\">\n<p dir=\"ltr\" lang=\"fr\">Alth\u00e9a Laurin CHAMPIONNE DU MONDE !!! \ud83d\ude0d\ud83c\uddeb\ud83c\uddf7 <a href=\"https:\/\/t.co\/tusd37MIMX\">pic.twitter.com\/tusd37MIMX<\/a><\/p>\n<p>\u2014 FFTaekwondo (@FFTDA) <a href=\"https:\/\/twitter.com\/FFTDA\/status\/1663579368457633793?ref_src=twsrc%5Etfw\">May 30, 2023<\/a><\/p><\/blockquote>\n<p><script async src=\"https:\/\/platform.twitter.com\/widgets.js\" charset=\"utf-8\"><\/script><\/p>\n","protected":false},"excerpt":{"rendered":"<p>CHAMPIONNATS DU MONDE DE TAEKWONDO &#8211; Apr\u00e8s une \u00e9dition 2022 totalement rat\u00e9e termin\u00e9e sans m\u00e9daille, l&rsquo;\u00e9quipe de France de taekwondo a d\u00e9croch\u00e9 deux m\u00e9dailles d&rsquo;or ce mardi, gr\u00e2ce \u00e0 Magda Wiet-H\u00e9nin et Alth\u00e9a Laurin.\u00a0<\/p>\n","protected":false},"author":43,"featured_media":386732,"comment_status":"open","ping_status":"closed","sticky":false,"template":"","format":"standard","meta":{"_acf_changed":false,"_daextam_enable_autolinks":"","footnotes":""},"categories":[10983],"tags":[12953,16878,12954,24],"class_list":["post-386645","post","type-post","status-publish","format-standard","has-post-thumbnail","hentry","category-taekwondo","tag-althea-laurin","tag-breve","tag-magda-wiet-henin","tag-sport"],"acf":[],"yoast_head":"<!-- This site is optimized with the Yoast SEO Premium plugin v26.7 (Yoast SEO v26.7) - https:\/\/yoast.com\/wordpress\/plugins\/seo\/ -->\n<title>Mondiaux de taekwondo : Magda Wiet-H\u00e9nin et Alth\u00e9a Laurin championnes du monde !<\/title>\n<meta name=\"description\" content=\"CHAMPIONNATS DU MONDE DE TAEKWONDO - L&#039;\u00e9quipe de France a d\u00e9croch\u00e9 deux m\u00e9dailles d&#039;or ce mardi, gr\u00e2ce \u00e0 Magda Wiet-H\u00e9nin et Alth\u00e9a Laurin.\u00a0\" \/>\n<meta name=\"robots\" content=\"index, follow, max-snippet:-1, max-image-preview:large, max-video-preview:-1\" \/>\n<link rel=\"canonical\" href=\"https:\/\/dicodusport.fr\/blog\/mondiaux-de-taekwondo-magda-wiet-henin-et-althea-laurin-championnes-du-monde\/\" \/>\n<meta property=\"og:locale\" content=\"fr_FR\" \/>\n<meta property=\"og:type\" content=\"article\" \/>\n<meta property=\"og:title\" content=\"Mondiaux de taekwondo : Magda Wiet-H\u00e9nin et Alth\u00e9a Laurin championnes du monde !\" \/>\n<meta property=\"og:description\" content=\"Incroyable, Magda Wiet-H\u00e9nin et Alth\u00e9a Laurin d\u00e9crochent chacune la m\u00e9daille d&#039;or aux championnats du monde \u00e0 quelques minutes d&#039;intevalle.\" \/>\n<meta property=\"og:url\" content=\"https:\/\/dicodusport.fr\/blog\/mondiaux-de-taekwondo-magda-wiet-henin-et-althea-laurin-championnes-du-monde\/\" \/>\n<meta property=\"og:site_name\" content=\"Dicodusport\" \/>\n<meta property=\"article:publisher\" content=\"https:\/\/www.facebook.com\/dicodusport\" \/>\n<meta property=\"article:author\" content=\"https:\/\/www.facebook.com\/Max.Bld2\/\" \/>\n<meta property=\"article:published_time\" content=\"2023-05-30T16:11:44+00:00\" \/>\n<meta property=\"article:modified_time\" content=\"2023-05-31T07:47:25+00:00\" \/>\n<meta property=\"og:image\" content=\"https:\/\/dicodusport.fr\/blog\/wp-content\/uploads\/2023\/05\/Mondiaux-de-taekwondo-Magda-Wiet-Henin-et-Althea-Laurin-championnes-du-monde-1.png\" \/>\n\t<meta property=\"og:image:width\" content=\"800\" \/>\n\t<meta property=\"og:image:height\" content=\"445\" \/>\n\t<meta property=\"og:image:type\" content=\"image\/png\" \/>\n<meta name=\"author\" content=\"Maxime Boulard\" \/>\n<meta name=\"twitter:card\" content=\"summary_large_image\" \/>\n<meta name=\"twitter:title\" content=\"Mondiaux de taekwondo : Magda Wiet-H\u00e9nin et Alth\u00e9a Laurin championnes du monde !\" \/>\n<meta name=\"twitter:creator\" content=\"@https:\/\/twitter.com\/MaximeB_2\" \/>\n<meta name=\"twitter:site\" content=\"@dicodusport\" \/>\n<script type=\"application\/ld+json\" class=\"yoast-schema-graph\">{\"@context\":\"https:\/\/schema.org\",\"@graph\":[{\"@type\":\"NewsArticle\",\"@id\":\"https:\/\/dicodusport.fr\/blog\/mondiaux-de-taekwondo-magda-wiet-henin-et-althea-laurin-championnes-du-monde\/#article\",\"isPartOf\":{\"@id\":\"https:\/\/dicodusport.fr\/blog\/mondiaux-de-taekwondo-magda-wiet-henin-et-althea-laurin-championnes-du-monde\/\"},\"author\":{\"name\":\"Maxime Boulard\",\"@id\":\"https:\/\/dicodusport.fr\/blog\/#\/schema\/person\/5aab10ee856e86ac63e9819a9da34784\"},\"headline\":\"Mondiaux de taekwondo : Magda Wiet-H\u00e9nin et Alth\u00e9a Laurin championnes du monde !\",\"datePublished\":\"2023-05-30T16:11:44+00:00\",\"dateModified\":\"2023-05-31T07:47:25+00:00\",\"mainEntityOfPage\":{\"@id\":\"https:\/\/dicodusport.fr\/blog\/mondiaux-de-taekwondo-magda-wiet-henin-et-althea-laurin-championnes-du-monde\/\"},\"wordCount\":560,\"commentCount\":0,\"publisher\":{\"@id\":\"https:\/\/dicodusport.fr\/blog\/#organization\"},\"image\":{\"@id\":\"https:\/\/dicodusport.fr\/blog\/mondiaux-de-taekwondo-magda-wiet-henin-et-althea-laurin-championnes-du-monde\/#primaryimage\"},\"thumbnailUrl\":\"https:\/\/dicodusport.fr\/blog\/wp-content\/uploads\/2023\/05\/Mondiaux-de-taekwondo-Magda-Wiet-Henin-et-Althea-Laurin-championnes-du-monde-1.png\",\"keywords\":[\"Alth\u00e9a Laurin\",\"br\u00e8ve\",\"Magda Wiet-H\u00e9nin\",\"sport\"],\"articleSection\":[\"Taekwondo\"],\"inLanguage\":\"fr-FR\",\"potentialAction\":[{\"@type\":\"CommentAction\",\"name\":\"Comment\",\"target\":[\"https:\/\/dicodusport.fr\/blog\/mondiaux-de-taekwondo-magda-wiet-henin-et-althea-laurin-championnes-du-monde\/#respond\"]}],\"copyrightYear\":\"2023\",\"copyrightHolder\":{\"@id\":\"https:\/\/dicodusport.fr\/blog\/#organization\"}},{\"@type\":\"WebPage\",\"@id\":\"https:\/\/dicodusport.fr\/blog\/mondiaux-de-taekwondo-magda-wiet-henin-et-althea-laurin-championnes-du-monde\/\",\"url\":\"https:\/\/dicodusport.fr\/blog\/mondiaux-de-taekwondo-magda-wiet-henin-et-althea-laurin-championnes-du-monde\/\",\"name\":\"Mondiaux de taekwondo : Magda Wiet-H\u00e9nin et Alth\u00e9a Laurin championnes du monde !\",\"isPartOf\":{\"@id\":\"https:\/\/dicodusport.fr\/blog\/#website\"},\"primaryImageOfPage\":{\"@id\":\"https:\/\/dicodusport.fr\/blog\/mondiaux-de-taekwondo-magda-wiet-henin-et-althea-laurin-championnes-du-monde\/#primaryimage\"},\"image\":{\"@id\":\"https:\/\/dicodusport.fr\/blog\/mondiaux-de-taekwondo-magda-wiet-henin-et-althea-laurin-championnes-du-monde\/#primaryimage\"},\"thumbnailUrl\":\"https:\/\/dicodusport.fr\/blog\/wp-content\/uploads\/2023\/05\/Mondiaux-de-taekwondo-Magda-Wiet-Henin-et-Althea-Laurin-championnes-du-monde-1.png\",\"datePublished\":\"2023-05-30T16:11:44+00:00\",\"dateModified\":\"2023-05-31T07:47:25+00:00\",\"description\":\"CHAMPIONNATS DU MONDE DE TAEKWONDO - L'\u00e9quipe de France a d\u00e9croch\u00e9 deux m\u00e9dailles d'or ce mardi, gr\u00e2ce \u00e0 Magda Wiet-H\u00e9nin et Alth\u00e9a Laurin.\u00a0\",\"breadcrumb\":{\"@id\":\"https:\/\/dicodusport.fr\/blog\/mondiaux-de-taekwondo-magda-wiet-henin-et-althea-laurin-championnes-du-monde\/#breadcrumb\"},\"inLanguage\":\"fr-FR\",\"potentialAction\":[{\"@type\":\"ReadAction\",\"target\":[\"https:\/\/dicodusport.fr\/blog\/mondiaux-de-taekwondo-magda-wiet-henin-et-althea-laurin-championnes-du-monde\/\"]}]},{\"@type\":\"ImageObject\",\"inLanguage\":\"fr-FR\",\"@id\":\"https:\/\/dicodusport.fr\/blog\/mondiaux-de-taekwondo-magda-wiet-henin-et-althea-laurin-championnes-du-monde\/#primaryimage\",\"url\":\"https:\/\/dicodusport.fr\/blog\/wp-content\/uploads\/2023\/05\/Mondiaux-de-taekwondo-Magda-Wiet-Henin-et-Althea-Laurin-championnes-du-monde-1.png\",\"contentUrl\":\"https:\/\/dicodusport.fr\/blog\/wp-content\/uploads\/2023\/05\/Mondiaux-de-taekwondo-Magda-Wiet-Henin-et-Althea-Laurin-championnes-du-monde-1.png\",\"width\":800,\"height\":445,\"caption\":\"Mondiaux de taekwondo - Magda Wiet-H\u00e9nin et Alth\u00e9a Laurin (\u00e0 droite) championnes du monde ! - Photo via FF Taekwondo\"},{\"@type\":\"BreadcrumbList\",\"@id\":\"https:\/\/dicodusport.fr\/blog\/mondiaux-de-taekwondo-magda-wiet-henin-et-althea-laurin-championnes-du-monde\/#breadcrumb\",\"itemListElement\":[{\"@type\":\"ListItem\",\"position\":1,\"name\":\"Accueil\",\"item\":\"https:\/\/dicodusport.fr\/blog\/\"},{\"@type\":\"ListItem\",\"position\":2,\"name\":\"Mondiaux de taekwondo : Magda Wiet-H\u00e9nin et Alth\u00e9a Laurin championnes du monde !\"}]},{\"@type\":\"WebSite\",\"@id\":\"https:\/\/dicodusport.fr\/blog\/#website\",\"url\":\"https:\/\/dicodusport.fr\/blog\/\",\"name\":\"Dicodusport\",\"description\":\"L&#039;encyclop\u00e9die de l&#039;actualit\u00e9 sportive\",\"publisher\":{\"@id\":\"https:\/\/dicodusport.fr\/blog\/#organization\"},\"potentialAction\":[{\"@type\":\"SearchAction\",\"target\":{\"@type\":\"EntryPoint\",\"urlTemplate\":\"https:\/\/dicodusport.fr\/blog\/?s={search_term_string}\"},\"query-input\":{\"@type\":\"PropertyValueSpecification\",\"valueRequired\":true,\"valueName\":\"search_term_string\"}}],\"inLanguage\":\"fr-FR\"},{\"@type\":\"NewsMediaOrganization\",\"@id\":\"https:\/\/dicodusport.fr\/blog\/#organization\",\"name\":\"Dicodusport\",\"url\":\"https:\/\/dicodusport.fr\/blog\/\",\"logo\":{\"@type\":\"ImageObject\",\"inLanguage\":\"fr-FR\",\"@id\":\"https:\/\/dicodusport.fr\/blog\/#\/schema\/logo\/image\/\",\"url\":\"https:\/\/dicodusport.fr\/blog\/wp-content\/uploads\/2020\/06\/cropped-LOGO-DICODUSPORT-2020-SANS-FOND-SANS-TEXTE.png\",\"contentUrl\":\"https:\/\/dicodusport.fr\/blog\/wp-content\/uploads\/2020\/06\/cropped-LOGO-DICODUSPORT-2020-SANS-FOND-SANS-TEXTE.png\",\"width\":512,\"height\":512,\"caption\":\"Dicodusport\"},\"image\":{\"@id\":\"https:\/\/dicodusport.fr\/blog\/#\/schema\/logo\/image\/\"},\"sameAs\":[\"https:\/\/www.facebook.com\/dicodusport\",\"https:\/\/x.com\/dicodusport\",\"https:\/\/www.instagram.com\/dicodusport\/\",\"https:\/\/www.youtube.com\/channel\/UC7V2KZ5sd3htJivAbA4ZG3w\"],\"description\":\"Dicodusport est l'encyclop\u00e9die de l'actualit\u00e9 sportive.\",\"email\":\"bonjour@dicodusport.fr\",\"legalName\":\"DICODUSPORT\",\"foundingDate\":\"2018-01-14\",\"vatID\":\"FR71834470973\",\"taxID\":\"83447097300043\",\"numberOfEmployees\":{\"@type\":\"QuantitativeValue\",\"minValue\":\"1\",\"maxValue\":\"10\"}},{\"@type\":\"Person\",\"@id\":\"https:\/\/dicodusport.fr\/blog\/#\/schema\/person\/5aab10ee856e86ac63e9819a9da34784\",\"name\":\"Maxime Boulard\",\"image\":{\"@type\":\"ImageObject\",\"inLanguage\":\"fr-FR\",\"@id\":\"https:\/\/dicodusport.fr\/blog\/#\/schema\/person\/image\/\",\"url\":\"https:\/\/dicodusport.fr\/blog\/wp-content\/uploads\/2021\/05\/Maxime-Boulard-150x150.jpg\",\"contentUrl\":\"https:\/\/dicodusport.fr\/blog\/wp-content\/uploads\/2021\/05\/Maxime-Boulard-150x150.jpg\",\"caption\":\"Maxime Boulard\"},\"description\":\"Journaliste\/r\u00e9dacteur depuis octobre 2020 - Si mon plus vieux souvenir de sport aurait pu m'en d\u00e9go\u00fbter, la finale de la Coupe du monde 2006 a \u00e9t\u00e9 tout le contraire. V\u00e9ritable d\u00e9clencheur d'une passion qui aujourd'hui ne fait que grandir avec le temps, mon leitmotiv est la France qui brille ! Je relate les exploits pass\u00e9s et pr\u00e9sents du sport bleu-blanc-rouge sans m\u00e9nagement depuis octobre 2020. Sport valide ou handisport, aucune diff\u00e9rence, il n'y a que du sport et plusieurs fa\u00e7ons de le pratiquer.\",\"sameAs\":[\"https:\/\/www.facebook.com\/Max.Bld2\/\",\"https:\/\/x.com\/https:\/\/twitter.com\/MaximeB_2\"],\"url\":\"https:\/\/dicodusport.fr\/blog\/author\/maxime-b\/\"}]}<\/script>\n<!-- \/ Yoast SEO Premium plugin. -->","yoast_head_json":{"title":"Mondiaux de taekwondo : Magda Wiet-H\u00e9nin et Alth\u00e9a Laurin championnes du monde !","description":"CHAMPIONNATS DU MONDE DE TAEKWONDO - L'\u00e9quipe de France a d\u00e9croch\u00e9 deux m\u00e9dailles d'or ce mardi, gr\u00e2ce \u00e0 Magda Wiet-H\u00e9nin et Alth\u00e9a Laurin.\u00a0","robots":{"index":"index","follow":"follow","max-snippet":"max-snippet:-1","max-image-preview":"max-image-preview:large","max-video-preview":"max-video-preview:-1"},"canonical":"https:\/\/dicodusport.fr\/blog\/mondiaux-de-taekwondo-magda-wiet-henin-et-althea-laurin-championnes-du-monde\/","og_locale":"fr_FR","og_type":"article","og_title":"Mondiaux de taekwondo : Magda Wiet-H\u00e9nin et Alth\u00e9a Laurin championnes du monde !","og_description":"Incroyable, Magda Wiet-H\u00e9nin et Alth\u00e9a Laurin d\u00e9crochent chacune la m\u00e9daille d'or aux championnats du monde \u00e0 quelques minutes d'intevalle.","og_url":"https:\/\/dicodusport.fr\/blog\/mondiaux-de-taekwondo-magda-wiet-henin-et-althea-laurin-championnes-du-monde\/","og_site_name":"Dicodusport","article_publisher":"https:\/\/www.facebook.com\/dicodusport","article_author":"https:\/\/www.facebook.com\/Max.Bld2\/","article_published_time":"2023-05-30T16:11:44+00:00","article_modified_time":"2023-05-31T07:47:25+00:00","og_image":[{"width":800,"height":445,"url":"https:\/\/dicodusport.fr\/blog\/wp-content\/uploads\/2023\/05\/Mondiaux-de-taekwondo-Magda-Wiet-Henin-et-Althea-Laurin-championnes-du-monde-1.png","type":"image\/png"}],"author":"Maxime Boulard","twitter_card":"summary_large_image","twitter_title":"Mondiaux de taekwondo : Magda Wiet-H\u00e9nin et Alth\u00e9a Laurin championnes du monde !","twitter_creator":"@https:\/\/twitter.com\/MaximeB_2","twitter_site":"@dicodusport","schema":{"@context":"https:\/\/schema.org","@graph":[{"@type":"NewsArticle","@id":"https:\/\/dicodusport.fr\/blog\/mondiaux-de-taekwondo-magda-wiet-henin-et-althea-laurin-championnes-du-monde\/#article","isPartOf":{"@id":"https:\/\/dicodusport.fr\/blog\/mondiaux-de-taekwondo-magda-wiet-henin-et-althea-laurin-championnes-du-monde\/"},"author":{"name":"Maxime Boulard","@id":"https:\/\/dicodusport.fr\/blog\/#\/schema\/person\/5aab10ee856e86ac63e9819a9da34784"},"headline":"Mondiaux de taekwondo : Magda Wiet-H\u00e9nin et Alth\u00e9a Laurin championnes du monde !","datePublished":"2023-05-30T16:11:44+00:00","dateModified":"2023-05-31T07:47:25+00:00","mainEntityOfPage":{"@id":"https:\/\/dicodusport.fr\/blog\/mondiaux-de-taekwondo-magda-wiet-henin-et-althea-laurin-championnes-du-monde\/"},"wordCount":560,"commentCount":0,"publisher":{"@id":"https:\/\/dicodusport.fr\/blog\/#organization"},"image":{"@id":"https:\/\/dicodusport.fr\/blog\/mondiaux-de-taekwondo-magda-wiet-henin-et-althea-laurin-championnes-du-monde\/#primaryimage"},"thumbnailUrl":"https:\/\/dicodusport.fr\/blog\/wp-content\/uploads\/2023\/05\/Mondiaux-de-taekwondo-Magda-Wiet-Henin-et-Althea-Laurin-championnes-du-monde-1.png","keywords":["Alth\u00e9a Laurin","br\u00e8ve","Magda Wiet-H\u00e9nin","sport"],"articleSection":["Taekwondo"],"inLanguage":"fr-FR","potentialAction":[{"@type":"CommentAction","name":"Comment","target":["https:\/\/dicodusport.fr\/blog\/mondiaux-de-taekwondo-magda-wiet-henin-et-althea-laurin-championnes-du-monde\/#respond"]}],"copyrightYear":"2023","copyrightHolder":{"@id":"https:\/\/dicodusport.fr\/blog\/#organization"}},{"@type":"WebPage","@id":"https:\/\/dicodusport.fr\/blog\/mondiaux-de-taekwondo-magda-wiet-henin-et-althea-laurin-championnes-du-monde\/","url":"https:\/\/dicodusport.fr\/blog\/mondiaux-de-taekwondo-magda-wiet-henin-et-althea-laurin-championnes-du-monde\/","name":"Mondiaux de taekwondo : Magda Wiet-H\u00e9nin et Alth\u00e9a Laurin championnes du monde !","isPartOf":{"@id":"https:\/\/dicodusport.fr\/blog\/#website"},"primaryImageOfPage":{"@id":"https:\/\/dicodusport.fr\/blog\/mondiaux-de-taekwondo-magda-wiet-henin-et-althea-laurin-championnes-du-monde\/#primaryimage"},"image":{"@id":"https:\/\/dicodusport.fr\/blog\/mondiaux-de-taekwondo-magda-wiet-henin-et-althea-laurin-championnes-du-monde\/#primaryimage"},"thumbnailUrl":"https:\/\/dicodusport.fr\/blog\/wp-content\/uploads\/2023\/05\/Mondiaux-de-taekwondo-Magda-Wiet-Henin-et-Althea-Laurin-championnes-du-monde-1.png","datePublished":"2023-05-30T16:11:44+00:00","dateModified":"2023-05-31T07:47:25+00:00","description":"CHAMPIONNATS DU MONDE DE TAEKWONDO - L'\u00e9quipe de France a d\u00e9croch\u00e9 deux m\u00e9dailles d'or ce mardi, gr\u00e2ce \u00e0 Magda Wiet-H\u00e9nin et Alth\u00e9a Laurin.\u00a0","breadcrumb":{"@id":"https:\/\/dicodusport.fr\/blog\/mondiaux-de-taekwondo-magda-wiet-henin-et-althea-laurin-championnes-du-monde\/#breadcrumb"},"inLanguage":"fr-FR","potentialAction":[{"@type":"ReadAction","target":["https:\/\/dicodusport.fr\/blog\/mondiaux-de-taekwondo-magda-wiet-henin-et-althea-laurin-championnes-du-monde\/"]}]},{"@type":"ImageObject","inLanguage":"fr-FR","@id":"https:\/\/dicodusport.fr\/blog\/mondiaux-de-taekwondo-magda-wiet-henin-et-althea-laurin-championnes-du-monde\/#primaryimage","url":"https:\/\/dicodusport.fr\/blog\/wp-content\/uploads\/2023\/05\/Mondiaux-de-taekwondo-Magda-Wiet-Henin-et-Althea-Laurin-championnes-du-monde-1.png","contentUrl":"https:\/\/dicodusport.fr\/blog\/wp-content\/uploads\/2023\/05\/Mondiaux-de-taekwondo-Magda-Wiet-Henin-et-Althea-Laurin-championnes-du-monde-1.png","width":800,"height":445,"caption":"Mondiaux de taekwondo - Magda Wiet-H\u00e9nin et Alth\u00e9a Laurin (\u00e0 droite) championnes du monde ! - Photo via FF Taekwondo"},{"@type":"BreadcrumbList","@id":"https:\/\/dicodusport.fr\/blog\/mondiaux-de-taekwondo-magda-wiet-henin-et-althea-laurin-championnes-du-monde\/#breadcrumb","itemListElement":[{"@type":"ListItem","position":1,"name":"Accueil","item":"https:\/\/dicodusport.fr\/blog\/"},{"@type":"ListItem","position":2,"name":"Mondiaux de taekwondo : Magda Wiet-H\u00e9nin et Alth\u00e9a Laurin championnes du monde !"}]},{"@type":"WebSite","@id":"https:\/\/dicodusport.fr\/blog\/#website","url":"https:\/\/dicodusport.fr\/blog\/","name":"Dicodusport","description":"L&#039;encyclop\u00e9die de l&#039;actualit\u00e9 sportive","publisher":{"@id":"https:\/\/dicodusport.fr\/blog\/#organization"},"potentialAction":[{"@type":"SearchAction","target":{"@type":"EntryPoint","urlTemplate":"https:\/\/dicodusport.fr\/blog\/?s={search_term_string}"},"query-input":{"@type":"PropertyValueSpecification","valueRequired":true,"valueName":"search_term_string"}}],"inLanguage":"fr-FR"},{"@type":"NewsMediaOrganization","@id":"https:\/\/dicodusport.fr\/blog\/#organization","name":"Dicodusport","url":"https:\/\/dicodusport.fr\/blog\/","logo":{"@type":"ImageObject","inLanguage":"fr-FR","@id":"https:\/\/dicodusport.fr\/blog\/#\/schema\/logo\/image\/","url":"https:\/\/dicodusport.fr\/blog\/wp-content\/uploads\/2020\/06\/cropped-LOGO-DICODUSPORT-2020-SANS-FOND-SANS-TEXTE.png","contentUrl":"https:\/\/dicodusport.fr\/blog\/wp-content\/uploads\/2020\/06\/cropped-LOGO-DICODUSPORT-2020-SANS-FOND-SANS-TEXTE.png","width":512,"height":512,"caption":"Dicodusport"},"image":{"@id":"https:\/\/dicodusport.fr\/blog\/#\/schema\/logo\/image\/"},"sameAs":["https:\/\/www.facebook.com\/dicodusport","https:\/\/x.com\/dicodusport","https:\/\/www.instagram.com\/dicodusport\/","https:\/\/www.youtube.com\/channel\/UC7V2KZ5sd3htJivAbA4ZG3w"],"description":"Dicodusport est l'encyclop\u00e9die de l'actualit\u00e9 sportive.","email":"bonjour@dicodusport.fr","legalName":"DICODUSPORT","foundingDate":"2018-01-14","vatID":"FR71834470973","taxID":"83447097300043","numberOfEmployees":{"@type":"QuantitativeValue","minValue":"1","maxValue":"10"}},{"@type":"Person","@id":"https:\/\/dicodusport.fr\/blog\/#\/schema\/person\/5aab10ee856e86ac63e9819a9da34784","name":"Maxime Boulard","image":{"@type":"ImageObject","inLanguage":"fr-FR","@id":"https:\/\/dicodusport.fr\/blog\/#\/schema\/person\/image\/","url":"https:\/\/dicodusport.fr\/blog\/wp-content\/uploads\/2021\/05\/Maxime-Boulard-150x150.jpg","contentUrl":"https:\/\/dicodusport.fr\/blog\/wp-content\/uploads\/2021\/05\/Maxime-Boulard-150x150.jpg","caption":"Maxime Boulard"},"description":"Journaliste\/r\u00e9dacteur depuis octobre 2020 - Si mon plus vieux souvenir de sport aurait pu m'en d\u00e9go\u00fbter, la finale de la Coupe du monde 2006 a \u00e9t\u00e9 tout le contraire. V\u00e9ritable d\u00e9clencheur d'une passion qui aujourd'hui ne fait que grandir avec le temps, mon leitmotiv est la France qui brille ! Je relate les exploits pass\u00e9s et pr\u00e9sents du sport bleu-blanc-rouge sans m\u00e9nagement depuis octobre 2020. Sport valide ou handisport, aucune diff\u00e9rence, il n'y a que du sport et plusieurs fa\u00e7ons de le pratiquer.","sameAs":["https:\/\/www.facebook.com\/Max.Bld2\/","https:\/\/x.com\/https:\/\/twitter.com\/MaximeB_2"],"url":"https:\/\/dicodusport.fr\/blog\/author\/maxime-b\/"}]}},"_links":{"self":[{"href":"https:\/\/dicodusport.fr\/blog\/wp-json\/wp\/v2\/posts\/386645","targetHints":{"allow":["GET"]}}],"collection":[{"href":"https:\/\/dicodusport.fr\/blog\/wp-json\/wp\/v2\/posts"}],"about":[{"href":"https:\/\/dicodusport.fr\/blog\/wp-json\/wp\/v2\/types\/post"}],"author":[{"embeddable":true,"href":"https:\/\/dicodusport.fr\/blog\/wp-json\/wp\/v2\/users\/43"}],"replies":[{"embeddable":true,"href":"https:\/\/dicodusport.fr\/blog\/wp-json\/wp\/v2\/comments?post=386645"}],"version-history":[{"count":0,"href":"https:\/\/dicodusport.fr\/blog\/wp-json\/wp\/v2\/posts\/386645\/revisions"}],"wp:featuredmedia":[{"embeddable":true,"href":"https:\/\/dicodusport.fr\/blog\/wp-json\/wp\/v2\/media\/386732"}],"wp:attachment":[{"href":"https:\/\/dicodusport.fr\/blog\/wp-json\/wp\/v2\/media?parent=386645"}],"wp:term":[{"taxonomy":"category","embeddable":true,"href":"https:\/\/dicodusport.fr\/blog\/wp-json\/wp\/v2\/categories?post=386645"},{"taxonomy":"post_tag","embeddable":true,"href":"https:\/\/dicodusport.fr\/blog\/wp-json\/wp\/v2\/tags?post=386645"}],"curies":[{"name":"wp","href":"https:\/\/api.w.org\/{rel}","templated":true}]}}