{"id":386742,"date":"2023-06-04T10:39:16","date_gmt":"2023-06-04T08:39:16","guid":{"rendered":"https:\/\/dicodusport.fr\/blog\/?p=386742&#038;preview=true&#038;preview_id=386742"},"modified":"2023-06-04T10:40:07","modified_gmt":"2023-06-04T08:40:07","slug":"criterium-du-dauphine-2023-parcours-et-favoris","status":"publish","type":"post","link":"https:\/\/dicodusport.fr\/blog\/criterium-du-dauphine-2023-parcours-et-favoris\/","title":{"rendered":"Crit\u00e9rium du Dauphin\u00e9 2023 : Parcours et favoris"},"content":{"rendered":"<p style=\"text-align: justify;\"><em><strong>CRIT\u00c9RIUM DU DAUPHIN\u00c9 2023 &#8211; Le 75e \u00e9dition du Crit\u00e9rium du Dauphin\u00e9 se tiendra du 4 au 11 juin 2023, avec comme points d&rsquo;orgue un long contre-la-montre individuel de 31 km, la plus haute arriv\u00e9e jamais vue sur l&rsquo;\u00e9preuve au sommet du Col de la Croix-de-Fer et un final spectaculaire \u00e0 la Bastille de Grenoble. Huit \u00e9tapes et une distance totale de 1 207,2 km seront au programme.<\/strong><\/em><\/p>\n<h2 style=\"text-align: justify;\">Le parcours du Crit\u00e9rium du Dauphin\u00e9 2023 dans le d\u00e9tail<\/h2>\n<h3 style=\"text-align: justify;\">1\u00e8re \u00e9tape<\/h3>\n<p style=\"text-align: justify;\">L&rsquo;\u00e9preuve d\u00e9butera d&rsquo;abord par une \u00e9tape autour de <strong>Chambon-sur-Lac<\/strong> dans le Puy-de-D\u00f4me, avec d\u00e9j\u00e0 un menu cors\u00e9 et 2 860 m de d\u00e9nivel\u00e9 positif. Cette commune sera travers\u00e9e par le Tour de France lors de la 10e \u00e9tape. Apr\u00e8s une grande boucle de 88 kilom\u00e8tres assez vallonn\u00e9e, comportant deux c\u00f4tes de quatri\u00e8me cat\u00e9gorie, le circuit final de 23 km sera s\u00e9lectif et \u00e0 faire \u00e0 trois reprises, avec une portion montante de 6 km \u00e0 4 % et la C\u00f4te du Rocher de l&rsquo;Aigle (1 km \u00e0 7,3 %), dont le sommet sera situ\u00e9 \u00e0 onze kilom\u00e8tres de l&rsquo;arriv\u00e9e. Avant d&rsquo;atteindre la flamme rouge, il y aura une portion montante \u00e0 5 %.<\/p>\n<div id=\"attachment_386955\" style=\"width: 970px\" class=\"wp-caption aligncenter\"><a href=\"https:\/\/dicodusport.fr\/blog\/wp-content\/uploads\/2023\/05\/Criterium-du-Dauphine-2023-Etape-1.jpeg\"><img loading=\"lazy\" decoding=\"async\" aria-describedby=\"caption-attachment-386955\" class=\"size-full wp-image-386955\" src=\"https:\/\/dicodusport.fr\/blog\/wp-content\/uploads\/2023\/05\/Criterium-du-Dauphine-2023-Etape-1.jpeg\" alt=\"\" width=\"960\" height=\"895\" srcset=\"https:\/\/dicodusport.fr\/blog\/wp-content\/uploads\/2023\/05\/Criterium-du-Dauphine-2023-Etape-1.jpeg 960w, https:\/\/dicodusport.fr\/blog\/wp-content\/uploads\/2023\/05\/Criterium-du-Dauphine-2023-Etape-1-300x280.jpeg 300w, https:\/\/dicodusport.fr\/blog\/wp-content\/uploads\/2023\/05\/Criterium-du-Dauphine-2023-Etape-1-768x716.jpeg 768w\" sizes=\"auto, (max-width: 960px) 100vw, 960px\" \/><\/a><p id=\"caption-attachment-386955\" class=\"wp-caption-text\">Profil 1\u00e8re \u00e9tape Crit\u00e9rium du Dauphin\u00e9 2023 &#8211; Via ASO<\/p><\/div>\n<h3 style=\"text-align: justify;\">2\u00e8me \u00e9tape<\/h3>\n<p style=\"text-align: justify;\">Ensuite, le peloton quittera le Puy-de-D\u00f4me pour une arriv\u00e9e en Haute-Loire sur cette deuxi\u00e8me \u00e9tape, avec, \u00e0 nouveau, un d\u00e9nivel\u00e9 de 2 860 m. Pour rejoindre le circuit final, les coureurs ont une premi\u00e8re portion assez accident\u00e9e de plus de 90 kilom\u00e8tres. Sur l&rsquo;ultime boucle, la C\u00f4te des Gu\u00eates (1 km \u00e0 8 %), \u00e0 dix kilom\u00e8tres du terme, pourrait \u00eatre le juge de paix de cette journ\u00e9e. Malgr\u00e9 un trac\u00e9 propice aux attaques, on pourrait assister \u00e0 une explication en comit\u00e9 restreint sur une ligne d&rsquo;arriv\u00e9e plac\u00e9e en mont\u00e9e \u00e0 <strong>La Chaise-Dieu<\/strong>, apr\u00e8s 1 300 derniers m\u00e8tres \u00e0 5 %.<\/p>\n<div id=\"attachment_386954\" style=\"width: 970px\" class=\"wp-caption aligncenter\"><a href=\"https:\/\/dicodusport.fr\/blog\/wp-content\/uploads\/2023\/05\/Criterium-du-Dauphine-2023-Etape-2.jpeg\"><img loading=\"lazy\" decoding=\"async\" aria-describedby=\"caption-attachment-386954\" class=\"size-full wp-image-386954\" src=\"https:\/\/dicodusport.fr\/blog\/wp-content\/uploads\/2023\/05\/Criterium-du-Dauphine-2023-Etape-2.jpeg\" alt=\"\" width=\"960\" height=\"842\" srcset=\"https:\/\/dicodusport.fr\/blog\/wp-content\/uploads\/2023\/05\/Criterium-du-Dauphine-2023-Etape-2.jpeg 960w, https:\/\/dicodusport.fr\/blog\/wp-content\/uploads\/2023\/05\/Criterium-du-Dauphine-2023-Etape-2-300x263.jpeg 300w, https:\/\/dicodusport.fr\/blog\/wp-content\/uploads\/2023\/05\/Criterium-du-Dauphine-2023-Etape-2-768x674.jpeg 768w\" sizes=\"auto, (max-width: 960px) 100vw, 960px\" \/><\/a><p id=\"caption-attachment-386954\" class=\"wp-caption-text\">Profil 2\u00e8me \u00e9tape Crit\u00e9rium du Dauphin\u00e9 2023 &#8211; Via ASO<\/p><\/div>\n<h3 style=\"text-align: justify;\">3\u00e8me \u00e9tape<\/h3>\n<p style=\"text-align: justify;\">Puis, la troisi\u00e8me \u00e9tape d\u00e9butera par des routes sinueuses et vallonn\u00e9es, avec notamment la C\u00f4te de Bellevue-la-Montagne (4,9 km \u00e0 5,8 %) \u00e0 gravir. Mais, les 95 derniers kilom\u00e8tres ne seront pas tr\u00e8s pi\u00e9geux avec une longue partie de plaine sur des routes rectilignes. Les sprinteurs devraient \u00eatre pr\u00e9sents lors de l&rsquo;arriv\u00e9e au <strong>Coteau<\/strong> dans la Loire pour se jouer la gagne.<\/p>\n<div id=\"attachment_386953\" style=\"width: 970px\" class=\"wp-caption aligncenter\"><a href=\"https:\/\/dicodusport.fr\/blog\/wp-content\/uploads\/2023\/05\/Criterium-du-Dauphine-2023-Etape-3.jpeg\"><img loading=\"lazy\" decoding=\"async\" aria-describedby=\"caption-attachment-386953\" class=\"size-full wp-image-386953\" src=\"https:\/\/dicodusport.fr\/blog\/wp-content\/uploads\/2023\/05\/Criterium-du-Dauphine-2023-Etape-3.jpeg\" alt=\"\" width=\"960\" height=\"629\" srcset=\"https:\/\/dicodusport.fr\/blog\/wp-content\/uploads\/2023\/05\/Criterium-du-Dauphine-2023-Etape-3.jpeg 960w, https:\/\/dicodusport.fr\/blog\/wp-content\/uploads\/2023\/05\/Criterium-du-Dauphine-2023-Etape-3-300x197.jpeg 300w, https:\/\/dicodusport.fr\/blog\/wp-content\/uploads\/2023\/05\/Criterium-du-Dauphine-2023-Etape-3-768x503.jpeg 768w\" sizes=\"auto, (max-width: 960px) 100vw, 960px\" \/><\/a><p id=\"caption-attachment-386953\" class=\"wp-caption-text\">Profil 3\u00e8me \u00e9tape Crit\u00e9rium du Dauphin\u00e9 2023 &#8211; Via ASO<\/p><\/div>\n<h3>4\u00e8me \u00e9tape<\/h3>\n<p style=\"text-align: justify;\">La quatri\u00e8me \u00e9tape sera le traditionnel contre-la-montre individuel. Il sera long de 31,1 km entre <strong>Cours<\/strong> et <strong>Belmont-de-la-Loire<\/strong>. Les \u00e9carts devraient une nouvelle fois \u00eatre importants entre les sp\u00e9cialistes et les purs grimpeurs, au bout d&rsquo;un itin\u00e9raire usant avec une entame en bosse (2,2 km \u00e0 4,7 %), une c\u00f4te de 300 m\u00e8tres \u00e0 6,4 %, afin d&rsquo;atteindre le premier temps interm\u00e9diaire et 10 derniers kilom\u00e8tres en faux plat montant.<\/p>\n<div id=\"attachment_386952\" style=\"width: 970px\" class=\"wp-caption aligncenter\"><a href=\"https:\/\/dicodusport.fr\/blog\/wp-content\/uploads\/2023\/05\/Criterium-du-Dauphine-2023-Etape-4.jpeg\"><img loading=\"lazy\" decoding=\"async\" aria-describedby=\"caption-attachment-386952\" class=\"size-full wp-image-386952\" src=\"https:\/\/dicodusport.fr\/blog\/wp-content\/uploads\/2023\/05\/Criterium-du-Dauphine-2023-Etape-4.jpeg\" alt=\"\" width=\"960\" height=\"1004\" srcset=\"https:\/\/dicodusport.fr\/blog\/wp-content\/uploads\/2023\/05\/Criterium-du-Dauphine-2023-Etape-4.jpeg 960w, https:\/\/dicodusport.fr\/blog\/wp-content\/uploads\/2023\/05\/Criterium-du-Dauphine-2023-Etape-4-287x300.jpeg 287w, https:\/\/dicodusport.fr\/blog\/wp-content\/uploads\/2023\/05\/Criterium-du-Dauphine-2023-Etape-4-768x803.jpeg 768w\" sizes=\"auto, (max-width: 960px) 100vw, 960px\" \/><\/a><p id=\"caption-attachment-386952\" class=\"wp-caption-text\">Profil 4\u00e8me \u00e9tape Crit\u00e9rium du Dauphin\u00e9 2023 &#8211; Via ASO<\/p><\/div>\n<h3 style=\"text-align: justify;\">5\u00e8me \u00e9tape<\/h3>\n<p style=\"text-align: justify;\">Le Dauphin\u00e9 arrivera dans le Jura lors de la cinqui\u00e8me \u00e9tape avec une section accident\u00e9e dans sa deuxi\u00e8me moiti\u00e9. Dans la boucle finale de 47 km, deux ascensions seront propos\u00e9es, avec notamment la difficile c\u00f4te de Th\u00e9sy (3,6 km \u00e0 8,8 %), \u00e0 moins de quinze kilom\u00e8tres de l&rsquo;arriv\u00e9e. Cette derni\u00e8re devrait permettre les offensives et une s\u00e9lection importante. L&rsquo;arriv\u00e9e sera jug\u00e9e \u00e0 <strong>Salins-les-Bains<\/strong>, au bout d&rsquo;une longue descente qui pourrait permettre un regroupement.<\/p>\n<div id=\"attachment_386951\" style=\"width: 970px\" class=\"wp-caption aligncenter\"><a href=\"https:\/\/dicodusport.fr\/blog\/wp-content\/uploads\/2023\/05\/Criterium-du-Dauphine-2023-Etape-5.jpeg\"><img loading=\"lazy\" decoding=\"async\" aria-describedby=\"caption-attachment-386951\" class=\"size-full wp-image-386951\" src=\"https:\/\/dicodusport.fr\/blog\/wp-content\/uploads\/2023\/05\/Criterium-du-Dauphine-2023-Etape-5.jpeg\" alt=\"\" width=\"960\" height=\"623\" srcset=\"https:\/\/dicodusport.fr\/blog\/wp-content\/uploads\/2023\/05\/Criterium-du-Dauphine-2023-Etape-5.jpeg 960w, https:\/\/dicodusport.fr\/blog\/wp-content\/uploads\/2023\/05\/Criterium-du-Dauphine-2023-Etape-5-300x195.jpeg 300w, https:\/\/dicodusport.fr\/blog\/wp-content\/uploads\/2023\/05\/Criterium-du-Dauphine-2023-Etape-5-768x498.jpeg 768w\" sizes=\"auto, (max-width: 960px) 100vw, 960px\" \/><\/a><p id=\"caption-attachment-386951\" class=\"wp-caption-text\">Profil 5\u00e8me \u00e9tape Crit\u00e9rium du Dauphin\u00e9 2023 &#8211; Via ASO<\/p><\/div>\n<h3 style=\"text-align: justify;\">6\u00e8me \u00e9tape<\/h3>\n<p style=\"text-align: justify;\">Par la suite, le peloton redescendra en Haute-Savoie et en Savoie, pour une journ\u00e9e en moyenne montagne. Le final sera difficile avec trois ascensions de 2e et 3e cat\u00e9gories dans les 25 derniers kilom\u00e8tres. Il va falloir grimper le <strong>Col des Aravis<\/strong> (7,8 km \u00e0 5,7 %), la <strong>C\u00f4te de Notre-Dame-de-Bellecombe<\/strong> (3,2 km \u00e0 6,1 %) et la mont\u00e9e finale vers la station de <strong>Crest-Voland<\/strong> (2,3 km \u00e0 6,6 %). Ces deux derni\u00e8res ascensions pr\u00e9senteront de forts pourcentages en leur pied, avec des rampes \u00e0 plus de 10 %.<\/p>\n<div id=\"attachment_386950\" style=\"width: 970px\" class=\"wp-caption aligncenter\"><a href=\"https:\/\/dicodusport.fr\/blog\/wp-content\/uploads\/2023\/05\/Criterium-du-Dauphine-2023-Etape-6.jpeg\"><img loading=\"lazy\" decoding=\"async\" aria-describedby=\"caption-attachment-386950\" class=\"size-full wp-image-386950\" src=\"https:\/\/dicodusport.fr\/blog\/wp-content\/uploads\/2023\/05\/Criterium-du-Dauphine-2023-Etape-6.jpeg\" alt=\"\" width=\"960\" height=\"810\" srcset=\"https:\/\/dicodusport.fr\/blog\/wp-content\/uploads\/2023\/05\/Criterium-du-Dauphine-2023-Etape-6.jpeg 960w, https:\/\/dicodusport.fr\/blog\/wp-content\/uploads\/2023\/05\/Criterium-du-Dauphine-2023-Etape-6-300x253.jpeg 300w, https:\/\/dicodusport.fr\/blog\/wp-content\/uploads\/2023\/05\/Criterium-du-Dauphine-2023-Etape-6-768x648.jpeg 768w\" sizes=\"auto, (max-width: 960px) 100vw, 960px\" \/><\/a><p id=\"caption-attachment-386950\" class=\"wp-caption-text\">Profil 6\u00e8me \u00e9tape Crit\u00e9rium du Dauphin\u00e9 2023 &#8211; Via ASO<\/p><\/div>\n<h3 style=\"text-align: justify;\">7\u00e8me \u00e9tape<\/h3>\n<p style=\"text-align: justify;\">L&rsquo;\u00e9tape-reine sera enti\u00e8rement trac\u00e9e en Savoie avec plus de 4 000 m de d\u00e9nivel\u00e9 en moins de 150 km. Apr\u00e8s plus de 50 kilom\u00e8tres en plaine, il y aura deux cols hors-cat\u00e9gorie, la <strong>Madeleine<\/strong> (25,1 km \u00e0 6,2 %) et le <strong>Mollard<\/strong> (18,5 km \u00e0 5,8 %), avant l&rsquo;ascension finale du <strong>Col de la Croix-de-Fer<\/strong> (13,1 km \u00e0 6,2 %). L&rsquo;arriv\u00e9e sera jug\u00e9e \u00e0 2 067 m d&rsquo;altitude, la plus haute arriv\u00e9e trac\u00e9e sur la course fran\u00e7aise par \u00e9tapes. Sur ce versant, \u00e0 partir de Saint-Sorlin-d&rsquo;Arves, la route sera plus \u00e9troite avec des pourcentages plus s\u00e9v\u00e8res, proches de 8 % pour les sept ultimes kilom\u00e8tres.<\/p>\n<div id=\"attachment_386949\" style=\"width: 970px\" class=\"wp-caption aligncenter\"><a href=\"https:\/\/dicodusport.fr\/blog\/wp-content\/uploads\/2023\/05\/Criterium-du-Dauphine-2023-Etape-7.jpeg\"><img loading=\"lazy\" decoding=\"async\" aria-describedby=\"caption-attachment-386949\" class=\"size-full wp-image-386949\" src=\"https:\/\/dicodusport.fr\/blog\/wp-content\/uploads\/2023\/05\/Criterium-du-Dauphine-2023-Etape-7.jpeg\" alt=\"\" width=\"960\" height=\"712\" srcset=\"https:\/\/dicodusport.fr\/blog\/wp-content\/uploads\/2023\/05\/Criterium-du-Dauphine-2023-Etape-7.jpeg 960w, https:\/\/dicodusport.fr\/blog\/wp-content\/uploads\/2023\/05\/Criterium-du-Dauphine-2023-Etape-7-300x223.jpeg 300w, https:\/\/dicodusport.fr\/blog\/wp-content\/uploads\/2023\/05\/Criterium-du-Dauphine-2023-Etape-7-768x570.jpeg 768w\" sizes=\"auto, (max-width: 960px) 100vw, 960px\" \/><\/a><p id=\"caption-attachment-386949\" class=\"wp-caption-text\">Profil 7\u00e8me \u00e9tape Crit\u00e9rium du Dauphin\u00e9 2023 &#8211; Via ASO<\/p><\/div>\n<h3 style=\"text-align: justify;\">8\u00e8me \u00e9tape<\/h3>\n<p style=\"text-align: justify;\">Enfin, le Dauphin\u00e9 renouera avec une arriv\u00e9e historique pour la derni\u00e8re \u00e9tape. Un itin\u00e9raire tr\u00e8s difficile avec presque 4 000 m\u00e8tres de d\u00e9nivel\u00e9 et six ascensions r\u00e9pertori\u00e9es, dont le <strong>Col du Granier<\/strong> (9,6 km \u00e0 8,6 %) et le <strong>Col de Porte<\/strong> (7,4 km \u00e0 6,8 % avec la descente dans laquelle Bernard Hinault avait chut\u00e9 en 1977). La mont\u00e9e finale de la Bastille \u00e0 <strong>Grenoble<\/strong> (1,8 km \u00e0 14,2 %, avec 500 m \u00e0 21,8 % de moyenne au milieu) fera office de feu d&rsquo;artifice final sur ce Dauphin\u00e9, sur une route tr\u00e8s \u00e9troite.<\/p>\n<div id=\"attachment_386948\" style=\"width: 970px\" class=\"wp-caption aligncenter\"><a href=\"https:\/\/dicodusport.fr\/blog\/wp-content\/uploads\/2023\/05\/Criterium-du-Dauphine-2023-Etape-8.jpeg\"><img loading=\"lazy\" decoding=\"async\" aria-describedby=\"caption-attachment-386948\" class=\"size-full wp-image-386948\" src=\"https:\/\/dicodusport.fr\/blog\/wp-content\/uploads\/2023\/05\/Criterium-du-Dauphine-2023-Etape-8.jpeg\" alt=\"\" width=\"960\" height=\"916\" srcset=\"https:\/\/dicodusport.fr\/blog\/wp-content\/uploads\/2023\/05\/Criterium-du-Dauphine-2023-Etape-8.jpeg 960w, https:\/\/dicodusport.fr\/blog\/wp-content\/uploads\/2023\/05\/Criterium-du-Dauphine-2023-Etape-8-300x286.jpeg 300w, https:\/\/dicodusport.fr\/blog\/wp-content\/uploads\/2023\/05\/Criterium-du-Dauphine-2023-Etape-8-768x733.jpeg 768w\" sizes=\"auto, (max-width: 960px) 100vw, 960px\" \/><\/a><p id=\"caption-attachment-386948\" class=\"wp-caption-text\">Profil 8\u00e8me \u00e9tape Crit\u00e9rium du Dauphin\u00e9 2023 &#8211; Via ASO<\/p><\/div>\n<h2 style=\"text-align: justify;\">Les favoris du Crit\u00e9rium du Dauphin\u00e9 2023<\/h2>\n<p style=\"text-align: justify;\"><strong>Jonas Vingegaard<\/strong> (Jumbo-Visma)<\/p>\n<p style=\"text-align: justify;\"><strong>Adam Yates<\/strong> (UAE Team Emirates)<\/p>\n<p style=\"text-align: justify;\"><strong>David Gaudu<\/strong> (Groupama-FDJ)<\/p>\n<p style=\"text-align: justify;\"><strong>Enric Mas<\/strong> (Movistar)<\/p>\n<p style=\"text-align: justify;\"><strong>Jai Hindley<\/strong> (Bora-Hansgrohe)<\/p>\n<p style=\"text-align: justify;\"><strong>Mikel Landa<\/strong> (Bahrain Victorious)<\/p>\n<h2 style=\"text-align: justify;\">Palmar\u00e8s<\/h2>\n<p style=\"text-align: justify;\">2022 &#8211; ROGLI\u010c Primo\u017e &#8211; <a href=\"https:\/\/dicodusport.fr\/blog\/criterium-du-dauphine-2022-classement-general\/\">Classement g\u00e9n\u00e9ral final<\/a><\/p>\n<p style=\"text-align: justify;\">2021 &#8211; PORTE Richie<\/p>\n<p style=\"text-align: justify;\">2020 &#8211; MART\u00cdNEZ Daniel Felipe<\/p>\n<p style=\"text-align: justify;\">2019 &#8211; FUGLSANG Jakob<\/p>\n<p style=\"text-align: justify;\">2018 &#8211; THOMAS Geraint<\/p>\n<p style=\"text-align: justify;\">2017 &#8211; FUGLSANG Jakob<\/p>\n<p style=\"text-align: justify;\">2016 &#8211; FROOME Chris<\/p>\n<p style=\"text-align: justify;\">2015 &#8211; FROOME Chris<\/p>\n<p style=\"text-align: justify;\">2014 &#8211; TALANSKY Andrew<\/p>\n<p style=\"text-align: justify;\">2013 &#8211; FROOME Chris<\/p>\n<h2 style=\"text-align: justify;\">\u00c0 lire aussi<\/h2>\n<ul>\n<li style=\"text-align: justify;\"><strong><a href=\"https:\/\/dicodusport.fr\/blog\/criterium-du-dauphine-2023-les-engages\/\">Crit\u00e9rium du Dauphin\u00e9 2023 : Les engag\u00e9s<\/a>\u00a0<\/strong><\/li>\n<li style=\"text-align: justify;\"><strong><a href=\"https:\/\/dicodusport.fr\/blog\/criterium-du-dauphine-2023-a-quelle-heure-et-sur-quelle-chaine-tv\/\">Crit\u00e9rium du Dauphin\u00e9 2023 : \u00c0 quelle heure et sur quelle cha\u00eene TV<\/a>\u00a0<\/strong><\/li>\n<\/ul>\n","protected":false},"excerpt":{"rendered":"<p>CRIT\u00c9RIUM DU DAUPHIN\u00c9 2023 &#8211; Le 75e \u00e9dition du Crit\u00e9rium du Dauphin\u00e9 se tiendra du 4 au 11 juin 2023. Parcours et favoris.<\/p>\n","protected":false},"author":48,"featured_media":387083,"comment_status":"open","ping_status":"closed","sticky":false,"template":"","format":"standard","meta":{"_acf_changed":false,"_daextam_enable_autolinks":"","footnotes":""},"categories":[46994],"tags":[16878,8057],"class_list":["post-386742","post","type-post","status-publish","format-standard","has-post-thumbnail","hentry","category-cyclisme-sur-route","tag-breve","tag-criterium-du-dauphine"],"acf":[],"yoast_head":"<!-- This site is optimized with the Yoast SEO Premium plugin v26.7 (Yoast SEO v26.7) - https:\/\/yoast.com\/wordpress\/plugins\/seo\/ -->\n<title>Crit\u00e9rium du Dauphin\u00e9 2023 : Parcours et favoris<\/title>\n<meta name=\"description\" content=\"CRIT\u00c9RIUM DU DAUPHIN\u00c9 2023 - Le 75e \u00e9dition du Crit\u00e9rium du Dauphin\u00e9 se tiendra du 4 au 11 juin 2023. Parcours et favoris.\" \/>\n<meta name=\"robots\" content=\"index, follow, max-snippet:-1, max-image-preview:large, max-video-preview:-1\" \/>\n<link rel=\"canonical\" href=\"https:\/\/dicodusport.fr\/blog\/criterium-du-dauphine-2023-parcours-et-favoris\/\" \/>\n<meta property=\"og:locale\" content=\"fr_FR\" \/>\n<meta property=\"og:type\" content=\"article\" \/>\n<meta property=\"og:title\" content=\"Crit\u00e9rium du Dauphin\u00e9 2023 : Parcours et favoris\" \/>\n<meta property=\"og:description\" content=\"CRIT\u00c9RIUM DU DAUPHIN\u00c9 2023 - Le 75e \u00e9dition du Crit\u00e9rium du Dauphin\u00e9 se tiendra du 4 au 11 juin 2023. Parcours et favoris.\" \/>\n<meta property=\"og:url\" content=\"https:\/\/dicodusport.fr\/blog\/criterium-du-dauphine-2023-parcours-et-favoris\/\" \/>\n<meta property=\"og:site_name\" content=\"Dicodusport\" \/>\n<meta property=\"article:publisher\" content=\"https:\/\/www.facebook.com\/dicodusport\" \/>\n<meta property=\"article:author\" content=\"https:\/\/www.facebook.com\/groups\/LesRoisDuPeloton\" \/>\n<meta property=\"article:published_time\" content=\"2023-06-04T08:39:16+00:00\" \/>\n<meta property=\"article:modified_time\" content=\"2023-06-04T08:40:07+00:00\" \/>\n<meta property=\"og:image\" content=\"https:\/\/dicodusport.fr\/blog\/wp-content\/uploads\/2023\/05\/Criterium-du-Dauphine-2023-Parcours-et-favoris.png\" \/>\n\t<meta property=\"og:image:width\" content=\"800\" \/>\n\t<meta property=\"og:image:height\" content=\"445\" \/>\n\t<meta property=\"og:image:type\" content=\"image\/png\" \/>\n<meta name=\"author\" content=\"Emilien Descampiaux\" \/>\n<meta name=\"twitter:card\" content=\"summary_large_image\" \/>\n<meta name=\"twitter:title\" content=\"Crit\u00e9rium du Dauphin\u00e9 2023 : Parcours et favoris\" \/>\n<meta name=\"twitter:creator\" content=\"@https:\/\/twitter.com\/LRoisDuPeloton\" \/>\n<meta name=\"twitter:site\" content=\"@dicodusport\" \/>\n<script type=\"application\/ld+json\" class=\"yoast-schema-graph\">{\"@context\":\"https:\/\/schema.org\",\"@graph\":[{\"@type\":\"NewsArticle\",\"@id\":\"https:\/\/dicodusport.fr\/blog\/criterium-du-dauphine-2023-parcours-et-favoris\/#article\",\"isPartOf\":{\"@id\":\"https:\/\/dicodusport.fr\/blog\/criterium-du-dauphine-2023-parcours-et-favoris\/\"},\"author\":{\"name\":\"Emilien Descampiaux\",\"@id\":\"https:\/\/dicodusport.fr\/blog\/#\/schema\/person\/6db4bae06b171592211be385b32876a7\"},\"headline\":\"Crit\u00e9rium du Dauphin\u00e9 2023 : Parcours et favoris\",\"datePublished\":\"2023-06-04T08:39:16+00:00\",\"dateModified\":\"2023-06-04T08:40:07+00:00\",\"mainEntityOfPage\":{\"@id\":\"https:\/\/dicodusport.fr\/blog\/criterium-du-dauphine-2023-parcours-et-favoris\/\"},\"wordCount\":1027,\"commentCount\":0,\"publisher\":{\"@id\":\"https:\/\/dicodusport.fr\/blog\/#organization\"},\"image\":{\"@id\":\"https:\/\/dicodusport.fr\/blog\/criterium-du-dauphine-2023-parcours-et-favoris\/#primaryimage\"},\"thumbnailUrl\":\"https:\/\/dicodusport.fr\/blog\/wp-content\/uploads\/2023\/05\/Criterium-du-Dauphine-2023-Parcours-et-favoris.png\",\"keywords\":[\"br\u00e8ve\",\"Crit\u00e9rium du Dauphin\u00e9\"],\"articleSection\":[\"Cyclisme sur route\"],\"inLanguage\":\"fr-FR\",\"potentialAction\":[{\"@type\":\"CommentAction\",\"name\":\"Comment\",\"target\":[\"https:\/\/dicodusport.fr\/blog\/criterium-du-dauphine-2023-parcours-et-favoris\/#respond\"]}],\"copyrightYear\":\"2023\",\"copyrightHolder\":{\"@id\":\"https:\/\/dicodusport.fr\/blog\/#organization\"}},{\"@type\":\"WebPage\",\"@id\":\"https:\/\/dicodusport.fr\/blog\/criterium-du-dauphine-2023-parcours-et-favoris\/\",\"url\":\"https:\/\/dicodusport.fr\/blog\/criterium-du-dauphine-2023-parcours-et-favoris\/\",\"name\":\"Crit\u00e9rium du Dauphin\u00e9 2023 : Parcours et favoris\",\"isPartOf\":{\"@id\":\"https:\/\/dicodusport.fr\/blog\/#website\"},\"primaryImageOfPage\":{\"@id\":\"https:\/\/dicodusport.fr\/blog\/criterium-du-dauphine-2023-parcours-et-favoris\/#primaryimage\"},\"image\":{\"@id\":\"https:\/\/dicodusport.fr\/blog\/criterium-du-dauphine-2023-parcours-et-favoris\/#primaryimage\"},\"thumbnailUrl\":\"https:\/\/dicodusport.fr\/blog\/wp-content\/uploads\/2023\/05\/Criterium-du-Dauphine-2023-Parcours-et-favoris.png\",\"datePublished\":\"2023-06-04T08:39:16+00:00\",\"dateModified\":\"2023-06-04T08:40:07+00:00\",\"description\":\"CRIT\u00c9RIUM DU DAUPHIN\u00c9 2023 - Le 75e \u00e9dition du Crit\u00e9rium du Dauphin\u00e9 se tiendra du 4 au 11 juin 2023. Parcours et favoris.\",\"breadcrumb\":{\"@id\":\"https:\/\/dicodusport.fr\/blog\/criterium-du-dauphine-2023-parcours-et-favoris\/#breadcrumb\"},\"inLanguage\":\"fr-FR\",\"potentialAction\":[{\"@type\":\"ReadAction\",\"target\":[\"https:\/\/dicodusport.fr\/blog\/criterium-du-dauphine-2023-parcours-et-favoris\/\"]}]},{\"@type\":\"ImageObject\",\"inLanguage\":\"fr-FR\",\"@id\":\"https:\/\/dicodusport.fr\/blog\/criterium-du-dauphine-2023-parcours-et-favoris\/#primaryimage\",\"url\":\"https:\/\/dicodusport.fr\/blog\/wp-content\/uploads\/2023\/05\/Criterium-du-Dauphine-2023-Parcours-et-favoris.png\",\"contentUrl\":\"https:\/\/dicodusport.fr\/blog\/wp-content\/uploads\/2023\/05\/Criterium-du-Dauphine-2023-Parcours-et-favoris.png\",\"width\":800,\"height\":445,\"caption\":\"Crit\u00e9rium du Dauphin\u00e9 2023 Parcours et favoris\"},{\"@type\":\"BreadcrumbList\",\"@id\":\"https:\/\/dicodusport.fr\/blog\/criterium-du-dauphine-2023-parcours-et-favoris\/#breadcrumb\",\"itemListElement\":[{\"@type\":\"ListItem\",\"position\":1,\"name\":\"Accueil\",\"item\":\"https:\/\/dicodusport.fr\/blog\/\"},{\"@type\":\"ListItem\",\"position\":2,\"name\":\"Crit\u00e9rium du Dauphin\u00e9 2023 : Parcours et favoris\"}]},{\"@type\":\"WebSite\",\"@id\":\"https:\/\/dicodusport.fr\/blog\/#website\",\"url\":\"https:\/\/dicodusport.fr\/blog\/\",\"name\":\"Dicodusport\",\"description\":\"L&#039;encyclop\u00e9die de l&#039;actualit\u00e9 sportive\",\"publisher\":{\"@id\":\"https:\/\/dicodusport.fr\/blog\/#organization\"},\"potentialAction\":[{\"@type\":\"SearchAction\",\"target\":{\"@type\":\"EntryPoint\",\"urlTemplate\":\"https:\/\/dicodusport.fr\/blog\/?s={search_term_string}\"},\"query-input\":{\"@type\":\"PropertyValueSpecification\",\"valueRequired\":true,\"valueName\":\"search_term_string\"}}],\"inLanguage\":\"fr-FR\"},{\"@type\":\"NewsMediaOrganization\",\"@id\":\"https:\/\/dicodusport.fr\/blog\/#organization\",\"name\":\"Dicodusport\",\"url\":\"https:\/\/dicodusport.fr\/blog\/\",\"logo\":{\"@type\":\"ImageObject\",\"inLanguage\":\"fr-FR\",\"@id\":\"https:\/\/dicodusport.fr\/blog\/#\/schema\/logo\/image\/\",\"url\":\"https:\/\/dicodusport.fr\/blog\/wp-content\/uploads\/2020\/06\/cropped-LOGO-DICODUSPORT-2020-SANS-FOND-SANS-TEXTE.png\",\"contentUrl\":\"https:\/\/dicodusport.fr\/blog\/wp-content\/uploads\/2020\/06\/cropped-LOGO-DICODUSPORT-2020-SANS-FOND-SANS-TEXTE.png\",\"width\":512,\"height\":512,\"caption\":\"Dicodusport\"},\"image\":{\"@id\":\"https:\/\/dicodusport.fr\/blog\/#\/schema\/logo\/image\/\"},\"sameAs\":[\"https:\/\/www.facebook.com\/dicodusport\",\"https:\/\/x.com\/dicodusport\",\"https:\/\/www.instagram.com\/dicodusport\/\",\"https:\/\/www.youtube.com\/channel\/UC7V2KZ5sd3htJivAbA4ZG3w\"],\"description\":\"Dicodusport est l'encyclop\u00e9die de l'actualit\u00e9 sportive.\",\"email\":\"bonjour@dicodusport.fr\",\"legalName\":\"DICODUSPORT\",\"foundingDate\":\"2018-01-14\",\"vatID\":\"FR71834470973\",\"taxID\":\"83447097300043\",\"numberOfEmployees\":{\"@type\":\"QuantitativeValue\",\"minValue\":\"1\",\"maxValue\":\"10\"}},{\"@type\":\"Person\",\"@id\":\"https:\/\/dicodusport.fr\/blog\/#\/schema\/person\/6db4bae06b171592211be385b32876a7\",\"name\":\"Emilien Descampiaux\",\"image\":{\"@type\":\"ImageObject\",\"inLanguage\":\"fr-FR\",\"@id\":\"https:\/\/dicodusport.fr\/blog\/#\/schema\/person\/image\/\",\"url\":\"https:\/\/dicodusport.fr\/blog\/wp-content\/uploads\/2021\/05\/Emilien-Descampiaux-150x150.jpg\",\"contentUrl\":\"https:\/\/dicodusport.fr\/blog\/wp-content\/uploads\/2021\/05\/Emilien-Descampiaux-150x150.jpg\",\"caption\":\"Emilien Descampiaux\"},\"description\":\"Journaliste\/r\u00e9dacteur depuis 2014 - Fan de la classe de Frank Vandenbroucke, je vis cyclisme (et de ses paysages) depuis plus de 20 ans. Je suis tr\u00e8s impliqu\u00e9 sur mes diff\u00e9rents r\u00e9seaux sociaux pour partager ma passion sur le monde et l'Histoire de la bicyclette avec ma voix sur les images en noir et blanc du succ\u00e8s de Rik Van Steenbergen lors du Ronde sur le V\u00e9lodrome de Gand.\",\"sameAs\":[\"https:\/\/www.facebook.com\/groups\/LesRoisDuPeloton\",\"https:\/\/x.com\/https:\/\/twitter.com\/LRoisDuPeloton\"],\"url\":\"https:\/\/dicodusport.fr\/blog\/author\/emiliend\/\"}]}<\/script>\n<!-- \/ Yoast SEO Premium plugin. -->","yoast_head_json":{"title":"Crit\u00e9rium du Dauphin\u00e9 2023 : Parcours et favoris","description":"CRIT\u00c9RIUM DU DAUPHIN\u00c9 2023 - Le 75e \u00e9dition du Crit\u00e9rium du Dauphin\u00e9 se tiendra du 4 au 11 juin 2023. Parcours et favoris.","robots":{"index":"index","follow":"follow","max-snippet":"max-snippet:-1","max-image-preview":"max-image-preview:large","max-video-preview":"max-video-preview:-1"},"canonical":"https:\/\/dicodusport.fr\/blog\/criterium-du-dauphine-2023-parcours-et-favoris\/","og_locale":"fr_FR","og_type":"article","og_title":"Crit\u00e9rium du Dauphin\u00e9 2023 : Parcours et favoris","og_description":"CRIT\u00c9RIUM DU DAUPHIN\u00c9 2023 - Le 75e \u00e9dition du Crit\u00e9rium du Dauphin\u00e9 se tiendra du 4 au 11 juin 2023. Parcours et favoris.","og_url":"https:\/\/dicodusport.fr\/blog\/criterium-du-dauphine-2023-parcours-et-favoris\/","og_site_name":"Dicodusport","article_publisher":"https:\/\/www.facebook.com\/dicodusport","article_author":"https:\/\/www.facebook.com\/groups\/LesRoisDuPeloton","article_published_time":"2023-06-04T08:39:16+00:00","article_modified_time":"2023-06-04T08:40:07+00:00","og_image":[{"width":800,"height":445,"url":"https:\/\/dicodusport.fr\/blog\/wp-content\/uploads\/2023\/05\/Criterium-du-Dauphine-2023-Parcours-et-favoris.png","type":"image\/png"}],"author":"Emilien Descampiaux","twitter_card":"summary_large_image","twitter_title":"Crit\u00e9rium du Dauphin\u00e9 2023 : Parcours et favoris","twitter_creator":"@https:\/\/twitter.com\/LRoisDuPeloton","twitter_site":"@dicodusport","schema":{"@context":"https:\/\/schema.org","@graph":[{"@type":"NewsArticle","@id":"https:\/\/dicodusport.fr\/blog\/criterium-du-dauphine-2023-parcours-et-favoris\/#article","isPartOf":{"@id":"https:\/\/dicodusport.fr\/blog\/criterium-du-dauphine-2023-parcours-et-favoris\/"},"author":{"name":"Emilien Descampiaux","@id":"https:\/\/dicodusport.fr\/blog\/#\/schema\/person\/6db4bae06b171592211be385b32876a7"},"headline":"Crit\u00e9rium du Dauphin\u00e9 2023 : Parcours et favoris","datePublished":"2023-06-04T08:39:16+00:00","dateModified":"2023-06-04T08:40:07+00:00","mainEntityOfPage":{"@id":"https:\/\/dicodusport.fr\/blog\/criterium-du-dauphine-2023-parcours-et-favoris\/"},"wordCount":1027,"commentCount":0,"publisher":{"@id":"https:\/\/dicodusport.fr\/blog\/#organization"},"image":{"@id":"https:\/\/dicodusport.fr\/blog\/criterium-du-dauphine-2023-parcours-et-favoris\/#primaryimage"},"thumbnailUrl":"https:\/\/dicodusport.fr\/blog\/wp-content\/uploads\/2023\/05\/Criterium-du-Dauphine-2023-Parcours-et-favoris.png","keywords":["br\u00e8ve","Crit\u00e9rium du Dauphin\u00e9"],"articleSection":["Cyclisme sur route"],"inLanguage":"fr-FR","potentialAction":[{"@type":"CommentAction","name":"Comment","target":["https:\/\/dicodusport.fr\/blog\/criterium-du-dauphine-2023-parcours-et-favoris\/#respond"]}],"copyrightYear":"2023","copyrightHolder":{"@id":"https:\/\/dicodusport.fr\/blog\/#organization"}},{"@type":"WebPage","@id":"https:\/\/dicodusport.fr\/blog\/criterium-du-dauphine-2023-parcours-et-favoris\/","url":"https:\/\/dicodusport.fr\/blog\/criterium-du-dauphine-2023-parcours-et-favoris\/","name":"Crit\u00e9rium du Dauphin\u00e9 2023 : Parcours et favoris","isPartOf":{"@id":"https:\/\/dicodusport.fr\/blog\/#website"},"primaryImageOfPage":{"@id":"https:\/\/dicodusport.fr\/blog\/criterium-du-dauphine-2023-parcours-et-favoris\/#primaryimage"},"image":{"@id":"https:\/\/dicodusport.fr\/blog\/criterium-du-dauphine-2023-parcours-et-favoris\/#primaryimage"},"thumbnailUrl":"https:\/\/dicodusport.fr\/blog\/wp-content\/uploads\/2023\/05\/Criterium-du-Dauphine-2023-Parcours-et-favoris.png","datePublished":"2023-06-04T08:39:16+00:00","dateModified":"2023-06-04T08:40:07+00:00","description":"CRIT\u00c9RIUM DU DAUPHIN\u00c9 2023 - Le 75e \u00e9dition du Crit\u00e9rium du Dauphin\u00e9 se tiendra du 4 au 11 juin 2023. Parcours et favoris.","breadcrumb":{"@id":"https:\/\/dicodusport.fr\/blog\/criterium-du-dauphine-2023-parcours-et-favoris\/#breadcrumb"},"inLanguage":"fr-FR","potentialAction":[{"@type":"ReadAction","target":["https:\/\/dicodusport.fr\/blog\/criterium-du-dauphine-2023-parcours-et-favoris\/"]}]},{"@type":"ImageObject","inLanguage":"fr-FR","@id":"https:\/\/dicodusport.fr\/blog\/criterium-du-dauphine-2023-parcours-et-favoris\/#primaryimage","url":"https:\/\/dicodusport.fr\/blog\/wp-content\/uploads\/2023\/05\/Criterium-du-Dauphine-2023-Parcours-et-favoris.png","contentUrl":"https:\/\/dicodusport.fr\/blog\/wp-content\/uploads\/2023\/05\/Criterium-du-Dauphine-2023-Parcours-et-favoris.png","width":800,"height":445,"caption":"Crit\u00e9rium du Dauphin\u00e9 2023 Parcours et favoris"},{"@type":"BreadcrumbList","@id":"https:\/\/dicodusport.fr\/blog\/criterium-du-dauphine-2023-parcours-et-favoris\/#breadcrumb","itemListElement":[{"@type":"ListItem","position":1,"name":"Accueil","item":"https:\/\/dicodusport.fr\/blog\/"},{"@type":"ListItem","position":2,"name":"Crit\u00e9rium du Dauphin\u00e9 2023 : Parcours et favoris"}]},{"@type":"WebSite","@id":"https:\/\/dicodusport.fr\/blog\/#website","url":"https:\/\/dicodusport.fr\/blog\/","name":"Dicodusport","description":"L&#039;encyclop\u00e9die de l&#039;actualit\u00e9 sportive","publisher":{"@id":"https:\/\/dicodusport.fr\/blog\/#organization"},"potentialAction":[{"@type":"SearchAction","target":{"@type":"EntryPoint","urlTemplate":"https:\/\/dicodusport.fr\/blog\/?s={search_term_string}"},"query-input":{"@type":"PropertyValueSpecification","valueRequired":true,"valueName":"search_term_string"}}],"inLanguage":"fr-FR"},{"@type":"NewsMediaOrganization","@id":"https:\/\/dicodusport.fr\/blog\/#organization","name":"Dicodusport","url":"https:\/\/dicodusport.fr\/blog\/","logo":{"@type":"ImageObject","inLanguage":"fr-FR","@id":"https:\/\/dicodusport.fr\/blog\/#\/schema\/logo\/image\/","url":"https:\/\/dicodusport.fr\/blog\/wp-content\/uploads\/2020\/06\/cropped-LOGO-DICODUSPORT-2020-SANS-FOND-SANS-TEXTE.png","contentUrl":"https:\/\/dicodusport.fr\/blog\/wp-content\/uploads\/2020\/06\/cropped-LOGO-DICODUSPORT-2020-SANS-FOND-SANS-TEXTE.png","width":512,"height":512,"caption":"Dicodusport"},"image":{"@id":"https:\/\/dicodusport.fr\/blog\/#\/schema\/logo\/image\/"},"sameAs":["https:\/\/www.facebook.com\/dicodusport","https:\/\/x.com\/dicodusport","https:\/\/www.instagram.com\/dicodusport\/","https:\/\/www.youtube.com\/channel\/UC7V2KZ5sd3htJivAbA4ZG3w"],"description":"Dicodusport est l'encyclop\u00e9die de l'actualit\u00e9 sportive.","email":"bonjour@dicodusport.fr","legalName":"DICODUSPORT","foundingDate":"2018-01-14","vatID":"FR71834470973","taxID":"83447097300043","numberOfEmployees":{"@type":"QuantitativeValue","minValue":"1","maxValue":"10"}},{"@type":"Person","@id":"https:\/\/dicodusport.fr\/blog\/#\/schema\/person\/6db4bae06b171592211be385b32876a7","name":"Emilien Descampiaux","image":{"@type":"ImageObject","inLanguage":"fr-FR","@id":"https:\/\/dicodusport.fr\/blog\/#\/schema\/person\/image\/","url":"https:\/\/dicodusport.fr\/blog\/wp-content\/uploads\/2021\/05\/Emilien-Descampiaux-150x150.jpg","contentUrl":"https:\/\/dicodusport.fr\/blog\/wp-content\/uploads\/2021\/05\/Emilien-Descampiaux-150x150.jpg","caption":"Emilien Descampiaux"},"description":"Journaliste\/r\u00e9dacteur depuis 2014 - Fan de la classe de Frank Vandenbroucke, je vis cyclisme (et de ses paysages) depuis plus de 20 ans. Je suis tr\u00e8s impliqu\u00e9 sur mes diff\u00e9rents r\u00e9seaux sociaux pour partager ma passion sur le monde et l'Histoire de la bicyclette avec ma voix sur les images en noir et blanc du succ\u00e8s de Rik Van Steenbergen lors du Ronde sur le V\u00e9lodrome de Gand.","sameAs":["https:\/\/www.facebook.com\/groups\/LesRoisDuPeloton","https:\/\/x.com\/https:\/\/twitter.com\/LRoisDuPeloton"],"url":"https:\/\/dicodusport.fr\/blog\/author\/emiliend\/"}]}},"_links":{"self":[{"href":"https:\/\/dicodusport.fr\/blog\/wp-json\/wp\/v2\/posts\/386742","targetHints":{"allow":["GET"]}}],"collection":[{"href":"https:\/\/dicodusport.fr\/blog\/wp-json\/wp\/v2\/posts"}],"about":[{"href":"https:\/\/dicodusport.fr\/blog\/wp-json\/wp\/v2\/types\/post"}],"author":[{"embeddable":true,"href":"https:\/\/dicodusport.fr\/blog\/wp-json\/wp\/v2\/users\/48"}],"replies":[{"embeddable":true,"href":"https:\/\/dicodusport.fr\/blog\/wp-json\/wp\/v2\/comments?post=386742"}],"version-history":[{"count":0,"href":"https:\/\/dicodusport.fr\/blog\/wp-json\/wp\/v2\/posts\/386742\/revisions"}],"wp:featuredmedia":[{"embeddable":true,"href":"https:\/\/dicodusport.fr\/blog\/wp-json\/wp\/v2\/media\/387083"}],"wp:attachment":[{"href":"https:\/\/dicodusport.fr\/blog\/wp-json\/wp\/v2\/media?parent=386742"}],"wp:term":[{"taxonomy":"category","embeddable":true,"href":"https:\/\/dicodusport.fr\/blog\/wp-json\/wp\/v2\/categories?post=386742"},{"taxonomy":"post_tag","embeddable":true,"href":"https:\/\/dicodusport.fr\/blog\/wp-json\/wp\/v2\/tags?post=386742"}],"curies":[{"name":"wp","href":"https:\/\/api.w.org\/{rel}","templated":true}]}}