{"id":386771,"date":"2023-05-31T11:36:02","date_gmt":"2023-05-31T09:36:02","guid":{"rendered":"https:\/\/dicodusport.fr\/blog\/?p=386771&#038;preview=true&#038;preview_id=386771"},"modified":"2023-05-31T11:36:02","modified_gmt":"2023-05-31T09:36:02","slug":"theo-maledon-il-faut-montrer-du-caractere-pour-jouer-en-nba-a-19-ans","status":"publish","type":"post","link":"https:\/\/dicodusport.fr\/blog\/theo-maledon-il-faut-montrer-du-caractere-pour-jouer-en-nba-a-19-ans\/","title":{"rendered":"Th\u00e9o Maledon : \u00ab Il faut montrer du caract\u00e8re pour jouer en NBA \u00e0 19 ans \u00bb"},"content":{"rendered":"<p style=\"text-align: justify;\" align=\"justify\"><em><strong>NBA 2022\/23 &#8211; Il y a quelques semaines, Th\u00e9o Maledon disputait son dernier match de la saison en marquant 18 points.\u00a0 Apr\u00e8s deux ann\u00e9es pass\u00e9es \u00e0 Oklahoma City, il a jou\u00e9 cette saison aux Charlotte Hornets, avec un contrat pr\u00e9caire qui a limit\u00e9 son nombre de matchs. De quoi le pousser \u00e0 prendre du recul sur son parcours en NBA, alors qu&rsquo;il ne sait pas encore s&rsquo;il y restera la saison prochaine.<\/strong><\/em><\/p>\n<p style=\"text-align: justify;\" align=\"justify\">44. C&rsquo;est le nombre de matchs jou\u00e9s par <strong>Th\u00e9o Maledon<\/strong> cette saison en NBA, soit son plus faible total en carri\u00e8re. <a href=\"https:\/\/dicodusport.fr\/blog\/nba-2022-23-theo-maledon-rebondit-aux-hornets\/\">Sign\u00e9 in-extremis par les Hornets \u00e0 la mi-octobre<\/a>, il a vogu\u00e9 entre la G-League et la NBA toute la saison. C&rsquo;est <a href=\"https:\/\/dicodusport.fr\/blog\/two-way-contract-nba\/\">le principe du contrat two-way<\/a> avec lequel il a \u00e9t\u00e9 sign\u00e9. Difficile alors de prendre ses marques et du rythme. Sur la saison, il a compil\u00e9 des statistiques de <strong>6.7 points, 2.8 rebonds, 3.5 passes \u00e0 40% au tir et 30% \u00e0 trois points<\/strong>. Il n&rsquo;avait jamais marqu\u00e9 aussi peu de points sur une saison. <strong>C&rsquo;est en toute fin de saison<\/strong>, alors que son \u00e9quipe n&rsquo;avait plus rien \u00e0 jouer sur le plan collectif, <strong>qu&rsquo;il s&rsquo;est en fait le plus illustr\u00e9<\/strong>. Il a \u00e9t\u00e9 six fois d&rsquo;affil\u00e9e titulaire, pour des statistiques moyennes de 14.8 points et 9.5 passes. Pour <a href=\"https:\/\/omny.fm\/shows\/hornets-hive-cast\/4-16-23-theo-maledon-season-recap\">le podcast am\u00e9ricain Hornets Hive Cast<\/a>, il est revenu sur cette fin de saison positive, et sur sa saison au global :<\/p>\n<blockquote>\n<p style=\"text-align: justify;\">Il y a eu pas mal de bonnes choses cette saison. Je suis arriv\u00e9 tard, apr\u00e8s le training camp, donc j\u2019ai un\u00a0 peu \u00e9t\u00e9 jet\u00e9 dans les flammes pour pallier des blessures. Je pense avoir fait un bon travail en restant pr\u00eat, et en apprenant rapidement le style de jeu du coach, ses syst\u00e8mes\u2026 Tout en gardant mon identit\u00e9. Apr\u00e8s je suis retourn\u00e9 en G-League, o\u00f9 j\u2019ai eu plus de minutes et un r\u00f4le plus important. J\u2019ai fini fort la saison en NBA, je pense que c\u2019\u00e9tait positif. [&#8230;] Dans les derniers matchs, j\u2019ai fait beaucoup de passes d\u00e9cisives, ce que je n\u2019avais jamais fait avant. Je pense que \u00e7a prouve mon d\u00e9veloppement. L\u2019objectif est de continuer \u00e0 s\u2019am\u00e9liorer, de voir ce que je peux faire mieux.<\/p>\n<\/blockquote>\n<blockquote class=\"twitter-tweet\">\n<p dir=\"ltr\" lang=\"fr\">Theo Maledon au rendez-vous pour sa 2e titularisation de la saison \ud83e\udee1<\/p>\n<p>\ud83c\uddeb\ud83c\uddf7 19 PTS<br \/>\n\ud83c\uddeb\ud83c\uddf7 7\/15 FG<br \/>\n\ud83c\uddeb\ud83c\uddf7 4 REB<br \/>\n\ud83c\uddeb\ud83c\uddf7 9 AST<br \/>\n\ud83c\uddeb\ud83c\uddf7 4 BLK <a href=\"https:\/\/t.co\/aw5WxmVZmB\">pic.twitter.com\/aw5WxmVZmB<\/a><\/p>\n<p>\u2014 Basket-Infos (@Basket_Infos) <a href=\"https:\/\/twitter.com\/Basket_Infos\/status\/1640972060674629632?ref_src=twsrc%5Etfw\">March 29, 2023<\/a><\/p><\/blockquote>\n<p><script async src=\"https:\/\/platform.twitter.com\/widgets.js\" charset=\"utf-8\"><\/script><\/p>\n<p style=\"text-align: justify;\"><strong>\u00c0 seulement 21 ans, il disputait d\u00e9j\u00e0 sa troisi\u00e8me saison dans la ligue am\u00e9ricaine<\/strong>. L&rsquo;ancien de l&rsquo;ASVEL a jou\u00e9 ses premiers matchs en fin d&rsquo;ann\u00e9e 2020, \u00e0 seulement 19 ans. Ce qui n&rsquo;est jamais \u00e9vident au milieu de tous ces joueurs exp\u00e9riment\u00e9s, comme il l&rsquo;a expliqu\u00e9 :<\/p>\n<blockquote>\n<p style=\"text-align: justify;\">Il faut montrer du caract\u00e8re pour jouer en NBA \u00e0 19 ans. Tu es vraiment test\u00e9 dans ces moments-l\u00e0. Il faut \u00eatre pr\u00eat \u00e0 \u00eatre studieux, apprendre le plus possible, et engranger de l\u2019exp\u00e9rience. C\u2019est un vrai challenge. Mais c\u2019est pour \u00e7a qu\u2019on joue au basket. On veut faire face \u00e0 ces challenges et apprendre d\u2019eux.<\/p>\n<\/blockquote>\n<p style=\"text-align: justify;\">De quoi le faire grandir sur le plan sportif comme personnel. C&rsquo;est ce qu&rsquo;il a avou\u00e9 dans le podcast, en tentant de<strong> prendre du recul sur ses trois saisons pass\u00e9es en NBA<\/strong> :<\/p>\n<blockquote>\n<p style=\"text-align: justify;\">Je suis reconnaissant pour tout. \u00c7a ne fait que 3 ans que je suis en NBA, mais j\u2019ai l\u2019impression que \u00e7a fait plus longtemps. Il y a eu des hauts et des bas, je suis pass\u00e9 par des moments difficiles. Maintenant j\u2019essaye de me servir de tout \u00e7a pour avancer dans ma carri\u00e8re.\u00a0 [&#8230;] J\u2019ai l\u2019impression d\u2019\u00eatre sur la bonne voie. Chaque ann\u00e9e je me suis am\u00e9lior\u00e9. Pas forc\u00e9ment dans les stats, mais dans ma compr\u00e9hension du jeu et dans ce que je dois faire en dehors du parquet pour gagner la confiance du coach et des joueurs. J\u2019ai essay\u00e9 de jouer mon r\u00f4le.<\/p>\n<\/blockquote>\n<h2 style=\"text-align: justify;\">Fin de contrat<\/h2>\n<p style=\"text-align: justify;\">Aujourd&rsquo;hui, Maledon peut difficilement se projeter sur son avenir. <strong>Son contrat two-way s&rsquo;est termin\u00e9 en fin de saison, et il n&rsquo;a donc plus de contrat pour la saison prochaine<\/strong>. Toujours aux \u00c9tats-Unis, il s&rsquo;entra\u00eene actuellement dans l&rsquo;Arizona avec plusieurs joueurs NBA. Son souhait est s\u00fbrement de rester dans l&rsquo;\u00e9cosyst\u00e8me NBA le plus possible, pour <strong>tenter de d\u00e9crocher une nouvelle pige dans une \u00e9quipe<\/strong>, que ce soit aux Hornets ou ailleurs. Il a l&rsquo;avantage d&rsquo;\u00eatre encore tr\u00e8s jeune, ce qui pourrait attirer une \u00e9quipe qui souhaite le d\u00e9velopper.<\/p>\n<p style=\"text-align: justify;\">Mais s&rsquo;il ne parvient pas \u00e0 d\u00e9crocher un contrat, <strong>l&rsquo;option d&rsquo;un retour en Europe est toujours possible<\/strong>. Un nouveau d\u00e9part qui pourrait \u00eatre b\u00e9n\u00e9fique. L&rsquo;\u00e9t\u00e9 dernier, plusieurs Fran\u00e7ais comme <strong>Timoth\u00e9 Luwawu-Cabarrot <\/strong>ou<strong> Yves Pons<\/strong> ont d\u00fb suivre cette voie. Nul doute que les \u00e9quipes europ\u00e9ennes et fran\u00e7aises seront en tout cas nombreuses \u00e0 tenter d&rsquo;attirer le natif de Rouen.<\/p>\n<blockquote class=\"twitter-tweet\">\n<p dir=\"ltr\" lang=\"fr\">Th\u00e9o Maledon \ud83c\uddeb\ud83c\uddf7 est rest\u00e9 aux US et s&rsquo;entra\u00eene actuellement avec plusieurs joueurs NBA (Anfernee Simons, Darius Bazley, Ochai Agbaji&#8230;). Il n&rsquo;a donc peut-\u00eatre pas abandonn\u00e9 le r\u00eave am\u00e9ricain ? \ud83d\udc40 <a href=\"https:\/\/t.co\/rcDijkXZbF\">pic.twitter.com\/rcDijkXZbF<\/a><\/p>\n<p>\u2014 Tom Compayrot (@Tom_Cprt) <a href=\"https:\/\/twitter.com\/Tom_Cprt\/status\/1662811035479289856?ref_src=twsrc%5Etfw\">May 28, 2023<\/a><\/p><\/blockquote>\n<p><script async src=\"https:\/\/platform.twitter.com\/widgets.js\" charset=\"utf-8\"><\/script><\/p>\n","protected":false},"excerpt":{"rendered":"<p>NBA 2022\/23 &#8211; Il y a quelques semaines, Th\u00e9o Maledon disputait son dernier match de la saison en marquant 18 points.\u00a0 Apr\u00e8s deux ann\u00e9es pass\u00e9es \u00e0 Oklahoma City, il a jou\u00e9 cette saison aux Charlotte Hornets, avec un contrat pr\u00e9caire qui a limit\u00e9 son nombre de matchs. De quoi le pousser \u00e0 prendre du recul sur son parcours en NBA, alors qu&rsquo;il ne sait pas encore s&rsquo;il y restera la saison prochaine.<\/p>\n","protected":false},"author":13,"featured_media":386790,"comment_status":"open","ping_status":"closed","sticky":false,"template":"","format":"standard","meta":{"_acf_changed":false,"_daextam_enable_autolinks":"","footnotes":""},"categories":[10533],"tags":[16878,1928,31800,8623],"class_list":["post-386771","post","type-post","status-publish","format-standard","has-post-thumbnail","hentry","category-nba","tag-breve","tag-charlotte-hornets","tag-joueur-francais-nba","tag-theo-maledon"],"acf":[],"yoast_head":"<!-- This site is optimized with the Yoast SEO Premium plugin v26.7 (Yoast SEO v26.7) - https:\/\/yoast.com\/wordpress\/plugins\/seo\/ -->\n<title>Th\u00e9o Maledon : \u00ab Il faut montrer du caract\u00e8re pour jouer en NBA \u00e0 19 ans \u00bb<\/title>\n<meta name=\"description\" content=\"Th\u00e9o Maledon a termin\u00e9 sa 3\u00e8me saison en NBA et ne sait pas s&#039;il y en aura une 4\u00e8me. Il a donc a pris du recul sur sa carri\u00e8re aux \u00c9tats-Unis\" \/>\n<meta name=\"robots\" content=\"index, follow, max-snippet:-1, max-image-preview:large, max-video-preview:-1\" \/>\n<link rel=\"canonical\" href=\"https:\/\/dicodusport.fr\/blog\/theo-maledon-il-faut-montrer-du-caractere-pour-jouer-en-nba-a-19-ans\/\" \/>\n<meta property=\"og:locale\" content=\"fr_FR\" \/>\n<meta property=\"og:type\" content=\"article\" \/>\n<meta property=\"og:title\" content=\"Th\u00e9o Maledon : \u00ab Il faut montrer du caract\u00e8re pour jouer en NBA \u00e0 19 ans \u00bb\" \/>\n<meta property=\"og:description\" content=\"Th\u00e9o Maledon a termin\u00e9 sa 3\u00e8me saison en NBA et ne sait pas s&#039;il y en aura une 4\u00e8me. Il a donc a pris du recul sur sa carri\u00e8re aux \u00c9tats-Unis\" \/>\n<meta property=\"og:url\" content=\"https:\/\/dicodusport.fr\/blog\/theo-maledon-il-faut-montrer-du-caractere-pour-jouer-en-nba-a-19-ans\/\" \/>\n<meta property=\"og:site_name\" content=\"Dicodusport\" \/>\n<meta property=\"article:publisher\" content=\"https:\/\/www.facebook.com\/dicodusport\" \/>\n<meta property=\"article:published_time\" content=\"2023-05-31T09:36:02+00:00\" \/>\n<meta property=\"og:image\" content=\"https:\/\/dicodusport.fr\/blog\/wp-content\/uploads\/2023\/05\/theo-maledon-il-faut-montrer-du-caractere-pour-jouer-en-nba-a-19-ans.png\" \/>\n\t<meta property=\"og:image:width\" content=\"800\" \/>\n\t<meta property=\"og:image:height\" content=\"445\" \/>\n\t<meta property=\"og:image:type\" content=\"image\/png\" \/>\n<meta name=\"author\" content=\"Tom Compayrot\" \/>\n<meta name=\"twitter:card\" content=\"summary_large_image\" \/>\n<meta name=\"twitter:title\" content=\"Th\u00e9o Maledon : \u00ab Il faut montrer du caract\u00e8re pour jouer en NBA \u00e0 19 ans \u00bb\" \/>\n<meta name=\"twitter:creator\" content=\"@https:\/\/twitter.com\/Tom_Cprt\" \/>\n<meta name=\"twitter:site\" content=\"@dicodusport\" \/>\n<script type=\"application\/ld+json\" class=\"yoast-schema-graph\">{\"@context\":\"https:\/\/schema.org\",\"@graph\":[{\"@type\":\"NewsArticle\",\"@id\":\"https:\/\/dicodusport.fr\/blog\/theo-maledon-il-faut-montrer-du-caractere-pour-jouer-en-nba-a-19-ans\/#article\",\"isPartOf\":{\"@id\":\"https:\/\/dicodusport.fr\/blog\/theo-maledon-il-faut-montrer-du-caractere-pour-jouer-en-nba-a-19-ans\/\"},\"author\":{\"name\":\"Tom Compayrot\",\"@id\":\"https:\/\/dicodusport.fr\/blog\/#\/schema\/person\/bf1e4f404e108bd2be5b447b16bde9a7\"},\"headline\":\"Th\u00e9o Maledon : \u00ab Il faut montrer du caract\u00e8re pour jouer en NBA \u00e0 19 ans \u00bb\",\"datePublished\":\"2023-05-31T09:36:02+00:00\",\"mainEntityOfPage\":{\"@id\":\"https:\/\/dicodusport.fr\/blog\/theo-maledon-il-faut-montrer-du-caractere-pour-jouer-en-nba-a-19-ans\/\"},\"wordCount\":897,\"commentCount\":0,\"publisher\":{\"@id\":\"https:\/\/dicodusport.fr\/blog\/#organization\"},\"image\":{\"@id\":\"https:\/\/dicodusport.fr\/blog\/theo-maledon-il-faut-montrer-du-caractere-pour-jouer-en-nba-a-19-ans\/#primaryimage\"},\"thumbnailUrl\":\"https:\/\/dicodusport.fr\/blog\/wp-content\/uploads\/2023\/05\/theo-maledon-il-faut-montrer-du-caractere-pour-jouer-en-nba-a-19-ans.png\",\"keywords\":[\"br\u00e8ve\",\"Charlotte Hornets\",\"joueur fran\u00e7ais NBA\",\"Th\u00e9o Maledon\"],\"articleSection\":[\"NBA\"],\"inLanguage\":\"fr-FR\",\"potentialAction\":[{\"@type\":\"CommentAction\",\"name\":\"Comment\",\"target\":[\"https:\/\/dicodusport.fr\/blog\/theo-maledon-il-faut-montrer-du-caractere-pour-jouer-en-nba-a-19-ans\/#respond\"]}],\"copyrightYear\":\"2023\",\"copyrightHolder\":{\"@id\":\"https:\/\/dicodusport.fr\/blog\/#organization\"}},{\"@type\":\"WebPage\",\"@id\":\"https:\/\/dicodusport.fr\/blog\/theo-maledon-il-faut-montrer-du-caractere-pour-jouer-en-nba-a-19-ans\/\",\"url\":\"https:\/\/dicodusport.fr\/blog\/theo-maledon-il-faut-montrer-du-caractere-pour-jouer-en-nba-a-19-ans\/\",\"name\":\"Th\u00e9o Maledon : \u00ab Il faut montrer du caract\u00e8re pour jouer en NBA \u00e0 19 ans \u00bb\",\"isPartOf\":{\"@id\":\"https:\/\/dicodusport.fr\/blog\/#website\"},\"primaryImageOfPage\":{\"@id\":\"https:\/\/dicodusport.fr\/blog\/theo-maledon-il-faut-montrer-du-caractere-pour-jouer-en-nba-a-19-ans\/#primaryimage\"},\"image\":{\"@id\":\"https:\/\/dicodusport.fr\/blog\/theo-maledon-il-faut-montrer-du-caractere-pour-jouer-en-nba-a-19-ans\/#primaryimage\"},\"thumbnailUrl\":\"https:\/\/dicodusport.fr\/blog\/wp-content\/uploads\/2023\/05\/theo-maledon-il-faut-montrer-du-caractere-pour-jouer-en-nba-a-19-ans.png\",\"datePublished\":\"2023-05-31T09:36:02+00:00\",\"description\":\"Th\u00e9o Maledon a termin\u00e9 sa 3\u00e8me saison en NBA et ne sait pas s'il y en aura une 4\u00e8me. Il a donc a pris du recul sur sa carri\u00e8re aux \u00c9tats-Unis\",\"breadcrumb\":{\"@id\":\"https:\/\/dicodusport.fr\/blog\/theo-maledon-il-faut-montrer-du-caractere-pour-jouer-en-nba-a-19-ans\/#breadcrumb\"},\"inLanguage\":\"fr-FR\",\"potentialAction\":[{\"@type\":\"ReadAction\",\"target\":[\"https:\/\/dicodusport.fr\/blog\/theo-maledon-il-faut-montrer-du-caractere-pour-jouer-en-nba-a-19-ans\/\"]}]},{\"@type\":\"ImageObject\",\"inLanguage\":\"fr-FR\",\"@id\":\"https:\/\/dicodusport.fr\/blog\/theo-maledon-il-faut-montrer-du-caractere-pour-jouer-en-nba-a-19-ans\/#primaryimage\",\"url\":\"https:\/\/dicodusport.fr\/blog\/wp-content\/uploads\/2023\/05\/theo-maledon-il-faut-montrer-du-caractere-pour-jouer-en-nba-a-19-ans.png\",\"contentUrl\":\"https:\/\/dicodusport.fr\/blog\/wp-content\/uploads\/2023\/05\/theo-maledon-il-faut-montrer-du-caractere-pour-jouer-en-nba-a-19-ans.png\",\"width\":800,\"height\":445},{\"@type\":\"BreadcrumbList\",\"@id\":\"https:\/\/dicodusport.fr\/blog\/theo-maledon-il-faut-montrer-du-caractere-pour-jouer-en-nba-a-19-ans\/#breadcrumb\",\"itemListElement\":[{\"@type\":\"ListItem\",\"position\":1,\"name\":\"Accueil\",\"item\":\"https:\/\/dicodusport.fr\/blog\/\"},{\"@type\":\"ListItem\",\"position\":2,\"name\":\"Th\u00e9o Maledon : \u00ab Il faut montrer du caract\u00e8re pour jouer en NBA \u00e0 19 ans \u00bb\"}]},{\"@type\":\"WebSite\",\"@id\":\"https:\/\/dicodusport.fr\/blog\/#website\",\"url\":\"https:\/\/dicodusport.fr\/blog\/\",\"name\":\"Dicodusport\",\"description\":\"L&#039;encyclop\u00e9die de l&#039;actualit\u00e9 sportive\",\"publisher\":{\"@id\":\"https:\/\/dicodusport.fr\/blog\/#organization\"},\"potentialAction\":[{\"@type\":\"SearchAction\",\"target\":{\"@type\":\"EntryPoint\",\"urlTemplate\":\"https:\/\/dicodusport.fr\/blog\/?s={search_term_string}\"},\"query-input\":{\"@type\":\"PropertyValueSpecification\",\"valueRequired\":true,\"valueName\":\"search_term_string\"}}],\"inLanguage\":\"fr-FR\"},{\"@type\":\"NewsMediaOrganization\",\"@id\":\"https:\/\/dicodusport.fr\/blog\/#organization\",\"name\":\"Dicodusport\",\"url\":\"https:\/\/dicodusport.fr\/blog\/\",\"logo\":{\"@type\":\"ImageObject\",\"inLanguage\":\"fr-FR\",\"@id\":\"https:\/\/dicodusport.fr\/blog\/#\/schema\/logo\/image\/\",\"url\":\"https:\/\/dicodusport.fr\/blog\/wp-content\/uploads\/2020\/06\/cropped-LOGO-DICODUSPORT-2020-SANS-FOND-SANS-TEXTE.png\",\"contentUrl\":\"https:\/\/dicodusport.fr\/blog\/wp-content\/uploads\/2020\/06\/cropped-LOGO-DICODUSPORT-2020-SANS-FOND-SANS-TEXTE.png\",\"width\":512,\"height\":512,\"caption\":\"Dicodusport\"},\"image\":{\"@id\":\"https:\/\/dicodusport.fr\/blog\/#\/schema\/logo\/image\/\"},\"sameAs\":[\"https:\/\/www.facebook.com\/dicodusport\",\"https:\/\/x.com\/dicodusport\",\"https:\/\/www.instagram.com\/dicodusport\/\",\"https:\/\/www.youtube.com\/channel\/UC7V2KZ5sd3htJivAbA4ZG3w\"],\"description\":\"Dicodusport est l'encyclop\u00e9die de l'actualit\u00e9 sportive.\",\"email\":\"bonjour@dicodusport.fr\",\"legalName\":\"DICODUSPORT\",\"foundingDate\":\"2018-01-14\",\"vatID\":\"FR71834470973\",\"taxID\":\"83447097300043\",\"numberOfEmployees\":{\"@type\":\"QuantitativeValue\",\"minValue\":\"1\",\"maxValue\":\"10\"}},{\"@type\":\"Person\",\"@id\":\"https:\/\/dicodusport.fr\/blog\/#\/schema\/person\/bf1e4f404e108bd2be5b447b16bde9a7\",\"name\":\"Tom Compayrot\",\"image\":{\"@type\":\"ImageObject\",\"inLanguage\":\"fr-FR\",\"@id\":\"https:\/\/dicodusport.fr\/blog\/#\/schema\/person\/image\/\",\"url\":\"https:\/\/dicodusport.fr\/blog\/wp-content\/uploads\/2021\/05\/Tom-Compayrot-150x150.jpg\",\"contentUrl\":\"https:\/\/dicodusport.fr\/blog\/wp-content\/uploads\/2021\/05\/Tom-Compayrot-150x150.jpg\",\"caption\":\"Tom Compayrot\"},\"description\":\"Journaliste\/r\u00e9dacteur depuis mars 2017 - Amoureux de la petite balle jaune et du gros ballon orange qui tra\u00eene sa carcasse sur Dicodusport depuis 2017. Rafael Nadal et LeBron James sont les meilleurs joueurs de l'histoire.\",\"sameAs\":[\"https:\/\/x.com\/https:\/\/twitter.com\/Tom_Cprt\"],\"url\":\"https:\/\/dicodusport.fr\/blog\/author\/tom\/\"}]}<\/script>\n<!-- \/ Yoast SEO Premium plugin. -->","yoast_head_json":{"title":"Th\u00e9o Maledon : \u00ab Il faut montrer du caract\u00e8re pour jouer en NBA \u00e0 19 ans \u00bb","description":"Th\u00e9o Maledon a termin\u00e9 sa 3\u00e8me saison en NBA et ne sait pas s'il y en aura une 4\u00e8me. Il a donc a pris du recul sur sa carri\u00e8re aux \u00c9tats-Unis","robots":{"index":"index","follow":"follow","max-snippet":"max-snippet:-1","max-image-preview":"max-image-preview:large","max-video-preview":"max-video-preview:-1"},"canonical":"https:\/\/dicodusport.fr\/blog\/theo-maledon-il-faut-montrer-du-caractere-pour-jouer-en-nba-a-19-ans\/","og_locale":"fr_FR","og_type":"article","og_title":"Th\u00e9o Maledon : \u00ab Il faut montrer du caract\u00e8re pour jouer en NBA \u00e0 19 ans \u00bb","og_description":"Th\u00e9o Maledon a termin\u00e9 sa 3\u00e8me saison en NBA et ne sait pas s'il y en aura une 4\u00e8me. Il a donc a pris du recul sur sa carri\u00e8re aux \u00c9tats-Unis","og_url":"https:\/\/dicodusport.fr\/blog\/theo-maledon-il-faut-montrer-du-caractere-pour-jouer-en-nba-a-19-ans\/","og_site_name":"Dicodusport","article_publisher":"https:\/\/www.facebook.com\/dicodusport","article_published_time":"2023-05-31T09:36:02+00:00","og_image":[{"width":800,"height":445,"url":"https:\/\/dicodusport.fr\/blog\/wp-content\/uploads\/2023\/05\/theo-maledon-il-faut-montrer-du-caractere-pour-jouer-en-nba-a-19-ans.png","type":"image\/png"}],"author":"Tom Compayrot","twitter_card":"summary_large_image","twitter_title":"Th\u00e9o Maledon : \u00ab Il faut montrer du caract\u00e8re pour jouer en NBA \u00e0 19 ans \u00bb","twitter_creator":"@https:\/\/twitter.com\/Tom_Cprt","twitter_site":"@dicodusport","schema":{"@context":"https:\/\/schema.org","@graph":[{"@type":"NewsArticle","@id":"https:\/\/dicodusport.fr\/blog\/theo-maledon-il-faut-montrer-du-caractere-pour-jouer-en-nba-a-19-ans\/#article","isPartOf":{"@id":"https:\/\/dicodusport.fr\/blog\/theo-maledon-il-faut-montrer-du-caractere-pour-jouer-en-nba-a-19-ans\/"},"author":{"name":"Tom Compayrot","@id":"https:\/\/dicodusport.fr\/blog\/#\/schema\/person\/bf1e4f404e108bd2be5b447b16bde9a7"},"headline":"Th\u00e9o Maledon : \u00ab Il faut montrer du caract\u00e8re pour jouer en NBA \u00e0 19 ans \u00bb","datePublished":"2023-05-31T09:36:02+00:00","mainEntityOfPage":{"@id":"https:\/\/dicodusport.fr\/blog\/theo-maledon-il-faut-montrer-du-caractere-pour-jouer-en-nba-a-19-ans\/"},"wordCount":897,"commentCount":0,"publisher":{"@id":"https:\/\/dicodusport.fr\/blog\/#organization"},"image":{"@id":"https:\/\/dicodusport.fr\/blog\/theo-maledon-il-faut-montrer-du-caractere-pour-jouer-en-nba-a-19-ans\/#primaryimage"},"thumbnailUrl":"https:\/\/dicodusport.fr\/blog\/wp-content\/uploads\/2023\/05\/theo-maledon-il-faut-montrer-du-caractere-pour-jouer-en-nba-a-19-ans.png","keywords":["br\u00e8ve","Charlotte Hornets","joueur fran\u00e7ais NBA","Th\u00e9o Maledon"],"articleSection":["NBA"],"inLanguage":"fr-FR","potentialAction":[{"@type":"CommentAction","name":"Comment","target":["https:\/\/dicodusport.fr\/blog\/theo-maledon-il-faut-montrer-du-caractere-pour-jouer-en-nba-a-19-ans\/#respond"]}],"copyrightYear":"2023","copyrightHolder":{"@id":"https:\/\/dicodusport.fr\/blog\/#organization"}},{"@type":"WebPage","@id":"https:\/\/dicodusport.fr\/blog\/theo-maledon-il-faut-montrer-du-caractere-pour-jouer-en-nba-a-19-ans\/","url":"https:\/\/dicodusport.fr\/blog\/theo-maledon-il-faut-montrer-du-caractere-pour-jouer-en-nba-a-19-ans\/","name":"Th\u00e9o Maledon : \u00ab Il faut montrer du caract\u00e8re pour jouer en NBA \u00e0 19 ans \u00bb","isPartOf":{"@id":"https:\/\/dicodusport.fr\/blog\/#website"},"primaryImageOfPage":{"@id":"https:\/\/dicodusport.fr\/blog\/theo-maledon-il-faut-montrer-du-caractere-pour-jouer-en-nba-a-19-ans\/#primaryimage"},"image":{"@id":"https:\/\/dicodusport.fr\/blog\/theo-maledon-il-faut-montrer-du-caractere-pour-jouer-en-nba-a-19-ans\/#primaryimage"},"thumbnailUrl":"https:\/\/dicodusport.fr\/blog\/wp-content\/uploads\/2023\/05\/theo-maledon-il-faut-montrer-du-caractere-pour-jouer-en-nba-a-19-ans.png","datePublished":"2023-05-31T09:36:02+00:00","description":"Th\u00e9o Maledon a termin\u00e9 sa 3\u00e8me saison en NBA et ne sait pas s'il y en aura une 4\u00e8me. Il a donc a pris du recul sur sa carri\u00e8re aux \u00c9tats-Unis","breadcrumb":{"@id":"https:\/\/dicodusport.fr\/blog\/theo-maledon-il-faut-montrer-du-caractere-pour-jouer-en-nba-a-19-ans\/#breadcrumb"},"inLanguage":"fr-FR","potentialAction":[{"@type":"ReadAction","target":["https:\/\/dicodusport.fr\/blog\/theo-maledon-il-faut-montrer-du-caractere-pour-jouer-en-nba-a-19-ans\/"]}]},{"@type":"ImageObject","inLanguage":"fr-FR","@id":"https:\/\/dicodusport.fr\/blog\/theo-maledon-il-faut-montrer-du-caractere-pour-jouer-en-nba-a-19-ans\/#primaryimage","url":"https:\/\/dicodusport.fr\/blog\/wp-content\/uploads\/2023\/05\/theo-maledon-il-faut-montrer-du-caractere-pour-jouer-en-nba-a-19-ans.png","contentUrl":"https:\/\/dicodusport.fr\/blog\/wp-content\/uploads\/2023\/05\/theo-maledon-il-faut-montrer-du-caractere-pour-jouer-en-nba-a-19-ans.png","width":800,"height":445},{"@type":"BreadcrumbList","@id":"https:\/\/dicodusport.fr\/blog\/theo-maledon-il-faut-montrer-du-caractere-pour-jouer-en-nba-a-19-ans\/#breadcrumb","itemListElement":[{"@type":"ListItem","position":1,"name":"Accueil","item":"https:\/\/dicodusport.fr\/blog\/"},{"@type":"ListItem","position":2,"name":"Th\u00e9o Maledon : \u00ab Il faut montrer du caract\u00e8re pour jouer en NBA \u00e0 19 ans \u00bb"}]},{"@type":"WebSite","@id":"https:\/\/dicodusport.fr\/blog\/#website","url":"https:\/\/dicodusport.fr\/blog\/","name":"Dicodusport","description":"L&#039;encyclop\u00e9die de l&#039;actualit\u00e9 sportive","publisher":{"@id":"https:\/\/dicodusport.fr\/blog\/#organization"},"potentialAction":[{"@type":"SearchAction","target":{"@type":"EntryPoint","urlTemplate":"https:\/\/dicodusport.fr\/blog\/?s={search_term_string}"},"query-input":{"@type":"PropertyValueSpecification","valueRequired":true,"valueName":"search_term_string"}}],"inLanguage":"fr-FR"},{"@type":"NewsMediaOrganization","@id":"https:\/\/dicodusport.fr\/blog\/#organization","name":"Dicodusport","url":"https:\/\/dicodusport.fr\/blog\/","logo":{"@type":"ImageObject","inLanguage":"fr-FR","@id":"https:\/\/dicodusport.fr\/blog\/#\/schema\/logo\/image\/","url":"https:\/\/dicodusport.fr\/blog\/wp-content\/uploads\/2020\/06\/cropped-LOGO-DICODUSPORT-2020-SANS-FOND-SANS-TEXTE.png","contentUrl":"https:\/\/dicodusport.fr\/blog\/wp-content\/uploads\/2020\/06\/cropped-LOGO-DICODUSPORT-2020-SANS-FOND-SANS-TEXTE.png","width":512,"height":512,"caption":"Dicodusport"},"image":{"@id":"https:\/\/dicodusport.fr\/blog\/#\/schema\/logo\/image\/"},"sameAs":["https:\/\/www.facebook.com\/dicodusport","https:\/\/x.com\/dicodusport","https:\/\/www.instagram.com\/dicodusport\/","https:\/\/www.youtube.com\/channel\/UC7V2KZ5sd3htJivAbA4ZG3w"],"description":"Dicodusport est l'encyclop\u00e9die de l'actualit\u00e9 sportive.","email":"bonjour@dicodusport.fr","legalName":"DICODUSPORT","foundingDate":"2018-01-14","vatID":"FR71834470973","taxID":"83447097300043","numberOfEmployees":{"@type":"QuantitativeValue","minValue":"1","maxValue":"10"}},{"@type":"Person","@id":"https:\/\/dicodusport.fr\/blog\/#\/schema\/person\/bf1e4f404e108bd2be5b447b16bde9a7","name":"Tom Compayrot","image":{"@type":"ImageObject","inLanguage":"fr-FR","@id":"https:\/\/dicodusport.fr\/blog\/#\/schema\/person\/image\/","url":"https:\/\/dicodusport.fr\/blog\/wp-content\/uploads\/2021\/05\/Tom-Compayrot-150x150.jpg","contentUrl":"https:\/\/dicodusport.fr\/blog\/wp-content\/uploads\/2021\/05\/Tom-Compayrot-150x150.jpg","caption":"Tom Compayrot"},"description":"Journaliste\/r\u00e9dacteur depuis mars 2017 - Amoureux de la petite balle jaune et du gros ballon orange qui tra\u00eene sa carcasse sur Dicodusport depuis 2017. Rafael Nadal et LeBron James sont les meilleurs joueurs de l'histoire.","sameAs":["https:\/\/x.com\/https:\/\/twitter.com\/Tom_Cprt"],"url":"https:\/\/dicodusport.fr\/blog\/author\/tom\/"}]}},"_links":{"self":[{"href":"https:\/\/dicodusport.fr\/blog\/wp-json\/wp\/v2\/posts\/386771","targetHints":{"allow":["GET"]}}],"collection":[{"href":"https:\/\/dicodusport.fr\/blog\/wp-json\/wp\/v2\/posts"}],"about":[{"href":"https:\/\/dicodusport.fr\/blog\/wp-json\/wp\/v2\/types\/post"}],"author":[{"embeddable":true,"href":"https:\/\/dicodusport.fr\/blog\/wp-json\/wp\/v2\/users\/13"}],"replies":[{"embeddable":true,"href":"https:\/\/dicodusport.fr\/blog\/wp-json\/wp\/v2\/comments?post=386771"}],"version-history":[{"count":0,"href":"https:\/\/dicodusport.fr\/blog\/wp-json\/wp\/v2\/posts\/386771\/revisions"}],"wp:featuredmedia":[{"embeddable":true,"href":"https:\/\/dicodusport.fr\/blog\/wp-json\/wp\/v2\/media\/386790"}],"wp:attachment":[{"href":"https:\/\/dicodusport.fr\/blog\/wp-json\/wp\/v2\/media?parent=386771"}],"wp:term":[{"taxonomy":"category","embeddable":true,"href":"https:\/\/dicodusport.fr\/blog\/wp-json\/wp\/v2\/categories?post=386771"},{"taxonomy":"post_tag","embeddable":true,"href":"https:\/\/dicodusport.fr\/blog\/wp-json\/wp\/v2\/tags?post=386771"}],"curies":[{"name":"wp","href":"https:\/\/api.w.org\/{rel}","templated":true}]}}