{"id":38687,"date":"2019-05-07T15:19:35","date_gmt":"2019-05-07T13:19:35","guid":{"rendered":"http:\/\/dicodusport.fr\/blog\/?p=38687"},"modified":"2019-05-07T16:15:33","modified_gmt":"2019-05-07T14:15:33","slug":"coupe-du-monde-2019-le-dispositif-de-tf1-a-la-loupe","status":"publish","type":"post","link":"https:\/\/dicodusport.fr\/blog\/coupe-du-monde-2019-le-dispositif-de-tf1-a-la-loupe\/","title":{"rendered":"Coupe du monde 2019 : le dispositif de TF1 \u00e0 la loupe"},"content":{"rendered":"<p style=\"text-align: justify;\"><strong><em>TF1, diffuseur en clair de la <a href=\"https:\/\/fr.fifa.com\/womensworldcup\/\" target=\"_blank\" rel=\"noopener\">Coupe du monde f\u00e9minine de football (7 juin au 7 juillet)<\/a>, a d\u00e9voil\u00e9 son dispositif concernant la couverture de l&rsquo;\u00e9v\u00e8nement. Un rouage qui n&rsquo;est pas sans rappeler celui mis en place pour les messieurs l&rsquo;\u00e9t\u00e9 dernier.<\/em> <\/strong><\/p>\n<p style=\"text-align: justify;\">On prend les m\u00eames et on recommence, ou presque. Un an apr\u00e8s la Coupe du monde masculine qui s&rsquo;est termin\u00e9e en apoth\u00e9ose avec le sacre des Bleus, TF1 a pr\u00e9sent\u00e9 son dispositif pour le Mondial f\u00e9minin qui se d\u00e9roulera en France, entre le 7 juin et le 7 juillet. Premi\u00e8re bonne nouvelle, le duo de commentateurs <strong>Margotton-Lizarazu<\/strong> sera aux manettes pour les matchs des Bleues. L&rsquo;ancienne internationale <strong>Camille Abily<\/strong> sera quant \u00e0 elle la femme de terrain. Le deuxi\u00e8me tandem sera compos\u00e9 de l&rsquo;habitu\u00e9 <strong>Christian Jeanpierre<\/strong>, associ\u00e9 \u00e0 <strong>Sabrina Delannoy<\/strong>, l&rsquo;ancienne joueuse du PSG, \u00e0 la retraite depuis la fin de saison derni\u00e8re.<\/p>\n<p>https:\/\/twitter.com\/weeplay_off\/status\/1125687821530955776<\/p>\n<h1 style=\"text-align: justify;\">Le Mag de la Coupe du monde \u00e9galement au menu, des ex-Bleues consultantes de luxe<\/h1>\n<p style=\"text-align: justify;\">Comme durant l&rsquo;\u00e9t\u00e9 dernier, <strong>Denis Brogniart<\/strong> sera \u00e9galement de la partie, en animant le <em>Mag de la Coupe du monde<\/em> apr\u00e8s les rencontres aux c\u00f4t\u00e9s de <strong>Nathalie Iannetta<\/strong>. <strong>Olivier Echouafni<\/strong>, s\u00e9lectionneur de l&rsquo;\u00e9quipe de France f\u00e9minine entre 2016 et 2017, mais aussi <strong>Louisa Necib<\/strong>, <strong>\u00c9lodie Thomis<\/strong> et <strong>Camille Abily<\/strong> feront partie de l&rsquo;\u00e9quipe des consultant(e)s. Enfin, <em>T\u00e9l\u00e9foot<\/em> sera sur le coup tous les dimanches avec un point r\u00e9gulier sur l&rsquo;\u00e9quipe de France f\u00e9minine. Au jour le jour, <em>La Quotidienne<\/em> (TFX) reviendra sur les matchs de la journ\u00e9e.<\/p>\n<p style=\"text-align: justify;\">Enfin, si la date de diffusion n&rsquo;est pas encore connue, TF1 diffusera un long documentaire sur cinq joueuses de l&rsquo;\u00e9quipe de France : <strong>Amandine Henry<\/strong>, <strong>Wendie Renard<\/strong>, <strong>Ga\u00ebtane Thiney<\/strong>, <strong>Viviane Asseyi<\/strong> et <strong>Kadidiatou Diani<\/strong>. Ces derni\u00e8res ont \u00e9t\u00e9 suivies dans leur quotidien durant cinq mois par Julie Gayet.<\/p>\n<p style=\"text-align: justify;\">Pour rappel, le groupe TF1, co-diffuseur de la comp\u00e9tition avec Canal +, <strong>diffusera 25 rencontres sur ses antennes, dont les matchs des Bleues, six huiti\u00e8mes de finale, les quatre quarts et les deux demi-finales, ainsi que la petite finale et la finale<\/strong>.<\/p>\n<p><strong><em>Dicodusport<br \/>\n<a href=\"https:\/\/www.facebook.com\/dicodusport\/\" target=\"_blank\" rel=\"noopener\"><img loading=\"lazy\" decoding=\"async\" class=\"alignnone wp-image-2909\" src=\"http:\/\/dicodusport.fr\/blog\/wp-content\/uploads\/2017\/07\/logo-facebook-150x150.png\" alt=\"\" width=\"40\" height=\"40\" \/><\/a><a href=\"https:\/\/twitter.com\/dicodusport\" target=\"_blank\" rel=\"noopener\"><img loading=\"lazy\" decoding=\"async\" class=\"alignnone wp-image-2908\" src=\"http:\/\/dicodusport.fr\/blog\/wp-content\/uploads\/2017\/07\/logo-twitter-150x150.png\" alt=\"\" width=\"39\" height=\"39\" \/><\/a><\/em><\/strong><\/p>\n","protected":false},"excerpt":{"rendered":"<p>TF1, diffuseur en clair de la Coupe du monde f\u00e9minine de football (7 juin au 7 juillet), a d\u00e9voil\u00e9 son dispositif concernant la couverture de l&rsquo;\u00e9v\u00e8nement. Un rouage qui n&rsquo;est pas sans rappeler celui mis en place pour les messieurs l&rsquo;\u00e9t\u00e9 dernier.<\/p>\n","protected":false},"author":4,"featured_media":38688,"comment_status":"open","ping_status":"closed","sticky":false,"template":"","format":"standard","meta":{"_acf_changed":false,"_daextam_enable_autolinks":"","footnotes":""},"categories":[2,2301],"tags":[75,226],"class_list":["post-38687","post","type-post","status-publish","format-standard","has-post-thumbnail","hentry","category-actualites","category-football","tag-football","tag-tf1"],"acf":[],"yoast_head":"<!-- This site is optimized with the Yoast SEO Premium plugin v26.7 (Yoast SEO v26.7) - https:\/\/yoast.com\/wordpress\/plugins\/seo\/ -->\n<title>Coupe du monde 2019 : le dispositif de TF1 \u00e0 la loupe<\/title>\n<meta name=\"description\" content=\"TF1, diffuseur en clair de la Coupe du monde f\u00e9minine de football (7 juin au 7 juillet), a d\u00e9voil\u00e9 son dispositif concernant la couverture de l&#039;\u00e9v\u00e8nement.\" \/>\n<meta name=\"robots\" content=\"index, follow, max-snippet:-1, max-image-preview:large, max-video-preview:-1\" \/>\n<link rel=\"canonical\" href=\"https:\/\/dicodusport.fr\/blog\/coupe-du-monde-2019-le-dispositif-de-tf1-a-la-loupe\/\" \/>\n<meta property=\"og:locale\" content=\"fr_FR\" \/>\n<meta property=\"og:type\" content=\"article\" \/>\n<meta property=\"og:title\" content=\"Coupe du monde 2019 : le dispositif de TF1 \u00e0 la loupe\" \/>\n<meta property=\"og:description\" content=\"TF1, diffuseur en clair de la Coupe du monde f\u00e9minine de football (7 juin au 7 juillet), a d\u00e9voil\u00e9 son dispositif concernant la couverture de l&#039;\u00e9v\u00e8nement.\" \/>\n<meta property=\"og:url\" content=\"https:\/\/dicodusport.fr\/blog\/coupe-du-monde-2019-le-dispositif-de-tf1-a-la-loupe\/\" \/>\n<meta property=\"og:site_name\" content=\"Dicodusport\" \/>\n<meta property=\"article:publisher\" content=\"https:\/\/www.facebook.com\/dicodusport\" \/>\n<meta property=\"article:author\" content=\"https:\/\/www.facebook.com\/florent.ostermann\" \/>\n<meta property=\"article:published_time\" content=\"2019-05-07T13:19:35+00:00\" \/>\n<meta property=\"article:modified_time\" content=\"2019-05-07T14:15:33+00:00\" \/>\n<meta property=\"og:image\" content=\"https:\/\/dicodusport.fr\/blog\/wp-content\/uploads\/2019\/05\/TF1-Coupe-du-monde-2019.png\" \/>\n\t<meta property=\"og:image:width\" content=\"800\" \/>\n\t<meta property=\"og:image:height\" content=\"445\" \/>\n\t<meta property=\"og:image:type\" content=\"image\/png\" \/>\n<meta name=\"author\" content=\"Flo Ostermann\" \/>\n<meta name=\"twitter:card\" content=\"summary_large_image\" \/>\n<meta name=\"twitter:creator\" content=\"@https:\/\/twitter.com\/FlOstermann\" \/>\n<meta name=\"twitter:site\" content=\"@dicodusport\" \/>\n<script type=\"application\/ld+json\" class=\"yoast-schema-graph\">{\"@context\":\"https:\/\/schema.org\",\"@graph\":[{\"@type\":\"NewsArticle\",\"@id\":\"https:\/\/dicodusport.fr\/blog\/coupe-du-monde-2019-le-dispositif-de-tf1-a-la-loupe\/#article\",\"isPartOf\":{\"@id\":\"https:\/\/dicodusport.fr\/blog\/coupe-du-monde-2019-le-dispositif-de-tf1-a-la-loupe\/\"},\"author\":{\"name\":\"Flo Ostermann\",\"@id\":\"https:\/\/dicodusport.fr\/blog\/#\/schema\/person\/cb02af4c173ce4a653b55e9baf388d4a\"},\"headline\":\"Coupe du monde 2019 : le dispositif de TF1 \u00e0 la loupe\",\"datePublished\":\"2019-05-07T13:19:35+00:00\",\"dateModified\":\"2019-05-07T14:15:33+00:00\",\"mainEntityOfPage\":{\"@id\":\"https:\/\/dicodusport.fr\/blog\/coupe-du-monde-2019-le-dispositif-de-tf1-a-la-loupe\/\"},\"wordCount\":383,\"commentCount\":1,\"publisher\":{\"@id\":\"https:\/\/dicodusport.fr\/blog\/#organization\"},\"image\":{\"@id\":\"https:\/\/dicodusport.fr\/blog\/coupe-du-monde-2019-le-dispositif-de-tf1-a-la-loupe\/#primaryimage\"},\"thumbnailUrl\":\"https:\/\/dicodusport.fr\/blog\/wp-content\/uploads\/2019\/05\/TF1-Coupe-du-monde-2019.png\",\"keywords\":[\"Football\",\"tf1\"],\"articleSection\":[\"Actualit\u00e9s\",\"Football\"],\"inLanguage\":\"fr-FR\",\"potentialAction\":[{\"@type\":\"CommentAction\",\"name\":\"Comment\",\"target\":[\"https:\/\/dicodusport.fr\/blog\/coupe-du-monde-2019-le-dispositif-de-tf1-a-la-loupe\/#respond\"]}],\"copyrightYear\":\"2019\",\"copyrightHolder\":{\"@id\":\"https:\/\/dicodusport.fr\/blog\/#organization\"}},{\"@type\":\"WebPage\",\"@id\":\"https:\/\/dicodusport.fr\/blog\/coupe-du-monde-2019-le-dispositif-de-tf1-a-la-loupe\/\",\"url\":\"https:\/\/dicodusport.fr\/blog\/coupe-du-monde-2019-le-dispositif-de-tf1-a-la-loupe\/\",\"name\":\"Coupe du monde 2019 : le dispositif de TF1 \u00e0 la loupe\",\"isPartOf\":{\"@id\":\"https:\/\/dicodusport.fr\/blog\/#website\"},\"primaryImageOfPage\":{\"@id\":\"https:\/\/dicodusport.fr\/blog\/coupe-du-monde-2019-le-dispositif-de-tf1-a-la-loupe\/#primaryimage\"},\"image\":{\"@id\":\"https:\/\/dicodusport.fr\/blog\/coupe-du-monde-2019-le-dispositif-de-tf1-a-la-loupe\/#primaryimage\"},\"thumbnailUrl\":\"https:\/\/dicodusport.fr\/blog\/wp-content\/uploads\/2019\/05\/TF1-Coupe-du-monde-2019.png\",\"datePublished\":\"2019-05-07T13:19:35+00:00\",\"dateModified\":\"2019-05-07T14:15:33+00:00\",\"description\":\"TF1, diffuseur en clair de la Coupe du monde f\u00e9minine de football (7 juin au 7 juillet), a d\u00e9voil\u00e9 son dispositif concernant la couverture de l'\u00e9v\u00e8nement.\",\"breadcrumb\":{\"@id\":\"https:\/\/dicodusport.fr\/blog\/coupe-du-monde-2019-le-dispositif-de-tf1-a-la-loupe\/#breadcrumb\"},\"inLanguage\":\"fr-FR\",\"potentialAction\":[{\"@type\":\"ReadAction\",\"target\":[\"https:\/\/dicodusport.fr\/blog\/coupe-du-monde-2019-le-dispositif-de-tf1-a-la-loupe\/\"]}]},{\"@type\":\"ImageObject\",\"inLanguage\":\"fr-FR\",\"@id\":\"https:\/\/dicodusport.fr\/blog\/coupe-du-monde-2019-le-dispositif-de-tf1-a-la-loupe\/#primaryimage\",\"url\":\"https:\/\/dicodusport.fr\/blog\/wp-content\/uploads\/2019\/05\/TF1-Coupe-du-monde-2019.png\",\"contentUrl\":\"https:\/\/dicodusport.fr\/blog\/wp-content\/uploads\/2019\/05\/TF1-Coupe-du-monde-2019.png\",\"width\":800,\"height\":445},{\"@type\":\"BreadcrumbList\",\"@id\":\"https:\/\/dicodusport.fr\/blog\/coupe-du-monde-2019-le-dispositif-de-tf1-a-la-loupe\/#breadcrumb\",\"itemListElement\":[{\"@type\":\"ListItem\",\"position\":1,\"name\":\"Accueil\",\"item\":\"https:\/\/dicodusport.fr\/blog\/\"},{\"@type\":\"ListItem\",\"position\":2,\"name\":\"Coupe du monde 2019 : le dispositif de TF1 \u00e0 la loupe\"}]},{\"@type\":\"WebSite\",\"@id\":\"https:\/\/dicodusport.fr\/blog\/#website\",\"url\":\"https:\/\/dicodusport.fr\/blog\/\",\"name\":\"Dicodusport\",\"description\":\"L&#039;encyclop\u00e9die de l&#039;actualit\u00e9 sportive\",\"publisher\":{\"@id\":\"https:\/\/dicodusport.fr\/blog\/#organization\"},\"potentialAction\":[{\"@type\":\"SearchAction\",\"target\":{\"@type\":\"EntryPoint\",\"urlTemplate\":\"https:\/\/dicodusport.fr\/blog\/?s={search_term_string}\"},\"query-input\":{\"@type\":\"PropertyValueSpecification\",\"valueRequired\":true,\"valueName\":\"search_term_string\"}}],\"inLanguage\":\"fr-FR\"},{\"@type\":\"NewsMediaOrganization\",\"@id\":\"https:\/\/dicodusport.fr\/blog\/#organization\",\"name\":\"Dicodusport\",\"url\":\"https:\/\/dicodusport.fr\/blog\/\",\"logo\":{\"@type\":\"ImageObject\",\"inLanguage\":\"fr-FR\",\"@id\":\"https:\/\/dicodusport.fr\/blog\/#\/schema\/logo\/image\/\",\"url\":\"https:\/\/dicodusport.fr\/blog\/wp-content\/uploads\/2020\/06\/cropped-LOGO-DICODUSPORT-2020-SANS-FOND-SANS-TEXTE.png\",\"contentUrl\":\"https:\/\/dicodusport.fr\/blog\/wp-content\/uploads\/2020\/06\/cropped-LOGO-DICODUSPORT-2020-SANS-FOND-SANS-TEXTE.png\",\"width\":512,\"height\":512,\"caption\":\"Dicodusport\"},\"image\":{\"@id\":\"https:\/\/dicodusport.fr\/blog\/#\/schema\/logo\/image\/\"},\"sameAs\":[\"https:\/\/www.facebook.com\/dicodusport\",\"https:\/\/x.com\/dicodusport\",\"https:\/\/www.instagram.com\/dicodusport\/\",\"https:\/\/www.youtube.com\/channel\/UC7V2KZ5sd3htJivAbA4ZG3w\"],\"description\":\"Dicodusport est l'encyclop\u00e9die de l'actualit\u00e9 sportive.\",\"email\":\"bonjour@dicodusport.fr\",\"legalName\":\"DICODUSPORT\",\"foundingDate\":\"2018-01-14\",\"vatID\":\"FR71834470973\",\"taxID\":\"83447097300043\",\"numberOfEmployees\":{\"@type\":\"QuantitativeValue\",\"minValue\":\"1\",\"maxValue\":\"10\"}},{\"@type\":\"Person\",\"@id\":\"https:\/\/dicodusport.fr\/blog\/#\/schema\/person\/cb02af4c173ce4a653b55e9baf388d4a\",\"name\":\"Flo Ostermann\",\"image\":{\"@type\":\"ImageObject\",\"inLanguage\":\"fr-FR\",\"@id\":\"https:\/\/dicodusport.fr\/blog\/#\/schema\/person\/image\/\",\"url\":\"https:\/\/dicodusport.fr\/blog\/wp-content\/uploads\/2021\/05\/Flo-Ostermann-150x150.jpg\",\"contentUrl\":\"https:\/\/dicodusport.fr\/blog\/wp-content\/uploads\/2021\/05\/Flo-Ostermann-150x150.jpg\",\"caption\":\"Flo Ostermann\"},\"description\":\"Journaliste\/R\u00e9dacteur depuis septembre 2015 - Mes premiers souvenirs dans le sport ? Les envol\u00e9es du Stade Toulousain et les duels Villeneuve-Schumacher et H\u00e4kkinen-Schumacher \u00e0 la fin des ann\u00e9es 90, la Coupe du monde de football en 1998, l\u2019exploit du XV de France face aux All Blacks en 1999, mais aussi Richard C\u0153ur de Lion qui vole sur les montagnes du Tour de France. Bien parti pour devenir professeur d\u2019EPS, les \u00e9v\u00e9nements de la vie (et la flemme d\u2019animer des s\u00e9ances de 3x500 m\u00e8tres toute ma vie) m\u2019ont conduit \u00e0 revoir mes plans. Me voil\u00e0 depuis fin 2017 sur Dicodusport, m\u00e9dia gr\u00e2ce (et pour) lequel je partage ma passion : le sport dans tous ses \u00e9tats. Le tout accompagn\u00e9 par les fous furieux et folles furieuses cit\u00e9s sur cette page !\",\"sameAs\":[\"https:\/\/www.facebook.com\/florent.ostermann\",\"https:\/\/x.com\/https:\/\/twitter.com\/FlOstermann\",\"admin\"],\"url\":\"https:\/\/dicodusport.fr\/blog\/author\/flo\/\"}]}<\/script>\n<!-- \/ Yoast SEO Premium plugin. -->","yoast_head_json":{"title":"Coupe du monde 2019 : le dispositif de TF1 \u00e0 la loupe","description":"TF1, diffuseur en clair de la Coupe du monde f\u00e9minine de football (7 juin au 7 juillet), a d\u00e9voil\u00e9 son dispositif concernant la couverture de l'\u00e9v\u00e8nement.","robots":{"index":"index","follow":"follow","max-snippet":"max-snippet:-1","max-image-preview":"max-image-preview:large","max-video-preview":"max-video-preview:-1"},"canonical":"https:\/\/dicodusport.fr\/blog\/coupe-du-monde-2019-le-dispositif-de-tf1-a-la-loupe\/","og_locale":"fr_FR","og_type":"article","og_title":"Coupe du monde 2019 : le dispositif de TF1 \u00e0 la loupe","og_description":"TF1, diffuseur en clair de la Coupe du monde f\u00e9minine de football (7 juin au 7 juillet), a d\u00e9voil\u00e9 son dispositif concernant la couverture de l'\u00e9v\u00e8nement.","og_url":"https:\/\/dicodusport.fr\/blog\/coupe-du-monde-2019-le-dispositif-de-tf1-a-la-loupe\/","og_site_name":"Dicodusport","article_publisher":"https:\/\/www.facebook.com\/dicodusport","article_author":"https:\/\/www.facebook.com\/florent.ostermann","article_published_time":"2019-05-07T13:19:35+00:00","article_modified_time":"2019-05-07T14:15:33+00:00","og_image":[{"width":800,"height":445,"url":"https:\/\/dicodusport.fr\/blog\/wp-content\/uploads\/2019\/05\/TF1-Coupe-du-monde-2019.png","type":"image\/png"}],"author":"Flo Ostermann","twitter_card":"summary_large_image","twitter_creator":"@https:\/\/twitter.com\/FlOstermann","twitter_site":"@dicodusport","schema":{"@context":"https:\/\/schema.org","@graph":[{"@type":"NewsArticle","@id":"https:\/\/dicodusport.fr\/blog\/coupe-du-monde-2019-le-dispositif-de-tf1-a-la-loupe\/#article","isPartOf":{"@id":"https:\/\/dicodusport.fr\/blog\/coupe-du-monde-2019-le-dispositif-de-tf1-a-la-loupe\/"},"author":{"name":"Flo Ostermann","@id":"https:\/\/dicodusport.fr\/blog\/#\/schema\/person\/cb02af4c173ce4a653b55e9baf388d4a"},"headline":"Coupe du monde 2019 : le dispositif de TF1 \u00e0 la loupe","datePublished":"2019-05-07T13:19:35+00:00","dateModified":"2019-05-07T14:15:33+00:00","mainEntityOfPage":{"@id":"https:\/\/dicodusport.fr\/blog\/coupe-du-monde-2019-le-dispositif-de-tf1-a-la-loupe\/"},"wordCount":383,"commentCount":1,"publisher":{"@id":"https:\/\/dicodusport.fr\/blog\/#organization"},"image":{"@id":"https:\/\/dicodusport.fr\/blog\/coupe-du-monde-2019-le-dispositif-de-tf1-a-la-loupe\/#primaryimage"},"thumbnailUrl":"https:\/\/dicodusport.fr\/blog\/wp-content\/uploads\/2019\/05\/TF1-Coupe-du-monde-2019.png","keywords":["Football","tf1"],"articleSection":["Actualit\u00e9s","Football"],"inLanguage":"fr-FR","potentialAction":[{"@type":"CommentAction","name":"Comment","target":["https:\/\/dicodusport.fr\/blog\/coupe-du-monde-2019-le-dispositif-de-tf1-a-la-loupe\/#respond"]}],"copyrightYear":"2019","copyrightHolder":{"@id":"https:\/\/dicodusport.fr\/blog\/#organization"}},{"@type":"WebPage","@id":"https:\/\/dicodusport.fr\/blog\/coupe-du-monde-2019-le-dispositif-de-tf1-a-la-loupe\/","url":"https:\/\/dicodusport.fr\/blog\/coupe-du-monde-2019-le-dispositif-de-tf1-a-la-loupe\/","name":"Coupe du monde 2019 : le dispositif de TF1 \u00e0 la loupe","isPartOf":{"@id":"https:\/\/dicodusport.fr\/blog\/#website"},"primaryImageOfPage":{"@id":"https:\/\/dicodusport.fr\/blog\/coupe-du-monde-2019-le-dispositif-de-tf1-a-la-loupe\/#primaryimage"},"image":{"@id":"https:\/\/dicodusport.fr\/blog\/coupe-du-monde-2019-le-dispositif-de-tf1-a-la-loupe\/#primaryimage"},"thumbnailUrl":"https:\/\/dicodusport.fr\/blog\/wp-content\/uploads\/2019\/05\/TF1-Coupe-du-monde-2019.png","datePublished":"2019-05-07T13:19:35+00:00","dateModified":"2019-05-07T14:15:33+00:00","description":"TF1, diffuseur en clair de la Coupe du monde f\u00e9minine de football (7 juin au 7 juillet), a d\u00e9voil\u00e9 son dispositif concernant la couverture de l'\u00e9v\u00e8nement.","breadcrumb":{"@id":"https:\/\/dicodusport.fr\/blog\/coupe-du-monde-2019-le-dispositif-de-tf1-a-la-loupe\/#breadcrumb"},"inLanguage":"fr-FR","potentialAction":[{"@type":"ReadAction","target":["https:\/\/dicodusport.fr\/blog\/coupe-du-monde-2019-le-dispositif-de-tf1-a-la-loupe\/"]}]},{"@type":"ImageObject","inLanguage":"fr-FR","@id":"https:\/\/dicodusport.fr\/blog\/coupe-du-monde-2019-le-dispositif-de-tf1-a-la-loupe\/#primaryimage","url":"https:\/\/dicodusport.fr\/blog\/wp-content\/uploads\/2019\/05\/TF1-Coupe-du-monde-2019.png","contentUrl":"https:\/\/dicodusport.fr\/blog\/wp-content\/uploads\/2019\/05\/TF1-Coupe-du-monde-2019.png","width":800,"height":445},{"@type":"BreadcrumbList","@id":"https:\/\/dicodusport.fr\/blog\/coupe-du-monde-2019-le-dispositif-de-tf1-a-la-loupe\/#breadcrumb","itemListElement":[{"@type":"ListItem","position":1,"name":"Accueil","item":"https:\/\/dicodusport.fr\/blog\/"},{"@type":"ListItem","position":2,"name":"Coupe du monde 2019 : le dispositif de TF1 \u00e0 la loupe"}]},{"@type":"WebSite","@id":"https:\/\/dicodusport.fr\/blog\/#website","url":"https:\/\/dicodusport.fr\/blog\/","name":"Dicodusport","description":"L&#039;encyclop\u00e9die de l&#039;actualit\u00e9 sportive","publisher":{"@id":"https:\/\/dicodusport.fr\/blog\/#organization"},"potentialAction":[{"@type":"SearchAction","target":{"@type":"EntryPoint","urlTemplate":"https:\/\/dicodusport.fr\/blog\/?s={search_term_string}"},"query-input":{"@type":"PropertyValueSpecification","valueRequired":true,"valueName":"search_term_string"}}],"inLanguage":"fr-FR"},{"@type":"NewsMediaOrganization","@id":"https:\/\/dicodusport.fr\/blog\/#organization","name":"Dicodusport","url":"https:\/\/dicodusport.fr\/blog\/","logo":{"@type":"ImageObject","inLanguage":"fr-FR","@id":"https:\/\/dicodusport.fr\/blog\/#\/schema\/logo\/image\/","url":"https:\/\/dicodusport.fr\/blog\/wp-content\/uploads\/2020\/06\/cropped-LOGO-DICODUSPORT-2020-SANS-FOND-SANS-TEXTE.png","contentUrl":"https:\/\/dicodusport.fr\/blog\/wp-content\/uploads\/2020\/06\/cropped-LOGO-DICODUSPORT-2020-SANS-FOND-SANS-TEXTE.png","width":512,"height":512,"caption":"Dicodusport"},"image":{"@id":"https:\/\/dicodusport.fr\/blog\/#\/schema\/logo\/image\/"},"sameAs":["https:\/\/www.facebook.com\/dicodusport","https:\/\/x.com\/dicodusport","https:\/\/www.instagram.com\/dicodusport\/","https:\/\/www.youtube.com\/channel\/UC7V2KZ5sd3htJivAbA4ZG3w"],"description":"Dicodusport est l'encyclop\u00e9die de l'actualit\u00e9 sportive.","email":"bonjour@dicodusport.fr","legalName":"DICODUSPORT","foundingDate":"2018-01-14","vatID":"FR71834470973","taxID":"83447097300043","numberOfEmployees":{"@type":"QuantitativeValue","minValue":"1","maxValue":"10"}},{"@type":"Person","@id":"https:\/\/dicodusport.fr\/blog\/#\/schema\/person\/cb02af4c173ce4a653b55e9baf388d4a","name":"Flo Ostermann","image":{"@type":"ImageObject","inLanguage":"fr-FR","@id":"https:\/\/dicodusport.fr\/blog\/#\/schema\/person\/image\/","url":"https:\/\/dicodusport.fr\/blog\/wp-content\/uploads\/2021\/05\/Flo-Ostermann-150x150.jpg","contentUrl":"https:\/\/dicodusport.fr\/blog\/wp-content\/uploads\/2021\/05\/Flo-Ostermann-150x150.jpg","caption":"Flo Ostermann"},"description":"Journaliste\/R\u00e9dacteur depuis septembre 2015 - Mes premiers souvenirs dans le sport ? Les envol\u00e9es du Stade Toulousain et les duels Villeneuve-Schumacher et H\u00e4kkinen-Schumacher \u00e0 la fin des ann\u00e9es 90, la Coupe du monde de football en 1998, l\u2019exploit du XV de France face aux All Blacks en 1999, mais aussi Richard C\u0153ur de Lion qui vole sur les montagnes du Tour de France. Bien parti pour devenir professeur d\u2019EPS, les \u00e9v\u00e9nements de la vie (et la flemme d\u2019animer des s\u00e9ances de 3x500 m\u00e8tres toute ma vie) m\u2019ont conduit \u00e0 revoir mes plans. Me voil\u00e0 depuis fin 2017 sur Dicodusport, m\u00e9dia gr\u00e2ce (et pour) lequel je partage ma passion : le sport dans tous ses \u00e9tats. Le tout accompagn\u00e9 par les fous furieux et folles furieuses cit\u00e9s sur cette page !","sameAs":["https:\/\/www.facebook.com\/florent.ostermann","https:\/\/x.com\/https:\/\/twitter.com\/FlOstermann","admin"],"url":"https:\/\/dicodusport.fr\/blog\/author\/flo\/"}]}},"_links":{"self":[{"href":"https:\/\/dicodusport.fr\/blog\/wp-json\/wp\/v2\/posts\/38687","targetHints":{"allow":["GET"]}}],"collection":[{"href":"https:\/\/dicodusport.fr\/blog\/wp-json\/wp\/v2\/posts"}],"about":[{"href":"https:\/\/dicodusport.fr\/blog\/wp-json\/wp\/v2\/types\/post"}],"author":[{"embeddable":true,"href":"https:\/\/dicodusport.fr\/blog\/wp-json\/wp\/v2\/users\/4"}],"replies":[{"embeddable":true,"href":"https:\/\/dicodusport.fr\/blog\/wp-json\/wp\/v2\/comments?post=38687"}],"version-history":[{"count":0,"href":"https:\/\/dicodusport.fr\/blog\/wp-json\/wp\/v2\/posts\/38687\/revisions"}],"wp:featuredmedia":[{"embeddable":true,"href":"https:\/\/dicodusport.fr\/blog\/wp-json\/wp\/v2\/media\/38688"}],"wp:attachment":[{"href":"https:\/\/dicodusport.fr\/blog\/wp-json\/wp\/v2\/media?parent=38687"}],"wp:term":[{"taxonomy":"category","embeddable":true,"href":"https:\/\/dicodusport.fr\/blog\/wp-json\/wp\/v2\/categories?post=38687"},{"taxonomy":"post_tag","embeddable":true,"href":"https:\/\/dicodusport.fr\/blog\/wp-json\/wp\/v2\/tags?post=38687"}],"curies":[{"name":"wp","href":"https:\/\/api.w.org\/{rel}","templated":true}]}}