{"id":386944,"date":"2023-05-31T18:50:59","date_gmt":"2023-05-31T16:50:59","guid":{"rendered":"https:\/\/dicodusport.fr\/blog\/?p=386944&#038;preview=true&#038;preview_id=386944"},"modified":"2023-06-01T16:54:17","modified_gmt":"2023-06-01T14:54:17","slug":"criterium-du-dauphine-2023-profil-des-etapes","status":"publish","type":"post","link":"https:\/\/dicodusport.fr\/blog\/criterium-du-dauphine-2023-profil-des-etapes\/","title":{"rendered":"Crit\u00e9rium du Dauphin\u00e9 2023 : Profil des \u00e9tapes"},"content":{"rendered":"<p style=\"text-align: justify;\"><em><strong><a href=\"https:\/\/dicodusport.fr\/blog\/actualites\/cyclisme\/\" target=\"_blank\" rel=\"noopener\">CYCLISME<\/a> &#8211; C&rsquo;est ce dimanche 4 juin que d\u00e9bute le Crit\u00e9rium du Dauphin\u00e9 2023. D\u00e9couvrez le profil des \u00e9tapes de cette 75\u00e8me \u00e9dition.<br \/>\n<\/strong><\/em><\/p>\n<h2 style=\"text-align: justify;\">1\u00e8re \u00e9tape &#8211; Chambon-sur-Lac &#8211; Chambon-sur-Lac : Dimanche 4 juin 2023<\/h2>\n<p style=\"text-align: justify;\">\u00c9tape accident\u00e9e de 158 km.<\/p>\n<p><img loading=\"lazy\" decoding=\"async\" class=\"aligncenter wp-image-386955 size-full\" src=\"https:\/\/dicodusport.fr\/blog\/wp-content\/uploads\/2023\/05\/Criterium-du-Dauphine-2023-Etape-1.jpeg\" alt=\"\" width=\"960\" height=\"895\" srcset=\"https:\/\/dicodusport.fr\/blog\/wp-content\/uploads\/2023\/05\/Criterium-du-Dauphine-2023-Etape-1.jpeg 960w, https:\/\/dicodusport.fr\/blog\/wp-content\/uploads\/2023\/05\/Criterium-du-Dauphine-2023-Etape-1-300x280.jpeg 300w, https:\/\/dicodusport.fr\/blog\/wp-content\/uploads\/2023\/05\/Criterium-du-Dauphine-2023-Etape-1-768x716.jpeg 768w\" sizes=\"auto, (max-width: 960px) 100vw, 960px\" \/><\/p>\n<p style=\"text-align: center;\"><a href=\"http:\/\/dicodusport.fr\/blog\/criterium-du-dauphine-2023-profil-des-etapes\/2\/#deux\" class=\"su-button su-button-style-flat\" style=\"color:#FFFFFF;background-color:#005f9b;border-color:#004c7c;border-radius:4px\" target=\"_self\"><span style=\"color:#FFFFFF;padding:0px 20px;font-size:16px;line-height:32px;border-color:#4d8fb9;border-radius:4px;text-shadow:none\"> Deuxi\u00e8me \u00e9tape<\/span><\/a><!--nextpage--><\/p>\n<h2><a id=\"deux\"><\/a>2\u00e8me \u00e9tape &#8211; Brassac-les-Mines &#8211; La Chaise-Dieu\u00a0: Lundi 5 juin 2023<\/h2>\n<p style=\"text-align: justify;\">\u00c9tape vallonn\u00e9e de 167,3 km.<\/p>\n<p><img loading=\"lazy\" decoding=\"async\" class=\"aligncenter size-full wp-image-386953\" src=\"https:\/\/dicodusport.fr\/blog\/wp-content\/uploads\/2023\/05\/Criterium-du-Dauphine-2023-Etape-3.jpeg\" alt=\"\" width=\"960\" height=\"629\" srcset=\"https:\/\/dicodusport.fr\/blog\/wp-content\/uploads\/2023\/05\/Criterium-du-Dauphine-2023-Etape-3.jpeg 960w, https:\/\/dicodusport.fr\/blog\/wp-content\/uploads\/2023\/05\/Criterium-du-Dauphine-2023-Etape-3-300x197.jpeg 300w, https:\/\/dicodusport.fr\/blog\/wp-content\/uploads\/2023\/05\/Criterium-du-Dauphine-2023-Etape-3-768x503.jpeg 768w\" sizes=\"auto, (max-width: 960px) 100vw, 960px\" \/><\/p>\n<p style=\"text-align: center;\"><a href=\"http:\/\/dicodusport.fr\/blog\/criterium-du-dauphine-2023-profil-des-etapes\/3\/#trois\" class=\"su-button su-button-style-flat\" style=\"color:#FFFFFF;background-color:#005f9b;border-color:#004c7c;border-radius:4px\" target=\"_self\"><span style=\"color:#FFFFFF;padding:0px 20px;font-size:16px;line-height:32px;border-color:#4d8fb9;border-radius:4px;text-shadow:none\"> Troisi\u00e8me \u00e9tape<\/span><\/a>\n<p><!--nextpage--><\/p>\n<h2 style=\"text-align: justify;\"><a id=\"trois\"><\/a>3\u00e8me \u00e9tape &#8211; Monistrol-sur-Loire &#8211; Le Coteau : Mardi 6 juin 2023<\/h2>\n<p style=\"text-align: justify;\">\u00c9tape de moyenne montagne de 194,1 km.<\/p>\n<div id=\"attachment_229580\" style=\"width: 970px\" class=\"wp-caption aligncenter\"><a href=\"https:\/\/dicodusport.fr\/blog\/wp-content\/uploads\/2022\/06\/Crite\u0301rium-du-Dauphine\u0301-2022-Etape-3.jpeg\"><img loading=\"lazy\" decoding=\"async\" aria-describedby=\"caption-attachment-229580\" class=\"wp-image-229580 size-full\" src=\"https:\/\/dicodusport.fr\/blog\/wp-content\/uploads\/2022\/06\/Crite\u0301rium-du-Dauphine\u0301-2022-Etape-3.jpeg\" alt=\"\" width=\"960\" height=\"776\" srcset=\"https:\/\/dicodusport.fr\/blog\/wp-content\/uploads\/2022\/06\/Crite\u0301rium-du-Dauphine\u0301-2022-Etape-3.jpeg 960w, https:\/\/dicodusport.fr\/blog\/wp-content\/uploads\/2022\/06\/Crite\u0301rium-du-Dauphine\u0301-2022-Etape-3-300x243.jpeg 300w, https:\/\/dicodusport.fr\/blog\/wp-content\/uploads\/2022\/06\/Crite\u0301rium-du-Dauphine\u0301-2022-Etape-3-768x621.jpeg 768w\" sizes=\"auto, (max-width: 960px) 100vw, 960px\" \/><\/a><p id=\"caption-attachment-229580\" class=\"wp-caption-text\">Cr\u00e9dit : Crit\u00e9rium du Dauphin\u00e9<\/p><\/div>\n<p style=\"text-align: center;\"><a href=\"http:\/\/dicodusport.fr\/blog\/criterium-du-dauphine-2023-profil-des-etapes\/4\/#quatre\" class=\"su-button su-button-style-flat\" style=\"color:#FFFFFF;background-color:#005f9b;border-color:#004c7c;border-radius:4px\" target=\"_self\"><span style=\"color:#FFFFFF;padding:0px 20px;font-size:16px;line-height:32px;border-color:#4d8fb9;border-radius:4px;text-shadow:none\"> Quatri\u00e8me \u00e9tape<\/span><\/a>\n<p><!--nextpage--><\/p>\n<h2 style=\"text-align: justify;\"><a id=\"quatre\"><\/a>4\u00e8me \u00e9tape (CLM Individuel) &#8211; Cours &#8211; Belmont-de-la-Loire : Mercredi 7 juin 2023<\/h2>\n<p style=\"text-align: justify;\">CLM de 31,1 km.<\/p>\n<p><img loading=\"lazy\" decoding=\"async\" class=\"aligncenter size-full wp-image-386952\" src=\"https:\/\/dicodusport.fr\/blog\/wp-content\/uploads\/2023\/05\/Criterium-du-Dauphine-2023-Etape-4.jpeg\" alt=\"\" width=\"960\" height=\"1004\" srcset=\"https:\/\/dicodusport.fr\/blog\/wp-content\/uploads\/2023\/05\/Criterium-du-Dauphine-2023-Etape-4.jpeg 960w, https:\/\/dicodusport.fr\/blog\/wp-content\/uploads\/2023\/05\/Criterium-du-Dauphine-2023-Etape-4-287x300.jpeg 287w, https:\/\/dicodusport.fr\/blog\/wp-content\/uploads\/2023\/05\/Criterium-du-Dauphine-2023-Etape-4-768x803.jpeg 768w\" sizes=\"auto, (max-width: 960px) 100vw, 960px\" \/><\/p>\n<p style=\"text-align: center;\"><a href=\"http:\/\/dicodusport.fr\/blog\/criterium-du-dauphine-2023-profil-des-etapes\/5\/#cinq\" class=\"su-button su-button-style-flat\" style=\"color:#FFFFFF;background-color:#005f9b;border-color:#004c7c;border-radius:4px\" target=\"_self\"><span style=\"color:#FFFFFF;padding:0px 20px;font-size:16px;line-height:32px;border-color:#4d8fb9;border-radius:4px;text-shadow:none\"> Cinqui\u00e8me \u00e9tape<\/span><\/a>\n<p><!--nextpage--><\/p>\n<h2 style=\"text-align: justify;\"><a id=\"cinq\"><\/a>5\u00e8me \u00e9tape &#8211; Cormoranche-sur-Sa\u00f4ne &#8211; Salins-les-Bains : Jeudi 8 juin 2023<\/h2>\n<p style=\"text-align: justify;\">\u00c9tape accident\u00e9e de 191,1 km.<\/p>\n<p><img loading=\"lazy\" decoding=\"async\" class=\"aligncenter size-full wp-image-386951\" src=\"https:\/\/dicodusport.fr\/blog\/wp-content\/uploads\/2023\/05\/Criterium-du-Dauphine-2023-Etape-5.jpeg\" alt=\"\" width=\"960\" height=\"623\" srcset=\"https:\/\/dicodusport.fr\/blog\/wp-content\/uploads\/2023\/05\/Criterium-du-Dauphine-2023-Etape-5.jpeg 960w, https:\/\/dicodusport.fr\/blog\/wp-content\/uploads\/2023\/05\/Criterium-du-Dauphine-2023-Etape-5-300x195.jpeg 300w, https:\/\/dicodusport.fr\/blog\/wp-content\/uploads\/2023\/05\/Criterium-du-Dauphine-2023-Etape-5-768x498.jpeg 768w\" sizes=\"auto, (max-width: 960px) 100vw, 960px\" \/><\/p>\n<p style=\"text-align: center;\"><a href=\"http:\/\/dicodusport.fr\/blog\/criterium-du-dauphine-2023-profil-des-etapes\/6\/#six\" class=\"su-button su-button-style-flat\" style=\"color:#FFFFFF;background-color:#005f9b;border-color:#004c7c;border-radius:4px\" target=\"_self\"><span style=\"color:#FFFFFF;padding:0px 20px;font-size:16px;line-height:32px;border-color:#4d8fb9;border-radius:4px;text-shadow:none\"> Sixi\u00e8me \u00e9tape<\/span><\/a>\n<p><!--nextpage--><\/p>\n<h2 style=\"text-align: justify;\"><a id=\"six\"><\/a>6\u00e8me \u00e9tape &#8211; Nantua &#8211; Crest-Voland: Vendredi 9 juin 2023<\/h2>\n<p>\u00c9tape de montagne de 170,2 km.<\/p>\n<p><img loading=\"lazy\" decoding=\"async\" class=\"aligncenter size-full wp-image-386950\" src=\"https:\/\/dicodusport.fr\/blog\/wp-content\/uploads\/2023\/05\/Criterium-du-Dauphine-2023-Etape-6.jpeg\" alt=\"\" width=\"960\" height=\"810\" srcset=\"https:\/\/dicodusport.fr\/blog\/wp-content\/uploads\/2023\/05\/Criterium-du-Dauphine-2023-Etape-6.jpeg 960w, https:\/\/dicodusport.fr\/blog\/wp-content\/uploads\/2023\/05\/Criterium-du-Dauphine-2023-Etape-6-300x253.jpeg 300w, https:\/\/dicodusport.fr\/blog\/wp-content\/uploads\/2023\/05\/Criterium-du-Dauphine-2023-Etape-6-768x648.jpeg 768w\" sizes=\"auto, (max-width: 960px) 100vw, 960px\" \/><\/p>\n<p style=\"text-align: center;\"><a href=\"http:\/\/dicodusport.fr\/blog\/criterium-du-dauphine-2023-profil-des-etapes\/7\/#sept\" class=\"su-button su-button-style-flat\" style=\"color:#FFFFFF;background-color:#005f9b;border-color:#004c7c;border-radius:4px\" target=\"_self\"><span style=\"color:#FFFFFF;padding:0px 20px;font-size:16px;line-height:32px;border-color:#4d8fb9;border-radius:4px;text-shadow:none\"> Septi\u00e8me \u00e9tape<\/span><\/a>\n<h1 style=\"text-align: justify;\"><!--nextpage--><\/h1>\n<h2 style=\"text-align: justify;\"><a id=\"sept\"><\/a>7\u00e8me \u00e9tape &#8211; Porte-de-Savoie &#8211; Col de la Croix de Fer : Samedi 10 juin 2023<\/h2>\n<p style=\"text-align: justify;\">\u00c9tape de montagne de 147,9 km.<\/p>\n<p><img loading=\"lazy\" decoding=\"async\" class=\"aligncenter size-full wp-image-386949\" src=\"https:\/\/dicodusport.fr\/blog\/wp-content\/uploads\/2023\/05\/Criterium-du-Dauphine-2023-Etape-7.jpeg\" alt=\"\" width=\"960\" height=\"712\" srcset=\"https:\/\/dicodusport.fr\/blog\/wp-content\/uploads\/2023\/05\/Criterium-du-Dauphine-2023-Etape-7.jpeg 960w, https:\/\/dicodusport.fr\/blog\/wp-content\/uploads\/2023\/05\/Criterium-du-Dauphine-2023-Etape-7-300x223.jpeg 300w, https:\/\/dicodusport.fr\/blog\/wp-content\/uploads\/2023\/05\/Criterium-du-Dauphine-2023-Etape-7-768x570.jpeg 768w\" sizes=\"auto, (max-width: 960px) 100vw, 960px\" \/><\/p>\n<p style=\"text-align: center;\"><a href=\"http:\/\/dicodusport.fr\/blog\/criterium-du-dauphine-2023-profil-des-etapes\/8\/#huit\" class=\"su-button su-button-style-flat\" style=\"color:#FFFFFF;background-color:#005f9b;border-color:#004c7c;border-radius:4px\" target=\"_self\"><span style=\"color:#FFFFFF;padding:0px 20px;font-size:16px;line-height:32px;border-color:#4d8fb9;border-radius:4px;text-shadow:none\"> Huiti\u00e8me \u00e9tape<\/span><\/a>\n<p><!--nextpage--><\/p>\n<h2 style=\"text-align: justify;\"><a id=\"huit\"><\/a>8\u00e8me \u00e9tape &#8211; Le Pont-de-Claix &#8211; La Bastille \u2013 Grenoble Alpes M\u00e9tropole : Dimanche 11 juin 2023<\/h2>\n<p style=\"text-align: justify;\">\u00c9tape de montagne de 152,8 km.<\/p>\n<p><img loading=\"lazy\" decoding=\"async\" class=\"aligncenter size-full wp-image-386948\" src=\"https:\/\/dicodusport.fr\/blog\/wp-content\/uploads\/2023\/05\/Criterium-du-Dauphine-2023-Etape-8.jpeg\" alt=\"\" width=\"960\" height=\"916\" srcset=\"https:\/\/dicodusport.fr\/blog\/wp-content\/uploads\/2023\/05\/Criterium-du-Dauphine-2023-Etape-8.jpeg 960w, https:\/\/dicodusport.fr\/blog\/wp-content\/uploads\/2023\/05\/Criterium-du-Dauphine-2023-Etape-8-300x286.jpeg 300w, https:\/\/dicodusport.fr\/blog\/wp-content\/uploads\/2023\/05\/Criterium-du-Dauphine-2023-Etape-8-768x733.jpeg 768w\" sizes=\"auto, (max-width: 960px) 100vw, 960px\" \/><\/p>\n<p style=\"text-align: center;\"><a href=\"http:\/\/dicodusport.fr\/blog\/criterium-du-dauphine-2023-profil-des-etapes\/\" class=\"su-button su-button-style-flat\" style=\"color:#FFFFFF;background-color:#005f9b;border-color:#004c7c;border-radius:4px\" target=\"_self\"><span style=\"color:#FFFFFF;padding:0px 20px;font-size:16px;line-height:32px;border-color:#4d8fb9;border-radius:4px;text-shadow:none\"> Revenir au d\u00e9but<\/span><\/a>\n<h2 style=\"text-align: justify;\">\u00c0 lire aussi<\/h2>\n<ul>\n<li style=\"text-align: justify;\"><strong><a href=\"https:\/\/dicodusport.fr\/blog\/criterium-du-dauphine-2023-parcours-et-favoris\/\">Crit\u00e9rium du Dauphin\u00e9 2023 : Parcours en d\u00e9tail et favoris<\/a>\u00a0<\/strong><\/li>\n<li><strong><a href=\"https:\/\/dicodusport.fr\/blog\/criterium-du-dauphine-2023-les-engages\/\">Les engag\u00e9s du Crit\u00e9rium du Dauphin\u00e9 2023<\/a>\u00a0<\/strong><\/li>\n<\/ul>\n","protected":false},"excerpt":{"rendered":"<p>CYCLISME &#8211; C&rsquo;est ce dimanche 4 juin que d\u00e9bute le Crit\u00e9rium du Dauphin\u00e9 2023. D\u00e9couvrez le profil des \u00e9tapes de cette 75\u00e8me \u00e9dition.<\/p>\n","protected":false},"author":1,"featured_media":386956,"comment_status":"open","ping_status":"closed","sticky":false,"template":"","format":"standard","meta":{"_acf_changed":false,"_daextam_enable_autolinks":"","footnotes":""},"categories":[46994],"tags":[8057],"class_list":["post-386944","post","type-post","status-publish","format-standard","has-post-thumbnail","hentry","category-cyclisme-sur-route","tag-criterium-du-dauphine"],"acf":[],"yoast_head":"<!-- This site is optimized with the Yoast SEO Premium plugin v26.7 (Yoast SEO v26.7) - https:\/\/yoast.com\/wordpress\/plugins\/seo\/ -->\n<title>Crit\u00e9rium du Dauphin\u00e9 2023 : Profil des \u00e9tapes<\/title>\n<meta name=\"description\" content=\"CYCLISME - C&#039;est ce dimanche 4 juin que d\u00e9bute le Crit\u00e9rium du Dauphin\u00e9 2023. D\u00e9couvrez le profil des \u00e9tapes de cette 75\u00e8me \u00e9dition.\" \/>\n<meta name=\"robots\" content=\"index, follow, max-snippet:-1, max-image-preview:large, max-video-preview:-1\" \/>\n<link rel=\"canonical\" href=\"https:\/\/dicodusport.fr\/blog\/criterium-du-dauphine-2023-profil-des-etapes\/\" \/>\n<link rel=\"next\" href=\"https:\/\/dicodusport.fr\/blog\/criterium-du-dauphine-2023-profil-des-etapes\/2\/\" \/>\n<meta property=\"og:locale\" content=\"fr_FR\" \/>\n<meta property=\"og:type\" content=\"article\" \/>\n<meta property=\"og:title\" content=\"Crit\u00e9rium du Dauphin\u00e9 2023 : Profil des \u00e9tapes\" \/>\n<meta property=\"og:description\" content=\"CYCLISME - C&#039;est ce dimanche 4 juin que d\u00e9bute le Crit\u00e9rium du Dauphin\u00e9 2023. D\u00e9couvrez le profil des \u00e9tapes de cette 75\u00e8me \u00e9dition.\" \/>\n<meta property=\"og:url\" content=\"https:\/\/dicodusport.fr\/blog\/criterium-du-dauphine-2023-profil-des-etapes\/\" \/>\n<meta property=\"og:site_name\" content=\"Dicodusport\" \/>\n<meta property=\"article:publisher\" content=\"https:\/\/www.facebook.com\/dicodusport\" \/>\n<meta property=\"article:author\" content=\"https:\/\/www.facebook.com\/dicodusport\" \/>\n<meta property=\"article:published_time\" content=\"2023-05-31T16:50:59+00:00\" \/>\n<meta property=\"article:modified_time\" content=\"2023-06-01T14:54:17+00:00\" \/>\n<meta property=\"og:image\" content=\"https:\/\/dicodusport.fr\/blog\/wp-content\/uploads\/2023\/05\/Criterium-du-Dauphine-2023-Profil-des-etapes.png\" \/>\n\t<meta property=\"og:image:width\" content=\"800\" \/>\n\t<meta property=\"og:image:height\" content=\"445\" \/>\n\t<meta property=\"og:image:type\" content=\"image\/png\" \/>\n<meta name=\"author\" content=\"Nicolas Jacquemard\" \/>\n<meta name=\"twitter:card\" content=\"summary_large_image\" \/>\n<meta name=\"twitter:title\" content=\"Crit\u00e9rium du Dauphin\u00e9 2023 : Profil des \u00e9tapes\" \/>\n<meta name=\"twitter:creator\" content=\"@https:\/\/twitter.com\/Nico_Jacquemard\" \/>\n<meta name=\"twitter:site\" content=\"@dicodusport\" \/>\n<script type=\"application\/ld+json\" class=\"yoast-schema-graph\">{\"@context\":\"https:\/\/schema.org\",\"@graph\":[{\"@type\":\"NewsArticle\",\"@id\":\"https:\/\/dicodusport.fr\/blog\/criterium-du-dauphine-2023-profil-des-etapes\/#article\",\"isPartOf\":{\"@id\":\"https:\/\/dicodusport.fr\/blog\/criterium-du-dauphine-2023-profil-des-etapes\/\"},\"author\":{\"name\":\"Nicolas Jacquemard\",\"@id\":\"https:\/\/dicodusport.fr\/blog\/#\/schema\/person\/55dcb50ad410894e431ed812bbb70191\"},\"headline\":\"Crit\u00e9rium du Dauphin\u00e9 2023 : Profil des \u00e9tapes\",\"datePublished\":\"2023-05-31T16:50:59+00:00\",\"dateModified\":\"2023-06-01T14:54:17+00:00\",\"mainEntityOfPage\":{\"@id\":\"https:\/\/dicodusport.fr\/blog\/criterium-du-dauphine-2023-profil-des-etapes\/\"},\"wordCount\":360,\"commentCount\":0,\"publisher\":{\"@id\":\"https:\/\/dicodusport.fr\/blog\/#organization\"},\"image\":{\"@id\":\"https:\/\/dicodusport.fr\/blog\/criterium-du-dauphine-2023-profil-des-etapes\/#primaryimage\"},\"thumbnailUrl\":\"https:\/\/dicodusport.fr\/blog\/wp-content\/uploads\/2023\/05\/Criterium-du-Dauphine-2023-Profil-des-etapes.png\",\"keywords\":[\"Crit\u00e9rium du Dauphin\u00e9\"],\"articleSection\":[\"Cyclisme sur route\"],\"inLanguage\":\"fr-FR\",\"potentialAction\":[{\"@type\":\"CommentAction\",\"name\":\"Comment\",\"target\":[\"https:\/\/dicodusport.fr\/blog\/criterium-du-dauphine-2023-profil-des-etapes\/#respond\"]}],\"copyrightYear\":\"2023\",\"copyrightHolder\":{\"@id\":\"https:\/\/dicodusport.fr\/blog\/#organization\"}},{\"@type\":\"WebPage\",\"@id\":\"https:\/\/dicodusport.fr\/blog\/criterium-du-dauphine-2023-profil-des-etapes\/\",\"url\":\"https:\/\/dicodusport.fr\/blog\/criterium-du-dauphine-2023-profil-des-etapes\/\",\"name\":\"Crit\u00e9rium du Dauphin\u00e9 2023 : Profil des \u00e9tapes\",\"isPartOf\":{\"@id\":\"https:\/\/dicodusport.fr\/blog\/#website\"},\"primaryImageOfPage\":{\"@id\":\"https:\/\/dicodusport.fr\/blog\/criterium-du-dauphine-2023-profil-des-etapes\/#primaryimage\"},\"image\":{\"@id\":\"https:\/\/dicodusport.fr\/blog\/criterium-du-dauphine-2023-profil-des-etapes\/#primaryimage\"},\"thumbnailUrl\":\"https:\/\/dicodusport.fr\/blog\/wp-content\/uploads\/2023\/05\/Criterium-du-Dauphine-2023-Profil-des-etapes.png\",\"datePublished\":\"2023-05-31T16:50:59+00:00\",\"dateModified\":\"2023-06-01T14:54:17+00:00\",\"description\":\"CYCLISME - C'est ce dimanche 4 juin que d\u00e9bute le Crit\u00e9rium du Dauphin\u00e9 2023. D\u00e9couvrez le profil des \u00e9tapes de cette 75\u00e8me \u00e9dition.\",\"inLanguage\":\"fr-FR\",\"potentialAction\":[{\"@type\":\"ReadAction\",\"target\":[\"https:\/\/dicodusport.fr\/blog\/criterium-du-dauphine-2023-profil-des-etapes\/\"]}]},{\"@type\":\"ImageObject\",\"inLanguage\":\"fr-FR\",\"@id\":\"https:\/\/dicodusport.fr\/blog\/criterium-du-dauphine-2023-profil-des-etapes\/#primaryimage\",\"url\":\"https:\/\/dicodusport.fr\/blog\/wp-content\/uploads\/2023\/05\/Criterium-du-Dauphine-2023-Profil-des-etapes.png\",\"contentUrl\":\"https:\/\/dicodusport.fr\/blog\/wp-content\/uploads\/2023\/05\/Criterium-du-Dauphine-2023-Profil-des-etapes.png\",\"width\":800,\"height\":445},{\"@type\":\"WebSite\",\"@id\":\"https:\/\/dicodusport.fr\/blog\/#website\",\"url\":\"https:\/\/dicodusport.fr\/blog\/\",\"name\":\"Dicodusport\",\"description\":\"L&#039;encyclop\u00e9die de l&#039;actualit\u00e9 sportive\",\"publisher\":{\"@id\":\"https:\/\/dicodusport.fr\/blog\/#organization\"},\"potentialAction\":[{\"@type\":\"SearchAction\",\"target\":{\"@type\":\"EntryPoint\",\"urlTemplate\":\"https:\/\/dicodusport.fr\/blog\/?s={search_term_string}\"},\"query-input\":{\"@type\":\"PropertyValueSpecification\",\"valueRequired\":true,\"valueName\":\"search_term_string\"}}],\"inLanguage\":\"fr-FR\"},{\"@type\":\"NewsMediaOrganization\",\"@id\":\"https:\/\/dicodusport.fr\/blog\/#organization\",\"name\":\"Dicodusport\",\"url\":\"https:\/\/dicodusport.fr\/blog\/\",\"logo\":{\"@type\":\"ImageObject\",\"inLanguage\":\"fr-FR\",\"@id\":\"https:\/\/dicodusport.fr\/blog\/#\/schema\/logo\/image\/\",\"url\":\"https:\/\/dicodusport.fr\/blog\/wp-content\/uploads\/2020\/06\/cropped-LOGO-DICODUSPORT-2020-SANS-FOND-SANS-TEXTE.png\",\"contentUrl\":\"https:\/\/dicodusport.fr\/blog\/wp-content\/uploads\/2020\/06\/cropped-LOGO-DICODUSPORT-2020-SANS-FOND-SANS-TEXTE.png\",\"width\":512,\"height\":512,\"caption\":\"Dicodusport\"},\"image\":{\"@id\":\"https:\/\/dicodusport.fr\/blog\/#\/schema\/logo\/image\/\"},\"sameAs\":[\"https:\/\/www.facebook.com\/dicodusport\",\"https:\/\/x.com\/dicodusport\",\"https:\/\/www.instagram.com\/dicodusport\/\",\"https:\/\/www.youtube.com\/channel\/UC7V2KZ5sd3htJivAbA4ZG3w\"],\"description\":\"Dicodusport est l'encyclop\u00e9die de l'actualit\u00e9 sportive.\",\"email\":\"bonjour@dicodusport.fr\",\"legalName\":\"DICODUSPORT\",\"foundingDate\":\"2018-01-14\",\"vatID\":\"FR71834470973\",\"taxID\":\"83447097300043\",\"numberOfEmployees\":{\"@type\":\"QuantitativeValue\",\"minValue\":\"1\",\"maxValue\":\"10\"}},{\"@type\":\"Person\",\"@id\":\"https:\/\/dicodusport.fr\/blog\/#\/schema\/person\/55dcb50ad410894e431ed812bbb70191\",\"name\":\"Nicolas Jacquemard\",\"image\":{\"@type\":\"ImageObject\",\"inLanguage\":\"fr-FR\",\"@id\":\"https:\/\/dicodusport.fr\/blog\/#\/schema\/person\/image\/\",\"url\":\"https:\/\/dicodusport.fr\/blog\/wp-content\/uploads\/2021\/05\/Nicolas-Jacquemard-150x150.jpeg\",\"contentUrl\":\"https:\/\/dicodusport.fr\/blog\/wp-content\/uploads\/2021\/05\/Nicolas-Jacquemard-150x150.jpeg\",\"caption\":\"Nicolas Jacquemard\"},\"description\":\"Passionn\u00e9 de sport et entrepreneur depuis mes 18 ans, la cr\u00e9ation de Dicodusport m'a sembl\u00e9 \u00e9vidente pour participer \u00e0 la m\u00e9diatisation d'un plus grand nombre de sports. Le chemin est long mais avec une \u00e9quipe des plus motiv\u00e9es et les Jeux Olympiques de Paris 2024 en point de mire, nous y arriverons ! Journaliste dans le monde du sport depuis plus de 5 ans, je traite aussi bien de football, de rugby, de biathlon que de cyclisme.\",\"sameAs\":[\"https:\/\/www.facebook.com\/dicodusport\",\"https:\/\/x.com\/https:\/\/twitter.com\/Nico_Jacquemard\"],\"url\":\"https:\/\/dicodusport.fr\/blog\/author\/dicodusport\/\"}]}<\/script>\n<!-- \/ Yoast SEO Premium plugin. -->","yoast_head_json":{"title":"Crit\u00e9rium du Dauphin\u00e9 2023 : Profil des \u00e9tapes","description":"CYCLISME - C'est ce dimanche 4 juin que d\u00e9bute le Crit\u00e9rium du Dauphin\u00e9 2023. D\u00e9couvrez le profil des \u00e9tapes de cette 75\u00e8me \u00e9dition.","robots":{"index":"index","follow":"follow","max-snippet":"max-snippet:-1","max-image-preview":"max-image-preview:large","max-video-preview":"max-video-preview:-1"},"canonical":"https:\/\/dicodusport.fr\/blog\/criterium-du-dauphine-2023-profil-des-etapes\/","next":"https:\/\/dicodusport.fr\/blog\/criterium-du-dauphine-2023-profil-des-etapes\/2\/","og_locale":"fr_FR","og_type":"article","og_title":"Crit\u00e9rium du Dauphin\u00e9 2023 : Profil des \u00e9tapes","og_description":"CYCLISME - C'est ce dimanche 4 juin que d\u00e9bute le Crit\u00e9rium du Dauphin\u00e9 2023. D\u00e9couvrez le profil des \u00e9tapes de cette 75\u00e8me \u00e9dition.","og_url":"https:\/\/dicodusport.fr\/blog\/criterium-du-dauphine-2023-profil-des-etapes\/","og_site_name":"Dicodusport","article_publisher":"https:\/\/www.facebook.com\/dicodusport","article_author":"https:\/\/www.facebook.com\/dicodusport","article_published_time":"2023-05-31T16:50:59+00:00","article_modified_time":"2023-06-01T14:54:17+00:00","og_image":[{"width":800,"height":445,"url":"https:\/\/dicodusport.fr\/blog\/wp-content\/uploads\/2023\/05\/Criterium-du-Dauphine-2023-Profil-des-etapes.png","type":"image\/png"}],"author":"Nicolas Jacquemard","twitter_card":"summary_large_image","twitter_title":"Crit\u00e9rium du Dauphin\u00e9 2023 : Profil des \u00e9tapes","twitter_creator":"@https:\/\/twitter.com\/Nico_Jacquemard","twitter_site":"@dicodusport","schema":{"@context":"https:\/\/schema.org","@graph":[{"@type":"NewsArticle","@id":"https:\/\/dicodusport.fr\/blog\/criterium-du-dauphine-2023-profil-des-etapes\/#article","isPartOf":{"@id":"https:\/\/dicodusport.fr\/blog\/criterium-du-dauphine-2023-profil-des-etapes\/"},"author":{"name":"Nicolas Jacquemard","@id":"https:\/\/dicodusport.fr\/blog\/#\/schema\/person\/55dcb50ad410894e431ed812bbb70191"},"headline":"Crit\u00e9rium du Dauphin\u00e9 2023 : Profil des \u00e9tapes","datePublished":"2023-05-31T16:50:59+00:00","dateModified":"2023-06-01T14:54:17+00:00","mainEntityOfPage":{"@id":"https:\/\/dicodusport.fr\/blog\/criterium-du-dauphine-2023-profil-des-etapes\/"},"wordCount":360,"commentCount":0,"publisher":{"@id":"https:\/\/dicodusport.fr\/blog\/#organization"},"image":{"@id":"https:\/\/dicodusport.fr\/blog\/criterium-du-dauphine-2023-profil-des-etapes\/#primaryimage"},"thumbnailUrl":"https:\/\/dicodusport.fr\/blog\/wp-content\/uploads\/2023\/05\/Criterium-du-Dauphine-2023-Profil-des-etapes.png","keywords":["Crit\u00e9rium du Dauphin\u00e9"],"articleSection":["Cyclisme sur route"],"inLanguage":"fr-FR","potentialAction":[{"@type":"CommentAction","name":"Comment","target":["https:\/\/dicodusport.fr\/blog\/criterium-du-dauphine-2023-profil-des-etapes\/#respond"]}],"copyrightYear":"2023","copyrightHolder":{"@id":"https:\/\/dicodusport.fr\/blog\/#organization"}},{"@type":"WebPage","@id":"https:\/\/dicodusport.fr\/blog\/criterium-du-dauphine-2023-profil-des-etapes\/","url":"https:\/\/dicodusport.fr\/blog\/criterium-du-dauphine-2023-profil-des-etapes\/","name":"Crit\u00e9rium du Dauphin\u00e9 2023 : Profil des \u00e9tapes","isPartOf":{"@id":"https:\/\/dicodusport.fr\/blog\/#website"},"primaryImageOfPage":{"@id":"https:\/\/dicodusport.fr\/blog\/criterium-du-dauphine-2023-profil-des-etapes\/#primaryimage"},"image":{"@id":"https:\/\/dicodusport.fr\/blog\/criterium-du-dauphine-2023-profil-des-etapes\/#primaryimage"},"thumbnailUrl":"https:\/\/dicodusport.fr\/blog\/wp-content\/uploads\/2023\/05\/Criterium-du-Dauphine-2023-Profil-des-etapes.png","datePublished":"2023-05-31T16:50:59+00:00","dateModified":"2023-06-01T14:54:17+00:00","description":"CYCLISME - C'est ce dimanche 4 juin que d\u00e9bute le Crit\u00e9rium du Dauphin\u00e9 2023. D\u00e9couvrez le profil des \u00e9tapes de cette 75\u00e8me \u00e9dition.","inLanguage":"fr-FR","potentialAction":[{"@type":"ReadAction","target":["https:\/\/dicodusport.fr\/blog\/criterium-du-dauphine-2023-profil-des-etapes\/"]}]},{"@type":"ImageObject","inLanguage":"fr-FR","@id":"https:\/\/dicodusport.fr\/blog\/criterium-du-dauphine-2023-profil-des-etapes\/#primaryimage","url":"https:\/\/dicodusport.fr\/blog\/wp-content\/uploads\/2023\/05\/Criterium-du-Dauphine-2023-Profil-des-etapes.png","contentUrl":"https:\/\/dicodusport.fr\/blog\/wp-content\/uploads\/2023\/05\/Criterium-du-Dauphine-2023-Profil-des-etapes.png","width":800,"height":445},{"@type":"WebSite","@id":"https:\/\/dicodusport.fr\/blog\/#website","url":"https:\/\/dicodusport.fr\/blog\/","name":"Dicodusport","description":"L&#039;encyclop\u00e9die de l&#039;actualit\u00e9 sportive","publisher":{"@id":"https:\/\/dicodusport.fr\/blog\/#organization"},"potentialAction":[{"@type":"SearchAction","target":{"@type":"EntryPoint","urlTemplate":"https:\/\/dicodusport.fr\/blog\/?s={search_term_string}"},"query-input":{"@type":"PropertyValueSpecification","valueRequired":true,"valueName":"search_term_string"}}],"inLanguage":"fr-FR"},{"@type":"NewsMediaOrganization","@id":"https:\/\/dicodusport.fr\/blog\/#organization","name":"Dicodusport","url":"https:\/\/dicodusport.fr\/blog\/","logo":{"@type":"ImageObject","inLanguage":"fr-FR","@id":"https:\/\/dicodusport.fr\/blog\/#\/schema\/logo\/image\/","url":"https:\/\/dicodusport.fr\/blog\/wp-content\/uploads\/2020\/06\/cropped-LOGO-DICODUSPORT-2020-SANS-FOND-SANS-TEXTE.png","contentUrl":"https:\/\/dicodusport.fr\/blog\/wp-content\/uploads\/2020\/06\/cropped-LOGO-DICODUSPORT-2020-SANS-FOND-SANS-TEXTE.png","width":512,"height":512,"caption":"Dicodusport"},"image":{"@id":"https:\/\/dicodusport.fr\/blog\/#\/schema\/logo\/image\/"},"sameAs":["https:\/\/www.facebook.com\/dicodusport","https:\/\/x.com\/dicodusport","https:\/\/www.instagram.com\/dicodusport\/","https:\/\/www.youtube.com\/channel\/UC7V2KZ5sd3htJivAbA4ZG3w"],"description":"Dicodusport est l'encyclop\u00e9die de l'actualit\u00e9 sportive.","email":"bonjour@dicodusport.fr","legalName":"DICODUSPORT","foundingDate":"2018-01-14","vatID":"FR71834470973","taxID":"83447097300043","numberOfEmployees":{"@type":"QuantitativeValue","minValue":"1","maxValue":"10"}},{"@type":"Person","@id":"https:\/\/dicodusport.fr\/blog\/#\/schema\/person\/55dcb50ad410894e431ed812bbb70191","name":"Nicolas Jacquemard","image":{"@type":"ImageObject","inLanguage":"fr-FR","@id":"https:\/\/dicodusport.fr\/blog\/#\/schema\/person\/image\/","url":"https:\/\/dicodusport.fr\/blog\/wp-content\/uploads\/2021\/05\/Nicolas-Jacquemard-150x150.jpeg","contentUrl":"https:\/\/dicodusport.fr\/blog\/wp-content\/uploads\/2021\/05\/Nicolas-Jacquemard-150x150.jpeg","caption":"Nicolas Jacquemard"},"description":"Passionn\u00e9 de sport et entrepreneur depuis mes 18 ans, la cr\u00e9ation de Dicodusport m'a sembl\u00e9 \u00e9vidente pour participer \u00e0 la m\u00e9diatisation d'un plus grand nombre de sports. Le chemin est long mais avec une \u00e9quipe des plus motiv\u00e9es et les Jeux Olympiques de Paris 2024 en point de mire, nous y arriverons ! Journaliste dans le monde du sport depuis plus de 5 ans, je traite aussi bien de football, de rugby, de biathlon que de cyclisme.","sameAs":["https:\/\/www.facebook.com\/dicodusport","https:\/\/x.com\/https:\/\/twitter.com\/Nico_Jacquemard"],"url":"https:\/\/dicodusport.fr\/blog\/author\/dicodusport\/"}]}},"_links":{"self":[{"href":"https:\/\/dicodusport.fr\/blog\/wp-json\/wp\/v2\/posts\/386944","targetHints":{"allow":["GET"]}}],"collection":[{"href":"https:\/\/dicodusport.fr\/blog\/wp-json\/wp\/v2\/posts"}],"about":[{"href":"https:\/\/dicodusport.fr\/blog\/wp-json\/wp\/v2\/types\/post"}],"author":[{"embeddable":true,"href":"https:\/\/dicodusport.fr\/blog\/wp-json\/wp\/v2\/users\/1"}],"replies":[{"embeddable":true,"href":"https:\/\/dicodusport.fr\/blog\/wp-json\/wp\/v2\/comments?post=386944"}],"version-history":[{"count":0,"href":"https:\/\/dicodusport.fr\/blog\/wp-json\/wp\/v2\/posts\/386944\/revisions"}],"wp:featuredmedia":[{"embeddable":true,"href":"https:\/\/dicodusport.fr\/blog\/wp-json\/wp\/v2\/media\/386956"}],"wp:attachment":[{"href":"https:\/\/dicodusport.fr\/blog\/wp-json\/wp\/v2\/media?parent=386944"}],"wp:term":[{"taxonomy":"category","embeddable":true,"href":"https:\/\/dicodusport.fr\/blog\/wp-json\/wp\/v2\/categories?post=386944"},{"taxonomy":"post_tag","embeddable":true,"href":"https:\/\/dicodusport.fr\/blog\/wp-json\/wp\/v2\/tags?post=386944"}],"curies":[{"name":"wp","href":"https:\/\/api.w.org\/{rel}","templated":true}]}}