{"id":386966,"date":"2023-05-31T19:26:00","date_gmt":"2023-05-31T17:26:00","guid":{"rendered":"https:\/\/dicodusport.fr\/blog\/?p=386966&#038;preview=true&#038;preview_id=386966"},"modified":"2023-05-31T19:50:26","modified_gmt":"2023-05-31T17:50:26","slug":"transferts-sam-whitelock-signe-officiellement-a-la-section-paloise","status":"publish","type":"post","link":"https:\/\/dicodusport.fr\/blog\/transferts-sam-whitelock-signe-officiellement-a-la-section-paloise\/","title":{"rendered":"Transferts : Sam Whitelock signe officiellement \u00e0 la Section Paloise"},"content":{"rendered":"<p style=\"text-align: justify;\" align=\"justify\"><em><strong>TOP 14 2023-2024 &#8211; La Section Paloise a annonc\u00e9 la signature de Sam Whitelock (34 ans) pour les deux prochaines saisons de Top 14.\u00a0<\/strong><\/em><\/p>\n<p style=\"text-align: justify;\" align=\"justify\">Tr\u00e8s gros coup r\u00e9alis\u00e9 par la <strong>Section<\/strong> <strong>Paloise<\/strong> pour l&rsquo;apr\u00e8s Coupe du monde 2023 ! <a href=\"https:\/\/dicodusport.fr\/blog\/transferts-sam-whitelock-proche-de-signer-en-top-14\/\">Annonc\u00e9 proche de signer avec le club palois fin avril<\/a>, la l\u00e9gende des <strong>All<\/strong> <strong>Blacks<\/strong>, <strong>Sam Whitelock<\/strong>, s&rsquo;est officiellement engag\u00e9 pour deux saisons avec <strong>Pau,<\/strong> soit jusqu&rsquo;en juin 2025. Au moment de parapher son contrat, il s&rsquo;est expliqu\u00e9 sur le site de la Section Paloise.<\/p>\n<blockquote>\n<p style=\"text-align: justify;\" align=\"justify\">J\u2019ai h\u00e2te de d\u00e9couvrir le rugby en France et de faire face \u00e0 ce challenge. C\u2019est g\u00e9nial de pouvoir jouer avec mon fr\u00e8re dans la m\u00eame \u00e9quipe et non pas l\u2019un contre l\u2019autre. Nous sommes impatients avec ma famille de d\u00e9couvrir la culture fran\u00e7aise et d\u2019apprendre la langue.<\/p>\n<\/blockquote>\n<h2 style=\"text-align: justify;\" align=\"justify\">\u00ab Un immense privil\u00e8ge et une belle marque de confiance \u00bb<\/h2>\n<p style=\"text-align: justify;\" align=\"justify\">Avec 143 s\u00e9lections dans les rangs <strong>All<\/strong> <strong>Blacks<\/strong>, il est le troisi\u00e8me joueur le plus cap\u00e9 de l&rsquo;histoire du rugby. Reconnu comme un des meilleurs 2\u00e8me ligne du monde depuis plus d&rsquo;une d\u00e9cennie, il va donc venir renforcer la <strong>Section<\/strong> <strong>Paloise<\/strong> pour deux saisons. <strong>S\u00e9bastien<\/strong> <strong>Piqueronies<\/strong>, manager du club, ne cachait pas sa joie sur le site du club b\u00e9arnais.<\/p>\n<blockquote>\n<p style=\"text-align: justify;\" align=\"justify\">Accueillir Sam Whitelock \u00e0 la Section est un immense privil\u00e8ge et une belle marque de confiance. Si notre projet est bas\u00e9 sur un effectif jeune et prometteur, nous avons toujours souhait\u00e9 l\u2019encadrer de joueurs exp\u00e9riment\u00e9s. Un de plus nous rejoint et pas des moindres. L\u2019exp\u00e9rience, la duret\u00e9, le professionnalisme et l\u2019esprit comp\u00e9titeur qui animent Sam vont beaucoup apporter au sein du club.<\/p>\n<\/blockquote>\n<p style=\"text-align: justify;\" align=\"justify\">L&rsquo;actuel joueur des Crusaders ne sera pas perdu dans le <strong>B\u00e9arn<\/strong>,\u00a0puisque son petit fr\u00e8re, <strong>Luke<\/strong> <strong>Whitelock<\/strong>, \u00e9volue d\u00e9j\u00e0 \u00e0 Pau depuis plusieurs saisons. Pour rappel, <strong>Sam<\/strong> <strong>Whitelock<\/strong> est double champion du monde avec la <strong>Nouvelle-Z\u00e9lande<\/strong>, et pourrait le devenir une troisi\u00e8me fois \u00e0 l&rsquo;automne prochain.<\/p>\n<blockquote class=\"twitter-tweet\">\n<p dir=\"ltr\" lang=\"fr\">\u270d\ufe0f \ud835\udc7a\ud835\udc82\ud835\udc8e \ud835\udc7e\ud835\udc89\ud835\udc8a\ud835\udc95\ud835\udc86\ud835\udc8d\ud835\udc90\ud835\udc84\ud835\udc8c \ud83d\udc49 2\ufe0f\u20e30\ufe0f\u20e32\ufe0f\u20e35\ufe0f\u20e3<\/p>\n<p>\u2139\ufe0f Un monument du rugby international s\u2019engage \u00e0 la Section pour deux saisons ! Nous accueillerons \ud835\udc7a\ud835\udc82\ud835\udc8e \ud835\udc7e\ud835\udc89\ud835\udc8a\ud835\udc95\ud835\udc86\ud835\udc8d\ud835\udc90\ud835\udc84\ud835\udc8c, fr\u00e8re de Luke, \u00e0 l&rsquo;issue de la Coupe du Monde \ud83d\udc49 <a href=\"https:\/\/t.co\/ZYPHQtsnEO\">https:\/\/t.co\/ZYPHQtsnEO<\/a><a href=\"https:\/\/twitter.com\/hashtag\/TOP14?src=hash&amp;ref_src=twsrc%5Etfw\">#TOP14<\/a> <a href=\"https:\/\/twitter.com\/hashtag\/HonhaSection?src=hash&amp;ref_src=twsrc%5Etfw\">#HonhaSection<\/a> <a href=\"https:\/\/t.co\/V2R3QyNkvQ\">pic.twitter.com\/V2R3QyNkvQ<\/a><\/p>\n<p>\u2014 SectionPaloise (@SectionPaloise) <a href=\"https:\/\/twitter.com\/SectionPaloise\/status\/1663956844237160460?ref_src=twsrc%5Etfw\">May 31, 2023<\/a><\/p><\/blockquote>\n<p style=\"text-align: justify;\"><script async src=\"https:\/\/platform.twitter.com\/widgets.js\" charset=\"utf-8\"><\/script><\/p>\n","protected":false},"excerpt":{"rendered":"<p>TOP 14 2023-2024 &#8211; La Section Paloise a annonc\u00e9 la signature de Sam Whitelock pour les deux prochaines saisons de Top 14.\u00a0<\/p>\n","protected":false},"author":1,"featured_media":386967,"comment_status":"open","ping_status":"closed","sticky":false,"template":"","format":"standard","meta":{"_acf_changed":false,"_daextam_enable_autolinks":"","footnotes":""},"categories":[9129,47050],"tags":[16878,1093,1092],"class_list":["post-386966","post","type-post","status-publish","format-standard","has-post-thumbnail","hentry","category-rugby-a-xv","category-top-14","tag-breve","tag-pau","tag-section-paloise"],"acf":[],"yoast_head":"<!-- This site is optimized with the Yoast SEO Premium plugin v26.7 (Yoast SEO v26.7) - https:\/\/yoast.com\/wordpress\/plugins\/seo\/ -->\n<title>Transferts : Sam Whitelock signe officiellement \u00e0 la Section Paloise<\/title>\n<meta name=\"description\" content=\"TOP 14 2023-2024 - La Section Paloise a annonc\u00e9 la signature de Sam Whitelock pour les deux prochaines saisons de Top 14.\u00a0\" \/>\n<meta name=\"robots\" content=\"index, follow, max-snippet:-1, max-image-preview:large, max-video-preview:-1\" \/>\n<link rel=\"canonical\" href=\"https:\/\/dicodusport.fr\/blog\/transferts-sam-whitelock-signe-officiellement-a-la-section-paloise\/\" \/>\n<meta property=\"og:locale\" content=\"fr_FR\" \/>\n<meta property=\"og:type\" content=\"article\" \/>\n<meta property=\"og:title\" content=\"Transferts : Sam Whitelock signe officiellement en Top 14\" \/>\n<meta property=\"og:description\" content=\"TOP 14 2023-2024 - La Section Paloise a annonc\u00e9 la signature de Sam Whitelock pour les deux prochaines saisons de Top 14.\u00a0\" \/>\n<meta property=\"og:url\" content=\"https:\/\/dicodusport.fr\/blog\/transferts-sam-whitelock-signe-officiellement-a-la-section-paloise\/\" \/>\n<meta property=\"og:site_name\" content=\"Dicodusport\" \/>\n<meta property=\"article:publisher\" content=\"https:\/\/www.facebook.com\/dicodusport\" \/>\n<meta property=\"article:author\" content=\"https:\/\/www.facebook.com\/dicodusport\" \/>\n<meta property=\"article:published_time\" content=\"2023-05-31T17:26:00+00:00\" \/>\n<meta property=\"article:modified_time\" content=\"2023-05-31T17:50:26+00:00\" \/>\n<meta property=\"og:image\" content=\"https:\/\/dicodusport.fr\/blog\/wp-content\/uploads\/2023\/05\/Transferts-Sam-Whitelock-signe-officiellement-a-la-Section-Paloise.png\" \/>\n\t<meta property=\"og:image:width\" content=\"800\" \/>\n\t<meta property=\"og:image:height\" content=\"445\" \/>\n\t<meta property=\"og:image:type\" content=\"image\/png\" \/>\n<meta name=\"author\" content=\"Nicolas Jacquemard\" \/>\n<meta name=\"twitter:card\" content=\"summary_large_image\" \/>\n<meta name=\"twitter:title\" content=\"Transferts : Sam Whitelock signe officiellement en Top 14\" \/>\n<meta name=\"twitter:creator\" content=\"@https:\/\/twitter.com\/Nico_Jacquemard\" \/>\n<meta name=\"twitter:site\" content=\"@dicodusport\" \/>\n<script type=\"application\/ld+json\" class=\"yoast-schema-graph\">{\"@context\":\"https:\/\/schema.org\",\"@graph\":[{\"@type\":\"NewsArticle\",\"@id\":\"https:\/\/dicodusport.fr\/blog\/transferts-sam-whitelock-signe-officiellement-a-la-section-paloise\/#article\",\"isPartOf\":{\"@id\":\"https:\/\/dicodusport.fr\/blog\/transferts-sam-whitelock-signe-officiellement-a-la-section-paloise\/\"},\"author\":{\"name\":\"Nicolas Jacquemard\",\"@id\":\"https:\/\/dicodusport.fr\/blog\/#\/schema\/person\/55dcb50ad410894e431ed812bbb70191\"},\"headline\":\"Transferts : Sam Whitelock signe officiellement \u00e0 la Section Paloise\",\"datePublished\":\"2023-05-31T17:26:00+00:00\",\"dateModified\":\"2023-05-31T17:50:26+00:00\",\"mainEntityOfPage\":{\"@id\":\"https:\/\/dicodusport.fr\/blog\/transferts-sam-whitelock-signe-officiellement-a-la-section-paloise\/\"},\"wordCount\":389,\"commentCount\":0,\"publisher\":{\"@id\":\"https:\/\/dicodusport.fr\/blog\/#organization\"},\"image\":{\"@id\":\"https:\/\/dicodusport.fr\/blog\/transferts-sam-whitelock-signe-officiellement-a-la-section-paloise\/#primaryimage\"},\"thumbnailUrl\":\"https:\/\/dicodusport.fr\/blog\/wp-content\/uploads\/2023\/05\/Transferts-Sam-Whitelock-signe-officiellement-a-la-Section-Paloise.png\",\"keywords\":[\"br\u00e8ve\",\"pau\",\"section paloise\"],\"articleSection\":[\"Rugby \u00e0 XV\",\"Top 14\"],\"inLanguage\":\"fr-FR\",\"potentialAction\":[{\"@type\":\"CommentAction\",\"name\":\"Comment\",\"target\":[\"https:\/\/dicodusport.fr\/blog\/transferts-sam-whitelock-signe-officiellement-a-la-section-paloise\/#respond\"]}],\"copyrightYear\":\"2023\",\"copyrightHolder\":{\"@id\":\"https:\/\/dicodusport.fr\/blog\/#organization\"}},{\"@type\":\"WebPage\",\"@id\":\"https:\/\/dicodusport.fr\/blog\/transferts-sam-whitelock-signe-officiellement-a-la-section-paloise\/\",\"url\":\"https:\/\/dicodusport.fr\/blog\/transferts-sam-whitelock-signe-officiellement-a-la-section-paloise\/\",\"name\":\"Transferts : Sam Whitelock signe officiellement \u00e0 la Section Paloise\",\"isPartOf\":{\"@id\":\"https:\/\/dicodusport.fr\/blog\/#website\"},\"primaryImageOfPage\":{\"@id\":\"https:\/\/dicodusport.fr\/blog\/transferts-sam-whitelock-signe-officiellement-a-la-section-paloise\/#primaryimage\"},\"image\":{\"@id\":\"https:\/\/dicodusport.fr\/blog\/transferts-sam-whitelock-signe-officiellement-a-la-section-paloise\/#primaryimage\"},\"thumbnailUrl\":\"https:\/\/dicodusport.fr\/blog\/wp-content\/uploads\/2023\/05\/Transferts-Sam-Whitelock-signe-officiellement-a-la-Section-Paloise.png\",\"datePublished\":\"2023-05-31T17:26:00+00:00\",\"dateModified\":\"2023-05-31T17:50:26+00:00\",\"description\":\"TOP 14 2023-2024 - La Section Paloise a annonc\u00e9 la signature de Sam Whitelock pour les deux prochaines saisons de Top 14.\u00a0\",\"breadcrumb\":{\"@id\":\"https:\/\/dicodusport.fr\/blog\/transferts-sam-whitelock-signe-officiellement-a-la-section-paloise\/#breadcrumb\"},\"inLanguage\":\"fr-FR\",\"potentialAction\":[{\"@type\":\"ReadAction\",\"target\":[\"https:\/\/dicodusport.fr\/blog\/transferts-sam-whitelock-signe-officiellement-a-la-section-paloise\/\"]}]},{\"@type\":\"ImageObject\",\"inLanguage\":\"fr-FR\",\"@id\":\"https:\/\/dicodusport.fr\/blog\/transferts-sam-whitelock-signe-officiellement-a-la-section-paloise\/#primaryimage\",\"url\":\"https:\/\/dicodusport.fr\/blog\/wp-content\/uploads\/2023\/05\/Transferts-Sam-Whitelock-signe-officiellement-a-la-Section-Paloise.png\",\"contentUrl\":\"https:\/\/dicodusport.fr\/blog\/wp-content\/uploads\/2023\/05\/Transferts-Sam-Whitelock-signe-officiellement-a-la-Section-Paloise.png\",\"width\":800,\"height\":445},{\"@type\":\"BreadcrumbList\",\"@id\":\"https:\/\/dicodusport.fr\/blog\/transferts-sam-whitelock-signe-officiellement-a-la-section-paloise\/#breadcrumb\",\"itemListElement\":[{\"@type\":\"ListItem\",\"position\":1,\"name\":\"Accueil\",\"item\":\"https:\/\/dicodusport.fr\/blog\/\"},{\"@type\":\"ListItem\",\"position\":2,\"name\":\"Transferts : Sam Whitelock signe officiellement \u00e0 la Section Paloise\"}]},{\"@type\":\"WebSite\",\"@id\":\"https:\/\/dicodusport.fr\/blog\/#website\",\"url\":\"https:\/\/dicodusport.fr\/blog\/\",\"name\":\"Dicodusport\",\"description\":\"L&#039;encyclop\u00e9die de l&#039;actualit\u00e9 sportive\",\"publisher\":{\"@id\":\"https:\/\/dicodusport.fr\/blog\/#organization\"},\"potentialAction\":[{\"@type\":\"SearchAction\",\"target\":{\"@type\":\"EntryPoint\",\"urlTemplate\":\"https:\/\/dicodusport.fr\/blog\/?s={search_term_string}\"},\"query-input\":{\"@type\":\"PropertyValueSpecification\",\"valueRequired\":true,\"valueName\":\"search_term_string\"}}],\"inLanguage\":\"fr-FR\"},{\"@type\":\"NewsMediaOrganization\",\"@id\":\"https:\/\/dicodusport.fr\/blog\/#organization\",\"name\":\"Dicodusport\",\"url\":\"https:\/\/dicodusport.fr\/blog\/\",\"logo\":{\"@type\":\"ImageObject\",\"inLanguage\":\"fr-FR\",\"@id\":\"https:\/\/dicodusport.fr\/blog\/#\/schema\/logo\/image\/\",\"url\":\"https:\/\/dicodusport.fr\/blog\/wp-content\/uploads\/2020\/06\/cropped-LOGO-DICODUSPORT-2020-SANS-FOND-SANS-TEXTE.png\",\"contentUrl\":\"https:\/\/dicodusport.fr\/blog\/wp-content\/uploads\/2020\/06\/cropped-LOGO-DICODUSPORT-2020-SANS-FOND-SANS-TEXTE.png\",\"width\":512,\"height\":512,\"caption\":\"Dicodusport\"},\"image\":{\"@id\":\"https:\/\/dicodusport.fr\/blog\/#\/schema\/logo\/image\/\"},\"sameAs\":[\"https:\/\/www.facebook.com\/dicodusport\",\"https:\/\/x.com\/dicodusport\",\"https:\/\/www.instagram.com\/dicodusport\/\",\"https:\/\/www.youtube.com\/channel\/UC7V2KZ5sd3htJivAbA4ZG3w\"],\"description\":\"Dicodusport est l'encyclop\u00e9die de l'actualit\u00e9 sportive.\",\"email\":\"bonjour@dicodusport.fr\",\"legalName\":\"DICODUSPORT\",\"foundingDate\":\"2018-01-14\",\"vatID\":\"FR71834470973\",\"taxID\":\"83447097300043\",\"numberOfEmployees\":{\"@type\":\"QuantitativeValue\",\"minValue\":\"1\",\"maxValue\":\"10\"}},{\"@type\":\"Person\",\"@id\":\"https:\/\/dicodusport.fr\/blog\/#\/schema\/person\/55dcb50ad410894e431ed812bbb70191\",\"name\":\"Nicolas Jacquemard\",\"image\":{\"@type\":\"ImageObject\",\"inLanguage\":\"fr-FR\",\"@id\":\"https:\/\/dicodusport.fr\/blog\/#\/schema\/person\/image\/\",\"url\":\"https:\/\/dicodusport.fr\/blog\/wp-content\/uploads\/2021\/05\/Nicolas-Jacquemard-150x150.jpeg\",\"contentUrl\":\"https:\/\/dicodusport.fr\/blog\/wp-content\/uploads\/2021\/05\/Nicolas-Jacquemard-150x150.jpeg\",\"caption\":\"Nicolas Jacquemard\"},\"description\":\"Passionn\u00e9 de sport et entrepreneur depuis mes 18 ans, la cr\u00e9ation de Dicodusport m'a sembl\u00e9 \u00e9vidente pour participer \u00e0 la m\u00e9diatisation d'un plus grand nombre de sports. Le chemin est long mais avec une \u00e9quipe des plus motiv\u00e9es et les Jeux Olympiques de Paris 2024 en point de mire, nous y arriverons ! Journaliste dans le monde du sport depuis plus de 5 ans, je traite aussi bien de football, de rugby, de biathlon que de cyclisme.\",\"sameAs\":[\"https:\/\/www.facebook.com\/dicodusport\",\"https:\/\/x.com\/https:\/\/twitter.com\/Nico_Jacquemard\"],\"url\":\"https:\/\/dicodusport.fr\/blog\/author\/dicodusport\/\"}]}<\/script>\n<!-- \/ Yoast SEO Premium plugin. -->","yoast_head_json":{"title":"Transferts : Sam Whitelock signe officiellement \u00e0 la Section Paloise","description":"TOP 14 2023-2024 - La Section Paloise a annonc\u00e9 la signature de Sam Whitelock pour les deux prochaines saisons de Top 14.\u00a0","robots":{"index":"index","follow":"follow","max-snippet":"max-snippet:-1","max-image-preview":"max-image-preview:large","max-video-preview":"max-video-preview:-1"},"canonical":"https:\/\/dicodusport.fr\/blog\/transferts-sam-whitelock-signe-officiellement-a-la-section-paloise\/","og_locale":"fr_FR","og_type":"article","og_title":"Transferts : Sam Whitelock signe officiellement en Top 14","og_description":"TOP 14 2023-2024 - La Section Paloise a annonc\u00e9 la signature de Sam Whitelock pour les deux prochaines saisons de Top 14.\u00a0","og_url":"https:\/\/dicodusport.fr\/blog\/transferts-sam-whitelock-signe-officiellement-a-la-section-paloise\/","og_site_name":"Dicodusport","article_publisher":"https:\/\/www.facebook.com\/dicodusport","article_author":"https:\/\/www.facebook.com\/dicodusport","article_published_time":"2023-05-31T17:26:00+00:00","article_modified_time":"2023-05-31T17:50:26+00:00","og_image":[{"width":800,"height":445,"url":"https:\/\/dicodusport.fr\/blog\/wp-content\/uploads\/2023\/05\/Transferts-Sam-Whitelock-signe-officiellement-a-la-Section-Paloise.png","type":"image\/png"}],"author":"Nicolas Jacquemard","twitter_card":"summary_large_image","twitter_title":"Transferts : Sam Whitelock signe officiellement en Top 14","twitter_creator":"@https:\/\/twitter.com\/Nico_Jacquemard","twitter_site":"@dicodusport","schema":{"@context":"https:\/\/schema.org","@graph":[{"@type":"NewsArticle","@id":"https:\/\/dicodusport.fr\/blog\/transferts-sam-whitelock-signe-officiellement-a-la-section-paloise\/#article","isPartOf":{"@id":"https:\/\/dicodusport.fr\/blog\/transferts-sam-whitelock-signe-officiellement-a-la-section-paloise\/"},"author":{"name":"Nicolas Jacquemard","@id":"https:\/\/dicodusport.fr\/blog\/#\/schema\/person\/55dcb50ad410894e431ed812bbb70191"},"headline":"Transferts : Sam Whitelock signe officiellement \u00e0 la Section Paloise","datePublished":"2023-05-31T17:26:00+00:00","dateModified":"2023-05-31T17:50:26+00:00","mainEntityOfPage":{"@id":"https:\/\/dicodusport.fr\/blog\/transferts-sam-whitelock-signe-officiellement-a-la-section-paloise\/"},"wordCount":389,"commentCount":0,"publisher":{"@id":"https:\/\/dicodusport.fr\/blog\/#organization"},"image":{"@id":"https:\/\/dicodusport.fr\/blog\/transferts-sam-whitelock-signe-officiellement-a-la-section-paloise\/#primaryimage"},"thumbnailUrl":"https:\/\/dicodusport.fr\/blog\/wp-content\/uploads\/2023\/05\/Transferts-Sam-Whitelock-signe-officiellement-a-la-Section-Paloise.png","keywords":["br\u00e8ve","pau","section paloise"],"articleSection":["Rugby \u00e0 XV","Top 14"],"inLanguage":"fr-FR","potentialAction":[{"@type":"CommentAction","name":"Comment","target":["https:\/\/dicodusport.fr\/blog\/transferts-sam-whitelock-signe-officiellement-a-la-section-paloise\/#respond"]}],"copyrightYear":"2023","copyrightHolder":{"@id":"https:\/\/dicodusport.fr\/blog\/#organization"}},{"@type":"WebPage","@id":"https:\/\/dicodusport.fr\/blog\/transferts-sam-whitelock-signe-officiellement-a-la-section-paloise\/","url":"https:\/\/dicodusport.fr\/blog\/transferts-sam-whitelock-signe-officiellement-a-la-section-paloise\/","name":"Transferts : Sam Whitelock signe officiellement \u00e0 la Section Paloise","isPartOf":{"@id":"https:\/\/dicodusport.fr\/blog\/#website"},"primaryImageOfPage":{"@id":"https:\/\/dicodusport.fr\/blog\/transferts-sam-whitelock-signe-officiellement-a-la-section-paloise\/#primaryimage"},"image":{"@id":"https:\/\/dicodusport.fr\/blog\/transferts-sam-whitelock-signe-officiellement-a-la-section-paloise\/#primaryimage"},"thumbnailUrl":"https:\/\/dicodusport.fr\/blog\/wp-content\/uploads\/2023\/05\/Transferts-Sam-Whitelock-signe-officiellement-a-la-Section-Paloise.png","datePublished":"2023-05-31T17:26:00+00:00","dateModified":"2023-05-31T17:50:26+00:00","description":"TOP 14 2023-2024 - La Section Paloise a annonc\u00e9 la signature de Sam Whitelock pour les deux prochaines saisons de Top 14.\u00a0","breadcrumb":{"@id":"https:\/\/dicodusport.fr\/blog\/transferts-sam-whitelock-signe-officiellement-a-la-section-paloise\/#breadcrumb"},"inLanguage":"fr-FR","potentialAction":[{"@type":"ReadAction","target":["https:\/\/dicodusport.fr\/blog\/transferts-sam-whitelock-signe-officiellement-a-la-section-paloise\/"]}]},{"@type":"ImageObject","inLanguage":"fr-FR","@id":"https:\/\/dicodusport.fr\/blog\/transferts-sam-whitelock-signe-officiellement-a-la-section-paloise\/#primaryimage","url":"https:\/\/dicodusport.fr\/blog\/wp-content\/uploads\/2023\/05\/Transferts-Sam-Whitelock-signe-officiellement-a-la-Section-Paloise.png","contentUrl":"https:\/\/dicodusport.fr\/blog\/wp-content\/uploads\/2023\/05\/Transferts-Sam-Whitelock-signe-officiellement-a-la-Section-Paloise.png","width":800,"height":445},{"@type":"BreadcrumbList","@id":"https:\/\/dicodusport.fr\/blog\/transferts-sam-whitelock-signe-officiellement-a-la-section-paloise\/#breadcrumb","itemListElement":[{"@type":"ListItem","position":1,"name":"Accueil","item":"https:\/\/dicodusport.fr\/blog\/"},{"@type":"ListItem","position":2,"name":"Transferts : Sam Whitelock signe officiellement \u00e0 la Section Paloise"}]},{"@type":"WebSite","@id":"https:\/\/dicodusport.fr\/blog\/#website","url":"https:\/\/dicodusport.fr\/blog\/","name":"Dicodusport","description":"L&#039;encyclop\u00e9die de l&#039;actualit\u00e9 sportive","publisher":{"@id":"https:\/\/dicodusport.fr\/blog\/#organization"},"potentialAction":[{"@type":"SearchAction","target":{"@type":"EntryPoint","urlTemplate":"https:\/\/dicodusport.fr\/blog\/?s={search_term_string}"},"query-input":{"@type":"PropertyValueSpecification","valueRequired":true,"valueName":"search_term_string"}}],"inLanguage":"fr-FR"},{"@type":"NewsMediaOrganization","@id":"https:\/\/dicodusport.fr\/blog\/#organization","name":"Dicodusport","url":"https:\/\/dicodusport.fr\/blog\/","logo":{"@type":"ImageObject","inLanguage":"fr-FR","@id":"https:\/\/dicodusport.fr\/blog\/#\/schema\/logo\/image\/","url":"https:\/\/dicodusport.fr\/blog\/wp-content\/uploads\/2020\/06\/cropped-LOGO-DICODUSPORT-2020-SANS-FOND-SANS-TEXTE.png","contentUrl":"https:\/\/dicodusport.fr\/blog\/wp-content\/uploads\/2020\/06\/cropped-LOGO-DICODUSPORT-2020-SANS-FOND-SANS-TEXTE.png","width":512,"height":512,"caption":"Dicodusport"},"image":{"@id":"https:\/\/dicodusport.fr\/blog\/#\/schema\/logo\/image\/"},"sameAs":["https:\/\/www.facebook.com\/dicodusport","https:\/\/x.com\/dicodusport","https:\/\/www.instagram.com\/dicodusport\/","https:\/\/www.youtube.com\/channel\/UC7V2KZ5sd3htJivAbA4ZG3w"],"description":"Dicodusport est l'encyclop\u00e9die de l'actualit\u00e9 sportive.","email":"bonjour@dicodusport.fr","legalName":"DICODUSPORT","foundingDate":"2018-01-14","vatID":"FR71834470973","taxID":"83447097300043","numberOfEmployees":{"@type":"QuantitativeValue","minValue":"1","maxValue":"10"}},{"@type":"Person","@id":"https:\/\/dicodusport.fr\/blog\/#\/schema\/person\/55dcb50ad410894e431ed812bbb70191","name":"Nicolas Jacquemard","image":{"@type":"ImageObject","inLanguage":"fr-FR","@id":"https:\/\/dicodusport.fr\/blog\/#\/schema\/person\/image\/","url":"https:\/\/dicodusport.fr\/blog\/wp-content\/uploads\/2021\/05\/Nicolas-Jacquemard-150x150.jpeg","contentUrl":"https:\/\/dicodusport.fr\/blog\/wp-content\/uploads\/2021\/05\/Nicolas-Jacquemard-150x150.jpeg","caption":"Nicolas Jacquemard"},"description":"Passionn\u00e9 de sport et entrepreneur depuis mes 18 ans, la cr\u00e9ation de Dicodusport m'a sembl\u00e9 \u00e9vidente pour participer \u00e0 la m\u00e9diatisation d'un plus grand nombre de sports. Le chemin est long mais avec une \u00e9quipe des plus motiv\u00e9es et les Jeux Olympiques de Paris 2024 en point de mire, nous y arriverons ! Journaliste dans le monde du sport depuis plus de 5 ans, je traite aussi bien de football, de rugby, de biathlon que de cyclisme.","sameAs":["https:\/\/www.facebook.com\/dicodusport","https:\/\/x.com\/https:\/\/twitter.com\/Nico_Jacquemard"],"url":"https:\/\/dicodusport.fr\/blog\/author\/dicodusport\/"}]}},"_links":{"self":[{"href":"https:\/\/dicodusport.fr\/blog\/wp-json\/wp\/v2\/posts\/386966","targetHints":{"allow":["GET"]}}],"collection":[{"href":"https:\/\/dicodusport.fr\/blog\/wp-json\/wp\/v2\/posts"}],"about":[{"href":"https:\/\/dicodusport.fr\/blog\/wp-json\/wp\/v2\/types\/post"}],"author":[{"embeddable":true,"href":"https:\/\/dicodusport.fr\/blog\/wp-json\/wp\/v2\/users\/1"}],"replies":[{"embeddable":true,"href":"https:\/\/dicodusport.fr\/blog\/wp-json\/wp\/v2\/comments?post=386966"}],"version-history":[{"count":0,"href":"https:\/\/dicodusport.fr\/blog\/wp-json\/wp\/v2\/posts\/386966\/revisions"}],"wp:featuredmedia":[{"embeddable":true,"href":"https:\/\/dicodusport.fr\/blog\/wp-json\/wp\/v2\/media\/386967"}],"wp:attachment":[{"href":"https:\/\/dicodusport.fr\/blog\/wp-json\/wp\/v2\/media?parent=386966"}],"wp:term":[{"taxonomy":"category","embeddable":true,"href":"https:\/\/dicodusport.fr\/blog\/wp-json\/wp\/v2\/categories?post=386966"},{"taxonomy":"post_tag","embeddable":true,"href":"https:\/\/dicodusport.fr\/blog\/wp-json\/wp\/v2\/tags?post=386966"}],"curies":[{"name":"wp","href":"https:\/\/api.w.org\/{rel}","templated":true}]}}