{"id":386989,"date":"2023-05-31T22:47:30","date_gmt":"2023-05-31T20:47:30","guid":{"rendered":"https:\/\/dicodusport.fr\/blog\/?p=386989&#038;preview=true&#038;preview_id=386989"},"modified":"2023-06-01T08:23:13","modified_gmt":"2023-06-01T06:23:13","slug":"meeting-de-montreuil-robert-michon-camacho-quinn-gressier-tous-les-resultats","status":"publish","type":"post","link":"https:\/\/dicodusport.fr\/blog\/meeting-de-montreuil-robert-michon-camacho-quinn-gressier-tous-les-resultats\/","title":{"rendered":"Meeting de Montreuil : Robert-Michon, Camacho-Quinn, Gressier, tous les r\u00e9sultats"},"content":{"rendered":"<p align=\"justify\"><em><strong><a href=\"https:\/\/dicodusport.fr\/blog\/meeting-de-montreuil-2023-programme-complet-et-resultats\/\">MEETING DE MONTREUIL 2023<\/a> &#8211; M\u00e9lina Robert-Michon, avec 65.49 m au disque, Just Kwaou-Mathey avec 13.28 au 110 m haies et Jimmy Gressier avec 3:34.08 sur 1 500 m, ont r\u00e9alis\u00e9 les minima pour Budapest. Dans une comp\u00e9tition o\u00f9 Jasmine Camacho-Quinn et Hugues-Fabrice Zango ont brill\u00e9 au 100 m haies et au triple saut.<\/strong><\/em><\/p>\n<h2 style=\"text-align: justify;\" align=\"justify\">Minima mondiaux pour Robert-Michon, Kwaou-Mathey et Gressier<\/h2>\n<p align=\"justify\">\u00c9ternelle ! <strong>M\u00e9lina Robert-Michon<\/strong>, 44 ans au mois de juillet prochain, sera de la partie \u00e0 Budapest, pour un \u00e9ni\u00e8me grand championnat ! Elle a remport\u00e9 le concours du disque du <strong>Meeting de Montreuil<\/strong>, avec un jet \u00e0 65.49 m. Soit plus d&rsquo;un m\u00e8tre de plus que les minima pour les championnats du monde. Meilleure performance de sa saison et meilleure performance pour elle depuis l&rsquo;ann\u00e9e 2017, ann\u00e9e de sa seconde m\u00e9daille mondiale. Une long\u00e9vit\u00e9 au plus haut niveau et un statut qui va changer pour la Lyonnaise. Elle redevient une candidate cr\u00e9dible \u00e0 une m\u00e9daille mondiale. La Br\u00e9silienne <strong>Izabela Da Silva<\/strong> prend la deuxi\u00e8me place assez loin derri\u00e8re, avec un jet \u00e0 62.61 m. La Cubaine <strong>Silinda Oneisi Morales<\/strong> compl\u00e8te le podium, avec 61.39 m.<\/p>\n<blockquote class=\"twitter-tweet\">\n<p dir=\"ltr\" lang=\"fr\">MELINA ROBERT MICHON EST DE RETOUR !!!<\/p>\n<p>Oh la performance de <a href=\"https:\/\/twitter.com\/melrobertmichon?ref_src=twsrc%5Etfw\">@melrobertmichon<\/a> qui remporte le disque \u00e0 Montreuil, avec un jet \u00e0 65.49 m<\/p>\n<p>Elle est \u00e9ternelle et c&rsquo;est les minima pour Budapest ! <a href=\"https:\/\/t.co\/eM3NH2jQEE\">pic.twitter.com\/eM3NH2jQEE<\/a><\/p>\n<p>\u2014 Etienne Goursaud \u270d\ufe0f (@EtienneGoursaud) <a href=\"https:\/\/twitter.com\/EtienneGoursaud\/status\/1663976725787623440?ref_src=twsrc%5Etfw\">May 31, 2023<\/a><\/p><\/blockquote>\n<p><script async src=\"https:\/\/platform.twitter.com\/widgets.js\" charset=\"utf-8\"><\/script><\/p>\n<p style=\"text-align: justify;\">Si <strong>Wilhem Belocian<\/strong> a confirm\u00e9 en remportant le 110 m haies, en 13.24, on a d\u00e9sormais quatre hurdlers qui ont fait les minima pour Budapest. Le 4e s&rsquo;appelle <strong>Just Kwaou-Mathey<\/strong>. Il a pris la deuxi\u00e8me place de cette course tr\u00e8s fran\u00e7aise, mais tr\u00e8s relev\u00e9e. Pour sa premi\u00e8re course de la saison, il a r\u00e9alis\u00e9 un tr\u00e8s beau 13.28, tout proche de son record personnel, \u00e0 seulement 1 centi\u00e8me. Un record personnel d\u00e9j\u00e0 en grand danger, pour celui qui n&rsquo;a que 23 ans. Il rejoint <strong>Sasha Zhoya<\/strong>, <strong>Pascal Martinot-Lagarde<\/strong> et donc <strong>Wilhem Belocian<\/strong>. Ce fut plus dur pour <strong>Aurel Manga<\/strong> (13.60) et <strong>Pascal Martinot-Largarde<\/strong> (13.65).<\/p>\n<h2 style=\"text-align: justify;\">Le dernier 400 m de folie de Jimmy Gressier<\/h2>\n<p style=\"text-align: justify;\">Le troisi\u00e8me tricolore \u00e0 r\u00e9aliser les minima ce soir est <strong>Jimmy Gressier<\/strong> sur 1 500 m. Lui qui est plut\u00f4t adepte du 5 000 m ou 10 000 m, a \u00e9t\u00e9 chercher une course incroyable sur une distance inf\u00e9rieure. Avec un dernier 400 m de folie, il prend la 2e place de la course, en 3:34.08. Record personnel pour le Fran\u00e7ais. Qui risque d&rsquo;avoir l&#8217;embarras du choix \u00e0 Budapest et qui prouve sa polyvalence.<\/p>\n<div class=\"vlp-link-container vlp-layout-article\"><a href=\"https:\/\/dicodusport.fr\/blog\/athletisme-mondiaux-2023-les-francais-qui-ont-realise-les-minima\/\" class=\"vlp-link\" title=\"Athl\u00e9tisme Mondiaux 2023 - Les Fran\u00e7ais qui ont r\u00e9alis\u00e9 les minima\"><\/a><div class=\"vlp-layout-zone-side\"><div class=\"vlp-block-4 vlp-link-image\"><img loading=\"lazy\" decoding=\"async\" style=\"max-width: 800px;\" width=\"800\" height=\"445\" src=\"https:\/\/dicodusport.fr\/blog\/wp-content\/uploads\/2023\/03\/Athletisme-Les-Francais-qui-ont-realise-les-minima-pour-les-championnats-du-monde-2023.png\" class=\"attachment-800x445 size-800x445\" alt=\"Athl\u00e9tisme - Les Fran\u00e7ais qui ont r\u00e9alis\u00e9 les minima pour les championnats du monde 2023\" srcset=\"https:\/\/dicodusport.fr\/blog\/wp-content\/uploads\/2023\/03\/Athletisme-Les-Francais-qui-ont-realise-les-minima-pour-les-championnats-du-monde-2023.png 800w, https:\/\/dicodusport.fr\/blog\/wp-content\/uploads\/2023\/03\/Athletisme-Les-Francais-qui-ont-realise-les-minima-pour-les-championnats-du-monde-2023-300x167.png 300w, https:\/\/dicodusport.fr\/blog\/wp-content\/uploads\/2023\/03\/Athletisme-Les-Francais-qui-ont-realise-les-minima-pour-les-championnats-du-monde-2023-768x427.png 768w\" sizes=\"auto, (max-width: 800px) 100vw, 800px\" \/><\/div><\/div><div class=\"vlp-layout-zone-main\"><div class=\"vlp-block-0 vlp-link-title\">Athl\u00e9tisme Mondiaux 2023 - Les Fran\u00e7ais qui ont r\u00e9alis\u00e9 les minima<\/div><div class=\"vlp-block-1 vlp-link-summary\">CHAMPIONNATS DU MONDE ATHL\u00c9TISME 2023 - D\u00e9couvrez la liste des Fran\u00e7ais qui ont fait les minima pour Budapest. Une liste mise \u00e0 jour jusqu'\u00e0 la s\u00e9lection finale tricolore.<\/div><div class=\"vlp-block-2 vlp-link-button\">Lire l'article<\/div><div class=\"vlp-block-3 vlp-link-url\">dicodusport.fr<\/div><\/div><\/div>\n<h2 style=\"text-align: justify;\">Des records personnels pour les Bleus<\/h2>\n<p style=\"text-align: justify;\" align=\"justify\">Parmi les Tricolores qui ont brill\u00e9, <strong>David Sombe<\/strong> a boucl\u00e9 son 400 m, avec un second record personnel en quatre jours, avec un chrono de 45.32. Douzi\u00e8me performance fran\u00e7aise de tous les temps. <strong>Thomas Jordier<\/strong> lui c\u00e8de deux dixi\u00e8mes, mais se rapproche \u00e0 15 centi\u00e8mes de son record personnel. 45.74 pour <strong>Gilles Biron<\/strong>. C&rsquo;est de tr\u00e8s bon augure pour un relais 4&#215;400 m fran\u00e7ais qui se place en outsider \u00e0 Budapest. <strong>Sol\u00e8ne Ndama<\/strong> a \u00e9t\u00e9 la meilleure fran\u00e7aise sur le 100 m haies en 13.13, son meilleur chrono de la saison.<\/p>\n<p align=\"justify\"><strong>Nawal Meniker<\/strong> a encore franchi une barre \u00e0 1.90 m ou plus en 2023. Devant son public, elle a saut\u00e9 \u00e0 1.90 m. Elle a tent\u00e9 son record personnel \u00e0 1.94 m. Qui pourrait bien tomber de nouveau. Elle remporte le concours, avec un nouveau record du meeting. <strong>Gemina Joseph<\/strong> a r\u00e9alis\u00e9 un 11.29 trop vent\u00e9 sur 100 m. <strong>Pablo Mateo<\/strong> a repouss\u00e9 son record personnel sur 100 m, avec 10.15. <strong>Lena Kandissounon<\/strong> termine 7e et meilleure fran\u00e7aise du 800 m en 2:03.21. <strong>Azeddine Habz<\/strong> prend la 2e place du 800 m, nouveau record personnel \u00e0 la cl\u00e9 en 1:45.15. <strong>Yanis Meziane<\/strong> est 3e en 1:45.68<\/p>\n<h2 style=\"text-align: justify;\" align=\"justify\">Camacho-Quinn et Zango ont brill\u00e9<\/h2>\n<p style=\"text-align: justify;\">Elle \u00e9tait attendue et elle n&rsquo;a pas d\u00e9\u00e7u ! <strong>Jasmine Camacho-Quinn<\/strong>, la championne olympique du 100 m haies, a remport\u00e9 cette course. Avec une fr\u00e9quence impressionnante dans les intervalles, elle a domin\u00e9 de la t\u00eate et des \u00e9paules la course, explosant de 33 centi\u00e8mes le record du meeting, pour un 12.40. \u00c0 noter que l&rsquo;Am\u00e9ricaine <strong>Nia Ali<\/strong> a \u00e9galement battu l&rsquo;ancien record du meeting, avec un chrono de 12.71. Chrono sous les 13 secondes pour sa compatriote<strong> Jade Barber<\/strong>, qui prend la 3e place en 12.97.<\/p>\n<p style=\"text-align: justify;\"><strong>Hugues-Fabrice Zango<\/strong> n&rsquo;a pas d\u00e9coll\u00e9 aussi loin qu&rsquo;\u00e0 Doha. Mais le Burkinab\u00e9 s&rsquo;est largement impos\u00e9 sur le concours de triple saut. Avec un bond \u00e0 17.29. Apr\u00e8s 4 essais, il a d\u00e9cid\u00e9 de ne pas pousser plus loin son concours. L&rsquo;Alg\u00e9rien <strong>Mohammed Triki<\/strong> s&rsquo;est aussi envol\u00e9 \u00e0 plus de 17 m (17.01 m). La troisi\u00e8me place du meeting est pour l&rsquo;Indien<strong> Abdulla Narangolintevida<\/strong>.<\/p>\n<p style=\"text-align: justify;\"><strong>Gina Bass<\/strong> domine le 100 m en 11.03 m, alors que <strong>Marvin Bracy<\/strong> passe sous les 10 secondes sur 100 m, avec 9.93. <strong>Prudence Sekgodiso<\/strong> domine le 800 m en 2:00.72. L&rsquo;Alg\u00e9rien <strong>Djamel Sedjati<\/strong> boucle son 800 m en 1:44.27. <strong>Ese Brume<\/strong> remporte la longueur f\u00e9minine, avec un bond trop vent\u00e9 \u00e0 6.88 m. Qui aurait pu \u00eatre le record du meeting.<\/p>\n","protected":false},"excerpt":{"rendered":"<p>MEETING DE MONTREUIL 2023 &#8211; M\u00e9lina Robert-Michon, avec 65.49 m au disque, Just Kwaou-Mathey avec 13.28 au 110 m haies et Jimmy Gressier avec 3:34.08 sur 1 500 m, ont r\u00e9alis\u00e9 les minima pour Budapest. Dans une comp\u00e9tition o\u00f9 Jasmine Camacho-Quinn et Hugues-Fabrice Zango ont brill\u00e9 au 100 m haies et au triple saut.<\/p>\n","protected":false},"author":83,"featured_media":387013,"comment_status":"open","ping_status":"closed","sticky":false,"template":"","format":"standard","meta":{"_acf_changed":false,"_daextam_enable_autolinks":"","footnotes":""},"categories":[2308],"tags":[143,16878,7141,6856,25905,5506],"class_list":["post-386989","post","type-post","status-publish","format-standard","has-post-thumbnail","hentry","category-athletisme","tag-athletisme","tag-breve","tag-hugues-fabrice-zango","tag-jimmy-gressier","tag-just-kwaou-mathey","tag-melina-robert-michon"],"acf":[],"yoast_head":"<!-- This site is optimized with the Yoast SEO Premium plugin v26.7 (Yoast SEO v26.7) - https:\/\/yoast.com\/wordpress\/plugins\/seo\/ -->\n<title>Meeting de Montreuil : Robert-Michon, Camacho-Quinn, Gressier, tous les r\u00e9sultats<\/title>\n<meta name=\"description\" content=\"M\u00e9lina Robert-Michon, Just Kwaou-Mathey et Jimmy Gressier, ont r\u00e9alis\u00e9 les minima pour Budapest au Meeting de Montreuil 2023.\" \/>\n<meta name=\"robots\" content=\"index, follow, max-snippet:-1, max-image-preview:large, max-video-preview:-1\" \/>\n<link rel=\"canonical\" href=\"https:\/\/dicodusport.fr\/blog\/meeting-de-montreuil-robert-michon-camacho-quinn-gressier-tous-les-resultats\/\" \/>\n<meta property=\"og:locale\" content=\"fr_FR\" \/>\n<meta property=\"og:type\" content=\"article\" \/>\n<meta property=\"og:title\" content=\"Meeting de Montreuil : Robert-Michon, Camacho-Quinn, Gressier, tous les r\u00e9sultats\" \/>\n<meta property=\"og:description\" content=\"M\u00e9lina Robert-Michon, Just Kwaou-Mathey et Jimmy Gressier, ont r\u00e9alis\u00e9 les minima pour Budapest au Meeting de Montreuil 2023.\" \/>\n<meta property=\"og:url\" content=\"https:\/\/dicodusport.fr\/blog\/meeting-de-montreuil-robert-michon-camacho-quinn-gressier-tous-les-resultats\/\" \/>\n<meta property=\"og:site_name\" content=\"Dicodusport\" \/>\n<meta property=\"article:publisher\" content=\"https:\/\/www.facebook.com\/dicodusport\" \/>\n<meta property=\"article:published_time\" content=\"2023-05-31T20:47:30+00:00\" \/>\n<meta property=\"article:modified_time\" content=\"2023-06-01T06:23:13+00:00\" \/>\n<meta property=\"og:image\" content=\"https:\/\/dicodusport.fr\/blog\/wp-content\/uploads\/2023\/05\/Athle-Robert-Michon-Camacho-Quinn-Belocian-les-resultats-du-meeting-de-Montreuil.png\" \/>\n\t<meta property=\"og:image:width\" content=\"800\" \/>\n\t<meta property=\"og:image:height\" content=\"445\" \/>\n\t<meta property=\"og:image:type\" content=\"image\/png\" \/>\n<meta name=\"author\" content=\"Etienne Goursaud\" \/>\n<meta name=\"twitter:card\" content=\"summary_large_image\" \/>\n<meta name=\"twitter:title\" content=\"Meeting de Montreuil : Robert-Michon, Camacho-Quinn, Gressier, tous les r\u00e9sultats\" \/>\n<meta name=\"twitter:creator\" content=\"@dicodusport\" \/>\n<meta name=\"twitter:site\" content=\"@dicodusport\" \/>\n<script type=\"application\/ld+json\" class=\"yoast-schema-graph\">{\"@context\":\"https:\/\/schema.org\",\"@graph\":[{\"@type\":\"NewsArticle\",\"@id\":\"https:\/\/dicodusport.fr\/blog\/meeting-de-montreuil-robert-michon-camacho-quinn-gressier-tous-les-resultats\/#article\",\"isPartOf\":{\"@id\":\"https:\/\/dicodusport.fr\/blog\/meeting-de-montreuil-robert-michon-camacho-quinn-gressier-tous-les-resultats\/\"},\"author\":{\"name\":\"Etienne Goursaud\",\"@id\":\"https:\/\/dicodusport.fr\/blog\/#\/schema\/person\/d603dd7da31fb2b46c82b9835a77ec13\"},\"headline\":\"Meeting de Montreuil : Robert-Michon, Camacho-Quinn, Gressier, tous les r\u00e9sultats\",\"datePublished\":\"2023-05-31T20:47:30+00:00\",\"dateModified\":\"2023-06-01T06:23:13+00:00\",\"mainEntityOfPage\":{\"@id\":\"https:\/\/dicodusport.fr\/blog\/meeting-de-montreuil-robert-michon-camacho-quinn-gressier-tous-les-resultats\/\"},\"wordCount\":904,\"commentCount\":3,\"publisher\":{\"@id\":\"https:\/\/dicodusport.fr\/blog\/#organization\"},\"image\":{\"@id\":\"https:\/\/dicodusport.fr\/blog\/meeting-de-montreuil-robert-michon-camacho-quinn-gressier-tous-les-resultats\/#primaryimage\"},\"thumbnailUrl\":\"https:\/\/dicodusport.fr\/blog\/wp-content\/uploads\/2023\/05\/Athle-Robert-Michon-Camacho-Quinn-Belocian-les-resultats-du-meeting-de-Montreuil.png\",\"keywords\":[\"Athl\u00e9tisme\",\"br\u00e8ve\",\"Hugues Fabrice Zango\",\"Jimmy Gressier\",\"Just Kwaou-Mathey\",\"M\u00e9lina Robert-Michon\"],\"articleSection\":[\"Athl\u00e9tisme\"],\"inLanguage\":\"fr-FR\",\"potentialAction\":[{\"@type\":\"CommentAction\",\"name\":\"Comment\",\"target\":[\"https:\/\/dicodusport.fr\/blog\/meeting-de-montreuil-robert-michon-camacho-quinn-gressier-tous-les-resultats\/#respond\"]}],\"copyrightYear\":\"2023\",\"copyrightHolder\":{\"@id\":\"https:\/\/dicodusport.fr\/blog\/#organization\"}},{\"@type\":\"WebPage\",\"@id\":\"https:\/\/dicodusport.fr\/blog\/meeting-de-montreuil-robert-michon-camacho-quinn-gressier-tous-les-resultats\/\",\"url\":\"https:\/\/dicodusport.fr\/blog\/meeting-de-montreuil-robert-michon-camacho-quinn-gressier-tous-les-resultats\/\",\"name\":\"Meeting de Montreuil : Robert-Michon, Camacho-Quinn, Gressier, tous les r\u00e9sultats\",\"isPartOf\":{\"@id\":\"https:\/\/dicodusport.fr\/blog\/#website\"},\"primaryImageOfPage\":{\"@id\":\"https:\/\/dicodusport.fr\/blog\/meeting-de-montreuil-robert-michon-camacho-quinn-gressier-tous-les-resultats\/#primaryimage\"},\"image\":{\"@id\":\"https:\/\/dicodusport.fr\/blog\/meeting-de-montreuil-robert-michon-camacho-quinn-gressier-tous-les-resultats\/#primaryimage\"},\"thumbnailUrl\":\"https:\/\/dicodusport.fr\/blog\/wp-content\/uploads\/2023\/05\/Athle-Robert-Michon-Camacho-Quinn-Belocian-les-resultats-du-meeting-de-Montreuil.png\",\"datePublished\":\"2023-05-31T20:47:30+00:00\",\"dateModified\":\"2023-06-01T06:23:13+00:00\",\"description\":\"M\u00e9lina Robert-Michon, Just Kwaou-Mathey et Jimmy Gressier, ont r\u00e9alis\u00e9 les minima pour Budapest au Meeting de Montreuil 2023.\",\"breadcrumb\":{\"@id\":\"https:\/\/dicodusport.fr\/blog\/meeting-de-montreuil-robert-michon-camacho-quinn-gressier-tous-les-resultats\/#breadcrumb\"},\"inLanguage\":\"fr-FR\",\"potentialAction\":[{\"@type\":\"ReadAction\",\"target\":[\"https:\/\/dicodusport.fr\/blog\/meeting-de-montreuil-robert-michon-camacho-quinn-gressier-tous-les-resultats\/\"]}]},{\"@type\":\"ImageObject\",\"inLanguage\":\"fr-FR\",\"@id\":\"https:\/\/dicodusport.fr\/blog\/meeting-de-montreuil-robert-michon-camacho-quinn-gressier-tous-les-resultats\/#primaryimage\",\"url\":\"https:\/\/dicodusport.fr\/blog\/wp-content\/uploads\/2023\/05\/Athle-Robert-Michon-Camacho-Quinn-Belocian-les-resultats-du-meeting-de-Montreuil.png\",\"contentUrl\":\"https:\/\/dicodusport.fr\/blog\/wp-content\/uploads\/2023\/05\/Athle-Robert-Michon-Camacho-Quinn-Belocian-les-resultats-du-meeting-de-Montreuil.png\",\"width\":800,\"height\":445,\"caption\":\"Athl\u00e9 - Robert-Michon, Camacho-Quinn, Belocian, les r\u00e9sultats du meeting de Montreuil\"},{\"@type\":\"BreadcrumbList\",\"@id\":\"https:\/\/dicodusport.fr\/blog\/meeting-de-montreuil-robert-michon-camacho-quinn-gressier-tous-les-resultats\/#breadcrumb\",\"itemListElement\":[{\"@type\":\"ListItem\",\"position\":1,\"name\":\"Accueil\",\"item\":\"https:\/\/dicodusport.fr\/blog\/\"},{\"@type\":\"ListItem\",\"position\":2,\"name\":\"Meeting de Montreuil : Robert-Michon, Camacho-Quinn, Gressier, tous les r\u00e9sultats\"}]},{\"@type\":\"WebSite\",\"@id\":\"https:\/\/dicodusport.fr\/blog\/#website\",\"url\":\"https:\/\/dicodusport.fr\/blog\/\",\"name\":\"Dicodusport\",\"description\":\"L&#039;encyclop\u00e9die de l&#039;actualit\u00e9 sportive\",\"publisher\":{\"@id\":\"https:\/\/dicodusport.fr\/blog\/#organization\"},\"potentialAction\":[{\"@type\":\"SearchAction\",\"target\":{\"@type\":\"EntryPoint\",\"urlTemplate\":\"https:\/\/dicodusport.fr\/blog\/?s={search_term_string}\"},\"query-input\":{\"@type\":\"PropertyValueSpecification\",\"valueRequired\":true,\"valueName\":\"search_term_string\"}}],\"inLanguage\":\"fr-FR\"},{\"@type\":\"NewsMediaOrganization\",\"@id\":\"https:\/\/dicodusport.fr\/blog\/#organization\",\"name\":\"Dicodusport\",\"url\":\"https:\/\/dicodusport.fr\/blog\/\",\"logo\":{\"@type\":\"ImageObject\",\"inLanguage\":\"fr-FR\",\"@id\":\"https:\/\/dicodusport.fr\/blog\/#\/schema\/logo\/image\/\",\"url\":\"https:\/\/dicodusport.fr\/blog\/wp-content\/uploads\/2020\/06\/cropped-LOGO-DICODUSPORT-2020-SANS-FOND-SANS-TEXTE.png\",\"contentUrl\":\"https:\/\/dicodusport.fr\/blog\/wp-content\/uploads\/2020\/06\/cropped-LOGO-DICODUSPORT-2020-SANS-FOND-SANS-TEXTE.png\",\"width\":512,\"height\":512,\"caption\":\"Dicodusport\"},\"image\":{\"@id\":\"https:\/\/dicodusport.fr\/blog\/#\/schema\/logo\/image\/\"},\"sameAs\":[\"https:\/\/www.facebook.com\/dicodusport\",\"https:\/\/x.com\/dicodusport\",\"https:\/\/www.instagram.com\/dicodusport\/\",\"https:\/\/www.youtube.com\/channel\/UC7V2KZ5sd3htJivAbA4ZG3w\"],\"description\":\"Dicodusport est l'encyclop\u00e9die de l'actualit\u00e9 sportive.\",\"email\":\"bonjour@dicodusport.fr\",\"legalName\":\"DICODUSPORT\",\"foundingDate\":\"2018-01-14\",\"vatID\":\"FR71834470973\",\"taxID\":\"83447097300043\",\"numberOfEmployees\":{\"@type\":\"QuantitativeValue\",\"minValue\":\"1\",\"maxValue\":\"10\"}},{\"@type\":\"Person\",\"@id\":\"https:\/\/dicodusport.fr\/blog\/#\/schema\/person\/d603dd7da31fb2b46c82b9835a77ec13\",\"name\":\"Etienne Goursaud\",\"image\":{\"@type\":\"ImageObject\",\"inLanguage\":\"fr-FR\",\"@id\":\"https:\/\/dicodusport.fr\/blog\/#\/schema\/person\/image\/\",\"url\":\"https:\/\/dicodusport.fr\/blog\/wp-content\/uploads\/2023\/12\/410122264_10231602061736049_5565839791558026645_n-150x150.jpg\",\"contentUrl\":\"https:\/\/dicodusport.fr\/blog\/wp-content\/uploads\/2023\/12\/410122264_10231602061736049_5565839791558026645_n-150x150.jpg\",\"caption\":\"Etienne Goursaud\"},\"description\":\"Journaliste et amoureux de sport. Ancien footballeur reconverti athl\u00e8te quand ses muscles le laissent tranquille. \u00c9lev\u00e9 \u00e0 la sauce des exploits de Thomas Voeckler en 2004, du dernier essai de l\u00e9gende de Eunice Barber \u00e0 la longueur lors des championnats du monde d'athl\u00e9tisme de 2003 mais aussi Zidane, Omeyer et Titou Lamaison.\",\"url\":\"https:\/\/dicodusport.fr\/blog\/author\/etienne-goursaud\/\"}]}<\/script>\n<!-- \/ Yoast SEO Premium plugin. -->","yoast_head_json":{"title":"Meeting de Montreuil : Robert-Michon, Camacho-Quinn, Gressier, tous les r\u00e9sultats","description":"M\u00e9lina Robert-Michon, Just Kwaou-Mathey et Jimmy Gressier, ont r\u00e9alis\u00e9 les minima pour Budapest au Meeting de Montreuil 2023.","robots":{"index":"index","follow":"follow","max-snippet":"max-snippet:-1","max-image-preview":"max-image-preview:large","max-video-preview":"max-video-preview:-1"},"canonical":"https:\/\/dicodusport.fr\/blog\/meeting-de-montreuil-robert-michon-camacho-quinn-gressier-tous-les-resultats\/","og_locale":"fr_FR","og_type":"article","og_title":"Meeting de Montreuil : Robert-Michon, Camacho-Quinn, Gressier, tous les r\u00e9sultats","og_description":"M\u00e9lina Robert-Michon, Just Kwaou-Mathey et Jimmy Gressier, ont r\u00e9alis\u00e9 les minima pour Budapest au Meeting de Montreuil 2023.","og_url":"https:\/\/dicodusport.fr\/blog\/meeting-de-montreuil-robert-michon-camacho-quinn-gressier-tous-les-resultats\/","og_site_name":"Dicodusport","article_publisher":"https:\/\/www.facebook.com\/dicodusport","article_published_time":"2023-05-31T20:47:30+00:00","article_modified_time":"2023-06-01T06:23:13+00:00","og_image":[{"width":800,"height":445,"url":"https:\/\/dicodusport.fr\/blog\/wp-content\/uploads\/2023\/05\/Athle-Robert-Michon-Camacho-Quinn-Belocian-les-resultats-du-meeting-de-Montreuil.png","type":"image\/png"}],"author":"Etienne Goursaud","twitter_card":"summary_large_image","twitter_title":"Meeting de Montreuil : Robert-Michon, Camacho-Quinn, Gressier, tous les r\u00e9sultats","twitter_creator":"@dicodusport","twitter_site":"@dicodusport","schema":{"@context":"https:\/\/schema.org","@graph":[{"@type":"NewsArticle","@id":"https:\/\/dicodusport.fr\/blog\/meeting-de-montreuil-robert-michon-camacho-quinn-gressier-tous-les-resultats\/#article","isPartOf":{"@id":"https:\/\/dicodusport.fr\/blog\/meeting-de-montreuil-robert-michon-camacho-quinn-gressier-tous-les-resultats\/"},"author":{"name":"Etienne Goursaud","@id":"https:\/\/dicodusport.fr\/blog\/#\/schema\/person\/d603dd7da31fb2b46c82b9835a77ec13"},"headline":"Meeting de Montreuil : Robert-Michon, Camacho-Quinn, Gressier, tous les r\u00e9sultats","datePublished":"2023-05-31T20:47:30+00:00","dateModified":"2023-06-01T06:23:13+00:00","mainEntityOfPage":{"@id":"https:\/\/dicodusport.fr\/blog\/meeting-de-montreuil-robert-michon-camacho-quinn-gressier-tous-les-resultats\/"},"wordCount":904,"commentCount":3,"publisher":{"@id":"https:\/\/dicodusport.fr\/blog\/#organization"},"image":{"@id":"https:\/\/dicodusport.fr\/blog\/meeting-de-montreuil-robert-michon-camacho-quinn-gressier-tous-les-resultats\/#primaryimage"},"thumbnailUrl":"https:\/\/dicodusport.fr\/blog\/wp-content\/uploads\/2023\/05\/Athle-Robert-Michon-Camacho-Quinn-Belocian-les-resultats-du-meeting-de-Montreuil.png","keywords":["Athl\u00e9tisme","br\u00e8ve","Hugues Fabrice Zango","Jimmy Gressier","Just Kwaou-Mathey","M\u00e9lina Robert-Michon"],"articleSection":["Athl\u00e9tisme"],"inLanguage":"fr-FR","potentialAction":[{"@type":"CommentAction","name":"Comment","target":["https:\/\/dicodusport.fr\/blog\/meeting-de-montreuil-robert-michon-camacho-quinn-gressier-tous-les-resultats\/#respond"]}],"copyrightYear":"2023","copyrightHolder":{"@id":"https:\/\/dicodusport.fr\/blog\/#organization"}},{"@type":"WebPage","@id":"https:\/\/dicodusport.fr\/blog\/meeting-de-montreuil-robert-michon-camacho-quinn-gressier-tous-les-resultats\/","url":"https:\/\/dicodusport.fr\/blog\/meeting-de-montreuil-robert-michon-camacho-quinn-gressier-tous-les-resultats\/","name":"Meeting de Montreuil : Robert-Michon, Camacho-Quinn, Gressier, tous les r\u00e9sultats","isPartOf":{"@id":"https:\/\/dicodusport.fr\/blog\/#website"},"primaryImageOfPage":{"@id":"https:\/\/dicodusport.fr\/blog\/meeting-de-montreuil-robert-michon-camacho-quinn-gressier-tous-les-resultats\/#primaryimage"},"image":{"@id":"https:\/\/dicodusport.fr\/blog\/meeting-de-montreuil-robert-michon-camacho-quinn-gressier-tous-les-resultats\/#primaryimage"},"thumbnailUrl":"https:\/\/dicodusport.fr\/blog\/wp-content\/uploads\/2023\/05\/Athle-Robert-Michon-Camacho-Quinn-Belocian-les-resultats-du-meeting-de-Montreuil.png","datePublished":"2023-05-31T20:47:30+00:00","dateModified":"2023-06-01T06:23:13+00:00","description":"M\u00e9lina Robert-Michon, Just Kwaou-Mathey et Jimmy Gressier, ont r\u00e9alis\u00e9 les minima pour Budapest au Meeting de Montreuil 2023.","breadcrumb":{"@id":"https:\/\/dicodusport.fr\/blog\/meeting-de-montreuil-robert-michon-camacho-quinn-gressier-tous-les-resultats\/#breadcrumb"},"inLanguage":"fr-FR","potentialAction":[{"@type":"ReadAction","target":["https:\/\/dicodusport.fr\/blog\/meeting-de-montreuil-robert-michon-camacho-quinn-gressier-tous-les-resultats\/"]}]},{"@type":"ImageObject","inLanguage":"fr-FR","@id":"https:\/\/dicodusport.fr\/blog\/meeting-de-montreuil-robert-michon-camacho-quinn-gressier-tous-les-resultats\/#primaryimage","url":"https:\/\/dicodusport.fr\/blog\/wp-content\/uploads\/2023\/05\/Athle-Robert-Michon-Camacho-Quinn-Belocian-les-resultats-du-meeting-de-Montreuil.png","contentUrl":"https:\/\/dicodusport.fr\/blog\/wp-content\/uploads\/2023\/05\/Athle-Robert-Michon-Camacho-Quinn-Belocian-les-resultats-du-meeting-de-Montreuil.png","width":800,"height":445,"caption":"Athl\u00e9 - Robert-Michon, Camacho-Quinn, Belocian, les r\u00e9sultats du meeting de Montreuil"},{"@type":"BreadcrumbList","@id":"https:\/\/dicodusport.fr\/blog\/meeting-de-montreuil-robert-michon-camacho-quinn-gressier-tous-les-resultats\/#breadcrumb","itemListElement":[{"@type":"ListItem","position":1,"name":"Accueil","item":"https:\/\/dicodusport.fr\/blog\/"},{"@type":"ListItem","position":2,"name":"Meeting de Montreuil : Robert-Michon, Camacho-Quinn, Gressier, tous les r\u00e9sultats"}]},{"@type":"WebSite","@id":"https:\/\/dicodusport.fr\/blog\/#website","url":"https:\/\/dicodusport.fr\/blog\/","name":"Dicodusport","description":"L&#039;encyclop\u00e9die de l&#039;actualit\u00e9 sportive","publisher":{"@id":"https:\/\/dicodusport.fr\/blog\/#organization"},"potentialAction":[{"@type":"SearchAction","target":{"@type":"EntryPoint","urlTemplate":"https:\/\/dicodusport.fr\/blog\/?s={search_term_string}"},"query-input":{"@type":"PropertyValueSpecification","valueRequired":true,"valueName":"search_term_string"}}],"inLanguage":"fr-FR"},{"@type":"NewsMediaOrganization","@id":"https:\/\/dicodusport.fr\/blog\/#organization","name":"Dicodusport","url":"https:\/\/dicodusport.fr\/blog\/","logo":{"@type":"ImageObject","inLanguage":"fr-FR","@id":"https:\/\/dicodusport.fr\/blog\/#\/schema\/logo\/image\/","url":"https:\/\/dicodusport.fr\/blog\/wp-content\/uploads\/2020\/06\/cropped-LOGO-DICODUSPORT-2020-SANS-FOND-SANS-TEXTE.png","contentUrl":"https:\/\/dicodusport.fr\/blog\/wp-content\/uploads\/2020\/06\/cropped-LOGO-DICODUSPORT-2020-SANS-FOND-SANS-TEXTE.png","width":512,"height":512,"caption":"Dicodusport"},"image":{"@id":"https:\/\/dicodusport.fr\/blog\/#\/schema\/logo\/image\/"},"sameAs":["https:\/\/www.facebook.com\/dicodusport","https:\/\/x.com\/dicodusport","https:\/\/www.instagram.com\/dicodusport\/","https:\/\/www.youtube.com\/channel\/UC7V2KZ5sd3htJivAbA4ZG3w"],"description":"Dicodusport est l'encyclop\u00e9die de l'actualit\u00e9 sportive.","email":"bonjour@dicodusport.fr","legalName":"DICODUSPORT","foundingDate":"2018-01-14","vatID":"FR71834470973","taxID":"83447097300043","numberOfEmployees":{"@type":"QuantitativeValue","minValue":"1","maxValue":"10"}},{"@type":"Person","@id":"https:\/\/dicodusport.fr\/blog\/#\/schema\/person\/d603dd7da31fb2b46c82b9835a77ec13","name":"Etienne Goursaud","image":{"@type":"ImageObject","inLanguage":"fr-FR","@id":"https:\/\/dicodusport.fr\/blog\/#\/schema\/person\/image\/","url":"https:\/\/dicodusport.fr\/blog\/wp-content\/uploads\/2023\/12\/410122264_10231602061736049_5565839791558026645_n-150x150.jpg","contentUrl":"https:\/\/dicodusport.fr\/blog\/wp-content\/uploads\/2023\/12\/410122264_10231602061736049_5565839791558026645_n-150x150.jpg","caption":"Etienne Goursaud"},"description":"Journaliste et amoureux de sport. Ancien footballeur reconverti athl\u00e8te quand ses muscles le laissent tranquille. \u00c9lev\u00e9 \u00e0 la sauce des exploits de Thomas Voeckler en 2004, du dernier essai de l\u00e9gende de Eunice Barber \u00e0 la longueur lors des championnats du monde d'athl\u00e9tisme de 2003 mais aussi Zidane, Omeyer et Titou Lamaison.","url":"https:\/\/dicodusport.fr\/blog\/author\/etienne-goursaud\/"}]}},"_links":{"self":[{"href":"https:\/\/dicodusport.fr\/blog\/wp-json\/wp\/v2\/posts\/386989","targetHints":{"allow":["GET"]}}],"collection":[{"href":"https:\/\/dicodusport.fr\/blog\/wp-json\/wp\/v2\/posts"}],"about":[{"href":"https:\/\/dicodusport.fr\/blog\/wp-json\/wp\/v2\/types\/post"}],"author":[{"embeddable":true,"href":"https:\/\/dicodusport.fr\/blog\/wp-json\/wp\/v2\/users\/83"}],"replies":[{"embeddable":true,"href":"https:\/\/dicodusport.fr\/blog\/wp-json\/wp\/v2\/comments?post=386989"}],"version-history":[{"count":0,"href":"https:\/\/dicodusport.fr\/blog\/wp-json\/wp\/v2\/posts\/386989\/revisions"}],"wp:featuredmedia":[{"embeddable":true,"href":"https:\/\/dicodusport.fr\/blog\/wp-json\/wp\/v2\/media\/387013"}],"wp:attachment":[{"href":"https:\/\/dicodusport.fr\/blog\/wp-json\/wp\/v2\/media?parent=386989"}],"wp:term":[{"taxonomy":"category","embeddable":true,"href":"https:\/\/dicodusport.fr\/blog\/wp-json\/wp\/v2\/categories?post=386989"},{"taxonomy":"post_tag","embeddable":true,"href":"https:\/\/dicodusport.fr\/blog\/wp-json\/wp\/v2\/tags?post=386989"}],"curies":[{"name":"wp","href":"https:\/\/api.w.org\/{rel}","templated":true}]}}